{"id":393756,"date":"2026-09-05T09:55:36","date_gmt":"2026-09-05T07:55:36","guid":{"rendered":"https:\/\/cyclingpro.net\/spaziociclismo\/?p=393756"},"modified":"2026-09-05T09:55:36","modified_gmt":"2026-09-05T07:55:36","slug":"mondiali-montreal-2026-il-belgio-e-fatto-anche-thibau-nys-intorno-alle-grandi-stelle-remco-evenepoel-e-wout-van-aert","status":"publish","type":"post","link":"https:\/\/cyclingpro.net\/spaziociclismo\/montreal-2026\/mondiali-montreal-2026-il-belgio-e-fatto-anche-thibau-nys-intorno-alle-grandi-stelle-remco-evenepoel-e-wout-van-aert\/","title":{"rendered":"Mondiali Montr\u00e9al 2026, il Belgio \u00e8 fatto: anche Thibau Nys intorno alle grandi stelle Remco Evenepoel e Wout van Aert"},"content":{"rendered":"<p>Il Belgio sar\u00e0, inevitabilmente, una delle Nazionali pi\u00f9 attese ai <strong>Mondiali di Montr\u00e9al 2026<\/strong>. La (probabile) assenza di\u00a0<strong>Tadej Poga\u010dar,<\/strong> infortunatosi giusto una settimana fa alla <strong>Vuelta a Espa\u00f1a 2026<\/strong>, sposterebbe di molto la bilancia del pronostico dalle parti di <strong>Remco Evenepoel<\/strong> e <strong>Wout van Aert.<\/strong> Entrambi hanno in mente da tempo la prova in linea canadese, in programma domenica 27 settembre, e per tutti e due il percorso di avvicinamento al Mondiale sta procedendo bene, con il bi-campione olimpico di Parigi 2024 che sta mandando gi\u00f9 chilometri su chilometri in Alta Valtellina e il vincitore della Roubaix 2026 in grande spolvero alla Vuelta.<\/p>\n<p>Saranno loro due, quindi, i fari della Selezione diretta da <strong>Sven Vanthorenhout<\/strong>. Il Commissario tecnico ha inoltre sciolto gli ultimi dubbi, <a href=\"https:\/\/cyclingpro.net\/spaziociclismo\/montreal-2026\/mondiali-montreal-2026-oltre-ai-punti-fermi-evenepoel-e-van-aert-il-belgio-ha-tanti-problemi-niente-wellens-van-wilder-e-ora-neppure-uijtdebroeks-widar-no-nys-vediamo\/\" target=\"_blank\" rel=\"noopener\">derivanti dalle condizioni particolari in cui si sono trovati alcuni dei corridori<\/a> da lui tenuti in considerazione per la trasferta canadese. I posti per <strong>Tiesj Benoot<\/strong> (Decathlon CMA CGM), <strong>Alec Segaert<\/strong> (Bahrain Victorious) e <strong>Maxim Van Gils<\/strong> (Red Bull-Bora-hansgrohe) erano gi\u00e0 stabiliti, ma ora ci sono i nomi anche le ultime tre &#8220;caselle&#8221;.<\/p>\n<p>Si tratta di <strong>Gianni Vermeersch<\/strong> (Red Bull-Bora-hansgrohe), di <strong>Quinten Hermans<\/strong> (Pinarello-Q36.5) e, un po&#8217; a sorpresa, di <strong>Thibau Nys<\/strong> (Lidl-Trek). Quest&#8217;ultimo arriva da una stagione non esaltante, ma ha lanciato qualche segnale alla Vuelta, che sta tuttora affrontando, tanto da convincere Vanthorenhout a chiamarlo. Peraltro, un corridore con le caratteristiche di Nys, in caso di condizione buona, potrebbe rappresentare una carta molto importante da spendere su un percorso come quello di Montr\u00e9al 2026.<\/p>\n<p>Le scelte non sono ancora state ufficializzate, ma, stando a quel che riporta<a href=\"https:\/\/www.hln.be\/wielrennen\/thibau-nys-en-gianni-vermeersch-maken-wk-debuut~afa38bc5\/\" target=\"_blank\" rel=\"noopener\"><em> HLN<\/em>,<\/a> non ci saranno sorprese al momento delle convocazioni. Per quel che riguarda la cronometro, in azione ci saranno Evenepoel e Segaert, che far\u00e0 cos\u00ec un esordio mondiale &#8220;doppio&#8221;, per quel che riguarda la categoria \u00e9lite.<\/p>\n","protected":false},"excerpt":{"rendered":"<p>Il Ct Sven Vanthorenhout ha preso le ultime decisioni per #Montr\u00e9al2026. <\/p>\n","protected":false},"author":25,"featured_media":304072,"comment_status":"open","ping_status":"closed","sticky":false,"template":"","format":"standard","meta":{"footnotes":"","_members_access_role":[],"_members_access_error":""},"categories":[5356],"tags":[7124],"class_list":["post-393756","post","type-post","status-publish","format-standard","has-post-thumbnail","hentry","category-montreal-2026","tag-gp-de-montreal-2026"],"yoast_head":"<!-- This site is optimized with the Yoast SEO plugin v28.4 - https:\/\/yoast.com\/product\/yoast-seo-wordpress\/ -->\n<title>Mondiali Montr\u00e9al 2026, il Belgio \u00e8 fatto: anche Thibau Nys intorno alle grandi stelle Remco Evenepoel e Wout van Aert - SpazioCiclismo<\/title>\n<meta name=\"robots\" content=\"index, follow, max-snippet:-1, max-image-preview:large, max-video-preview:-1\" \/>\n<link rel=\"canonical\" href=\"https:\/\/cyclingpro.net\/spaziociclismo\/montreal-2026\/mondiali-montreal-2026-il-belgio-e-fatto-anche-thibau-nys-intorno-alle-grandi-stelle-remco-evenepoel-e-wout-van-aert\/\" \/>\n<meta property=\"og:locale\" content=\"it_IT\" \/>\n<meta property=\"og:type\" content=\"article\" \/>\n<meta property=\"og:title\" content=\"Mondiali Montr\u00e9al 2026, il Belgio \u00e8 fatto: anche Thibau Nys intorno alle grandi stelle Remco Evenepoel e Wout van Aert - SpazioCiclismo\" \/>\n<meta property=\"og:description\" content=\"Il Ct Sven Vanthorenhout ha preso le ultime decisioni per #Montr\u00e9al2026.\" \/>\n<meta property=\"og:url\" content=\"https:\/\/cyclingpro.net\/spaziociclismo\/montreal-2026\/mondiali-montreal-2026-il-belgio-e-fatto-anche-thibau-nys-intorno-alle-grandi-stelle-remco-evenepoel-e-wout-van-aert\/\" \/>\n<meta property=\"og:site_name\" content=\"SpazioCiclismo\" \/>\n<meta property=\"article:publisher\" content=\"https:\/\/www.facebook.com\/SpazioCiclismo\/\" \/>\n<meta property=\"article:published_time\" content=\"2026-09-05T07:55:36+00:00\" \/>\n<meta property=\"og:image\" content=\"https:\/\/cyclingpro.net\/spaziociclismo\/wp-content\/uploads\/2024\/08\/Van-Aert-Evenepoel-Parigi-2024.jpg\" \/>\n\t<meta property=\"og:image:width\" content=\"1200\" \/>\n\t<meta property=\"og:image:height\" content=\"800\" \/>\n\t<meta property=\"og:image:type\" content=\"image\/jpeg\" \/>\n<meta name=\"author\" content=\"Francesco Mitola\" \/>\n<meta name=\"twitter:card\" content=\"summary_large_image\" \/>\n<meta name=\"twitter:creator\" content=\"@spaziociclismo\" \/>\n<meta name=\"twitter:site\" content=\"@spaziociclismo\" \/>\n<meta name=\"twitter:label1\" content=\"Scritto da\" \/>\n\t<meta name=\"twitter:data1\" content=\"Francesco Mitola\" \/>\n\t<meta name=\"twitter:label2\" content=\"Tempo di lettura stimato\" \/>\n\t<meta name=\"twitter:data2\" content=\"2 minuti\" \/>\n<script type=\"application\/ld+json\" class=\"yoast-schema-graph\">{\"@context\":\"https:\\\/\\\/schema.org\",\"@graph\":[{\"@type\":\"Article\",\"@id\":\"https:\\\/\\\/cyclingpro.net\\\/spaziociclismo\\\/montreal-2026\\\/mondiali-montreal-2026-il-belgio-e-fatto-anche-thibau-nys-intorno-alle-grandi-stelle-remco-evenepoel-e-wout-van-aert\\\/#article\",\"isPartOf\":{\"@id\":\"https:\\\/\\\/cyclingpro.net\\\/spaziociclismo\\\/montreal-2026\\\/mondiali-montreal-2026-il-belgio-e-fatto-anche-thibau-nys-intorno-alle-grandi-stelle-remco-evenepoel-e-wout-van-aert\\\/\"},\"author\":{\"name\":\"Francesco Mitola\",\"@id\":\"https:\\\/\\\/cyclingpro.net\\\/spaziociclismo\\\/#\\\/schema\\\/person\\\/627dbc08c9712c25304b059bbb765de8\"},\"headline\":\"Mondiali Montr\u00e9al 2026, il Belgio \u00e8 fatto: anche Thibau Nys intorno alle grandi stelle Remco Evenepoel e Wout van Aert\",\"datePublished\":\"2026-09-05T07:55:36+00:00\",\"mainEntityOfPage\":{\"@id\":\"https:\\\/\\\/cyclingpro.net\\\/spaziociclismo\\\/montreal-2026\\\/mondiali-montreal-2026-il-belgio-e-fatto-anche-thibau-nys-intorno-alle-grandi-stelle-remco-evenepoel-e-wout-van-aert\\\/\"},\"wordCount\":318,\"commentCount\":0,\"publisher\":{\"@id\":\"https:\\\/\\\/cyclingpro.net\\\/spaziociclismo\\\/#organization\"},\"image\":{\"@id\":\"https:\\\/\\\/cyclingpro.net\\\/spaziociclismo\\\/montreal-2026\\\/mondiali-montreal-2026-il-belgio-e-fatto-anche-thibau-nys-intorno-alle-grandi-stelle-remco-evenepoel-e-wout-van-aert\\\/#primaryimage\"},\"thumbnailUrl\":\"https:\\\/\\\/cyclingpro.net\\\/spaziociclismo\\\/wp-content\\\/uploads\\\/2024\\\/08\\\/Van-Aert-Evenepoel-Parigi-2024.jpg\",\"keywords\":[\"GP de Montr\u00e9al 2026\"],\"articleSection\":[\"Montr\u00e9al 2026\"],\"inLanguage\":\"it-IT\",\"potentialAction\":[{\"@type\":\"CommentAction\",\"name\":\"Comment\",\"target\":[\"https:\\\/\\\/cyclingpro.net\\\/spaziociclismo\\\/montreal-2026\\\/mondiali-montreal-2026-il-belgio-e-fatto-anche-thibau-nys-intorno-alle-grandi-stelle-remco-evenepoel-e-wout-van-aert\\\/#respond\"]}]},{\"@type\":\"WebPage\",\"@id\":\"https:\\\/\\\/cyclingpro.net\\\/spaziociclismo\\\/montreal-2026\\\/mondiali-montreal-2026-il-belgio-e-fatto-anche-thibau-nys-intorno-alle-grandi-stelle-remco-evenepoel-e-wout-van-aert\\\/\",\"url\":\"https:\\\/\\\/cyclingpro.net\\\/spaziociclismo\\\/montreal-2026\\\/mondiali-montreal-2026-il-belgio-e-fatto-anche-thibau-nys-intorno-alle-grandi-stelle-remco-evenepoel-e-wout-van-aert\\\/\",\"name\":\"Mondiali Montr\u00e9al 2026, il Belgio \u00e8 fatto: anche Thibau Nys intorno alle grandi stelle Remco Evenepoel e Wout van Aert - SpazioCiclismo\",\"isPartOf\":{\"@id\":\"https:\\\/\\\/cyclingpro.net\\\/spaziociclismo\\\/#website\"},\"primaryImageOfPage\":{\"@id\":\"https:\\\/\\\/cyclingpro.net\\\/spaziociclismo\\\/montreal-2026\\\/mondiali-montreal-2026-il-belgio-e-fatto-anche-thibau-nys-intorno-alle-grandi-stelle-remco-evenepoel-e-wout-van-aert\\\/#primaryimage\"},\"image\":{\"@id\":\"https:\\\/\\\/cyclingpro.net\\\/spaziociclismo\\\/montreal-2026\\\/mondiali-montreal-2026-il-belgio-e-fatto-anche-thibau-nys-intorno-alle-grandi-stelle-remco-evenepoel-e-wout-van-aert\\\/#primaryimage\"},\"thumbnailUrl\":\"https:\\\/\\\/cyclingpro.net\\\/spaziociclismo\\\/wp-content\\\/uploads\\\/2024\\\/08\\\/Van-Aert-Evenepoel-Parigi-2024.jpg\",\"datePublished\":\"2026-09-05T07:55:36+00:00\",\"breadcrumb\":{\"@id\":\"https:\\\/\\\/cyclingpro.net\\\/spaziociclismo\\\/montreal-2026\\\/mondiali-montreal-2026-il-belgio-e-fatto-anche-thibau-nys-intorno-alle-grandi-stelle-remco-evenepoel-e-wout-van-aert\\\/#breadcrumb\"},\"inLanguage\":\"it-IT\",\"potentialAction\":[{\"@type\":\"ReadAction\",\"target\":[\"https:\\\/\\\/cyclingpro.net\\\/spaziociclismo\\\/montreal-2026\\\/mondiali-montreal-2026-il-belgio-e-fatto-anche-thibau-nys-intorno-alle-grandi-stelle-remco-evenepoel-e-wout-van-aert\\\/\"]}]},{\"@type\":\"ImageObject\",\"inLanguage\":\"it-IT\",\"@id\":\"https:\\\/\\\/cyclingpro.net\\\/spaziociclismo\\\/montreal-2026\\\/mondiali-montreal-2026-il-belgio-e-fatto-anche-thibau-nys-intorno-alle-grandi-stelle-remco-evenepoel-e-wout-van-aert\\\/#primaryimage\",\"url\":\"https:\\\/\\\/cyclingpro.net\\\/spaziociclismo\\\/wp-content\\\/uploads\\\/2024\\\/08\\\/Van-Aert-Evenepoel-Parigi-2024.jpg\",\"contentUrl\":\"https:\\\/\\\/cyclingpro.net\\\/spaziociclismo\\\/wp-content\\\/uploads\\\/2024\\\/08\\\/Van-Aert-Evenepoel-Parigi-2024.jpg\",\"width\":1200,\"height\":800,\"caption\":\"\u00a9 UCI\"},{\"@type\":\"BreadcrumbList\",\"@id\":\"https:\\\/\\\/cyclingpro.net\\\/spaziociclismo\\\/montreal-2026\\\/mondiali-montreal-2026-il-belgio-e-fatto-anche-thibau-nys-intorno-alle-grandi-stelle-remco-evenepoel-e-wout-van-aert\\\/#breadcrumb\",\"itemListElement\":[{\"@type\":\"ListItem\",\"position\":1,\"name\":\"Home\",\"item\":\"https:\\\/\\\/cyclingpro.net\\\/spaziociclismo\\\/\"},{\"@type\":\"ListItem\",\"position\":2,\"name\":\"Mondiali Montr\u00e9al 2026, il Belgio \u00e8 fatto: anche Thibau Nys intorno alle grandi stelle Remco Evenepoel e Wout van Aert\"}]},{\"@type\":\"WebSite\",\"@id\":\"https:\\\/\\\/cyclingpro.net\\\/spaziociclismo\\\/#website\",\"url\":\"https:\\\/\\\/cyclingpro.net\\\/spaziociclismo\\\/\",\"name\":\"SpazioCiclismo\",\"description\":\"Tutto il ciclismo minuto per minuto\",\"publisher\":{\"@id\":\"https:\\\/\\\/cyclingpro.net\\\/spaziociclismo\\\/#organization\"},\"potentialAction\":[{\"@type\":\"SearchAction\",\"target\":{\"@type\":\"EntryPoint\",\"urlTemplate\":\"https:\\\/\\\/cyclingpro.net\\\/spaziociclismo\\\/?s={search_term_string}\"},\"query-input\":{\"@type\":\"PropertyValueSpecification\",\"valueRequired\":true,\"valueName\":\"search_term_string\"}}],\"inLanguage\":\"it-IT\"},{\"@type\":\"Organization\",\"@id\":\"https:\\\/\\\/cyclingpro.net\\\/spaziociclismo\\\/#organization\",\"name\":\"SpazioCiclismo\",\"url\":\"https:\\\/\\\/cyclingpro.net\\\/spaziociclismo\\\/\",\"logo\":{\"@type\":\"ImageObject\",\"inLanguage\":\"it-IT\",\"@id\":\"https:\\\/\\\/cyclingpro.net\\\/spaziociclismo\\\/#\\\/schema\\\/logo\\\/image\\\/\",\"url\":\"https:\\\/\\\/cyclingpro.net\\\/spaziociclismo\\\/wp-content\\\/uploads\\\/2017\\\/02\\\/SpazioCiclismo-Logo-Quadrato.png\",\"contentUrl\":\"https:\\\/\\\/cyclingpro.net\\\/spaziociclismo\\\/wp-content\\\/uploads\\\/2017\\\/02\\\/SpazioCiclismo-Logo-Quadrato.png\",\"width\":450,\"height\":450,\"caption\":\"SpazioCiclismo\"},\"image\":{\"@id\":\"https:\\\/\\\/cyclingpro.net\\\/spaziociclismo\\\/#\\\/schema\\\/logo\\\/image\\\/\"},\"sameAs\":[\"https:\\\/\\\/www.facebook.com\\\/SpazioCiclismo\\\/\",\"https:\\\/\\\/x.com\\\/spaziociclismo\",\"https:\\\/\\\/www.instagram.com\\\/spaziociclismo\\\/\"]},{\"@type\":\"Person\",\"@id\":\"https:\\\/\\\/cyclingpro.net\\\/spaziociclismo\\\/#\\\/schema\\\/person\\\/627dbc08c9712c25304b059bbb765de8\",\"name\":\"Francesco Mitola\",\"image\":{\"@type\":\"ImageObject\",\"inLanguage\":\"it-IT\",\"@id\":\"https:\\\/\\\/secure.gravatar.com\\\/avatar\\\/dc58a640368550cd17129d2ff185eec5cb2821b7c3403fc06dcaca847ae762d3?s=96&d=mm&r=g\",\"url\":\"https:\\\/\\\/secure.gravatar.com\\\/avatar\\\/dc58a640368550cd17129d2ff185eec5cb2821b7c3403fc06dcaca847ae762d3?s=96&d=mm&r=g\",\"contentUrl\":\"https:\\\/\\\/secure.gravatar.com\\\/avatar\\\/dc58a640368550cd17129d2ff185eec5cb2821b7c3403fc06dcaca847ae762d3?s=96&d=mm&r=g\",\"caption\":\"Francesco Mitola\"},\"url\":\"https:\\\/\\\/cyclingpro.net\\\/spaziociclismo\\\/author\\\/fmitola\\\/\"}]}<\/script>\n<!-- \/ Yoast SEO plugin. -->","yoast_head_json":{"title":"Mondiali Montr\u00e9al 2026, il Belgio \u00e8 fatto: anche Thibau Nys intorno alle grandi stelle Remco Evenepoel e Wout van Aert - SpazioCiclismo","robots":{"index":"index","follow":"follow","max-snippet":"max-snippet:-1","max-image-preview":"max-image-preview:large","max-video-preview":"max-video-preview:-1"},"canonical":"https:\/\/cyclingpro.net\/spaziociclismo\/montreal-2026\/mondiali-montreal-2026-il-belgio-e-fatto-anche-thibau-nys-intorno-alle-grandi-stelle-remco-evenepoel-e-wout-van-aert\/","og_locale":"it_IT","og_type":"article","og_title":"Mondiali Montr\u00e9al 2026, il Belgio \u00e8 fatto: anche Thibau Nys intorno alle grandi stelle Remco Evenepoel e Wout van Aert - SpazioCiclismo","og_description":"Il Ct Sven Vanthorenhout ha preso le ultime decisioni per #Montr\u00e9al2026.","og_url":"https:\/\/cyclingpro.net\/spaziociclismo\/montreal-2026\/mondiali-montreal-2026-il-belgio-e-fatto-anche-thibau-nys-intorno-alle-grandi-stelle-remco-evenepoel-e-wout-van-aert\/","og_site_name":"SpazioCiclismo","article_publisher":"https:\/\/www.facebook.com\/SpazioCiclismo\/","article_published_time":"2026-09-05T07:55:36+00:00","og_image":[{"width":1200,"height":800,"url":"https:\/\/cyclingpro.net\/spaziociclismo\/wp-content\/uploads\/2024\/08\/Van-Aert-Evenepoel-Parigi-2024.jpg","type":"image\/jpeg"}],"author":"Francesco Mitola","twitter_card":"summary_large_image","twitter_creator":"@spaziociclismo","twitter_site":"@spaziociclismo","twitter_misc":{"Scritto da":"Francesco Mitola","Tempo di lettura stimato":"2 minuti"},"schema":{"@context":"https:\/\/schema.org","@graph":[{"@type":"Article","@id":"https:\/\/cyclingpro.net\/spaziociclismo\/montreal-2026\/mondiali-montreal-2026-il-belgio-e-fatto-anche-thibau-nys-intorno-alle-grandi-stelle-remco-evenepoel-e-wout-van-aert\/#article","isPartOf":{"@id":"https:\/\/cyclingpro.net\/spaziociclismo\/montreal-2026\/mondiali-montreal-2026-il-belgio-e-fatto-anche-thibau-nys-intorno-alle-grandi-stelle-remco-evenepoel-e-wout-van-aert\/"},"author":{"name":"Francesco Mitola","@id":"https:\/\/cyclingpro.net\/spaziociclismo\/#\/schema\/person\/627dbc08c9712c25304b059bbb765de8"},"headline":"Mondiali Montr\u00e9al 2026, il Belgio \u00e8 fatto: anche Thibau Nys intorno alle grandi stelle Remco Evenepoel e Wout van Aert","datePublished":"2026-09-05T07:55:36+00:00","mainEntityOfPage":{"@id":"https:\/\/cyclingpro.net\/spaziociclismo\/montreal-2026\/mondiali-montreal-2026-il-belgio-e-fatto-anche-thibau-nys-intorno-alle-grandi-stelle-remco-evenepoel-e-wout-van-aert\/"},"wordCount":318,"commentCount":0,"publisher":{"@id":"https:\/\/cyclingpro.net\/spaziociclismo\/#organization"},"image":{"@id":"https:\/\/cyclingpro.net\/spaziociclismo\/montreal-2026\/mondiali-montreal-2026-il-belgio-e-fatto-anche-thibau-nys-intorno-alle-grandi-stelle-remco-evenepoel-e-wout-van-aert\/#primaryimage"},"thumbnailUrl":"https:\/\/cyclingpro.net\/spaziociclismo\/wp-content\/uploads\/2024\/08\/Van-Aert-Evenepoel-Parigi-2024.jpg","keywords":["GP de Montr\u00e9al 2026"],"articleSection":["Montr\u00e9al 2026"],"inLanguage":"it-IT","potentialAction":[{"@type":"CommentAction","name":"Comment","target":["https:\/\/cyclingpro.net\/spaziociclismo\/montreal-2026\/mondiali-montreal-2026-il-belgio-e-fatto-anche-thibau-nys-intorno-alle-grandi-stelle-remco-evenepoel-e-wout-van-aert\/#respond"]}]},{"@type":"WebPage","@id":"https:\/\/cyclingpro.net\/spaziociclismo\/montreal-2026\/mondiali-montreal-2026-il-belgio-e-fatto-anche-thibau-nys-intorno-alle-grandi-stelle-remco-evenepoel-e-wout-van-aert\/","url":"https:\/\/cyclingpro.net\/spaziociclismo\/montreal-2026\/mondiali-montreal-2026-il-belgio-e-fatto-anche-thibau-nys-intorno-alle-grandi-stelle-remco-evenepoel-e-wout-van-aert\/","name":"Mondiali Montr\u00e9al 2026, il Belgio \u00e8 fatto: anche Thibau Nys intorno alle grandi stelle Remco Evenepoel e Wout van Aert - SpazioCiclismo","isPartOf":{"@id":"https:\/\/cyclingpro.net\/spaziociclismo\/#website"},"primaryImageOfPage":{"@id":"https:\/\/cyclingpro.net\/spaziociclismo\/montreal-2026\/mondiali-montreal-2026-il-belgio-e-fatto-anche-thibau-nys-intorno-alle-grandi-stelle-remco-evenepoel-e-wout-van-aert\/#primaryimage"},"image":{"@id":"https:\/\/cyclingpro.net\/spaziociclismo\/montreal-2026\/mondiali-montreal-2026-il-belgio-e-fatto-anche-thibau-nys-intorno-alle-grandi-stelle-remco-evenepoel-e-wout-van-aert\/#primaryimage"},"thumbnailUrl":"https:\/\/cyclingpro.net\/spaziociclismo\/wp-content\/uploads\/2024\/08\/Van-Aert-Evenepoel-Parigi-2024.jpg","datePublished":"2026-09-05T07:55:36+00:00","breadcrumb":{"@id":"https:\/\/cyclingpro.net\/spaziociclismo\/montreal-2026\/mondiali-montreal-2026-il-belgio-e-fatto-anche-thibau-nys-intorno-alle-grandi-stelle-remco-evenepoel-e-wout-van-aert\/#breadcrumb"},"inLanguage":"it-IT","potentialAction":[{"@type":"ReadAction","target":["https:\/\/cyclingpro.net\/spaziociclismo\/montreal-2026\/mondiali-montreal-2026-il-belgio-e-fatto-anche-thibau-nys-intorno-alle-grandi-stelle-remco-evenepoel-e-wout-van-aert\/"]}]},{"@type":"ImageObject","inLanguage":"it-IT","@id":"https:\/\/cyclingpro.net\/spaziociclismo\/montreal-2026\/mondiali-montreal-2026-il-belgio-e-fatto-anche-thibau-nys-intorno-alle-grandi-stelle-remco-evenepoel-e-wout-van-aert\/#primaryimage","url":"https:\/\/cyclingpro.net\/spaziociclismo\/wp-content\/uploads\/2024\/08\/Van-Aert-Evenepoel-Parigi-2024.jpg","contentUrl":"https:\/\/cyclingpro.net\/spaziociclismo\/wp-content\/uploads\/2024\/08\/Van-Aert-Evenepoel-Parigi-2024.jpg","width":1200,"height":800,"caption":"\u00a9 UCI"},{"@type":"BreadcrumbList","@id":"https:\/\/cyclingpro.net\/spaziociclismo\/montreal-2026\/mondiali-montreal-2026-il-belgio-e-fatto-anche-thibau-nys-intorno-alle-grandi-stelle-remco-evenepoel-e-wout-van-aert\/#breadcrumb","itemListElement":[{"@type":"ListItem","position":1,"name":"Home","item":"https:\/\/cyclingpro.net\/spaziociclismo\/"},{"@type":"ListItem","position":2,"name":"Mondiali Montr\u00e9al 2026, il Belgio \u00e8 fatto: anche Thibau Nys intorno alle grandi stelle Remco Evenepoel e Wout van Aert"}]},{"@type":"WebSite","@id":"https:\/\/cyclingpro.net\/spaziociclismo\/#website","url":"https:\/\/cyclingpro.net\/spaziociclismo\/","name":"SpazioCiclismo","description":"Tutto il ciclismo minuto per minuto","publisher":{"@id":"https:\/\/cyclingpro.net\/spaziociclismo\/#organization"},"potentialAction":[{"@type":"SearchAction","target":{"@type":"EntryPoint","urlTemplate":"https:\/\/cyclingpro.net\/spaziociclismo\/?s={search_term_string}"},"query-input":{"@type":"PropertyValueSpecification","valueRequired":true,"valueName":"search_term_string"}}],"inLanguage":"it-IT"},{"@type":"Organization","@id":"https:\/\/cyclingpro.net\/spaziociclismo\/#organization","name":"SpazioCiclismo","url":"https:\/\/cyclingpro.net\/spaziociclismo\/","logo":{"@type":"ImageObject","inLanguage":"it-IT","@id":"https:\/\/cyclingpro.net\/spaziociclismo\/#\/schema\/logo\/image\/","url":"https:\/\/cyclingpro.net\/spaziociclismo\/wp-content\/uploads\/2017\/02\/SpazioCiclismo-Logo-Quadrato.png","contentUrl":"https:\/\/cyclingpro.net\/spaziociclismo\/wp-content\/uploads\/2017\/02\/SpazioCiclismo-Logo-Quadrato.png","width":450,"height":450,"caption":"SpazioCiclismo"},"image":{"@id":"https:\/\/cyclingpro.net\/spaziociclismo\/#\/schema\/logo\/image\/"},"sameAs":["https:\/\/www.facebook.com\/SpazioCiclismo\/","https:\/\/x.com\/spaziociclismo","https:\/\/www.instagram.com\/spaziociclismo\/"]},{"@type":"Person","@id":"https:\/\/cyclingpro.net\/spaziociclismo\/#\/schema\/person\/627dbc08c9712c25304b059bbb765de8","name":"Francesco Mitola","image":{"@type":"ImageObject","inLanguage":"it-IT","@id":"https:\/\/secure.gravatar.com\/avatar\/dc58a640368550cd17129d2ff185eec5cb2821b7c3403fc06dcaca847ae762d3?s=96&d=mm&r=g","url":"https:\/\/secure.gravatar.com\/avatar\/dc58a640368550cd17129d2ff185eec5cb2821b7c3403fc06dcaca847ae762d3?s=96&d=mm&r=g","contentUrl":"https:\/\/secure.gravatar.com\/avatar\/dc58a640368550cd17129d2ff185eec5cb2821b7c3403fc06dcaca847ae762d3?s=96&d=mm&r=g","caption":"Francesco Mitola"},"url":"https:\/\/cyclingpro.net\/spaziociclismo\/author\/fmitola\/"}]}},"_links":{"self":[{"href":"https:\/\/cyclingpro.net\/spaziociclismo\/wp-json\/wp\/v2\/posts\/393756","targetHints":{"allow":["GET"]}}],"collection":[{"href":"https:\/\/cyclingpro.net\/spaziociclismo\/wp-json\/wp\/v2\/posts"}],"about":[{"href":"https:\/\/cyclingpro.net\/spaziociclismo\/wp-json\/wp\/v2\/types\/post"}],"author":[{"embeddable":true,"href":"https:\/\/cyclingpro.net\/spaziociclismo\/wp-json\/wp\/v2\/users\/25"}],"replies":[{"embeddable":true,"href":"https:\/\/cyclingpro.net\/spaziociclismo\/wp-json\/wp\/v2\/comments?post=393756"}],"version-history":[{"count":1,"href":"https:\/\/cyclingpro.net\/spaziociclismo\/wp-json\/wp\/v2\/posts\/393756\/revisions"}],"predecessor-version":[{"id":393758,"href":"https:\/\/cyclingpro.net\/spaziociclismo\/wp-json\/wp\/v2\/posts\/393756\/revisions\/393758"}],"wp:featuredmedia":[{"embeddable":true,"href":"https:\/\/cyclingpro.net\/spaziociclismo\/wp-json\/wp\/v2\/media\/304072"}],"wp:attachment":[{"href":"https:\/\/cyclingpro.net\/spaziociclismo\/wp-json\/wp\/v2\/media?parent=393756"}],"wp:term":[{"taxonomy":"category","embeddable":true,"href":"https:\/\/cyclingpro.net\/spaziociclismo\/wp-json\/wp\/v2\/categories?post=393756"},{"taxonomy":"post_tag","embeddable":true,"href":"https:\/\/cyclingpro.net\/spaziociclismo\/wp-json\/wp\/v2\/tags?post=393756"}],"curies":[{"name":"wp","href":"https:\/\/api.w.org\/{rel}","templated":true}]}}