{"id":393741,"date":"2026-09-05T08:57:18","date_gmt":"2026-09-05T06:57:18","guid":{"rendered":"https:\/\/cyclingpro.net\/spaziociclismo\/?p=393741"},"modified":"2026-09-05T09:00:31","modified_gmt":"2026-09-05T07:00:31","slug":"spazio-agenda-il-programma-di-sabato-5-settembre-giornatona-montagna-alla-vuelta-strappi-al-britain-volata-allo-zlm-insidie-a-istanbul-vento-per-le-donne-in-bretagna-e-anche-le-convocazioni-azz","status":"publish","type":"post","link":"https:\/\/cyclingpro.net\/spaziociclismo\/calendario\/spazio-agenda-il-programma-di-sabato-5-settembre-giornatona-montagna-alla-vuelta-strappi-al-britain-volata-allo-zlm-insidie-a-istanbul-vento-per-le-donne-in-bretagna-e-anche-le-convocazioni-azz\/","title":{"rendered":"Spazio Agenda, il programma di sabato 5 settembre: giornatona! Montagna alla Vuelta, strappi al Britain, volata allo ZLM, insidie a Istanbul, vento per le donne in Bretagna e anche le convocazioni azzurre per Montr\u00e9al 2026"},"content":{"rendered":"<p>Si entra nel primo fine settimana di settembre e il calendario professionistico internazionale si fa notevolmente intenso. La giornata di <strong>sabato 5 settembre<\/strong> sar\u00e0 infatti scandito da una lunga serie di appuntamenti, per tutti i gusti. La <strong>Vuelta a Espa\u00f1a 2026<\/strong> dovr\u00e0 fare i conti con un percorso molto esigente e con un caldo anormale, mentre le altre corse a tappe in fase di svolgimento in questi giorni vivranno frazioni sicuramente importanti per le rispettive classifiche. Inoltre, tornano in azione le donne con una prova di un giorno in Bretagna e ci sar\u00e0 da tenere d&#8217;occhio anche un appuntamento &#8220;fuori-sella&#8221; sulla scena italiana.<\/p>\n<p><a href=\"https:\/\/cyclingpro.net\/spaziociclismo\/calendario\/calendario-e-orario-corse-della-settimana-31-agosto-6-settembre-2\/\" target=\"_blank\" rel=\"noopener\">Qui gli orari delle corse\u00a0<\/a><br \/>\n<a href=\"https:\/\/cyclingpro.net\/spaziociclismo\/calendario\/ciclismo-in-tv-e-streaming-gli-orari-della-settimana-31-agosto-6-settembre\/\" target=\"_blank\" rel=\"noopener\">Qui la programmazione TV \/ Streaming<\/a><\/p>\n<h3>Vuelta a Espa\u00f1a 2026<\/h3>\n<p><a href=\"https:\/\/cyclingpro.net\/spaziociclismo\/startlist\/startlist-vuelta-a-espana-2026-elenco-partecipanti\/\">Qui la Startlist<\/a>\u00a0\\ <a href=\"https:\/\/cyclingpro.net\/spaziociclismo\/vuelta-2026\/percorso-vuelta-a-espana-2026-tutte-le-tappe-altimetrie-e-planimetrie\/\" target=\"_blank\" rel=\"noopener\">Qui Altimetria e Planimetria <\/a>\\ <a href=\"https:\/\/cyclingpro.net\/spaziociclismo\/sintesi-gare\/vuelta-a-espana-2026-finalmente-wout-van-aert-successo-a-loja-su-valentin-paret-peintre-5-vincenzo-albanese-10-filippo-zana\/\" target=\"_blank\" rel=\"noopener\">Qui l&#8217;esito della Tappa 13<\/a><br \/>\n<strong>Tappa 14: Ja\u00e9n &#8211; Sierra de la Pandera (154,3 km &#8211; montagna)\u00a0<\/strong><br \/>\nSi sale, e parecchio, sulle strade della Vuelta, dove i corridori andranno ad affrontare in particolare una delle salite pi\u00f9 dure di tutto il percorso. La frazione prevede pi\u00f9 di 4300 metri di dislivello positivo e sar\u00e0 caratterizzata soprattutto dall&#8217;arrivo a Sierra de la Pandera, che sar\u00e0 raggiunto al termine di una ascesa da 12 chilometri, con pendenza media del 7,2 per cento e varie punte oltre il 15 per cento. <strong>Enric Mas<\/strong> (Movistar) sar\u00e0 chiamato alla gestione della corsa e, se le gambe glielo permetteranno, ad aumentare il suo vantaggio in classifica sugli altri pretendenti alla vittoria finale. Probabile comunque che ci sia &#8220;corsa nella corsa&#8221;, con qualche fuggitivo in grado di precedere gli uomini di classifica al traguardo. Attenzione, inoltre, al caldo fuori scala che sta attanagliando la zona centrare della Spagna in cui si corre.<\/p>\n<h3>Tour of Britain 2026<\/h3>\n<p><a href=\"https:\/\/cyclingpro.net\/spaziociclismo\/startlist\/tour-of-britain-2026-la-startlist\/\" target=\"_blank\" rel=\"noopener\">Qui la Startlist<\/a>\u00a0\\ <a href=\"https:\/\/cyclingpro.net\/spaziociclismo\/percorsi\/tour-of-britain-2026-il-percorso\/\" target=\"_blank\" rel=\"noopener\">Qui Altimetria e Planimetria\u00a0<\/a> \\ <a href=\"https:\/\/cyclingpro.net\/spaziociclismo\/sintesi-gare\/tour-of-britain-2026-olav-kooij-si-prende-la-rivincita-su-tim-merlier\/\" target=\"_blank\" rel=\"noopener\">Qui l&#8217;esito della Tappa 3<\/a><br \/>\n<strong>Tappa 4: Helmsley &#8211; Leyburn (170,3 km &#8211; pianeggiante)<br \/>\n<\/strong>\u00c8 probabilmente la tappa decisiva per le sorti della classifica generale della gara britannica, di categoria UCI 2.Pro. Si pedala sulle strade dello Yorkshire, dove non ci sono grandi salite, ma, nel contempo, c&#8217;\u00e8 anche ben poca pianura, tanto che il contatore del dislivello positivo di giornata arriva a 2839 metri. <strong>Lewis Askey<\/strong> (NSN) avr\u00e0 quindi il suo bel daffare nel difendere il primato in classifica generale dai probabili assalti dei corridori da Classiche che lo incalzano in classifica, fra cui <strong>Tim Wellens<\/strong> (UAE Emirates XRG) e <strong>Matteo Trentin<\/strong> (Tudor). Nel mazzo dei pretendenti c&#8217;\u00e8 anche <strong>Filippo Ganna<\/strong> (Netcompany Ineos), che ha dimostrato di avere una buona condizione nelle prime giornate di questa corsa.<\/p>\n<h3>ZLM Tour 2026<\/h3>\n<p><a href=\"https:\/\/cyclingpro.net\/spaziociclismo\/startlist\/zlm-tour-2026-la-startlist\/\" target=\"_blank\" rel=\"noopener\">Qui la Startlist<\/a>\u00a0\\ <a href=\"https:\/\/cyclingpro.net\/spaziociclismo\/presentazione-corse\/presentazione-percorso-e-borsino-favoriti-zlm-tour-2026\/\" target=\"_blank\" rel=\"noopener\">Qui Altimetria e Planimetria<\/a> \\ <a href=\"https:\/\/cyclingpro.net\/spaziociclismo\/sintesi-gare\/zlm-tour-2026-max-walscheid-si-prende-la-terza-tappa-in-volata-secondo-magagnotti-vacek-resta-leader\/\" target=\"_blank\" rel=\"noopener\">Qui l&#8217;esito della Tappa 3<\/a><br \/>\n<strong>Tappa 4: Schijndel &#8211; Schijndel (210,2 km &#8211; pianeggiante)<\/strong><br \/>\nIl tema, per la corsa neerlandese, non cambia: percorso liscio come un tavolo da biliardo, ma attenzione al vento che potrebbe sferzare le strade da percorrere, anche se questa volta lo scenario di gara \u00e8 un po&#8217; pi\u00f9 lontano dal mare rispetto ai giorni scorsi. Finora la corsa, di categoria UCI 2.1, \u00e8 stata dominata dalla Lidl-Trek, che ha vinto due tappe con <strong>Mathias Vacek<\/strong> (che \u00e8 anche in testa alla generale) e una con <strong>Max Walscheid<\/strong>: da vedere quindi se ci sar\u00e0 qualche squadra in grado di cambiare le carte in tavola, provando magari qualche mossa a sorpresa nel finale. Volata probabile, quindi, ma non scontata.<\/p>\n<h3>Tour of Istanbul 2026<\/h3>\n<p><a href=\"https:\/\/cyclingpro.net\/spaziociclismo\/startlist\/tour-of-istanbul-2026-la-startlist\/\" target=\"_blank\" rel=\"noopener\">Qui la Startlist<\/a>\u00a0\\ <a href=\"https:\/\/cyclingpro.net\/spaziociclismo\/percorsi\/tour-of-istanbul-2026-il-percorso\/\" target=\"_blank\" rel=\"noopener\">Qui Altimetria e Planimetria<\/a> \\ <a href=\"https:\/\/cyclingpro.net\/spaziociclismo\/sintesi-gare\/tour-of-istanbul-2026-tripletta-azzurra-giovanni-lonardi-trionfa-su-michele-gazzoli-e-matteo-regnanti\/\" target=\"_blank\" rel=\"noopener\">Qui l&#8217;esito della Tappa 2<\/a><br \/>\n<strong>Tappa 3: Fatih &#8211; Fatih (86,2 km &#8211; nervosa)<\/strong><br \/>\nFrazione breve, ma abbastanza movimentata, tanto da far pensare che possa essere &#8211; anche qui &#8211; una giornata molto importante in chiave classifica generale. Il percorso consta di un circuito di poco pi\u00f9 di 14 chilometri, da ripetere per 6 volte, al cui interno \u00e8 presente uno strappetto breve, ma con pendenze non trascurabili. C&#8217;\u00e8 quindi la possibilit\u00e0 di qualche attacco che possa scompaginare anche la graduatoria generale, al momento guidata dal francese Baptiste Vadic (TotalEnergies). I distacchi sono comunque minimi e ci sono ancora tanti corridori, fra cui diversi italiani, che potranno dire la loro, considerando anche la cronometro di domani con cui si concluder\u00e0 la gara.<\/p>\n<h3>Tout commence en Finist\u00e8re Ladies Classic 2026<\/h3>\n<p><strong>Pouldreuzic &#8211; Plouhinec (94 km &#8211; nervosa)<\/strong><br \/>\nDopo diversi giorni di calendario vuoto tornano in azione le donne, sulle strade della Bretagna. La prova, di categoria UCI 1.1, si snoder\u00e0 principalmente sulla costa atlantica francese e rappresenta una bella occasione per attaccanti e per corridoresse in grado di fare la differenza su percorsi nervosi e battuti dal vento. Fra le partenti anche la campionessa italiana <strong>Elisa Longo Borghini<\/strong> (UAE Team L&#8217;Imad), da tenere sicuramente d&#8217;occhio insieme alla compagna di colori <strong>Paula Blasi,<\/strong> oltre ad <strong>Arianna Fidanza<\/strong> (Laboral Kutxa-Euskadi).<\/p>\n<h3>Montr\u00e9al 2026, le scelte dell&#8217;Italia<\/h3>\n<p>Non \u00e8 una corsa, ma \u00e8 sicuramente un momento importante. Oggi &#8211; alle 19 &#8211; la FederCiclismo proceder\u00e0 a diramare le convocazioni per i <strong>Mondiali di Montr\u00e9al 2026<\/strong>, in programma fra il 20 e il 27 settembre in Canada. C&#8217;\u00e8 grande attesa a tutti i livelli e, ovviamente, in particolare per le decisioni che verranno prese a livello \u00e9lite, dove le squadre azzurre proveranno ad andare a caccia di risultati storici.<\/p>\n","protected":false},"excerpt":{"rendered":"<p>Tappa dura a #LaVuelta, momenti importanti per #TourofBritain, #ZLMTour, #TourofIstanbul, spazio per la #Finist\u00e8reLadiesClassic e anche per le scelte italiane in vista di #Montr\u00e9al2026. <\/p>\n","protected":false},"author":25,"featured_media":393674,"comment_status":"open","ping_status":"closed","sticky":false,"template":"","format":"standard","meta":{"footnotes":"","_members_access_role":[],"_members_access_error":""},"categories":[2044],"tags":[7110,7221,7236,5752,7215],"class_list":["post-393741","post","type-post","status-publish","format-standard","has-post-thumbnail","hentry","category-calendario","tag-tour-of-britain-2026","tag-tour-of-istanbul-2026","tag-tout-commence-en-finistere-ladies-classic-2026","tag-vuelta-a-espana-2026","tag-zlm-tour-2026"],"yoast_head":"<!-- This site is optimized with the Yoast SEO plugin v28.4 - https:\/\/yoast.com\/product\/yoast-seo-wordpress\/ -->\n<title>Spazio Agenda, il programma di sabato 5 settembre: giornatona! Montagna alla Vuelta, strappi al Britain, volata allo ZLM, insidie a Istanbul, vento per le donne in Bretagna e anche le convocazioni azzurre per Montr\u00e9al 2026 - SpazioCiclismo<\/title>\n<meta name=\"robots\" content=\"index, follow, max-snippet:-1, max-image-preview:large, max-video-preview:-1\" \/>\n<link rel=\"canonical\" href=\"https:\/\/cyclingpro.net\/spaziociclismo\/calendario\/spazio-agenda-il-programma-di-sabato-5-settembre-giornatona-montagna-alla-vuelta-strappi-al-britain-volata-allo-zlm-insidie-a-istanbul-vento-per-le-donne-in-bretagna-e-anche-le-convocazioni-azz\/\" \/>\n<meta property=\"og:locale\" content=\"it_IT\" \/>\n<meta property=\"og:type\" content=\"article\" \/>\n<meta property=\"og:title\" content=\"Spazio Agenda, il programma di sabato 5 settembre: giornatona! Montagna alla Vuelta, strappi al Britain, volata allo ZLM, insidie a Istanbul, vento per le donne in Bretagna e anche le convocazioni azzurre per Montr\u00e9al 2026 - SpazioCiclismo\" \/>\n<meta property=\"og:description\" content=\"Tappa dura a #LaVuelta, momenti importanti per #TourofBritain, #ZLMTour, #TourofIstanbul, spazio per la #Finist\u00e8reLadiesClassic e anche per le scelte italiane in vista di #Montr\u00e9al2026.\" \/>\n<meta property=\"og:url\" content=\"https:\/\/cyclingpro.net\/spaziociclismo\/calendario\/spazio-agenda-il-programma-di-sabato-5-settembre-giornatona-montagna-alla-vuelta-strappi-al-britain-volata-allo-zlm-insidie-a-istanbul-vento-per-le-donne-in-bretagna-e-anche-le-convocazioni-azz\/\" \/>\n<meta property=\"og:site_name\" content=\"SpazioCiclismo\" \/>\n<meta property=\"article:publisher\" content=\"https:\/\/www.facebook.com\/SpazioCiclismo\/\" \/>\n<meta property=\"article:published_time\" content=\"2026-09-05T06:57:18+00:00\" \/>\n<meta property=\"article:modified_time\" content=\"2026-09-05T07:00:31+00:00\" \/>\n<meta property=\"og:image\" content=\"https:\/\/cyclingpro.net\/spaziociclismo\/wp-content\/uploads\/2026\/09\/Giovanni-Lonardi-Tappa-2-Tour-of-Istanbul-2026.jpg\" \/>\n\t<meta property=\"og:image:width\" content=\"1200\" \/>\n\t<meta property=\"og:image:height\" content=\"800\" \/>\n\t<meta property=\"og:image:type\" content=\"image\/jpeg\" \/>\n<meta name=\"author\" content=\"Francesco Mitola\" \/>\n<meta name=\"twitter:card\" content=\"summary_large_image\" \/>\n<meta name=\"twitter:creator\" content=\"@spaziociclismo\" \/>\n<meta name=\"twitter:site\" content=\"@spaziociclismo\" \/>\n<meta name=\"twitter:label1\" content=\"Scritto da\" \/>\n\t<meta name=\"twitter:data1\" content=\"Francesco Mitola\" \/>\n\t<meta name=\"twitter:label2\" content=\"Tempo di lettura stimato\" \/>\n\t<meta name=\"twitter:data2\" content=\"5 minuti\" \/>\n<script type=\"application\/ld+json\" class=\"yoast-schema-graph\">{\"@context\":\"https:\\\/\\\/schema.org\",\"@graph\":[{\"@type\":\"Article\",\"@id\":\"https:\\\/\\\/cyclingpro.net\\\/spaziociclismo\\\/calendario\\\/spazio-agenda-il-programma-di-sabato-5-settembre-giornatona-montagna-alla-vuelta-strappi-al-britain-volata-allo-zlm-insidie-a-istanbul-vento-per-le-donne-in-bretagna-e-anche-le-convocazioni-azz\\\/#article\",\"isPartOf\":{\"@id\":\"https:\\\/\\\/cyclingpro.net\\\/spaziociclismo\\\/calendario\\\/spazio-agenda-il-programma-di-sabato-5-settembre-giornatona-montagna-alla-vuelta-strappi-al-britain-volata-allo-zlm-insidie-a-istanbul-vento-per-le-donne-in-bretagna-e-anche-le-convocazioni-azz\\\/\"},\"author\":{\"name\":\"Francesco Mitola\",\"@id\":\"https:\\\/\\\/cyclingpro.net\\\/spaziociclismo\\\/#\\\/schema\\\/person\\\/627dbc08c9712c25304b059bbb765de8\"},\"headline\":\"Spazio Agenda, il programma di sabato 5 settembre: giornatona! Montagna alla Vuelta, strappi al Britain, volata allo ZLM, insidie a Istanbul, vento per le donne in Bretagna e anche le convocazioni azzurre per Montr\u00e9al 2026\",\"datePublished\":\"2026-09-05T06:57:18+00:00\",\"dateModified\":\"2026-09-05T07:00:31+00:00\",\"mainEntityOfPage\":{\"@id\":\"https:\\\/\\\/cyclingpro.net\\\/spaziociclismo\\\/calendario\\\/spazio-agenda-il-programma-di-sabato-5-settembre-giornatona-montagna-alla-vuelta-strappi-al-britain-volata-allo-zlm-insidie-a-istanbul-vento-per-le-donne-in-bretagna-e-anche-le-convocazioni-azz\\\/\"},\"wordCount\":861,\"commentCount\":0,\"publisher\":{\"@id\":\"https:\\\/\\\/cyclingpro.net\\\/spaziociclismo\\\/#organization\"},\"image\":{\"@id\":\"https:\\\/\\\/cyclingpro.net\\\/spaziociclismo\\\/calendario\\\/spazio-agenda-il-programma-di-sabato-5-settembre-giornatona-montagna-alla-vuelta-strappi-al-britain-volata-allo-zlm-insidie-a-istanbul-vento-per-le-donne-in-bretagna-e-anche-le-convocazioni-azz\\\/#primaryimage\"},\"thumbnailUrl\":\"https:\\\/\\\/cyclingpro.net\\\/spaziociclismo\\\/wp-content\\\/uploads\\\/2026\\\/09\\\/Giovanni-Lonardi-Tappa-2-Tour-of-Istanbul-2026.jpg\",\"keywords\":[\"Tour of Britain 2026\",\"Tour of Istanbul 2026\",\"Tout commence en Finist\u00e8re Ladies Classic 2026\",\"Vuelta a Espa\u00f1a 2026\",\"ZLM Tour 2026\"],\"articleSection\":[\"Calendario\"],\"inLanguage\":\"it-IT\",\"potentialAction\":[{\"@type\":\"CommentAction\",\"name\":\"Comment\",\"target\":[\"https:\\\/\\\/cyclingpro.net\\\/spaziociclismo\\\/calendario\\\/spazio-agenda-il-programma-di-sabato-5-settembre-giornatona-montagna-alla-vuelta-strappi-al-britain-volata-allo-zlm-insidie-a-istanbul-vento-per-le-donne-in-bretagna-e-anche-le-convocazioni-azz\\\/#respond\"]}]},{\"@type\":\"WebPage\",\"@id\":\"https:\\\/\\\/cyclingpro.net\\\/spaziociclismo\\\/calendario\\\/spazio-agenda-il-programma-di-sabato-5-settembre-giornatona-montagna-alla-vuelta-strappi-al-britain-volata-allo-zlm-insidie-a-istanbul-vento-per-le-donne-in-bretagna-e-anche-le-convocazioni-azz\\\/\",\"url\":\"https:\\\/\\\/cyclingpro.net\\\/spaziociclismo\\\/calendario\\\/spazio-agenda-il-programma-di-sabato-5-settembre-giornatona-montagna-alla-vuelta-strappi-al-britain-volata-allo-zlm-insidie-a-istanbul-vento-per-le-donne-in-bretagna-e-anche-le-convocazioni-azz\\\/\",\"name\":\"Spazio Agenda, il programma di sabato 5 settembre: giornatona! Montagna alla Vuelta, strappi al Britain, volata allo ZLM, insidie a Istanbul, vento per le donne in Bretagna e anche le convocazioni azzurre per Montr\u00e9al 2026 - SpazioCiclismo\",\"isPartOf\":{\"@id\":\"https:\\\/\\\/cyclingpro.net\\\/spaziociclismo\\\/#website\"},\"primaryImageOfPage\":{\"@id\":\"https:\\\/\\\/cyclingpro.net\\\/spaziociclismo\\\/calendario\\\/spazio-agenda-il-programma-di-sabato-5-settembre-giornatona-montagna-alla-vuelta-strappi-al-britain-volata-allo-zlm-insidie-a-istanbul-vento-per-le-donne-in-bretagna-e-anche-le-convocazioni-azz\\\/#primaryimage\"},\"image\":{\"@id\":\"https:\\\/\\\/cyclingpro.net\\\/spaziociclismo\\\/calendario\\\/spazio-agenda-il-programma-di-sabato-5-settembre-giornatona-montagna-alla-vuelta-strappi-al-britain-volata-allo-zlm-insidie-a-istanbul-vento-per-le-donne-in-bretagna-e-anche-le-convocazioni-azz\\\/#primaryimage\"},\"thumbnailUrl\":\"https:\\\/\\\/cyclingpro.net\\\/spaziociclismo\\\/wp-content\\\/uploads\\\/2026\\\/09\\\/Giovanni-Lonardi-Tappa-2-Tour-of-Istanbul-2026.jpg\",\"datePublished\":\"2026-09-05T06:57:18+00:00\",\"dateModified\":\"2026-09-05T07:00:31+00:00\",\"breadcrumb\":{\"@id\":\"https:\\\/\\\/cyclingpro.net\\\/spaziociclismo\\\/calendario\\\/spazio-agenda-il-programma-di-sabato-5-settembre-giornatona-montagna-alla-vuelta-strappi-al-britain-volata-allo-zlm-insidie-a-istanbul-vento-per-le-donne-in-bretagna-e-anche-le-convocazioni-azz\\\/#breadcrumb\"},\"inLanguage\":\"it-IT\",\"potentialAction\":[{\"@type\":\"ReadAction\",\"target\":[\"https:\\\/\\\/cyclingpro.net\\\/spaziociclismo\\\/calendario\\\/spazio-agenda-il-programma-di-sabato-5-settembre-giornatona-montagna-alla-vuelta-strappi-al-britain-volata-allo-zlm-insidie-a-istanbul-vento-per-le-donne-in-bretagna-e-anche-le-convocazioni-azz\\\/\"]}]},{\"@type\":\"ImageObject\",\"inLanguage\":\"it-IT\",\"@id\":\"https:\\\/\\\/cyclingpro.net\\\/spaziociclismo\\\/calendario\\\/spazio-agenda-il-programma-di-sabato-5-settembre-giornatona-montagna-alla-vuelta-strappi-al-britain-volata-allo-zlm-insidie-a-istanbul-vento-per-le-donne-in-bretagna-e-anche-le-convocazioni-azz\\\/#primaryimage\",\"url\":\"https:\\\/\\\/cyclingpro.net\\\/spaziociclismo\\\/wp-content\\\/uploads\\\/2026\\\/09\\\/Giovanni-Lonardi-Tappa-2-Tour-of-Istanbul-2026.jpg\",\"contentUrl\":\"https:\\\/\\\/cyclingpro.net\\\/spaziociclismo\\\/wp-content\\\/uploads\\\/2026\\\/09\\\/Giovanni-Lonardi-Tappa-2-Tour-of-Istanbul-2026.jpg\",\"width\":1200,\"height\":800,\"caption\":\"\u00a9 Tour of Istanbul\"},{\"@type\":\"BreadcrumbList\",\"@id\":\"https:\\\/\\\/cyclingpro.net\\\/spaziociclismo\\\/calendario\\\/spazio-agenda-il-programma-di-sabato-5-settembre-giornatona-montagna-alla-vuelta-strappi-al-britain-volata-allo-zlm-insidie-a-istanbul-vento-per-le-donne-in-bretagna-e-anche-le-convocazioni-azz\\\/#breadcrumb\",\"itemListElement\":[{\"@type\":\"ListItem\",\"position\":1,\"name\":\"Home\",\"item\":\"https:\\\/\\\/cyclingpro.net\\\/spaziociclismo\\\/\"},{\"@type\":\"ListItem\",\"position\":2,\"name\":\"Spazio Agenda, il programma di sabato 5 settembre: giornatona! Montagna alla Vuelta, strappi al Britain, volata allo ZLM, insidie a Istanbul, vento per le donne in Bretagna e anche le convocazioni azzurre per Montr\u00e9al 2026\"}]},{\"@type\":\"WebSite\",\"@id\":\"https:\\\/\\\/cyclingpro.net\\\/spaziociclismo\\\/#website\",\"url\":\"https:\\\/\\\/cyclingpro.net\\\/spaziociclismo\\\/\",\"name\":\"SpazioCiclismo\",\"description\":\"Tutto il ciclismo minuto per minuto\",\"publisher\":{\"@id\":\"https:\\\/\\\/cyclingpro.net\\\/spaziociclismo\\\/#organization\"},\"potentialAction\":[{\"@type\":\"SearchAction\",\"target\":{\"@type\":\"EntryPoint\",\"urlTemplate\":\"https:\\\/\\\/cyclingpro.net\\\/spaziociclismo\\\/?s={search_term_string}\"},\"query-input\":{\"@type\":\"PropertyValueSpecification\",\"valueRequired\":true,\"valueName\":\"search_term_string\"}}],\"inLanguage\":\"it-IT\"},{\"@type\":\"Organization\",\"@id\":\"https:\\\/\\\/cyclingpro.net\\\/spaziociclismo\\\/#organization\",\"name\":\"SpazioCiclismo\",\"url\":\"https:\\\/\\\/cyclingpro.net\\\/spaziociclismo\\\/\",\"logo\":{\"@type\":\"ImageObject\",\"inLanguage\":\"it-IT\",\"@id\":\"https:\\\/\\\/cyclingpro.net\\\/spaziociclismo\\\/#\\\/schema\\\/logo\\\/image\\\/\",\"url\":\"https:\\\/\\\/cyclingpro.net\\\/spaziociclismo\\\/wp-content\\\/uploads\\\/2017\\\/02\\\/SpazioCiclismo-Logo-Quadrato.png\",\"contentUrl\":\"https:\\\/\\\/cyclingpro.net\\\/spaziociclismo\\\/wp-content\\\/uploads\\\/2017\\\/02\\\/SpazioCiclismo-Logo-Quadrato.png\",\"width\":450,\"height\":450,\"caption\":\"SpazioCiclismo\"},\"image\":{\"@id\":\"https:\\\/\\\/cyclingpro.net\\\/spaziociclismo\\\/#\\\/schema\\\/logo\\\/image\\\/\"},\"sameAs\":[\"https:\\\/\\\/www.facebook.com\\\/SpazioCiclismo\\\/\",\"https:\\\/\\\/x.com\\\/spaziociclismo\",\"https:\\\/\\\/www.instagram.com\\\/spaziociclismo\\\/\"]},{\"@type\":\"Person\",\"@id\":\"https:\\\/\\\/cyclingpro.net\\\/spaziociclismo\\\/#\\\/schema\\\/person\\\/627dbc08c9712c25304b059bbb765de8\",\"name\":\"Francesco Mitola\",\"image\":{\"@type\":\"ImageObject\",\"inLanguage\":\"it-IT\",\"@id\":\"https:\\\/\\\/secure.gravatar.com\\\/avatar\\\/dc58a640368550cd17129d2ff185eec5cb2821b7c3403fc06dcaca847ae762d3?s=96&d=mm&r=g\",\"url\":\"https:\\\/\\\/secure.gravatar.com\\\/avatar\\\/dc58a640368550cd17129d2ff185eec5cb2821b7c3403fc06dcaca847ae762d3?s=96&d=mm&r=g\",\"contentUrl\":\"https:\\\/\\\/secure.gravatar.com\\\/avatar\\\/dc58a640368550cd17129d2ff185eec5cb2821b7c3403fc06dcaca847ae762d3?s=96&d=mm&r=g\",\"caption\":\"Francesco Mitola\"},\"url\":\"https:\\\/\\\/cyclingpro.net\\\/spaziociclismo\\\/author\\\/fmitola\\\/\"}]}<\/script>\n<!-- \/ Yoast SEO plugin. -->","yoast_head_json":{"title":"Spazio Agenda, il programma di sabato 5 settembre: giornatona! Montagna alla Vuelta, strappi al Britain, volata allo ZLM, insidie a Istanbul, vento per le donne in Bretagna e anche le convocazioni azzurre per Montr\u00e9al 2026 - SpazioCiclismo","robots":{"index":"index","follow":"follow","max-snippet":"max-snippet:-1","max-image-preview":"max-image-preview:large","max-video-preview":"max-video-preview:-1"},"canonical":"https:\/\/cyclingpro.net\/spaziociclismo\/calendario\/spazio-agenda-il-programma-di-sabato-5-settembre-giornatona-montagna-alla-vuelta-strappi-al-britain-volata-allo-zlm-insidie-a-istanbul-vento-per-le-donne-in-bretagna-e-anche-le-convocazioni-azz\/","og_locale":"it_IT","og_type":"article","og_title":"Spazio Agenda, il programma di sabato 5 settembre: giornatona! Montagna alla Vuelta, strappi al Britain, volata allo ZLM, insidie a Istanbul, vento per le donne in Bretagna e anche le convocazioni azzurre per Montr\u00e9al 2026 - SpazioCiclismo","og_description":"Tappa dura a #LaVuelta, momenti importanti per #TourofBritain, #ZLMTour, #TourofIstanbul, spazio per la #Finist\u00e8reLadiesClassic e anche per le scelte italiane in vista di #Montr\u00e9al2026.","og_url":"https:\/\/cyclingpro.net\/spaziociclismo\/calendario\/spazio-agenda-il-programma-di-sabato-5-settembre-giornatona-montagna-alla-vuelta-strappi-al-britain-volata-allo-zlm-insidie-a-istanbul-vento-per-le-donne-in-bretagna-e-anche-le-convocazioni-azz\/","og_site_name":"SpazioCiclismo","article_publisher":"https:\/\/www.facebook.com\/SpazioCiclismo\/","article_published_time":"2026-09-05T06:57:18+00:00","article_modified_time":"2026-09-05T07:00:31+00:00","og_image":[{"width":1200,"height":800,"url":"https:\/\/cyclingpro.net\/spaziociclismo\/wp-content\/uploads\/2026\/09\/Giovanni-Lonardi-Tappa-2-Tour-of-Istanbul-2026.jpg","type":"image\/jpeg"}],"author":"Francesco Mitola","twitter_card":"summary_large_image","twitter_creator":"@spaziociclismo","twitter_site":"@spaziociclismo","twitter_misc":{"Scritto da":"Francesco Mitola","Tempo di lettura stimato":"5 minuti"},"schema":{"@context":"https:\/\/schema.org","@graph":[{"@type":"Article","@id":"https:\/\/cyclingpro.net\/spaziociclismo\/calendario\/spazio-agenda-il-programma-di-sabato-5-settembre-giornatona-montagna-alla-vuelta-strappi-al-britain-volata-allo-zlm-insidie-a-istanbul-vento-per-le-donne-in-bretagna-e-anche-le-convocazioni-azz\/#article","isPartOf":{"@id":"https:\/\/cyclingpro.net\/spaziociclismo\/calendario\/spazio-agenda-il-programma-di-sabato-5-settembre-giornatona-montagna-alla-vuelta-strappi-al-britain-volata-allo-zlm-insidie-a-istanbul-vento-per-le-donne-in-bretagna-e-anche-le-convocazioni-azz\/"},"author":{"name":"Francesco Mitola","@id":"https:\/\/cyclingpro.net\/spaziociclismo\/#\/schema\/person\/627dbc08c9712c25304b059bbb765de8"},"headline":"Spazio Agenda, il programma di sabato 5 settembre: giornatona! Montagna alla Vuelta, strappi al Britain, volata allo ZLM, insidie a Istanbul, vento per le donne in Bretagna e anche le convocazioni azzurre per Montr\u00e9al 2026","datePublished":"2026-09-05T06:57:18+00:00","dateModified":"2026-09-05T07:00:31+00:00","mainEntityOfPage":{"@id":"https:\/\/cyclingpro.net\/spaziociclismo\/calendario\/spazio-agenda-il-programma-di-sabato-5-settembre-giornatona-montagna-alla-vuelta-strappi-al-britain-volata-allo-zlm-insidie-a-istanbul-vento-per-le-donne-in-bretagna-e-anche-le-convocazioni-azz\/"},"wordCount":861,"commentCount":0,"publisher":{"@id":"https:\/\/cyclingpro.net\/spaziociclismo\/#organization"},"image":{"@id":"https:\/\/cyclingpro.net\/spaziociclismo\/calendario\/spazio-agenda-il-programma-di-sabato-5-settembre-giornatona-montagna-alla-vuelta-strappi-al-britain-volata-allo-zlm-insidie-a-istanbul-vento-per-le-donne-in-bretagna-e-anche-le-convocazioni-azz\/#primaryimage"},"thumbnailUrl":"https:\/\/cyclingpro.net\/spaziociclismo\/wp-content\/uploads\/2026\/09\/Giovanni-Lonardi-Tappa-2-Tour-of-Istanbul-2026.jpg","keywords":["Tour of Britain 2026","Tour of Istanbul 2026","Tout commence en Finist\u00e8re Ladies Classic 2026","Vuelta a Espa\u00f1a 2026","ZLM Tour 2026"],"articleSection":["Calendario"],"inLanguage":"it-IT","potentialAction":[{"@type":"CommentAction","name":"Comment","target":["https:\/\/cyclingpro.net\/spaziociclismo\/calendario\/spazio-agenda-il-programma-di-sabato-5-settembre-giornatona-montagna-alla-vuelta-strappi-al-britain-volata-allo-zlm-insidie-a-istanbul-vento-per-le-donne-in-bretagna-e-anche-le-convocazioni-azz\/#respond"]}]},{"@type":"WebPage","@id":"https:\/\/cyclingpro.net\/spaziociclismo\/calendario\/spazio-agenda-il-programma-di-sabato-5-settembre-giornatona-montagna-alla-vuelta-strappi-al-britain-volata-allo-zlm-insidie-a-istanbul-vento-per-le-donne-in-bretagna-e-anche-le-convocazioni-azz\/","url":"https:\/\/cyclingpro.net\/spaziociclismo\/calendario\/spazio-agenda-il-programma-di-sabato-5-settembre-giornatona-montagna-alla-vuelta-strappi-al-britain-volata-allo-zlm-insidie-a-istanbul-vento-per-le-donne-in-bretagna-e-anche-le-convocazioni-azz\/","name":"Spazio Agenda, il programma di sabato 5 settembre: giornatona! Montagna alla Vuelta, strappi al Britain, volata allo ZLM, insidie a Istanbul, vento per le donne in Bretagna e anche le convocazioni azzurre per Montr\u00e9al 2026 - SpazioCiclismo","isPartOf":{"@id":"https:\/\/cyclingpro.net\/spaziociclismo\/#website"},"primaryImageOfPage":{"@id":"https:\/\/cyclingpro.net\/spaziociclismo\/calendario\/spazio-agenda-il-programma-di-sabato-5-settembre-giornatona-montagna-alla-vuelta-strappi-al-britain-volata-allo-zlm-insidie-a-istanbul-vento-per-le-donne-in-bretagna-e-anche-le-convocazioni-azz\/#primaryimage"},"image":{"@id":"https:\/\/cyclingpro.net\/spaziociclismo\/calendario\/spazio-agenda-il-programma-di-sabato-5-settembre-giornatona-montagna-alla-vuelta-strappi-al-britain-volata-allo-zlm-insidie-a-istanbul-vento-per-le-donne-in-bretagna-e-anche-le-convocazioni-azz\/#primaryimage"},"thumbnailUrl":"https:\/\/cyclingpro.net\/spaziociclismo\/wp-content\/uploads\/2026\/09\/Giovanni-Lonardi-Tappa-2-Tour-of-Istanbul-2026.jpg","datePublished":"2026-09-05T06:57:18+00:00","dateModified":"2026-09-05T07:00:31+00:00","breadcrumb":{"@id":"https:\/\/cyclingpro.net\/spaziociclismo\/calendario\/spazio-agenda-il-programma-di-sabato-5-settembre-giornatona-montagna-alla-vuelta-strappi-al-britain-volata-allo-zlm-insidie-a-istanbul-vento-per-le-donne-in-bretagna-e-anche-le-convocazioni-azz\/#breadcrumb"},"inLanguage":"it-IT","potentialAction":[{"@type":"ReadAction","target":["https:\/\/cyclingpro.net\/spaziociclismo\/calendario\/spazio-agenda-il-programma-di-sabato-5-settembre-giornatona-montagna-alla-vuelta-strappi-al-britain-volata-allo-zlm-insidie-a-istanbul-vento-per-le-donne-in-bretagna-e-anche-le-convocazioni-azz\/"]}]},{"@type":"ImageObject","inLanguage":"it-IT","@id":"https:\/\/cyclingpro.net\/spaziociclismo\/calendario\/spazio-agenda-il-programma-di-sabato-5-settembre-giornatona-montagna-alla-vuelta-strappi-al-britain-volata-allo-zlm-insidie-a-istanbul-vento-per-le-donne-in-bretagna-e-anche-le-convocazioni-azz\/#primaryimage","url":"https:\/\/cyclingpro.net\/spaziociclismo\/wp-content\/uploads\/2026\/09\/Giovanni-Lonardi-Tappa-2-Tour-of-Istanbul-2026.jpg","contentUrl":"https:\/\/cyclingpro.net\/spaziociclismo\/wp-content\/uploads\/2026\/09\/Giovanni-Lonardi-Tappa-2-Tour-of-Istanbul-2026.jpg","width":1200,"height":800,"caption":"\u00a9 Tour of Istanbul"},{"@type":"BreadcrumbList","@id":"https:\/\/cyclingpro.net\/spaziociclismo\/calendario\/spazio-agenda-il-programma-di-sabato-5-settembre-giornatona-montagna-alla-vuelta-strappi-al-britain-volata-allo-zlm-insidie-a-istanbul-vento-per-le-donne-in-bretagna-e-anche-le-convocazioni-azz\/#breadcrumb","itemListElement":[{"@type":"ListItem","position":1,"name":"Home","item":"https:\/\/cyclingpro.net\/spaziociclismo\/"},{"@type":"ListItem","position":2,"name":"Spazio Agenda, il programma di sabato 5 settembre: giornatona! Montagna alla Vuelta, strappi al Britain, volata allo ZLM, insidie a Istanbul, vento per le donne in Bretagna e anche le convocazioni azzurre per Montr\u00e9al 2026"}]},{"@type":"WebSite","@id":"https:\/\/cyclingpro.net\/spaziociclismo\/#website","url":"https:\/\/cyclingpro.net\/spaziociclismo\/","name":"SpazioCiclismo","description":"Tutto il ciclismo minuto per minuto","publisher":{"@id":"https:\/\/cyclingpro.net\/spaziociclismo\/#organization"},"potentialAction":[{"@type":"SearchAction","target":{"@type":"EntryPoint","urlTemplate":"https:\/\/cyclingpro.net\/spaziociclismo\/?s={search_term_string}"},"query-input":{"@type":"PropertyValueSpecification","valueRequired":true,"valueName":"search_term_string"}}],"inLanguage":"it-IT"},{"@type":"Organization","@id":"https:\/\/cyclingpro.net\/spaziociclismo\/#organization","name":"SpazioCiclismo","url":"https:\/\/cyclingpro.net\/spaziociclismo\/","logo":{"@type":"ImageObject","inLanguage":"it-IT","@id":"https:\/\/cyclingpro.net\/spaziociclismo\/#\/schema\/logo\/image\/","url":"https:\/\/cyclingpro.net\/spaziociclismo\/wp-content\/uploads\/2017\/02\/SpazioCiclismo-Logo-Quadrato.png","contentUrl":"https:\/\/cyclingpro.net\/spaziociclismo\/wp-content\/uploads\/2017\/02\/SpazioCiclismo-Logo-Quadrato.png","width":450,"height":450,"caption":"SpazioCiclismo"},"image":{"@id":"https:\/\/cyclingpro.net\/spaziociclismo\/#\/schema\/logo\/image\/"},"sameAs":["https:\/\/www.facebook.com\/SpazioCiclismo\/","https:\/\/x.com\/spaziociclismo","https:\/\/www.instagram.com\/spaziociclismo\/"]},{"@type":"Person","@id":"https:\/\/cyclingpro.net\/spaziociclismo\/#\/schema\/person\/627dbc08c9712c25304b059bbb765de8","name":"Francesco Mitola","image":{"@type":"ImageObject","inLanguage":"it-IT","@id":"https:\/\/secure.gravatar.com\/avatar\/dc58a640368550cd17129d2ff185eec5cb2821b7c3403fc06dcaca847ae762d3?s=96&d=mm&r=g","url":"https:\/\/secure.gravatar.com\/avatar\/dc58a640368550cd17129d2ff185eec5cb2821b7c3403fc06dcaca847ae762d3?s=96&d=mm&r=g","contentUrl":"https:\/\/secure.gravatar.com\/avatar\/dc58a640368550cd17129d2ff185eec5cb2821b7c3403fc06dcaca847ae762d3?s=96&d=mm&r=g","caption":"Francesco Mitola"},"url":"https:\/\/cyclingpro.net\/spaziociclismo\/author\/fmitola\/"}]}},"_links":{"self":[{"href":"https:\/\/cyclingpro.net\/spaziociclismo\/wp-json\/wp\/v2\/posts\/393741","targetHints":{"allow":["GET"]}}],"collection":[{"href":"https:\/\/cyclingpro.net\/spaziociclismo\/wp-json\/wp\/v2\/posts"}],"about":[{"href":"https:\/\/cyclingpro.net\/spaziociclismo\/wp-json\/wp\/v2\/types\/post"}],"author":[{"embeddable":true,"href":"https:\/\/cyclingpro.net\/spaziociclismo\/wp-json\/wp\/v2\/users\/25"}],"replies":[{"embeddable":true,"href":"https:\/\/cyclingpro.net\/spaziociclismo\/wp-json\/wp\/v2\/comments?post=393741"}],"version-history":[{"count":3,"href":"https:\/\/cyclingpro.net\/spaziociclismo\/wp-json\/wp\/v2\/posts\/393741\/revisions"}],"predecessor-version":[{"id":393745,"href":"https:\/\/cyclingpro.net\/spaziociclismo\/wp-json\/wp\/v2\/posts\/393741\/revisions\/393745"}],"wp:featuredmedia":[{"embeddable":true,"href":"https:\/\/cyclingpro.net\/spaziociclismo\/wp-json\/wp\/v2\/media\/393674"}],"wp:attachment":[{"href":"https:\/\/cyclingpro.net\/spaziociclismo\/wp-json\/wp\/v2\/media?parent=393741"}],"wp:term":[{"taxonomy":"category","embeddable":true,"href":"https:\/\/cyclingpro.net\/spaziociclismo\/wp-json\/wp\/v2\/categories?post=393741"},{"taxonomy":"post_tag","embeddable":true,"href":"https:\/\/cyclingpro.net\/spaziociclismo\/wp-json\/wp\/v2\/tags?post=393741"}],"curies":[{"name":"wp","href":"https:\/\/api.w.org\/{rel}","templated":true}]}}