{"id":393727,"date":"2026-09-04T20:57:19","date_gmt":"2026-09-04T18:57:19","guid":{"rendered":"https:\/\/cyclingpro.net\/spaziociclismo\/?p=393727"},"modified":"2026-09-04T20:57:19","modified_gmt":"2026-09-04T18:57:19","slug":"vuelta-a-espana-2026-cresce-la-preoccupazione-per-il-gran-caldo-enric-mas-se-fara-piu-caldo-di-oggi-rischia-di-diventare-pericoloso","status":"publish","type":"post","link":"https:\/\/cyclingpro.net\/spaziociclismo\/vuelta-2026\/vuelta-a-espana-2026-cresce-la-preoccupazione-per-il-gran-caldo-enric-mas-se-fara-piu-caldo-di-oggi-rischia-di-diventare-pericoloso\/","title":{"rendered":"Vuelta a Espa\u00f1a 2026, cresce la preoccupazione per il gran caldo, Enric Mas: &#8220;Se far\u00e0 pi\u00f9 caldo di oggi, rischia di diventare pericoloso&#8221;"},"content":{"rendered":"<p>La <strong>Vuelta a Espa\u00f1a 2026<\/strong> deve fare i conti con il gran caldo. Un rischio calcolato, considerate le temperature che tendenzialmente vengono raggiunte in Andalucia, anche se forse gli organizzatori speravano che a settembre potesse esserci un minimo di tregua. Invece l&#8217;ondata di calore che si \u00e8 abbattuta su tutta Europa sta creando problemi in corsa. Sono due giorni che i corridori denunciano temperature al limite e nel corso della dodicesima tappa <strong>Arthur Kluckers<\/strong> (Tudor Pro Cycling) ha avuto un mancamento proprio a causa del caldo e ha dovuto lasciare la corsa. E per l&#8217;arrivo di <strong>Sierra de la Pandera<\/strong> c&#8217;\u00e8 preoccupazione.<\/p>\n<p>Gi\u00e0 in mattinata si era discusso della questione e sono circolate voci di un possibile taglio nel percorso, <a href=\"https:\/\/cyclingpro.net\/spaziociclismo\/vuelta-2026\/vuelta-a-espana-2026-la-tappa-14-dovrebbe-essere-accorciata-per-il-caldo-tolti-30-km-nella-parte-iniziale\/\">che al momento non si \u00e8 concretizzato<\/a>. \u00c8 stato <strong>Enric Mas<\/strong>, in Maglia Rossa, a farsi portavoce degli umori del gruppo, nel corso della conferenza stampa post tappa: &#8220;\u00c8 davvero un <strong>caldo estremo<\/strong>. A un certo punto, durante la tappa, mi sono sentito strano &#8211; ha dichiarato, secondo quanto riportato da <em>Domestique <\/em>&#8211; Stavamo viaggiando a velocit\u00e0 altissima e faceva ancora caldo. \u00c8 qualcosa che raramente accade. Penso che se dovessero aumentare le temperature, sar\u00e0 necessario parlarne. <strong>Potrebbe essere pericoloso andare avanti cos\u00ec<\/strong>&#8220;.<\/p>\n","protected":false},"excerpt":{"rendered":"<p>Il gran caldo si abbatte su #LaVuelta26. Anche la Maglia Rossa Enric Mas ne parla. <\/p>\n","protected":false},"author":4,"featured_media":392912,"comment_status":"open","ping_status":"closed","sticky":false,"template":"","format":"standard","meta":{"footnotes":"","_members_access_role":[],"_members_access_error":""},"categories":[6589],"tags":[1279,5752],"class_list":["post-393727","post","type-post","status-publish","format-standard","has-post-thumbnail","hentry","category-vuelta-2026","tag-enric-mas","tag-vuelta-a-espana-2026"],"yoast_head":"<!-- This site is optimized with the Yoast SEO plugin v28.4 - https:\/\/yoast.com\/product\/yoast-seo-wordpress\/ -->\n<title>Vuelta a Espa\u00f1a 2026, cresce la preoccupazione per il gran caldo, Enric Mas: &quot;Se far\u00e0 pi\u00f9 caldo di oggi, rischia di diventare pericoloso&quot; - SpazioCiclismo<\/title>\n<meta name=\"robots\" content=\"index, follow, max-snippet:-1, max-image-preview:large, max-video-preview:-1\" \/>\n<link rel=\"canonical\" href=\"https:\/\/cyclingpro.net\/spaziociclismo\/vuelta-2026\/vuelta-a-espana-2026-cresce-la-preoccupazione-per-il-gran-caldo-enric-mas-se-fara-piu-caldo-di-oggi-rischia-di-diventare-pericoloso\/\" \/>\n<meta property=\"og:locale\" content=\"it_IT\" \/>\n<meta property=\"og:type\" content=\"article\" \/>\n<meta property=\"og:title\" content=\"Vuelta a Espa\u00f1a 2026, cresce la preoccupazione per il gran caldo, Enric Mas: &quot;Se far\u00e0 pi\u00f9 caldo di oggi, rischia di diventare pericoloso&quot; - SpazioCiclismo\" \/>\n<meta property=\"og:description\" content=\"Il gran caldo si abbatte su #LaVuelta26. Anche la Maglia Rossa Enric Mas ne parla.\" \/>\n<meta property=\"og:url\" content=\"https:\/\/cyclingpro.net\/spaziociclismo\/vuelta-2026\/vuelta-a-espana-2026-cresce-la-preoccupazione-per-il-gran-caldo-enric-mas-se-fara-piu-caldo-di-oggi-rischia-di-diventare-pericoloso\/\" \/>\n<meta property=\"og:site_name\" content=\"SpazioCiclismo\" \/>\n<meta property=\"article:publisher\" content=\"https:\/\/www.facebook.com\/SpazioCiclismo\/\" \/>\n<meta property=\"article:published_time\" content=\"2026-09-04T18:57:19+00:00\" \/>\n<meta property=\"og:image\" content=\"https:\/\/cyclingpro.net\/spaziociclismo\/wp-content\/uploads\/2026\/08\/1289606968-scaled.jpg\" \/>\n\t<meta property=\"og:image:width\" content=\"2560\" \/>\n\t<meta property=\"og:image:height\" content=\"1707\" \/>\n\t<meta property=\"og:image:type\" content=\"image\/jpeg\" \/>\n<meta name=\"author\" content=\"Luca Pellegrini\" \/>\n<meta name=\"twitter:card\" content=\"summary_large_image\" \/>\n<meta name=\"twitter:creator\" content=\"@spaziociclismo\" \/>\n<meta name=\"twitter:site\" content=\"@spaziociclismo\" \/>\n<meta name=\"twitter:label1\" content=\"Scritto da\" \/>\n\t<meta name=\"twitter:data1\" content=\"Luca Pellegrini\" \/>\n\t<meta name=\"twitter:label2\" content=\"Tempo di lettura stimato\" \/>\n\t<meta name=\"twitter:data2\" content=\"2 minuti\" \/>\n<script type=\"application\/ld+json\" class=\"yoast-schema-graph\">{\"@context\":\"https:\\\/\\\/schema.org\",\"@graph\":[{\"@type\":\"Article\",\"@id\":\"https:\\\/\\\/cyclingpro.net\\\/spaziociclismo\\\/vuelta-2026\\\/vuelta-a-espana-2026-cresce-la-preoccupazione-per-il-gran-caldo-enric-mas-se-fara-piu-caldo-di-oggi-rischia-di-diventare-pericoloso\\\/#article\",\"isPartOf\":{\"@id\":\"https:\\\/\\\/cyclingpro.net\\\/spaziociclismo\\\/vuelta-2026\\\/vuelta-a-espana-2026-cresce-la-preoccupazione-per-il-gran-caldo-enric-mas-se-fara-piu-caldo-di-oggi-rischia-di-diventare-pericoloso\\\/\"},\"author\":{\"name\":\"Luca Pellegrini\",\"@id\":\"https:\\\/\\\/cyclingpro.net\\\/spaziociclismo\\\/#\\\/schema\\\/person\\\/dba3a57e86bb6baefba5acbf905f8801\"},\"headline\":\"Vuelta a Espa\u00f1a 2026, cresce la preoccupazione per il gran caldo, Enric Mas: &#8220;Se far\u00e0 pi\u00f9 caldo di oggi, rischia di diventare pericoloso&#8221;\",\"datePublished\":\"2026-09-04T18:57:19+00:00\",\"mainEntityOfPage\":{\"@id\":\"https:\\\/\\\/cyclingpro.net\\\/spaziociclismo\\\/vuelta-2026\\\/vuelta-a-espana-2026-cresce-la-preoccupazione-per-il-gran-caldo-enric-mas-se-fara-piu-caldo-di-oggi-rischia-di-diventare-pericoloso\\\/\"},\"wordCount\":223,\"commentCount\":0,\"publisher\":{\"@id\":\"https:\\\/\\\/cyclingpro.net\\\/spaziociclismo\\\/#organization\"},\"image\":{\"@id\":\"https:\\\/\\\/cyclingpro.net\\\/spaziociclismo\\\/vuelta-2026\\\/vuelta-a-espana-2026-cresce-la-preoccupazione-per-il-gran-caldo-enric-mas-se-fara-piu-caldo-di-oggi-rischia-di-diventare-pericoloso\\\/#primaryimage\"},\"thumbnailUrl\":\"https:\\\/\\\/cyclingpro.net\\\/spaziociclismo\\\/wp-content\\\/uploads\\\/2026\\\/08\\\/1289606968-scaled.jpg\",\"keywords\":[\"Enric Mas\",\"Vuelta a Espa\u00f1a 2026\"],\"articleSection\":[\"Vuelta 2026\"],\"inLanguage\":\"it-IT\",\"potentialAction\":[{\"@type\":\"CommentAction\",\"name\":\"Comment\",\"target\":[\"https:\\\/\\\/cyclingpro.net\\\/spaziociclismo\\\/vuelta-2026\\\/vuelta-a-espana-2026-cresce-la-preoccupazione-per-il-gran-caldo-enric-mas-se-fara-piu-caldo-di-oggi-rischia-di-diventare-pericoloso\\\/#respond\"]}]},{\"@type\":\"WebPage\",\"@id\":\"https:\\\/\\\/cyclingpro.net\\\/spaziociclismo\\\/vuelta-2026\\\/vuelta-a-espana-2026-cresce-la-preoccupazione-per-il-gran-caldo-enric-mas-se-fara-piu-caldo-di-oggi-rischia-di-diventare-pericoloso\\\/\",\"url\":\"https:\\\/\\\/cyclingpro.net\\\/spaziociclismo\\\/vuelta-2026\\\/vuelta-a-espana-2026-cresce-la-preoccupazione-per-il-gran-caldo-enric-mas-se-fara-piu-caldo-di-oggi-rischia-di-diventare-pericoloso\\\/\",\"name\":\"Vuelta a Espa\u00f1a 2026, cresce la preoccupazione per il gran caldo, Enric Mas: \\\"Se far\u00e0 pi\u00f9 caldo di oggi, rischia di diventare pericoloso\\\" - SpazioCiclismo\",\"isPartOf\":{\"@id\":\"https:\\\/\\\/cyclingpro.net\\\/spaziociclismo\\\/#website\"},\"primaryImageOfPage\":{\"@id\":\"https:\\\/\\\/cyclingpro.net\\\/spaziociclismo\\\/vuelta-2026\\\/vuelta-a-espana-2026-cresce-la-preoccupazione-per-il-gran-caldo-enric-mas-se-fara-piu-caldo-di-oggi-rischia-di-diventare-pericoloso\\\/#primaryimage\"},\"image\":{\"@id\":\"https:\\\/\\\/cyclingpro.net\\\/spaziociclismo\\\/vuelta-2026\\\/vuelta-a-espana-2026-cresce-la-preoccupazione-per-il-gran-caldo-enric-mas-se-fara-piu-caldo-di-oggi-rischia-di-diventare-pericoloso\\\/#primaryimage\"},\"thumbnailUrl\":\"https:\\\/\\\/cyclingpro.net\\\/spaziociclismo\\\/wp-content\\\/uploads\\\/2026\\\/08\\\/1289606968-scaled.jpg\",\"datePublished\":\"2026-09-04T18:57:19+00:00\",\"breadcrumb\":{\"@id\":\"https:\\\/\\\/cyclingpro.net\\\/spaziociclismo\\\/vuelta-2026\\\/vuelta-a-espana-2026-cresce-la-preoccupazione-per-il-gran-caldo-enric-mas-se-fara-piu-caldo-di-oggi-rischia-di-diventare-pericoloso\\\/#breadcrumb\"},\"inLanguage\":\"it-IT\",\"potentialAction\":[{\"@type\":\"ReadAction\",\"target\":[\"https:\\\/\\\/cyclingpro.net\\\/spaziociclismo\\\/vuelta-2026\\\/vuelta-a-espana-2026-cresce-la-preoccupazione-per-il-gran-caldo-enric-mas-se-fara-piu-caldo-di-oggi-rischia-di-diventare-pericoloso\\\/\"]}]},{\"@type\":\"ImageObject\",\"inLanguage\":\"it-IT\",\"@id\":\"https:\\\/\\\/cyclingpro.net\\\/spaziociclismo\\\/vuelta-2026\\\/vuelta-a-espana-2026-cresce-la-preoccupazione-per-il-gran-caldo-enric-mas-se-fara-piu-caldo-di-oggi-rischia-di-diventare-pericoloso\\\/#primaryimage\",\"url\":\"https:\\\/\\\/cyclingpro.net\\\/spaziociclismo\\\/wp-content\\\/uploads\\\/2026\\\/08\\\/1289606968-scaled.jpg\",\"contentUrl\":\"https:\\\/\\\/cyclingpro.net\\\/spaziociclismo\\\/wp-content\\\/uploads\\\/2026\\\/08\\\/1289606968-scaled.jpg\",\"width\":2560,\"height\":1707,\"caption\":\"\u00a9 Sirotti\"},{\"@type\":\"BreadcrumbList\",\"@id\":\"https:\\\/\\\/cyclingpro.net\\\/spaziociclismo\\\/vuelta-2026\\\/vuelta-a-espana-2026-cresce-la-preoccupazione-per-il-gran-caldo-enric-mas-se-fara-piu-caldo-di-oggi-rischia-di-diventare-pericoloso\\\/#breadcrumb\",\"itemListElement\":[{\"@type\":\"ListItem\",\"position\":1,\"name\":\"Home\",\"item\":\"https:\\\/\\\/cyclingpro.net\\\/spaziociclismo\\\/\"},{\"@type\":\"ListItem\",\"position\":2,\"name\":\"Vuelta a Espa\u00f1a 2026, cresce la preoccupazione per il gran caldo, Enric Mas: &#8220;Se far\u00e0 pi\u00f9 caldo di oggi, rischia di diventare pericoloso&#8221;\"}]},{\"@type\":\"WebSite\",\"@id\":\"https:\\\/\\\/cyclingpro.net\\\/spaziociclismo\\\/#website\",\"url\":\"https:\\\/\\\/cyclingpro.net\\\/spaziociclismo\\\/\",\"name\":\"SpazioCiclismo\",\"description\":\"Tutto il ciclismo minuto per minuto\",\"publisher\":{\"@id\":\"https:\\\/\\\/cyclingpro.net\\\/spaziociclismo\\\/#organization\"},\"potentialAction\":[{\"@type\":\"SearchAction\",\"target\":{\"@type\":\"EntryPoint\",\"urlTemplate\":\"https:\\\/\\\/cyclingpro.net\\\/spaziociclismo\\\/?s={search_term_string}\"},\"query-input\":{\"@type\":\"PropertyValueSpecification\",\"valueRequired\":true,\"valueName\":\"search_term_string\"}}],\"inLanguage\":\"it-IT\"},{\"@type\":\"Organization\",\"@id\":\"https:\\\/\\\/cyclingpro.net\\\/spaziociclismo\\\/#organization\",\"name\":\"SpazioCiclismo\",\"url\":\"https:\\\/\\\/cyclingpro.net\\\/spaziociclismo\\\/\",\"logo\":{\"@type\":\"ImageObject\",\"inLanguage\":\"it-IT\",\"@id\":\"https:\\\/\\\/cyclingpro.net\\\/spaziociclismo\\\/#\\\/schema\\\/logo\\\/image\\\/\",\"url\":\"https:\\\/\\\/cyclingpro.net\\\/spaziociclismo\\\/wp-content\\\/uploads\\\/2017\\\/02\\\/SpazioCiclismo-Logo-Quadrato.png\",\"contentUrl\":\"https:\\\/\\\/cyclingpro.net\\\/spaziociclismo\\\/wp-content\\\/uploads\\\/2017\\\/02\\\/SpazioCiclismo-Logo-Quadrato.png\",\"width\":450,\"height\":450,\"caption\":\"SpazioCiclismo\"},\"image\":{\"@id\":\"https:\\\/\\\/cyclingpro.net\\\/spaziociclismo\\\/#\\\/schema\\\/logo\\\/image\\\/\"},\"sameAs\":[\"https:\\\/\\\/www.facebook.com\\\/SpazioCiclismo\\\/\",\"https:\\\/\\\/x.com\\\/spaziociclismo\",\"https:\\\/\\\/www.instagram.com\\\/spaziociclismo\\\/\"]},{\"@type\":\"Person\",\"@id\":\"https:\\\/\\\/cyclingpro.net\\\/spaziociclismo\\\/#\\\/schema\\\/person\\\/dba3a57e86bb6baefba5acbf905f8801\",\"name\":\"Luca Pellegrini\",\"image\":{\"@type\":\"ImageObject\",\"inLanguage\":\"it-IT\",\"@id\":\"https:\\\/\\\/secure.gravatar.com\\\/avatar\\\/e233a6b2a31aba774a86fc0121b1a3bd7f6e7d1a4d2162cde93df050675351b8?s=96&d=mm&r=g\",\"url\":\"https:\\\/\\\/secure.gravatar.com\\\/avatar\\\/e233a6b2a31aba774a86fc0121b1a3bd7f6e7d1a4d2162cde93df050675351b8?s=96&d=mm&r=g\",\"contentUrl\":\"https:\\\/\\\/secure.gravatar.com\\\/avatar\\\/e233a6b2a31aba774a86fc0121b1a3bd7f6e7d1a4d2162cde93df050675351b8?s=96&d=mm&r=g\",\"caption\":\"Luca Pellegrini\"},\"url\":\"https:\\\/\\\/cyclingpro.net\\\/spaziociclismo\\\/author\\\/lpellegrini\\\/\"}]}<\/script>\n<!-- \/ Yoast SEO plugin. -->","yoast_head_json":{"title":"Vuelta a Espa\u00f1a 2026, cresce la preoccupazione per il gran caldo, Enric Mas: \"Se far\u00e0 pi\u00f9 caldo di oggi, rischia di diventare pericoloso\" - SpazioCiclismo","robots":{"index":"index","follow":"follow","max-snippet":"max-snippet:-1","max-image-preview":"max-image-preview:large","max-video-preview":"max-video-preview:-1"},"canonical":"https:\/\/cyclingpro.net\/spaziociclismo\/vuelta-2026\/vuelta-a-espana-2026-cresce-la-preoccupazione-per-il-gran-caldo-enric-mas-se-fara-piu-caldo-di-oggi-rischia-di-diventare-pericoloso\/","og_locale":"it_IT","og_type":"article","og_title":"Vuelta a Espa\u00f1a 2026, cresce la preoccupazione per il gran caldo, Enric Mas: \"Se far\u00e0 pi\u00f9 caldo di oggi, rischia di diventare pericoloso\" - SpazioCiclismo","og_description":"Il gran caldo si abbatte su #LaVuelta26. Anche la Maglia Rossa Enric Mas ne parla.","og_url":"https:\/\/cyclingpro.net\/spaziociclismo\/vuelta-2026\/vuelta-a-espana-2026-cresce-la-preoccupazione-per-il-gran-caldo-enric-mas-se-fara-piu-caldo-di-oggi-rischia-di-diventare-pericoloso\/","og_site_name":"SpazioCiclismo","article_publisher":"https:\/\/www.facebook.com\/SpazioCiclismo\/","article_published_time":"2026-09-04T18:57:19+00:00","og_image":[{"width":2560,"height":1707,"url":"https:\/\/cyclingpro.net\/spaziociclismo\/wp-content\/uploads\/2026\/08\/1289606968-scaled.jpg","type":"image\/jpeg"}],"author":"Luca Pellegrini","twitter_card":"summary_large_image","twitter_creator":"@spaziociclismo","twitter_site":"@spaziociclismo","twitter_misc":{"Scritto da":"Luca Pellegrini","Tempo di lettura stimato":"2 minuti"},"schema":{"@context":"https:\/\/schema.org","@graph":[{"@type":"Article","@id":"https:\/\/cyclingpro.net\/spaziociclismo\/vuelta-2026\/vuelta-a-espana-2026-cresce-la-preoccupazione-per-il-gran-caldo-enric-mas-se-fara-piu-caldo-di-oggi-rischia-di-diventare-pericoloso\/#article","isPartOf":{"@id":"https:\/\/cyclingpro.net\/spaziociclismo\/vuelta-2026\/vuelta-a-espana-2026-cresce-la-preoccupazione-per-il-gran-caldo-enric-mas-se-fara-piu-caldo-di-oggi-rischia-di-diventare-pericoloso\/"},"author":{"name":"Luca Pellegrini","@id":"https:\/\/cyclingpro.net\/spaziociclismo\/#\/schema\/person\/dba3a57e86bb6baefba5acbf905f8801"},"headline":"Vuelta a Espa\u00f1a 2026, cresce la preoccupazione per il gran caldo, Enric Mas: &#8220;Se far\u00e0 pi\u00f9 caldo di oggi, rischia di diventare pericoloso&#8221;","datePublished":"2026-09-04T18:57:19+00:00","mainEntityOfPage":{"@id":"https:\/\/cyclingpro.net\/spaziociclismo\/vuelta-2026\/vuelta-a-espana-2026-cresce-la-preoccupazione-per-il-gran-caldo-enric-mas-se-fara-piu-caldo-di-oggi-rischia-di-diventare-pericoloso\/"},"wordCount":223,"commentCount":0,"publisher":{"@id":"https:\/\/cyclingpro.net\/spaziociclismo\/#organization"},"image":{"@id":"https:\/\/cyclingpro.net\/spaziociclismo\/vuelta-2026\/vuelta-a-espana-2026-cresce-la-preoccupazione-per-il-gran-caldo-enric-mas-se-fara-piu-caldo-di-oggi-rischia-di-diventare-pericoloso\/#primaryimage"},"thumbnailUrl":"https:\/\/cyclingpro.net\/spaziociclismo\/wp-content\/uploads\/2026\/08\/1289606968-scaled.jpg","keywords":["Enric Mas","Vuelta a Espa\u00f1a 2026"],"articleSection":["Vuelta 2026"],"inLanguage":"it-IT","potentialAction":[{"@type":"CommentAction","name":"Comment","target":["https:\/\/cyclingpro.net\/spaziociclismo\/vuelta-2026\/vuelta-a-espana-2026-cresce-la-preoccupazione-per-il-gran-caldo-enric-mas-se-fara-piu-caldo-di-oggi-rischia-di-diventare-pericoloso\/#respond"]}]},{"@type":"WebPage","@id":"https:\/\/cyclingpro.net\/spaziociclismo\/vuelta-2026\/vuelta-a-espana-2026-cresce-la-preoccupazione-per-il-gran-caldo-enric-mas-se-fara-piu-caldo-di-oggi-rischia-di-diventare-pericoloso\/","url":"https:\/\/cyclingpro.net\/spaziociclismo\/vuelta-2026\/vuelta-a-espana-2026-cresce-la-preoccupazione-per-il-gran-caldo-enric-mas-se-fara-piu-caldo-di-oggi-rischia-di-diventare-pericoloso\/","name":"Vuelta a Espa\u00f1a 2026, cresce la preoccupazione per il gran caldo, Enric Mas: \"Se far\u00e0 pi\u00f9 caldo di oggi, rischia di diventare pericoloso\" - SpazioCiclismo","isPartOf":{"@id":"https:\/\/cyclingpro.net\/spaziociclismo\/#website"},"primaryImageOfPage":{"@id":"https:\/\/cyclingpro.net\/spaziociclismo\/vuelta-2026\/vuelta-a-espana-2026-cresce-la-preoccupazione-per-il-gran-caldo-enric-mas-se-fara-piu-caldo-di-oggi-rischia-di-diventare-pericoloso\/#primaryimage"},"image":{"@id":"https:\/\/cyclingpro.net\/spaziociclismo\/vuelta-2026\/vuelta-a-espana-2026-cresce-la-preoccupazione-per-il-gran-caldo-enric-mas-se-fara-piu-caldo-di-oggi-rischia-di-diventare-pericoloso\/#primaryimage"},"thumbnailUrl":"https:\/\/cyclingpro.net\/spaziociclismo\/wp-content\/uploads\/2026\/08\/1289606968-scaled.jpg","datePublished":"2026-09-04T18:57:19+00:00","breadcrumb":{"@id":"https:\/\/cyclingpro.net\/spaziociclismo\/vuelta-2026\/vuelta-a-espana-2026-cresce-la-preoccupazione-per-il-gran-caldo-enric-mas-se-fara-piu-caldo-di-oggi-rischia-di-diventare-pericoloso\/#breadcrumb"},"inLanguage":"it-IT","potentialAction":[{"@type":"ReadAction","target":["https:\/\/cyclingpro.net\/spaziociclismo\/vuelta-2026\/vuelta-a-espana-2026-cresce-la-preoccupazione-per-il-gran-caldo-enric-mas-se-fara-piu-caldo-di-oggi-rischia-di-diventare-pericoloso\/"]}]},{"@type":"ImageObject","inLanguage":"it-IT","@id":"https:\/\/cyclingpro.net\/spaziociclismo\/vuelta-2026\/vuelta-a-espana-2026-cresce-la-preoccupazione-per-il-gran-caldo-enric-mas-se-fara-piu-caldo-di-oggi-rischia-di-diventare-pericoloso\/#primaryimage","url":"https:\/\/cyclingpro.net\/spaziociclismo\/wp-content\/uploads\/2026\/08\/1289606968-scaled.jpg","contentUrl":"https:\/\/cyclingpro.net\/spaziociclismo\/wp-content\/uploads\/2026\/08\/1289606968-scaled.jpg","width":2560,"height":1707,"caption":"\u00a9 Sirotti"},{"@type":"BreadcrumbList","@id":"https:\/\/cyclingpro.net\/spaziociclismo\/vuelta-2026\/vuelta-a-espana-2026-cresce-la-preoccupazione-per-il-gran-caldo-enric-mas-se-fara-piu-caldo-di-oggi-rischia-di-diventare-pericoloso\/#breadcrumb","itemListElement":[{"@type":"ListItem","position":1,"name":"Home","item":"https:\/\/cyclingpro.net\/spaziociclismo\/"},{"@type":"ListItem","position":2,"name":"Vuelta a Espa\u00f1a 2026, cresce la preoccupazione per il gran caldo, Enric Mas: &#8220;Se far\u00e0 pi\u00f9 caldo di oggi, rischia di diventare pericoloso&#8221;"}]},{"@type":"WebSite","@id":"https:\/\/cyclingpro.net\/spaziociclismo\/#website","url":"https:\/\/cyclingpro.net\/spaziociclismo\/","name":"SpazioCiclismo","description":"Tutto il ciclismo minuto per minuto","publisher":{"@id":"https:\/\/cyclingpro.net\/spaziociclismo\/#organization"},"potentialAction":[{"@type":"SearchAction","target":{"@type":"EntryPoint","urlTemplate":"https:\/\/cyclingpro.net\/spaziociclismo\/?s={search_term_string}"},"query-input":{"@type":"PropertyValueSpecification","valueRequired":true,"valueName":"search_term_string"}}],"inLanguage":"it-IT"},{"@type":"Organization","@id":"https:\/\/cyclingpro.net\/spaziociclismo\/#organization","name":"SpazioCiclismo","url":"https:\/\/cyclingpro.net\/spaziociclismo\/","logo":{"@type":"ImageObject","inLanguage":"it-IT","@id":"https:\/\/cyclingpro.net\/spaziociclismo\/#\/schema\/logo\/image\/","url":"https:\/\/cyclingpro.net\/spaziociclismo\/wp-content\/uploads\/2017\/02\/SpazioCiclismo-Logo-Quadrato.png","contentUrl":"https:\/\/cyclingpro.net\/spaziociclismo\/wp-content\/uploads\/2017\/02\/SpazioCiclismo-Logo-Quadrato.png","width":450,"height":450,"caption":"SpazioCiclismo"},"image":{"@id":"https:\/\/cyclingpro.net\/spaziociclismo\/#\/schema\/logo\/image\/"},"sameAs":["https:\/\/www.facebook.com\/SpazioCiclismo\/","https:\/\/x.com\/spaziociclismo","https:\/\/www.instagram.com\/spaziociclismo\/"]},{"@type":"Person","@id":"https:\/\/cyclingpro.net\/spaziociclismo\/#\/schema\/person\/dba3a57e86bb6baefba5acbf905f8801","name":"Luca Pellegrini","image":{"@type":"ImageObject","inLanguage":"it-IT","@id":"https:\/\/secure.gravatar.com\/avatar\/e233a6b2a31aba774a86fc0121b1a3bd7f6e7d1a4d2162cde93df050675351b8?s=96&d=mm&r=g","url":"https:\/\/secure.gravatar.com\/avatar\/e233a6b2a31aba774a86fc0121b1a3bd7f6e7d1a4d2162cde93df050675351b8?s=96&d=mm&r=g","contentUrl":"https:\/\/secure.gravatar.com\/avatar\/e233a6b2a31aba774a86fc0121b1a3bd7f6e7d1a4d2162cde93df050675351b8?s=96&d=mm&r=g","caption":"Luca Pellegrini"},"url":"https:\/\/cyclingpro.net\/spaziociclismo\/author\/lpellegrini\/"}]}},"_links":{"self":[{"href":"https:\/\/cyclingpro.net\/spaziociclismo\/wp-json\/wp\/v2\/posts\/393727","targetHints":{"allow":["GET"]}}],"collection":[{"href":"https:\/\/cyclingpro.net\/spaziociclismo\/wp-json\/wp\/v2\/posts"}],"about":[{"href":"https:\/\/cyclingpro.net\/spaziociclismo\/wp-json\/wp\/v2\/types\/post"}],"author":[{"embeddable":true,"href":"https:\/\/cyclingpro.net\/spaziociclismo\/wp-json\/wp\/v2\/users\/4"}],"replies":[{"embeddable":true,"href":"https:\/\/cyclingpro.net\/spaziociclismo\/wp-json\/wp\/v2\/comments?post=393727"}],"version-history":[{"count":1,"href":"https:\/\/cyclingpro.net\/spaziociclismo\/wp-json\/wp\/v2\/posts\/393727\/revisions"}],"predecessor-version":[{"id":393728,"href":"https:\/\/cyclingpro.net\/spaziociclismo\/wp-json\/wp\/v2\/posts\/393727\/revisions\/393728"}],"wp:featuredmedia":[{"embeddable":true,"href":"https:\/\/cyclingpro.net\/spaziociclismo\/wp-json\/wp\/v2\/media\/392912"}],"wp:attachment":[{"href":"https:\/\/cyclingpro.net\/spaziociclismo\/wp-json\/wp\/v2\/media?parent=393727"}],"wp:term":[{"taxonomy":"category","embeddable":true,"href":"https:\/\/cyclingpro.net\/spaziociclismo\/wp-json\/wp\/v2\/categories?post=393727"},{"taxonomy":"post_tag","embeddable":true,"href":"https:\/\/cyclingpro.net\/spaziociclismo\/wp-json\/wp\/v2\/tags?post=393727"}],"curies":[{"name":"wp","href":"https:\/\/api.w.org\/{rel}","templated":true}]}}