{"id":393712,"date":"2026-09-04T20:00:00","date_gmt":"2026-09-04T18:00:00","guid":{"rendered":"https:\/\/cyclingpro.net\/spaziociclismo\/?p=393712"},"modified":"2026-09-04T19:38:14","modified_gmt":"2026-09-04T17:38:14","slug":"vuelta-a-espana-2026-top-flop-del-giorno-13","status":"publish","type":"post","link":"https:\/\/cyclingpro.net\/spaziociclismo\/topflop\/vuelta-a-espana-2026-top-flop-del-giorno-13\/","title":{"rendered":"Vuelta a Espa\u00f1a 2026, Top\/Flop del giorno"},"content":{"rendered":"<p>La nostra consueta rubrica che traccia il bilancio della giornata appena conclusasi alla <strong>Vuelta a Espa\u00f1a 2026<\/strong>.<\/p>\n\n\t\t<div class=\"thumbup tie-list-shortcode\">\n<ul>\n<li><b>Wout Van Aert (Visma | Lease a Bike):\u00a0<\/b>Finalmente arriva il momento del belga. Dopo tanti attacchi e tanto lavoro per i compagni, arriva un successo che suona quasi di liberazione. Protagonista assoluto di questa Vuelta, il vincitore della Parigi &#8211; Roubaix ci ha provato in tutti i modi e su tutti i terreni. Oggi \u00e8 stato pressoch\u00e9 perfetto: lucido nel gestire quando sembrava essergli sfuggita la corsa con l&#8217;azione a 50 km dall&#8217;arrivo. Rientra verso la fine del Puerto de Granada e propizia la formazione del gruppo giusto. Ben supportato da Matthew Brennan, autore di una prova maiuscola su un tracciato duro, riesce a trovare l&#8217;affondo vincente per staccare tutti, eccezion fatta per Paret-Peintre, con cui ha buon gioco nel finale per batterlo in volata.<\/li>\n<li><strong>Jarno Widar (Lotto &#8211; Intermarch\u00e9)<\/strong>: \u00c8 un ragazzo di talento, forse il quarto posto potrebbe non esser considerato totalmente soddisfacente. Tuttavia non dimentichiamoci che parliamo di un corridore che \u00e8 al primo Grande Giro della carriera e, soprattutto, ha vissuto una stagione non semplice con parecchi problemi nella prima parte. Oggi \u00e8 lesto nell&#8217;inserirsi nella fuga, poi gestisce bene la situazione. Manca l&#8217;aggancio a Wout Van Aert, ma alla fine ottiene un altro piazzamento di livello. E non \u00e8 da escludere che da qui a fine Vuelta non possa riprovarci.<\/li>\n<li><strong>Kevin Vermaerke (UAE Team Emirates &#8211; XRG)<\/strong>: Da quando Tadej Poga\u010dar si \u00e8 ritirato, \u00e8 stato in fuga per pi\u00f9 di 300 chilometri. Lo abbiamo visto spesso tirare il gruppo nelle prime tappe e appena ha avuto il via libera ha attaccato a pi\u00f9 riprese. Un corridore instancabile che, sebbene non sia sempre perfetto tatticamente, non perde mai l&#8217;occasione di provarci. Oggi ha colto il miglior piazzamento fino a ora, un settimo posto, ma se dovessi azzardare, direi che potremmo vederlo in avanscoperta anche nel tappone di Sierra de la Pandera.<\/li>\n<\/ul>\n\n\t\t<\/div>\n\t\n\n\t\t<div class=\"thumbdown tie-list-shortcode\">\n\t\t<\/div>\n\t\n<ul>\n<li><strong>Decathlon CMA CGM Team<\/strong>: Giornata nera per la formazione francese. Leo Bisiaux e Matthew Riccitello erano stati bravi a inserirsi nella fuga, con il giovane francese che ha tentato anche di vincere la tappa, riavvicinandosi anche alla top 10. Tuttavia contemporaneamente \u00e8 arrivata la notizia del ritiro di Gregor Muhlberger, nono in classifica alla partenza. Alla vigilia di una delle tappe pi\u00f9 impegnative, con arrivo a Sierra de la Pandera, Felix Gall perde uno dei suoi uomini pi\u00f9 preziosi in salita e altri due luogotenenti escono da una giornata in cui hanno speso parecchio, senza raccogliere nulla. Diciamo che poteva andargli meglio.<\/li>\n<li><strong>Mattias Skjelmose (Lidl &#8211; Trek)<\/strong>: Bravo a entrare nella fuga, ma non basta. Il danese aveva oggi l&#8217;occasione di riavvicinarsi in classifica generale. Ci riesce, almeno in parte, ma si vede che non \u00e8 nella miglior condizione di forma. Ogni volta che si forma un tentativo significativo tra gli attaccanti, lui arranca e alla fine ne esce con un pugno di mosche. Per carit\u00e0, 2 minuti in una tappa transitoria non son pochi e il quinto posto non \u00e8 pi\u00f9 lontano. Ma bisogner\u00e0 tener conto delle energie spese domani, nella dura giornata di Sierra de la Pandera.<\/li>\n<li><strong>Uno-X Mobility:\u00a0<\/strong>Loro tendenzialmente sono chirurgichi nelle azioni da lontano. Difficilmente sbagliano un colpo e anche oggi, va detto, erano messi bene con tre uomini all&#8217;attacco. Quando si forma l&#8217;azione buona restano tagliati fuori sia Andreas Kron che Andreas Leknessund, con il solo Simon Dalby lasciato in balia del Team Visma | Lease a Bike. Una situazione invertita rispetto a quanto visto ad Aram\u00f3n Valdelinares. Nulla di irreparabile, ma da loro ci si aspetta sempre molto in questo genere di situazioni di gara.<\/li>\n<\/ul>\n","protected":false},"excerpt":{"rendered":"<p>I Top\/Flop del giorno a #LaVuelta26<\/p>\n","protected":false},"author":4,"featured_media":393716,"comment_status":"open","ping_status":"closed","sticky":false,"template":"","format":"standard","meta":{"footnotes":"","_members_access_role":[],"_members_access_error":""},"categories":[19,21,6589],"tags":[5752],"class_list":["post-393712","post","type-post","status-publish","format-standard","has-post-thumbnail","hentry","category-topflop","category-vetrina","category-vuelta-2026","tag-vuelta-a-espana-2026"],"yoast_head":"<!-- This site is optimized with the Yoast SEO plugin v28.4 - https:\/\/yoast.com\/product\/yoast-seo-wordpress\/ -->\n<title>Vuelta a Espa\u00f1a 2026, Top\/Flop del giorno - SpazioCiclismo<\/title>\n<meta name=\"robots\" content=\"index, follow, max-snippet:-1, max-image-preview:large, max-video-preview:-1\" \/>\n<link rel=\"canonical\" href=\"https:\/\/cyclingpro.net\/spaziociclismo\/topflop\/vuelta-a-espana-2026-top-flop-del-giorno-13\/\" \/>\n<meta property=\"og:locale\" content=\"it_IT\" \/>\n<meta property=\"og:type\" content=\"article\" \/>\n<meta property=\"og:title\" content=\"Vuelta a Espa\u00f1a 2026, Top\/Flop del giorno - SpazioCiclismo\" \/>\n<meta property=\"og:description\" content=\"I Top\/Flop del giorno a #LaVuelta26\" \/>\n<meta property=\"og:url\" content=\"https:\/\/cyclingpro.net\/spaziociclismo\/topflop\/vuelta-a-espana-2026-top-flop-del-giorno-13\/\" \/>\n<meta property=\"og:site_name\" content=\"SpazioCiclismo\" \/>\n<meta property=\"article:publisher\" content=\"https:\/\/www.facebook.com\/SpazioCiclismo\/\" \/>\n<meta property=\"article:published_time\" content=\"2026-09-04T18:00:00+00:00\" \/>\n<meta property=\"og:image\" content=\"https:\/\/cyclingpro.net\/spaziociclismo\/wp-content\/uploads\/2026\/09\/1290947455.jpg\" \/>\n\t<meta property=\"og:image:width\" content=\"1200\" \/>\n\t<meta property=\"og:image:height\" content=\"800\" \/>\n\t<meta property=\"og:image:type\" content=\"image\/jpeg\" \/>\n<meta name=\"author\" content=\"Luca Pellegrini\" \/>\n<meta name=\"twitter:card\" content=\"summary_large_image\" \/>\n<meta name=\"twitter:creator\" content=\"@spaziociclismo\" \/>\n<meta name=\"twitter:site\" content=\"@spaziociclismo\" \/>\n<meta name=\"twitter:label1\" content=\"Scritto da\" \/>\n\t<meta name=\"twitter:data1\" content=\"Luca Pellegrini\" \/>\n\t<meta name=\"twitter:label2\" content=\"Tempo di lettura stimato\" \/>\n\t<meta name=\"twitter:data2\" content=\"4 minuti\" \/>\n<script type=\"application\/ld+json\" class=\"yoast-schema-graph\">{\"@context\":\"https:\\\/\\\/schema.org\",\"@graph\":[{\"@type\":\"Article\",\"@id\":\"https:\\\/\\\/cyclingpro.net\\\/spaziociclismo\\\/topflop\\\/vuelta-a-espana-2026-top-flop-del-giorno-13\\\/#article\",\"isPartOf\":{\"@id\":\"https:\\\/\\\/cyclingpro.net\\\/spaziociclismo\\\/topflop\\\/vuelta-a-espana-2026-top-flop-del-giorno-13\\\/\"},\"author\":{\"name\":\"Luca Pellegrini\",\"@id\":\"https:\\\/\\\/cyclingpro.net\\\/spaziociclismo\\\/#\\\/schema\\\/person\\\/dba3a57e86bb6baefba5acbf905f8801\"},\"headline\":\"Vuelta a Espa\u00f1a 2026, Top\\\/Flop del giorno\",\"datePublished\":\"2026-09-04T18:00:00+00:00\",\"mainEntityOfPage\":{\"@id\":\"https:\\\/\\\/cyclingpro.net\\\/spaziociclismo\\\/topflop\\\/vuelta-a-espana-2026-top-flop-del-giorno-13\\\/\"},\"wordCount\":619,\"commentCount\":0,\"publisher\":{\"@id\":\"https:\\\/\\\/cyclingpro.net\\\/spaziociclismo\\\/#organization\"},\"image\":{\"@id\":\"https:\\\/\\\/cyclingpro.net\\\/spaziociclismo\\\/topflop\\\/vuelta-a-espana-2026-top-flop-del-giorno-13\\\/#primaryimage\"},\"thumbnailUrl\":\"https:\\\/\\\/cyclingpro.net\\\/spaziociclismo\\\/wp-content\\\/uploads\\\/2026\\\/09\\\/1290947455.jpg\",\"keywords\":[\"Vuelta a Espa\u00f1a 2026\"],\"articleSection\":[\"Top\\\/Flop\",\"Vetrina\",\"Vuelta 2026\"],\"inLanguage\":\"it-IT\",\"potentialAction\":[{\"@type\":\"CommentAction\",\"name\":\"Comment\",\"target\":[\"https:\\\/\\\/cyclingpro.net\\\/spaziociclismo\\\/topflop\\\/vuelta-a-espana-2026-top-flop-del-giorno-13\\\/#respond\"]}]},{\"@type\":\"WebPage\",\"@id\":\"https:\\\/\\\/cyclingpro.net\\\/spaziociclismo\\\/topflop\\\/vuelta-a-espana-2026-top-flop-del-giorno-13\\\/\",\"url\":\"https:\\\/\\\/cyclingpro.net\\\/spaziociclismo\\\/topflop\\\/vuelta-a-espana-2026-top-flop-del-giorno-13\\\/\",\"name\":\"Vuelta a Espa\u00f1a 2026, Top\\\/Flop del giorno - SpazioCiclismo\",\"isPartOf\":{\"@id\":\"https:\\\/\\\/cyclingpro.net\\\/spaziociclismo\\\/#website\"},\"primaryImageOfPage\":{\"@id\":\"https:\\\/\\\/cyclingpro.net\\\/spaziociclismo\\\/topflop\\\/vuelta-a-espana-2026-top-flop-del-giorno-13\\\/#primaryimage\"},\"image\":{\"@id\":\"https:\\\/\\\/cyclingpro.net\\\/spaziociclismo\\\/topflop\\\/vuelta-a-espana-2026-top-flop-del-giorno-13\\\/#primaryimage\"},\"thumbnailUrl\":\"https:\\\/\\\/cyclingpro.net\\\/spaziociclismo\\\/wp-content\\\/uploads\\\/2026\\\/09\\\/1290947455.jpg\",\"datePublished\":\"2026-09-04T18:00:00+00:00\",\"breadcrumb\":{\"@id\":\"https:\\\/\\\/cyclingpro.net\\\/spaziociclismo\\\/topflop\\\/vuelta-a-espana-2026-top-flop-del-giorno-13\\\/#breadcrumb\"},\"inLanguage\":\"it-IT\",\"potentialAction\":[{\"@type\":\"ReadAction\",\"target\":[\"https:\\\/\\\/cyclingpro.net\\\/spaziociclismo\\\/topflop\\\/vuelta-a-espana-2026-top-flop-del-giorno-13\\\/\"]}]},{\"@type\":\"ImageObject\",\"inLanguage\":\"it-IT\",\"@id\":\"https:\\\/\\\/cyclingpro.net\\\/spaziociclismo\\\/topflop\\\/vuelta-a-espana-2026-top-flop-del-giorno-13\\\/#primaryimage\",\"url\":\"https:\\\/\\\/cyclingpro.net\\\/spaziociclismo\\\/wp-content\\\/uploads\\\/2026\\\/09\\\/1290947455.jpg\",\"contentUrl\":\"https:\\\/\\\/cyclingpro.net\\\/spaziociclismo\\\/wp-content\\\/uploads\\\/2026\\\/09\\\/1290947455.jpg\",\"width\":1200,\"height\":800,\"caption\":\"\u00a9 Sirotti\"},{\"@type\":\"BreadcrumbList\",\"@id\":\"https:\\\/\\\/cyclingpro.net\\\/spaziociclismo\\\/topflop\\\/vuelta-a-espana-2026-top-flop-del-giorno-13\\\/#breadcrumb\",\"itemListElement\":[{\"@type\":\"ListItem\",\"position\":1,\"name\":\"Home\",\"item\":\"https:\\\/\\\/cyclingpro.net\\\/spaziociclismo\\\/\"},{\"@type\":\"ListItem\",\"position\":2,\"name\":\"Vuelta a Espa\u00f1a 2026, Top\\\/Flop del giorno\"}]},{\"@type\":\"WebSite\",\"@id\":\"https:\\\/\\\/cyclingpro.net\\\/spaziociclismo\\\/#website\",\"url\":\"https:\\\/\\\/cyclingpro.net\\\/spaziociclismo\\\/\",\"name\":\"SpazioCiclismo\",\"description\":\"Tutto il ciclismo minuto per minuto\",\"publisher\":{\"@id\":\"https:\\\/\\\/cyclingpro.net\\\/spaziociclismo\\\/#organization\"},\"potentialAction\":[{\"@type\":\"SearchAction\",\"target\":{\"@type\":\"EntryPoint\",\"urlTemplate\":\"https:\\\/\\\/cyclingpro.net\\\/spaziociclismo\\\/?s={search_term_string}\"},\"query-input\":{\"@type\":\"PropertyValueSpecification\",\"valueRequired\":true,\"valueName\":\"search_term_string\"}}],\"inLanguage\":\"it-IT\"},{\"@type\":\"Organization\",\"@id\":\"https:\\\/\\\/cyclingpro.net\\\/spaziociclismo\\\/#organization\",\"name\":\"SpazioCiclismo\",\"url\":\"https:\\\/\\\/cyclingpro.net\\\/spaziociclismo\\\/\",\"logo\":{\"@type\":\"ImageObject\",\"inLanguage\":\"it-IT\",\"@id\":\"https:\\\/\\\/cyclingpro.net\\\/spaziociclismo\\\/#\\\/schema\\\/logo\\\/image\\\/\",\"url\":\"https:\\\/\\\/cyclingpro.net\\\/spaziociclismo\\\/wp-content\\\/uploads\\\/2017\\\/02\\\/SpazioCiclismo-Logo-Quadrato.png\",\"contentUrl\":\"https:\\\/\\\/cyclingpro.net\\\/spaziociclismo\\\/wp-content\\\/uploads\\\/2017\\\/02\\\/SpazioCiclismo-Logo-Quadrato.png\",\"width\":450,\"height\":450,\"caption\":\"SpazioCiclismo\"},\"image\":{\"@id\":\"https:\\\/\\\/cyclingpro.net\\\/spaziociclismo\\\/#\\\/schema\\\/logo\\\/image\\\/\"},\"sameAs\":[\"https:\\\/\\\/www.facebook.com\\\/SpazioCiclismo\\\/\",\"https:\\\/\\\/x.com\\\/spaziociclismo\",\"https:\\\/\\\/www.instagram.com\\\/spaziociclismo\\\/\"]},{\"@type\":\"Person\",\"@id\":\"https:\\\/\\\/cyclingpro.net\\\/spaziociclismo\\\/#\\\/schema\\\/person\\\/dba3a57e86bb6baefba5acbf905f8801\",\"name\":\"Luca Pellegrini\",\"image\":{\"@type\":\"ImageObject\",\"inLanguage\":\"it-IT\",\"@id\":\"https:\\\/\\\/secure.gravatar.com\\\/avatar\\\/e233a6b2a31aba774a86fc0121b1a3bd7f6e7d1a4d2162cde93df050675351b8?s=96&d=mm&r=g\",\"url\":\"https:\\\/\\\/secure.gravatar.com\\\/avatar\\\/e233a6b2a31aba774a86fc0121b1a3bd7f6e7d1a4d2162cde93df050675351b8?s=96&d=mm&r=g\",\"contentUrl\":\"https:\\\/\\\/secure.gravatar.com\\\/avatar\\\/e233a6b2a31aba774a86fc0121b1a3bd7f6e7d1a4d2162cde93df050675351b8?s=96&d=mm&r=g\",\"caption\":\"Luca Pellegrini\"},\"url\":\"https:\\\/\\\/cyclingpro.net\\\/spaziociclismo\\\/author\\\/lpellegrini\\\/\"}]}<\/script>\n<!-- \/ Yoast SEO plugin. -->","yoast_head_json":{"title":"Vuelta a Espa\u00f1a 2026, Top\/Flop del giorno - SpazioCiclismo","robots":{"index":"index","follow":"follow","max-snippet":"max-snippet:-1","max-image-preview":"max-image-preview:large","max-video-preview":"max-video-preview:-1"},"canonical":"https:\/\/cyclingpro.net\/spaziociclismo\/topflop\/vuelta-a-espana-2026-top-flop-del-giorno-13\/","og_locale":"it_IT","og_type":"article","og_title":"Vuelta a Espa\u00f1a 2026, Top\/Flop del giorno - SpazioCiclismo","og_description":"I Top\/Flop del giorno a #LaVuelta26","og_url":"https:\/\/cyclingpro.net\/spaziociclismo\/topflop\/vuelta-a-espana-2026-top-flop-del-giorno-13\/","og_site_name":"SpazioCiclismo","article_publisher":"https:\/\/www.facebook.com\/SpazioCiclismo\/","article_published_time":"2026-09-04T18:00:00+00:00","og_image":[{"width":1200,"height":800,"url":"https:\/\/cyclingpro.net\/spaziociclismo\/wp-content\/uploads\/2026\/09\/1290947455.jpg","type":"image\/jpeg"}],"author":"Luca Pellegrini","twitter_card":"summary_large_image","twitter_creator":"@spaziociclismo","twitter_site":"@spaziociclismo","twitter_misc":{"Scritto da":"Luca Pellegrini","Tempo di lettura stimato":"4 minuti"},"schema":{"@context":"https:\/\/schema.org","@graph":[{"@type":"Article","@id":"https:\/\/cyclingpro.net\/spaziociclismo\/topflop\/vuelta-a-espana-2026-top-flop-del-giorno-13\/#article","isPartOf":{"@id":"https:\/\/cyclingpro.net\/spaziociclismo\/topflop\/vuelta-a-espana-2026-top-flop-del-giorno-13\/"},"author":{"name":"Luca Pellegrini","@id":"https:\/\/cyclingpro.net\/spaziociclismo\/#\/schema\/person\/dba3a57e86bb6baefba5acbf905f8801"},"headline":"Vuelta a Espa\u00f1a 2026, Top\/Flop del giorno","datePublished":"2026-09-04T18:00:00+00:00","mainEntityOfPage":{"@id":"https:\/\/cyclingpro.net\/spaziociclismo\/topflop\/vuelta-a-espana-2026-top-flop-del-giorno-13\/"},"wordCount":619,"commentCount":0,"publisher":{"@id":"https:\/\/cyclingpro.net\/spaziociclismo\/#organization"},"image":{"@id":"https:\/\/cyclingpro.net\/spaziociclismo\/topflop\/vuelta-a-espana-2026-top-flop-del-giorno-13\/#primaryimage"},"thumbnailUrl":"https:\/\/cyclingpro.net\/spaziociclismo\/wp-content\/uploads\/2026\/09\/1290947455.jpg","keywords":["Vuelta a Espa\u00f1a 2026"],"articleSection":["Top\/Flop","Vetrina","Vuelta 2026"],"inLanguage":"it-IT","potentialAction":[{"@type":"CommentAction","name":"Comment","target":["https:\/\/cyclingpro.net\/spaziociclismo\/topflop\/vuelta-a-espana-2026-top-flop-del-giorno-13\/#respond"]}]},{"@type":"WebPage","@id":"https:\/\/cyclingpro.net\/spaziociclismo\/topflop\/vuelta-a-espana-2026-top-flop-del-giorno-13\/","url":"https:\/\/cyclingpro.net\/spaziociclismo\/topflop\/vuelta-a-espana-2026-top-flop-del-giorno-13\/","name":"Vuelta a Espa\u00f1a 2026, Top\/Flop del giorno - SpazioCiclismo","isPartOf":{"@id":"https:\/\/cyclingpro.net\/spaziociclismo\/#website"},"primaryImageOfPage":{"@id":"https:\/\/cyclingpro.net\/spaziociclismo\/topflop\/vuelta-a-espana-2026-top-flop-del-giorno-13\/#primaryimage"},"image":{"@id":"https:\/\/cyclingpro.net\/spaziociclismo\/topflop\/vuelta-a-espana-2026-top-flop-del-giorno-13\/#primaryimage"},"thumbnailUrl":"https:\/\/cyclingpro.net\/spaziociclismo\/wp-content\/uploads\/2026\/09\/1290947455.jpg","datePublished":"2026-09-04T18:00:00+00:00","breadcrumb":{"@id":"https:\/\/cyclingpro.net\/spaziociclismo\/topflop\/vuelta-a-espana-2026-top-flop-del-giorno-13\/#breadcrumb"},"inLanguage":"it-IT","potentialAction":[{"@type":"ReadAction","target":["https:\/\/cyclingpro.net\/spaziociclismo\/topflop\/vuelta-a-espana-2026-top-flop-del-giorno-13\/"]}]},{"@type":"ImageObject","inLanguage":"it-IT","@id":"https:\/\/cyclingpro.net\/spaziociclismo\/topflop\/vuelta-a-espana-2026-top-flop-del-giorno-13\/#primaryimage","url":"https:\/\/cyclingpro.net\/spaziociclismo\/wp-content\/uploads\/2026\/09\/1290947455.jpg","contentUrl":"https:\/\/cyclingpro.net\/spaziociclismo\/wp-content\/uploads\/2026\/09\/1290947455.jpg","width":1200,"height":800,"caption":"\u00a9 Sirotti"},{"@type":"BreadcrumbList","@id":"https:\/\/cyclingpro.net\/spaziociclismo\/topflop\/vuelta-a-espana-2026-top-flop-del-giorno-13\/#breadcrumb","itemListElement":[{"@type":"ListItem","position":1,"name":"Home","item":"https:\/\/cyclingpro.net\/spaziociclismo\/"},{"@type":"ListItem","position":2,"name":"Vuelta a Espa\u00f1a 2026, Top\/Flop del giorno"}]},{"@type":"WebSite","@id":"https:\/\/cyclingpro.net\/spaziociclismo\/#website","url":"https:\/\/cyclingpro.net\/spaziociclismo\/","name":"SpazioCiclismo","description":"Tutto il ciclismo minuto per minuto","publisher":{"@id":"https:\/\/cyclingpro.net\/spaziociclismo\/#organization"},"potentialAction":[{"@type":"SearchAction","target":{"@type":"EntryPoint","urlTemplate":"https:\/\/cyclingpro.net\/spaziociclismo\/?s={search_term_string}"},"query-input":{"@type":"PropertyValueSpecification","valueRequired":true,"valueName":"search_term_string"}}],"inLanguage":"it-IT"},{"@type":"Organization","@id":"https:\/\/cyclingpro.net\/spaziociclismo\/#organization","name":"SpazioCiclismo","url":"https:\/\/cyclingpro.net\/spaziociclismo\/","logo":{"@type":"ImageObject","inLanguage":"it-IT","@id":"https:\/\/cyclingpro.net\/spaziociclismo\/#\/schema\/logo\/image\/","url":"https:\/\/cyclingpro.net\/spaziociclismo\/wp-content\/uploads\/2017\/02\/SpazioCiclismo-Logo-Quadrato.png","contentUrl":"https:\/\/cyclingpro.net\/spaziociclismo\/wp-content\/uploads\/2017\/02\/SpazioCiclismo-Logo-Quadrato.png","width":450,"height":450,"caption":"SpazioCiclismo"},"image":{"@id":"https:\/\/cyclingpro.net\/spaziociclismo\/#\/schema\/logo\/image\/"},"sameAs":["https:\/\/www.facebook.com\/SpazioCiclismo\/","https:\/\/x.com\/spaziociclismo","https:\/\/www.instagram.com\/spaziociclismo\/"]},{"@type":"Person","@id":"https:\/\/cyclingpro.net\/spaziociclismo\/#\/schema\/person\/dba3a57e86bb6baefba5acbf905f8801","name":"Luca Pellegrini","image":{"@type":"ImageObject","inLanguage":"it-IT","@id":"https:\/\/secure.gravatar.com\/avatar\/e233a6b2a31aba774a86fc0121b1a3bd7f6e7d1a4d2162cde93df050675351b8?s=96&d=mm&r=g","url":"https:\/\/secure.gravatar.com\/avatar\/e233a6b2a31aba774a86fc0121b1a3bd7f6e7d1a4d2162cde93df050675351b8?s=96&d=mm&r=g","contentUrl":"https:\/\/secure.gravatar.com\/avatar\/e233a6b2a31aba774a86fc0121b1a3bd7f6e7d1a4d2162cde93df050675351b8?s=96&d=mm&r=g","caption":"Luca Pellegrini"},"url":"https:\/\/cyclingpro.net\/spaziociclismo\/author\/lpellegrini\/"}]}},"_links":{"self":[{"href":"https:\/\/cyclingpro.net\/spaziociclismo\/wp-json\/wp\/v2\/posts\/393712","targetHints":{"allow":["GET"]}}],"collection":[{"href":"https:\/\/cyclingpro.net\/spaziociclismo\/wp-json\/wp\/v2\/posts"}],"about":[{"href":"https:\/\/cyclingpro.net\/spaziociclismo\/wp-json\/wp\/v2\/types\/post"}],"author":[{"embeddable":true,"href":"https:\/\/cyclingpro.net\/spaziociclismo\/wp-json\/wp\/v2\/users\/4"}],"replies":[{"embeddable":true,"href":"https:\/\/cyclingpro.net\/spaziociclismo\/wp-json\/wp\/v2\/comments?post=393712"}],"version-history":[{"count":2,"href":"https:\/\/cyclingpro.net\/spaziociclismo\/wp-json\/wp\/v2\/posts\/393712\/revisions"}],"predecessor-version":[{"id":393718,"href":"https:\/\/cyclingpro.net\/spaziociclismo\/wp-json\/wp\/v2\/posts\/393712\/revisions\/393718"}],"wp:featuredmedia":[{"embeddable":true,"href":"https:\/\/cyclingpro.net\/spaziociclismo\/wp-json\/wp\/v2\/media\/393716"}],"wp:attachment":[{"href":"https:\/\/cyclingpro.net\/spaziociclismo\/wp-json\/wp\/v2\/media?parent=393712"}],"wp:term":[{"taxonomy":"category","embeddable":true,"href":"https:\/\/cyclingpro.net\/spaziociclismo\/wp-json\/wp\/v2\/categories?post=393712"},{"taxonomy":"post_tag","embeddable":true,"href":"https:\/\/cyclingpro.net\/spaziociclismo\/wp-json\/wp\/v2\/tags?post=393712"}],"curies":[{"name":"wp","href":"https:\/\/api.w.org\/{rel}","templated":true}]}}