{"id":393709,"date":"2026-09-04T19:15:33","date_gmt":"2026-09-04T17:15:33","guid":{"rendered":"https:\/\/cyclingpro.net\/spaziociclismo\/?p=393709"},"modified":"2026-09-04T19:15:33","modified_gmt":"2026-09-04T17:15:33","slug":"vuelta-a-espana-2026-santiago-buitrago-sulla-lotta-per-la-maglia-a-pois-normalmente-e-per-gli-scalatori-ma-ora-ci-provano-anche-i-velocistinon-e-facile-competere-contro-wout-van-a","status":"publish","type":"post","link":"https:\/\/cyclingpro.net\/spaziociclismo\/vuelta-2026\/vuelta-a-espana-2026-santiago-buitrago-sulla-lotta-per-la-maglia-a-pois-normalmente-e-per-gli-scalatori-ma-ora-ci-provano-anche-i-velocistinon-e-facile-competere-contro-wout-van-a\/","title":{"rendered":"Vuelta a Espa\u00f1a 2026, Santiago Buitrago sulla lotta per la Maglia a Pois: \u201cNormalmente \u00e8 per gli scalatori, ma ora ci provano anche i velocisti\u2026Non \u00e8 facile competere contro Wout van Aert\u201d"},"content":{"rendered":"<p><strong>Santiago Buitrago<\/strong> sta trovando un avversario inaspettato per la conquista della <strong>Maglia a Pois Azzurri<\/strong>, ovvero <strong>Wout van Aert<\/strong>. Con l\u2019uscita di scena per ritiro di Tadej Poga\u010dar, il corridore della <strong>Bahrain &#8211; Victorious<\/strong> pensava di poter avere vita pi\u00f9 facile per conquistare la maglia di miglior scalatore e invece si \u00e8 trovato un rivale inaspettato sulla strada. Infatti il belga nelle ultime tappe \u00e8 sempre andato a sprintare per i punti ai GPM e anche nella tappa odierna, poi vinta, ha preceduto il colombiano sull\u2019Alto de la Venta de la Cebada. Buitrago mantiene ancora 18 punti di vantaggio in classifica, ma ammette che non si sarebbe aspettato di avere il vincitore della Parigi &#8211; Roubaix come principale avversario.<\/p>\n<p>\u201c<strong>Normalmente la Maglia a Pois \u00e8 per gli scalatori<\/strong>, ma ora&#8230;- sottolinea Buitrago ai nostri microfoni dopo l&#8217;arrivo &#8211; Negli ultimi anni, i velocisti fanno gli scalatori e gli scalatori fanno gli sprint, quindi \u00e8 un po\u2019 un mix per tutti. <strong>Non \u00e8 facile competere contro Wout van Aert<\/strong>. \u00c8 uno dei migliori al mondo e, beh, questo rende la battaglia per questa maglia ancora pi\u00f9 interessante. Domani sar\u00e0 una giornata molto dura. Speriamo di recuperare bene, in modo da avere gambe forti domani e poter concludere questa settimana nel miglior modo possibile\u201d.<\/p>\n","protected":false},"excerpt":{"rendered":"<p>Santiago Buitrago sta trovando un avversario inaspettato per la conquista della Maglia a Pois Azzurri, ovvero Wout van Aert #LaVuelta26<\/p>\n","protected":false},"author":52,"featured_media":393713,"comment_status":"open","ping_status":"closed","sticky":false,"template":"","format":"standard","meta":{"footnotes":"","_members_access_role":[],"_members_access_error":""},"categories":[6589],"tags":[3272,5752],"class_list":["post-393709","post","type-post","status-publish","format-standard","has-post-thumbnail","hentry","category-vuelta-2026","tag-santiago-buitrago","tag-vuelta-a-espana-2026"],"yoast_head":"<!-- This site is optimized with the Yoast SEO plugin v28.4 - https:\/\/yoast.com\/product\/yoast-seo-wordpress\/ -->\n<title>Vuelta a Espa\u00f1a 2026, Santiago Buitrago sulla lotta per la Maglia a Pois: \u201cNormalmente \u00e8 per gli scalatori, ma ora ci provano anche i velocisti\u2026Non \u00e8 facile competere contro Wout van Aert\u201d - SpazioCiclismo<\/title>\n<meta name=\"robots\" content=\"index, follow, max-snippet:-1, max-image-preview:large, max-video-preview:-1\" \/>\n<link rel=\"canonical\" href=\"https:\/\/cyclingpro.net\/spaziociclismo\/vuelta-2026\/vuelta-a-espana-2026-santiago-buitrago-sulla-lotta-per-la-maglia-a-pois-normalmente-e-per-gli-scalatori-ma-ora-ci-provano-anche-i-velocistinon-e-facile-competere-contro-wout-van-a\/\" \/>\n<meta property=\"og:locale\" content=\"it_IT\" \/>\n<meta property=\"og:type\" content=\"article\" \/>\n<meta property=\"og:title\" content=\"Vuelta a Espa\u00f1a 2026, Santiago Buitrago sulla lotta per la Maglia a Pois: \u201cNormalmente \u00e8 per gli scalatori, ma ora ci provano anche i velocisti\u2026Non \u00e8 facile competere contro Wout van Aert\u201d - SpazioCiclismo\" \/>\n<meta property=\"og:description\" content=\"Santiago Buitrago sta trovando un avversario inaspettato per la conquista della Maglia a Pois Azzurri, ovvero Wout van Aert #LaVuelta26\" \/>\n<meta property=\"og:url\" content=\"https:\/\/cyclingpro.net\/spaziociclismo\/vuelta-2026\/vuelta-a-espana-2026-santiago-buitrago-sulla-lotta-per-la-maglia-a-pois-normalmente-e-per-gli-scalatori-ma-ora-ci-provano-anche-i-velocistinon-e-facile-competere-contro-wout-van-a\/\" \/>\n<meta property=\"og:site_name\" content=\"SpazioCiclismo\" \/>\n<meta property=\"article:publisher\" content=\"https:\/\/www.facebook.com\/SpazioCiclismo\/\" \/>\n<meta property=\"article:published_time\" content=\"2026-09-04T17:15:33+00:00\" \/>\n<meta property=\"og:image\" content=\"https:\/\/cyclingpro.net\/spaziociclismo\/wp-content\/uploads\/2026\/09\/Screenshot-2026-09-04-191355.png\" \/>\n\t<meta property=\"og:image:width\" content=\"1143\" \/>\n\t<meta property=\"og:image:height\" content=\"644\" \/>\n\t<meta property=\"og:image:type\" content=\"image\/png\" \/>\n<meta name=\"author\" content=\"Alessandro Farina\" \/>\n<meta name=\"twitter:card\" content=\"summary_large_image\" \/>\n<meta name=\"twitter:creator\" content=\"@spaziociclismo\" \/>\n<meta name=\"twitter:site\" content=\"@spaziociclismo\" \/>\n<meta name=\"twitter:label1\" content=\"Scritto da\" \/>\n\t<meta name=\"twitter:data1\" content=\"Alessandro Farina\" \/>\n\t<meta name=\"twitter:label2\" content=\"Tempo di lettura stimato\" \/>\n\t<meta name=\"twitter:data2\" content=\"2 minuti\" \/>\n<script type=\"application\/ld+json\" class=\"yoast-schema-graph\">{\"@context\":\"https:\\\/\\\/schema.org\",\"@graph\":[{\"@type\":\"Article\",\"@id\":\"https:\\\/\\\/cyclingpro.net\\\/spaziociclismo\\\/vuelta-2026\\\/vuelta-a-espana-2026-santiago-buitrago-sulla-lotta-per-la-maglia-a-pois-normalmente-e-per-gli-scalatori-ma-ora-ci-provano-anche-i-velocistinon-e-facile-competere-contro-wout-van-a\\\/#article\",\"isPartOf\":{\"@id\":\"https:\\\/\\\/cyclingpro.net\\\/spaziociclismo\\\/vuelta-2026\\\/vuelta-a-espana-2026-santiago-buitrago-sulla-lotta-per-la-maglia-a-pois-normalmente-e-per-gli-scalatori-ma-ora-ci-provano-anche-i-velocistinon-e-facile-competere-contro-wout-van-a\\\/\"},\"author\":{\"name\":\"Alessandro Farina\",\"@id\":\"https:\\\/\\\/cyclingpro.net\\\/spaziociclismo\\\/#\\\/schema\\\/person\\\/fda4d079a95104c2764f9c3ffa3fc26f\"},\"headline\":\"Vuelta a Espa\u00f1a 2026, Santiago Buitrago sulla lotta per la Maglia a Pois: \u201cNormalmente \u00e8 per gli scalatori, ma ora ci provano anche i velocisti\u2026Non \u00e8 facile competere contro Wout van Aert\u201d\",\"datePublished\":\"2026-09-04T17:15:33+00:00\",\"mainEntityOfPage\":{\"@id\":\"https:\\\/\\\/cyclingpro.net\\\/spaziociclismo\\\/vuelta-2026\\\/vuelta-a-espana-2026-santiago-buitrago-sulla-lotta-per-la-maglia-a-pois-normalmente-e-per-gli-scalatori-ma-ora-ci-provano-anche-i-velocistinon-e-facile-competere-contro-wout-van-a\\\/\"},\"wordCount\":241,\"commentCount\":0,\"publisher\":{\"@id\":\"https:\\\/\\\/cyclingpro.net\\\/spaziociclismo\\\/#organization\"},\"image\":{\"@id\":\"https:\\\/\\\/cyclingpro.net\\\/spaziociclismo\\\/vuelta-2026\\\/vuelta-a-espana-2026-santiago-buitrago-sulla-lotta-per-la-maglia-a-pois-normalmente-e-per-gli-scalatori-ma-ora-ci-provano-anche-i-velocistinon-e-facile-competere-contro-wout-van-a\\\/#primaryimage\"},\"thumbnailUrl\":\"https:\\\/\\\/cyclingpro.net\\\/spaziociclismo\\\/wp-content\\\/uploads\\\/2026\\\/09\\\/Screenshot-2026-09-04-191355.png\",\"keywords\":[\"Santiago Buitrago\",\"Vuelta a Espa\u00f1a 2026\"],\"articleSection\":[\"Vuelta 2026\"],\"inLanguage\":\"it-IT\",\"potentialAction\":[{\"@type\":\"CommentAction\",\"name\":\"Comment\",\"target\":[\"https:\\\/\\\/cyclingpro.net\\\/spaziociclismo\\\/vuelta-2026\\\/vuelta-a-espana-2026-santiago-buitrago-sulla-lotta-per-la-maglia-a-pois-normalmente-e-per-gli-scalatori-ma-ora-ci-provano-anche-i-velocistinon-e-facile-competere-contro-wout-van-a\\\/#respond\"]}]},{\"@type\":\"WebPage\",\"@id\":\"https:\\\/\\\/cyclingpro.net\\\/spaziociclismo\\\/vuelta-2026\\\/vuelta-a-espana-2026-santiago-buitrago-sulla-lotta-per-la-maglia-a-pois-normalmente-e-per-gli-scalatori-ma-ora-ci-provano-anche-i-velocistinon-e-facile-competere-contro-wout-van-a\\\/\",\"url\":\"https:\\\/\\\/cyclingpro.net\\\/spaziociclismo\\\/vuelta-2026\\\/vuelta-a-espana-2026-santiago-buitrago-sulla-lotta-per-la-maglia-a-pois-normalmente-e-per-gli-scalatori-ma-ora-ci-provano-anche-i-velocistinon-e-facile-competere-contro-wout-van-a\\\/\",\"name\":\"Vuelta a Espa\u00f1a 2026, Santiago Buitrago sulla lotta per la Maglia a Pois: \u201cNormalmente \u00e8 per gli scalatori, ma ora ci provano anche i velocisti\u2026Non \u00e8 facile competere contro Wout van Aert\u201d - SpazioCiclismo\",\"isPartOf\":{\"@id\":\"https:\\\/\\\/cyclingpro.net\\\/spaziociclismo\\\/#website\"},\"primaryImageOfPage\":{\"@id\":\"https:\\\/\\\/cyclingpro.net\\\/spaziociclismo\\\/vuelta-2026\\\/vuelta-a-espana-2026-santiago-buitrago-sulla-lotta-per-la-maglia-a-pois-normalmente-e-per-gli-scalatori-ma-ora-ci-provano-anche-i-velocistinon-e-facile-competere-contro-wout-van-a\\\/#primaryimage\"},\"image\":{\"@id\":\"https:\\\/\\\/cyclingpro.net\\\/spaziociclismo\\\/vuelta-2026\\\/vuelta-a-espana-2026-santiago-buitrago-sulla-lotta-per-la-maglia-a-pois-normalmente-e-per-gli-scalatori-ma-ora-ci-provano-anche-i-velocistinon-e-facile-competere-contro-wout-van-a\\\/#primaryimage\"},\"thumbnailUrl\":\"https:\\\/\\\/cyclingpro.net\\\/spaziociclismo\\\/wp-content\\\/uploads\\\/2026\\\/09\\\/Screenshot-2026-09-04-191355.png\",\"datePublished\":\"2026-09-04T17:15:33+00:00\",\"breadcrumb\":{\"@id\":\"https:\\\/\\\/cyclingpro.net\\\/spaziociclismo\\\/vuelta-2026\\\/vuelta-a-espana-2026-santiago-buitrago-sulla-lotta-per-la-maglia-a-pois-normalmente-e-per-gli-scalatori-ma-ora-ci-provano-anche-i-velocistinon-e-facile-competere-contro-wout-van-a\\\/#breadcrumb\"},\"inLanguage\":\"it-IT\",\"potentialAction\":[{\"@type\":\"ReadAction\",\"target\":[\"https:\\\/\\\/cyclingpro.net\\\/spaziociclismo\\\/vuelta-2026\\\/vuelta-a-espana-2026-santiago-buitrago-sulla-lotta-per-la-maglia-a-pois-normalmente-e-per-gli-scalatori-ma-ora-ci-provano-anche-i-velocistinon-e-facile-competere-contro-wout-van-a\\\/\"]}]},{\"@type\":\"ImageObject\",\"inLanguage\":\"it-IT\",\"@id\":\"https:\\\/\\\/cyclingpro.net\\\/spaziociclismo\\\/vuelta-2026\\\/vuelta-a-espana-2026-santiago-buitrago-sulla-lotta-per-la-maglia-a-pois-normalmente-e-per-gli-scalatori-ma-ora-ci-provano-anche-i-velocistinon-e-facile-competere-contro-wout-van-a\\\/#primaryimage\",\"url\":\"https:\\\/\\\/cyclingpro.net\\\/spaziociclismo\\\/wp-content\\\/uploads\\\/2026\\\/09\\\/Screenshot-2026-09-04-191355.png\",\"contentUrl\":\"https:\\\/\\\/cyclingpro.net\\\/spaziociclismo\\\/wp-content\\\/uploads\\\/2026\\\/09\\\/Screenshot-2026-09-04-191355.png\",\"width\":1143,\"height\":644},{\"@type\":\"BreadcrumbList\",\"@id\":\"https:\\\/\\\/cyclingpro.net\\\/spaziociclismo\\\/vuelta-2026\\\/vuelta-a-espana-2026-santiago-buitrago-sulla-lotta-per-la-maglia-a-pois-normalmente-e-per-gli-scalatori-ma-ora-ci-provano-anche-i-velocistinon-e-facile-competere-contro-wout-van-a\\\/#breadcrumb\",\"itemListElement\":[{\"@type\":\"ListItem\",\"position\":1,\"name\":\"Home\",\"item\":\"https:\\\/\\\/cyclingpro.net\\\/spaziociclismo\\\/\"},{\"@type\":\"ListItem\",\"position\":2,\"name\":\"Vuelta a Espa\u00f1a 2026, Santiago Buitrago sulla lotta per la Maglia a Pois: \u201cNormalmente \u00e8 per gli scalatori, ma ora ci provano anche i velocisti\u2026Non \u00e8 facile competere contro Wout van Aert\u201d\"}]},{\"@type\":\"WebSite\",\"@id\":\"https:\\\/\\\/cyclingpro.net\\\/spaziociclismo\\\/#website\",\"url\":\"https:\\\/\\\/cyclingpro.net\\\/spaziociclismo\\\/\",\"name\":\"SpazioCiclismo\",\"description\":\"Tutto il ciclismo minuto per minuto\",\"publisher\":{\"@id\":\"https:\\\/\\\/cyclingpro.net\\\/spaziociclismo\\\/#organization\"},\"potentialAction\":[{\"@type\":\"SearchAction\",\"target\":{\"@type\":\"EntryPoint\",\"urlTemplate\":\"https:\\\/\\\/cyclingpro.net\\\/spaziociclismo\\\/?s={search_term_string}\"},\"query-input\":{\"@type\":\"PropertyValueSpecification\",\"valueRequired\":true,\"valueName\":\"search_term_string\"}}],\"inLanguage\":\"it-IT\"},{\"@type\":\"Organization\",\"@id\":\"https:\\\/\\\/cyclingpro.net\\\/spaziociclismo\\\/#organization\",\"name\":\"SpazioCiclismo\",\"url\":\"https:\\\/\\\/cyclingpro.net\\\/spaziociclismo\\\/\",\"logo\":{\"@type\":\"ImageObject\",\"inLanguage\":\"it-IT\",\"@id\":\"https:\\\/\\\/cyclingpro.net\\\/spaziociclismo\\\/#\\\/schema\\\/logo\\\/image\\\/\",\"url\":\"https:\\\/\\\/cyclingpro.net\\\/spaziociclismo\\\/wp-content\\\/uploads\\\/2017\\\/02\\\/SpazioCiclismo-Logo-Quadrato.png\",\"contentUrl\":\"https:\\\/\\\/cyclingpro.net\\\/spaziociclismo\\\/wp-content\\\/uploads\\\/2017\\\/02\\\/SpazioCiclismo-Logo-Quadrato.png\",\"width\":450,\"height\":450,\"caption\":\"SpazioCiclismo\"},\"image\":{\"@id\":\"https:\\\/\\\/cyclingpro.net\\\/spaziociclismo\\\/#\\\/schema\\\/logo\\\/image\\\/\"},\"sameAs\":[\"https:\\\/\\\/www.facebook.com\\\/SpazioCiclismo\\\/\",\"https:\\\/\\\/x.com\\\/spaziociclismo\",\"https:\\\/\\\/www.instagram.com\\\/spaziociclismo\\\/\"]},{\"@type\":\"Person\",\"@id\":\"https:\\\/\\\/cyclingpro.net\\\/spaziociclismo\\\/#\\\/schema\\\/person\\\/fda4d079a95104c2764f9c3ffa3fc26f\",\"name\":\"Alessandro Farina\",\"image\":{\"@type\":\"ImageObject\",\"inLanguage\":\"it-IT\",\"@id\":\"https:\\\/\\\/secure.gravatar.com\\\/avatar\\\/a15b660280727ff1737611bc5349040155e2609201d613ef2611905cdc7a122a?s=96&d=mm&r=g\",\"url\":\"https:\\\/\\\/secure.gravatar.com\\\/avatar\\\/a15b660280727ff1737611bc5349040155e2609201d613ef2611905cdc7a122a?s=96&d=mm&r=g\",\"contentUrl\":\"https:\\\/\\\/secure.gravatar.com\\\/avatar\\\/a15b660280727ff1737611bc5349040155e2609201d613ef2611905cdc7a122a?s=96&d=mm&r=g\",\"caption\":\"Alessandro Farina\"},\"url\":\"https:\\\/\\\/cyclingpro.net\\\/spaziociclismo\\\/author\\\/afarina\\\/\"}]}<\/script>\n<!-- \/ Yoast SEO plugin. -->","yoast_head_json":{"title":"Vuelta a Espa\u00f1a 2026, Santiago Buitrago sulla lotta per la Maglia a Pois: \u201cNormalmente \u00e8 per gli scalatori, ma ora ci provano anche i velocisti\u2026Non \u00e8 facile competere contro Wout van Aert\u201d - SpazioCiclismo","robots":{"index":"index","follow":"follow","max-snippet":"max-snippet:-1","max-image-preview":"max-image-preview:large","max-video-preview":"max-video-preview:-1"},"canonical":"https:\/\/cyclingpro.net\/spaziociclismo\/vuelta-2026\/vuelta-a-espana-2026-santiago-buitrago-sulla-lotta-per-la-maglia-a-pois-normalmente-e-per-gli-scalatori-ma-ora-ci-provano-anche-i-velocistinon-e-facile-competere-contro-wout-van-a\/","og_locale":"it_IT","og_type":"article","og_title":"Vuelta a Espa\u00f1a 2026, Santiago Buitrago sulla lotta per la Maglia a Pois: \u201cNormalmente \u00e8 per gli scalatori, ma ora ci provano anche i velocisti\u2026Non \u00e8 facile competere contro Wout van Aert\u201d - SpazioCiclismo","og_description":"Santiago Buitrago sta trovando un avversario inaspettato per la conquista della Maglia a Pois Azzurri, ovvero Wout van Aert #LaVuelta26","og_url":"https:\/\/cyclingpro.net\/spaziociclismo\/vuelta-2026\/vuelta-a-espana-2026-santiago-buitrago-sulla-lotta-per-la-maglia-a-pois-normalmente-e-per-gli-scalatori-ma-ora-ci-provano-anche-i-velocistinon-e-facile-competere-contro-wout-van-a\/","og_site_name":"SpazioCiclismo","article_publisher":"https:\/\/www.facebook.com\/SpazioCiclismo\/","article_published_time":"2026-09-04T17:15:33+00:00","og_image":[{"width":1143,"height":644,"url":"https:\/\/cyclingpro.net\/spaziociclismo\/wp-content\/uploads\/2026\/09\/Screenshot-2026-09-04-191355.png","type":"image\/png"}],"author":"Alessandro Farina","twitter_card":"summary_large_image","twitter_creator":"@spaziociclismo","twitter_site":"@spaziociclismo","twitter_misc":{"Scritto da":"Alessandro Farina","Tempo di lettura stimato":"2 minuti"},"schema":{"@context":"https:\/\/schema.org","@graph":[{"@type":"Article","@id":"https:\/\/cyclingpro.net\/spaziociclismo\/vuelta-2026\/vuelta-a-espana-2026-santiago-buitrago-sulla-lotta-per-la-maglia-a-pois-normalmente-e-per-gli-scalatori-ma-ora-ci-provano-anche-i-velocistinon-e-facile-competere-contro-wout-van-a\/#article","isPartOf":{"@id":"https:\/\/cyclingpro.net\/spaziociclismo\/vuelta-2026\/vuelta-a-espana-2026-santiago-buitrago-sulla-lotta-per-la-maglia-a-pois-normalmente-e-per-gli-scalatori-ma-ora-ci-provano-anche-i-velocistinon-e-facile-competere-contro-wout-van-a\/"},"author":{"name":"Alessandro Farina","@id":"https:\/\/cyclingpro.net\/spaziociclismo\/#\/schema\/person\/fda4d079a95104c2764f9c3ffa3fc26f"},"headline":"Vuelta a Espa\u00f1a 2026, Santiago Buitrago sulla lotta per la Maglia a Pois: \u201cNormalmente \u00e8 per gli scalatori, ma ora ci provano anche i velocisti\u2026Non \u00e8 facile competere contro Wout van Aert\u201d","datePublished":"2026-09-04T17:15:33+00:00","mainEntityOfPage":{"@id":"https:\/\/cyclingpro.net\/spaziociclismo\/vuelta-2026\/vuelta-a-espana-2026-santiago-buitrago-sulla-lotta-per-la-maglia-a-pois-normalmente-e-per-gli-scalatori-ma-ora-ci-provano-anche-i-velocistinon-e-facile-competere-contro-wout-van-a\/"},"wordCount":241,"commentCount":0,"publisher":{"@id":"https:\/\/cyclingpro.net\/spaziociclismo\/#organization"},"image":{"@id":"https:\/\/cyclingpro.net\/spaziociclismo\/vuelta-2026\/vuelta-a-espana-2026-santiago-buitrago-sulla-lotta-per-la-maglia-a-pois-normalmente-e-per-gli-scalatori-ma-ora-ci-provano-anche-i-velocistinon-e-facile-competere-contro-wout-van-a\/#primaryimage"},"thumbnailUrl":"https:\/\/cyclingpro.net\/spaziociclismo\/wp-content\/uploads\/2026\/09\/Screenshot-2026-09-04-191355.png","keywords":["Santiago Buitrago","Vuelta a Espa\u00f1a 2026"],"articleSection":["Vuelta 2026"],"inLanguage":"it-IT","potentialAction":[{"@type":"CommentAction","name":"Comment","target":["https:\/\/cyclingpro.net\/spaziociclismo\/vuelta-2026\/vuelta-a-espana-2026-santiago-buitrago-sulla-lotta-per-la-maglia-a-pois-normalmente-e-per-gli-scalatori-ma-ora-ci-provano-anche-i-velocistinon-e-facile-competere-contro-wout-van-a\/#respond"]}]},{"@type":"WebPage","@id":"https:\/\/cyclingpro.net\/spaziociclismo\/vuelta-2026\/vuelta-a-espana-2026-santiago-buitrago-sulla-lotta-per-la-maglia-a-pois-normalmente-e-per-gli-scalatori-ma-ora-ci-provano-anche-i-velocistinon-e-facile-competere-contro-wout-van-a\/","url":"https:\/\/cyclingpro.net\/spaziociclismo\/vuelta-2026\/vuelta-a-espana-2026-santiago-buitrago-sulla-lotta-per-la-maglia-a-pois-normalmente-e-per-gli-scalatori-ma-ora-ci-provano-anche-i-velocistinon-e-facile-competere-contro-wout-van-a\/","name":"Vuelta a Espa\u00f1a 2026, Santiago Buitrago sulla lotta per la Maglia a Pois: \u201cNormalmente \u00e8 per gli scalatori, ma ora ci provano anche i velocisti\u2026Non \u00e8 facile competere contro Wout van Aert\u201d - SpazioCiclismo","isPartOf":{"@id":"https:\/\/cyclingpro.net\/spaziociclismo\/#website"},"primaryImageOfPage":{"@id":"https:\/\/cyclingpro.net\/spaziociclismo\/vuelta-2026\/vuelta-a-espana-2026-santiago-buitrago-sulla-lotta-per-la-maglia-a-pois-normalmente-e-per-gli-scalatori-ma-ora-ci-provano-anche-i-velocistinon-e-facile-competere-contro-wout-van-a\/#primaryimage"},"image":{"@id":"https:\/\/cyclingpro.net\/spaziociclismo\/vuelta-2026\/vuelta-a-espana-2026-santiago-buitrago-sulla-lotta-per-la-maglia-a-pois-normalmente-e-per-gli-scalatori-ma-ora-ci-provano-anche-i-velocistinon-e-facile-competere-contro-wout-van-a\/#primaryimage"},"thumbnailUrl":"https:\/\/cyclingpro.net\/spaziociclismo\/wp-content\/uploads\/2026\/09\/Screenshot-2026-09-04-191355.png","datePublished":"2026-09-04T17:15:33+00:00","breadcrumb":{"@id":"https:\/\/cyclingpro.net\/spaziociclismo\/vuelta-2026\/vuelta-a-espana-2026-santiago-buitrago-sulla-lotta-per-la-maglia-a-pois-normalmente-e-per-gli-scalatori-ma-ora-ci-provano-anche-i-velocistinon-e-facile-competere-contro-wout-van-a\/#breadcrumb"},"inLanguage":"it-IT","potentialAction":[{"@type":"ReadAction","target":["https:\/\/cyclingpro.net\/spaziociclismo\/vuelta-2026\/vuelta-a-espana-2026-santiago-buitrago-sulla-lotta-per-la-maglia-a-pois-normalmente-e-per-gli-scalatori-ma-ora-ci-provano-anche-i-velocistinon-e-facile-competere-contro-wout-van-a\/"]}]},{"@type":"ImageObject","inLanguage":"it-IT","@id":"https:\/\/cyclingpro.net\/spaziociclismo\/vuelta-2026\/vuelta-a-espana-2026-santiago-buitrago-sulla-lotta-per-la-maglia-a-pois-normalmente-e-per-gli-scalatori-ma-ora-ci-provano-anche-i-velocistinon-e-facile-competere-contro-wout-van-a\/#primaryimage","url":"https:\/\/cyclingpro.net\/spaziociclismo\/wp-content\/uploads\/2026\/09\/Screenshot-2026-09-04-191355.png","contentUrl":"https:\/\/cyclingpro.net\/spaziociclismo\/wp-content\/uploads\/2026\/09\/Screenshot-2026-09-04-191355.png","width":1143,"height":644},{"@type":"BreadcrumbList","@id":"https:\/\/cyclingpro.net\/spaziociclismo\/vuelta-2026\/vuelta-a-espana-2026-santiago-buitrago-sulla-lotta-per-la-maglia-a-pois-normalmente-e-per-gli-scalatori-ma-ora-ci-provano-anche-i-velocistinon-e-facile-competere-contro-wout-van-a\/#breadcrumb","itemListElement":[{"@type":"ListItem","position":1,"name":"Home","item":"https:\/\/cyclingpro.net\/spaziociclismo\/"},{"@type":"ListItem","position":2,"name":"Vuelta a Espa\u00f1a 2026, Santiago Buitrago sulla lotta per la Maglia a Pois: \u201cNormalmente \u00e8 per gli scalatori, ma ora ci provano anche i velocisti\u2026Non \u00e8 facile competere contro Wout van Aert\u201d"}]},{"@type":"WebSite","@id":"https:\/\/cyclingpro.net\/spaziociclismo\/#website","url":"https:\/\/cyclingpro.net\/spaziociclismo\/","name":"SpazioCiclismo","description":"Tutto il ciclismo minuto per minuto","publisher":{"@id":"https:\/\/cyclingpro.net\/spaziociclismo\/#organization"},"potentialAction":[{"@type":"SearchAction","target":{"@type":"EntryPoint","urlTemplate":"https:\/\/cyclingpro.net\/spaziociclismo\/?s={search_term_string}"},"query-input":{"@type":"PropertyValueSpecification","valueRequired":true,"valueName":"search_term_string"}}],"inLanguage":"it-IT"},{"@type":"Organization","@id":"https:\/\/cyclingpro.net\/spaziociclismo\/#organization","name":"SpazioCiclismo","url":"https:\/\/cyclingpro.net\/spaziociclismo\/","logo":{"@type":"ImageObject","inLanguage":"it-IT","@id":"https:\/\/cyclingpro.net\/spaziociclismo\/#\/schema\/logo\/image\/","url":"https:\/\/cyclingpro.net\/spaziociclismo\/wp-content\/uploads\/2017\/02\/SpazioCiclismo-Logo-Quadrato.png","contentUrl":"https:\/\/cyclingpro.net\/spaziociclismo\/wp-content\/uploads\/2017\/02\/SpazioCiclismo-Logo-Quadrato.png","width":450,"height":450,"caption":"SpazioCiclismo"},"image":{"@id":"https:\/\/cyclingpro.net\/spaziociclismo\/#\/schema\/logo\/image\/"},"sameAs":["https:\/\/www.facebook.com\/SpazioCiclismo\/","https:\/\/x.com\/spaziociclismo","https:\/\/www.instagram.com\/spaziociclismo\/"]},{"@type":"Person","@id":"https:\/\/cyclingpro.net\/spaziociclismo\/#\/schema\/person\/fda4d079a95104c2764f9c3ffa3fc26f","name":"Alessandro Farina","image":{"@type":"ImageObject","inLanguage":"it-IT","@id":"https:\/\/secure.gravatar.com\/avatar\/a15b660280727ff1737611bc5349040155e2609201d613ef2611905cdc7a122a?s=96&d=mm&r=g","url":"https:\/\/secure.gravatar.com\/avatar\/a15b660280727ff1737611bc5349040155e2609201d613ef2611905cdc7a122a?s=96&d=mm&r=g","contentUrl":"https:\/\/secure.gravatar.com\/avatar\/a15b660280727ff1737611bc5349040155e2609201d613ef2611905cdc7a122a?s=96&d=mm&r=g","caption":"Alessandro Farina"},"url":"https:\/\/cyclingpro.net\/spaziociclismo\/author\/afarina\/"}]}},"_links":{"self":[{"href":"https:\/\/cyclingpro.net\/spaziociclismo\/wp-json\/wp\/v2\/posts\/393709","targetHints":{"allow":["GET"]}}],"collection":[{"href":"https:\/\/cyclingpro.net\/spaziociclismo\/wp-json\/wp\/v2\/posts"}],"about":[{"href":"https:\/\/cyclingpro.net\/spaziociclismo\/wp-json\/wp\/v2\/types\/post"}],"author":[{"embeddable":true,"href":"https:\/\/cyclingpro.net\/spaziociclismo\/wp-json\/wp\/v2\/users\/52"}],"replies":[{"embeddable":true,"href":"https:\/\/cyclingpro.net\/spaziociclismo\/wp-json\/wp\/v2\/comments?post=393709"}],"version-history":[{"count":4,"href":"https:\/\/cyclingpro.net\/spaziociclismo\/wp-json\/wp\/v2\/posts\/393709\/revisions"}],"predecessor-version":[{"id":393715,"href":"https:\/\/cyclingpro.net\/spaziociclismo\/wp-json\/wp\/v2\/posts\/393709\/revisions\/393715"}],"wp:featuredmedia":[{"embeddable":true,"href":"https:\/\/cyclingpro.net\/spaziociclismo\/wp-json\/wp\/v2\/media\/393713"}],"wp:attachment":[{"href":"https:\/\/cyclingpro.net\/spaziociclismo\/wp-json\/wp\/v2\/media?parent=393709"}],"wp:term":[{"taxonomy":"category","embeddable":true,"href":"https:\/\/cyclingpro.net\/spaziociclismo\/wp-json\/wp\/v2\/categories?post=393709"},{"taxonomy":"post_tag","embeddable":true,"href":"https:\/\/cyclingpro.net\/spaziociclismo\/wp-json\/wp\/v2\/tags?post=393709"}],"curies":[{"name":"wp","href":"https:\/\/api.w.org\/{rel}","templated":true}]}}