{"id":393664,"date":"2026-09-04T17:38:30","date_gmt":"2026-09-04T15:38:30","guid":{"rendered":"https:\/\/cyclingpro.net\/spaziociclismo\/?p=393664"},"modified":"2026-09-04T18:14:14","modified_gmt":"2026-09-04T16:14:14","slug":"vuelta-a-espana-2026-wout-van-aert-vince-anche-di-tattica-sapevo-di-dover-attaccare-ai-4-li-gli-altri-iniziano-a-pensare-allo-sprint","status":"publish","type":"post","link":"https:\/\/cyclingpro.net\/spaziociclismo\/vuelta-2026\/vuelta-a-espana-2026-wout-van-aert-vince-anche-di-tattica-sapevo-di-dover-attaccare-ai-4-li-gli-altri-iniziano-a-pensare-allo-sprint\/","title":{"rendered":"Vuelta a Espa\u00f1a 2026, Wout van Aert vince anche di tattica: &#8220;Sapevo di dover attaccare ai -4: l\u00ec gli altri iniziano a pensare allo sprint&#8221;"},"content":{"rendered":"<p>L&#8217;ha cercata a lungo e alla fine \u00e8 arrivata.\u00a0<strong><a href=\"https:\/\/cyclingpro.net\/spaziociclismo\/vuelta-2026\/vuelta-a-espana-2026-wout-van-aert-voglio-davvero-vincere-la-maglia-verde-i-punti-al-gpm-se-sono-in-regalo-come-oggi-non-esito-a-prenderli\/\" target=\"_blank\" rel=\"noopener\">Wout van Aert<\/a>\u00a0<\/strong>ha trovato la sua prima vittoria in questa edizione della <strong>Vuelta a Espa\u00f1a 2026\u00a0<\/strong>trionfando in fuga a Loja, nella <a href=\"https:\/\/cyclingpro.net\/spaziociclismo\/sintesi-gare\/vuelta-a-espana-2026-finalmente-wout-van-aert-successo-a-loja-su-valentin-paret-peintre-5-vincenzo-albanese-10-filippo-zana\/\" target=\"_blank\" rel=\"noopener\">tredicesima tappa del Grand Tour spagnolo<\/a>. Il corridore della\u00a0<strong>Visma | Lease a Bike<\/strong> ha posto il suo primo sigillo battendo\u00a0<strong>Valentin Paret-Peintre\u00a0<\/strong>(Soudal Quick-Step) in una volata a due, dopo che il francese era stato l&#8217;unico a seguire l&#8217;attacco deciso a 4 chilometri dalla conclusione. Il vincitore della Parigi-Roubaix 2026 era gi\u00e0 stato molto attivo nella prima parte della tappa e poi nel finale, selezionando a pi\u00f9 riprese il gruppone di circa 40 fuggitivi.<\/p>\n<p>&#8220;<strong>Prima della tappa ho parlato con Sara<\/strong> (sua moglie, ndr) <strong>e con i ragazzi<\/strong> &#8211; ha dichiarato il vincitore di giornata nell&#8217;intervista flash subito dopo l&#8217;arrivo &#8211; <strong>\u00c8 il supporto di cui ho bisogno per queste performance<\/strong>. Li voglio salutare dopo questa vittoria. <strong>Il piano era entrare nella fuga perch\u00e9 sapevamo che sarebbe stata una tappa molto difficile da controllare<\/strong>. Siamo riusciti a far parte della fuga di giornata con me, Matthew e Bruno. Anche Christophe \u00e8 molto adatto a questo tipo di giornate, quindi avevamo quattro corridori per oggi. Visto che eravamo tanti nel gruppo di testa, abbiamo avuto la possibilit\u00e0 di rimanere a ruota per buona parte della tappa. Poi sull&#8217;ultima salita siamo rientrati. Nel gruppo davanti avevamo chance sia io sia Matthew, abbiamo attaccato pi\u00f9 volte e alla fine ha funzionato&#8221;.<\/p>\n<p>Riguardo il suo attacco finale, <strong>Wout van Aert <\/strong>ha spiegato: &#8220;<strong>Sapevo che avrei voluto dare un&#8217;accelerazione attorno ai -3 o ai -4, avevo guardato il profilo della tappa<\/strong>. <strong>Queste distanze sono il momento in cui i corridori iniziano a pensare allo sprint e si pu\u00f2 aprire un gap<\/strong>. Era abbastanza vicino da meritare un tentativo. Con Valentin ho avuto un buon compagno d&#8217;attacco, mi ha dato alcuni cambi fondamentali. \u00c8 stato bello lottare con lui per il successo&#8221;.<\/p>\n","protected":false},"excerpt":{"rendered":"<p>Wout #VanAert festeggia il suo primo successo di tappa a #LaVuelta26: &#8220;Il piano era entrare nella fuga perch\u00e9 sapevamo che sarebbe stata una tappa molto difficile da controllare&#8221;<\/p>\n","protected":false},"author":15,"featured_media":393140,"comment_status":"open","ping_status":"closed","sticky":false,"template":"","format":"standard","meta":{"footnotes":"","_members_access_role":[],"_members_access_error":""},"categories":[6589],"tags":[6773,5752,431],"class_list":["post-393664","post","type-post","status-publish","format-standard","has-post-thumbnail","hentry","category-vuelta-2026","tag-team-visma-lease-a-bike-2026","tag-vuelta-a-espana-2026","tag-wout-van-aert"],"yoast_head":"<!-- This site is optimized with the Yoast SEO plugin v28.4 - https:\/\/yoast.com\/product\/yoast-seo-wordpress\/ -->\n<title>Vuelta a Espa\u00f1a 2026, Wout van Aert vince anche di tattica: &quot;Sapevo di dover attaccare ai -4: l\u00ec gli altri iniziano a pensare allo sprint&quot; - SpazioCiclismo<\/title>\n<meta name=\"robots\" content=\"index, follow, max-snippet:-1, max-image-preview:large, max-video-preview:-1\" \/>\n<link rel=\"canonical\" href=\"https:\/\/cyclingpro.net\/spaziociclismo\/vuelta-2026\/vuelta-a-espana-2026-wout-van-aert-vince-anche-di-tattica-sapevo-di-dover-attaccare-ai-4-li-gli-altri-iniziano-a-pensare-allo-sprint\/\" \/>\n<meta property=\"og:locale\" content=\"it_IT\" \/>\n<meta property=\"og:type\" content=\"article\" \/>\n<meta property=\"og:title\" content=\"Vuelta a Espa\u00f1a 2026, Wout van Aert vince anche di tattica: &quot;Sapevo di dover attaccare ai -4: l\u00ec gli altri iniziano a pensare allo sprint&quot; - SpazioCiclismo\" \/>\n<meta property=\"og:description\" content=\"Wout #VanAert festeggia il suo primo successo di tappa a #LaVuelta26: &quot;Il piano era entrare nella fuga perch\u00e9 sapevamo che sarebbe stata una tappa molto difficile da controllare&quot;\" \/>\n<meta property=\"og:url\" content=\"https:\/\/cyclingpro.net\/spaziociclismo\/vuelta-2026\/vuelta-a-espana-2026-wout-van-aert-vince-anche-di-tattica-sapevo-di-dover-attaccare-ai-4-li-gli-altri-iniziano-a-pensare-allo-sprint\/\" \/>\n<meta property=\"og:site_name\" content=\"SpazioCiclismo\" \/>\n<meta property=\"article:publisher\" content=\"https:\/\/www.facebook.com\/SpazioCiclismo\/\" \/>\n<meta property=\"article:published_time\" content=\"2026-09-04T15:38:30+00:00\" \/>\n<meta property=\"article:modified_time\" content=\"2026-09-04T16:14:14+00:00\" \/>\n<meta property=\"og:image\" content=\"https:\/\/cyclingpro.net\/spaziociclismo\/wp-content\/uploads\/2026\/09\/1289734865.jpg\" \/>\n\t<meta property=\"og:image:width\" content=\"1200\" \/>\n\t<meta property=\"og:image:height\" content=\"800\" \/>\n\t<meta property=\"og:image:type\" content=\"image\/jpeg\" \/>\n<meta name=\"author\" content=\"Davide Terraneo\" \/>\n<meta name=\"twitter:card\" content=\"summary_large_image\" \/>\n<meta name=\"twitter:creator\" content=\"@spaziociclismo\" \/>\n<meta name=\"twitter:site\" content=\"@spaziociclismo\" \/>\n<meta name=\"twitter:label1\" content=\"Scritto da\" \/>\n\t<meta name=\"twitter:data1\" content=\"Davide Terraneo\" \/>\n\t<meta name=\"twitter:label2\" content=\"Tempo di lettura stimato\" \/>\n\t<meta name=\"twitter:data2\" content=\"2 minuti\" \/>\n<script type=\"application\/ld+json\" class=\"yoast-schema-graph\">{\"@context\":\"https:\\\/\\\/schema.org\",\"@graph\":[{\"@type\":\"Article\",\"@id\":\"https:\\\/\\\/cyclingpro.net\\\/spaziociclismo\\\/vuelta-2026\\\/vuelta-a-espana-2026-wout-van-aert-vince-anche-di-tattica-sapevo-di-dover-attaccare-ai-4-li-gli-altri-iniziano-a-pensare-allo-sprint\\\/#article\",\"isPartOf\":{\"@id\":\"https:\\\/\\\/cyclingpro.net\\\/spaziociclismo\\\/vuelta-2026\\\/vuelta-a-espana-2026-wout-van-aert-vince-anche-di-tattica-sapevo-di-dover-attaccare-ai-4-li-gli-altri-iniziano-a-pensare-allo-sprint\\\/\"},\"author\":{\"name\":\"Davide Terraneo\",\"@id\":\"https:\\\/\\\/cyclingpro.net\\\/spaziociclismo\\\/#\\\/schema\\\/person\\\/7e1a937a7dba4e684209b697ab87796a\"},\"headline\":\"Vuelta a Espa\u00f1a 2026, Wout van Aert vince anche di tattica: &#8220;Sapevo di dover attaccare ai -4: l\u00ec gli altri iniziano a pensare allo sprint&#8221;\",\"datePublished\":\"2026-09-04T15:38:30+00:00\",\"dateModified\":\"2026-09-04T16:14:14+00:00\",\"mainEntityOfPage\":{\"@id\":\"https:\\\/\\\/cyclingpro.net\\\/spaziociclismo\\\/vuelta-2026\\\/vuelta-a-espana-2026-wout-van-aert-vince-anche-di-tattica-sapevo-di-dover-attaccare-ai-4-li-gli-altri-iniziano-a-pensare-allo-sprint\\\/\"},\"wordCount\":344,\"commentCount\":0,\"publisher\":{\"@id\":\"https:\\\/\\\/cyclingpro.net\\\/spaziociclismo\\\/#organization\"},\"image\":{\"@id\":\"https:\\\/\\\/cyclingpro.net\\\/spaziociclismo\\\/vuelta-2026\\\/vuelta-a-espana-2026-wout-van-aert-vince-anche-di-tattica-sapevo-di-dover-attaccare-ai-4-li-gli-altri-iniziano-a-pensare-allo-sprint\\\/#primaryimage\"},\"thumbnailUrl\":\"https:\\\/\\\/cyclingpro.net\\\/spaziociclismo\\\/wp-content\\\/uploads\\\/2026\\\/09\\\/1289734865.jpg\",\"keywords\":[\"Team Visma | Lease a Bike 2026\",\"Vuelta a Espa\u00f1a 2026\",\"Wout van Aert\"],\"articleSection\":[\"Vuelta 2026\"],\"inLanguage\":\"it-IT\",\"potentialAction\":[{\"@type\":\"CommentAction\",\"name\":\"Comment\",\"target\":[\"https:\\\/\\\/cyclingpro.net\\\/spaziociclismo\\\/vuelta-2026\\\/vuelta-a-espana-2026-wout-van-aert-vince-anche-di-tattica-sapevo-di-dover-attaccare-ai-4-li-gli-altri-iniziano-a-pensare-allo-sprint\\\/#respond\"]}]},{\"@type\":\"WebPage\",\"@id\":\"https:\\\/\\\/cyclingpro.net\\\/spaziociclismo\\\/vuelta-2026\\\/vuelta-a-espana-2026-wout-van-aert-vince-anche-di-tattica-sapevo-di-dover-attaccare-ai-4-li-gli-altri-iniziano-a-pensare-allo-sprint\\\/\",\"url\":\"https:\\\/\\\/cyclingpro.net\\\/spaziociclismo\\\/vuelta-2026\\\/vuelta-a-espana-2026-wout-van-aert-vince-anche-di-tattica-sapevo-di-dover-attaccare-ai-4-li-gli-altri-iniziano-a-pensare-allo-sprint\\\/\",\"name\":\"Vuelta a Espa\u00f1a 2026, Wout van Aert vince anche di tattica: \\\"Sapevo di dover attaccare ai -4: l\u00ec gli altri iniziano a pensare allo sprint\\\" - SpazioCiclismo\",\"isPartOf\":{\"@id\":\"https:\\\/\\\/cyclingpro.net\\\/spaziociclismo\\\/#website\"},\"primaryImageOfPage\":{\"@id\":\"https:\\\/\\\/cyclingpro.net\\\/spaziociclismo\\\/vuelta-2026\\\/vuelta-a-espana-2026-wout-van-aert-vince-anche-di-tattica-sapevo-di-dover-attaccare-ai-4-li-gli-altri-iniziano-a-pensare-allo-sprint\\\/#primaryimage\"},\"image\":{\"@id\":\"https:\\\/\\\/cyclingpro.net\\\/spaziociclismo\\\/vuelta-2026\\\/vuelta-a-espana-2026-wout-van-aert-vince-anche-di-tattica-sapevo-di-dover-attaccare-ai-4-li-gli-altri-iniziano-a-pensare-allo-sprint\\\/#primaryimage\"},\"thumbnailUrl\":\"https:\\\/\\\/cyclingpro.net\\\/spaziociclismo\\\/wp-content\\\/uploads\\\/2026\\\/09\\\/1289734865.jpg\",\"datePublished\":\"2026-09-04T15:38:30+00:00\",\"dateModified\":\"2026-09-04T16:14:14+00:00\",\"breadcrumb\":{\"@id\":\"https:\\\/\\\/cyclingpro.net\\\/spaziociclismo\\\/vuelta-2026\\\/vuelta-a-espana-2026-wout-van-aert-vince-anche-di-tattica-sapevo-di-dover-attaccare-ai-4-li-gli-altri-iniziano-a-pensare-allo-sprint\\\/#breadcrumb\"},\"inLanguage\":\"it-IT\",\"potentialAction\":[{\"@type\":\"ReadAction\",\"target\":[\"https:\\\/\\\/cyclingpro.net\\\/spaziociclismo\\\/vuelta-2026\\\/vuelta-a-espana-2026-wout-van-aert-vince-anche-di-tattica-sapevo-di-dover-attaccare-ai-4-li-gli-altri-iniziano-a-pensare-allo-sprint\\\/\"]}]},{\"@type\":\"ImageObject\",\"inLanguage\":\"it-IT\",\"@id\":\"https:\\\/\\\/cyclingpro.net\\\/spaziociclismo\\\/vuelta-2026\\\/vuelta-a-espana-2026-wout-van-aert-vince-anche-di-tattica-sapevo-di-dover-attaccare-ai-4-li-gli-altri-iniziano-a-pensare-allo-sprint\\\/#primaryimage\",\"url\":\"https:\\\/\\\/cyclingpro.net\\\/spaziociclismo\\\/wp-content\\\/uploads\\\/2026\\\/09\\\/1289734865.jpg\",\"contentUrl\":\"https:\\\/\\\/cyclingpro.net\\\/spaziociclismo\\\/wp-content\\\/uploads\\\/2026\\\/09\\\/1289734865.jpg\",\"width\":1200,\"height\":800,\"caption\":\"\u00a9 Sirotti\"},{\"@type\":\"BreadcrumbList\",\"@id\":\"https:\\\/\\\/cyclingpro.net\\\/spaziociclismo\\\/vuelta-2026\\\/vuelta-a-espana-2026-wout-van-aert-vince-anche-di-tattica-sapevo-di-dover-attaccare-ai-4-li-gli-altri-iniziano-a-pensare-allo-sprint\\\/#breadcrumb\",\"itemListElement\":[{\"@type\":\"ListItem\",\"position\":1,\"name\":\"Home\",\"item\":\"https:\\\/\\\/cyclingpro.net\\\/spaziociclismo\\\/\"},{\"@type\":\"ListItem\",\"position\":2,\"name\":\"Vuelta a Espa\u00f1a 2026, Wout van Aert vince anche di tattica: &#8220;Sapevo di dover attaccare ai -4: l\u00ec gli altri iniziano a pensare allo sprint&#8221;\"}]},{\"@type\":\"WebSite\",\"@id\":\"https:\\\/\\\/cyclingpro.net\\\/spaziociclismo\\\/#website\",\"url\":\"https:\\\/\\\/cyclingpro.net\\\/spaziociclismo\\\/\",\"name\":\"SpazioCiclismo\",\"description\":\"Tutto il ciclismo minuto per minuto\",\"publisher\":{\"@id\":\"https:\\\/\\\/cyclingpro.net\\\/spaziociclismo\\\/#organization\"},\"potentialAction\":[{\"@type\":\"SearchAction\",\"target\":{\"@type\":\"EntryPoint\",\"urlTemplate\":\"https:\\\/\\\/cyclingpro.net\\\/spaziociclismo\\\/?s={search_term_string}\"},\"query-input\":{\"@type\":\"PropertyValueSpecification\",\"valueRequired\":true,\"valueName\":\"search_term_string\"}}],\"inLanguage\":\"it-IT\"},{\"@type\":\"Organization\",\"@id\":\"https:\\\/\\\/cyclingpro.net\\\/spaziociclismo\\\/#organization\",\"name\":\"SpazioCiclismo\",\"url\":\"https:\\\/\\\/cyclingpro.net\\\/spaziociclismo\\\/\",\"logo\":{\"@type\":\"ImageObject\",\"inLanguage\":\"it-IT\",\"@id\":\"https:\\\/\\\/cyclingpro.net\\\/spaziociclismo\\\/#\\\/schema\\\/logo\\\/image\\\/\",\"url\":\"https:\\\/\\\/cyclingpro.net\\\/spaziociclismo\\\/wp-content\\\/uploads\\\/2017\\\/02\\\/SpazioCiclismo-Logo-Quadrato.png\",\"contentUrl\":\"https:\\\/\\\/cyclingpro.net\\\/spaziociclismo\\\/wp-content\\\/uploads\\\/2017\\\/02\\\/SpazioCiclismo-Logo-Quadrato.png\",\"width\":450,\"height\":450,\"caption\":\"SpazioCiclismo\"},\"image\":{\"@id\":\"https:\\\/\\\/cyclingpro.net\\\/spaziociclismo\\\/#\\\/schema\\\/logo\\\/image\\\/\"},\"sameAs\":[\"https:\\\/\\\/www.facebook.com\\\/SpazioCiclismo\\\/\",\"https:\\\/\\\/x.com\\\/spaziociclismo\",\"https:\\\/\\\/www.instagram.com\\\/spaziociclismo\\\/\"]},{\"@type\":\"Person\",\"@id\":\"https:\\\/\\\/cyclingpro.net\\\/spaziociclismo\\\/#\\\/schema\\\/person\\\/7e1a937a7dba4e684209b697ab87796a\",\"name\":\"Davide Terraneo\",\"image\":{\"@type\":\"ImageObject\",\"inLanguage\":\"it-IT\",\"@id\":\"https:\\\/\\\/secure.gravatar.com\\\/avatar\\\/ff8491b63094864b9d94b44d6465d0050c0872ad4112e51a3cee77d0500a47c5?s=96&d=mm&r=g\",\"url\":\"https:\\\/\\\/secure.gravatar.com\\\/avatar\\\/ff8491b63094864b9d94b44d6465d0050c0872ad4112e51a3cee77d0500a47c5?s=96&d=mm&r=g\",\"contentUrl\":\"https:\\\/\\\/secure.gravatar.com\\\/avatar\\\/ff8491b63094864b9d94b44d6465d0050c0872ad4112e51a3cee77d0500a47c5?s=96&d=mm&r=g\",\"caption\":\"Davide Terraneo\"},\"url\":\"https:\\\/\\\/cyclingpro.net\\\/spaziociclismo\\\/author\\\/dterraneo\\\/\"}]}<\/script>\n<!-- \/ Yoast SEO plugin. -->","yoast_head_json":{"title":"Vuelta a Espa\u00f1a 2026, Wout van Aert vince anche di tattica: \"Sapevo di dover attaccare ai -4: l\u00ec gli altri iniziano a pensare allo sprint\" - SpazioCiclismo","robots":{"index":"index","follow":"follow","max-snippet":"max-snippet:-1","max-image-preview":"max-image-preview:large","max-video-preview":"max-video-preview:-1"},"canonical":"https:\/\/cyclingpro.net\/spaziociclismo\/vuelta-2026\/vuelta-a-espana-2026-wout-van-aert-vince-anche-di-tattica-sapevo-di-dover-attaccare-ai-4-li-gli-altri-iniziano-a-pensare-allo-sprint\/","og_locale":"it_IT","og_type":"article","og_title":"Vuelta a Espa\u00f1a 2026, Wout van Aert vince anche di tattica: \"Sapevo di dover attaccare ai -4: l\u00ec gli altri iniziano a pensare allo sprint\" - SpazioCiclismo","og_description":"Wout #VanAert festeggia il suo primo successo di tappa a #LaVuelta26: \"Il piano era entrare nella fuga perch\u00e9 sapevamo che sarebbe stata una tappa molto difficile da controllare\"","og_url":"https:\/\/cyclingpro.net\/spaziociclismo\/vuelta-2026\/vuelta-a-espana-2026-wout-van-aert-vince-anche-di-tattica-sapevo-di-dover-attaccare-ai-4-li-gli-altri-iniziano-a-pensare-allo-sprint\/","og_site_name":"SpazioCiclismo","article_publisher":"https:\/\/www.facebook.com\/SpazioCiclismo\/","article_published_time":"2026-09-04T15:38:30+00:00","article_modified_time":"2026-09-04T16:14:14+00:00","og_image":[{"width":1200,"height":800,"url":"https:\/\/cyclingpro.net\/spaziociclismo\/wp-content\/uploads\/2026\/09\/1289734865.jpg","type":"image\/jpeg"}],"author":"Davide Terraneo","twitter_card":"summary_large_image","twitter_creator":"@spaziociclismo","twitter_site":"@spaziociclismo","twitter_misc":{"Scritto da":"Davide Terraneo","Tempo di lettura stimato":"2 minuti"},"schema":{"@context":"https:\/\/schema.org","@graph":[{"@type":"Article","@id":"https:\/\/cyclingpro.net\/spaziociclismo\/vuelta-2026\/vuelta-a-espana-2026-wout-van-aert-vince-anche-di-tattica-sapevo-di-dover-attaccare-ai-4-li-gli-altri-iniziano-a-pensare-allo-sprint\/#article","isPartOf":{"@id":"https:\/\/cyclingpro.net\/spaziociclismo\/vuelta-2026\/vuelta-a-espana-2026-wout-van-aert-vince-anche-di-tattica-sapevo-di-dover-attaccare-ai-4-li-gli-altri-iniziano-a-pensare-allo-sprint\/"},"author":{"name":"Davide Terraneo","@id":"https:\/\/cyclingpro.net\/spaziociclismo\/#\/schema\/person\/7e1a937a7dba4e684209b697ab87796a"},"headline":"Vuelta a Espa\u00f1a 2026, Wout van Aert vince anche di tattica: &#8220;Sapevo di dover attaccare ai -4: l\u00ec gli altri iniziano a pensare allo sprint&#8221;","datePublished":"2026-09-04T15:38:30+00:00","dateModified":"2026-09-04T16:14:14+00:00","mainEntityOfPage":{"@id":"https:\/\/cyclingpro.net\/spaziociclismo\/vuelta-2026\/vuelta-a-espana-2026-wout-van-aert-vince-anche-di-tattica-sapevo-di-dover-attaccare-ai-4-li-gli-altri-iniziano-a-pensare-allo-sprint\/"},"wordCount":344,"commentCount":0,"publisher":{"@id":"https:\/\/cyclingpro.net\/spaziociclismo\/#organization"},"image":{"@id":"https:\/\/cyclingpro.net\/spaziociclismo\/vuelta-2026\/vuelta-a-espana-2026-wout-van-aert-vince-anche-di-tattica-sapevo-di-dover-attaccare-ai-4-li-gli-altri-iniziano-a-pensare-allo-sprint\/#primaryimage"},"thumbnailUrl":"https:\/\/cyclingpro.net\/spaziociclismo\/wp-content\/uploads\/2026\/09\/1289734865.jpg","keywords":["Team Visma | Lease a Bike 2026","Vuelta a Espa\u00f1a 2026","Wout van Aert"],"articleSection":["Vuelta 2026"],"inLanguage":"it-IT","potentialAction":[{"@type":"CommentAction","name":"Comment","target":["https:\/\/cyclingpro.net\/spaziociclismo\/vuelta-2026\/vuelta-a-espana-2026-wout-van-aert-vince-anche-di-tattica-sapevo-di-dover-attaccare-ai-4-li-gli-altri-iniziano-a-pensare-allo-sprint\/#respond"]}]},{"@type":"WebPage","@id":"https:\/\/cyclingpro.net\/spaziociclismo\/vuelta-2026\/vuelta-a-espana-2026-wout-van-aert-vince-anche-di-tattica-sapevo-di-dover-attaccare-ai-4-li-gli-altri-iniziano-a-pensare-allo-sprint\/","url":"https:\/\/cyclingpro.net\/spaziociclismo\/vuelta-2026\/vuelta-a-espana-2026-wout-van-aert-vince-anche-di-tattica-sapevo-di-dover-attaccare-ai-4-li-gli-altri-iniziano-a-pensare-allo-sprint\/","name":"Vuelta a Espa\u00f1a 2026, Wout van Aert vince anche di tattica: \"Sapevo di dover attaccare ai -4: l\u00ec gli altri iniziano a pensare allo sprint\" - SpazioCiclismo","isPartOf":{"@id":"https:\/\/cyclingpro.net\/spaziociclismo\/#website"},"primaryImageOfPage":{"@id":"https:\/\/cyclingpro.net\/spaziociclismo\/vuelta-2026\/vuelta-a-espana-2026-wout-van-aert-vince-anche-di-tattica-sapevo-di-dover-attaccare-ai-4-li-gli-altri-iniziano-a-pensare-allo-sprint\/#primaryimage"},"image":{"@id":"https:\/\/cyclingpro.net\/spaziociclismo\/vuelta-2026\/vuelta-a-espana-2026-wout-van-aert-vince-anche-di-tattica-sapevo-di-dover-attaccare-ai-4-li-gli-altri-iniziano-a-pensare-allo-sprint\/#primaryimage"},"thumbnailUrl":"https:\/\/cyclingpro.net\/spaziociclismo\/wp-content\/uploads\/2026\/09\/1289734865.jpg","datePublished":"2026-09-04T15:38:30+00:00","dateModified":"2026-09-04T16:14:14+00:00","breadcrumb":{"@id":"https:\/\/cyclingpro.net\/spaziociclismo\/vuelta-2026\/vuelta-a-espana-2026-wout-van-aert-vince-anche-di-tattica-sapevo-di-dover-attaccare-ai-4-li-gli-altri-iniziano-a-pensare-allo-sprint\/#breadcrumb"},"inLanguage":"it-IT","potentialAction":[{"@type":"ReadAction","target":["https:\/\/cyclingpro.net\/spaziociclismo\/vuelta-2026\/vuelta-a-espana-2026-wout-van-aert-vince-anche-di-tattica-sapevo-di-dover-attaccare-ai-4-li-gli-altri-iniziano-a-pensare-allo-sprint\/"]}]},{"@type":"ImageObject","inLanguage":"it-IT","@id":"https:\/\/cyclingpro.net\/spaziociclismo\/vuelta-2026\/vuelta-a-espana-2026-wout-van-aert-vince-anche-di-tattica-sapevo-di-dover-attaccare-ai-4-li-gli-altri-iniziano-a-pensare-allo-sprint\/#primaryimage","url":"https:\/\/cyclingpro.net\/spaziociclismo\/wp-content\/uploads\/2026\/09\/1289734865.jpg","contentUrl":"https:\/\/cyclingpro.net\/spaziociclismo\/wp-content\/uploads\/2026\/09\/1289734865.jpg","width":1200,"height":800,"caption":"\u00a9 Sirotti"},{"@type":"BreadcrumbList","@id":"https:\/\/cyclingpro.net\/spaziociclismo\/vuelta-2026\/vuelta-a-espana-2026-wout-van-aert-vince-anche-di-tattica-sapevo-di-dover-attaccare-ai-4-li-gli-altri-iniziano-a-pensare-allo-sprint\/#breadcrumb","itemListElement":[{"@type":"ListItem","position":1,"name":"Home","item":"https:\/\/cyclingpro.net\/spaziociclismo\/"},{"@type":"ListItem","position":2,"name":"Vuelta a Espa\u00f1a 2026, Wout van Aert vince anche di tattica: &#8220;Sapevo di dover attaccare ai -4: l\u00ec gli altri iniziano a pensare allo sprint&#8221;"}]},{"@type":"WebSite","@id":"https:\/\/cyclingpro.net\/spaziociclismo\/#website","url":"https:\/\/cyclingpro.net\/spaziociclismo\/","name":"SpazioCiclismo","description":"Tutto il ciclismo minuto per minuto","publisher":{"@id":"https:\/\/cyclingpro.net\/spaziociclismo\/#organization"},"potentialAction":[{"@type":"SearchAction","target":{"@type":"EntryPoint","urlTemplate":"https:\/\/cyclingpro.net\/spaziociclismo\/?s={search_term_string}"},"query-input":{"@type":"PropertyValueSpecification","valueRequired":true,"valueName":"search_term_string"}}],"inLanguage":"it-IT"},{"@type":"Organization","@id":"https:\/\/cyclingpro.net\/spaziociclismo\/#organization","name":"SpazioCiclismo","url":"https:\/\/cyclingpro.net\/spaziociclismo\/","logo":{"@type":"ImageObject","inLanguage":"it-IT","@id":"https:\/\/cyclingpro.net\/spaziociclismo\/#\/schema\/logo\/image\/","url":"https:\/\/cyclingpro.net\/spaziociclismo\/wp-content\/uploads\/2017\/02\/SpazioCiclismo-Logo-Quadrato.png","contentUrl":"https:\/\/cyclingpro.net\/spaziociclismo\/wp-content\/uploads\/2017\/02\/SpazioCiclismo-Logo-Quadrato.png","width":450,"height":450,"caption":"SpazioCiclismo"},"image":{"@id":"https:\/\/cyclingpro.net\/spaziociclismo\/#\/schema\/logo\/image\/"},"sameAs":["https:\/\/www.facebook.com\/SpazioCiclismo\/","https:\/\/x.com\/spaziociclismo","https:\/\/www.instagram.com\/spaziociclismo\/"]},{"@type":"Person","@id":"https:\/\/cyclingpro.net\/spaziociclismo\/#\/schema\/person\/7e1a937a7dba4e684209b697ab87796a","name":"Davide Terraneo","image":{"@type":"ImageObject","inLanguage":"it-IT","@id":"https:\/\/secure.gravatar.com\/avatar\/ff8491b63094864b9d94b44d6465d0050c0872ad4112e51a3cee77d0500a47c5?s=96&d=mm&r=g","url":"https:\/\/secure.gravatar.com\/avatar\/ff8491b63094864b9d94b44d6465d0050c0872ad4112e51a3cee77d0500a47c5?s=96&d=mm&r=g","contentUrl":"https:\/\/secure.gravatar.com\/avatar\/ff8491b63094864b9d94b44d6465d0050c0872ad4112e51a3cee77d0500a47c5?s=96&d=mm&r=g","caption":"Davide Terraneo"},"url":"https:\/\/cyclingpro.net\/spaziociclismo\/author\/dterraneo\/"}]}},"_links":{"self":[{"href":"https:\/\/cyclingpro.net\/spaziociclismo\/wp-json\/wp\/v2\/posts\/393664","targetHints":{"allow":["GET"]}}],"collection":[{"href":"https:\/\/cyclingpro.net\/spaziociclismo\/wp-json\/wp\/v2\/posts"}],"about":[{"href":"https:\/\/cyclingpro.net\/spaziociclismo\/wp-json\/wp\/v2\/types\/post"}],"author":[{"embeddable":true,"href":"https:\/\/cyclingpro.net\/spaziociclismo\/wp-json\/wp\/v2\/users\/15"}],"replies":[{"embeddable":true,"href":"https:\/\/cyclingpro.net\/spaziociclismo\/wp-json\/wp\/v2\/comments?post=393664"}],"version-history":[{"count":4,"href":"https:\/\/cyclingpro.net\/spaziociclismo\/wp-json\/wp\/v2\/posts\/393664\/revisions"}],"predecessor-version":[{"id":393696,"href":"https:\/\/cyclingpro.net\/spaziociclismo\/wp-json\/wp\/v2\/posts\/393664\/revisions\/393696"}],"wp:featuredmedia":[{"embeddable":true,"href":"https:\/\/cyclingpro.net\/spaziociclismo\/wp-json\/wp\/v2\/media\/393140"}],"wp:attachment":[{"href":"https:\/\/cyclingpro.net\/spaziociclismo\/wp-json\/wp\/v2\/media?parent=393664"}],"wp:term":[{"taxonomy":"category","embeddable":true,"href":"https:\/\/cyclingpro.net\/spaziociclismo\/wp-json\/wp\/v2\/categories?post=393664"},{"taxonomy":"post_tag","embeddable":true,"href":"https:\/\/cyclingpro.net\/spaziociclismo\/wp-json\/wp\/v2\/tags?post=393664"}],"curies":[{"name":"wp","href":"https:\/\/api.w.org\/{rel}","templated":true}]}}