{"id":393657,"date":"2026-09-04T17:17:09","date_gmt":"2026-09-04T15:17:09","guid":{"rendered":"https:\/\/cyclingpro.net\/spaziociclismo\/?p=393657"},"modified":"2026-09-04T17:59:29","modified_gmt":"2026-09-04T15:59:29","slug":"vuelta-a-espana-2026-finalmente-wout-van-aert-successo-a-loja-su-valentin-paret-peintre-5-vincenzo-albanese-10-filippo-zana","status":"publish","type":"post","link":"https:\/\/cyclingpro.net\/spaziociclismo\/sintesi-gare\/vuelta-a-espana-2026-finalmente-wout-van-aert-successo-a-loja-su-valentin-paret-peintre-5-vincenzo-albanese-10-filippo-zana\/","title":{"rendered":"Vuelta a Espa\u00f1a 2026, finalmente Wout van Aert! Successo a Loja su Valentin Paret-Peintre &#8211; 5\u00b0 Vincenzo Albanese, 10\u00b0 Filippo Zana"},"content":{"rendered":"<p><strong>Wout van Aert<\/strong> trova finalmente il successo nella tredicesima tappa della <strong>Vuelta a Espa\u00f1a 2026<\/strong>. Il leader della <strong>Visma | Lease a Bike<\/strong> dopo tanti tentativi riesce ad alzare le braccia al cielo sul traguardo di Loja, battendo in uno sprint a due un brillante <strong>Valentin Paret-Peintre<\/strong> (Soudal Quick-Step). Il belga \u00e8 emerso dalla maxi fuga di giornata, con un attacco secco a 3,5 chilometri dall\u2019arrivo, in cui solo il francese \u00e8 riuscito a tenergli la ruota. Terzo posto per <strong>Matthew Brennan<\/strong>, che dopo le tre vittorie, restituisce il lavoro per Van Aert mettendosi a sua disposizione. In top10 si piazzano due italiani: <strong>Vincenzo Albanese<\/strong> (EF Education &#8211; EasyPost), quinto, e <strong>Filippo Zana<\/strong> (Soudal Quick-Step), decimo.<\/p>\n<p>Per quanto riguarda la situazione in classifica generale, la tappa \u00e8 stata caratterizzata dall\u2019inserimento in fuga di <strong>Mattias Skjelmose<\/strong> (Lidl &#8211; Trek), che ha costretto le squadre dei big a tirare, in particolare Netcompany INEOS e Decathlon CMA CGM, che hanno spinto al massimo nel finale. Cos\u00ec il danese ha guadagnato 2\u201910\u201d sul gruppo, ma \u00e8 rimasto comunque in settima posizione. Nessuna modifica nemmeno al podio virtuale, con <strong>Enric Mas<\/strong> (Movistar) che resta in Maglia Rossa con 1\u201945\u201d di vantaggio su <strong>Primo\u017e Rogli\u010d<\/strong> (Red Bull-BORA-hansgrohe) e 2\u201906\u201d su <strong>Felix Gall<\/strong> (Decathlon CMA CGM), ma domani si torner\u00e0 subito a salire con un impegnativo arrivo in salita.<\/p>\n<h2>Il video dell\u2019arrivo<\/h2>\n<p><span class=\"tY1D6x957l40UnACN2wIPVZK3czrQeqFHWsfLSTujdBaOo\"><iframe loading=\"lazy\" title=\"TACTICAL MASTERCLASS! \ud83c\udf7f | 2026 Men&amp;apos;s La Vuelta Stage 13 Final KM&amp;apos;s | TNT Sports Cyclin\" width=\"500\" height=\"281\" src=\"https:\/\/www.youtube.com\/embed\/GzhTxG0aKCo?feature=oembed\" frameborder=\"0\" allow=\"accelerometer; autoplay; clipboard-write; encrypted-media; gyroscope; picture-in-picture; web-share\" referrerpolicy=\"strict-origin-when-cross-origin\" allowfullscreen><\/iframe><\/span><\/p>\n<h2>Il racconto della corsa<\/h2>\n<p data-prosemirror-content-type=\"node\" data-prosemirror-node-name=\"paragraph\" data-prosemirror-node-block=\"true\" data-pm-slice=\"0 0 []\">Sotto un sole cocente, alla partenza si forma subito un quartetto al comando, con <strong>Fabio Van den Bossche<\/strong> (Soudal Quick-Step), <strong>Domen Novak<\/strong> (UAE Team Emirates XRG), <strong>Asbj\u00f8rn Hellemose<\/strong> (Team Jayco AlUla) e <strong>Enzo Paleni<\/strong> (Groupama-FDJ United) che riescono a guadagnare rapidamente terreno. Su di loro prova a rientrare <strong>Urko Berrade<\/strong> (Equipo Kern Pharma), ma appena la strada sale il gruppo viene scosso da alcuni scatti che portano l&#8217;azione ad essere rapidamente cancellata. Lorenzo Fortunato (XDS Astana Team) prova a quel punto ad allungare da solo, seguito da <strong>Andreas Kron<\/strong> (Uno-X Mobility), ma rapidamente arrivano altre azioni e in testa si forma un gruppone composto da <strong>Finn Fisher-Black<\/strong> (Red Bull &#8211; BORA &#8211; hansgrohe), <strong>Kevin Vermaerke<\/strong> (UAE Team Emirates XRG), <strong>Wout van Aert<\/strong> (Team Visma | Lease a Bike), <strong>Bruno Armirail<\/strong> (Team Visma | Lease a Bike), <strong>Matthew Brennan<\/strong> (Team Visma | Lease a Bike), <strong>L\u00e9o Bisiaux<\/strong> (Decathlon CMA CGM Team), <strong>Matthew Riccitello<\/strong> (Decathlon CMA CGM Team), <strong>David De La Cruz<\/strong> (Pinarello &#8211; Q36.5 Pro Cycling Team), <strong>Thomas Gloag<\/strong> (Pinarello &#8211; Q36.5 Pro Cycling Team), <strong>Axel Laurance<\/strong> (Netcompany INEOS), <strong>Santiago Buitrago<\/strong> (Bahrain Victorious), <strong>Pau Miquel<\/strong> (Bahrain Victorious), <strong>Cl\u00e9ment Berthet<\/strong> (Groupama-FDJ United), <strong>Guillaume Martin<\/strong> (Groupama-FDJ United), <strong>Rudy Molard<\/strong> (Groupama-FDJ United), <strong>Valentin Paret-Peintre<\/strong> (Soudal Quick-Step), <strong>Filippo Zana<\/strong> (Soudal Quick-Step), <strong>Andreas Kron<\/strong> (Uno-X Mobility), <strong>Andreas Leknessund<\/strong> (Uno-X Mobility), <strong>Stefan K\u00fcng<\/strong> (Tudor Pro Cycling Team), <strong>Lawrence Warbasse<\/strong> (Tudor Pro Cycling Team), <strong>Lorenzo Fortunato<\/strong> (XDS Astana Team), <strong>Cristi\u00e1n Rodr\u00edguez<\/strong> (XDS Astana Team), <strong>Jes\u00fas Herrada<\/strong> (Burgos Burpellet BH), <strong>Lars Craps<\/strong> (Lotto-Intermarch\u00e9), <strong>Urko Berrade<\/strong> (Equipo Kern Pharma) e <strong>Ivan Cobo<\/strong> (Equipo Kern Pharma).<\/p>\n<p data-prosemirror-content-type=\"node\" data-prosemirror-node-name=\"paragraph\" data-prosemirror-node-block=\"true\">In vista del GPM, vinto da <strong>Van Aert<\/strong> su <strong>Buitrago<\/strong>, arriva anche <strong>Vincenzo Albanese<\/strong> (EF Education-EasyPost), seguito da<strong> Simon Dalby<\/strong> (Uno-X Mobility), ma poco dopo rientrano anche <strong>Pello Bilbao<\/strong> (Bahrain Victorious),<strong> Jan Hirt<\/strong> (NSN Cycling Team), <strong>Sylvain Moniquet<\/strong> (Cofidis), <strong>Andreas Leknessund<\/strong> (Uno-X Mobility), <strong>Sergio Samitier<\/strong> (Cofidis),<strong> William Barta<\/strong> (Tudor Pro Cycling Team), <strong>Mario Aparicio<\/strong> (Burgos Burpellet BH), <strong>Jarno Widar<\/strong> (Lotto-Intermarch\u00e9), <strong>Steffen De Schuyteneer<\/strong> (Lotto-Intermarch\u00e9) e <strong>I\u00f1igo Elosegui<\/strong> (Equipo Kern Pharma). Su una strada ancora impegnativa da dietro arrivano anche <strong>Mattias Skjelmose<\/strong> (Lidl-Trek), <strong>Jack Haig<\/strong> (Netcompany INEOS) e <strong>Magnus Cort<\/strong> (Uno-X Mobility), imitati poco dopo anche da <strong>Gijs Leemreize<\/strong> (Team Picnic PostNL), che finisce per chiudere il gruppone di fuggitivi, composto da 43 unit\u00e0. Senza pi\u00f9 squadre interessate a mettere uomini in fuga, il gruppo si rialza e concede terreno, mentre davanti inizia una nuova bagarre.<\/p>\n<p data-prosemirror-content-type=\"node\" data-prosemirror-node-name=\"paragraph\" data-prosemirror-node-block=\"true\">A seguito di numerosi scatti in testa restano <strong>Kevin Vermaerke<\/strong> (UAE Team Emirates XRG), <strong>Matthew Brennan<\/strong> (Team Visma | Lease a Bike), <strong>L\u00e9o Bisiaux<\/strong> (Decathlon CMA CGM Team), <strong>Cl\u00e9ment Berthet<\/strong> (Groupama-FDJ United), <strong>Guillaume Martin<\/strong> (Groupama-FDJ United), <strong>Andreas Kron<\/strong> (Uno-X Mobility), <strong>Andreas Leknessund<\/strong> (Uno-X Mobility), <strong>Vincenzo Albanese<\/strong> (EF Education-EasyPost), <strong>Cristi\u00e1n Rodr\u00edguez<\/strong> (XDS Astana Team) e <strong>Lars Craps<\/strong> (Lotto-Intermarch\u00e9), che riescono a guadagnare fino a 90 secondi sul resto della fuga. Questi uomini restano comunque in avanscoperta, visto che il gruppo se la prende con calma, concedendo fino a cinque minuti. Le fasi centrali di gara son pi\u00f9 tranquille, anche se alcuni uomini perdono progressivamente terreno tra gli inseguitori, mentre la <strong>Movistar<\/strong> riceve il sostegno di <strong>EF Education &#8211; EasyPost<\/strong> e <strong>Netcompany INEOS<\/strong> per gestire l&#8217;inseguimento, visto che <strong>Skjelmose<\/strong> rimonta numerosi corridori grazie alla sua presenza in fuga.<\/p>\n<p data-prosemirror-content-type=\"node\" data-prosemirror-node-name=\"paragraph\" data-prosemirror-node-block=\"true\">All&#8217;approccio dell&#8217;ultimo GPM di giornata, dopo un TV che <strong>Matthew Brennan<\/strong> conquista con semplicit\u00e0, gli inseguitori si avvicinano al gruppetto di testa, iniziando la salita con 30 secondi di ritardo, mentre il gruppo \u00e8 ancora a 4&#8217;30&#8221;. Davanti il britannico non ha difficolt\u00e0 a seguire il ritmo imposto da chi prova a metterlo in difficolt\u00e0 in vista dello sprint finale, e quando il ritmo cala gli inseguitori riescono a completare il ricongiungimento, aggiungendo anche <strong>Van Aert<\/strong> all&#8217;elenco dei corridori estremamente pericolosi per il finale. In vista dello scollinamento <strong>Vermaerke<\/strong> allunga e passa per primo sul GPM, senza per\u00f2 riuscire ad aprire un gap. Tra attacchi e rallentamenti, tutti gli inseguitori riescono a rientrare, formando un maxi gruppo di 38 uomini al comando. Il gruppo, intanto, transita a 4&#8217;30&#8221;, condotto dalla <strong>Netcompany INEOS<\/strong> e orfano di un attacco dei big.<\/p>\n<p data-prosemirror-content-type=\"node\" data-prosemirror-node-name=\"paragraph\" data-prosemirror-node-block=\"true\">A 27 km dall&#8217;arrivo un&#8217;accelerazione di<strong> Van Aert<\/strong> in discesa seleziona un gruppetto di nove uomini, di cui oltre al belga fanno parte il compagno di squadra <strong>Brennan<\/strong>, <strong>Fisher-Black, Vermaerke, Bisiaux, Paret-Peintre, Leknessund, Albanese<\/strong> e <strong>Widar<\/strong>. Perde invece il treno buono <strong>Skjelmose<\/strong>, il quale nel momento migliore arriva a guadagnare 5 minuti sul gruppo maglia rossa ma si trova imbottigliato in un gruppo inseguitori che non ha assolutamente accordo di collaborazione.<\/p>\n<p data-prosemirror-content-type=\"node\" data-prosemirror-node-name=\"paragraph\" data-prosemirror-node-block=\"true\">I nove uomini al comando provano a pi\u00f9 riprese a fare un&#8217;ulteriore selezione, sollecitati soprattutto da un generoso <strong>Van Aert<\/strong>. Il belga riesce a portarsi dietro <strong>Vermaerke<\/strong> e <strong>Paret-Peintre<\/strong>, ma quando non riceve cambi aspetta di nuovo gli altri sei. Con <strong>Brennan<\/strong> nel ruolo di stopper quando qualcuno, <strong>Bisiaux<\/strong> e <strong>Vermaerke<\/strong> su tutti, prova a partire, la corsa entra negli ultimi chilometri. A 4,5 km dalla conclusione\u00a0<strong>Wout Van Aert\u00a0<\/strong>sferra un attacco deciso, al quale riesce a rispondere solo\u00a0<strong>Paret-Peintre<\/strong>. I due guadagnano subito qualche metro e il francese riesce anche a dare un paio di cambi alla maglia verde prima di entrare nell&#8217;ultimo chilometro e mezzo in leggera salita.\u00a0<strong>Van Aert\u00a0<\/strong>prende la volata di testa e decide di partire a tutta appena terminata l&#8217;ultima curva:\u00a0<strong>Paret-Peintre\u00a0<\/strong>prova ad affiancarlo ma deve desistere per tornare alla sua ruota, mentre il belga festeggia il suo primo successo in quest&#8217;edizione della corsa. Dietro, a 24 secondi,\u00a0<strong>Brennan\u00a0<\/strong>vince la volata dei battuti su\u00a0<strong>Widar<\/strong>.\u00a0<strong>Skjelmose\u00a0<\/strong>taglia il traguardo a 50&#8243; e guadagna solo poco pi\u00f9 di due minuti sul gruppo maglia rossa, che nel finale recupera parecchio e chiude a 3&#8242; dal vincitore.<\/p>\n<h2>Risultato e Classifiche Tappa 13 Vuelta a Espa\u00f1a 2026<\/h2>\n<p><iframe loading=\"lazy\" src=\"https:\/\/secure.cyclingprodata.com\/widgets\/latest\/widgets.html?type=results&amp;tour_id=1072&amp;stage_number=13&amp;use_icons_for_one_column=true&amp;reflow_mode=true\" width=\"100%\" height=\"1000px\" data-mce-fragment=\"1\"><span data-mce-type=\"bookmark\" style=\"display: inline-block; width: 0px; overflow: hidden; line-height: 0;\" class=\"mce_SELRES_start\">\ufeff<\/span><span data-mce-type=\"bookmark\" style=\"display: inline-block; width: 0px; overflow: hidden; line-height: 0;\" class=\"mce_SELRES_start\">\ufeff<\/span><span data-mce-type=\"bookmark\" style=\"display: inline-block; width: 0px; overflow: hidden; line-height: 0;\" class=\"mce_SELRES_start\">\ufeff<\/span><span data-mce-type=\"bookmark\" style=\"display: inline-block; width: 0px; overflow: hidden; line-height: 0;\" class=\"mce_SELRES_start\">\ufeff<\/span><span data-mce-type=\"bookmark\" style=\"display: inline-block; width: 0px; overflow: hidden; line-height: 0;\" class=\"mce_SELRES_start\">\ufeff<\/span><span style=\"display: inline-block; width: 0px; overflow: hidden; line-height: 0;\" data-mce-type=\"bookmark\" class=\"mce_SELRES_start\">\ufeff<\/span><span data-mce-type=\"bookmark\" style=\"display: inline-block; width: 0px; overflow: hidden; line-height: 0;\" class=\"mce_SELRES_start\">\ufeff<\/span><span style=\"display: inline-block; width: 0px; overflow: hidden; line-height: 0;\" data-mce-type=\"bookmark\" class=\"mce_SELRES_start\">\ufeff<\/span><span data-mce-type=\"bookmark\" style=\"display: inline-block; width: 0px; overflow: hidden; line-height: 0;\" class=\"mce_SELRES_start\">\ufeff<\/span><span style=\"display: inline-block; width: 0px; overflow: hidden; line-height: 0;\" data-mce-type=\"bookmark\" class=\"mce_SELRES_start\"><span data-mce-type=\"bookmark\" style=\"display: inline-block; width: 0px; overflow: hidden; line-height: 0;\" class=\"mce_SELRES_start\">\ufeff<\/span>\ufeff<\/span><span data-mce-type=\"bookmark\" style=\"display: inline-block; width: 0px; overflow: hidden; line-height: 0;\" class=\"mce_SELRES_start\">\ufeff<\/span><span style=\"display: inline-block; width: 0px; overflow: hidden; line-height: 0;\" data-mce-type=\"bookmark\" class=\"mce_SELRES_start\">\ufeff<\/span><span style=\"display: inline-block; width: 0px; overflow: hidden; line-height: 0;\" data-mce-type=\"bookmark\" class=\"mce_SELRES_start\">\ufeff<\/span><span style=\"display: inline-block; width: 0px; overflow: hidden; line-height: 0;\" data-mce-type=\"bookmark\" class=\"mce_SELRES_start\">\ufeff<\/span><span data-mce-type=\"bookmark\" style=\"display: inline-block; width: 0px; overflow: hidden; line-height: 0;\" class=\"mce_SELRES_start\">\ufeff<\/span><span data-mce-type=\"bookmark\" style=\"display: inline-block; width: 0px; overflow: hidden; line-height: 0;\" class=\"mce_SELRES_start\">\ufeff<\/span><span data-mce-type=\"bookmark\" style=\"display: inline-block; width: 0px; overflow: hidden; line-height: 0;\" class=\"mce_SELRES_start\">\ufeff<\/span><span data-mce-type=\"bookmark\" style=\"display: inline-block; width: 0px; overflow: hidden; line-height: 0;\" class=\"mce_SELRES_start\">\ufeff<\/span><span data-mce-type=\"bookmark\" style=\"display: inline-block; width: 0px; overflow: hidden; line-height: 0;\" class=\"mce_SELRES_start\">\ufeff<\/span><span data-mce-type=\"bookmark\" style=\"display: inline-block; width: 0px; overflow: hidden; line-height: 0;\" class=\"mce_SELRES_start\">\ufeff<\/span><span data-mce-type=\"bookmark\" style=\"display: inline-block; width: 0px; overflow: hidden; line-height: 0;\" class=\"mce_SELRES_start\">\ufeff<\/span><span data-mce-type=\"bookmark\" style=\"display: inline-block; width: 0px; overflow: hidden; line-height: 0;\" class=\"mce_SELRES_start\">\ufeff<\/span><span data-mce-type=\"bookmark\" style=\"display: inline-block; width: 0px; overflow: hidden; line-height: 0;\" class=\"mce_SELRES_start\">\ufeff<\/span><span data-mce-type=\"bookmark\" style=\"display: inline-block; width: 0px; overflow: hidden; line-height: 0;\" class=\"mce_SELRES_start\">\ufeff<\/span><span data-mce-type=\"bookmark\" style=\"display: inline-block; width: 0px; overflow: hidden; line-height: 0;\" class=\"mce_SELRES_start\">\ufeff<\/span><span data-mce-type=\"bookmark\" style=\"display: inline-block; width: 0px; overflow: hidden; line-height: 0;\" class=\"mce_SELRES_start\">\ufeff<\/span><span data-mce-type=\"bookmark\" style=\"display: inline-block; width: 0px; overflow: hidden; line-height: 0;\" class=\"mce_SELRES_start\">\ufeff<\/span><span data-mce-type=\"bookmark\" style=\"display: inline-block; width: 0px; overflow: hidden; line-height: 0;\" class=\"mce_SELRES_start\">\ufeff<\/span><span data-mce-type=\"bookmark\" style=\"display: inline-block; width: 0px; overflow: hidden; line-height: 0;\" class=\"mce_SELRES_start\">\ufeff<\/span><span data-mce-type=\"bookmark\" style=\"display: inline-block; width: 0px; overflow: hidden; line-height: 0;\" class=\"mce_SELRES_start\">\ufeff<\/span><span data-mce-type=\"bookmark\" style=\"display: inline-block; width: 0px; overflow: hidden; line-height: 0;\" class=\"mce_SELRES_start\">\ufeff<\/span><span data-mce-type=\"bookmark\" style=\"display: inline-block; width: 0px; overflow: hidden; line-height: 0;\" class=\"mce_SELRES_start\">\ufeff<\/span><span data-mce-type=\"bookmark\" style=\"display: inline-block; width: 0px; overflow: hidden; line-height: 0;\" class=\"mce_SELRES_start\">\ufeff<\/span><span data-mce-type=\"bookmark\" style=\"display: inline-block; width: 0px; overflow: hidden; line-height: 0;\" class=\"mce_SELRES_start\">\ufeff<\/span><span data-mce-type=\"bookmark\" style=\"display: inline-block; width: 0px; overflow: hidden; line-height: 0;\" class=\"mce_SELRES_start\">\ufeff<\/span><span data-mce-type=\"bookmark\" style=\"display: inline-block; width: 0px; overflow: hidden; line-height: 0;\" class=\"mce_SELRES_start\">\ufeff<\/span><span data-mce-type=\"bookmark\" style=\"display: inline-block; width: 0px; overflow: hidden; line-height: 0;\" class=\"mce_SELRES_start\">\ufeff<\/span><span data-mce-type=\"bookmark\" style=\"display: inline-block; width: 0px; overflow: hidden; line-height: 0;\" class=\"mce_SELRES_start\">\ufeff<\/span><span style=\"display: inline-block; width: 0px; overflow: hidden; line-height: 0;\" data-mce-type=\"bookmark\" class=\"mce_SELRES_start\">\ufeff<\/span><span style=\"display: inline-block; width: 0px; overflow: hidden; line-height: 0;\" data-mce-type=\"bookmark\" class=\"mce_SELRES_start\">\ufeff<\/span><span style=\"display: inline-block; width: 0px; overflow: hidden; line-height: 0;\" data-mce-type=\"bookmark\" class=\"mce_SELRES_start\">\ufeff<\/span><span style=\"display: inline-block; width: 0px; overflow: hidden; line-height: 0;\" data-mce-type=\"bookmark\" class=\"mce_SELRES_start\">\ufeff<\/span><span data-mce-type=\"bookmark\" style=\"display: inline-block; width: 0px; overflow: hidden; line-height: 0;\" class=\"mce_SELRES_start\">\ufeff<\/span><span style=\"display: inline-block; width: 0px; overflow: hidden; line-height: 0;\" data-mce-type=\"bookmark\" class=\"mce_SELRES_start\">\ufeff<\/span><span style=\"display: inline-block; width: 0px; overflow: hidden; line-height: 0;\" data-mce-type=\"bookmark\" class=\"mce_SELRES_start\">\ufeff<\/span><span style=\"display: inline-block; width: 0px; overflow: hidden; line-height: 0;\" data-mce-type=\"bookmark\" class=\"mce_SELRES_start\">\ufeff<\/span><span data-mce-type=\"bookmark\" style=\"display: inline-block; width: 0px; overflow: hidden; line-height: 0;\" class=\"mce_SELRES_start\">\ufeff<\/span><span data-mce-type=\"bookmark\" style=\"display: inline-block; width: 0px; overflow: hidden; line-height: 0;\" class=\"mce_SELRES_start\">\ufeff<\/span><span data-mce-type=\"bookmark\" style=\"display: inline-block; width: 0px; overflow: hidden; line-height: 0;\" class=\"mce_SELRES_start\">\ufeff<\/span><span data-mce-type=\"bookmark\" style=\"display: inline-block; width: 0px; overflow: hidden; line-height: 0;\" class=\"mce_SELRES_start\">\ufeff<\/span><span data-mce-type=\"bookmark\" style=\"display: inline-block; width: 0px; overflow: hidden; line-height: 0;\" class=\"mce_SELRES_start\">\ufeff<\/span><span style=\"display: inline-block; width: 0px; overflow: hidden; line-height: 0;\" data-mce-type=\"bookmark\" class=\"mce_SELRES_start\">\ufeff<\/span><span data-mce-type=\"bookmark\" style=\"display: inline-block; width: 0px; overflow: hidden; line-height: 0;\" class=\"mce_SELRES_start\">\ufeff<\/span><span data-mce-type=\"bookmark\" style=\"display: inline-block; width: 0px; overflow: hidden; line-height: 0;\" class=\"mce_SELRES_start\"><\/span><span data-mce-type=\"bookmark\" style=\"display: inline-block; width: 0px; overflow: hidden; line-height: 0;\" class=\"mce_SELRES_start\"><\/span><span data-mce-type=\"bookmark\" style=\"display: inline-block; width: 0px; overflow: hidden; line-height: 0;\" class=\"mce_SELRES_start\"><\/span><\/iframe><\/p>\n","protected":false},"excerpt":{"rendered":"<p>Wout van Aert trova finalmente il successo nella tredicesima tappa #LaVuelta26<\/p>\n","protected":false},"author":52,"featured_media":393690,"comment_status":"open","ping_status":"closed","sticky":false,"template":"","format":"standard","meta":{"footnotes":"","_members_access_role":[],"_members_access_error":""},"categories":[17,21,6589],"tags":[6773,5752,431],"class_list":["post-393657","post","type-post","status-publish","format-standard","has-post-thumbnail","hentry","category-sintesi-gare","category-vetrina","category-vuelta-2026","tag-team-visma-lease-a-bike-2026","tag-vuelta-a-espana-2026","tag-wout-van-aert"],"yoast_head":"<!-- This site is optimized with the Yoast SEO plugin v28.4 - https:\/\/yoast.com\/product\/yoast-seo-wordpress\/ -->\n<title>Vuelta a Espa\u00f1a 2026, finalmente Wout van Aert! Successo a Loja su Valentin Paret-Peintre - 5\u00b0 Vincenzo Albanese, 10\u00b0 Filippo Zana - SpazioCiclismo<\/title>\n<meta name=\"robots\" content=\"index, follow, max-snippet:-1, max-image-preview:large, max-video-preview:-1\" \/>\n<link rel=\"canonical\" href=\"https:\/\/cyclingpro.net\/spaziociclismo\/sintesi-gare\/vuelta-a-espana-2026-finalmente-wout-van-aert-successo-a-loja-su-valentin-paret-peintre-5-vincenzo-albanese-10-filippo-zana\/\" \/>\n<meta property=\"og:locale\" content=\"it_IT\" \/>\n<meta property=\"og:type\" content=\"article\" \/>\n<meta property=\"og:title\" content=\"Vuelta a Espa\u00f1a 2026, finalmente Wout van Aert! Successo a Loja su Valentin Paret-Peintre - 5\u00b0 Vincenzo Albanese, 10\u00b0 Filippo Zana - SpazioCiclismo\" \/>\n<meta property=\"og:description\" content=\"Wout van Aert trova finalmente il successo nella tredicesima tappa #LaVuelta26\" \/>\n<meta property=\"og:url\" content=\"https:\/\/cyclingpro.net\/spaziociclismo\/sintesi-gare\/vuelta-a-espana-2026-finalmente-wout-van-aert-successo-a-loja-su-valentin-paret-peintre-5-vincenzo-albanese-10-filippo-zana\/\" \/>\n<meta property=\"og:site_name\" content=\"SpazioCiclismo\" \/>\n<meta property=\"article:publisher\" content=\"https:\/\/www.facebook.com\/SpazioCiclismo\/\" \/>\n<meta property=\"article:published_time\" content=\"2026-09-04T15:17:09+00:00\" \/>\n<meta property=\"article:modified_time\" content=\"2026-09-04T15:59:29+00:00\" \/>\n<meta property=\"og:image\" content=\"https:\/\/cyclingpro.net\/spaziociclismo\/wp-content\/uploads\/2026\/09\/Wout-Van-Aert-Loja-Vuelta-2026-e1788537557458.jpg\" \/>\n\t<meta property=\"og:image:width\" content=\"1733\" \/>\n\t<meta property=\"og:image:height\" content=\"867\" \/>\n\t<meta property=\"og:image:type\" content=\"image\/jpeg\" \/>\n<meta name=\"author\" content=\"Alessandro Farina\" \/>\n<meta name=\"twitter:card\" content=\"summary_large_image\" \/>\n<meta name=\"twitter:creator\" content=\"@spaziociclismo\" \/>\n<meta name=\"twitter:site\" content=\"@spaziociclismo\" \/>\n<meta name=\"twitter:label1\" content=\"Scritto da\" \/>\n\t<meta name=\"twitter:data1\" content=\"Alessandro Farina\" \/>\n\t<meta name=\"twitter:label2\" content=\"Tempo di lettura stimato\" \/>\n\t<meta name=\"twitter:data2\" content=\"7 minuti\" \/>\n<script type=\"application\/ld+json\" class=\"yoast-schema-graph\">{\"@context\":\"https:\\\/\\\/schema.org\",\"@graph\":[{\"@type\":\"Article\",\"@id\":\"https:\\\/\\\/cyclingpro.net\\\/spaziociclismo\\\/sintesi-gare\\\/vuelta-a-espana-2026-finalmente-wout-van-aert-successo-a-loja-su-valentin-paret-peintre-5-vincenzo-albanese-10-filippo-zana\\\/#article\",\"isPartOf\":{\"@id\":\"https:\\\/\\\/cyclingpro.net\\\/spaziociclismo\\\/sintesi-gare\\\/vuelta-a-espana-2026-finalmente-wout-van-aert-successo-a-loja-su-valentin-paret-peintre-5-vincenzo-albanese-10-filippo-zana\\\/\"},\"author\":{\"name\":\"Alessandro Farina\",\"@id\":\"https:\\\/\\\/cyclingpro.net\\\/spaziociclismo\\\/#\\\/schema\\\/person\\\/fda4d079a95104c2764f9c3ffa3fc26f\"},\"headline\":\"Vuelta a Espa\u00f1a 2026, finalmente Wout van Aert! Successo a Loja su Valentin Paret-Peintre &#8211; 5\u00b0 Vincenzo Albanese, 10\u00b0 Filippo Zana\",\"datePublished\":\"2026-09-04T15:17:09+00:00\",\"dateModified\":\"2026-09-04T15:59:29+00:00\",\"mainEntityOfPage\":{\"@id\":\"https:\\\/\\\/cyclingpro.net\\\/spaziociclismo\\\/sintesi-gare\\\/vuelta-a-espana-2026-finalmente-wout-van-aert-successo-a-loja-su-valentin-paret-peintre-5-vincenzo-albanese-10-filippo-zana\\\/\"},\"wordCount\":1193,\"commentCount\":0,\"publisher\":{\"@id\":\"https:\\\/\\\/cyclingpro.net\\\/spaziociclismo\\\/#organization\"},\"image\":{\"@id\":\"https:\\\/\\\/cyclingpro.net\\\/spaziociclismo\\\/sintesi-gare\\\/vuelta-a-espana-2026-finalmente-wout-van-aert-successo-a-loja-su-valentin-paret-peintre-5-vincenzo-albanese-10-filippo-zana\\\/#primaryimage\"},\"thumbnailUrl\":\"https:\\\/\\\/cyclingpro.net\\\/spaziociclismo\\\/wp-content\\\/uploads\\\/2026\\\/09\\\/Wout-Van-Aert-Loja-Vuelta-2026-e1788537557458.jpg\",\"keywords\":[\"Team Visma | Lease a Bike 2026\",\"Vuelta a Espa\u00f1a 2026\",\"Wout van Aert\"],\"articleSection\":[\"Sintesi Gare\",\"Vetrina\",\"Vuelta 2026\"],\"inLanguage\":\"it-IT\",\"potentialAction\":[{\"@type\":\"CommentAction\",\"name\":\"Comment\",\"target\":[\"https:\\\/\\\/cyclingpro.net\\\/spaziociclismo\\\/sintesi-gare\\\/vuelta-a-espana-2026-finalmente-wout-van-aert-successo-a-loja-su-valentin-paret-peintre-5-vincenzo-albanese-10-filippo-zana\\\/#respond\"]}]},{\"@type\":\"WebPage\",\"@id\":\"https:\\\/\\\/cyclingpro.net\\\/spaziociclismo\\\/sintesi-gare\\\/vuelta-a-espana-2026-finalmente-wout-van-aert-successo-a-loja-su-valentin-paret-peintre-5-vincenzo-albanese-10-filippo-zana\\\/\",\"url\":\"https:\\\/\\\/cyclingpro.net\\\/spaziociclismo\\\/sintesi-gare\\\/vuelta-a-espana-2026-finalmente-wout-van-aert-successo-a-loja-su-valentin-paret-peintre-5-vincenzo-albanese-10-filippo-zana\\\/\",\"name\":\"Vuelta a Espa\u00f1a 2026, finalmente Wout van Aert! Successo a Loja su Valentin Paret-Peintre - 5\u00b0 Vincenzo Albanese, 10\u00b0 Filippo Zana - SpazioCiclismo\",\"isPartOf\":{\"@id\":\"https:\\\/\\\/cyclingpro.net\\\/spaziociclismo\\\/#website\"},\"primaryImageOfPage\":{\"@id\":\"https:\\\/\\\/cyclingpro.net\\\/spaziociclismo\\\/sintesi-gare\\\/vuelta-a-espana-2026-finalmente-wout-van-aert-successo-a-loja-su-valentin-paret-peintre-5-vincenzo-albanese-10-filippo-zana\\\/#primaryimage\"},\"image\":{\"@id\":\"https:\\\/\\\/cyclingpro.net\\\/spaziociclismo\\\/sintesi-gare\\\/vuelta-a-espana-2026-finalmente-wout-van-aert-successo-a-loja-su-valentin-paret-peintre-5-vincenzo-albanese-10-filippo-zana\\\/#primaryimage\"},\"thumbnailUrl\":\"https:\\\/\\\/cyclingpro.net\\\/spaziociclismo\\\/wp-content\\\/uploads\\\/2026\\\/09\\\/Wout-Van-Aert-Loja-Vuelta-2026-e1788537557458.jpg\",\"datePublished\":\"2026-09-04T15:17:09+00:00\",\"dateModified\":\"2026-09-04T15:59:29+00:00\",\"breadcrumb\":{\"@id\":\"https:\\\/\\\/cyclingpro.net\\\/spaziociclismo\\\/sintesi-gare\\\/vuelta-a-espana-2026-finalmente-wout-van-aert-successo-a-loja-su-valentin-paret-peintre-5-vincenzo-albanese-10-filippo-zana\\\/#breadcrumb\"},\"inLanguage\":\"it-IT\",\"potentialAction\":[{\"@type\":\"ReadAction\",\"target\":[\"https:\\\/\\\/cyclingpro.net\\\/spaziociclismo\\\/sintesi-gare\\\/vuelta-a-espana-2026-finalmente-wout-van-aert-successo-a-loja-su-valentin-paret-peintre-5-vincenzo-albanese-10-filippo-zana\\\/\"]}]},{\"@type\":\"ImageObject\",\"inLanguage\":\"it-IT\",\"@id\":\"https:\\\/\\\/cyclingpro.net\\\/spaziociclismo\\\/sintesi-gare\\\/vuelta-a-espana-2026-finalmente-wout-van-aert-successo-a-loja-su-valentin-paret-peintre-5-vincenzo-albanese-10-filippo-zana\\\/#primaryimage\",\"url\":\"https:\\\/\\\/cyclingpro.net\\\/spaziociclismo\\\/wp-content\\\/uploads\\\/2026\\\/09\\\/Wout-Van-Aert-Loja-Vuelta-2026-e1788537557458.jpg\",\"contentUrl\":\"https:\\\/\\\/cyclingpro.net\\\/spaziociclismo\\\/wp-content\\\/uploads\\\/2026\\\/09\\\/Wout-Van-Aert-Loja-Vuelta-2026-e1788537557458.jpg\",\"width\":1733,\"height\":867,\"caption\":\"\u00a9 ASO \\\/ CxCling\"},{\"@type\":\"BreadcrumbList\",\"@id\":\"https:\\\/\\\/cyclingpro.net\\\/spaziociclismo\\\/sintesi-gare\\\/vuelta-a-espana-2026-finalmente-wout-van-aert-successo-a-loja-su-valentin-paret-peintre-5-vincenzo-albanese-10-filippo-zana\\\/#breadcrumb\",\"itemListElement\":[{\"@type\":\"ListItem\",\"position\":1,\"name\":\"Home\",\"item\":\"https:\\\/\\\/cyclingpro.net\\\/spaziociclismo\\\/\"},{\"@type\":\"ListItem\",\"position\":2,\"name\":\"Vuelta a Espa\u00f1a 2026, finalmente Wout van Aert! Successo a Loja su Valentin Paret-Peintre &#8211; 5\u00b0 Vincenzo Albanese, 10\u00b0 Filippo Zana\"}]},{\"@type\":\"WebSite\",\"@id\":\"https:\\\/\\\/cyclingpro.net\\\/spaziociclismo\\\/#website\",\"url\":\"https:\\\/\\\/cyclingpro.net\\\/spaziociclismo\\\/\",\"name\":\"SpazioCiclismo\",\"description\":\"Tutto il ciclismo minuto per minuto\",\"publisher\":{\"@id\":\"https:\\\/\\\/cyclingpro.net\\\/spaziociclismo\\\/#organization\"},\"potentialAction\":[{\"@type\":\"SearchAction\",\"target\":{\"@type\":\"EntryPoint\",\"urlTemplate\":\"https:\\\/\\\/cyclingpro.net\\\/spaziociclismo\\\/?s={search_term_string}\"},\"query-input\":{\"@type\":\"PropertyValueSpecification\",\"valueRequired\":true,\"valueName\":\"search_term_string\"}}],\"inLanguage\":\"it-IT\"},{\"@type\":\"Organization\",\"@id\":\"https:\\\/\\\/cyclingpro.net\\\/spaziociclismo\\\/#organization\",\"name\":\"SpazioCiclismo\",\"url\":\"https:\\\/\\\/cyclingpro.net\\\/spaziociclismo\\\/\",\"logo\":{\"@type\":\"ImageObject\",\"inLanguage\":\"it-IT\",\"@id\":\"https:\\\/\\\/cyclingpro.net\\\/spaziociclismo\\\/#\\\/schema\\\/logo\\\/image\\\/\",\"url\":\"https:\\\/\\\/cyclingpro.net\\\/spaziociclismo\\\/wp-content\\\/uploads\\\/2017\\\/02\\\/SpazioCiclismo-Logo-Quadrato.png\",\"contentUrl\":\"https:\\\/\\\/cyclingpro.net\\\/spaziociclismo\\\/wp-content\\\/uploads\\\/2017\\\/02\\\/SpazioCiclismo-Logo-Quadrato.png\",\"width\":450,\"height\":450,\"caption\":\"SpazioCiclismo\"},\"image\":{\"@id\":\"https:\\\/\\\/cyclingpro.net\\\/spaziociclismo\\\/#\\\/schema\\\/logo\\\/image\\\/\"},\"sameAs\":[\"https:\\\/\\\/www.facebook.com\\\/SpazioCiclismo\\\/\",\"https:\\\/\\\/x.com\\\/spaziociclismo\",\"https:\\\/\\\/www.instagram.com\\\/spaziociclismo\\\/\"]},{\"@type\":\"Person\",\"@id\":\"https:\\\/\\\/cyclingpro.net\\\/spaziociclismo\\\/#\\\/schema\\\/person\\\/fda4d079a95104c2764f9c3ffa3fc26f\",\"name\":\"Alessandro Farina\",\"image\":{\"@type\":\"ImageObject\",\"inLanguage\":\"it-IT\",\"@id\":\"https:\\\/\\\/secure.gravatar.com\\\/avatar\\\/a15b660280727ff1737611bc5349040155e2609201d613ef2611905cdc7a122a?s=96&d=mm&r=g\",\"url\":\"https:\\\/\\\/secure.gravatar.com\\\/avatar\\\/a15b660280727ff1737611bc5349040155e2609201d613ef2611905cdc7a122a?s=96&d=mm&r=g\",\"contentUrl\":\"https:\\\/\\\/secure.gravatar.com\\\/avatar\\\/a15b660280727ff1737611bc5349040155e2609201d613ef2611905cdc7a122a?s=96&d=mm&r=g\",\"caption\":\"Alessandro Farina\"},\"url\":\"https:\\\/\\\/cyclingpro.net\\\/spaziociclismo\\\/author\\\/afarina\\\/\"}]}<\/script>\n<!-- \/ Yoast SEO plugin. -->","yoast_head_json":{"title":"Vuelta a Espa\u00f1a 2026, finalmente Wout van Aert! Successo a Loja su Valentin Paret-Peintre - 5\u00b0 Vincenzo Albanese, 10\u00b0 Filippo Zana - SpazioCiclismo","robots":{"index":"index","follow":"follow","max-snippet":"max-snippet:-1","max-image-preview":"max-image-preview:large","max-video-preview":"max-video-preview:-1"},"canonical":"https:\/\/cyclingpro.net\/spaziociclismo\/sintesi-gare\/vuelta-a-espana-2026-finalmente-wout-van-aert-successo-a-loja-su-valentin-paret-peintre-5-vincenzo-albanese-10-filippo-zana\/","og_locale":"it_IT","og_type":"article","og_title":"Vuelta a Espa\u00f1a 2026, finalmente Wout van Aert! Successo a Loja su Valentin Paret-Peintre - 5\u00b0 Vincenzo Albanese, 10\u00b0 Filippo Zana - SpazioCiclismo","og_description":"Wout van Aert trova finalmente il successo nella tredicesima tappa #LaVuelta26","og_url":"https:\/\/cyclingpro.net\/spaziociclismo\/sintesi-gare\/vuelta-a-espana-2026-finalmente-wout-van-aert-successo-a-loja-su-valentin-paret-peintre-5-vincenzo-albanese-10-filippo-zana\/","og_site_name":"SpazioCiclismo","article_publisher":"https:\/\/www.facebook.com\/SpazioCiclismo\/","article_published_time":"2026-09-04T15:17:09+00:00","article_modified_time":"2026-09-04T15:59:29+00:00","og_image":[{"width":1733,"height":867,"url":"https:\/\/cyclingpro.net\/spaziociclismo\/wp-content\/uploads\/2026\/09\/Wout-Van-Aert-Loja-Vuelta-2026-e1788537557458.jpg","type":"image\/jpeg"}],"author":"Alessandro Farina","twitter_card":"summary_large_image","twitter_creator":"@spaziociclismo","twitter_site":"@spaziociclismo","twitter_misc":{"Scritto da":"Alessandro Farina","Tempo di lettura stimato":"7 minuti"},"schema":{"@context":"https:\/\/schema.org","@graph":[{"@type":"Article","@id":"https:\/\/cyclingpro.net\/spaziociclismo\/sintesi-gare\/vuelta-a-espana-2026-finalmente-wout-van-aert-successo-a-loja-su-valentin-paret-peintre-5-vincenzo-albanese-10-filippo-zana\/#article","isPartOf":{"@id":"https:\/\/cyclingpro.net\/spaziociclismo\/sintesi-gare\/vuelta-a-espana-2026-finalmente-wout-van-aert-successo-a-loja-su-valentin-paret-peintre-5-vincenzo-albanese-10-filippo-zana\/"},"author":{"name":"Alessandro Farina","@id":"https:\/\/cyclingpro.net\/spaziociclismo\/#\/schema\/person\/fda4d079a95104c2764f9c3ffa3fc26f"},"headline":"Vuelta a Espa\u00f1a 2026, finalmente Wout van Aert! Successo a Loja su Valentin Paret-Peintre &#8211; 5\u00b0 Vincenzo Albanese, 10\u00b0 Filippo Zana","datePublished":"2026-09-04T15:17:09+00:00","dateModified":"2026-09-04T15:59:29+00:00","mainEntityOfPage":{"@id":"https:\/\/cyclingpro.net\/spaziociclismo\/sintesi-gare\/vuelta-a-espana-2026-finalmente-wout-van-aert-successo-a-loja-su-valentin-paret-peintre-5-vincenzo-albanese-10-filippo-zana\/"},"wordCount":1193,"commentCount":0,"publisher":{"@id":"https:\/\/cyclingpro.net\/spaziociclismo\/#organization"},"image":{"@id":"https:\/\/cyclingpro.net\/spaziociclismo\/sintesi-gare\/vuelta-a-espana-2026-finalmente-wout-van-aert-successo-a-loja-su-valentin-paret-peintre-5-vincenzo-albanese-10-filippo-zana\/#primaryimage"},"thumbnailUrl":"https:\/\/cyclingpro.net\/spaziociclismo\/wp-content\/uploads\/2026\/09\/Wout-Van-Aert-Loja-Vuelta-2026-e1788537557458.jpg","keywords":["Team Visma | Lease a Bike 2026","Vuelta a Espa\u00f1a 2026","Wout van Aert"],"articleSection":["Sintesi Gare","Vetrina","Vuelta 2026"],"inLanguage":"it-IT","potentialAction":[{"@type":"CommentAction","name":"Comment","target":["https:\/\/cyclingpro.net\/spaziociclismo\/sintesi-gare\/vuelta-a-espana-2026-finalmente-wout-van-aert-successo-a-loja-su-valentin-paret-peintre-5-vincenzo-albanese-10-filippo-zana\/#respond"]}]},{"@type":"WebPage","@id":"https:\/\/cyclingpro.net\/spaziociclismo\/sintesi-gare\/vuelta-a-espana-2026-finalmente-wout-van-aert-successo-a-loja-su-valentin-paret-peintre-5-vincenzo-albanese-10-filippo-zana\/","url":"https:\/\/cyclingpro.net\/spaziociclismo\/sintesi-gare\/vuelta-a-espana-2026-finalmente-wout-van-aert-successo-a-loja-su-valentin-paret-peintre-5-vincenzo-albanese-10-filippo-zana\/","name":"Vuelta a Espa\u00f1a 2026, finalmente Wout van Aert! Successo a Loja su Valentin Paret-Peintre - 5\u00b0 Vincenzo Albanese, 10\u00b0 Filippo Zana - SpazioCiclismo","isPartOf":{"@id":"https:\/\/cyclingpro.net\/spaziociclismo\/#website"},"primaryImageOfPage":{"@id":"https:\/\/cyclingpro.net\/spaziociclismo\/sintesi-gare\/vuelta-a-espana-2026-finalmente-wout-van-aert-successo-a-loja-su-valentin-paret-peintre-5-vincenzo-albanese-10-filippo-zana\/#primaryimage"},"image":{"@id":"https:\/\/cyclingpro.net\/spaziociclismo\/sintesi-gare\/vuelta-a-espana-2026-finalmente-wout-van-aert-successo-a-loja-su-valentin-paret-peintre-5-vincenzo-albanese-10-filippo-zana\/#primaryimage"},"thumbnailUrl":"https:\/\/cyclingpro.net\/spaziociclismo\/wp-content\/uploads\/2026\/09\/Wout-Van-Aert-Loja-Vuelta-2026-e1788537557458.jpg","datePublished":"2026-09-04T15:17:09+00:00","dateModified":"2026-09-04T15:59:29+00:00","breadcrumb":{"@id":"https:\/\/cyclingpro.net\/spaziociclismo\/sintesi-gare\/vuelta-a-espana-2026-finalmente-wout-van-aert-successo-a-loja-su-valentin-paret-peintre-5-vincenzo-albanese-10-filippo-zana\/#breadcrumb"},"inLanguage":"it-IT","potentialAction":[{"@type":"ReadAction","target":["https:\/\/cyclingpro.net\/spaziociclismo\/sintesi-gare\/vuelta-a-espana-2026-finalmente-wout-van-aert-successo-a-loja-su-valentin-paret-peintre-5-vincenzo-albanese-10-filippo-zana\/"]}]},{"@type":"ImageObject","inLanguage":"it-IT","@id":"https:\/\/cyclingpro.net\/spaziociclismo\/sintesi-gare\/vuelta-a-espana-2026-finalmente-wout-van-aert-successo-a-loja-su-valentin-paret-peintre-5-vincenzo-albanese-10-filippo-zana\/#primaryimage","url":"https:\/\/cyclingpro.net\/spaziociclismo\/wp-content\/uploads\/2026\/09\/Wout-Van-Aert-Loja-Vuelta-2026-e1788537557458.jpg","contentUrl":"https:\/\/cyclingpro.net\/spaziociclismo\/wp-content\/uploads\/2026\/09\/Wout-Van-Aert-Loja-Vuelta-2026-e1788537557458.jpg","width":1733,"height":867,"caption":"\u00a9 ASO \/ CxCling"},{"@type":"BreadcrumbList","@id":"https:\/\/cyclingpro.net\/spaziociclismo\/sintesi-gare\/vuelta-a-espana-2026-finalmente-wout-van-aert-successo-a-loja-su-valentin-paret-peintre-5-vincenzo-albanese-10-filippo-zana\/#breadcrumb","itemListElement":[{"@type":"ListItem","position":1,"name":"Home","item":"https:\/\/cyclingpro.net\/spaziociclismo\/"},{"@type":"ListItem","position":2,"name":"Vuelta a Espa\u00f1a 2026, finalmente Wout van Aert! Successo a Loja su Valentin Paret-Peintre &#8211; 5\u00b0 Vincenzo Albanese, 10\u00b0 Filippo Zana"}]},{"@type":"WebSite","@id":"https:\/\/cyclingpro.net\/spaziociclismo\/#website","url":"https:\/\/cyclingpro.net\/spaziociclismo\/","name":"SpazioCiclismo","description":"Tutto il ciclismo minuto per minuto","publisher":{"@id":"https:\/\/cyclingpro.net\/spaziociclismo\/#organization"},"potentialAction":[{"@type":"SearchAction","target":{"@type":"EntryPoint","urlTemplate":"https:\/\/cyclingpro.net\/spaziociclismo\/?s={search_term_string}"},"query-input":{"@type":"PropertyValueSpecification","valueRequired":true,"valueName":"search_term_string"}}],"inLanguage":"it-IT"},{"@type":"Organization","@id":"https:\/\/cyclingpro.net\/spaziociclismo\/#organization","name":"SpazioCiclismo","url":"https:\/\/cyclingpro.net\/spaziociclismo\/","logo":{"@type":"ImageObject","inLanguage":"it-IT","@id":"https:\/\/cyclingpro.net\/spaziociclismo\/#\/schema\/logo\/image\/","url":"https:\/\/cyclingpro.net\/spaziociclismo\/wp-content\/uploads\/2017\/02\/SpazioCiclismo-Logo-Quadrato.png","contentUrl":"https:\/\/cyclingpro.net\/spaziociclismo\/wp-content\/uploads\/2017\/02\/SpazioCiclismo-Logo-Quadrato.png","width":450,"height":450,"caption":"SpazioCiclismo"},"image":{"@id":"https:\/\/cyclingpro.net\/spaziociclismo\/#\/schema\/logo\/image\/"},"sameAs":["https:\/\/www.facebook.com\/SpazioCiclismo\/","https:\/\/x.com\/spaziociclismo","https:\/\/www.instagram.com\/spaziociclismo\/"]},{"@type":"Person","@id":"https:\/\/cyclingpro.net\/spaziociclismo\/#\/schema\/person\/fda4d079a95104c2764f9c3ffa3fc26f","name":"Alessandro Farina","image":{"@type":"ImageObject","inLanguage":"it-IT","@id":"https:\/\/secure.gravatar.com\/avatar\/a15b660280727ff1737611bc5349040155e2609201d613ef2611905cdc7a122a?s=96&d=mm&r=g","url":"https:\/\/secure.gravatar.com\/avatar\/a15b660280727ff1737611bc5349040155e2609201d613ef2611905cdc7a122a?s=96&d=mm&r=g","contentUrl":"https:\/\/secure.gravatar.com\/avatar\/a15b660280727ff1737611bc5349040155e2609201d613ef2611905cdc7a122a?s=96&d=mm&r=g","caption":"Alessandro Farina"},"url":"https:\/\/cyclingpro.net\/spaziociclismo\/author\/afarina\/"}]}},"_links":{"self":[{"href":"https:\/\/cyclingpro.net\/spaziociclismo\/wp-json\/wp\/v2\/posts\/393657","targetHints":{"allow":["GET"]}}],"collection":[{"href":"https:\/\/cyclingpro.net\/spaziociclismo\/wp-json\/wp\/v2\/posts"}],"about":[{"href":"https:\/\/cyclingpro.net\/spaziociclismo\/wp-json\/wp\/v2\/types\/post"}],"author":[{"embeddable":true,"href":"https:\/\/cyclingpro.net\/spaziociclismo\/wp-json\/wp\/v2\/users\/52"}],"replies":[{"embeddable":true,"href":"https:\/\/cyclingpro.net\/spaziociclismo\/wp-json\/wp\/v2\/comments?post=393657"}],"version-history":[{"count":8,"href":"https:\/\/cyclingpro.net\/spaziociclismo\/wp-json\/wp\/v2\/posts\/393657\/revisions"}],"predecessor-version":[{"id":393687,"href":"https:\/\/cyclingpro.net\/spaziociclismo\/wp-json\/wp\/v2\/posts\/393657\/revisions\/393687"}],"wp:featuredmedia":[{"embeddable":true,"href":"https:\/\/cyclingpro.net\/spaziociclismo\/wp-json\/wp\/v2\/media\/393690"}],"wp:attachment":[{"href":"https:\/\/cyclingpro.net\/spaziociclismo\/wp-json\/wp\/v2\/media?parent=393657"}],"wp:term":[{"taxonomy":"category","embeddable":true,"href":"https:\/\/cyclingpro.net\/spaziociclismo\/wp-json\/wp\/v2\/categories?post=393657"},{"taxonomy":"post_tag","embeddable":true,"href":"https:\/\/cyclingpro.net\/spaziociclismo\/wp-json\/wp\/v2\/tags?post=393657"}],"curies":[{"name":"wp","href":"https:\/\/api.w.org\/{rel}","templated":true}]}}