{"id":393651,"date":"2026-09-04T17:09:23","date_gmt":"2026-09-04T15:09:23","guid":{"rendered":"https:\/\/cyclingpro.net\/spaziociclismo\/?p=393651"},"modified":"2026-09-04T17:09:23","modified_gmt":"2026-09-04T15:09:23","slug":"uci-le-possibili-novita-in-tema-di-sicurezza-confermato-il-gps-ai-mondiali-nel-2027-piu-attenzione-alle-transenne-degli-arrivi-e-la-vuelta-espana-femenina-cambia-data","status":"publish","type":"post","link":"https:\/\/cyclingpro.net\/spaziociclismo\/altro\/uci-le-possibili-novita-in-tema-di-sicurezza-confermato-il-gps-ai-mondiali-nel-2027-piu-attenzione-alle-transenne-degli-arrivi-e-la-vuelta-espana-femenina-cambia-data\/","title":{"rendered":"UCI, le possibili novit\u00e0 in tema di sicurezza: confermato il GPS ai Mondiali, nel 2027 pi\u00f9 attenzione alle transenne degli arrivi. E la Vuelta Espa\u00f1a Femenina cambia data"},"content":{"rendered":"<p>L&#8217;UCI riflette sul tema della sicurezza. Il Professional Cycling Council (PCC), il corpo che riunisce gli stakeholder del ciclismo professionistico maschile e femminile, si \u00e8 riunito l&#8217;1 e il 2 settembre nel quartier generale dell&#8217;UCI ad Aigle, in Svizzera. Sul tavolo, naturalmente, la questione del GPS, una delle pi\u00f9 dibattute negli ultimi anni: diversi corridori e direttori sportivi insistono sulla necessit\u00e0 di dotare i corridori di uno strumento che ne localizzi la posizione per accorgersi immediatamente di quando c&#8217;\u00e8 un problema serio, come ad esempio una caduta fuori dalla strada.<\/p>\n<p>Per quanto riguarda il tema della sicurezza stradale, l&#8217;UCI ha confermato che anche per il <strong>Mondiali su strada di Montr\u00e9al<\/strong> i corridori saranno dotati di GPS per consentirne la localizzazione in tempo reale. La sperimentazione attuata per Kigali 2025 dunque ha dato i suoi effetti e verr\u00e0 riproposta anche in questa edizione. Per il momento, gli stakeholder principali del mondo del ciclismo non hanno effettuato una proposta congiunta per l&#8217;utilizzo dei <strong>GPS<\/strong> anche durante le corse <strong>WorldTour<\/strong> e <strong>Women&#8217;s WorldTour<\/strong>: il principale organo di questo sport auspica che questo accordo venga raggiunto presto, mettendo la sicurezza dei corridori al primo posto. Sempre in tema sicurezza, dal 2027 saranno introdotti nuovi standard per le transenne usate nelle ultime centinaia di metri, che dovranno rispettare gli standard dell&#8217;Alta Scuola Specializzata della Svizzera Occidentale Valais-Wallis. Inizialmente, la novit\u00e0 riguarder\u00e0 solo per le corse World Tour e Women&#8217;s World Tour, per poi essere implementate di volta in volta nelle altre competizioni.<\/p>\n<p>Parlando invece del calendario, nel ciclismo femminile la <strong>Vuelta Espa\u00f1a Femenina by Carrefour.es<\/strong> nel 2027 sar\u00e0 spostata a ottobre e avr\u00e0 luogo dal 3 al 10 di quel mese, diventando il terzo Grand Tour stagionale (dopo quindi Giro Women e Tour de France Femmes, nel calendario). La <strong>Vuelta a Burgos Feminas<\/strong> invece si terr\u00e0 dal 6 al 10 maggio 2027. L&#8217;unico cambiamento nel calendario UCI WorldTour maschile riguarda invece la\u00a0<strong>Eschborn-Frankfurt<\/strong>, che torna alla sua tradizionale collocazione il primo maggio.<\/p>\n<p>Sul punteggio, invece, vengono confermati i punti per i corridori che competono in discipline diverse dalla strada, come ciclocross, pista, mountain bike e gravel. Per di pi\u00f9, le corse a tappe dei National Tour possono ora creare una maglia distintiva per il miglior corridore della nazionalit\u00e0 dell&#8217;evento.<\/p>\n","protected":false},"excerpt":{"rendered":"<p>Le novit\u00e0 a cui pensa l&#8217;UCI in tema sicurezza<\/p>\n","protected":false},"author":15,"featured_media":37068,"comment_status":"open","ping_status":"closed","sticky":false,"template":"","format":"standard","meta":{"footnotes":"","_members_access_role":[],"_members_access_error":""},"categories":[2],"tags":[404],"class_list":["post-393651","post","type-post","status-publish","format-standard","has-post-thumbnail","hentry","category-altro","tag-uci"],"yoast_head":"<!-- This site is optimized with the Yoast SEO plugin v28.4 - https:\/\/yoast.com\/product\/yoast-seo-wordpress\/ -->\n<title>UCI, le possibili novit\u00e0 in tema di sicurezza: confermato il GPS ai Mondiali, nel 2027 pi\u00f9 attenzione alle transenne degli arrivi. E la Vuelta Espa\u00f1a Femenina cambia data - SpazioCiclismo<\/title>\n<meta name=\"robots\" content=\"index, follow, max-snippet:-1, max-image-preview:large, max-video-preview:-1\" \/>\n<link rel=\"canonical\" href=\"https:\/\/cyclingpro.net\/spaziociclismo\/altro\/uci-le-possibili-novita-in-tema-di-sicurezza-confermato-il-gps-ai-mondiali-nel-2027-piu-attenzione-alle-transenne-degli-arrivi-e-la-vuelta-espana-femenina-cambia-data\/\" \/>\n<meta property=\"og:locale\" content=\"it_IT\" \/>\n<meta property=\"og:type\" content=\"article\" \/>\n<meta property=\"og:title\" content=\"UCI, le possibili novit\u00e0 in tema di sicurezza: confermato il GPS ai Mondiali, nel 2027 pi\u00f9 attenzione alle transenne degli arrivi. E la Vuelta Espa\u00f1a Femenina cambia data - SpazioCiclismo\" \/>\n<meta property=\"og:description\" content=\"Le novit\u00e0 a cui pensa l&#039;UCI in tema sicurezza\" \/>\n<meta property=\"og:url\" content=\"https:\/\/cyclingpro.net\/spaziociclismo\/altro\/uci-le-possibili-novita-in-tema-di-sicurezza-confermato-il-gps-ai-mondiali-nel-2027-piu-attenzione-alle-transenne-degli-arrivi-e-la-vuelta-espana-femenina-cambia-data\/\" \/>\n<meta property=\"og:site_name\" content=\"SpazioCiclismo\" \/>\n<meta property=\"article:publisher\" content=\"https:\/\/www.facebook.com\/SpazioCiclismo\/\" \/>\n<meta property=\"article:published_time\" content=\"2026-09-04T15:09:23+00:00\" \/>\n<meta property=\"og:image\" content=\"https:\/\/cyclingpro.net\/spaziociclismo\/wp-content\/uploads\/2017\/12\/UCI.jpeg\" \/>\n\t<meta property=\"og:image:width\" content=\"600\" \/>\n\t<meta property=\"og:image:height\" content=\"330\" \/>\n\t<meta property=\"og:image:type\" content=\"image\/jpeg\" \/>\n<meta name=\"author\" content=\"Davide Terraneo\" \/>\n<meta name=\"twitter:card\" content=\"summary_large_image\" \/>\n<meta name=\"twitter:creator\" content=\"@spaziociclismo\" \/>\n<meta name=\"twitter:site\" content=\"@spaziociclismo\" \/>\n<meta name=\"twitter:label1\" content=\"Scritto da\" \/>\n\t<meta name=\"twitter:data1\" content=\"Davide Terraneo\" \/>\n\t<meta name=\"twitter:label2\" content=\"Tempo di lettura stimato\" \/>\n\t<meta name=\"twitter:data2\" content=\"3 minuti\" \/>\n<script type=\"application\/ld+json\" class=\"yoast-schema-graph\">{\"@context\":\"https:\\\/\\\/schema.org\",\"@graph\":[{\"@type\":\"Article\",\"@id\":\"https:\\\/\\\/cyclingpro.net\\\/spaziociclismo\\\/altro\\\/uci-le-possibili-novita-in-tema-di-sicurezza-confermato-il-gps-ai-mondiali-nel-2027-piu-attenzione-alle-transenne-degli-arrivi-e-la-vuelta-espana-femenina-cambia-data\\\/#article\",\"isPartOf\":{\"@id\":\"https:\\\/\\\/cyclingpro.net\\\/spaziociclismo\\\/altro\\\/uci-le-possibili-novita-in-tema-di-sicurezza-confermato-il-gps-ai-mondiali-nel-2027-piu-attenzione-alle-transenne-degli-arrivi-e-la-vuelta-espana-femenina-cambia-data\\\/\"},\"author\":{\"name\":\"Davide Terraneo\",\"@id\":\"https:\\\/\\\/cyclingpro.net\\\/spaziociclismo\\\/#\\\/schema\\\/person\\\/7e1a937a7dba4e684209b697ab87796a\"},\"headline\":\"UCI, le possibili novit\u00e0 in tema di sicurezza: confermato il GPS ai Mondiali, nel 2027 pi\u00f9 attenzione alle transenne degli arrivi. E la Vuelta Espa\u00f1a Femenina cambia data\",\"datePublished\":\"2026-09-04T15:09:23+00:00\",\"mainEntityOfPage\":{\"@id\":\"https:\\\/\\\/cyclingpro.net\\\/spaziociclismo\\\/altro\\\/uci-le-possibili-novita-in-tema-di-sicurezza-confermato-il-gps-ai-mondiali-nel-2027-piu-attenzione-alle-transenne-degli-arrivi-e-la-vuelta-espana-femenina-cambia-data\\\/\"},\"wordCount\":404,\"commentCount\":0,\"publisher\":{\"@id\":\"https:\\\/\\\/cyclingpro.net\\\/spaziociclismo\\\/#organization\"},\"image\":{\"@id\":\"https:\\\/\\\/cyclingpro.net\\\/spaziociclismo\\\/altro\\\/uci-le-possibili-novita-in-tema-di-sicurezza-confermato-il-gps-ai-mondiali-nel-2027-piu-attenzione-alle-transenne-degli-arrivi-e-la-vuelta-espana-femenina-cambia-data\\\/#primaryimage\"},\"thumbnailUrl\":\"https:\\\/\\\/cyclingpro.net\\\/spaziociclismo\\\/wp-content\\\/uploads\\\/2017\\\/12\\\/UCI.jpeg\",\"keywords\":[\"UCI\"],\"articleSection\":[\"Altro\"],\"inLanguage\":\"it-IT\",\"potentialAction\":[{\"@type\":\"CommentAction\",\"name\":\"Comment\",\"target\":[\"https:\\\/\\\/cyclingpro.net\\\/spaziociclismo\\\/altro\\\/uci-le-possibili-novita-in-tema-di-sicurezza-confermato-il-gps-ai-mondiali-nel-2027-piu-attenzione-alle-transenne-degli-arrivi-e-la-vuelta-espana-femenina-cambia-data\\\/#respond\"]}]},{\"@type\":\"WebPage\",\"@id\":\"https:\\\/\\\/cyclingpro.net\\\/spaziociclismo\\\/altro\\\/uci-le-possibili-novita-in-tema-di-sicurezza-confermato-il-gps-ai-mondiali-nel-2027-piu-attenzione-alle-transenne-degli-arrivi-e-la-vuelta-espana-femenina-cambia-data\\\/\",\"url\":\"https:\\\/\\\/cyclingpro.net\\\/spaziociclismo\\\/altro\\\/uci-le-possibili-novita-in-tema-di-sicurezza-confermato-il-gps-ai-mondiali-nel-2027-piu-attenzione-alle-transenne-degli-arrivi-e-la-vuelta-espana-femenina-cambia-data\\\/\",\"name\":\"UCI, le possibili novit\u00e0 in tema di sicurezza: confermato il GPS ai Mondiali, nel 2027 pi\u00f9 attenzione alle transenne degli arrivi. E la Vuelta Espa\u00f1a Femenina cambia data - SpazioCiclismo\",\"isPartOf\":{\"@id\":\"https:\\\/\\\/cyclingpro.net\\\/spaziociclismo\\\/#website\"},\"primaryImageOfPage\":{\"@id\":\"https:\\\/\\\/cyclingpro.net\\\/spaziociclismo\\\/altro\\\/uci-le-possibili-novita-in-tema-di-sicurezza-confermato-il-gps-ai-mondiali-nel-2027-piu-attenzione-alle-transenne-degli-arrivi-e-la-vuelta-espana-femenina-cambia-data\\\/#primaryimage\"},\"image\":{\"@id\":\"https:\\\/\\\/cyclingpro.net\\\/spaziociclismo\\\/altro\\\/uci-le-possibili-novita-in-tema-di-sicurezza-confermato-il-gps-ai-mondiali-nel-2027-piu-attenzione-alle-transenne-degli-arrivi-e-la-vuelta-espana-femenina-cambia-data\\\/#primaryimage\"},\"thumbnailUrl\":\"https:\\\/\\\/cyclingpro.net\\\/spaziociclismo\\\/wp-content\\\/uploads\\\/2017\\\/12\\\/UCI.jpeg\",\"datePublished\":\"2026-09-04T15:09:23+00:00\",\"breadcrumb\":{\"@id\":\"https:\\\/\\\/cyclingpro.net\\\/spaziociclismo\\\/altro\\\/uci-le-possibili-novita-in-tema-di-sicurezza-confermato-il-gps-ai-mondiali-nel-2027-piu-attenzione-alle-transenne-degli-arrivi-e-la-vuelta-espana-femenina-cambia-data\\\/#breadcrumb\"},\"inLanguage\":\"it-IT\",\"potentialAction\":[{\"@type\":\"ReadAction\",\"target\":[\"https:\\\/\\\/cyclingpro.net\\\/spaziociclismo\\\/altro\\\/uci-le-possibili-novita-in-tema-di-sicurezza-confermato-il-gps-ai-mondiali-nel-2027-piu-attenzione-alle-transenne-degli-arrivi-e-la-vuelta-espana-femenina-cambia-data\\\/\"]}]},{\"@type\":\"ImageObject\",\"inLanguage\":\"it-IT\",\"@id\":\"https:\\\/\\\/cyclingpro.net\\\/spaziociclismo\\\/altro\\\/uci-le-possibili-novita-in-tema-di-sicurezza-confermato-il-gps-ai-mondiali-nel-2027-piu-attenzione-alle-transenne-degli-arrivi-e-la-vuelta-espana-femenina-cambia-data\\\/#primaryimage\",\"url\":\"https:\\\/\\\/cyclingpro.net\\\/spaziociclismo\\\/wp-content\\\/uploads\\\/2017\\\/12\\\/UCI.jpeg\",\"contentUrl\":\"https:\\\/\\\/cyclingpro.net\\\/spaziociclismo\\\/wp-content\\\/uploads\\\/2017\\\/12\\\/UCI.jpeg\",\"width\":600,\"height\":330},{\"@type\":\"BreadcrumbList\",\"@id\":\"https:\\\/\\\/cyclingpro.net\\\/spaziociclismo\\\/altro\\\/uci-le-possibili-novita-in-tema-di-sicurezza-confermato-il-gps-ai-mondiali-nel-2027-piu-attenzione-alle-transenne-degli-arrivi-e-la-vuelta-espana-femenina-cambia-data\\\/#breadcrumb\",\"itemListElement\":[{\"@type\":\"ListItem\",\"position\":1,\"name\":\"Home\",\"item\":\"https:\\\/\\\/cyclingpro.net\\\/spaziociclismo\\\/\"},{\"@type\":\"ListItem\",\"position\":2,\"name\":\"UCI, le possibili novit\u00e0 in tema di sicurezza: confermato il GPS ai Mondiali, nel 2027 pi\u00f9 attenzione alle transenne degli arrivi. E la Vuelta Espa\u00f1a Femenina cambia data\"}]},{\"@type\":\"WebSite\",\"@id\":\"https:\\\/\\\/cyclingpro.net\\\/spaziociclismo\\\/#website\",\"url\":\"https:\\\/\\\/cyclingpro.net\\\/spaziociclismo\\\/\",\"name\":\"SpazioCiclismo\",\"description\":\"Tutto il ciclismo minuto per minuto\",\"publisher\":{\"@id\":\"https:\\\/\\\/cyclingpro.net\\\/spaziociclismo\\\/#organization\"},\"potentialAction\":[{\"@type\":\"SearchAction\",\"target\":{\"@type\":\"EntryPoint\",\"urlTemplate\":\"https:\\\/\\\/cyclingpro.net\\\/spaziociclismo\\\/?s={search_term_string}\"},\"query-input\":{\"@type\":\"PropertyValueSpecification\",\"valueRequired\":true,\"valueName\":\"search_term_string\"}}],\"inLanguage\":\"it-IT\"},{\"@type\":\"Organization\",\"@id\":\"https:\\\/\\\/cyclingpro.net\\\/spaziociclismo\\\/#organization\",\"name\":\"SpazioCiclismo\",\"url\":\"https:\\\/\\\/cyclingpro.net\\\/spaziociclismo\\\/\",\"logo\":{\"@type\":\"ImageObject\",\"inLanguage\":\"it-IT\",\"@id\":\"https:\\\/\\\/cyclingpro.net\\\/spaziociclismo\\\/#\\\/schema\\\/logo\\\/image\\\/\",\"url\":\"https:\\\/\\\/cyclingpro.net\\\/spaziociclismo\\\/wp-content\\\/uploads\\\/2017\\\/02\\\/SpazioCiclismo-Logo-Quadrato.png\",\"contentUrl\":\"https:\\\/\\\/cyclingpro.net\\\/spaziociclismo\\\/wp-content\\\/uploads\\\/2017\\\/02\\\/SpazioCiclismo-Logo-Quadrato.png\",\"width\":450,\"height\":450,\"caption\":\"SpazioCiclismo\"},\"image\":{\"@id\":\"https:\\\/\\\/cyclingpro.net\\\/spaziociclismo\\\/#\\\/schema\\\/logo\\\/image\\\/\"},\"sameAs\":[\"https:\\\/\\\/www.facebook.com\\\/SpazioCiclismo\\\/\",\"https:\\\/\\\/x.com\\\/spaziociclismo\",\"https:\\\/\\\/www.instagram.com\\\/spaziociclismo\\\/\"]},{\"@type\":\"Person\",\"@id\":\"https:\\\/\\\/cyclingpro.net\\\/spaziociclismo\\\/#\\\/schema\\\/person\\\/7e1a937a7dba4e684209b697ab87796a\",\"name\":\"Davide Terraneo\",\"image\":{\"@type\":\"ImageObject\",\"inLanguage\":\"it-IT\",\"@id\":\"https:\\\/\\\/secure.gravatar.com\\\/avatar\\\/ff8491b63094864b9d94b44d6465d0050c0872ad4112e51a3cee77d0500a47c5?s=96&d=mm&r=g\",\"url\":\"https:\\\/\\\/secure.gravatar.com\\\/avatar\\\/ff8491b63094864b9d94b44d6465d0050c0872ad4112e51a3cee77d0500a47c5?s=96&d=mm&r=g\",\"contentUrl\":\"https:\\\/\\\/secure.gravatar.com\\\/avatar\\\/ff8491b63094864b9d94b44d6465d0050c0872ad4112e51a3cee77d0500a47c5?s=96&d=mm&r=g\",\"caption\":\"Davide Terraneo\"},\"url\":\"https:\\\/\\\/cyclingpro.net\\\/spaziociclismo\\\/author\\\/dterraneo\\\/\"}]}<\/script>\n<!-- \/ Yoast SEO plugin. -->","yoast_head_json":{"title":"UCI, le possibili novit\u00e0 in tema di sicurezza: confermato il GPS ai Mondiali, nel 2027 pi\u00f9 attenzione alle transenne degli arrivi. E la Vuelta Espa\u00f1a Femenina cambia data - SpazioCiclismo","robots":{"index":"index","follow":"follow","max-snippet":"max-snippet:-1","max-image-preview":"max-image-preview:large","max-video-preview":"max-video-preview:-1"},"canonical":"https:\/\/cyclingpro.net\/spaziociclismo\/altro\/uci-le-possibili-novita-in-tema-di-sicurezza-confermato-il-gps-ai-mondiali-nel-2027-piu-attenzione-alle-transenne-degli-arrivi-e-la-vuelta-espana-femenina-cambia-data\/","og_locale":"it_IT","og_type":"article","og_title":"UCI, le possibili novit\u00e0 in tema di sicurezza: confermato il GPS ai Mondiali, nel 2027 pi\u00f9 attenzione alle transenne degli arrivi. E la Vuelta Espa\u00f1a Femenina cambia data - SpazioCiclismo","og_description":"Le novit\u00e0 a cui pensa l'UCI in tema sicurezza","og_url":"https:\/\/cyclingpro.net\/spaziociclismo\/altro\/uci-le-possibili-novita-in-tema-di-sicurezza-confermato-il-gps-ai-mondiali-nel-2027-piu-attenzione-alle-transenne-degli-arrivi-e-la-vuelta-espana-femenina-cambia-data\/","og_site_name":"SpazioCiclismo","article_publisher":"https:\/\/www.facebook.com\/SpazioCiclismo\/","article_published_time":"2026-09-04T15:09:23+00:00","og_image":[{"width":600,"height":330,"url":"https:\/\/cyclingpro.net\/spaziociclismo\/wp-content\/uploads\/2017\/12\/UCI.jpeg","type":"image\/jpeg"}],"author":"Davide Terraneo","twitter_card":"summary_large_image","twitter_creator":"@spaziociclismo","twitter_site":"@spaziociclismo","twitter_misc":{"Scritto da":"Davide Terraneo","Tempo di lettura stimato":"3 minuti"},"schema":{"@context":"https:\/\/schema.org","@graph":[{"@type":"Article","@id":"https:\/\/cyclingpro.net\/spaziociclismo\/altro\/uci-le-possibili-novita-in-tema-di-sicurezza-confermato-il-gps-ai-mondiali-nel-2027-piu-attenzione-alle-transenne-degli-arrivi-e-la-vuelta-espana-femenina-cambia-data\/#article","isPartOf":{"@id":"https:\/\/cyclingpro.net\/spaziociclismo\/altro\/uci-le-possibili-novita-in-tema-di-sicurezza-confermato-il-gps-ai-mondiali-nel-2027-piu-attenzione-alle-transenne-degli-arrivi-e-la-vuelta-espana-femenina-cambia-data\/"},"author":{"name":"Davide Terraneo","@id":"https:\/\/cyclingpro.net\/spaziociclismo\/#\/schema\/person\/7e1a937a7dba4e684209b697ab87796a"},"headline":"UCI, le possibili novit\u00e0 in tema di sicurezza: confermato il GPS ai Mondiali, nel 2027 pi\u00f9 attenzione alle transenne degli arrivi. E la Vuelta Espa\u00f1a Femenina cambia data","datePublished":"2026-09-04T15:09:23+00:00","mainEntityOfPage":{"@id":"https:\/\/cyclingpro.net\/spaziociclismo\/altro\/uci-le-possibili-novita-in-tema-di-sicurezza-confermato-il-gps-ai-mondiali-nel-2027-piu-attenzione-alle-transenne-degli-arrivi-e-la-vuelta-espana-femenina-cambia-data\/"},"wordCount":404,"commentCount":0,"publisher":{"@id":"https:\/\/cyclingpro.net\/spaziociclismo\/#organization"},"image":{"@id":"https:\/\/cyclingpro.net\/spaziociclismo\/altro\/uci-le-possibili-novita-in-tema-di-sicurezza-confermato-il-gps-ai-mondiali-nel-2027-piu-attenzione-alle-transenne-degli-arrivi-e-la-vuelta-espana-femenina-cambia-data\/#primaryimage"},"thumbnailUrl":"https:\/\/cyclingpro.net\/spaziociclismo\/wp-content\/uploads\/2017\/12\/UCI.jpeg","keywords":["UCI"],"articleSection":["Altro"],"inLanguage":"it-IT","potentialAction":[{"@type":"CommentAction","name":"Comment","target":["https:\/\/cyclingpro.net\/spaziociclismo\/altro\/uci-le-possibili-novita-in-tema-di-sicurezza-confermato-il-gps-ai-mondiali-nel-2027-piu-attenzione-alle-transenne-degli-arrivi-e-la-vuelta-espana-femenina-cambia-data\/#respond"]}]},{"@type":"WebPage","@id":"https:\/\/cyclingpro.net\/spaziociclismo\/altro\/uci-le-possibili-novita-in-tema-di-sicurezza-confermato-il-gps-ai-mondiali-nel-2027-piu-attenzione-alle-transenne-degli-arrivi-e-la-vuelta-espana-femenina-cambia-data\/","url":"https:\/\/cyclingpro.net\/spaziociclismo\/altro\/uci-le-possibili-novita-in-tema-di-sicurezza-confermato-il-gps-ai-mondiali-nel-2027-piu-attenzione-alle-transenne-degli-arrivi-e-la-vuelta-espana-femenina-cambia-data\/","name":"UCI, le possibili novit\u00e0 in tema di sicurezza: confermato il GPS ai Mondiali, nel 2027 pi\u00f9 attenzione alle transenne degli arrivi. E la Vuelta Espa\u00f1a Femenina cambia data - SpazioCiclismo","isPartOf":{"@id":"https:\/\/cyclingpro.net\/spaziociclismo\/#website"},"primaryImageOfPage":{"@id":"https:\/\/cyclingpro.net\/spaziociclismo\/altro\/uci-le-possibili-novita-in-tema-di-sicurezza-confermato-il-gps-ai-mondiali-nel-2027-piu-attenzione-alle-transenne-degli-arrivi-e-la-vuelta-espana-femenina-cambia-data\/#primaryimage"},"image":{"@id":"https:\/\/cyclingpro.net\/spaziociclismo\/altro\/uci-le-possibili-novita-in-tema-di-sicurezza-confermato-il-gps-ai-mondiali-nel-2027-piu-attenzione-alle-transenne-degli-arrivi-e-la-vuelta-espana-femenina-cambia-data\/#primaryimage"},"thumbnailUrl":"https:\/\/cyclingpro.net\/spaziociclismo\/wp-content\/uploads\/2017\/12\/UCI.jpeg","datePublished":"2026-09-04T15:09:23+00:00","breadcrumb":{"@id":"https:\/\/cyclingpro.net\/spaziociclismo\/altro\/uci-le-possibili-novita-in-tema-di-sicurezza-confermato-il-gps-ai-mondiali-nel-2027-piu-attenzione-alle-transenne-degli-arrivi-e-la-vuelta-espana-femenina-cambia-data\/#breadcrumb"},"inLanguage":"it-IT","potentialAction":[{"@type":"ReadAction","target":["https:\/\/cyclingpro.net\/spaziociclismo\/altro\/uci-le-possibili-novita-in-tema-di-sicurezza-confermato-il-gps-ai-mondiali-nel-2027-piu-attenzione-alle-transenne-degli-arrivi-e-la-vuelta-espana-femenina-cambia-data\/"]}]},{"@type":"ImageObject","inLanguage":"it-IT","@id":"https:\/\/cyclingpro.net\/spaziociclismo\/altro\/uci-le-possibili-novita-in-tema-di-sicurezza-confermato-il-gps-ai-mondiali-nel-2027-piu-attenzione-alle-transenne-degli-arrivi-e-la-vuelta-espana-femenina-cambia-data\/#primaryimage","url":"https:\/\/cyclingpro.net\/spaziociclismo\/wp-content\/uploads\/2017\/12\/UCI.jpeg","contentUrl":"https:\/\/cyclingpro.net\/spaziociclismo\/wp-content\/uploads\/2017\/12\/UCI.jpeg","width":600,"height":330},{"@type":"BreadcrumbList","@id":"https:\/\/cyclingpro.net\/spaziociclismo\/altro\/uci-le-possibili-novita-in-tema-di-sicurezza-confermato-il-gps-ai-mondiali-nel-2027-piu-attenzione-alle-transenne-degli-arrivi-e-la-vuelta-espana-femenina-cambia-data\/#breadcrumb","itemListElement":[{"@type":"ListItem","position":1,"name":"Home","item":"https:\/\/cyclingpro.net\/spaziociclismo\/"},{"@type":"ListItem","position":2,"name":"UCI, le possibili novit\u00e0 in tema di sicurezza: confermato il GPS ai Mondiali, nel 2027 pi\u00f9 attenzione alle transenne degli arrivi. E la Vuelta Espa\u00f1a Femenina cambia data"}]},{"@type":"WebSite","@id":"https:\/\/cyclingpro.net\/spaziociclismo\/#website","url":"https:\/\/cyclingpro.net\/spaziociclismo\/","name":"SpazioCiclismo","description":"Tutto il ciclismo minuto per minuto","publisher":{"@id":"https:\/\/cyclingpro.net\/spaziociclismo\/#organization"},"potentialAction":[{"@type":"SearchAction","target":{"@type":"EntryPoint","urlTemplate":"https:\/\/cyclingpro.net\/spaziociclismo\/?s={search_term_string}"},"query-input":{"@type":"PropertyValueSpecification","valueRequired":true,"valueName":"search_term_string"}}],"inLanguage":"it-IT"},{"@type":"Organization","@id":"https:\/\/cyclingpro.net\/spaziociclismo\/#organization","name":"SpazioCiclismo","url":"https:\/\/cyclingpro.net\/spaziociclismo\/","logo":{"@type":"ImageObject","inLanguage":"it-IT","@id":"https:\/\/cyclingpro.net\/spaziociclismo\/#\/schema\/logo\/image\/","url":"https:\/\/cyclingpro.net\/spaziociclismo\/wp-content\/uploads\/2017\/02\/SpazioCiclismo-Logo-Quadrato.png","contentUrl":"https:\/\/cyclingpro.net\/spaziociclismo\/wp-content\/uploads\/2017\/02\/SpazioCiclismo-Logo-Quadrato.png","width":450,"height":450,"caption":"SpazioCiclismo"},"image":{"@id":"https:\/\/cyclingpro.net\/spaziociclismo\/#\/schema\/logo\/image\/"},"sameAs":["https:\/\/www.facebook.com\/SpazioCiclismo\/","https:\/\/x.com\/spaziociclismo","https:\/\/www.instagram.com\/spaziociclismo\/"]},{"@type":"Person","@id":"https:\/\/cyclingpro.net\/spaziociclismo\/#\/schema\/person\/7e1a937a7dba4e684209b697ab87796a","name":"Davide Terraneo","image":{"@type":"ImageObject","inLanguage":"it-IT","@id":"https:\/\/secure.gravatar.com\/avatar\/ff8491b63094864b9d94b44d6465d0050c0872ad4112e51a3cee77d0500a47c5?s=96&d=mm&r=g","url":"https:\/\/secure.gravatar.com\/avatar\/ff8491b63094864b9d94b44d6465d0050c0872ad4112e51a3cee77d0500a47c5?s=96&d=mm&r=g","contentUrl":"https:\/\/secure.gravatar.com\/avatar\/ff8491b63094864b9d94b44d6465d0050c0872ad4112e51a3cee77d0500a47c5?s=96&d=mm&r=g","caption":"Davide Terraneo"},"url":"https:\/\/cyclingpro.net\/spaziociclismo\/author\/dterraneo\/"}]}},"_links":{"self":[{"href":"https:\/\/cyclingpro.net\/spaziociclismo\/wp-json\/wp\/v2\/posts\/393651","targetHints":{"allow":["GET"]}}],"collection":[{"href":"https:\/\/cyclingpro.net\/spaziociclismo\/wp-json\/wp\/v2\/posts"}],"about":[{"href":"https:\/\/cyclingpro.net\/spaziociclismo\/wp-json\/wp\/v2\/types\/post"}],"author":[{"embeddable":true,"href":"https:\/\/cyclingpro.net\/spaziociclismo\/wp-json\/wp\/v2\/users\/15"}],"replies":[{"embeddable":true,"href":"https:\/\/cyclingpro.net\/spaziociclismo\/wp-json\/wp\/v2\/comments?post=393651"}],"version-history":[{"count":5,"href":"https:\/\/cyclingpro.net\/spaziociclismo\/wp-json\/wp\/v2\/posts\/393651\/revisions"}],"predecessor-version":[{"id":393660,"href":"https:\/\/cyclingpro.net\/spaziociclismo\/wp-json\/wp\/v2\/posts\/393651\/revisions\/393660"}],"wp:featuredmedia":[{"embeddable":true,"href":"https:\/\/cyclingpro.net\/spaziociclismo\/wp-json\/wp\/v2\/media\/37068"}],"wp:attachment":[{"href":"https:\/\/cyclingpro.net\/spaziociclismo\/wp-json\/wp\/v2\/media?parent=393651"}],"wp:term":[{"taxonomy":"category","embeddable":true,"href":"https:\/\/cyclingpro.net\/spaziociclismo\/wp-json\/wp\/v2\/categories?post=393651"},{"taxonomy":"post_tag","embeddable":true,"href":"https:\/\/cyclingpro.net\/spaziociclismo\/wp-json\/wp\/v2\/tags?post=393651"}],"curies":[{"name":"wp","href":"https:\/\/api.w.org\/{rel}","templated":true}]}}