{"id":393613,"date":"2026-09-04T13:51:28","date_gmt":"2026-09-04T11:51:28","guid":{"rendered":"https:\/\/cyclingpro.net\/spaziociclismo\/?p=393613"},"modified":"2026-09-04T13:59:05","modified_gmt":"2026-09-04T11:59:05","slug":"swatt-club-lex-promessa-jack-rootkin-gray-e-la-nuova-scommessa","status":"publish","type":"post","link":"https:\/\/cyclingpro.net\/spaziociclismo\/ciclomercato\/swatt-club-lex-promessa-jack-rootkin-gray-e-la-nuova-scommessa\/","title":{"rendered":"Swatt Club, l&#8217;ex promessa Jack Rootkin-Gray \u00e8 la nuova scommessa"},"content":{"rendered":"<p>Una nuova alba per Jack Rootkin-Gray. Quarto ai Mondiali U23 di Glasgow, nel 2023, il corridore britannico era l&#8217;anno approdato l&#8217;anno dopo alla EF Education &#8211; EasyPost, pronto per iniziare una carriera nel WorldTour che tuttavia non \u00e8 andato come sperato, chiudendo poi la sua avventura non proprio brillante con un infortunio che ne ha pregiudicato anche le possibilit\u00e0 di mettersi in mostra alla ricerca di nuove opportunit\u00e0. Rimasto senza squadra, ha provato a ripartire tra i dilettanti, ottenendo molti piazzamenti nelle corse di rilievo nazionale con la maglia della Jakroo Handsling Racing, mentre in questo finale di stagione arriva la possibilit\u00e0 di giocarsi nuovamente alcune opportunit\u00e0 in corse di livello superiore grazie alla compagine continental italiana, diventata famosa in tutto il mondo lo scorso anno, quando ancora era amatoriale, grazie al successo di Filippo Conca ai campionati italiani. Dopo aver corso a inizio stagione gi\u00e0 una gara con il team, il classe 2003 \u00e8 impegnato ora con la sua nuova maglia allo ZLM Tour, che ha preso il via questo marted\u00ec.<\/p>\n<p>Per il corridore londinese, questa avventura in Italia non \u00e8 solo un cambio di maglia, ma un vero e proprio reset. Lontano dalle pressioni esasperate del WorldTour, Rootkin-Gray potrebbe trovare in questa squadra un ambiente ideale per ritrovare la forma migliore, la serenit\u00e0 e quel tocco di eccentricit\u00e0 che da sempre caratterizza la filosofia del club. Lo Swatt Club gli offre infatti la libert\u00e0 di attaccare e di esprimersi su terreni adatti alle sue caratteristiche. E chiss\u00e0 che anche lui in questo finale di stagione non possa riuscire a seguire le orme di altri suoi predecessori che dopo aver indossato questa maglia hanno (ri)trovato la strada verso il WorldTour.<\/p>\n","protected":false},"excerpt":{"rendered":"<p>Una nuova alba per Jack Rootkin-Gray: riuscir\u00e0 anche lui a ritrovare il WorldTour grazie allo Swatt Club?<\/p>\n","protected":false},"author":2,"featured_media":393615,"comment_status":"open","ping_status":"closed","sticky":false,"template":"","format":"standard","meta":{"footnotes":"","_members_access_role":[],"_members_access_error":""},"categories":[5,6],"tags":[5565,7242,6845],"class_list":["post-393613","post","type-post","status-publish","format-standard","has-post-thumbnail","hentry","category-ciclomercato","category-continental","tag-ciclomercato-2026","tag-jack-rootkin-gray","tag-swatt-club-2026"],"yoast_head":"<!-- This site is optimized with the Yoast SEO plugin v28.4 - https:\/\/yoast.com\/product\/yoast-seo-wordpress\/ -->\n<title>Swatt Club, l&#039;ex promessa Jack Rootkin-Gray \u00e8 la nuova scommessa - SpazioCiclismo<\/title>\n<meta name=\"robots\" content=\"index, follow, max-snippet:-1, max-image-preview:large, max-video-preview:-1\" \/>\n<link rel=\"canonical\" href=\"https:\/\/cyclingpro.net\/spaziociclismo\/ciclomercato\/swatt-club-lex-promessa-jack-rootkin-gray-e-la-nuova-scommessa\/\" \/>\n<meta property=\"og:locale\" content=\"it_IT\" \/>\n<meta property=\"og:type\" content=\"article\" \/>\n<meta property=\"og:title\" content=\"Swatt Club, l&#039;ex promessa Jack Rootkin-Gray \u00e8 la nuova scommessa - SpazioCiclismo\" \/>\n<meta property=\"og:description\" content=\"Una nuova alba per Jack Rootkin-Gray: riuscir\u00e0 anche lui a ritrovare il WorldTour grazie allo Swatt Club?\" \/>\n<meta property=\"og:url\" content=\"https:\/\/cyclingpro.net\/spaziociclismo\/ciclomercato\/swatt-club-lex-promessa-jack-rootkin-gray-e-la-nuova-scommessa\/\" \/>\n<meta property=\"og:site_name\" content=\"SpazioCiclismo\" \/>\n<meta property=\"article:publisher\" content=\"https:\/\/www.facebook.com\/SpazioCiclismo\/\" \/>\n<meta property=\"article:published_time\" content=\"2026-09-04T11:51:28+00:00\" \/>\n<meta property=\"article:modified_time\" content=\"2026-09-04T11:59:05+00:00\" \/>\n<meta property=\"og:image\" content=\"https:\/\/cyclingpro.net\/spaziociclismo\/wp-content\/uploads\/2026\/09\/Jack-Rootkin-Gray.webp\" \/>\n\t<meta property=\"og:image:width\" content=\"1200\" \/>\n\t<meta property=\"og:image:height\" content=\"800\" \/>\n\t<meta property=\"og:image:type\" content=\"image\/webp\" \/>\n<meta name=\"author\" content=\"Redazione SpazioCiclismo\" \/>\n<meta name=\"twitter:card\" content=\"summary_large_image\" \/>\n<meta name=\"twitter:creator\" content=\"@spaziociclismo\" \/>\n<meta name=\"twitter:site\" content=\"@spaziociclismo\" \/>\n<meta name=\"twitter:label1\" content=\"Scritto da\" \/>\n\t<meta name=\"twitter:data1\" content=\"Redazione SpazioCiclismo\" \/>\n\t<meta name=\"twitter:label2\" content=\"Tempo di lettura stimato\" \/>\n\t<meta name=\"twitter:data2\" content=\"2 minuti\" \/>\n<script type=\"application\/ld+json\" class=\"yoast-schema-graph\">{\"@context\":\"https:\\\/\\\/schema.org\",\"@graph\":[{\"@type\":\"Article\",\"@id\":\"https:\\\/\\\/cyclingpro.net\\\/spaziociclismo\\\/ciclomercato\\\/swatt-club-lex-promessa-jack-rootkin-gray-e-la-nuova-scommessa\\\/#article\",\"isPartOf\":{\"@id\":\"https:\\\/\\\/cyclingpro.net\\\/spaziociclismo\\\/ciclomercato\\\/swatt-club-lex-promessa-jack-rootkin-gray-e-la-nuova-scommessa\\\/\"},\"author\":{\"name\":\"Redazione SpazioCiclismo\",\"@id\":\"https:\\\/\\\/cyclingpro.net\\\/spaziociclismo\\\/#\\\/schema\\\/person\\\/f104b5d2588ef53ce9f1b43295c352e1\"},\"headline\":\"Swatt Club, l&#8217;ex promessa Jack Rootkin-Gray \u00e8 la nuova scommessa\",\"datePublished\":\"2026-09-04T11:51:28+00:00\",\"dateModified\":\"2026-09-04T11:59:05+00:00\",\"mainEntityOfPage\":{\"@id\":\"https:\\\/\\\/cyclingpro.net\\\/spaziociclismo\\\/ciclomercato\\\/swatt-club-lex-promessa-jack-rootkin-gray-e-la-nuova-scommessa\\\/\"},\"wordCount\":289,\"commentCount\":0,\"publisher\":{\"@id\":\"https:\\\/\\\/cyclingpro.net\\\/spaziociclismo\\\/#organization\"},\"image\":{\"@id\":\"https:\\\/\\\/cyclingpro.net\\\/spaziociclismo\\\/ciclomercato\\\/swatt-club-lex-promessa-jack-rootkin-gray-e-la-nuova-scommessa\\\/#primaryimage\"},\"thumbnailUrl\":\"https:\\\/\\\/cyclingpro.net\\\/spaziociclismo\\\/wp-content\\\/uploads\\\/2026\\\/09\\\/Jack-Rootkin-Gray.webp\",\"keywords\":[\"CicloMercato 2026\",\"Jack Rootkin-Gray\",\"Swatt Club 2026\"],\"articleSection\":[\"CicloMercato\",\"Continental\"],\"inLanguage\":\"it-IT\",\"potentialAction\":[{\"@type\":\"CommentAction\",\"name\":\"Comment\",\"target\":[\"https:\\\/\\\/cyclingpro.net\\\/spaziociclismo\\\/ciclomercato\\\/swatt-club-lex-promessa-jack-rootkin-gray-e-la-nuova-scommessa\\\/#respond\"]}]},{\"@type\":\"WebPage\",\"@id\":\"https:\\\/\\\/cyclingpro.net\\\/spaziociclismo\\\/ciclomercato\\\/swatt-club-lex-promessa-jack-rootkin-gray-e-la-nuova-scommessa\\\/\",\"url\":\"https:\\\/\\\/cyclingpro.net\\\/spaziociclismo\\\/ciclomercato\\\/swatt-club-lex-promessa-jack-rootkin-gray-e-la-nuova-scommessa\\\/\",\"name\":\"Swatt Club, l'ex promessa Jack Rootkin-Gray \u00e8 la nuova scommessa - SpazioCiclismo\",\"isPartOf\":{\"@id\":\"https:\\\/\\\/cyclingpro.net\\\/spaziociclismo\\\/#website\"},\"primaryImageOfPage\":{\"@id\":\"https:\\\/\\\/cyclingpro.net\\\/spaziociclismo\\\/ciclomercato\\\/swatt-club-lex-promessa-jack-rootkin-gray-e-la-nuova-scommessa\\\/#primaryimage\"},\"image\":{\"@id\":\"https:\\\/\\\/cyclingpro.net\\\/spaziociclismo\\\/ciclomercato\\\/swatt-club-lex-promessa-jack-rootkin-gray-e-la-nuova-scommessa\\\/#primaryimage\"},\"thumbnailUrl\":\"https:\\\/\\\/cyclingpro.net\\\/spaziociclismo\\\/wp-content\\\/uploads\\\/2026\\\/09\\\/Jack-Rootkin-Gray.webp\",\"datePublished\":\"2026-09-04T11:51:28+00:00\",\"dateModified\":\"2026-09-04T11:59:05+00:00\",\"breadcrumb\":{\"@id\":\"https:\\\/\\\/cyclingpro.net\\\/spaziociclismo\\\/ciclomercato\\\/swatt-club-lex-promessa-jack-rootkin-gray-e-la-nuova-scommessa\\\/#breadcrumb\"},\"inLanguage\":\"it-IT\",\"potentialAction\":[{\"@type\":\"ReadAction\",\"target\":[\"https:\\\/\\\/cyclingpro.net\\\/spaziociclismo\\\/ciclomercato\\\/swatt-club-lex-promessa-jack-rootkin-gray-e-la-nuova-scommessa\\\/\"]}]},{\"@type\":\"ImageObject\",\"inLanguage\":\"it-IT\",\"@id\":\"https:\\\/\\\/cyclingpro.net\\\/spaziociclismo\\\/ciclomercato\\\/swatt-club-lex-promessa-jack-rootkin-gray-e-la-nuova-scommessa\\\/#primaryimage\",\"url\":\"https:\\\/\\\/cyclingpro.net\\\/spaziociclismo\\\/wp-content\\\/uploads\\\/2026\\\/09\\\/Jack-Rootkin-Gray.webp\",\"contentUrl\":\"https:\\\/\\\/cyclingpro.net\\\/spaziociclismo\\\/wp-content\\\/uploads\\\/2026\\\/09\\\/Jack-Rootkin-Gray.webp\",\"width\":1200,\"height\":800,\"caption\":\"\u00a9 Swatt Club\"},{\"@type\":\"BreadcrumbList\",\"@id\":\"https:\\\/\\\/cyclingpro.net\\\/spaziociclismo\\\/ciclomercato\\\/swatt-club-lex-promessa-jack-rootkin-gray-e-la-nuova-scommessa\\\/#breadcrumb\",\"itemListElement\":[{\"@type\":\"ListItem\",\"position\":1,\"name\":\"Home\",\"item\":\"https:\\\/\\\/cyclingpro.net\\\/spaziociclismo\\\/\"},{\"@type\":\"ListItem\",\"position\":2,\"name\":\"Swatt Club, l&#8217;ex promessa Jack Rootkin-Gray \u00e8 la nuova scommessa\"}]},{\"@type\":\"WebSite\",\"@id\":\"https:\\\/\\\/cyclingpro.net\\\/spaziociclismo\\\/#website\",\"url\":\"https:\\\/\\\/cyclingpro.net\\\/spaziociclismo\\\/\",\"name\":\"SpazioCiclismo\",\"description\":\"Tutto il ciclismo minuto per minuto\",\"publisher\":{\"@id\":\"https:\\\/\\\/cyclingpro.net\\\/spaziociclismo\\\/#organization\"},\"potentialAction\":[{\"@type\":\"SearchAction\",\"target\":{\"@type\":\"EntryPoint\",\"urlTemplate\":\"https:\\\/\\\/cyclingpro.net\\\/spaziociclismo\\\/?s={search_term_string}\"},\"query-input\":{\"@type\":\"PropertyValueSpecification\",\"valueRequired\":true,\"valueName\":\"search_term_string\"}}],\"inLanguage\":\"it-IT\"},{\"@type\":\"Organization\",\"@id\":\"https:\\\/\\\/cyclingpro.net\\\/spaziociclismo\\\/#organization\",\"name\":\"SpazioCiclismo\",\"url\":\"https:\\\/\\\/cyclingpro.net\\\/spaziociclismo\\\/\",\"logo\":{\"@type\":\"ImageObject\",\"inLanguage\":\"it-IT\",\"@id\":\"https:\\\/\\\/cyclingpro.net\\\/spaziociclismo\\\/#\\\/schema\\\/logo\\\/image\\\/\",\"url\":\"https:\\\/\\\/cyclingpro.net\\\/spaziociclismo\\\/wp-content\\\/uploads\\\/2017\\\/02\\\/SpazioCiclismo-Logo-Quadrato.png\",\"contentUrl\":\"https:\\\/\\\/cyclingpro.net\\\/spaziociclismo\\\/wp-content\\\/uploads\\\/2017\\\/02\\\/SpazioCiclismo-Logo-Quadrato.png\",\"width\":450,\"height\":450,\"caption\":\"SpazioCiclismo\"},\"image\":{\"@id\":\"https:\\\/\\\/cyclingpro.net\\\/spaziociclismo\\\/#\\\/schema\\\/logo\\\/image\\\/\"},\"sameAs\":[\"https:\\\/\\\/www.facebook.com\\\/SpazioCiclismo\\\/\",\"https:\\\/\\\/x.com\\\/spaziociclismo\",\"https:\\\/\\\/www.instagram.com\\\/spaziociclismo\\\/\"]},{\"@type\":\"Person\",\"@id\":\"https:\\\/\\\/cyclingpro.net\\\/spaziociclismo\\\/#\\\/schema\\\/person\\\/f104b5d2588ef53ce9f1b43295c352e1\",\"name\":\"Redazione SpazioCiclismo\",\"image\":{\"@type\":\"ImageObject\",\"inLanguage\":\"it-IT\",\"@id\":\"https:\\\/\\\/secure.gravatar.com\\\/avatar\\\/f1cae17b9ecd38864463422521239d4a656d6b657478a63e445df7b8ebc2b81c?s=96&d=mm&r=g\",\"url\":\"https:\\\/\\\/secure.gravatar.com\\\/avatar\\\/f1cae17b9ecd38864463422521239d4a656d6b657478a63e445df7b8ebc2b81c?s=96&d=mm&r=g\",\"contentUrl\":\"https:\\\/\\\/secure.gravatar.com\\\/avatar\\\/f1cae17b9ecd38864463422521239d4a656d6b657478a63e445df7b8ebc2b81c?s=96&d=mm&r=g\",\"caption\":\"Redazione SpazioCiclismo\"},\"url\":\"https:\\\/\\\/cyclingpro.net\\\/spaziociclismo\\\/author\\\/wptstmssc\\\/\"}]}<\/script>\n<!-- \/ Yoast SEO plugin. -->","yoast_head_json":{"title":"Swatt Club, l'ex promessa Jack Rootkin-Gray \u00e8 la nuova scommessa - SpazioCiclismo","robots":{"index":"index","follow":"follow","max-snippet":"max-snippet:-1","max-image-preview":"max-image-preview:large","max-video-preview":"max-video-preview:-1"},"canonical":"https:\/\/cyclingpro.net\/spaziociclismo\/ciclomercato\/swatt-club-lex-promessa-jack-rootkin-gray-e-la-nuova-scommessa\/","og_locale":"it_IT","og_type":"article","og_title":"Swatt Club, l'ex promessa Jack Rootkin-Gray \u00e8 la nuova scommessa - SpazioCiclismo","og_description":"Una nuova alba per Jack Rootkin-Gray: riuscir\u00e0 anche lui a ritrovare il WorldTour grazie allo Swatt Club?","og_url":"https:\/\/cyclingpro.net\/spaziociclismo\/ciclomercato\/swatt-club-lex-promessa-jack-rootkin-gray-e-la-nuova-scommessa\/","og_site_name":"SpazioCiclismo","article_publisher":"https:\/\/www.facebook.com\/SpazioCiclismo\/","article_published_time":"2026-09-04T11:51:28+00:00","article_modified_time":"2026-09-04T11:59:05+00:00","og_image":[{"width":1200,"height":800,"url":"https:\/\/cyclingpro.net\/spaziociclismo\/wp-content\/uploads\/2026\/09\/Jack-Rootkin-Gray.webp","type":"image\/webp"}],"author":"Redazione SpazioCiclismo","twitter_card":"summary_large_image","twitter_creator":"@spaziociclismo","twitter_site":"@spaziociclismo","twitter_misc":{"Scritto da":"Redazione SpazioCiclismo","Tempo di lettura stimato":"2 minuti"},"schema":{"@context":"https:\/\/schema.org","@graph":[{"@type":"Article","@id":"https:\/\/cyclingpro.net\/spaziociclismo\/ciclomercato\/swatt-club-lex-promessa-jack-rootkin-gray-e-la-nuova-scommessa\/#article","isPartOf":{"@id":"https:\/\/cyclingpro.net\/spaziociclismo\/ciclomercato\/swatt-club-lex-promessa-jack-rootkin-gray-e-la-nuova-scommessa\/"},"author":{"name":"Redazione SpazioCiclismo","@id":"https:\/\/cyclingpro.net\/spaziociclismo\/#\/schema\/person\/f104b5d2588ef53ce9f1b43295c352e1"},"headline":"Swatt Club, l&#8217;ex promessa Jack Rootkin-Gray \u00e8 la nuova scommessa","datePublished":"2026-09-04T11:51:28+00:00","dateModified":"2026-09-04T11:59:05+00:00","mainEntityOfPage":{"@id":"https:\/\/cyclingpro.net\/spaziociclismo\/ciclomercato\/swatt-club-lex-promessa-jack-rootkin-gray-e-la-nuova-scommessa\/"},"wordCount":289,"commentCount":0,"publisher":{"@id":"https:\/\/cyclingpro.net\/spaziociclismo\/#organization"},"image":{"@id":"https:\/\/cyclingpro.net\/spaziociclismo\/ciclomercato\/swatt-club-lex-promessa-jack-rootkin-gray-e-la-nuova-scommessa\/#primaryimage"},"thumbnailUrl":"https:\/\/cyclingpro.net\/spaziociclismo\/wp-content\/uploads\/2026\/09\/Jack-Rootkin-Gray.webp","keywords":["CicloMercato 2026","Jack Rootkin-Gray","Swatt Club 2026"],"articleSection":["CicloMercato","Continental"],"inLanguage":"it-IT","potentialAction":[{"@type":"CommentAction","name":"Comment","target":["https:\/\/cyclingpro.net\/spaziociclismo\/ciclomercato\/swatt-club-lex-promessa-jack-rootkin-gray-e-la-nuova-scommessa\/#respond"]}]},{"@type":"WebPage","@id":"https:\/\/cyclingpro.net\/spaziociclismo\/ciclomercato\/swatt-club-lex-promessa-jack-rootkin-gray-e-la-nuova-scommessa\/","url":"https:\/\/cyclingpro.net\/spaziociclismo\/ciclomercato\/swatt-club-lex-promessa-jack-rootkin-gray-e-la-nuova-scommessa\/","name":"Swatt Club, l'ex promessa Jack Rootkin-Gray \u00e8 la nuova scommessa - SpazioCiclismo","isPartOf":{"@id":"https:\/\/cyclingpro.net\/spaziociclismo\/#website"},"primaryImageOfPage":{"@id":"https:\/\/cyclingpro.net\/spaziociclismo\/ciclomercato\/swatt-club-lex-promessa-jack-rootkin-gray-e-la-nuova-scommessa\/#primaryimage"},"image":{"@id":"https:\/\/cyclingpro.net\/spaziociclismo\/ciclomercato\/swatt-club-lex-promessa-jack-rootkin-gray-e-la-nuova-scommessa\/#primaryimage"},"thumbnailUrl":"https:\/\/cyclingpro.net\/spaziociclismo\/wp-content\/uploads\/2026\/09\/Jack-Rootkin-Gray.webp","datePublished":"2026-09-04T11:51:28+00:00","dateModified":"2026-09-04T11:59:05+00:00","breadcrumb":{"@id":"https:\/\/cyclingpro.net\/spaziociclismo\/ciclomercato\/swatt-club-lex-promessa-jack-rootkin-gray-e-la-nuova-scommessa\/#breadcrumb"},"inLanguage":"it-IT","potentialAction":[{"@type":"ReadAction","target":["https:\/\/cyclingpro.net\/spaziociclismo\/ciclomercato\/swatt-club-lex-promessa-jack-rootkin-gray-e-la-nuova-scommessa\/"]}]},{"@type":"ImageObject","inLanguage":"it-IT","@id":"https:\/\/cyclingpro.net\/spaziociclismo\/ciclomercato\/swatt-club-lex-promessa-jack-rootkin-gray-e-la-nuova-scommessa\/#primaryimage","url":"https:\/\/cyclingpro.net\/spaziociclismo\/wp-content\/uploads\/2026\/09\/Jack-Rootkin-Gray.webp","contentUrl":"https:\/\/cyclingpro.net\/spaziociclismo\/wp-content\/uploads\/2026\/09\/Jack-Rootkin-Gray.webp","width":1200,"height":800,"caption":"\u00a9 Swatt Club"},{"@type":"BreadcrumbList","@id":"https:\/\/cyclingpro.net\/spaziociclismo\/ciclomercato\/swatt-club-lex-promessa-jack-rootkin-gray-e-la-nuova-scommessa\/#breadcrumb","itemListElement":[{"@type":"ListItem","position":1,"name":"Home","item":"https:\/\/cyclingpro.net\/spaziociclismo\/"},{"@type":"ListItem","position":2,"name":"Swatt Club, l&#8217;ex promessa Jack Rootkin-Gray \u00e8 la nuova scommessa"}]},{"@type":"WebSite","@id":"https:\/\/cyclingpro.net\/spaziociclismo\/#website","url":"https:\/\/cyclingpro.net\/spaziociclismo\/","name":"SpazioCiclismo","description":"Tutto il ciclismo minuto per minuto","publisher":{"@id":"https:\/\/cyclingpro.net\/spaziociclismo\/#organization"},"potentialAction":[{"@type":"SearchAction","target":{"@type":"EntryPoint","urlTemplate":"https:\/\/cyclingpro.net\/spaziociclismo\/?s={search_term_string}"},"query-input":{"@type":"PropertyValueSpecification","valueRequired":true,"valueName":"search_term_string"}}],"inLanguage":"it-IT"},{"@type":"Organization","@id":"https:\/\/cyclingpro.net\/spaziociclismo\/#organization","name":"SpazioCiclismo","url":"https:\/\/cyclingpro.net\/spaziociclismo\/","logo":{"@type":"ImageObject","inLanguage":"it-IT","@id":"https:\/\/cyclingpro.net\/spaziociclismo\/#\/schema\/logo\/image\/","url":"https:\/\/cyclingpro.net\/spaziociclismo\/wp-content\/uploads\/2017\/02\/SpazioCiclismo-Logo-Quadrato.png","contentUrl":"https:\/\/cyclingpro.net\/spaziociclismo\/wp-content\/uploads\/2017\/02\/SpazioCiclismo-Logo-Quadrato.png","width":450,"height":450,"caption":"SpazioCiclismo"},"image":{"@id":"https:\/\/cyclingpro.net\/spaziociclismo\/#\/schema\/logo\/image\/"},"sameAs":["https:\/\/www.facebook.com\/SpazioCiclismo\/","https:\/\/x.com\/spaziociclismo","https:\/\/www.instagram.com\/spaziociclismo\/"]},{"@type":"Person","@id":"https:\/\/cyclingpro.net\/spaziociclismo\/#\/schema\/person\/f104b5d2588ef53ce9f1b43295c352e1","name":"Redazione SpazioCiclismo","image":{"@type":"ImageObject","inLanguage":"it-IT","@id":"https:\/\/secure.gravatar.com\/avatar\/f1cae17b9ecd38864463422521239d4a656d6b657478a63e445df7b8ebc2b81c?s=96&d=mm&r=g","url":"https:\/\/secure.gravatar.com\/avatar\/f1cae17b9ecd38864463422521239d4a656d6b657478a63e445df7b8ebc2b81c?s=96&d=mm&r=g","contentUrl":"https:\/\/secure.gravatar.com\/avatar\/f1cae17b9ecd38864463422521239d4a656d6b657478a63e445df7b8ebc2b81c?s=96&d=mm&r=g","caption":"Redazione SpazioCiclismo"},"url":"https:\/\/cyclingpro.net\/spaziociclismo\/author\/wptstmssc\/"}]}},"_links":{"self":[{"href":"https:\/\/cyclingpro.net\/spaziociclismo\/wp-json\/wp\/v2\/posts\/393613","targetHints":{"allow":["GET"]}}],"collection":[{"href":"https:\/\/cyclingpro.net\/spaziociclismo\/wp-json\/wp\/v2\/posts"}],"about":[{"href":"https:\/\/cyclingpro.net\/spaziociclismo\/wp-json\/wp\/v2\/types\/post"}],"author":[{"embeddable":true,"href":"https:\/\/cyclingpro.net\/spaziociclismo\/wp-json\/wp\/v2\/users\/2"}],"replies":[{"embeddable":true,"href":"https:\/\/cyclingpro.net\/spaziociclismo\/wp-json\/wp\/v2\/comments?post=393613"}],"version-history":[{"count":3,"href":"https:\/\/cyclingpro.net\/spaziociclismo\/wp-json\/wp\/v2\/posts\/393613\/revisions"}],"predecessor-version":[{"id":393618,"href":"https:\/\/cyclingpro.net\/spaziociclismo\/wp-json\/wp\/v2\/posts\/393613\/revisions\/393618"}],"wp:featuredmedia":[{"embeddable":true,"href":"https:\/\/cyclingpro.net\/spaziociclismo\/wp-json\/wp\/v2\/media\/393615"}],"wp:attachment":[{"href":"https:\/\/cyclingpro.net\/spaziociclismo\/wp-json\/wp\/v2\/media?parent=393613"}],"wp:term":[{"taxonomy":"category","embeddable":true,"href":"https:\/\/cyclingpro.net\/spaziociclismo\/wp-json\/wp\/v2\/categories?post=393613"},{"taxonomy":"post_tag","embeddable":true,"href":"https:\/\/cyclingpro.net\/spaziociclismo\/wp-json\/wp\/v2\/tags?post=393613"}],"curies":[{"name":"wp","href":"https:\/\/api.w.org\/{rel}","templated":true}]}}