{"id":393611,"date":"2026-09-04T12:52:11","date_gmt":"2026-09-04T10:52:11","guid":{"rendered":"https:\/\/cyclingpro.net\/spaziociclismo\/?p=393611"},"modified":"2026-09-04T12:52:11","modified_gmt":"2026-09-04T10:52:11","slug":"vuelta-a-espana-2026-rischio-caldo-estremo-jacopo-mosca-e-il-cpa-allopera-questa-mattina-per-cercare-di-far-fronte-comune-in-gruppo","status":"publish","type":"post","link":"https:\/\/cyclingpro.net\/spaziociclismo\/vuelta-2026\/vuelta-a-espana-2026-rischio-caldo-estremo-jacopo-mosca-e-il-cpa-allopera-questa-mattina-per-cercare-di-far-fronte-comune-in-gruppo\/","title":{"rendered":"Vuelta a Espa\u00f1a 2026, rischio caldo estremo: Jacopo Mosca e il CPA all&#8217;opera questa mattina per cercare di far fronte comune in gruppo"},"content":{"rendered":"<div class=\"n6owBd awi2gc\" data-sfc-cp=\"\" data-sfc-root=\"ep\" data-hveid=\"CAAIBhAA\" data-complete=\"true\" data-processed=\"true\" data-copy-service-computed-style=\"font-family: &quot;Google Sans&quot;, Arial, sans-serif; font-size: 16px; font-weight: 400; margin: 12px 0px 16px; text-decoration: none; border-bottom: 0px rgb(10, 10, 10);\">Prosegue l&#8217;emergenza caldo alla Vuelta a Espa\u00f1a 2026. Rappresentante dei corridori per il CPA, il sindacato dei corridori, Jacopo Mosca questa mattina ha cercato la coesione del gruppo. L&#8217;esperto ciclista della Lidl &#8211; Trek si \u00e8 dunque mosso d&#8217;anticipo di fronte all&#8217;ondata di caldo estremo che minaccia la sicurezza della corsa e prima della partenza si \u00e8 consultato con numerosi corridori per sondare il terreno e l&#8217;umore dei suoi colleghi. Con temperature previste superiori ai 40 gradi Celsius sul percorso, il rappresentante dei corridori ha avviato una fitta serie di consultazioni, parlando con numerosi atleti del gruppo, tra cui spicca il nome del campione belga Wout van Aert. L&#8217;obiettivo del colloquio \u00e8 chiaro: stabilire una linea d&#8217;azione comune e condivisa qualora le condizioni climatiche diventassero agonisticamente insopportabili e pericolose per la salute.<\/div>\n<div data-sfc-cp=\"\" data-sfc-root=\"ep\" data-hveid=\"CAAIBhAA\" data-complete=\"true\" data-processed=\"true\" data-copy-service-computed-style=\"font-family: &quot;Google Sans&quot;, Arial, sans-serif; font-size: 16px; font-weight: 400; margin: 12px 0px 16px; text-decoration: none; border-bottom: 0px rgb(10, 10, 10);\"><\/div>\n<div class=\"n6owBd awi2gc\" data-sfc-cp=\"\" data-sfc-root=\"ep\" data-hveid=\"CAAIBhAA\" data-complete=\"true\" data-processed=\"true\" data-copy-service-computed-style=\"font-family: &quot;Google Sans&quot;, Arial, sans-serif; font-size: 16px; font-weight: 400; margin: 12px 0px 16px; text-decoration: none; border-bottom: 0px rgb(10, 10, 10);\">Mosca punta a superare le storiche divisioni tra le squadre per mostrare totale coesione e solidariet\u00e0 all&#8217;interno del plotone nel momento in cui si dovesse arrivare a una decisione. Se la situazione dovesse superare il limite di guardia, un gruppo compatto e unito avrebbe infatti la forza numerica di far valere il Protocollo meteo estremo dell&#8217;UCI. L&#8217;iniziativa di Mosca vuole evitare decisioni isolate o frammentate: se il plotone decider\u00e0 che non ci sono pi\u00f9 le condizioni di sicurezza per correre, l&#8217;obiettivo \u00e8 dunque quello di muoversi come un unico blocco, chiedendo la neutralizzazione o la riduzione della tappa a tutela di tutti i partecipanti.<\/div>\n","protected":false},"excerpt":{"rendered":"<p>Prosegue l&#8217;emergenza caldo alla Vuelta a Espa\u00f1a e i corridori vogliono farsi trovare pronti #LaVuelta26<\/p>\n","protected":false},"author":2,"featured_media":266551,"comment_status":"open","ping_status":"closed","sticky":false,"template":"","format":"standard","meta":{"footnotes":"","_members_access_role":[],"_members_access_error":""},"categories":[6589],"tags":[],"class_list":["post-393611","post","type-post","status-publish","format-standard","has-post-thumbnail","hentry","category-vuelta-2026"],"yoast_head":"<!-- This site is optimized with the Yoast SEO plugin v28.4 - https:\/\/yoast.com\/product\/yoast-seo-wordpress\/ -->\n<title>Vuelta a Espa\u00f1a 2026, rischio caldo estremo: Jacopo Mosca e il CPA all&#039;opera questa mattina per cercare di far fronte comune in gruppo - SpazioCiclismo<\/title>\n<meta name=\"robots\" content=\"index, follow, max-snippet:-1, max-image-preview:large, max-video-preview:-1\" \/>\n<link rel=\"canonical\" href=\"https:\/\/cyclingpro.net\/spaziociclismo\/vuelta-2026\/vuelta-a-espana-2026-rischio-caldo-estremo-jacopo-mosca-e-il-cpa-allopera-questa-mattina-per-cercare-di-far-fronte-comune-in-gruppo\/\" \/>\n<meta property=\"og:locale\" content=\"it_IT\" \/>\n<meta property=\"og:type\" content=\"article\" \/>\n<meta property=\"og:title\" content=\"Vuelta a Espa\u00f1a 2026, rischio caldo estremo: Jacopo Mosca e il CPA all&#039;opera questa mattina per cercare di far fronte comune in gruppo - SpazioCiclismo\" \/>\n<meta property=\"og:description\" content=\"Prosegue l&#039;emergenza caldo alla Vuelta a Espa\u00f1a e i corridori vogliono farsi trovare pronti #LaVuelta26\" \/>\n<meta property=\"og:url\" content=\"https:\/\/cyclingpro.net\/spaziociclismo\/vuelta-2026\/vuelta-a-espana-2026-rischio-caldo-estremo-jacopo-mosca-e-il-cpa-allopera-questa-mattina-per-cercare-di-far-fronte-comune-in-gruppo\/\" \/>\n<meta property=\"og:site_name\" content=\"SpazioCiclismo\" \/>\n<meta property=\"article:publisher\" content=\"https:\/\/www.facebook.com\/SpazioCiclismo\/\" \/>\n<meta property=\"article:published_time\" content=\"2026-09-04T10:52:11+00:00\" \/>\n<meta property=\"og:image\" content=\"https:\/\/cyclingpro.net\/spaziociclismo\/wp-content\/uploads\/2023\/09\/1133403142-scaled.jpg\" \/>\n\t<meta property=\"og:image:width\" content=\"2560\" \/>\n\t<meta property=\"og:image:height\" content=\"1707\" \/>\n\t<meta property=\"og:image:type\" content=\"image\/jpeg\" \/>\n<meta name=\"author\" content=\"Redazione SpazioCiclismo\" \/>\n<meta name=\"twitter:card\" content=\"summary_large_image\" \/>\n<meta name=\"twitter:creator\" content=\"@spaziociclismo\" \/>\n<meta name=\"twitter:site\" content=\"@spaziociclismo\" \/>\n<meta name=\"twitter:label1\" content=\"Scritto da\" \/>\n\t<meta name=\"twitter:data1\" content=\"Redazione SpazioCiclismo\" \/>\n\t<meta name=\"twitter:label2\" content=\"Tempo di lettura stimato\" \/>\n\t<meta name=\"twitter:data2\" content=\"2 minuti\" \/>\n<script type=\"application\/ld+json\" class=\"yoast-schema-graph\">{\"@context\":\"https:\\\/\\\/schema.org\",\"@graph\":[{\"@type\":\"Article\",\"@id\":\"https:\\\/\\\/cyclingpro.net\\\/spaziociclismo\\\/vuelta-2026\\\/vuelta-a-espana-2026-rischio-caldo-estremo-jacopo-mosca-e-il-cpa-allopera-questa-mattina-per-cercare-di-far-fronte-comune-in-gruppo\\\/#article\",\"isPartOf\":{\"@id\":\"https:\\\/\\\/cyclingpro.net\\\/spaziociclismo\\\/vuelta-2026\\\/vuelta-a-espana-2026-rischio-caldo-estremo-jacopo-mosca-e-il-cpa-allopera-questa-mattina-per-cercare-di-far-fronte-comune-in-gruppo\\\/\"},\"author\":{\"name\":\"Redazione SpazioCiclismo\",\"@id\":\"https:\\\/\\\/cyclingpro.net\\\/spaziociclismo\\\/#\\\/schema\\\/person\\\/f104b5d2588ef53ce9f1b43295c352e1\"},\"headline\":\"Vuelta a Espa\u00f1a 2026, rischio caldo estremo: Jacopo Mosca e il CPA all&#8217;opera questa mattina per cercare di far fronte comune in gruppo\",\"datePublished\":\"2026-09-04T10:52:11+00:00\",\"mainEntityOfPage\":{\"@id\":\"https:\\\/\\\/cyclingpro.net\\\/spaziociclismo\\\/vuelta-2026\\\/vuelta-a-espana-2026-rischio-caldo-estremo-jacopo-mosca-e-il-cpa-allopera-questa-mattina-per-cercare-di-far-fronte-comune-in-gruppo\\\/\"},\"wordCount\":266,\"commentCount\":0,\"publisher\":{\"@id\":\"https:\\\/\\\/cyclingpro.net\\\/spaziociclismo\\\/#organization\"},\"image\":{\"@id\":\"https:\\\/\\\/cyclingpro.net\\\/spaziociclismo\\\/vuelta-2026\\\/vuelta-a-espana-2026-rischio-caldo-estremo-jacopo-mosca-e-il-cpa-allopera-questa-mattina-per-cercare-di-far-fronte-comune-in-gruppo\\\/#primaryimage\"},\"thumbnailUrl\":\"https:\\\/\\\/cyclingpro.net\\\/spaziociclismo\\\/wp-content\\\/uploads\\\/2023\\\/09\\\/1133403142-scaled.jpg\",\"articleSection\":[\"Vuelta 2026\"],\"inLanguage\":\"it-IT\",\"potentialAction\":[{\"@type\":\"CommentAction\",\"name\":\"Comment\",\"target\":[\"https:\\\/\\\/cyclingpro.net\\\/spaziociclismo\\\/vuelta-2026\\\/vuelta-a-espana-2026-rischio-caldo-estremo-jacopo-mosca-e-il-cpa-allopera-questa-mattina-per-cercare-di-far-fronte-comune-in-gruppo\\\/#respond\"]}]},{\"@type\":\"WebPage\",\"@id\":\"https:\\\/\\\/cyclingpro.net\\\/spaziociclismo\\\/vuelta-2026\\\/vuelta-a-espana-2026-rischio-caldo-estremo-jacopo-mosca-e-il-cpa-allopera-questa-mattina-per-cercare-di-far-fronte-comune-in-gruppo\\\/\",\"url\":\"https:\\\/\\\/cyclingpro.net\\\/spaziociclismo\\\/vuelta-2026\\\/vuelta-a-espana-2026-rischio-caldo-estremo-jacopo-mosca-e-il-cpa-allopera-questa-mattina-per-cercare-di-far-fronte-comune-in-gruppo\\\/\",\"name\":\"Vuelta a Espa\u00f1a 2026, rischio caldo estremo: Jacopo Mosca e il CPA all'opera questa mattina per cercare di far fronte comune in gruppo - SpazioCiclismo\",\"isPartOf\":{\"@id\":\"https:\\\/\\\/cyclingpro.net\\\/spaziociclismo\\\/#website\"},\"primaryImageOfPage\":{\"@id\":\"https:\\\/\\\/cyclingpro.net\\\/spaziociclismo\\\/vuelta-2026\\\/vuelta-a-espana-2026-rischio-caldo-estremo-jacopo-mosca-e-il-cpa-allopera-questa-mattina-per-cercare-di-far-fronte-comune-in-gruppo\\\/#primaryimage\"},\"image\":{\"@id\":\"https:\\\/\\\/cyclingpro.net\\\/spaziociclismo\\\/vuelta-2026\\\/vuelta-a-espana-2026-rischio-caldo-estremo-jacopo-mosca-e-il-cpa-allopera-questa-mattina-per-cercare-di-far-fronte-comune-in-gruppo\\\/#primaryimage\"},\"thumbnailUrl\":\"https:\\\/\\\/cyclingpro.net\\\/spaziociclismo\\\/wp-content\\\/uploads\\\/2023\\\/09\\\/1133403142-scaled.jpg\",\"datePublished\":\"2026-09-04T10:52:11+00:00\",\"breadcrumb\":{\"@id\":\"https:\\\/\\\/cyclingpro.net\\\/spaziociclismo\\\/vuelta-2026\\\/vuelta-a-espana-2026-rischio-caldo-estremo-jacopo-mosca-e-il-cpa-allopera-questa-mattina-per-cercare-di-far-fronte-comune-in-gruppo\\\/#breadcrumb\"},\"inLanguage\":\"it-IT\",\"potentialAction\":[{\"@type\":\"ReadAction\",\"target\":[\"https:\\\/\\\/cyclingpro.net\\\/spaziociclismo\\\/vuelta-2026\\\/vuelta-a-espana-2026-rischio-caldo-estremo-jacopo-mosca-e-il-cpa-allopera-questa-mattina-per-cercare-di-far-fronte-comune-in-gruppo\\\/\"]}]},{\"@type\":\"ImageObject\",\"inLanguage\":\"it-IT\",\"@id\":\"https:\\\/\\\/cyclingpro.net\\\/spaziociclismo\\\/vuelta-2026\\\/vuelta-a-espana-2026-rischio-caldo-estremo-jacopo-mosca-e-il-cpa-allopera-questa-mattina-per-cercare-di-far-fronte-comune-in-gruppo\\\/#primaryimage\",\"url\":\"https:\\\/\\\/cyclingpro.net\\\/spaziociclismo\\\/wp-content\\\/uploads\\\/2023\\\/09\\\/1133403142-scaled.jpg\",\"contentUrl\":\"https:\\\/\\\/cyclingpro.net\\\/spaziociclismo\\\/wp-content\\\/uploads\\\/2023\\\/09\\\/1133403142-scaled.jpg\",\"width\":2560,\"height\":1707,\"caption\":\"\u00a9 Sirotti\"},{\"@type\":\"BreadcrumbList\",\"@id\":\"https:\\\/\\\/cyclingpro.net\\\/spaziociclismo\\\/vuelta-2026\\\/vuelta-a-espana-2026-rischio-caldo-estremo-jacopo-mosca-e-il-cpa-allopera-questa-mattina-per-cercare-di-far-fronte-comune-in-gruppo\\\/#breadcrumb\",\"itemListElement\":[{\"@type\":\"ListItem\",\"position\":1,\"name\":\"Home\",\"item\":\"https:\\\/\\\/cyclingpro.net\\\/spaziociclismo\\\/\"},{\"@type\":\"ListItem\",\"position\":2,\"name\":\"Vuelta a Espa\u00f1a 2026, rischio caldo estremo: Jacopo Mosca e il CPA all&#8217;opera questa mattina per cercare di far fronte comune in gruppo\"}]},{\"@type\":\"WebSite\",\"@id\":\"https:\\\/\\\/cyclingpro.net\\\/spaziociclismo\\\/#website\",\"url\":\"https:\\\/\\\/cyclingpro.net\\\/spaziociclismo\\\/\",\"name\":\"SpazioCiclismo\",\"description\":\"Tutto il ciclismo minuto per minuto\",\"publisher\":{\"@id\":\"https:\\\/\\\/cyclingpro.net\\\/spaziociclismo\\\/#organization\"},\"potentialAction\":[{\"@type\":\"SearchAction\",\"target\":{\"@type\":\"EntryPoint\",\"urlTemplate\":\"https:\\\/\\\/cyclingpro.net\\\/spaziociclismo\\\/?s={search_term_string}\"},\"query-input\":{\"@type\":\"PropertyValueSpecification\",\"valueRequired\":true,\"valueName\":\"search_term_string\"}}],\"inLanguage\":\"it-IT\"},{\"@type\":\"Organization\",\"@id\":\"https:\\\/\\\/cyclingpro.net\\\/spaziociclismo\\\/#organization\",\"name\":\"SpazioCiclismo\",\"url\":\"https:\\\/\\\/cyclingpro.net\\\/spaziociclismo\\\/\",\"logo\":{\"@type\":\"ImageObject\",\"inLanguage\":\"it-IT\",\"@id\":\"https:\\\/\\\/cyclingpro.net\\\/spaziociclismo\\\/#\\\/schema\\\/logo\\\/image\\\/\",\"url\":\"https:\\\/\\\/cyclingpro.net\\\/spaziociclismo\\\/wp-content\\\/uploads\\\/2017\\\/02\\\/SpazioCiclismo-Logo-Quadrato.png\",\"contentUrl\":\"https:\\\/\\\/cyclingpro.net\\\/spaziociclismo\\\/wp-content\\\/uploads\\\/2017\\\/02\\\/SpazioCiclismo-Logo-Quadrato.png\",\"width\":450,\"height\":450,\"caption\":\"SpazioCiclismo\"},\"image\":{\"@id\":\"https:\\\/\\\/cyclingpro.net\\\/spaziociclismo\\\/#\\\/schema\\\/logo\\\/image\\\/\"},\"sameAs\":[\"https:\\\/\\\/www.facebook.com\\\/SpazioCiclismo\\\/\",\"https:\\\/\\\/x.com\\\/spaziociclismo\",\"https:\\\/\\\/www.instagram.com\\\/spaziociclismo\\\/\"]},{\"@type\":\"Person\",\"@id\":\"https:\\\/\\\/cyclingpro.net\\\/spaziociclismo\\\/#\\\/schema\\\/person\\\/f104b5d2588ef53ce9f1b43295c352e1\",\"name\":\"Redazione SpazioCiclismo\",\"image\":{\"@type\":\"ImageObject\",\"inLanguage\":\"it-IT\",\"@id\":\"https:\\\/\\\/secure.gravatar.com\\\/avatar\\\/f1cae17b9ecd38864463422521239d4a656d6b657478a63e445df7b8ebc2b81c?s=96&d=mm&r=g\",\"url\":\"https:\\\/\\\/secure.gravatar.com\\\/avatar\\\/f1cae17b9ecd38864463422521239d4a656d6b657478a63e445df7b8ebc2b81c?s=96&d=mm&r=g\",\"contentUrl\":\"https:\\\/\\\/secure.gravatar.com\\\/avatar\\\/f1cae17b9ecd38864463422521239d4a656d6b657478a63e445df7b8ebc2b81c?s=96&d=mm&r=g\",\"caption\":\"Redazione SpazioCiclismo\"},\"url\":\"https:\\\/\\\/cyclingpro.net\\\/spaziociclismo\\\/author\\\/wptstmssc\\\/\"}]}<\/script>\n<!-- \/ Yoast SEO plugin. -->","yoast_head_json":{"title":"Vuelta a Espa\u00f1a 2026, rischio caldo estremo: Jacopo Mosca e il CPA all'opera questa mattina per cercare di far fronte comune in gruppo - SpazioCiclismo","robots":{"index":"index","follow":"follow","max-snippet":"max-snippet:-1","max-image-preview":"max-image-preview:large","max-video-preview":"max-video-preview:-1"},"canonical":"https:\/\/cyclingpro.net\/spaziociclismo\/vuelta-2026\/vuelta-a-espana-2026-rischio-caldo-estremo-jacopo-mosca-e-il-cpa-allopera-questa-mattina-per-cercare-di-far-fronte-comune-in-gruppo\/","og_locale":"it_IT","og_type":"article","og_title":"Vuelta a Espa\u00f1a 2026, rischio caldo estremo: Jacopo Mosca e il CPA all'opera questa mattina per cercare di far fronte comune in gruppo - SpazioCiclismo","og_description":"Prosegue l'emergenza caldo alla Vuelta a Espa\u00f1a e i corridori vogliono farsi trovare pronti #LaVuelta26","og_url":"https:\/\/cyclingpro.net\/spaziociclismo\/vuelta-2026\/vuelta-a-espana-2026-rischio-caldo-estremo-jacopo-mosca-e-il-cpa-allopera-questa-mattina-per-cercare-di-far-fronte-comune-in-gruppo\/","og_site_name":"SpazioCiclismo","article_publisher":"https:\/\/www.facebook.com\/SpazioCiclismo\/","article_published_time":"2026-09-04T10:52:11+00:00","og_image":[{"width":2560,"height":1707,"url":"https:\/\/cyclingpro.net\/spaziociclismo\/wp-content\/uploads\/2023\/09\/1133403142-scaled.jpg","type":"image\/jpeg"}],"author":"Redazione SpazioCiclismo","twitter_card":"summary_large_image","twitter_creator":"@spaziociclismo","twitter_site":"@spaziociclismo","twitter_misc":{"Scritto da":"Redazione SpazioCiclismo","Tempo di lettura stimato":"2 minuti"},"schema":{"@context":"https:\/\/schema.org","@graph":[{"@type":"Article","@id":"https:\/\/cyclingpro.net\/spaziociclismo\/vuelta-2026\/vuelta-a-espana-2026-rischio-caldo-estremo-jacopo-mosca-e-il-cpa-allopera-questa-mattina-per-cercare-di-far-fronte-comune-in-gruppo\/#article","isPartOf":{"@id":"https:\/\/cyclingpro.net\/spaziociclismo\/vuelta-2026\/vuelta-a-espana-2026-rischio-caldo-estremo-jacopo-mosca-e-il-cpa-allopera-questa-mattina-per-cercare-di-far-fronte-comune-in-gruppo\/"},"author":{"name":"Redazione SpazioCiclismo","@id":"https:\/\/cyclingpro.net\/spaziociclismo\/#\/schema\/person\/f104b5d2588ef53ce9f1b43295c352e1"},"headline":"Vuelta a Espa\u00f1a 2026, rischio caldo estremo: Jacopo Mosca e il CPA all&#8217;opera questa mattina per cercare di far fronte comune in gruppo","datePublished":"2026-09-04T10:52:11+00:00","mainEntityOfPage":{"@id":"https:\/\/cyclingpro.net\/spaziociclismo\/vuelta-2026\/vuelta-a-espana-2026-rischio-caldo-estremo-jacopo-mosca-e-il-cpa-allopera-questa-mattina-per-cercare-di-far-fronte-comune-in-gruppo\/"},"wordCount":266,"commentCount":0,"publisher":{"@id":"https:\/\/cyclingpro.net\/spaziociclismo\/#organization"},"image":{"@id":"https:\/\/cyclingpro.net\/spaziociclismo\/vuelta-2026\/vuelta-a-espana-2026-rischio-caldo-estremo-jacopo-mosca-e-il-cpa-allopera-questa-mattina-per-cercare-di-far-fronte-comune-in-gruppo\/#primaryimage"},"thumbnailUrl":"https:\/\/cyclingpro.net\/spaziociclismo\/wp-content\/uploads\/2023\/09\/1133403142-scaled.jpg","articleSection":["Vuelta 2026"],"inLanguage":"it-IT","potentialAction":[{"@type":"CommentAction","name":"Comment","target":["https:\/\/cyclingpro.net\/spaziociclismo\/vuelta-2026\/vuelta-a-espana-2026-rischio-caldo-estremo-jacopo-mosca-e-il-cpa-allopera-questa-mattina-per-cercare-di-far-fronte-comune-in-gruppo\/#respond"]}]},{"@type":"WebPage","@id":"https:\/\/cyclingpro.net\/spaziociclismo\/vuelta-2026\/vuelta-a-espana-2026-rischio-caldo-estremo-jacopo-mosca-e-il-cpa-allopera-questa-mattina-per-cercare-di-far-fronte-comune-in-gruppo\/","url":"https:\/\/cyclingpro.net\/spaziociclismo\/vuelta-2026\/vuelta-a-espana-2026-rischio-caldo-estremo-jacopo-mosca-e-il-cpa-allopera-questa-mattina-per-cercare-di-far-fronte-comune-in-gruppo\/","name":"Vuelta a Espa\u00f1a 2026, rischio caldo estremo: Jacopo Mosca e il CPA all'opera questa mattina per cercare di far fronte comune in gruppo - SpazioCiclismo","isPartOf":{"@id":"https:\/\/cyclingpro.net\/spaziociclismo\/#website"},"primaryImageOfPage":{"@id":"https:\/\/cyclingpro.net\/spaziociclismo\/vuelta-2026\/vuelta-a-espana-2026-rischio-caldo-estremo-jacopo-mosca-e-il-cpa-allopera-questa-mattina-per-cercare-di-far-fronte-comune-in-gruppo\/#primaryimage"},"image":{"@id":"https:\/\/cyclingpro.net\/spaziociclismo\/vuelta-2026\/vuelta-a-espana-2026-rischio-caldo-estremo-jacopo-mosca-e-il-cpa-allopera-questa-mattina-per-cercare-di-far-fronte-comune-in-gruppo\/#primaryimage"},"thumbnailUrl":"https:\/\/cyclingpro.net\/spaziociclismo\/wp-content\/uploads\/2023\/09\/1133403142-scaled.jpg","datePublished":"2026-09-04T10:52:11+00:00","breadcrumb":{"@id":"https:\/\/cyclingpro.net\/spaziociclismo\/vuelta-2026\/vuelta-a-espana-2026-rischio-caldo-estremo-jacopo-mosca-e-il-cpa-allopera-questa-mattina-per-cercare-di-far-fronte-comune-in-gruppo\/#breadcrumb"},"inLanguage":"it-IT","potentialAction":[{"@type":"ReadAction","target":["https:\/\/cyclingpro.net\/spaziociclismo\/vuelta-2026\/vuelta-a-espana-2026-rischio-caldo-estremo-jacopo-mosca-e-il-cpa-allopera-questa-mattina-per-cercare-di-far-fronte-comune-in-gruppo\/"]}]},{"@type":"ImageObject","inLanguage":"it-IT","@id":"https:\/\/cyclingpro.net\/spaziociclismo\/vuelta-2026\/vuelta-a-espana-2026-rischio-caldo-estremo-jacopo-mosca-e-il-cpa-allopera-questa-mattina-per-cercare-di-far-fronte-comune-in-gruppo\/#primaryimage","url":"https:\/\/cyclingpro.net\/spaziociclismo\/wp-content\/uploads\/2023\/09\/1133403142-scaled.jpg","contentUrl":"https:\/\/cyclingpro.net\/spaziociclismo\/wp-content\/uploads\/2023\/09\/1133403142-scaled.jpg","width":2560,"height":1707,"caption":"\u00a9 Sirotti"},{"@type":"BreadcrumbList","@id":"https:\/\/cyclingpro.net\/spaziociclismo\/vuelta-2026\/vuelta-a-espana-2026-rischio-caldo-estremo-jacopo-mosca-e-il-cpa-allopera-questa-mattina-per-cercare-di-far-fronte-comune-in-gruppo\/#breadcrumb","itemListElement":[{"@type":"ListItem","position":1,"name":"Home","item":"https:\/\/cyclingpro.net\/spaziociclismo\/"},{"@type":"ListItem","position":2,"name":"Vuelta a Espa\u00f1a 2026, rischio caldo estremo: Jacopo Mosca e il CPA all&#8217;opera questa mattina per cercare di far fronte comune in gruppo"}]},{"@type":"WebSite","@id":"https:\/\/cyclingpro.net\/spaziociclismo\/#website","url":"https:\/\/cyclingpro.net\/spaziociclismo\/","name":"SpazioCiclismo","description":"Tutto il ciclismo minuto per minuto","publisher":{"@id":"https:\/\/cyclingpro.net\/spaziociclismo\/#organization"},"potentialAction":[{"@type":"SearchAction","target":{"@type":"EntryPoint","urlTemplate":"https:\/\/cyclingpro.net\/spaziociclismo\/?s={search_term_string}"},"query-input":{"@type":"PropertyValueSpecification","valueRequired":true,"valueName":"search_term_string"}}],"inLanguage":"it-IT"},{"@type":"Organization","@id":"https:\/\/cyclingpro.net\/spaziociclismo\/#organization","name":"SpazioCiclismo","url":"https:\/\/cyclingpro.net\/spaziociclismo\/","logo":{"@type":"ImageObject","inLanguage":"it-IT","@id":"https:\/\/cyclingpro.net\/spaziociclismo\/#\/schema\/logo\/image\/","url":"https:\/\/cyclingpro.net\/spaziociclismo\/wp-content\/uploads\/2017\/02\/SpazioCiclismo-Logo-Quadrato.png","contentUrl":"https:\/\/cyclingpro.net\/spaziociclismo\/wp-content\/uploads\/2017\/02\/SpazioCiclismo-Logo-Quadrato.png","width":450,"height":450,"caption":"SpazioCiclismo"},"image":{"@id":"https:\/\/cyclingpro.net\/spaziociclismo\/#\/schema\/logo\/image\/"},"sameAs":["https:\/\/www.facebook.com\/SpazioCiclismo\/","https:\/\/x.com\/spaziociclismo","https:\/\/www.instagram.com\/spaziociclismo\/"]},{"@type":"Person","@id":"https:\/\/cyclingpro.net\/spaziociclismo\/#\/schema\/person\/f104b5d2588ef53ce9f1b43295c352e1","name":"Redazione SpazioCiclismo","image":{"@type":"ImageObject","inLanguage":"it-IT","@id":"https:\/\/secure.gravatar.com\/avatar\/f1cae17b9ecd38864463422521239d4a656d6b657478a63e445df7b8ebc2b81c?s=96&d=mm&r=g","url":"https:\/\/secure.gravatar.com\/avatar\/f1cae17b9ecd38864463422521239d4a656d6b657478a63e445df7b8ebc2b81c?s=96&d=mm&r=g","contentUrl":"https:\/\/secure.gravatar.com\/avatar\/f1cae17b9ecd38864463422521239d4a656d6b657478a63e445df7b8ebc2b81c?s=96&d=mm&r=g","caption":"Redazione SpazioCiclismo"},"url":"https:\/\/cyclingpro.net\/spaziociclismo\/author\/wptstmssc\/"}]}},"_links":{"self":[{"href":"https:\/\/cyclingpro.net\/spaziociclismo\/wp-json\/wp\/v2\/posts\/393611","targetHints":{"allow":["GET"]}}],"collection":[{"href":"https:\/\/cyclingpro.net\/spaziociclismo\/wp-json\/wp\/v2\/posts"}],"about":[{"href":"https:\/\/cyclingpro.net\/spaziociclismo\/wp-json\/wp\/v2\/types\/post"}],"author":[{"embeddable":true,"href":"https:\/\/cyclingpro.net\/spaziociclismo\/wp-json\/wp\/v2\/users\/2"}],"replies":[{"embeddable":true,"href":"https:\/\/cyclingpro.net\/spaziociclismo\/wp-json\/wp\/v2\/comments?post=393611"}],"version-history":[{"count":1,"href":"https:\/\/cyclingpro.net\/spaziociclismo\/wp-json\/wp\/v2\/posts\/393611\/revisions"}],"predecessor-version":[{"id":393612,"href":"https:\/\/cyclingpro.net\/spaziociclismo\/wp-json\/wp\/v2\/posts\/393611\/revisions\/393612"}],"wp:featuredmedia":[{"embeddable":true,"href":"https:\/\/cyclingpro.net\/spaziociclismo\/wp-json\/wp\/v2\/media\/266551"}],"wp:attachment":[{"href":"https:\/\/cyclingpro.net\/spaziociclismo\/wp-json\/wp\/v2\/media?parent=393611"}],"wp:term":[{"taxonomy":"category","embeddable":true,"href":"https:\/\/cyclingpro.net\/spaziociclismo\/wp-json\/wp\/v2\/categories?post=393611"},{"taxonomy":"post_tag","embeddable":true,"href":"https:\/\/cyclingpro.net\/spaziociclismo\/wp-json\/wp\/v2\/tags?post=393611"}],"curies":[{"name":"wp","href":"https:\/\/api.w.org\/{rel}","templated":true}]}}