{"id":393603,"date":"2026-09-04T10:39:06","date_gmt":"2026-09-04T08:39:06","guid":{"rendered":"https:\/\/cyclingpro.net\/spaziociclismo\/?p=393603"},"modified":"2026-09-04T11:36:41","modified_gmt":"2026-09-04T09:36:41","slug":"mondiali-montreal-2026-la-polizia-municipale-minaccia-lo-sciopero-sicurezza-a-rischio","status":"publish","type":"post","link":"https:\/\/cyclingpro.net\/spaziociclismo\/montreal-2026\/mondiali-montreal-2026-la-polizia-municipale-minaccia-lo-sciopero-sicurezza-a-rischio\/","title":{"rendered":"Mondiali Montr\u00e9al 2026, i dipendenti municipali minacciano lo sciopero: sicurezza a rischio?"},"content":{"rendered":"<p>Il regolare svolgimento dei Mondiali di Montr\u00e9al 2026 potrebbe essere minacciato da uno sciopero dei dipendenti comunali. Il sindacato che rappresenta i dipendenti comunali della citt\u00e0 canadese ha infatti presentato un preavviso di sciopero dal 22 al 28 settembre prossimi, il che potrebbe compromettere il regolare svolgimento dei campionati mondiali di ciclismo, che si terranno in quelle stesse date (la rassegna iridata \u00e8 infatti prevista dal 20 al 27 settembre). Secondo quanto riportano le agenzie di stampa locali, c&#8217;\u00e8 dunque grande preoccupazione per quanto sta succedendo internamento visto che i grandi preparativi per il grande evento sono iniziati in un clima molto teso, diventato ancor pi\u00f9 complesso dopo che il Sindacato ha pubblicato un comunicato in cui presentava il proprio preavviso di sciopero<\/p>\n<p>A poco pi\u00f9 di due settimane dall&#8217;inizio delle corse, che saranno come sempre anticipate dai GP de Qu\u00e9bec e GP de Montr\u00e9al (che non sono intaccati visto che il primo non si svolge nella stessa citt\u00e0, ma comunque le date non combaciano) \u00e8 ovviamente ancora possibile raggiungere un accordo e sembra abbastanza plausibile che questa anticipazione sia stata fatta proprio con in mente questo grande evento, ma la situazione resta comunque ancora molto incerta perch\u00e9 la grande questione in ballo sono gli stipendi visto che il comune, secondo quanto lamenta il presidente del Sindacato Nicolas De Ciccio, &#8220;continua a offrire aumenti salariali inferiori all\u2019inflazione&#8221;, aumentando cos\u00ec tensioni figlie di un contesto gi\u00e0 complicato tra il Comune e i suoi dipendenti.<\/p>\n<p>Dall&#8217;altro lato, De Ciccio assicura che il sindacato dei lavoratori non abbandona il tavolo delle trattative e attende un\u2019offerta seria, per cui &#8220;i rappresentanti sindacali sono pronti a proseguire i colloqui e sperano che anche la parte datoriale sia pronta&#8221;. Tra sostanzialmente 15 giorni si pare e chiaramente sar\u00e0 importante avere per quella data un accordo affinch\u00e9 l\u2019inizio della competizione avvenga nelle migliori condizioni possibili.<\/p>\n<p>Se di base sono i famosi colletti blu, ovvero i lavoratori che svolgono mansioni manuali, fisiche o operative, come gli operai nelle fabbriche o nei cantieri, ad essere coinvolti, lo sciopero andrebbe tuttavia a colpire anche altri settori dipendenti dal comune, come la polizia municipale, che dovrebbe garantire la sicurezza della gara, ma anche altre figure coinvolte nell&#8217;evento che rischierebbero cos\u00ec di restare ferme.<\/p>\n","protected":false},"excerpt":{"rendered":"<p>Il regolare svolgimento dei Mondiali di #Montr\u00e9al2026 potrebbe essere minacciato da uno sciopero dei dipendenti comunali<\/p>\n","protected":false},"author":2,"featured_media":393497,"comment_status":"open","ping_status":"closed","sticky":false,"template":"","format":"standard","meta":{"footnotes":"","_members_access_role":[],"_members_access_error":""},"categories":[5356],"tags":[4770],"class_list":["post-393603","post","type-post","status-publish","format-standard","has-post-thumbnail","hentry","category-montreal-2026","tag-mondiali-montreal-2026"],"yoast_head":"<!-- This site is optimized with the Yoast SEO plugin v28.4 - https:\/\/yoast.com\/product\/yoast-seo-wordpress\/ -->\n<title>Mondiali Montr\u00e9al 2026, i dipendenti municipali minacciano lo sciopero: sicurezza a rischio? - SpazioCiclismo<\/title>\n<meta name=\"robots\" content=\"index, follow, max-snippet:-1, max-image-preview:large, max-video-preview:-1\" \/>\n<link rel=\"canonical\" href=\"https:\/\/cyclingpro.net\/spaziociclismo\/montreal-2026\/mondiali-montreal-2026-la-polizia-municipale-minaccia-lo-sciopero-sicurezza-a-rischio\/\" \/>\n<meta property=\"og:locale\" content=\"it_IT\" \/>\n<meta property=\"og:type\" content=\"article\" \/>\n<meta property=\"og:title\" content=\"Mondiali Montr\u00e9al 2026, i dipendenti municipali minacciano lo sciopero: sicurezza a rischio? - SpazioCiclismo\" \/>\n<meta property=\"og:description\" content=\"Il regolare svolgimento dei Mondiali di #Montr\u00e9al2026 potrebbe essere minacciato da uno sciopero dei dipendenti comunali\" \/>\n<meta property=\"og:url\" content=\"https:\/\/cyclingpro.net\/spaziociclismo\/montreal-2026\/mondiali-montreal-2026-la-polizia-municipale-minaccia-lo-sciopero-sicurezza-a-rischio\/\" \/>\n<meta property=\"og:site_name\" content=\"SpazioCiclismo\" \/>\n<meta property=\"article:publisher\" content=\"https:\/\/www.facebook.com\/SpazioCiclismo\/\" \/>\n<meta property=\"article:published_time\" content=\"2026-09-04T08:39:06+00:00\" \/>\n<meta property=\"article:modified_time\" content=\"2026-09-04T09:36:41+00:00\" \/>\n<meta property=\"og:image\" content=\"https:\/\/cyclingpro.net\/spaziociclismo\/wp-content\/uploads\/2026\/09\/GP-de-Montreal-2025-Gruppo.jpg\" \/>\n\t<meta property=\"og:image:width\" content=\"1200\" \/>\n\t<meta property=\"og:image:height\" content=\"800\" \/>\n\t<meta property=\"og:image:type\" content=\"image\/jpeg\" \/>\n<meta name=\"author\" content=\"Redazione SpazioCiclismo\" \/>\n<meta name=\"twitter:card\" content=\"summary_large_image\" \/>\n<meta name=\"twitter:creator\" content=\"@spaziociclismo\" \/>\n<meta name=\"twitter:site\" content=\"@spaziociclismo\" \/>\n<meta name=\"twitter:label1\" content=\"Scritto da\" \/>\n\t<meta name=\"twitter:data1\" content=\"Redazione SpazioCiclismo\" \/>\n\t<meta name=\"twitter:label2\" content=\"Tempo di lettura stimato\" \/>\n\t<meta name=\"twitter:data2\" content=\"3 minuti\" \/>\n<script type=\"application\/ld+json\" class=\"yoast-schema-graph\">{\"@context\":\"https:\\\/\\\/schema.org\",\"@graph\":[{\"@type\":\"Article\",\"@id\":\"https:\\\/\\\/cyclingpro.net\\\/spaziociclismo\\\/montreal-2026\\\/mondiali-montreal-2026-la-polizia-municipale-minaccia-lo-sciopero-sicurezza-a-rischio\\\/#article\",\"isPartOf\":{\"@id\":\"https:\\\/\\\/cyclingpro.net\\\/spaziociclismo\\\/montreal-2026\\\/mondiali-montreal-2026-la-polizia-municipale-minaccia-lo-sciopero-sicurezza-a-rischio\\\/\"},\"author\":{\"name\":\"Redazione SpazioCiclismo\",\"@id\":\"https:\\\/\\\/cyclingpro.net\\\/spaziociclismo\\\/#\\\/schema\\\/person\\\/f104b5d2588ef53ce9f1b43295c352e1\"},\"headline\":\"Mondiali Montr\u00e9al 2026, i dipendenti municipali minacciano lo sciopero: sicurezza a rischio?\",\"datePublished\":\"2026-09-04T08:39:06+00:00\",\"dateModified\":\"2026-09-04T09:36:41+00:00\",\"mainEntityOfPage\":{\"@id\":\"https:\\\/\\\/cyclingpro.net\\\/spaziociclismo\\\/montreal-2026\\\/mondiali-montreal-2026-la-polizia-municipale-minaccia-lo-sciopero-sicurezza-a-rischio\\\/\"},\"wordCount\":385,\"commentCount\":0,\"publisher\":{\"@id\":\"https:\\\/\\\/cyclingpro.net\\\/spaziociclismo\\\/#organization\"},\"image\":{\"@id\":\"https:\\\/\\\/cyclingpro.net\\\/spaziociclismo\\\/montreal-2026\\\/mondiali-montreal-2026-la-polizia-municipale-minaccia-lo-sciopero-sicurezza-a-rischio\\\/#primaryimage\"},\"thumbnailUrl\":\"https:\\\/\\\/cyclingpro.net\\\/spaziociclismo\\\/wp-content\\\/uploads\\\/2026\\\/09\\\/GP-de-Montreal-2025-Gruppo.jpg\",\"keywords\":[\"Mondiali Montr\u00e9al 2026\"],\"articleSection\":[\"Montr\u00e9al 2026\"],\"inLanguage\":\"it-IT\",\"potentialAction\":[{\"@type\":\"CommentAction\",\"name\":\"Comment\",\"target\":[\"https:\\\/\\\/cyclingpro.net\\\/spaziociclismo\\\/montreal-2026\\\/mondiali-montreal-2026-la-polizia-municipale-minaccia-lo-sciopero-sicurezza-a-rischio\\\/#respond\"]}]},{\"@type\":\"WebPage\",\"@id\":\"https:\\\/\\\/cyclingpro.net\\\/spaziociclismo\\\/montreal-2026\\\/mondiali-montreal-2026-la-polizia-municipale-minaccia-lo-sciopero-sicurezza-a-rischio\\\/\",\"url\":\"https:\\\/\\\/cyclingpro.net\\\/spaziociclismo\\\/montreal-2026\\\/mondiali-montreal-2026-la-polizia-municipale-minaccia-lo-sciopero-sicurezza-a-rischio\\\/\",\"name\":\"Mondiali Montr\u00e9al 2026, i dipendenti municipali minacciano lo sciopero: sicurezza a rischio? - SpazioCiclismo\",\"isPartOf\":{\"@id\":\"https:\\\/\\\/cyclingpro.net\\\/spaziociclismo\\\/#website\"},\"primaryImageOfPage\":{\"@id\":\"https:\\\/\\\/cyclingpro.net\\\/spaziociclismo\\\/montreal-2026\\\/mondiali-montreal-2026-la-polizia-municipale-minaccia-lo-sciopero-sicurezza-a-rischio\\\/#primaryimage\"},\"image\":{\"@id\":\"https:\\\/\\\/cyclingpro.net\\\/spaziociclismo\\\/montreal-2026\\\/mondiali-montreal-2026-la-polizia-municipale-minaccia-lo-sciopero-sicurezza-a-rischio\\\/#primaryimage\"},\"thumbnailUrl\":\"https:\\\/\\\/cyclingpro.net\\\/spaziociclismo\\\/wp-content\\\/uploads\\\/2026\\\/09\\\/GP-de-Montreal-2025-Gruppo.jpg\",\"datePublished\":\"2026-09-04T08:39:06+00:00\",\"dateModified\":\"2026-09-04T09:36:41+00:00\",\"breadcrumb\":{\"@id\":\"https:\\\/\\\/cyclingpro.net\\\/spaziociclismo\\\/montreal-2026\\\/mondiali-montreal-2026-la-polizia-municipale-minaccia-lo-sciopero-sicurezza-a-rischio\\\/#breadcrumb\"},\"inLanguage\":\"it-IT\",\"potentialAction\":[{\"@type\":\"ReadAction\",\"target\":[\"https:\\\/\\\/cyclingpro.net\\\/spaziociclismo\\\/montreal-2026\\\/mondiali-montreal-2026-la-polizia-municipale-minaccia-lo-sciopero-sicurezza-a-rischio\\\/\"]}]},{\"@type\":\"ImageObject\",\"inLanguage\":\"it-IT\",\"@id\":\"https:\\\/\\\/cyclingpro.net\\\/spaziociclismo\\\/montreal-2026\\\/mondiali-montreal-2026-la-polizia-municipale-minaccia-lo-sciopero-sicurezza-a-rischio\\\/#primaryimage\",\"url\":\"https:\\\/\\\/cyclingpro.net\\\/spaziociclismo\\\/wp-content\\\/uploads\\\/2026\\\/09\\\/GP-de-Montreal-2025-Gruppo.jpg\",\"contentUrl\":\"https:\\\/\\\/cyclingpro.net\\\/spaziociclismo\\\/wp-content\\\/uploads\\\/2026\\\/09\\\/GP-de-Montreal-2025-Gruppo.jpg\",\"width\":1200,\"height\":800,\"caption\":\"\u00a9 James Startt\"},{\"@type\":\"BreadcrumbList\",\"@id\":\"https:\\\/\\\/cyclingpro.net\\\/spaziociclismo\\\/montreal-2026\\\/mondiali-montreal-2026-la-polizia-municipale-minaccia-lo-sciopero-sicurezza-a-rischio\\\/#breadcrumb\",\"itemListElement\":[{\"@type\":\"ListItem\",\"position\":1,\"name\":\"Home\",\"item\":\"https:\\\/\\\/cyclingpro.net\\\/spaziociclismo\\\/\"},{\"@type\":\"ListItem\",\"position\":2,\"name\":\"Mondiali Montr\u00e9al 2026, i dipendenti municipali minacciano lo sciopero: sicurezza a rischio?\"}]},{\"@type\":\"WebSite\",\"@id\":\"https:\\\/\\\/cyclingpro.net\\\/spaziociclismo\\\/#website\",\"url\":\"https:\\\/\\\/cyclingpro.net\\\/spaziociclismo\\\/\",\"name\":\"SpazioCiclismo\",\"description\":\"Tutto il ciclismo minuto per minuto\",\"publisher\":{\"@id\":\"https:\\\/\\\/cyclingpro.net\\\/spaziociclismo\\\/#organization\"},\"potentialAction\":[{\"@type\":\"SearchAction\",\"target\":{\"@type\":\"EntryPoint\",\"urlTemplate\":\"https:\\\/\\\/cyclingpro.net\\\/spaziociclismo\\\/?s={search_term_string}\"},\"query-input\":{\"@type\":\"PropertyValueSpecification\",\"valueRequired\":true,\"valueName\":\"search_term_string\"}}],\"inLanguage\":\"it-IT\"},{\"@type\":\"Organization\",\"@id\":\"https:\\\/\\\/cyclingpro.net\\\/spaziociclismo\\\/#organization\",\"name\":\"SpazioCiclismo\",\"url\":\"https:\\\/\\\/cyclingpro.net\\\/spaziociclismo\\\/\",\"logo\":{\"@type\":\"ImageObject\",\"inLanguage\":\"it-IT\",\"@id\":\"https:\\\/\\\/cyclingpro.net\\\/spaziociclismo\\\/#\\\/schema\\\/logo\\\/image\\\/\",\"url\":\"https:\\\/\\\/cyclingpro.net\\\/spaziociclismo\\\/wp-content\\\/uploads\\\/2017\\\/02\\\/SpazioCiclismo-Logo-Quadrato.png\",\"contentUrl\":\"https:\\\/\\\/cyclingpro.net\\\/spaziociclismo\\\/wp-content\\\/uploads\\\/2017\\\/02\\\/SpazioCiclismo-Logo-Quadrato.png\",\"width\":450,\"height\":450,\"caption\":\"SpazioCiclismo\"},\"image\":{\"@id\":\"https:\\\/\\\/cyclingpro.net\\\/spaziociclismo\\\/#\\\/schema\\\/logo\\\/image\\\/\"},\"sameAs\":[\"https:\\\/\\\/www.facebook.com\\\/SpazioCiclismo\\\/\",\"https:\\\/\\\/x.com\\\/spaziociclismo\",\"https:\\\/\\\/www.instagram.com\\\/spaziociclismo\\\/\"]},{\"@type\":\"Person\",\"@id\":\"https:\\\/\\\/cyclingpro.net\\\/spaziociclismo\\\/#\\\/schema\\\/person\\\/f104b5d2588ef53ce9f1b43295c352e1\",\"name\":\"Redazione SpazioCiclismo\",\"image\":{\"@type\":\"ImageObject\",\"inLanguage\":\"it-IT\",\"@id\":\"https:\\\/\\\/secure.gravatar.com\\\/avatar\\\/f1cae17b9ecd38864463422521239d4a656d6b657478a63e445df7b8ebc2b81c?s=96&d=mm&r=g\",\"url\":\"https:\\\/\\\/secure.gravatar.com\\\/avatar\\\/f1cae17b9ecd38864463422521239d4a656d6b657478a63e445df7b8ebc2b81c?s=96&d=mm&r=g\",\"contentUrl\":\"https:\\\/\\\/secure.gravatar.com\\\/avatar\\\/f1cae17b9ecd38864463422521239d4a656d6b657478a63e445df7b8ebc2b81c?s=96&d=mm&r=g\",\"caption\":\"Redazione SpazioCiclismo\"},\"url\":\"https:\\\/\\\/cyclingpro.net\\\/spaziociclismo\\\/author\\\/wptstmssc\\\/\"}]}<\/script>\n<!-- \/ Yoast SEO plugin. -->","yoast_head_json":{"title":"Mondiali Montr\u00e9al 2026, i dipendenti municipali minacciano lo sciopero: sicurezza a rischio? - SpazioCiclismo","robots":{"index":"index","follow":"follow","max-snippet":"max-snippet:-1","max-image-preview":"max-image-preview:large","max-video-preview":"max-video-preview:-1"},"canonical":"https:\/\/cyclingpro.net\/spaziociclismo\/montreal-2026\/mondiali-montreal-2026-la-polizia-municipale-minaccia-lo-sciopero-sicurezza-a-rischio\/","og_locale":"it_IT","og_type":"article","og_title":"Mondiali Montr\u00e9al 2026, i dipendenti municipali minacciano lo sciopero: sicurezza a rischio? - SpazioCiclismo","og_description":"Il regolare svolgimento dei Mondiali di #Montr\u00e9al2026 potrebbe essere minacciato da uno sciopero dei dipendenti comunali","og_url":"https:\/\/cyclingpro.net\/spaziociclismo\/montreal-2026\/mondiali-montreal-2026-la-polizia-municipale-minaccia-lo-sciopero-sicurezza-a-rischio\/","og_site_name":"SpazioCiclismo","article_publisher":"https:\/\/www.facebook.com\/SpazioCiclismo\/","article_published_time":"2026-09-04T08:39:06+00:00","article_modified_time":"2026-09-04T09:36:41+00:00","og_image":[{"width":1200,"height":800,"url":"https:\/\/cyclingpro.net\/spaziociclismo\/wp-content\/uploads\/2026\/09\/GP-de-Montreal-2025-Gruppo.jpg","type":"image\/jpeg"}],"author":"Redazione SpazioCiclismo","twitter_card":"summary_large_image","twitter_creator":"@spaziociclismo","twitter_site":"@spaziociclismo","twitter_misc":{"Scritto da":"Redazione SpazioCiclismo","Tempo di lettura stimato":"3 minuti"},"schema":{"@context":"https:\/\/schema.org","@graph":[{"@type":"Article","@id":"https:\/\/cyclingpro.net\/spaziociclismo\/montreal-2026\/mondiali-montreal-2026-la-polizia-municipale-minaccia-lo-sciopero-sicurezza-a-rischio\/#article","isPartOf":{"@id":"https:\/\/cyclingpro.net\/spaziociclismo\/montreal-2026\/mondiali-montreal-2026-la-polizia-municipale-minaccia-lo-sciopero-sicurezza-a-rischio\/"},"author":{"name":"Redazione SpazioCiclismo","@id":"https:\/\/cyclingpro.net\/spaziociclismo\/#\/schema\/person\/f104b5d2588ef53ce9f1b43295c352e1"},"headline":"Mondiali Montr\u00e9al 2026, i dipendenti municipali minacciano lo sciopero: sicurezza a rischio?","datePublished":"2026-09-04T08:39:06+00:00","dateModified":"2026-09-04T09:36:41+00:00","mainEntityOfPage":{"@id":"https:\/\/cyclingpro.net\/spaziociclismo\/montreal-2026\/mondiali-montreal-2026-la-polizia-municipale-minaccia-lo-sciopero-sicurezza-a-rischio\/"},"wordCount":385,"commentCount":0,"publisher":{"@id":"https:\/\/cyclingpro.net\/spaziociclismo\/#organization"},"image":{"@id":"https:\/\/cyclingpro.net\/spaziociclismo\/montreal-2026\/mondiali-montreal-2026-la-polizia-municipale-minaccia-lo-sciopero-sicurezza-a-rischio\/#primaryimage"},"thumbnailUrl":"https:\/\/cyclingpro.net\/spaziociclismo\/wp-content\/uploads\/2026\/09\/GP-de-Montreal-2025-Gruppo.jpg","keywords":["Mondiali Montr\u00e9al 2026"],"articleSection":["Montr\u00e9al 2026"],"inLanguage":"it-IT","potentialAction":[{"@type":"CommentAction","name":"Comment","target":["https:\/\/cyclingpro.net\/spaziociclismo\/montreal-2026\/mondiali-montreal-2026-la-polizia-municipale-minaccia-lo-sciopero-sicurezza-a-rischio\/#respond"]}]},{"@type":"WebPage","@id":"https:\/\/cyclingpro.net\/spaziociclismo\/montreal-2026\/mondiali-montreal-2026-la-polizia-municipale-minaccia-lo-sciopero-sicurezza-a-rischio\/","url":"https:\/\/cyclingpro.net\/spaziociclismo\/montreal-2026\/mondiali-montreal-2026-la-polizia-municipale-minaccia-lo-sciopero-sicurezza-a-rischio\/","name":"Mondiali Montr\u00e9al 2026, i dipendenti municipali minacciano lo sciopero: sicurezza a rischio? - SpazioCiclismo","isPartOf":{"@id":"https:\/\/cyclingpro.net\/spaziociclismo\/#website"},"primaryImageOfPage":{"@id":"https:\/\/cyclingpro.net\/spaziociclismo\/montreal-2026\/mondiali-montreal-2026-la-polizia-municipale-minaccia-lo-sciopero-sicurezza-a-rischio\/#primaryimage"},"image":{"@id":"https:\/\/cyclingpro.net\/spaziociclismo\/montreal-2026\/mondiali-montreal-2026-la-polizia-municipale-minaccia-lo-sciopero-sicurezza-a-rischio\/#primaryimage"},"thumbnailUrl":"https:\/\/cyclingpro.net\/spaziociclismo\/wp-content\/uploads\/2026\/09\/GP-de-Montreal-2025-Gruppo.jpg","datePublished":"2026-09-04T08:39:06+00:00","dateModified":"2026-09-04T09:36:41+00:00","breadcrumb":{"@id":"https:\/\/cyclingpro.net\/spaziociclismo\/montreal-2026\/mondiali-montreal-2026-la-polizia-municipale-minaccia-lo-sciopero-sicurezza-a-rischio\/#breadcrumb"},"inLanguage":"it-IT","potentialAction":[{"@type":"ReadAction","target":["https:\/\/cyclingpro.net\/spaziociclismo\/montreal-2026\/mondiali-montreal-2026-la-polizia-municipale-minaccia-lo-sciopero-sicurezza-a-rischio\/"]}]},{"@type":"ImageObject","inLanguage":"it-IT","@id":"https:\/\/cyclingpro.net\/spaziociclismo\/montreal-2026\/mondiali-montreal-2026-la-polizia-municipale-minaccia-lo-sciopero-sicurezza-a-rischio\/#primaryimage","url":"https:\/\/cyclingpro.net\/spaziociclismo\/wp-content\/uploads\/2026\/09\/GP-de-Montreal-2025-Gruppo.jpg","contentUrl":"https:\/\/cyclingpro.net\/spaziociclismo\/wp-content\/uploads\/2026\/09\/GP-de-Montreal-2025-Gruppo.jpg","width":1200,"height":800,"caption":"\u00a9 James Startt"},{"@type":"BreadcrumbList","@id":"https:\/\/cyclingpro.net\/spaziociclismo\/montreal-2026\/mondiali-montreal-2026-la-polizia-municipale-minaccia-lo-sciopero-sicurezza-a-rischio\/#breadcrumb","itemListElement":[{"@type":"ListItem","position":1,"name":"Home","item":"https:\/\/cyclingpro.net\/spaziociclismo\/"},{"@type":"ListItem","position":2,"name":"Mondiali Montr\u00e9al 2026, i dipendenti municipali minacciano lo sciopero: sicurezza a rischio?"}]},{"@type":"WebSite","@id":"https:\/\/cyclingpro.net\/spaziociclismo\/#website","url":"https:\/\/cyclingpro.net\/spaziociclismo\/","name":"SpazioCiclismo","description":"Tutto il ciclismo minuto per minuto","publisher":{"@id":"https:\/\/cyclingpro.net\/spaziociclismo\/#organization"},"potentialAction":[{"@type":"SearchAction","target":{"@type":"EntryPoint","urlTemplate":"https:\/\/cyclingpro.net\/spaziociclismo\/?s={search_term_string}"},"query-input":{"@type":"PropertyValueSpecification","valueRequired":true,"valueName":"search_term_string"}}],"inLanguage":"it-IT"},{"@type":"Organization","@id":"https:\/\/cyclingpro.net\/spaziociclismo\/#organization","name":"SpazioCiclismo","url":"https:\/\/cyclingpro.net\/spaziociclismo\/","logo":{"@type":"ImageObject","inLanguage":"it-IT","@id":"https:\/\/cyclingpro.net\/spaziociclismo\/#\/schema\/logo\/image\/","url":"https:\/\/cyclingpro.net\/spaziociclismo\/wp-content\/uploads\/2017\/02\/SpazioCiclismo-Logo-Quadrato.png","contentUrl":"https:\/\/cyclingpro.net\/spaziociclismo\/wp-content\/uploads\/2017\/02\/SpazioCiclismo-Logo-Quadrato.png","width":450,"height":450,"caption":"SpazioCiclismo"},"image":{"@id":"https:\/\/cyclingpro.net\/spaziociclismo\/#\/schema\/logo\/image\/"},"sameAs":["https:\/\/www.facebook.com\/SpazioCiclismo\/","https:\/\/x.com\/spaziociclismo","https:\/\/www.instagram.com\/spaziociclismo\/"]},{"@type":"Person","@id":"https:\/\/cyclingpro.net\/spaziociclismo\/#\/schema\/person\/f104b5d2588ef53ce9f1b43295c352e1","name":"Redazione SpazioCiclismo","image":{"@type":"ImageObject","inLanguage":"it-IT","@id":"https:\/\/secure.gravatar.com\/avatar\/f1cae17b9ecd38864463422521239d4a656d6b657478a63e445df7b8ebc2b81c?s=96&d=mm&r=g","url":"https:\/\/secure.gravatar.com\/avatar\/f1cae17b9ecd38864463422521239d4a656d6b657478a63e445df7b8ebc2b81c?s=96&d=mm&r=g","contentUrl":"https:\/\/secure.gravatar.com\/avatar\/f1cae17b9ecd38864463422521239d4a656d6b657478a63e445df7b8ebc2b81c?s=96&d=mm&r=g","caption":"Redazione SpazioCiclismo"},"url":"https:\/\/cyclingpro.net\/spaziociclismo\/author\/wptstmssc\/"}]}},"_links":{"self":[{"href":"https:\/\/cyclingpro.net\/spaziociclismo\/wp-json\/wp\/v2\/posts\/393603","targetHints":{"allow":["GET"]}}],"collection":[{"href":"https:\/\/cyclingpro.net\/spaziociclismo\/wp-json\/wp\/v2\/posts"}],"about":[{"href":"https:\/\/cyclingpro.net\/spaziociclismo\/wp-json\/wp\/v2\/types\/post"}],"author":[{"embeddable":true,"href":"https:\/\/cyclingpro.net\/spaziociclismo\/wp-json\/wp\/v2\/users\/2"}],"replies":[{"embeddable":true,"href":"https:\/\/cyclingpro.net\/spaziociclismo\/wp-json\/wp\/v2\/comments?post=393603"}],"version-history":[{"count":3,"href":"https:\/\/cyclingpro.net\/spaziociclismo\/wp-json\/wp\/v2\/posts\/393603\/revisions"}],"predecessor-version":[{"id":393610,"href":"https:\/\/cyclingpro.net\/spaziociclismo\/wp-json\/wp\/v2\/posts\/393603\/revisions\/393610"}],"wp:featuredmedia":[{"embeddable":true,"href":"https:\/\/cyclingpro.net\/spaziociclismo\/wp-json\/wp\/v2\/media\/393497"}],"wp:attachment":[{"href":"https:\/\/cyclingpro.net\/spaziociclismo\/wp-json\/wp\/v2\/media?parent=393603"}],"wp:term":[{"taxonomy":"category","embeddable":true,"href":"https:\/\/cyclingpro.net\/spaziociclismo\/wp-json\/wp\/v2\/categories?post=393603"},{"taxonomy":"post_tag","embeddable":true,"href":"https:\/\/cyclingpro.net\/spaziociclismo\/wp-json\/wp\/v2\/tags?post=393603"}],"curies":[{"name":"wp","href":"https:\/\/api.w.org\/{rel}","templated":true}]}}