{"id":393591,"date":"2026-09-04T10:45:33","date_gmt":"2026-09-04T08:45:33","guid":{"rendered":"https:\/\/cyclingpro.net\/spaziociclismo\/?p=393591"},"modified":"2026-09-04T10:46:24","modified_gmt":"2026-09-04T08:46:24","slug":"sicurezza-auto-sul-percorso-durante-la-crono-inaugurale-della-sauerlandrundfahrt-sfiorata-unaltra-tragedia-a-meno-di-un-mese-dalla-morte-di-finlay-tarling","status":"publish","type":"post","link":"https:\/\/cyclingpro.net\/spaziociclismo\/continental\/sicurezza-auto-sul-percorso-durante-la-crono-inaugurale-della-sauerlandrundfahrt-sfiorata-unaltra-tragedia-a-meno-di-un-mese-dalla-morte-di-finlay-tarling\/","title":{"rendered":"Sicurezza, auto sul percorso durante la crono inaugurale della Sauerlandrundfahrt: sfiorata un&#8217;altra tragedia a meno di un mese dalla morte di Finlay Tarling"},"content":{"rendered":"<p>Non \u00e8 passato neppure un mese dalla <a href=\"https:\/\/cyclingpro.net\/spaziociclismo\/continental\/giro-del-portogallo-2026-confermata-la-dinamica-della-morte-di-finlay-tarling\/\">tragica morte <strong>Finlay Tarling<\/strong> causata dalla presenza di un&#8217;auto sul percorso di gara<\/a> e ieri si \u00e8 rischiato un altro grave incidente tra un corridore e un veicolo esterno alla corsa. Nel finale della cronometro inaugurale della <strong>Sauerlandrundfahrt<\/strong>, nuova gara tedesca di categoria UCI 2.2, il portacolori della Lidl-Trek Future Racing <strong>Louis Leidert<\/strong> si \u00e8 infatti ritrovato a dover evitare ben due automobili, una delle quali \u00e8 spuntata proprio dietro a una curva procedendo in senso contrario rispetto alla direzione di marcia del corridore.<\/p>\n<p>Fortunatamente, la velocit\u00e0 era bassa e il 21enne \u00e8 riuscito a evitare per tempo l&#8217;impatto, cos\u00ec come, poco dopo, \u00e8 riuscito a passare alle spalle di un&#8217;altra auto che ha svoltato verso sinistra in una stradina, ma ancora una volta si ripropone con forza il problema della sicurezza in gara, soprattutto negli eventi minori. Ancor pi\u00f9 grave, poi, il fatto che ci\u00f2 sia avvenuto in una crono di soli 13,7 chilometri, su un percorso dunque pi\u00f9 facile da controllare rispetto a una tappa in linea, cosa che ovviamente fa aumentare i timori in vista delle prossime tre frazioni della corsa.<\/p>\n<blockquote class=\"twitter-tweet\" data-media-max-width=\"560\">\n<p dir=\"ltr\" lang=\"en\">During the final kilometer of the ITT at the SauerlandRundfahrt 2026, Louis Leidert (Lidl-Trek) encountered two cars on the course that had no business being there.<\/p>\n<p>With the first oncoming vehicle, things could have ended very badly. Fortunately, nothing happened. Phew! <a href=\"https:\/\/t.co\/sj2mmU06PN\">https:\/\/t.co\/sj2mmU06PN<\/a> <a href=\"https:\/\/t.co\/XwSaBQO324\">pic.twitter.com\/XwSaBQO324<\/a><\/p>\n<p>\u2014 Ren\u00e9 Bugner (@RNBWCV) <a href=\"https:\/\/x.com\/RNBWCV\/status\/2095603562235449676?ref_src=twsrc%5Etfw\">September 3, 2026<\/a><\/p><\/blockquote>\n<p><script async src=\"https:\/\/platform.x.com\/widgets.js\" charset=\"utf-8\"><\/script><\/p>\n","protected":false},"excerpt":{"rendered":"<p>Non \u00e8 passato neppure un mese dalla tragica morte Finlay Tarling causata dalla presenza di un&#8217;auto sul percorso di gara e ieri si \u00e8 rischiato un altro grave incidente tra un corridore e un veicolo esterno alla corsa<\/p>\n","protected":false},"author":27,"featured_media":393592,"comment_status":"open","ping_status":"closed","sticky":false,"template":"","format":"standard","meta":{"footnotes":"","_members_access_role":[],"_members_access_error":""},"categories":[6],"tags":[],"class_list":["post-393591","post","type-post","status-publish","format-standard","has-post-thumbnail","hentry","category-continental"],"yoast_head":"<!-- This site is optimized with the Yoast SEO plugin v28.4 - https:\/\/yoast.com\/product\/yoast-seo-wordpress\/ -->\n<title>Sicurezza, auto sul percorso durante la crono inaugurale della Sauerlandrundfahrt: sfiorata un&#039;altra tragedia a meno di un mese dalla morte di Finlay Tarling - SpazioCiclismo<\/title>\n<meta name=\"robots\" content=\"index, follow, max-snippet:-1, max-image-preview:large, max-video-preview:-1\" \/>\n<link rel=\"canonical\" href=\"https:\/\/cyclingpro.net\/spaziociclismo\/continental\/sicurezza-auto-sul-percorso-durante-la-crono-inaugurale-della-sauerlandrundfahrt-sfiorata-unaltra-tragedia-a-meno-di-un-mese-dalla-morte-di-finlay-tarling\/\" \/>\n<meta property=\"og:locale\" content=\"it_IT\" \/>\n<meta property=\"og:type\" content=\"article\" \/>\n<meta property=\"og:title\" content=\"Sicurezza, auto sul percorso durante la crono inaugurale della Sauerlandrundfahrt: sfiorata un&#039;altra tragedia a meno di un mese dalla morte di Finlay Tarling - SpazioCiclismo\" \/>\n<meta property=\"og:description\" content=\"Non \u00e8 passato neppure un mese dalla tragica morte Finlay Tarling causata dalla presenza di un&#039;auto sul percorso di gara e ieri si \u00e8 rischiato un altro grave incidente tra un corridore e un veicolo esterno alla corsa\" \/>\n<meta property=\"og:url\" content=\"https:\/\/cyclingpro.net\/spaziociclismo\/continental\/sicurezza-auto-sul-percorso-durante-la-crono-inaugurale-della-sauerlandrundfahrt-sfiorata-unaltra-tragedia-a-meno-di-un-mese-dalla-morte-di-finlay-tarling\/\" \/>\n<meta property=\"og:site_name\" content=\"SpazioCiclismo\" \/>\n<meta property=\"article:publisher\" content=\"https:\/\/www.facebook.com\/SpazioCiclismo\/\" \/>\n<meta property=\"article:published_time\" content=\"2026-09-04T08:45:33+00:00\" \/>\n<meta property=\"article:modified_time\" content=\"2026-09-04T08:46:24+00:00\" \/>\n<meta property=\"og:image\" content=\"https:\/\/cyclingpro.net\/spaziociclismo\/wp-content\/uploads\/2026\/09\/Sauerlandrundfahrt-2026-auto-sul-percorso.jpg\" \/>\n\t<meta property=\"og:image:width\" content=\"1200\" \/>\n\t<meta property=\"og:image:height\" content=\"754\" \/>\n\t<meta property=\"og:image:type\" content=\"image\/jpeg\" \/>\n<meta name=\"author\" content=\"Davide Filippi\" \/>\n<meta name=\"twitter:card\" content=\"summary_large_image\" \/>\n<meta name=\"twitter:creator\" content=\"@spaziociclismo\" \/>\n<meta name=\"twitter:site\" content=\"@spaziociclismo\" \/>\n<meta name=\"twitter:label1\" content=\"Scritto da\" \/>\n\t<meta name=\"twitter:data1\" content=\"Davide Filippi\" \/>\n\t<meta name=\"twitter:label2\" content=\"Tempo di lettura stimato\" \/>\n\t<meta name=\"twitter:data2\" content=\"2 minuti\" \/>\n<script type=\"application\/ld+json\" class=\"yoast-schema-graph\">{\"@context\":\"https:\\\/\\\/schema.org\",\"@graph\":[{\"@type\":\"Article\",\"@id\":\"https:\\\/\\\/cyclingpro.net\\\/spaziociclismo\\\/continental\\\/sicurezza-auto-sul-percorso-durante-la-crono-inaugurale-della-sauerlandrundfahrt-sfiorata-unaltra-tragedia-a-meno-di-un-mese-dalla-morte-di-finlay-tarling\\\/#article\",\"isPartOf\":{\"@id\":\"https:\\\/\\\/cyclingpro.net\\\/spaziociclismo\\\/continental\\\/sicurezza-auto-sul-percorso-durante-la-crono-inaugurale-della-sauerlandrundfahrt-sfiorata-unaltra-tragedia-a-meno-di-un-mese-dalla-morte-di-finlay-tarling\\\/\"},\"author\":{\"name\":\"Davide Filippi\",\"@id\":\"https:\\\/\\\/cyclingpro.net\\\/spaziociclismo\\\/#\\\/schema\\\/person\\\/5b11f525424bc937dcd939655cae5de3\"},\"headline\":\"Sicurezza, auto sul percorso durante la crono inaugurale della Sauerlandrundfahrt: sfiorata un&#8217;altra tragedia a meno di un mese dalla morte di Finlay Tarling\",\"datePublished\":\"2026-09-04T08:45:33+00:00\",\"dateModified\":\"2026-09-04T08:46:24+00:00\",\"mainEntityOfPage\":{\"@id\":\"https:\\\/\\\/cyclingpro.net\\\/spaziociclismo\\\/continental\\\/sicurezza-auto-sul-percorso-durante-la-crono-inaugurale-della-sauerlandrundfahrt-sfiorata-unaltra-tragedia-a-meno-di-un-mese-dalla-morte-di-finlay-tarling\\\/\"},\"wordCount\":264,\"commentCount\":0,\"publisher\":{\"@id\":\"https:\\\/\\\/cyclingpro.net\\\/spaziociclismo\\\/#organization\"},\"image\":{\"@id\":\"https:\\\/\\\/cyclingpro.net\\\/spaziociclismo\\\/continental\\\/sicurezza-auto-sul-percorso-durante-la-crono-inaugurale-della-sauerlandrundfahrt-sfiorata-unaltra-tragedia-a-meno-di-un-mese-dalla-morte-di-finlay-tarling\\\/#primaryimage\"},\"thumbnailUrl\":\"https:\\\/\\\/cyclingpro.net\\\/spaziociclismo\\\/wp-content\\\/uploads\\\/2026\\\/09\\\/Sauerlandrundfahrt-2026-auto-sul-percorso.jpg\",\"articleSection\":[\"Continental\"],\"inLanguage\":\"it-IT\",\"potentialAction\":[{\"@type\":\"CommentAction\",\"name\":\"Comment\",\"target\":[\"https:\\\/\\\/cyclingpro.net\\\/spaziociclismo\\\/continental\\\/sicurezza-auto-sul-percorso-durante-la-crono-inaugurale-della-sauerlandrundfahrt-sfiorata-unaltra-tragedia-a-meno-di-un-mese-dalla-morte-di-finlay-tarling\\\/#respond\"]}]},{\"@type\":\"WebPage\",\"@id\":\"https:\\\/\\\/cyclingpro.net\\\/spaziociclismo\\\/continental\\\/sicurezza-auto-sul-percorso-durante-la-crono-inaugurale-della-sauerlandrundfahrt-sfiorata-unaltra-tragedia-a-meno-di-un-mese-dalla-morte-di-finlay-tarling\\\/\",\"url\":\"https:\\\/\\\/cyclingpro.net\\\/spaziociclismo\\\/continental\\\/sicurezza-auto-sul-percorso-durante-la-crono-inaugurale-della-sauerlandrundfahrt-sfiorata-unaltra-tragedia-a-meno-di-un-mese-dalla-morte-di-finlay-tarling\\\/\",\"name\":\"Sicurezza, auto sul percorso durante la crono inaugurale della Sauerlandrundfahrt: sfiorata un'altra tragedia a meno di un mese dalla morte di Finlay Tarling - SpazioCiclismo\",\"isPartOf\":{\"@id\":\"https:\\\/\\\/cyclingpro.net\\\/spaziociclismo\\\/#website\"},\"primaryImageOfPage\":{\"@id\":\"https:\\\/\\\/cyclingpro.net\\\/spaziociclismo\\\/continental\\\/sicurezza-auto-sul-percorso-durante-la-crono-inaugurale-della-sauerlandrundfahrt-sfiorata-unaltra-tragedia-a-meno-di-un-mese-dalla-morte-di-finlay-tarling\\\/#primaryimage\"},\"image\":{\"@id\":\"https:\\\/\\\/cyclingpro.net\\\/spaziociclismo\\\/continental\\\/sicurezza-auto-sul-percorso-durante-la-crono-inaugurale-della-sauerlandrundfahrt-sfiorata-unaltra-tragedia-a-meno-di-un-mese-dalla-morte-di-finlay-tarling\\\/#primaryimage\"},\"thumbnailUrl\":\"https:\\\/\\\/cyclingpro.net\\\/spaziociclismo\\\/wp-content\\\/uploads\\\/2026\\\/09\\\/Sauerlandrundfahrt-2026-auto-sul-percorso.jpg\",\"datePublished\":\"2026-09-04T08:45:33+00:00\",\"dateModified\":\"2026-09-04T08:46:24+00:00\",\"breadcrumb\":{\"@id\":\"https:\\\/\\\/cyclingpro.net\\\/spaziociclismo\\\/continental\\\/sicurezza-auto-sul-percorso-durante-la-crono-inaugurale-della-sauerlandrundfahrt-sfiorata-unaltra-tragedia-a-meno-di-un-mese-dalla-morte-di-finlay-tarling\\\/#breadcrumb\"},\"inLanguage\":\"it-IT\",\"potentialAction\":[{\"@type\":\"ReadAction\",\"target\":[\"https:\\\/\\\/cyclingpro.net\\\/spaziociclismo\\\/continental\\\/sicurezza-auto-sul-percorso-durante-la-crono-inaugurale-della-sauerlandrundfahrt-sfiorata-unaltra-tragedia-a-meno-di-un-mese-dalla-morte-di-finlay-tarling\\\/\"]}]},{\"@type\":\"ImageObject\",\"inLanguage\":\"it-IT\",\"@id\":\"https:\\\/\\\/cyclingpro.net\\\/spaziociclismo\\\/continental\\\/sicurezza-auto-sul-percorso-durante-la-crono-inaugurale-della-sauerlandrundfahrt-sfiorata-unaltra-tragedia-a-meno-di-un-mese-dalla-morte-di-finlay-tarling\\\/#primaryimage\",\"url\":\"https:\\\/\\\/cyclingpro.net\\\/spaziociclismo\\\/wp-content\\\/uploads\\\/2026\\\/09\\\/Sauerlandrundfahrt-2026-auto-sul-percorso.jpg\",\"contentUrl\":\"https:\\\/\\\/cyclingpro.net\\\/spaziociclismo\\\/wp-content\\\/uploads\\\/2026\\\/09\\\/Sauerlandrundfahrt-2026-auto-sul-percorso.jpg\",\"width\":1200,\"height\":754},{\"@type\":\"BreadcrumbList\",\"@id\":\"https:\\\/\\\/cyclingpro.net\\\/spaziociclismo\\\/continental\\\/sicurezza-auto-sul-percorso-durante-la-crono-inaugurale-della-sauerlandrundfahrt-sfiorata-unaltra-tragedia-a-meno-di-un-mese-dalla-morte-di-finlay-tarling\\\/#breadcrumb\",\"itemListElement\":[{\"@type\":\"ListItem\",\"position\":1,\"name\":\"Home\",\"item\":\"https:\\\/\\\/cyclingpro.net\\\/spaziociclismo\\\/\"},{\"@type\":\"ListItem\",\"position\":2,\"name\":\"Sicurezza, auto sul percorso durante la crono inaugurale della Sauerlandrundfahrt: sfiorata un&#8217;altra tragedia a meno di un mese dalla morte di Finlay Tarling\"}]},{\"@type\":\"WebSite\",\"@id\":\"https:\\\/\\\/cyclingpro.net\\\/spaziociclismo\\\/#website\",\"url\":\"https:\\\/\\\/cyclingpro.net\\\/spaziociclismo\\\/\",\"name\":\"SpazioCiclismo\",\"description\":\"Tutto il ciclismo minuto per minuto\",\"publisher\":{\"@id\":\"https:\\\/\\\/cyclingpro.net\\\/spaziociclismo\\\/#organization\"},\"potentialAction\":[{\"@type\":\"SearchAction\",\"target\":{\"@type\":\"EntryPoint\",\"urlTemplate\":\"https:\\\/\\\/cyclingpro.net\\\/spaziociclismo\\\/?s={search_term_string}\"},\"query-input\":{\"@type\":\"PropertyValueSpecification\",\"valueRequired\":true,\"valueName\":\"search_term_string\"}}],\"inLanguage\":\"it-IT\"},{\"@type\":\"Organization\",\"@id\":\"https:\\\/\\\/cyclingpro.net\\\/spaziociclismo\\\/#organization\",\"name\":\"SpazioCiclismo\",\"url\":\"https:\\\/\\\/cyclingpro.net\\\/spaziociclismo\\\/\",\"logo\":{\"@type\":\"ImageObject\",\"inLanguage\":\"it-IT\",\"@id\":\"https:\\\/\\\/cyclingpro.net\\\/spaziociclismo\\\/#\\\/schema\\\/logo\\\/image\\\/\",\"url\":\"https:\\\/\\\/cyclingpro.net\\\/spaziociclismo\\\/wp-content\\\/uploads\\\/2017\\\/02\\\/SpazioCiclismo-Logo-Quadrato.png\",\"contentUrl\":\"https:\\\/\\\/cyclingpro.net\\\/spaziociclismo\\\/wp-content\\\/uploads\\\/2017\\\/02\\\/SpazioCiclismo-Logo-Quadrato.png\",\"width\":450,\"height\":450,\"caption\":\"SpazioCiclismo\"},\"image\":{\"@id\":\"https:\\\/\\\/cyclingpro.net\\\/spaziociclismo\\\/#\\\/schema\\\/logo\\\/image\\\/\"},\"sameAs\":[\"https:\\\/\\\/www.facebook.com\\\/SpazioCiclismo\\\/\",\"https:\\\/\\\/x.com\\\/spaziociclismo\",\"https:\\\/\\\/www.instagram.com\\\/spaziociclismo\\\/\"]},{\"@type\":\"Person\",\"@id\":\"https:\\\/\\\/cyclingpro.net\\\/spaziociclismo\\\/#\\\/schema\\\/person\\\/5b11f525424bc937dcd939655cae5de3\",\"name\":\"Davide Filippi\",\"image\":{\"@type\":\"ImageObject\",\"inLanguage\":\"it-IT\",\"@id\":\"https:\\\/\\\/secure.gravatar.com\\\/avatar\\\/acf38569376402ef43c46c36ea62f8a431f13c39fac703a2ed157f3bbfa5c1ab?s=96&d=mm&r=g\",\"url\":\"https:\\\/\\\/secure.gravatar.com\\\/avatar\\\/acf38569376402ef43c46c36ea62f8a431f13c39fac703a2ed157f3bbfa5c1ab?s=96&d=mm&r=g\",\"contentUrl\":\"https:\\\/\\\/secure.gravatar.com\\\/avatar\\\/acf38569376402ef43c46c36ea62f8a431f13c39fac703a2ed157f3bbfa5c1ab?s=96&d=mm&r=g\",\"caption\":\"Davide Filippi\"},\"url\":\"https:\\\/\\\/cyclingpro.net\\\/spaziociclismo\\\/author\\\/dfilippi\\\/\"}]}<\/script>\n<!-- \/ Yoast SEO plugin. -->","yoast_head_json":{"title":"Sicurezza, auto sul percorso durante la crono inaugurale della Sauerlandrundfahrt: sfiorata un'altra tragedia a meno di un mese dalla morte di Finlay Tarling - SpazioCiclismo","robots":{"index":"index","follow":"follow","max-snippet":"max-snippet:-1","max-image-preview":"max-image-preview:large","max-video-preview":"max-video-preview:-1"},"canonical":"https:\/\/cyclingpro.net\/spaziociclismo\/continental\/sicurezza-auto-sul-percorso-durante-la-crono-inaugurale-della-sauerlandrundfahrt-sfiorata-unaltra-tragedia-a-meno-di-un-mese-dalla-morte-di-finlay-tarling\/","og_locale":"it_IT","og_type":"article","og_title":"Sicurezza, auto sul percorso durante la crono inaugurale della Sauerlandrundfahrt: sfiorata un'altra tragedia a meno di un mese dalla morte di Finlay Tarling - SpazioCiclismo","og_description":"Non \u00e8 passato neppure un mese dalla tragica morte Finlay Tarling causata dalla presenza di un'auto sul percorso di gara e ieri si \u00e8 rischiato un altro grave incidente tra un corridore e un veicolo esterno alla corsa","og_url":"https:\/\/cyclingpro.net\/spaziociclismo\/continental\/sicurezza-auto-sul-percorso-durante-la-crono-inaugurale-della-sauerlandrundfahrt-sfiorata-unaltra-tragedia-a-meno-di-un-mese-dalla-morte-di-finlay-tarling\/","og_site_name":"SpazioCiclismo","article_publisher":"https:\/\/www.facebook.com\/SpazioCiclismo\/","article_published_time":"2026-09-04T08:45:33+00:00","article_modified_time":"2026-09-04T08:46:24+00:00","og_image":[{"width":1200,"height":754,"url":"https:\/\/cyclingpro.net\/spaziociclismo\/wp-content\/uploads\/2026\/09\/Sauerlandrundfahrt-2026-auto-sul-percorso.jpg","type":"image\/jpeg"}],"author":"Davide Filippi","twitter_card":"summary_large_image","twitter_creator":"@spaziociclismo","twitter_site":"@spaziociclismo","twitter_misc":{"Scritto da":"Davide Filippi","Tempo di lettura stimato":"2 minuti"},"schema":{"@context":"https:\/\/schema.org","@graph":[{"@type":"Article","@id":"https:\/\/cyclingpro.net\/spaziociclismo\/continental\/sicurezza-auto-sul-percorso-durante-la-crono-inaugurale-della-sauerlandrundfahrt-sfiorata-unaltra-tragedia-a-meno-di-un-mese-dalla-morte-di-finlay-tarling\/#article","isPartOf":{"@id":"https:\/\/cyclingpro.net\/spaziociclismo\/continental\/sicurezza-auto-sul-percorso-durante-la-crono-inaugurale-della-sauerlandrundfahrt-sfiorata-unaltra-tragedia-a-meno-di-un-mese-dalla-morte-di-finlay-tarling\/"},"author":{"name":"Davide Filippi","@id":"https:\/\/cyclingpro.net\/spaziociclismo\/#\/schema\/person\/5b11f525424bc937dcd939655cae5de3"},"headline":"Sicurezza, auto sul percorso durante la crono inaugurale della Sauerlandrundfahrt: sfiorata un&#8217;altra tragedia a meno di un mese dalla morte di Finlay Tarling","datePublished":"2026-09-04T08:45:33+00:00","dateModified":"2026-09-04T08:46:24+00:00","mainEntityOfPage":{"@id":"https:\/\/cyclingpro.net\/spaziociclismo\/continental\/sicurezza-auto-sul-percorso-durante-la-crono-inaugurale-della-sauerlandrundfahrt-sfiorata-unaltra-tragedia-a-meno-di-un-mese-dalla-morte-di-finlay-tarling\/"},"wordCount":264,"commentCount":0,"publisher":{"@id":"https:\/\/cyclingpro.net\/spaziociclismo\/#organization"},"image":{"@id":"https:\/\/cyclingpro.net\/spaziociclismo\/continental\/sicurezza-auto-sul-percorso-durante-la-crono-inaugurale-della-sauerlandrundfahrt-sfiorata-unaltra-tragedia-a-meno-di-un-mese-dalla-morte-di-finlay-tarling\/#primaryimage"},"thumbnailUrl":"https:\/\/cyclingpro.net\/spaziociclismo\/wp-content\/uploads\/2026\/09\/Sauerlandrundfahrt-2026-auto-sul-percorso.jpg","articleSection":["Continental"],"inLanguage":"it-IT","potentialAction":[{"@type":"CommentAction","name":"Comment","target":["https:\/\/cyclingpro.net\/spaziociclismo\/continental\/sicurezza-auto-sul-percorso-durante-la-crono-inaugurale-della-sauerlandrundfahrt-sfiorata-unaltra-tragedia-a-meno-di-un-mese-dalla-morte-di-finlay-tarling\/#respond"]}]},{"@type":"WebPage","@id":"https:\/\/cyclingpro.net\/spaziociclismo\/continental\/sicurezza-auto-sul-percorso-durante-la-crono-inaugurale-della-sauerlandrundfahrt-sfiorata-unaltra-tragedia-a-meno-di-un-mese-dalla-morte-di-finlay-tarling\/","url":"https:\/\/cyclingpro.net\/spaziociclismo\/continental\/sicurezza-auto-sul-percorso-durante-la-crono-inaugurale-della-sauerlandrundfahrt-sfiorata-unaltra-tragedia-a-meno-di-un-mese-dalla-morte-di-finlay-tarling\/","name":"Sicurezza, auto sul percorso durante la crono inaugurale della Sauerlandrundfahrt: sfiorata un'altra tragedia a meno di un mese dalla morte di Finlay Tarling - SpazioCiclismo","isPartOf":{"@id":"https:\/\/cyclingpro.net\/spaziociclismo\/#website"},"primaryImageOfPage":{"@id":"https:\/\/cyclingpro.net\/spaziociclismo\/continental\/sicurezza-auto-sul-percorso-durante-la-crono-inaugurale-della-sauerlandrundfahrt-sfiorata-unaltra-tragedia-a-meno-di-un-mese-dalla-morte-di-finlay-tarling\/#primaryimage"},"image":{"@id":"https:\/\/cyclingpro.net\/spaziociclismo\/continental\/sicurezza-auto-sul-percorso-durante-la-crono-inaugurale-della-sauerlandrundfahrt-sfiorata-unaltra-tragedia-a-meno-di-un-mese-dalla-morte-di-finlay-tarling\/#primaryimage"},"thumbnailUrl":"https:\/\/cyclingpro.net\/spaziociclismo\/wp-content\/uploads\/2026\/09\/Sauerlandrundfahrt-2026-auto-sul-percorso.jpg","datePublished":"2026-09-04T08:45:33+00:00","dateModified":"2026-09-04T08:46:24+00:00","breadcrumb":{"@id":"https:\/\/cyclingpro.net\/spaziociclismo\/continental\/sicurezza-auto-sul-percorso-durante-la-crono-inaugurale-della-sauerlandrundfahrt-sfiorata-unaltra-tragedia-a-meno-di-un-mese-dalla-morte-di-finlay-tarling\/#breadcrumb"},"inLanguage":"it-IT","potentialAction":[{"@type":"ReadAction","target":["https:\/\/cyclingpro.net\/spaziociclismo\/continental\/sicurezza-auto-sul-percorso-durante-la-crono-inaugurale-della-sauerlandrundfahrt-sfiorata-unaltra-tragedia-a-meno-di-un-mese-dalla-morte-di-finlay-tarling\/"]}]},{"@type":"ImageObject","inLanguage":"it-IT","@id":"https:\/\/cyclingpro.net\/spaziociclismo\/continental\/sicurezza-auto-sul-percorso-durante-la-crono-inaugurale-della-sauerlandrundfahrt-sfiorata-unaltra-tragedia-a-meno-di-un-mese-dalla-morte-di-finlay-tarling\/#primaryimage","url":"https:\/\/cyclingpro.net\/spaziociclismo\/wp-content\/uploads\/2026\/09\/Sauerlandrundfahrt-2026-auto-sul-percorso.jpg","contentUrl":"https:\/\/cyclingpro.net\/spaziociclismo\/wp-content\/uploads\/2026\/09\/Sauerlandrundfahrt-2026-auto-sul-percorso.jpg","width":1200,"height":754},{"@type":"BreadcrumbList","@id":"https:\/\/cyclingpro.net\/spaziociclismo\/continental\/sicurezza-auto-sul-percorso-durante-la-crono-inaugurale-della-sauerlandrundfahrt-sfiorata-unaltra-tragedia-a-meno-di-un-mese-dalla-morte-di-finlay-tarling\/#breadcrumb","itemListElement":[{"@type":"ListItem","position":1,"name":"Home","item":"https:\/\/cyclingpro.net\/spaziociclismo\/"},{"@type":"ListItem","position":2,"name":"Sicurezza, auto sul percorso durante la crono inaugurale della Sauerlandrundfahrt: sfiorata un&#8217;altra tragedia a meno di un mese dalla morte di Finlay Tarling"}]},{"@type":"WebSite","@id":"https:\/\/cyclingpro.net\/spaziociclismo\/#website","url":"https:\/\/cyclingpro.net\/spaziociclismo\/","name":"SpazioCiclismo","description":"Tutto il ciclismo minuto per minuto","publisher":{"@id":"https:\/\/cyclingpro.net\/spaziociclismo\/#organization"},"potentialAction":[{"@type":"SearchAction","target":{"@type":"EntryPoint","urlTemplate":"https:\/\/cyclingpro.net\/spaziociclismo\/?s={search_term_string}"},"query-input":{"@type":"PropertyValueSpecification","valueRequired":true,"valueName":"search_term_string"}}],"inLanguage":"it-IT"},{"@type":"Organization","@id":"https:\/\/cyclingpro.net\/spaziociclismo\/#organization","name":"SpazioCiclismo","url":"https:\/\/cyclingpro.net\/spaziociclismo\/","logo":{"@type":"ImageObject","inLanguage":"it-IT","@id":"https:\/\/cyclingpro.net\/spaziociclismo\/#\/schema\/logo\/image\/","url":"https:\/\/cyclingpro.net\/spaziociclismo\/wp-content\/uploads\/2017\/02\/SpazioCiclismo-Logo-Quadrato.png","contentUrl":"https:\/\/cyclingpro.net\/spaziociclismo\/wp-content\/uploads\/2017\/02\/SpazioCiclismo-Logo-Quadrato.png","width":450,"height":450,"caption":"SpazioCiclismo"},"image":{"@id":"https:\/\/cyclingpro.net\/spaziociclismo\/#\/schema\/logo\/image\/"},"sameAs":["https:\/\/www.facebook.com\/SpazioCiclismo\/","https:\/\/x.com\/spaziociclismo","https:\/\/www.instagram.com\/spaziociclismo\/"]},{"@type":"Person","@id":"https:\/\/cyclingpro.net\/spaziociclismo\/#\/schema\/person\/5b11f525424bc937dcd939655cae5de3","name":"Davide Filippi","image":{"@type":"ImageObject","inLanguage":"it-IT","@id":"https:\/\/secure.gravatar.com\/avatar\/acf38569376402ef43c46c36ea62f8a431f13c39fac703a2ed157f3bbfa5c1ab?s=96&d=mm&r=g","url":"https:\/\/secure.gravatar.com\/avatar\/acf38569376402ef43c46c36ea62f8a431f13c39fac703a2ed157f3bbfa5c1ab?s=96&d=mm&r=g","contentUrl":"https:\/\/secure.gravatar.com\/avatar\/acf38569376402ef43c46c36ea62f8a431f13c39fac703a2ed157f3bbfa5c1ab?s=96&d=mm&r=g","caption":"Davide Filippi"},"url":"https:\/\/cyclingpro.net\/spaziociclismo\/author\/dfilippi\/"}]}},"_links":{"self":[{"href":"https:\/\/cyclingpro.net\/spaziociclismo\/wp-json\/wp\/v2\/posts\/393591","targetHints":{"allow":["GET"]}}],"collection":[{"href":"https:\/\/cyclingpro.net\/spaziociclismo\/wp-json\/wp\/v2\/posts"}],"about":[{"href":"https:\/\/cyclingpro.net\/spaziociclismo\/wp-json\/wp\/v2\/types\/post"}],"author":[{"embeddable":true,"href":"https:\/\/cyclingpro.net\/spaziociclismo\/wp-json\/wp\/v2\/users\/27"}],"replies":[{"embeddable":true,"href":"https:\/\/cyclingpro.net\/spaziociclismo\/wp-json\/wp\/v2\/comments?post=393591"}],"version-history":[{"count":1,"href":"https:\/\/cyclingpro.net\/spaziociclismo\/wp-json\/wp\/v2\/posts\/393591\/revisions"}],"predecessor-version":[{"id":393607,"href":"https:\/\/cyclingpro.net\/spaziociclismo\/wp-json\/wp\/v2\/posts\/393591\/revisions\/393607"}],"wp:featuredmedia":[{"embeddable":true,"href":"https:\/\/cyclingpro.net\/spaziociclismo\/wp-json\/wp\/v2\/media\/393592"}],"wp:attachment":[{"href":"https:\/\/cyclingpro.net\/spaziociclismo\/wp-json\/wp\/v2\/media?parent=393591"}],"wp:term":[{"taxonomy":"category","embeddable":true,"href":"https:\/\/cyclingpro.net\/spaziociclismo\/wp-json\/wp\/v2\/categories?post=393591"},{"taxonomy":"post_tag","embeddable":true,"href":"https:\/\/cyclingpro.net\/spaziociclismo\/wp-json\/wp\/v2\/tags?post=393591"}],"curies":[{"name":"wp","href":"https:\/\/api.w.org\/{rel}","templated":true}]}}