{"id":393586,"date":"2026-09-04T09:45:54","date_gmt":"2026-09-04T07:45:54","guid":{"rendered":"https:\/\/cyclingpro.net\/spaziociclismo\/?p=393586"},"modified":"2026-09-04T09:50:50","modified_gmt":"2026-09-04T07:50:50","slug":"lotto-intermarche-jasper-de-buyst-annuncia-il-ritiro-a-fine-stagione-dal-2027-entrera-nello-staff-del-team-come-performance-manager","status":"publish","type":"post","link":"https:\/\/cyclingpro.net\/spaziociclismo\/ciclomercato\/lotto-intermarche-jasper-de-buyst-annuncia-il-ritiro-a-fine-stagione-dal-2027-entrera-nello-staff-del-team-come-performance-manager\/","title":{"rendered":"Lotto Intermarch\u00e9, Jasper De Buyst annuncia il ritiro a fine stagione: dal 2027 entrer\u00e0 nello staff del team come performance manager"},"content":{"rendered":"<p><strong>Jasper De Buyst<\/strong> appender\u00e0 la bici al chiodo al termine di questa annata. Prossimo a compiere 33 anni, il portacolori della <strong>Lotto Intermarch\u00e9<\/strong> ha annunciato la volont\u00e0 di ritirarsi e di mettere cos\u00ec fine a una carriera che lo ha visto trascorrere 14 stagioni tra i professionisti e che era iniziata nel 2013 alla Topsport Vlaanderen-Baloise. Nel 2015, poi, il passaggio alla sua attuale squadra, con la quale ha ottenuto tutte le sue sei vittorie e nella quale continuer\u00e0 a militare anche nei prossimi anni; gi\u00e0 dal 2027, infatti, il belga entrer\u00e0 a far parte dello staff del team assumendo il ruolo di performance manager.<\/p>\n<p>&#8220;<strong>Sar\u00f2 responsabile di tutto ci\u00f2 che rientra nell\u2019ambito delle prestazioni<\/strong> &#8211; le parole di De Buyst parlando del suo nuovo ruolo &#8211; Ci\u00f2 include la scelta dell\u2019attrezzatura, ma anche il coordinamento, l\u2019allineamento e la definizione della direzione da seguire insieme ad allenatori, medici, fisioterapisti, nutrizionisti\u2026 Si tratta quindi di un ruolo incredibilmente ampio, che non vedo l\u2019ora di assumere. <strong>Vedo dove c\u2019\u00e8 margine di miglioramento all\u2019interno della squadra, capisco di cosa hanno bisogno i corridori e voglio contribuire a realizzare quei miglioramenti<\/strong>&#8220;.<\/p>\n<p>La decisione di ritirarsi \u00e8 maturata negli ultimi mesi, a seguito anche di <a href=\"https:\/\/cyclingpro.net\/spaziociclismo\/worldtour\/lotto-intermarche-jasper-de-buyst-torna-ad-allenarsi-in-bici-dopo-un-intervento-di-ablazione-cardiaca\/\">un&#8217;operazione di ablazione cardiaca<\/a> che ha costretto il belga a un periodo di stop: &#8220;<strong>Fisicamente mi sento ancora benissimo. Il mio cuore batte esattamente come dovrebbe e non ho paura di gareggiare. Ma quando a marzo mi sono sottoposto a un\u2019ablazione cardiaca, ho avuto naturalmente molto tempo per riflettere<\/strong>. Gi\u00e0 da alcuni anni avevo deciso che volevo rimanere coinvolto nel mondo del ciclismo in qualche modo. Ne stavo parlando con la squadra sin dall\u2019inizio di questa stagione. Avrei continuato come corridore o no? <strong>Durante quei mesi emotivamente intensi e incerti della mia convalescenza, ho deciso che ne avevo avuto abbastanza<\/strong>. Quando a un certo punto si \u00e8 liberato il posto di performance manager, ho deciso di cogliere l\u2019occasione. \u00c8 un ruolo che mi si addice perch\u00e9 posso ancora affrontarlo in gran parte dal punto di vista di un corridore&#8221;.<\/p>\n<p>L&#8217;ultima gara del 32enne sar\u00e0 la <strong>Sei Giorni di Gand<\/strong> del prossimo novembre, gara su pista da lui vinta in due occasioni: &#8220;<strong>\u00c8 difficile scegliere il momento migliore tra tutti questi anni<\/strong>. Ho corso il Tour, il Giro, la Vuelta e le classiche con la squadra. Abbiamo conquistato podi e ottenuto alcune vittorie incredibili. Insieme alla squadra, ho anche vissuto momenti estremamente dolorosi e tristi. E lungo il percorso ho stretto tantissime amicizie. <strong>Ora, pi\u00f9 di ogni altra cosa, sono molto curioso di vedere come si svolger\u00e0 la seconda parte della mia vita<\/strong>. Non vedo l\u2019ora di non essere pi\u00f9 sottoposto a quella pressione costante dello sport d\u2019\u00e9lite e di non dover pensare a ogni singola cosa della mia vita quotidiana. <strong>Ma soprattutto, non vedo l\u2019ora di aiutare i nostri corridori a migliorare e di ottenere il massimo da ognuno di loro<\/strong>&#8220;, ha concluso De Buyst.<\/p>\n","protected":false},"excerpt":{"rendered":"<p>Jasper De Buyst appender\u00e0 la bici al chiodo al termine di questa annata #CicloMercato<\/p>\n","protected":false},"author":27,"featured_media":371782,"comment_status":"open","ping_status":"closed","sticky":false,"template":"","format":"standard","meta":{"footnotes":"","_members_access_role":[],"_members_access_error":""},"categories":[5,25],"tags":[6769,1085,6742],"class_list":["post-393586","post","type-post","status-publish","format-standard","has-post-thumbnail","hentry","category-ciclomercato","category-worldtour","tag-ciclomercato-2027","tag-jasper-de-buyst","tag-lotto-intermarche-2026"],"yoast_head":"<!-- This site is optimized with the Yoast SEO plugin v28.4 - https:\/\/yoast.com\/product\/yoast-seo-wordpress\/ -->\n<title>Lotto Intermarch\u00e9, Jasper De Buyst annuncia il ritiro a fine stagione: dal 2027 entrer\u00e0 nello staff del team come performance manager - SpazioCiclismo<\/title>\n<meta name=\"robots\" content=\"index, follow, max-snippet:-1, max-image-preview:large, max-video-preview:-1\" \/>\n<link rel=\"canonical\" href=\"https:\/\/cyclingpro.net\/spaziociclismo\/ciclomercato\/lotto-intermarche-jasper-de-buyst-annuncia-il-ritiro-a-fine-stagione-dal-2027-entrera-nello-staff-del-team-come-performance-manager\/\" \/>\n<meta property=\"og:locale\" content=\"it_IT\" \/>\n<meta property=\"og:type\" content=\"article\" \/>\n<meta property=\"og:title\" content=\"Lotto Intermarch\u00e9, Jasper De Buyst annuncia il ritiro a fine stagione: dal 2027 entrer\u00e0 nello staff del team come performance manager - SpazioCiclismo\" \/>\n<meta property=\"og:description\" content=\"Jasper De Buyst appender\u00e0 la bici al chiodo al termine di questa annata #CicloMercato\" \/>\n<meta property=\"og:url\" content=\"https:\/\/cyclingpro.net\/spaziociclismo\/ciclomercato\/lotto-intermarche-jasper-de-buyst-annuncia-il-ritiro-a-fine-stagione-dal-2027-entrera-nello-staff-del-team-come-performance-manager\/\" \/>\n<meta property=\"og:site_name\" content=\"SpazioCiclismo\" \/>\n<meta property=\"article:publisher\" content=\"https:\/\/www.facebook.com\/SpazioCiclismo\/\" \/>\n<meta property=\"article:published_time\" content=\"2026-09-04T07:45:54+00:00\" \/>\n<meta property=\"article:modified_time\" content=\"2026-09-04T07:50:50+00:00\" \/>\n<meta property=\"og:image\" content=\"https:\/\/cyclingpro.net\/spaziociclismo\/wp-content\/uploads\/2026\/03\/Jasper-De-Buyst-scaled.jpg\" \/>\n\t<meta property=\"og:image:width\" content=\"2560\" \/>\n\t<meta property=\"og:image:height\" content=\"1707\" \/>\n\t<meta property=\"og:image:type\" content=\"image\/jpeg\" \/>\n<meta name=\"author\" content=\"Davide Filippi\" \/>\n<meta name=\"twitter:card\" content=\"summary_large_image\" \/>\n<meta name=\"twitter:creator\" content=\"@spaziociclismo\" \/>\n<meta name=\"twitter:site\" content=\"@spaziociclismo\" \/>\n<meta name=\"twitter:label1\" content=\"Scritto da\" \/>\n\t<meta name=\"twitter:data1\" content=\"Davide Filippi\" \/>\n\t<meta name=\"twitter:label2\" content=\"Tempo di lettura stimato\" \/>\n\t<meta name=\"twitter:data2\" content=\"3 minuti\" \/>\n<script type=\"application\/ld+json\" class=\"yoast-schema-graph\">{\"@context\":\"https:\\\/\\\/schema.org\",\"@graph\":[{\"@type\":\"Article\",\"@id\":\"https:\\\/\\\/cyclingpro.net\\\/spaziociclismo\\\/ciclomercato\\\/lotto-intermarche-jasper-de-buyst-annuncia-il-ritiro-a-fine-stagione-dal-2027-entrera-nello-staff-del-team-come-performance-manager\\\/#article\",\"isPartOf\":{\"@id\":\"https:\\\/\\\/cyclingpro.net\\\/spaziociclismo\\\/ciclomercato\\\/lotto-intermarche-jasper-de-buyst-annuncia-il-ritiro-a-fine-stagione-dal-2027-entrera-nello-staff-del-team-come-performance-manager\\\/\"},\"author\":{\"name\":\"Davide Filippi\",\"@id\":\"https:\\\/\\\/cyclingpro.net\\\/spaziociclismo\\\/#\\\/schema\\\/person\\\/5b11f525424bc937dcd939655cae5de3\"},\"headline\":\"Lotto Intermarch\u00e9, Jasper De Buyst annuncia il ritiro a fine stagione: dal 2027 entrer\u00e0 nello staff del team come performance manager\",\"datePublished\":\"2026-09-04T07:45:54+00:00\",\"dateModified\":\"2026-09-04T07:50:50+00:00\",\"mainEntityOfPage\":{\"@id\":\"https:\\\/\\\/cyclingpro.net\\\/spaziociclismo\\\/ciclomercato\\\/lotto-intermarche-jasper-de-buyst-annuncia-il-ritiro-a-fine-stagione-dal-2027-entrera-nello-staff-del-team-come-performance-manager\\\/\"},\"wordCount\":509,\"commentCount\":0,\"publisher\":{\"@id\":\"https:\\\/\\\/cyclingpro.net\\\/spaziociclismo\\\/#organization\"},\"image\":{\"@id\":\"https:\\\/\\\/cyclingpro.net\\\/spaziociclismo\\\/ciclomercato\\\/lotto-intermarche-jasper-de-buyst-annuncia-il-ritiro-a-fine-stagione-dal-2027-entrera-nello-staff-del-team-come-performance-manager\\\/#primaryimage\"},\"thumbnailUrl\":\"https:\\\/\\\/cyclingpro.net\\\/spaziociclismo\\\/wp-content\\\/uploads\\\/2026\\\/03\\\/Jasper-De-Buyst-scaled.jpg\",\"keywords\":[\"CicloMercato 2027\",\"Jasper De Buyst\",\"Lotto - Intermarch\u00e9 2026\"],\"articleSection\":[\"CicloMercato\",\"WorldTour\"],\"inLanguage\":\"it-IT\",\"potentialAction\":[{\"@type\":\"CommentAction\",\"name\":\"Comment\",\"target\":[\"https:\\\/\\\/cyclingpro.net\\\/spaziociclismo\\\/ciclomercato\\\/lotto-intermarche-jasper-de-buyst-annuncia-il-ritiro-a-fine-stagione-dal-2027-entrera-nello-staff-del-team-come-performance-manager\\\/#respond\"]}]},{\"@type\":\"WebPage\",\"@id\":\"https:\\\/\\\/cyclingpro.net\\\/spaziociclismo\\\/ciclomercato\\\/lotto-intermarche-jasper-de-buyst-annuncia-il-ritiro-a-fine-stagione-dal-2027-entrera-nello-staff-del-team-come-performance-manager\\\/\",\"url\":\"https:\\\/\\\/cyclingpro.net\\\/spaziociclismo\\\/ciclomercato\\\/lotto-intermarche-jasper-de-buyst-annuncia-il-ritiro-a-fine-stagione-dal-2027-entrera-nello-staff-del-team-come-performance-manager\\\/\",\"name\":\"Lotto Intermarch\u00e9, Jasper De Buyst annuncia il ritiro a fine stagione: dal 2027 entrer\u00e0 nello staff del team come performance manager - SpazioCiclismo\",\"isPartOf\":{\"@id\":\"https:\\\/\\\/cyclingpro.net\\\/spaziociclismo\\\/#website\"},\"primaryImageOfPage\":{\"@id\":\"https:\\\/\\\/cyclingpro.net\\\/spaziociclismo\\\/ciclomercato\\\/lotto-intermarche-jasper-de-buyst-annuncia-il-ritiro-a-fine-stagione-dal-2027-entrera-nello-staff-del-team-come-performance-manager\\\/#primaryimage\"},\"image\":{\"@id\":\"https:\\\/\\\/cyclingpro.net\\\/spaziociclismo\\\/ciclomercato\\\/lotto-intermarche-jasper-de-buyst-annuncia-il-ritiro-a-fine-stagione-dal-2027-entrera-nello-staff-del-team-come-performance-manager\\\/#primaryimage\"},\"thumbnailUrl\":\"https:\\\/\\\/cyclingpro.net\\\/spaziociclismo\\\/wp-content\\\/uploads\\\/2026\\\/03\\\/Jasper-De-Buyst-scaled.jpg\",\"datePublished\":\"2026-09-04T07:45:54+00:00\",\"dateModified\":\"2026-09-04T07:50:50+00:00\",\"breadcrumb\":{\"@id\":\"https:\\\/\\\/cyclingpro.net\\\/spaziociclismo\\\/ciclomercato\\\/lotto-intermarche-jasper-de-buyst-annuncia-il-ritiro-a-fine-stagione-dal-2027-entrera-nello-staff-del-team-come-performance-manager\\\/#breadcrumb\"},\"inLanguage\":\"it-IT\",\"potentialAction\":[{\"@type\":\"ReadAction\",\"target\":[\"https:\\\/\\\/cyclingpro.net\\\/spaziociclismo\\\/ciclomercato\\\/lotto-intermarche-jasper-de-buyst-annuncia-il-ritiro-a-fine-stagione-dal-2027-entrera-nello-staff-del-team-come-performance-manager\\\/\"]}]},{\"@type\":\"ImageObject\",\"inLanguage\":\"it-IT\",\"@id\":\"https:\\\/\\\/cyclingpro.net\\\/spaziociclismo\\\/ciclomercato\\\/lotto-intermarche-jasper-de-buyst-annuncia-il-ritiro-a-fine-stagione-dal-2027-entrera-nello-staff-del-team-come-performance-manager\\\/#primaryimage\",\"url\":\"https:\\\/\\\/cyclingpro.net\\\/spaziociclismo\\\/wp-content\\\/uploads\\\/2026\\\/03\\\/Jasper-De-Buyst-scaled.jpg\",\"contentUrl\":\"https:\\\/\\\/cyclingpro.net\\\/spaziociclismo\\\/wp-content\\\/uploads\\\/2026\\\/03\\\/Jasper-De-Buyst-scaled.jpg\",\"width\":2560,\"height\":1707,\"caption\":\"\u00a9 Sirotti\"},{\"@type\":\"BreadcrumbList\",\"@id\":\"https:\\\/\\\/cyclingpro.net\\\/spaziociclismo\\\/ciclomercato\\\/lotto-intermarche-jasper-de-buyst-annuncia-il-ritiro-a-fine-stagione-dal-2027-entrera-nello-staff-del-team-come-performance-manager\\\/#breadcrumb\",\"itemListElement\":[{\"@type\":\"ListItem\",\"position\":1,\"name\":\"Home\",\"item\":\"https:\\\/\\\/cyclingpro.net\\\/spaziociclismo\\\/\"},{\"@type\":\"ListItem\",\"position\":2,\"name\":\"Lotto Intermarch\u00e9, Jasper De Buyst annuncia il ritiro a fine stagione: dal 2027 entrer\u00e0 nello staff del team come performance manager\"}]},{\"@type\":\"WebSite\",\"@id\":\"https:\\\/\\\/cyclingpro.net\\\/spaziociclismo\\\/#website\",\"url\":\"https:\\\/\\\/cyclingpro.net\\\/spaziociclismo\\\/\",\"name\":\"SpazioCiclismo\",\"description\":\"Tutto il ciclismo minuto per minuto\",\"publisher\":{\"@id\":\"https:\\\/\\\/cyclingpro.net\\\/spaziociclismo\\\/#organization\"},\"potentialAction\":[{\"@type\":\"SearchAction\",\"target\":{\"@type\":\"EntryPoint\",\"urlTemplate\":\"https:\\\/\\\/cyclingpro.net\\\/spaziociclismo\\\/?s={search_term_string}\"},\"query-input\":{\"@type\":\"PropertyValueSpecification\",\"valueRequired\":true,\"valueName\":\"search_term_string\"}}],\"inLanguage\":\"it-IT\"},{\"@type\":\"Organization\",\"@id\":\"https:\\\/\\\/cyclingpro.net\\\/spaziociclismo\\\/#organization\",\"name\":\"SpazioCiclismo\",\"url\":\"https:\\\/\\\/cyclingpro.net\\\/spaziociclismo\\\/\",\"logo\":{\"@type\":\"ImageObject\",\"inLanguage\":\"it-IT\",\"@id\":\"https:\\\/\\\/cyclingpro.net\\\/spaziociclismo\\\/#\\\/schema\\\/logo\\\/image\\\/\",\"url\":\"https:\\\/\\\/cyclingpro.net\\\/spaziociclismo\\\/wp-content\\\/uploads\\\/2017\\\/02\\\/SpazioCiclismo-Logo-Quadrato.png\",\"contentUrl\":\"https:\\\/\\\/cyclingpro.net\\\/spaziociclismo\\\/wp-content\\\/uploads\\\/2017\\\/02\\\/SpazioCiclismo-Logo-Quadrato.png\",\"width\":450,\"height\":450,\"caption\":\"SpazioCiclismo\"},\"image\":{\"@id\":\"https:\\\/\\\/cyclingpro.net\\\/spaziociclismo\\\/#\\\/schema\\\/logo\\\/image\\\/\"},\"sameAs\":[\"https:\\\/\\\/www.facebook.com\\\/SpazioCiclismo\\\/\",\"https:\\\/\\\/x.com\\\/spaziociclismo\",\"https:\\\/\\\/www.instagram.com\\\/spaziociclismo\\\/\"]},{\"@type\":\"Person\",\"@id\":\"https:\\\/\\\/cyclingpro.net\\\/spaziociclismo\\\/#\\\/schema\\\/person\\\/5b11f525424bc937dcd939655cae5de3\",\"name\":\"Davide Filippi\",\"image\":{\"@type\":\"ImageObject\",\"inLanguage\":\"it-IT\",\"@id\":\"https:\\\/\\\/secure.gravatar.com\\\/avatar\\\/acf38569376402ef43c46c36ea62f8a431f13c39fac703a2ed157f3bbfa5c1ab?s=96&d=mm&r=g\",\"url\":\"https:\\\/\\\/secure.gravatar.com\\\/avatar\\\/acf38569376402ef43c46c36ea62f8a431f13c39fac703a2ed157f3bbfa5c1ab?s=96&d=mm&r=g\",\"contentUrl\":\"https:\\\/\\\/secure.gravatar.com\\\/avatar\\\/acf38569376402ef43c46c36ea62f8a431f13c39fac703a2ed157f3bbfa5c1ab?s=96&d=mm&r=g\",\"caption\":\"Davide Filippi\"},\"url\":\"https:\\\/\\\/cyclingpro.net\\\/spaziociclismo\\\/author\\\/dfilippi\\\/\"}]}<\/script>\n<!-- \/ Yoast SEO plugin. -->","yoast_head_json":{"title":"Lotto Intermarch\u00e9, Jasper De Buyst annuncia il ritiro a fine stagione: dal 2027 entrer\u00e0 nello staff del team come performance manager - SpazioCiclismo","robots":{"index":"index","follow":"follow","max-snippet":"max-snippet:-1","max-image-preview":"max-image-preview:large","max-video-preview":"max-video-preview:-1"},"canonical":"https:\/\/cyclingpro.net\/spaziociclismo\/ciclomercato\/lotto-intermarche-jasper-de-buyst-annuncia-il-ritiro-a-fine-stagione-dal-2027-entrera-nello-staff-del-team-come-performance-manager\/","og_locale":"it_IT","og_type":"article","og_title":"Lotto Intermarch\u00e9, Jasper De Buyst annuncia il ritiro a fine stagione: dal 2027 entrer\u00e0 nello staff del team come performance manager - SpazioCiclismo","og_description":"Jasper De Buyst appender\u00e0 la bici al chiodo al termine di questa annata #CicloMercato","og_url":"https:\/\/cyclingpro.net\/spaziociclismo\/ciclomercato\/lotto-intermarche-jasper-de-buyst-annuncia-il-ritiro-a-fine-stagione-dal-2027-entrera-nello-staff-del-team-come-performance-manager\/","og_site_name":"SpazioCiclismo","article_publisher":"https:\/\/www.facebook.com\/SpazioCiclismo\/","article_published_time":"2026-09-04T07:45:54+00:00","article_modified_time":"2026-09-04T07:50:50+00:00","og_image":[{"width":2560,"height":1707,"url":"https:\/\/cyclingpro.net\/spaziociclismo\/wp-content\/uploads\/2026\/03\/Jasper-De-Buyst-scaled.jpg","type":"image\/jpeg"}],"author":"Davide Filippi","twitter_card":"summary_large_image","twitter_creator":"@spaziociclismo","twitter_site":"@spaziociclismo","twitter_misc":{"Scritto da":"Davide Filippi","Tempo di lettura stimato":"3 minuti"},"schema":{"@context":"https:\/\/schema.org","@graph":[{"@type":"Article","@id":"https:\/\/cyclingpro.net\/spaziociclismo\/ciclomercato\/lotto-intermarche-jasper-de-buyst-annuncia-il-ritiro-a-fine-stagione-dal-2027-entrera-nello-staff-del-team-come-performance-manager\/#article","isPartOf":{"@id":"https:\/\/cyclingpro.net\/spaziociclismo\/ciclomercato\/lotto-intermarche-jasper-de-buyst-annuncia-il-ritiro-a-fine-stagione-dal-2027-entrera-nello-staff-del-team-come-performance-manager\/"},"author":{"name":"Davide Filippi","@id":"https:\/\/cyclingpro.net\/spaziociclismo\/#\/schema\/person\/5b11f525424bc937dcd939655cae5de3"},"headline":"Lotto Intermarch\u00e9, Jasper De Buyst annuncia il ritiro a fine stagione: dal 2027 entrer\u00e0 nello staff del team come performance manager","datePublished":"2026-09-04T07:45:54+00:00","dateModified":"2026-09-04T07:50:50+00:00","mainEntityOfPage":{"@id":"https:\/\/cyclingpro.net\/spaziociclismo\/ciclomercato\/lotto-intermarche-jasper-de-buyst-annuncia-il-ritiro-a-fine-stagione-dal-2027-entrera-nello-staff-del-team-come-performance-manager\/"},"wordCount":509,"commentCount":0,"publisher":{"@id":"https:\/\/cyclingpro.net\/spaziociclismo\/#organization"},"image":{"@id":"https:\/\/cyclingpro.net\/spaziociclismo\/ciclomercato\/lotto-intermarche-jasper-de-buyst-annuncia-il-ritiro-a-fine-stagione-dal-2027-entrera-nello-staff-del-team-come-performance-manager\/#primaryimage"},"thumbnailUrl":"https:\/\/cyclingpro.net\/spaziociclismo\/wp-content\/uploads\/2026\/03\/Jasper-De-Buyst-scaled.jpg","keywords":["CicloMercato 2027","Jasper De Buyst","Lotto - Intermarch\u00e9 2026"],"articleSection":["CicloMercato","WorldTour"],"inLanguage":"it-IT","potentialAction":[{"@type":"CommentAction","name":"Comment","target":["https:\/\/cyclingpro.net\/spaziociclismo\/ciclomercato\/lotto-intermarche-jasper-de-buyst-annuncia-il-ritiro-a-fine-stagione-dal-2027-entrera-nello-staff-del-team-come-performance-manager\/#respond"]}]},{"@type":"WebPage","@id":"https:\/\/cyclingpro.net\/spaziociclismo\/ciclomercato\/lotto-intermarche-jasper-de-buyst-annuncia-il-ritiro-a-fine-stagione-dal-2027-entrera-nello-staff-del-team-come-performance-manager\/","url":"https:\/\/cyclingpro.net\/spaziociclismo\/ciclomercato\/lotto-intermarche-jasper-de-buyst-annuncia-il-ritiro-a-fine-stagione-dal-2027-entrera-nello-staff-del-team-come-performance-manager\/","name":"Lotto Intermarch\u00e9, Jasper De Buyst annuncia il ritiro a fine stagione: dal 2027 entrer\u00e0 nello staff del team come performance manager - SpazioCiclismo","isPartOf":{"@id":"https:\/\/cyclingpro.net\/spaziociclismo\/#website"},"primaryImageOfPage":{"@id":"https:\/\/cyclingpro.net\/spaziociclismo\/ciclomercato\/lotto-intermarche-jasper-de-buyst-annuncia-il-ritiro-a-fine-stagione-dal-2027-entrera-nello-staff-del-team-come-performance-manager\/#primaryimage"},"image":{"@id":"https:\/\/cyclingpro.net\/spaziociclismo\/ciclomercato\/lotto-intermarche-jasper-de-buyst-annuncia-il-ritiro-a-fine-stagione-dal-2027-entrera-nello-staff-del-team-come-performance-manager\/#primaryimage"},"thumbnailUrl":"https:\/\/cyclingpro.net\/spaziociclismo\/wp-content\/uploads\/2026\/03\/Jasper-De-Buyst-scaled.jpg","datePublished":"2026-09-04T07:45:54+00:00","dateModified":"2026-09-04T07:50:50+00:00","breadcrumb":{"@id":"https:\/\/cyclingpro.net\/spaziociclismo\/ciclomercato\/lotto-intermarche-jasper-de-buyst-annuncia-il-ritiro-a-fine-stagione-dal-2027-entrera-nello-staff-del-team-come-performance-manager\/#breadcrumb"},"inLanguage":"it-IT","potentialAction":[{"@type":"ReadAction","target":["https:\/\/cyclingpro.net\/spaziociclismo\/ciclomercato\/lotto-intermarche-jasper-de-buyst-annuncia-il-ritiro-a-fine-stagione-dal-2027-entrera-nello-staff-del-team-come-performance-manager\/"]}]},{"@type":"ImageObject","inLanguage":"it-IT","@id":"https:\/\/cyclingpro.net\/spaziociclismo\/ciclomercato\/lotto-intermarche-jasper-de-buyst-annuncia-il-ritiro-a-fine-stagione-dal-2027-entrera-nello-staff-del-team-come-performance-manager\/#primaryimage","url":"https:\/\/cyclingpro.net\/spaziociclismo\/wp-content\/uploads\/2026\/03\/Jasper-De-Buyst-scaled.jpg","contentUrl":"https:\/\/cyclingpro.net\/spaziociclismo\/wp-content\/uploads\/2026\/03\/Jasper-De-Buyst-scaled.jpg","width":2560,"height":1707,"caption":"\u00a9 Sirotti"},{"@type":"BreadcrumbList","@id":"https:\/\/cyclingpro.net\/spaziociclismo\/ciclomercato\/lotto-intermarche-jasper-de-buyst-annuncia-il-ritiro-a-fine-stagione-dal-2027-entrera-nello-staff-del-team-come-performance-manager\/#breadcrumb","itemListElement":[{"@type":"ListItem","position":1,"name":"Home","item":"https:\/\/cyclingpro.net\/spaziociclismo\/"},{"@type":"ListItem","position":2,"name":"Lotto Intermarch\u00e9, Jasper De Buyst annuncia il ritiro a fine stagione: dal 2027 entrer\u00e0 nello staff del team come performance manager"}]},{"@type":"WebSite","@id":"https:\/\/cyclingpro.net\/spaziociclismo\/#website","url":"https:\/\/cyclingpro.net\/spaziociclismo\/","name":"SpazioCiclismo","description":"Tutto il ciclismo minuto per minuto","publisher":{"@id":"https:\/\/cyclingpro.net\/spaziociclismo\/#organization"},"potentialAction":[{"@type":"SearchAction","target":{"@type":"EntryPoint","urlTemplate":"https:\/\/cyclingpro.net\/spaziociclismo\/?s={search_term_string}"},"query-input":{"@type":"PropertyValueSpecification","valueRequired":true,"valueName":"search_term_string"}}],"inLanguage":"it-IT"},{"@type":"Organization","@id":"https:\/\/cyclingpro.net\/spaziociclismo\/#organization","name":"SpazioCiclismo","url":"https:\/\/cyclingpro.net\/spaziociclismo\/","logo":{"@type":"ImageObject","inLanguage":"it-IT","@id":"https:\/\/cyclingpro.net\/spaziociclismo\/#\/schema\/logo\/image\/","url":"https:\/\/cyclingpro.net\/spaziociclismo\/wp-content\/uploads\/2017\/02\/SpazioCiclismo-Logo-Quadrato.png","contentUrl":"https:\/\/cyclingpro.net\/spaziociclismo\/wp-content\/uploads\/2017\/02\/SpazioCiclismo-Logo-Quadrato.png","width":450,"height":450,"caption":"SpazioCiclismo"},"image":{"@id":"https:\/\/cyclingpro.net\/spaziociclismo\/#\/schema\/logo\/image\/"},"sameAs":["https:\/\/www.facebook.com\/SpazioCiclismo\/","https:\/\/x.com\/spaziociclismo","https:\/\/www.instagram.com\/spaziociclismo\/"]},{"@type":"Person","@id":"https:\/\/cyclingpro.net\/spaziociclismo\/#\/schema\/person\/5b11f525424bc937dcd939655cae5de3","name":"Davide Filippi","image":{"@type":"ImageObject","inLanguage":"it-IT","@id":"https:\/\/secure.gravatar.com\/avatar\/acf38569376402ef43c46c36ea62f8a431f13c39fac703a2ed157f3bbfa5c1ab?s=96&d=mm&r=g","url":"https:\/\/secure.gravatar.com\/avatar\/acf38569376402ef43c46c36ea62f8a431f13c39fac703a2ed157f3bbfa5c1ab?s=96&d=mm&r=g","contentUrl":"https:\/\/secure.gravatar.com\/avatar\/acf38569376402ef43c46c36ea62f8a431f13c39fac703a2ed157f3bbfa5c1ab?s=96&d=mm&r=g","caption":"Davide Filippi"},"url":"https:\/\/cyclingpro.net\/spaziociclismo\/author\/dfilippi\/"}]}},"_links":{"self":[{"href":"https:\/\/cyclingpro.net\/spaziociclismo\/wp-json\/wp\/v2\/posts\/393586","targetHints":{"allow":["GET"]}}],"collection":[{"href":"https:\/\/cyclingpro.net\/spaziociclismo\/wp-json\/wp\/v2\/posts"}],"about":[{"href":"https:\/\/cyclingpro.net\/spaziociclismo\/wp-json\/wp\/v2\/types\/post"}],"author":[{"embeddable":true,"href":"https:\/\/cyclingpro.net\/spaziociclismo\/wp-json\/wp\/v2\/users\/27"}],"replies":[{"embeddable":true,"href":"https:\/\/cyclingpro.net\/spaziociclismo\/wp-json\/wp\/v2\/comments?post=393586"}],"version-history":[{"count":1,"href":"https:\/\/cyclingpro.net\/spaziociclismo\/wp-json\/wp\/v2\/posts\/393586\/revisions"}],"predecessor-version":[{"id":393587,"href":"https:\/\/cyclingpro.net\/spaziociclismo\/wp-json\/wp\/v2\/posts\/393586\/revisions\/393587"}],"wp:featuredmedia":[{"embeddable":true,"href":"https:\/\/cyclingpro.net\/spaziociclismo\/wp-json\/wp\/v2\/media\/371782"}],"wp:attachment":[{"href":"https:\/\/cyclingpro.net\/spaziociclismo\/wp-json\/wp\/v2\/media?parent=393586"}],"wp:term":[{"taxonomy":"category","embeddable":true,"href":"https:\/\/cyclingpro.net\/spaziociclismo\/wp-json\/wp\/v2\/categories?post=393586"},{"taxonomy":"post_tag","embeddable":true,"href":"https:\/\/cyclingpro.net\/spaziociclismo\/wp-json\/wp\/v2\/tags?post=393586"}],"curies":[{"name":"wp","href":"https:\/\/api.w.org\/{rel}","templated":true}]}}