{"id":393576,"date":"2026-09-04T09:00:10","date_gmt":"2026-09-04T07:00:10","guid":{"rendered":"https:\/\/cyclingpro.net\/spaziociclismo\/?p=393576"},"modified":"2026-09-04T09:10:22","modified_gmt":"2026-09-04T07:10:22","slug":"spazio-agenda-il-programma-di-venerdi-4-settembre-alla-vuelta-una-tappa-da-fuga-probabili-volate-al-tour-of-britain-e-allo-zlm-tour-ma-occhio-al-vento-altra-frazione-mossa-in-turchia","status":"publish","type":"post","link":"https:\/\/cyclingpro.net\/spaziociclismo\/calendario\/spazio-agenda-il-programma-di-venerdi-4-settembre-alla-vuelta-una-tappa-da-fuga-probabili-volate-al-tour-of-britain-e-allo-zlm-tour-ma-occhio-al-vento-altra-frazione-mossa-in-turchia\/","title":{"rendered":"Spazio Agenda, il programma di venerd\u00ec 4 settembre: alla Vuelta una tappa da fuga, probabili volate al Tour of Britain e allo ZLM Tour (ma occhio al vento), altra frazione mossa in Turchia"},"content":{"rendered":"<p>Ci si avvia verso il fine settimana con un&#8217;altra giornata ricca di appuntamenti ciclistici in questo <strong>venerd\u00ec 4 settembre<\/strong>. Ovviamente, la scena se la prender\u00e0 soprattutto la <strong>Vuelta a Espa\u00f1a<\/strong>, che dopo un arrivo in salita che ha visto trionfare un fuggitivo (ma anche un nuovo scontro tra i big), propone oggi una nuova giornata adatta agli attaccanti. Pi\u00f9 per velocisti, invece, le tappe in programma al <strong>Tour of Britain <\/strong>e allo <strong>ZLM Tour<\/strong>, che tuttavia potrebbero dover fare i conti con la presenza del vento, potenziale pericolo anche per gli uomini di classifica, mentre al <strong>Tour of Istanbul<\/strong> si correr\u00e0 un&#8217;altra frazione abbastanza movimentata che potrebbe rimescolare le carte nella generale.<\/p>\n<p><a href=\"https:\/\/cyclingpro.net\/spaziociclismo\/calendario\/calendario-e-orario-corse-della-settimana-31-agosto-6-settembre-2\/\" target=\"_blank\" rel=\"noopener\">Qui gli orari delle corse\u00a0<\/a><br \/>\n<a href=\"https:\/\/cyclingpro.net\/spaziociclismo\/calendario\/ciclismo-in-tv-e-streaming-gli-orari-della-settimana-31-agosto-6-settembre\/\" target=\"_blank\" rel=\"noopener\">Qui la programmazione TV \/ Streaming<\/a><\/p>\n<h3>Vuelta a Espa\u00f1a 2026<\/h3>\n<p><a href=\"https:\/\/cyclingpro.net\/spaziociclismo\/startlist\/startlist-vuelta-a-espana-2026-elenco-partecipanti\/\">Qui la Startlist<\/a>\u00a0\\ <a href=\"https:\/\/cyclingpro.net\/spaziociclismo\/vuelta-2026\/percorso-vuelta-a-espana-2026-tutte-le-tappe-altimetrie-e-planimetrie\/\" target=\"_blank\" rel=\"noopener\">Qui Altimetria e Planimetria <\/a>\\ <a href=\"https:\/\/cyclingpro.net\/spaziociclismo\/sintesi-gare\/vuelta-a-espana-2026-jakob-omrzel-doma-la-fuga-e-vince-a-calar-alto-enric-mas-attacca-e-consolida-la-maglia-rossa\/\" target=\"_blank\" rel=\"noopener\">Qui l&#8217;esito della Tappa 12<\/a><br \/>\n<strong>Tappa 13: Almu\u00f1\u00e9car &#8211; Loja (192,8 km &#8211; media montagna)<\/strong><br \/>\nIl terzo e ultimo Grande Giro stagionale prosegue con una tappa piuttosto vivace, che nei 192,8 chilometri da Almu\u00f1\u00e9car a Loja proporr\u00e0 tre GPM e un totale di circa 3400 metri di dislivello. Le maggiori difficolt\u00e0 saranno comunque concentrate nella prima met\u00e0 del percorso, dove potrebbe andar via una fuga numerosa capace poi di giocarsi la vittoria di giornata, anche se, con l&#8217;ultima salita scollinata ai -37 dal traguardo, resta aperta la possibilit\u00e0 di vedere uno sprint tra velocisti resistenti. Tanti i possibili protagonisti, a partire da <strong>Wout Van Aert<\/strong> (Visma | Lease a Bike), ancora a caccia del primo successo in questa Vuelta, senza comunque escludere il compagno di squadra<strong> Matthew Brennan<\/strong>, ma anche <strong>Magnus Cort<\/strong> (Uno-X Mobility), <strong>Alessandro Romele<\/strong> (XDS Astana), <strong>Thibau Nys<\/strong> (Lidl-Trek), <strong>Axel Laurance<\/strong> (Netcompany Ineos) o qualche nome a sorpresa.<strong><br \/>\n<\/strong><\/p>\n<h3>Tour of Britain 2026<\/h3>\n<p><a href=\"https:\/\/cyclingpro.net\/spaziociclismo\/startlist\/tour-of-britain-2026-la-startlist\/\" target=\"_blank\" rel=\"noopener\">Qui la Startlist<\/a>\u00a0\\ <a href=\"https:\/\/cyclingpro.net\/spaziociclismo\/percorsi\/tour-of-britain-2026-il-percorso\/\" target=\"_blank\" rel=\"noopener\">Qui Altimetria e Planimetria\u00a0<\/a> \\ <a href=\"https:\/\/cyclingpro.net\/spaziociclismo\/sintesi-gare\/tour-of-britain-2026-tim-merlier-non-lascia-scampo-4-matteo-moschetti-8-matteo-trentin-filippo-ganna-fuori-dai-giochi-per-una-foratura\/\" target=\"_blank\" rel=\"noopener\">Qui l&#8217;esito della Tappa 2<\/a><br \/>\n<strong>Tappa 3: Hull &#8211; Beverley (194,1 km &#8211; pianeggiante)<br \/>\n<\/strong>Come gi\u00e0 avvenuto ieri, la frazione odierna della corsa britannica dovrebbe sorridere alle ruote veloci, data l&#8217;assenza di grosse difficolt\u00e0 nei 194,1 chilometri da Hull a Beverly (ma bisogner\u00e0 comunque fare attenzione al vento). Il finale, che i corridori avranno la possibilit\u00e0 di studiare bene affrontandolo pi\u00f9 volte nel circuito conclusivo, tirer\u00e0 leggermente all&#8217;ins\u00f9, ma ci\u00f2 non dovrebbe impedire ai velocisti come\u00a0<strong>Tim Merlier<\/strong> (Soudal Quick-Step) di giocarsi la vittoria, con il belga che, a caccia del bis, dovr\u00e0 vedersela soprattutto con <strong>Olav Kooij<\/strong> (Decathlon CMA CGM), oltre che con <strong>Ethan Vernon<\/strong> (NSN Cycling Team), <strong>Sam Welsford<\/strong> (Netcompany Ineos), <strong>Matteo Moschetti<\/strong> e <strong>Sam Bennett<\/strong> (Pinarello Q36.5 Pro Cycling Team).<\/p>\n<h3>ZLM Tour 2026<\/h3>\n<p><a href=\"https:\/\/cyclingpro.net\/spaziociclismo\/startlist\/zlm-tour-2026-la-startlist\/\" target=\"_blank\" rel=\"noopener\">Qui la Startlist<\/a>\u00a0\\ <a href=\"https:\/\/cyclingpro.net\/spaziociclismo\/presentazione-corse\/presentazione-percorso-e-borsino-favoriti-zlm-tour-2026\/\" target=\"_blank\" rel=\"noopener\">Qui Altimetria e Planimetria<\/a> \\ <a href=\"https:\/\/cyclingpro.net\/spaziociclismo\/sintesi-gare\/zlm-tour-2026-mathias-vacek-regola-tim-van-dijke-e-centra-il-bis\/\" target=\"_blank\" rel=\"noopener\">Qui l&#8217;esito della Tappa 2<\/a><br \/>\n<strong>Tappa 3: Roosendaal &#8211; Bergen op Zoom (201,2 km &#8211; pianeggiante)<\/strong><br \/>\nAltro tracciato totalmente pianeggiante per la corsa neerlandese, tuttavia, come dimostrato anche nella tappa di ieri, ci\u00f2 non \u00e8 garanzia di un arrivo in volata. Il vento potrebbe infatti giocare anche quest&#8217;oggi un ruolo importante e spezzare un gruppo nel quale, al momento, \u00e8 la Lidl-Trek a farla da padrona, con il vincitore delle prime due frazioni <strong>Mathias Vacek<\/strong> saldamente al comando davanti ai compagni di squadra <strong>Max Walscheid<\/strong> e <strong>H\u00e9ctor \u00c1lvarez<\/strong>. Se sar\u00e0 sprint, comunque, attenzione alla Red Bull-Bora-hansgrohe con <strong>Danny van Poppel<\/strong>,\u00a0<strong>Arne Marit<\/strong> e <strong>Alessio Magagnotti<\/strong>, ma anche a\u00a0<strong>Gerben Thijssen<\/strong> (Alpecin-Premier Tech), <strong>Jason Tesson<\/strong> (TotalEnergies), <strong>Frits Biesterbos<\/strong> (Team Picnic PostNL) e <strong>Mathieu Kockelmann<\/strong> (Lotto Intermarch\u00e9).<\/p>\n<h3>Tour of Istanbul 2026<\/h3>\n<p><a href=\"https:\/\/cyclingpro.net\/spaziociclismo\/startlist\/tour-of-istanbul-2026-la-startlist\/\" target=\"_blank\" rel=\"noopener\">Qui la Startlist<\/a>\u00a0\\ <a href=\"https:\/\/cyclingpro.net\/spaziociclismo\/percorsi\/tour-of-istanbul-2026-il-percorso\/\" target=\"_blank\" rel=\"noopener\">Qui Altimetria e Planimetria<\/a> \\ <a href=\"https:\/\/cyclingpro.net\/spaziociclismo\/sintesi-gare\/tour-of-istanbul-2026-baptiste-vadic-si-prende-la-prima\/\">Qui l&#8217;esito della Tappa 1<\/a><br \/>\n<strong>Tappa 2: \u015eile &#8211; \u015eile (150,1 km &#8211; collinare)<\/strong><br \/>\nLa corsa turca prosegue con un&#8217;altra tappa abbastanza mossa, sebbene non durissima, che ricalca alla perfezione la seconda frazione dello scorso anno. Allora ci fu un epilogo allo sprint di un gruppetto di circa venti unit\u00e0 e non \u00e8 da escludere un medesimo scenario, con protagonisti sprinter come <strong>Emilien Jeanni\u00e8re<\/strong> (TotalEnergies), <strong>Matys Grisel<\/strong> (Lotto Intermarch\u00e9), <strong>Marcin Budzi\u0144ski<\/strong> (MBH Bank CSB Telecom Fort), <strong>Mattia Negrente<\/strong> (XDS Astana Development Team), <strong>Giovanni Lonardi<\/strong> e <strong>Manuel Pe\u00f1alver<\/strong>\u00a0(Team Polti VisitMalta), ma attenzione anche ai possibili colpi di mano, che potrebbero arrivare da corridori quali <strong>Liam Slock<\/strong> e <strong>Mauro Cuylits<\/strong> (Lotto Intermarch\u00e9), <strong>Christian Bagatin<\/strong> (MBH Bank CSB Telecom Fort), <strong>Alexandre Balmer<\/strong> (Solution Tech Nippo Rali) e dagli uomini della TotalEnergies, gi\u00e0 vincitori ieri con <strong>Baptiste Vadic<\/strong>.<\/p>\n","protected":false},"excerpt":{"rendered":"<p>Ci si avvia verso il fine settimana con un&#8217;altra giornata ricca di appuntamenti ciclistici<\/p>\n","protected":false},"author":27,"featured_media":393237,"comment_status":"open","ping_status":"closed","sticky":false,"template":"","format":"standard","meta":{"footnotes":"","_members_access_role":[],"_members_access_error":""},"categories":[2044],"tags":[7110,7221,5752,7215],"class_list":["post-393576","post","type-post","status-publish","format-standard","has-post-thumbnail","hentry","category-calendario","tag-tour-of-britain-2026","tag-tour-of-istanbul-2026","tag-vuelta-a-espana-2026","tag-zlm-tour-2026"],"yoast_head":"<!-- This site is optimized with the Yoast SEO plugin v28.4 - https:\/\/yoast.com\/product\/yoast-seo-wordpress\/ -->\n<title>Spazio Agenda, il programma di venerd\u00ec 4 settembre: alla Vuelta una tappa da fuga, probabili volate al Tour of Britain e allo ZLM Tour (ma occhio al vento), altra frazione mossa in Turchia - SpazioCiclismo<\/title>\n<meta name=\"robots\" content=\"index, follow, max-snippet:-1, max-image-preview:large, max-video-preview:-1\" \/>\n<link rel=\"canonical\" href=\"https:\/\/cyclingpro.net\/spaziociclismo\/calendario\/spazio-agenda-il-programma-di-venerdi-4-settembre-alla-vuelta-una-tappa-da-fuga-probabili-volate-al-tour-of-britain-e-allo-zlm-tour-ma-occhio-al-vento-altra-frazione-mossa-in-turchia\/\" \/>\n<meta property=\"og:locale\" content=\"it_IT\" \/>\n<meta property=\"og:type\" content=\"article\" \/>\n<meta property=\"og:title\" content=\"Spazio Agenda, il programma di venerd\u00ec 4 settembre: alla Vuelta una tappa da fuga, probabili volate al Tour of Britain e allo ZLM Tour (ma occhio al vento), altra frazione mossa in Turchia - SpazioCiclismo\" \/>\n<meta property=\"og:description\" content=\"Ci si avvia verso il fine settimana con un&#039;altra giornata ricca di appuntamenti ciclistici\" \/>\n<meta property=\"og:url\" content=\"https:\/\/cyclingpro.net\/spaziociclismo\/calendario\/spazio-agenda-il-programma-di-venerdi-4-settembre-alla-vuelta-una-tappa-da-fuga-probabili-volate-al-tour-of-britain-e-allo-zlm-tour-ma-occhio-al-vento-altra-frazione-mossa-in-turchia\/\" \/>\n<meta property=\"og:site_name\" content=\"SpazioCiclismo\" \/>\n<meta property=\"article:publisher\" content=\"https:\/\/www.facebook.com\/SpazioCiclismo\/\" \/>\n<meta property=\"article:published_time\" content=\"2026-09-04T07:00:10+00:00\" \/>\n<meta property=\"article:modified_time\" content=\"2026-09-04T07:10:22+00:00\" \/>\n<meta property=\"og:image\" content=\"https:\/\/cyclingpro.net\/spaziociclismo\/wp-content\/uploads\/2026\/09\/1290034844-scaled.jpg\" \/>\n\t<meta property=\"og:image:width\" content=\"2560\" \/>\n\t<meta property=\"og:image:height\" content=\"1707\" \/>\n\t<meta property=\"og:image:type\" content=\"image\/jpeg\" \/>\n<meta name=\"author\" content=\"Davide Filippi\" \/>\n<meta name=\"twitter:card\" content=\"summary_large_image\" \/>\n<meta name=\"twitter:creator\" content=\"@spaziociclismo\" \/>\n<meta name=\"twitter:site\" content=\"@spaziociclismo\" \/>\n<meta name=\"twitter:label1\" content=\"Scritto da\" \/>\n\t<meta name=\"twitter:data1\" content=\"Davide Filippi\" \/>\n\t<meta name=\"twitter:label2\" content=\"Tempo di lettura stimato\" \/>\n\t<meta name=\"twitter:data2\" content=\"4 minuti\" \/>\n<script type=\"application\/ld+json\" class=\"yoast-schema-graph\">{\"@context\":\"https:\\\/\\\/schema.org\",\"@graph\":[{\"@type\":\"Article\",\"@id\":\"https:\\\/\\\/cyclingpro.net\\\/spaziociclismo\\\/calendario\\\/spazio-agenda-il-programma-di-venerdi-4-settembre-alla-vuelta-una-tappa-da-fuga-probabili-volate-al-tour-of-britain-e-allo-zlm-tour-ma-occhio-al-vento-altra-frazione-mossa-in-turchia\\\/#article\",\"isPartOf\":{\"@id\":\"https:\\\/\\\/cyclingpro.net\\\/spaziociclismo\\\/calendario\\\/spazio-agenda-il-programma-di-venerdi-4-settembre-alla-vuelta-una-tappa-da-fuga-probabili-volate-al-tour-of-britain-e-allo-zlm-tour-ma-occhio-al-vento-altra-frazione-mossa-in-turchia\\\/\"},\"author\":{\"name\":\"Davide Filippi\",\"@id\":\"https:\\\/\\\/cyclingpro.net\\\/spaziociclismo\\\/#\\\/schema\\\/person\\\/5b11f525424bc937dcd939655cae5de3\"},\"headline\":\"Spazio Agenda, il programma di venerd\u00ec 4 settembre: alla Vuelta una tappa da fuga, probabili volate al Tour of Britain e allo ZLM Tour (ma occhio al vento), altra frazione mossa in Turchia\",\"datePublished\":\"2026-09-04T07:00:10+00:00\",\"dateModified\":\"2026-09-04T07:10:22+00:00\",\"mainEntityOfPage\":{\"@id\":\"https:\\\/\\\/cyclingpro.net\\\/spaziociclismo\\\/calendario\\\/spazio-agenda-il-programma-di-venerdi-4-settembre-alla-vuelta-una-tappa-da-fuga-probabili-volate-al-tour-of-britain-e-allo-zlm-tour-ma-occhio-al-vento-altra-frazione-mossa-in-turchia\\\/\"},\"wordCount\":725,\"commentCount\":0,\"publisher\":{\"@id\":\"https:\\\/\\\/cyclingpro.net\\\/spaziociclismo\\\/#organization\"},\"image\":{\"@id\":\"https:\\\/\\\/cyclingpro.net\\\/spaziociclismo\\\/calendario\\\/spazio-agenda-il-programma-di-venerdi-4-settembre-alla-vuelta-una-tappa-da-fuga-probabili-volate-al-tour-of-britain-e-allo-zlm-tour-ma-occhio-al-vento-altra-frazione-mossa-in-turchia\\\/#primaryimage\"},\"thumbnailUrl\":\"https:\\\/\\\/cyclingpro.net\\\/spaziociclismo\\\/wp-content\\\/uploads\\\/2026\\\/09\\\/1290034844-scaled.jpg\",\"keywords\":[\"Tour of Britain 2026\",\"Tour of Istanbul 2026\",\"Vuelta a Espa\u00f1a 2026\",\"ZLM Tour 2026\"],\"articleSection\":[\"Calendario\"],\"inLanguage\":\"it-IT\",\"potentialAction\":[{\"@type\":\"CommentAction\",\"name\":\"Comment\",\"target\":[\"https:\\\/\\\/cyclingpro.net\\\/spaziociclismo\\\/calendario\\\/spazio-agenda-il-programma-di-venerdi-4-settembre-alla-vuelta-una-tappa-da-fuga-probabili-volate-al-tour-of-britain-e-allo-zlm-tour-ma-occhio-al-vento-altra-frazione-mossa-in-turchia\\\/#respond\"]}]},{\"@type\":\"WebPage\",\"@id\":\"https:\\\/\\\/cyclingpro.net\\\/spaziociclismo\\\/calendario\\\/spazio-agenda-il-programma-di-venerdi-4-settembre-alla-vuelta-una-tappa-da-fuga-probabili-volate-al-tour-of-britain-e-allo-zlm-tour-ma-occhio-al-vento-altra-frazione-mossa-in-turchia\\\/\",\"url\":\"https:\\\/\\\/cyclingpro.net\\\/spaziociclismo\\\/calendario\\\/spazio-agenda-il-programma-di-venerdi-4-settembre-alla-vuelta-una-tappa-da-fuga-probabili-volate-al-tour-of-britain-e-allo-zlm-tour-ma-occhio-al-vento-altra-frazione-mossa-in-turchia\\\/\",\"name\":\"Spazio Agenda, il programma di venerd\u00ec 4 settembre: alla Vuelta una tappa da fuga, probabili volate al Tour of Britain e allo ZLM Tour (ma occhio al vento), altra frazione mossa in Turchia - SpazioCiclismo\",\"isPartOf\":{\"@id\":\"https:\\\/\\\/cyclingpro.net\\\/spaziociclismo\\\/#website\"},\"primaryImageOfPage\":{\"@id\":\"https:\\\/\\\/cyclingpro.net\\\/spaziociclismo\\\/calendario\\\/spazio-agenda-il-programma-di-venerdi-4-settembre-alla-vuelta-una-tappa-da-fuga-probabili-volate-al-tour-of-britain-e-allo-zlm-tour-ma-occhio-al-vento-altra-frazione-mossa-in-turchia\\\/#primaryimage\"},\"image\":{\"@id\":\"https:\\\/\\\/cyclingpro.net\\\/spaziociclismo\\\/calendario\\\/spazio-agenda-il-programma-di-venerdi-4-settembre-alla-vuelta-una-tappa-da-fuga-probabili-volate-al-tour-of-britain-e-allo-zlm-tour-ma-occhio-al-vento-altra-frazione-mossa-in-turchia\\\/#primaryimage\"},\"thumbnailUrl\":\"https:\\\/\\\/cyclingpro.net\\\/spaziociclismo\\\/wp-content\\\/uploads\\\/2026\\\/09\\\/1290034844-scaled.jpg\",\"datePublished\":\"2026-09-04T07:00:10+00:00\",\"dateModified\":\"2026-09-04T07:10:22+00:00\",\"breadcrumb\":{\"@id\":\"https:\\\/\\\/cyclingpro.net\\\/spaziociclismo\\\/calendario\\\/spazio-agenda-il-programma-di-venerdi-4-settembre-alla-vuelta-una-tappa-da-fuga-probabili-volate-al-tour-of-britain-e-allo-zlm-tour-ma-occhio-al-vento-altra-frazione-mossa-in-turchia\\\/#breadcrumb\"},\"inLanguage\":\"it-IT\",\"potentialAction\":[{\"@type\":\"ReadAction\",\"target\":[\"https:\\\/\\\/cyclingpro.net\\\/spaziociclismo\\\/calendario\\\/spazio-agenda-il-programma-di-venerdi-4-settembre-alla-vuelta-una-tappa-da-fuga-probabili-volate-al-tour-of-britain-e-allo-zlm-tour-ma-occhio-al-vento-altra-frazione-mossa-in-turchia\\\/\"]}]},{\"@type\":\"ImageObject\",\"inLanguage\":\"it-IT\",\"@id\":\"https:\\\/\\\/cyclingpro.net\\\/spaziociclismo\\\/calendario\\\/spazio-agenda-il-programma-di-venerdi-4-settembre-alla-vuelta-una-tappa-da-fuga-probabili-volate-al-tour-of-britain-e-allo-zlm-tour-ma-occhio-al-vento-altra-frazione-mossa-in-turchia\\\/#primaryimage\",\"url\":\"https:\\\/\\\/cyclingpro.net\\\/spaziociclismo\\\/wp-content\\\/uploads\\\/2026\\\/09\\\/1290034844-scaled.jpg\",\"contentUrl\":\"https:\\\/\\\/cyclingpro.net\\\/spaziociclismo\\\/wp-content\\\/uploads\\\/2026\\\/09\\\/1290034844-scaled.jpg\",\"width\":2560,\"height\":1707,\"caption\":\"\u00a9 Sirotti\"},{\"@type\":\"BreadcrumbList\",\"@id\":\"https:\\\/\\\/cyclingpro.net\\\/spaziociclismo\\\/calendario\\\/spazio-agenda-il-programma-di-venerdi-4-settembre-alla-vuelta-una-tappa-da-fuga-probabili-volate-al-tour-of-britain-e-allo-zlm-tour-ma-occhio-al-vento-altra-frazione-mossa-in-turchia\\\/#breadcrumb\",\"itemListElement\":[{\"@type\":\"ListItem\",\"position\":1,\"name\":\"Home\",\"item\":\"https:\\\/\\\/cyclingpro.net\\\/spaziociclismo\\\/\"},{\"@type\":\"ListItem\",\"position\":2,\"name\":\"Spazio Agenda, il programma di venerd\u00ec 4 settembre: alla Vuelta una tappa da fuga, probabili volate al Tour of Britain e allo ZLM Tour (ma occhio al vento), altra frazione mossa in Turchia\"}]},{\"@type\":\"WebSite\",\"@id\":\"https:\\\/\\\/cyclingpro.net\\\/spaziociclismo\\\/#website\",\"url\":\"https:\\\/\\\/cyclingpro.net\\\/spaziociclismo\\\/\",\"name\":\"SpazioCiclismo\",\"description\":\"Tutto il ciclismo minuto per minuto\",\"publisher\":{\"@id\":\"https:\\\/\\\/cyclingpro.net\\\/spaziociclismo\\\/#organization\"},\"potentialAction\":[{\"@type\":\"SearchAction\",\"target\":{\"@type\":\"EntryPoint\",\"urlTemplate\":\"https:\\\/\\\/cyclingpro.net\\\/spaziociclismo\\\/?s={search_term_string}\"},\"query-input\":{\"@type\":\"PropertyValueSpecification\",\"valueRequired\":true,\"valueName\":\"search_term_string\"}}],\"inLanguage\":\"it-IT\"},{\"@type\":\"Organization\",\"@id\":\"https:\\\/\\\/cyclingpro.net\\\/spaziociclismo\\\/#organization\",\"name\":\"SpazioCiclismo\",\"url\":\"https:\\\/\\\/cyclingpro.net\\\/spaziociclismo\\\/\",\"logo\":{\"@type\":\"ImageObject\",\"inLanguage\":\"it-IT\",\"@id\":\"https:\\\/\\\/cyclingpro.net\\\/spaziociclismo\\\/#\\\/schema\\\/logo\\\/image\\\/\",\"url\":\"https:\\\/\\\/cyclingpro.net\\\/spaziociclismo\\\/wp-content\\\/uploads\\\/2017\\\/02\\\/SpazioCiclismo-Logo-Quadrato.png\",\"contentUrl\":\"https:\\\/\\\/cyclingpro.net\\\/spaziociclismo\\\/wp-content\\\/uploads\\\/2017\\\/02\\\/SpazioCiclismo-Logo-Quadrato.png\",\"width\":450,\"height\":450,\"caption\":\"SpazioCiclismo\"},\"image\":{\"@id\":\"https:\\\/\\\/cyclingpro.net\\\/spaziociclismo\\\/#\\\/schema\\\/logo\\\/image\\\/\"},\"sameAs\":[\"https:\\\/\\\/www.facebook.com\\\/SpazioCiclismo\\\/\",\"https:\\\/\\\/x.com\\\/spaziociclismo\",\"https:\\\/\\\/www.instagram.com\\\/spaziociclismo\\\/\"]},{\"@type\":\"Person\",\"@id\":\"https:\\\/\\\/cyclingpro.net\\\/spaziociclismo\\\/#\\\/schema\\\/person\\\/5b11f525424bc937dcd939655cae5de3\",\"name\":\"Davide Filippi\",\"image\":{\"@type\":\"ImageObject\",\"inLanguage\":\"it-IT\",\"@id\":\"https:\\\/\\\/secure.gravatar.com\\\/avatar\\\/acf38569376402ef43c46c36ea62f8a431f13c39fac703a2ed157f3bbfa5c1ab?s=96&d=mm&r=g\",\"url\":\"https:\\\/\\\/secure.gravatar.com\\\/avatar\\\/acf38569376402ef43c46c36ea62f8a431f13c39fac703a2ed157f3bbfa5c1ab?s=96&d=mm&r=g\",\"contentUrl\":\"https:\\\/\\\/secure.gravatar.com\\\/avatar\\\/acf38569376402ef43c46c36ea62f8a431f13c39fac703a2ed157f3bbfa5c1ab?s=96&d=mm&r=g\",\"caption\":\"Davide Filippi\"},\"url\":\"https:\\\/\\\/cyclingpro.net\\\/spaziociclismo\\\/author\\\/dfilippi\\\/\"}]}<\/script>\n<!-- \/ Yoast SEO plugin. -->","yoast_head_json":{"title":"Spazio Agenda, il programma di venerd\u00ec 4 settembre: alla Vuelta una tappa da fuga, probabili volate al Tour of Britain e allo ZLM Tour (ma occhio al vento), altra frazione mossa in Turchia - SpazioCiclismo","robots":{"index":"index","follow":"follow","max-snippet":"max-snippet:-1","max-image-preview":"max-image-preview:large","max-video-preview":"max-video-preview:-1"},"canonical":"https:\/\/cyclingpro.net\/spaziociclismo\/calendario\/spazio-agenda-il-programma-di-venerdi-4-settembre-alla-vuelta-una-tappa-da-fuga-probabili-volate-al-tour-of-britain-e-allo-zlm-tour-ma-occhio-al-vento-altra-frazione-mossa-in-turchia\/","og_locale":"it_IT","og_type":"article","og_title":"Spazio Agenda, il programma di venerd\u00ec 4 settembre: alla Vuelta una tappa da fuga, probabili volate al Tour of Britain e allo ZLM Tour (ma occhio al vento), altra frazione mossa in Turchia - SpazioCiclismo","og_description":"Ci si avvia verso il fine settimana con un'altra giornata ricca di appuntamenti ciclistici","og_url":"https:\/\/cyclingpro.net\/spaziociclismo\/calendario\/spazio-agenda-il-programma-di-venerdi-4-settembre-alla-vuelta-una-tappa-da-fuga-probabili-volate-al-tour-of-britain-e-allo-zlm-tour-ma-occhio-al-vento-altra-frazione-mossa-in-turchia\/","og_site_name":"SpazioCiclismo","article_publisher":"https:\/\/www.facebook.com\/SpazioCiclismo\/","article_published_time":"2026-09-04T07:00:10+00:00","article_modified_time":"2026-09-04T07:10:22+00:00","og_image":[{"width":2560,"height":1707,"url":"https:\/\/cyclingpro.net\/spaziociclismo\/wp-content\/uploads\/2026\/09\/1290034844-scaled.jpg","type":"image\/jpeg"}],"author":"Davide Filippi","twitter_card":"summary_large_image","twitter_creator":"@spaziociclismo","twitter_site":"@spaziociclismo","twitter_misc":{"Scritto da":"Davide Filippi","Tempo di lettura stimato":"4 minuti"},"schema":{"@context":"https:\/\/schema.org","@graph":[{"@type":"Article","@id":"https:\/\/cyclingpro.net\/spaziociclismo\/calendario\/spazio-agenda-il-programma-di-venerdi-4-settembre-alla-vuelta-una-tappa-da-fuga-probabili-volate-al-tour-of-britain-e-allo-zlm-tour-ma-occhio-al-vento-altra-frazione-mossa-in-turchia\/#article","isPartOf":{"@id":"https:\/\/cyclingpro.net\/spaziociclismo\/calendario\/spazio-agenda-il-programma-di-venerdi-4-settembre-alla-vuelta-una-tappa-da-fuga-probabili-volate-al-tour-of-britain-e-allo-zlm-tour-ma-occhio-al-vento-altra-frazione-mossa-in-turchia\/"},"author":{"name":"Davide Filippi","@id":"https:\/\/cyclingpro.net\/spaziociclismo\/#\/schema\/person\/5b11f525424bc937dcd939655cae5de3"},"headline":"Spazio Agenda, il programma di venerd\u00ec 4 settembre: alla Vuelta una tappa da fuga, probabili volate al Tour of Britain e allo ZLM Tour (ma occhio al vento), altra frazione mossa in Turchia","datePublished":"2026-09-04T07:00:10+00:00","dateModified":"2026-09-04T07:10:22+00:00","mainEntityOfPage":{"@id":"https:\/\/cyclingpro.net\/spaziociclismo\/calendario\/spazio-agenda-il-programma-di-venerdi-4-settembre-alla-vuelta-una-tappa-da-fuga-probabili-volate-al-tour-of-britain-e-allo-zlm-tour-ma-occhio-al-vento-altra-frazione-mossa-in-turchia\/"},"wordCount":725,"commentCount":0,"publisher":{"@id":"https:\/\/cyclingpro.net\/spaziociclismo\/#organization"},"image":{"@id":"https:\/\/cyclingpro.net\/spaziociclismo\/calendario\/spazio-agenda-il-programma-di-venerdi-4-settembre-alla-vuelta-una-tappa-da-fuga-probabili-volate-al-tour-of-britain-e-allo-zlm-tour-ma-occhio-al-vento-altra-frazione-mossa-in-turchia\/#primaryimage"},"thumbnailUrl":"https:\/\/cyclingpro.net\/spaziociclismo\/wp-content\/uploads\/2026\/09\/1290034844-scaled.jpg","keywords":["Tour of Britain 2026","Tour of Istanbul 2026","Vuelta a Espa\u00f1a 2026","ZLM Tour 2026"],"articleSection":["Calendario"],"inLanguage":"it-IT","potentialAction":[{"@type":"CommentAction","name":"Comment","target":["https:\/\/cyclingpro.net\/spaziociclismo\/calendario\/spazio-agenda-il-programma-di-venerdi-4-settembre-alla-vuelta-una-tappa-da-fuga-probabili-volate-al-tour-of-britain-e-allo-zlm-tour-ma-occhio-al-vento-altra-frazione-mossa-in-turchia\/#respond"]}]},{"@type":"WebPage","@id":"https:\/\/cyclingpro.net\/spaziociclismo\/calendario\/spazio-agenda-il-programma-di-venerdi-4-settembre-alla-vuelta-una-tappa-da-fuga-probabili-volate-al-tour-of-britain-e-allo-zlm-tour-ma-occhio-al-vento-altra-frazione-mossa-in-turchia\/","url":"https:\/\/cyclingpro.net\/spaziociclismo\/calendario\/spazio-agenda-il-programma-di-venerdi-4-settembre-alla-vuelta-una-tappa-da-fuga-probabili-volate-al-tour-of-britain-e-allo-zlm-tour-ma-occhio-al-vento-altra-frazione-mossa-in-turchia\/","name":"Spazio Agenda, il programma di venerd\u00ec 4 settembre: alla Vuelta una tappa da fuga, probabili volate al Tour of Britain e allo ZLM Tour (ma occhio al vento), altra frazione mossa in Turchia - SpazioCiclismo","isPartOf":{"@id":"https:\/\/cyclingpro.net\/spaziociclismo\/#website"},"primaryImageOfPage":{"@id":"https:\/\/cyclingpro.net\/spaziociclismo\/calendario\/spazio-agenda-il-programma-di-venerdi-4-settembre-alla-vuelta-una-tappa-da-fuga-probabili-volate-al-tour-of-britain-e-allo-zlm-tour-ma-occhio-al-vento-altra-frazione-mossa-in-turchia\/#primaryimage"},"image":{"@id":"https:\/\/cyclingpro.net\/spaziociclismo\/calendario\/spazio-agenda-il-programma-di-venerdi-4-settembre-alla-vuelta-una-tappa-da-fuga-probabili-volate-al-tour-of-britain-e-allo-zlm-tour-ma-occhio-al-vento-altra-frazione-mossa-in-turchia\/#primaryimage"},"thumbnailUrl":"https:\/\/cyclingpro.net\/spaziociclismo\/wp-content\/uploads\/2026\/09\/1290034844-scaled.jpg","datePublished":"2026-09-04T07:00:10+00:00","dateModified":"2026-09-04T07:10:22+00:00","breadcrumb":{"@id":"https:\/\/cyclingpro.net\/spaziociclismo\/calendario\/spazio-agenda-il-programma-di-venerdi-4-settembre-alla-vuelta-una-tappa-da-fuga-probabili-volate-al-tour-of-britain-e-allo-zlm-tour-ma-occhio-al-vento-altra-frazione-mossa-in-turchia\/#breadcrumb"},"inLanguage":"it-IT","potentialAction":[{"@type":"ReadAction","target":["https:\/\/cyclingpro.net\/spaziociclismo\/calendario\/spazio-agenda-il-programma-di-venerdi-4-settembre-alla-vuelta-una-tappa-da-fuga-probabili-volate-al-tour-of-britain-e-allo-zlm-tour-ma-occhio-al-vento-altra-frazione-mossa-in-turchia\/"]}]},{"@type":"ImageObject","inLanguage":"it-IT","@id":"https:\/\/cyclingpro.net\/spaziociclismo\/calendario\/spazio-agenda-il-programma-di-venerdi-4-settembre-alla-vuelta-una-tappa-da-fuga-probabili-volate-al-tour-of-britain-e-allo-zlm-tour-ma-occhio-al-vento-altra-frazione-mossa-in-turchia\/#primaryimage","url":"https:\/\/cyclingpro.net\/spaziociclismo\/wp-content\/uploads\/2026\/09\/1290034844-scaled.jpg","contentUrl":"https:\/\/cyclingpro.net\/spaziociclismo\/wp-content\/uploads\/2026\/09\/1290034844-scaled.jpg","width":2560,"height":1707,"caption":"\u00a9 Sirotti"},{"@type":"BreadcrumbList","@id":"https:\/\/cyclingpro.net\/spaziociclismo\/calendario\/spazio-agenda-il-programma-di-venerdi-4-settembre-alla-vuelta-una-tappa-da-fuga-probabili-volate-al-tour-of-britain-e-allo-zlm-tour-ma-occhio-al-vento-altra-frazione-mossa-in-turchia\/#breadcrumb","itemListElement":[{"@type":"ListItem","position":1,"name":"Home","item":"https:\/\/cyclingpro.net\/spaziociclismo\/"},{"@type":"ListItem","position":2,"name":"Spazio Agenda, il programma di venerd\u00ec 4 settembre: alla Vuelta una tappa da fuga, probabili volate al Tour of Britain e allo ZLM Tour (ma occhio al vento), altra frazione mossa in Turchia"}]},{"@type":"WebSite","@id":"https:\/\/cyclingpro.net\/spaziociclismo\/#website","url":"https:\/\/cyclingpro.net\/spaziociclismo\/","name":"SpazioCiclismo","description":"Tutto il ciclismo minuto per minuto","publisher":{"@id":"https:\/\/cyclingpro.net\/spaziociclismo\/#organization"},"potentialAction":[{"@type":"SearchAction","target":{"@type":"EntryPoint","urlTemplate":"https:\/\/cyclingpro.net\/spaziociclismo\/?s={search_term_string}"},"query-input":{"@type":"PropertyValueSpecification","valueRequired":true,"valueName":"search_term_string"}}],"inLanguage":"it-IT"},{"@type":"Organization","@id":"https:\/\/cyclingpro.net\/spaziociclismo\/#organization","name":"SpazioCiclismo","url":"https:\/\/cyclingpro.net\/spaziociclismo\/","logo":{"@type":"ImageObject","inLanguage":"it-IT","@id":"https:\/\/cyclingpro.net\/spaziociclismo\/#\/schema\/logo\/image\/","url":"https:\/\/cyclingpro.net\/spaziociclismo\/wp-content\/uploads\/2017\/02\/SpazioCiclismo-Logo-Quadrato.png","contentUrl":"https:\/\/cyclingpro.net\/spaziociclismo\/wp-content\/uploads\/2017\/02\/SpazioCiclismo-Logo-Quadrato.png","width":450,"height":450,"caption":"SpazioCiclismo"},"image":{"@id":"https:\/\/cyclingpro.net\/spaziociclismo\/#\/schema\/logo\/image\/"},"sameAs":["https:\/\/www.facebook.com\/SpazioCiclismo\/","https:\/\/x.com\/spaziociclismo","https:\/\/www.instagram.com\/spaziociclismo\/"]},{"@type":"Person","@id":"https:\/\/cyclingpro.net\/spaziociclismo\/#\/schema\/person\/5b11f525424bc937dcd939655cae5de3","name":"Davide Filippi","image":{"@type":"ImageObject","inLanguage":"it-IT","@id":"https:\/\/secure.gravatar.com\/avatar\/acf38569376402ef43c46c36ea62f8a431f13c39fac703a2ed157f3bbfa5c1ab?s=96&d=mm&r=g","url":"https:\/\/secure.gravatar.com\/avatar\/acf38569376402ef43c46c36ea62f8a431f13c39fac703a2ed157f3bbfa5c1ab?s=96&d=mm&r=g","contentUrl":"https:\/\/secure.gravatar.com\/avatar\/acf38569376402ef43c46c36ea62f8a431f13c39fac703a2ed157f3bbfa5c1ab?s=96&d=mm&r=g","caption":"Davide Filippi"},"url":"https:\/\/cyclingpro.net\/spaziociclismo\/author\/dfilippi\/"}]}},"_links":{"self":[{"href":"https:\/\/cyclingpro.net\/spaziociclismo\/wp-json\/wp\/v2\/posts\/393576","targetHints":{"allow":["GET"]}}],"collection":[{"href":"https:\/\/cyclingpro.net\/spaziociclismo\/wp-json\/wp\/v2\/posts"}],"about":[{"href":"https:\/\/cyclingpro.net\/spaziociclismo\/wp-json\/wp\/v2\/types\/post"}],"author":[{"embeddable":true,"href":"https:\/\/cyclingpro.net\/spaziociclismo\/wp-json\/wp\/v2\/users\/27"}],"replies":[{"embeddable":true,"href":"https:\/\/cyclingpro.net\/spaziociclismo\/wp-json\/wp\/v2\/comments?post=393576"}],"version-history":[{"count":1,"href":"https:\/\/cyclingpro.net\/spaziociclismo\/wp-json\/wp\/v2\/posts\/393576\/revisions"}],"predecessor-version":[{"id":393583,"href":"https:\/\/cyclingpro.net\/spaziociclismo\/wp-json\/wp\/v2\/posts\/393576\/revisions\/393583"}],"wp:featuredmedia":[{"embeddable":true,"href":"https:\/\/cyclingpro.net\/spaziociclismo\/wp-json\/wp\/v2\/media\/393237"}],"wp:attachment":[{"href":"https:\/\/cyclingpro.net\/spaziociclismo\/wp-json\/wp\/v2\/media?parent=393576"}],"wp:term":[{"taxonomy":"category","embeddable":true,"href":"https:\/\/cyclingpro.net\/spaziociclismo\/wp-json\/wp\/v2\/categories?post=393576"},{"taxonomy":"post_tag","embeddable":true,"href":"https:\/\/cyclingpro.net\/spaziociclismo\/wp-json\/wp\/v2\/tags?post=393576"}],"curies":[{"name":"wp","href":"https:\/\/api.w.org\/{rel}","templated":true}]}}