{"id":393572,"date":"2026-09-04T08:10:30","date_gmt":"2026-09-04T06:10:30","guid":{"rendered":"https:\/\/cyclingpro.net\/spaziociclismo\/?p=393572"},"modified":"2026-09-04T08:14:55","modified_gmt":"2026-09-04T06:14:55","slug":"diretta-vuelta-a-espana-2026-live-tredicesima-tappa","status":"publish","type":"post","link":"https:\/\/cyclingpro.net\/spaziociclismo\/diretta\/diretta-vuelta-a-espana-2026-live-tredicesima-tappa\/","title":{"rendered":"DIRETTA Vuelta a Espa\u00f1a 2026 LIVE, Tredicesima Tappa"},"content":{"rendered":"<p>Amiche e amici appassionati di ciclismo, buongiorno e benvenuti alla<strong>\u00a0diretta testuale interattiva integrale<\/strong> della Tredicesima tappa della <strong>Vuelta a Espa\u00f1a 2026<\/strong>. Si corre oggi la Almu\u00f1\u00e9car &#8211;\u00a0Loja, frazione di 192,8 chilometri che, anche per via di un inizio piuttosto impegnativo, potrebbe sorridere soprattutto ai fuggitivi, mantenendo comunque aperta la possibilit\u00e0 di assistere a una volata tra sprinter resistenti. Anche se in programma ci sono circa 3400 metri di dislivello e tre GPM, l&#8217;ultimo di questi verr\u00e0 infatti superato a 37 chilometri dalla conclusione, lasciando quindi spazio alla possibile rimonta del gruppo nel finale in caso la fuga non sia particolarmente numerosa o che non sia riuscita a prendere molto vantaggio.<br \/>\nPer scoprire come andr\u00e0 la Tredicesima tappa della Vuelta a Espa\u00f1a 2026 baster\u00e0 seguire la nostra diretta, che propone un\u2019interfaccia <a href=\"https:\/\/cyclingpro.net\/spaziociclismo\/altro\/scopri-lapp-ufficiale-di-spaziociclismo\/\">disponibile anche nella nostra applicazione SpazioCiclismo<\/a>, presente negli store Android e Apple. Questo nostro sistema comprende il live tracking dei corridori e il distacco sempre aggiornato tra i vari protagonisti in corsa, nonch\u00e9 classifiche virtuali e i tempi aggiornati di ogni corridore durante le cronometro. Il nostro live della Tredicesima tappa della Vuelta a Espa\u00f1a 2026 comincer\u00e0 alle <strong>12:20<\/strong>, in concomitanza con l&#8217;inizio della corsa.<\/p>\n<p><strong>ORARIO DI ARRIVO (PREVISTO)<\/strong>: 17:16-17:45<br \/>\n<strong>DIRETTA TV E STREAMING<\/strong>: 14:45-18:00 Eurosport 1 \/ Discovery+ \/ HBO Max<br \/>\n<strong>HASHTAG UFFICIALE: <\/strong>#LaVuelta26<\/p>\n<h2>Meteo previsto Tredicesima Tappa Vuelta a Espa\u00f1a 2026<\/h2>\n<p>Soleggiato. Possibilit\u00e0 di precipitazioni: 0%. Umidit\u00e0: 54%. Vento direzione SE fino a 14 km\/h. Temperatura prevista: minima 27\u00b0, massima 37\u00b0.<\/p>\n<h2>Salite Tredicesima Tappa Vuelta a Espa\u00f1a 2026<\/h2>\n<table style=\"height: 156px; width: 100%;\" border=\"0\" rules=\"NONE\" cellspacing=\"0\" cellpadding=\"0\">\n<colgroup>\n<col width=\"33\" \/>\n<col width=\"252\" \/>\n<col width=\"176\" \/>\n<col width=\"42\" \/>\n<col width=\"63\" \/>\n<col width=\"47\" \/>\n<col width=\"86\" \/>\n<col width=\"86\" \/>\n<col width=\"86\" \/>\n<col width=\"86\" \/>\n<col width=\"86\" \/><\/colgroup>\n<tbody>\n<tr style=\"height: 10px;\">\n<td style=\"width: 28.3118%; height: 10px;\"><strong>NOME<\/strong><\/td>\n<td style=\"width: 6.42341%; text-align: center; height: 10px;\"><strong>CAT<\/strong><\/td>\n<td style=\"width: 13.6301%; text-align: center; height: 10px;\"><strong>QUOTA<\/strong><\/td>\n<td style=\"width: 11.8812%; text-align: center; height: 10px;\"><strong>GPM<\/strong><\/td>\n<td style=\"width: 9.85877%; text-align: center; height: 10px;\"><strong>INIZIO<\/strong><\/td>\n<td style=\"width: 8.18831%; text-align: center; height: 10px;\"><strong>LUNGH<\/strong><\/td>\n<td style=\"width: 11.2728%; text-align: center; height: 10px;\"><strong>DISLIVELLO<\/strong><\/td>\n<td style=\"width: 52.1545%; text-align: center; height: 10px;\"><strong>%MEDIA<\/strong><\/td>\n<\/tr>\n<tr style=\"height: 24px;\">\n<td style=\"height: 24px; width: 28.3118%;\" align=\"LEFT\">Alto de la Venta de la Cebada<\/td>\n<td style=\"height: 24px; width: 6.42341%; text-align: center;\" align=\"CENTER\">1<\/td>\n<td style=\"height: 24px; width: 13.6301%; text-align: center;\" align=\"CENTER\">820<\/td>\n<td style=\"height: 24px; width: 11.8812%; text-align: center;\" align=\"RIGHT\">31,2<\/td>\n<td style=\"height: 24px; width: 9.85877%; text-align: center;\" align=\"RIGHT\">17,1<\/td>\n<td style=\"height: 24px; width: 8.18831%; text-align: center;\" align=\"RIGHT\">14,1<\/td>\n<td style=\"width: 11.2728%; height: 24px; text-align: center;\">722<\/td>\n<td style=\"height: 24px; width: 52.1545%; text-align: center;\" align=\"RIGHT\">5,1%<\/td>\n<\/tr>\n<tr style=\"height: 38px;\">\n<td style=\"width: 28.3118%; height: 38px;\">Alto del Legionario<\/td>\n<td style=\"width: 6.42341%; text-align: center; height: 38px;\">2<\/td>\n<td style=\"width: 13.6301%; text-align: center; height: 38px;\">1348<\/td>\n<td style=\"width: 11.8812%; text-align: center; height: 38px;\">83,4<\/td>\n<td style=\"width: 9.85877%; text-align: center; height: 38px;\">67,8<\/td>\n<td style=\"width: 8.18831%; text-align: center; height: 38px;\">15,6<\/td>\n<td style=\"width: 11.2728%; text-align: center; height: 38px;\">490<\/td>\n<td style=\"width: 52.1545%; text-align: center; height: 38px;\">3,1%<\/td>\n<\/tr>\n<tr style=\"height: 38px;\">\n<td style=\"width: 28.3118%; height: 38px;\">Puerto de Granada<\/td>\n<td style=\"width: 6.42341%; text-align: center; height: 38px;\">2<\/td>\n<td style=\"width: 13.6301%; text-align: center; height: 38px;\">1038<\/td>\n<td style=\"width: 11.8812%; text-align: center; height: 38px;\">155,4<\/td>\n<td style=\"width: 9.85877%; text-align: center; height: 38px;\">148<\/td>\n<td style=\"width: 8.18831%; text-align: center; height: 38px;\">7,4<\/td>\n<td style=\"width: 11.2728%; text-align: center; height: 38px;\">415<\/td>\n<td style=\"width: 52.1545%; text-align: center; height: 38px;\">5,6%<\/td>\n<\/tr>\n<\/tbody>\n<\/table>\n<h2><span style=\"font-size: 22px;\">Borsino dei Favoriti Tredicesima Tappa Vuelta a Espa\u00f1a 2026\u00a0<\/span><\/h2>\n<p>***** Wout Van Aert<br \/>\n**** Magnus Cort, Alessandro Romele<br \/>\n*** Matthew Brennan, Axel Laurance, Bastien Tronchon<br \/>\n** Bryan Coquard, Finn Fischer-Black, Pau Miquel, Thibau Nys<br \/>\n* Vincenzo Albanese, Orluis Aular, Marcel Camprub\u00ec, Andreas Kron, Jordan Labrosse<\/p>\n<h2>Diretta Tredicesima Tappa Vuelta a Espa\u00f1a 2026 LIVE<\/h2>\n<p><iframe loading=\"lazy\" src=\"https:\/\/secure.cyclingprodata.com\/widgets\/latest\/widgets.html?type=webapp&amp;language=it&amp;tour_id=1072&amp;stage_number=13&amp;show_gradients=true&amp;include_fantasy_standings=true&amp;use_tours_sponsor_images=false&amp;include_logo_bar=false&amp;include_full_screen=true&amp;allowfullscreen=true&quot;\" width=\"100%\" height=\"900\" allowfullscreen=\"allowfullscreen\" data-mce-fragment=\"1\"><span data-mce-type=\"bookmark\" style=\"display: inline-block; width: 0px; overflow: hidden; line-height: 0;\" class=\"mce_SELRES_start\">\ufeff<\/span><span style=\"display: inline-block; width: 0px; overflow: hidden; line-height: 0;\" data-mce-type=\"bookmark\" class=\"mce_SELRES_start\">\ufeff<\/span><span style=\"display: inline-block; width: 0px; overflow: hidden; line-height: 0;\" data-mce-type=\"bookmark\" class=\"mce_SELRES_start\">\ufeff<\/span><span style=\"display: inline-block; width: 0px; overflow: hidden; line-height: 0;\" data-mce-type=\"bookmark\" class=\"mce_SELRES_start\">\ufeff<\/span><span data-mce-type=\"bookmark\" style=\"display: inline-block; width: 0px; overflow: hidden; line-height: 0;\" class=\"mce_SELRES_start\">\ufeff<\/span><span style=\"display: inline-block; width: 0px; overflow: hidden; line-height: 0;\" data-mce-type=\"bookmark\" class=\"mce_SELRES_start\">\ufeff<\/span><span data-mce-type=\"bookmark\" style=\"display: inline-block; width: 0px; overflow: hidden; line-height: 0;\" class=\"mce_SELRES_start\">\ufeff<\/span><span data-mce-type=\"bookmark\" style=\"display: inline-block; width: 0px; overflow: hidden; line-height: 0;\" class=\"mce_SELRES_start\">\ufeff<\/span><span data-mce-type=\"bookmark\" style=\"display: inline-block; width: 0px; overflow: hidden; line-height: 0;\" class=\"mce_SELRES_start\">\ufeff<\/span><span style=\"display: inline-block; width: 0px; overflow: hidden; line-height: 0;\" data-mce-type=\"bookmark\" class=\"mce_SELRES_start\">\ufeff<\/span><span style=\"display: inline-block; width: 0px; overflow: hidden; line-height: 0;\" data-mce-type=\"bookmark\" class=\"mce_SELRES_start\">\ufeff<\/span><span style=\"display: inline-block; width: 0px; overflow: hidden; line-height: 0;\" data-mce-type=\"bookmark\" class=\"mce_SELRES_start\">\ufeff<\/span><span style=\"display: inline-block; width: 0px; overflow: hidden; line-height: 0;\" data-mce-type=\"bookmark\" class=\"mce_SELRES_start\">\ufeff<\/span><span data-mce-type=\"bookmark\" style=\"display: inline-block; width: 0px; overflow: hidden; line-height: 0;\" class=\"mce_SELRES_start\">\ufeff<\/span><span data-mce-type=\"bookmark\" style=\"display: inline-block; width: 0px; overflow: hidden; line-height: 0;\" class=\"mce_SELRES_start\">\ufeff<\/span><span data-mce-type=\"bookmark\" style=\"display: inline-block; width: 0px; overflow: hidden; line-height: 0;\" class=\"mce_SELRES_start\">\ufeff<\/span><span data-mce-type=\"bookmark\" style=\"display: inline-block; width: 0px; overflow: hidden; line-height: 0;\" class=\"mce_SELRES_start\">\ufeff<\/span><span data-mce-type=\"bookmark\" style=\"display: inline-block; width: 0px; overflow: hidden; line-height: 0;\" class=\"mce_SELRES_start\">\ufeff<\/span><span data-mce-type=\"bookmark\" style=\"display: inline-block; width: 0px; overflow: hidden; line-height: 0;\" class=\"mce_SELRES_start\">\ufeff<\/span><span data-mce-type=\"bookmark\" style=\"display: inline-block; width: 0px; overflow: hidden; line-height: 0;\" class=\"mce_SELRES_start\">\ufeff<\/span><span data-mce-type=\"bookmark\" style=\"display: inline-block; width: 0px; overflow: hidden; line-height: 0;\" class=\"mce_SELRES_start\">\ufeff<\/span><span data-mce-type=\"bookmark\" style=\"display: inline-block; width: 0px; overflow: hidden; line-height: 0;\" class=\"mce_SELRES_start\">\ufeff<\/span><span data-mce-type=\"bookmark\" style=\"display: inline-block; width: 0px; overflow: hidden; line-height: 0;\" class=\"mce_SELRES_start\">\ufeff<\/span><\/iframe><\/p>\n","protected":false},"excerpt":{"rendered":"<p>Appuntamento dalle 12:20 con la diretta testuale della tappa numero 13 de #LaVuelta26<\/p>\n","protected":false},"author":27,"featured_media":392813,"comment_status":"open","ping_status":"closed","sticky":false,"template":"","format":"standard","meta":{"footnotes":"","_members_access_role":[],"_members_access_error":""},"categories":[7,21,6589],"tags":[5752],"class_list":["post-393572","post","type-post","status-publish","format-standard","has-post-thumbnail","hentry","category-diretta","category-vetrina","category-vuelta-2026","tag-vuelta-a-espana-2026"],"yoast_head":"<!-- This site is optimized with the Yoast SEO plugin v28.4 - https:\/\/yoast.com\/product\/yoast-seo-wordpress\/ -->\n<title>DIRETTA Vuelta a Espa\u00f1a 2026 LIVE, Tredicesima Tappa - SpazioCiclismo<\/title>\n<meta name=\"robots\" content=\"index, follow, max-snippet:-1, max-image-preview:large, max-video-preview:-1\" \/>\n<link rel=\"canonical\" href=\"https:\/\/cyclingpro.net\/spaziociclismo\/diretta\/diretta-vuelta-a-espana-2026-live-tredicesima-tappa\/\" \/>\n<meta property=\"og:locale\" content=\"it_IT\" \/>\n<meta property=\"og:type\" content=\"article\" \/>\n<meta property=\"og:title\" content=\"DIRETTA Vuelta a Espa\u00f1a 2026 LIVE, Tredicesima Tappa - SpazioCiclismo\" \/>\n<meta property=\"og:description\" content=\"Appuntamento dalle 12:20 con la diretta testuale della tappa numero 13 de #LaVuelta26\" \/>\n<meta property=\"og:url\" content=\"https:\/\/cyclingpro.net\/spaziociclismo\/diretta\/diretta-vuelta-a-espana-2026-live-tredicesima-tappa\/\" \/>\n<meta property=\"og:site_name\" content=\"SpazioCiclismo\" \/>\n<meta property=\"article:publisher\" content=\"https:\/\/www.facebook.com\/SpazioCiclismo\/\" \/>\n<meta property=\"article:published_time\" content=\"2026-09-04T06:10:30+00:00\" \/>\n<meta property=\"article:modified_time\" content=\"2026-09-04T06:14:55+00:00\" \/>\n<meta property=\"og:image\" content=\"https:\/\/cyclingpro.net\/spaziociclismo\/wp-content\/uploads\/2026\/08\/1289307244-scaled.jpg\" \/>\n\t<meta property=\"og:image:width\" content=\"2560\" \/>\n\t<meta property=\"og:image:height\" content=\"1707\" \/>\n\t<meta property=\"og:image:type\" content=\"image\/jpeg\" \/>\n<meta name=\"author\" content=\"Davide Filippi\" \/>\n<meta name=\"twitter:card\" content=\"summary_large_image\" \/>\n<meta name=\"twitter:creator\" content=\"@spaziociclismo\" \/>\n<meta name=\"twitter:site\" content=\"@spaziociclismo\" \/>\n<meta name=\"twitter:label1\" content=\"Scritto da\" \/>\n\t<meta name=\"twitter:data1\" content=\"Davide Filippi\" \/>\n\t<meta name=\"twitter:label2\" content=\"Tempo di lettura stimato\" \/>\n\t<meta name=\"twitter:data2\" content=\"3 minuti\" \/>\n<script type=\"application\/ld+json\" class=\"yoast-schema-graph\">{\"@context\":\"https:\\\/\\\/schema.org\",\"@graph\":[{\"@type\":\"Article\",\"@id\":\"https:\\\/\\\/cyclingpro.net\\\/spaziociclismo\\\/diretta\\\/diretta-vuelta-a-espana-2026-live-tredicesima-tappa\\\/#article\",\"isPartOf\":{\"@id\":\"https:\\\/\\\/cyclingpro.net\\\/spaziociclismo\\\/diretta\\\/diretta-vuelta-a-espana-2026-live-tredicesima-tappa\\\/\"},\"author\":{\"name\":\"Davide Filippi\",\"@id\":\"https:\\\/\\\/cyclingpro.net\\\/spaziociclismo\\\/#\\\/schema\\\/person\\\/5b11f525424bc937dcd939655cae5de3\"},\"headline\":\"DIRETTA Vuelta a Espa\u00f1a 2026 LIVE, Tredicesima Tappa\",\"datePublished\":\"2026-09-04T06:10:30+00:00\",\"dateModified\":\"2026-09-04T06:14:55+00:00\",\"mainEntityOfPage\":{\"@id\":\"https:\\\/\\\/cyclingpro.net\\\/spaziociclismo\\\/diretta\\\/diretta-vuelta-a-espana-2026-live-tredicesima-tappa\\\/\"},\"wordCount\":322,\"commentCount\":0,\"publisher\":{\"@id\":\"https:\\\/\\\/cyclingpro.net\\\/spaziociclismo\\\/#organization\"},\"image\":{\"@id\":\"https:\\\/\\\/cyclingpro.net\\\/spaziociclismo\\\/diretta\\\/diretta-vuelta-a-espana-2026-live-tredicesima-tappa\\\/#primaryimage\"},\"thumbnailUrl\":\"https:\\\/\\\/cyclingpro.net\\\/spaziociclismo\\\/wp-content\\\/uploads\\\/2026\\\/08\\\/1289307244-scaled.jpg\",\"keywords\":[\"Vuelta a Espa\u00f1a 2026\"],\"articleSection\":[\"Diretta\",\"Vetrina\",\"Vuelta 2026\"],\"inLanguage\":\"it-IT\",\"potentialAction\":[{\"@type\":\"CommentAction\",\"name\":\"Comment\",\"target\":[\"https:\\\/\\\/cyclingpro.net\\\/spaziociclismo\\\/diretta\\\/diretta-vuelta-a-espana-2026-live-tredicesima-tappa\\\/#respond\"]}]},{\"@type\":\"WebPage\",\"@id\":\"https:\\\/\\\/cyclingpro.net\\\/spaziociclismo\\\/diretta\\\/diretta-vuelta-a-espana-2026-live-tredicesima-tappa\\\/\",\"url\":\"https:\\\/\\\/cyclingpro.net\\\/spaziociclismo\\\/diretta\\\/diretta-vuelta-a-espana-2026-live-tredicesima-tappa\\\/\",\"name\":\"DIRETTA Vuelta a Espa\u00f1a 2026 LIVE, Tredicesima Tappa - SpazioCiclismo\",\"isPartOf\":{\"@id\":\"https:\\\/\\\/cyclingpro.net\\\/spaziociclismo\\\/#website\"},\"primaryImageOfPage\":{\"@id\":\"https:\\\/\\\/cyclingpro.net\\\/spaziociclismo\\\/diretta\\\/diretta-vuelta-a-espana-2026-live-tredicesima-tappa\\\/#primaryimage\"},\"image\":{\"@id\":\"https:\\\/\\\/cyclingpro.net\\\/spaziociclismo\\\/diretta\\\/diretta-vuelta-a-espana-2026-live-tredicesima-tappa\\\/#primaryimage\"},\"thumbnailUrl\":\"https:\\\/\\\/cyclingpro.net\\\/spaziociclismo\\\/wp-content\\\/uploads\\\/2026\\\/08\\\/1289307244-scaled.jpg\",\"datePublished\":\"2026-09-04T06:10:30+00:00\",\"dateModified\":\"2026-09-04T06:14:55+00:00\",\"breadcrumb\":{\"@id\":\"https:\\\/\\\/cyclingpro.net\\\/spaziociclismo\\\/diretta\\\/diretta-vuelta-a-espana-2026-live-tredicesima-tappa\\\/#breadcrumb\"},\"inLanguage\":\"it-IT\",\"potentialAction\":[{\"@type\":\"ReadAction\",\"target\":[\"https:\\\/\\\/cyclingpro.net\\\/spaziociclismo\\\/diretta\\\/diretta-vuelta-a-espana-2026-live-tredicesima-tappa\\\/\"]}]},{\"@type\":\"ImageObject\",\"inLanguage\":\"it-IT\",\"@id\":\"https:\\\/\\\/cyclingpro.net\\\/spaziociclismo\\\/diretta\\\/diretta-vuelta-a-espana-2026-live-tredicesima-tappa\\\/#primaryimage\",\"url\":\"https:\\\/\\\/cyclingpro.net\\\/spaziociclismo\\\/wp-content\\\/uploads\\\/2026\\\/08\\\/1289307244-scaled.jpg\",\"contentUrl\":\"https:\\\/\\\/cyclingpro.net\\\/spaziociclismo\\\/wp-content\\\/uploads\\\/2026\\\/08\\\/1289307244-scaled.jpg\",\"width\":2560,\"height\":1707,\"caption\":\"\u00a9 Sirotti\"},{\"@type\":\"BreadcrumbList\",\"@id\":\"https:\\\/\\\/cyclingpro.net\\\/spaziociclismo\\\/diretta\\\/diretta-vuelta-a-espana-2026-live-tredicesima-tappa\\\/#breadcrumb\",\"itemListElement\":[{\"@type\":\"ListItem\",\"position\":1,\"name\":\"Home\",\"item\":\"https:\\\/\\\/cyclingpro.net\\\/spaziociclismo\\\/\"},{\"@type\":\"ListItem\",\"position\":2,\"name\":\"DIRETTA Vuelta a Espa\u00f1a 2026 LIVE, Tredicesima Tappa\"}]},{\"@type\":\"WebSite\",\"@id\":\"https:\\\/\\\/cyclingpro.net\\\/spaziociclismo\\\/#website\",\"url\":\"https:\\\/\\\/cyclingpro.net\\\/spaziociclismo\\\/\",\"name\":\"SpazioCiclismo\",\"description\":\"Tutto il ciclismo minuto per minuto\",\"publisher\":{\"@id\":\"https:\\\/\\\/cyclingpro.net\\\/spaziociclismo\\\/#organization\"},\"potentialAction\":[{\"@type\":\"SearchAction\",\"target\":{\"@type\":\"EntryPoint\",\"urlTemplate\":\"https:\\\/\\\/cyclingpro.net\\\/spaziociclismo\\\/?s={search_term_string}\"},\"query-input\":{\"@type\":\"PropertyValueSpecification\",\"valueRequired\":true,\"valueName\":\"search_term_string\"}}],\"inLanguage\":\"it-IT\"},{\"@type\":\"Organization\",\"@id\":\"https:\\\/\\\/cyclingpro.net\\\/spaziociclismo\\\/#organization\",\"name\":\"SpazioCiclismo\",\"url\":\"https:\\\/\\\/cyclingpro.net\\\/spaziociclismo\\\/\",\"logo\":{\"@type\":\"ImageObject\",\"inLanguage\":\"it-IT\",\"@id\":\"https:\\\/\\\/cyclingpro.net\\\/spaziociclismo\\\/#\\\/schema\\\/logo\\\/image\\\/\",\"url\":\"https:\\\/\\\/cyclingpro.net\\\/spaziociclismo\\\/wp-content\\\/uploads\\\/2017\\\/02\\\/SpazioCiclismo-Logo-Quadrato.png\",\"contentUrl\":\"https:\\\/\\\/cyclingpro.net\\\/spaziociclismo\\\/wp-content\\\/uploads\\\/2017\\\/02\\\/SpazioCiclismo-Logo-Quadrato.png\",\"width\":450,\"height\":450,\"caption\":\"SpazioCiclismo\"},\"image\":{\"@id\":\"https:\\\/\\\/cyclingpro.net\\\/spaziociclismo\\\/#\\\/schema\\\/logo\\\/image\\\/\"},\"sameAs\":[\"https:\\\/\\\/www.facebook.com\\\/SpazioCiclismo\\\/\",\"https:\\\/\\\/x.com\\\/spaziociclismo\",\"https:\\\/\\\/www.instagram.com\\\/spaziociclismo\\\/\"]},{\"@type\":\"Person\",\"@id\":\"https:\\\/\\\/cyclingpro.net\\\/spaziociclismo\\\/#\\\/schema\\\/person\\\/5b11f525424bc937dcd939655cae5de3\",\"name\":\"Davide Filippi\",\"image\":{\"@type\":\"ImageObject\",\"inLanguage\":\"it-IT\",\"@id\":\"https:\\\/\\\/secure.gravatar.com\\\/avatar\\\/acf38569376402ef43c46c36ea62f8a431f13c39fac703a2ed157f3bbfa5c1ab?s=96&d=mm&r=g\",\"url\":\"https:\\\/\\\/secure.gravatar.com\\\/avatar\\\/acf38569376402ef43c46c36ea62f8a431f13c39fac703a2ed157f3bbfa5c1ab?s=96&d=mm&r=g\",\"contentUrl\":\"https:\\\/\\\/secure.gravatar.com\\\/avatar\\\/acf38569376402ef43c46c36ea62f8a431f13c39fac703a2ed157f3bbfa5c1ab?s=96&d=mm&r=g\",\"caption\":\"Davide Filippi\"},\"url\":\"https:\\\/\\\/cyclingpro.net\\\/spaziociclismo\\\/author\\\/dfilippi\\\/\"}]}<\/script>\n<!-- \/ Yoast SEO plugin. -->","yoast_head_json":{"title":"DIRETTA Vuelta a Espa\u00f1a 2026 LIVE, Tredicesima Tappa - SpazioCiclismo","robots":{"index":"index","follow":"follow","max-snippet":"max-snippet:-1","max-image-preview":"max-image-preview:large","max-video-preview":"max-video-preview:-1"},"canonical":"https:\/\/cyclingpro.net\/spaziociclismo\/diretta\/diretta-vuelta-a-espana-2026-live-tredicesima-tappa\/","og_locale":"it_IT","og_type":"article","og_title":"DIRETTA Vuelta a Espa\u00f1a 2026 LIVE, Tredicesima Tappa - SpazioCiclismo","og_description":"Appuntamento dalle 12:20 con la diretta testuale della tappa numero 13 de #LaVuelta26","og_url":"https:\/\/cyclingpro.net\/spaziociclismo\/diretta\/diretta-vuelta-a-espana-2026-live-tredicesima-tappa\/","og_site_name":"SpazioCiclismo","article_publisher":"https:\/\/www.facebook.com\/SpazioCiclismo\/","article_published_time":"2026-09-04T06:10:30+00:00","article_modified_time":"2026-09-04T06:14:55+00:00","og_image":[{"width":2560,"height":1707,"url":"https:\/\/cyclingpro.net\/spaziociclismo\/wp-content\/uploads\/2026\/08\/1289307244-scaled.jpg","type":"image\/jpeg"}],"author":"Davide Filippi","twitter_card":"summary_large_image","twitter_creator":"@spaziociclismo","twitter_site":"@spaziociclismo","twitter_misc":{"Scritto da":"Davide Filippi","Tempo di lettura stimato":"3 minuti"},"schema":{"@context":"https:\/\/schema.org","@graph":[{"@type":"Article","@id":"https:\/\/cyclingpro.net\/spaziociclismo\/diretta\/diretta-vuelta-a-espana-2026-live-tredicesima-tappa\/#article","isPartOf":{"@id":"https:\/\/cyclingpro.net\/spaziociclismo\/diretta\/diretta-vuelta-a-espana-2026-live-tredicesima-tappa\/"},"author":{"name":"Davide Filippi","@id":"https:\/\/cyclingpro.net\/spaziociclismo\/#\/schema\/person\/5b11f525424bc937dcd939655cae5de3"},"headline":"DIRETTA Vuelta a Espa\u00f1a 2026 LIVE, Tredicesima Tappa","datePublished":"2026-09-04T06:10:30+00:00","dateModified":"2026-09-04T06:14:55+00:00","mainEntityOfPage":{"@id":"https:\/\/cyclingpro.net\/spaziociclismo\/diretta\/diretta-vuelta-a-espana-2026-live-tredicesima-tappa\/"},"wordCount":322,"commentCount":0,"publisher":{"@id":"https:\/\/cyclingpro.net\/spaziociclismo\/#organization"},"image":{"@id":"https:\/\/cyclingpro.net\/spaziociclismo\/diretta\/diretta-vuelta-a-espana-2026-live-tredicesima-tappa\/#primaryimage"},"thumbnailUrl":"https:\/\/cyclingpro.net\/spaziociclismo\/wp-content\/uploads\/2026\/08\/1289307244-scaled.jpg","keywords":["Vuelta a Espa\u00f1a 2026"],"articleSection":["Diretta","Vetrina","Vuelta 2026"],"inLanguage":"it-IT","potentialAction":[{"@type":"CommentAction","name":"Comment","target":["https:\/\/cyclingpro.net\/spaziociclismo\/diretta\/diretta-vuelta-a-espana-2026-live-tredicesima-tappa\/#respond"]}]},{"@type":"WebPage","@id":"https:\/\/cyclingpro.net\/spaziociclismo\/diretta\/diretta-vuelta-a-espana-2026-live-tredicesima-tappa\/","url":"https:\/\/cyclingpro.net\/spaziociclismo\/diretta\/diretta-vuelta-a-espana-2026-live-tredicesima-tappa\/","name":"DIRETTA Vuelta a Espa\u00f1a 2026 LIVE, Tredicesima Tappa - SpazioCiclismo","isPartOf":{"@id":"https:\/\/cyclingpro.net\/spaziociclismo\/#website"},"primaryImageOfPage":{"@id":"https:\/\/cyclingpro.net\/spaziociclismo\/diretta\/diretta-vuelta-a-espana-2026-live-tredicesima-tappa\/#primaryimage"},"image":{"@id":"https:\/\/cyclingpro.net\/spaziociclismo\/diretta\/diretta-vuelta-a-espana-2026-live-tredicesima-tappa\/#primaryimage"},"thumbnailUrl":"https:\/\/cyclingpro.net\/spaziociclismo\/wp-content\/uploads\/2026\/08\/1289307244-scaled.jpg","datePublished":"2026-09-04T06:10:30+00:00","dateModified":"2026-09-04T06:14:55+00:00","breadcrumb":{"@id":"https:\/\/cyclingpro.net\/spaziociclismo\/diretta\/diretta-vuelta-a-espana-2026-live-tredicesima-tappa\/#breadcrumb"},"inLanguage":"it-IT","potentialAction":[{"@type":"ReadAction","target":["https:\/\/cyclingpro.net\/spaziociclismo\/diretta\/diretta-vuelta-a-espana-2026-live-tredicesima-tappa\/"]}]},{"@type":"ImageObject","inLanguage":"it-IT","@id":"https:\/\/cyclingpro.net\/spaziociclismo\/diretta\/diretta-vuelta-a-espana-2026-live-tredicesima-tappa\/#primaryimage","url":"https:\/\/cyclingpro.net\/spaziociclismo\/wp-content\/uploads\/2026\/08\/1289307244-scaled.jpg","contentUrl":"https:\/\/cyclingpro.net\/spaziociclismo\/wp-content\/uploads\/2026\/08\/1289307244-scaled.jpg","width":2560,"height":1707,"caption":"\u00a9 Sirotti"},{"@type":"BreadcrumbList","@id":"https:\/\/cyclingpro.net\/spaziociclismo\/diretta\/diretta-vuelta-a-espana-2026-live-tredicesima-tappa\/#breadcrumb","itemListElement":[{"@type":"ListItem","position":1,"name":"Home","item":"https:\/\/cyclingpro.net\/spaziociclismo\/"},{"@type":"ListItem","position":2,"name":"DIRETTA Vuelta a Espa\u00f1a 2026 LIVE, Tredicesima Tappa"}]},{"@type":"WebSite","@id":"https:\/\/cyclingpro.net\/spaziociclismo\/#website","url":"https:\/\/cyclingpro.net\/spaziociclismo\/","name":"SpazioCiclismo","description":"Tutto il ciclismo minuto per minuto","publisher":{"@id":"https:\/\/cyclingpro.net\/spaziociclismo\/#organization"},"potentialAction":[{"@type":"SearchAction","target":{"@type":"EntryPoint","urlTemplate":"https:\/\/cyclingpro.net\/spaziociclismo\/?s={search_term_string}"},"query-input":{"@type":"PropertyValueSpecification","valueRequired":true,"valueName":"search_term_string"}}],"inLanguage":"it-IT"},{"@type":"Organization","@id":"https:\/\/cyclingpro.net\/spaziociclismo\/#organization","name":"SpazioCiclismo","url":"https:\/\/cyclingpro.net\/spaziociclismo\/","logo":{"@type":"ImageObject","inLanguage":"it-IT","@id":"https:\/\/cyclingpro.net\/spaziociclismo\/#\/schema\/logo\/image\/","url":"https:\/\/cyclingpro.net\/spaziociclismo\/wp-content\/uploads\/2017\/02\/SpazioCiclismo-Logo-Quadrato.png","contentUrl":"https:\/\/cyclingpro.net\/spaziociclismo\/wp-content\/uploads\/2017\/02\/SpazioCiclismo-Logo-Quadrato.png","width":450,"height":450,"caption":"SpazioCiclismo"},"image":{"@id":"https:\/\/cyclingpro.net\/spaziociclismo\/#\/schema\/logo\/image\/"},"sameAs":["https:\/\/www.facebook.com\/SpazioCiclismo\/","https:\/\/x.com\/spaziociclismo","https:\/\/www.instagram.com\/spaziociclismo\/"]},{"@type":"Person","@id":"https:\/\/cyclingpro.net\/spaziociclismo\/#\/schema\/person\/5b11f525424bc937dcd939655cae5de3","name":"Davide Filippi","image":{"@type":"ImageObject","inLanguage":"it-IT","@id":"https:\/\/secure.gravatar.com\/avatar\/acf38569376402ef43c46c36ea62f8a431f13c39fac703a2ed157f3bbfa5c1ab?s=96&d=mm&r=g","url":"https:\/\/secure.gravatar.com\/avatar\/acf38569376402ef43c46c36ea62f8a431f13c39fac703a2ed157f3bbfa5c1ab?s=96&d=mm&r=g","contentUrl":"https:\/\/secure.gravatar.com\/avatar\/acf38569376402ef43c46c36ea62f8a431f13c39fac703a2ed157f3bbfa5c1ab?s=96&d=mm&r=g","caption":"Davide Filippi"},"url":"https:\/\/cyclingpro.net\/spaziociclismo\/author\/dfilippi\/"}]}},"_links":{"self":[{"href":"https:\/\/cyclingpro.net\/spaziociclismo\/wp-json\/wp\/v2\/posts\/393572","targetHints":{"allow":["GET"]}}],"collection":[{"href":"https:\/\/cyclingpro.net\/spaziociclismo\/wp-json\/wp\/v2\/posts"}],"about":[{"href":"https:\/\/cyclingpro.net\/spaziociclismo\/wp-json\/wp\/v2\/types\/post"}],"author":[{"embeddable":true,"href":"https:\/\/cyclingpro.net\/spaziociclismo\/wp-json\/wp\/v2\/users\/27"}],"replies":[{"embeddable":true,"href":"https:\/\/cyclingpro.net\/spaziociclismo\/wp-json\/wp\/v2\/comments?post=393572"}],"version-history":[{"count":1,"href":"https:\/\/cyclingpro.net\/spaziociclismo\/wp-json\/wp\/v2\/posts\/393572\/revisions"}],"predecessor-version":[{"id":393575,"href":"https:\/\/cyclingpro.net\/spaziociclismo\/wp-json\/wp\/v2\/posts\/393572\/revisions\/393575"}],"wp:featuredmedia":[{"embeddable":true,"href":"https:\/\/cyclingpro.net\/spaziociclismo\/wp-json\/wp\/v2\/media\/392813"}],"wp:attachment":[{"href":"https:\/\/cyclingpro.net\/spaziociclismo\/wp-json\/wp\/v2\/media?parent=393572"}],"wp:term":[{"taxonomy":"category","embeddable":true,"href":"https:\/\/cyclingpro.net\/spaziociclismo\/wp-json\/wp\/v2\/categories?post=393572"},{"taxonomy":"post_tag","embeddable":true,"href":"https:\/\/cyclingpro.net\/spaziociclismo\/wp-json\/wp\/v2\/tags?post=393572"}],"curies":[{"name":"wp","href":"https:\/\/api.w.org\/{rel}","templated":true}]}}