{"id":393538,"date":"2026-09-03T18:32:15","date_gmt":"2026-09-03T16:32:15","guid":{"rendered":"https:\/\/cyclingpro.net\/spaziociclismo\/?p=393538"},"modified":"2026-09-03T18:32:15","modified_gmt":"2026-09-03T16:32:15","slug":"vuelta-a-espana-2026-enric-mas-siamo-riusciti-a-seguire-il-nostro-piano-iniziale-il-risultato-di-oggi-e-quello-che-speravamo","status":"publish","type":"post","link":"https:\/\/cyclingpro.net\/spaziociclismo\/vuelta-2026\/vuelta-a-espana-2026-enric-mas-siamo-riusciti-a-seguire-il-nostro-piano-iniziale-il-risultato-di-oggi-e-quello-che-speravamo\/","title":{"rendered":"Vuelta a Espa\u00f1a 2026, Enric Mas: &#8220;Siamo riusciti a seguire il nostro piano iniziale. Il risultato di oggi \u00e8 quello che speravamo&#8221;"},"content":{"rendered":"<p><strong>Enric Mas\u00a0<\/strong>si conferma il pi\u00f9 forte tra gli uomini di classifica alla <strong>Vuelta a Espa\u00f1a 2026<\/strong>. Il capitano del\u00a0<strong>Movistar Team\u00a0<\/strong>ha consolidato il proprio vantaggio sugli inseguitori <a href=\"https:\/\/cyclingpro.net\/spaziociclismo\/sintesi-gare\/vuelta-a-espana-2026-jakob-omrzel-doma-la-fuga-e-vince-a-calar-alto-enric-mas-attacca-e-consolida-la-maglia-rossa\/\" target=\"_blank\" rel=\"noopener\">nel corso della dodicesima tappa<\/a>, prima rispondendo all&#8217;attacco di\u00a0<strong><a href=\"https:\/\/cyclingpro.net\/spaziociclismo\/vuelta-2026\/vuelta-a-espana-2026-felix-gall-enric-mas-sta-gestendo-perfettamente-la-maglia-rossa-oggi-volevamo-staccare-qualche-avversario-per-il-podio\/\" target=\"_blank\" rel=\"noopener\">Felix Gall<\/a>\u00a0<\/strong>(Decathlon CMA CGM) e poi allungando a sua volta a una decina di chilometri dalla conclusione, riuscendo a staccare i suoi diretti rivali. Con il risultato di oggi, lo spagnolo ha portato a 1&#8217;45&#8221; il margine su\u00a0<strong>Primoz Roglic\u00a0<\/strong>(Red Bull &#8211; BORA &#8211; hansgrohe) e a 2&#8217;06&#8221; quello sull&#8217;austriaco, mentre tutti gli altri sono scivolati ancora pi\u00f9 indietro. Quando manca poco meno di met\u00e0 corsa, il distacco inizia a essere abbastanza ampio, anche se non ancora sufficiente per considerarsi al sicuro.<\/p>\n<p>Ai microfoni di <em>Eurosport<\/em>, l&#8217;attuale maglia rossa ha raccontato la strategia della <strong>Movistar<\/strong>, che ha mandato in fuga due dei propri uomini per poterli utilizzare sulla salita finale di Calar Alto, una volta ripresi dal gruppo dei favoriti: &#8220;<strong>Questo era il nostro piano iniziale, siamo riusciti a fare come abbiamo detto sul pullman della squadra<\/strong>. Credo che la squadra abbia fatto un ottimo lavoro, devo ringraziarli molto perch\u00e9 mi stanno dando un supporto incredibile. <strong>\u00c8 un gran peccato non avere qui Cian<\/strong> (Uijtdebroeks, ndr),<strong> \u00e8 un corridore davvero forte<\/strong>. Purtroppo non lo possiamo avere per una caduta, \u00e8 il brutto del ciclismo. Noi per\u00f2 dobbiamo restare uniti durante la tappa e siamo riusciti a farlo benissimo anche oggi&#8221;.<\/p>\n<p>Per quanto riguarda la situazione in classifica generale, poi, <strong>Enric Mas <\/strong>ammette di trovarsi in una buona posizione: &#8220;<strong>Il risultato di oggi \u00e8 un po&#8217; quello che speravamo di ottenere<\/strong>. Grazie ai tifosi che ci hanno dato tanto supporto in strada, ci d\u00e0 una marcia in pi\u00f9. <strong>Il vantaggio che ho mi d\u00e0 pi\u00f9 motivazione che tranquillit\u00e0<\/strong>. Sono ottimista, la squadra sta rispondendo al meglio&#8221;.<\/p>\n","protected":false},"excerpt":{"rendered":"<p>La maglia rossa commenta la tappa di oggi a #LaVuelta26<\/p>\n","protected":false},"author":15,"featured_media":393182,"comment_status":"open","ping_status":"closed","sticky":false,"template":"","format":"standard","meta":{"footnotes":"","_members_access_role":[],"_members_access_error":""},"categories":[21,6589],"tags":[1279,6625,5752],"class_list":["post-393538","post","type-post","status-publish","format-standard","has-post-thumbnail","hentry","category-vetrina","category-vuelta-2026","tag-enric-mas","tag-movistar-team-2026","tag-vuelta-a-espana-2026"],"yoast_head":"<!-- This site is optimized with the Yoast SEO plugin v28.4 - https:\/\/yoast.com\/product\/yoast-seo-wordpress\/ -->\n<title>Vuelta a Espa\u00f1a 2026, Enric Mas: &quot;Siamo riusciti a seguire il nostro piano iniziale. Il risultato di oggi \u00e8 quello che speravamo&quot; - SpazioCiclismo<\/title>\n<meta name=\"robots\" content=\"index, follow, max-snippet:-1, max-image-preview:large, max-video-preview:-1\" \/>\n<link rel=\"canonical\" href=\"https:\/\/cyclingpro.net\/spaziociclismo\/vuelta-2026\/vuelta-a-espana-2026-enric-mas-siamo-riusciti-a-seguire-il-nostro-piano-iniziale-il-risultato-di-oggi-e-quello-che-speravamo\/\" \/>\n<meta property=\"og:locale\" content=\"it_IT\" \/>\n<meta property=\"og:type\" content=\"article\" \/>\n<meta property=\"og:title\" content=\"Vuelta a Espa\u00f1a 2026, Enric Mas: &quot;Siamo riusciti a seguire il nostro piano iniziale. Il risultato di oggi \u00e8 quello che speravamo&quot; - SpazioCiclismo\" \/>\n<meta property=\"og:description\" content=\"La maglia rossa commenta la tappa di oggi a #LaVuelta26\" \/>\n<meta property=\"og:url\" content=\"https:\/\/cyclingpro.net\/spaziociclismo\/vuelta-2026\/vuelta-a-espana-2026-enric-mas-siamo-riusciti-a-seguire-il-nostro-piano-iniziale-il-risultato-di-oggi-e-quello-che-speravamo\/\" \/>\n<meta property=\"og:site_name\" content=\"SpazioCiclismo\" \/>\n<meta property=\"article:publisher\" content=\"https:\/\/www.facebook.com\/SpazioCiclismo\/\" \/>\n<meta property=\"article:published_time\" content=\"2026-09-03T16:32:15+00:00\" \/>\n<meta property=\"og:image\" content=\"https:\/\/cyclingpro.net\/spaziociclismo\/wp-content\/uploads\/2026\/09\/Enric-Mas-Movistar-Gruppo-Maglia-Rossa-Vuelta-a-Espana-2026.webp\" \/>\n\t<meta property=\"og:image:width\" content=\"1200\" \/>\n\t<meta property=\"og:image:height\" content=\"800\" \/>\n\t<meta property=\"og:image:type\" content=\"image\/webp\" \/>\n<meta name=\"author\" content=\"Davide Terraneo\" \/>\n<meta name=\"twitter:card\" content=\"summary_large_image\" \/>\n<meta name=\"twitter:creator\" content=\"@spaziociclismo\" \/>\n<meta name=\"twitter:site\" content=\"@spaziociclismo\" \/>\n<meta name=\"twitter:label1\" content=\"Scritto da\" \/>\n\t<meta name=\"twitter:data1\" content=\"Davide Terraneo\" \/>\n\t<meta name=\"twitter:label2\" content=\"Tempo di lettura stimato\" \/>\n\t<meta name=\"twitter:data2\" content=\"2 minuti\" \/>\n<script type=\"application\/ld+json\" class=\"yoast-schema-graph\">{\"@context\":\"https:\\\/\\\/schema.org\",\"@graph\":[{\"@type\":\"Article\",\"@id\":\"https:\\\/\\\/cyclingpro.net\\\/spaziociclismo\\\/vuelta-2026\\\/vuelta-a-espana-2026-enric-mas-siamo-riusciti-a-seguire-il-nostro-piano-iniziale-il-risultato-di-oggi-e-quello-che-speravamo\\\/#article\",\"isPartOf\":{\"@id\":\"https:\\\/\\\/cyclingpro.net\\\/spaziociclismo\\\/vuelta-2026\\\/vuelta-a-espana-2026-enric-mas-siamo-riusciti-a-seguire-il-nostro-piano-iniziale-il-risultato-di-oggi-e-quello-che-speravamo\\\/\"},\"author\":{\"name\":\"Davide Terraneo\",\"@id\":\"https:\\\/\\\/cyclingpro.net\\\/spaziociclismo\\\/#\\\/schema\\\/person\\\/7e1a937a7dba4e684209b697ab87796a\"},\"headline\":\"Vuelta a Espa\u00f1a 2026, Enric Mas: &#8220;Siamo riusciti a seguire il nostro piano iniziale. Il risultato di oggi \u00e8 quello che speravamo&#8221;\",\"datePublished\":\"2026-09-03T16:32:15+00:00\",\"mainEntityOfPage\":{\"@id\":\"https:\\\/\\\/cyclingpro.net\\\/spaziociclismo\\\/vuelta-2026\\\/vuelta-a-espana-2026-enric-mas-siamo-riusciti-a-seguire-il-nostro-piano-iniziale-il-risultato-di-oggi-e-quello-che-speravamo\\\/\"},\"wordCount\":323,\"commentCount\":0,\"publisher\":{\"@id\":\"https:\\\/\\\/cyclingpro.net\\\/spaziociclismo\\\/#organization\"},\"image\":{\"@id\":\"https:\\\/\\\/cyclingpro.net\\\/spaziociclismo\\\/vuelta-2026\\\/vuelta-a-espana-2026-enric-mas-siamo-riusciti-a-seguire-il-nostro-piano-iniziale-il-risultato-di-oggi-e-quello-che-speravamo\\\/#primaryimage\"},\"thumbnailUrl\":\"https:\\\/\\\/cyclingpro.net\\\/spaziociclismo\\\/wp-content\\\/uploads\\\/2026\\\/09\\\/Enric-Mas-Movistar-Gruppo-Maglia-Rossa-Vuelta-a-Espana-2026.webp\",\"keywords\":[\"Enric Mas\",\"Movistar Team 2026\",\"Vuelta a Espa\u00f1a 2026\"],\"articleSection\":[\"Vetrina\",\"Vuelta 2026\"],\"inLanguage\":\"it-IT\",\"potentialAction\":[{\"@type\":\"CommentAction\",\"name\":\"Comment\",\"target\":[\"https:\\\/\\\/cyclingpro.net\\\/spaziociclismo\\\/vuelta-2026\\\/vuelta-a-espana-2026-enric-mas-siamo-riusciti-a-seguire-il-nostro-piano-iniziale-il-risultato-di-oggi-e-quello-che-speravamo\\\/#respond\"]}]},{\"@type\":\"WebPage\",\"@id\":\"https:\\\/\\\/cyclingpro.net\\\/spaziociclismo\\\/vuelta-2026\\\/vuelta-a-espana-2026-enric-mas-siamo-riusciti-a-seguire-il-nostro-piano-iniziale-il-risultato-di-oggi-e-quello-che-speravamo\\\/\",\"url\":\"https:\\\/\\\/cyclingpro.net\\\/spaziociclismo\\\/vuelta-2026\\\/vuelta-a-espana-2026-enric-mas-siamo-riusciti-a-seguire-il-nostro-piano-iniziale-il-risultato-di-oggi-e-quello-che-speravamo\\\/\",\"name\":\"Vuelta a Espa\u00f1a 2026, Enric Mas: \\\"Siamo riusciti a seguire il nostro piano iniziale. Il risultato di oggi \u00e8 quello che speravamo\\\" - SpazioCiclismo\",\"isPartOf\":{\"@id\":\"https:\\\/\\\/cyclingpro.net\\\/spaziociclismo\\\/#website\"},\"primaryImageOfPage\":{\"@id\":\"https:\\\/\\\/cyclingpro.net\\\/spaziociclismo\\\/vuelta-2026\\\/vuelta-a-espana-2026-enric-mas-siamo-riusciti-a-seguire-il-nostro-piano-iniziale-il-risultato-di-oggi-e-quello-che-speravamo\\\/#primaryimage\"},\"image\":{\"@id\":\"https:\\\/\\\/cyclingpro.net\\\/spaziociclismo\\\/vuelta-2026\\\/vuelta-a-espana-2026-enric-mas-siamo-riusciti-a-seguire-il-nostro-piano-iniziale-il-risultato-di-oggi-e-quello-che-speravamo\\\/#primaryimage\"},\"thumbnailUrl\":\"https:\\\/\\\/cyclingpro.net\\\/spaziociclismo\\\/wp-content\\\/uploads\\\/2026\\\/09\\\/Enric-Mas-Movistar-Gruppo-Maglia-Rossa-Vuelta-a-Espana-2026.webp\",\"datePublished\":\"2026-09-03T16:32:15+00:00\",\"breadcrumb\":{\"@id\":\"https:\\\/\\\/cyclingpro.net\\\/spaziociclismo\\\/vuelta-2026\\\/vuelta-a-espana-2026-enric-mas-siamo-riusciti-a-seguire-il-nostro-piano-iniziale-il-risultato-di-oggi-e-quello-che-speravamo\\\/#breadcrumb\"},\"inLanguage\":\"it-IT\",\"potentialAction\":[{\"@type\":\"ReadAction\",\"target\":[\"https:\\\/\\\/cyclingpro.net\\\/spaziociclismo\\\/vuelta-2026\\\/vuelta-a-espana-2026-enric-mas-siamo-riusciti-a-seguire-il-nostro-piano-iniziale-il-risultato-di-oggi-e-quello-che-speravamo\\\/\"]}]},{\"@type\":\"ImageObject\",\"inLanguage\":\"it-IT\",\"@id\":\"https:\\\/\\\/cyclingpro.net\\\/spaziociclismo\\\/vuelta-2026\\\/vuelta-a-espana-2026-enric-mas-siamo-riusciti-a-seguire-il-nostro-piano-iniziale-il-risultato-di-oggi-e-quello-che-speravamo\\\/#primaryimage\",\"url\":\"https:\\\/\\\/cyclingpro.net\\\/spaziociclismo\\\/wp-content\\\/uploads\\\/2026\\\/09\\\/Enric-Mas-Movistar-Gruppo-Maglia-Rossa-Vuelta-a-Espana-2026.webp\",\"contentUrl\":\"https:\\\/\\\/cyclingpro.net\\\/spaziociclismo\\\/wp-content\\\/uploads\\\/2026\\\/09\\\/Enric-Mas-Movistar-Gruppo-Maglia-Rossa-Vuelta-a-Espana-2026.webp\",\"width\":1200,\"height\":800,\"caption\":\"\u00a9 Unipublic \\\/ CxCycling\"},{\"@type\":\"BreadcrumbList\",\"@id\":\"https:\\\/\\\/cyclingpro.net\\\/spaziociclismo\\\/vuelta-2026\\\/vuelta-a-espana-2026-enric-mas-siamo-riusciti-a-seguire-il-nostro-piano-iniziale-il-risultato-di-oggi-e-quello-che-speravamo\\\/#breadcrumb\",\"itemListElement\":[{\"@type\":\"ListItem\",\"position\":1,\"name\":\"Home\",\"item\":\"https:\\\/\\\/cyclingpro.net\\\/spaziociclismo\\\/\"},{\"@type\":\"ListItem\",\"position\":2,\"name\":\"Vuelta a Espa\u00f1a 2026, Enric Mas: &#8220;Siamo riusciti a seguire il nostro piano iniziale. Il risultato di oggi \u00e8 quello che speravamo&#8221;\"}]},{\"@type\":\"WebSite\",\"@id\":\"https:\\\/\\\/cyclingpro.net\\\/spaziociclismo\\\/#website\",\"url\":\"https:\\\/\\\/cyclingpro.net\\\/spaziociclismo\\\/\",\"name\":\"SpazioCiclismo\",\"description\":\"Tutto il ciclismo minuto per minuto\",\"publisher\":{\"@id\":\"https:\\\/\\\/cyclingpro.net\\\/spaziociclismo\\\/#organization\"},\"potentialAction\":[{\"@type\":\"SearchAction\",\"target\":{\"@type\":\"EntryPoint\",\"urlTemplate\":\"https:\\\/\\\/cyclingpro.net\\\/spaziociclismo\\\/?s={search_term_string}\"},\"query-input\":{\"@type\":\"PropertyValueSpecification\",\"valueRequired\":true,\"valueName\":\"search_term_string\"}}],\"inLanguage\":\"it-IT\"},{\"@type\":\"Organization\",\"@id\":\"https:\\\/\\\/cyclingpro.net\\\/spaziociclismo\\\/#organization\",\"name\":\"SpazioCiclismo\",\"url\":\"https:\\\/\\\/cyclingpro.net\\\/spaziociclismo\\\/\",\"logo\":{\"@type\":\"ImageObject\",\"inLanguage\":\"it-IT\",\"@id\":\"https:\\\/\\\/cyclingpro.net\\\/spaziociclismo\\\/#\\\/schema\\\/logo\\\/image\\\/\",\"url\":\"https:\\\/\\\/cyclingpro.net\\\/spaziociclismo\\\/wp-content\\\/uploads\\\/2017\\\/02\\\/SpazioCiclismo-Logo-Quadrato.png\",\"contentUrl\":\"https:\\\/\\\/cyclingpro.net\\\/spaziociclismo\\\/wp-content\\\/uploads\\\/2017\\\/02\\\/SpazioCiclismo-Logo-Quadrato.png\",\"width\":450,\"height\":450,\"caption\":\"SpazioCiclismo\"},\"image\":{\"@id\":\"https:\\\/\\\/cyclingpro.net\\\/spaziociclismo\\\/#\\\/schema\\\/logo\\\/image\\\/\"},\"sameAs\":[\"https:\\\/\\\/www.facebook.com\\\/SpazioCiclismo\\\/\",\"https:\\\/\\\/x.com\\\/spaziociclismo\",\"https:\\\/\\\/www.instagram.com\\\/spaziociclismo\\\/\"]},{\"@type\":\"Person\",\"@id\":\"https:\\\/\\\/cyclingpro.net\\\/spaziociclismo\\\/#\\\/schema\\\/person\\\/7e1a937a7dba4e684209b697ab87796a\",\"name\":\"Davide Terraneo\",\"image\":{\"@type\":\"ImageObject\",\"inLanguage\":\"it-IT\",\"@id\":\"https:\\\/\\\/secure.gravatar.com\\\/avatar\\\/ff8491b63094864b9d94b44d6465d0050c0872ad4112e51a3cee77d0500a47c5?s=96&d=mm&r=g\",\"url\":\"https:\\\/\\\/secure.gravatar.com\\\/avatar\\\/ff8491b63094864b9d94b44d6465d0050c0872ad4112e51a3cee77d0500a47c5?s=96&d=mm&r=g\",\"contentUrl\":\"https:\\\/\\\/secure.gravatar.com\\\/avatar\\\/ff8491b63094864b9d94b44d6465d0050c0872ad4112e51a3cee77d0500a47c5?s=96&d=mm&r=g\",\"caption\":\"Davide Terraneo\"},\"url\":\"https:\\\/\\\/cyclingpro.net\\\/spaziociclismo\\\/author\\\/dterraneo\\\/\"}]}<\/script>\n<!-- \/ Yoast SEO plugin. -->","yoast_head_json":{"title":"Vuelta a Espa\u00f1a 2026, Enric Mas: \"Siamo riusciti a seguire il nostro piano iniziale. Il risultato di oggi \u00e8 quello che speravamo\" - SpazioCiclismo","robots":{"index":"index","follow":"follow","max-snippet":"max-snippet:-1","max-image-preview":"max-image-preview:large","max-video-preview":"max-video-preview:-1"},"canonical":"https:\/\/cyclingpro.net\/spaziociclismo\/vuelta-2026\/vuelta-a-espana-2026-enric-mas-siamo-riusciti-a-seguire-il-nostro-piano-iniziale-il-risultato-di-oggi-e-quello-che-speravamo\/","og_locale":"it_IT","og_type":"article","og_title":"Vuelta a Espa\u00f1a 2026, Enric Mas: \"Siamo riusciti a seguire il nostro piano iniziale. Il risultato di oggi \u00e8 quello che speravamo\" - SpazioCiclismo","og_description":"La maglia rossa commenta la tappa di oggi a #LaVuelta26","og_url":"https:\/\/cyclingpro.net\/spaziociclismo\/vuelta-2026\/vuelta-a-espana-2026-enric-mas-siamo-riusciti-a-seguire-il-nostro-piano-iniziale-il-risultato-di-oggi-e-quello-che-speravamo\/","og_site_name":"SpazioCiclismo","article_publisher":"https:\/\/www.facebook.com\/SpazioCiclismo\/","article_published_time":"2026-09-03T16:32:15+00:00","og_image":[{"width":1200,"height":800,"url":"https:\/\/cyclingpro.net\/spaziociclismo\/wp-content\/uploads\/2026\/09\/Enric-Mas-Movistar-Gruppo-Maglia-Rossa-Vuelta-a-Espana-2026.webp","type":"image\/webp"}],"author":"Davide Terraneo","twitter_card":"summary_large_image","twitter_creator":"@spaziociclismo","twitter_site":"@spaziociclismo","twitter_misc":{"Scritto da":"Davide Terraneo","Tempo di lettura stimato":"2 minuti"},"schema":{"@context":"https:\/\/schema.org","@graph":[{"@type":"Article","@id":"https:\/\/cyclingpro.net\/spaziociclismo\/vuelta-2026\/vuelta-a-espana-2026-enric-mas-siamo-riusciti-a-seguire-il-nostro-piano-iniziale-il-risultato-di-oggi-e-quello-che-speravamo\/#article","isPartOf":{"@id":"https:\/\/cyclingpro.net\/spaziociclismo\/vuelta-2026\/vuelta-a-espana-2026-enric-mas-siamo-riusciti-a-seguire-il-nostro-piano-iniziale-il-risultato-di-oggi-e-quello-che-speravamo\/"},"author":{"name":"Davide Terraneo","@id":"https:\/\/cyclingpro.net\/spaziociclismo\/#\/schema\/person\/7e1a937a7dba4e684209b697ab87796a"},"headline":"Vuelta a Espa\u00f1a 2026, Enric Mas: &#8220;Siamo riusciti a seguire il nostro piano iniziale. Il risultato di oggi \u00e8 quello che speravamo&#8221;","datePublished":"2026-09-03T16:32:15+00:00","mainEntityOfPage":{"@id":"https:\/\/cyclingpro.net\/spaziociclismo\/vuelta-2026\/vuelta-a-espana-2026-enric-mas-siamo-riusciti-a-seguire-il-nostro-piano-iniziale-il-risultato-di-oggi-e-quello-che-speravamo\/"},"wordCount":323,"commentCount":0,"publisher":{"@id":"https:\/\/cyclingpro.net\/spaziociclismo\/#organization"},"image":{"@id":"https:\/\/cyclingpro.net\/spaziociclismo\/vuelta-2026\/vuelta-a-espana-2026-enric-mas-siamo-riusciti-a-seguire-il-nostro-piano-iniziale-il-risultato-di-oggi-e-quello-che-speravamo\/#primaryimage"},"thumbnailUrl":"https:\/\/cyclingpro.net\/spaziociclismo\/wp-content\/uploads\/2026\/09\/Enric-Mas-Movistar-Gruppo-Maglia-Rossa-Vuelta-a-Espana-2026.webp","keywords":["Enric Mas","Movistar Team 2026","Vuelta a Espa\u00f1a 2026"],"articleSection":["Vetrina","Vuelta 2026"],"inLanguage":"it-IT","potentialAction":[{"@type":"CommentAction","name":"Comment","target":["https:\/\/cyclingpro.net\/spaziociclismo\/vuelta-2026\/vuelta-a-espana-2026-enric-mas-siamo-riusciti-a-seguire-il-nostro-piano-iniziale-il-risultato-di-oggi-e-quello-che-speravamo\/#respond"]}]},{"@type":"WebPage","@id":"https:\/\/cyclingpro.net\/spaziociclismo\/vuelta-2026\/vuelta-a-espana-2026-enric-mas-siamo-riusciti-a-seguire-il-nostro-piano-iniziale-il-risultato-di-oggi-e-quello-che-speravamo\/","url":"https:\/\/cyclingpro.net\/spaziociclismo\/vuelta-2026\/vuelta-a-espana-2026-enric-mas-siamo-riusciti-a-seguire-il-nostro-piano-iniziale-il-risultato-di-oggi-e-quello-che-speravamo\/","name":"Vuelta a Espa\u00f1a 2026, Enric Mas: \"Siamo riusciti a seguire il nostro piano iniziale. Il risultato di oggi \u00e8 quello che speravamo\" - SpazioCiclismo","isPartOf":{"@id":"https:\/\/cyclingpro.net\/spaziociclismo\/#website"},"primaryImageOfPage":{"@id":"https:\/\/cyclingpro.net\/spaziociclismo\/vuelta-2026\/vuelta-a-espana-2026-enric-mas-siamo-riusciti-a-seguire-il-nostro-piano-iniziale-il-risultato-di-oggi-e-quello-che-speravamo\/#primaryimage"},"image":{"@id":"https:\/\/cyclingpro.net\/spaziociclismo\/vuelta-2026\/vuelta-a-espana-2026-enric-mas-siamo-riusciti-a-seguire-il-nostro-piano-iniziale-il-risultato-di-oggi-e-quello-che-speravamo\/#primaryimage"},"thumbnailUrl":"https:\/\/cyclingpro.net\/spaziociclismo\/wp-content\/uploads\/2026\/09\/Enric-Mas-Movistar-Gruppo-Maglia-Rossa-Vuelta-a-Espana-2026.webp","datePublished":"2026-09-03T16:32:15+00:00","breadcrumb":{"@id":"https:\/\/cyclingpro.net\/spaziociclismo\/vuelta-2026\/vuelta-a-espana-2026-enric-mas-siamo-riusciti-a-seguire-il-nostro-piano-iniziale-il-risultato-di-oggi-e-quello-che-speravamo\/#breadcrumb"},"inLanguage":"it-IT","potentialAction":[{"@type":"ReadAction","target":["https:\/\/cyclingpro.net\/spaziociclismo\/vuelta-2026\/vuelta-a-espana-2026-enric-mas-siamo-riusciti-a-seguire-il-nostro-piano-iniziale-il-risultato-di-oggi-e-quello-che-speravamo\/"]}]},{"@type":"ImageObject","inLanguage":"it-IT","@id":"https:\/\/cyclingpro.net\/spaziociclismo\/vuelta-2026\/vuelta-a-espana-2026-enric-mas-siamo-riusciti-a-seguire-il-nostro-piano-iniziale-il-risultato-di-oggi-e-quello-che-speravamo\/#primaryimage","url":"https:\/\/cyclingpro.net\/spaziociclismo\/wp-content\/uploads\/2026\/09\/Enric-Mas-Movistar-Gruppo-Maglia-Rossa-Vuelta-a-Espana-2026.webp","contentUrl":"https:\/\/cyclingpro.net\/spaziociclismo\/wp-content\/uploads\/2026\/09\/Enric-Mas-Movistar-Gruppo-Maglia-Rossa-Vuelta-a-Espana-2026.webp","width":1200,"height":800,"caption":"\u00a9 Unipublic \/ CxCycling"},{"@type":"BreadcrumbList","@id":"https:\/\/cyclingpro.net\/spaziociclismo\/vuelta-2026\/vuelta-a-espana-2026-enric-mas-siamo-riusciti-a-seguire-il-nostro-piano-iniziale-il-risultato-di-oggi-e-quello-che-speravamo\/#breadcrumb","itemListElement":[{"@type":"ListItem","position":1,"name":"Home","item":"https:\/\/cyclingpro.net\/spaziociclismo\/"},{"@type":"ListItem","position":2,"name":"Vuelta a Espa\u00f1a 2026, Enric Mas: &#8220;Siamo riusciti a seguire il nostro piano iniziale. Il risultato di oggi \u00e8 quello che speravamo&#8221;"}]},{"@type":"WebSite","@id":"https:\/\/cyclingpro.net\/spaziociclismo\/#website","url":"https:\/\/cyclingpro.net\/spaziociclismo\/","name":"SpazioCiclismo","description":"Tutto il ciclismo minuto per minuto","publisher":{"@id":"https:\/\/cyclingpro.net\/spaziociclismo\/#organization"},"potentialAction":[{"@type":"SearchAction","target":{"@type":"EntryPoint","urlTemplate":"https:\/\/cyclingpro.net\/spaziociclismo\/?s={search_term_string}"},"query-input":{"@type":"PropertyValueSpecification","valueRequired":true,"valueName":"search_term_string"}}],"inLanguage":"it-IT"},{"@type":"Organization","@id":"https:\/\/cyclingpro.net\/spaziociclismo\/#organization","name":"SpazioCiclismo","url":"https:\/\/cyclingpro.net\/spaziociclismo\/","logo":{"@type":"ImageObject","inLanguage":"it-IT","@id":"https:\/\/cyclingpro.net\/spaziociclismo\/#\/schema\/logo\/image\/","url":"https:\/\/cyclingpro.net\/spaziociclismo\/wp-content\/uploads\/2017\/02\/SpazioCiclismo-Logo-Quadrato.png","contentUrl":"https:\/\/cyclingpro.net\/spaziociclismo\/wp-content\/uploads\/2017\/02\/SpazioCiclismo-Logo-Quadrato.png","width":450,"height":450,"caption":"SpazioCiclismo"},"image":{"@id":"https:\/\/cyclingpro.net\/spaziociclismo\/#\/schema\/logo\/image\/"},"sameAs":["https:\/\/www.facebook.com\/SpazioCiclismo\/","https:\/\/x.com\/spaziociclismo","https:\/\/www.instagram.com\/spaziociclismo\/"]},{"@type":"Person","@id":"https:\/\/cyclingpro.net\/spaziociclismo\/#\/schema\/person\/7e1a937a7dba4e684209b697ab87796a","name":"Davide Terraneo","image":{"@type":"ImageObject","inLanguage":"it-IT","@id":"https:\/\/secure.gravatar.com\/avatar\/ff8491b63094864b9d94b44d6465d0050c0872ad4112e51a3cee77d0500a47c5?s=96&d=mm&r=g","url":"https:\/\/secure.gravatar.com\/avatar\/ff8491b63094864b9d94b44d6465d0050c0872ad4112e51a3cee77d0500a47c5?s=96&d=mm&r=g","contentUrl":"https:\/\/secure.gravatar.com\/avatar\/ff8491b63094864b9d94b44d6465d0050c0872ad4112e51a3cee77d0500a47c5?s=96&d=mm&r=g","caption":"Davide Terraneo"},"url":"https:\/\/cyclingpro.net\/spaziociclismo\/author\/dterraneo\/"}]}},"_links":{"self":[{"href":"https:\/\/cyclingpro.net\/spaziociclismo\/wp-json\/wp\/v2\/posts\/393538","targetHints":{"allow":["GET"]}}],"collection":[{"href":"https:\/\/cyclingpro.net\/spaziociclismo\/wp-json\/wp\/v2\/posts"}],"about":[{"href":"https:\/\/cyclingpro.net\/spaziociclismo\/wp-json\/wp\/v2\/types\/post"}],"author":[{"embeddable":true,"href":"https:\/\/cyclingpro.net\/spaziociclismo\/wp-json\/wp\/v2\/users\/15"}],"replies":[{"embeddable":true,"href":"https:\/\/cyclingpro.net\/spaziociclismo\/wp-json\/wp\/v2\/comments?post=393538"}],"version-history":[{"count":3,"href":"https:\/\/cyclingpro.net\/spaziociclismo\/wp-json\/wp\/v2\/posts\/393538\/revisions"}],"predecessor-version":[{"id":393545,"href":"https:\/\/cyclingpro.net\/spaziociclismo\/wp-json\/wp\/v2\/posts\/393538\/revisions\/393545"}],"wp:featuredmedia":[{"embeddable":true,"href":"https:\/\/cyclingpro.net\/spaziociclismo\/wp-json\/wp\/v2\/media\/393182"}],"wp:attachment":[{"href":"https:\/\/cyclingpro.net\/spaziociclismo\/wp-json\/wp\/v2\/media?parent=393538"}],"wp:term":[{"taxonomy":"category","embeddable":true,"href":"https:\/\/cyclingpro.net\/spaziociclismo\/wp-json\/wp\/v2\/categories?post=393538"},{"taxonomy":"post_tag","embeddable":true,"href":"https:\/\/cyclingpro.net\/spaziociclismo\/wp-json\/wp\/v2\/tags?post=393538"}],"curies":[{"name":"wp","href":"https:\/\/api.w.org\/{rel}","templated":true}]}}