{"id":393536,"date":"2026-09-03T18:20:53","date_gmt":"2026-09-03T16:20:53","guid":{"rendered":"https:\/\/cyclingpro.net\/spaziociclismo\/?p=393536"},"modified":"2026-09-03T18:20:53","modified_gmt":"2026-09-03T16:20:53","slug":"vuelta-a-espana-2026-felix-gall-enric-mas-sta-gestendo-perfettamente-la-maglia-rossa-oggi-volevamo-staccare-qualche-avversario-per-il-podio","status":"publish","type":"post","link":"https:\/\/cyclingpro.net\/spaziociclismo\/vuelta-2026\/vuelta-a-espana-2026-felix-gall-enric-mas-sta-gestendo-perfettamente-la-maglia-rossa-oggi-volevamo-staccare-qualche-avversario-per-il-podio\/","title":{"rendered":"Vuelta a Espa\u00f1a 2026, Felix Gall: &#8220;Enric Mas sta gestendo perfettamente la Maglia Rossa; oggi volevamo staccare qualche avversario per il podio&#8221;"},"content":{"rendered":"<p><strong>Felix Gall<\/strong> deve ancora arrendersi a <strong>Enric Mas<\/strong> nella dodicesima tappa della <strong>Vuelta a Espa\u00f1a 2026<\/strong>. Come avvenuto anche sull&#8217;Alto de Aitana, il corridore austriaco ha impostato in maniera aggressiva la salita conclusiva verso Calar Alto, con un forcing della <strong>Decathlon CMA CGM Team<\/strong>. Il gruppo \u00e8 esploso, ma al momento del suo attacco n\u00e9 la Maglia Rossa, n\u00e9 <strong>Primoz Roglic<\/strong> hanno perso terreno. E verso la fine del tratto pi\u00f9 impegnativo \u00e8 partito Mas che ha incrementato ulteriormente il proprio vantaggio in classifica generale. Almeno per il momento si ha la sensazione che Gall non possa metterlo in difficolt\u00e0.<\/p>\n<p>&#8220;Mas \u00e8 partito al momento giusto. <strong>Sta correndo ad altissimi livelli e lo ha fatto vedere fin dall&#8217;inizio<\/strong> &#8211; ha commentato lo scalatore austriaco dopo il traguardo &#8211; \u00c8 molto solido e <strong>sembra gestire perfettamente la situazione in Maglia Rossa<\/strong>, anche da un punto di vista psicologico&#8221;. Malgrado la sconfitta sul campo, Gall cerca di guardare il bicchiere mezzo pieno. &#8220;L&#8217;obiettivo era quello di staccare qualche corridore in lotta per il podio &#8211; spiega &#8211; Purtroppo Oscar (Onley ndr) \u00e8 caduto, ma <strong>comunque siamo riusciti a guadagnare terreno su di lui ed era quello a cui puntavamo per la tappa di oggi<\/strong>. Si pu\u00f2 parlare di una buona giornata. \u00c8 stata durissima, anche per il caldo. Sono abbastanza stanco, ma tutto sommato \u00e8 andata bene&#8221;.<\/p>\n","protected":false},"excerpt":{"rendered":"<p>Felix Gall non riesce a insidiare Enric Mas, ma guarda il bicchiere mezzo pieno al termine della tappa di Calar Alto #LaVuelta26<\/p>\n","protected":false},"author":4,"featured_media":393540,"comment_status":"open","ping_status":"closed","sticky":false,"template":"","format":"standard","meta":{"footnotes":"","_members_access_role":[],"_members_access_error":""},"categories":[6589],"tags":[7240,3084,5752],"class_list":["post-393536","post","type-post","status-publish","format-standard","has-post-thumbnail","hentry","category-vuelta-2026","tag-decathlon-cma-cgm-team","tag-felix-gall","tag-vuelta-a-espana-2026"],"yoast_head":"<!-- This site is optimized with the Yoast SEO plugin v28.4 - https:\/\/yoast.com\/product\/yoast-seo-wordpress\/ -->\n<title>Vuelta a Espa\u00f1a 2026, Felix Gall: &quot;Enric Mas sta gestendo perfettamente la Maglia Rossa; oggi volevamo staccare qualche avversario per il podio&quot; - SpazioCiclismo<\/title>\n<meta name=\"robots\" content=\"index, follow, max-snippet:-1, max-image-preview:large, max-video-preview:-1\" \/>\n<link rel=\"canonical\" href=\"https:\/\/cyclingpro.net\/spaziociclismo\/vuelta-2026\/vuelta-a-espana-2026-felix-gall-enric-mas-sta-gestendo-perfettamente-la-maglia-rossa-oggi-volevamo-staccare-qualche-avversario-per-il-podio\/\" \/>\n<meta property=\"og:locale\" content=\"it_IT\" \/>\n<meta property=\"og:type\" content=\"article\" \/>\n<meta property=\"og:title\" content=\"Vuelta a Espa\u00f1a 2026, Felix Gall: &quot;Enric Mas sta gestendo perfettamente la Maglia Rossa; oggi volevamo staccare qualche avversario per il podio&quot; - SpazioCiclismo\" \/>\n<meta property=\"og:description\" content=\"Felix Gall non riesce a insidiare Enric Mas, ma guarda il bicchiere mezzo pieno al termine della tappa di Calar Alto #LaVuelta26\" \/>\n<meta property=\"og:url\" content=\"https:\/\/cyclingpro.net\/spaziociclismo\/vuelta-2026\/vuelta-a-espana-2026-felix-gall-enric-mas-sta-gestendo-perfettamente-la-maglia-rossa-oggi-volevamo-staccare-qualche-avversario-per-il-podio\/\" \/>\n<meta property=\"og:site_name\" content=\"SpazioCiclismo\" \/>\n<meta property=\"article:publisher\" content=\"https:\/\/www.facebook.com\/SpazioCiclismo\/\" \/>\n<meta property=\"article:published_time\" content=\"2026-09-03T16:20:53+00:00\" \/>\n<meta property=\"og:image\" content=\"https:\/\/cyclingpro.net\/spaziociclismo\/wp-content\/uploads\/2026\/09\/1290336696.jpg\" \/>\n\t<meta property=\"og:image:width\" content=\"1200\" \/>\n\t<meta property=\"og:image:height\" content=\"800\" \/>\n\t<meta property=\"og:image:type\" content=\"image\/jpeg\" \/>\n<meta name=\"author\" content=\"Luca Pellegrini\" \/>\n<meta name=\"twitter:card\" content=\"summary_large_image\" \/>\n<meta name=\"twitter:creator\" content=\"@spaziociclismo\" \/>\n<meta name=\"twitter:site\" content=\"@spaziociclismo\" \/>\n<meta name=\"twitter:label1\" content=\"Scritto da\" \/>\n\t<meta name=\"twitter:data1\" content=\"Luca Pellegrini\" \/>\n\t<meta name=\"twitter:label2\" content=\"Tempo di lettura stimato\" \/>\n\t<meta name=\"twitter:data2\" content=\"2 minuti\" \/>\n<script type=\"application\/ld+json\" class=\"yoast-schema-graph\">{\"@context\":\"https:\\\/\\\/schema.org\",\"@graph\":[{\"@type\":\"Article\",\"@id\":\"https:\\\/\\\/cyclingpro.net\\\/spaziociclismo\\\/vuelta-2026\\\/vuelta-a-espana-2026-felix-gall-enric-mas-sta-gestendo-perfettamente-la-maglia-rossa-oggi-volevamo-staccare-qualche-avversario-per-il-podio\\\/#article\",\"isPartOf\":{\"@id\":\"https:\\\/\\\/cyclingpro.net\\\/spaziociclismo\\\/vuelta-2026\\\/vuelta-a-espana-2026-felix-gall-enric-mas-sta-gestendo-perfettamente-la-maglia-rossa-oggi-volevamo-staccare-qualche-avversario-per-il-podio\\\/\"},\"author\":{\"name\":\"Luca Pellegrini\",\"@id\":\"https:\\\/\\\/cyclingpro.net\\\/spaziociclismo\\\/#\\\/schema\\\/person\\\/dba3a57e86bb6baefba5acbf905f8801\"},\"headline\":\"Vuelta a Espa\u00f1a 2026, Felix Gall: &#8220;Enric Mas sta gestendo perfettamente la Maglia Rossa; oggi volevamo staccare qualche avversario per il podio&#8221;\",\"datePublished\":\"2026-09-03T16:20:53+00:00\",\"mainEntityOfPage\":{\"@id\":\"https:\\\/\\\/cyclingpro.net\\\/spaziociclismo\\\/vuelta-2026\\\/vuelta-a-espana-2026-felix-gall-enric-mas-sta-gestendo-perfettamente-la-maglia-rossa-oggi-volevamo-staccare-qualche-avversario-per-il-podio\\\/\"},\"wordCount\":243,\"commentCount\":0,\"publisher\":{\"@id\":\"https:\\\/\\\/cyclingpro.net\\\/spaziociclismo\\\/#organization\"},\"image\":{\"@id\":\"https:\\\/\\\/cyclingpro.net\\\/spaziociclismo\\\/vuelta-2026\\\/vuelta-a-espana-2026-felix-gall-enric-mas-sta-gestendo-perfettamente-la-maglia-rossa-oggi-volevamo-staccare-qualche-avversario-per-il-podio\\\/#primaryimage\"},\"thumbnailUrl\":\"https:\\\/\\\/cyclingpro.net\\\/spaziociclismo\\\/wp-content\\\/uploads\\\/2026\\\/09\\\/1290336696.jpg\",\"keywords\":[\"Decathlon CMA CGM Team\",\"Felix Gall\",\"Vuelta a Espa\u00f1a 2026\"],\"articleSection\":[\"Vuelta 2026\"],\"inLanguage\":\"it-IT\",\"potentialAction\":[{\"@type\":\"CommentAction\",\"name\":\"Comment\",\"target\":[\"https:\\\/\\\/cyclingpro.net\\\/spaziociclismo\\\/vuelta-2026\\\/vuelta-a-espana-2026-felix-gall-enric-mas-sta-gestendo-perfettamente-la-maglia-rossa-oggi-volevamo-staccare-qualche-avversario-per-il-podio\\\/#respond\"]}]},{\"@type\":\"WebPage\",\"@id\":\"https:\\\/\\\/cyclingpro.net\\\/spaziociclismo\\\/vuelta-2026\\\/vuelta-a-espana-2026-felix-gall-enric-mas-sta-gestendo-perfettamente-la-maglia-rossa-oggi-volevamo-staccare-qualche-avversario-per-il-podio\\\/\",\"url\":\"https:\\\/\\\/cyclingpro.net\\\/spaziociclismo\\\/vuelta-2026\\\/vuelta-a-espana-2026-felix-gall-enric-mas-sta-gestendo-perfettamente-la-maglia-rossa-oggi-volevamo-staccare-qualche-avversario-per-il-podio\\\/\",\"name\":\"Vuelta a Espa\u00f1a 2026, Felix Gall: \\\"Enric Mas sta gestendo perfettamente la Maglia Rossa; oggi volevamo staccare qualche avversario per il podio\\\" - SpazioCiclismo\",\"isPartOf\":{\"@id\":\"https:\\\/\\\/cyclingpro.net\\\/spaziociclismo\\\/#website\"},\"primaryImageOfPage\":{\"@id\":\"https:\\\/\\\/cyclingpro.net\\\/spaziociclismo\\\/vuelta-2026\\\/vuelta-a-espana-2026-felix-gall-enric-mas-sta-gestendo-perfettamente-la-maglia-rossa-oggi-volevamo-staccare-qualche-avversario-per-il-podio\\\/#primaryimage\"},\"image\":{\"@id\":\"https:\\\/\\\/cyclingpro.net\\\/spaziociclismo\\\/vuelta-2026\\\/vuelta-a-espana-2026-felix-gall-enric-mas-sta-gestendo-perfettamente-la-maglia-rossa-oggi-volevamo-staccare-qualche-avversario-per-il-podio\\\/#primaryimage\"},\"thumbnailUrl\":\"https:\\\/\\\/cyclingpro.net\\\/spaziociclismo\\\/wp-content\\\/uploads\\\/2026\\\/09\\\/1290336696.jpg\",\"datePublished\":\"2026-09-03T16:20:53+00:00\",\"breadcrumb\":{\"@id\":\"https:\\\/\\\/cyclingpro.net\\\/spaziociclismo\\\/vuelta-2026\\\/vuelta-a-espana-2026-felix-gall-enric-mas-sta-gestendo-perfettamente-la-maglia-rossa-oggi-volevamo-staccare-qualche-avversario-per-il-podio\\\/#breadcrumb\"},\"inLanguage\":\"it-IT\",\"potentialAction\":[{\"@type\":\"ReadAction\",\"target\":[\"https:\\\/\\\/cyclingpro.net\\\/spaziociclismo\\\/vuelta-2026\\\/vuelta-a-espana-2026-felix-gall-enric-mas-sta-gestendo-perfettamente-la-maglia-rossa-oggi-volevamo-staccare-qualche-avversario-per-il-podio\\\/\"]}]},{\"@type\":\"ImageObject\",\"inLanguage\":\"it-IT\",\"@id\":\"https:\\\/\\\/cyclingpro.net\\\/spaziociclismo\\\/vuelta-2026\\\/vuelta-a-espana-2026-felix-gall-enric-mas-sta-gestendo-perfettamente-la-maglia-rossa-oggi-volevamo-staccare-qualche-avversario-per-il-podio\\\/#primaryimage\",\"url\":\"https:\\\/\\\/cyclingpro.net\\\/spaziociclismo\\\/wp-content\\\/uploads\\\/2026\\\/09\\\/1290336696.jpg\",\"contentUrl\":\"https:\\\/\\\/cyclingpro.net\\\/spaziociclismo\\\/wp-content\\\/uploads\\\/2026\\\/09\\\/1290336696.jpg\",\"width\":1200,\"height\":800,\"caption\":\"\u00a9 Sirotti\"},{\"@type\":\"BreadcrumbList\",\"@id\":\"https:\\\/\\\/cyclingpro.net\\\/spaziociclismo\\\/vuelta-2026\\\/vuelta-a-espana-2026-felix-gall-enric-mas-sta-gestendo-perfettamente-la-maglia-rossa-oggi-volevamo-staccare-qualche-avversario-per-il-podio\\\/#breadcrumb\",\"itemListElement\":[{\"@type\":\"ListItem\",\"position\":1,\"name\":\"Home\",\"item\":\"https:\\\/\\\/cyclingpro.net\\\/spaziociclismo\\\/\"},{\"@type\":\"ListItem\",\"position\":2,\"name\":\"Vuelta a Espa\u00f1a 2026, Felix Gall: &#8220;Enric Mas sta gestendo perfettamente la Maglia Rossa; oggi volevamo staccare qualche avversario per il podio&#8221;\"}]},{\"@type\":\"WebSite\",\"@id\":\"https:\\\/\\\/cyclingpro.net\\\/spaziociclismo\\\/#website\",\"url\":\"https:\\\/\\\/cyclingpro.net\\\/spaziociclismo\\\/\",\"name\":\"SpazioCiclismo\",\"description\":\"Tutto il ciclismo minuto per minuto\",\"publisher\":{\"@id\":\"https:\\\/\\\/cyclingpro.net\\\/spaziociclismo\\\/#organization\"},\"potentialAction\":[{\"@type\":\"SearchAction\",\"target\":{\"@type\":\"EntryPoint\",\"urlTemplate\":\"https:\\\/\\\/cyclingpro.net\\\/spaziociclismo\\\/?s={search_term_string}\"},\"query-input\":{\"@type\":\"PropertyValueSpecification\",\"valueRequired\":true,\"valueName\":\"search_term_string\"}}],\"inLanguage\":\"it-IT\"},{\"@type\":\"Organization\",\"@id\":\"https:\\\/\\\/cyclingpro.net\\\/spaziociclismo\\\/#organization\",\"name\":\"SpazioCiclismo\",\"url\":\"https:\\\/\\\/cyclingpro.net\\\/spaziociclismo\\\/\",\"logo\":{\"@type\":\"ImageObject\",\"inLanguage\":\"it-IT\",\"@id\":\"https:\\\/\\\/cyclingpro.net\\\/spaziociclismo\\\/#\\\/schema\\\/logo\\\/image\\\/\",\"url\":\"https:\\\/\\\/cyclingpro.net\\\/spaziociclismo\\\/wp-content\\\/uploads\\\/2017\\\/02\\\/SpazioCiclismo-Logo-Quadrato.png\",\"contentUrl\":\"https:\\\/\\\/cyclingpro.net\\\/spaziociclismo\\\/wp-content\\\/uploads\\\/2017\\\/02\\\/SpazioCiclismo-Logo-Quadrato.png\",\"width\":450,\"height\":450,\"caption\":\"SpazioCiclismo\"},\"image\":{\"@id\":\"https:\\\/\\\/cyclingpro.net\\\/spaziociclismo\\\/#\\\/schema\\\/logo\\\/image\\\/\"},\"sameAs\":[\"https:\\\/\\\/www.facebook.com\\\/SpazioCiclismo\\\/\",\"https:\\\/\\\/x.com\\\/spaziociclismo\",\"https:\\\/\\\/www.instagram.com\\\/spaziociclismo\\\/\"]},{\"@type\":\"Person\",\"@id\":\"https:\\\/\\\/cyclingpro.net\\\/spaziociclismo\\\/#\\\/schema\\\/person\\\/dba3a57e86bb6baefba5acbf905f8801\",\"name\":\"Luca Pellegrini\",\"image\":{\"@type\":\"ImageObject\",\"inLanguage\":\"it-IT\",\"@id\":\"https:\\\/\\\/secure.gravatar.com\\\/avatar\\\/e233a6b2a31aba774a86fc0121b1a3bd7f6e7d1a4d2162cde93df050675351b8?s=96&d=mm&r=g\",\"url\":\"https:\\\/\\\/secure.gravatar.com\\\/avatar\\\/e233a6b2a31aba774a86fc0121b1a3bd7f6e7d1a4d2162cde93df050675351b8?s=96&d=mm&r=g\",\"contentUrl\":\"https:\\\/\\\/secure.gravatar.com\\\/avatar\\\/e233a6b2a31aba774a86fc0121b1a3bd7f6e7d1a4d2162cde93df050675351b8?s=96&d=mm&r=g\",\"caption\":\"Luca Pellegrini\"},\"url\":\"https:\\\/\\\/cyclingpro.net\\\/spaziociclismo\\\/author\\\/lpellegrini\\\/\"}]}<\/script>\n<!-- \/ Yoast SEO plugin. -->","yoast_head_json":{"title":"Vuelta a Espa\u00f1a 2026, Felix Gall: \"Enric Mas sta gestendo perfettamente la Maglia Rossa; oggi volevamo staccare qualche avversario per il podio\" - SpazioCiclismo","robots":{"index":"index","follow":"follow","max-snippet":"max-snippet:-1","max-image-preview":"max-image-preview:large","max-video-preview":"max-video-preview:-1"},"canonical":"https:\/\/cyclingpro.net\/spaziociclismo\/vuelta-2026\/vuelta-a-espana-2026-felix-gall-enric-mas-sta-gestendo-perfettamente-la-maglia-rossa-oggi-volevamo-staccare-qualche-avversario-per-il-podio\/","og_locale":"it_IT","og_type":"article","og_title":"Vuelta a Espa\u00f1a 2026, Felix Gall: \"Enric Mas sta gestendo perfettamente la Maglia Rossa; oggi volevamo staccare qualche avversario per il podio\" - SpazioCiclismo","og_description":"Felix Gall non riesce a insidiare Enric Mas, ma guarda il bicchiere mezzo pieno al termine della tappa di Calar Alto #LaVuelta26","og_url":"https:\/\/cyclingpro.net\/spaziociclismo\/vuelta-2026\/vuelta-a-espana-2026-felix-gall-enric-mas-sta-gestendo-perfettamente-la-maglia-rossa-oggi-volevamo-staccare-qualche-avversario-per-il-podio\/","og_site_name":"SpazioCiclismo","article_publisher":"https:\/\/www.facebook.com\/SpazioCiclismo\/","article_published_time":"2026-09-03T16:20:53+00:00","og_image":[{"width":1200,"height":800,"url":"https:\/\/cyclingpro.net\/spaziociclismo\/wp-content\/uploads\/2026\/09\/1290336696.jpg","type":"image\/jpeg"}],"author":"Luca Pellegrini","twitter_card":"summary_large_image","twitter_creator":"@spaziociclismo","twitter_site":"@spaziociclismo","twitter_misc":{"Scritto da":"Luca Pellegrini","Tempo di lettura stimato":"2 minuti"},"schema":{"@context":"https:\/\/schema.org","@graph":[{"@type":"Article","@id":"https:\/\/cyclingpro.net\/spaziociclismo\/vuelta-2026\/vuelta-a-espana-2026-felix-gall-enric-mas-sta-gestendo-perfettamente-la-maglia-rossa-oggi-volevamo-staccare-qualche-avversario-per-il-podio\/#article","isPartOf":{"@id":"https:\/\/cyclingpro.net\/spaziociclismo\/vuelta-2026\/vuelta-a-espana-2026-felix-gall-enric-mas-sta-gestendo-perfettamente-la-maglia-rossa-oggi-volevamo-staccare-qualche-avversario-per-il-podio\/"},"author":{"name":"Luca Pellegrini","@id":"https:\/\/cyclingpro.net\/spaziociclismo\/#\/schema\/person\/dba3a57e86bb6baefba5acbf905f8801"},"headline":"Vuelta a Espa\u00f1a 2026, Felix Gall: &#8220;Enric Mas sta gestendo perfettamente la Maglia Rossa; oggi volevamo staccare qualche avversario per il podio&#8221;","datePublished":"2026-09-03T16:20:53+00:00","mainEntityOfPage":{"@id":"https:\/\/cyclingpro.net\/spaziociclismo\/vuelta-2026\/vuelta-a-espana-2026-felix-gall-enric-mas-sta-gestendo-perfettamente-la-maglia-rossa-oggi-volevamo-staccare-qualche-avversario-per-il-podio\/"},"wordCount":243,"commentCount":0,"publisher":{"@id":"https:\/\/cyclingpro.net\/spaziociclismo\/#organization"},"image":{"@id":"https:\/\/cyclingpro.net\/spaziociclismo\/vuelta-2026\/vuelta-a-espana-2026-felix-gall-enric-mas-sta-gestendo-perfettamente-la-maglia-rossa-oggi-volevamo-staccare-qualche-avversario-per-il-podio\/#primaryimage"},"thumbnailUrl":"https:\/\/cyclingpro.net\/spaziociclismo\/wp-content\/uploads\/2026\/09\/1290336696.jpg","keywords":["Decathlon CMA CGM Team","Felix Gall","Vuelta a Espa\u00f1a 2026"],"articleSection":["Vuelta 2026"],"inLanguage":"it-IT","potentialAction":[{"@type":"CommentAction","name":"Comment","target":["https:\/\/cyclingpro.net\/spaziociclismo\/vuelta-2026\/vuelta-a-espana-2026-felix-gall-enric-mas-sta-gestendo-perfettamente-la-maglia-rossa-oggi-volevamo-staccare-qualche-avversario-per-il-podio\/#respond"]}]},{"@type":"WebPage","@id":"https:\/\/cyclingpro.net\/spaziociclismo\/vuelta-2026\/vuelta-a-espana-2026-felix-gall-enric-mas-sta-gestendo-perfettamente-la-maglia-rossa-oggi-volevamo-staccare-qualche-avversario-per-il-podio\/","url":"https:\/\/cyclingpro.net\/spaziociclismo\/vuelta-2026\/vuelta-a-espana-2026-felix-gall-enric-mas-sta-gestendo-perfettamente-la-maglia-rossa-oggi-volevamo-staccare-qualche-avversario-per-il-podio\/","name":"Vuelta a Espa\u00f1a 2026, Felix Gall: \"Enric Mas sta gestendo perfettamente la Maglia Rossa; oggi volevamo staccare qualche avversario per il podio\" - SpazioCiclismo","isPartOf":{"@id":"https:\/\/cyclingpro.net\/spaziociclismo\/#website"},"primaryImageOfPage":{"@id":"https:\/\/cyclingpro.net\/spaziociclismo\/vuelta-2026\/vuelta-a-espana-2026-felix-gall-enric-mas-sta-gestendo-perfettamente-la-maglia-rossa-oggi-volevamo-staccare-qualche-avversario-per-il-podio\/#primaryimage"},"image":{"@id":"https:\/\/cyclingpro.net\/spaziociclismo\/vuelta-2026\/vuelta-a-espana-2026-felix-gall-enric-mas-sta-gestendo-perfettamente-la-maglia-rossa-oggi-volevamo-staccare-qualche-avversario-per-il-podio\/#primaryimage"},"thumbnailUrl":"https:\/\/cyclingpro.net\/spaziociclismo\/wp-content\/uploads\/2026\/09\/1290336696.jpg","datePublished":"2026-09-03T16:20:53+00:00","breadcrumb":{"@id":"https:\/\/cyclingpro.net\/spaziociclismo\/vuelta-2026\/vuelta-a-espana-2026-felix-gall-enric-mas-sta-gestendo-perfettamente-la-maglia-rossa-oggi-volevamo-staccare-qualche-avversario-per-il-podio\/#breadcrumb"},"inLanguage":"it-IT","potentialAction":[{"@type":"ReadAction","target":["https:\/\/cyclingpro.net\/spaziociclismo\/vuelta-2026\/vuelta-a-espana-2026-felix-gall-enric-mas-sta-gestendo-perfettamente-la-maglia-rossa-oggi-volevamo-staccare-qualche-avversario-per-il-podio\/"]}]},{"@type":"ImageObject","inLanguage":"it-IT","@id":"https:\/\/cyclingpro.net\/spaziociclismo\/vuelta-2026\/vuelta-a-espana-2026-felix-gall-enric-mas-sta-gestendo-perfettamente-la-maglia-rossa-oggi-volevamo-staccare-qualche-avversario-per-il-podio\/#primaryimage","url":"https:\/\/cyclingpro.net\/spaziociclismo\/wp-content\/uploads\/2026\/09\/1290336696.jpg","contentUrl":"https:\/\/cyclingpro.net\/spaziociclismo\/wp-content\/uploads\/2026\/09\/1290336696.jpg","width":1200,"height":800,"caption":"\u00a9 Sirotti"},{"@type":"BreadcrumbList","@id":"https:\/\/cyclingpro.net\/spaziociclismo\/vuelta-2026\/vuelta-a-espana-2026-felix-gall-enric-mas-sta-gestendo-perfettamente-la-maglia-rossa-oggi-volevamo-staccare-qualche-avversario-per-il-podio\/#breadcrumb","itemListElement":[{"@type":"ListItem","position":1,"name":"Home","item":"https:\/\/cyclingpro.net\/spaziociclismo\/"},{"@type":"ListItem","position":2,"name":"Vuelta a Espa\u00f1a 2026, Felix Gall: &#8220;Enric Mas sta gestendo perfettamente la Maglia Rossa; oggi volevamo staccare qualche avversario per il podio&#8221;"}]},{"@type":"WebSite","@id":"https:\/\/cyclingpro.net\/spaziociclismo\/#website","url":"https:\/\/cyclingpro.net\/spaziociclismo\/","name":"SpazioCiclismo","description":"Tutto il ciclismo minuto per minuto","publisher":{"@id":"https:\/\/cyclingpro.net\/spaziociclismo\/#organization"},"potentialAction":[{"@type":"SearchAction","target":{"@type":"EntryPoint","urlTemplate":"https:\/\/cyclingpro.net\/spaziociclismo\/?s={search_term_string}"},"query-input":{"@type":"PropertyValueSpecification","valueRequired":true,"valueName":"search_term_string"}}],"inLanguage":"it-IT"},{"@type":"Organization","@id":"https:\/\/cyclingpro.net\/spaziociclismo\/#organization","name":"SpazioCiclismo","url":"https:\/\/cyclingpro.net\/spaziociclismo\/","logo":{"@type":"ImageObject","inLanguage":"it-IT","@id":"https:\/\/cyclingpro.net\/spaziociclismo\/#\/schema\/logo\/image\/","url":"https:\/\/cyclingpro.net\/spaziociclismo\/wp-content\/uploads\/2017\/02\/SpazioCiclismo-Logo-Quadrato.png","contentUrl":"https:\/\/cyclingpro.net\/spaziociclismo\/wp-content\/uploads\/2017\/02\/SpazioCiclismo-Logo-Quadrato.png","width":450,"height":450,"caption":"SpazioCiclismo"},"image":{"@id":"https:\/\/cyclingpro.net\/spaziociclismo\/#\/schema\/logo\/image\/"},"sameAs":["https:\/\/www.facebook.com\/SpazioCiclismo\/","https:\/\/x.com\/spaziociclismo","https:\/\/www.instagram.com\/spaziociclismo\/"]},{"@type":"Person","@id":"https:\/\/cyclingpro.net\/spaziociclismo\/#\/schema\/person\/dba3a57e86bb6baefba5acbf905f8801","name":"Luca Pellegrini","image":{"@type":"ImageObject","inLanguage":"it-IT","@id":"https:\/\/secure.gravatar.com\/avatar\/e233a6b2a31aba774a86fc0121b1a3bd7f6e7d1a4d2162cde93df050675351b8?s=96&d=mm&r=g","url":"https:\/\/secure.gravatar.com\/avatar\/e233a6b2a31aba774a86fc0121b1a3bd7f6e7d1a4d2162cde93df050675351b8?s=96&d=mm&r=g","contentUrl":"https:\/\/secure.gravatar.com\/avatar\/e233a6b2a31aba774a86fc0121b1a3bd7f6e7d1a4d2162cde93df050675351b8?s=96&d=mm&r=g","caption":"Luca Pellegrini"},"url":"https:\/\/cyclingpro.net\/spaziociclismo\/author\/lpellegrini\/"}]}},"_links":{"self":[{"href":"https:\/\/cyclingpro.net\/spaziociclismo\/wp-json\/wp\/v2\/posts\/393536","targetHints":{"allow":["GET"]}}],"collection":[{"href":"https:\/\/cyclingpro.net\/spaziociclismo\/wp-json\/wp\/v2\/posts"}],"about":[{"href":"https:\/\/cyclingpro.net\/spaziociclismo\/wp-json\/wp\/v2\/types\/post"}],"author":[{"embeddable":true,"href":"https:\/\/cyclingpro.net\/spaziociclismo\/wp-json\/wp\/v2\/users\/4"}],"replies":[{"embeddable":true,"href":"https:\/\/cyclingpro.net\/spaziociclismo\/wp-json\/wp\/v2\/comments?post=393536"}],"version-history":[{"count":1,"href":"https:\/\/cyclingpro.net\/spaziociclismo\/wp-json\/wp\/v2\/posts\/393536\/revisions"}],"predecessor-version":[{"id":393541,"href":"https:\/\/cyclingpro.net\/spaziociclismo\/wp-json\/wp\/v2\/posts\/393536\/revisions\/393541"}],"wp:featuredmedia":[{"embeddable":true,"href":"https:\/\/cyclingpro.net\/spaziociclismo\/wp-json\/wp\/v2\/media\/393540"}],"wp:attachment":[{"href":"https:\/\/cyclingpro.net\/spaziociclismo\/wp-json\/wp\/v2\/media?parent=393536"}],"wp:term":[{"taxonomy":"category","embeddable":true,"href":"https:\/\/cyclingpro.net\/spaziociclismo\/wp-json\/wp\/v2\/categories?post=393536"},{"taxonomy":"post_tag","embeddable":true,"href":"https:\/\/cyclingpro.net\/spaziociclismo\/wp-json\/wp\/v2\/tags?post=393536"}],"curies":[{"name":"wp","href":"https:\/\/api.w.org\/{rel}","templated":true}]}}