{"id":393510,"date":"2026-09-03T17:41:15","date_gmt":"2026-09-03T15:41:15","guid":{"rendered":"https:\/\/cyclingpro.net\/spaziociclismo\/?p=393510"},"modified":"2026-09-03T18:04:07","modified_gmt":"2026-09-03T16:04:07","slug":"vuelta-a-espana-2026-jakob-omrzel-doma-la-fuga-e-vince-a-calar-alto-enric-mas-attacca-e-consolida-la-maglia-rossa","status":"publish","type":"post","link":"https:\/\/cyclingpro.net\/spaziociclismo\/sintesi-gare\/vuelta-a-espana-2026-jakob-omrzel-doma-la-fuga-e-vince-a-calar-alto-enric-mas-attacca-e-consolida-la-maglia-rossa\/","title":{"rendered":"Vuelta a Espa\u00f1a 2026, Jakob Omrzel doma la fuga e vince a Calar Alto! Enric Mas attacca e consolida la maglia rossa"},"content":{"rendered":"<p>Gran numero di\u00a0<strong>Jakob Omrzel\u00a0<\/strong>nella dodicesima tappa della <strong>Vuelta a Espa\u00f1a 2026<\/strong>. Il corridore della\u00a0<strong>Bahrain Victorious\u00a0<\/strong>si \u00e8 aggiudicato il successo sull&#8217;arrivo in salita a Calar Alto staccando uno ad uno gli altri componenti della maxi fuga di 30 corridori in grado di sganciarsi dal gruppo nelle prime fasi della corsa. Per il giovane sloveno, vincitore del Giro NextGen 2025, \u00e8 la prima vittoria da professionista nel primo Grand Tour della carriera. Secondo posto di giornata per <strong>Urko Berrade <\/strong>(Equipo Kern Pharma), ultimo a staccarsi dal vincitore e al traguardo 1&#8217;56&#8221; dopo di lui, mentre terzo si \u00e8 piazzato <strong>Santiago Buitrago\u00a0<\/strong>(Bahrain Victorious), a 2&#8217;13&#8221;.<\/p>\n<p>Tra gli uomini di classifica, <strong>Enric Mas\u00a0<\/strong>(Movistar Team) d\u00e0 un&#8217;altra importante dimostrazione di forza e con un attacco a una decina di chilometri dall&#8217;arrivo guadagna terreno sui suoi rivali. Lo spagnolo, giunto sulla linea d&#8217;arrivo a 2&#8217;56&#8221;, rifila altri 27 secondi a <strong>Primo\u017e Rogli\u010d<\/strong> (Red Bull &#8211; BORA &#8211; hansgrohe) e <strong>Felix Gall<\/strong> (Decathlon CMA CGM): l&#8217;austriaco, ancora una volta, era stato il primo ad attaccare. Giornataccia invece per\u00a0<strong>Oscar Onley\u00a0<\/strong>(Netcompany INEOS), che paga circa 2&#8217;10&#8221; alla maglia rossa.<\/p>\n<p>In classifica generale quindi\u00a0<strong>Enric Mas\u00a0<\/strong>(Movistar Team) consolida il proprio primato, portando a 1&#8217;45&#8221; il vantaggio su <strong>Primo\u017e Rogli\u010d<\/strong> (Red Bull &#8211; BORA &#8211; hansgrohe).\u00a0<strong>Felix Gall <\/strong>(Decathlon CMA CGM) si prende la terza posizione a 2&#8217;06&#8221;, mentre uno stoico\u00a0<strong>Richard Carapaz\u00a0<\/strong>(EF Education &#8211; Easy Post) sale in quarta a 3&#8217;53&#8221;, proprio ai danni di <strong>Oscar Onley\u00a0<\/strong>(Netcompany INEOS). La vittoria in fuga permette a\u00a0<strong>Jakob Omrzel\u00a0<\/strong>(Bahrain Victorious) di rimontare nella generale, fino alla sesta piazza attuale.<\/p>\n<h2>Il video dell&#8217;arrivo<\/h2>\n<blockquote class=\"twitter-tweet\" data-media-max-width=\"560\">\n<p dir=\"ltr\" lang=\"es\">&#x2b50;&#xfe0f;Vaya recital, Jakob<\/p>\n<p>Huele a nueva estrella del ciclismo esloveno: Jakob Omrzel se apunta la etapa reina de la Vuelta en solitario con tan solo 20 primaveras <a href=\"https:\/\/x.com\/hashtag\/VueltaRTVE3s?src=hash&amp;ref_src=twsrc%5Etfw\">#VueltaRTVE3s<\/a><\/p>\n<p>&#x1f4fa;Sigue la etapa 12 de <a href=\"https:\/\/x.com\/hashtag\/LaVuelta26?src=hash&amp;ref_src=twsrc%5Etfw\">#LaVuelta26<\/a> en La 1 y RTVE Play pinchando en <a href=\"https:\/\/t.co\/b4j5mUqRty\">https:\/\/t.co\/b4j5mUqRty<\/a> <a href=\"https:\/\/t.co\/C0fwgo8YqA\">pic.twitter.com\/C0fwgo8YqA<\/a><\/p>\n<p>\u2014 Teledeporte (@teledeporte) <a href=\"https:\/\/x.com\/teledeporte\/status\/2095537785885143240?ref_src=twsrc%5Etfw\">September 3, 2026<\/a><\/p><\/blockquote>\n<p><script async src=\"https:\/\/platform.x.com\/widgets.js\" charset=\"utf-8\"><\/script><\/p>\n<h2>Il racconto della corsa<\/h2>\n<p>Partenza vivace, con diversi attacchi, che per\u00f2 non sortiscono particolari effetti. Inizia cos\u00ec la prima salita categorizzata di giornata, con <strong>Ivo Oliveira<\/strong> (UAE Emirates-XRG) e <strong>R\u00e9my Rochas<\/strong> (Groupama-FDJ United) che guadagnano qualche secondo prima di essere raggiunti da <strong>Eddie Dunbar<\/strong> (Pinarello-Q36.5). Dietro per\u00f2 ci sono tanti altri corridori che vogliono trascorrere una giornata in fuga e il tentativo viene assorbito dopo pochi chilometri e prima del Gpm, dove transita per primo <strong>Wout van Aert<\/strong> (Visma|Lease a Bike).\u00a0Lungo il falsopiano negativo successivo si avvantaggiano <strong>Axel Laurance<\/strong> (Netcompany Ineos), <strong>Ramses Debruyne<\/strong> (Alpecin-Premier Tech) e <strong>Alexey Lutsenko<\/strong> (NSN), che guadagnano una dozzina di secondi prima di rimanere a tiro di un gruppo che \u00e8 ancora scosso da diversi attacchi, che per\u00f2, di fatto, non portano a nulla.<\/p>\n<p>Al km 35 di gara, in prossimit\u00e0 di una rotonda, si verifica una doppia caduta. In quella sul lato sinistro della squadra rimane coinvolto <strong>Oscar Onley<\/strong> (Netcompany Ineos), che riparte subito, mostrando per\u00f2 alcune contusioni. Sul lato destro della strada finiscono a terra <strong>Fredrik Wandahl<\/strong> (Red Bull-Bora-hansgrohe), che era gi\u00e0 caduto qualche chilometro prima, e <strong>Timo Roosen<\/strong> (Picnic PostNL). Intanto si forma la fuga al comando, con numerosi scatti che finiscono per comporre un gruppo di 30 unit\u00e0, composto da <strong>Luke Tuckwell<\/strong> (Red Bull &#8211; BORA &#8211; hansgrohe), <strong>Jo\u00e3o Almeida<\/strong> (UAE Team Emirates XRG), <strong>Ivo Oliveira<\/strong> (UAE Team Emirates XRG), <strong>Kevin Vermaerke<\/strong> (UAE Team Emirates XRG), <strong>Pablo Castrillo<\/strong> (Movistar Team), <strong>Ra\u00fal Garc\u00eda Pierna<\/strong> (Movistar Team), <strong>Wout van Aert<\/strong> (Team Visma | Lease a Bike), <strong>L\u00e9o Bisiaux<\/strong> (Decathlon CMA CGM Team), <strong>Edward Dunbar<\/strong> (Pinarello &#8211; Q36.5 Pro Cycling Team), <strong>Jack Haig<\/strong> (Netcompany INEOS), <strong>Axel Laurance<\/strong> (Netcompany INEOS), <strong>Pello Bilbao<\/strong> (Bahrain Victorious), <strong>Santiago Buitrago<\/strong> (Bahrain Victorious), <strong>Jakob Omrzel<\/strong> (Bahrain Victorious), <strong>Lennard K\u00e4mna<\/strong> (Lidl-Trek), <strong>R\u00e9my Rochas<\/strong> (Groupama-FDJ United), <strong>Ramses Debruyne<\/strong> (Alpecin-Premier Tech), <strong>Hugo Houle<\/strong> (Alpecin-Premier Tech), <strong>Alexey Lutsenko<\/strong> (NSN Cycling Team), <strong>Mauri Vansevenant<\/strong> (Soudal Quick-Step), <strong>Tobias Halland Johannessen<\/strong> (Uno-X Mobility), <strong>Andreas Kron<\/strong> (Uno-X Mobility), <strong>Andreas Leknessund<\/strong> (Uno-X Mobility), <strong>Finlay Pickering<\/strong> (Team Jayco AlUla), <strong>Vincenzo Albanese<\/strong> (EF Education-EasyPost), <strong>Marco Brenner<\/strong> (Tudor Pro Cycling Team), <strong>Henok Mulubrhan<\/strong> (XDS Astana Team), <strong>Urko Berrade<\/strong> (Equipo Kern Pharma), <strong>Jose Manuel Diaz<\/strong> (Burgos Burpellet BH) e <strong>Chris Hamilton<\/strong> (Team Picnic PostNL), mentre <strong>Pavel Sivakov<\/strong> (UAE Team Emirates XRG) fallisce l&#8217;aggancio e si fa riassorbire da un gruppo che in cima all&#8217;Alto de C\u00f3bdar concede pi\u00f9 di quattro minuti.<\/p>\n<p>Il margine sale ulteriormente e ai piedi della salita successiva il gap arriva a 5&#8217;35&#8221;, per continuare a salire nel corso dell&#8217;ascesa, tanto che a inizio discesa il vantaggio dei 30 attaccanti \u00e8 di 6&#8217;35&#8221;. A controllare \u00e8 sempre e solamente la <strong>Movistar<\/strong>, che non corre rischi con la strada che riporta in pianura, tanto che il margine aumenta ulteriormente fino ad arrivare a 7&#8217;25&#8221;. A tirare davanti son invece soprattutto gli uomini della Bahrain Victorious, ma quando la strada inizia a salire il ritmo aumenta improvvisamente grazie a Joao Almeida, al servizio di Kevin Vermaerke. Lungo il temuto Alto de Velefique perdono dunque contatto gran parte degli uomini in fuga, con una serie di accelerazioni che creano forte selezione che vede scollinare in testa <strong>Santiago Buitrago<\/strong> (Bahrain Victorious) davanti a <strong>Luke Tuckwell<\/strong> (Red Bull &#8211; BORA &#8211; hansgrohe), <strong>Ra\u00fal Garc\u00eda Pierna<\/strong> (Movistar Team), <strong>L\u00e9o Bisiaux<\/strong> (Decathlon CMA CGM Team), <strong>Jack Haig<\/strong> (Netcompany INEOS), <strong>Jakob Omrzel<\/strong> (Bahrain Victorious), <strong>Alexey Lutsenko<\/strong> (NSN Cycling Team), <strong>Mauri Vansevenant<\/strong> (Soudal Quick-Step) e <strong>Urko Berrade<\/strong> (Equipo Kern Pharma).<\/p>\n<p>Nel frattempo si crea forte selezione anche in gruppo, soprattutto per il grande lavoro di <strong>Ivan Romeo<\/strong> (Movistar). Un ritmo regolare che respinge molto bene l&#8217;assalto di <strong>Richard Carapaz<\/strong> (EF Education &#8211; EasyPost), unico dei big a muoversi con una accelerazione secca che inizialmente gli consente di guadagnare fino a trenta secondi, ma poi il ritmo regolare alle sue spalle lo porta a desistere, vedendo che progressivamente gli rosicchiano secondi. Il campione olimpico si rialza cos\u00ec a 33 chilometri dalla conclusione, quando a dar manforte alla Maglia Rossa arriva anche <strong>Pablo Castrillo<\/strong>, che si \u00e8 appositamente lasciato sfilare dalla testa della corsa. Buitrago intanto si prende punti preziosi al GPM, dopo aver perso le volate precedenti da Wout Van Aert, provando poi a rilanciare l&#8217;azione sin dalle prime rampe della salita finale, dove il gruppo si presenta in rimonta, con un ritardo ora ridotto a cinque minuti.<\/p>\n<p>In testa, con la maglia a pois restano solo Berrade, Bisiaux e Ormzel, mentre anche dietro il ritmo cambia completamente, con il forcing della Decathlon CMA CGM che riduce il gruppo a meno di dieci corridori. Alle spalle del treno del team francese, che vede <strong>Callum Scotson<\/strong>, <strong>Matthew Riccitello<\/strong> e <strong>Gregor M\u00fchlberger<\/strong> al servizio di Felix Gall, restano infatti solo Enric Mas (Movistar Team), <strong>Primo\u017e Rogli\u010d<\/strong> (Red Bull &#8211; BORA &#8211; hansgrohe), <strong>Oscar Onley<\/strong> (Netcompany INEOS) e <strong>Richard Carapaz<\/strong> (EF Education-EasyPost). Messo in rampa di lancio dai compagni, Felix Gall entra in azione a 13 chilometri dalla conclusione, subito seguito da Mas e Roglic mentre Onley e Carapaz fanno fatica. Con un vantaggio ancora di 4&#8217;20&#8221;, davanti hanno ormai la vittoria in pugno ed \u00e8 Omrzel a fare la sua mossa poco dopo, quando si sposta Buitrago. Lo sloveno stacca prima Bisiaux, poi Berrade, restando cos\u00ec da solo a undici chilometri dalla conclusione. Per lui inizia a quel punto uno splendido assolo che lo porta a vincere con quasi due minuti di vantaggio sullo spagnolo, mentre il francese si rialza per mettersi al servizio di Gall, staccato dal successivo scatto di Enric Mas.<\/p>\n<p>La Maglia Rossa stavolta resta da solo visto che anche Roglic non riesce a seguire, ma davanti a s\u00e9 non tarda a trovare il compagno Garcia Pierna, che gli d\u00e0 una grande mano nel tratto di salita meno ripida, quando \u00e8 riuscito a guadagnare quasi trenta secondi sui rivali, incapaci di trovare una intesa. Su di loro rientra cos\u00ec Carapaz, alla cui ruota c&#8217;\u00e8 M\u00fchlberger, pronto a mettersi al servizio del suo capitano. Nello stesso momento, da davanti, si fanno riprendere Bisiaux e Tuckwell, mentre Mas resta di nuovo da solo visto che Garcia Pierna esaurisce il suo lavoro. Sembra un possibile momento di svolta, ma la situazione in realt\u00e0 non cambia, con gli inseguitori che non riescono ad avvicinarsi rispetto ai 40 secondi di margine accumulati sino a quel momento.<\/p>\n<p>Finito il compito dei compagni, Gall riprova a scattare e mette in difficolt\u00e0 inizialmente Roglic e Carapaz, tuttavia entrambi trovano le forze per rientrare, con i tre che alla fine chiudono a 29 secondi dalla Maglia Rossa, che nel finale cala leggermente, tanto che Vansevenant, ripreso nell&#8217;ultimo chilometro, trova le forze per staccarlo per prendersi la quinta posizione.<\/p>\n<h2>Risultato e Classifiche Tappa 12 Vuelta a Espa\u00f1a 2026<\/h2>\n<p><iframe loading=\"lazy\" src=\"https:\/\/secure.cyclingprodata.com\/widgets\/latest\/widgets.html?type=results&amp;tour_id=1072&amp;stage_number=12&amp;use_icons_for_one_column=true&amp;reflow_mode=true\" width=\"100%\" height=\"1000px\" data-mce-fragment=\"1\"><span data-mce-type=\"bookmark\" style=\"display: inline-block; width: 0px; overflow: hidden; line-height: 0;\" class=\"mce_SELRES_start\">\ufeff<\/span><span data-mce-type=\"bookmark\" style=\"display: inline-block; width: 0px; overflow: hidden; line-height: 0;\" class=\"mce_SELRES_start\">\ufeff<\/span><span data-mce-type=\"bookmark\" style=\"display: inline-block; width: 0px; overflow: hidden; line-height: 0;\" class=\"mce_SELRES_start\">\ufeff<\/span><span data-mce-type=\"bookmark\" style=\"display: inline-block; width: 0px; overflow: hidden; line-height: 0;\" class=\"mce_SELRES_start\">\ufeff<\/span><span style=\"display: inline-block; width: 0px; overflow: hidden; line-height: 0;\" data-mce-type=\"bookmark\" class=\"mce_SELRES_start\">\ufeff<\/span><span data-mce-type=\"bookmark\" style=\"display: inline-block; width: 0px; overflow: hidden; line-height: 0;\" class=\"mce_SELRES_start\">\ufeff<\/span><span style=\"display: inline-block; width: 0px; overflow: hidden; line-height: 0;\" data-mce-type=\"bookmark\" class=\"mce_SELRES_start\">\ufeff<\/span><span data-mce-type=\"bookmark\" style=\"display: inline-block; width: 0px; overflow: hidden; line-height: 0;\" class=\"mce_SELRES_start\">\ufeff<\/span><span style=\"display: inline-block; width: 0px; overflow: hidden; line-height: 0;\" data-mce-type=\"bookmark\" class=\"mce_SELRES_start\"><span data-mce-type=\"bookmark\" style=\"display: inline-block; width: 0px; overflow: hidden; line-height: 0;\" class=\"mce_SELRES_start\">\ufeff<\/span>\ufeff<\/span><span data-mce-type=\"bookmark\" style=\"display: inline-block; width: 0px; overflow: hidden; line-height: 0;\" class=\"mce_SELRES_start\">\ufeff<\/span><span style=\"display: inline-block; width: 0px; overflow: hidden; line-height: 0;\" data-mce-type=\"bookmark\" class=\"mce_SELRES_start\">\ufeff<\/span><span style=\"display: inline-block; width: 0px; overflow: hidden; line-height: 0;\" data-mce-type=\"bookmark\" class=\"mce_SELRES_start\">\ufeff<\/span><span style=\"display: inline-block; width: 0px; overflow: hidden; line-height: 0;\" data-mce-type=\"bookmark\" class=\"mce_SELRES_start\">\ufeff<\/span><span data-mce-type=\"bookmark\" style=\"display: inline-block; width: 0px; overflow: hidden; line-height: 0;\" class=\"mce_SELRES_start\">\ufeff<\/span><span data-mce-type=\"bookmark\" style=\"display: inline-block; width: 0px; overflow: hidden; line-height: 0;\" class=\"mce_SELRES_start\">\ufeff<\/span><span data-mce-type=\"bookmark\" style=\"display: inline-block; width: 0px; overflow: hidden; line-height: 0;\" class=\"mce_SELRES_start\">\ufeff<\/span><span data-mce-type=\"bookmark\" style=\"display: inline-block; width: 0px; overflow: hidden; line-height: 0;\" class=\"mce_SELRES_start\">\ufeff<\/span><span data-mce-type=\"bookmark\" style=\"display: inline-block; width: 0px; overflow: hidden; line-height: 0;\" class=\"mce_SELRES_start\">\ufeff<\/span><span data-mce-type=\"bookmark\" style=\"display: inline-block; width: 0px; overflow: hidden; line-height: 0;\" class=\"mce_SELRES_start\">\ufeff<\/span><span data-mce-type=\"bookmark\" style=\"display: inline-block; width: 0px; overflow: hidden; line-height: 0;\" class=\"mce_SELRES_start\">\ufeff<\/span><span data-mce-type=\"bookmark\" style=\"display: inline-block; width: 0px; overflow: hidden; line-height: 0;\" class=\"mce_SELRES_start\">\ufeff<\/span><span data-mce-type=\"bookmark\" style=\"display: inline-block; width: 0px; overflow: hidden; line-height: 0;\" class=\"mce_SELRES_start\">\ufeff<\/span><span data-mce-type=\"bookmark\" style=\"display: inline-block; width: 0px; overflow: hidden; line-height: 0;\" class=\"mce_SELRES_start\">\ufeff<\/span><span data-mce-type=\"bookmark\" style=\"display: inline-block; width: 0px; overflow: hidden; line-height: 0;\" class=\"mce_SELRES_start\">\ufeff<\/span><span data-mce-type=\"bookmark\" style=\"display: inline-block; width: 0px; overflow: hidden; line-height: 0;\" class=\"mce_SELRES_start\">\ufeff<\/span><span data-mce-type=\"bookmark\" style=\"display: inline-block; width: 0px; overflow: hidden; line-height: 0;\" class=\"mce_SELRES_start\">\ufeff<\/span><span data-mce-type=\"bookmark\" style=\"display: inline-block; width: 0px; overflow: hidden; line-height: 0;\" class=\"mce_SELRES_start\">\ufeff<\/span><span data-mce-type=\"bookmark\" style=\"display: inline-block; width: 0px; overflow: hidden; line-height: 0;\" class=\"mce_SELRES_start\">\ufeff<\/span><span data-mce-type=\"bookmark\" style=\"display: inline-block; width: 0px; overflow: hidden; line-height: 0;\" class=\"mce_SELRES_start\">\ufeff<\/span><span data-mce-type=\"bookmark\" style=\"display: inline-block; width: 0px; overflow: hidden; line-height: 0;\" class=\"mce_SELRES_start\">\ufeff<\/span><span data-mce-type=\"bookmark\" style=\"display: inline-block; width: 0px; overflow: hidden; line-height: 0;\" class=\"mce_SELRES_start\">\ufeff<\/span><span data-mce-type=\"bookmark\" style=\"display: inline-block; width: 0px; overflow: hidden; line-height: 0;\" class=\"mce_SELRES_start\">\ufeff<\/span><span data-mce-type=\"bookmark\" style=\"display: inline-block; width: 0px; overflow: hidden; line-height: 0;\" class=\"mce_SELRES_start\">\ufeff<\/span><span data-mce-type=\"bookmark\" style=\"display: inline-block; width: 0px; overflow: hidden; line-height: 0;\" class=\"mce_SELRES_start\">\ufeff<\/span><span data-mce-type=\"bookmark\" style=\"display: inline-block; width: 0px; overflow: hidden; line-height: 0;\" class=\"mce_SELRES_start\">\ufeff<\/span><span data-mce-type=\"bookmark\" style=\"display: inline-block; width: 0px; overflow: hidden; line-height: 0;\" class=\"mce_SELRES_start\">\ufeff<\/span><span data-mce-type=\"bookmark\" style=\"display: inline-block; width: 0px; overflow: hidden; line-height: 0;\" class=\"mce_SELRES_start\">\ufeff<\/span><span style=\"display: inline-block; width: 0px; overflow: hidden; line-height: 0;\" data-mce-type=\"bookmark\" class=\"mce_SELRES_start\">\ufeff<\/span><span style=\"display: inline-block; width: 0px; overflow: hidden; line-height: 0;\" data-mce-type=\"bookmark\" class=\"mce_SELRES_start\">\ufeff<\/span><span style=\"display: inline-block; width: 0px; overflow: hidden; line-height: 0;\" data-mce-type=\"bookmark\" class=\"mce_SELRES_start\">\ufeff<\/span><span style=\"display: inline-block; width: 0px; overflow: hidden; line-height: 0;\" data-mce-type=\"bookmark\" class=\"mce_SELRES_start\">\ufeff<\/span><span data-mce-type=\"bookmark\" style=\"display: inline-block; width: 0px; overflow: hidden; line-height: 0;\" class=\"mce_SELRES_start\">\ufeff<\/span><span style=\"display: inline-block; width: 0px; overflow: hidden; line-height: 0;\" data-mce-type=\"bookmark\" class=\"mce_SELRES_start\">\ufeff<\/span><span style=\"display: inline-block; width: 0px; overflow: hidden; line-height: 0;\" data-mce-type=\"bookmark\" class=\"mce_SELRES_start\">\ufeff<\/span><span style=\"display: inline-block; width: 0px; overflow: hidden; line-height: 0;\" data-mce-type=\"bookmark\" class=\"mce_SELRES_start\">\ufeff<\/span><span data-mce-type=\"bookmark\" style=\"display: inline-block; width: 0px; overflow: hidden; line-height: 0;\" class=\"mce_SELRES_start\">\ufeff<\/span><span data-mce-type=\"bookmark\" style=\"display: inline-block; width: 0px; overflow: hidden; line-height: 0;\" class=\"mce_SELRES_start\">\ufeff<\/span><span data-mce-type=\"bookmark\" style=\"display: inline-block; width: 0px; overflow: hidden; line-height: 0;\" class=\"mce_SELRES_start\">\ufeff<\/span><span data-mce-type=\"bookmark\" style=\"display: inline-block; width: 0px; overflow: hidden; line-height: 0;\" class=\"mce_SELRES_start\">\ufeff<\/span><span data-mce-type=\"bookmark\" style=\"display: inline-block; width: 0px; overflow: hidden; line-height: 0;\" class=\"mce_SELRES_start\">\ufeff<\/span><span style=\"display: inline-block; width: 0px; overflow: hidden; line-height: 0;\" data-mce-type=\"bookmark\" class=\"mce_SELRES_start\">\ufeff<\/span><span data-mce-type=\"bookmark\" style=\"display: inline-block; width: 0px; overflow: hidden; line-height: 0;\" class=\"mce_SELRES_start\">\ufeff<\/span><span data-mce-type=\"bookmark\" style=\"display: inline-block; width: 0px; overflow: hidden; line-height: 0;\" class=\"mce_SELRES_start\"><\/span><span data-mce-type=\"bookmark\" style=\"display: inline-block; width: 0px; overflow: hidden; line-height: 0;\" class=\"mce_SELRES_start\"><\/span><span data-mce-type=\"bookmark\" style=\"display: inline-block; width: 0px; overflow: hidden; line-height: 0;\" class=\"mce_SELRES_start\"><\/span><\/iframe><\/p>\n","protected":false},"excerpt":{"rendered":"<p>Il giovane sloveno ottiene la sua prima vittoria da pro&#8217; nella dodicesima tappa de #LaVuelta26. Lo spagnolo mette altri secondi tra s\u00e9 e i rivali<\/p>\n","protected":false},"author":15,"featured_media":393529,"comment_status":"open","ping_status":"closed","sticky":false,"template":"","format":"standard","meta":{"footnotes":"","_members_access_role":[],"_members_access_error":""},"categories":[17,21,6589],"tags":[6796,1279,6462,6625,5752],"class_list":["post-393510","post","type-post","status-publish","format-standard","has-post-thumbnail","hentry","category-sintesi-gare","category-vetrina","category-vuelta-2026","tag-bahrain-victorious-2026","tag-enric-mas","tag-jakob-omrzel","tag-movistar-team-2026","tag-vuelta-a-espana-2026"],"yoast_head":"<!-- This site is optimized with the Yoast SEO plugin v28.4 - https:\/\/yoast.com\/product\/yoast-seo-wordpress\/ -->\n<title>Vuelta a Espa\u00f1a 2026, Jakob Omrzel doma la fuga e vince a Calar Alto! Enric Mas attacca e consolida la maglia rossa - SpazioCiclismo<\/title>\n<meta name=\"robots\" content=\"index, follow, max-snippet:-1, max-image-preview:large, max-video-preview:-1\" \/>\n<link rel=\"canonical\" href=\"https:\/\/cyclingpro.net\/spaziociclismo\/sintesi-gare\/vuelta-a-espana-2026-jakob-omrzel-doma-la-fuga-e-vince-a-calar-alto-enric-mas-attacca-e-consolida-la-maglia-rossa\/\" \/>\n<meta property=\"og:locale\" content=\"it_IT\" \/>\n<meta property=\"og:type\" content=\"article\" \/>\n<meta property=\"og:title\" content=\"Vuelta a Espa\u00f1a 2026, Jakob Omrzel doma la fuga e vince a Calar Alto! Enric Mas attacca e consolida la maglia rossa - SpazioCiclismo\" \/>\n<meta property=\"og:description\" content=\"Il giovane sloveno ottiene la sua prima vittoria da pro&#039; nella dodicesima tappa de #LaVuelta26. Lo spagnolo mette altri secondi tra s\u00e9 e i rivali\" \/>\n<meta property=\"og:url\" content=\"https:\/\/cyclingpro.net\/spaziociclismo\/sintesi-gare\/vuelta-a-espana-2026-jakob-omrzel-doma-la-fuga-e-vince-a-calar-alto-enric-mas-attacca-e-consolida-la-maglia-rossa\/\" \/>\n<meta property=\"og:site_name\" content=\"SpazioCiclismo\" \/>\n<meta property=\"article:publisher\" content=\"https:\/\/www.facebook.com\/SpazioCiclismo\/\" \/>\n<meta property=\"article:published_time\" content=\"2026-09-03T15:41:15+00:00\" \/>\n<meta property=\"article:modified_time\" content=\"2026-09-03T16:04:07+00:00\" \/>\n<meta property=\"og:image\" content=\"https:\/\/cyclingpro.net\/spaziociclismo\/wp-content\/uploads\/2026\/09\/Jakob-Omrzel-Vuelta-a-Espana-2026.webp\" \/>\n\t<meta property=\"og:image:width\" content=\"1200\" \/>\n\t<meta property=\"og:image:height\" content=\"800\" \/>\n\t<meta property=\"og:image:type\" content=\"image\/webp\" \/>\n<meta name=\"author\" content=\"Davide Terraneo\" \/>\n<meta name=\"twitter:card\" content=\"summary_large_image\" \/>\n<meta name=\"twitter:creator\" content=\"@spaziociclismo\" \/>\n<meta name=\"twitter:site\" content=\"@spaziociclismo\" \/>\n<meta name=\"twitter:label1\" content=\"Scritto da\" \/>\n\t<meta name=\"twitter:data1\" content=\"Davide Terraneo\" \/>\n\t<meta name=\"twitter:label2\" content=\"Tempo di lettura stimato\" \/>\n\t<meta name=\"twitter:data2\" content=\"8 minuti\" \/>\n<script type=\"application\/ld+json\" class=\"yoast-schema-graph\">{\"@context\":\"https:\\\/\\\/schema.org\",\"@graph\":[{\"@type\":\"Article\",\"@id\":\"https:\\\/\\\/cyclingpro.net\\\/spaziociclismo\\\/sintesi-gare\\\/vuelta-a-espana-2026-jakob-omrzel-doma-la-fuga-e-vince-a-calar-alto-enric-mas-attacca-e-consolida-la-maglia-rossa\\\/#article\",\"isPartOf\":{\"@id\":\"https:\\\/\\\/cyclingpro.net\\\/spaziociclismo\\\/sintesi-gare\\\/vuelta-a-espana-2026-jakob-omrzel-doma-la-fuga-e-vince-a-calar-alto-enric-mas-attacca-e-consolida-la-maglia-rossa\\\/\"},\"author\":{\"name\":\"Davide Terraneo\",\"@id\":\"https:\\\/\\\/cyclingpro.net\\\/spaziociclismo\\\/#\\\/schema\\\/person\\\/7e1a937a7dba4e684209b697ab87796a\"},\"headline\":\"Vuelta a Espa\u00f1a 2026, Jakob Omrzel doma la fuga e vince a Calar Alto! Enric Mas attacca e consolida la maglia rossa\",\"datePublished\":\"2026-09-03T15:41:15+00:00\",\"dateModified\":\"2026-09-03T16:04:07+00:00\",\"mainEntityOfPage\":{\"@id\":\"https:\\\/\\\/cyclingpro.net\\\/spaziociclismo\\\/sintesi-gare\\\/vuelta-a-espana-2026-jakob-omrzel-doma-la-fuga-e-vince-a-calar-alto-enric-mas-attacca-e-consolida-la-maglia-rossa\\\/\"},\"wordCount\":1448,\"commentCount\":0,\"publisher\":{\"@id\":\"https:\\\/\\\/cyclingpro.net\\\/spaziociclismo\\\/#organization\"},\"image\":{\"@id\":\"https:\\\/\\\/cyclingpro.net\\\/spaziociclismo\\\/sintesi-gare\\\/vuelta-a-espana-2026-jakob-omrzel-doma-la-fuga-e-vince-a-calar-alto-enric-mas-attacca-e-consolida-la-maglia-rossa\\\/#primaryimage\"},\"thumbnailUrl\":\"https:\\\/\\\/cyclingpro.net\\\/spaziociclismo\\\/wp-content\\\/uploads\\\/2026\\\/09\\\/Jakob-Omrzel-Vuelta-a-Espana-2026.webp\",\"keywords\":[\"Bahrain Victorious 2026\",\"Enric Mas\",\"Jakob Omrzel\",\"Movistar Team 2026\",\"Vuelta a Espa\u00f1a 2026\"],\"articleSection\":[\"Sintesi Gare\",\"Vetrina\",\"Vuelta 2026\"],\"inLanguage\":\"it-IT\",\"potentialAction\":[{\"@type\":\"CommentAction\",\"name\":\"Comment\",\"target\":[\"https:\\\/\\\/cyclingpro.net\\\/spaziociclismo\\\/sintesi-gare\\\/vuelta-a-espana-2026-jakob-omrzel-doma-la-fuga-e-vince-a-calar-alto-enric-mas-attacca-e-consolida-la-maglia-rossa\\\/#respond\"]}]},{\"@type\":\"WebPage\",\"@id\":\"https:\\\/\\\/cyclingpro.net\\\/spaziociclismo\\\/sintesi-gare\\\/vuelta-a-espana-2026-jakob-omrzel-doma-la-fuga-e-vince-a-calar-alto-enric-mas-attacca-e-consolida-la-maglia-rossa\\\/\",\"url\":\"https:\\\/\\\/cyclingpro.net\\\/spaziociclismo\\\/sintesi-gare\\\/vuelta-a-espana-2026-jakob-omrzel-doma-la-fuga-e-vince-a-calar-alto-enric-mas-attacca-e-consolida-la-maglia-rossa\\\/\",\"name\":\"Vuelta a Espa\u00f1a 2026, Jakob Omrzel doma la fuga e vince a Calar Alto! Enric Mas attacca e consolida la maglia rossa - SpazioCiclismo\",\"isPartOf\":{\"@id\":\"https:\\\/\\\/cyclingpro.net\\\/spaziociclismo\\\/#website\"},\"primaryImageOfPage\":{\"@id\":\"https:\\\/\\\/cyclingpro.net\\\/spaziociclismo\\\/sintesi-gare\\\/vuelta-a-espana-2026-jakob-omrzel-doma-la-fuga-e-vince-a-calar-alto-enric-mas-attacca-e-consolida-la-maglia-rossa\\\/#primaryimage\"},\"image\":{\"@id\":\"https:\\\/\\\/cyclingpro.net\\\/spaziociclismo\\\/sintesi-gare\\\/vuelta-a-espana-2026-jakob-omrzel-doma-la-fuga-e-vince-a-calar-alto-enric-mas-attacca-e-consolida-la-maglia-rossa\\\/#primaryimage\"},\"thumbnailUrl\":\"https:\\\/\\\/cyclingpro.net\\\/spaziociclismo\\\/wp-content\\\/uploads\\\/2026\\\/09\\\/Jakob-Omrzel-Vuelta-a-Espana-2026.webp\",\"datePublished\":\"2026-09-03T15:41:15+00:00\",\"dateModified\":\"2026-09-03T16:04:07+00:00\",\"breadcrumb\":{\"@id\":\"https:\\\/\\\/cyclingpro.net\\\/spaziociclismo\\\/sintesi-gare\\\/vuelta-a-espana-2026-jakob-omrzel-doma-la-fuga-e-vince-a-calar-alto-enric-mas-attacca-e-consolida-la-maglia-rossa\\\/#breadcrumb\"},\"inLanguage\":\"it-IT\",\"potentialAction\":[{\"@type\":\"ReadAction\",\"target\":[\"https:\\\/\\\/cyclingpro.net\\\/spaziociclismo\\\/sintesi-gare\\\/vuelta-a-espana-2026-jakob-omrzel-doma-la-fuga-e-vince-a-calar-alto-enric-mas-attacca-e-consolida-la-maglia-rossa\\\/\"]}]},{\"@type\":\"ImageObject\",\"inLanguage\":\"it-IT\",\"@id\":\"https:\\\/\\\/cyclingpro.net\\\/spaziociclismo\\\/sintesi-gare\\\/vuelta-a-espana-2026-jakob-omrzel-doma-la-fuga-e-vince-a-calar-alto-enric-mas-attacca-e-consolida-la-maglia-rossa\\\/#primaryimage\",\"url\":\"https:\\\/\\\/cyclingpro.net\\\/spaziociclismo\\\/wp-content\\\/uploads\\\/2026\\\/09\\\/Jakob-Omrzel-Vuelta-a-Espana-2026.webp\",\"contentUrl\":\"https:\\\/\\\/cyclingpro.net\\\/spaziociclismo\\\/wp-content\\\/uploads\\\/2026\\\/09\\\/Jakob-Omrzel-Vuelta-a-Espana-2026.webp\",\"width\":1200,\"height\":800,\"caption\":\"\u00a9 ASO \\\/ CxCling\"},{\"@type\":\"BreadcrumbList\",\"@id\":\"https:\\\/\\\/cyclingpro.net\\\/spaziociclismo\\\/sintesi-gare\\\/vuelta-a-espana-2026-jakob-omrzel-doma-la-fuga-e-vince-a-calar-alto-enric-mas-attacca-e-consolida-la-maglia-rossa\\\/#breadcrumb\",\"itemListElement\":[{\"@type\":\"ListItem\",\"position\":1,\"name\":\"Home\",\"item\":\"https:\\\/\\\/cyclingpro.net\\\/spaziociclismo\\\/\"},{\"@type\":\"ListItem\",\"position\":2,\"name\":\"Vuelta a Espa\u00f1a 2026, Jakob Omrzel doma la fuga e vince a Calar Alto! Enric Mas attacca e consolida la maglia rossa\"}]},{\"@type\":\"WebSite\",\"@id\":\"https:\\\/\\\/cyclingpro.net\\\/spaziociclismo\\\/#website\",\"url\":\"https:\\\/\\\/cyclingpro.net\\\/spaziociclismo\\\/\",\"name\":\"SpazioCiclismo\",\"description\":\"Tutto il ciclismo minuto per minuto\",\"publisher\":{\"@id\":\"https:\\\/\\\/cyclingpro.net\\\/spaziociclismo\\\/#organization\"},\"potentialAction\":[{\"@type\":\"SearchAction\",\"target\":{\"@type\":\"EntryPoint\",\"urlTemplate\":\"https:\\\/\\\/cyclingpro.net\\\/spaziociclismo\\\/?s={search_term_string}\"},\"query-input\":{\"@type\":\"PropertyValueSpecification\",\"valueRequired\":true,\"valueName\":\"search_term_string\"}}],\"inLanguage\":\"it-IT\"},{\"@type\":\"Organization\",\"@id\":\"https:\\\/\\\/cyclingpro.net\\\/spaziociclismo\\\/#organization\",\"name\":\"SpazioCiclismo\",\"url\":\"https:\\\/\\\/cyclingpro.net\\\/spaziociclismo\\\/\",\"logo\":{\"@type\":\"ImageObject\",\"inLanguage\":\"it-IT\",\"@id\":\"https:\\\/\\\/cyclingpro.net\\\/spaziociclismo\\\/#\\\/schema\\\/logo\\\/image\\\/\",\"url\":\"https:\\\/\\\/cyclingpro.net\\\/spaziociclismo\\\/wp-content\\\/uploads\\\/2017\\\/02\\\/SpazioCiclismo-Logo-Quadrato.png\",\"contentUrl\":\"https:\\\/\\\/cyclingpro.net\\\/spaziociclismo\\\/wp-content\\\/uploads\\\/2017\\\/02\\\/SpazioCiclismo-Logo-Quadrato.png\",\"width\":450,\"height\":450,\"caption\":\"SpazioCiclismo\"},\"image\":{\"@id\":\"https:\\\/\\\/cyclingpro.net\\\/spaziociclismo\\\/#\\\/schema\\\/logo\\\/image\\\/\"},\"sameAs\":[\"https:\\\/\\\/www.facebook.com\\\/SpazioCiclismo\\\/\",\"https:\\\/\\\/x.com\\\/spaziociclismo\",\"https:\\\/\\\/www.instagram.com\\\/spaziociclismo\\\/\"]},{\"@type\":\"Person\",\"@id\":\"https:\\\/\\\/cyclingpro.net\\\/spaziociclismo\\\/#\\\/schema\\\/person\\\/7e1a937a7dba4e684209b697ab87796a\",\"name\":\"Davide Terraneo\",\"image\":{\"@type\":\"ImageObject\",\"inLanguage\":\"it-IT\",\"@id\":\"https:\\\/\\\/secure.gravatar.com\\\/avatar\\\/ff8491b63094864b9d94b44d6465d0050c0872ad4112e51a3cee77d0500a47c5?s=96&d=mm&r=g\",\"url\":\"https:\\\/\\\/secure.gravatar.com\\\/avatar\\\/ff8491b63094864b9d94b44d6465d0050c0872ad4112e51a3cee77d0500a47c5?s=96&d=mm&r=g\",\"contentUrl\":\"https:\\\/\\\/secure.gravatar.com\\\/avatar\\\/ff8491b63094864b9d94b44d6465d0050c0872ad4112e51a3cee77d0500a47c5?s=96&d=mm&r=g\",\"caption\":\"Davide Terraneo\"},\"url\":\"https:\\\/\\\/cyclingpro.net\\\/spaziociclismo\\\/author\\\/dterraneo\\\/\"}]}<\/script>\n<!-- \/ Yoast SEO plugin. -->","yoast_head_json":{"title":"Vuelta a Espa\u00f1a 2026, Jakob Omrzel doma la fuga e vince a Calar Alto! Enric Mas attacca e consolida la maglia rossa - SpazioCiclismo","robots":{"index":"index","follow":"follow","max-snippet":"max-snippet:-1","max-image-preview":"max-image-preview:large","max-video-preview":"max-video-preview:-1"},"canonical":"https:\/\/cyclingpro.net\/spaziociclismo\/sintesi-gare\/vuelta-a-espana-2026-jakob-omrzel-doma-la-fuga-e-vince-a-calar-alto-enric-mas-attacca-e-consolida-la-maglia-rossa\/","og_locale":"it_IT","og_type":"article","og_title":"Vuelta a Espa\u00f1a 2026, Jakob Omrzel doma la fuga e vince a Calar Alto! Enric Mas attacca e consolida la maglia rossa - SpazioCiclismo","og_description":"Il giovane sloveno ottiene la sua prima vittoria da pro' nella dodicesima tappa de #LaVuelta26. Lo spagnolo mette altri secondi tra s\u00e9 e i rivali","og_url":"https:\/\/cyclingpro.net\/spaziociclismo\/sintesi-gare\/vuelta-a-espana-2026-jakob-omrzel-doma-la-fuga-e-vince-a-calar-alto-enric-mas-attacca-e-consolida-la-maglia-rossa\/","og_site_name":"SpazioCiclismo","article_publisher":"https:\/\/www.facebook.com\/SpazioCiclismo\/","article_published_time":"2026-09-03T15:41:15+00:00","article_modified_time":"2026-09-03T16:04:07+00:00","og_image":[{"width":1200,"height":800,"url":"https:\/\/cyclingpro.net\/spaziociclismo\/wp-content\/uploads\/2026\/09\/Jakob-Omrzel-Vuelta-a-Espana-2026.webp","type":"image\/webp"}],"author":"Davide Terraneo","twitter_card":"summary_large_image","twitter_creator":"@spaziociclismo","twitter_site":"@spaziociclismo","twitter_misc":{"Scritto da":"Davide Terraneo","Tempo di lettura stimato":"8 minuti"},"schema":{"@context":"https:\/\/schema.org","@graph":[{"@type":"Article","@id":"https:\/\/cyclingpro.net\/spaziociclismo\/sintesi-gare\/vuelta-a-espana-2026-jakob-omrzel-doma-la-fuga-e-vince-a-calar-alto-enric-mas-attacca-e-consolida-la-maglia-rossa\/#article","isPartOf":{"@id":"https:\/\/cyclingpro.net\/spaziociclismo\/sintesi-gare\/vuelta-a-espana-2026-jakob-omrzel-doma-la-fuga-e-vince-a-calar-alto-enric-mas-attacca-e-consolida-la-maglia-rossa\/"},"author":{"name":"Davide Terraneo","@id":"https:\/\/cyclingpro.net\/spaziociclismo\/#\/schema\/person\/7e1a937a7dba4e684209b697ab87796a"},"headline":"Vuelta a Espa\u00f1a 2026, Jakob Omrzel doma la fuga e vince a Calar Alto! Enric Mas attacca e consolida la maglia rossa","datePublished":"2026-09-03T15:41:15+00:00","dateModified":"2026-09-03T16:04:07+00:00","mainEntityOfPage":{"@id":"https:\/\/cyclingpro.net\/spaziociclismo\/sintesi-gare\/vuelta-a-espana-2026-jakob-omrzel-doma-la-fuga-e-vince-a-calar-alto-enric-mas-attacca-e-consolida-la-maglia-rossa\/"},"wordCount":1448,"commentCount":0,"publisher":{"@id":"https:\/\/cyclingpro.net\/spaziociclismo\/#organization"},"image":{"@id":"https:\/\/cyclingpro.net\/spaziociclismo\/sintesi-gare\/vuelta-a-espana-2026-jakob-omrzel-doma-la-fuga-e-vince-a-calar-alto-enric-mas-attacca-e-consolida-la-maglia-rossa\/#primaryimage"},"thumbnailUrl":"https:\/\/cyclingpro.net\/spaziociclismo\/wp-content\/uploads\/2026\/09\/Jakob-Omrzel-Vuelta-a-Espana-2026.webp","keywords":["Bahrain Victorious 2026","Enric Mas","Jakob Omrzel","Movistar Team 2026","Vuelta a Espa\u00f1a 2026"],"articleSection":["Sintesi Gare","Vetrina","Vuelta 2026"],"inLanguage":"it-IT","potentialAction":[{"@type":"CommentAction","name":"Comment","target":["https:\/\/cyclingpro.net\/spaziociclismo\/sintesi-gare\/vuelta-a-espana-2026-jakob-omrzel-doma-la-fuga-e-vince-a-calar-alto-enric-mas-attacca-e-consolida-la-maglia-rossa\/#respond"]}]},{"@type":"WebPage","@id":"https:\/\/cyclingpro.net\/spaziociclismo\/sintesi-gare\/vuelta-a-espana-2026-jakob-omrzel-doma-la-fuga-e-vince-a-calar-alto-enric-mas-attacca-e-consolida-la-maglia-rossa\/","url":"https:\/\/cyclingpro.net\/spaziociclismo\/sintesi-gare\/vuelta-a-espana-2026-jakob-omrzel-doma-la-fuga-e-vince-a-calar-alto-enric-mas-attacca-e-consolida-la-maglia-rossa\/","name":"Vuelta a Espa\u00f1a 2026, Jakob Omrzel doma la fuga e vince a Calar Alto! Enric Mas attacca e consolida la maglia rossa - SpazioCiclismo","isPartOf":{"@id":"https:\/\/cyclingpro.net\/spaziociclismo\/#website"},"primaryImageOfPage":{"@id":"https:\/\/cyclingpro.net\/spaziociclismo\/sintesi-gare\/vuelta-a-espana-2026-jakob-omrzel-doma-la-fuga-e-vince-a-calar-alto-enric-mas-attacca-e-consolida-la-maglia-rossa\/#primaryimage"},"image":{"@id":"https:\/\/cyclingpro.net\/spaziociclismo\/sintesi-gare\/vuelta-a-espana-2026-jakob-omrzel-doma-la-fuga-e-vince-a-calar-alto-enric-mas-attacca-e-consolida-la-maglia-rossa\/#primaryimage"},"thumbnailUrl":"https:\/\/cyclingpro.net\/spaziociclismo\/wp-content\/uploads\/2026\/09\/Jakob-Omrzel-Vuelta-a-Espana-2026.webp","datePublished":"2026-09-03T15:41:15+00:00","dateModified":"2026-09-03T16:04:07+00:00","breadcrumb":{"@id":"https:\/\/cyclingpro.net\/spaziociclismo\/sintesi-gare\/vuelta-a-espana-2026-jakob-omrzel-doma-la-fuga-e-vince-a-calar-alto-enric-mas-attacca-e-consolida-la-maglia-rossa\/#breadcrumb"},"inLanguage":"it-IT","potentialAction":[{"@type":"ReadAction","target":["https:\/\/cyclingpro.net\/spaziociclismo\/sintesi-gare\/vuelta-a-espana-2026-jakob-omrzel-doma-la-fuga-e-vince-a-calar-alto-enric-mas-attacca-e-consolida-la-maglia-rossa\/"]}]},{"@type":"ImageObject","inLanguage":"it-IT","@id":"https:\/\/cyclingpro.net\/spaziociclismo\/sintesi-gare\/vuelta-a-espana-2026-jakob-omrzel-doma-la-fuga-e-vince-a-calar-alto-enric-mas-attacca-e-consolida-la-maglia-rossa\/#primaryimage","url":"https:\/\/cyclingpro.net\/spaziociclismo\/wp-content\/uploads\/2026\/09\/Jakob-Omrzel-Vuelta-a-Espana-2026.webp","contentUrl":"https:\/\/cyclingpro.net\/spaziociclismo\/wp-content\/uploads\/2026\/09\/Jakob-Omrzel-Vuelta-a-Espana-2026.webp","width":1200,"height":800,"caption":"\u00a9 ASO \/ CxCling"},{"@type":"BreadcrumbList","@id":"https:\/\/cyclingpro.net\/spaziociclismo\/sintesi-gare\/vuelta-a-espana-2026-jakob-omrzel-doma-la-fuga-e-vince-a-calar-alto-enric-mas-attacca-e-consolida-la-maglia-rossa\/#breadcrumb","itemListElement":[{"@type":"ListItem","position":1,"name":"Home","item":"https:\/\/cyclingpro.net\/spaziociclismo\/"},{"@type":"ListItem","position":2,"name":"Vuelta a Espa\u00f1a 2026, Jakob Omrzel doma la fuga e vince a Calar Alto! Enric Mas attacca e consolida la maglia rossa"}]},{"@type":"WebSite","@id":"https:\/\/cyclingpro.net\/spaziociclismo\/#website","url":"https:\/\/cyclingpro.net\/spaziociclismo\/","name":"SpazioCiclismo","description":"Tutto il ciclismo minuto per minuto","publisher":{"@id":"https:\/\/cyclingpro.net\/spaziociclismo\/#organization"},"potentialAction":[{"@type":"SearchAction","target":{"@type":"EntryPoint","urlTemplate":"https:\/\/cyclingpro.net\/spaziociclismo\/?s={search_term_string}"},"query-input":{"@type":"PropertyValueSpecification","valueRequired":true,"valueName":"search_term_string"}}],"inLanguage":"it-IT"},{"@type":"Organization","@id":"https:\/\/cyclingpro.net\/spaziociclismo\/#organization","name":"SpazioCiclismo","url":"https:\/\/cyclingpro.net\/spaziociclismo\/","logo":{"@type":"ImageObject","inLanguage":"it-IT","@id":"https:\/\/cyclingpro.net\/spaziociclismo\/#\/schema\/logo\/image\/","url":"https:\/\/cyclingpro.net\/spaziociclismo\/wp-content\/uploads\/2017\/02\/SpazioCiclismo-Logo-Quadrato.png","contentUrl":"https:\/\/cyclingpro.net\/spaziociclismo\/wp-content\/uploads\/2017\/02\/SpazioCiclismo-Logo-Quadrato.png","width":450,"height":450,"caption":"SpazioCiclismo"},"image":{"@id":"https:\/\/cyclingpro.net\/spaziociclismo\/#\/schema\/logo\/image\/"},"sameAs":["https:\/\/www.facebook.com\/SpazioCiclismo\/","https:\/\/x.com\/spaziociclismo","https:\/\/www.instagram.com\/spaziociclismo\/"]},{"@type":"Person","@id":"https:\/\/cyclingpro.net\/spaziociclismo\/#\/schema\/person\/7e1a937a7dba4e684209b697ab87796a","name":"Davide Terraneo","image":{"@type":"ImageObject","inLanguage":"it-IT","@id":"https:\/\/secure.gravatar.com\/avatar\/ff8491b63094864b9d94b44d6465d0050c0872ad4112e51a3cee77d0500a47c5?s=96&d=mm&r=g","url":"https:\/\/secure.gravatar.com\/avatar\/ff8491b63094864b9d94b44d6465d0050c0872ad4112e51a3cee77d0500a47c5?s=96&d=mm&r=g","contentUrl":"https:\/\/secure.gravatar.com\/avatar\/ff8491b63094864b9d94b44d6465d0050c0872ad4112e51a3cee77d0500a47c5?s=96&d=mm&r=g","caption":"Davide Terraneo"},"url":"https:\/\/cyclingpro.net\/spaziociclismo\/author\/dterraneo\/"}]}},"_links":{"self":[{"href":"https:\/\/cyclingpro.net\/spaziociclismo\/wp-json\/wp\/v2\/posts\/393510","targetHints":{"allow":["GET"]}}],"collection":[{"href":"https:\/\/cyclingpro.net\/spaziociclismo\/wp-json\/wp\/v2\/posts"}],"about":[{"href":"https:\/\/cyclingpro.net\/spaziociclismo\/wp-json\/wp\/v2\/types\/post"}],"author":[{"embeddable":true,"href":"https:\/\/cyclingpro.net\/spaziociclismo\/wp-json\/wp\/v2\/users\/15"}],"replies":[{"embeddable":true,"href":"https:\/\/cyclingpro.net\/spaziociclismo\/wp-json\/wp\/v2\/comments?post=393510"}],"version-history":[{"count":12,"href":"https:\/\/cyclingpro.net\/spaziociclismo\/wp-json\/wp\/v2\/posts\/393510\/revisions"}],"predecessor-version":[{"id":393532,"href":"https:\/\/cyclingpro.net\/spaziociclismo\/wp-json\/wp\/v2\/posts\/393510\/revisions\/393532"}],"wp:featuredmedia":[{"embeddable":true,"href":"https:\/\/cyclingpro.net\/spaziociclismo\/wp-json\/wp\/v2\/media\/393529"}],"wp:attachment":[{"href":"https:\/\/cyclingpro.net\/spaziociclismo\/wp-json\/wp\/v2\/media?parent=393510"}],"wp:term":[{"taxonomy":"category","embeddable":true,"href":"https:\/\/cyclingpro.net\/spaziociclismo\/wp-json\/wp\/v2\/categories?post=393510"},{"taxonomy":"post_tag","embeddable":true,"href":"https:\/\/cyclingpro.net\/spaziociclismo\/wp-json\/wp\/v2\/tags?post=393510"}],"curies":[{"name":"wp","href":"https:\/\/api.w.org\/{rel}","templated":true}]}}