{"id":393496,"date":"2026-09-03T16:53:16","date_gmt":"2026-09-03T14:53:16","guid":{"rendered":"https:\/\/cyclingpro.net\/spaziociclismo\/?p=393496"},"modified":"2026-09-03T17:03:54","modified_gmt":"2026-09-03T15:03:54","slug":"gp-de-quebec-e-gp-de-montreal-2026-parata-di-stelle-in-vista-dei-mondiali-presenti-evenepoel-del-toro-seixas-e-pidcock","status":"publish","type":"post","link":"https:\/\/cyclingpro.net\/spaziociclismo\/worldtour\/gp-de-quebec-e-gp-de-montreal-2026-parata-di-stelle-in-vista-dei-mondiali-presenti-evenepoel-del-toro-seixas-e-pidcock\/","title":{"rendered":"GP de Qu\u00e9bec e GP de Montr\u00e9al 2026, parata di stelle in vista dei Mondiali: presenti Evenepoel, Del Toro, Seixas e Pidcock"},"content":{"rendered":"<p>Parterre di altissimo livello per il <strong>GP de Qu\u00e9bec 2026<\/strong> e per il <strong>GP de Montr\u00e9al 2026<\/strong>. Giunte alla 15<sup>a<\/sup> edizione, le due classiche WorldTour canadesi si confermano appuntamenti in grado di attrarre numerosi corridori importanti, ma quest&#8217;anno di pi\u00f9 per via della vicinanza (non solo temporale, ma anche e soprattutto geografica) con i <strong>Mondiali<\/strong>, che andranno in scena proprio in quel di Montr\u00e9al. In programma <strong>venerd\u00ec 11 e domenica 13 settembre<\/strong>, le due gare si svolgeranno infatti a una settimana dal via della rassegna iridata e a due settimane dalla prova in linea uomini \u00e9lite, rappresentando dunque un perfetto banco di prova in vista della manifestazione.<\/p>\n<p>Per questo motivo, tanti campioni hanno scelto il doppio appuntamento canadese per testare la condizione, a partire dal secondo classificato dell&#8217;ultimo Tour de France, <strong>Remco Evenepoel<\/strong> (Red Bull-Bora-hansgrohe), che guider\u00e0 un gruppo comprendente anche<strong> Isaac Del Toro<\/strong> (UAE Team Emirates XRG) e <strong>Paul Seixas<\/strong> (Decathlon CMA CGM), rispettivamente terzo e quarto della Grande Boucle, oltre al neo campione del mondo di MTB <strong>Tom Pidcock<\/strong> (Pinarello Q36.5 Pro Cycling Team).<\/p>\n<p>Presenti inoltre tre ex vincitori del GP de Montr\u00e9al quali <strong>Brandon McNulty<\/strong>, <strong>Adam Yates<\/strong> e <strong>Tim Wellens<\/strong> (UAE Team Emirates XRG), il recordman di vittorie del GP de Qu\u00e9bec <strong>Michael Matthews<\/strong> (Team Jayco AlUla), <strong>Matteo Jorgenson<\/strong> (Visma | Lease a Bike), <strong>Quinn Simmons<\/strong> e <strong>Giulio Ciccone<\/strong> (Lidl\u2013Trek), <strong>Arnaud De Lie<\/strong> (Lotto Intermarch\u00e9), <strong>Michal Kwiatkowski<\/strong> (Netcompany Ineos) e <strong>Ben Healy<\/strong> (EF Education-EasyPost). Tra i padroni di casa, invece, ci saranno <strong>Derek Gee-West<\/strong> (Lidl-Trek), <strong>Guillaume Boivin<\/strong> e <strong>Pier-Andr\u00e9 C\u00f4t\u00e9<\/strong> (NSN Cycling Team) e l'&#8221;ex&#8221; <strong>Michael Woods<\/strong>, che sar\u00e0 in gara con la maglia della nazionale in vista della partecipazione ai Mondiali.<\/p>\n","protected":false},"excerpt":{"rendered":"<p>Parterre di altissimo livello per il GP de Qu\u00e9bec 2026 e per il GP de Montr\u00e9al 2026 #GPCQM<\/p>\n","protected":false},"author":27,"featured_media":393498,"comment_status":"open","ping_status":"closed","sticky":false,"template":"","format":"standard","meta":{"footnotes":"","_members_access_role":[],"_members_access_error":""},"categories":[25],"tags":[7124,7123],"class_list":["post-393496","post","type-post","status-publish","format-standard","has-post-thumbnail","hentry","category-worldtour","tag-gp-de-montreal-2026","tag-gp-de-quebec-2026"],"yoast_head":"<!-- This site is optimized with the Yoast SEO plugin v28.4 - https:\/\/yoast.com\/product\/yoast-seo-wordpress\/ -->\n<title>GP de Qu\u00e9bec e GP de Montr\u00e9al 2026, parata di stelle in vista dei Mondiali: presenti Evenepoel, Del Toro, Seixas e Pidcock - SpazioCiclismo<\/title>\n<meta name=\"robots\" content=\"index, follow, max-snippet:-1, max-image-preview:large, max-video-preview:-1\" \/>\n<link rel=\"canonical\" href=\"https:\/\/cyclingpro.net\/spaziociclismo\/worldtour\/gp-de-quebec-e-gp-de-montreal-2026-parata-di-stelle-in-vista-dei-mondiali-presenti-evenepoel-del-toro-seixas-e-pidcock\/\" \/>\n<meta property=\"og:locale\" content=\"it_IT\" \/>\n<meta property=\"og:type\" content=\"article\" \/>\n<meta property=\"og:title\" content=\"GP de Qu\u00e9bec e GP de Montr\u00e9al 2026, parata di stelle in vista dei Mondiali: presenti Evenepoel, Del Toro, Seixas e Pidcock - SpazioCiclismo\" \/>\n<meta property=\"og:description\" content=\"Parterre di altissimo livello per il GP de Qu\u00e9bec 2026 e per il GP de Montr\u00e9al 2026 #GPCQM\" \/>\n<meta property=\"og:url\" content=\"https:\/\/cyclingpro.net\/spaziociclismo\/worldtour\/gp-de-quebec-e-gp-de-montreal-2026-parata-di-stelle-in-vista-dei-mondiali-presenti-evenepoel-del-toro-seixas-e-pidcock\/\" \/>\n<meta property=\"og:site_name\" content=\"SpazioCiclismo\" \/>\n<meta property=\"article:publisher\" content=\"https:\/\/www.facebook.com\/SpazioCiclismo\/\" \/>\n<meta property=\"article:published_time\" content=\"2026-09-03T14:53:16+00:00\" \/>\n<meta property=\"article:modified_time\" content=\"2026-09-03T15:03:54+00:00\" \/>\n<meta property=\"og:image\" content=\"https:\/\/cyclingpro.net\/spaziociclismo\/wp-content\/uploads\/2026\/09\/GP-de-Quebec-2025-Gruppo.jpg\" \/>\n\t<meta property=\"og:image:width\" content=\"1200\" \/>\n\t<meta property=\"og:image:height\" content=\"805\" \/>\n\t<meta property=\"og:image:type\" content=\"image\/jpeg\" \/>\n<meta name=\"author\" content=\"Davide Filippi\" \/>\n<meta name=\"twitter:card\" content=\"summary_large_image\" \/>\n<meta name=\"twitter:creator\" content=\"@spaziociclismo\" \/>\n<meta name=\"twitter:site\" content=\"@spaziociclismo\" \/>\n<meta name=\"twitter:label1\" content=\"Scritto da\" \/>\n\t<meta name=\"twitter:data1\" content=\"Davide Filippi\" \/>\n\t<meta name=\"twitter:label2\" content=\"Tempo di lettura stimato\" \/>\n\t<meta name=\"twitter:data2\" content=\"2 minuti\" \/>\n<script type=\"application\/ld+json\" class=\"yoast-schema-graph\">{\"@context\":\"https:\\\/\\\/schema.org\",\"@graph\":[{\"@type\":\"Article\",\"@id\":\"https:\\\/\\\/cyclingpro.net\\\/spaziociclismo\\\/worldtour\\\/gp-de-quebec-e-gp-de-montreal-2026-parata-di-stelle-in-vista-dei-mondiali-presenti-evenepoel-del-toro-seixas-e-pidcock\\\/#article\",\"isPartOf\":{\"@id\":\"https:\\\/\\\/cyclingpro.net\\\/spaziociclismo\\\/worldtour\\\/gp-de-quebec-e-gp-de-montreal-2026-parata-di-stelle-in-vista-dei-mondiali-presenti-evenepoel-del-toro-seixas-e-pidcock\\\/\"},\"author\":{\"name\":\"Davide Filippi\",\"@id\":\"https:\\\/\\\/cyclingpro.net\\\/spaziociclismo\\\/#\\\/schema\\\/person\\\/5b11f525424bc937dcd939655cae5de3\"},\"headline\":\"GP de Qu\u00e9bec e GP de Montr\u00e9al 2026, parata di stelle in vista dei Mondiali: presenti Evenepoel, Del Toro, Seixas e Pidcock\",\"datePublished\":\"2026-09-03T14:53:16+00:00\",\"dateModified\":\"2026-09-03T15:03:54+00:00\",\"mainEntityOfPage\":{\"@id\":\"https:\\\/\\\/cyclingpro.net\\\/spaziociclismo\\\/worldtour\\\/gp-de-quebec-e-gp-de-montreal-2026-parata-di-stelle-in-vista-dei-mondiali-presenti-evenepoel-del-toro-seixas-e-pidcock\\\/\"},\"wordCount\":303,\"commentCount\":0,\"publisher\":{\"@id\":\"https:\\\/\\\/cyclingpro.net\\\/spaziociclismo\\\/#organization\"},\"image\":{\"@id\":\"https:\\\/\\\/cyclingpro.net\\\/spaziociclismo\\\/worldtour\\\/gp-de-quebec-e-gp-de-montreal-2026-parata-di-stelle-in-vista-dei-mondiali-presenti-evenepoel-del-toro-seixas-e-pidcock\\\/#primaryimage\"},\"thumbnailUrl\":\"https:\\\/\\\/cyclingpro.net\\\/spaziociclismo\\\/wp-content\\\/uploads\\\/2026\\\/09\\\/GP-de-Quebec-2025-Gruppo.jpg\",\"keywords\":[\"GP de Montr\u00e9al 2026\",\"GP de Qu\u00e9bec 2026\"],\"articleSection\":[\"WorldTour\"],\"inLanguage\":\"it-IT\",\"potentialAction\":[{\"@type\":\"CommentAction\",\"name\":\"Comment\",\"target\":[\"https:\\\/\\\/cyclingpro.net\\\/spaziociclismo\\\/worldtour\\\/gp-de-quebec-e-gp-de-montreal-2026-parata-di-stelle-in-vista-dei-mondiali-presenti-evenepoel-del-toro-seixas-e-pidcock\\\/#respond\"]}]},{\"@type\":\"WebPage\",\"@id\":\"https:\\\/\\\/cyclingpro.net\\\/spaziociclismo\\\/worldtour\\\/gp-de-quebec-e-gp-de-montreal-2026-parata-di-stelle-in-vista-dei-mondiali-presenti-evenepoel-del-toro-seixas-e-pidcock\\\/\",\"url\":\"https:\\\/\\\/cyclingpro.net\\\/spaziociclismo\\\/worldtour\\\/gp-de-quebec-e-gp-de-montreal-2026-parata-di-stelle-in-vista-dei-mondiali-presenti-evenepoel-del-toro-seixas-e-pidcock\\\/\",\"name\":\"GP de Qu\u00e9bec e GP de Montr\u00e9al 2026, parata di stelle in vista dei Mondiali: presenti Evenepoel, Del Toro, Seixas e Pidcock - SpazioCiclismo\",\"isPartOf\":{\"@id\":\"https:\\\/\\\/cyclingpro.net\\\/spaziociclismo\\\/#website\"},\"primaryImageOfPage\":{\"@id\":\"https:\\\/\\\/cyclingpro.net\\\/spaziociclismo\\\/worldtour\\\/gp-de-quebec-e-gp-de-montreal-2026-parata-di-stelle-in-vista-dei-mondiali-presenti-evenepoel-del-toro-seixas-e-pidcock\\\/#primaryimage\"},\"image\":{\"@id\":\"https:\\\/\\\/cyclingpro.net\\\/spaziociclismo\\\/worldtour\\\/gp-de-quebec-e-gp-de-montreal-2026-parata-di-stelle-in-vista-dei-mondiali-presenti-evenepoel-del-toro-seixas-e-pidcock\\\/#primaryimage\"},\"thumbnailUrl\":\"https:\\\/\\\/cyclingpro.net\\\/spaziociclismo\\\/wp-content\\\/uploads\\\/2026\\\/09\\\/GP-de-Quebec-2025-Gruppo.jpg\",\"datePublished\":\"2026-09-03T14:53:16+00:00\",\"dateModified\":\"2026-09-03T15:03:54+00:00\",\"breadcrumb\":{\"@id\":\"https:\\\/\\\/cyclingpro.net\\\/spaziociclismo\\\/worldtour\\\/gp-de-quebec-e-gp-de-montreal-2026-parata-di-stelle-in-vista-dei-mondiali-presenti-evenepoel-del-toro-seixas-e-pidcock\\\/#breadcrumb\"},\"inLanguage\":\"it-IT\",\"potentialAction\":[{\"@type\":\"ReadAction\",\"target\":[\"https:\\\/\\\/cyclingpro.net\\\/spaziociclismo\\\/worldtour\\\/gp-de-quebec-e-gp-de-montreal-2026-parata-di-stelle-in-vista-dei-mondiali-presenti-evenepoel-del-toro-seixas-e-pidcock\\\/\"]}]},{\"@type\":\"ImageObject\",\"inLanguage\":\"it-IT\",\"@id\":\"https:\\\/\\\/cyclingpro.net\\\/spaziociclismo\\\/worldtour\\\/gp-de-quebec-e-gp-de-montreal-2026-parata-di-stelle-in-vista-dei-mondiali-presenti-evenepoel-del-toro-seixas-e-pidcock\\\/#primaryimage\",\"url\":\"https:\\\/\\\/cyclingpro.net\\\/spaziociclismo\\\/wp-content\\\/uploads\\\/2026\\\/09\\\/GP-de-Quebec-2025-Gruppo.jpg\",\"contentUrl\":\"https:\\\/\\\/cyclingpro.net\\\/spaziociclismo\\\/wp-content\\\/uploads\\\/2026\\\/09\\\/GP-de-Quebec-2025-Gruppo.jpg\",\"width\":1200,\"height\":805,\"caption\":\"\u00a9 James Startt\"},{\"@type\":\"BreadcrumbList\",\"@id\":\"https:\\\/\\\/cyclingpro.net\\\/spaziociclismo\\\/worldtour\\\/gp-de-quebec-e-gp-de-montreal-2026-parata-di-stelle-in-vista-dei-mondiali-presenti-evenepoel-del-toro-seixas-e-pidcock\\\/#breadcrumb\",\"itemListElement\":[{\"@type\":\"ListItem\",\"position\":1,\"name\":\"Home\",\"item\":\"https:\\\/\\\/cyclingpro.net\\\/spaziociclismo\\\/\"},{\"@type\":\"ListItem\",\"position\":2,\"name\":\"GP de Qu\u00e9bec e GP de Montr\u00e9al 2026, parata di stelle in vista dei Mondiali: presenti Evenepoel, Del Toro, Seixas e Pidcock\"}]},{\"@type\":\"WebSite\",\"@id\":\"https:\\\/\\\/cyclingpro.net\\\/spaziociclismo\\\/#website\",\"url\":\"https:\\\/\\\/cyclingpro.net\\\/spaziociclismo\\\/\",\"name\":\"SpazioCiclismo\",\"description\":\"Tutto il ciclismo minuto per minuto\",\"publisher\":{\"@id\":\"https:\\\/\\\/cyclingpro.net\\\/spaziociclismo\\\/#organization\"},\"potentialAction\":[{\"@type\":\"SearchAction\",\"target\":{\"@type\":\"EntryPoint\",\"urlTemplate\":\"https:\\\/\\\/cyclingpro.net\\\/spaziociclismo\\\/?s={search_term_string}\"},\"query-input\":{\"@type\":\"PropertyValueSpecification\",\"valueRequired\":true,\"valueName\":\"search_term_string\"}}],\"inLanguage\":\"it-IT\"},{\"@type\":\"Organization\",\"@id\":\"https:\\\/\\\/cyclingpro.net\\\/spaziociclismo\\\/#organization\",\"name\":\"SpazioCiclismo\",\"url\":\"https:\\\/\\\/cyclingpro.net\\\/spaziociclismo\\\/\",\"logo\":{\"@type\":\"ImageObject\",\"inLanguage\":\"it-IT\",\"@id\":\"https:\\\/\\\/cyclingpro.net\\\/spaziociclismo\\\/#\\\/schema\\\/logo\\\/image\\\/\",\"url\":\"https:\\\/\\\/cyclingpro.net\\\/spaziociclismo\\\/wp-content\\\/uploads\\\/2017\\\/02\\\/SpazioCiclismo-Logo-Quadrato.png\",\"contentUrl\":\"https:\\\/\\\/cyclingpro.net\\\/spaziociclismo\\\/wp-content\\\/uploads\\\/2017\\\/02\\\/SpazioCiclismo-Logo-Quadrato.png\",\"width\":450,\"height\":450,\"caption\":\"SpazioCiclismo\"},\"image\":{\"@id\":\"https:\\\/\\\/cyclingpro.net\\\/spaziociclismo\\\/#\\\/schema\\\/logo\\\/image\\\/\"},\"sameAs\":[\"https:\\\/\\\/www.facebook.com\\\/SpazioCiclismo\\\/\",\"https:\\\/\\\/x.com\\\/spaziociclismo\",\"https:\\\/\\\/www.instagram.com\\\/spaziociclismo\\\/\"]},{\"@type\":\"Person\",\"@id\":\"https:\\\/\\\/cyclingpro.net\\\/spaziociclismo\\\/#\\\/schema\\\/person\\\/5b11f525424bc937dcd939655cae5de3\",\"name\":\"Davide Filippi\",\"image\":{\"@type\":\"ImageObject\",\"inLanguage\":\"it-IT\",\"@id\":\"https:\\\/\\\/secure.gravatar.com\\\/avatar\\\/acf38569376402ef43c46c36ea62f8a431f13c39fac703a2ed157f3bbfa5c1ab?s=96&d=mm&r=g\",\"url\":\"https:\\\/\\\/secure.gravatar.com\\\/avatar\\\/acf38569376402ef43c46c36ea62f8a431f13c39fac703a2ed157f3bbfa5c1ab?s=96&d=mm&r=g\",\"contentUrl\":\"https:\\\/\\\/secure.gravatar.com\\\/avatar\\\/acf38569376402ef43c46c36ea62f8a431f13c39fac703a2ed157f3bbfa5c1ab?s=96&d=mm&r=g\",\"caption\":\"Davide Filippi\"},\"url\":\"https:\\\/\\\/cyclingpro.net\\\/spaziociclismo\\\/author\\\/dfilippi\\\/\"}]}<\/script>\n<!-- \/ Yoast SEO plugin. -->","yoast_head_json":{"title":"GP de Qu\u00e9bec e GP de Montr\u00e9al 2026, parata di stelle in vista dei Mondiali: presenti Evenepoel, Del Toro, Seixas e Pidcock - SpazioCiclismo","robots":{"index":"index","follow":"follow","max-snippet":"max-snippet:-1","max-image-preview":"max-image-preview:large","max-video-preview":"max-video-preview:-1"},"canonical":"https:\/\/cyclingpro.net\/spaziociclismo\/worldtour\/gp-de-quebec-e-gp-de-montreal-2026-parata-di-stelle-in-vista-dei-mondiali-presenti-evenepoel-del-toro-seixas-e-pidcock\/","og_locale":"it_IT","og_type":"article","og_title":"GP de Qu\u00e9bec e GP de Montr\u00e9al 2026, parata di stelle in vista dei Mondiali: presenti Evenepoel, Del Toro, Seixas e Pidcock - SpazioCiclismo","og_description":"Parterre di altissimo livello per il GP de Qu\u00e9bec 2026 e per il GP de Montr\u00e9al 2026 #GPCQM","og_url":"https:\/\/cyclingpro.net\/spaziociclismo\/worldtour\/gp-de-quebec-e-gp-de-montreal-2026-parata-di-stelle-in-vista-dei-mondiali-presenti-evenepoel-del-toro-seixas-e-pidcock\/","og_site_name":"SpazioCiclismo","article_publisher":"https:\/\/www.facebook.com\/SpazioCiclismo\/","article_published_time":"2026-09-03T14:53:16+00:00","article_modified_time":"2026-09-03T15:03:54+00:00","og_image":[{"width":1200,"height":805,"url":"https:\/\/cyclingpro.net\/spaziociclismo\/wp-content\/uploads\/2026\/09\/GP-de-Quebec-2025-Gruppo.jpg","type":"image\/jpeg"}],"author":"Davide Filippi","twitter_card":"summary_large_image","twitter_creator":"@spaziociclismo","twitter_site":"@spaziociclismo","twitter_misc":{"Scritto da":"Davide Filippi","Tempo di lettura stimato":"2 minuti"},"schema":{"@context":"https:\/\/schema.org","@graph":[{"@type":"Article","@id":"https:\/\/cyclingpro.net\/spaziociclismo\/worldtour\/gp-de-quebec-e-gp-de-montreal-2026-parata-di-stelle-in-vista-dei-mondiali-presenti-evenepoel-del-toro-seixas-e-pidcock\/#article","isPartOf":{"@id":"https:\/\/cyclingpro.net\/spaziociclismo\/worldtour\/gp-de-quebec-e-gp-de-montreal-2026-parata-di-stelle-in-vista-dei-mondiali-presenti-evenepoel-del-toro-seixas-e-pidcock\/"},"author":{"name":"Davide Filippi","@id":"https:\/\/cyclingpro.net\/spaziociclismo\/#\/schema\/person\/5b11f525424bc937dcd939655cae5de3"},"headline":"GP de Qu\u00e9bec e GP de Montr\u00e9al 2026, parata di stelle in vista dei Mondiali: presenti Evenepoel, Del Toro, Seixas e Pidcock","datePublished":"2026-09-03T14:53:16+00:00","dateModified":"2026-09-03T15:03:54+00:00","mainEntityOfPage":{"@id":"https:\/\/cyclingpro.net\/spaziociclismo\/worldtour\/gp-de-quebec-e-gp-de-montreal-2026-parata-di-stelle-in-vista-dei-mondiali-presenti-evenepoel-del-toro-seixas-e-pidcock\/"},"wordCount":303,"commentCount":0,"publisher":{"@id":"https:\/\/cyclingpro.net\/spaziociclismo\/#organization"},"image":{"@id":"https:\/\/cyclingpro.net\/spaziociclismo\/worldtour\/gp-de-quebec-e-gp-de-montreal-2026-parata-di-stelle-in-vista-dei-mondiali-presenti-evenepoel-del-toro-seixas-e-pidcock\/#primaryimage"},"thumbnailUrl":"https:\/\/cyclingpro.net\/spaziociclismo\/wp-content\/uploads\/2026\/09\/GP-de-Quebec-2025-Gruppo.jpg","keywords":["GP de Montr\u00e9al 2026","GP de Qu\u00e9bec 2026"],"articleSection":["WorldTour"],"inLanguage":"it-IT","potentialAction":[{"@type":"CommentAction","name":"Comment","target":["https:\/\/cyclingpro.net\/spaziociclismo\/worldtour\/gp-de-quebec-e-gp-de-montreal-2026-parata-di-stelle-in-vista-dei-mondiali-presenti-evenepoel-del-toro-seixas-e-pidcock\/#respond"]}]},{"@type":"WebPage","@id":"https:\/\/cyclingpro.net\/spaziociclismo\/worldtour\/gp-de-quebec-e-gp-de-montreal-2026-parata-di-stelle-in-vista-dei-mondiali-presenti-evenepoel-del-toro-seixas-e-pidcock\/","url":"https:\/\/cyclingpro.net\/spaziociclismo\/worldtour\/gp-de-quebec-e-gp-de-montreal-2026-parata-di-stelle-in-vista-dei-mondiali-presenti-evenepoel-del-toro-seixas-e-pidcock\/","name":"GP de Qu\u00e9bec e GP de Montr\u00e9al 2026, parata di stelle in vista dei Mondiali: presenti Evenepoel, Del Toro, Seixas e Pidcock - SpazioCiclismo","isPartOf":{"@id":"https:\/\/cyclingpro.net\/spaziociclismo\/#website"},"primaryImageOfPage":{"@id":"https:\/\/cyclingpro.net\/spaziociclismo\/worldtour\/gp-de-quebec-e-gp-de-montreal-2026-parata-di-stelle-in-vista-dei-mondiali-presenti-evenepoel-del-toro-seixas-e-pidcock\/#primaryimage"},"image":{"@id":"https:\/\/cyclingpro.net\/spaziociclismo\/worldtour\/gp-de-quebec-e-gp-de-montreal-2026-parata-di-stelle-in-vista-dei-mondiali-presenti-evenepoel-del-toro-seixas-e-pidcock\/#primaryimage"},"thumbnailUrl":"https:\/\/cyclingpro.net\/spaziociclismo\/wp-content\/uploads\/2026\/09\/GP-de-Quebec-2025-Gruppo.jpg","datePublished":"2026-09-03T14:53:16+00:00","dateModified":"2026-09-03T15:03:54+00:00","breadcrumb":{"@id":"https:\/\/cyclingpro.net\/spaziociclismo\/worldtour\/gp-de-quebec-e-gp-de-montreal-2026-parata-di-stelle-in-vista-dei-mondiali-presenti-evenepoel-del-toro-seixas-e-pidcock\/#breadcrumb"},"inLanguage":"it-IT","potentialAction":[{"@type":"ReadAction","target":["https:\/\/cyclingpro.net\/spaziociclismo\/worldtour\/gp-de-quebec-e-gp-de-montreal-2026-parata-di-stelle-in-vista-dei-mondiali-presenti-evenepoel-del-toro-seixas-e-pidcock\/"]}]},{"@type":"ImageObject","inLanguage":"it-IT","@id":"https:\/\/cyclingpro.net\/spaziociclismo\/worldtour\/gp-de-quebec-e-gp-de-montreal-2026-parata-di-stelle-in-vista-dei-mondiali-presenti-evenepoel-del-toro-seixas-e-pidcock\/#primaryimage","url":"https:\/\/cyclingpro.net\/spaziociclismo\/wp-content\/uploads\/2026\/09\/GP-de-Quebec-2025-Gruppo.jpg","contentUrl":"https:\/\/cyclingpro.net\/spaziociclismo\/wp-content\/uploads\/2026\/09\/GP-de-Quebec-2025-Gruppo.jpg","width":1200,"height":805,"caption":"\u00a9 James Startt"},{"@type":"BreadcrumbList","@id":"https:\/\/cyclingpro.net\/spaziociclismo\/worldtour\/gp-de-quebec-e-gp-de-montreal-2026-parata-di-stelle-in-vista-dei-mondiali-presenti-evenepoel-del-toro-seixas-e-pidcock\/#breadcrumb","itemListElement":[{"@type":"ListItem","position":1,"name":"Home","item":"https:\/\/cyclingpro.net\/spaziociclismo\/"},{"@type":"ListItem","position":2,"name":"GP de Qu\u00e9bec e GP de Montr\u00e9al 2026, parata di stelle in vista dei Mondiali: presenti Evenepoel, Del Toro, Seixas e Pidcock"}]},{"@type":"WebSite","@id":"https:\/\/cyclingpro.net\/spaziociclismo\/#website","url":"https:\/\/cyclingpro.net\/spaziociclismo\/","name":"SpazioCiclismo","description":"Tutto il ciclismo minuto per minuto","publisher":{"@id":"https:\/\/cyclingpro.net\/spaziociclismo\/#organization"},"potentialAction":[{"@type":"SearchAction","target":{"@type":"EntryPoint","urlTemplate":"https:\/\/cyclingpro.net\/spaziociclismo\/?s={search_term_string}"},"query-input":{"@type":"PropertyValueSpecification","valueRequired":true,"valueName":"search_term_string"}}],"inLanguage":"it-IT"},{"@type":"Organization","@id":"https:\/\/cyclingpro.net\/spaziociclismo\/#organization","name":"SpazioCiclismo","url":"https:\/\/cyclingpro.net\/spaziociclismo\/","logo":{"@type":"ImageObject","inLanguage":"it-IT","@id":"https:\/\/cyclingpro.net\/spaziociclismo\/#\/schema\/logo\/image\/","url":"https:\/\/cyclingpro.net\/spaziociclismo\/wp-content\/uploads\/2017\/02\/SpazioCiclismo-Logo-Quadrato.png","contentUrl":"https:\/\/cyclingpro.net\/spaziociclismo\/wp-content\/uploads\/2017\/02\/SpazioCiclismo-Logo-Quadrato.png","width":450,"height":450,"caption":"SpazioCiclismo"},"image":{"@id":"https:\/\/cyclingpro.net\/spaziociclismo\/#\/schema\/logo\/image\/"},"sameAs":["https:\/\/www.facebook.com\/SpazioCiclismo\/","https:\/\/x.com\/spaziociclismo","https:\/\/www.instagram.com\/spaziociclismo\/"]},{"@type":"Person","@id":"https:\/\/cyclingpro.net\/spaziociclismo\/#\/schema\/person\/5b11f525424bc937dcd939655cae5de3","name":"Davide Filippi","image":{"@type":"ImageObject","inLanguage":"it-IT","@id":"https:\/\/secure.gravatar.com\/avatar\/acf38569376402ef43c46c36ea62f8a431f13c39fac703a2ed157f3bbfa5c1ab?s=96&d=mm&r=g","url":"https:\/\/secure.gravatar.com\/avatar\/acf38569376402ef43c46c36ea62f8a431f13c39fac703a2ed157f3bbfa5c1ab?s=96&d=mm&r=g","contentUrl":"https:\/\/secure.gravatar.com\/avatar\/acf38569376402ef43c46c36ea62f8a431f13c39fac703a2ed157f3bbfa5c1ab?s=96&d=mm&r=g","caption":"Davide Filippi"},"url":"https:\/\/cyclingpro.net\/spaziociclismo\/author\/dfilippi\/"}]}},"_links":{"self":[{"href":"https:\/\/cyclingpro.net\/spaziociclismo\/wp-json\/wp\/v2\/posts\/393496","targetHints":{"allow":["GET"]}}],"collection":[{"href":"https:\/\/cyclingpro.net\/spaziociclismo\/wp-json\/wp\/v2\/posts"}],"about":[{"href":"https:\/\/cyclingpro.net\/spaziociclismo\/wp-json\/wp\/v2\/types\/post"}],"author":[{"embeddable":true,"href":"https:\/\/cyclingpro.net\/spaziociclismo\/wp-json\/wp\/v2\/users\/27"}],"replies":[{"embeddable":true,"href":"https:\/\/cyclingpro.net\/spaziociclismo\/wp-json\/wp\/v2\/comments?post=393496"}],"version-history":[{"count":1,"href":"https:\/\/cyclingpro.net\/spaziociclismo\/wp-json\/wp\/v2\/posts\/393496\/revisions"}],"predecessor-version":[{"id":393503,"href":"https:\/\/cyclingpro.net\/spaziociclismo\/wp-json\/wp\/v2\/posts\/393496\/revisions\/393503"}],"wp:featuredmedia":[{"embeddable":true,"href":"https:\/\/cyclingpro.net\/spaziociclismo\/wp-json\/wp\/v2\/media\/393498"}],"wp:attachment":[{"href":"https:\/\/cyclingpro.net\/spaziociclismo\/wp-json\/wp\/v2\/media?parent=393496"}],"wp:term":[{"taxonomy":"category","embeddable":true,"href":"https:\/\/cyclingpro.net\/spaziociclismo\/wp-json\/wp\/v2\/categories?post=393496"},{"taxonomy":"post_tag","embeddable":true,"href":"https:\/\/cyclingpro.net\/spaziociclismo\/wp-json\/wp\/v2\/tags?post=393496"}],"curies":[{"name":"wp","href":"https:\/\/api.w.org\/{rel}","templated":true}]}}