{"id":393484,"date":"2026-09-03T16:05:38","date_gmt":"2026-09-03T14:05:38","guid":{"rendered":"https:\/\/cyclingpro.net\/spaziociclismo\/?p=393484"},"modified":"2026-09-03T17:50:17","modified_gmt":"2026-09-03T15:50:17","slug":"zlm-tour-2026-mathias-vacek-regola-tim-van-dijke-e-centra-il-bis","status":"publish","type":"post","link":"https:\/\/cyclingpro.net\/spaziociclismo\/sintesi-gare\/zlm-tour-2026-mathias-vacek-regola-tim-van-dijke-e-centra-il-bis\/","title":{"rendered":"ZLM Tour 2026, Mathias Vacek regola Tim van Dijke e centra il bis in una tappa caratterizzata dai ventagli"},"content":{"rendered":"<p>Secondo successo in due giorni per <strong>Mathias Vacek<\/strong> allo <strong>ZLM Tour 2026<\/strong>. Dopo essersi imposto nella cronometro inaugurale di ieri, il portacolori della <strong>Lidl-Trek<\/strong> ha concesso quest&#8217;oggi il bis battendo <strong>Tim van Dijke<\/strong> (Red Bull-Bora-hansgrohe) in uno sprint a due sul traguardo di <strong>Heinkenszand<\/strong>. I due avevano allungato a undici chilometri dalla conclusione staccando gli altri corridori assieme ai quali si erano avvantaggiati gi\u00e0 nella prima parte di una tappa segnata dai ventagli, andando a formare un gruppetto di una trentina di uomini che si \u00e8 poi ulteriormente selezionato con il passare dei chilometri.<\/p>\n<p>Terzo posto di giornata per <strong>Danny van Poppel<\/strong> (Red Bull-Bora-hansgrohe), che ha regolato i primi inseguitori giunti all&#8217;arrivo con un ritardo di 10&#8243;. Ovviamente, Vacek mantiene la maglia di leader della corsa e consolida ulteriormente il proprio primato in classifica generale, che ora guida davanti ai compagni di squadra<strong> Max Walscheid<\/strong> e <strong>H\u00e9ctor \u00c1lvarez<\/strong>, staccati rispettivamente di 45&#8243; e 56&#8243;.<\/p>\n<h2>Il video dell&#8217;arrivo<\/h2>\n<blockquote class=\"twitter-tweet\" data-media-max-width=\"560\">\n<p dir=\"ltr\" lang=\"fr\"><a href=\"https:\/\/x.com\/hashtag\/Replay?src=hash&amp;ref_src=twsrc%5Etfw\">#Replay<\/a> &#x1f3a5; \/ <a href=\"https:\/\/x.com\/hashtag\/ZLMTour?src=hash&amp;ref_src=twsrc%5Etfw\">#ZLMTour<\/a> &#x1f1f3;&#x1f1f1;<br \/>\nBack-to-back pour &#x1f1e8;&#x1f1ff; Mathias Vacek (LTK). D\u00e9j\u00e0 victorieux du chrono, il domine \u00e0 l\u2019arriv\u00e9e &#x1f1f3;&#x1f1f1; Tim van Dijke (RBH). <a href=\"https:\/\/t.co\/Rj964tN4uO\">pic.twitter.com\/Rj964tN4uO<\/a><\/p>\n<p>\u2014 Renaud Breban (@RenaudB31) <a href=\"https:\/\/x.com\/RenaudB31\/status\/2095514592868810988?ref_src=twsrc%5Etfw\">September 3, 2026<\/a><\/p><\/blockquote>\n<p><script async src=\"https:\/\/platform.x.com\/widgets.js\" charset=\"utf-8\"><\/script><\/p>\n<h2>Risultato e Classifiche Tappa 2 ZLM Tour 2026<\/h2>\n<p><iframe loading=\"lazy\" src=\"https:\/\/secure.cyclingprodata.com\/widgets\/latest\/widgets.html?type=results&amp;tour_id=1205&amp;stage_number=2&amp;use_icons_for_one_column=true&amp;reflow_mode=true\" width=\"100%\" height=\"1000px\" data-mce-fragment=\"1\"><span style=\"display: inline-block; width: 0px; overflow: hidden; line-height: 0;\" data-mce-type=\"bookmark\" class=\"mce_SELRES_start\">\ufeff<\/span><span style=\"display: inline-block; width: 0px; overflow: hidden; line-height: 0;\" data-mce-type=\"bookmark\" class=\"mce_SELRES_start\">\ufeff<\/span><span data-mce-type=\"bookmark\" style=\"display: inline-block; width: 0px; overflow: hidden; line-height: 0;\" class=\"mce_SELRES_start\">\ufeff<\/span><span data-mce-type=\"bookmark\" style=\"display: inline-block; width: 0px; overflow: hidden; line-height: 0;\" class=\"mce_SELRES_start\">\ufeff<\/span><span data-mce-type=\"bookmark\" style=\"display: inline-block; width: 0px; overflow: hidden; line-height: 0;\" class=\"mce_SELRES_start\">\ufeff<\/span><span data-mce-type=\"bookmark\" style=\"display: inline-block; width: 0px; overflow: hidden; line-height: 0;\" class=\"mce_SELRES_start\">\ufeff<\/span><span style=\"display: inline-block; width: 0px; overflow: hidden; line-height: 0;\" data-mce-type=\"bookmark\" class=\"mce_SELRES_start\">\ufeff<\/span><span data-mce-type=\"bookmark\" style=\"display: inline-block; width: 0px; overflow: hidden; line-height: 0;\" class=\"mce_SELRES_start\">\ufeff<\/span><span style=\"display: inline-block; width: 0px; overflow: hidden; line-height: 0;\" data-mce-type=\"bookmark\" class=\"mce_SELRES_start\">\ufeff<\/span><span data-mce-type=\"bookmark\" style=\"display: inline-block; width: 0px; overflow: hidden; line-height: 0;\" class=\"mce_SELRES_start\">\ufeff<\/span><span style=\"display: inline-block; width: 0px; overflow: hidden; line-height: 0;\" data-mce-type=\"bookmark\" class=\"mce_SELRES_start\"><span data-mce-type=\"bookmark\" style=\"display: inline-block; width: 0px; overflow: hidden; line-height: 0;\" class=\"mce_SELRES_start\">\ufeff<\/span>\ufeff<\/span><span data-mce-type=\"bookmark\" style=\"display: inline-block; width: 0px; overflow: hidden; line-height: 0;\" class=\"mce_SELRES_start\">\ufeff<\/span><span style=\"display: inline-block; width: 0px; overflow: hidden; line-height: 0;\" data-mce-type=\"bookmark\" class=\"mce_SELRES_start\">\ufeff<\/span><span style=\"display: inline-block; width: 0px; overflow: hidden; line-height: 0;\" data-mce-type=\"bookmark\" class=\"mce_SELRES_start\">\ufeff<\/span><span style=\"display: inline-block; width: 0px; overflow: hidden; line-height: 0;\" data-mce-type=\"bookmark\" class=\"mce_SELRES_start\">\ufeff<\/span><span data-mce-type=\"bookmark\" style=\"display: inline-block; width: 0px; overflow: hidden; line-height: 0;\" class=\"mce_SELRES_start\">\ufeff<\/span><span data-mce-type=\"bookmark\" style=\"display: inline-block; width: 0px; overflow: hidden; line-height: 0;\" class=\"mce_SELRES_start\">\ufeff<\/span><span data-mce-type=\"bookmark\" style=\"display: inline-block; width: 0px; overflow: hidden; line-height: 0;\" class=\"mce_SELRES_start\">\ufeff<\/span><span data-mce-type=\"bookmark\" style=\"display: inline-block; width: 0px; overflow: hidden; line-height: 0;\" class=\"mce_SELRES_start\">\ufeff<\/span><span data-mce-type=\"bookmark\" style=\"display: inline-block; width: 0px; overflow: hidden; line-height: 0;\" class=\"mce_SELRES_start\">\ufeff<\/span><span data-mce-type=\"bookmark\" style=\"display: inline-block; width: 0px; overflow: hidden; line-height: 0;\" class=\"mce_SELRES_start\">\ufeff<\/span><span data-mce-type=\"bookmark\" style=\"display: inline-block; width: 0px; overflow: hidden; line-height: 0;\" class=\"mce_SELRES_start\">\ufeff<\/span><span data-mce-type=\"bookmark\" style=\"display: inline-block; width: 0px; overflow: hidden; line-height: 0;\" class=\"mce_SELRES_start\">\ufeff<\/span><span data-mce-type=\"bookmark\" style=\"display: inline-block; width: 0px; overflow: hidden; line-height: 0;\" class=\"mce_SELRES_start\">\ufeff<\/span><span data-mce-type=\"bookmark\" style=\"display: inline-block; width: 0px; overflow: hidden; line-height: 0;\" class=\"mce_SELRES_start\">\ufeff<\/span><span data-mce-type=\"bookmark\" style=\"display: inline-block; width: 0px; overflow: hidden; line-height: 0;\" class=\"mce_SELRES_start\">\ufeff<\/span><span data-mce-type=\"bookmark\" style=\"display: inline-block; width: 0px; overflow: hidden; line-height: 0;\" class=\"mce_SELRES_start\">\ufeff<\/span><span data-mce-type=\"bookmark\" style=\"display: inline-block; width: 0px; overflow: hidden; line-height: 0;\" class=\"mce_SELRES_start\">\ufeff<\/span><span data-mce-type=\"bookmark\" style=\"display: inline-block; width: 0px; overflow: hidden; line-height: 0;\" class=\"mce_SELRES_start\">\ufeff<\/span><span data-mce-type=\"bookmark\" style=\"display: inline-block; width: 0px; overflow: hidden; line-height: 0;\" class=\"mce_SELRES_start\">\ufeff<\/span><span data-mce-type=\"bookmark\" style=\"display: inline-block; width: 0px; overflow: hidden; line-height: 0;\" class=\"mce_SELRES_start\">\ufeff<\/span><span data-mce-type=\"bookmark\" style=\"display: inline-block; width: 0px; overflow: hidden; line-height: 0;\" class=\"mce_SELRES_start\">\ufeff<\/span><span data-mce-type=\"bookmark\" style=\"display: inline-block; width: 0px; overflow: hidden; line-height: 0;\" class=\"mce_SELRES_start\">\ufeff<\/span><span data-mce-type=\"bookmark\" style=\"display: inline-block; width: 0px; overflow: hidden; line-height: 0;\" class=\"mce_SELRES_start\">\ufeff<\/span><span data-mce-type=\"bookmark\" style=\"display: inline-block; width: 0px; overflow: hidden; line-height: 0;\" class=\"mce_SELRES_start\">\ufeff<\/span><span data-mce-type=\"bookmark\" style=\"display: inline-block; width: 0px; overflow: hidden; line-height: 0;\" class=\"mce_SELRES_start\">\ufeff<\/span><span data-mce-type=\"bookmark\" style=\"display: inline-block; width: 0px; overflow: hidden; line-height: 0;\" class=\"mce_SELRES_start\">\ufeff<\/span><span data-mce-type=\"bookmark\" style=\"display: inline-block; width: 0px; overflow: hidden; line-height: 0;\" class=\"mce_SELRES_start\">\ufeff<\/span><span data-mce-type=\"bookmark\" style=\"display: inline-block; width: 0px; overflow: hidden; line-height: 0;\" class=\"mce_SELRES_start\">\ufeff<\/span><span style=\"display: inline-block; width: 0px; overflow: hidden; line-height: 0;\" data-mce-type=\"bookmark\" class=\"mce_SELRES_start\">\ufeff<\/span><span style=\"display: inline-block; width: 0px; overflow: hidden; line-height: 0;\" data-mce-type=\"bookmark\" class=\"mce_SELRES_start\">\ufeff<\/span><span style=\"display: inline-block; width: 0px; overflow: hidden; line-height: 0;\" data-mce-type=\"bookmark\" class=\"mce_SELRES_start\">\ufeff<\/span><span style=\"display: inline-block; width: 0px; overflow: hidden; line-height: 0;\" data-mce-type=\"bookmark\" class=\"mce_SELRES_start\">\ufeff<\/span><span data-mce-type=\"bookmark\" style=\"display: inline-block; width: 0px; overflow: hidden; line-height: 0;\" class=\"mce_SELRES_start\">\ufeff<\/span><span style=\"display: inline-block; width: 0px; overflow: hidden; line-height: 0;\" data-mce-type=\"bookmark\" class=\"mce_SELRES_start\">\ufeff<\/span><span style=\"display: inline-block; width: 0px; overflow: hidden; line-height: 0;\" data-mce-type=\"bookmark\" class=\"mce_SELRES_start\">\ufeff<\/span><span style=\"display: inline-block; width: 0px; overflow: hidden; line-height: 0;\" data-mce-type=\"bookmark\" class=\"mce_SELRES_start\">\ufeff<\/span><span data-mce-type=\"bookmark\" style=\"display: inline-block; width: 0px; overflow: hidden; line-height: 0;\" class=\"mce_SELRES_start\">\ufeff<\/span><span data-mce-type=\"bookmark\" style=\"display: inline-block; width: 0px; overflow: hidden; line-height: 0;\" class=\"mce_SELRES_start\">\ufeff<\/span><span data-mce-type=\"bookmark\" style=\"display: inline-block; width: 0px; overflow: hidden; line-height: 0;\" class=\"mce_SELRES_start\">\ufeff<\/span><span data-mce-type=\"bookmark\" style=\"display: inline-block; width: 0px; overflow: hidden; line-height: 0;\" class=\"mce_SELRES_start\">\ufeff<\/span><span data-mce-type=\"bookmark\" style=\"display: inline-block; width: 0px; overflow: hidden; line-height: 0;\" class=\"mce_SELRES_start\">\ufeff<\/span><span style=\"display: inline-block; width: 0px; overflow: hidden; line-height: 0;\" data-mce-type=\"bookmark\" class=\"mce_SELRES_start\">\ufeff<\/span><span data-mce-type=\"bookmark\" style=\"display: inline-block; width: 0px; overflow: hidden; line-height: 0;\" class=\"mce_SELRES_start\">\ufeff<\/span><span data-mce-type=\"bookmark\" style=\"display: inline-block; width: 0px; overflow: hidden; line-height: 0;\" class=\"mce_SELRES_start\"><\/span><span data-mce-type=\"bookmark\" style=\"display: inline-block; width: 0px; overflow: hidden; line-height: 0;\" class=\"mce_SELRES_start\"><\/span><span data-mce-type=\"bookmark\" style=\"display: inline-block; width: 0px; overflow: hidden; line-height: 0;\" class=\"mce_SELRES_start\"><\/span><\/iframe><\/p>\n","protected":false},"excerpt":{"rendered":"<p>Secondo successo in due giorni per Mathias Vacek allo #ZLMTour 2026<\/p>\n","protected":false},"author":27,"featured_media":393523,"comment_status":"open","ping_status":"closed","sticky":false,"template":"","format":"standard","meta":{"footnotes":"","_members_access_role":[],"_members_access_error":""},"categories":[6,17,21],"tags":[6546,4488,7215],"class_list":["post-393484","post","type-post","status-publish","format-standard","has-post-thumbnail","hentry","category-continental","category-sintesi-gare","category-vetrina","tag-lidl-trek-2026","tag-mathias-vacek","tag-zlm-tour-2026"],"yoast_head":"<!-- This site is optimized with the Yoast SEO plugin v28.4 - https:\/\/yoast.com\/product\/yoast-seo-wordpress\/ -->\n<title>ZLM Tour 2026, Mathias Vacek regola Tim van Dijke e centra il bis in una tappa caratterizzata dai ventagli - SpazioCiclismo<\/title>\n<meta name=\"robots\" content=\"index, follow, max-snippet:-1, max-image-preview:large, max-video-preview:-1\" \/>\n<link rel=\"canonical\" href=\"https:\/\/cyclingpro.net\/spaziociclismo\/sintesi-gare\/zlm-tour-2026-mathias-vacek-regola-tim-van-dijke-e-centra-il-bis\/\" \/>\n<meta property=\"og:locale\" content=\"it_IT\" \/>\n<meta property=\"og:type\" content=\"article\" \/>\n<meta property=\"og:title\" content=\"ZLM Tour 2026, Mathias Vacek regola Tim van Dijke e centra il bis in una tappa caratterizzata dai ventagli - SpazioCiclismo\" \/>\n<meta property=\"og:description\" content=\"Secondo successo in due giorni per Mathias Vacek allo #ZLMTour 2026\" \/>\n<meta property=\"og:url\" content=\"https:\/\/cyclingpro.net\/spaziociclismo\/sintesi-gare\/zlm-tour-2026-mathias-vacek-regola-tim-van-dijke-e-centra-il-bis\/\" \/>\n<meta property=\"og:site_name\" content=\"SpazioCiclismo\" \/>\n<meta property=\"article:publisher\" content=\"https:\/\/www.facebook.com\/SpazioCiclismo\/\" \/>\n<meta property=\"article:published_time\" content=\"2026-09-03T14:05:38+00:00\" \/>\n<meta property=\"article:modified_time\" content=\"2026-09-03T15:50:17+00:00\" \/>\n<meta property=\"og:image\" content=\"https:\/\/cyclingpro.net\/spaziociclismo\/wp-content\/uploads\/2026\/09\/Mathias-Vacek-Tappa-2-ZLM-Tour-2026.jpg\" \/>\n\t<meta property=\"og:image:width\" content=\"1000\" \/>\n\t<meta property=\"og:image:height\" content=\"715\" \/>\n\t<meta property=\"og:image:type\" content=\"image\/jpeg\" \/>\n<meta name=\"author\" content=\"Davide Filippi\" \/>\n<meta name=\"twitter:card\" content=\"summary_large_image\" \/>\n<meta name=\"twitter:creator\" content=\"@spaziociclismo\" \/>\n<meta name=\"twitter:site\" content=\"@spaziociclismo\" \/>\n<meta name=\"twitter:label1\" content=\"Scritto da\" \/>\n\t<meta name=\"twitter:data1\" content=\"Davide Filippi\" \/>\n\t<meta name=\"twitter:label2\" content=\"Tempo di lettura stimato\" \/>\n\t<meta name=\"twitter:data2\" content=\"2 minuti\" \/>\n<script type=\"application\/ld+json\" class=\"yoast-schema-graph\">{\"@context\":\"https:\\\/\\\/schema.org\",\"@graph\":[{\"@type\":\"Article\",\"@id\":\"https:\\\/\\\/cyclingpro.net\\\/spaziociclismo\\\/sintesi-gare\\\/zlm-tour-2026-mathias-vacek-regola-tim-van-dijke-e-centra-il-bis\\\/#article\",\"isPartOf\":{\"@id\":\"https:\\\/\\\/cyclingpro.net\\\/spaziociclismo\\\/sintesi-gare\\\/zlm-tour-2026-mathias-vacek-regola-tim-van-dijke-e-centra-il-bis\\\/\"},\"author\":{\"name\":\"Davide Filippi\",\"@id\":\"https:\\\/\\\/cyclingpro.net\\\/spaziociclismo\\\/#\\\/schema\\\/person\\\/5b11f525424bc937dcd939655cae5de3\"},\"headline\":\"ZLM Tour 2026, Mathias Vacek regola Tim van Dijke e centra il bis in una tappa caratterizzata dai ventagli\",\"datePublished\":\"2026-09-03T14:05:38+00:00\",\"dateModified\":\"2026-09-03T15:50:17+00:00\",\"mainEntityOfPage\":{\"@id\":\"https:\\\/\\\/cyclingpro.net\\\/spaziociclismo\\\/sintesi-gare\\\/zlm-tour-2026-mathias-vacek-regola-tim-van-dijke-e-centra-il-bis\\\/\"},\"wordCount\":232,\"commentCount\":0,\"publisher\":{\"@id\":\"https:\\\/\\\/cyclingpro.net\\\/spaziociclismo\\\/#organization\"},\"image\":{\"@id\":\"https:\\\/\\\/cyclingpro.net\\\/spaziociclismo\\\/sintesi-gare\\\/zlm-tour-2026-mathias-vacek-regola-tim-van-dijke-e-centra-il-bis\\\/#primaryimage\"},\"thumbnailUrl\":\"https:\\\/\\\/cyclingpro.net\\\/spaziociclismo\\\/wp-content\\\/uploads\\\/2026\\\/09\\\/Mathias-Vacek-Tappa-2-ZLM-Tour-2026.jpg\",\"keywords\":[\"Lidl - Trek 2026\",\"Mathias Vacek\",\"ZLM Tour 2026\"],\"articleSection\":[\"Continental\",\"Sintesi Gare\",\"Vetrina\"],\"inLanguage\":\"it-IT\",\"potentialAction\":[{\"@type\":\"CommentAction\",\"name\":\"Comment\",\"target\":[\"https:\\\/\\\/cyclingpro.net\\\/spaziociclismo\\\/sintesi-gare\\\/zlm-tour-2026-mathias-vacek-regola-tim-van-dijke-e-centra-il-bis\\\/#respond\"]}]},{\"@type\":\"WebPage\",\"@id\":\"https:\\\/\\\/cyclingpro.net\\\/spaziociclismo\\\/sintesi-gare\\\/zlm-tour-2026-mathias-vacek-regola-tim-van-dijke-e-centra-il-bis\\\/\",\"url\":\"https:\\\/\\\/cyclingpro.net\\\/spaziociclismo\\\/sintesi-gare\\\/zlm-tour-2026-mathias-vacek-regola-tim-van-dijke-e-centra-il-bis\\\/\",\"name\":\"ZLM Tour 2026, Mathias Vacek regola Tim van Dijke e centra il bis in una tappa caratterizzata dai ventagli - SpazioCiclismo\",\"isPartOf\":{\"@id\":\"https:\\\/\\\/cyclingpro.net\\\/spaziociclismo\\\/#website\"},\"primaryImageOfPage\":{\"@id\":\"https:\\\/\\\/cyclingpro.net\\\/spaziociclismo\\\/sintesi-gare\\\/zlm-tour-2026-mathias-vacek-regola-tim-van-dijke-e-centra-il-bis\\\/#primaryimage\"},\"image\":{\"@id\":\"https:\\\/\\\/cyclingpro.net\\\/spaziociclismo\\\/sintesi-gare\\\/zlm-tour-2026-mathias-vacek-regola-tim-van-dijke-e-centra-il-bis\\\/#primaryimage\"},\"thumbnailUrl\":\"https:\\\/\\\/cyclingpro.net\\\/spaziociclismo\\\/wp-content\\\/uploads\\\/2026\\\/09\\\/Mathias-Vacek-Tappa-2-ZLM-Tour-2026.jpg\",\"datePublished\":\"2026-09-03T14:05:38+00:00\",\"dateModified\":\"2026-09-03T15:50:17+00:00\",\"breadcrumb\":{\"@id\":\"https:\\\/\\\/cyclingpro.net\\\/spaziociclismo\\\/sintesi-gare\\\/zlm-tour-2026-mathias-vacek-regola-tim-van-dijke-e-centra-il-bis\\\/#breadcrumb\"},\"inLanguage\":\"it-IT\",\"potentialAction\":[{\"@type\":\"ReadAction\",\"target\":[\"https:\\\/\\\/cyclingpro.net\\\/spaziociclismo\\\/sintesi-gare\\\/zlm-tour-2026-mathias-vacek-regola-tim-van-dijke-e-centra-il-bis\\\/\"]}]},{\"@type\":\"ImageObject\",\"inLanguage\":\"it-IT\",\"@id\":\"https:\\\/\\\/cyclingpro.net\\\/spaziociclismo\\\/sintesi-gare\\\/zlm-tour-2026-mathias-vacek-regola-tim-van-dijke-e-centra-il-bis\\\/#primaryimage\",\"url\":\"https:\\\/\\\/cyclingpro.net\\\/spaziociclismo\\\/wp-content\\\/uploads\\\/2026\\\/09\\\/Mathias-Vacek-Tappa-2-ZLM-Tour-2026.jpg\",\"contentUrl\":\"https:\\\/\\\/cyclingpro.net\\\/spaziociclismo\\\/wp-content\\\/uploads\\\/2026\\\/09\\\/Mathias-Vacek-Tappa-2-ZLM-Tour-2026.jpg\",\"width\":1000,\"height\":715,\"caption\":\"\u00a9 Joris Knapen \\\/ ZLM Tour\"},{\"@type\":\"BreadcrumbList\",\"@id\":\"https:\\\/\\\/cyclingpro.net\\\/spaziociclismo\\\/sintesi-gare\\\/zlm-tour-2026-mathias-vacek-regola-tim-van-dijke-e-centra-il-bis\\\/#breadcrumb\",\"itemListElement\":[{\"@type\":\"ListItem\",\"position\":1,\"name\":\"Home\",\"item\":\"https:\\\/\\\/cyclingpro.net\\\/spaziociclismo\\\/\"},{\"@type\":\"ListItem\",\"position\":2,\"name\":\"ZLM Tour 2026, Mathias Vacek regola Tim van Dijke e centra il bis in una tappa caratterizzata dai ventagli\"}]},{\"@type\":\"WebSite\",\"@id\":\"https:\\\/\\\/cyclingpro.net\\\/spaziociclismo\\\/#website\",\"url\":\"https:\\\/\\\/cyclingpro.net\\\/spaziociclismo\\\/\",\"name\":\"SpazioCiclismo\",\"description\":\"Tutto il ciclismo minuto per minuto\",\"publisher\":{\"@id\":\"https:\\\/\\\/cyclingpro.net\\\/spaziociclismo\\\/#organization\"},\"potentialAction\":[{\"@type\":\"SearchAction\",\"target\":{\"@type\":\"EntryPoint\",\"urlTemplate\":\"https:\\\/\\\/cyclingpro.net\\\/spaziociclismo\\\/?s={search_term_string}\"},\"query-input\":{\"@type\":\"PropertyValueSpecification\",\"valueRequired\":true,\"valueName\":\"search_term_string\"}}],\"inLanguage\":\"it-IT\"},{\"@type\":\"Organization\",\"@id\":\"https:\\\/\\\/cyclingpro.net\\\/spaziociclismo\\\/#organization\",\"name\":\"SpazioCiclismo\",\"url\":\"https:\\\/\\\/cyclingpro.net\\\/spaziociclismo\\\/\",\"logo\":{\"@type\":\"ImageObject\",\"inLanguage\":\"it-IT\",\"@id\":\"https:\\\/\\\/cyclingpro.net\\\/spaziociclismo\\\/#\\\/schema\\\/logo\\\/image\\\/\",\"url\":\"https:\\\/\\\/cyclingpro.net\\\/spaziociclismo\\\/wp-content\\\/uploads\\\/2017\\\/02\\\/SpazioCiclismo-Logo-Quadrato.png\",\"contentUrl\":\"https:\\\/\\\/cyclingpro.net\\\/spaziociclismo\\\/wp-content\\\/uploads\\\/2017\\\/02\\\/SpazioCiclismo-Logo-Quadrato.png\",\"width\":450,\"height\":450,\"caption\":\"SpazioCiclismo\"},\"image\":{\"@id\":\"https:\\\/\\\/cyclingpro.net\\\/spaziociclismo\\\/#\\\/schema\\\/logo\\\/image\\\/\"},\"sameAs\":[\"https:\\\/\\\/www.facebook.com\\\/SpazioCiclismo\\\/\",\"https:\\\/\\\/x.com\\\/spaziociclismo\",\"https:\\\/\\\/www.instagram.com\\\/spaziociclismo\\\/\"]},{\"@type\":\"Person\",\"@id\":\"https:\\\/\\\/cyclingpro.net\\\/spaziociclismo\\\/#\\\/schema\\\/person\\\/5b11f525424bc937dcd939655cae5de3\",\"name\":\"Davide Filippi\",\"image\":{\"@type\":\"ImageObject\",\"inLanguage\":\"it-IT\",\"@id\":\"https:\\\/\\\/secure.gravatar.com\\\/avatar\\\/acf38569376402ef43c46c36ea62f8a431f13c39fac703a2ed157f3bbfa5c1ab?s=96&d=mm&r=g\",\"url\":\"https:\\\/\\\/secure.gravatar.com\\\/avatar\\\/acf38569376402ef43c46c36ea62f8a431f13c39fac703a2ed157f3bbfa5c1ab?s=96&d=mm&r=g\",\"contentUrl\":\"https:\\\/\\\/secure.gravatar.com\\\/avatar\\\/acf38569376402ef43c46c36ea62f8a431f13c39fac703a2ed157f3bbfa5c1ab?s=96&d=mm&r=g\",\"caption\":\"Davide Filippi\"},\"url\":\"https:\\\/\\\/cyclingpro.net\\\/spaziociclismo\\\/author\\\/dfilippi\\\/\"}]}<\/script>\n<!-- \/ Yoast SEO plugin. -->","yoast_head_json":{"title":"ZLM Tour 2026, Mathias Vacek regola Tim van Dijke e centra il bis in una tappa caratterizzata dai ventagli - SpazioCiclismo","robots":{"index":"index","follow":"follow","max-snippet":"max-snippet:-1","max-image-preview":"max-image-preview:large","max-video-preview":"max-video-preview:-1"},"canonical":"https:\/\/cyclingpro.net\/spaziociclismo\/sintesi-gare\/zlm-tour-2026-mathias-vacek-regola-tim-van-dijke-e-centra-il-bis\/","og_locale":"it_IT","og_type":"article","og_title":"ZLM Tour 2026, Mathias Vacek regola Tim van Dijke e centra il bis in una tappa caratterizzata dai ventagli - SpazioCiclismo","og_description":"Secondo successo in due giorni per Mathias Vacek allo #ZLMTour 2026","og_url":"https:\/\/cyclingpro.net\/spaziociclismo\/sintesi-gare\/zlm-tour-2026-mathias-vacek-regola-tim-van-dijke-e-centra-il-bis\/","og_site_name":"SpazioCiclismo","article_publisher":"https:\/\/www.facebook.com\/SpazioCiclismo\/","article_published_time":"2026-09-03T14:05:38+00:00","article_modified_time":"2026-09-03T15:50:17+00:00","og_image":[{"width":1000,"height":715,"url":"https:\/\/cyclingpro.net\/spaziociclismo\/wp-content\/uploads\/2026\/09\/Mathias-Vacek-Tappa-2-ZLM-Tour-2026.jpg","type":"image\/jpeg"}],"author":"Davide Filippi","twitter_card":"summary_large_image","twitter_creator":"@spaziociclismo","twitter_site":"@spaziociclismo","twitter_misc":{"Scritto da":"Davide Filippi","Tempo di lettura stimato":"2 minuti"},"schema":{"@context":"https:\/\/schema.org","@graph":[{"@type":"Article","@id":"https:\/\/cyclingpro.net\/spaziociclismo\/sintesi-gare\/zlm-tour-2026-mathias-vacek-regola-tim-van-dijke-e-centra-il-bis\/#article","isPartOf":{"@id":"https:\/\/cyclingpro.net\/spaziociclismo\/sintesi-gare\/zlm-tour-2026-mathias-vacek-regola-tim-van-dijke-e-centra-il-bis\/"},"author":{"name":"Davide Filippi","@id":"https:\/\/cyclingpro.net\/spaziociclismo\/#\/schema\/person\/5b11f525424bc937dcd939655cae5de3"},"headline":"ZLM Tour 2026, Mathias Vacek regola Tim van Dijke e centra il bis in una tappa caratterizzata dai ventagli","datePublished":"2026-09-03T14:05:38+00:00","dateModified":"2026-09-03T15:50:17+00:00","mainEntityOfPage":{"@id":"https:\/\/cyclingpro.net\/spaziociclismo\/sintesi-gare\/zlm-tour-2026-mathias-vacek-regola-tim-van-dijke-e-centra-il-bis\/"},"wordCount":232,"commentCount":0,"publisher":{"@id":"https:\/\/cyclingpro.net\/spaziociclismo\/#organization"},"image":{"@id":"https:\/\/cyclingpro.net\/spaziociclismo\/sintesi-gare\/zlm-tour-2026-mathias-vacek-regola-tim-van-dijke-e-centra-il-bis\/#primaryimage"},"thumbnailUrl":"https:\/\/cyclingpro.net\/spaziociclismo\/wp-content\/uploads\/2026\/09\/Mathias-Vacek-Tappa-2-ZLM-Tour-2026.jpg","keywords":["Lidl - Trek 2026","Mathias Vacek","ZLM Tour 2026"],"articleSection":["Continental","Sintesi Gare","Vetrina"],"inLanguage":"it-IT","potentialAction":[{"@type":"CommentAction","name":"Comment","target":["https:\/\/cyclingpro.net\/spaziociclismo\/sintesi-gare\/zlm-tour-2026-mathias-vacek-regola-tim-van-dijke-e-centra-il-bis\/#respond"]}]},{"@type":"WebPage","@id":"https:\/\/cyclingpro.net\/spaziociclismo\/sintesi-gare\/zlm-tour-2026-mathias-vacek-regola-tim-van-dijke-e-centra-il-bis\/","url":"https:\/\/cyclingpro.net\/spaziociclismo\/sintesi-gare\/zlm-tour-2026-mathias-vacek-regola-tim-van-dijke-e-centra-il-bis\/","name":"ZLM Tour 2026, Mathias Vacek regola Tim van Dijke e centra il bis in una tappa caratterizzata dai ventagli - SpazioCiclismo","isPartOf":{"@id":"https:\/\/cyclingpro.net\/spaziociclismo\/#website"},"primaryImageOfPage":{"@id":"https:\/\/cyclingpro.net\/spaziociclismo\/sintesi-gare\/zlm-tour-2026-mathias-vacek-regola-tim-van-dijke-e-centra-il-bis\/#primaryimage"},"image":{"@id":"https:\/\/cyclingpro.net\/spaziociclismo\/sintesi-gare\/zlm-tour-2026-mathias-vacek-regola-tim-van-dijke-e-centra-il-bis\/#primaryimage"},"thumbnailUrl":"https:\/\/cyclingpro.net\/spaziociclismo\/wp-content\/uploads\/2026\/09\/Mathias-Vacek-Tappa-2-ZLM-Tour-2026.jpg","datePublished":"2026-09-03T14:05:38+00:00","dateModified":"2026-09-03T15:50:17+00:00","breadcrumb":{"@id":"https:\/\/cyclingpro.net\/spaziociclismo\/sintesi-gare\/zlm-tour-2026-mathias-vacek-regola-tim-van-dijke-e-centra-il-bis\/#breadcrumb"},"inLanguage":"it-IT","potentialAction":[{"@type":"ReadAction","target":["https:\/\/cyclingpro.net\/spaziociclismo\/sintesi-gare\/zlm-tour-2026-mathias-vacek-regola-tim-van-dijke-e-centra-il-bis\/"]}]},{"@type":"ImageObject","inLanguage":"it-IT","@id":"https:\/\/cyclingpro.net\/spaziociclismo\/sintesi-gare\/zlm-tour-2026-mathias-vacek-regola-tim-van-dijke-e-centra-il-bis\/#primaryimage","url":"https:\/\/cyclingpro.net\/spaziociclismo\/wp-content\/uploads\/2026\/09\/Mathias-Vacek-Tappa-2-ZLM-Tour-2026.jpg","contentUrl":"https:\/\/cyclingpro.net\/spaziociclismo\/wp-content\/uploads\/2026\/09\/Mathias-Vacek-Tappa-2-ZLM-Tour-2026.jpg","width":1000,"height":715,"caption":"\u00a9 Joris Knapen \/ ZLM Tour"},{"@type":"BreadcrumbList","@id":"https:\/\/cyclingpro.net\/spaziociclismo\/sintesi-gare\/zlm-tour-2026-mathias-vacek-regola-tim-van-dijke-e-centra-il-bis\/#breadcrumb","itemListElement":[{"@type":"ListItem","position":1,"name":"Home","item":"https:\/\/cyclingpro.net\/spaziociclismo\/"},{"@type":"ListItem","position":2,"name":"ZLM Tour 2026, Mathias Vacek regola Tim van Dijke e centra il bis in una tappa caratterizzata dai ventagli"}]},{"@type":"WebSite","@id":"https:\/\/cyclingpro.net\/spaziociclismo\/#website","url":"https:\/\/cyclingpro.net\/spaziociclismo\/","name":"SpazioCiclismo","description":"Tutto il ciclismo minuto per minuto","publisher":{"@id":"https:\/\/cyclingpro.net\/spaziociclismo\/#organization"},"potentialAction":[{"@type":"SearchAction","target":{"@type":"EntryPoint","urlTemplate":"https:\/\/cyclingpro.net\/spaziociclismo\/?s={search_term_string}"},"query-input":{"@type":"PropertyValueSpecification","valueRequired":true,"valueName":"search_term_string"}}],"inLanguage":"it-IT"},{"@type":"Organization","@id":"https:\/\/cyclingpro.net\/spaziociclismo\/#organization","name":"SpazioCiclismo","url":"https:\/\/cyclingpro.net\/spaziociclismo\/","logo":{"@type":"ImageObject","inLanguage":"it-IT","@id":"https:\/\/cyclingpro.net\/spaziociclismo\/#\/schema\/logo\/image\/","url":"https:\/\/cyclingpro.net\/spaziociclismo\/wp-content\/uploads\/2017\/02\/SpazioCiclismo-Logo-Quadrato.png","contentUrl":"https:\/\/cyclingpro.net\/spaziociclismo\/wp-content\/uploads\/2017\/02\/SpazioCiclismo-Logo-Quadrato.png","width":450,"height":450,"caption":"SpazioCiclismo"},"image":{"@id":"https:\/\/cyclingpro.net\/spaziociclismo\/#\/schema\/logo\/image\/"},"sameAs":["https:\/\/www.facebook.com\/SpazioCiclismo\/","https:\/\/x.com\/spaziociclismo","https:\/\/www.instagram.com\/spaziociclismo\/"]},{"@type":"Person","@id":"https:\/\/cyclingpro.net\/spaziociclismo\/#\/schema\/person\/5b11f525424bc937dcd939655cae5de3","name":"Davide Filippi","image":{"@type":"ImageObject","inLanguage":"it-IT","@id":"https:\/\/secure.gravatar.com\/avatar\/acf38569376402ef43c46c36ea62f8a431f13c39fac703a2ed157f3bbfa5c1ab?s=96&d=mm&r=g","url":"https:\/\/secure.gravatar.com\/avatar\/acf38569376402ef43c46c36ea62f8a431f13c39fac703a2ed157f3bbfa5c1ab?s=96&d=mm&r=g","contentUrl":"https:\/\/secure.gravatar.com\/avatar\/acf38569376402ef43c46c36ea62f8a431f13c39fac703a2ed157f3bbfa5c1ab?s=96&d=mm&r=g","caption":"Davide Filippi"},"url":"https:\/\/cyclingpro.net\/spaziociclismo\/author\/dfilippi\/"}]}},"_links":{"self":[{"href":"https:\/\/cyclingpro.net\/spaziociclismo\/wp-json\/wp\/v2\/posts\/393484","targetHints":{"allow":["GET"]}}],"collection":[{"href":"https:\/\/cyclingpro.net\/spaziociclismo\/wp-json\/wp\/v2\/posts"}],"about":[{"href":"https:\/\/cyclingpro.net\/spaziociclismo\/wp-json\/wp\/v2\/types\/post"}],"author":[{"embeddable":true,"href":"https:\/\/cyclingpro.net\/spaziociclismo\/wp-json\/wp\/v2\/users\/27"}],"replies":[{"embeddable":true,"href":"https:\/\/cyclingpro.net\/spaziociclismo\/wp-json\/wp\/v2\/comments?post=393484"}],"version-history":[{"count":5,"href":"https:\/\/cyclingpro.net\/spaziociclismo\/wp-json\/wp\/v2\/posts\/393484\/revisions"}],"predecessor-version":[{"id":393524,"href":"https:\/\/cyclingpro.net\/spaziociclismo\/wp-json\/wp\/v2\/posts\/393484\/revisions\/393524"}],"wp:featuredmedia":[{"embeddable":true,"href":"https:\/\/cyclingpro.net\/spaziociclismo\/wp-json\/wp\/v2\/media\/393523"}],"wp:attachment":[{"href":"https:\/\/cyclingpro.net\/spaziociclismo\/wp-json\/wp\/v2\/media?parent=393484"}],"wp:term":[{"taxonomy":"category","embeddable":true,"href":"https:\/\/cyclingpro.net\/spaziociclismo\/wp-json\/wp\/v2\/categories?post=393484"},{"taxonomy":"post_tag","embeddable":true,"href":"https:\/\/cyclingpro.net\/spaziociclismo\/wp-json\/wp\/v2\/tags?post=393484"}],"curies":[{"name":"wp","href":"https:\/\/api.w.org\/{rel}","templated":true}]}}