{"id":393462,"date":"2026-09-03T21:00:05","date_gmt":"2026-09-03T19:00:05","guid":{"rendered":"https:\/\/cyclingpro.net\/spaziociclismo\/?p=393462"},"modified":"2026-09-03T20:51:47","modified_gmt":"2026-09-03T18:51:47","slug":"vuelta-a-espana-2026-presentazione-percorso-e-favoriti-tredicesima-tappa-almunecar-loja-1928-km","status":"publish","type":"post","link":"https:\/\/cyclingpro.net\/spaziociclismo\/presentazione-corse\/vuelta-a-espana-2026-presentazione-percorso-e-favoriti-tredicesima-tappa-almunecar-loja-1928-km\/","title":{"rendered":"Vuelta a Espa\u00f1a 2026, Presentazione Percorso e Favoriti Tredicesima Tappa: Almu\u00f1\u00e9car &#8211; Loja (192,8 km)"},"content":{"rendered":"<p>La <strong>Vuelta a Espa\u00f1a 2026<\/strong> prosegue <strong>venerd\u00ec 4 settembre<\/strong> con una tappa, la numero 13, particolarmente vivace dal punto di vista altimetrico. La corsa spagnola entra in Andalusia per affrontare infatti una giornata da 3404 metri di dislivello positivo, con tre Gran premi della Montagna. Non ci sono per\u00f2 salite particolarmente complicate e l&#8217;ultima di queste \u00e8 abbastanza lontana dal traguardo; lo scenario sembra quindi perfetto per una fuga, anche numerosa, che possa mettere da parte una dote rilevante di minuti nella prima fase per poi giocarsi il successo di giornata nel finale. Attenzione per\u00f2 a corridori veloci e molto resistenti, che potrebbero anche puntare a &#8220;salvarsi&#8221; lungo le varie salite, con in testa l&#8217;idea di mettersi in azione in una ipotetica volata, magari ristretta.<\/p>\n<p><strong>ORARIO DI PARTENZA<\/strong>: 12:20<br \/>\n<strong>ORARIO DI ARRIVO (PREVISTO)<\/strong>: 17:16-17:45<br \/>\n<strong>DIRETTA TV E STREAMING<\/strong>: 14:45-18:00 Eurosport 1 \/ Discovery+ \/ HBO Max<br \/>\n<strong>HASHTAG UFFICIALE: <\/strong>#LaVuelta26<\/p>\n<h2>Percorso Tredicesima Tappa Vuelta a Espa\u00f1a 2026<\/h2>\n<p>Come anticipato, il percorso della tredicesima tappa della Vuelta a Espa\u00f1a 2026 da <strong>Almu\u00f1\u00e9car<\/strong> a <strong>Loja<\/strong> presenta 3404 metri di dislivello nei suoi 192,8 km, dove si pu\u00f2 fare una differenza importante per la vittoria di tappa e non solo. Sebbene la partenza ufficiale sia seguita da un tratto in discesa, le salite non tardano ad arrivare: dopo appena 17 km si inizia a scalare il lungo <strong>Alto de la Venta de la Cebada<\/strong>, GPM di 14,1 km con una pendenza media del 5,1%. L&#8217;asperit\u00e0 sar\u00e0 probabilmente il teatro dei primi attacchi e, realisticamente, selezioner\u00e0 la fuga di giornata, decidendo chi prover\u00e0 ad anticipare il gruppo per ottenere il successo di giornata.<\/p>\n<p>Il primo GPM \u00e8 seguito da un tratto di discesa e altre due salite non categorizzate, che serviranno comunque a mettere ulteriore fatica nelle gambe. Al km 67,8 comincia invece l&#8217;<strong>Alto del Legionario<\/strong>, seconda categoria di 15,6 km con una pendenza media del 3,1%. La salita \u00e8 molto irregolare ma non presenta mai tratti particolarmente duri, permettendo anche agli scalatori meno puri di rimanere comodi a ruota. Lo scollinamento \u00e8 seguito da una lunga discesa che porta fino a Pantano de Los Bermejales, dove inizia un falsopiano di circa 5 km al 3%, non segnalato come GPM ufficiale.<\/p>\n<p>Un&#8217;altra discesa conduce verso Loreto e da l\u00ec a Tocon, dove \u00e8 posizionato lo sprint intermedio. Poco dopo, al km 148, inizia l&#8217;ultimo GPM di giornata, il\u00a0<strong>Puerto de Granada<\/strong>, seconda categoria di 7,4 km al 5,6% di pendenza media. Salita piuttosto regolare, raramente non sale mai sopra il 7% di difficolt\u00e0, rendendo difficile fare una grossa differenza. Lo scollinamento avviene a circa 37 km dalla conclusione: i primi 25 sono tutti in discesa o falsopiano discendente, mentre l&#8217;ultima dozzina \u00e8 completamente pianeggiante. Il finale resta quindi molto aperto: in fuga potrebbe esserci l&#8217;inseguimento tra i vari gruppetti e anche il plotone, se non dovesse essere troppo lontano, potrebbe organizzare la caccia finale.<\/p>\n<h2>Salite Tredicesima Tappa Vuelta a Espa\u00f1a 2026<\/h2>\n<table style=\"width: 99.7309%; height: 156px;\" border=\"0\" rules=\"NONE\" cellspacing=\"0\" cellpadding=\"0\">\n<colgroup>\n<col width=\"33\" \/>\n<col width=\"252\" \/>\n<col width=\"176\" \/>\n<col width=\"42\" \/>\n<col width=\"63\" \/>\n<col width=\"47\" \/>\n<col width=\"86\" \/>\n<col width=\"86\" \/>\n<col width=\"86\" \/>\n<col width=\"86\" \/>\n<col width=\"86\" \/><\/colgroup>\n<tbody>\n<tr style=\"height: 10px;\">\n<td style=\"width: 28.3118%; height: 10px;\"><strong>NOME<\/strong><\/td>\n<td style=\"width: 6.42341%; text-align: center; height: 10px;\"><strong>CAT<\/strong><\/td>\n<td style=\"width: 13.6301%; text-align: center; height: 10px;\"><strong>QUOTA<\/strong><\/td>\n<td style=\"width: 11.8812%; text-align: center; height: 10px;\"><strong>GPM<\/strong><\/td>\n<td style=\"width: 9.85877%; text-align: center; height: 10px;\"><strong>INIZIO<\/strong><\/td>\n<td style=\"width: 8.18831%; text-align: center; height: 10px;\"><strong>LUNGH<\/strong><\/td>\n<td style=\"width: 11.2728%; text-align: center; height: 10px;\"><strong>DISLIVELLO<\/strong><\/td>\n<td style=\"width: 52.1545%; text-align: center; height: 10px;\"><strong>%MEDIA<\/strong><\/td>\n<\/tr>\n<tr style=\"height: 24px;\">\n<td style=\"height: 24px; width: 28.3118%;\" align=\"LEFT\">Alto de la Venta de la Cebada<\/td>\n<td style=\"height: 24px; width: 6.42341%; text-align: center;\" align=\"CENTER\">1<\/td>\n<td style=\"height: 24px; width: 13.6301%; text-align: center;\" align=\"CENTER\">820<\/td>\n<td style=\"height: 24px; width: 11.8812%; text-align: center;\" align=\"RIGHT\">31,2<\/td>\n<td style=\"height: 24px; width: 9.85877%; text-align: center;\" align=\"RIGHT\">17,1<\/td>\n<td style=\"height: 24px; width: 8.18831%; text-align: center;\" align=\"RIGHT\">14,1<\/td>\n<td style=\"width: 11.2728%; height: 24px; text-align: center;\">722<\/td>\n<td style=\"height: 24px; width: 52.1545%; text-align: center;\" align=\"RIGHT\">5,1%<\/td>\n<\/tr>\n<tr style=\"height: 38px;\">\n<td style=\"width: 28.3118%; height: 38px;\">Alto del Legionario<\/td>\n<td style=\"width: 6.42341%; text-align: center; height: 38px;\">2<\/td>\n<td style=\"width: 13.6301%; text-align: center; height: 38px;\">1348<\/td>\n<td style=\"width: 11.8812%; text-align: center; height: 38px;\">83,4<\/td>\n<td style=\"width: 9.85877%; text-align: center; height: 38px;\">67,8<\/td>\n<td style=\"width: 8.18831%; text-align: center; height: 38px;\">15,6<\/td>\n<td style=\"width: 11.2728%; text-align: center; height: 38px;\">490<\/td>\n<td style=\"width: 52.1545%; text-align: center; height: 38px;\">3,1%<\/td>\n<\/tr>\n<tr style=\"height: 38px;\">\n<td style=\"width: 28.3118%; height: 38px;\">Puerto de Granada<\/td>\n<td style=\"width: 6.42341%; text-align: center; height: 38px;\">2<\/td>\n<td style=\"width: 13.6301%; text-align: center; height: 38px;\">1038<\/td>\n<td style=\"width: 11.8812%; text-align: center; height: 38px;\">155,4<\/td>\n<td style=\"width: 9.85877%; text-align: center; height: 38px;\">148<\/td>\n<td style=\"width: 8.18831%; text-align: center; height: 38px;\">7,4<\/td>\n<td style=\"width: 11.2728%; text-align: center; height: 38px;\">415<\/td>\n<td style=\"width: 52.1545%; text-align: center; height: 38px;\">5,6%<\/td>\n<\/tr>\n<\/tbody>\n<\/table>\n<h2>Favoriti Tredicesima Tappa Vuelta a Espa\u00f1a 2026<\/h2>\n<p>Si delinea all&#8217;orizzonte una tappa di non semplice interpretazione. Non manca il dislivello e, nella parte centrale, il percorso \u00e8 particolarmente ostico. Tuttavia i velocisti pi\u00f9 resistenti avrebbero la possibilit\u00e0 di recuperare per giocarsi la volata, ma non sar\u00e0 semplice. Il nome che viene spontaneo fare \u00e8 quello di <strong>Wout Van Aert<\/strong> (Team Visma | Lease a Bike). Il belga \u00e8 stato protagonista praticamente in tutte le giornate di questa edizione, ma non \u00e8 ancora riuscito a trovare l&#8217;acuto. Domani potrebbe esser la giornata buona, ma bisogner\u00e0 capire che tipo di corsa verr\u00e0 fuori. In partenza potrebbero tentare in molti la fuga, anche chi ha uno spunto veloce e tatticamente andr\u00e0 interpretata. Non che Van Aert abbia problemi ad attaccare da lontano. \u00c8 meno quotato, ma non si pu\u00f2 escludere a priori <strong>Matthew Brennan<\/strong> che, in caso di arrivo a ranghi compatti, diventa il naturale favorito.<\/p>\n<p>Un brutto cliente per il finale di domani sar\u00e0 <strong>Magnus Cort<\/strong> (Uno-X Mobility), la cui condizione sembra crescere giorno dopo giorno. Il corridore danese ha l&#8217;esperienza e la caratura per esaltarsi in questa tappa, a prescindere dallo svolgimento che potr\u00e0 avere. Sia con la fuga, che in una volata ristretta, lui potr\u00e0 dir la sua. Stesso discorso per <strong>Alessandro Romele<\/strong> (XDS Astana Team), costante nei piazzamenti per tutta questa Vuelta, trovare l&#8217;acuto sarebbe veramente la ciliegina sulla torta. Dovr\u00e0 fare tenere alta l&#8217;attenzione fin dal via, per capire quale scenario potr\u00e0 esser pi\u00f9 favorevole.<\/p>\n<p>Ormai non pu\u00f2 pi\u00f9 esser considerato un outsider <strong>Bastien Tronchon<\/strong> (Groupama &#8211; FDJ United), mina vagante della dodicesima tappa e lo stesso <strong>Axel Laurance<\/strong> (Netcompany INEOS) che continua a inseguire una vittoria di peso, merita considerazione. Dopo una buona partenza \u00e8 un po&#8217; uscito dai radar<strong> Pau Miquel<\/strong> (Bahrain &#8211; Victorious) che su un percorso come quello di domani potrebbe dir la sua, cavalcando l&#8217;onda lunga dell&#8217;entusiasmo dopo la vittoria di Omrzel. Tra l&#8217;altro aspettiamoci un Santiago Buitrago arrembante, con punti preziosi per la maglia degli scalatori nella prima parte. Il colombiano si \u00e8 rivelato molto bravo anche tatticamente oggi, chiss\u00e0 se non possa provare a ripetersi.<\/p>\n<p><strong>Finn Fischer-Black<\/strong> (Red Bull &#8211; BORA hansgrohe) sta bene, ma deve riuscire a inserirsi nel tentativo buono se vuol provare ad alzare le braccia al cielo. In caso di arrivo allo sprint pu\u00f2 piazzarsi, ma niente pi\u00f9. Stesso discorso per <strong>Thibau Nys<\/strong> (Lidl-Trek), la cui condizione appare in crescita e <strong>Vincenzo Albanese<\/strong> (EF Education &#8211; Easy Post) che non si \u00e8 risparmiato neanche oggi, malgrado il percorso non fosse adattissimo alle sue caratteristiche. Diverso, naturalmente, il discorso per <strong>Bryan Coquard<\/strong> (Cofidis), forse l&#8217;unico velocista che ha quella forma e convinzione che potrebbero permettergli di provare a insidiare Brennan. Sia lui che corridori come <strong>Jordi Meeus<\/strong> (Red Bull &#8211; BORA hansgrohe), <strong>Alberto Dainese<\/strong> (Soudal &#8211; Quick-Step), <strong>Jordan Labrosse<\/strong> (Decathlon CMA CGM Team) e <strong>Hugo Hofstetter<\/strong> (NSN Cycling Team) potrebbero provare a restare l\u00ec, sornioni, e sfruttare le occasioni che la corsa potrebbe proporre loro. Anche <strong>Orluis Aular<\/strong> (Movistar) si giocher\u00e0 la carta dello sprint, tuttavia\u00a0il suo compito primario sar\u00e0 quello di scortare la Maglia Rossa.<\/p>\n<p>Infine potremmo lanciarci in un elenco infinito di corridori papabili per una fuga da lontano. In questi giorni ne abbiamo visti molti e l&#8217;occasione di domani \u00e8 particolarmente ghiotta. <strong>Marco Brenner<\/strong> (Tudor Pro Cycling), malgrado gli sforzi odierni potrebbe riprovarci, ma \u00e8 soprattutto la <strong>Pinarello Q36.5<\/strong> a scalpitare, in particolare con il campione nazionale <strong>Marcel Camprub\u00ec<\/strong> e <strong>Mikel Azparren<\/strong>. Tra i potenziali nomi anche <strong>Andreas Kron<\/strong> (Uno-X Mobility), <strong>Ethan Hayter<\/strong> (Soudal &#8211; Quick-Step), <strong>Alessandro Covi<\/strong> (Team Jayco AlUla) e <strong>Lars Craps<\/strong> (Lotto &#8211; Intermarch\u00e9).<\/p>\n<h3><span style=\"font-size: 22px;\">Borsino dei Favoriti Tredicesima Tappa Vuelta a Espa\u00f1a 2026\u00a0<\/span><\/h3>\n<p>***** Wout Van Aert<br \/>\n**** Magnus Cort, Alessandro Romele<br \/>\n*** Matthew Brennan, Axel Laurance, Bastien Tronchon<br \/>\n** Bryan Coquard, Finn Fischer-Black, Pau Miquel, Thibau Nys<br \/>\n* Vincenzo Albanese, Orluis Aular, Marcel Camprub\u00ec, Andreas Kron, Jordan Labrosse<\/p>\n<h2>Le scelte di redazione<\/h2>\n<p>In questa sezione ogni redattore indica il proprio favorito tra i 15 nomi del borsino per riflettere meglio un confronto di sensibilit\u00e0, intuizioni e analisi differenti che portano alla creazione del nostro tradizionale borsino. Proprio per questa molteplicit\u00e0 di scelte e ragionamenti abbiamo scelto di proporre anche le singole opinioni, creando un piccolo gioco interno che abbiamo deciso di condividere con voi: i lettori possono cos\u00ec scoprire diversi punti di vista e confrontarli con i propri nell\u2019attesa della corsa.<\/p>\n<p><strong>Luca<\/strong>: Magnus Cort<br \/>\n<strong>Francesco<\/strong>: Andreas Kron<br \/>\n<strong>Davide F<\/strong>: Wout van Aert<br \/>\n<strong>Leonardo<\/strong>: Wout van Aert<\/p>\n<h2>Meteo previsto Tredicesima Tappa Vuelta a Espa\u00f1a 2026<\/h2>\n<p><del>Soleggiato. Possibilit\u00e0 di precipitazioni: 20%. Umidit\u00e0: 40%. Vento direzione NO fino a 10 km\/h. Temperatura prevista: minima 26\u00b0, massima 31\u00b0.<\/del><\/p>\n<h2>Maggiori insidie Tredicesima Tappa Vuelta a Espa\u00f1a 2026<\/h2>\n<p>L&#8217;assenza di grandi salite nel finale non deve ingannare: i metri di dislivello sono tanti e chi dovesse arrivare un po&#8217; a corto di energie dopo le fatiche della dodicesima frazione rischia di pagare un conto salatissimo. In questo continuo saliscendi non mancano anche le insidie in discesa, dove bisogner\u00e0 tenersi lontano dai guai. Il finale, almeno sulla carta, sembra pi\u00f9 tranquillo, ma comunque non va sottovalutato.<\/p>\n<h2>Altimetria e Planimetria Tredicesima Tappa Vuelta a Espa\u00f1a 2026<\/h2>\n<p><iframe loading=\"lazy\" src=\"https:\/\/secure.cyclingprodata.com\/widgets\/latest\/widgets.html?type=profile&amp;language=it&amp;tour_id=1072&amp;stage_number=13\" width=\"100%\" height=\"420px\" data-mce-fragment=\"1\"><span style=\"display: inline-block; width: 0px; overflow: hidden; line-height: 0;\" data-mce-type=\"bookmark\" class=\"mce_SELRES_start\">\ufeff<\/span><span style=\"display: inline-block; width: 0px; overflow: hidden; line-height: 0;\" data-mce-type=\"bookmark\" class=\"mce_SELRES_start\">\ufeff<\/span><span style=\"display: inline-block; width: 0px; overflow: hidden; line-height: 0;\" data-mce-type=\"bookmark\" class=\"mce_SELRES_start\">\ufeff<\/span><span style=\"display: inline-block; width: 0px; overflow: hidden; line-height: 0;\" data-mce-type=\"bookmark\" class=\"mce_SELRES_start\">\ufeff<\/span><span data-mce-type=\"bookmark\" style=\"display: inline-block; width: 0px; overflow: hidden; line-height: 0;\" class=\"mce_SELRES_start\">\ufeff<\/span><span data-mce-type=\"bookmark\" style=\"display: inline-block; width: 0px; overflow: hidden; line-height: 0;\" class=\"mce_SELRES_start\">\ufeff<\/span><\/iframe><iframe loading=\"lazy\" src=\"https:\/\/secure.cyclingprodata.com\/widgets\/latest\/widgets.html?type=map&amp;language=it&amp;tour_id=1072&amp;stage_number=13\" width=\"100%\" height=\"420px\" data-mce-fragment=\"1\"><span data-mce-type=\"bookmark\" style=\"display: inline-block; width: 0px; overflow: hidden; line-height: 0;\" class=\"mce_SELRES_start\">\ufeff<\/span><span style=\"display: inline-block; width: 0px; overflow: hidden; line-height: 0;\" data-mce-type=\"bookmark\" class=\"mce_SELRES_start\">\ufeff<\/span><span style=\"display: inline-block; width: 0px; overflow: hidden; line-height: 0;\" data-mce-type=\"bookmark\" class=\"mce_SELRES_start\">\ufeff<\/span><span data-mce-type=\"bookmark\" style=\"display: inline-block; width: 0px; overflow: hidden; line-height: 0;\" class=\"mce_SELRES_start\">\ufeff<\/span><span data-mce-type=\"bookmark\" style=\"display: inline-block; width: 0px; overflow: hidden; line-height: 0;\" class=\"mce_SELRES_start\">\ufeff<\/span><span data-mce-type=\"bookmark\" style=\"display: inline-block; width: 0px; overflow: hidden; line-height: 0;\" class=\"mce_SELRES_start\">\ufeff<\/span><span data-mce-type=\"bookmark\" style=\"display: inline-block; width: 0px; overflow: hidden; line-height: 0;\" class=\"mce_SELRES_start\">\ufeff<\/span><span data-mce-type=\"bookmark\" style=\"display: inline-block; width: 0px; overflow: hidden; line-height: 0;\" class=\"mce_SELRES_start\">\ufeff<\/span><span data-mce-type=\"bookmark\" style=\"display: inline-block; width: 0px; overflow: hidden; line-height: 0;\" class=\"mce_SELRES_start\">\ufeff<\/span><span data-mce-type=\"bookmark\" style=\"display: inline-block; width: 0px; overflow: hidden; line-height: 0;\" class=\"mce_SELRES_start\">\ufeff<\/span><span data-mce-type=\"bookmark\" style=\"display: inline-block; width: 0px; overflow: hidden; line-height: 0;\" class=\"mce_SELRES_start\">\ufeff<\/span><span data-mce-type=\"bookmark\" style=\"display: inline-block; width: 0px; overflow: hidden; line-height: 0;\" class=\"mce_SELRES_start\"><span class=\"mce_SELRES_start\" style=\"width: 0px; line-height: 0; overflow: hidden; display: inline-block;\" data-mce-type=\"bookmark\">\ufeff<\/span>\ufeff<\/span><\/iframe><\/p>\n<h2>Cronotabella Tredicesima Tappa Vuelta a Espa\u00f1a 2026<\/h2>\n<table class=\"sporting__table\" style=\"width: 100%; height: 1331px;\">\n<tbody class=\"thead\">\n<tr style=\"height: 62px;\">\n<td style=\"width: 56.9429%; height: 62px;\"><strong>LOCALIT\u00c0<\/strong><\/td>\n<td style=\"width: 11.1948%; height: 62px;\"><strong>ALL&#8217;ARRIVO<\/strong><\/td>\n<td style=\"width: 10.1184%; height: 62px;\"><strong>DALLA PARTENZA<\/strong><\/td>\n<td style=\"width: 7.41445%; height: 62px;\"><strong>42 KM\/H<\/strong><\/td>\n<td style=\"width: 7.11881%; height: 62px;\"><strong>40 KM\/H<\/strong><\/td>\n<td style=\"width: 7.1029%; height: 62px;\"><strong>38 KM\/H<\/strong><\/td>\n<\/tr>\n<tr style=\"height: 27px;\">\n<td class=\"xl67\" style=\"height: 27px; width: 56.9429%;\" width=\"64\" height=\"141\">Salida lanzada por la N-340 direcci\u00f3n Motril Long 36\u00b044&#8217;38.48&#8243;N long 3\u00b038&#8217;15.09&#8243;O<\/td>\n<td class=\"xl66\" style=\"width: 11.1948%; height: 27px;\" width=\"64\">192.8<\/td>\n<td class=\"xl66\" style=\"width: 10.1184%; height: 27px;\" width=\"64\">0<\/td>\n<td class=\"xl68\" style=\"width: 7.41445%; height: 27px;\" width=\"64\">12:41<\/td>\n<td class=\"xl68\" style=\"width: 7.11881%; height: 27px;\" width=\"64\">12:41<\/td>\n<td class=\"xl68\" style=\"width: 7.1029%; height: 27px;\" width=\"64\">12:41<\/td>\n<\/tr>\n<tr style=\"height: 19px;\">\n<td class=\"xl63\" style=\"height: 19px; width: 56.9429%;\" width=\"64\" height=\"26\">Caleta-La-Guardia<\/td>\n<td class=\"xl64\" style=\"width: 11.1948%; height: 19px;\" width=\"64\">189.1<\/td>\n<td class=\"xl64\" style=\"width: 10.1184%; height: 19px;\" width=\"64\">3.7<\/td>\n<td class=\"xl65\" style=\"width: 7.41445%; height: 19px;\" width=\"64\">12:45<\/td>\n<td class=\"xl65\" style=\"width: 7.11881%; height: 19px;\" width=\"64\">12:45<\/td>\n<td class=\"xl65\" style=\"width: 7.1029%; height: 19px;\" width=\"64\">12:45<\/td>\n<\/tr>\n<tr style=\"height: 19px;\">\n<td class=\"xl70\" style=\"height: 19px; width: 56.9429%;\" width=\"64\" height=\"26\">Salobre\u00f1a<\/td>\n<td class=\"xl69\" style=\"width: 11.1948%; height: 19px;\" width=\"64\">187.8<\/td>\n<td class=\"xl69\" style=\"width: 10.1184%; height: 19px;\" width=\"64\">5<\/td>\n<td class=\"xl71\" style=\"width: 7.41445%; height: 19px;\" width=\"64\">12:46<\/td>\n<td class=\"xl71\" style=\"width: 7.11881%; height: 19px;\" width=\"64\">12:47<\/td>\n<td class=\"xl71\" style=\"width: 7.1029%; height: 19px;\" width=\"64\">12:47<\/td>\n<\/tr>\n<tr style=\"height: 48px;\">\n<td class=\"xl63\" style=\"height: 48px; width: 56.9429%;\" width=\"64\" height=\"64\">Rotonda izquierda direcci\u00f3n Granada, Malaga<\/td>\n<td class=\"xl64\" style=\"width: 11.1948%; height: 48px;\" width=\"64\">185.4<\/td>\n<td class=\"xl64\" style=\"width: 10.1184%; height: 48px;\" width=\"64\">7.4<\/td>\n<td class=\"xl65\" style=\"width: 7.41445%; height: 48px;\" width=\"64\">12:49<\/td>\n<td class=\"xl65\" style=\"width: 7.11881%; height: 48px;\" width=\"64\">12:50<\/td>\n<td class=\"xl65\" style=\"width: 7.1029%; height: 48px;\" width=\"64\">12:50<\/td>\n<\/tr>\n<tr style=\"height: 48px;\">\n<td class=\"xl70\" style=\"height: 48px; width: 56.9429%;\" width=\"64\" height=\"64\">Rotonda izquierda, derecha direcci\u00f3n Granada<\/td>\n<td class=\"xl69\" style=\"width: 11.1948%; height: 48px;\" width=\"64\">182.3<\/td>\n<td class=\"xl69\" style=\"width: 10.1184%; height: 48px;\" width=\"64\">10.5<\/td>\n<td class=\"xl71\" style=\"width: 7.41445%; height: 48px;\" width=\"64\">12:53<\/td>\n<td class=\"xl71\" style=\"width: 7.11881%; height: 48px;\" width=\"64\">12:54<\/td>\n<td class=\"xl71\" style=\"width: 7.1029%; height: 48px;\" width=\"64\">12:55<\/td>\n<\/tr>\n<tr style=\"height: 48px;\">\n<td class=\"xl63\" style=\"height: 48px; width: 56.9429%;\" width=\"64\" height=\"64\">Cruce izquierda direcci\u00f3n Los Gu\u00e1jares<\/td>\n<td class=\"xl64\" style=\"width: 11.1948%; height: 48px;\" width=\"64\">176.2<\/td>\n<td class=\"xl64\" style=\"width: 10.1184%; height: 48px;\" width=\"64\">16.6<\/td>\n<td class=\"xl65\" style=\"width: 7.41445%; height: 48px;\" width=\"64\">13:02<\/td>\n<td class=\"xl65\" style=\"width: 7.11881%; height: 48px;\" width=\"64\">13:03<\/td>\n<td class=\"xl65\" style=\"width: 7.1029%; height: 48px;\" width=\"64\">13:04<\/td>\n<\/tr>\n<tr style=\"height: 19px;\">\n<td class=\"xl70\" style=\"height: 19px; width: 56.9429%;\" width=\"64\" height=\"26\">Comienza puerto<\/td>\n<td class=\"xl69\" style=\"width: 11.1948%; height: 19px;\" width=\"64\">175.7<\/td>\n<td class=\"xl69\" style=\"width: 10.1184%; height: 19px;\" width=\"64\">17.1<\/td>\n<td class=\"xl71\" style=\"width: 7.41445%; height: 19px;\" width=\"64\">13:02<\/td>\n<td class=\"xl71\" style=\"width: 7.11881%; height: 19px;\" width=\"64\">13:03<\/td>\n<td class=\"xl71\" style=\"width: 7.1029%; height: 19px;\" width=\"64\">13:05<\/td>\n<\/tr>\n<tr style=\"height: 19px;\">\n<td class=\"xl63\" style=\"height: 19px; width: 56.9429%;\" width=\"64\" height=\"26\">Gu\u00e1jar Farag\u00fcit<\/td>\n<td class=\"xl64\" style=\"width: 11.1948%; height: 19px;\" width=\"64\">169.2<\/td>\n<td class=\"xl64\" style=\"width: 10.1184%; height: 19px;\" width=\"64\">23.6<\/td>\n<td class=\"xl65\" style=\"width: 7.41445%; height: 19px;\" width=\"64\">13:14<\/td>\n<td class=\"xl65\" style=\"width: 7.11881%; height: 19px;\" width=\"64\">13:16<\/td>\n<td class=\"xl65\" style=\"width: 7.1029%; height: 19px;\" width=\"64\">13:18<\/td>\n<\/tr>\n<tr style=\"height: 38px;\">\n<td class=\"xl73\" style=\"height: 38px; width: 56.9429%;\" width=\"64\" height=\"51\">PM 1\u00aa Venta de la Cebada<\/td>\n<td class=\"xl72\" style=\"width: 11.1948%; height: 38px;\" width=\"64\">161.6<\/td>\n<td class=\"xl72\" style=\"width: 10.1184%; height: 38px;\" width=\"64\">31.2<\/td>\n<td class=\"xl74\" style=\"width: 7.41445%; height: 38px;\" width=\"64\">13:32<\/td>\n<td class=\"xl74\" style=\"width: 7.11881%; height: 38px;\" width=\"64\">13:35<\/td>\n<td class=\"xl74\" style=\"width: 7.1029%; height: 38px;\" width=\"64\">13:38<\/td>\n<\/tr>\n<tr style=\"height: 19px;\">\n<td class=\"xl63\" style=\"height: 19px; width: 56.9429%;\" width=\"64\" height=\"26\">Pinos del Valle<\/td>\n<td class=\"xl64\" style=\"width: 11.1948%; height: 19px;\" width=\"64\">154<\/td>\n<td class=\"xl64\" style=\"width: 10.1184%; height: 19px;\" width=\"64\">38.8<\/td>\n<td class=\"xl65\" style=\"width: 7.41445%; height: 19px;\" width=\"64\">13:42<\/td>\n<td class=\"xl65\" style=\"width: 7.11881%; height: 19px;\" width=\"64\">13:45<\/td>\n<td class=\"xl65\" style=\"width: 7.1029%; height: 19px;\" width=\"64\">13:49<\/td>\n<\/tr>\n<tr style=\"height: 48px;\">\n<td class=\"xl70\" style=\"height: 48px; width: 56.9429%;\" width=\"64\" height=\"64\">Rest\u00e1bal cruce izquierda direcci\u00f3n Saleres<\/td>\n<td class=\"xl69\" style=\"width: 11.1948%; height: 48px;\" width=\"64\">149.9<\/td>\n<td class=\"xl69\" style=\"width: 10.1184%; height: 48px;\" width=\"64\">42.9<\/td>\n<td class=\"xl71\" style=\"width: 7.41445%; height: 48px;\" width=\"64\">13:46<\/td>\n<td class=\"xl71\" style=\"width: 7.11881%; height: 48px;\" width=\"64\">13:50<\/td>\n<td class=\"xl71\" style=\"width: 7.1029%; height: 48px;\" width=\"64\">13:53<\/td>\n<\/tr>\n<tr style=\"height: 14px;\">\n<td class=\"xl63\" style=\"height: 14px; width: 56.9429%;\" width=\"64\" height=\"19\">Meleguis<\/td>\n<td class=\"xl64\" style=\"width: 11.1948%; height: 14px;\" width=\"64\">148.3<\/td>\n<td class=\"xl64\" style=\"width: 10.1184%; height: 14px;\" width=\"64\">44.5<\/td>\n<td class=\"xl65\" style=\"width: 7.41445%; height: 14px;\" width=\"64\">13:49<\/td>\n<td class=\"xl65\" style=\"width: 7.11881%; height: 14px;\" width=\"64\">13:52<\/td>\n<td class=\"xl65\" style=\"width: 7.1029%; height: 14px;\" width=\"64\">13:56<\/td>\n<\/tr>\n<tr style=\"height: 10px;\">\n<td class=\"xl70\" style=\"height: 10px; width: 56.9429%;\" width=\"64\" height=\"19\">Lecr\u00edn<\/td>\n<td class=\"xl69\" style=\"width: 11.1948%; height: 10px;\" width=\"64\">144.6<\/td>\n<td class=\"xl69\" style=\"width: 10.1184%; height: 10px;\" width=\"64\">48.2<\/td>\n<td class=\"xl71\" style=\"width: 7.41445%; height: 10px;\" width=\"64\">13:56<\/td>\n<td class=\"xl71\" style=\"width: 7.11881%; height: 10px;\" width=\"64\">14:00<\/td>\n<td class=\"xl71\" style=\"width: 7.1029%; height: 10px;\" width=\"64\">14:04<\/td>\n<\/tr>\n<tr style=\"height: 48px;\">\n<td class=\"xl63\" style=\"height: 48px; width: 56.9429%;\" width=\"64\" height=\"64\">Rotonda recto direcci\u00f3n Acequias, Nig\u00fcelas<\/td>\n<td class=\"xl64\" style=\"width: 11.1948%; height: 48px;\" width=\"64\">143.8<\/td>\n<td class=\"xl64\" style=\"width: 10.1184%; height: 48px;\" width=\"64\">49<\/td>\n<td class=\"xl65\" style=\"width: 7.41445%; height: 48px;\" width=\"64\">13:58<\/td>\n<td class=\"xl65\" style=\"width: 7.11881%; height: 48px;\" width=\"64\">14:01<\/td>\n<td class=\"xl65\" style=\"width: 7.1029%; height: 48px;\" width=\"64\">14:06<\/td>\n<\/tr>\n<tr style=\"height: 19px;\">\n<td class=\"xl70\" style=\"height: 19px; width: 56.9429%;\" width=\"64\" height=\"26\">D\u00farcal (ext.)<\/td>\n<td class=\"xl69\" style=\"width: 11.1948%; height: 19px;\" width=\"64\">139.5<\/td>\n<td class=\"xl69\" style=\"width: 10.1184%; height: 19px;\" width=\"64\">53.3<\/td>\n<td class=\"xl71\" style=\"width: 7.41445%; height: 19px;\" width=\"64\">14:05<\/td>\n<td class=\"xl71\" style=\"width: 7.11881%; height: 19px;\" width=\"64\">14:09<\/td>\n<td class=\"xl71\" style=\"width: 7.1029%; height: 19px;\" width=\"64\">14:13<\/td>\n<\/tr>\n<tr style=\"height: 14px;\">\n<td class=\"xl63\" style=\"height: 14px; width: 56.9429%;\" width=\"64\" height=\"19\">Marchena<\/td>\n<td class=\"xl64\" style=\"width: 11.1948%; height: 14px;\" width=\"64\">135.8<\/td>\n<td class=\"xl64\" style=\"width: 10.1184%; height: 14px;\" width=\"64\">57<\/td>\n<td class=\"xl65\" style=\"width: 7.41445%; height: 14px;\" width=\"64\">14:09<\/td>\n<td class=\"xl65\" style=\"width: 7.11881%; height: 14px;\" width=\"64\">14:13<\/td>\n<td class=\"xl65\" style=\"width: 7.1029%; height: 14px;\" width=\"64\">14:18<\/td>\n<\/tr>\n<tr style=\"height: 14px;\">\n<td class=\"xl70\" style=\"height: 14px; width: 56.9429%;\" width=\"64\" height=\"19\">Padul<\/td>\n<td class=\"xl69\" style=\"width: 11.1948%; height: 14px;\" width=\"64\">131.8<\/td>\n<td class=\"xl69\" style=\"width: 10.1184%; height: 14px;\" width=\"64\">61<\/td>\n<td class=\"xl71\" style=\"width: 7.41445%; height: 14px;\" width=\"64\">14:14<\/td>\n<td class=\"xl71\" style=\"width: 7.11881%; height: 14px;\" width=\"64\">14:18<\/td>\n<td class=\"xl71\" style=\"width: 7.1029%; height: 14px;\" width=\"64\">14:24<\/td>\n<\/tr>\n<tr style=\"height: 38px;\">\n<td class=\"xl63\" style=\"height: 38px; width: 56.9429%;\" width=\"64\" height=\"51\">Cruce izquierda direcci\u00f3n Granada<\/td>\n<td class=\"xl64\" style=\"width: 11.1948%; height: 38px;\" width=\"64\">129.2<\/td>\n<td class=\"xl64\" style=\"width: 10.1184%; height: 38px;\" width=\"64\">63.6<\/td>\n<td class=\"xl65\" style=\"width: 7.41445%; height: 38px;\" width=\"64\">14:18<\/td>\n<td class=\"xl65\" style=\"width: 7.11881%; height: 38px;\" width=\"64\">14:23<\/td>\n<td class=\"xl65\" style=\"width: 7.1029%; height: 38px;\" width=\"64\">14:28<\/td>\n<\/tr>\n<tr style=\"height: 30px;\">\n<td class=\"xl70\" style=\"height: 30px; width: 56.9429%;\" width=\"64\" height=\"77\">Rotonda izquierda, rotonda recto direcci\u00f3n Otivar<\/td>\n<td class=\"xl69\" style=\"width: 11.1948%; height: 30px;\" width=\"64\">127<\/td>\n<td class=\"xl69\" style=\"width: 10.1184%; height: 30px;\" width=\"64\">65.8<\/td>\n<td class=\"xl71\" style=\"width: 7.41445%; height: 30px;\" width=\"64\">14:21<\/td>\n<td class=\"xl71\" style=\"width: 7.11881%; height: 30px;\" width=\"64\">14:26<\/td>\n<td class=\"xl71\" style=\"width: 7.1029%; height: 30px;\" width=\"64\">14:32<\/td>\n<\/tr>\n<tr style=\"height: 19px;\">\n<td class=\"xl63\" style=\"height: 19px; width: 56.9429%;\" width=\"64\" height=\"26\">Comienza puerto<\/td>\n<td class=\"xl64\" style=\"width: 11.1948%; height: 19px;\" width=\"64\">125<\/td>\n<td class=\"xl64\" style=\"width: 10.1184%; height: 19px;\" width=\"64\">67.8<\/td>\n<td class=\"xl65\" style=\"width: 7.41445%; height: 19px;\" width=\"64\">14:24<\/td>\n<td class=\"xl65\" style=\"width: 7.11881%; height: 19px;\" width=\"64\">14:29<\/td>\n<td class=\"xl65\" style=\"width: 7.1029%; height: 19px;\" width=\"64\">14:35<\/td>\n<\/tr>\n<tr style=\"height: 38px;\">\n<td class=\"xl73\" style=\"height: 38px; width: 56.9429%;\" width=\"64\" height=\"51\">PM 3\u00aa Alto del Legionario<\/td>\n<td class=\"xl72\" style=\"width: 11.1948%; height: 38px;\" width=\"64\">109.4<\/td>\n<td class=\"xl72\" style=\"width: 10.1184%; height: 38px;\" width=\"64\">83.4<\/td>\n<td class=\"xl74\" style=\"width: 7.41445%; height: 38px;\" width=\"64\">14:52<\/td>\n<td class=\"xl74\" style=\"width: 7.11881%; height: 38px;\" width=\"64\">14:58<\/td>\n<td class=\"xl74\" style=\"width: 7.1029%; height: 38px;\" width=\"64\">15:06<\/td>\n<\/tr>\n<tr style=\"height: 14px;\">\n<td class=\"xl63\" style=\"height: 14px; width: 56.9429%;\" width=\"64\" height=\"19\">Jayena<\/td>\n<td class=\"xl64\" style=\"width: 11.1948%; height: 14px;\" width=\"64\">99.8<\/td>\n<td class=\"xl64\" style=\"width: 10.1184%; height: 14px;\" width=\"64\">93<\/td>\n<td class=\"xl65\" style=\"width: 7.41445%; height: 14px;\" width=\"64\">15:01<\/td>\n<td class=\"xl65\" style=\"width: 7.11881%; height: 14px;\" width=\"64\">15:09<\/td>\n<td class=\"xl65\" style=\"width: 7.1029%; height: 14px;\" width=\"64\">15:16<\/td>\n<\/tr>\n<tr style=\"height: 35px;\">\n<td class=\"xl70\" style=\"height: 35px; width: 56.9429%;\" width=\"64\" height=\"77\">Cruce recto direcci\u00f3n Arenas del Rey, Jatar<\/td>\n<td class=\"xl69\" style=\"width: 11.1948%; height: 35px;\" width=\"64\">95.7<\/td>\n<td class=\"xl69\" style=\"width: 10.1184%; height: 35px;\" width=\"64\">97.1<\/td>\n<td class=\"xl71\" style=\"width: 7.41445%; height: 35px;\" width=\"64\">15:06<\/td>\n<td class=\"xl71\" style=\"width: 7.11881%; height: 35px;\" width=\"64\">15:13<\/td>\n<td class=\"xl71\" style=\"width: 7.1029%; height: 35px;\" width=\"64\">15:21<\/td>\n<\/tr>\n<tr style=\"height: 41px;\">\n<td class=\"xl63\" style=\"height: 41px; width: 56.9429%;\" width=\"64\" height=\"90\">Cruce izquierda direcci\u00f3n Pantano de los Bermejales<\/td>\n<td class=\"xl64\" style=\"width: 11.1948%; height: 41px;\" width=\"64\">92.2<\/td>\n<td class=\"xl64\" style=\"width: 10.1184%; height: 41px;\" width=\"64\">100.6<\/td>\n<td class=\"xl65\" style=\"width: 7.41445%; height: 41px;\" width=\"64\">15:12<\/td>\n<td class=\"xl65\" style=\"width: 7.11881%; height: 41px;\" width=\"64\">15:19<\/td>\n<td class=\"xl65\" style=\"width: 7.1029%; height: 41px;\" width=\"64\">15:28<\/td>\n<\/tr>\n<tr style=\"height: 48px;\">\n<td class=\"xl70\" style=\"height: 48px; width: 56.9429%;\" width=\"64\" height=\"115\">Pantano de los Bermejales, cruce izquierda direcci\u00f3n Alhama de Granada<\/td>\n<td class=\"xl69\" style=\"width: 11.1948%; height: 48px;\" width=\"64\">88.5<\/td>\n<td class=\"xl69\" style=\"width: 10.1184%; height: 48px;\" width=\"64\">104.3<\/td>\n<td class=\"xl71\" style=\"width: 7.41445%; height: 48px;\" width=\"64\">15:16<\/td>\n<td class=\"xl71\" style=\"width: 7.11881%; height: 48px;\" width=\"64\">15:24<\/td>\n<td class=\"xl71\" style=\"width: 7.1029%; height: 48px;\" width=\"64\">15:33<\/td>\n<\/tr>\n<tr style=\"height: 38px;\">\n<td class=\"xl63\" style=\"height: 38px; width: 56.9429%;\" width=\"64\" height=\"51\">Cruce derecha direcci\u00f3n Cac\u00edn<\/td>\n<td class=\"xl64\" style=\"width: 11.1948%; height: 38px;\" width=\"64\">81.1<\/td>\n<td class=\"xl64\" style=\"width: 10.1184%; height: 38px;\" width=\"64\">111.7<\/td>\n<td class=\"xl65\" style=\"width: 7.41445%; height: 38px;\" width=\"64\">15:28<\/td>\n<td class=\"xl65\" style=\"width: 7.11881%; height: 38px;\" width=\"64\">15:37<\/td>\n<td class=\"xl65\" style=\"width: 7.1029%; height: 38px;\" width=\"64\">15:46<\/td>\n<\/tr>\n<tr style=\"height: 38px;\">\n<td class=\"xl70\" style=\"height: 38px; width: 56.9429%;\" width=\"64\" height=\"51\">Cruce recto direcci\u00f3n El Turro<\/td>\n<td class=\"xl69\" style=\"width: 11.1948%; height: 38px;\" width=\"64\">75<\/td>\n<td class=\"xl69\" style=\"width: 10.1184%; height: 38px;\" width=\"64\">117.8<\/td>\n<td class=\"xl71\" style=\"width: 7.41445%; height: 38px;\" width=\"64\">15:34<\/td>\n<td class=\"xl71\" style=\"width: 7.11881%; height: 38px;\" width=\"64\">15:43<\/td>\n<td class=\"xl71\" style=\"width: 7.1029%; height: 38px;\" width=\"64\">15:52<\/td>\n<\/tr>\n<tr style=\"height: 14px;\">\n<td class=\"xl63\" style=\"height: 14px; width: 56.9429%;\" width=\"64\" height=\"19\">El Turro<\/td>\n<td class=\"xl64\" style=\"width: 11.1948%; height: 14px;\" width=\"64\">64.9<\/td>\n<td class=\"xl64\" style=\"width: 10.1184%; height: 14px;\" width=\"64\">127.9<\/td>\n<td class=\"xl65\" style=\"width: 7.41445%; height: 14px;\" width=\"64\">15:46<\/td>\n<td class=\"xl65\" style=\"width: 7.11881%; height: 14px;\" width=\"64\">15:56<\/td>\n<td class=\"xl65\" style=\"width: 7.1029%; height: 14px;\" width=\"64\">16:06<\/td>\n<\/tr>\n<tr style=\"height: 57px;\">\n<td class=\"xl70\" style=\"height: 57px; width: 56.9429%;\" width=\"64\" height=\"77\">Cruce derecha direcci\u00f3n Alcala la Real, Granada<\/td>\n<td class=\"xl69\" style=\"width: 11.1948%; height: 57px;\" width=\"64\">61.4<\/td>\n<td class=\"xl69\" style=\"width: 10.1184%; height: 57px;\" width=\"64\">131.4<\/td>\n<td class=\"xl71\" style=\"width: 7.41445%; height: 57px;\" width=\"64\">15:51<\/td>\n<td class=\"xl71\" style=\"width: 7.11881%; height: 57px;\" width=\"64\">16:00<\/td>\n<td class=\"xl71\" style=\"width: 7.1029%; height: 57px;\" width=\"64\">16:11<\/td>\n<\/tr>\n<tr style=\"height: 57px;\">\n<td class=\"xl63\" style=\"height: 57px; width: 56.9429%;\" width=\"64\" height=\"77\">Rotonda izquierda direcci\u00f3n Montefrio, Alcala la Real<\/td>\n<td class=\"xl64\" style=\"width: 11.1948%; height: 57px;\" width=\"64\">57.6<\/td>\n<td class=\"xl64\" style=\"width: 10.1184%; height: 57px;\" width=\"64\">135.2<\/td>\n<td class=\"xl65\" style=\"width: 7.41445%; height: 57px;\" width=\"64\">15:56<\/td>\n<td class=\"xl65\" style=\"width: 7.11881%; height: 57px;\" width=\"64\">16:06<\/td>\n<td class=\"xl65\" style=\"width: 7.1029%; height: 57px;\" width=\"64\">16:16<\/td>\n<\/tr>\n<tr style=\"height: 48px;\">\n<td class=\"xl70\" style=\"height: 48px; width: 56.9429%;\" width=\"64\" height=\"64\">Loreto cruce derecha direcci\u00f3n Br\u00e1cana<\/td>\n<td class=\"xl69\" style=\"width: 11.1948%; height: 48px;\" width=\"64\">56.8<\/td>\n<td class=\"xl69\" style=\"width: 10.1184%; height: 48px;\" width=\"64\">136<\/td>\n<td class=\"xl71\" style=\"width: 7.41445%; height: 48px;\" width=\"64\">15:57<\/td>\n<td class=\"xl71\" style=\"width: 7.11881%; height: 48px;\" width=\"64\">16:07<\/td>\n<td class=\"xl71\" style=\"width: 7.1029%; height: 48px;\" width=\"64\">16:07<\/td>\n<\/tr>\n<tr style=\"height: 14px;\">\n<td class=\"xl63\" style=\"height: 14px; width: 56.9429%;\" width=\"64\" height=\"19\">Br\u00e1cana<\/td>\n<td class=\"xl64\" style=\"width: 11.1948%; height: 14px;\" width=\"64\">51.3<\/td>\n<td class=\"xl64\" style=\"width: 10.1184%; height: 14px;\" width=\"64\">141.5<\/td>\n<td class=\"xl65\" style=\"width: 7.41445%; height: 14px;\" width=\"64\">16:05<\/td>\n<td class=\"xl65\" style=\"width: 7.11881%; height: 14px;\" width=\"64\">16:15<\/td>\n<td class=\"xl65\" style=\"width: 7.1029%; height: 14px;\" width=\"64\">16:27<\/td>\n<\/tr>\n<tr style=\"height: 14px;\">\n<td class=\"xl76\" style=\"height: 14px; width: 56.9429%;\" width=\"64\" height=\"19\">Toc\u00f3n<\/td>\n<td class=\"xl75\" style=\"width: 11.1948%; height: 14px;\" width=\"64\">47.8<\/td>\n<td class=\"xl75\" style=\"width: 10.1184%; height: 14px;\" width=\"64\">145<\/td>\n<td class=\"xl77\" style=\"width: 7.41445%; height: 14px;\" width=\"64\">16:10<\/td>\n<td class=\"xl77\" style=\"width: 7.11881%; height: 14px;\" width=\"64\">16:20<\/td>\n<td class=\"xl77\" style=\"width: 7.1029%; height: 14px;\" width=\"64\">16:32<\/td>\n<\/tr>\n<tr style=\"height: 19px;\">\n<td class=\"xl63\" style=\"height: 19px; width: 56.9429%;\" width=\"64\" height=\"26\">Comienza puerto<\/td>\n<td class=\"xl64\" style=\"width: 11.1948%; height: 19px;\" width=\"64\">44.8<\/td>\n<td class=\"xl64\" style=\"width: 10.1184%; height: 19px;\" width=\"64\">148<\/td>\n<td class=\"xl65\" style=\"width: 7.41445%; height: 19px;\" width=\"64\">16:14<\/td>\n<td class=\"xl65\" style=\"width: 7.11881%; height: 19px;\" width=\"64\">16:25<\/td>\n<td class=\"xl65\" style=\"width: 7.1029%; height: 19px;\" width=\"64\">16:37<\/td>\n<\/tr>\n<tr style=\"height: 28px;\">\n<td class=\"xl73\" style=\"height: 28px; width: 56.9429%;\" width=\"64\" height=\"38\">PM 2\u00aa Puerto de Granada<\/td>\n<td class=\"xl72\" style=\"width: 11.1948%; height: 28px;\" width=\"64\">37.4<\/td>\n<td class=\"xl72\" style=\"width: 10.1184%; height: 28px;\" width=\"64\">155.4<\/td>\n<td class=\"xl74\" style=\"width: 7.41445%; height: 28px;\" width=\"64\">16:30<\/td>\n<td class=\"xl74\" style=\"width: 7.11881%; height: 28px;\" width=\"64\">16:42<\/td>\n<td class=\"xl74\" style=\"width: 7.1029%; height: 28px;\" width=\"64\">16:55<\/td>\n<\/tr>\n<tr style=\"height: 14px;\">\n<td class=\"xl63\" style=\"height: 14px; width: 56.9429%;\" width=\"64\" height=\"19\">Montefrio<\/td>\n<td class=\"xl64\" style=\"width: 11.1948%; height: 14px;\" width=\"64\">33.3<\/td>\n<td class=\"xl64\" style=\"width: 10.1184%; height: 14px;\" width=\"64\">159.5<\/td>\n<td class=\"xl65\" style=\"width: 7.41445%; height: 14px;\" width=\"64\">16:35<\/td>\n<td class=\"xl65\" style=\"width: 7.11881%; height: 14px;\" width=\"64\">16:46<\/td>\n<td class=\"xl65\" style=\"width: 7.1029%; height: 14px;\" width=\"64\">16:59<\/td>\n<\/tr>\n<tr style=\"height: 29px;\">\n<td class=\"xl70\" style=\"height: 29px; width: 56.9429%;\" width=\"64\" height=\"64\">Cruce recto direcci\u00f3n Algarinejo<\/td>\n<td class=\"xl69\" style=\"width: 11.1948%; height: 29px;\" width=\"64\">31.9<\/td>\n<td class=\"xl69\" style=\"width: 10.1184%; height: 29px;\" width=\"64\">160.9<\/td>\n<td class=\"xl71\" style=\"width: 7.41445%; height: 29px;\" width=\"64\">16:36<\/td>\n<td class=\"xl71\" style=\"width: 7.11881%; height: 29px;\" width=\"64\">16:48<\/td>\n<td class=\"xl71\" style=\"width: 7.1029%; height: 29px;\" width=\"64\">17:01<\/td>\n<\/tr>\n<tr style=\"height: 48px;\">\n<td class=\"xl63\" style=\"height: 48px; width: 56.9429%;\" width=\"64\" height=\"64\">Cruce izquierda direcci\u00f3n Huetor-Tajar<\/td>\n<td class=\"xl64\" style=\"width: 11.1948%; height: 48px;\" width=\"64\">27.6<\/td>\n<td class=\"xl64\" style=\"width: 10.1184%; height: 48px;\" width=\"64\">165.2<\/td>\n<td class=\"xl65\" style=\"width: 7.41445%; height: 48px;\" width=\"64\">16:41<\/td>\n<td class=\"xl65\" style=\"width: 7.11881%; height: 48px;\" width=\"64\">16:53<\/td>\n<td class=\"xl65\" style=\"width: 7.1029%; height: 48px;\" width=\"64\">17:06<\/td>\n<\/tr>\n<tr style=\"height: 19px;\">\n<td class=\"xl70\" style=\"height: 19px; width: 56.9429%;\" width=\"64\" height=\"26\">La Fabrica<\/td>\n<td class=\"xl69\" style=\"width: 11.1948%; height: 19px;\" width=\"64\">14.5<\/td>\n<td class=\"xl69\" style=\"width: 10.1184%; height: 19px;\" width=\"64\">178.3<\/td>\n<td class=\"xl71\" style=\"width: 7.41445%; height: 19px;\" width=\"64\">16:57<\/td>\n<td class=\"xl71\" style=\"width: 7.11881%; height: 19px;\" width=\"64\">17:10<\/td>\n<td class=\"xl71\" style=\"width: 7.1029%; height: 19px;\" width=\"64\">17:24<\/td>\n<\/tr>\n<tr style=\"height: 32px;\">\n<td class=\"xl63\" style=\"height: 32px; width: 56.9429%;\" width=\"64\" height=\"90\">Huetor-Tajar rotonda y cruce derecha direcci\u00f3n Loja<\/td>\n<td class=\"xl64\" style=\"width: 11.1948%; height: 32px;\" width=\"64\">11.9<\/td>\n<td class=\"xl64\" style=\"width: 10.1184%; height: 32px;\" width=\"64\">180.9<\/td>\n<td class=\"xl65\" style=\"width: 7.41445%; height: 32px;\" width=\"64\">17:00<\/td>\n<td class=\"xl65\" style=\"width: 7.11881%; height: 32px;\" width=\"64\">17:13<\/td>\n<td class=\"xl65\" style=\"width: 7.1029%; height: 32px;\" width=\"64\">17:27<\/td>\n<\/tr>\n<tr style=\"height: 38px;\">\n<td class=\"xl70\" style=\"height: 38px; width: 56.9429%;\" width=\"64\" height=\"51\">Rotonda izquierda direcci\u00f3n Loja<\/td>\n<td class=\"xl69\" style=\"width: 11.1948%; height: 38px;\" width=\"64\">1.7<\/td>\n<td class=\"xl69\" style=\"width: 10.1184%; height: 38px;\" width=\"64\">191.1<\/td>\n<td class=\"xl71\" style=\"width: 7.41445%; height: 38px;\" width=\"64\">17:13<\/td>\n<td class=\"xl71\" style=\"width: 7.11881%; height: 38px;\" width=\"64\">17:27<\/td>\n<td class=\"xl71\" style=\"width: 7.1029%; height: 38px;\" width=\"64\">17:42<\/td>\n<\/tr>\n<tr style=\"height: 28px;\">\n<td class=\"xl63\" style=\"height: 28px; width: 56.9429%;\" width=\"64\" height=\"90\">Meta Loja Avda. Rafael P\u00e9rez del \u00c1lamo, Avda. de Andalucia<\/td>\n<td class=\"xl64\" style=\"width: 11.1948%; height: 28px;\" width=\"64\">0<\/td>\n<td class=\"xl64\" style=\"width: 10.1184%; height: 28px;\" width=\"64\">192.8<\/td>\n<td class=\"xl65\" style=\"width: 7.41445%; height: 28px;\" width=\"64\">17:16<\/td>\n<td class=\"xl65\" style=\"width: 7.11881%; height: 28px;\" width=\"64\">17:30<\/td>\n<td class=\"xl65\" style=\"width: 7.1029%; height: 28px;\" width=\"64\">17:45<\/td>\n<\/tr>\n<\/tbody>\n<\/table>\n","protected":false},"excerpt":{"rendered":"<p>Quella di venerd\u00ec 4 settembre sar\u00e0 una giornata, sulla carta, tutta per i fuggiviti a #LaVuelta26. <\/p>\n","protected":false},"author":25,"featured_media":391448,"comment_status":"open","ping_status":"closed","sticky":false,"template":"","format":"standard","meta":{"footnotes":"","_members_access_role":[],"_members_access_error":""},"categories":[14,21,25],"tags":[5752],"class_list":["post-393462","post","type-post","status-publish","format-standard","has-post-thumbnail","hentry","category-presentazione-corse","category-vetrina","category-worldtour","tag-vuelta-a-espana-2026"],"yoast_head":"<!-- This site is optimized with the Yoast SEO plugin v28.4 - https:\/\/yoast.com\/product\/yoast-seo-wordpress\/ -->\n<title>Vuelta a Espa\u00f1a 2026, Presentazione Percorso e Favoriti Tredicesima Tappa: Almu\u00f1\u00e9car - Loja (192,8 km) - SpazioCiclismo<\/title>\n<meta name=\"robots\" content=\"index, follow, max-snippet:-1, max-image-preview:large, max-video-preview:-1\" \/>\n<link rel=\"canonical\" href=\"https:\/\/cyclingpro.net\/spaziociclismo\/presentazione-corse\/vuelta-a-espana-2026-presentazione-percorso-e-favoriti-tredicesima-tappa-almunecar-loja-1928-km\/\" \/>\n<meta property=\"og:locale\" content=\"it_IT\" \/>\n<meta property=\"og:type\" content=\"article\" \/>\n<meta property=\"og:title\" content=\"Vuelta a Espa\u00f1a 2026, Presentazione Percorso e Favoriti Tredicesima Tappa: Almu\u00f1\u00e9car - Loja (192,8 km) - SpazioCiclismo\" \/>\n<meta property=\"og:description\" content=\"Quella di venerd\u00ec 4 settembre sar\u00e0 una giornata, sulla carta, tutta per i fuggiviti a #LaVuelta26.\" \/>\n<meta property=\"og:url\" content=\"https:\/\/cyclingpro.net\/spaziociclismo\/presentazione-corse\/vuelta-a-espana-2026-presentazione-percorso-e-favoriti-tredicesima-tappa-almunecar-loja-1928-km\/\" \/>\n<meta property=\"og:site_name\" content=\"SpazioCiclismo\" \/>\n<meta property=\"article:publisher\" content=\"https:\/\/www.facebook.com\/SpazioCiclismo\/\" \/>\n<meta property=\"article:published_time\" content=\"2026-09-03T19:00:05+00:00\" \/>\n<meta property=\"og:image\" content=\"https:\/\/cyclingpro.net\/spaziociclismo\/wp-content\/uploads\/2026\/08\/Vuelta-a-Espana-2026-Tappa-13-Altimetria-Def.jpg\" \/>\n\t<meta property=\"og:image:width\" content=\"1600\" \/>\n\t<meta property=\"og:image:height\" content=\"750\" \/>\n\t<meta property=\"og:image:type\" content=\"image\/jpeg\" \/>\n<meta name=\"author\" content=\"Francesco Mitola\" \/>\n<meta name=\"twitter:card\" content=\"summary_large_image\" \/>\n<meta name=\"twitter:creator\" content=\"@spaziociclismo\" \/>\n<meta name=\"twitter:site\" content=\"@spaziociclismo\" \/>\n<meta name=\"twitter:label1\" content=\"Scritto da\" \/>\n\t<meta name=\"twitter:data1\" content=\"Francesco Mitola\" \/>\n\t<meta name=\"twitter:label2\" content=\"Tempo di lettura stimato\" \/>\n\t<meta name=\"twitter:data2\" content=\"10 minuti\" \/>\n<script type=\"application\/ld+json\" class=\"yoast-schema-graph\">{\"@context\":\"https:\\\/\\\/schema.org\",\"@graph\":[{\"@type\":\"Article\",\"@id\":\"https:\\\/\\\/cyclingpro.net\\\/spaziociclismo\\\/presentazione-corse\\\/vuelta-a-espana-2026-presentazione-percorso-e-favoriti-tredicesima-tappa-almunecar-loja-1928-km\\\/#article\",\"isPartOf\":{\"@id\":\"https:\\\/\\\/cyclingpro.net\\\/spaziociclismo\\\/presentazione-corse\\\/vuelta-a-espana-2026-presentazione-percorso-e-favoriti-tredicesima-tappa-almunecar-loja-1928-km\\\/\"},\"author\":{\"name\":\"Francesco Mitola\",\"@id\":\"https:\\\/\\\/cyclingpro.net\\\/spaziociclismo\\\/#\\\/schema\\\/person\\\/627dbc08c9712c25304b059bbb765de8\"},\"headline\":\"Vuelta a Espa\u00f1a 2026, Presentazione Percorso e Favoriti Tredicesima Tappa: Almu\u00f1\u00e9car &#8211; Loja (192,8 km)\",\"datePublished\":\"2026-09-03T19:00:05+00:00\",\"mainEntityOfPage\":{\"@id\":\"https:\\\/\\\/cyclingpro.net\\\/spaziociclismo\\\/presentazione-corse\\\/vuelta-a-espana-2026-presentazione-percorso-e-favoriti-tredicesima-tappa-almunecar-loja-1928-km\\\/\"},\"wordCount\":1569,\"commentCount\":0,\"publisher\":{\"@id\":\"https:\\\/\\\/cyclingpro.net\\\/spaziociclismo\\\/#organization\"},\"image\":{\"@id\":\"https:\\\/\\\/cyclingpro.net\\\/spaziociclismo\\\/presentazione-corse\\\/vuelta-a-espana-2026-presentazione-percorso-e-favoriti-tredicesima-tappa-almunecar-loja-1928-km\\\/#primaryimage\"},\"thumbnailUrl\":\"https:\\\/\\\/cyclingpro.net\\\/spaziociclismo\\\/wp-content\\\/uploads\\\/2026\\\/08\\\/Vuelta-a-Espana-2026-Tappa-13-Altimetria-Def.jpg\",\"keywords\":[\"Vuelta a Espa\u00f1a 2026\"],\"articleSection\":[\"Presentazione Corse\",\"Vetrina\",\"WorldTour\"],\"inLanguage\":\"it-IT\",\"potentialAction\":[{\"@type\":\"CommentAction\",\"name\":\"Comment\",\"target\":[\"https:\\\/\\\/cyclingpro.net\\\/spaziociclismo\\\/presentazione-corse\\\/vuelta-a-espana-2026-presentazione-percorso-e-favoriti-tredicesima-tappa-almunecar-loja-1928-km\\\/#respond\"]}]},{\"@type\":\"WebPage\",\"@id\":\"https:\\\/\\\/cyclingpro.net\\\/spaziociclismo\\\/presentazione-corse\\\/vuelta-a-espana-2026-presentazione-percorso-e-favoriti-tredicesima-tappa-almunecar-loja-1928-km\\\/\",\"url\":\"https:\\\/\\\/cyclingpro.net\\\/spaziociclismo\\\/presentazione-corse\\\/vuelta-a-espana-2026-presentazione-percorso-e-favoriti-tredicesima-tappa-almunecar-loja-1928-km\\\/\",\"name\":\"Vuelta a Espa\u00f1a 2026, Presentazione Percorso e Favoriti Tredicesima Tappa: Almu\u00f1\u00e9car - Loja (192,8 km) - SpazioCiclismo\",\"isPartOf\":{\"@id\":\"https:\\\/\\\/cyclingpro.net\\\/spaziociclismo\\\/#website\"},\"primaryImageOfPage\":{\"@id\":\"https:\\\/\\\/cyclingpro.net\\\/spaziociclismo\\\/presentazione-corse\\\/vuelta-a-espana-2026-presentazione-percorso-e-favoriti-tredicesima-tappa-almunecar-loja-1928-km\\\/#primaryimage\"},\"image\":{\"@id\":\"https:\\\/\\\/cyclingpro.net\\\/spaziociclismo\\\/presentazione-corse\\\/vuelta-a-espana-2026-presentazione-percorso-e-favoriti-tredicesima-tappa-almunecar-loja-1928-km\\\/#primaryimage\"},\"thumbnailUrl\":\"https:\\\/\\\/cyclingpro.net\\\/spaziociclismo\\\/wp-content\\\/uploads\\\/2026\\\/08\\\/Vuelta-a-Espana-2026-Tappa-13-Altimetria-Def.jpg\",\"datePublished\":\"2026-09-03T19:00:05+00:00\",\"breadcrumb\":{\"@id\":\"https:\\\/\\\/cyclingpro.net\\\/spaziociclismo\\\/presentazione-corse\\\/vuelta-a-espana-2026-presentazione-percorso-e-favoriti-tredicesima-tappa-almunecar-loja-1928-km\\\/#breadcrumb\"},\"inLanguage\":\"it-IT\",\"potentialAction\":[{\"@type\":\"ReadAction\",\"target\":[\"https:\\\/\\\/cyclingpro.net\\\/spaziociclismo\\\/presentazione-corse\\\/vuelta-a-espana-2026-presentazione-percorso-e-favoriti-tredicesima-tappa-almunecar-loja-1928-km\\\/\"]}]},{\"@type\":\"ImageObject\",\"inLanguage\":\"it-IT\",\"@id\":\"https:\\\/\\\/cyclingpro.net\\\/spaziociclismo\\\/presentazione-corse\\\/vuelta-a-espana-2026-presentazione-percorso-e-favoriti-tredicesima-tappa-almunecar-loja-1928-km\\\/#primaryimage\",\"url\":\"https:\\\/\\\/cyclingpro.net\\\/spaziociclismo\\\/wp-content\\\/uploads\\\/2026\\\/08\\\/Vuelta-a-Espana-2026-Tappa-13-Altimetria-Def.jpg\",\"contentUrl\":\"https:\\\/\\\/cyclingpro.net\\\/spaziociclismo\\\/wp-content\\\/uploads\\\/2026\\\/08\\\/Vuelta-a-Espana-2026-Tappa-13-Altimetria-Def.jpg\",\"width\":1600,\"height\":750},{\"@type\":\"BreadcrumbList\",\"@id\":\"https:\\\/\\\/cyclingpro.net\\\/spaziociclismo\\\/presentazione-corse\\\/vuelta-a-espana-2026-presentazione-percorso-e-favoriti-tredicesima-tappa-almunecar-loja-1928-km\\\/#breadcrumb\",\"itemListElement\":[{\"@type\":\"ListItem\",\"position\":1,\"name\":\"Home\",\"item\":\"https:\\\/\\\/cyclingpro.net\\\/spaziociclismo\\\/\"},{\"@type\":\"ListItem\",\"position\":2,\"name\":\"Vuelta a Espa\u00f1a 2026, Presentazione Percorso e Favoriti Tredicesima Tappa: Almu\u00f1\u00e9car &#8211; Loja (192,8 km)\"}]},{\"@type\":\"WebSite\",\"@id\":\"https:\\\/\\\/cyclingpro.net\\\/spaziociclismo\\\/#website\",\"url\":\"https:\\\/\\\/cyclingpro.net\\\/spaziociclismo\\\/\",\"name\":\"SpazioCiclismo\",\"description\":\"Tutto il ciclismo minuto per minuto\",\"publisher\":{\"@id\":\"https:\\\/\\\/cyclingpro.net\\\/spaziociclismo\\\/#organization\"},\"potentialAction\":[{\"@type\":\"SearchAction\",\"target\":{\"@type\":\"EntryPoint\",\"urlTemplate\":\"https:\\\/\\\/cyclingpro.net\\\/spaziociclismo\\\/?s={search_term_string}\"},\"query-input\":{\"@type\":\"PropertyValueSpecification\",\"valueRequired\":true,\"valueName\":\"search_term_string\"}}],\"inLanguage\":\"it-IT\"},{\"@type\":\"Organization\",\"@id\":\"https:\\\/\\\/cyclingpro.net\\\/spaziociclismo\\\/#organization\",\"name\":\"SpazioCiclismo\",\"url\":\"https:\\\/\\\/cyclingpro.net\\\/spaziociclismo\\\/\",\"logo\":{\"@type\":\"ImageObject\",\"inLanguage\":\"it-IT\",\"@id\":\"https:\\\/\\\/cyclingpro.net\\\/spaziociclismo\\\/#\\\/schema\\\/logo\\\/image\\\/\",\"url\":\"https:\\\/\\\/cyclingpro.net\\\/spaziociclismo\\\/wp-content\\\/uploads\\\/2017\\\/02\\\/SpazioCiclismo-Logo-Quadrato.png\",\"contentUrl\":\"https:\\\/\\\/cyclingpro.net\\\/spaziociclismo\\\/wp-content\\\/uploads\\\/2017\\\/02\\\/SpazioCiclismo-Logo-Quadrato.png\",\"width\":450,\"height\":450,\"caption\":\"SpazioCiclismo\"},\"image\":{\"@id\":\"https:\\\/\\\/cyclingpro.net\\\/spaziociclismo\\\/#\\\/schema\\\/logo\\\/image\\\/\"},\"sameAs\":[\"https:\\\/\\\/www.facebook.com\\\/SpazioCiclismo\\\/\",\"https:\\\/\\\/x.com\\\/spaziociclismo\",\"https:\\\/\\\/www.instagram.com\\\/spaziociclismo\\\/\"]},{\"@type\":\"Person\",\"@id\":\"https:\\\/\\\/cyclingpro.net\\\/spaziociclismo\\\/#\\\/schema\\\/person\\\/627dbc08c9712c25304b059bbb765de8\",\"name\":\"Francesco Mitola\",\"image\":{\"@type\":\"ImageObject\",\"inLanguage\":\"it-IT\",\"@id\":\"https:\\\/\\\/secure.gravatar.com\\\/avatar\\\/dc58a640368550cd17129d2ff185eec5cb2821b7c3403fc06dcaca847ae762d3?s=96&d=mm&r=g\",\"url\":\"https:\\\/\\\/secure.gravatar.com\\\/avatar\\\/dc58a640368550cd17129d2ff185eec5cb2821b7c3403fc06dcaca847ae762d3?s=96&d=mm&r=g\",\"contentUrl\":\"https:\\\/\\\/secure.gravatar.com\\\/avatar\\\/dc58a640368550cd17129d2ff185eec5cb2821b7c3403fc06dcaca847ae762d3?s=96&d=mm&r=g\",\"caption\":\"Francesco Mitola\"},\"url\":\"https:\\\/\\\/cyclingpro.net\\\/spaziociclismo\\\/author\\\/fmitola\\\/\"}]}<\/script>\n<!-- \/ Yoast SEO plugin. -->","yoast_head_json":{"title":"Vuelta a Espa\u00f1a 2026, Presentazione Percorso e Favoriti Tredicesima Tappa: Almu\u00f1\u00e9car - Loja (192,8 km) - SpazioCiclismo","robots":{"index":"index","follow":"follow","max-snippet":"max-snippet:-1","max-image-preview":"max-image-preview:large","max-video-preview":"max-video-preview:-1"},"canonical":"https:\/\/cyclingpro.net\/spaziociclismo\/presentazione-corse\/vuelta-a-espana-2026-presentazione-percorso-e-favoriti-tredicesima-tappa-almunecar-loja-1928-km\/","og_locale":"it_IT","og_type":"article","og_title":"Vuelta a Espa\u00f1a 2026, Presentazione Percorso e Favoriti Tredicesima Tappa: Almu\u00f1\u00e9car - Loja (192,8 km) - SpazioCiclismo","og_description":"Quella di venerd\u00ec 4 settembre sar\u00e0 una giornata, sulla carta, tutta per i fuggiviti a #LaVuelta26.","og_url":"https:\/\/cyclingpro.net\/spaziociclismo\/presentazione-corse\/vuelta-a-espana-2026-presentazione-percorso-e-favoriti-tredicesima-tappa-almunecar-loja-1928-km\/","og_site_name":"SpazioCiclismo","article_publisher":"https:\/\/www.facebook.com\/SpazioCiclismo\/","article_published_time":"2026-09-03T19:00:05+00:00","og_image":[{"width":1600,"height":750,"url":"https:\/\/cyclingpro.net\/spaziociclismo\/wp-content\/uploads\/2026\/08\/Vuelta-a-Espana-2026-Tappa-13-Altimetria-Def.jpg","type":"image\/jpeg"}],"author":"Francesco Mitola","twitter_card":"summary_large_image","twitter_creator":"@spaziociclismo","twitter_site":"@spaziociclismo","twitter_misc":{"Scritto da":"Francesco Mitola","Tempo di lettura stimato":"10 minuti"},"schema":{"@context":"https:\/\/schema.org","@graph":[{"@type":"Article","@id":"https:\/\/cyclingpro.net\/spaziociclismo\/presentazione-corse\/vuelta-a-espana-2026-presentazione-percorso-e-favoriti-tredicesima-tappa-almunecar-loja-1928-km\/#article","isPartOf":{"@id":"https:\/\/cyclingpro.net\/spaziociclismo\/presentazione-corse\/vuelta-a-espana-2026-presentazione-percorso-e-favoriti-tredicesima-tappa-almunecar-loja-1928-km\/"},"author":{"name":"Francesco Mitola","@id":"https:\/\/cyclingpro.net\/spaziociclismo\/#\/schema\/person\/627dbc08c9712c25304b059bbb765de8"},"headline":"Vuelta a Espa\u00f1a 2026, Presentazione Percorso e Favoriti Tredicesima Tappa: Almu\u00f1\u00e9car &#8211; Loja (192,8 km)","datePublished":"2026-09-03T19:00:05+00:00","mainEntityOfPage":{"@id":"https:\/\/cyclingpro.net\/spaziociclismo\/presentazione-corse\/vuelta-a-espana-2026-presentazione-percorso-e-favoriti-tredicesima-tappa-almunecar-loja-1928-km\/"},"wordCount":1569,"commentCount":0,"publisher":{"@id":"https:\/\/cyclingpro.net\/spaziociclismo\/#organization"},"image":{"@id":"https:\/\/cyclingpro.net\/spaziociclismo\/presentazione-corse\/vuelta-a-espana-2026-presentazione-percorso-e-favoriti-tredicesima-tappa-almunecar-loja-1928-km\/#primaryimage"},"thumbnailUrl":"https:\/\/cyclingpro.net\/spaziociclismo\/wp-content\/uploads\/2026\/08\/Vuelta-a-Espana-2026-Tappa-13-Altimetria-Def.jpg","keywords":["Vuelta a Espa\u00f1a 2026"],"articleSection":["Presentazione Corse","Vetrina","WorldTour"],"inLanguage":"it-IT","potentialAction":[{"@type":"CommentAction","name":"Comment","target":["https:\/\/cyclingpro.net\/spaziociclismo\/presentazione-corse\/vuelta-a-espana-2026-presentazione-percorso-e-favoriti-tredicesima-tappa-almunecar-loja-1928-km\/#respond"]}]},{"@type":"WebPage","@id":"https:\/\/cyclingpro.net\/spaziociclismo\/presentazione-corse\/vuelta-a-espana-2026-presentazione-percorso-e-favoriti-tredicesima-tappa-almunecar-loja-1928-km\/","url":"https:\/\/cyclingpro.net\/spaziociclismo\/presentazione-corse\/vuelta-a-espana-2026-presentazione-percorso-e-favoriti-tredicesima-tappa-almunecar-loja-1928-km\/","name":"Vuelta a Espa\u00f1a 2026, Presentazione Percorso e Favoriti Tredicesima Tappa: Almu\u00f1\u00e9car - Loja (192,8 km) - SpazioCiclismo","isPartOf":{"@id":"https:\/\/cyclingpro.net\/spaziociclismo\/#website"},"primaryImageOfPage":{"@id":"https:\/\/cyclingpro.net\/spaziociclismo\/presentazione-corse\/vuelta-a-espana-2026-presentazione-percorso-e-favoriti-tredicesima-tappa-almunecar-loja-1928-km\/#primaryimage"},"image":{"@id":"https:\/\/cyclingpro.net\/spaziociclismo\/presentazione-corse\/vuelta-a-espana-2026-presentazione-percorso-e-favoriti-tredicesima-tappa-almunecar-loja-1928-km\/#primaryimage"},"thumbnailUrl":"https:\/\/cyclingpro.net\/spaziociclismo\/wp-content\/uploads\/2026\/08\/Vuelta-a-Espana-2026-Tappa-13-Altimetria-Def.jpg","datePublished":"2026-09-03T19:00:05+00:00","breadcrumb":{"@id":"https:\/\/cyclingpro.net\/spaziociclismo\/presentazione-corse\/vuelta-a-espana-2026-presentazione-percorso-e-favoriti-tredicesima-tappa-almunecar-loja-1928-km\/#breadcrumb"},"inLanguage":"it-IT","potentialAction":[{"@type":"ReadAction","target":["https:\/\/cyclingpro.net\/spaziociclismo\/presentazione-corse\/vuelta-a-espana-2026-presentazione-percorso-e-favoriti-tredicesima-tappa-almunecar-loja-1928-km\/"]}]},{"@type":"ImageObject","inLanguage":"it-IT","@id":"https:\/\/cyclingpro.net\/spaziociclismo\/presentazione-corse\/vuelta-a-espana-2026-presentazione-percorso-e-favoriti-tredicesima-tappa-almunecar-loja-1928-km\/#primaryimage","url":"https:\/\/cyclingpro.net\/spaziociclismo\/wp-content\/uploads\/2026\/08\/Vuelta-a-Espana-2026-Tappa-13-Altimetria-Def.jpg","contentUrl":"https:\/\/cyclingpro.net\/spaziociclismo\/wp-content\/uploads\/2026\/08\/Vuelta-a-Espana-2026-Tappa-13-Altimetria-Def.jpg","width":1600,"height":750},{"@type":"BreadcrumbList","@id":"https:\/\/cyclingpro.net\/spaziociclismo\/presentazione-corse\/vuelta-a-espana-2026-presentazione-percorso-e-favoriti-tredicesima-tappa-almunecar-loja-1928-km\/#breadcrumb","itemListElement":[{"@type":"ListItem","position":1,"name":"Home","item":"https:\/\/cyclingpro.net\/spaziociclismo\/"},{"@type":"ListItem","position":2,"name":"Vuelta a Espa\u00f1a 2026, Presentazione Percorso e Favoriti Tredicesima Tappa: Almu\u00f1\u00e9car &#8211; Loja (192,8 km)"}]},{"@type":"WebSite","@id":"https:\/\/cyclingpro.net\/spaziociclismo\/#website","url":"https:\/\/cyclingpro.net\/spaziociclismo\/","name":"SpazioCiclismo","description":"Tutto il ciclismo minuto per minuto","publisher":{"@id":"https:\/\/cyclingpro.net\/spaziociclismo\/#organization"},"potentialAction":[{"@type":"SearchAction","target":{"@type":"EntryPoint","urlTemplate":"https:\/\/cyclingpro.net\/spaziociclismo\/?s={search_term_string}"},"query-input":{"@type":"PropertyValueSpecification","valueRequired":true,"valueName":"search_term_string"}}],"inLanguage":"it-IT"},{"@type":"Organization","@id":"https:\/\/cyclingpro.net\/spaziociclismo\/#organization","name":"SpazioCiclismo","url":"https:\/\/cyclingpro.net\/spaziociclismo\/","logo":{"@type":"ImageObject","inLanguage":"it-IT","@id":"https:\/\/cyclingpro.net\/spaziociclismo\/#\/schema\/logo\/image\/","url":"https:\/\/cyclingpro.net\/spaziociclismo\/wp-content\/uploads\/2017\/02\/SpazioCiclismo-Logo-Quadrato.png","contentUrl":"https:\/\/cyclingpro.net\/spaziociclismo\/wp-content\/uploads\/2017\/02\/SpazioCiclismo-Logo-Quadrato.png","width":450,"height":450,"caption":"SpazioCiclismo"},"image":{"@id":"https:\/\/cyclingpro.net\/spaziociclismo\/#\/schema\/logo\/image\/"},"sameAs":["https:\/\/www.facebook.com\/SpazioCiclismo\/","https:\/\/x.com\/spaziociclismo","https:\/\/www.instagram.com\/spaziociclismo\/"]},{"@type":"Person","@id":"https:\/\/cyclingpro.net\/spaziociclismo\/#\/schema\/person\/627dbc08c9712c25304b059bbb765de8","name":"Francesco Mitola","image":{"@type":"ImageObject","inLanguage":"it-IT","@id":"https:\/\/secure.gravatar.com\/avatar\/dc58a640368550cd17129d2ff185eec5cb2821b7c3403fc06dcaca847ae762d3?s=96&d=mm&r=g","url":"https:\/\/secure.gravatar.com\/avatar\/dc58a640368550cd17129d2ff185eec5cb2821b7c3403fc06dcaca847ae762d3?s=96&d=mm&r=g","contentUrl":"https:\/\/secure.gravatar.com\/avatar\/dc58a640368550cd17129d2ff185eec5cb2821b7c3403fc06dcaca847ae762d3?s=96&d=mm&r=g","caption":"Francesco Mitola"},"url":"https:\/\/cyclingpro.net\/spaziociclismo\/author\/fmitola\/"}]}},"_links":{"self":[{"href":"https:\/\/cyclingpro.net\/spaziociclismo\/wp-json\/wp\/v2\/posts\/393462","targetHints":{"allow":["GET"]}}],"collection":[{"href":"https:\/\/cyclingpro.net\/spaziociclismo\/wp-json\/wp\/v2\/posts"}],"about":[{"href":"https:\/\/cyclingpro.net\/spaziociclismo\/wp-json\/wp\/v2\/types\/post"}],"author":[{"embeddable":true,"href":"https:\/\/cyclingpro.net\/spaziociclismo\/wp-json\/wp\/v2\/users\/25"}],"replies":[{"embeddable":true,"href":"https:\/\/cyclingpro.net\/spaziociclismo\/wp-json\/wp\/v2\/comments?post=393462"}],"version-history":[{"count":10,"href":"https:\/\/cyclingpro.net\/spaziociclismo\/wp-json\/wp\/v2\/posts\/393462\/revisions"}],"predecessor-version":[{"id":393567,"href":"https:\/\/cyclingpro.net\/spaziociclismo\/wp-json\/wp\/v2\/posts\/393462\/revisions\/393567"}],"wp:featuredmedia":[{"embeddable":true,"href":"https:\/\/cyclingpro.net\/spaziociclismo\/wp-json\/wp\/v2\/media\/391448"}],"wp:attachment":[{"href":"https:\/\/cyclingpro.net\/spaziociclismo\/wp-json\/wp\/v2\/media?parent=393462"}],"wp:term":[{"taxonomy":"category","embeddable":true,"href":"https:\/\/cyclingpro.net\/spaziociclismo\/wp-json\/wp\/v2\/categories?post=393462"},{"taxonomy":"post_tag","embeddable":true,"href":"https:\/\/cyclingpro.net\/spaziociclismo\/wp-json\/wp\/v2\/tags?post=393462"}],"curies":[{"name":"wp","href":"https:\/\/api.w.org\/{rel}","templated":true}]}}