{"id":393447,"date":"2026-09-03T12:15:23","date_gmt":"2026-09-03T10:15:23","guid":{"rendered":"https:\/\/cyclingpro.net\/spaziociclismo\/?p=393447"},"modified":"2026-09-03T12:15:23","modified_gmt":"2026-09-03T10:15:23","slug":"mondiali-montreal-2026-il-medico-della-nazionale-slovena-ritiene-improbabile-la-presenza-di-tadej-pogacar","status":"publish","type":"post","link":"https:\/\/cyclingpro.net\/spaziociclismo\/montreal-2026\/mondiali-montreal-2026-il-medico-della-nazionale-slovena-ritiene-improbabile-la-presenza-di-tadej-pogacar\/","title":{"rendered":"Mondiali Montr\u00e9al 2026, il medico della Nazionale slovena ritiene &#8220;improbabile&#8221; la presenza di Tadej Poga\u010dar"},"content":{"rendered":"<p><strong>Tadej Poga\u010dar<\/strong> ha da poco lasciato la clinica privata di Barcellona dove \u00e8 stato operato chirurgicamente per rimediare alla frattura della clavicola sinistra riportata<a href=\"https:\/\/cyclingpro.net\/spaziociclismo\/vuelta-2026\/vuelta-a-espana-2026-il-bilancio-medico-di-tadej-pogacar-trauma-cranico-frattura-della-clavicola-e-di-una-vertebra\/\" target=\"_blank\" rel=\"noopener\"> durante la tappa numero 8 della <strong>Vuelta a Espa\u00f1a 2026<\/strong><\/a>. Lo sloveno, che era in testa alla classifica generale del Grande Giro spagnolo, ha lasciato la corsa riportando anche una commozione cerebrale e un&#8217;infrazione alla settima vertebra cervicale. L&#8217;operazione, condotta dal chirurgo <strong>Xavier Mir,<\/strong> si \u00e8 svolta senza complicazioni ed al campione sloveno sono state inserite anche delle viti per stabilizzare la clavicola, in vista poi di un successivo intervento di rimozione.<\/p>\n<p>Ora Poga\u010dar si trasferir\u00e0 a Montecarlo, dove risiede, per iniziare il processo di recupero, che peraltro \u00e8 oggetto di grande dibattito in questi giorni, soprattutto perch\u00e9 all&#8217;orizzonte ci sarebbero due grandi appuntamenti, molto sentiti dallo stesso corridore, ovvero il <strong>Mondiale di Montr\u00e9al 2026<\/strong> (prova in linea prevista per domenica 27 settembre) e l&#8217;<strong>Europeo di Ljubljana 2026,<\/strong> quindi sulle strade di casa, la cui gara in linea \u00e8 in calendario per domenica 4 ottobre.<\/p>\n<p>Quali possibilit\u00e0 ci sono che Poga\u010dar possa esserci, almeno in uno dei due appuntamenti? &#8220;<strong>Il fatto che Tadej possa tornare in gara nel giro di un mese non \u00e8 realistico<\/strong> &#8211; le parole del medico della Nazionale della Slovenia, <strong>Kri\u0161tof Knap<\/strong>, riportate da <a href=\"https:\/\/www.rtvslo.si\/enostavno\/sport\/pogacar-po-operaciji-ze-zapustil-bolnisnico\/792670\" target=\"_blank\" rel=\"noopener\"><em>RTVslo<\/em><\/a> &#8211; \u00c8 importante che possa completare il percorso di recupero senza affrettare i tempi, anche perch\u00e9 Poga\u010dar ha tanti anni di carriera ancora davanti&#8221;.<\/p>\n<p>Secondo quel che riporta la testata slovena, nella giornata di domani &#8211; venerd\u00ec &#8211; il bi-iridato in carica incontrer\u00e0 il suo agente, <strong>Alex Carera,<\/strong> per decidere il da farsi. Da questo incontro dovrebbero poi seguire comunicazioni ufficiali in merito al rientro alle gare di Poga\u010dar.<\/p>\n","protected":false},"excerpt":{"rendered":"<p>Fra 24 giorni c&#8217;\u00e8 #Montr\u00e9al2026 e una settimana pi\u00f9 in l\u00e0 c&#8217;\u00e8 #Ljubljana2026: saranno gare senza il grande favorito? <\/p>\n","protected":false},"author":25,"featured_media":311451,"comment_status":"open","ping_status":"closed","sticky":false,"template":"","format":"standard","meta":{"footnotes":"","_members_access_role":[],"_members_access_error":""},"categories":[5356,21],"tags":[4770,2166],"class_list":["post-393447","post","type-post","status-publish","format-standard","has-post-thumbnail","hentry","category-montreal-2026","category-vetrina","tag-mondiali-montreal-2026","tag-tadej-pogacar"],"yoast_head":"<!-- This site is optimized with the Yoast SEO plugin v28.4 - https:\/\/yoast.com\/product\/yoast-seo-wordpress\/ -->\n<title>Mondiali Montr\u00e9al 2026, il medico della Nazionale slovena ritiene &quot;improbabile&quot; la presenza di Tadej Poga\u010dar - SpazioCiclismo<\/title>\n<meta name=\"robots\" content=\"index, follow, max-snippet:-1, max-image-preview:large, max-video-preview:-1\" \/>\n<link rel=\"canonical\" href=\"https:\/\/cyclingpro.net\/spaziociclismo\/montreal-2026\/mondiali-montreal-2026-il-medico-della-nazionale-slovena-ritiene-improbabile-la-presenza-di-tadej-pogacar\/\" \/>\n<meta property=\"og:locale\" content=\"it_IT\" \/>\n<meta property=\"og:type\" content=\"article\" \/>\n<meta property=\"og:title\" content=\"Mondiali Montr\u00e9al 2026, il medico della Nazionale slovena ritiene &quot;improbabile&quot; la presenza di Tadej Poga\u010dar - SpazioCiclismo\" \/>\n<meta property=\"og:description\" content=\"Fra 24 giorni c&#039;\u00e8 #Montr\u00e9al2026 e una settimana pi\u00f9 in l\u00e0 c&#039;\u00e8 #Ljubljana2026: saranno gare senza il grande favorito?\" \/>\n<meta property=\"og:url\" content=\"https:\/\/cyclingpro.net\/spaziociclismo\/montreal-2026\/mondiali-montreal-2026-il-medico-della-nazionale-slovena-ritiene-improbabile-la-presenza-di-tadej-pogacar\/\" \/>\n<meta property=\"og:site_name\" content=\"SpazioCiclismo\" \/>\n<meta property=\"article:publisher\" content=\"https:\/\/www.facebook.com\/SpazioCiclismo\/\" \/>\n<meta property=\"article:published_time\" content=\"2026-09-03T10:15:23+00:00\" \/>\n<meta property=\"og:image\" content=\"https:\/\/cyclingpro.net\/spaziociclismo\/wp-content\/uploads\/2024\/09\/Tadej-Pogacar-Prova-in-Linea-Uomini-elite-Mondiali-Zurigo-2024.jpg\" \/>\n\t<meta property=\"og:image:width\" content=\"1200\" \/>\n\t<meta property=\"og:image:height\" content=\"800\" \/>\n\t<meta property=\"og:image:type\" content=\"image\/jpeg\" \/>\n<meta name=\"author\" content=\"Francesco Mitola\" \/>\n<meta name=\"twitter:card\" content=\"summary_large_image\" \/>\n<meta name=\"twitter:creator\" content=\"@spaziociclismo\" \/>\n<meta name=\"twitter:site\" content=\"@spaziociclismo\" \/>\n<meta name=\"twitter:label1\" content=\"Scritto da\" \/>\n\t<meta name=\"twitter:data1\" content=\"Francesco Mitola\" \/>\n\t<meta name=\"twitter:label2\" content=\"Tempo di lettura stimato\" \/>\n\t<meta name=\"twitter:data2\" content=\"2 minuti\" \/>\n<script type=\"application\/ld+json\" class=\"yoast-schema-graph\">{\"@context\":\"https:\\\/\\\/schema.org\",\"@graph\":[{\"@type\":\"Article\",\"@id\":\"https:\\\/\\\/cyclingpro.net\\\/spaziociclismo\\\/montreal-2026\\\/mondiali-montreal-2026-il-medico-della-nazionale-slovena-ritiene-improbabile-la-presenza-di-tadej-pogacar\\\/#article\",\"isPartOf\":{\"@id\":\"https:\\\/\\\/cyclingpro.net\\\/spaziociclismo\\\/montreal-2026\\\/mondiali-montreal-2026-il-medico-della-nazionale-slovena-ritiene-improbabile-la-presenza-di-tadej-pogacar\\\/\"},\"author\":{\"name\":\"Francesco Mitola\",\"@id\":\"https:\\\/\\\/cyclingpro.net\\\/spaziociclismo\\\/#\\\/schema\\\/person\\\/627dbc08c9712c25304b059bbb765de8\"},\"headline\":\"Mondiali Montr\u00e9al 2026, il medico della Nazionale slovena ritiene &#8220;improbabile&#8221; la presenza di Tadej Poga\u010dar\",\"datePublished\":\"2026-09-03T10:15:23+00:00\",\"mainEntityOfPage\":{\"@id\":\"https:\\\/\\\/cyclingpro.net\\\/spaziociclismo\\\/montreal-2026\\\/mondiali-montreal-2026-il-medico-della-nazionale-slovena-ritiene-improbabile-la-presenza-di-tadej-pogacar\\\/\"},\"wordCount\":298,\"commentCount\":0,\"publisher\":{\"@id\":\"https:\\\/\\\/cyclingpro.net\\\/spaziociclismo\\\/#organization\"},\"image\":{\"@id\":\"https:\\\/\\\/cyclingpro.net\\\/spaziociclismo\\\/montreal-2026\\\/mondiali-montreal-2026-il-medico-della-nazionale-slovena-ritiene-improbabile-la-presenza-di-tadej-pogacar\\\/#primaryimage\"},\"thumbnailUrl\":\"https:\\\/\\\/cyclingpro.net\\\/spaziociclismo\\\/wp-content\\\/uploads\\\/2024\\\/09\\\/Tadej-Pogacar-Prova-in-Linea-Uomini-elite-Mondiali-Zurigo-2024.jpg\",\"keywords\":[\"Mondiali Montr\u00e9al 2026\",\"Tadej Poga\u010dar\"],\"articleSection\":[\"Montr\u00e9al 2026\",\"Vetrina\"],\"inLanguage\":\"it-IT\",\"potentialAction\":[{\"@type\":\"CommentAction\",\"name\":\"Comment\",\"target\":[\"https:\\\/\\\/cyclingpro.net\\\/spaziociclismo\\\/montreal-2026\\\/mondiali-montreal-2026-il-medico-della-nazionale-slovena-ritiene-improbabile-la-presenza-di-tadej-pogacar\\\/#respond\"]}]},{\"@type\":\"WebPage\",\"@id\":\"https:\\\/\\\/cyclingpro.net\\\/spaziociclismo\\\/montreal-2026\\\/mondiali-montreal-2026-il-medico-della-nazionale-slovena-ritiene-improbabile-la-presenza-di-tadej-pogacar\\\/\",\"url\":\"https:\\\/\\\/cyclingpro.net\\\/spaziociclismo\\\/montreal-2026\\\/mondiali-montreal-2026-il-medico-della-nazionale-slovena-ritiene-improbabile-la-presenza-di-tadej-pogacar\\\/\",\"name\":\"Mondiali Montr\u00e9al 2026, il medico della Nazionale slovena ritiene \\\"improbabile\\\" la presenza di Tadej Poga\u010dar - SpazioCiclismo\",\"isPartOf\":{\"@id\":\"https:\\\/\\\/cyclingpro.net\\\/spaziociclismo\\\/#website\"},\"primaryImageOfPage\":{\"@id\":\"https:\\\/\\\/cyclingpro.net\\\/spaziociclismo\\\/montreal-2026\\\/mondiali-montreal-2026-il-medico-della-nazionale-slovena-ritiene-improbabile-la-presenza-di-tadej-pogacar\\\/#primaryimage\"},\"image\":{\"@id\":\"https:\\\/\\\/cyclingpro.net\\\/spaziociclismo\\\/montreal-2026\\\/mondiali-montreal-2026-il-medico-della-nazionale-slovena-ritiene-improbabile-la-presenza-di-tadej-pogacar\\\/#primaryimage\"},\"thumbnailUrl\":\"https:\\\/\\\/cyclingpro.net\\\/spaziociclismo\\\/wp-content\\\/uploads\\\/2024\\\/09\\\/Tadej-Pogacar-Prova-in-Linea-Uomini-elite-Mondiali-Zurigo-2024.jpg\",\"datePublished\":\"2026-09-03T10:15:23+00:00\",\"breadcrumb\":{\"@id\":\"https:\\\/\\\/cyclingpro.net\\\/spaziociclismo\\\/montreal-2026\\\/mondiali-montreal-2026-il-medico-della-nazionale-slovena-ritiene-improbabile-la-presenza-di-tadej-pogacar\\\/#breadcrumb\"},\"inLanguage\":\"it-IT\",\"potentialAction\":[{\"@type\":\"ReadAction\",\"target\":[\"https:\\\/\\\/cyclingpro.net\\\/spaziociclismo\\\/montreal-2026\\\/mondiali-montreal-2026-il-medico-della-nazionale-slovena-ritiene-improbabile-la-presenza-di-tadej-pogacar\\\/\"]}]},{\"@type\":\"ImageObject\",\"inLanguage\":\"it-IT\",\"@id\":\"https:\\\/\\\/cyclingpro.net\\\/spaziociclismo\\\/montreal-2026\\\/mondiali-montreal-2026-il-medico-della-nazionale-slovena-ritiene-improbabile-la-presenza-di-tadej-pogacar\\\/#primaryimage\",\"url\":\"https:\\\/\\\/cyclingpro.net\\\/spaziociclismo\\\/wp-content\\\/uploads\\\/2024\\\/09\\\/Tadej-Pogacar-Prova-in-Linea-Uomini-elite-Mondiali-Zurigo-2024.jpg\",\"contentUrl\":\"https:\\\/\\\/cyclingpro.net\\\/spaziociclismo\\\/wp-content\\\/uploads\\\/2024\\\/09\\\/Tadej-Pogacar-Prova-in-Linea-Uomini-elite-Mondiali-Zurigo-2024.jpg\",\"width\":1200,\"height\":800,\"caption\":\"\u00a9 UCI\"},{\"@type\":\"BreadcrumbList\",\"@id\":\"https:\\\/\\\/cyclingpro.net\\\/spaziociclismo\\\/montreal-2026\\\/mondiali-montreal-2026-il-medico-della-nazionale-slovena-ritiene-improbabile-la-presenza-di-tadej-pogacar\\\/#breadcrumb\",\"itemListElement\":[{\"@type\":\"ListItem\",\"position\":1,\"name\":\"Home\",\"item\":\"https:\\\/\\\/cyclingpro.net\\\/spaziociclismo\\\/\"},{\"@type\":\"ListItem\",\"position\":2,\"name\":\"Mondiali Montr\u00e9al 2026, il medico della Nazionale slovena ritiene &#8220;improbabile&#8221; la presenza di Tadej Poga\u010dar\"}]},{\"@type\":\"WebSite\",\"@id\":\"https:\\\/\\\/cyclingpro.net\\\/spaziociclismo\\\/#website\",\"url\":\"https:\\\/\\\/cyclingpro.net\\\/spaziociclismo\\\/\",\"name\":\"SpazioCiclismo\",\"description\":\"Tutto il ciclismo minuto per minuto\",\"publisher\":{\"@id\":\"https:\\\/\\\/cyclingpro.net\\\/spaziociclismo\\\/#organization\"},\"potentialAction\":[{\"@type\":\"SearchAction\",\"target\":{\"@type\":\"EntryPoint\",\"urlTemplate\":\"https:\\\/\\\/cyclingpro.net\\\/spaziociclismo\\\/?s={search_term_string}\"},\"query-input\":{\"@type\":\"PropertyValueSpecification\",\"valueRequired\":true,\"valueName\":\"search_term_string\"}}],\"inLanguage\":\"it-IT\"},{\"@type\":\"Organization\",\"@id\":\"https:\\\/\\\/cyclingpro.net\\\/spaziociclismo\\\/#organization\",\"name\":\"SpazioCiclismo\",\"url\":\"https:\\\/\\\/cyclingpro.net\\\/spaziociclismo\\\/\",\"logo\":{\"@type\":\"ImageObject\",\"inLanguage\":\"it-IT\",\"@id\":\"https:\\\/\\\/cyclingpro.net\\\/spaziociclismo\\\/#\\\/schema\\\/logo\\\/image\\\/\",\"url\":\"https:\\\/\\\/cyclingpro.net\\\/spaziociclismo\\\/wp-content\\\/uploads\\\/2017\\\/02\\\/SpazioCiclismo-Logo-Quadrato.png\",\"contentUrl\":\"https:\\\/\\\/cyclingpro.net\\\/spaziociclismo\\\/wp-content\\\/uploads\\\/2017\\\/02\\\/SpazioCiclismo-Logo-Quadrato.png\",\"width\":450,\"height\":450,\"caption\":\"SpazioCiclismo\"},\"image\":{\"@id\":\"https:\\\/\\\/cyclingpro.net\\\/spaziociclismo\\\/#\\\/schema\\\/logo\\\/image\\\/\"},\"sameAs\":[\"https:\\\/\\\/www.facebook.com\\\/SpazioCiclismo\\\/\",\"https:\\\/\\\/x.com\\\/spaziociclismo\",\"https:\\\/\\\/www.instagram.com\\\/spaziociclismo\\\/\"]},{\"@type\":\"Person\",\"@id\":\"https:\\\/\\\/cyclingpro.net\\\/spaziociclismo\\\/#\\\/schema\\\/person\\\/627dbc08c9712c25304b059bbb765de8\",\"name\":\"Francesco Mitola\",\"image\":{\"@type\":\"ImageObject\",\"inLanguage\":\"it-IT\",\"@id\":\"https:\\\/\\\/secure.gravatar.com\\\/avatar\\\/dc58a640368550cd17129d2ff185eec5cb2821b7c3403fc06dcaca847ae762d3?s=96&d=mm&r=g\",\"url\":\"https:\\\/\\\/secure.gravatar.com\\\/avatar\\\/dc58a640368550cd17129d2ff185eec5cb2821b7c3403fc06dcaca847ae762d3?s=96&d=mm&r=g\",\"contentUrl\":\"https:\\\/\\\/secure.gravatar.com\\\/avatar\\\/dc58a640368550cd17129d2ff185eec5cb2821b7c3403fc06dcaca847ae762d3?s=96&d=mm&r=g\",\"caption\":\"Francesco Mitola\"},\"url\":\"https:\\\/\\\/cyclingpro.net\\\/spaziociclismo\\\/author\\\/fmitola\\\/\"}]}<\/script>\n<!-- \/ Yoast SEO plugin. -->","yoast_head_json":{"title":"Mondiali Montr\u00e9al 2026, il medico della Nazionale slovena ritiene \"improbabile\" la presenza di Tadej Poga\u010dar - SpazioCiclismo","robots":{"index":"index","follow":"follow","max-snippet":"max-snippet:-1","max-image-preview":"max-image-preview:large","max-video-preview":"max-video-preview:-1"},"canonical":"https:\/\/cyclingpro.net\/spaziociclismo\/montreal-2026\/mondiali-montreal-2026-il-medico-della-nazionale-slovena-ritiene-improbabile-la-presenza-di-tadej-pogacar\/","og_locale":"it_IT","og_type":"article","og_title":"Mondiali Montr\u00e9al 2026, il medico della Nazionale slovena ritiene \"improbabile\" la presenza di Tadej Poga\u010dar - SpazioCiclismo","og_description":"Fra 24 giorni c'\u00e8 #Montr\u00e9al2026 e una settimana pi\u00f9 in l\u00e0 c'\u00e8 #Ljubljana2026: saranno gare senza il grande favorito?","og_url":"https:\/\/cyclingpro.net\/spaziociclismo\/montreal-2026\/mondiali-montreal-2026-il-medico-della-nazionale-slovena-ritiene-improbabile-la-presenza-di-tadej-pogacar\/","og_site_name":"SpazioCiclismo","article_publisher":"https:\/\/www.facebook.com\/SpazioCiclismo\/","article_published_time":"2026-09-03T10:15:23+00:00","og_image":[{"width":1200,"height":800,"url":"https:\/\/cyclingpro.net\/spaziociclismo\/wp-content\/uploads\/2024\/09\/Tadej-Pogacar-Prova-in-Linea-Uomini-elite-Mondiali-Zurigo-2024.jpg","type":"image\/jpeg"}],"author":"Francesco Mitola","twitter_card":"summary_large_image","twitter_creator":"@spaziociclismo","twitter_site":"@spaziociclismo","twitter_misc":{"Scritto da":"Francesco Mitola","Tempo di lettura stimato":"2 minuti"},"schema":{"@context":"https:\/\/schema.org","@graph":[{"@type":"Article","@id":"https:\/\/cyclingpro.net\/spaziociclismo\/montreal-2026\/mondiali-montreal-2026-il-medico-della-nazionale-slovena-ritiene-improbabile-la-presenza-di-tadej-pogacar\/#article","isPartOf":{"@id":"https:\/\/cyclingpro.net\/spaziociclismo\/montreal-2026\/mondiali-montreal-2026-il-medico-della-nazionale-slovena-ritiene-improbabile-la-presenza-di-tadej-pogacar\/"},"author":{"name":"Francesco Mitola","@id":"https:\/\/cyclingpro.net\/spaziociclismo\/#\/schema\/person\/627dbc08c9712c25304b059bbb765de8"},"headline":"Mondiali Montr\u00e9al 2026, il medico della Nazionale slovena ritiene &#8220;improbabile&#8221; la presenza di Tadej Poga\u010dar","datePublished":"2026-09-03T10:15:23+00:00","mainEntityOfPage":{"@id":"https:\/\/cyclingpro.net\/spaziociclismo\/montreal-2026\/mondiali-montreal-2026-il-medico-della-nazionale-slovena-ritiene-improbabile-la-presenza-di-tadej-pogacar\/"},"wordCount":298,"commentCount":0,"publisher":{"@id":"https:\/\/cyclingpro.net\/spaziociclismo\/#organization"},"image":{"@id":"https:\/\/cyclingpro.net\/spaziociclismo\/montreal-2026\/mondiali-montreal-2026-il-medico-della-nazionale-slovena-ritiene-improbabile-la-presenza-di-tadej-pogacar\/#primaryimage"},"thumbnailUrl":"https:\/\/cyclingpro.net\/spaziociclismo\/wp-content\/uploads\/2024\/09\/Tadej-Pogacar-Prova-in-Linea-Uomini-elite-Mondiali-Zurigo-2024.jpg","keywords":["Mondiali Montr\u00e9al 2026","Tadej Poga\u010dar"],"articleSection":["Montr\u00e9al 2026","Vetrina"],"inLanguage":"it-IT","potentialAction":[{"@type":"CommentAction","name":"Comment","target":["https:\/\/cyclingpro.net\/spaziociclismo\/montreal-2026\/mondiali-montreal-2026-il-medico-della-nazionale-slovena-ritiene-improbabile-la-presenza-di-tadej-pogacar\/#respond"]}]},{"@type":"WebPage","@id":"https:\/\/cyclingpro.net\/spaziociclismo\/montreal-2026\/mondiali-montreal-2026-il-medico-della-nazionale-slovena-ritiene-improbabile-la-presenza-di-tadej-pogacar\/","url":"https:\/\/cyclingpro.net\/spaziociclismo\/montreal-2026\/mondiali-montreal-2026-il-medico-della-nazionale-slovena-ritiene-improbabile-la-presenza-di-tadej-pogacar\/","name":"Mondiali Montr\u00e9al 2026, il medico della Nazionale slovena ritiene \"improbabile\" la presenza di Tadej Poga\u010dar - SpazioCiclismo","isPartOf":{"@id":"https:\/\/cyclingpro.net\/spaziociclismo\/#website"},"primaryImageOfPage":{"@id":"https:\/\/cyclingpro.net\/spaziociclismo\/montreal-2026\/mondiali-montreal-2026-il-medico-della-nazionale-slovena-ritiene-improbabile-la-presenza-di-tadej-pogacar\/#primaryimage"},"image":{"@id":"https:\/\/cyclingpro.net\/spaziociclismo\/montreal-2026\/mondiali-montreal-2026-il-medico-della-nazionale-slovena-ritiene-improbabile-la-presenza-di-tadej-pogacar\/#primaryimage"},"thumbnailUrl":"https:\/\/cyclingpro.net\/spaziociclismo\/wp-content\/uploads\/2024\/09\/Tadej-Pogacar-Prova-in-Linea-Uomini-elite-Mondiali-Zurigo-2024.jpg","datePublished":"2026-09-03T10:15:23+00:00","breadcrumb":{"@id":"https:\/\/cyclingpro.net\/spaziociclismo\/montreal-2026\/mondiali-montreal-2026-il-medico-della-nazionale-slovena-ritiene-improbabile-la-presenza-di-tadej-pogacar\/#breadcrumb"},"inLanguage":"it-IT","potentialAction":[{"@type":"ReadAction","target":["https:\/\/cyclingpro.net\/spaziociclismo\/montreal-2026\/mondiali-montreal-2026-il-medico-della-nazionale-slovena-ritiene-improbabile-la-presenza-di-tadej-pogacar\/"]}]},{"@type":"ImageObject","inLanguage":"it-IT","@id":"https:\/\/cyclingpro.net\/spaziociclismo\/montreal-2026\/mondiali-montreal-2026-il-medico-della-nazionale-slovena-ritiene-improbabile-la-presenza-di-tadej-pogacar\/#primaryimage","url":"https:\/\/cyclingpro.net\/spaziociclismo\/wp-content\/uploads\/2024\/09\/Tadej-Pogacar-Prova-in-Linea-Uomini-elite-Mondiali-Zurigo-2024.jpg","contentUrl":"https:\/\/cyclingpro.net\/spaziociclismo\/wp-content\/uploads\/2024\/09\/Tadej-Pogacar-Prova-in-Linea-Uomini-elite-Mondiali-Zurigo-2024.jpg","width":1200,"height":800,"caption":"\u00a9 UCI"},{"@type":"BreadcrumbList","@id":"https:\/\/cyclingpro.net\/spaziociclismo\/montreal-2026\/mondiali-montreal-2026-il-medico-della-nazionale-slovena-ritiene-improbabile-la-presenza-di-tadej-pogacar\/#breadcrumb","itemListElement":[{"@type":"ListItem","position":1,"name":"Home","item":"https:\/\/cyclingpro.net\/spaziociclismo\/"},{"@type":"ListItem","position":2,"name":"Mondiali Montr\u00e9al 2026, il medico della Nazionale slovena ritiene &#8220;improbabile&#8221; la presenza di Tadej Poga\u010dar"}]},{"@type":"WebSite","@id":"https:\/\/cyclingpro.net\/spaziociclismo\/#website","url":"https:\/\/cyclingpro.net\/spaziociclismo\/","name":"SpazioCiclismo","description":"Tutto il ciclismo minuto per minuto","publisher":{"@id":"https:\/\/cyclingpro.net\/spaziociclismo\/#organization"},"potentialAction":[{"@type":"SearchAction","target":{"@type":"EntryPoint","urlTemplate":"https:\/\/cyclingpro.net\/spaziociclismo\/?s={search_term_string}"},"query-input":{"@type":"PropertyValueSpecification","valueRequired":true,"valueName":"search_term_string"}}],"inLanguage":"it-IT"},{"@type":"Organization","@id":"https:\/\/cyclingpro.net\/spaziociclismo\/#organization","name":"SpazioCiclismo","url":"https:\/\/cyclingpro.net\/spaziociclismo\/","logo":{"@type":"ImageObject","inLanguage":"it-IT","@id":"https:\/\/cyclingpro.net\/spaziociclismo\/#\/schema\/logo\/image\/","url":"https:\/\/cyclingpro.net\/spaziociclismo\/wp-content\/uploads\/2017\/02\/SpazioCiclismo-Logo-Quadrato.png","contentUrl":"https:\/\/cyclingpro.net\/spaziociclismo\/wp-content\/uploads\/2017\/02\/SpazioCiclismo-Logo-Quadrato.png","width":450,"height":450,"caption":"SpazioCiclismo"},"image":{"@id":"https:\/\/cyclingpro.net\/spaziociclismo\/#\/schema\/logo\/image\/"},"sameAs":["https:\/\/www.facebook.com\/SpazioCiclismo\/","https:\/\/x.com\/spaziociclismo","https:\/\/www.instagram.com\/spaziociclismo\/"]},{"@type":"Person","@id":"https:\/\/cyclingpro.net\/spaziociclismo\/#\/schema\/person\/627dbc08c9712c25304b059bbb765de8","name":"Francesco Mitola","image":{"@type":"ImageObject","inLanguage":"it-IT","@id":"https:\/\/secure.gravatar.com\/avatar\/dc58a640368550cd17129d2ff185eec5cb2821b7c3403fc06dcaca847ae762d3?s=96&d=mm&r=g","url":"https:\/\/secure.gravatar.com\/avatar\/dc58a640368550cd17129d2ff185eec5cb2821b7c3403fc06dcaca847ae762d3?s=96&d=mm&r=g","contentUrl":"https:\/\/secure.gravatar.com\/avatar\/dc58a640368550cd17129d2ff185eec5cb2821b7c3403fc06dcaca847ae762d3?s=96&d=mm&r=g","caption":"Francesco Mitola"},"url":"https:\/\/cyclingpro.net\/spaziociclismo\/author\/fmitola\/"}]}},"_links":{"self":[{"href":"https:\/\/cyclingpro.net\/spaziociclismo\/wp-json\/wp\/v2\/posts\/393447","targetHints":{"allow":["GET"]}}],"collection":[{"href":"https:\/\/cyclingpro.net\/spaziociclismo\/wp-json\/wp\/v2\/posts"}],"about":[{"href":"https:\/\/cyclingpro.net\/spaziociclismo\/wp-json\/wp\/v2\/types\/post"}],"author":[{"embeddable":true,"href":"https:\/\/cyclingpro.net\/spaziociclismo\/wp-json\/wp\/v2\/users\/25"}],"replies":[{"embeddable":true,"href":"https:\/\/cyclingpro.net\/spaziociclismo\/wp-json\/wp\/v2\/comments?post=393447"}],"version-history":[{"count":1,"href":"https:\/\/cyclingpro.net\/spaziociclismo\/wp-json\/wp\/v2\/posts\/393447\/revisions"}],"predecessor-version":[{"id":393450,"href":"https:\/\/cyclingpro.net\/spaziociclismo\/wp-json\/wp\/v2\/posts\/393447\/revisions\/393450"}],"wp:featuredmedia":[{"embeddable":true,"href":"https:\/\/cyclingpro.net\/spaziociclismo\/wp-json\/wp\/v2\/media\/311451"}],"wp:attachment":[{"href":"https:\/\/cyclingpro.net\/spaziociclismo\/wp-json\/wp\/v2\/media?parent=393447"}],"wp:term":[{"taxonomy":"category","embeddable":true,"href":"https:\/\/cyclingpro.net\/spaziociclismo\/wp-json\/wp\/v2\/categories?post=393447"},{"taxonomy":"post_tag","embeddable":true,"href":"https:\/\/cyclingpro.net\/spaziociclismo\/wp-json\/wp\/v2\/tags?post=393447"}],"curies":[{"name":"wp","href":"https:\/\/api.w.org\/{rel}","templated":true}]}}