{"id":393431,"date":"2026-09-03T10:21:32","date_gmt":"2026-09-03T08:21:32","guid":{"rendered":"https:\/\/cyclingpro.net\/spaziociclismo\/?p=393431"},"modified":"2026-09-03T10:43:16","modified_gmt":"2026-09-03T08:43:16","slug":"visma-lease-a-bike-christophe-laporte-rinnova-fino-al-2029-molto-felice-di-continuare-e-grato-per-la-fiducia-del-team","status":"publish","type":"post","link":"https:\/\/cyclingpro.net\/spaziociclismo\/ciclomercato\/visma-lease-a-bike-christophe-laporte-rinnova-fino-al-2029-molto-felice-di-continuare-e-grato-per-la-fiducia-del-team\/","title":{"rendered":"Visma | Lease a Bike, Christophe Laporte rinnova fino al 2029: \u201cMolto felice di continuare e grato per la fiducia del team\u201d"},"content":{"rendered":"<p><strong>Christophe Laporte<\/strong> proseguir\u00e0 la sua carriera con il <strong>Team Visma | Lease a Bike<\/strong>. Il corridore francese ha firmato un prolungamento di contratto fino al termine della stagione 2029, confermando cos\u00ec il proprio ruolo cruciale nella formazione neerlandese. Laporte \u00e8 arrivato nel team nel 2022, dopo 8 anni alla <strong>Cofidis <\/strong>con cui era passato professionista nel 2014, e ha trovato il proprio spazio sia come gregario di lusso per i compagni, ma anche come protagonista in prima persona di successi importanti. Uomo chiave per il team sia nelle classiche che nei grandi giri, in questa <strong>Vuelta a Espa\u00f1a<\/strong> il francese sta lavorando come prezioso gregario di <strong>Matthew Brennan<\/strong>, mettendo a disposizione la sua grande esperienza per pilotare al meglio nelle volate e infatti il britannico ha gi\u00e0 conquistato tre vittorie.<\/p>\n<p>\u201c<strong>Sono molto felice di continuare con la squadra<\/strong> &#8211; il commento di Laporte &#8211; Ho gi\u00e0 vissuto momenti fantastici con questa squadra e sono molto grato per la fiducia che mi hanno dimostrato. Sono quindi molto felice che il nostro percorso insieme continui. Spero che nei prossimi anni potremo raggiungere e mostrare insieme alla squadra molti altri grandi risultati&#8221;.<\/p>\n<p>Vincitore di tappa al Tour de France nel 2022, anno in cui ha conquistato anche la classifica del Giro di Danimarca, nel 2023 ottiene i suoi successi pi\u00f9 prestigiosi trionfando alla allora Gand-Wevelgem (per gentile concessione del suo capitano Wout van Aert) e alla prova in linea degli Europei (battendo stavolta di forza il suo leader di club, ma rivale di nazionale). Nello stesso anno si porta a casa la Dwars Door Vlaanderen e due tappe al Giro del Delfinato, mentre l&#8217;anno successivo conquista la Parigi &#8211; Tours malgrado una stagione difficile. Anche gli ultimi due anni sono stati abbastanza complessi, ma ha sempre dato un contributo fondamentale alla causa del team, ottenendo numerosi risultati di prestigio (ad esempio concludendo in top10 tutte le classiche del Nord a cui ha preso parte quest&#8217;anno).<\/p>\n<p>A commentare questa importante conferma \u00e8 Marc Reef: &#8220;Christophe ha dimostrato negli ultimi anni quanto sia prezioso per la nostra squadra. Possiede le qualit\u00e0 per vincere le grandi classiche e altre gare importanti, come ha gi\u00e0 dimostrato con i nostri colori. Allo stesso tempo, \u00e8 una persona sempre disposta a mettere la squadra al primo posto. Il modo in cui fa fruttare la sua esperienza e le sue qualit\u00e0 negli ultimi chilometri pu\u00f2 fare un\u2019enorme differenza. Sappiamo di poter contare su Christophe in molte situazioni diverse e la sua esperienza \u00e8 di grande valore per la squadra. Siamo quindi molto felici che rimanga con noi fino al 2029 e non vediamo l\u2019ora di vivere insieme ancora tanti bei momenti&#8221;.<\/p>\n","protected":false},"excerpt":{"rendered":"<p>Christophe Laporte proseguir\u00e0 la sua carriera con il Team Visma | Lease a Bike #CicloMercato<\/p>\n","protected":false},"author":52,"featured_media":371593,"comment_status":"open","ping_status":"closed","sticky":false,"template":"","format":"standard","meta":{"footnotes":"","_members_access_role":[],"_members_access_error":""},"categories":[5],"tags":[1495,6769,6773],"class_list":["post-393431","post","type-post","status-publish","format-standard","has-post-thumbnail","hentry","category-ciclomercato","tag-christophe-laporte","tag-ciclomercato-2027","tag-team-visma-lease-a-bike-2026"],"yoast_head":"<!-- This site is optimized with the Yoast SEO plugin v28.4 - https:\/\/yoast.com\/product\/yoast-seo-wordpress\/ -->\n<title>Visma | Lease a Bike, Christophe Laporte rinnova fino al 2029: \u201cMolto felice di continuare e grato per la fiducia del team\u201d - SpazioCiclismo<\/title>\n<meta name=\"robots\" content=\"index, follow, max-snippet:-1, max-image-preview:large, max-video-preview:-1\" \/>\n<link rel=\"canonical\" href=\"https:\/\/cyclingpro.net\/spaziociclismo\/ciclomercato\/visma-lease-a-bike-christophe-laporte-rinnova-fino-al-2029-molto-felice-di-continuare-e-grato-per-la-fiducia-del-team\/\" \/>\n<meta property=\"og:locale\" content=\"it_IT\" \/>\n<meta property=\"og:type\" content=\"article\" \/>\n<meta property=\"og:title\" content=\"Visma | Lease a Bike, Christophe Laporte rinnova fino al 2029: \u201cMolto felice di continuare e grato per la fiducia del team\u201d - SpazioCiclismo\" \/>\n<meta property=\"og:description\" content=\"Christophe Laporte proseguir\u00e0 la sua carriera con il Team Visma | Lease a Bike #CicloMercato\" \/>\n<meta property=\"og:url\" content=\"https:\/\/cyclingpro.net\/spaziociclismo\/ciclomercato\/visma-lease-a-bike-christophe-laporte-rinnova-fino-al-2029-molto-felice-di-continuare-e-grato-per-la-fiducia-del-team\/\" \/>\n<meta property=\"og:site_name\" content=\"SpazioCiclismo\" \/>\n<meta property=\"article:publisher\" content=\"https:\/\/www.facebook.com\/SpazioCiclismo\/\" \/>\n<meta property=\"article:published_time\" content=\"2026-09-03T08:21:32+00:00\" \/>\n<meta property=\"article:modified_time\" content=\"2026-09-03T08:43:16+00:00\" \/>\n<meta property=\"og:image\" content=\"https:\/\/cyclingpro.net\/spaziociclismo\/wp-content\/uploads\/2026\/03\/Christophe-Laporte-Podio-In-Flanders-Fields-2026.jpg\" \/>\n\t<meta property=\"og:image:width\" content=\"1200\" \/>\n\t<meta property=\"og:image:height\" content=\"800\" \/>\n\t<meta property=\"og:image:type\" content=\"image\/jpeg\" \/>\n<meta name=\"author\" content=\"Alessandro Farina\" \/>\n<meta name=\"twitter:card\" content=\"summary_large_image\" \/>\n<meta name=\"twitter:creator\" content=\"@spaziociclismo\" \/>\n<meta name=\"twitter:site\" content=\"@spaziociclismo\" \/>\n<meta name=\"twitter:label1\" content=\"Scritto da\" \/>\n\t<meta name=\"twitter:data1\" content=\"Alessandro Farina\" \/>\n\t<meta name=\"twitter:label2\" content=\"Tempo di lettura stimato\" \/>\n\t<meta name=\"twitter:data2\" content=\"3 minuti\" \/>\n<script type=\"application\/ld+json\" class=\"yoast-schema-graph\">{\"@context\":\"https:\\\/\\\/schema.org\",\"@graph\":[{\"@type\":\"Article\",\"@id\":\"https:\\\/\\\/cyclingpro.net\\\/spaziociclismo\\\/ciclomercato\\\/visma-lease-a-bike-christophe-laporte-rinnova-fino-al-2029-molto-felice-di-continuare-e-grato-per-la-fiducia-del-team\\\/#article\",\"isPartOf\":{\"@id\":\"https:\\\/\\\/cyclingpro.net\\\/spaziociclismo\\\/ciclomercato\\\/visma-lease-a-bike-christophe-laporte-rinnova-fino-al-2029-molto-felice-di-continuare-e-grato-per-la-fiducia-del-team\\\/\"},\"author\":{\"name\":\"Alessandro Farina\",\"@id\":\"https:\\\/\\\/cyclingpro.net\\\/spaziociclismo\\\/#\\\/schema\\\/person\\\/fda4d079a95104c2764f9c3ffa3fc26f\"},\"headline\":\"Visma | Lease a Bike, Christophe Laporte rinnova fino al 2029: \u201cMolto felice di continuare e grato per la fiducia del team\u201d\",\"datePublished\":\"2026-09-03T08:21:32+00:00\",\"dateModified\":\"2026-09-03T08:43:16+00:00\",\"mainEntityOfPage\":{\"@id\":\"https:\\\/\\\/cyclingpro.net\\\/spaziociclismo\\\/ciclomercato\\\/visma-lease-a-bike-christophe-laporte-rinnova-fino-al-2029-molto-felice-di-continuare-e-grato-per-la-fiducia-del-team\\\/\"},\"wordCount\":454,\"commentCount\":0,\"publisher\":{\"@id\":\"https:\\\/\\\/cyclingpro.net\\\/spaziociclismo\\\/#organization\"},\"image\":{\"@id\":\"https:\\\/\\\/cyclingpro.net\\\/spaziociclismo\\\/ciclomercato\\\/visma-lease-a-bike-christophe-laporte-rinnova-fino-al-2029-molto-felice-di-continuare-e-grato-per-la-fiducia-del-team\\\/#primaryimage\"},\"thumbnailUrl\":\"https:\\\/\\\/cyclingpro.net\\\/spaziociclismo\\\/wp-content\\\/uploads\\\/2026\\\/03\\\/Christophe-Laporte-Podio-In-Flanders-Fields-2026.jpg\",\"keywords\":[\"Christophe Laporte\",\"CicloMercato 2027\",\"Team Visma | Lease a Bike 2026\"],\"articleSection\":[\"CicloMercato\"],\"inLanguage\":\"it-IT\",\"potentialAction\":[{\"@type\":\"CommentAction\",\"name\":\"Comment\",\"target\":[\"https:\\\/\\\/cyclingpro.net\\\/spaziociclismo\\\/ciclomercato\\\/visma-lease-a-bike-christophe-laporte-rinnova-fino-al-2029-molto-felice-di-continuare-e-grato-per-la-fiducia-del-team\\\/#respond\"]}]},{\"@type\":\"WebPage\",\"@id\":\"https:\\\/\\\/cyclingpro.net\\\/spaziociclismo\\\/ciclomercato\\\/visma-lease-a-bike-christophe-laporte-rinnova-fino-al-2029-molto-felice-di-continuare-e-grato-per-la-fiducia-del-team\\\/\",\"url\":\"https:\\\/\\\/cyclingpro.net\\\/spaziociclismo\\\/ciclomercato\\\/visma-lease-a-bike-christophe-laporte-rinnova-fino-al-2029-molto-felice-di-continuare-e-grato-per-la-fiducia-del-team\\\/\",\"name\":\"Visma | Lease a Bike, Christophe Laporte rinnova fino al 2029: \u201cMolto felice di continuare e grato per la fiducia del team\u201d - SpazioCiclismo\",\"isPartOf\":{\"@id\":\"https:\\\/\\\/cyclingpro.net\\\/spaziociclismo\\\/#website\"},\"primaryImageOfPage\":{\"@id\":\"https:\\\/\\\/cyclingpro.net\\\/spaziociclismo\\\/ciclomercato\\\/visma-lease-a-bike-christophe-laporte-rinnova-fino-al-2029-molto-felice-di-continuare-e-grato-per-la-fiducia-del-team\\\/#primaryimage\"},\"image\":{\"@id\":\"https:\\\/\\\/cyclingpro.net\\\/spaziociclismo\\\/ciclomercato\\\/visma-lease-a-bike-christophe-laporte-rinnova-fino-al-2029-molto-felice-di-continuare-e-grato-per-la-fiducia-del-team\\\/#primaryimage\"},\"thumbnailUrl\":\"https:\\\/\\\/cyclingpro.net\\\/spaziociclismo\\\/wp-content\\\/uploads\\\/2026\\\/03\\\/Christophe-Laporte-Podio-In-Flanders-Fields-2026.jpg\",\"datePublished\":\"2026-09-03T08:21:32+00:00\",\"dateModified\":\"2026-09-03T08:43:16+00:00\",\"breadcrumb\":{\"@id\":\"https:\\\/\\\/cyclingpro.net\\\/spaziociclismo\\\/ciclomercato\\\/visma-lease-a-bike-christophe-laporte-rinnova-fino-al-2029-molto-felice-di-continuare-e-grato-per-la-fiducia-del-team\\\/#breadcrumb\"},\"inLanguage\":\"it-IT\",\"potentialAction\":[{\"@type\":\"ReadAction\",\"target\":[\"https:\\\/\\\/cyclingpro.net\\\/spaziociclismo\\\/ciclomercato\\\/visma-lease-a-bike-christophe-laporte-rinnova-fino-al-2029-molto-felice-di-continuare-e-grato-per-la-fiducia-del-team\\\/\"]}]},{\"@type\":\"ImageObject\",\"inLanguage\":\"it-IT\",\"@id\":\"https:\\\/\\\/cyclingpro.net\\\/spaziociclismo\\\/ciclomercato\\\/visma-lease-a-bike-christophe-laporte-rinnova-fino-al-2029-molto-felice-di-continuare-e-grato-per-la-fiducia-del-team\\\/#primaryimage\",\"url\":\"https:\\\/\\\/cyclingpro.net\\\/spaziociclismo\\\/wp-content\\\/uploads\\\/2026\\\/03\\\/Christophe-Laporte-Podio-In-Flanders-Fields-2026.jpg\",\"contentUrl\":\"https:\\\/\\\/cyclingpro.net\\\/spaziociclismo\\\/wp-content\\\/uploads\\\/2026\\\/03\\\/Christophe-Laporte-Podio-In-Flanders-Fields-2026.jpg\",\"width\":1200,\"height\":800,\"caption\":\"\u00a9 Sirotti\"},{\"@type\":\"BreadcrumbList\",\"@id\":\"https:\\\/\\\/cyclingpro.net\\\/spaziociclismo\\\/ciclomercato\\\/visma-lease-a-bike-christophe-laporte-rinnova-fino-al-2029-molto-felice-di-continuare-e-grato-per-la-fiducia-del-team\\\/#breadcrumb\",\"itemListElement\":[{\"@type\":\"ListItem\",\"position\":1,\"name\":\"Home\",\"item\":\"https:\\\/\\\/cyclingpro.net\\\/spaziociclismo\\\/\"},{\"@type\":\"ListItem\",\"position\":2,\"name\":\"Visma | Lease a Bike, Christophe Laporte rinnova fino al 2029: \u201cMolto felice di continuare e grato per la fiducia del team\u201d\"}]},{\"@type\":\"WebSite\",\"@id\":\"https:\\\/\\\/cyclingpro.net\\\/spaziociclismo\\\/#website\",\"url\":\"https:\\\/\\\/cyclingpro.net\\\/spaziociclismo\\\/\",\"name\":\"SpazioCiclismo\",\"description\":\"Tutto il ciclismo minuto per minuto\",\"publisher\":{\"@id\":\"https:\\\/\\\/cyclingpro.net\\\/spaziociclismo\\\/#organization\"},\"potentialAction\":[{\"@type\":\"SearchAction\",\"target\":{\"@type\":\"EntryPoint\",\"urlTemplate\":\"https:\\\/\\\/cyclingpro.net\\\/spaziociclismo\\\/?s={search_term_string}\"},\"query-input\":{\"@type\":\"PropertyValueSpecification\",\"valueRequired\":true,\"valueName\":\"search_term_string\"}}],\"inLanguage\":\"it-IT\"},{\"@type\":\"Organization\",\"@id\":\"https:\\\/\\\/cyclingpro.net\\\/spaziociclismo\\\/#organization\",\"name\":\"SpazioCiclismo\",\"url\":\"https:\\\/\\\/cyclingpro.net\\\/spaziociclismo\\\/\",\"logo\":{\"@type\":\"ImageObject\",\"inLanguage\":\"it-IT\",\"@id\":\"https:\\\/\\\/cyclingpro.net\\\/spaziociclismo\\\/#\\\/schema\\\/logo\\\/image\\\/\",\"url\":\"https:\\\/\\\/cyclingpro.net\\\/spaziociclismo\\\/wp-content\\\/uploads\\\/2017\\\/02\\\/SpazioCiclismo-Logo-Quadrato.png\",\"contentUrl\":\"https:\\\/\\\/cyclingpro.net\\\/spaziociclismo\\\/wp-content\\\/uploads\\\/2017\\\/02\\\/SpazioCiclismo-Logo-Quadrato.png\",\"width\":450,\"height\":450,\"caption\":\"SpazioCiclismo\"},\"image\":{\"@id\":\"https:\\\/\\\/cyclingpro.net\\\/spaziociclismo\\\/#\\\/schema\\\/logo\\\/image\\\/\"},\"sameAs\":[\"https:\\\/\\\/www.facebook.com\\\/SpazioCiclismo\\\/\",\"https:\\\/\\\/x.com\\\/spaziociclismo\",\"https:\\\/\\\/www.instagram.com\\\/spaziociclismo\\\/\"]},{\"@type\":\"Person\",\"@id\":\"https:\\\/\\\/cyclingpro.net\\\/spaziociclismo\\\/#\\\/schema\\\/person\\\/fda4d079a95104c2764f9c3ffa3fc26f\",\"name\":\"Alessandro Farina\",\"image\":{\"@type\":\"ImageObject\",\"inLanguage\":\"it-IT\",\"@id\":\"https:\\\/\\\/secure.gravatar.com\\\/avatar\\\/a15b660280727ff1737611bc5349040155e2609201d613ef2611905cdc7a122a?s=96&d=mm&r=g\",\"url\":\"https:\\\/\\\/secure.gravatar.com\\\/avatar\\\/a15b660280727ff1737611bc5349040155e2609201d613ef2611905cdc7a122a?s=96&d=mm&r=g\",\"contentUrl\":\"https:\\\/\\\/secure.gravatar.com\\\/avatar\\\/a15b660280727ff1737611bc5349040155e2609201d613ef2611905cdc7a122a?s=96&d=mm&r=g\",\"caption\":\"Alessandro Farina\"},\"url\":\"https:\\\/\\\/cyclingpro.net\\\/spaziociclismo\\\/author\\\/afarina\\\/\"}]}<\/script>\n<!-- \/ Yoast SEO plugin. -->","yoast_head_json":{"title":"Visma | Lease a Bike, Christophe Laporte rinnova fino al 2029: \u201cMolto felice di continuare e grato per la fiducia del team\u201d - SpazioCiclismo","robots":{"index":"index","follow":"follow","max-snippet":"max-snippet:-1","max-image-preview":"max-image-preview:large","max-video-preview":"max-video-preview:-1"},"canonical":"https:\/\/cyclingpro.net\/spaziociclismo\/ciclomercato\/visma-lease-a-bike-christophe-laporte-rinnova-fino-al-2029-molto-felice-di-continuare-e-grato-per-la-fiducia-del-team\/","og_locale":"it_IT","og_type":"article","og_title":"Visma | Lease a Bike, Christophe Laporte rinnova fino al 2029: \u201cMolto felice di continuare e grato per la fiducia del team\u201d - SpazioCiclismo","og_description":"Christophe Laporte proseguir\u00e0 la sua carriera con il Team Visma | Lease a Bike #CicloMercato","og_url":"https:\/\/cyclingpro.net\/spaziociclismo\/ciclomercato\/visma-lease-a-bike-christophe-laporte-rinnova-fino-al-2029-molto-felice-di-continuare-e-grato-per-la-fiducia-del-team\/","og_site_name":"SpazioCiclismo","article_publisher":"https:\/\/www.facebook.com\/SpazioCiclismo\/","article_published_time":"2026-09-03T08:21:32+00:00","article_modified_time":"2026-09-03T08:43:16+00:00","og_image":[{"width":1200,"height":800,"url":"https:\/\/cyclingpro.net\/spaziociclismo\/wp-content\/uploads\/2026\/03\/Christophe-Laporte-Podio-In-Flanders-Fields-2026.jpg","type":"image\/jpeg"}],"author":"Alessandro Farina","twitter_card":"summary_large_image","twitter_creator":"@spaziociclismo","twitter_site":"@spaziociclismo","twitter_misc":{"Scritto da":"Alessandro Farina","Tempo di lettura stimato":"3 minuti"},"schema":{"@context":"https:\/\/schema.org","@graph":[{"@type":"Article","@id":"https:\/\/cyclingpro.net\/spaziociclismo\/ciclomercato\/visma-lease-a-bike-christophe-laporte-rinnova-fino-al-2029-molto-felice-di-continuare-e-grato-per-la-fiducia-del-team\/#article","isPartOf":{"@id":"https:\/\/cyclingpro.net\/spaziociclismo\/ciclomercato\/visma-lease-a-bike-christophe-laporte-rinnova-fino-al-2029-molto-felice-di-continuare-e-grato-per-la-fiducia-del-team\/"},"author":{"name":"Alessandro Farina","@id":"https:\/\/cyclingpro.net\/spaziociclismo\/#\/schema\/person\/fda4d079a95104c2764f9c3ffa3fc26f"},"headline":"Visma | Lease a Bike, Christophe Laporte rinnova fino al 2029: \u201cMolto felice di continuare e grato per la fiducia del team\u201d","datePublished":"2026-09-03T08:21:32+00:00","dateModified":"2026-09-03T08:43:16+00:00","mainEntityOfPage":{"@id":"https:\/\/cyclingpro.net\/spaziociclismo\/ciclomercato\/visma-lease-a-bike-christophe-laporte-rinnova-fino-al-2029-molto-felice-di-continuare-e-grato-per-la-fiducia-del-team\/"},"wordCount":454,"commentCount":0,"publisher":{"@id":"https:\/\/cyclingpro.net\/spaziociclismo\/#organization"},"image":{"@id":"https:\/\/cyclingpro.net\/spaziociclismo\/ciclomercato\/visma-lease-a-bike-christophe-laporte-rinnova-fino-al-2029-molto-felice-di-continuare-e-grato-per-la-fiducia-del-team\/#primaryimage"},"thumbnailUrl":"https:\/\/cyclingpro.net\/spaziociclismo\/wp-content\/uploads\/2026\/03\/Christophe-Laporte-Podio-In-Flanders-Fields-2026.jpg","keywords":["Christophe Laporte","CicloMercato 2027","Team Visma | Lease a Bike 2026"],"articleSection":["CicloMercato"],"inLanguage":"it-IT","potentialAction":[{"@type":"CommentAction","name":"Comment","target":["https:\/\/cyclingpro.net\/spaziociclismo\/ciclomercato\/visma-lease-a-bike-christophe-laporte-rinnova-fino-al-2029-molto-felice-di-continuare-e-grato-per-la-fiducia-del-team\/#respond"]}]},{"@type":"WebPage","@id":"https:\/\/cyclingpro.net\/spaziociclismo\/ciclomercato\/visma-lease-a-bike-christophe-laporte-rinnova-fino-al-2029-molto-felice-di-continuare-e-grato-per-la-fiducia-del-team\/","url":"https:\/\/cyclingpro.net\/spaziociclismo\/ciclomercato\/visma-lease-a-bike-christophe-laporte-rinnova-fino-al-2029-molto-felice-di-continuare-e-grato-per-la-fiducia-del-team\/","name":"Visma | Lease a Bike, Christophe Laporte rinnova fino al 2029: \u201cMolto felice di continuare e grato per la fiducia del team\u201d - SpazioCiclismo","isPartOf":{"@id":"https:\/\/cyclingpro.net\/spaziociclismo\/#website"},"primaryImageOfPage":{"@id":"https:\/\/cyclingpro.net\/spaziociclismo\/ciclomercato\/visma-lease-a-bike-christophe-laporte-rinnova-fino-al-2029-molto-felice-di-continuare-e-grato-per-la-fiducia-del-team\/#primaryimage"},"image":{"@id":"https:\/\/cyclingpro.net\/spaziociclismo\/ciclomercato\/visma-lease-a-bike-christophe-laporte-rinnova-fino-al-2029-molto-felice-di-continuare-e-grato-per-la-fiducia-del-team\/#primaryimage"},"thumbnailUrl":"https:\/\/cyclingpro.net\/spaziociclismo\/wp-content\/uploads\/2026\/03\/Christophe-Laporte-Podio-In-Flanders-Fields-2026.jpg","datePublished":"2026-09-03T08:21:32+00:00","dateModified":"2026-09-03T08:43:16+00:00","breadcrumb":{"@id":"https:\/\/cyclingpro.net\/spaziociclismo\/ciclomercato\/visma-lease-a-bike-christophe-laporte-rinnova-fino-al-2029-molto-felice-di-continuare-e-grato-per-la-fiducia-del-team\/#breadcrumb"},"inLanguage":"it-IT","potentialAction":[{"@type":"ReadAction","target":["https:\/\/cyclingpro.net\/spaziociclismo\/ciclomercato\/visma-lease-a-bike-christophe-laporte-rinnova-fino-al-2029-molto-felice-di-continuare-e-grato-per-la-fiducia-del-team\/"]}]},{"@type":"ImageObject","inLanguage":"it-IT","@id":"https:\/\/cyclingpro.net\/spaziociclismo\/ciclomercato\/visma-lease-a-bike-christophe-laporte-rinnova-fino-al-2029-molto-felice-di-continuare-e-grato-per-la-fiducia-del-team\/#primaryimage","url":"https:\/\/cyclingpro.net\/spaziociclismo\/wp-content\/uploads\/2026\/03\/Christophe-Laporte-Podio-In-Flanders-Fields-2026.jpg","contentUrl":"https:\/\/cyclingpro.net\/spaziociclismo\/wp-content\/uploads\/2026\/03\/Christophe-Laporte-Podio-In-Flanders-Fields-2026.jpg","width":1200,"height":800,"caption":"\u00a9 Sirotti"},{"@type":"BreadcrumbList","@id":"https:\/\/cyclingpro.net\/spaziociclismo\/ciclomercato\/visma-lease-a-bike-christophe-laporte-rinnova-fino-al-2029-molto-felice-di-continuare-e-grato-per-la-fiducia-del-team\/#breadcrumb","itemListElement":[{"@type":"ListItem","position":1,"name":"Home","item":"https:\/\/cyclingpro.net\/spaziociclismo\/"},{"@type":"ListItem","position":2,"name":"Visma | Lease a Bike, Christophe Laporte rinnova fino al 2029: \u201cMolto felice di continuare e grato per la fiducia del team\u201d"}]},{"@type":"WebSite","@id":"https:\/\/cyclingpro.net\/spaziociclismo\/#website","url":"https:\/\/cyclingpro.net\/spaziociclismo\/","name":"SpazioCiclismo","description":"Tutto il ciclismo minuto per minuto","publisher":{"@id":"https:\/\/cyclingpro.net\/spaziociclismo\/#organization"},"potentialAction":[{"@type":"SearchAction","target":{"@type":"EntryPoint","urlTemplate":"https:\/\/cyclingpro.net\/spaziociclismo\/?s={search_term_string}"},"query-input":{"@type":"PropertyValueSpecification","valueRequired":true,"valueName":"search_term_string"}}],"inLanguage":"it-IT"},{"@type":"Organization","@id":"https:\/\/cyclingpro.net\/spaziociclismo\/#organization","name":"SpazioCiclismo","url":"https:\/\/cyclingpro.net\/spaziociclismo\/","logo":{"@type":"ImageObject","inLanguage":"it-IT","@id":"https:\/\/cyclingpro.net\/spaziociclismo\/#\/schema\/logo\/image\/","url":"https:\/\/cyclingpro.net\/spaziociclismo\/wp-content\/uploads\/2017\/02\/SpazioCiclismo-Logo-Quadrato.png","contentUrl":"https:\/\/cyclingpro.net\/spaziociclismo\/wp-content\/uploads\/2017\/02\/SpazioCiclismo-Logo-Quadrato.png","width":450,"height":450,"caption":"SpazioCiclismo"},"image":{"@id":"https:\/\/cyclingpro.net\/spaziociclismo\/#\/schema\/logo\/image\/"},"sameAs":["https:\/\/www.facebook.com\/SpazioCiclismo\/","https:\/\/x.com\/spaziociclismo","https:\/\/www.instagram.com\/spaziociclismo\/"]},{"@type":"Person","@id":"https:\/\/cyclingpro.net\/spaziociclismo\/#\/schema\/person\/fda4d079a95104c2764f9c3ffa3fc26f","name":"Alessandro Farina","image":{"@type":"ImageObject","inLanguage":"it-IT","@id":"https:\/\/secure.gravatar.com\/avatar\/a15b660280727ff1737611bc5349040155e2609201d613ef2611905cdc7a122a?s=96&d=mm&r=g","url":"https:\/\/secure.gravatar.com\/avatar\/a15b660280727ff1737611bc5349040155e2609201d613ef2611905cdc7a122a?s=96&d=mm&r=g","contentUrl":"https:\/\/secure.gravatar.com\/avatar\/a15b660280727ff1737611bc5349040155e2609201d613ef2611905cdc7a122a?s=96&d=mm&r=g","caption":"Alessandro Farina"},"url":"https:\/\/cyclingpro.net\/spaziociclismo\/author\/afarina\/"}]}},"_links":{"self":[{"href":"https:\/\/cyclingpro.net\/spaziociclismo\/wp-json\/wp\/v2\/posts\/393431","targetHints":{"allow":["GET"]}}],"collection":[{"href":"https:\/\/cyclingpro.net\/spaziociclismo\/wp-json\/wp\/v2\/posts"}],"about":[{"href":"https:\/\/cyclingpro.net\/spaziociclismo\/wp-json\/wp\/v2\/types\/post"}],"author":[{"embeddable":true,"href":"https:\/\/cyclingpro.net\/spaziociclismo\/wp-json\/wp\/v2\/users\/52"}],"replies":[{"embeddable":true,"href":"https:\/\/cyclingpro.net\/spaziociclismo\/wp-json\/wp\/v2\/comments?post=393431"}],"version-history":[{"count":4,"href":"https:\/\/cyclingpro.net\/spaziociclismo\/wp-json\/wp\/v2\/posts\/393431\/revisions"}],"predecessor-version":[{"id":393439,"href":"https:\/\/cyclingpro.net\/spaziociclismo\/wp-json\/wp\/v2\/posts\/393431\/revisions\/393439"}],"wp:featuredmedia":[{"embeddable":true,"href":"https:\/\/cyclingpro.net\/spaziociclismo\/wp-json\/wp\/v2\/media\/371593"}],"wp:attachment":[{"href":"https:\/\/cyclingpro.net\/spaziociclismo\/wp-json\/wp\/v2\/media?parent=393431"}],"wp:term":[{"taxonomy":"category","embeddable":true,"href":"https:\/\/cyclingpro.net\/spaziociclismo\/wp-json\/wp\/v2\/categories?post=393431"},{"taxonomy":"post_tag","embeddable":true,"href":"https:\/\/cyclingpro.net\/spaziociclismo\/wp-json\/wp\/v2\/tags?post=393431"}],"curies":[{"name":"wp","href":"https:\/\/api.w.org\/{rel}","templated":true}]}}