{"id":393427,"date":"2026-09-03T10:12:59","date_gmt":"2026-09-03T08:12:59","guid":{"rendered":"https:\/\/cyclingpro.net\/spaziociclismo\/?p=393427"},"modified":"2026-09-03T10:12:59","modified_gmt":"2026-09-03T08:12:59","slug":"mondiali-montreal-2026-paul-seixas-lassenza-di-pogacar-cambia-la-corsa-sara-piu-aperta-per-me-sara-importante-correre-prima-i-gp","status":"publish","type":"post","link":"https:\/\/cyclingpro.net\/spaziociclismo\/montreal-2026\/mondiali-montreal-2026-paul-seixas-lassenza-di-pogacar-cambia-la-corsa-sara-piu-aperta-per-me-sara-importante-correre-prima-i-gp\/","title":{"rendered":"Mondiali Montr\u00e9al 2026, Paul Seixas: \u201cL\u2019assenza di Poga\u010dar cambia la corsa, sar\u00e0 pi\u00f9 aperta. Per me sar\u00e0 importante correre prima i GP\u201d"},"content":{"rendered":"<p><strong>Paul Seixas<\/strong> si prepara per essere protagonista ai <strong>Mondiali di Montr\u00e9al 2026<\/strong>. Il corridore della <strong>Decathlon CMA CGM<\/strong> sar\u00e0 il capitano della Francia per prova in linea \u00e9lite della rassegna iridata, come annunciato in precedenza dal commissario tecnico Thomas Voeckler. Il giovane fenomeno transalpino, dopo il bronzo agli Europei dello scorso anno, prover\u00e0 a regalare un\u2019altra medaglia di peso alla propria nazionale, dopo aver chiuso ai piedi del podio l\u2019ultimo Tour de France. Attualmente Seixas si trova in ritiro in altura per ultimare la preparazione in vista del ritorno in corsa al <strong>GP de Qu\u00e9bec<\/strong> e al successivo <strong>GP de Montr\u00e9al<\/strong>, che serviranno come rifinitura per la rassegna iridata in Canada.<\/p>\n<p>In un\u2019intervista a <a href=\"https:\/\/www.lequipe.fr\/Cyclisme-sur-route\/Actualites\/Paul-seixas-sur-la-suite-de-la-saison-l-absence-de-pogacar-modifie-la-physionomie-de-la-course-qui-est-desormais-plus-ouverte\/1715535\"><em>L&#8217;\u00c9quipe<\/em><\/a>, Seixas ha spiegato la sua attuale fase preparazione: \u201cLe prime due settimane dopo il Tour de France le ho dedicate soprattutto al recupero: ho trascorso del tempo con la mia famiglia e i miei amici e mi sono goduto un po\u2019 la loro compagnia, anche se ho mantenuto un po\u2019 di contatto con lo sport. Ho fatto qualche uscita in bici, qualche passeggiata, poi, dopo due settimane, ho ripreso davvero a prendere sul serio l\u2019allenamento quotidiano. <strong>Ora \u00e8 iniziato il nuovo periodo di preparazione per il finale di stagione<\/strong>. Sono in ritiro in altura da una decina di giorni a Les Arcs (Savoia) per completare la preparazione con il mio allenatore e gettare delle buone basi in vista del Canada\u201d.<\/p>\n<p>Le due classiche canadesi serviranno soprattutto per prendere confidenza con il percorso dei Mondiali, visto che per il francese saranno una completa novit\u00e0: \u201cNon so ancora esattamente chi ci sar\u00e0, ma immagino che ci saranno molti che si prepareranno per i Mondiali. \u00c8 importante anche per me, semplicemente perch\u00e9 c\u2019\u00e8 gi\u00e0 un fuso orario piuttosto significativo. Per noi \u00e8 importante arrivare l\u00ec non troppo tardi per poterci ambientare bene. Ma anche perch\u00e9, ad esempio, io non conosco queste gare. <strong>Sar\u00e0 un vero vantaggio poter correre sul circuito di Montr\u00e9al in vista dei Mondiali<\/strong>. Sono gare molto belle e che mi interessano inevitabilmente\u201d.<\/p>\n<p>Nella rassegna iridata sar\u00e0 molto probabilmente assente <strong>Tadej Poga\u010dar<\/strong> (UAE Team Emirates-XRG), appena dimesso dall\u2019ospedale dopo l\u2019operazione alla clavicola per la caduta alla Vuelta a Espa\u00f1a 2026. L\u2019assenza del campione in carica cambierebbe totalmente la corsa, come sottolinea Seixas: \u201cInnanzitutto, vorrei dire che <strong>\u00e8 stato davvero sfortunato<\/strong>. Abbiamo visto tutti il video e quello che \u00e8 successo pu\u00f2 capitare a chiunque. <strong>Ovviamente questo cambier\u00e0 l\u2019assetto della gara<\/strong> perch\u00e9, come si vede da anni, lui \u00e8 davvero il leader indiscusso. La sua semplice presenza basta a trasformare la gara. <strong>La situazione ora \u00e8 forse un po\u2019 pi\u00f9 aperta<\/strong>, ma ci sono ancora molti corridori temibili. Vedremo. Sar\u00e0 interessante osservare come si svolger\u00e0 il GP de Montr\u00e9al. Successivamente, potremo fare delle ipotesi su cosa potrebbe accadere ai Mondiali, anche se il contesto \u00e8 diverso tra correre con i colori della propria nazionale e in squadra\u201d.<\/p>\n","protected":false},"excerpt":{"rendered":"<p>Paul Seixas si prepara per essere protagonista ai Mondiali di Montr\u00e9al<\/p>\n","protected":false},"author":52,"featured_media":381595,"comment_status":"open","ping_status":"closed","sticky":false,"template":"","format":"standard","meta":{"footnotes":"","_members_access_role":[],"_members_access_error":""},"categories":[5356],"tags":[4770,5951],"class_list":["post-393427","post","type-post","status-publish","format-standard","has-post-thumbnail","hentry","category-montreal-2026","tag-mondiali-montreal-2026","tag-paul-seixas"],"yoast_head":"<!-- This site is optimized with the Yoast SEO plugin v28.4 - https:\/\/yoast.com\/product\/yoast-seo-wordpress\/ -->\n<title>Mondiali Montr\u00e9al 2026, Paul Seixas: \u201cL\u2019assenza di Poga\u010dar cambia la corsa, sar\u00e0 pi\u00f9 aperta. Per me sar\u00e0 importante correre prima i GP\u201d - SpazioCiclismo<\/title>\n<meta name=\"robots\" content=\"index, follow, max-snippet:-1, max-image-preview:large, max-video-preview:-1\" \/>\n<link rel=\"canonical\" href=\"https:\/\/cyclingpro.net\/spaziociclismo\/montreal-2026\/mondiali-montreal-2026-paul-seixas-lassenza-di-pogacar-cambia-la-corsa-sara-piu-aperta-per-me-sara-importante-correre-prima-i-gp\/\" \/>\n<meta property=\"og:locale\" content=\"it_IT\" \/>\n<meta property=\"og:type\" content=\"article\" \/>\n<meta property=\"og:title\" content=\"Mondiali Montr\u00e9al 2026, Paul Seixas: \u201cL\u2019assenza di Poga\u010dar cambia la corsa, sar\u00e0 pi\u00f9 aperta. Per me sar\u00e0 importante correre prima i GP\u201d - SpazioCiclismo\" \/>\n<meta property=\"og:description\" content=\"Paul Seixas si prepara per essere protagonista ai Mondiali di Montr\u00e9al\" \/>\n<meta property=\"og:url\" content=\"https:\/\/cyclingpro.net\/spaziociclismo\/montreal-2026\/mondiali-montreal-2026-paul-seixas-lassenza-di-pogacar-cambia-la-corsa-sara-piu-aperta-per-me-sara-importante-correre-prima-i-gp\/\" \/>\n<meta property=\"og:site_name\" content=\"SpazioCiclismo\" \/>\n<meta property=\"article:publisher\" content=\"https:\/\/www.facebook.com\/SpazioCiclismo\/\" \/>\n<meta property=\"article:published_time\" content=\"2026-09-03T08:12:59+00:00\" \/>\n<meta property=\"og:image\" content=\"https:\/\/cyclingpro.net\/spaziociclismo\/wp-content\/uploads\/2026\/06\/Paul-Seixas-Casco-Sorriso.webp\" \/>\n\t<meta property=\"og:image:width\" content=\"1200\" \/>\n\t<meta property=\"og:image:height\" content=\"800\" \/>\n\t<meta property=\"og:image:type\" content=\"image\/webp\" \/>\n<meta name=\"author\" content=\"Alessandro Farina\" \/>\n<meta name=\"twitter:card\" content=\"summary_large_image\" \/>\n<meta name=\"twitter:creator\" content=\"@spaziociclismo\" \/>\n<meta name=\"twitter:site\" content=\"@spaziociclismo\" \/>\n<meta name=\"twitter:label1\" content=\"Scritto da\" \/>\n\t<meta name=\"twitter:data1\" content=\"Alessandro Farina\" \/>\n\t<meta name=\"twitter:label2\" content=\"Tempo di lettura stimato\" \/>\n\t<meta name=\"twitter:data2\" content=\"3 minuti\" \/>\n<script type=\"application\/ld+json\" class=\"yoast-schema-graph\">{\"@context\":\"https:\\\/\\\/schema.org\",\"@graph\":[{\"@type\":\"Article\",\"@id\":\"https:\\\/\\\/cyclingpro.net\\\/spaziociclismo\\\/montreal-2026\\\/mondiali-montreal-2026-paul-seixas-lassenza-di-pogacar-cambia-la-corsa-sara-piu-aperta-per-me-sara-importante-correre-prima-i-gp\\\/#article\",\"isPartOf\":{\"@id\":\"https:\\\/\\\/cyclingpro.net\\\/spaziociclismo\\\/montreal-2026\\\/mondiali-montreal-2026-paul-seixas-lassenza-di-pogacar-cambia-la-corsa-sara-piu-aperta-per-me-sara-importante-correre-prima-i-gp\\\/\"},\"author\":{\"name\":\"Alessandro Farina\",\"@id\":\"https:\\\/\\\/cyclingpro.net\\\/spaziociclismo\\\/#\\\/schema\\\/person\\\/fda4d079a95104c2764f9c3ffa3fc26f\"},\"headline\":\"Mondiali Montr\u00e9al 2026, Paul Seixas: \u201cL\u2019assenza di Poga\u010dar cambia la corsa, sar\u00e0 pi\u00f9 aperta. Per me sar\u00e0 importante correre prima i GP\u201d\",\"datePublished\":\"2026-09-03T08:12:59+00:00\",\"mainEntityOfPage\":{\"@id\":\"https:\\\/\\\/cyclingpro.net\\\/spaziociclismo\\\/montreal-2026\\\/mondiali-montreal-2026-paul-seixas-lassenza-di-pogacar-cambia-la-corsa-sara-piu-aperta-per-me-sara-importante-correre-prima-i-gp\\\/\"},\"wordCount\":510,\"commentCount\":0,\"publisher\":{\"@id\":\"https:\\\/\\\/cyclingpro.net\\\/spaziociclismo\\\/#organization\"},\"image\":{\"@id\":\"https:\\\/\\\/cyclingpro.net\\\/spaziociclismo\\\/montreal-2026\\\/mondiali-montreal-2026-paul-seixas-lassenza-di-pogacar-cambia-la-corsa-sara-piu-aperta-per-me-sara-importante-correre-prima-i-gp\\\/#primaryimage\"},\"thumbnailUrl\":\"https:\\\/\\\/cyclingpro.net\\\/spaziociclismo\\\/wp-content\\\/uploads\\\/2026\\\/06\\\/Paul-Seixas-Casco-Sorriso.webp\",\"keywords\":[\"Mondiali Montr\u00e9al 2026\",\"Paul Seixas\"],\"articleSection\":[\"Montr\u00e9al 2026\"],\"inLanguage\":\"it-IT\",\"potentialAction\":[{\"@type\":\"CommentAction\",\"name\":\"Comment\",\"target\":[\"https:\\\/\\\/cyclingpro.net\\\/spaziociclismo\\\/montreal-2026\\\/mondiali-montreal-2026-paul-seixas-lassenza-di-pogacar-cambia-la-corsa-sara-piu-aperta-per-me-sara-importante-correre-prima-i-gp\\\/#respond\"]}]},{\"@type\":\"WebPage\",\"@id\":\"https:\\\/\\\/cyclingpro.net\\\/spaziociclismo\\\/montreal-2026\\\/mondiali-montreal-2026-paul-seixas-lassenza-di-pogacar-cambia-la-corsa-sara-piu-aperta-per-me-sara-importante-correre-prima-i-gp\\\/\",\"url\":\"https:\\\/\\\/cyclingpro.net\\\/spaziociclismo\\\/montreal-2026\\\/mondiali-montreal-2026-paul-seixas-lassenza-di-pogacar-cambia-la-corsa-sara-piu-aperta-per-me-sara-importante-correre-prima-i-gp\\\/\",\"name\":\"Mondiali Montr\u00e9al 2026, Paul Seixas: \u201cL\u2019assenza di Poga\u010dar cambia la corsa, sar\u00e0 pi\u00f9 aperta. Per me sar\u00e0 importante correre prima i GP\u201d - SpazioCiclismo\",\"isPartOf\":{\"@id\":\"https:\\\/\\\/cyclingpro.net\\\/spaziociclismo\\\/#website\"},\"primaryImageOfPage\":{\"@id\":\"https:\\\/\\\/cyclingpro.net\\\/spaziociclismo\\\/montreal-2026\\\/mondiali-montreal-2026-paul-seixas-lassenza-di-pogacar-cambia-la-corsa-sara-piu-aperta-per-me-sara-importante-correre-prima-i-gp\\\/#primaryimage\"},\"image\":{\"@id\":\"https:\\\/\\\/cyclingpro.net\\\/spaziociclismo\\\/montreal-2026\\\/mondiali-montreal-2026-paul-seixas-lassenza-di-pogacar-cambia-la-corsa-sara-piu-aperta-per-me-sara-importante-correre-prima-i-gp\\\/#primaryimage\"},\"thumbnailUrl\":\"https:\\\/\\\/cyclingpro.net\\\/spaziociclismo\\\/wp-content\\\/uploads\\\/2026\\\/06\\\/Paul-Seixas-Casco-Sorriso.webp\",\"datePublished\":\"2026-09-03T08:12:59+00:00\",\"breadcrumb\":{\"@id\":\"https:\\\/\\\/cyclingpro.net\\\/spaziociclismo\\\/montreal-2026\\\/mondiali-montreal-2026-paul-seixas-lassenza-di-pogacar-cambia-la-corsa-sara-piu-aperta-per-me-sara-importante-correre-prima-i-gp\\\/#breadcrumb\"},\"inLanguage\":\"it-IT\",\"potentialAction\":[{\"@type\":\"ReadAction\",\"target\":[\"https:\\\/\\\/cyclingpro.net\\\/spaziociclismo\\\/montreal-2026\\\/mondiali-montreal-2026-paul-seixas-lassenza-di-pogacar-cambia-la-corsa-sara-piu-aperta-per-me-sara-importante-correre-prima-i-gp\\\/\"]}]},{\"@type\":\"ImageObject\",\"inLanguage\":\"it-IT\",\"@id\":\"https:\\\/\\\/cyclingpro.net\\\/spaziociclismo\\\/montreal-2026\\\/mondiali-montreal-2026-paul-seixas-lassenza-di-pogacar-cambia-la-corsa-sara-piu-aperta-per-me-sara-importante-correre-prima-i-gp\\\/#primaryimage\",\"url\":\"https:\\\/\\\/cyclingpro.net\\\/spaziociclismo\\\/wp-content\\\/uploads\\\/2026\\\/06\\\/Paul-Seixas-Casco-Sorriso.webp\",\"contentUrl\":\"https:\\\/\\\/cyclingpro.net\\\/spaziociclismo\\\/wp-content\\\/uploads\\\/2026\\\/06\\\/Paul-Seixas-Casco-Sorriso.webp\",\"width\":1200,\"height\":800,\"caption\":\"\u00a9 ASO \\\/ Gaetan Flamme\"},{\"@type\":\"BreadcrumbList\",\"@id\":\"https:\\\/\\\/cyclingpro.net\\\/spaziociclismo\\\/montreal-2026\\\/mondiali-montreal-2026-paul-seixas-lassenza-di-pogacar-cambia-la-corsa-sara-piu-aperta-per-me-sara-importante-correre-prima-i-gp\\\/#breadcrumb\",\"itemListElement\":[{\"@type\":\"ListItem\",\"position\":1,\"name\":\"Home\",\"item\":\"https:\\\/\\\/cyclingpro.net\\\/spaziociclismo\\\/\"},{\"@type\":\"ListItem\",\"position\":2,\"name\":\"Mondiali Montr\u00e9al 2026, Paul Seixas: \u201cL\u2019assenza di Poga\u010dar cambia la corsa, sar\u00e0 pi\u00f9 aperta. Per me sar\u00e0 importante correre prima i GP\u201d\"}]},{\"@type\":\"WebSite\",\"@id\":\"https:\\\/\\\/cyclingpro.net\\\/spaziociclismo\\\/#website\",\"url\":\"https:\\\/\\\/cyclingpro.net\\\/spaziociclismo\\\/\",\"name\":\"SpazioCiclismo\",\"description\":\"Tutto il ciclismo minuto per minuto\",\"publisher\":{\"@id\":\"https:\\\/\\\/cyclingpro.net\\\/spaziociclismo\\\/#organization\"},\"potentialAction\":[{\"@type\":\"SearchAction\",\"target\":{\"@type\":\"EntryPoint\",\"urlTemplate\":\"https:\\\/\\\/cyclingpro.net\\\/spaziociclismo\\\/?s={search_term_string}\"},\"query-input\":{\"@type\":\"PropertyValueSpecification\",\"valueRequired\":true,\"valueName\":\"search_term_string\"}}],\"inLanguage\":\"it-IT\"},{\"@type\":\"Organization\",\"@id\":\"https:\\\/\\\/cyclingpro.net\\\/spaziociclismo\\\/#organization\",\"name\":\"SpazioCiclismo\",\"url\":\"https:\\\/\\\/cyclingpro.net\\\/spaziociclismo\\\/\",\"logo\":{\"@type\":\"ImageObject\",\"inLanguage\":\"it-IT\",\"@id\":\"https:\\\/\\\/cyclingpro.net\\\/spaziociclismo\\\/#\\\/schema\\\/logo\\\/image\\\/\",\"url\":\"https:\\\/\\\/cyclingpro.net\\\/spaziociclismo\\\/wp-content\\\/uploads\\\/2017\\\/02\\\/SpazioCiclismo-Logo-Quadrato.png\",\"contentUrl\":\"https:\\\/\\\/cyclingpro.net\\\/spaziociclismo\\\/wp-content\\\/uploads\\\/2017\\\/02\\\/SpazioCiclismo-Logo-Quadrato.png\",\"width\":450,\"height\":450,\"caption\":\"SpazioCiclismo\"},\"image\":{\"@id\":\"https:\\\/\\\/cyclingpro.net\\\/spaziociclismo\\\/#\\\/schema\\\/logo\\\/image\\\/\"},\"sameAs\":[\"https:\\\/\\\/www.facebook.com\\\/SpazioCiclismo\\\/\",\"https:\\\/\\\/x.com\\\/spaziociclismo\",\"https:\\\/\\\/www.instagram.com\\\/spaziociclismo\\\/\"]},{\"@type\":\"Person\",\"@id\":\"https:\\\/\\\/cyclingpro.net\\\/spaziociclismo\\\/#\\\/schema\\\/person\\\/fda4d079a95104c2764f9c3ffa3fc26f\",\"name\":\"Alessandro Farina\",\"image\":{\"@type\":\"ImageObject\",\"inLanguage\":\"it-IT\",\"@id\":\"https:\\\/\\\/secure.gravatar.com\\\/avatar\\\/a15b660280727ff1737611bc5349040155e2609201d613ef2611905cdc7a122a?s=96&d=mm&r=g\",\"url\":\"https:\\\/\\\/secure.gravatar.com\\\/avatar\\\/a15b660280727ff1737611bc5349040155e2609201d613ef2611905cdc7a122a?s=96&d=mm&r=g\",\"contentUrl\":\"https:\\\/\\\/secure.gravatar.com\\\/avatar\\\/a15b660280727ff1737611bc5349040155e2609201d613ef2611905cdc7a122a?s=96&d=mm&r=g\",\"caption\":\"Alessandro Farina\"},\"url\":\"https:\\\/\\\/cyclingpro.net\\\/spaziociclismo\\\/author\\\/afarina\\\/\"}]}<\/script>\n<!-- \/ Yoast SEO plugin. -->","yoast_head_json":{"title":"Mondiali Montr\u00e9al 2026, Paul Seixas: \u201cL\u2019assenza di Poga\u010dar cambia la corsa, sar\u00e0 pi\u00f9 aperta. Per me sar\u00e0 importante correre prima i GP\u201d - SpazioCiclismo","robots":{"index":"index","follow":"follow","max-snippet":"max-snippet:-1","max-image-preview":"max-image-preview:large","max-video-preview":"max-video-preview:-1"},"canonical":"https:\/\/cyclingpro.net\/spaziociclismo\/montreal-2026\/mondiali-montreal-2026-paul-seixas-lassenza-di-pogacar-cambia-la-corsa-sara-piu-aperta-per-me-sara-importante-correre-prima-i-gp\/","og_locale":"it_IT","og_type":"article","og_title":"Mondiali Montr\u00e9al 2026, Paul Seixas: \u201cL\u2019assenza di Poga\u010dar cambia la corsa, sar\u00e0 pi\u00f9 aperta. Per me sar\u00e0 importante correre prima i GP\u201d - SpazioCiclismo","og_description":"Paul Seixas si prepara per essere protagonista ai Mondiali di Montr\u00e9al","og_url":"https:\/\/cyclingpro.net\/spaziociclismo\/montreal-2026\/mondiali-montreal-2026-paul-seixas-lassenza-di-pogacar-cambia-la-corsa-sara-piu-aperta-per-me-sara-importante-correre-prima-i-gp\/","og_site_name":"SpazioCiclismo","article_publisher":"https:\/\/www.facebook.com\/SpazioCiclismo\/","article_published_time":"2026-09-03T08:12:59+00:00","og_image":[{"width":1200,"height":800,"url":"https:\/\/cyclingpro.net\/spaziociclismo\/wp-content\/uploads\/2026\/06\/Paul-Seixas-Casco-Sorriso.webp","type":"image\/webp"}],"author":"Alessandro Farina","twitter_card":"summary_large_image","twitter_creator":"@spaziociclismo","twitter_site":"@spaziociclismo","twitter_misc":{"Scritto da":"Alessandro Farina","Tempo di lettura stimato":"3 minuti"},"schema":{"@context":"https:\/\/schema.org","@graph":[{"@type":"Article","@id":"https:\/\/cyclingpro.net\/spaziociclismo\/montreal-2026\/mondiali-montreal-2026-paul-seixas-lassenza-di-pogacar-cambia-la-corsa-sara-piu-aperta-per-me-sara-importante-correre-prima-i-gp\/#article","isPartOf":{"@id":"https:\/\/cyclingpro.net\/spaziociclismo\/montreal-2026\/mondiali-montreal-2026-paul-seixas-lassenza-di-pogacar-cambia-la-corsa-sara-piu-aperta-per-me-sara-importante-correre-prima-i-gp\/"},"author":{"name":"Alessandro Farina","@id":"https:\/\/cyclingpro.net\/spaziociclismo\/#\/schema\/person\/fda4d079a95104c2764f9c3ffa3fc26f"},"headline":"Mondiali Montr\u00e9al 2026, Paul Seixas: \u201cL\u2019assenza di Poga\u010dar cambia la corsa, sar\u00e0 pi\u00f9 aperta. Per me sar\u00e0 importante correre prima i GP\u201d","datePublished":"2026-09-03T08:12:59+00:00","mainEntityOfPage":{"@id":"https:\/\/cyclingpro.net\/spaziociclismo\/montreal-2026\/mondiali-montreal-2026-paul-seixas-lassenza-di-pogacar-cambia-la-corsa-sara-piu-aperta-per-me-sara-importante-correre-prima-i-gp\/"},"wordCount":510,"commentCount":0,"publisher":{"@id":"https:\/\/cyclingpro.net\/spaziociclismo\/#organization"},"image":{"@id":"https:\/\/cyclingpro.net\/spaziociclismo\/montreal-2026\/mondiali-montreal-2026-paul-seixas-lassenza-di-pogacar-cambia-la-corsa-sara-piu-aperta-per-me-sara-importante-correre-prima-i-gp\/#primaryimage"},"thumbnailUrl":"https:\/\/cyclingpro.net\/spaziociclismo\/wp-content\/uploads\/2026\/06\/Paul-Seixas-Casco-Sorriso.webp","keywords":["Mondiali Montr\u00e9al 2026","Paul Seixas"],"articleSection":["Montr\u00e9al 2026"],"inLanguage":"it-IT","potentialAction":[{"@type":"CommentAction","name":"Comment","target":["https:\/\/cyclingpro.net\/spaziociclismo\/montreal-2026\/mondiali-montreal-2026-paul-seixas-lassenza-di-pogacar-cambia-la-corsa-sara-piu-aperta-per-me-sara-importante-correre-prima-i-gp\/#respond"]}]},{"@type":"WebPage","@id":"https:\/\/cyclingpro.net\/spaziociclismo\/montreal-2026\/mondiali-montreal-2026-paul-seixas-lassenza-di-pogacar-cambia-la-corsa-sara-piu-aperta-per-me-sara-importante-correre-prima-i-gp\/","url":"https:\/\/cyclingpro.net\/spaziociclismo\/montreal-2026\/mondiali-montreal-2026-paul-seixas-lassenza-di-pogacar-cambia-la-corsa-sara-piu-aperta-per-me-sara-importante-correre-prima-i-gp\/","name":"Mondiali Montr\u00e9al 2026, Paul Seixas: \u201cL\u2019assenza di Poga\u010dar cambia la corsa, sar\u00e0 pi\u00f9 aperta. Per me sar\u00e0 importante correre prima i GP\u201d - SpazioCiclismo","isPartOf":{"@id":"https:\/\/cyclingpro.net\/spaziociclismo\/#website"},"primaryImageOfPage":{"@id":"https:\/\/cyclingpro.net\/spaziociclismo\/montreal-2026\/mondiali-montreal-2026-paul-seixas-lassenza-di-pogacar-cambia-la-corsa-sara-piu-aperta-per-me-sara-importante-correre-prima-i-gp\/#primaryimage"},"image":{"@id":"https:\/\/cyclingpro.net\/spaziociclismo\/montreal-2026\/mondiali-montreal-2026-paul-seixas-lassenza-di-pogacar-cambia-la-corsa-sara-piu-aperta-per-me-sara-importante-correre-prima-i-gp\/#primaryimage"},"thumbnailUrl":"https:\/\/cyclingpro.net\/spaziociclismo\/wp-content\/uploads\/2026\/06\/Paul-Seixas-Casco-Sorriso.webp","datePublished":"2026-09-03T08:12:59+00:00","breadcrumb":{"@id":"https:\/\/cyclingpro.net\/spaziociclismo\/montreal-2026\/mondiali-montreal-2026-paul-seixas-lassenza-di-pogacar-cambia-la-corsa-sara-piu-aperta-per-me-sara-importante-correre-prima-i-gp\/#breadcrumb"},"inLanguage":"it-IT","potentialAction":[{"@type":"ReadAction","target":["https:\/\/cyclingpro.net\/spaziociclismo\/montreal-2026\/mondiali-montreal-2026-paul-seixas-lassenza-di-pogacar-cambia-la-corsa-sara-piu-aperta-per-me-sara-importante-correre-prima-i-gp\/"]}]},{"@type":"ImageObject","inLanguage":"it-IT","@id":"https:\/\/cyclingpro.net\/spaziociclismo\/montreal-2026\/mondiali-montreal-2026-paul-seixas-lassenza-di-pogacar-cambia-la-corsa-sara-piu-aperta-per-me-sara-importante-correre-prima-i-gp\/#primaryimage","url":"https:\/\/cyclingpro.net\/spaziociclismo\/wp-content\/uploads\/2026\/06\/Paul-Seixas-Casco-Sorriso.webp","contentUrl":"https:\/\/cyclingpro.net\/spaziociclismo\/wp-content\/uploads\/2026\/06\/Paul-Seixas-Casco-Sorriso.webp","width":1200,"height":800,"caption":"\u00a9 ASO \/ Gaetan Flamme"},{"@type":"BreadcrumbList","@id":"https:\/\/cyclingpro.net\/spaziociclismo\/montreal-2026\/mondiali-montreal-2026-paul-seixas-lassenza-di-pogacar-cambia-la-corsa-sara-piu-aperta-per-me-sara-importante-correre-prima-i-gp\/#breadcrumb","itemListElement":[{"@type":"ListItem","position":1,"name":"Home","item":"https:\/\/cyclingpro.net\/spaziociclismo\/"},{"@type":"ListItem","position":2,"name":"Mondiali Montr\u00e9al 2026, Paul Seixas: \u201cL\u2019assenza di Poga\u010dar cambia la corsa, sar\u00e0 pi\u00f9 aperta. Per me sar\u00e0 importante correre prima i GP\u201d"}]},{"@type":"WebSite","@id":"https:\/\/cyclingpro.net\/spaziociclismo\/#website","url":"https:\/\/cyclingpro.net\/spaziociclismo\/","name":"SpazioCiclismo","description":"Tutto il ciclismo minuto per minuto","publisher":{"@id":"https:\/\/cyclingpro.net\/spaziociclismo\/#organization"},"potentialAction":[{"@type":"SearchAction","target":{"@type":"EntryPoint","urlTemplate":"https:\/\/cyclingpro.net\/spaziociclismo\/?s={search_term_string}"},"query-input":{"@type":"PropertyValueSpecification","valueRequired":true,"valueName":"search_term_string"}}],"inLanguage":"it-IT"},{"@type":"Organization","@id":"https:\/\/cyclingpro.net\/spaziociclismo\/#organization","name":"SpazioCiclismo","url":"https:\/\/cyclingpro.net\/spaziociclismo\/","logo":{"@type":"ImageObject","inLanguage":"it-IT","@id":"https:\/\/cyclingpro.net\/spaziociclismo\/#\/schema\/logo\/image\/","url":"https:\/\/cyclingpro.net\/spaziociclismo\/wp-content\/uploads\/2017\/02\/SpazioCiclismo-Logo-Quadrato.png","contentUrl":"https:\/\/cyclingpro.net\/spaziociclismo\/wp-content\/uploads\/2017\/02\/SpazioCiclismo-Logo-Quadrato.png","width":450,"height":450,"caption":"SpazioCiclismo"},"image":{"@id":"https:\/\/cyclingpro.net\/spaziociclismo\/#\/schema\/logo\/image\/"},"sameAs":["https:\/\/www.facebook.com\/SpazioCiclismo\/","https:\/\/x.com\/spaziociclismo","https:\/\/www.instagram.com\/spaziociclismo\/"]},{"@type":"Person","@id":"https:\/\/cyclingpro.net\/spaziociclismo\/#\/schema\/person\/fda4d079a95104c2764f9c3ffa3fc26f","name":"Alessandro Farina","image":{"@type":"ImageObject","inLanguage":"it-IT","@id":"https:\/\/secure.gravatar.com\/avatar\/a15b660280727ff1737611bc5349040155e2609201d613ef2611905cdc7a122a?s=96&d=mm&r=g","url":"https:\/\/secure.gravatar.com\/avatar\/a15b660280727ff1737611bc5349040155e2609201d613ef2611905cdc7a122a?s=96&d=mm&r=g","contentUrl":"https:\/\/secure.gravatar.com\/avatar\/a15b660280727ff1737611bc5349040155e2609201d613ef2611905cdc7a122a?s=96&d=mm&r=g","caption":"Alessandro Farina"},"url":"https:\/\/cyclingpro.net\/spaziociclismo\/author\/afarina\/"}]}},"_links":{"self":[{"href":"https:\/\/cyclingpro.net\/spaziociclismo\/wp-json\/wp\/v2\/posts\/393427","targetHints":{"allow":["GET"]}}],"collection":[{"href":"https:\/\/cyclingpro.net\/spaziociclismo\/wp-json\/wp\/v2\/posts"}],"about":[{"href":"https:\/\/cyclingpro.net\/spaziociclismo\/wp-json\/wp\/v2\/types\/post"}],"author":[{"embeddable":true,"href":"https:\/\/cyclingpro.net\/spaziociclismo\/wp-json\/wp\/v2\/users\/52"}],"replies":[{"embeddable":true,"href":"https:\/\/cyclingpro.net\/spaziociclismo\/wp-json\/wp\/v2\/comments?post=393427"}],"version-history":[{"count":2,"href":"https:\/\/cyclingpro.net\/spaziociclismo\/wp-json\/wp\/v2\/posts\/393427\/revisions"}],"predecessor-version":[{"id":393430,"href":"https:\/\/cyclingpro.net\/spaziociclismo\/wp-json\/wp\/v2\/posts\/393427\/revisions\/393430"}],"wp:featuredmedia":[{"embeddable":true,"href":"https:\/\/cyclingpro.net\/spaziociclismo\/wp-json\/wp\/v2\/media\/381595"}],"wp:attachment":[{"href":"https:\/\/cyclingpro.net\/spaziociclismo\/wp-json\/wp\/v2\/media?parent=393427"}],"wp:term":[{"taxonomy":"category","embeddable":true,"href":"https:\/\/cyclingpro.net\/spaziociclismo\/wp-json\/wp\/v2\/categories?post=393427"},{"taxonomy":"post_tag","embeddable":true,"href":"https:\/\/cyclingpro.net\/spaziociclismo\/wp-json\/wp\/v2\/tags?post=393427"}],"curies":[{"name":"wp","href":"https:\/\/api.w.org\/{rel}","templated":true}]}}