{"id":393423,"date":"2026-09-03T09:42:39","date_gmt":"2026-09-03T07:42:39","guid":{"rendered":"https:\/\/cyclingpro.net\/spaziociclismo\/?p=393423"},"modified":"2026-09-03T09:42:39","modified_gmt":"2026-09-03T07:42:39","slug":"ciclomercato-2027-la-pinarello-q36-5-propone-unofferta-alta-al-talento-brasiliano-henrique-bravo-per-prenderlo-dalla-soudal-quick-step","status":"publish","type":"post","link":"https:\/\/cyclingpro.net\/spaziociclismo\/ciclomercato\/ciclomercato-2027-la-pinarello-q36-5-propone-unofferta-alta-al-talento-brasiliano-henrique-bravo-per-prenderlo-dalla-soudal-quick-step\/","title":{"rendered":"CicloMercato 2027, la Pinarello-Q36.5 propone un\u2019offerta alta al talento brasiliano Henrique Bravo per prenderlo dalla Soudal Quick-Step"},"content":{"rendered":"<p>La <strong>Pinarello-Q36.5<\/strong> sta provando a prendere il giovane talento brasiliano <strong>Henrique Bravo<\/strong>, attualmente nella formazione di sviluppo della <strong>Soudal Quick-Step<\/strong>. Secondo quanto riportato da <a href=\"https:\/\/www.wielerflits.nl\/nieuws\/pinarello-q36-5-trekt-aan-toptalent-henrique-bravo-20-van-soudal-quick-step\/\"><em>Wielerflits<\/em> <\/a>la formazione svizzera Professional avrebbe proposto al corridore un\u2019offerta contrattuale nettamente pi\u00f9 alta di quella del suo attuale team, cos\u00ec da convincerlo a firmare e battere la folta concorrenza di altri team. La situazione per\u00f2 \u00e8 abbastanza complessa, in quanto fonti interne alla Soudal Quick-Step riferiscono che Bravo sarebbe legato ad un contratto anche per la prossima stagione, ma che allo stesso tempo non pu\u00f2 passare alla squadra WorldTour in quanto l\u2019organico \u00e8 gi\u00e0 al completo per il 2027.<\/p>\n<p>Proprio per questo la Pinarello-Q36.5 sarebbe pronta a far fare subito il salto nel professionismo al classe 2006, che ha dimostrato ampiamente in questa stagione le proprie qualit\u00e0 di scalatore, aprendo la stagione con la prima vittoria da professionista al <strong>Tour du Rwanda<\/strong> e poi conquistando la classifica generale del <strong>Tour di Antalya<\/strong> e dell\u2019<strong>Ober\u00f6sterreich Rundfahrt,<\/strong> entrambe corse di categoria UCI 2.2. Poi ha lasciato il segno anche nelle corse giovanili, chiudendo terzo il <strong>Giro Next Gen<\/strong>, vincendo il <strong>Giro della Valle d&#8217;Aosta<\/strong> e arrivando quinto al <strong>Tour de l\u2019Avenir<\/strong>, lottando con il vincitore Lorenzo Finn, che potrebbe seguire quindi nel salto di categoria per il prossimo anno.<\/p>\n","protected":false},"excerpt":{"rendered":"<p>La Pinarello-Q36.5 prova a prendere il giovane talento brasiliano Henrique Bravo dalla Soudal Quick-Step #CicloMercato <\/p>\n","protected":false},"author":52,"featured_media":367141,"comment_status":"open","ping_status":"closed","sticky":false,"template":"","format":"standard","meta":{"footnotes":"","_members_access_role":[],"_members_access_error":""},"categories":[5],"tags":[6931],"class_list":["post-393423","post","type-post","status-publish","format-standard","has-post-thumbnail","hentry","category-ciclomercato","tag-henrique-bravo"],"yoast_head":"<!-- This site is optimized with the Yoast SEO plugin v28.4 - https:\/\/yoast.com\/product\/yoast-seo-wordpress\/ -->\n<title>CicloMercato 2027, la Pinarello-Q36.5 propone un\u2019offerta alta al talento brasiliano Henrique Bravo per prenderlo dalla Soudal Quick-Step - SpazioCiclismo<\/title>\n<meta name=\"robots\" content=\"index, follow, max-snippet:-1, max-image-preview:large, max-video-preview:-1\" \/>\n<link rel=\"canonical\" href=\"https:\/\/cyclingpro.net\/spaziociclismo\/ciclomercato\/ciclomercato-2027-la-pinarello-q36-5-propone-unofferta-alta-al-talento-brasiliano-henrique-bravo-per-prenderlo-dalla-soudal-quick-step\/\" \/>\n<meta property=\"og:locale\" content=\"it_IT\" \/>\n<meta property=\"og:type\" content=\"article\" \/>\n<meta property=\"og:title\" content=\"CicloMercato 2027, la Pinarello-Q36.5 propone un\u2019offerta alta al talento brasiliano Henrique Bravo per prenderlo dalla Soudal Quick-Step - SpazioCiclismo\" \/>\n<meta property=\"og:description\" content=\"La Pinarello-Q36.5 prova a prendere il giovane talento brasiliano Henrique Bravo dalla Soudal Quick-Step #CicloMercato\" \/>\n<meta property=\"og:url\" content=\"https:\/\/cyclingpro.net\/spaziociclismo\/ciclomercato\/ciclomercato-2027-la-pinarello-q36-5-propone-unofferta-alta-al-talento-brasiliano-henrique-bravo-per-prenderlo-dalla-soudal-quick-step\/\" \/>\n<meta property=\"og:site_name\" content=\"SpazioCiclismo\" \/>\n<meta property=\"article:publisher\" content=\"https:\/\/www.facebook.com\/SpazioCiclismo\/\" \/>\n<meta property=\"article:published_time\" content=\"2026-09-03T07:42:39+00:00\" \/>\n<meta property=\"og:image\" content=\"https:\/\/cyclingpro.net\/spaziociclismo\/wp-content\/uploads\/2026\/02\/Henrique-Bravo-Tappa-7-Tour-du-Rwanda-2026.jpg\" \/>\n\t<meta property=\"og:image:width\" content=\"1200\" \/>\n\t<meta property=\"og:image:height\" content=\"800\" \/>\n\t<meta property=\"og:image:type\" content=\"image\/jpeg\" \/>\n<meta name=\"author\" content=\"Alessandro Farina\" \/>\n<meta name=\"twitter:card\" content=\"summary_large_image\" \/>\n<meta name=\"twitter:creator\" content=\"@spaziociclismo\" \/>\n<meta name=\"twitter:site\" content=\"@spaziociclismo\" \/>\n<meta name=\"twitter:label1\" content=\"Scritto da\" \/>\n\t<meta name=\"twitter:data1\" content=\"Alessandro Farina\" \/>\n\t<meta name=\"twitter:label2\" content=\"Tempo di lettura stimato\" \/>\n\t<meta name=\"twitter:data2\" content=\"2 minuti\" \/>\n<script type=\"application\/ld+json\" class=\"yoast-schema-graph\">{\"@context\":\"https:\\\/\\\/schema.org\",\"@graph\":[{\"@type\":\"Article\",\"@id\":\"https:\\\/\\\/cyclingpro.net\\\/spaziociclismo\\\/ciclomercato\\\/ciclomercato-2027-la-pinarello-q36-5-propone-unofferta-alta-al-talento-brasiliano-henrique-bravo-per-prenderlo-dalla-soudal-quick-step\\\/#article\",\"isPartOf\":{\"@id\":\"https:\\\/\\\/cyclingpro.net\\\/spaziociclismo\\\/ciclomercato\\\/ciclomercato-2027-la-pinarello-q36-5-propone-unofferta-alta-al-talento-brasiliano-henrique-bravo-per-prenderlo-dalla-soudal-quick-step\\\/\"},\"author\":{\"name\":\"Alessandro Farina\",\"@id\":\"https:\\\/\\\/cyclingpro.net\\\/spaziociclismo\\\/#\\\/schema\\\/person\\\/fda4d079a95104c2764f9c3ffa3fc26f\"},\"headline\":\"CicloMercato 2027, la Pinarello-Q36.5 propone un\u2019offerta alta al talento brasiliano Henrique Bravo per prenderlo dalla Soudal Quick-Step\",\"datePublished\":\"2026-09-03T07:42:39+00:00\",\"mainEntityOfPage\":{\"@id\":\"https:\\\/\\\/cyclingpro.net\\\/spaziociclismo\\\/ciclomercato\\\/ciclomercato-2027-la-pinarello-q36-5-propone-unofferta-alta-al-talento-brasiliano-henrique-bravo-per-prenderlo-dalla-soudal-quick-step\\\/\"},\"wordCount\":230,\"commentCount\":0,\"publisher\":{\"@id\":\"https:\\\/\\\/cyclingpro.net\\\/spaziociclismo\\\/#organization\"},\"image\":{\"@id\":\"https:\\\/\\\/cyclingpro.net\\\/spaziociclismo\\\/ciclomercato\\\/ciclomercato-2027-la-pinarello-q36-5-propone-unofferta-alta-al-talento-brasiliano-henrique-bravo-per-prenderlo-dalla-soudal-quick-step\\\/#primaryimage\"},\"thumbnailUrl\":\"https:\\\/\\\/cyclingpro.net\\\/spaziociclismo\\\/wp-content\\\/uploads\\\/2026\\\/02\\\/Henrique-Bravo-Tappa-7-Tour-du-Rwanda-2026.jpg\",\"keywords\":[\"Henrique Bravo\"],\"articleSection\":[\"CicloMercato\"],\"inLanguage\":\"it-IT\",\"potentialAction\":[{\"@type\":\"CommentAction\",\"name\":\"Comment\",\"target\":[\"https:\\\/\\\/cyclingpro.net\\\/spaziociclismo\\\/ciclomercato\\\/ciclomercato-2027-la-pinarello-q36-5-propone-unofferta-alta-al-talento-brasiliano-henrique-bravo-per-prenderlo-dalla-soudal-quick-step\\\/#respond\"]}]},{\"@type\":\"WebPage\",\"@id\":\"https:\\\/\\\/cyclingpro.net\\\/spaziociclismo\\\/ciclomercato\\\/ciclomercato-2027-la-pinarello-q36-5-propone-unofferta-alta-al-talento-brasiliano-henrique-bravo-per-prenderlo-dalla-soudal-quick-step\\\/\",\"url\":\"https:\\\/\\\/cyclingpro.net\\\/spaziociclismo\\\/ciclomercato\\\/ciclomercato-2027-la-pinarello-q36-5-propone-unofferta-alta-al-talento-brasiliano-henrique-bravo-per-prenderlo-dalla-soudal-quick-step\\\/\",\"name\":\"CicloMercato 2027, la Pinarello-Q36.5 propone un\u2019offerta alta al talento brasiliano Henrique Bravo per prenderlo dalla Soudal Quick-Step - SpazioCiclismo\",\"isPartOf\":{\"@id\":\"https:\\\/\\\/cyclingpro.net\\\/spaziociclismo\\\/#website\"},\"primaryImageOfPage\":{\"@id\":\"https:\\\/\\\/cyclingpro.net\\\/spaziociclismo\\\/ciclomercato\\\/ciclomercato-2027-la-pinarello-q36-5-propone-unofferta-alta-al-talento-brasiliano-henrique-bravo-per-prenderlo-dalla-soudal-quick-step\\\/#primaryimage\"},\"image\":{\"@id\":\"https:\\\/\\\/cyclingpro.net\\\/spaziociclismo\\\/ciclomercato\\\/ciclomercato-2027-la-pinarello-q36-5-propone-unofferta-alta-al-talento-brasiliano-henrique-bravo-per-prenderlo-dalla-soudal-quick-step\\\/#primaryimage\"},\"thumbnailUrl\":\"https:\\\/\\\/cyclingpro.net\\\/spaziociclismo\\\/wp-content\\\/uploads\\\/2026\\\/02\\\/Henrique-Bravo-Tappa-7-Tour-du-Rwanda-2026.jpg\",\"datePublished\":\"2026-09-03T07:42:39+00:00\",\"breadcrumb\":{\"@id\":\"https:\\\/\\\/cyclingpro.net\\\/spaziociclismo\\\/ciclomercato\\\/ciclomercato-2027-la-pinarello-q36-5-propone-unofferta-alta-al-talento-brasiliano-henrique-bravo-per-prenderlo-dalla-soudal-quick-step\\\/#breadcrumb\"},\"inLanguage\":\"it-IT\",\"potentialAction\":[{\"@type\":\"ReadAction\",\"target\":[\"https:\\\/\\\/cyclingpro.net\\\/spaziociclismo\\\/ciclomercato\\\/ciclomercato-2027-la-pinarello-q36-5-propone-unofferta-alta-al-talento-brasiliano-henrique-bravo-per-prenderlo-dalla-soudal-quick-step\\\/\"]}]},{\"@type\":\"ImageObject\",\"inLanguage\":\"it-IT\",\"@id\":\"https:\\\/\\\/cyclingpro.net\\\/spaziociclismo\\\/ciclomercato\\\/ciclomercato-2027-la-pinarello-q36-5-propone-unofferta-alta-al-talento-brasiliano-henrique-bravo-per-prenderlo-dalla-soudal-quick-step\\\/#primaryimage\",\"url\":\"https:\\\/\\\/cyclingpro.net\\\/spaziociclismo\\\/wp-content\\\/uploads\\\/2026\\\/02\\\/Henrique-Bravo-Tappa-7-Tour-du-Rwanda-2026.jpg\",\"contentUrl\":\"https:\\\/\\\/cyclingpro.net\\\/spaziociclismo\\\/wp-content\\\/uploads\\\/2026\\\/02\\\/Henrique-Bravo-Tappa-7-Tour-du-Rwanda-2026.jpg\",\"width\":1200,\"height\":800,\"caption\":\"\u00a9 Tour du Rwanda\"},{\"@type\":\"BreadcrumbList\",\"@id\":\"https:\\\/\\\/cyclingpro.net\\\/spaziociclismo\\\/ciclomercato\\\/ciclomercato-2027-la-pinarello-q36-5-propone-unofferta-alta-al-talento-brasiliano-henrique-bravo-per-prenderlo-dalla-soudal-quick-step\\\/#breadcrumb\",\"itemListElement\":[{\"@type\":\"ListItem\",\"position\":1,\"name\":\"Home\",\"item\":\"https:\\\/\\\/cyclingpro.net\\\/spaziociclismo\\\/\"},{\"@type\":\"ListItem\",\"position\":2,\"name\":\"CicloMercato 2027, la Pinarello-Q36.5 propone un\u2019offerta alta al talento brasiliano Henrique Bravo per prenderlo dalla Soudal Quick-Step\"}]},{\"@type\":\"WebSite\",\"@id\":\"https:\\\/\\\/cyclingpro.net\\\/spaziociclismo\\\/#website\",\"url\":\"https:\\\/\\\/cyclingpro.net\\\/spaziociclismo\\\/\",\"name\":\"SpazioCiclismo\",\"description\":\"Tutto il ciclismo minuto per minuto\",\"publisher\":{\"@id\":\"https:\\\/\\\/cyclingpro.net\\\/spaziociclismo\\\/#organization\"},\"potentialAction\":[{\"@type\":\"SearchAction\",\"target\":{\"@type\":\"EntryPoint\",\"urlTemplate\":\"https:\\\/\\\/cyclingpro.net\\\/spaziociclismo\\\/?s={search_term_string}\"},\"query-input\":{\"@type\":\"PropertyValueSpecification\",\"valueRequired\":true,\"valueName\":\"search_term_string\"}}],\"inLanguage\":\"it-IT\"},{\"@type\":\"Organization\",\"@id\":\"https:\\\/\\\/cyclingpro.net\\\/spaziociclismo\\\/#organization\",\"name\":\"SpazioCiclismo\",\"url\":\"https:\\\/\\\/cyclingpro.net\\\/spaziociclismo\\\/\",\"logo\":{\"@type\":\"ImageObject\",\"inLanguage\":\"it-IT\",\"@id\":\"https:\\\/\\\/cyclingpro.net\\\/spaziociclismo\\\/#\\\/schema\\\/logo\\\/image\\\/\",\"url\":\"https:\\\/\\\/cyclingpro.net\\\/spaziociclismo\\\/wp-content\\\/uploads\\\/2017\\\/02\\\/SpazioCiclismo-Logo-Quadrato.png\",\"contentUrl\":\"https:\\\/\\\/cyclingpro.net\\\/spaziociclismo\\\/wp-content\\\/uploads\\\/2017\\\/02\\\/SpazioCiclismo-Logo-Quadrato.png\",\"width\":450,\"height\":450,\"caption\":\"SpazioCiclismo\"},\"image\":{\"@id\":\"https:\\\/\\\/cyclingpro.net\\\/spaziociclismo\\\/#\\\/schema\\\/logo\\\/image\\\/\"},\"sameAs\":[\"https:\\\/\\\/www.facebook.com\\\/SpazioCiclismo\\\/\",\"https:\\\/\\\/x.com\\\/spaziociclismo\",\"https:\\\/\\\/www.instagram.com\\\/spaziociclismo\\\/\"]},{\"@type\":\"Person\",\"@id\":\"https:\\\/\\\/cyclingpro.net\\\/spaziociclismo\\\/#\\\/schema\\\/person\\\/fda4d079a95104c2764f9c3ffa3fc26f\",\"name\":\"Alessandro Farina\",\"image\":{\"@type\":\"ImageObject\",\"inLanguage\":\"it-IT\",\"@id\":\"https:\\\/\\\/secure.gravatar.com\\\/avatar\\\/a15b660280727ff1737611bc5349040155e2609201d613ef2611905cdc7a122a?s=96&d=mm&r=g\",\"url\":\"https:\\\/\\\/secure.gravatar.com\\\/avatar\\\/a15b660280727ff1737611bc5349040155e2609201d613ef2611905cdc7a122a?s=96&d=mm&r=g\",\"contentUrl\":\"https:\\\/\\\/secure.gravatar.com\\\/avatar\\\/a15b660280727ff1737611bc5349040155e2609201d613ef2611905cdc7a122a?s=96&d=mm&r=g\",\"caption\":\"Alessandro Farina\"},\"url\":\"https:\\\/\\\/cyclingpro.net\\\/spaziociclismo\\\/author\\\/afarina\\\/\"}]}<\/script>\n<!-- \/ Yoast SEO plugin. -->","yoast_head_json":{"title":"CicloMercato 2027, la Pinarello-Q36.5 propone un\u2019offerta alta al talento brasiliano Henrique Bravo per prenderlo dalla Soudal Quick-Step - SpazioCiclismo","robots":{"index":"index","follow":"follow","max-snippet":"max-snippet:-1","max-image-preview":"max-image-preview:large","max-video-preview":"max-video-preview:-1"},"canonical":"https:\/\/cyclingpro.net\/spaziociclismo\/ciclomercato\/ciclomercato-2027-la-pinarello-q36-5-propone-unofferta-alta-al-talento-brasiliano-henrique-bravo-per-prenderlo-dalla-soudal-quick-step\/","og_locale":"it_IT","og_type":"article","og_title":"CicloMercato 2027, la Pinarello-Q36.5 propone un\u2019offerta alta al talento brasiliano Henrique Bravo per prenderlo dalla Soudal Quick-Step - SpazioCiclismo","og_description":"La Pinarello-Q36.5 prova a prendere il giovane talento brasiliano Henrique Bravo dalla Soudal Quick-Step #CicloMercato","og_url":"https:\/\/cyclingpro.net\/spaziociclismo\/ciclomercato\/ciclomercato-2027-la-pinarello-q36-5-propone-unofferta-alta-al-talento-brasiliano-henrique-bravo-per-prenderlo-dalla-soudal-quick-step\/","og_site_name":"SpazioCiclismo","article_publisher":"https:\/\/www.facebook.com\/SpazioCiclismo\/","article_published_time":"2026-09-03T07:42:39+00:00","og_image":[{"width":1200,"height":800,"url":"https:\/\/cyclingpro.net\/spaziociclismo\/wp-content\/uploads\/2026\/02\/Henrique-Bravo-Tappa-7-Tour-du-Rwanda-2026.jpg","type":"image\/jpeg"}],"author":"Alessandro Farina","twitter_card":"summary_large_image","twitter_creator":"@spaziociclismo","twitter_site":"@spaziociclismo","twitter_misc":{"Scritto da":"Alessandro Farina","Tempo di lettura stimato":"2 minuti"},"schema":{"@context":"https:\/\/schema.org","@graph":[{"@type":"Article","@id":"https:\/\/cyclingpro.net\/spaziociclismo\/ciclomercato\/ciclomercato-2027-la-pinarello-q36-5-propone-unofferta-alta-al-talento-brasiliano-henrique-bravo-per-prenderlo-dalla-soudal-quick-step\/#article","isPartOf":{"@id":"https:\/\/cyclingpro.net\/spaziociclismo\/ciclomercato\/ciclomercato-2027-la-pinarello-q36-5-propone-unofferta-alta-al-talento-brasiliano-henrique-bravo-per-prenderlo-dalla-soudal-quick-step\/"},"author":{"name":"Alessandro Farina","@id":"https:\/\/cyclingpro.net\/spaziociclismo\/#\/schema\/person\/fda4d079a95104c2764f9c3ffa3fc26f"},"headline":"CicloMercato 2027, la Pinarello-Q36.5 propone un\u2019offerta alta al talento brasiliano Henrique Bravo per prenderlo dalla Soudal Quick-Step","datePublished":"2026-09-03T07:42:39+00:00","mainEntityOfPage":{"@id":"https:\/\/cyclingpro.net\/spaziociclismo\/ciclomercato\/ciclomercato-2027-la-pinarello-q36-5-propone-unofferta-alta-al-talento-brasiliano-henrique-bravo-per-prenderlo-dalla-soudal-quick-step\/"},"wordCount":230,"commentCount":0,"publisher":{"@id":"https:\/\/cyclingpro.net\/spaziociclismo\/#organization"},"image":{"@id":"https:\/\/cyclingpro.net\/spaziociclismo\/ciclomercato\/ciclomercato-2027-la-pinarello-q36-5-propone-unofferta-alta-al-talento-brasiliano-henrique-bravo-per-prenderlo-dalla-soudal-quick-step\/#primaryimage"},"thumbnailUrl":"https:\/\/cyclingpro.net\/spaziociclismo\/wp-content\/uploads\/2026\/02\/Henrique-Bravo-Tappa-7-Tour-du-Rwanda-2026.jpg","keywords":["Henrique Bravo"],"articleSection":["CicloMercato"],"inLanguage":"it-IT","potentialAction":[{"@type":"CommentAction","name":"Comment","target":["https:\/\/cyclingpro.net\/spaziociclismo\/ciclomercato\/ciclomercato-2027-la-pinarello-q36-5-propone-unofferta-alta-al-talento-brasiliano-henrique-bravo-per-prenderlo-dalla-soudal-quick-step\/#respond"]}]},{"@type":"WebPage","@id":"https:\/\/cyclingpro.net\/spaziociclismo\/ciclomercato\/ciclomercato-2027-la-pinarello-q36-5-propone-unofferta-alta-al-talento-brasiliano-henrique-bravo-per-prenderlo-dalla-soudal-quick-step\/","url":"https:\/\/cyclingpro.net\/spaziociclismo\/ciclomercato\/ciclomercato-2027-la-pinarello-q36-5-propone-unofferta-alta-al-talento-brasiliano-henrique-bravo-per-prenderlo-dalla-soudal-quick-step\/","name":"CicloMercato 2027, la Pinarello-Q36.5 propone un\u2019offerta alta al talento brasiliano Henrique Bravo per prenderlo dalla Soudal Quick-Step - SpazioCiclismo","isPartOf":{"@id":"https:\/\/cyclingpro.net\/spaziociclismo\/#website"},"primaryImageOfPage":{"@id":"https:\/\/cyclingpro.net\/spaziociclismo\/ciclomercato\/ciclomercato-2027-la-pinarello-q36-5-propone-unofferta-alta-al-talento-brasiliano-henrique-bravo-per-prenderlo-dalla-soudal-quick-step\/#primaryimage"},"image":{"@id":"https:\/\/cyclingpro.net\/spaziociclismo\/ciclomercato\/ciclomercato-2027-la-pinarello-q36-5-propone-unofferta-alta-al-talento-brasiliano-henrique-bravo-per-prenderlo-dalla-soudal-quick-step\/#primaryimage"},"thumbnailUrl":"https:\/\/cyclingpro.net\/spaziociclismo\/wp-content\/uploads\/2026\/02\/Henrique-Bravo-Tappa-7-Tour-du-Rwanda-2026.jpg","datePublished":"2026-09-03T07:42:39+00:00","breadcrumb":{"@id":"https:\/\/cyclingpro.net\/spaziociclismo\/ciclomercato\/ciclomercato-2027-la-pinarello-q36-5-propone-unofferta-alta-al-talento-brasiliano-henrique-bravo-per-prenderlo-dalla-soudal-quick-step\/#breadcrumb"},"inLanguage":"it-IT","potentialAction":[{"@type":"ReadAction","target":["https:\/\/cyclingpro.net\/spaziociclismo\/ciclomercato\/ciclomercato-2027-la-pinarello-q36-5-propone-unofferta-alta-al-talento-brasiliano-henrique-bravo-per-prenderlo-dalla-soudal-quick-step\/"]}]},{"@type":"ImageObject","inLanguage":"it-IT","@id":"https:\/\/cyclingpro.net\/spaziociclismo\/ciclomercato\/ciclomercato-2027-la-pinarello-q36-5-propone-unofferta-alta-al-talento-brasiliano-henrique-bravo-per-prenderlo-dalla-soudal-quick-step\/#primaryimage","url":"https:\/\/cyclingpro.net\/spaziociclismo\/wp-content\/uploads\/2026\/02\/Henrique-Bravo-Tappa-7-Tour-du-Rwanda-2026.jpg","contentUrl":"https:\/\/cyclingpro.net\/spaziociclismo\/wp-content\/uploads\/2026\/02\/Henrique-Bravo-Tappa-7-Tour-du-Rwanda-2026.jpg","width":1200,"height":800,"caption":"\u00a9 Tour du Rwanda"},{"@type":"BreadcrumbList","@id":"https:\/\/cyclingpro.net\/spaziociclismo\/ciclomercato\/ciclomercato-2027-la-pinarello-q36-5-propone-unofferta-alta-al-talento-brasiliano-henrique-bravo-per-prenderlo-dalla-soudal-quick-step\/#breadcrumb","itemListElement":[{"@type":"ListItem","position":1,"name":"Home","item":"https:\/\/cyclingpro.net\/spaziociclismo\/"},{"@type":"ListItem","position":2,"name":"CicloMercato 2027, la Pinarello-Q36.5 propone un\u2019offerta alta al talento brasiliano Henrique Bravo per prenderlo dalla Soudal Quick-Step"}]},{"@type":"WebSite","@id":"https:\/\/cyclingpro.net\/spaziociclismo\/#website","url":"https:\/\/cyclingpro.net\/spaziociclismo\/","name":"SpazioCiclismo","description":"Tutto il ciclismo minuto per minuto","publisher":{"@id":"https:\/\/cyclingpro.net\/spaziociclismo\/#organization"},"potentialAction":[{"@type":"SearchAction","target":{"@type":"EntryPoint","urlTemplate":"https:\/\/cyclingpro.net\/spaziociclismo\/?s={search_term_string}"},"query-input":{"@type":"PropertyValueSpecification","valueRequired":true,"valueName":"search_term_string"}}],"inLanguage":"it-IT"},{"@type":"Organization","@id":"https:\/\/cyclingpro.net\/spaziociclismo\/#organization","name":"SpazioCiclismo","url":"https:\/\/cyclingpro.net\/spaziociclismo\/","logo":{"@type":"ImageObject","inLanguage":"it-IT","@id":"https:\/\/cyclingpro.net\/spaziociclismo\/#\/schema\/logo\/image\/","url":"https:\/\/cyclingpro.net\/spaziociclismo\/wp-content\/uploads\/2017\/02\/SpazioCiclismo-Logo-Quadrato.png","contentUrl":"https:\/\/cyclingpro.net\/spaziociclismo\/wp-content\/uploads\/2017\/02\/SpazioCiclismo-Logo-Quadrato.png","width":450,"height":450,"caption":"SpazioCiclismo"},"image":{"@id":"https:\/\/cyclingpro.net\/spaziociclismo\/#\/schema\/logo\/image\/"},"sameAs":["https:\/\/www.facebook.com\/SpazioCiclismo\/","https:\/\/x.com\/spaziociclismo","https:\/\/www.instagram.com\/spaziociclismo\/"]},{"@type":"Person","@id":"https:\/\/cyclingpro.net\/spaziociclismo\/#\/schema\/person\/fda4d079a95104c2764f9c3ffa3fc26f","name":"Alessandro Farina","image":{"@type":"ImageObject","inLanguage":"it-IT","@id":"https:\/\/secure.gravatar.com\/avatar\/a15b660280727ff1737611bc5349040155e2609201d613ef2611905cdc7a122a?s=96&d=mm&r=g","url":"https:\/\/secure.gravatar.com\/avatar\/a15b660280727ff1737611bc5349040155e2609201d613ef2611905cdc7a122a?s=96&d=mm&r=g","contentUrl":"https:\/\/secure.gravatar.com\/avatar\/a15b660280727ff1737611bc5349040155e2609201d613ef2611905cdc7a122a?s=96&d=mm&r=g","caption":"Alessandro Farina"},"url":"https:\/\/cyclingpro.net\/spaziociclismo\/author\/afarina\/"}]}},"_links":{"self":[{"href":"https:\/\/cyclingpro.net\/spaziociclismo\/wp-json\/wp\/v2\/posts\/393423","targetHints":{"allow":["GET"]}}],"collection":[{"href":"https:\/\/cyclingpro.net\/spaziociclismo\/wp-json\/wp\/v2\/posts"}],"about":[{"href":"https:\/\/cyclingpro.net\/spaziociclismo\/wp-json\/wp\/v2\/types\/post"}],"author":[{"embeddable":true,"href":"https:\/\/cyclingpro.net\/spaziociclismo\/wp-json\/wp\/v2\/users\/52"}],"replies":[{"embeddable":true,"href":"https:\/\/cyclingpro.net\/spaziociclismo\/wp-json\/wp\/v2\/comments?post=393423"}],"version-history":[{"count":2,"href":"https:\/\/cyclingpro.net\/spaziociclismo\/wp-json\/wp\/v2\/posts\/393423\/revisions"}],"predecessor-version":[{"id":393425,"href":"https:\/\/cyclingpro.net\/spaziociclismo\/wp-json\/wp\/v2\/posts\/393423\/revisions\/393425"}],"wp:featuredmedia":[{"embeddable":true,"href":"https:\/\/cyclingpro.net\/spaziociclismo\/wp-json\/wp\/v2\/media\/367141"}],"wp:attachment":[{"href":"https:\/\/cyclingpro.net\/spaziociclismo\/wp-json\/wp\/v2\/media?parent=393423"}],"wp:term":[{"taxonomy":"category","embeddable":true,"href":"https:\/\/cyclingpro.net\/spaziociclismo\/wp-json\/wp\/v2\/categories?post=393423"},{"taxonomy":"post_tag","embeddable":true,"href":"https:\/\/cyclingpro.net\/spaziociclismo\/wp-json\/wp\/v2\/tags?post=393423"}],"curies":[{"name":"wp","href":"https:\/\/api.w.org\/{rel}","templated":true}]}}