{"id":393418,"date":"2026-09-03T09:22:42","date_gmt":"2026-09-03T07:22:42","guid":{"rendered":"https:\/\/cyclingpro.net\/spaziociclismo\/?p=393418"},"modified":"2026-09-03T09:22:54","modified_gmt":"2026-09-03T07:22:54","slug":"uae-team-emirates-xrg-tadej-pogacar-dimesso-dallospedale-ritorno-a-monaco-per-iniziare-il-recupero","status":"publish","type":"post","link":"https:\/\/cyclingpro.net\/spaziociclismo\/worldtour\/uae-team-emirates-xrg-tadej-pogacar-dimesso-dallospedale-ritorno-a-monaco-per-iniziare-il-recupero\/","title":{"rendered":"UAE Team Emirates-XRG, Tadej Poga\u010dar dimesso dall\u2019ospedale: ritorno a Monaco per iniziare il recupero"},"content":{"rendered":"<p><strong>Tadej Poga\u010dar<\/strong> \u00e8 stato dimesso dall\u2019ospedale dopo l\u2019operazione alla clavicola. Il fuoriclasse della <strong>UAE Team Emirates \u2013 XRG<\/strong> nella giornata di luned\u00ec \u00e8 stato sottoposto ad un intervento chirurgico all\u2019Ospedale Dexeus di Barcellona per trattare la frattura alla clavicola sinistra in conseguenza della caduta, con ritiro, nel corso dell\u2019ottava tappa della <strong>Vuelta a Espa\u00f1a 2026<\/strong>. Lo sloveno \u00e8 rimasto sotto osservazione ed \u00e8 stato poi dimesso nella serata di mercoled\u00ec, facendo rientro a casa a Monaco. A certificare il momento \u00e8 stato uno scatto della compagna <strong>Ur\u0161ka \u017digart<\/strong>, con Poga\u010dar immortalato con il tutore al braccio e diversi cerotti per coprire le ferite su viso e mani, ma senza il tutore cervicale, ricordando che nella caduta aveva riportato anche la frattura stabile di una vertebra cervicale. Assieme a lui il fido massaggiatore \u017diga Jerman.<\/p>\n<blockquote class=\"twitter-tweet\">\n<p dir=\"ltr\" lang=\"en\">Poga\u010dar\u2019s on the road to recovery &#x2764;&#xfe0f;&#x200d;&#x1fa79;<\/p>\n<p>His girlfriend, Ur\u0161ka \u017digart, shared a photo of the world champion leaving hospital after successful surgery on his collarbone <a href=\"https:\/\/t.co\/0MaIgRKyqC\">pic.twitter.com\/0MaIgRKyqC<\/a><\/p>\n<p>\u2014 Cycling on TNT Sports (@cyclingontnt) <a href=\"https:\/\/x.com\/cyclingontnt\/status\/2095273953723822526?ref_src=twsrc%5Etfw\">September 2, 2026<\/a><\/p><\/blockquote>\n<p><script async src=\"https:\/\/platform.x.com\/widgets.js\" charset=\"utf-8\"><\/script><\/p>\n<p>Il campione iridato potr\u00e0 iniziare quindi il percorso di recupero, di cui per\u00f2 non si conoscono ancora le tempistiche. Infatti lo staff medico del team ha preferito non sbilanciarsi ancora e valutare prima l\u2019evolversi delle sue condizioni in questi primi giorni per capire come procedere. Tra gli appuntamenti che erano nel suo programma ci sono i <strong>Mondiali di Montr\u00e9al<\/strong>, che si corrono per\u00f2 tra meno di un mese e poi ad ottobre gli <strong>Europei a Lubiana<\/strong>, in casa, e <strong>Il Lombardia<\/strong>. La priorit\u00e0 resta per\u00f2 il recupero completo e non si tenter\u00e0 quindi un rientro forzato, con l\u2019ipotesi di un rientro solo il prossimo anno che resta quindi probabile.<\/p>\n","protected":false},"excerpt":{"rendered":"<p>Tadej Poga\u010dar \u00e8 stato dimesso dall\u2019ospedale dopo l\u2019operazione alla clavicola per la caduta a #LaVuelta26<\/p>\n","protected":false},"author":52,"featured_media":393421,"comment_status":"open","ping_status":"closed","sticky":false,"template":"","format":"standard","meta":{"footnotes":"","_members_access_role":[],"_members_access_error":""},"categories":[25],"tags":[2166],"class_list":["post-393418","post","type-post","status-publish","format-standard","has-post-thumbnail","hentry","category-worldtour","tag-tadej-pogacar"],"yoast_head":"<!-- This site is optimized with the Yoast SEO plugin v28.4 - https:\/\/yoast.com\/product\/yoast-seo-wordpress\/ -->\n<title>UAE Team Emirates-XRG, Tadej Poga\u010dar dimesso dall\u2019ospedale: ritorno a Monaco per iniziare il recupero - SpazioCiclismo<\/title>\n<meta name=\"robots\" content=\"index, follow, max-snippet:-1, max-image-preview:large, max-video-preview:-1\" \/>\n<link rel=\"canonical\" href=\"https:\/\/cyclingpro.net\/spaziociclismo\/worldtour\/uae-team-emirates-xrg-tadej-pogacar-dimesso-dallospedale-ritorno-a-monaco-per-iniziare-il-recupero\/\" \/>\n<meta property=\"og:locale\" content=\"it_IT\" \/>\n<meta property=\"og:type\" content=\"article\" \/>\n<meta property=\"og:title\" content=\"UAE Team Emirates-XRG, Tadej Poga\u010dar dimesso dall\u2019ospedale: ritorno a Monaco per iniziare il recupero - SpazioCiclismo\" \/>\n<meta property=\"og:description\" content=\"Tadej Poga\u010dar \u00e8 stato dimesso dall\u2019ospedale dopo l\u2019operazione alla clavicola per la caduta a #LaVuelta26\" \/>\n<meta property=\"og:url\" content=\"https:\/\/cyclingpro.net\/spaziociclismo\/worldtour\/uae-team-emirates-xrg-tadej-pogacar-dimesso-dallospedale-ritorno-a-monaco-per-iniziare-il-recupero\/\" \/>\n<meta property=\"og:site_name\" content=\"SpazioCiclismo\" \/>\n<meta property=\"article:publisher\" content=\"https:\/\/www.facebook.com\/SpazioCiclismo\/\" \/>\n<meta property=\"article:published_time\" content=\"2026-09-03T07:22:42+00:00\" \/>\n<meta property=\"article:modified_time\" content=\"2026-09-03T07:22:54+00:00\" \/>\n<meta property=\"og:image\" content=\"https:\/\/cyclingpro.net\/spaziociclismo\/wp-content\/uploads\/2026\/09\/Tadej-Pogacar-dimesso-dallospedale.jpg\" \/>\n\t<meta property=\"og:image:width\" content=\"1158\" \/>\n\t<meta property=\"og:image:height\" content=\"772\" \/>\n\t<meta property=\"og:image:type\" content=\"image\/jpeg\" \/>\n<meta name=\"author\" content=\"Alessandro Farina\" \/>\n<meta name=\"twitter:card\" content=\"summary_large_image\" \/>\n<meta name=\"twitter:creator\" content=\"@spaziociclismo\" \/>\n<meta name=\"twitter:site\" content=\"@spaziociclismo\" \/>\n<meta name=\"twitter:label1\" content=\"Scritto da\" \/>\n\t<meta name=\"twitter:data1\" content=\"Alessandro Farina\" \/>\n\t<meta name=\"twitter:label2\" content=\"Tempo di lettura stimato\" \/>\n\t<meta name=\"twitter:data2\" content=\"2 minuti\" \/>\n<script type=\"application\/ld+json\" class=\"yoast-schema-graph\">{\"@context\":\"https:\\\/\\\/schema.org\",\"@graph\":[{\"@type\":\"Article\",\"@id\":\"https:\\\/\\\/cyclingpro.net\\\/spaziociclismo\\\/worldtour\\\/uae-team-emirates-xrg-tadej-pogacar-dimesso-dallospedale-ritorno-a-monaco-per-iniziare-il-recupero\\\/#article\",\"isPartOf\":{\"@id\":\"https:\\\/\\\/cyclingpro.net\\\/spaziociclismo\\\/worldtour\\\/uae-team-emirates-xrg-tadej-pogacar-dimesso-dallospedale-ritorno-a-monaco-per-iniziare-il-recupero\\\/\"},\"author\":{\"name\":\"Alessandro Farina\",\"@id\":\"https:\\\/\\\/cyclingpro.net\\\/spaziociclismo\\\/#\\\/schema\\\/person\\\/fda4d079a95104c2764f9c3ffa3fc26f\"},\"headline\":\"UAE Team Emirates-XRG, Tadej Poga\u010dar dimesso dall\u2019ospedale: ritorno a Monaco per iniziare il recupero\",\"datePublished\":\"2026-09-03T07:22:42+00:00\",\"dateModified\":\"2026-09-03T07:22:54+00:00\",\"mainEntityOfPage\":{\"@id\":\"https:\\\/\\\/cyclingpro.net\\\/spaziociclismo\\\/worldtour\\\/uae-team-emirates-xrg-tadej-pogacar-dimesso-dallospedale-ritorno-a-monaco-per-iniziare-il-recupero\\\/\"},\"wordCount\":308,\"commentCount\":0,\"publisher\":{\"@id\":\"https:\\\/\\\/cyclingpro.net\\\/spaziociclismo\\\/#organization\"},\"image\":{\"@id\":\"https:\\\/\\\/cyclingpro.net\\\/spaziociclismo\\\/worldtour\\\/uae-team-emirates-xrg-tadej-pogacar-dimesso-dallospedale-ritorno-a-monaco-per-iniziare-il-recupero\\\/#primaryimage\"},\"thumbnailUrl\":\"https:\\\/\\\/cyclingpro.net\\\/spaziociclismo\\\/wp-content\\\/uploads\\\/2026\\\/09\\\/Tadej-Pogacar-dimesso-dallospedale.jpg\",\"keywords\":[\"Tadej Poga\u010dar\"],\"articleSection\":[\"WorldTour\"],\"inLanguage\":\"it-IT\",\"potentialAction\":[{\"@type\":\"CommentAction\",\"name\":\"Comment\",\"target\":[\"https:\\\/\\\/cyclingpro.net\\\/spaziociclismo\\\/worldtour\\\/uae-team-emirates-xrg-tadej-pogacar-dimesso-dallospedale-ritorno-a-monaco-per-iniziare-il-recupero\\\/#respond\"]}]},{\"@type\":\"WebPage\",\"@id\":\"https:\\\/\\\/cyclingpro.net\\\/spaziociclismo\\\/worldtour\\\/uae-team-emirates-xrg-tadej-pogacar-dimesso-dallospedale-ritorno-a-monaco-per-iniziare-il-recupero\\\/\",\"url\":\"https:\\\/\\\/cyclingpro.net\\\/spaziociclismo\\\/worldtour\\\/uae-team-emirates-xrg-tadej-pogacar-dimesso-dallospedale-ritorno-a-monaco-per-iniziare-il-recupero\\\/\",\"name\":\"UAE Team Emirates-XRG, Tadej Poga\u010dar dimesso dall\u2019ospedale: ritorno a Monaco per iniziare il recupero - SpazioCiclismo\",\"isPartOf\":{\"@id\":\"https:\\\/\\\/cyclingpro.net\\\/spaziociclismo\\\/#website\"},\"primaryImageOfPage\":{\"@id\":\"https:\\\/\\\/cyclingpro.net\\\/spaziociclismo\\\/worldtour\\\/uae-team-emirates-xrg-tadej-pogacar-dimesso-dallospedale-ritorno-a-monaco-per-iniziare-il-recupero\\\/#primaryimage\"},\"image\":{\"@id\":\"https:\\\/\\\/cyclingpro.net\\\/spaziociclismo\\\/worldtour\\\/uae-team-emirates-xrg-tadej-pogacar-dimesso-dallospedale-ritorno-a-monaco-per-iniziare-il-recupero\\\/#primaryimage\"},\"thumbnailUrl\":\"https:\\\/\\\/cyclingpro.net\\\/spaziociclismo\\\/wp-content\\\/uploads\\\/2026\\\/09\\\/Tadej-Pogacar-dimesso-dallospedale.jpg\",\"datePublished\":\"2026-09-03T07:22:42+00:00\",\"dateModified\":\"2026-09-03T07:22:54+00:00\",\"breadcrumb\":{\"@id\":\"https:\\\/\\\/cyclingpro.net\\\/spaziociclismo\\\/worldtour\\\/uae-team-emirates-xrg-tadej-pogacar-dimesso-dallospedale-ritorno-a-monaco-per-iniziare-il-recupero\\\/#breadcrumb\"},\"inLanguage\":\"it-IT\",\"potentialAction\":[{\"@type\":\"ReadAction\",\"target\":[\"https:\\\/\\\/cyclingpro.net\\\/spaziociclismo\\\/worldtour\\\/uae-team-emirates-xrg-tadej-pogacar-dimesso-dallospedale-ritorno-a-monaco-per-iniziare-il-recupero\\\/\"]}]},{\"@type\":\"ImageObject\",\"inLanguage\":\"it-IT\",\"@id\":\"https:\\\/\\\/cyclingpro.net\\\/spaziociclismo\\\/worldtour\\\/uae-team-emirates-xrg-tadej-pogacar-dimesso-dallospedale-ritorno-a-monaco-per-iniziare-il-recupero\\\/#primaryimage\",\"url\":\"https:\\\/\\\/cyclingpro.net\\\/spaziociclismo\\\/wp-content\\\/uploads\\\/2026\\\/09\\\/Tadej-Pogacar-dimesso-dallospedale.jpg\",\"contentUrl\":\"https:\\\/\\\/cyclingpro.net\\\/spaziociclismo\\\/wp-content\\\/uploads\\\/2026\\\/09\\\/Tadej-Pogacar-dimesso-dallospedale.jpg\",\"width\":1158,\"height\":772,\"caption\":\"Ur\u0161ka \u017digart Instagram\"},{\"@type\":\"BreadcrumbList\",\"@id\":\"https:\\\/\\\/cyclingpro.net\\\/spaziociclismo\\\/worldtour\\\/uae-team-emirates-xrg-tadej-pogacar-dimesso-dallospedale-ritorno-a-monaco-per-iniziare-il-recupero\\\/#breadcrumb\",\"itemListElement\":[{\"@type\":\"ListItem\",\"position\":1,\"name\":\"Home\",\"item\":\"https:\\\/\\\/cyclingpro.net\\\/spaziociclismo\\\/\"},{\"@type\":\"ListItem\",\"position\":2,\"name\":\"UAE Team Emirates-XRG, Tadej Poga\u010dar dimesso dall\u2019ospedale: ritorno a Monaco per iniziare il recupero\"}]},{\"@type\":\"WebSite\",\"@id\":\"https:\\\/\\\/cyclingpro.net\\\/spaziociclismo\\\/#website\",\"url\":\"https:\\\/\\\/cyclingpro.net\\\/spaziociclismo\\\/\",\"name\":\"SpazioCiclismo\",\"description\":\"Tutto il ciclismo minuto per minuto\",\"publisher\":{\"@id\":\"https:\\\/\\\/cyclingpro.net\\\/spaziociclismo\\\/#organization\"},\"potentialAction\":[{\"@type\":\"SearchAction\",\"target\":{\"@type\":\"EntryPoint\",\"urlTemplate\":\"https:\\\/\\\/cyclingpro.net\\\/spaziociclismo\\\/?s={search_term_string}\"},\"query-input\":{\"@type\":\"PropertyValueSpecification\",\"valueRequired\":true,\"valueName\":\"search_term_string\"}}],\"inLanguage\":\"it-IT\"},{\"@type\":\"Organization\",\"@id\":\"https:\\\/\\\/cyclingpro.net\\\/spaziociclismo\\\/#organization\",\"name\":\"SpazioCiclismo\",\"url\":\"https:\\\/\\\/cyclingpro.net\\\/spaziociclismo\\\/\",\"logo\":{\"@type\":\"ImageObject\",\"inLanguage\":\"it-IT\",\"@id\":\"https:\\\/\\\/cyclingpro.net\\\/spaziociclismo\\\/#\\\/schema\\\/logo\\\/image\\\/\",\"url\":\"https:\\\/\\\/cyclingpro.net\\\/spaziociclismo\\\/wp-content\\\/uploads\\\/2017\\\/02\\\/SpazioCiclismo-Logo-Quadrato.png\",\"contentUrl\":\"https:\\\/\\\/cyclingpro.net\\\/spaziociclismo\\\/wp-content\\\/uploads\\\/2017\\\/02\\\/SpazioCiclismo-Logo-Quadrato.png\",\"width\":450,\"height\":450,\"caption\":\"SpazioCiclismo\"},\"image\":{\"@id\":\"https:\\\/\\\/cyclingpro.net\\\/spaziociclismo\\\/#\\\/schema\\\/logo\\\/image\\\/\"},\"sameAs\":[\"https:\\\/\\\/www.facebook.com\\\/SpazioCiclismo\\\/\",\"https:\\\/\\\/x.com\\\/spaziociclismo\",\"https:\\\/\\\/www.instagram.com\\\/spaziociclismo\\\/\"]},{\"@type\":\"Person\",\"@id\":\"https:\\\/\\\/cyclingpro.net\\\/spaziociclismo\\\/#\\\/schema\\\/person\\\/fda4d079a95104c2764f9c3ffa3fc26f\",\"name\":\"Alessandro Farina\",\"image\":{\"@type\":\"ImageObject\",\"inLanguage\":\"it-IT\",\"@id\":\"https:\\\/\\\/secure.gravatar.com\\\/avatar\\\/a15b660280727ff1737611bc5349040155e2609201d613ef2611905cdc7a122a?s=96&d=mm&r=g\",\"url\":\"https:\\\/\\\/secure.gravatar.com\\\/avatar\\\/a15b660280727ff1737611bc5349040155e2609201d613ef2611905cdc7a122a?s=96&d=mm&r=g\",\"contentUrl\":\"https:\\\/\\\/secure.gravatar.com\\\/avatar\\\/a15b660280727ff1737611bc5349040155e2609201d613ef2611905cdc7a122a?s=96&d=mm&r=g\",\"caption\":\"Alessandro Farina\"},\"url\":\"https:\\\/\\\/cyclingpro.net\\\/spaziociclismo\\\/author\\\/afarina\\\/\"}]}<\/script>\n<!-- \/ Yoast SEO plugin. -->","yoast_head_json":{"title":"UAE Team Emirates-XRG, Tadej Poga\u010dar dimesso dall\u2019ospedale: ritorno a Monaco per iniziare il recupero - SpazioCiclismo","robots":{"index":"index","follow":"follow","max-snippet":"max-snippet:-1","max-image-preview":"max-image-preview:large","max-video-preview":"max-video-preview:-1"},"canonical":"https:\/\/cyclingpro.net\/spaziociclismo\/worldtour\/uae-team-emirates-xrg-tadej-pogacar-dimesso-dallospedale-ritorno-a-monaco-per-iniziare-il-recupero\/","og_locale":"it_IT","og_type":"article","og_title":"UAE Team Emirates-XRG, Tadej Poga\u010dar dimesso dall\u2019ospedale: ritorno a Monaco per iniziare il recupero - SpazioCiclismo","og_description":"Tadej Poga\u010dar \u00e8 stato dimesso dall\u2019ospedale dopo l\u2019operazione alla clavicola per la caduta a #LaVuelta26","og_url":"https:\/\/cyclingpro.net\/spaziociclismo\/worldtour\/uae-team-emirates-xrg-tadej-pogacar-dimesso-dallospedale-ritorno-a-monaco-per-iniziare-il-recupero\/","og_site_name":"SpazioCiclismo","article_publisher":"https:\/\/www.facebook.com\/SpazioCiclismo\/","article_published_time":"2026-09-03T07:22:42+00:00","article_modified_time":"2026-09-03T07:22:54+00:00","og_image":[{"width":1158,"height":772,"url":"https:\/\/cyclingpro.net\/spaziociclismo\/wp-content\/uploads\/2026\/09\/Tadej-Pogacar-dimesso-dallospedale.jpg","type":"image\/jpeg"}],"author":"Alessandro Farina","twitter_card":"summary_large_image","twitter_creator":"@spaziociclismo","twitter_site":"@spaziociclismo","twitter_misc":{"Scritto da":"Alessandro Farina","Tempo di lettura stimato":"2 minuti"},"schema":{"@context":"https:\/\/schema.org","@graph":[{"@type":"Article","@id":"https:\/\/cyclingpro.net\/spaziociclismo\/worldtour\/uae-team-emirates-xrg-tadej-pogacar-dimesso-dallospedale-ritorno-a-monaco-per-iniziare-il-recupero\/#article","isPartOf":{"@id":"https:\/\/cyclingpro.net\/spaziociclismo\/worldtour\/uae-team-emirates-xrg-tadej-pogacar-dimesso-dallospedale-ritorno-a-monaco-per-iniziare-il-recupero\/"},"author":{"name":"Alessandro Farina","@id":"https:\/\/cyclingpro.net\/spaziociclismo\/#\/schema\/person\/fda4d079a95104c2764f9c3ffa3fc26f"},"headline":"UAE Team Emirates-XRG, Tadej Poga\u010dar dimesso dall\u2019ospedale: ritorno a Monaco per iniziare il recupero","datePublished":"2026-09-03T07:22:42+00:00","dateModified":"2026-09-03T07:22:54+00:00","mainEntityOfPage":{"@id":"https:\/\/cyclingpro.net\/spaziociclismo\/worldtour\/uae-team-emirates-xrg-tadej-pogacar-dimesso-dallospedale-ritorno-a-monaco-per-iniziare-il-recupero\/"},"wordCount":308,"commentCount":0,"publisher":{"@id":"https:\/\/cyclingpro.net\/spaziociclismo\/#organization"},"image":{"@id":"https:\/\/cyclingpro.net\/spaziociclismo\/worldtour\/uae-team-emirates-xrg-tadej-pogacar-dimesso-dallospedale-ritorno-a-monaco-per-iniziare-il-recupero\/#primaryimage"},"thumbnailUrl":"https:\/\/cyclingpro.net\/spaziociclismo\/wp-content\/uploads\/2026\/09\/Tadej-Pogacar-dimesso-dallospedale.jpg","keywords":["Tadej Poga\u010dar"],"articleSection":["WorldTour"],"inLanguage":"it-IT","potentialAction":[{"@type":"CommentAction","name":"Comment","target":["https:\/\/cyclingpro.net\/spaziociclismo\/worldtour\/uae-team-emirates-xrg-tadej-pogacar-dimesso-dallospedale-ritorno-a-monaco-per-iniziare-il-recupero\/#respond"]}]},{"@type":"WebPage","@id":"https:\/\/cyclingpro.net\/spaziociclismo\/worldtour\/uae-team-emirates-xrg-tadej-pogacar-dimesso-dallospedale-ritorno-a-monaco-per-iniziare-il-recupero\/","url":"https:\/\/cyclingpro.net\/spaziociclismo\/worldtour\/uae-team-emirates-xrg-tadej-pogacar-dimesso-dallospedale-ritorno-a-monaco-per-iniziare-il-recupero\/","name":"UAE Team Emirates-XRG, Tadej Poga\u010dar dimesso dall\u2019ospedale: ritorno a Monaco per iniziare il recupero - SpazioCiclismo","isPartOf":{"@id":"https:\/\/cyclingpro.net\/spaziociclismo\/#website"},"primaryImageOfPage":{"@id":"https:\/\/cyclingpro.net\/spaziociclismo\/worldtour\/uae-team-emirates-xrg-tadej-pogacar-dimesso-dallospedale-ritorno-a-monaco-per-iniziare-il-recupero\/#primaryimage"},"image":{"@id":"https:\/\/cyclingpro.net\/spaziociclismo\/worldtour\/uae-team-emirates-xrg-tadej-pogacar-dimesso-dallospedale-ritorno-a-monaco-per-iniziare-il-recupero\/#primaryimage"},"thumbnailUrl":"https:\/\/cyclingpro.net\/spaziociclismo\/wp-content\/uploads\/2026\/09\/Tadej-Pogacar-dimesso-dallospedale.jpg","datePublished":"2026-09-03T07:22:42+00:00","dateModified":"2026-09-03T07:22:54+00:00","breadcrumb":{"@id":"https:\/\/cyclingpro.net\/spaziociclismo\/worldtour\/uae-team-emirates-xrg-tadej-pogacar-dimesso-dallospedale-ritorno-a-monaco-per-iniziare-il-recupero\/#breadcrumb"},"inLanguage":"it-IT","potentialAction":[{"@type":"ReadAction","target":["https:\/\/cyclingpro.net\/spaziociclismo\/worldtour\/uae-team-emirates-xrg-tadej-pogacar-dimesso-dallospedale-ritorno-a-monaco-per-iniziare-il-recupero\/"]}]},{"@type":"ImageObject","inLanguage":"it-IT","@id":"https:\/\/cyclingpro.net\/spaziociclismo\/worldtour\/uae-team-emirates-xrg-tadej-pogacar-dimesso-dallospedale-ritorno-a-monaco-per-iniziare-il-recupero\/#primaryimage","url":"https:\/\/cyclingpro.net\/spaziociclismo\/wp-content\/uploads\/2026\/09\/Tadej-Pogacar-dimesso-dallospedale.jpg","contentUrl":"https:\/\/cyclingpro.net\/spaziociclismo\/wp-content\/uploads\/2026\/09\/Tadej-Pogacar-dimesso-dallospedale.jpg","width":1158,"height":772,"caption":"Ur\u0161ka \u017digart Instagram"},{"@type":"BreadcrumbList","@id":"https:\/\/cyclingpro.net\/spaziociclismo\/worldtour\/uae-team-emirates-xrg-tadej-pogacar-dimesso-dallospedale-ritorno-a-monaco-per-iniziare-il-recupero\/#breadcrumb","itemListElement":[{"@type":"ListItem","position":1,"name":"Home","item":"https:\/\/cyclingpro.net\/spaziociclismo\/"},{"@type":"ListItem","position":2,"name":"UAE Team Emirates-XRG, Tadej Poga\u010dar dimesso dall\u2019ospedale: ritorno a Monaco per iniziare il recupero"}]},{"@type":"WebSite","@id":"https:\/\/cyclingpro.net\/spaziociclismo\/#website","url":"https:\/\/cyclingpro.net\/spaziociclismo\/","name":"SpazioCiclismo","description":"Tutto il ciclismo minuto per minuto","publisher":{"@id":"https:\/\/cyclingpro.net\/spaziociclismo\/#organization"},"potentialAction":[{"@type":"SearchAction","target":{"@type":"EntryPoint","urlTemplate":"https:\/\/cyclingpro.net\/spaziociclismo\/?s={search_term_string}"},"query-input":{"@type":"PropertyValueSpecification","valueRequired":true,"valueName":"search_term_string"}}],"inLanguage":"it-IT"},{"@type":"Organization","@id":"https:\/\/cyclingpro.net\/spaziociclismo\/#organization","name":"SpazioCiclismo","url":"https:\/\/cyclingpro.net\/spaziociclismo\/","logo":{"@type":"ImageObject","inLanguage":"it-IT","@id":"https:\/\/cyclingpro.net\/spaziociclismo\/#\/schema\/logo\/image\/","url":"https:\/\/cyclingpro.net\/spaziociclismo\/wp-content\/uploads\/2017\/02\/SpazioCiclismo-Logo-Quadrato.png","contentUrl":"https:\/\/cyclingpro.net\/spaziociclismo\/wp-content\/uploads\/2017\/02\/SpazioCiclismo-Logo-Quadrato.png","width":450,"height":450,"caption":"SpazioCiclismo"},"image":{"@id":"https:\/\/cyclingpro.net\/spaziociclismo\/#\/schema\/logo\/image\/"},"sameAs":["https:\/\/www.facebook.com\/SpazioCiclismo\/","https:\/\/x.com\/spaziociclismo","https:\/\/www.instagram.com\/spaziociclismo\/"]},{"@type":"Person","@id":"https:\/\/cyclingpro.net\/spaziociclismo\/#\/schema\/person\/fda4d079a95104c2764f9c3ffa3fc26f","name":"Alessandro Farina","image":{"@type":"ImageObject","inLanguage":"it-IT","@id":"https:\/\/secure.gravatar.com\/avatar\/a15b660280727ff1737611bc5349040155e2609201d613ef2611905cdc7a122a?s=96&d=mm&r=g","url":"https:\/\/secure.gravatar.com\/avatar\/a15b660280727ff1737611bc5349040155e2609201d613ef2611905cdc7a122a?s=96&d=mm&r=g","contentUrl":"https:\/\/secure.gravatar.com\/avatar\/a15b660280727ff1737611bc5349040155e2609201d613ef2611905cdc7a122a?s=96&d=mm&r=g","caption":"Alessandro Farina"},"url":"https:\/\/cyclingpro.net\/spaziociclismo\/author\/afarina\/"}]}},"_links":{"self":[{"href":"https:\/\/cyclingpro.net\/spaziociclismo\/wp-json\/wp\/v2\/posts\/393418","targetHints":{"allow":["GET"]}}],"collection":[{"href":"https:\/\/cyclingpro.net\/spaziociclismo\/wp-json\/wp\/v2\/posts"}],"about":[{"href":"https:\/\/cyclingpro.net\/spaziociclismo\/wp-json\/wp\/v2\/types\/post"}],"author":[{"embeddable":true,"href":"https:\/\/cyclingpro.net\/spaziociclismo\/wp-json\/wp\/v2\/users\/52"}],"replies":[{"embeddable":true,"href":"https:\/\/cyclingpro.net\/spaziociclismo\/wp-json\/wp\/v2\/comments?post=393418"}],"version-history":[{"count":3,"href":"https:\/\/cyclingpro.net\/spaziociclismo\/wp-json\/wp\/v2\/posts\/393418\/revisions"}],"predecessor-version":[{"id":393422,"href":"https:\/\/cyclingpro.net\/spaziociclismo\/wp-json\/wp\/v2\/posts\/393418\/revisions\/393422"}],"wp:featuredmedia":[{"embeddable":true,"href":"https:\/\/cyclingpro.net\/spaziociclismo\/wp-json\/wp\/v2\/media\/393421"}],"wp:attachment":[{"href":"https:\/\/cyclingpro.net\/spaziociclismo\/wp-json\/wp\/v2\/media?parent=393418"}],"wp:term":[{"taxonomy":"category","embeddable":true,"href":"https:\/\/cyclingpro.net\/spaziociclismo\/wp-json\/wp\/v2\/categories?post=393418"},{"taxonomy":"post_tag","embeddable":true,"href":"https:\/\/cyclingpro.net\/spaziociclismo\/wp-json\/wp\/v2\/tags?post=393418"}],"curies":[{"name":"wp","href":"https:\/\/api.w.org\/{rel}","templated":true}]}}