{"id":393413,"date":"2026-09-03T09:00:43","date_gmt":"2026-09-03T07:00:43","guid":{"rendered":"https:\/\/cyclingpro.net\/spaziociclismo\/?p=393413"},"modified":"2026-09-03T09:00:43","modified_gmt":"2026-09-03T07:00:43","slug":"spazio-agenda-il-programma-di-giovedi-3-settembre-arrivo-in-salita-alla-vuelta-sfide-tra-velocisti-tra-tour-of-britain-e-zlm-tour-inizia-il-tour-of-istanbul","status":"publish","type":"post","link":"https:\/\/cyclingpro.net\/spaziociclismo\/calendario\/spazio-agenda-il-programma-di-giovedi-3-settembre-arrivo-in-salita-alla-vuelta-sfide-tra-velocisti-tra-tour-of-britain-e-zlm-tour-inizia-il-tour-of-istanbul\/","title":{"rendered":"Spazio Agenda, il programma di gioved\u00ec 3 settembre: arrivo in salita alla Vuelta, sfide tra velocisti tra Tour of Britain e ZLM Tour, inizia il Tour of Istanbul"},"content":{"rendered":"<p>Oggi, <strong>gioved\u00ec 3 settembre<\/strong>, \u00e8 una giornata ricca di appuntamenti per il ciclismo. Prosegue la <strong>Vuelta a Espa\u00f1a 2026<\/strong>, che propone il primo arrivo in salita della seconda settimana. Si continua poi a correre in Gran Bretagna e Paesi Bassi, con la seconda tappa del <strong>Tour of Britain 2026<\/strong> e del <strong>ZLM Tour 2026<\/strong>. In entrambi i casi si tratta di percorsi pianeggianti e adatti sulla carta quindi ai velocisti. Comincia anche una nuova corsa in Turchia, con la prima tappa del <strong>Tour of Istanbul 2026<\/strong>.<\/p>\n<p><a href=\"https:\/\/cyclingpro.net\/spaziociclismo\/calendario\/calendario-e-orario-corse-della-settimana-31-agosto-6-settembre-2\/\" target=\"_blank\" rel=\"noopener\">Qui gli orari delle corse\u00a0<\/a><br \/>\n<a href=\"https:\/\/cyclingpro.net\/spaziociclismo\/calendario\/ciclismo-in-tv-e-streaming-gli-orari-della-settimana-31-agosto-6-settembre\/\" target=\"_blank\" rel=\"noopener\">Qui la programmazione TV \/ Streaming<\/a><\/p>\n<h3>Vuelta a Espa\u00f1a 2026<\/h3>\n<p><a href=\"https:\/\/cyclingpro.net\/spaziociclismo\/startlist\/startlist-vuelta-a-espana-2026-elenco-partecipanti\/\" target=\"_blank\" rel=\"noopener\">Qui la<\/a> <a href=\"https:\/\/cyclingpro.net\/spaziociclismo\/startlist\/startlist-vuelta-a-espana-2026-elenco-partecipanti\/\" target=\"_blank\" rel=\"noopener\">Startlist<\/a>\u00a0\\ <a href=\"https:\/\/cyclingpro.net\/spaziociclismo\/vuelta-2026\/percorso-vuelta-a-espana-2026-tutte-le-tappe-altimetrie-e-planimetrie\/\" target=\"_blank\" rel=\"noopener\">Qui Altimetria e Planimetria <\/a>\\ <a href=\"https:\/\/cyclingpro.net\/spaziociclismo\/sintesi-gare\/vuelta-a-espana-2026-matthew-brennan-fa-tris-a-lorca\/\" target=\"_blank\" rel=\"noopener\">Qui l&#8217;esito della Tappa 11<\/a><br \/>\n<strong>Tappa 12: Vera \u2013 Calar Alto (166,6 km &#8211; montagna)<\/strong><br \/>\nDopo due giornate concluse allo sprint, si torna in montagna per il primo arrivo in salita della seconda settimana del Grande Giro spagnolo. Una tappa dura, con cinque GPM e che si concluder\u00e0 con l\u2019arrivo in salita a Calar Alto, al termine di un\u2019ascesa lunga e irregolare, in cui sar\u00e0 fondamentale il tempismo. CI aspettiamo quindi un nuovo confronto diretto tra gli uomini di classifica, con <strong>Enric Mas<\/strong> (Movistar) che prover\u00e0 a rafforzare ulteriormente la Maglia Rossa, ma dovr\u00e0 guardarsi alle spalle da <strong>Felix Gall<\/strong> (Decathlon CMA CGM Team), <strong>Primoz Roglic<\/strong> (Red Bull \u2013 BORA hansgrohe) e <strong>Oscar Onley<\/strong> (Netcompany INEOS), tutti desiderosi di trovare il primo acuto in questa edizione.<strong><br \/>\n<\/strong><\/p>\n<h3>Tour of Britain 2026<\/h3>\n<p><a href=\"https:\/\/cyclingpro.net\/spaziociclismo\/startlist\/tour-of-britain-2026-la-startlist\/\" target=\"_blank\" rel=\"noopener\">Qui la Startlist<\/a>\u00a0\\ <a href=\"https:\/\/cyclingpro.net\/spaziociclismo\/percorsi\/tour-of-britain-2026-il-percorso\/\" target=\"_blank\" rel=\"noopener\">Qui Altimetria e Planimetria\u00a0<\/a> \\ <a href=\"https:\/\/cyclingpro.net\/spaziociclismo\/sintesi-gare\/tour-of-britain-2026-lewis-askey-fa-il-numero-e-vince-la-prima-tappa-2-un-ottimo-ganna-6-trentin\/\" target=\"_blank\" rel=\"noopener\">Qui l&#8217;esito della Tappa 1<\/a><\/p>\n<p><strong>Tappa 2: Boston \u2013 Skegness (180,2 km &#8211; pianeggiante)<br \/>\n<\/strong>La corsa britannica prevede per questa seconda frazione un percorso quasi interamente pianeggiante, che strizza l\u2019occhio ai velocisti. L\u2019unica difficolt\u00e0 potrebbe essere rappresentata dal vento nei tratti costieri. Dopo il colpo di <strong>Lewis Askey<\/strong> (NSN Cycling) nella tappa inaugurale, davanti ad un brillante <strong>Filippo Ganna<\/strong> (Netcompany Ineos), oggi dovremmo vedere una sfida tra i velocisti e i riflettori saranno puntati in particolare su <strong>Olav Kooij<\/strong> (Decathlon CMA CGM) e <strong>Tim Merlier<\/strong> (Soudal Quick-Step), pronti a duellare nuovamente ad altissime velocit\u00e0 per imporsi allo sprint sul traguardo.<\/p>\n<h3>ZLM Tour 2026<\/h3>\n<p><a href=\"https:\/\/cyclingpro.net\/spaziociclismo\/startlist\/zlm-tour-2026-la-startlist\/\" target=\"_blank\" rel=\"noopener\">Qui la Startlist<\/a>\u00a0\\ <a href=\"https:\/\/cyclingpro.net\/spaziociclismo\/presentazione-corse\/presentazione-percorso-e-borsino-favoriti-zlm-tour-2026\/\" target=\"_blank\" rel=\"noopener\">Qui Altimetria e Planimetria<\/a> \\ <a href=\"https:\/\/cyclingpro.net\/spaziociclismo\/sintesi-gare\/zlm-tour-2026-mathias-vacek-domina-la-cronometro-inaugurale\/\" target=\"_blank\" rel=\"noopener\">Qui l&#8217;esito della Tappa 1<\/a><br \/>\n<strong>Tappa 2: Westkapelle \u2013 Heinkenszand (193,6 km &#8211; pianeggiante)<\/strong><br \/>\nAnche la corsa neerlandese presenta nella giornata odierna un percorso completamente pianeggiante e adatto quindi ai velocisti. La cronometro individuale di 21 km che ha aperto questa corsa di categoria UCI 2.1 ha visto il dominio di <strong>Mathias Vacek<\/strong> (Lidl-Trek). Tra i velocisti pi\u00f9 quotati per il successo troviamo il giovane talento italiano <strong>Alessio Magagnotti<\/strong> per una Red Bull-Bora-hansgrohe che potr\u00e0 contare anche su <strong>Danny van Poppel<\/strong> e <strong>Arne Marit<\/strong>, mentre i principali avversari dovrebbero essere sulla carta <strong>Gerben Thijssen<\/strong> (Alpecin &#8211; Premier Tech) e <strong>Jason Tesson<\/strong> (TotalEnergies).<\/p>\n<h3>Tour of Istanbul 2026<\/h3>\n<p><a href=\"https:\/\/cyclingpro.net\/spaziociclismo\/startlist\/tour-of-istanbul-2026-la-startlist\/\" target=\"_blank\" rel=\"noopener\">Qui la Startlist<\/a>\u00a0\\ <a href=\"https:\/\/cyclingpro.net\/spaziociclismo\/percorsi\/tour-of-istanbul-2026-il-percorso\/\" target=\"_blank\" rel=\"noopener\">Qui Altimetria e Planimetria<\/a><br \/>\n<strong>Tappa 1: Silivri \u2013 \u00c7atalca (148,5 km &#8211; collinare)<\/strong><br \/>\nSi apre infine la quarta edizione della breve gara a tappe turca, di categoria UCI 2.1. La prima tappa presenta un percorso mosso e si concluder\u00e0 a \u00c7atalca dopo un breve strappo adatto a velocisti resistenti e puncheur. Un arrivo che potrebbe risultare gi\u00e0 importante anche in chiave classifica generale. Presente al via una formazione WorldTour, la Lotto Intermarch\u00e9, che punta su <strong>Liam Slock<\/strong> e <strong>Matys Grisel<\/strong>. Tra i nomi da monitorare ci sono poi anche diversi italiani, tra cui <strong>Giovanni Lonardi<\/strong> (Team Polti VisitMalta), <strong>Christian Bagatin<\/strong> (MBH Bank CSB Telecom Fort) e il giovane <strong>Mattia Negrente<\/strong> (XDS Astana Development).<\/p>\n","protected":false},"excerpt":{"rendered":"<p>Oggi #LaVuelta26 offre un arrivo in salita, mentre al #TourofBritain e al #ZLMTour si prospetta una sfida tra i velocisti<\/p>\n","protected":false},"author":52,"featured_media":393182,"comment_status":"open","ping_status":"closed","sticky":false,"template":"","format":"standard","meta":{"footnotes":"","_members_access_role":[],"_members_access_error":""},"categories":[2044],"tags":[7110,7221,5752,7215],"class_list":["post-393413","post","type-post","status-publish","format-standard","has-post-thumbnail","hentry","category-calendario","tag-tour-of-britain-2026","tag-tour-of-istanbul-2026","tag-vuelta-a-espana-2026","tag-zlm-tour-2026"],"yoast_head":"<!-- This site is optimized with the Yoast SEO plugin v28.4 - https:\/\/yoast.com\/product\/yoast-seo-wordpress\/ -->\n<title>Spazio Agenda, il programma di gioved\u00ec 3 settembre: arrivo in salita alla Vuelta, sfide tra velocisti tra Tour of Britain e ZLM Tour, inizia il Tour of Istanbul - SpazioCiclismo<\/title>\n<meta name=\"robots\" content=\"index, follow, max-snippet:-1, max-image-preview:large, max-video-preview:-1\" \/>\n<link rel=\"canonical\" href=\"https:\/\/cyclingpro.net\/spaziociclismo\/calendario\/spazio-agenda-il-programma-di-giovedi-3-settembre-arrivo-in-salita-alla-vuelta-sfide-tra-velocisti-tra-tour-of-britain-e-zlm-tour-inizia-il-tour-of-istanbul\/\" \/>\n<meta property=\"og:locale\" content=\"it_IT\" \/>\n<meta property=\"og:type\" content=\"article\" \/>\n<meta property=\"og:title\" content=\"Spazio Agenda, il programma di gioved\u00ec 3 settembre: arrivo in salita alla Vuelta, sfide tra velocisti tra Tour of Britain e ZLM Tour, inizia il Tour of Istanbul - SpazioCiclismo\" \/>\n<meta property=\"og:description\" content=\"Oggi #LaVuelta26 offre un arrivo in salita, mentre al #TourofBritain e al #ZLMTour si prospetta una sfida tra i velocisti\" \/>\n<meta property=\"og:url\" content=\"https:\/\/cyclingpro.net\/spaziociclismo\/calendario\/spazio-agenda-il-programma-di-giovedi-3-settembre-arrivo-in-salita-alla-vuelta-sfide-tra-velocisti-tra-tour-of-britain-e-zlm-tour-inizia-il-tour-of-istanbul\/\" \/>\n<meta property=\"og:site_name\" content=\"SpazioCiclismo\" \/>\n<meta property=\"article:publisher\" content=\"https:\/\/www.facebook.com\/SpazioCiclismo\/\" \/>\n<meta property=\"article:published_time\" content=\"2026-09-03T07:00:43+00:00\" \/>\n<meta property=\"og:image\" content=\"https:\/\/cyclingpro.net\/spaziociclismo\/wp-content\/uploads\/2026\/09\/Enric-Mas-Movistar-Gruppo-Maglia-Rossa-Vuelta-a-Espana-2026.webp\" \/>\n\t<meta property=\"og:image:width\" content=\"1200\" \/>\n\t<meta property=\"og:image:height\" content=\"800\" \/>\n\t<meta property=\"og:image:type\" content=\"image\/webp\" \/>\n<meta name=\"author\" content=\"Alessandro Farina\" \/>\n<meta name=\"twitter:card\" content=\"summary_large_image\" \/>\n<meta name=\"twitter:creator\" content=\"@spaziociclismo\" \/>\n<meta name=\"twitter:site\" content=\"@spaziociclismo\" \/>\n<meta name=\"twitter:label1\" content=\"Scritto da\" \/>\n\t<meta name=\"twitter:data1\" content=\"Alessandro Farina\" \/>\n\t<meta name=\"twitter:label2\" content=\"Tempo di lettura stimato\" \/>\n\t<meta name=\"twitter:data2\" content=\"4 minuti\" \/>\n<script type=\"application\/ld+json\" class=\"yoast-schema-graph\">{\"@context\":\"https:\\\/\\\/schema.org\",\"@graph\":[{\"@type\":\"Article\",\"@id\":\"https:\\\/\\\/cyclingpro.net\\\/spaziociclismo\\\/calendario\\\/spazio-agenda-il-programma-di-giovedi-3-settembre-arrivo-in-salita-alla-vuelta-sfide-tra-velocisti-tra-tour-of-britain-e-zlm-tour-inizia-il-tour-of-istanbul\\\/#article\",\"isPartOf\":{\"@id\":\"https:\\\/\\\/cyclingpro.net\\\/spaziociclismo\\\/calendario\\\/spazio-agenda-il-programma-di-giovedi-3-settembre-arrivo-in-salita-alla-vuelta-sfide-tra-velocisti-tra-tour-of-britain-e-zlm-tour-inizia-il-tour-of-istanbul\\\/\"},\"author\":{\"name\":\"Alessandro Farina\",\"@id\":\"https:\\\/\\\/cyclingpro.net\\\/spaziociclismo\\\/#\\\/schema\\\/person\\\/fda4d079a95104c2764f9c3ffa3fc26f\"},\"headline\":\"Spazio Agenda, il programma di gioved\u00ec 3 settembre: arrivo in salita alla Vuelta, sfide tra velocisti tra Tour of Britain e ZLM Tour, inizia il Tour of Istanbul\",\"datePublished\":\"2026-09-03T07:00:43+00:00\",\"mainEntityOfPage\":{\"@id\":\"https:\\\/\\\/cyclingpro.net\\\/spaziociclismo\\\/calendario\\\/spazio-agenda-il-programma-di-giovedi-3-settembre-arrivo-in-salita-alla-vuelta-sfide-tra-velocisti-tra-tour-of-britain-e-zlm-tour-inizia-il-tour-of-istanbul\\\/\"},\"wordCount\":583,\"commentCount\":0,\"publisher\":{\"@id\":\"https:\\\/\\\/cyclingpro.net\\\/spaziociclismo\\\/#organization\"},\"image\":{\"@id\":\"https:\\\/\\\/cyclingpro.net\\\/spaziociclismo\\\/calendario\\\/spazio-agenda-il-programma-di-giovedi-3-settembre-arrivo-in-salita-alla-vuelta-sfide-tra-velocisti-tra-tour-of-britain-e-zlm-tour-inizia-il-tour-of-istanbul\\\/#primaryimage\"},\"thumbnailUrl\":\"https:\\\/\\\/cyclingpro.net\\\/spaziociclismo\\\/wp-content\\\/uploads\\\/2026\\\/09\\\/Enric-Mas-Movistar-Gruppo-Maglia-Rossa-Vuelta-a-Espana-2026.webp\",\"keywords\":[\"Tour of Britain 2026\",\"Tour of Istanbul 2026\",\"Vuelta a Espa\u00f1a 2026\",\"ZLM Tour 2026\"],\"articleSection\":[\"Calendario\"],\"inLanguage\":\"it-IT\",\"potentialAction\":[{\"@type\":\"CommentAction\",\"name\":\"Comment\",\"target\":[\"https:\\\/\\\/cyclingpro.net\\\/spaziociclismo\\\/calendario\\\/spazio-agenda-il-programma-di-giovedi-3-settembre-arrivo-in-salita-alla-vuelta-sfide-tra-velocisti-tra-tour-of-britain-e-zlm-tour-inizia-il-tour-of-istanbul\\\/#respond\"]}]},{\"@type\":\"WebPage\",\"@id\":\"https:\\\/\\\/cyclingpro.net\\\/spaziociclismo\\\/calendario\\\/spazio-agenda-il-programma-di-giovedi-3-settembre-arrivo-in-salita-alla-vuelta-sfide-tra-velocisti-tra-tour-of-britain-e-zlm-tour-inizia-il-tour-of-istanbul\\\/\",\"url\":\"https:\\\/\\\/cyclingpro.net\\\/spaziociclismo\\\/calendario\\\/spazio-agenda-il-programma-di-giovedi-3-settembre-arrivo-in-salita-alla-vuelta-sfide-tra-velocisti-tra-tour-of-britain-e-zlm-tour-inizia-il-tour-of-istanbul\\\/\",\"name\":\"Spazio Agenda, il programma di gioved\u00ec 3 settembre: arrivo in salita alla Vuelta, sfide tra velocisti tra Tour of Britain e ZLM Tour, inizia il Tour of Istanbul - SpazioCiclismo\",\"isPartOf\":{\"@id\":\"https:\\\/\\\/cyclingpro.net\\\/spaziociclismo\\\/#website\"},\"primaryImageOfPage\":{\"@id\":\"https:\\\/\\\/cyclingpro.net\\\/spaziociclismo\\\/calendario\\\/spazio-agenda-il-programma-di-giovedi-3-settembre-arrivo-in-salita-alla-vuelta-sfide-tra-velocisti-tra-tour-of-britain-e-zlm-tour-inizia-il-tour-of-istanbul\\\/#primaryimage\"},\"image\":{\"@id\":\"https:\\\/\\\/cyclingpro.net\\\/spaziociclismo\\\/calendario\\\/spazio-agenda-il-programma-di-giovedi-3-settembre-arrivo-in-salita-alla-vuelta-sfide-tra-velocisti-tra-tour-of-britain-e-zlm-tour-inizia-il-tour-of-istanbul\\\/#primaryimage\"},\"thumbnailUrl\":\"https:\\\/\\\/cyclingpro.net\\\/spaziociclismo\\\/wp-content\\\/uploads\\\/2026\\\/09\\\/Enric-Mas-Movistar-Gruppo-Maglia-Rossa-Vuelta-a-Espana-2026.webp\",\"datePublished\":\"2026-09-03T07:00:43+00:00\",\"breadcrumb\":{\"@id\":\"https:\\\/\\\/cyclingpro.net\\\/spaziociclismo\\\/calendario\\\/spazio-agenda-il-programma-di-giovedi-3-settembre-arrivo-in-salita-alla-vuelta-sfide-tra-velocisti-tra-tour-of-britain-e-zlm-tour-inizia-il-tour-of-istanbul\\\/#breadcrumb\"},\"inLanguage\":\"it-IT\",\"potentialAction\":[{\"@type\":\"ReadAction\",\"target\":[\"https:\\\/\\\/cyclingpro.net\\\/spaziociclismo\\\/calendario\\\/spazio-agenda-il-programma-di-giovedi-3-settembre-arrivo-in-salita-alla-vuelta-sfide-tra-velocisti-tra-tour-of-britain-e-zlm-tour-inizia-il-tour-of-istanbul\\\/\"]}]},{\"@type\":\"ImageObject\",\"inLanguage\":\"it-IT\",\"@id\":\"https:\\\/\\\/cyclingpro.net\\\/spaziociclismo\\\/calendario\\\/spazio-agenda-il-programma-di-giovedi-3-settembre-arrivo-in-salita-alla-vuelta-sfide-tra-velocisti-tra-tour-of-britain-e-zlm-tour-inizia-il-tour-of-istanbul\\\/#primaryimage\",\"url\":\"https:\\\/\\\/cyclingpro.net\\\/spaziociclismo\\\/wp-content\\\/uploads\\\/2026\\\/09\\\/Enric-Mas-Movistar-Gruppo-Maglia-Rossa-Vuelta-a-Espana-2026.webp\",\"contentUrl\":\"https:\\\/\\\/cyclingpro.net\\\/spaziociclismo\\\/wp-content\\\/uploads\\\/2026\\\/09\\\/Enric-Mas-Movistar-Gruppo-Maglia-Rossa-Vuelta-a-Espana-2026.webp\",\"width\":1200,\"height\":800,\"caption\":\"\u00a9 Unipublic \\\/ CxCycling\"},{\"@type\":\"BreadcrumbList\",\"@id\":\"https:\\\/\\\/cyclingpro.net\\\/spaziociclismo\\\/calendario\\\/spazio-agenda-il-programma-di-giovedi-3-settembre-arrivo-in-salita-alla-vuelta-sfide-tra-velocisti-tra-tour-of-britain-e-zlm-tour-inizia-il-tour-of-istanbul\\\/#breadcrumb\",\"itemListElement\":[{\"@type\":\"ListItem\",\"position\":1,\"name\":\"Home\",\"item\":\"https:\\\/\\\/cyclingpro.net\\\/spaziociclismo\\\/\"},{\"@type\":\"ListItem\",\"position\":2,\"name\":\"Spazio Agenda, il programma di gioved\u00ec 3 settembre: arrivo in salita alla Vuelta, sfide tra velocisti tra Tour of Britain e ZLM Tour, inizia il Tour of Istanbul\"}]},{\"@type\":\"WebSite\",\"@id\":\"https:\\\/\\\/cyclingpro.net\\\/spaziociclismo\\\/#website\",\"url\":\"https:\\\/\\\/cyclingpro.net\\\/spaziociclismo\\\/\",\"name\":\"SpazioCiclismo\",\"description\":\"Tutto il ciclismo minuto per minuto\",\"publisher\":{\"@id\":\"https:\\\/\\\/cyclingpro.net\\\/spaziociclismo\\\/#organization\"},\"potentialAction\":[{\"@type\":\"SearchAction\",\"target\":{\"@type\":\"EntryPoint\",\"urlTemplate\":\"https:\\\/\\\/cyclingpro.net\\\/spaziociclismo\\\/?s={search_term_string}\"},\"query-input\":{\"@type\":\"PropertyValueSpecification\",\"valueRequired\":true,\"valueName\":\"search_term_string\"}}],\"inLanguage\":\"it-IT\"},{\"@type\":\"Organization\",\"@id\":\"https:\\\/\\\/cyclingpro.net\\\/spaziociclismo\\\/#organization\",\"name\":\"SpazioCiclismo\",\"url\":\"https:\\\/\\\/cyclingpro.net\\\/spaziociclismo\\\/\",\"logo\":{\"@type\":\"ImageObject\",\"inLanguage\":\"it-IT\",\"@id\":\"https:\\\/\\\/cyclingpro.net\\\/spaziociclismo\\\/#\\\/schema\\\/logo\\\/image\\\/\",\"url\":\"https:\\\/\\\/cyclingpro.net\\\/spaziociclismo\\\/wp-content\\\/uploads\\\/2017\\\/02\\\/SpazioCiclismo-Logo-Quadrato.png\",\"contentUrl\":\"https:\\\/\\\/cyclingpro.net\\\/spaziociclismo\\\/wp-content\\\/uploads\\\/2017\\\/02\\\/SpazioCiclismo-Logo-Quadrato.png\",\"width\":450,\"height\":450,\"caption\":\"SpazioCiclismo\"},\"image\":{\"@id\":\"https:\\\/\\\/cyclingpro.net\\\/spaziociclismo\\\/#\\\/schema\\\/logo\\\/image\\\/\"},\"sameAs\":[\"https:\\\/\\\/www.facebook.com\\\/SpazioCiclismo\\\/\",\"https:\\\/\\\/x.com\\\/spaziociclismo\",\"https:\\\/\\\/www.instagram.com\\\/spaziociclismo\\\/\"]},{\"@type\":\"Person\",\"@id\":\"https:\\\/\\\/cyclingpro.net\\\/spaziociclismo\\\/#\\\/schema\\\/person\\\/fda4d079a95104c2764f9c3ffa3fc26f\",\"name\":\"Alessandro Farina\",\"image\":{\"@type\":\"ImageObject\",\"inLanguage\":\"it-IT\",\"@id\":\"https:\\\/\\\/secure.gravatar.com\\\/avatar\\\/a15b660280727ff1737611bc5349040155e2609201d613ef2611905cdc7a122a?s=96&d=mm&r=g\",\"url\":\"https:\\\/\\\/secure.gravatar.com\\\/avatar\\\/a15b660280727ff1737611bc5349040155e2609201d613ef2611905cdc7a122a?s=96&d=mm&r=g\",\"contentUrl\":\"https:\\\/\\\/secure.gravatar.com\\\/avatar\\\/a15b660280727ff1737611bc5349040155e2609201d613ef2611905cdc7a122a?s=96&d=mm&r=g\",\"caption\":\"Alessandro Farina\"},\"url\":\"https:\\\/\\\/cyclingpro.net\\\/spaziociclismo\\\/author\\\/afarina\\\/\"}]}<\/script>\n<!-- \/ Yoast SEO plugin. -->","yoast_head_json":{"title":"Spazio Agenda, il programma di gioved\u00ec 3 settembre: arrivo in salita alla Vuelta, sfide tra velocisti tra Tour of Britain e ZLM Tour, inizia il Tour of Istanbul - SpazioCiclismo","robots":{"index":"index","follow":"follow","max-snippet":"max-snippet:-1","max-image-preview":"max-image-preview:large","max-video-preview":"max-video-preview:-1"},"canonical":"https:\/\/cyclingpro.net\/spaziociclismo\/calendario\/spazio-agenda-il-programma-di-giovedi-3-settembre-arrivo-in-salita-alla-vuelta-sfide-tra-velocisti-tra-tour-of-britain-e-zlm-tour-inizia-il-tour-of-istanbul\/","og_locale":"it_IT","og_type":"article","og_title":"Spazio Agenda, il programma di gioved\u00ec 3 settembre: arrivo in salita alla Vuelta, sfide tra velocisti tra Tour of Britain e ZLM Tour, inizia il Tour of Istanbul - SpazioCiclismo","og_description":"Oggi #LaVuelta26 offre un arrivo in salita, mentre al #TourofBritain e al #ZLMTour si prospetta una sfida tra i velocisti","og_url":"https:\/\/cyclingpro.net\/spaziociclismo\/calendario\/spazio-agenda-il-programma-di-giovedi-3-settembre-arrivo-in-salita-alla-vuelta-sfide-tra-velocisti-tra-tour-of-britain-e-zlm-tour-inizia-il-tour-of-istanbul\/","og_site_name":"SpazioCiclismo","article_publisher":"https:\/\/www.facebook.com\/SpazioCiclismo\/","article_published_time":"2026-09-03T07:00:43+00:00","og_image":[{"width":1200,"height":800,"url":"https:\/\/cyclingpro.net\/spaziociclismo\/wp-content\/uploads\/2026\/09\/Enric-Mas-Movistar-Gruppo-Maglia-Rossa-Vuelta-a-Espana-2026.webp","type":"image\/webp"}],"author":"Alessandro Farina","twitter_card":"summary_large_image","twitter_creator":"@spaziociclismo","twitter_site":"@spaziociclismo","twitter_misc":{"Scritto da":"Alessandro Farina","Tempo di lettura stimato":"4 minuti"},"schema":{"@context":"https:\/\/schema.org","@graph":[{"@type":"Article","@id":"https:\/\/cyclingpro.net\/spaziociclismo\/calendario\/spazio-agenda-il-programma-di-giovedi-3-settembre-arrivo-in-salita-alla-vuelta-sfide-tra-velocisti-tra-tour-of-britain-e-zlm-tour-inizia-il-tour-of-istanbul\/#article","isPartOf":{"@id":"https:\/\/cyclingpro.net\/spaziociclismo\/calendario\/spazio-agenda-il-programma-di-giovedi-3-settembre-arrivo-in-salita-alla-vuelta-sfide-tra-velocisti-tra-tour-of-britain-e-zlm-tour-inizia-il-tour-of-istanbul\/"},"author":{"name":"Alessandro Farina","@id":"https:\/\/cyclingpro.net\/spaziociclismo\/#\/schema\/person\/fda4d079a95104c2764f9c3ffa3fc26f"},"headline":"Spazio Agenda, il programma di gioved\u00ec 3 settembre: arrivo in salita alla Vuelta, sfide tra velocisti tra Tour of Britain e ZLM Tour, inizia il Tour of Istanbul","datePublished":"2026-09-03T07:00:43+00:00","mainEntityOfPage":{"@id":"https:\/\/cyclingpro.net\/spaziociclismo\/calendario\/spazio-agenda-il-programma-di-giovedi-3-settembre-arrivo-in-salita-alla-vuelta-sfide-tra-velocisti-tra-tour-of-britain-e-zlm-tour-inizia-il-tour-of-istanbul\/"},"wordCount":583,"commentCount":0,"publisher":{"@id":"https:\/\/cyclingpro.net\/spaziociclismo\/#organization"},"image":{"@id":"https:\/\/cyclingpro.net\/spaziociclismo\/calendario\/spazio-agenda-il-programma-di-giovedi-3-settembre-arrivo-in-salita-alla-vuelta-sfide-tra-velocisti-tra-tour-of-britain-e-zlm-tour-inizia-il-tour-of-istanbul\/#primaryimage"},"thumbnailUrl":"https:\/\/cyclingpro.net\/spaziociclismo\/wp-content\/uploads\/2026\/09\/Enric-Mas-Movistar-Gruppo-Maglia-Rossa-Vuelta-a-Espana-2026.webp","keywords":["Tour of Britain 2026","Tour of Istanbul 2026","Vuelta a Espa\u00f1a 2026","ZLM Tour 2026"],"articleSection":["Calendario"],"inLanguage":"it-IT","potentialAction":[{"@type":"CommentAction","name":"Comment","target":["https:\/\/cyclingpro.net\/spaziociclismo\/calendario\/spazio-agenda-il-programma-di-giovedi-3-settembre-arrivo-in-salita-alla-vuelta-sfide-tra-velocisti-tra-tour-of-britain-e-zlm-tour-inizia-il-tour-of-istanbul\/#respond"]}]},{"@type":"WebPage","@id":"https:\/\/cyclingpro.net\/spaziociclismo\/calendario\/spazio-agenda-il-programma-di-giovedi-3-settembre-arrivo-in-salita-alla-vuelta-sfide-tra-velocisti-tra-tour-of-britain-e-zlm-tour-inizia-il-tour-of-istanbul\/","url":"https:\/\/cyclingpro.net\/spaziociclismo\/calendario\/spazio-agenda-il-programma-di-giovedi-3-settembre-arrivo-in-salita-alla-vuelta-sfide-tra-velocisti-tra-tour-of-britain-e-zlm-tour-inizia-il-tour-of-istanbul\/","name":"Spazio Agenda, il programma di gioved\u00ec 3 settembre: arrivo in salita alla Vuelta, sfide tra velocisti tra Tour of Britain e ZLM Tour, inizia il Tour of Istanbul - SpazioCiclismo","isPartOf":{"@id":"https:\/\/cyclingpro.net\/spaziociclismo\/#website"},"primaryImageOfPage":{"@id":"https:\/\/cyclingpro.net\/spaziociclismo\/calendario\/spazio-agenda-il-programma-di-giovedi-3-settembre-arrivo-in-salita-alla-vuelta-sfide-tra-velocisti-tra-tour-of-britain-e-zlm-tour-inizia-il-tour-of-istanbul\/#primaryimage"},"image":{"@id":"https:\/\/cyclingpro.net\/spaziociclismo\/calendario\/spazio-agenda-il-programma-di-giovedi-3-settembre-arrivo-in-salita-alla-vuelta-sfide-tra-velocisti-tra-tour-of-britain-e-zlm-tour-inizia-il-tour-of-istanbul\/#primaryimage"},"thumbnailUrl":"https:\/\/cyclingpro.net\/spaziociclismo\/wp-content\/uploads\/2026\/09\/Enric-Mas-Movistar-Gruppo-Maglia-Rossa-Vuelta-a-Espana-2026.webp","datePublished":"2026-09-03T07:00:43+00:00","breadcrumb":{"@id":"https:\/\/cyclingpro.net\/spaziociclismo\/calendario\/spazio-agenda-il-programma-di-giovedi-3-settembre-arrivo-in-salita-alla-vuelta-sfide-tra-velocisti-tra-tour-of-britain-e-zlm-tour-inizia-il-tour-of-istanbul\/#breadcrumb"},"inLanguage":"it-IT","potentialAction":[{"@type":"ReadAction","target":["https:\/\/cyclingpro.net\/spaziociclismo\/calendario\/spazio-agenda-il-programma-di-giovedi-3-settembre-arrivo-in-salita-alla-vuelta-sfide-tra-velocisti-tra-tour-of-britain-e-zlm-tour-inizia-il-tour-of-istanbul\/"]}]},{"@type":"ImageObject","inLanguage":"it-IT","@id":"https:\/\/cyclingpro.net\/spaziociclismo\/calendario\/spazio-agenda-il-programma-di-giovedi-3-settembre-arrivo-in-salita-alla-vuelta-sfide-tra-velocisti-tra-tour-of-britain-e-zlm-tour-inizia-il-tour-of-istanbul\/#primaryimage","url":"https:\/\/cyclingpro.net\/spaziociclismo\/wp-content\/uploads\/2026\/09\/Enric-Mas-Movistar-Gruppo-Maglia-Rossa-Vuelta-a-Espana-2026.webp","contentUrl":"https:\/\/cyclingpro.net\/spaziociclismo\/wp-content\/uploads\/2026\/09\/Enric-Mas-Movistar-Gruppo-Maglia-Rossa-Vuelta-a-Espana-2026.webp","width":1200,"height":800,"caption":"\u00a9 Unipublic \/ CxCycling"},{"@type":"BreadcrumbList","@id":"https:\/\/cyclingpro.net\/spaziociclismo\/calendario\/spazio-agenda-il-programma-di-giovedi-3-settembre-arrivo-in-salita-alla-vuelta-sfide-tra-velocisti-tra-tour-of-britain-e-zlm-tour-inizia-il-tour-of-istanbul\/#breadcrumb","itemListElement":[{"@type":"ListItem","position":1,"name":"Home","item":"https:\/\/cyclingpro.net\/spaziociclismo\/"},{"@type":"ListItem","position":2,"name":"Spazio Agenda, il programma di gioved\u00ec 3 settembre: arrivo in salita alla Vuelta, sfide tra velocisti tra Tour of Britain e ZLM Tour, inizia il Tour of Istanbul"}]},{"@type":"WebSite","@id":"https:\/\/cyclingpro.net\/spaziociclismo\/#website","url":"https:\/\/cyclingpro.net\/spaziociclismo\/","name":"SpazioCiclismo","description":"Tutto il ciclismo minuto per minuto","publisher":{"@id":"https:\/\/cyclingpro.net\/spaziociclismo\/#organization"},"potentialAction":[{"@type":"SearchAction","target":{"@type":"EntryPoint","urlTemplate":"https:\/\/cyclingpro.net\/spaziociclismo\/?s={search_term_string}"},"query-input":{"@type":"PropertyValueSpecification","valueRequired":true,"valueName":"search_term_string"}}],"inLanguage":"it-IT"},{"@type":"Organization","@id":"https:\/\/cyclingpro.net\/spaziociclismo\/#organization","name":"SpazioCiclismo","url":"https:\/\/cyclingpro.net\/spaziociclismo\/","logo":{"@type":"ImageObject","inLanguage":"it-IT","@id":"https:\/\/cyclingpro.net\/spaziociclismo\/#\/schema\/logo\/image\/","url":"https:\/\/cyclingpro.net\/spaziociclismo\/wp-content\/uploads\/2017\/02\/SpazioCiclismo-Logo-Quadrato.png","contentUrl":"https:\/\/cyclingpro.net\/spaziociclismo\/wp-content\/uploads\/2017\/02\/SpazioCiclismo-Logo-Quadrato.png","width":450,"height":450,"caption":"SpazioCiclismo"},"image":{"@id":"https:\/\/cyclingpro.net\/spaziociclismo\/#\/schema\/logo\/image\/"},"sameAs":["https:\/\/www.facebook.com\/SpazioCiclismo\/","https:\/\/x.com\/spaziociclismo","https:\/\/www.instagram.com\/spaziociclismo\/"]},{"@type":"Person","@id":"https:\/\/cyclingpro.net\/spaziociclismo\/#\/schema\/person\/fda4d079a95104c2764f9c3ffa3fc26f","name":"Alessandro Farina","image":{"@type":"ImageObject","inLanguage":"it-IT","@id":"https:\/\/secure.gravatar.com\/avatar\/a15b660280727ff1737611bc5349040155e2609201d613ef2611905cdc7a122a?s=96&d=mm&r=g","url":"https:\/\/secure.gravatar.com\/avatar\/a15b660280727ff1737611bc5349040155e2609201d613ef2611905cdc7a122a?s=96&d=mm&r=g","contentUrl":"https:\/\/secure.gravatar.com\/avatar\/a15b660280727ff1737611bc5349040155e2609201d613ef2611905cdc7a122a?s=96&d=mm&r=g","caption":"Alessandro Farina"},"url":"https:\/\/cyclingpro.net\/spaziociclismo\/author\/afarina\/"}]}},"_links":{"self":[{"href":"https:\/\/cyclingpro.net\/spaziociclismo\/wp-json\/wp\/v2\/posts\/393413","targetHints":{"allow":["GET"]}}],"collection":[{"href":"https:\/\/cyclingpro.net\/spaziociclismo\/wp-json\/wp\/v2\/posts"}],"about":[{"href":"https:\/\/cyclingpro.net\/spaziociclismo\/wp-json\/wp\/v2\/types\/post"}],"author":[{"embeddable":true,"href":"https:\/\/cyclingpro.net\/spaziociclismo\/wp-json\/wp\/v2\/users\/52"}],"replies":[{"embeddable":true,"href":"https:\/\/cyclingpro.net\/spaziociclismo\/wp-json\/wp\/v2\/comments?post=393413"}],"version-history":[{"count":4,"href":"https:\/\/cyclingpro.net\/spaziociclismo\/wp-json\/wp\/v2\/posts\/393413\/revisions"}],"predecessor-version":[{"id":393417,"href":"https:\/\/cyclingpro.net\/spaziociclismo\/wp-json\/wp\/v2\/posts\/393413\/revisions\/393417"}],"wp:featuredmedia":[{"embeddable":true,"href":"https:\/\/cyclingpro.net\/spaziociclismo\/wp-json\/wp\/v2\/media\/393182"}],"wp:attachment":[{"href":"https:\/\/cyclingpro.net\/spaziociclismo\/wp-json\/wp\/v2\/media?parent=393413"}],"wp:term":[{"taxonomy":"category","embeddable":true,"href":"https:\/\/cyclingpro.net\/spaziociclismo\/wp-json\/wp\/v2\/categories?post=393413"},{"taxonomy":"post_tag","embeddable":true,"href":"https:\/\/cyclingpro.net\/spaziociclismo\/wp-json\/wp\/v2\/tags?post=393413"}],"curies":[{"name":"wp","href":"https:\/\/api.w.org\/{rel}","templated":true}]}}