{"id":393399,"date":"2026-09-02T20:45:04","date_gmt":"2026-09-02T18:45:04","guid":{"rendered":"https:\/\/cyclingpro.net\/spaziociclismo\/?p=393399"},"modified":"2026-09-02T20:45:04","modified_gmt":"2026-09-02T18:45:04","slug":"vuelta-a-espana-daily-11-matthew-brennan-fa-tris-e-domani-si-torna-a-salire-podcast","status":"publish","type":"post","link":"https:\/\/cyclingpro.net\/spaziociclismo\/podcast\/vuelta-a-espana-daily-11-matthew-brennan-fa-tris-e-domani-si-torna-a-salire-podcast\/","title":{"rendered":"Vuelta a Espa\u00f1a Daily #11, Matthew Brennan fa tris &#8211; e domani si torna a salire (Podcast)"},"content":{"rendered":"<p>\u00c8 sempre pi\u00f9 <strong>Matthew Brennan<\/strong> alla <strong>Vuelta a Espa\u00f1a 2026<\/strong>. Il velocista della <strong>Visma | Lease a Bike<\/strong> vince il terzo sprint, ancora una volta pilotato alla perfezione dai suoi compagni di squadra. Una prova di forza notevole, in una giornata che non ha regalato grandi sorprese per quanto riguarda la lotta per la generale, malgrado ci fosse il concreto rischio di ventagli. Gli uomini di classifica hanno potuto tirare il fiato per proiettarsi alla giornata di domani, con l&#8217;arrivo in quota a Calar Alto che segna il ritorno delle montagne in questa edizione della Vuelta. Ne parlano Davide Terraneo, Davide Filippi e Luca Pellegrini.<\/p>\n<div><em>Qui di seguito la puntata completa che potete ascoltare direttamente da questa pagina, ma ci potete trovare anche sulle migliori piattaforme di streaming dedicate come <a href=\"https:\/\/podcasts.apple.com\/it\/podcast\/spaziotalk\/id1506163537\">Apple Podcast<\/a>, <a href=\"https:\/\/castbox.fm\/channel\/id2755665\">Castbox<\/a>,\u00a0<a href=\"https:\/\/www.deezer.com\/show\/1006022\">Deezer <\/a>o <a href=\"https:\/\/open.spotify.com\/show\/3ax0WzEeCktbiA7b0zedjV\">Spotify<\/a>, <a href=\"https:\/\/www.spreaker.com\/show\/spaziociclismo-spaziotalk\">Spreaker<\/a> (non esitate a contattarci per indicarci se non ci trovate su quella che usate solitamente). Segui SpazioTalk anche sulla pagina <a href=\"https:\/\/www.instagram.com\/spazio.talk\/\">Instagram<\/a>.<\/em><\/div>\n<div><\/div>\n<p><iframe loading=\"lazy\" title=\"Matthew Brennan fa tris - e domani si torna a salire | Vuelta a Espa\u00f1a Daily #11,\" src=\"https:\/\/widget.spreaker.com\/player?episode_id=74824394&amp;theme=light&amp;playlist=false&amp;playlist-continuous=false&amp;chapters-image=true&amp;episode_image_position=right&amp;hide-logo=false&amp;hide-likes=false&amp;hide-comments=false&amp;hide-sharing=false&amp;hide-download=true\" width=\"100%\" height=\"200px\" frameborder=\"0\"><\/iframe><\/p>\n","protected":false},"excerpt":{"rendered":"<p>Torna l&#8217;appuntamento quotidiano con #SpazioTalk per parlare de #LaVuelta26<\/p>\n","protected":false},"author":4,"featured_media":123363,"comment_status":"open","ping_status":"closed","sticky":false,"template":"","format":"standard","meta":{"footnotes":"","_members_access_role":[],"_members_access_error":""},"categories":[3549],"tags":[5752],"class_list":["post-393399","post","type-post","status-publish","format-standard","has-post-thumbnail","hentry","category-podcast","tag-vuelta-a-espana-2026"],"yoast_head":"<!-- This site is optimized with the Yoast SEO plugin v28.4 - https:\/\/yoast.com\/product\/yoast-seo-wordpress\/ -->\n<title>Vuelta a Espa\u00f1a Daily #11, Matthew Brennan fa tris - e domani si torna a salire (Podcast) - SpazioCiclismo<\/title>\n<meta name=\"robots\" content=\"index, follow, max-snippet:-1, max-image-preview:large, max-video-preview:-1\" \/>\n<link rel=\"canonical\" href=\"https:\/\/cyclingpro.net\/spaziociclismo\/podcast\/vuelta-a-espana-daily-11-matthew-brennan-fa-tris-e-domani-si-torna-a-salire-podcast\/\" \/>\n<meta property=\"og:locale\" content=\"it_IT\" \/>\n<meta property=\"og:type\" content=\"article\" \/>\n<meta property=\"og:title\" content=\"Vuelta a Espa\u00f1a Daily #11, Matthew Brennan fa tris - e domani si torna a salire (Podcast) - SpazioCiclismo\" \/>\n<meta property=\"og:description\" content=\"Torna l&#039;appuntamento quotidiano con #SpazioTalk per parlare de #LaVuelta26\" \/>\n<meta property=\"og:url\" content=\"https:\/\/cyclingpro.net\/spaziociclismo\/podcast\/vuelta-a-espana-daily-11-matthew-brennan-fa-tris-e-domani-si-torna-a-salire-podcast\/\" \/>\n<meta property=\"og:site_name\" content=\"SpazioCiclismo\" \/>\n<meta property=\"article:publisher\" content=\"https:\/\/www.facebook.com\/SpazioCiclismo\/\" \/>\n<meta property=\"article:published_time\" content=\"2026-09-02T18:45:04+00:00\" \/>\n<meta property=\"og:image\" content=\"https:\/\/cyclingpro.net\/spaziociclismo\/wp-content\/uploads\/2020\/03\/SpazioTalk660.jpg\" \/>\n\t<meta property=\"og:image:width\" content=\"660\" \/>\n\t<meta property=\"og:image:height\" content=\"330\" \/>\n\t<meta property=\"og:image:type\" content=\"image\/jpeg\" \/>\n<meta name=\"author\" content=\"Luca Pellegrini\" \/>\n<meta name=\"twitter:card\" content=\"summary_large_image\" \/>\n<meta name=\"twitter:creator\" content=\"@spaziociclismo\" \/>\n<meta name=\"twitter:site\" content=\"@spaziociclismo\" \/>\n<meta name=\"twitter:label1\" content=\"Scritto da\" \/>\n\t<meta name=\"twitter:data1\" content=\"Luca Pellegrini\" \/>\n\t<meta name=\"twitter:label2\" content=\"Tempo di lettura stimato\" \/>\n\t<meta name=\"twitter:data2\" content=\"2 minuti\" \/>\n<script type=\"application\/ld+json\" class=\"yoast-schema-graph\">{\"@context\":\"https:\\\/\\\/schema.org\",\"@graph\":[{\"@type\":\"Article\",\"@id\":\"https:\\\/\\\/cyclingpro.net\\\/spaziociclismo\\\/podcast\\\/vuelta-a-espana-daily-11-matthew-brennan-fa-tris-e-domani-si-torna-a-salire-podcast\\\/#article\",\"isPartOf\":{\"@id\":\"https:\\\/\\\/cyclingpro.net\\\/spaziociclismo\\\/podcast\\\/vuelta-a-espana-daily-11-matthew-brennan-fa-tris-e-domani-si-torna-a-salire-podcast\\\/\"},\"author\":{\"name\":\"Luca Pellegrini\",\"@id\":\"https:\\\/\\\/cyclingpro.net\\\/spaziociclismo\\\/#\\\/schema\\\/person\\\/dba3a57e86bb6baefba5acbf905f8801\"},\"headline\":\"Vuelta a Espa\u00f1a Daily #11, Matthew Brennan fa tris &#8211; e domani si torna a salire (Podcast)\",\"datePublished\":\"2026-09-02T18:45:04+00:00\",\"mainEntityOfPage\":{\"@id\":\"https:\\\/\\\/cyclingpro.net\\\/spaziociclismo\\\/podcast\\\/vuelta-a-espana-daily-11-matthew-brennan-fa-tris-e-domani-si-torna-a-salire-podcast\\\/\"},\"wordCount\":174,\"commentCount\":0,\"publisher\":{\"@id\":\"https:\\\/\\\/cyclingpro.net\\\/spaziociclismo\\\/#organization\"},\"image\":{\"@id\":\"https:\\\/\\\/cyclingpro.net\\\/spaziociclismo\\\/podcast\\\/vuelta-a-espana-daily-11-matthew-brennan-fa-tris-e-domani-si-torna-a-salire-podcast\\\/#primaryimage\"},\"thumbnailUrl\":\"https:\\\/\\\/cyclingpro.net\\\/spaziociclismo\\\/wp-content\\\/uploads\\\/2020\\\/03\\\/SpazioTalk660.jpg\",\"keywords\":[\"Vuelta a Espa\u00f1a 2026\"],\"articleSection\":[\"Podcast\"],\"inLanguage\":\"it-IT\",\"potentialAction\":[{\"@type\":\"CommentAction\",\"name\":\"Comment\",\"target\":[\"https:\\\/\\\/cyclingpro.net\\\/spaziociclismo\\\/podcast\\\/vuelta-a-espana-daily-11-matthew-brennan-fa-tris-e-domani-si-torna-a-salire-podcast\\\/#respond\"]}]},{\"@type\":\"WebPage\",\"@id\":\"https:\\\/\\\/cyclingpro.net\\\/spaziociclismo\\\/podcast\\\/vuelta-a-espana-daily-11-matthew-brennan-fa-tris-e-domani-si-torna-a-salire-podcast\\\/\",\"url\":\"https:\\\/\\\/cyclingpro.net\\\/spaziociclismo\\\/podcast\\\/vuelta-a-espana-daily-11-matthew-brennan-fa-tris-e-domani-si-torna-a-salire-podcast\\\/\",\"name\":\"Vuelta a Espa\u00f1a Daily #11, Matthew Brennan fa tris - e domani si torna a salire (Podcast) - SpazioCiclismo\",\"isPartOf\":{\"@id\":\"https:\\\/\\\/cyclingpro.net\\\/spaziociclismo\\\/#website\"},\"primaryImageOfPage\":{\"@id\":\"https:\\\/\\\/cyclingpro.net\\\/spaziociclismo\\\/podcast\\\/vuelta-a-espana-daily-11-matthew-brennan-fa-tris-e-domani-si-torna-a-salire-podcast\\\/#primaryimage\"},\"image\":{\"@id\":\"https:\\\/\\\/cyclingpro.net\\\/spaziociclismo\\\/podcast\\\/vuelta-a-espana-daily-11-matthew-brennan-fa-tris-e-domani-si-torna-a-salire-podcast\\\/#primaryimage\"},\"thumbnailUrl\":\"https:\\\/\\\/cyclingpro.net\\\/spaziociclismo\\\/wp-content\\\/uploads\\\/2020\\\/03\\\/SpazioTalk660.jpg\",\"datePublished\":\"2026-09-02T18:45:04+00:00\",\"breadcrumb\":{\"@id\":\"https:\\\/\\\/cyclingpro.net\\\/spaziociclismo\\\/podcast\\\/vuelta-a-espana-daily-11-matthew-brennan-fa-tris-e-domani-si-torna-a-salire-podcast\\\/#breadcrumb\"},\"inLanguage\":\"it-IT\",\"potentialAction\":[{\"@type\":\"ReadAction\",\"target\":[\"https:\\\/\\\/cyclingpro.net\\\/spaziociclismo\\\/podcast\\\/vuelta-a-espana-daily-11-matthew-brennan-fa-tris-e-domani-si-torna-a-salire-podcast\\\/\"]}]},{\"@type\":\"ImageObject\",\"inLanguage\":\"it-IT\",\"@id\":\"https:\\\/\\\/cyclingpro.net\\\/spaziociclismo\\\/podcast\\\/vuelta-a-espana-daily-11-matthew-brennan-fa-tris-e-domani-si-torna-a-salire-podcast\\\/#primaryimage\",\"url\":\"https:\\\/\\\/cyclingpro.net\\\/spaziociclismo\\\/wp-content\\\/uploads\\\/2020\\\/03\\\/SpazioTalk660.jpg\",\"contentUrl\":\"https:\\\/\\\/cyclingpro.net\\\/spaziociclismo\\\/wp-content\\\/uploads\\\/2020\\\/03\\\/SpazioTalk660.jpg\",\"width\":660,\"height\":330},{\"@type\":\"BreadcrumbList\",\"@id\":\"https:\\\/\\\/cyclingpro.net\\\/spaziociclismo\\\/podcast\\\/vuelta-a-espana-daily-11-matthew-brennan-fa-tris-e-domani-si-torna-a-salire-podcast\\\/#breadcrumb\",\"itemListElement\":[{\"@type\":\"ListItem\",\"position\":1,\"name\":\"Home\",\"item\":\"https:\\\/\\\/cyclingpro.net\\\/spaziociclismo\\\/\"},{\"@type\":\"ListItem\",\"position\":2,\"name\":\"Vuelta a Espa\u00f1a Daily #11, Matthew Brennan fa tris &#8211; e domani si torna a salire (Podcast)\"}]},{\"@type\":\"WebSite\",\"@id\":\"https:\\\/\\\/cyclingpro.net\\\/spaziociclismo\\\/#website\",\"url\":\"https:\\\/\\\/cyclingpro.net\\\/spaziociclismo\\\/\",\"name\":\"SpazioCiclismo\",\"description\":\"Tutto il ciclismo minuto per minuto\",\"publisher\":{\"@id\":\"https:\\\/\\\/cyclingpro.net\\\/spaziociclismo\\\/#organization\"},\"potentialAction\":[{\"@type\":\"SearchAction\",\"target\":{\"@type\":\"EntryPoint\",\"urlTemplate\":\"https:\\\/\\\/cyclingpro.net\\\/spaziociclismo\\\/?s={search_term_string}\"},\"query-input\":{\"@type\":\"PropertyValueSpecification\",\"valueRequired\":true,\"valueName\":\"search_term_string\"}}],\"inLanguage\":\"it-IT\"},{\"@type\":\"Organization\",\"@id\":\"https:\\\/\\\/cyclingpro.net\\\/spaziociclismo\\\/#organization\",\"name\":\"SpazioCiclismo\",\"url\":\"https:\\\/\\\/cyclingpro.net\\\/spaziociclismo\\\/\",\"logo\":{\"@type\":\"ImageObject\",\"inLanguage\":\"it-IT\",\"@id\":\"https:\\\/\\\/cyclingpro.net\\\/spaziociclismo\\\/#\\\/schema\\\/logo\\\/image\\\/\",\"url\":\"https:\\\/\\\/cyclingpro.net\\\/spaziociclismo\\\/wp-content\\\/uploads\\\/2017\\\/02\\\/SpazioCiclismo-Logo-Quadrato.png\",\"contentUrl\":\"https:\\\/\\\/cyclingpro.net\\\/spaziociclismo\\\/wp-content\\\/uploads\\\/2017\\\/02\\\/SpazioCiclismo-Logo-Quadrato.png\",\"width\":450,\"height\":450,\"caption\":\"SpazioCiclismo\"},\"image\":{\"@id\":\"https:\\\/\\\/cyclingpro.net\\\/spaziociclismo\\\/#\\\/schema\\\/logo\\\/image\\\/\"},\"sameAs\":[\"https:\\\/\\\/www.facebook.com\\\/SpazioCiclismo\\\/\",\"https:\\\/\\\/x.com\\\/spaziociclismo\",\"https:\\\/\\\/www.instagram.com\\\/spaziociclismo\\\/\"]},{\"@type\":\"Person\",\"@id\":\"https:\\\/\\\/cyclingpro.net\\\/spaziociclismo\\\/#\\\/schema\\\/person\\\/dba3a57e86bb6baefba5acbf905f8801\",\"name\":\"Luca Pellegrini\",\"image\":{\"@type\":\"ImageObject\",\"inLanguage\":\"it-IT\",\"@id\":\"https:\\\/\\\/secure.gravatar.com\\\/avatar\\\/e233a6b2a31aba774a86fc0121b1a3bd7f6e7d1a4d2162cde93df050675351b8?s=96&d=mm&r=g\",\"url\":\"https:\\\/\\\/secure.gravatar.com\\\/avatar\\\/e233a6b2a31aba774a86fc0121b1a3bd7f6e7d1a4d2162cde93df050675351b8?s=96&d=mm&r=g\",\"contentUrl\":\"https:\\\/\\\/secure.gravatar.com\\\/avatar\\\/e233a6b2a31aba774a86fc0121b1a3bd7f6e7d1a4d2162cde93df050675351b8?s=96&d=mm&r=g\",\"caption\":\"Luca Pellegrini\"},\"url\":\"https:\\\/\\\/cyclingpro.net\\\/spaziociclismo\\\/author\\\/lpellegrini\\\/\"}]}<\/script>\n<!-- \/ Yoast SEO plugin. -->","yoast_head_json":{"title":"Vuelta a Espa\u00f1a Daily #11, Matthew Brennan fa tris - e domani si torna a salire (Podcast) - SpazioCiclismo","robots":{"index":"index","follow":"follow","max-snippet":"max-snippet:-1","max-image-preview":"max-image-preview:large","max-video-preview":"max-video-preview:-1"},"canonical":"https:\/\/cyclingpro.net\/spaziociclismo\/podcast\/vuelta-a-espana-daily-11-matthew-brennan-fa-tris-e-domani-si-torna-a-salire-podcast\/","og_locale":"it_IT","og_type":"article","og_title":"Vuelta a Espa\u00f1a Daily #11, Matthew Brennan fa tris - e domani si torna a salire (Podcast) - SpazioCiclismo","og_description":"Torna l'appuntamento quotidiano con #SpazioTalk per parlare de #LaVuelta26","og_url":"https:\/\/cyclingpro.net\/spaziociclismo\/podcast\/vuelta-a-espana-daily-11-matthew-brennan-fa-tris-e-domani-si-torna-a-salire-podcast\/","og_site_name":"SpazioCiclismo","article_publisher":"https:\/\/www.facebook.com\/SpazioCiclismo\/","article_published_time":"2026-09-02T18:45:04+00:00","og_image":[{"width":660,"height":330,"url":"https:\/\/cyclingpro.net\/spaziociclismo\/wp-content\/uploads\/2020\/03\/SpazioTalk660.jpg","type":"image\/jpeg"}],"author":"Luca Pellegrini","twitter_card":"summary_large_image","twitter_creator":"@spaziociclismo","twitter_site":"@spaziociclismo","twitter_misc":{"Scritto da":"Luca Pellegrini","Tempo di lettura stimato":"2 minuti"},"schema":{"@context":"https:\/\/schema.org","@graph":[{"@type":"Article","@id":"https:\/\/cyclingpro.net\/spaziociclismo\/podcast\/vuelta-a-espana-daily-11-matthew-brennan-fa-tris-e-domani-si-torna-a-salire-podcast\/#article","isPartOf":{"@id":"https:\/\/cyclingpro.net\/spaziociclismo\/podcast\/vuelta-a-espana-daily-11-matthew-brennan-fa-tris-e-domani-si-torna-a-salire-podcast\/"},"author":{"name":"Luca Pellegrini","@id":"https:\/\/cyclingpro.net\/spaziociclismo\/#\/schema\/person\/dba3a57e86bb6baefba5acbf905f8801"},"headline":"Vuelta a Espa\u00f1a Daily #11, Matthew Brennan fa tris &#8211; e domani si torna a salire (Podcast)","datePublished":"2026-09-02T18:45:04+00:00","mainEntityOfPage":{"@id":"https:\/\/cyclingpro.net\/spaziociclismo\/podcast\/vuelta-a-espana-daily-11-matthew-brennan-fa-tris-e-domani-si-torna-a-salire-podcast\/"},"wordCount":174,"commentCount":0,"publisher":{"@id":"https:\/\/cyclingpro.net\/spaziociclismo\/#organization"},"image":{"@id":"https:\/\/cyclingpro.net\/spaziociclismo\/podcast\/vuelta-a-espana-daily-11-matthew-brennan-fa-tris-e-domani-si-torna-a-salire-podcast\/#primaryimage"},"thumbnailUrl":"https:\/\/cyclingpro.net\/spaziociclismo\/wp-content\/uploads\/2020\/03\/SpazioTalk660.jpg","keywords":["Vuelta a Espa\u00f1a 2026"],"articleSection":["Podcast"],"inLanguage":"it-IT","potentialAction":[{"@type":"CommentAction","name":"Comment","target":["https:\/\/cyclingpro.net\/spaziociclismo\/podcast\/vuelta-a-espana-daily-11-matthew-brennan-fa-tris-e-domani-si-torna-a-salire-podcast\/#respond"]}]},{"@type":"WebPage","@id":"https:\/\/cyclingpro.net\/spaziociclismo\/podcast\/vuelta-a-espana-daily-11-matthew-brennan-fa-tris-e-domani-si-torna-a-salire-podcast\/","url":"https:\/\/cyclingpro.net\/spaziociclismo\/podcast\/vuelta-a-espana-daily-11-matthew-brennan-fa-tris-e-domani-si-torna-a-salire-podcast\/","name":"Vuelta a Espa\u00f1a Daily #11, Matthew Brennan fa tris - e domani si torna a salire (Podcast) - SpazioCiclismo","isPartOf":{"@id":"https:\/\/cyclingpro.net\/spaziociclismo\/#website"},"primaryImageOfPage":{"@id":"https:\/\/cyclingpro.net\/spaziociclismo\/podcast\/vuelta-a-espana-daily-11-matthew-brennan-fa-tris-e-domani-si-torna-a-salire-podcast\/#primaryimage"},"image":{"@id":"https:\/\/cyclingpro.net\/spaziociclismo\/podcast\/vuelta-a-espana-daily-11-matthew-brennan-fa-tris-e-domani-si-torna-a-salire-podcast\/#primaryimage"},"thumbnailUrl":"https:\/\/cyclingpro.net\/spaziociclismo\/wp-content\/uploads\/2020\/03\/SpazioTalk660.jpg","datePublished":"2026-09-02T18:45:04+00:00","breadcrumb":{"@id":"https:\/\/cyclingpro.net\/spaziociclismo\/podcast\/vuelta-a-espana-daily-11-matthew-brennan-fa-tris-e-domani-si-torna-a-salire-podcast\/#breadcrumb"},"inLanguage":"it-IT","potentialAction":[{"@type":"ReadAction","target":["https:\/\/cyclingpro.net\/spaziociclismo\/podcast\/vuelta-a-espana-daily-11-matthew-brennan-fa-tris-e-domani-si-torna-a-salire-podcast\/"]}]},{"@type":"ImageObject","inLanguage":"it-IT","@id":"https:\/\/cyclingpro.net\/spaziociclismo\/podcast\/vuelta-a-espana-daily-11-matthew-brennan-fa-tris-e-domani-si-torna-a-salire-podcast\/#primaryimage","url":"https:\/\/cyclingpro.net\/spaziociclismo\/wp-content\/uploads\/2020\/03\/SpazioTalk660.jpg","contentUrl":"https:\/\/cyclingpro.net\/spaziociclismo\/wp-content\/uploads\/2020\/03\/SpazioTalk660.jpg","width":660,"height":330},{"@type":"BreadcrumbList","@id":"https:\/\/cyclingpro.net\/spaziociclismo\/podcast\/vuelta-a-espana-daily-11-matthew-brennan-fa-tris-e-domani-si-torna-a-salire-podcast\/#breadcrumb","itemListElement":[{"@type":"ListItem","position":1,"name":"Home","item":"https:\/\/cyclingpro.net\/spaziociclismo\/"},{"@type":"ListItem","position":2,"name":"Vuelta a Espa\u00f1a Daily #11, Matthew Brennan fa tris &#8211; e domani si torna a salire (Podcast)"}]},{"@type":"WebSite","@id":"https:\/\/cyclingpro.net\/spaziociclismo\/#website","url":"https:\/\/cyclingpro.net\/spaziociclismo\/","name":"SpazioCiclismo","description":"Tutto il ciclismo minuto per minuto","publisher":{"@id":"https:\/\/cyclingpro.net\/spaziociclismo\/#organization"},"potentialAction":[{"@type":"SearchAction","target":{"@type":"EntryPoint","urlTemplate":"https:\/\/cyclingpro.net\/spaziociclismo\/?s={search_term_string}"},"query-input":{"@type":"PropertyValueSpecification","valueRequired":true,"valueName":"search_term_string"}}],"inLanguage":"it-IT"},{"@type":"Organization","@id":"https:\/\/cyclingpro.net\/spaziociclismo\/#organization","name":"SpazioCiclismo","url":"https:\/\/cyclingpro.net\/spaziociclismo\/","logo":{"@type":"ImageObject","inLanguage":"it-IT","@id":"https:\/\/cyclingpro.net\/spaziociclismo\/#\/schema\/logo\/image\/","url":"https:\/\/cyclingpro.net\/spaziociclismo\/wp-content\/uploads\/2017\/02\/SpazioCiclismo-Logo-Quadrato.png","contentUrl":"https:\/\/cyclingpro.net\/spaziociclismo\/wp-content\/uploads\/2017\/02\/SpazioCiclismo-Logo-Quadrato.png","width":450,"height":450,"caption":"SpazioCiclismo"},"image":{"@id":"https:\/\/cyclingpro.net\/spaziociclismo\/#\/schema\/logo\/image\/"},"sameAs":["https:\/\/www.facebook.com\/SpazioCiclismo\/","https:\/\/x.com\/spaziociclismo","https:\/\/www.instagram.com\/spaziociclismo\/"]},{"@type":"Person","@id":"https:\/\/cyclingpro.net\/spaziociclismo\/#\/schema\/person\/dba3a57e86bb6baefba5acbf905f8801","name":"Luca Pellegrini","image":{"@type":"ImageObject","inLanguage":"it-IT","@id":"https:\/\/secure.gravatar.com\/avatar\/e233a6b2a31aba774a86fc0121b1a3bd7f6e7d1a4d2162cde93df050675351b8?s=96&d=mm&r=g","url":"https:\/\/secure.gravatar.com\/avatar\/e233a6b2a31aba774a86fc0121b1a3bd7f6e7d1a4d2162cde93df050675351b8?s=96&d=mm&r=g","contentUrl":"https:\/\/secure.gravatar.com\/avatar\/e233a6b2a31aba774a86fc0121b1a3bd7f6e7d1a4d2162cde93df050675351b8?s=96&d=mm&r=g","caption":"Luca Pellegrini"},"url":"https:\/\/cyclingpro.net\/spaziociclismo\/author\/lpellegrini\/"}]}},"_links":{"self":[{"href":"https:\/\/cyclingpro.net\/spaziociclismo\/wp-json\/wp\/v2\/posts\/393399","targetHints":{"allow":["GET"]}}],"collection":[{"href":"https:\/\/cyclingpro.net\/spaziociclismo\/wp-json\/wp\/v2\/posts"}],"about":[{"href":"https:\/\/cyclingpro.net\/spaziociclismo\/wp-json\/wp\/v2\/types\/post"}],"author":[{"embeddable":true,"href":"https:\/\/cyclingpro.net\/spaziociclismo\/wp-json\/wp\/v2\/users\/4"}],"replies":[{"embeddable":true,"href":"https:\/\/cyclingpro.net\/spaziociclismo\/wp-json\/wp\/v2\/comments?post=393399"}],"version-history":[{"count":1,"href":"https:\/\/cyclingpro.net\/spaziociclismo\/wp-json\/wp\/v2\/posts\/393399\/revisions"}],"predecessor-version":[{"id":393400,"href":"https:\/\/cyclingpro.net\/spaziociclismo\/wp-json\/wp\/v2\/posts\/393399\/revisions\/393400"}],"wp:featuredmedia":[{"embeddable":true,"href":"https:\/\/cyclingpro.net\/spaziociclismo\/wp-json\/wp\/v2\/media\/123363"}],"wp:attachment":[{"href":"https:\/\/cyclingpro.net\/spaziociclismo\/wp-json\/wp\/v2\/media?parent=393399"}],"wp:term":[{"taxonomy":"category","embeddable":true,"href":"https:\/\/cyclingpro.net\/spaziociclismo\/wp-json\/wp\/v2\/categories?post=393399"},{"taxonomy":"post_tag","embeddable":true,"href":"https:\/\/cyclingpro.net\/spaziociclismo\/wp-json\/wp\/v2\/tags?post=393399"}],"curies":[{"name":"wp","href":"https:\/\/api.w.org\/{rel}","templated":true}]}}