{"id":393385,"date":"2026-09-02T20:02:02","date_gmt":"2026-09-02T18:02:02","guid":{"rendered":"https:\/\/cyclingpro.net\/spaziociclismo\/?p=393385"},"modified":"2026-09-02T20:02:02","modified_gmt":"2026-09-02T18:02:02","slug":"vuelta-a-espana-2026-bryan-coquard-vicino-al-bis-ho-cercato-di-agganciarmi-alla-ruota-di-brennan-ma-era-semplicemente-piu-veloce","status":"publish","type":"post","link":"https:\/\/cyclingpro.net\/spaziociclismo\/vuelta-2026\/vuelta-a-espana-2026-bryan-coquard-vicino-al-bis-ho-cercato-di-agganciarmi-alla-ruota-di-brennan-ma-era-semplicemente-piu-veloce\/","title":{"rendered":"Vuelta a Espa\u00f1a 2026, Bryan Coquard vicino al bis: \u201cHo cercato di agganciarmi alla ruota di Brennan, ma era semplicemente pi\u00f9 veloce\u201d"},"content":{"rendered":"<p>Secondo posto di tappa a Lorca per <strong>Bryan Coquard<\/strong> alla <strong>Vuelta a Espa\u00f1a 2026<\/strong>, dopo il successo a Xeraco. Il velocista della <strong>Cofidis<\/strong>, ha ricevuto grande fiducia dopo la prima vittoria in carriera in un Grande Giro, e oggi ci ha riprovato brillantemente. Il 34enne francese si \u00e8 mosso molto bene, battezzando la ruota del favorito Matthew Brennan (Visma | Lease a Bike), ma non ha avuto poi lo spunto per riuscire a superarlo, dovendosi accontentare del piazzamento d\u2019onore. Un\u2019altra buona prestazione anche della squadra, da cui sente la piena fiducia.<\/p>\n<p>\u201c<strong>Non potevo fare meglio<\/strong> &#8211; il commento di Coquard ai nostri microfoni dopo l\u2019arrivo &#8211; Ieri avevamo lavorato tutto il giorno con la Visma. Oggi, alla partenza, eravamo un po\u2019 riluttanti a fare la stessa cosa, ma poi la squadra ha riposto fiducia in me. Abbiamo quindi pedalato con loro per tutto il giorno. Nel finale, quando ci sono Laporte, Van Aert e Brennan, \u00e8 difficile fare di meglio. Ho provato a fare una mossa: ho cercato di agganciarmi alla ruota di Brennan e mi sono detto che forse Wout non avrebbe visto che ero io nella sua scia. Brennan per\u00f2 non si \u00e8 fatto superare ed era semplicemente pi\u00f9 veloce\u201d.<\/p>\n<p>Dopo una giornata negativa il francese quindi \u00e8 tornato subito protagonista e cercher\u00e0 di riprovarci ancora nelle prossime occasioni: \u201c<strong>Abbiamo sempre delle ambizioni e la squadra ha molta fiducia in me<\/strong>, quindi \u00e8 fantastico. Ieri non siamo stati ricompensati, sono quasi caduto nel finale, \u00e8 stato uno sprint sfortunato. me. Vogliamo sempre vincere, ma in questo caso non c\u2019era molto da fare Forse ho altre frecce al mio arco, vedremo questo fine settimana\u201d.<\/p>\n","protected":false},"excerpt":{"rendered":"<p>Secondo posto di tappa a Lorca per Bryan Coquard #LaVuelta26<\/p>\n","protected":false},"author":52,"featured_media":341109,"comment_status":"open","ping_status":"closed","sticky":false,"template":"","format":"standard","meta":{"footnotes":"","_members_access_role":[],"_members_access_error":""},"categories":[6589],"tags":[75,5752],"class_list":["post-393385","post","type-post","status-publish","format-standard","has-post-thumbnail","hentry","category-vuelta-2026","tag-bryan-coquard","tag-vuelta-a-espana-2026"],"yoast_head":"<!-- This site is optimized with the Yoast SEO plugin v28.4 - https:\/\/yoast.com\/product\/yoast-seo-wordpress\/ -->\n<title>Vuelta a Espa\u00f1a 2026, Bryan Coquard vicino al bis: \u201cHo cercato di agganciarmi alla ruota di Brennan, ma era semplicemente pi\u00f9 veloce\u201d - SpazioCiclismo<\/title>\n<meta name=\"robots\" content=\"index, follow, max-snippet:-1, max-image-preview:large, max-video-preview:-1\" \/>\n<link rel=\"canonical\" href=\"https:\/\/cyclingpro.net\/spaziociclismo\/vuelta-2026\/vuelta-a-espana-2026-bryan-coquard-vicino-al-bis-ho-cercato-di-agganciarmi-alla-ruota-di-brennan-ma-era-semplicemente-piu-veloce\/\" \/>\n<meta property=\"og:locale\" content=\"it_IT\" \/>\n<meta property=\"og:type\" content=\"article\" \/>\n<meta property=\"og:title\" content=\"Vuelta a Espa\u00f1a 2026, Bryan Coquard vicino al bis: \u201cHo cercato di agganciarmi alla ruota di Brennan, ma era semplicemente pi\u00f9 veloce\u201d - SpazioCiclismo\" \/>\n<meta property=\"og:description\" content=\"Secondo posto di tappa a Lorca per Bryan Coquard #LaVuelta26\" \/>\n<meta property=\"og:url\" content=\"https:\/\/cyclingpro.net\/spaziociclismo\/vuelta-2026\/vuelta-a-espana-2026-bryan-coquard-vicino-al-bis-ho-cercato-di-agganciarmi-alla-ruota-di-brennan-ma-era-semplicemente-piu-veloce\/\" \/>\n<meta property=\"og:site_name\" content=\"SpazioCiclismo\" \/>\n<meta property=\"article:publisher\" content=\"https:\/\/www.facebook.com\/SpazioCiclismo\/\" \/>\n<meta property=\"article:published_time\" content=\"2026-09-02T18:02:02+00:00\" \/>\n<meta property=\"og:image\" content=\"https:\/\/cyclingpro.net\/spaziociclismo\/wp-content\/uploads\/2025\/07\/1227556117-scaled.jpg\" \/>\n\t<meta property=\"og:image:width\" content=\"2560\" \/>\n\t<meta property=\"og:image:height\" content=\"1707\" \/>\n\t<meta property=\"og:image:type\" content=\"image\/jpeg\" \/>\n<meta name=\"author\" content=\"Alessandro Farina\" \/>\n<meta name=\"twitter:card\" content=\"summary_large_image\" \/>\n<meta name=\"twitter:creator\" content=\"@spaziociclismo\" \/>\n<meta name=\"twitter:site\" content=\"@spaziociclismo\" \/>\n<meta name=\"twitter:label1\" content=\"Scritto da\" \/>\n\t<meta name=\"twitter:data1\" content=\"Alessandro Farina\" \/>\n\t<meta name=\"twitter:label2\" content=\"Tempo di lettura stimato\" \/>\n\t<meta name=\"twitter:data2\" content=\"2 minuti\" \/>\n<script type=\"application\/ld+json\" class=\"yoast-schema-graph\">{\"@context\":\"https:\\\/\\\/schema.org\",\"@graph\":[{\"@type\":\"Article\",\"@id\":\"https:\\\/\\\/cyclingpro.net\\\/spaziociclismo\\\/vuelta-2026\\\/vuelta-a-espana-2026-bryan-coquard-vicino-al-bis-ho-cercato-di-agganciarmi-alla-ruota-di-brennan-ma-era-semplicemente-piu-veloce\\\/#article\",\"isPartOf\":{\"@id\":\"https:\\\/\\\/cyclingpro.net\\\/spaziociclismo\\\/vuelta-2026\\\/vuelta-a-espana-2026-bryan-coquard-vicino-al-bis-ho-cercato-di-agganciarmi-alla-ruota-di-brennan-ma-era-semplicemente-piu-veloce\\\/\"},\"author\":{\"name\":\"Alessandro Farina\",\"@id\":\"https:\\\/\\\/cyclingpro.net\\\/spaziociclismo\\\/#\\\/schema\\\/person\\\/fda4d079a95104c2764f9c3ffa3fc26f\"},\"headline\":\"Vuelta a Espa\u00f1a 2026, Bryan Coquard vicino al bis: \u201cHo cercato di agganciarmi alla ruota di Brennan, ma era semplicemente pi\u00f9 veloce\u201d\",\"datePublished\":\"2026-09-02T18:02:02+00:00\",\"mainEntityOfPage\":{\"@id\":\"https:\\\/\\\/cyclingpro.net\\\/spaziociclismo\\\/vuelta-2026\\\/vuelta-a-espana-2026-bryan-coquard-vicino-al-bis-ho-cercato-di-agganciarmi-alla-ruota-di-brennan-ma-era-semplicemente-piu-veloce\\\/\"},\"wordCount\":294,\"commentCount\":0,\"publisher\":{\"@id\":\"https:\\\/\\\/cyclingpro.net\\\/spaziociclismo\\\/#organization\"},\"image\":{\"@id\":\"https:\\\/\\\/cyclingpro.net\\\/spaziociclismo\\\/vuelta-2026\\\/vuelta-a-espana-2026-bryan-coquard-vicino-al-bis-ho-cercato-di-agganciarmi-alla-ruota-di-brennan-ma-era-semplicemente-piu-veloce\\\/#primaryimage\"},\"thumbnailUrl\":\"https:\\\/\\\/cyclingpro.net\\\/spaziociclismo\\\/wp-content\\\/uploads\\\/2025\\\/07\\\/1227556117-scaled.jpg\",\"keywords\":[\"Bryan Coquard\",\"Vuelta a Espa\u00f1a 2026\"],\"articleSection\":[\"Vuelta 2026\"],\"inLanguage\":\"it-IT\",\"potentialAction\":[{\"@type\":\"CommentAction\",\"name\":\"Comment\",\"target\":[\"https:\\\/\\\/cyclingpro.net\\\/spaziociclismo\\\/vuelta-2026\\\/vuelta-a-espana-2026-bryan-coquard-vicino-al-bis-ho-cercato-di-agganciarmi-alla-ruota-di-brennan-ma-era-semplicemente-piu-veloce\\\/#respond\"]}]},{\"@type\":\"WebPage\",\"@id\":\"https:\\\/\\\/cyclingpro.net\\\/spaziociclismo\\\/vuelta-2026\\\/vuelta-a-espana-2026-bryan-coquard-vicino-al-bis-ho-cercato-di-agganciarmi-alla-ruota-di-brennan-ma-era-semplicemente-piu-veloce\\\/\",\"url\":\"https:\\\/\\\/cyclingpro.net\\\/spaziociclismo\\\/vuelta-2026\\\/vuelta-a-espana-2026-bryan-coquard-vicino-al-bis-ho-cercato-di-agganciarmi-alla-ruota-di-brennan-ma-era-semplicemente-piu-veloce\\\/\",\"name\":\"Vuelta a Espa\u00f1a 2026, Bryan Coquard vicino al bis: \u201cHo cercato di agganciarmi alla ruota di Brennan, ma era semplicemente pi\u00f9 veloce\u201d - SpazioCiclismo\",\"isPartOf\":{\"@id\":\"https:\\\/\\\/cyclingpro.net\\\/spaziociclismo\\\/#website\"},\"primaryImageOfPage\":{\"@id\":\"https:\\\/\\\/cyclingpro.net\\\/spaziociclismo\\\/vuelta-2026\\\/vuelta-a-espana-2026-bryan-coquard-vicino-al-bis-ho-cercato-di-agganciarmi-alla-ruota-di-brennan-ma-era-semplicemente-piu-veloce\\\/#primaryimage\"},\"image\":{\"@id\":\"https:\\\/\\\/cyclingpro.net\\\/spaziociclismo\\\/vuelta-2026\\\/vuelta-a-espana-2026-bryan-coquard-vicino-al-bis-ho-cercato-di-agganciarmi-alla-ruota-di-brennan-ma-era-semplicemente-piu-veloce\\\/#primaryimage\"},\"thumbnailUrl\":\"https:\\\/\\\/cyclingpro.net\\\/spaziociclismo\\\/wp-content\\\/uploads\\\/2025\\\/07\\\/1227556117-scaled.jpg\",\"datePublished\":\"2026-09-02T18:02:02+00:00\",\"breadcrumb\":{\"@id\":\"https:\\\/\\\/cyclingpro.net\\\/spaziociclismo\\\/vuelta-2026\\\/vuelta-a-espana-2026-bryan-coquard-vicino-al-bis-ho-cercato-di-agganciarmi-alla-ruota-di-brennan-ma-era-semplicemente-piu-veloce\\\/#breadcrumb\"},\"inLanguage\":\"it-IT\",\"potentialAction\":[{\"@type\":\"ReadAction\",\"target\":[\"https:\\\/\\\/cyclingpro.net\\\/spaziociclismo\\\/vuelta-2026\\\/vuelta-a-espana-2026-bryan-coquard-vicino-al-bis-ho-cercato-di-agganciarmi-alla-ruota-di-brennan-ma-era-semplicemente-piu-veloce\\\/\"]}]},{\"@type\":\"ImageObject\",\"inLanguage\":\"it-IT\",\"@id\":\"https:\\\/\\\/cyclingpro.net\\\/spaziociclismo\\\/vuelta-2026\\\/vuelta-a-espana-2026-bryan-coquard-vicino-al-bis-ho-cercato-di-agganciarmi-alla-ruota-di-brennan-ma-era-semplicemente-piu-veloce\\\/#primaryimage\",\"url\":\"https:\\\/\\\/cyclingpro.net\\\/spaziociclismo\\\/wp-content\\\/uploads\\\/2025\\\/07\\\/1227556117-scaled.jpg\",\"contentUrl\":\"https:\\\/\\\/cyclingpro.net\\\/spaziociclismo\\\/wp-content\\\/uploads\\\/2025\\\/07\\\/1227556117-scaled.jpg\",\"width\":2560,\"height\":1707,\"caption\":\"\u00a9 Sirotti\"},{\"@type\":\"BreadcrumbList\",\"@id\":\"https:\\\/\\\/cyclingpro.net\\\/spaziociclismo\\\/vuelta-2026\\\/vuelta-a-espana-2026-bryan-coquard-vicino-al-bis-ho-cercato-di-agganciarmi-alla-ruota-di-brennan-ma-era-semplicemente-piu-veloce\\\/#breadcrumb\",\"itemListElement\":[{\"@type\":\"ListItem\",\"position\":1,\"name\":\"Home\",\"item\":\"https:\\\/\\\/cyclingpro.net\\\/spaziociclismo\\\/\"},{\"@type\":\"ListItem\",\"position\":2,\"name\":\"Vuelta a Espa\u00f1a 2026, Bryan Coquard vicino al bis: \u201cHo cercato di agganciarmi alla ruota di Brennan, ma era semplicemente pi\u00f9 veloce\u201d\"}]},{\"@type\":\"WebSite\",\"@id\":\"https:\\\/\\\/cyclingpro.net\\\/spaziociclismo\\\/#website\",\"url\":\"https:\\\/\\\/cyclingpro.net\\\/spaziociclismo\\\/\",\"name\":\"SpazioCiclismo\",\"description\":\"Tutto il ciclismo minuto per minuto\",\"publisher\":{\"@id\":\"https:\\\/\\\/cyclingpro.net\\\/spaziociclismo\\\/#organization\"},\"potentialAction\":[{\"@type\":\"SearchAction\",\"target\":{\"@type\":\"EntryPoint\",\"urlTemplate\":\"https:\\\/\\\/cyclingpro.net\\\/spaziociclismo\\\/?s={search_term_string}\"},\"query-input\":{\"@type\":\"PropertyValueSpecification\",\"valueRequired\":true,\"valueName\":\"search_term_string\"}}],\"inLanguage\":\"it-IT\"},{\"@type\":\"Organization\",\"@id\":\"https:\\\/\\\/cyclingpro.net\\\/spaziociclismo\\\/#organization\",\"name\":\"SpazioCiclismo\",\"url\":\"https:\\\/\\\/cyclingpro.net\\\/spaziociclismo\\\/\",\"logo\":{\"@type\":\"ImageObject\",\"inLanguage\":\"it-IT\",\"@id\":\"https:\\\/\\\/cyclingpro.net\\\/spaziociclismo\\\/#\\\/schema\\\/logo\\\/image\\\/\",\"url\":\"https:\\\/\\\/cyclingpro.net\\\/spaziociclismo\\\/wp-content\\\/uploads\\\/2017\\\/02\\\/SpazioCiclismo-Logo-Quadrato.png\",\"contentUrl\":\"https:\\\/\\\/cyclingpro.net\\\/spaziociclismo\\\/wp-content\\\/uploads\\\/2017\\\/02\\\/SpazioCiclismo-Logo-Quadrato.png\",\"width\":450,\"height\":450,\"caption\":\"SpazioCiclismo\"},\"image\":{\"@id\":\"https:\\\/\\\/cyclingpro.net\\\/spaziociclismo\\\/#\\\/schema\\\/logo\\\/image\\\/\"},\"sameAs\":[\"https:\\\/\\\/www.facebook.com\\\/SpazioCiclismo\\\/\",\"https:\\\/\\\/x.com\\\/spaziociclismo\",\"https:\\\/\\\/www.instagram.com\\\/spaziociclismo\\\/\"]},{\"@type\":\"Person\",\"@id\":\"https:\\\/\\\/cyclingpro.net\\\/spaziociclismo\\\/#\\\/schema\\\/person\\\/fda4d079a95104c2764f9c3ffa3fc26f\",\"name\":\"Alessandro Farina\",\"image\":{\"@type\":\"ImageObject\",\"inLanguage\":\"it-IT\",\"@id\":\"https:\\\/\\\/secure.gravatar.com\\\/avatar\\\/a15b660280727ff1737611bc5349040155e2609201d613ef2611905cdc7a122a?s=96&d=mm&r=g\",\"url\":\"https:\\\/\\\/secure.gravatar.com\\\/avatar\\\/a15b660280727ff1737611bc5349040155e2609201d613ef2611905cdc7a122a?s=96&d=mm&r=g\",\"contentUrl\":\"https:\\\/\\\/secure.gravatar.com\\\/avatar\\\/a15b660280727ff1737611bc5349040155e2609201d613ef2611905cdc7a122a?s=96&d=mm&r=g\",\"caption\":\"Alessandro Farina\"},\"url\":\"https:\\\/\\\/cyclingpro.net\\\/spaziociclismo\\\/author\\\/afarina\\\/\"}]}<\/script>\n<!-- \/ Yoast SEO plugin. -->","yoast_head_json":{"title":"Vuelta a Espa\u00f1a 2026, Bryan Coquard vicino al bis: \u201cHo cercato di agganciarmi alla ruota di Brennan, ma era semplicemente pi\u00f9 veloce\u201d - SpazioCiclismo","robots":{"index":"index","follow":"follow","max-snippet":"max-snippet:-1","max-image-preview":"max-image-preview:large","max-video-preview":"max-video-preview:-1"},"canonical":"https:\/\/cyclingpro.net\/spaziociclismo\/vuelta-2026\/vuelta-a-espana-2026-bryan-coquard-vicino-al-bis-ho-cercato-di-agganciarmi-alla-ruota-di-brennan-ma-era-semplicemente-piu-veloce\/","og_locale":"it_IT","og_type":"article","og_title":"Vuelta a Espa\u00f1a 2026, Bryan Coquard vicino al bis: \u201cHo cercato di agganciarmi alla ruota di Brennan, ma era semplicemente pi\u00f9 veloce\u201d - SpazioCiclismo","og_description":"Secondo posto di tappa a Lorca per Bryan Coquard #LaVuelta26","og_url":"https:\/\/cyclingpro.net\/spaziociclismo\/vuelta-2026\/vuelta-a-espana-2026-bryan-coquard-vicino-al-bis-ho-cercato-di-agganciarmi-alla-ruota-di-brennan-ma-era-semplicemente-piu-veloce\/","og_site_name":"SpazioCiclismo","article_publisher":"https:\/\/www.facebook.com\/SpazioCiclismo\/","article_published_time":"2026-09-02T18:02:02+00:00","og_image":[{"width":2560,"height":1707,"url":"https:\/\/cyclingpro.net\/spaziociclismo\/wp-content\/uploads\/2025\/07\/1227556117-scaled.jpg","type":"image\/jpeg"}],"author":"Alessandro Farina","twitter_card":"summary_large_image","twitter_creator":"@spaziociclismo","twitter_site":"@spaziociclismo","twitter_misc":{"Scritto da":"Alessandro Farina","Tempo di lettura stimato":"2 minuti"},"schema":{"@context":"https:\/\/schema.org","@graph":[{"@type":"Article","@id":"https:\/\/cyclingpro.net\/spaziociclismo\/vuelta-2026\/vuelta-a-espana-2026-bryan-coquard-vicino-al-bis-ho-cercato-di-agganciarmi-alla-ruota-di-brennan-ma-era-semplicemente-piu-veloce\/#article","isPartOf":{"@id":"https:\/\/cyclingpro.net\/spaziociclismo\/vuelta-2026\/vuelta-a-espana-2026-bryan-coquard-vicino-al-bis-ho-cercato-di-agganciarmi-alla-ruota-di-brennan-ma-era-semplicemente-piu-veloce\/"},"author":{"name":"Alessandro Farina","@id":"https:\/\/cyclingpro.net\/spaziociclismo\/#\/schema\/person\/fda4d079a95104c2764f9c3ffa3fc26f"},"headline":"Vuelta a Espa\u00f1a 2026, Bryan Coquard vicino al bis: \u201cHo cercato di agganciarmi alla ruota di Brennan, ma era semplicemente pi\u00f9 veloce\u201d","datePublished":"2026-09-02T18:02:02+00:00","mainEntityOfPage":{"@id":"https:\/\/cyclingpro.net\/spaziociclismo\/vuelta-2026\/vuelta-a-espana-2026-bryan-coquard-vicino-al-bis-ho-cercato-di-agganciarmi-alla-ruota-di-brennan-ma-era-semplicemente-piu-veloce\/"},"wordCount":294,"commentCount":0,"publisher":{"@id":"https:\/\/cyclingpro.net\/spaziociclismo\/#organization"},"image":{"@id":"https:\/\/cyclingpro.net\/spaziociclismo\/vuelta-2026\/vuelta-a-espana-2026-bryan-coquard-vicino-al-bis-ho-cercato-di-agganciarmi-alla-ruota-di-brennan-ma-era-semplicemente-piu-veloce\/#primaryimage"},"thumbnailUrl":"https:\/\/cyclingpro.net\/spaziociclismo\/wp-content\/uploads\/2025\/07\/1227556117-scaled.jpg","keywords":["Bryan Coquard","Vuelta a Espa\u00f1a 2026"],"articleSection":["Vuelta 2026"],"inLanguage":"it-IT","potentialAction":[{"@type":"CommentAction","name":"Comment","target":["https:\/\/cyclingpro.net\/spaziociclismo\/vuelta-2026\/vuelta-a-espana-2026-bryan-coquard-vicino-al-bis-ho-cercato-di-agganciarmi-alla-ruota-di-brennan-ma-era-semplicemente-piu-veloce\/#respond"]}]},{"@type":"WebPage","@id":"https:\/\/cyclingpro.net\/spaziociclismo\/vuelta-2026\/vuelta-a-espana-2026-bryan-coquard-vicino-al-bis-ho-cercato-di-agganciarmi-alla-ruota-di-brennan-ma-era-semplicemente-piu-veloce\/","url":"https:\/\/cyclingpro.net\/spaziociclismo\/vuelta-2026\/vuelta-a-espana-2026-bryan-coquard-vicino-al-bis-ho-cercato-di-agganciarmi-alla-ruota-di-brennan-ma-era-semplicemente-piu-veloce\/","name":"Vuelta a Espa\u00f1a 2026, Bryan Coquard vicino al bis: \u201cHo cercato di agganciarmi alla ruota di Brennan, ma era semplicemente pi\u00f9 veloce\u201d - SpazioCiclismo","isPartOf":{"@id":"https:\/\/cyclingpro.net\/spaziociclismo\/#website"},"primaryImageOfPage":{"@id":"https:\/\/cyclingpro.net\/spaziociclismo\/vuelta-2026\/vuelta-a-espana-2026-bryan-coquard-vicino-al-bis-ho-cercato-di-agganciarmi-alla-ruota-di-brennan-ma-era-semplicemente-piu-veloce\/#primaryimage"},"image":{"@id":"https:\/\/cyclingpro.net\/spaziociclismo\/vuelta-2026\/vuelta-a-espana-2026-bryan-coquard-vicino-al-bis-ho-cercato-di-agganciarmi-alla-ruota-di-brennan-ma-era-semplicemente-piu-veloce\/#primaryimage"},"thumbnailUrl":"https:\/\/cyclingpro.net\/spaziociclismo\/wp-content\/uploads\/2025\/07\/1227556117-scaled.jpg","datePublished":"2026-09-02T18:02:02+00:00","breadcrumb":{"@id":"https:\/\/cyclingpro.net\/spaziociclismo\/vuelta-2026\/vuelta-a-espana-2026-bryan-coquard-vicino-al-bis-ho-cercato-di-agganciarmi-alla-ruota-di-brennan-ma-era-semplicemente-piu-veloce\/#breadcrumb"},"inLanguage":"it-IT","potentialAction":[{"@type":"ReadAction","target":["https:\/\/cyclingpro.net\/spaziociclismo\/vuelta-2026\/vuelta-a-espana-2026-bryan-coquard-vicino-al-bis-ho-cercato-di-agganciarmi-alla-ruota-di-brennan-ma-era-semplicemente-piu-veloce\/"]}]},{"@type":"ImageObject","inLanguage":"it-IT","@id":"https:\/\/cyclingpro.net\/spaziociclismo\/vuelta-2026\/vuelta-a-espana-2026-bryan-coquard-vicino-al-bis-ho-cercato-di-agganciarmi-alla-ruota-di-brennan-ma-era-semplicemente-piu-veloce\/#primaryimage","url":"https:\/\/cyclingpro.net\/spaziociclismo\/wp-content\/uploads\/2025\/07\/1227556117-scaled.jpg","contentUrl":"https:\/\/cyclingpro.net\/spaziociclismo\/wp-content\/uploads\/2025\/07\/1227556117-scaled.jpg","width":2560,"height":1707,"caption":"\u00a9 Sirotti"},{"@type":"BreadcrumbList","@id":"https:\/\/cyclingpro.net\/spaziociclismo\/vuelta-2026\/vuelta-a-espana-2026-bryan-coquard-vicino-al-bis-ho-cercato-di-agganciarmi-alla-ruota-di-brennan-ma-era-semplicemente-piu-veloce\/#breadcrumb","itemListElement":[{"@type":"ListItem","position":1,"name":"Home","item":"https:\/\/cyclingpro.net\/spaziociclismo\/"},{"@type":"ListItem","position":2,"name":"Vuelta a Espa\u00f1a 2026, Bryan Coquard vicino al bis: \u201cHo cercato di agganciarmi alla ruota di Brennan, ma era semplicemente pi\u00f9 veloce\u201d"}]},{"@type":"WebSite","@id":"https:\/\/cyclingpro.net\/spaziociclismo\/#website","url":"https:\/\/cyclingpro.net\/spaziociclismo\/","name":"SpazioCiclismo","description":"Tutto il ciclismo minuto per minuto","publisher":{"@id":"https:\/\/cyclingpro.net\/spaziociclismo\/#organization"},"potentialAction":[{"@type":"SearchAction","target":{"@type":"EntryPoint","urlTemplate":"https:\/\/cyclingpro.net\/spaziociclismo\/?s={search_term_string}"},"query-input":{"@type":"PropertyValueSpecification","valueRequired":true,"valueName":"search_term_string"}}],"inLanguage":"it-IT"},{"@type":"Organization","@id":"https:\/\/cyclingpro.net\/spaziociclismo\/#organization","name":"SpazioCiclismo","url":"https:\/\/cyclingpro.net\/spaziociclismo\/","logo":{"@type":"ImageObject","inLanguage":"it-IT","@id":"https:\/\/cyclingpro.net\/spaziociclismo\/#\/schema\/logo\/image\/","url":"https:\/\/cyclingpro.net\/spaziociclismo\/wp-content\/uploads\/2017\/02\/SpazioCiclismo-Logo-Quadrato.png","contentUrl":"https:\/\/cyclingpro.net\/spaziociclismo\/wp-content\/uploads\/2017\/02\/SpazioCiclismo-Logo-Quadrato.png","width":450,"height":450,"caption":"SpazioCiclismo"},"image":{"@id":"https:\/\/cyclingpro.net\/spaziociclismo\/#\/schema\/logo\/image\/"},"sameAs":["https:\/\/www.facebook.com\/SpazioCiclismo\/","https:\/\/x.com\/spaziociclismo","https:\/\/www.instagram.com\/spaziociclismo\/"]},{"@type":"Person","@id":"https:\/\/cyclingpro.net\/spaziociclismo\/#\/schema\/person\/fda4d079a95104c2764f9c3ffa3fc26f","name":"Alessandro Farina","image":{"@type":"ImageObject","inLanguage":"it-IT","@id":"https:\/\/secure.gravatar.com\/avatar\/a15b660280727ff1737611bc5349040155e2609201d613ef2611905cdc7a122a?s=96&d=mm&r=g","url":"https:\/\/secure.gravatar.com\/avatar\/a15b660280727ff1737611bc5349040155e2609201d613ef2611905cdc7a122a?s=96&d=mm&r=g","contentUrl":"https:\/\/secure.gravatar.com\/avatar\/a15b660280727ff1737611bc5349040155e2609201d613ef2611905cdc7a122a?s=96&d=mm&r=g","caption":"Alessandro Farina"},"url":"https:\/\/cyclingpro.net\/spaziociclismo\/author\/afarina\/"}]}},"_links":{"self":[{"href":"https:\/\/cyclingpro.net\/spaziociclismo\/wp-json\/wp\/v2\/posts\/393385","targetHints":{"allow":["GET"]}}],"collection":[{"href":"https:\/\/cyclingpro.net\/spaziociclismo\/wp-json\/wp\/v2\/posts"}],"about":[{"href":"https:\/\/cyclingpro.net\/spaziociclismo\/wp-json\/wp\/v2\/types\/post"}],"author":[{"embeddable":true,"href":"https:\/\/cyclingpro.net\/spaziociclismo\/wp-json\/wp\/v2\/users\/52"}],"replies":[{"embeddable":true,"href":"https:\/\/cyclingpro.net\/spaziociclismo\/wp-json\/wp\/v2\/comments?post=393385"}],"version-history":[{"count":1,"href":"https:\/\/cyclingpro.net\/spaziociclismo\/wp-json\/wp\/v2\/posts\/393385\/revisions"}],"predecessor-version":[{"id":393392,"href":"https:\/\/cyclingpro.net\/spaziociclismo\/wp-json\/wp\/v2\/posts\/393385\/revisions\/393392"}],"wp:featuredmedia":[{"embeddable":true,"href":"https:\/\/cyclingpro.net\/spaziociclismo\/wp-json\/wp\/v2\/media\/341109"}],"wp:attachment":[{"href":"https:\/\/cyclingpro.net\/spaziociclismo\/wp-json\/wp\/v2\/media?parent=393385"}],"wp:term":[{"taxonomy":"category","embeddable":true,"href":"https:\/\/cyclingpro.net\/spaziociclismo\/wp-json\/wp\/v2\/categories?post=393385"},{"taxonomy":"post_tag","embeddable":true,"href":"https:\/\/cyclingpro.net\/spaziociclismo\/wp-json\/wp\/v2\/tags?post=393385"}],"curies":[{"name":"wp","href":"https:\/\/api.w.org\/{rel}","templated":true}]}}