{"id":393384,"date":"2026-09-02T20:07:57","date_gmt":"2026-09-02T18:07:57","guid":{"rendered":"https:\/\/cyclingpro.net\/spaziociclismo\/?p=393384"},"modified":"2026-09-02T20:07:57","modified_gmt":"2026-09-02T18:07:57","slug":"vuelta-a-espana-2026-top-flop-del-giorno-11","status":"publish","type":"post","link":"https:\/\/cyclingpro.net\/spaziociclismo\/topflop\/vuelta-a-espana-2026-top-flop-del-giorno-11\/","title":{"rendered":"Vuelta a Espa\u00f1a 2026, Top\/Flop del giorno"},"content":{"rendered":"<p>La nostra consueta rubrica che traccia il bilancio della giornata appena conclusasi alla <strong>Vuelta a Espa\u00f1a 2026<\/strong>.<\/p>\n\n\t\t<div class=\"thumbup tie-list-shortcode\">\n<ul>\n<li><b>Matthew Brennan (Visma | Lease a Bike):\u00a0<\/b>Terzo squillo per il giovane corridore britannico che si conferma miglior velocista in questa edizione della Vuelta. Non era una giornata scontata e la fatica inizia a farsi sentire nelle gambe essendo a met\u00e0 corsa. Tuttavia lui \u00e8 perfetto nella gestione dello sforzo, supportato da un treno d&#8217;elite con Christophe Laporte e Wout Van Aert che lo porta in carrozza fino agli ultimi metri. Vincere non \u00e8 mai semplice, malgrado televisivamente sembra che questo ragazzo sia di un altro pianeta rispetto agli avversari.<\/li>\n<li><b>Eddie Dunbar (Pinarello Q36.5 Pro Cycling): <\/b>Nel 2024 vinse due tappe alla Vuelta, poi per varie ragioni non \u00e8 pi\u00f9 riuscito a trovare il miglior colpo di pedale. Il 30enne irlandese \u00e8 ancora lontano dalla miglior condizione, ma non si pu\u00f2 dire che non ci provi. Anche oggi, in un finale che sembrava gi\u00e0 scritto, \u00e8 stato l&#8217;unico a provare a inventarsi qualcosa nel tratto in salita. Ode al coraggio, peccato che non ci sia stato nessun altro a seguirlo. E considerando che in caso di sprint c&#8217;era un favorito assoluto, forse qualche altra squadra avrebbe potuto azzardare di pi\u00f9.<\/li>\n<li><b>Wout Van Aert (Visma | Lease a Bike):\u00a0<\/b>Pesce pilota perfetto, con tanto di quinto posto che gli permette di prender punti per la Maglia Verde. Il belga \u00e8 ancora una volta grande protagonista e riscatta parzialmente la giornata di ieri, dove da favorito non \u00e8 riuscito ad andare a segno. Tra l&#8217;altro interessante anche la sua volatina al GPM: che stia facendo un pensierino anche alla Maglia a Pois? Non \u00e8 troppo distante da Santiago Buitrago e ha dimostrato di potersela giocare anche nelle tappe di montagna.<\/li>\n<\/ul>\n\n\t\t<\/div>\n\t\n\n\t\t<div class=\"thumbdown tie-list-shortcode\">\n<ul>\n<li><b>Ventagli:\u00a0<\/b>a 90 chilometri dall&#8217;arrivo sembravano esserci le condizioni per un azione con il vento laterale. C&#8217;\u00e8 stato un timido tentativo, ma alla fine tutto \u00e8 passato senza scossoni. Non \u00e8 mai semplice trovare il momento giusto per piazzare questo genere di attacchi e le squadre devono anche gestire gli sforzi. Da un certo punto di vista \u00e8 un&#8217;occasione persa, specialmente per quelle squadre di uomini di classifica, come la Red Bull &#8211; BORA &#8211; hansgrohe, pi\u00f9 attrezzate a livello di passisti. Si poteva tentare di mettere in difficolt\u00e0 qualche altro big.<\/li>\n<li><strong>Mads Pedersen (Lidl-Trek): <\/strong>Esce di scena abbastanza mestamente dalla Vuelta. E ci ricorda che anche i fuoriclasse assoluti sono esseri umani. Dopo un Tour corso all&#8217;arrembaggio, ha faticato parecchio in queste prime tappe nella corsa spagnola, fino a optare per il ritiro. Forse era dovuto, forse avrebbe potuto stringere i denti e provare a giocarsela almeno oggi. Sta di fatto che, data la fatica che stava facendo, \u00e8 anche opportuno fermarsi un attimo e capire cosa ci sia che non vada.<\/li>\n<li><strong>Alberto Dainese (Soudal Quick-Step): <\/strong>Era una buona giornata, almeno sulla carta, per lo sprinter italiano che invece paga dazio in salita e giunge attardato con pi\u00f9 di cinque minuti. Le occasioni per corridori con le sue caratteristiche non sono moltissime, perderne una cos\u00ec \u00e8 un peccato. Va detto che nessuna volata alla Vuelta \u00e8 regalata e una piccola giornata storta cosa caro. Avr\u00e0 modo di rifarsi, sperando che la condizione possa migliorare strada facendo. \u00a0\n\t\t<\/div>\n\t<\/li>\n<\/ul>\n","protected":false},"excerpt":{"rendered":"<p>I Top e Flop del giorno a #LaVuelta26<\/p>\n","protected":false},"author":4,"featured_media":393393,"comment_status":"open","ping_status":"closed","sticky":false,"template":"","format":"standard","meta":{"footnotes":"","_members_access_role":[],"_members_access_error":""},"categories":[19,21,6589],"tags":[],"class_list":["post-393384","post","type-post","status-publish","format-standard","has-post-thumbnail","hentry","category-topflop","category-vetrina","category-vuelta-2026"],"yoast_head":"<!-- This site is optimized with the Yoast SEO plugin v28.4 - https:\/\/yoast.com\/product\/yoast-seo-wordpress\/ -->\n<title>Vuelta a Espa\u00f1a 2026, Top\/Flop del giorno - SpazioCiclismo<\/title>\n<meta name=\"robots\" content=\"index, follow, max-snippet:-1, max-image-preview:large, max-video-preview:-1\" \/>\n<link rel=\"canonical\" href=\"https:\/\/cyclingpro.net\/spaziociclismo\/topflop\/vuelta-a-espana-2026-top-flop-del-giorno-11\/\" \/>\n<meta property=\"og:locale\" content=\"it_IT\" \/>\n<meta property=\"og:type\" content=\"article\" \/>\n<meta property=\"og:title\" content=\"Vuelta a Espa\u00f1a 2026, Top\/Flop del giorno - SpazioCiclismo\" \/>\n<meta property=\"og:description\" content=\"I Top e Flop del giorno a #LaVuelta26\" \/>\n<meta property=\"og:url\" content=\"https:\/\/cyclingpro.net\/spaziociclismo\/topflop\/vuelta-a-espana-2026-top-flop-del-giorno-11\/\" \/>\n<meta property=\"og:site_name\" content=\"SpazioCiclismo\" \/>\n<meta property=\"article:publisher\" content=\"https:\/\/www.facebook.com\/SpazioCiclismo\/\" \/>\n<meta property=\"article:published_time\" content=\"2026-09-02T18:07:57+00:00\" \/>\n<meta property=\"og:image\" content=\"https:\/\/cyclingpro.net\/spaziociclismo\/wp-content\/uploads\/2026\/09\/1290318083-scaled.jpg\" \/>\n\t<meta property=\"og:image:width\" content=\"2560\" \/>\n\t<meta property=\"og:image:height\" content=\"1707\" \/>\n\t<meta property=\"og:image:type\" content=\"image\/jpeg\" \/>\n<meta name=\"author\" content=\"Luca Pellegrini\" \/>\n<meta name=\"twitter:card\" content=\"summary_large_image\" \/>\n<meta name=\"twitter:creator\" content=\"@spaziociclismo\" \/>\n<meta name=\"twitter:site\" content=\"@spaziociclismo\" \/>\n<meta name=\"twitter:label1\" content=\"Scritto da\" \/>\n\t<meta name=\"twitter:data1\" content=\"Luca Pellegrini\" \/>\n\t<meta name=\"twitter:label2\" content=\"Tempo di lettura stimato\" \/>\n\t<meta name=\"twitter:data2\" content=\"4 minuti\" \/>\n<script type=\"application\/ld+json\" class=\"yoast-schema-graph\">{\"@context\":\"https:\\\/\\\/schema.org\",\"@graph\":[{\"@type\":\"Article\",\"@id\":\"https:\\\/\\\/cyclingpro.net\\\/spaziociclismo\\\/topflop\\\/vuelta-a-espana-2026-top-flop-del-giorno-11\\\/#article\",\"isPartOf\":{\"@id\":\"https:\\\/\\\/cyclingpro.net\\\/spaziociclismo\\\/topflop\\\/vuelta-a-espana-2026-top-flop-del-giorno-11\\\/\"},\"author\":{\"name\":\"Luca Pellegrini\",\"@id\":\"https:\\\/\\\/cyclingpro.net\\\/spaziociclismo\\\/#\\\/schema\\\/person\\\/dba3a57e86bb6baefba5acbf905f8801\"},\"headline\":\"Vuelta a Espa\u00f1a 2026, Top\\\/Flop del giorno\",\"datePublished\":\"2026-09-02T18:07:57+00:00\",\"mainEntityOfPage\":{\"@id\":\"https:\\\/\\\/cyclingpro.net\\\/spaziociclismo\\\/topflop\\\/vuelta-a-espana-2026-top-flop-del-giorno-11\\\/\"},\"wordCount\":551,\"commentCount\":0,\"publisher\":{\"@id\":\"https:\\\/\\\/cyclingpro.net\\\/spaziociclismo\\\/#organization\"},\"image\":{\"@id\":\"https:\\\/\\\/cyclingpro.net\\\/spaziociclismo\\\/topflop\\\/vuelta-a-espana-2026-top-flop-del-giorno-11\\\/#primaryimage\"},\"thumbnailUrl\":\"https:\\\/\\\/cyclingpro.net\\\/spaziociclismo\\\/wp-content\\\/uploads\\\/2026\\\/09\\\/1290318083-scaled.jpg\",\"articleSection\":[\"Top\\\/Flop\",\"Vetrina\",\"Vuelta 2026\"],\"inLanguage\":\"it-IT\",\"potentialAction\":[{\"@type\":\"CommentAction\",\"name\":\"Comment\",\"target\":[\"https:\\\/\\\/cyclingpro.net\\\/spaziociclismo\\\/topflop\\\/vuelta-a-espana-2026-top-flop-del-giorno-11\\\/#respond\"]}]},{\"@type\":\"WebPage\",\"@id\":\"https:\\\/\\\/cyclingpro.net\\\/spaziociclismo\\\/topflop\\\/vuelta-a-espana-2026-top-flop-del-giorno-11\\\/\",\"url\":\"https:\\\/\\\/cyclingpro.net\\\/spaziociclismo\\\/topflop\\\/vuelta-a-espana-2026-top-flop-del-giorno-11\\\/\",\"name\":\"Vuelta a Espa\u00f1a 2026, Top\\\/Flop del giorno - SpazioCiclismo\",\"isPartOf\":{\"@id\":\"https:\\\/\\\/cyclingpro.net\\\/spaziociclismo\\\/#website\"},\"primaryImageOfPage\":{\"@id\":\"https:\\\/\\\/cyclingpro.net\\\/spaziociclismo\\\/topflop\\\/vuelta-a-espana-2026-top-flop-del-giorno-11\\\/#primaryimage\"},\"image\":{\"@id\":\"https:\\\/\\\/cyclingpro.net\\\/spaziociclismo\\\/topflop\\\/vuelta-a-espana-2026-top-flop-del-giorno-11\\\/#primaryimage\"},\"thumbnailUrl\":\"https:\\\/\\\/cyclingpro.net\\\/spaziociclismo\\\/wp-content\\\/uploads\\\/2026\\\/09\\\/1290318083-scaled.jpg\",\"datePublished\":\"2026-09-02T18:07:57+00:00\",\"breadcrumb\":{\"@id\":\"https:\\\/\\\/cyclingpro.net\\\/spaziociclismo\\\/topflop\\\/vuelta-a-espana-2026-top-flop-del-giorno-11\\\/#breadcrumb\"},\"inLanguage\":\"it-IT\",\"potentialAction\":[{\"@type\":\"ReadAction\",\"target\":[\"https:\\\/\\\/cyclingpro.net\\\/spaziociclismo\\\/topflop\\\/vuelta-a-espana-2026-top-flop-del-giorno-11\\\/\"]}]},{\"@type\":\"ImageObject\",\"inLanguage\":\"it-IT\",\"@id\":\"https:\\\/\\\/cyclingpro.net\\\/spaziociclismo\\\/topflop\\\/vuelta-a-espana-2026-top-flop-del-giorno-11\\\/#primaryimage\",\"url\":\"https:\\\/\\\/cyclingpro.net\\\/spaziociclismo\\\/wp-content\\\/uploads\\\/2026\\\/09\\\/1290318083-scaled.jpg\",\"contentUrl\":\"https:\\\/\\\/cyclingpro.net\\\/spaziociclismo\\\/wp-content\\\/uploads\\\/2026\\\/09\\\/1290318083-scaled.jpg\",\"width\":2560,\"height\":1707,\"caption\":\"\u00a9 Sirotti\"},{\"@type\":\"BreadcrumbList\",\"@id\":\"https:\\\/\\\/cyclingpro.net\\\/spaziociclismo\\\/topflop\\\/vuelta-a-espana-2026-top-flop-del-giorno-11\\\/#breadcrumb\",\"itemListElement\":[{\"@type\":\"ListItem\",\"position\":1,\"name\":\"Home\",\"item\":\"https:\\\/\\\/cyclingpro.net\\\/spaziociclismo\\\/\"},{\"@type\":\"ListItem\",\"position\":2,\"name\":\"Vuelta a Espa\u00f1a 2026, Top\\\/Flop del giorno\"}]},{\"@type\":\"WebSite\",\"@id\":\"https:\\\/\\\/cyclingpro.net\\\/spaziociclismo\\\/#website\",\"url\":\"https:\\\/\\\/cyclingpro.net\\\/spaziociclismo\\\/\",\"name\":\"SpazioCiclismo\",\"description\":\"Tutto il ciclismo minuto per minuto\",\"publisher\":{\"@id\":\"https:\\\/\\\/cyclingpro.net\\\/spaziociclismo\\\/#organization\"},\"potentialAction\":[{\"@type\":\"SearchAction\",\"target\":{\"@type\":\"EntryPoint\",\"urlTemplate\":\"https:\\\/\\\/cyclingpro.net\\\/spaziociclismo\\\/?s={search_term_string}\"},\"query-input\":{\"@type\":\"PropertyValueSpecification\",\"valueRequired\":true,\"valueName\":\"search_term_string\"}}],\"inLanguage\":\"it-IT\"},{\"@type\":\"Organization\",\"@id\":\"https:\\\/\\\/cyclingpro.net\\\/spaziociclismo\\\/#organization\",\"name\":\"SpazioCiclismo\",\"url\":\"https:\\\/\\\/cyclingpro.net\\\/spaziociclismo\\\/\",\"logo\":{\"@type\":\"ImageObject\",\"inLanguage\":\"it-IT\",\"@id\":\"https:\\\/\\\/cyclingpro.net\\\/spaziociclismo\\\/#\\\/schema\\\/logo\\\/image\\\/\",\"url\":\"https:\\\/\\\/cyclingpro.net\\\/spaziociclismo\\\/wp-content\\\/uploads\\\/2017\\\/02\\\/SpazioCiclismo-Logo-Quadrato.png\",\"contentUrl\":\"https:\\\/\\\/cyclingpro.net\\\/spaziociclismo\\\/wp-content\\\/uploads\\\/2017\\\/02\\\/SpazioCiclismo-Logo-Quadrato.png\",\"width\":450,\"height\":450,\"caption\":\"SpazioCiclismo\"},\"image\":{\"@id\":\"https:\\\/\\\/cyclingpro.net\\\/spaziociclismo\\\/#\\\/schema\\\/logo\\\/image\\\/\"},\"sameAs\":[\"https:\\\/\\\/www.facebook.com\\\/SpazioCiclismo\\\/\",\"https:\\\/\\\/x.com\\\/spaziociclismo\",\"https:\\\/\\\/www.instagram.com\\\/spaziociclismo\\\/\"]},{\"@type\":\"Person\",\"@id\":\"https:\\\/\\\/cyclingpro.net\\\/spaziociclismo\\\/#\\\/schema\\\/person\\\/dba3a57e86bb6baefba5acbf905f8801\",\"name\":\"Luca Pellegrini\",\"image\":{\"@type\":\"ImageObject\",\"inLanguage\":\"it-IT\",\"@id\":\"https:\\\/\\\/secure.gravatar.com\\\/avatar\\\/e233a6b2a31aba774a86fc0121b1a3bd7f6e7d1a4d2162cde93df050675351b8?s=96&d=mm&r=g\",\"url\":\"https:\\\/\\\/secure.gravatar.com\\\/avatar\\\/e233a6b2a31aba774a86fc0121b1a3bd7f6e7d1a4d2162cde93df050675351b8?s=96&d=mm&r=g\",\"contentUrl\":\"https:\\\/\\\/secure.gravatar.com\\\/avatar\\\/e233a6b2a31aba774a86fc0121b1a3bd7f6e7d1a4d2162cde93df050675351b8?s=96&d=mm&r=g\",\"caption\":\"Luca Pellegrini\"},\"url\":\"https:\\\/\\\/cyclingpro.net\\\/spaziociclismo\\\/author\\\/lpellegrini\\\/\"}]}<\/script>\n<!-- \/ Yoast SEO plugin. -->","yoast_head_json":{"title":"Vuelta a Espa\u00f1a 2026, Top\/Flop del giorno - SpazioCiclismo","robots":{"index":"index","follow":"follow","max-snippet":"max-snippet:-1","max-image-preview":"max-image-preview:large","max-video-preview":"max-video-preview:-1"},"canonical":"https:\/\/cyclingpro.net\/spaziociclismo\/topflop\/vuelta-a-espana-2026-top-flop-del-giorno-11\/","og_locale":"it_IT","og_type":"article","og_title":"Vuelta a Espa\u00f1a 2026, Top\/Flop del giorno - SpazioCiclismo","og_description":"I Top e Flop del giorno a #LaVuelta26","og_url":"https:\/\/cyclingpro.net\/spaziociclismo\/topflop\/vuelta-a-espana-2026-top-flop-del-giorno-11\/","og_site_name":"SpazioCiclismo","article_publisher":"https:\/\/www.facebook.com\/SpazioCiclismo\/","article_published_time":"2026-09-02T18:07:57+00:00","og_image":[{"width":2560,"height":1707,"url":"https:\/\/cyclingpro.net\/spaziociclismo\/wp-content\/uploads\/2026\/09\/1290318083-scaled.jpg","type":"image\/jpeg"}],"author":"Luca Pellegrini","twitter_card":"summary_large_image","twitter_creator":"@spaziociclismo","twitter_site":"@spaziociclismo","twitter_misc":{"Scritto da":"Luca Pellegrini","Tempo di lettura stimato":"4 minuti"},"schema":{"@context":"https:\/\/schema.org","@graph":[{"@type":"Article","@id":"https:\/\/cyclingpro.net\/spaziociclismo\/topflop\/vuelta-a-espana-2026-top-flop-del-giorno-11\/#article","isPartOf":{"@id":"https:\/\/cyclingpro.net\/spaziociclismo\/topflop\/vuelta-a-espana-2026-top-flop-del-giorno-11\/"},"author":{"name":"Luca Pellegrini","@id":"https:\/\/cyclingpro.net\/spaziociclismo\/#\/schema\/person\/dba3a57e86bb6baefba5acbf905f8801"},"headline":"Vuelta a Espa\u00f1a 2026, Top\/Flop del giorno","datePublished":"2026-09-02T18:07:57+00:00","mainEntityOfPage":{"@id":"https:\/\/cyclingpro.net\/spaziociclismo\/topflop\/vuelta-a-espana-2026-top-flop-del-giorno-11\/"},"wordCount":551,"commentCount":0,"publisher":{"@id":"https:\/\/cyclingpro.net\/spaziociclismo\/#organization"},"image":{"@id":"https:\/\/cyclingpro.net\/spaziociclismo\/topflop\/vuelta-a-espana-2026-top-flop-del-giorno-11\/#primaryimage"},"thumbnailUrl":"https:\/\/cyclingpro.net\/spaziociclismo\/wp-content\/uploads\/2026\/09\/1290318083-scaled.jpg","articleSection":["Top\/Flop","Vetrina","Vuelta 2026"],"inLanguage":"it-IT","potentialAction":[{"@type":"CommentAction","name":"Comment","target":["https:\/\/cyclingpro.net\/spaziociclismo\/topflop\/vuelta-a-espana-2026-top-flop-del-giorno-11\/#respond"]}]},{"@type":"WebPage","@id":"https:\/\/cyclingpro.net\/spaziociclismo\/topflop\/vuelta-a-espana-2026-top-flop-del-giorno-11\/","url":"https:\/\/cyclingpro.net\/spaziociclismo\/topflop\/vuelta-a-espana-2026-top-flop-del-giorno-11\/","name":"Vuelta a Espa\u00f1a 2026, Top\/Flop del giorno - SpazioCiclismo","isPartOf":{"@id":"https:\/\/cyclingpro.net\/spaziociclismo\/#website"},"primaryImageOfPage":{"@id":"https:\/\/cyclingpro.net\/spaziociclismo\/topflop\/vuelta-a-espana-2026-top-flop-del-giorno-11\/#primaryimage"},"image":{"@id":"https:\/\/cyclingpro.net\/spaziociclismo\/topflop\/vuelta-a-espana-2026-top-flop-del-giorno-11\/#primaryimage"},"thumbnailUrl":"https:\/\/cyclingpro.net\/spaziociclismo\/wp-content\/uploads\/2026\/09\/1290318083-scaled.jpg","datePublished":"2026-09-02T18:07:57+00:00","breadcrumb":{"@id":"https:\/\/cyclingpro.net\/spaziociclismo\/topflop\/vuelta-a-espana-2026-top-flop-del-giorno-11\/#breadcrumb"},"inLanguage":"it-IT","potentialAction":[{"@type":"ReadAction","target":["https:\/\/cyclingpro.net\/spaziociclismo\/topflop\/vuelta-a-espana-2026-top-flop-del-giorno-11\/"]}]},{"@type":"ImageObject","inLanguage":"it-IT","@id":"https:\/\/cyclingpro.net\/spaziociclismo\/topflop\/vuelta-a-espana-2026-top-flop-del-giorno-11\/#primaryimage","url":"https:\/\/cyclingpro.net\/spaziociclismo\/wp-content\/uploads\/2026\/09\/1290318083-scaled.jpg","contentUrl":"https:\/\/cyclingpro.net\/spaziociclismo\/wp-content\/uploads\/2026\/09\/1290318083-scaled.jpg","width":2560,"height":1707,"caption":"\u00a9 Sirotti"},{"@type":"BreadcrumbList","@id":"https:\/\/cyclingpro.net\/spaziociclismo\/topflop\/vuelta-a-espana-2026-top-flop-del-giorno-11\/#breadcrumb","itemListElement":[{"@type":"ListItem","position":1,"name":"Home","item":"https:\/\/cyclingpro.net\/spaziociclismo\/"},{"@type":"ListItem","position":2,"name":"Vuelta a Espa\u00f1a 2026, Top\/Flop del giorno"}]},{"@type":"WebSite","@id":"https:\/\/cyclingpro.net\/spaziociclismo\/#website","url":"https:\/\/cyclingpro.net\/spaziociclismo\/","name":"SpazioCiclismo","description":"Tutto il ciclismo minuto per minuto","publisher":{"@id":"https:\/\/cyclingpro.net\/spaziociclismo\/#organization"},"potentialAction":[{"@type":"SearchAction","target":{"@type":"EntryPoint","urlTemplate":"https:\/\/cyclingpro.net\/spaziociclismo\/?s={search_term_string}"},"query-input":{"@type":"PropertyValueSpecification","valueRequired":true,"valueName":"search_term_string"}}],"inLanguage":"it-IT"},{"@type":"Organization","@id":"https:\/\/cyclingpro.net\/spaziociclismo\/#organization","name":"SpazioCiclismo","url":"https:\/\/cyclingpro.net\/spaziociclismo\/","logo":{"@type":"ImageObject","inLanguage":"it-IT","@id":"https:\/\/cyclingpro.net\/spaziociclismo\/#\/schema\/logo\/image\/","url":"https:\/\/cyclingpro.net\/spaziociclismo\/wp-content\/uploads\/2017\/02\/SpazioCiclismo-Logo-Quadrato.png","contentUrl":"https:\/\/cyclingpro.net\/spaziociclismo\/wp-content\/uploads\/2017\/02\/SpazioCiclismo-Logo-Quadrato.png","width":450,"height":450,"caption":"SpazioCiclismo"},"image":{"@id":"https:\/\/cyclingpro.net\/spaziociclismo\/#\/schema\/logo\/image\/"},"sameAs":["https:\/\/www.facebook.com\/SpazioCiclismo\/","https:\/\/x.com\/spaziociclismo","https:\/\/www.instagram.com\/spaziociclismo\/"]},{"@type":"Person","@id":"https:\/\/cyclingpro.net\/spaziociclismo\/#\/schema\/person\/dba3a57e86bb6baefba5acbf905f8801","name":"Luca Pellegrini","image":{"@type":"ImageObject","inLanguage":"it-IT","@id":"https:\/\/secure.gravatar.com\/avatar\/e233a6b2a31aba774a86fc0121b1a3bd7f6e7d1a4d2162cde93df050675351b8?s=96&d=mm&r=g","url":"https:\/\/secure.gravatar.com\/avatar\/e233a6b2a31aba774a86fc0121b1a3bd7f6e7d1a4d2162cde93df050675351b8?s=96&d=mm&r=g","contentUrl":"https:\/\/secure.gravatar.com\/avatar\/e233a6b2a31aba774a86fc0121b1a3bd7f6e7d1a4d2162cde93df050675351b8?s=96&d=mm&r=g","caption":"Luca Pellegrini"},"url":"https:\/\/cyclingpro.net\/spaziociclismo\/author\/lpellegrini\/"}]}},"_links":{"self":[{"href":"https:\/\/cyclingpro.net\/spaziociclismo\/wp-json\/wp\/v2\/posts\/393384","targetHints":{"allow":["GET"]}}],"collection":[{"href":"https:\/\/cyclingpro.net\/spaziociclismo\/wp-json\/wp\/v2\/posts"}],"about":[{"href":"https:\/\/cyclingpro.net\/spaziociclismo\/wp-json\/wp\/v2\/types\/post"}],"author":[{"embeddable":true,"href":"https:\/\/cyclingpro.net\/spaziociclismo\/wp-json\/wp\/v2\/users\/4"}],"replies":[{"embeddable":true,"href":"https:\/\/cyclingpro.net\/spaziociclismo\/wp-json\/wp\/v2\/comments?post=393384"}],"version-history":[{"count":1,"href":"https:\/\/cyclingpro.net\/spaziociclismo\/wp-json\/wp\/v2\/posts\/393384\/revisions"}],"predecessor-version":[{"id":393394,"href":"https:\/\/cyclingpro.net\/spaziociclismo\/wp-json\/wp\/v2\/posts\/393384\/revisions\/393394"}],"wp:featuredmedia":[{"embeddable":true,"href":"https:\/\/cyclingpro.net\/spaziociclismo\/wp-json\/wp\/v2\/media\/393393"}],"wp:attachment":[{"href":"https:\/\/cyclingpro.net\/spaziociclismo\/wp-json\/wp\/v2\/media?parent=393384"}],"wp:term":[{"taxonomy":"category","embeddable":true,"href":"https:\/\/cyclingpro.net\/spaziociclismo\/wp-json\/wp\/v2\/categories?post=393384"},{"taxonomy":"post_tag","embeddable":true,"href":"https:\/\/cyclingpro.net\/spaziociclismo\/wp-json\/wp\/v2\/tags?post=393384"}],"curies":[{"name":"wp","href":"https:\/\/api.w.org\/{rel}","templated":true}]}}