{"id":393379,"date":"2026-09-02T19:19:02","date_gmt":"2026-09-02T17:19:02","guid":{"rendered":"https:\/\/cyclingpro.net\/spaziociclismo\/?p=393379"},"modified":"2026-09-02T19:19:02","modified_gmt":"2026-09-02T17:19:02","slug":"vuelta-a-espana-2026-wout-van-aert-voglio-davvero-vincere-la-maglia-verde-i-punti-al-gpm-se-sono-in-regalo-come-oggi-non-esito-a-prenderli","status":"publish","type":"post","link":"https:\/\/cyclingpro.net\/spaziociclismo\/vuelta-2026\/vuelta-a-espana-2026-wout-van-aert-voglio-davvero-vincere-la-maglia-verde-i-punti-al-gpm-se-sono-in-regalo-come-oggi-non-esito-a-prenderli\/","title":{"rendered":"Vuelta a Espa\u00f1a 2026, Wout van Aert: \u201cVoglio davvero vincere la Maglia Verde. I punti al GPM? Se sono in regalo come oggi non esito a prenderli\u201d"},"content":{"rendered":"<p>Giornata molto attiva in chiave altre classifiche per <strong>Wout van Aert<\/strong> alla <strong>Vuelta a Espa\u00f1a 2026<\/strong>. Nella undicesima tappa infatti il corridore della <strong>Visma | Lease a Bike<\/strong> ha rafforzato notevolmente la Maglia Verde, con il terzo posto al traguardo volante di Totana, dietro ai due fuggitivi, e poi il quinto all\u2019arrivo di Lorca, dove ha insistito dopo aver lanciato lo sprint di <strong>Matthew Brennan<\/strong>, proprio per cercare di guadagnare pi\u00f9 punti possibili. Oltre alla classifica a punti, il belga sembra aver fatto un pensiero anche a quella dei GPM, visto che sull\u2019Alto de Aledo ha sprintato per prendersi tre punti, precedendo la Maglia a Pois <strong>Santiago Buitrago<\/strong> (Bahrain Victorious), da cui ora \u00e8 distante dodici punti.<\/p>\n<p>\u201c<strong>Voglio davvero vincere la Maglia Verde<\/strong> &#8211; il commento di Van Aert ai nostri microfoni dopo l\u2019arrivo &#8211; Siamo a met\u00e0 gara e ricordo che due anni fa la situazione pu\u00f2 cambiare in un attimo. Cerchiamo davvero di concentrarci su questo. Ma ovviamente anche quell\u2019anno, in alcune fughe, sono riuscito a guadagnare punti nella classifica GPM e in giornate come oggi, in cui i punti sono \u2018in regalo\u2019, non esito a prenderli. <strong>Nelle gambe c\u2019\u00e8 sempre la forza per uno sprint di 10 secondi<\/strong>. Era una salita poco ripida con velocit\u00e0 elevate. Siamo saliti molto velocemente e, proprio per questo, non c\u2019era pi\u00f9 nessuna fuga, cos\u00ec ho potuto sfruttare la mia esplosivit\u00e0 per conquistare i punti\u201d.<\/p>\n<p>Ancora una volta il belga \u00e8 stato poi decisivo come gregario, con un lead out perfetto per Brennan: \u201cSperavamo di arrivare primo e secondo all\u2019ultima curva, con Christophe Laporte che avrebbe portato l\u00ec Matthew Brennan e me. Ho affrontato l\u2019ultima curva piuttosto lentamente, perch\u00e9 non volevo sprecare questa opportunit\u00e0. Ma da l\u00ec in poi ho potuto dare gas e portare Matthew alla velocit\u00e0 giusta. Dal mio punto di vista, sembrava che nessuno fosse in grado di superarlo, quindi oggi \u00e8 stato davvero un ottimo lavoro. <strong>Avevamo pianificato di utilizzarmi come ultimo uomo<\/strong> perch\u00e9, con l\u2019inversione di marcia negli ultimi 400 metri, si sa che un gregario pu\u00f2 arrivare vicino al traguardo. Missione compiuta: siamo riusciti a conquistare punti anche l\u00ec\u201d.<\/p>\n","protected":false},"excerpt":{"rendered":"<p>Giornata molto attiva in chiave altre classifiche per Wout van Aert #LaVuelta26<\/p>\n","protected":false},"author":52,"featured_media":393140,"comment_status":"open","ping_status":"closed","sticky":false,"template":"","format":"standard","meta":{"footnotes":"","_members_access_role":[],"_members_access_error":""},"categories":[6589],"tags":[5752,431],"class_list":["post-393379","post","type-post","status-publish","format-standard","has-post-thumbnail","hentry","category-vuelta-2026","tag-vuelta-a-espana-2026","tag-wout-van-aert"],"yoast_head":"<!-- This site is optimized with the Yoast SEO plugin v28.4 - https:\/\/yoast.com\/product\/yoast-seo-wordpress\/ -->\n<title>Vuelta a Espa\u00f1a 2026, Wout van Aert: \u201cVoglio davvero vincere la Maglia Verde. I punti al GPM? Se sono in regalo come oggi non esito a prenderli\u201d - SpazioCiclismo<\/title>\n<meta name=\"robots\" content=\"index, follow, max-snippet:-1, max-image-preview:large, max-video-preview:-1\" \/>\n<link rel=\"canonical\" href=\"https:\/\/cyclingpro.net\/spaziociclismo\/vuelta-2026\/vuelta-a-espana-2026-wout-van-aert-voglio-davvero-vincere-la-maglia-verde-i-punti-al-gpm-se-sono-in-regalo-come-oggi-non-esito-a-prenderli\/\" \/>\n<meta property=\"og:locale\" content=\"it_IT\" \/>\n<meta property=\"og:type\" content=\"article\" \/>\n<meta property=\"og:title\" content=\"Vuelta a Espa\u00f1a 2026, Wout van Aert: \u201cVoglio davvero vincere la Maglia Verde. I punti al GPM? Se sono in regalo come oggi non esito a prenderli\u201d - SpazioCiclismo\" \/>\n<meta property=\"og:description\" content=\"Giornata molto attiva in chiave altre classifiche per Wout van Aert #LaVuelta26\" \/>\n<meta property=\"og:url\" content=\"https:\/\/cyclingpro.net\/spaziociclismo\/vuelta-2026\/vuelta-a-espana-2026-wout-van-aert-voglio-davvero-vincere-la-maglia-verde-i-punti-al-gpm-se-sono-in-regalo-come-oggi-non-esito-a-prenderli\/\" \/>\n<meta property=\"og:site_name\" content=\"SpazioCiclismo\" \/>\n<meta property=\"article:publisher\" content=\"https:\/\/www.facebook.com\/SpazioCiclismo\/\" \/>\n<meta property=\"article:published_time\" content=\"2026-09-02T17:19:02+00:00\" \/>\n<meta property=\"og:image\" content=\"https:\/\/cyclingpro.net\/spaziociclismo\/wp-content\/uploads\/2026\/09\/1289734865.jpg\" \/>\n\t<meta property=\"og:image:width\" content=\"1200\" \/>\n\t<meta property=\"og:image:height\" content=\"800\" \/>\n\t<meta property=\"og:image:type\" content=\"image\/jpeg\" \/>\n<meta name=\"author\" content=\"Alessandro Farina\" \/>\n<meta name=\"twitter:card\" content=\"summary_large_image\" \/>\n<meta name=\"twitter:creator\" content=\"@spaziociclismo\" \/>\n<meta name=\"twitter:site\" content=\"@spaziociclismo\" \/>\n<meta name=\"twitter:label1\" content=\"Scritto da\" \/>\n\t<meta name=\"twitter:data1\" content=\"Alessandro Farina\" \/>\n\t<meta name=\"twitter:label2\" content=\"Tempo di lettura stimato\" \/>\n\t<meta name=\"twitter:data2\" content=\"3 minuti\" \/>\n<script type=\"application\/ld+json\" class=\"yoast-schema-graph\">{\"@context\":\"https:\\\/\\\/schema.org\",\"@graph\":[{\"@type\":\"Article\",\"@id\":\"https:\\\/\\\/cyclingpro.net\\\/spaziociclismo\\\/vuelta-2026\\\/vuelta-a-espana-2026-wout-van-aert-voglio-davvero-vincere-la-maglia-verde-i-punti-al-gpm-se-sono-in-regalo-come-oggi-non-esito-a-prenderli\\\/#article\",\"isPartOf\":{\"@id\":\"https:\\\/\\\/cyclingpro.net\\\/spaziociclismo\\\/vuelta-2026\\\/vuelta-a-espana-2026-wout-van-aert-voglio-davvero-vincere-la-maglia-verde-i-punti-al-gpm-se-sono-in-regalo-come-oggi-non-esito-a-prenderli\\\/\"},\"author\":{\"name\":\"Alessandro Farina\",\"@id\":\"https:\\\/\\\/cyclingpro.net\\\/spaziociclismo\\\/#\\\/schema\\\/person\\\/fda4d079a95104c2764f9c3ffa3fc26f\"},\"headline\":\"Vuelta a Espa\u00f1a 2026, Wout van Aert: \u201cVoglio davvero vincere la Maglia Verde. I punti al GPM? Se sono in regalo come oggi non esito a prenderli\u201d\",\"datePublished\":\"2026-09-02T17:19:02+00:00\",\"mainEntityOfPage\":{\"@id\":\"https:\\\/\\\/cyclingpro.net\\\/spaziociclismo\\\/vuelta-2026\\\/vuelta-a-espana-2026-wout-van-aert-voglio-davvero-vincere-la-maglia-verde-i-punti-al-gpm-se-sono-in-regalo-come-oggi-non-esito-a-prenderli\\\/\"},\"wordCount\":382,\"commentCount\":0,\"publisher\":{\"@id\":\"https:\\\/\\\/cyclingpro.net\\\/spaziociclismo\\\/#organization\"},\"image\":{\"@id\":\"https:\\\/\\\/cyclingpro.net\\\/spaziociclismo\\\/vuelta-2026\\\/vuelta-a-espana-2026-wout-van-aert-voglio-davvero-vincere-la-maglia-verde-i-punti-al-gpm-se-sono-in-regalo-come-oggi-non-esito-a-prenderli\\\/#primaryimage\"},\"thumbnailUrl\":\"https:\\\/\\\/cyclingpro.net\\\/spaziociclismo\\\/wp-content\\\/uploads\\\/2026\\\/09\\\/1289734865.jpg\",\"keywords\":[\"Vuelta a Espa\u00f1a 2026\",\"Wout van Aert\"],\"articleSection\":[\"Vuelta 2026\"],\"inLanguage\":\"it-IT\",\"potentialAction\":[{\"@type\":\"CommentAction\",\"name\":\"Comment\",\"target\":[\"https:\\\/\\\/cyclingpro.net\\\/spaziociclismo\\\/vuelta-2026\\\/vuelta-a-espana-2026-wout-van-aert-voglio-davvero-vincere-la-maglia-verde-i-punti-al-gpm-se-sono-in-regalo-come-oggi-non-esito-a-prenderli\\\/#respond\"]}]},{\"@type\":\"WebPage\",\"@id\":\"https:\\\/\\\/cyclingpro.net\\\/spaziociclismo\\\/vuelta-2026\\\/vuelta-a-espana-2026-wout-van-aert-voglio-davvero-vincere-la-maglia-verde-i-punti-al-gpm-se-sono-in-regalo-come-oggi-non-esito-a-prenderli\\\/\",\"url\":\"https:\\\/\\\/cyclingpro.net\\\/spaziociclismo\\\/vuelta-2026\\\/vuelta-a-espana-2026-wout-van-aert-voglio-davvero-vincere-la-maglia-verde-i-punti-al-gpm-se-sono-in-regalo-come-oggi-non-esito-a-prenderli\\\/\",\"name\":\"Vuelta a Espa\u00f1a 2026, Wout van Aert: \u201cVoglio davvero vincere la Maglia Verde. I punti al GPM? Se sono in regalo come oggi non esito a prenderli\u201d - SpazioCiclismo\",\"isPartOf\":{\"@id\":\"https:\\\/\\\/cyclingpro.net\\\/spaziociclismo\\\/#website\"},\"primaryImageOfPage\":{\"@id\":\"https:\\\/\\\/cyclingpro.net\\\/spaziociclismo\\\/vuelta-2026\\\/vuelta-a-espana-2026-wout-van-aert-voglio-davvero-vincere-la-maglia-verde-i-punti-al-gpm-se-sono-in-regalo-come-oggi-non-esito-a-prenderli\\\/#primaryimage\"},\"image\":{\"@id\":\"https:\\\/\\\/cyclingpro.net\\\/spaziociclismo\\\/vuelta-2026\\\/vuelta-a-espana-2026-wout-van-aert-voglio-davvero-vincere-la-maglia-verde-i-punti-al-gpm-se-sono-in-regalo-come-oggi-non-esito-a-prenderli\\\/#primaryimage\"},\"thumbnailUrl\":\"https:\\\/\\\/cyclingpro.net\\\/spaziociclismo\\\/wp-content\\\/uploads\\\/2026\\\/09\\\/1289734865.jpg\",\"datePublished\":\"2026-09-02T17:19:02+00:00\",\"breadcrumb\":{\"@id\":\"https:\\\/\\\/cyclingpro.net\\\/spaziociclismo\\\/vuelta-2026\\\/vuelta-a-espana-2026-wout-van-aert-voglio-davvero-vincere-la-maglia-verde-i-punti-al-gpm-se-sono-in-regalo-come-oggi-non-esito-a-prenderli\\\/#breadcrumb\"},\"inLanguage\":\"it-IT\",\"potentialAction\":[{\"@type\":\"ReadAction\",\"target\":[\"https:\\\/\\\/cyclingpro.net\\\/spaziociclismo\\\/vuelta-2026\\\/vuelta-a-espana-2026-wout-van-aert-voglio-davvero-vincere-la-maglia-verde-i-punti-al-gpm-se-sono-in-regalo-come-oggi-non-esito-a-prenderli\\\/\"]}]},{\"@type\":\"ImageObject\",\"inLanguage\":\"it-IT\",\"@id\":\"https:\\\/\\\/cyclingpro.net\\\/spaziociclismo\\\/vuelta-2026\\\/vuelta-a-espana-2026-wout-van-aert-voglio-davvero-vincere-la-maglia-verde-i-punti-al-gpm-se-sono-in-regalo-come-oggi-non-esito-a-prenderli\\\/#primaryimage\",\"url\":\"https:\\\/\\\/cyclingpro.net\\\/spaziociclismo\\\/wp-content\\\/uploads\\\/2026\\\/09\\\/1289734865.jpg\",\"contentUrl\":\"https:\\\/\\\/cyclingpro.net\\\/spaziociclismo\\\/wp-content\\\/uploads\\\/2026\\\/09\\\/1289734865.jpg\",\"width\":1200,\"height\":800,\"caption\":\"\u00a9 Sirotti\"},{\"@type\":\"BreadcrumbList\",\"@id\":\"https:\\\/\\\/cyclingpro.net\\\/spaziociclismo\\\/vuelta-2026\\\/vuelta-a-espana-2026-wout-van-aert-voglio-davvero-vincere-la-maglia-verde-i-punti-al-gpm-se-sono-in-regalo-come-oggi-non-esito-a-prenderli\\\/#breadcrumb\",\"itemListElement\":[{\"@type\":\"ListItem\",\"position\":1,\"name\":\"Home\",\"item\":\"https:\\\/\\\/cyclingpro.net\\\/spaziociclismo\\\/\"},{\"@type\":\"ListItem\",\"position\":2,\"name\":\"Vuelta a Espa\u00f1a 2026, Wout van Aert: \u201cVoglio davvero vincere la Maglia Verde. I punti al GPM? Se sono in regalo come oggi non esito a prenderli\u201d\"}]},{\"@type\":\"WebSite\",\"@id\":\"https:\\\/\\\/cyclingpro.net\\\/spaziociclismo\\\/#website\",\"url\":\"https:\\\/\\\/cyclingpro.net\\\/spaziociclismo\\\/\",\"name\":\"SpazioCiclismo\",\"description\":\"Tutto il ciclismo minuto per minuto\",\"publisher\":{\"@id\":\"https:\\\/\\\/cyclingpro.net\\\/spaziociclismo\\\/#organization\"},\"potentialAction\":[{\"@type\":\"SearchAction\",\"target\":{\"@type\":\"EntryPoint\",\"urlTemplate\":\"https:\\\/\\\/cyclingpro.net\\\/spaziociclismo\\\/?s={search_term_string}\"},\"query-input\":{\"@type\":\"PropertyValueSpecification\",\"valueRequired\":true,\"valueName\":\"search_term_string\"}}],\"inLanguage\":\"it-IT\"},{\"@type\":\"Organization\",\"@id\":\"https:\\\/\\\/cyclingpro.net\\\/spaziociclismo\\\/#organization\",\"name\":\"SpazioCiclismo\",\"url\":\"https:\\\/\\\/cyclingpro.net\\\/spaziociclismo\\\/\",\"logo\":{\"@type\":\"ImageObject\",\"inLanguage\":\"it-IT\",\"@id\":\"https:\\\/\\\/cyclingpro.net\\\/spaziociclismo\\\/#\\\/schema\\\/logo\\\/image\\\/\",\"url\":\"https:\\\/\\\/cyclingpro.net\\\/spaziociclismo\\\/wp-content\\\/uploads\\\/2017\\\/02\\\/SpazioCiclismo-Logo-Quadrato.png\",\"contentUrl\":\"https:\\\/\\\/cyclingpro.net\\\/spaziociclismo\\\/wp-content\\\/uploads\\\/2017\\\/02\\\/SpazioCiclismo-Logo-Quadrato.png\",\"width\":450,\"height\":450,\"caption\":\"SpazioCiclismo\"},\"image\":{\"@id\":\"https:\\\/\\\/cyclingpro.net\\\/spaziociclismo\\\/#\\\/schema\\\/logo\\\/image\\\/\"},\"sameAs\":[\"https:\\\/\\\/www.facebook.com\\\/SpazioCiclismo\\\/\",\"https:\\\/\\\/x.com\\\/spaziociclismo\",\"https:\\\/\\\/www.instagram.com\\\/spaziociclismo\\\/\"]},{\"@type\":\"Person\",\"@id\":\"https:\\\/\\\/cyclingpro.net\\\/spaziociclismo\\\/#\\\/schema\\\/person\\\/fda4d079a95104c2764f9c3ffa3fc26f\",\"name\":\"Alessandro Farina\",\"image\":{\"@type\":\"ImageObject\",\"inLanguage\":\"it-IT\",\"@id\":\"https:\\\/\\\/secure.gravatar.com\\\/avatar\\\/a15b660280727ff1737611bc5349040155e2609201d613ef2611905cdc7a122a?s=96&d=mm&r=g\",\"url\":\"https:\\\/\\\/secure.gravatar.com\\\/avatar\\\/a15b660280727ff1737611bc5349040155e2609201d613ef2611905cdc7a122a?s=96&d=mm&r=g\",\"contentUrl\":\"https:\\\/\\\/secure.gravatar.com\\\/avatar\\\/a15b660280727ff1737611bc5349040155e2609201d613ef2611905cdc7a122a?s=96&d=mm&r=g\",\"caption\":\"Alessandro Farina\"},\"url\":\"https:\\\/\\\/cyclingpro.net\\\/spaziociclismo\\\/author\\\/afarina\\\/\"}]}<\/script>\n<!-- \/ Yoast SEO plugin. -->","yoast_head_json":{"title":"Vuelta a Espa\u00f1a 2026, Wout van Aert: \u201cVoglio davvero vincere la Maglia Verde. I punti al GPM? Se sono in regalo come oggi non esito a prenderli\u201d - SpazioCiclismo","robots":{"index":"index","follow":"follow","max-snippet":"max-snippet:-1","max-image-preview":"max-image-preview:large","max-video-preview":"max-video-preview:-1"},"canonical":"https:\/\/cyclingpro.net\/spaziociclismo\/vuelta-2026\/vuelta-a-espana-2026-wout-van-aert-voglio-davvero-vincere-la-maglia-verde-i-punti-al-gpm-se-sono-in-regalo-come-oggi-non-esito-a-prenderli\/","og_locale":"it_IT","og_type":"article","og_title":"Vuelta a Espa\u00f1a 2026, Wout van Aert: \u201cVoglio davvero vincere la Maglia Verde. I punti al GPM? Se sono in regalo come oggi non esito a prenderli\u201d - SpazioCiclismo","og_description":"Giornata molto attiva in chiave altre classifiche per Wout van Aert #LaVuelta26","og_url":"https:\/\/cyclingpro.net\/spaziociclismo\/vuelta-2026\/vuelta-a-espana-2026-wout-van-aert-voglio-davvero-vincere-la-maglia-verde-i-punti-al-gpm-se-sono-in-regalo-come-oggi-non-esito-a-prenderli\/","og_site_name":"SpazioCiclismo","article_publisher":"https:\/\/www.facebook.com\/SpazioCiclismo\/","article_published_time":"2026-09-02T17:19:02+00:00","og_image":[{"width":1200,"height":800,"url":"https:\/\/cyclingpro.net\/spaziociclismo\/wp-content\/uploads\/2026\/09\/1289734865.jpg","type":"image\/jpeg"}],"author":"Alessandro Farina","twitter_card":"summary_large_image","twitter_creator":"@spaziociclismo","twitter_site":"@spaziociclismo","twitter_misc":{"Scritto da":"Alessandro Farina","Tempo di lettura stimato":"3 minuti"},"schema":{"@context":"https:\/\/schema.org","@graph":[{"@type":"Article","@id":"https:\/\/cyclingpro.net\/spaziociclismo\/vuelta-2026\/vuelta-a-espana-2026-wout-van-aert-voglio-davvero-vincere-la-maglia-verde-i-punti-al-gpm-se-sono-in-regalo-come-oggi-non-esito-a-prenderli\/#article","isPartOf":{"@id":"https:\/\/cyclingpro.net\/spaziociclismo\/vuelta-2026\/vuelta-a-espana-2026-wout-van-aert-voglio-davvero-vincere-la-maglia-verde-i-punti-al-gpm-se-sono-in-regalo-come-oggi-non-esito-a-prenderli\/"},"author":{"name":"Alessandro Farina","@id":"https:\/\/cyclingpro.net\/spaziociclismo\/#\/schema\/person\/fda4d079a95104c2764f9c3ffa3fc26f"},"headline":"Vuelta a Espa\u00f1a 2026, Wout van Aert: \u201cVoglio davvero vincere la Maglia Verde. I punti al GPM? Se sono in regalo come oggi non esito a prenderli\u201d","datePublished":"2026-09-02T17:19:02+00:00","mainEntityOfPage":{"@id":"https:\/\/cyclingpro.net\/spaziociclismo\/vuelta-2026\/vuelta-a-espana-2026-wout-van-aert-voglio-davvero-vincere-la-maglia-verde-i-punti-al-gpm-se-sono-in-regalo-come-oggi-non-esito-a-prenderli\/"},"wordCount":382,"commentCount":0,"publisher":{"@id":"https:\/\/cyclingpro.net\/spaziociclismo\/#organization"},"image":{"@id":"https:\/\/cyclingpro.net\/spaziociclismo\/vuelta-2026\/vuelta-a-espana-2026-wout-van-aert-voglio-davvero-vincere-la-maglia-verde-i-punti-al-gpm-se-sono-in-regalo-come-oggi-non-esito-a-prenderli\/#primaryimage"},"thumbnailUrl":"https:\/\/cyclingpro.net\/spaziociclismo\/wp-content\/uploads\/2026\/09\/1289734865.jpg","keywords":["Vuelta a Espa\u00f1a 2026","Wout van Aert"],"articleSection":["Vuelta 2026"],"inLanguage":"it-IT","potentialAction":[{"@type":"CommentAction","name":"Comment","target":["https:\/\/cyclingpro.net\/spaziociclismo\/vuelta-2026\/vuelta-a-espana-2026-wout-van-aert-voglio-davvero-vincere-la-maglia-verde-i-punti-al-gpm-se-sono-in-regalo-come-oggi-non-esito-a-prenderli\/#respond"]}]},{"@type":"WebPage","@id":"https:\/\/cyclingpro.net\/spaziociclismo\/vuelta-2026\/vuelta-a-espana-2026-wout-van-aert-voglio-davvero-vincere-la-maglia-verde-i-punti-al-gpm-se-sono-in-regalo-come-oggi-non-esito-a-prenderli\/","url":"https:\/\/cyclingpro.net\/spaziociclismo\/vuelta-2026\/vuelta-a-espana-2026-wout-van-aert-voglio-davvero-vincere-la-maglia-verde-i-punti-al-gpm-se-sono-in-regalo-come-oggi-non-esito-a-prenderli\/","name":"Vuelta a Espa\u00f1a 2026, Wout van Aert: \u201cVoglio davvero vincere la Maglia Verde. I punti al GPM? Se sono in regalo come oggi non esito a prenderli\u201d - SpazioCiclismo","isPartOf":{"@id":"https:\/\/cyclingpro.net\/spaziociclismo\/#website"},"primaryImageOfPage":{"@id":"https:\/\/cyclingpro.net\/spaziociclismo\/vuelta-2026\/vuelta-a-espana-2026-wout-van-aert-voglio-davvero-vincere-la-maglia-verde-i-punti-al-gpm-se-sono-in-regalo-come-oggi-non-esito-a-prenderli\/#primaryimage"},"image":{"@id":"https:\/\/cyclingpro.net\/spaziociclismo\/vuelta-2026\/vuelta-a-espana-2026-wout-van-aert-voglio-davvero-vincere-la-maglia-verde-i-punti-al-gpm-se-sono-in-regalo-come-oggi-non-esito-a-prenderli\/#primaryimage"},"thumbnailUrl":"https:\/\/cyclingpro.net\/spaziociclismo\/wp-content\/uploads\/2026\/09\/1289734865.jpg","datePublished":"2026-09-02T17:19:02+00:00","breadcrumb":{"@id":"https:\/\/cyclingpro.net\/spaziociclismo\/vuelta-2026\/vuelta-a-espana-2026-wout-van-aert-voglio-davvero-vincere-la-maglia-verde-i-punti-al-gpm-se-sono-in-regalo-come-oggi-non-esito-a-prenderli\/#breadcrumb"},"inLanguage":"it-IT","potentialAction":[{"@type":"ReadAction","target":["https:\/\/cyclingpro.net\/spaziociclismo\/vuelta-2026\/vuelta-a-espana-2026-wout-van-aert-voglio-davvero-vincere-la-maglia-verde-i-punti-al-gpm-se-sono-in-regalo-come-oggi-non-esito-a-prenderli\/"]}]},{"@type":"ImageObject","inLanguage":"it-IT","@id":"https:\/\/cyclingpro.net\/spaziociclismo\/vuelta-2026\/vuelta-a-espana-2026-wout-van-aert-voglio-davvero-vincere-la-maglia-verde-i-punti-al-gpm-se-sono-in-regalo-come-oggi-non-esito-a-prenderli\/#primaryimage","url":"https:\/\/cyclingpro.net\/spaziociclismo\/wp-content\/uploads\/2026\/09\/1289734865.jpg","contentUrl":"https:\/\/cyclingpro.net\/spaziociclismo\/wp-content\/uploads\/2026\/09\/1289734865.jpg","width":1200,"height":800,"caption":"\u00a9 Sirotti"},{"@type":"BreadcrumbList","@id":"https:\/\/cyclingpro.net\/spaziociclismo\/vuelta-2026\/vuelta-a-espana-2026-wout-van-aert-voglio-davvero-vincere-la-maglia-verde-i-punti-al-gpm-se-sono-in-regalo-come-oggi-non-esito-a-prenderli\/#breadcrumb","itemListElement":[{"@type":"ListItem","position":1,"name":"Home","item":"https:\/\/cyclingpro.net\/spaziociclismo\/"},{"@type":"ListItem","position":2,"name":"Vuelta a Espa\u00f1a 2026, Wout van Aert: \u201cVoglio davvero vincere la Maglia Verde. I punti al GPM? Se sono in regalo come oggi non esito a prenderli\u201d"}]},{"@type":"WebSite","@id":"https:\/\/cyclingpro.net\/spaziociclismo\/#website","url":"https:\/\/cyclingpro.net\/spaziociclismo\/","name":"SpazioCiclismo","description":"Tutto il ciclismo minuto per minuto","publisher":{"@id":"https:\/\/cyclingpro.net\/spaziociclismo\/#organization"},"potentialAction":[{"@type":"SearchAction","target":{"@type":"EntryPoint","urlTemplate":"https:\/\/cyclingpro.net\/spaziociclismo\/?s={search_term_string}"},"query-input":{"@type":"PropertyValueSpecification","valueRequired":true,"valueName":"search_term_string"}}],"inLanguage":"it-IT"},{"@type":"Organization","@id":"https:\/\/cyclingpro.net\/spaziociclismo\/#organization","name":"SpazioCiclismo","url":"https:\/\/cyclingpro.net\/spaziociclismo\/","logo":{"@type":"ImageObject","inLanguage":"it-IT","@id":"https:\/\/cyclingpro.net\/spaziociclismo\/#\/schema\/logo\/image\/","url":"https:\/\/cyclingpro.net\/spaziociclismo\/wp-content\/uploads\/2017\/02\/SpazioCiclismo-Logo-Quadrato.png","contentUrl":"https:\/\/cyclingpro.net\/spaziociclismo\/wp-content\/uploads\/2017\/02\/SpazioCiclismo-Logo-Quadrato.png","width":450,"height":450,"caption":"SpazioCiclismo"},"image":{"@id":"https:\/\/cyclingpro.net\/spaziociclismo\/#\/schema\/logo\/image\/"},"sameAs":["https:\/\/www.facebook.com\/SpazioCiclismo\/","https:\/\/x.com\/spaziociclismo","https:\/\/www.instagram.com\/spaziociclismo\/"]},{"@type":"Person","@id":"https:\/\/cyclingpro.net\/spaziociclismo\/#\/schema\/person\/fda4d079a95104c2764f9c3ffa3fc26f","name":"Alessandro Farina","image":{"@type":"ImageObject","inLanguage":"it-IT","@id":"https:\/\/secure.gravatar.com\/avatar\/a15b660280727ff1737611bc5349040155e2609201d613ef2611905cdc7a122a?s=96&d=mm&r=g","url":"https:\/\/secure.gravatar.com\/avatar\/a15b660280727ff1737611bc5349040155e2609201d613ef2611905cdc7a122a?s=96&d=mm&r=g","contentUrl":"https:\/\/secure.gravatar.com\/avatar\/a15b660280727ff1737611bc5349040155e2609201d613ef2611905cdc7a122a?s=96&d=mm&r=g","caption":"Alessandro Farina"},"url":"https:\/\/cyclingpro.net\/spaziociclismo\/author\/afarina\/"}]}},"_links":{"self":[{"href":"https:\/\/cyclingpro.net\/spaziociclismo\/wp-json\/wp\/v2\/posts\/393379","targetHints":{"allow":["GET"]}}],"collection":[{"href":"https:\/\/cyclingpro.net\/spaziociclismo\/wp-json\/wp\/v2\/posts"}],"about":[{"href":"https:\/\/cyclingpro.net\/spaziociclismo\/wp-json\/wp\/v2\/types\/post"}],"author":[{"embeddable":true,"href":"https:\/\/cyclingpro.net\/spaziociclismo\/wp-json\/wp\/v2\/users\/52"}],"replies":[{"embeddable":true,"href":"https:\/\/cyclingpro.net\/spaziociclismo\/wp-json\/wp\/v2\/comments?post=393379"}],"version-history":[{"count":2,"href":"https:\/\/cyclingpro.net\/spaziociclismo\/wp-json\/wp\/v2\/posts\/393379\/revisions"}],"predecessor-version":[{"id":393383,"href":"https:\/\/cyclingpro.net\/spaziociclismo\/wp-json\/wp\/v2\/posts\/393379\/revisions\/393383"}],"wp:featuredmedia":[{"embeddable":true,"href":"https:\/\/cyclingpro.net\/spaziociclismo\/wp-json\/wp\/v2\/media\/393140"}],"wp:attachment":[{"href":"https:\/\/cyclingpro.net\/spaziociclismo\/wp-json\/wp\/v2\/media?parent=393379"}],"wp:term":[{"taxonomy":"category","embeddable":true,"href":"https:\/\/cyclingpro.net\/spaziociclismo\/wp-json\/wp\/v2\/categories?post=393379"},{"taxonomy":"post_tag","embeddable":true,"href":"https:\/\/cyclingpro.net\/spaziociclismo\/wp-json\/wp\/v2\/tags?post=393379"}],"curies":[{"name":"wp","href":"https:\/\/api.w.org\/{rel}","templated":true}]}}