{"id":393337,"date":"2026-09-02T16:50:58","date_gmt":"2026-09-02T14:50:58","guid":{"rendered":"https:\/\/cyclingpro.net\/spaziociclismo\/?p=393337"},"modified":"2026-09-02T16:59:39","modified_gmt":"2026-09-02T14:59:39","slug":"ciclomercato-2027-molenaar-rinnova-con-la-caja-rural-donovan-vicino-alla-visma-la-picnic-verso-la-conferma-di-due-stagisti","status":"publish","type":"post","link":"https:\/\/cyclingpro.net\/spaziociclismo\/ciclomercato\/ciclomercato-2027-molenaar-rinnova-con-la-caja-rural-donovan-vicino-alla-visma-la-picnic-verso-la-conferma-di-due-stagisti\/","title":{"rendered":"CicloMercato 2027: Molenaar rinnova con la Caja Rural, Donovan vicino alla Visma, la Picnic verso la conferma di due stagisti"},"content":{"rendered":"<p>Proseguono le manovre di <strong>CicloMercato<\/strong> in vista della stagione 2027 e la <strong>Caja Rural-Seguros RGA<\/strong> si conferma squadra molto attiva in questo periodo. Nelle ultime settimane la formazione Professional spagnola ha annunciato diversi nuovi innesti e vari rinnovi di contratto e per il prossimo anno la sua rosa pu\u00f2 gi\u00e0 contare su 16 elementi, ai quali se ne aggiunge ora un diciassettesimo. Si tratta del 27enne neerlandese <strong>Alex Molenaar<\/strong>, che viene confermato per altre due annate (prolungando quindi fino a fine 2028) dopo aver gi\u00e0 trascorso le ultime due stagioni con il team iberico, con il quale ha sfiorato la vittoria all&#8217;ultimo Tour du Finist\u00e8re e si \u00e8 messo in evidenza in fuga allo scorso Tour de France, vestendo anche la Maglia a Pois per una tappa prima di ritirarsi per una caduta.<\/p>\n<p>Non \u00e8 ancora ufficiale, ma appare vicino a concretizzarsi, il passaggio di <strong>Mark Donovan<\/strong> alla <strong>Visma | Lease a Bike<\/strong>. A riportarlo \u00e8 <a href=\"https:\/\/www.wielerflits.nl\/nieuws\/visma-lease-a-bike-verrast-met-komst-van-mark-donovan\/\"><em>Wielerflits<\/em><\/a>, secondo cui l&#8217;attuale portacolori della Pinarello Q36.5 Pro Cycling dovrebbe firmare per due anni con la compagine giallo-nera. Il 27enne, corridore piuttosto solido in salita e capace di ottenere buoni piazzamenti nelle brevi corse a tappe (tanto da imporsi nella classifica finale del Sibiu Tour 2023), andrebbe con buona probabilit\u00e0 a coprire il buco che verr\u00e0 generato dall&#8217;ormai prossimo ritiro di Steven Kruijswijk, rappresentando cos\u00ec un rinforzo tra i gregari degli uomini di classifica del team.<\/p>\n<p>Continuer\u00e0 invece a puntare sui giovani la<strong>\u00a0Picnic PostNL<\/strong>. Sempre secondo <a href=\"https:\/\/www.wielerflits.nl\/nieuws\/picnic-postnl-maakt-van-jochem-kerckhaert-en-bert-bolle-profrenners\/\"><em>Wielerflits<\/em><\/a>, la formazione neerlandese dovrebbe confermare in rosa (e promuovere quindi tra i professionisti) il belga <strong>Bert Bolle<\/strong> e il neerlandese <strong>Jochem Kerckhaert<\/strong>, che attualmente stanno affrontando uno stage con la squadra. Il 22enne della VolkerWessels e il 25enne della BEAT CC p\/b Saxo si aggiungerebbero cos\u00ec ai gi\u00e0 annunciati &#8220;volti nuovi&#8221; Milan De Ceuster e Mees Vlot, entrambi promossi dal vivaio, dal quale il team dovrebbe pescare anche <strong>Matteo Vanhuffel<\/strong> e <strong>Jurgen Zomermaand<\/strong>.<\/p>\n","protected":false},"excerpt":{"rendered":"<p>Proseguono le manovre di #CicloMercato in vista della stagione 2027<\/p>\n","protected":false},"author":27,"featured_media":393341,"comment_status":"open","ping_status":"closed","sticky":false,"template":"","format":"standard","meta":{"footnotes":"","_members_access_role":[],"_members_access_error":""},"categories":[5],"tags":[2953,6769,2171,6730],"class_list":["post-393337","post","type-post","status-publish","format-standard","has-post-thumbnail","hentry","category-ciclomercato","tag-alex-molenaar","tag-ciclomercato-2027","tag-mark-donovan","tag-team-picnic-postnl-2026"],"yoast_head":"<!-- This site is optimized with the Yoast SEO plugin v28.3 - https:\/\/yoast.com\/product\/yoast-seo-wordpress\/ -->\n<title>CicloMercato 2027: Molenaar rinnova con la Caja Rural, Donovan vicino alla Visma, la Picnic verso la conferma di due stagisti - SpazioCiclismo<\/title>\n<meta name=\"robots\" content=\"index, follow, max-snippet:-1, max-image-preview:large, max-video-preview:-1\" \/>\n<link rel=\"canonical\" href=\"https:\/\/cyclingpro.net\/spaziociclismo\/ciclomercato\/ciclomercato-2027-molenaar-rinnova-con-la-caja-rural-donovan-vicino-alla-visma-la-picnic-verso-la-conferma-di-due-stagisti\/\" \/>\n<meta property=\"og:locale\" content=\"it_IT\" \/>\n<meta property=\"og:type\" content=\"article\" \/>\n<meta property=\"og:title\" content=\"CicloMercato 2027: Molenaar rinnova con la Caja Rural, Donovan vicino alla Visma, la Picnic verso la conferma di due stagisti - SpazioCiclismo\" \/>\n<meta property=\"og:description\" content=\"Proseguono le manovre di #CicloMercato in vista della stagione 2027\" \/>\n<meta property=\"og:url\" content=\"https:\/\/cyclingpro.net\/spaziociclismo\/ciclomercato\/ciclomercato-2027-molenaar-rinnova-con-la-caja-rural-donovan-vicino-alla-visma-la-picnic-verso-la-conferma-di-due-stagisti\/\" \/>\n<meta property=\"og:site_name\" content=\"SpazioCiclismo\" \/>\n<meta property=\"article:publisher\" content=\"https:\/\/www.facebook.com\/SpazioCiclismo\/\" \/>\n<meta property=\"article:published_time\" content=\"2026-09-02T14:50:58+00:00\" \/>\n<meta property=\"article:modified_time\" content=\"2026-09-02T14:59:39+00:00\" \/>\n<meta property=\"og:image\" content=\"https:\/\/cyclingpro.net\/spaziociclismo\/wp-content\/uploads\/2026\/09\/Mark-Donovan-Giro-dItalia-2026.jpg\" \/>\n\t<meta property=\"og:image:width\" content=\"1200\" \/>\n\t<meta property=\"og:image:height\" content=\"800\" \/>\n\t<meta property=\"og:image:type\" content=\"image\/jpeg\" \/>\n<meta name=\"author\" content=\"Davide Filippi\" \/>\n<meta name=\"twitter:card\" content=\"summary_large_image\" \/>\n<meta name=\"twitter:creator\" content=\"@spaziociclismo\" \/>\n<meta name=\"twitter:site\" content=\"@spaziociclismo\" \/>\n<meta name=\"twitter:label1\" content=\"Scritto da\" \/>\n\t<meta name=\"twitter:data1\" content=\"Davide Filippi\" \/>\n\t<meta name=\"twitter:label2\" content=\"Tempo di lettura stimato\" \/>\n\t<meta name=\"twitter:data2\" content=\"2 minuti\" \/>\n<script type=\"application\/ld+json\" class=\"yoast-schema-graph\">{\"@context\":\"https:\\\/\\\/schema.org\",\"@graph\":[{\"@type\":\"Article\",\"@id\":\"https:\\\/\\\/cyclingpro.net\\\/spaziociclismo\\\/ciclomercato\\\/ciclomercato-2027-molenaar-rinnova-con-la-caja-rural-donovan-vicino-alla-visma-la-picnic-verso-la-conferma-di-due-stagisti\\\/#article\",\"isPartOf\":{\"@id\":\"https:\\\/\\\/cyclingpro.net\\\/spaziociclismo\\\/ciclomercato\\\/ciclomercato-2027-molenaar-rinnova-con-la-caja-rural-donovan-vicino-alla-visma-la-picnic-verso-la-conferma-di-due-stagisti\\\/\"},\"author\":{\"name\":\"Davide Filippi\",\"@id\":\"https:\\\/\\\/cyclingpro.net\\\/spaziociclismo\\\/#\\\/schema\\\/person\\\/5b11f525424bc937dcd939655cae5de3\"},\"headline\":\"CicloMercato 2027: Molenaar rinnova con la Caja Rural, Donovan vicino alla Visma, la Picnic verso la conferma di due stagisti\",\"datePublished\":\"2026-09-02T14:50:58+00:00\",\"dateModified\":\"2026-09-02T14:59:39+00:00\",\"mainEntityOfPage\":{\"@id\":\"https:\\\/\\\/cyclingpro.net\\\/spaziociclismo\\\/ciclomercato\\\/ciclomercato-2027-molenaar-rinnova-con-la-caja-rural-donovan-vicino-alla-visma-la-picnic-verso-la-conferma-di-due-stagisti\\\/\"},\"wordCount\":334,\"commentCount\":0,\"publisher\":{\"@id\":\"https:\\\/\\\/cyclingpro.net\\\/spaziociclismo\\\/#organization\"},\"image\":{\"@id\":\"https:\\\/\\\/cyclingpro.net\\\/spaziociclismo\\\/ciclomercato\\\/ciclomercato-2027-molenaar-rinnova-con-la-caja-rural-donovan-vicino-alla-visma-la-picnic-verso-la-conferma-di-due-stagisti\\\/#primaryimage\"},\"thumbnailUrl\":\"https:\\\/\\\/cyclingpro.net\\\/spaziociclismo\\\/wp-content\\\/uploads\\\/2026\\\/09\\\/Mark-Donovan-Giro-dItalia-2026.jpg\",\"keywords\":[\"Alex Molenaar\",\"CicloMercato 2027\",\"Mark Donovan\",\"Team Picnic PostNL 2026\"],\"articleSection\":[\"CicloMercato\"],\"inLanguage\":\"it-IT\",\"potentialAction\":[{\"@type\":\"CommentAction\",\"name\":\"Comment\",\"target\":[\"https:\\\/\\\/cyclingpro.net\\\/spaziociclismo\\\/ciclomercato\\\/ciclomercato-2027-molenaar-rinnova-con-la-caja-rural-donovan-vicino-alla-visma-la-picnic-verso-la-conferma-di-due-stagisti\\\/#respond\"]}]},{\"@type\":\"WebPage\",\"@id\":\"https:\\\/\\\/cyclingpro.net\\\/spaziociclismo\\\/ciclomercato\\\/ciclomercato-2027-molenaar-rinnova-con-la-caja-rural-donovan-vicino-alla-visma-la-picnic-verso-la-conferma-di-due-stagisti\\\/\",\"url\":\"https:\\\/\\\/cyclingpro.net\\\/spaziociclismo\\\/ciclomercato\\\/ciclomercato-2027-molenaar-rinnova-con-la-caja-rural-donovan-vicino-alla-visma-la-picnic-verso-la-conferma-di-due-stagisti\\\/\",\"name\":\"CicloMercato 2027: Molenaar rinnova con la Caja Rural, Donovan vicino alla Visma, la Picnic verso la conferma di due stagisti - SpazioCiclismo\",\"isPartOf\":{\"@id\":\"https:\\\/\\\/cyclingpro.net\\\/spaziociclismo\\\/#website\"},\"primaryImageOfPage\":{\"@id\":\"https:\\\/\\\/cyclingpro.net\\\/spaziociclismo\\\/ciclomercato\\\/ciclomercato-2027-molenaar-rinnova-con-la-caja-rural-donovan-vicino-alla-visma-la-picnic-verso-la-conferma-di-due-stagisti\\\/#primaryimage\"},\"image\":{\"@id\":\"https:\\\/\\\/cyclingpro.net\\\/spaziociclismo\\\/ciclomercato\\\/ciclomercato-2027-molenaar-rinnova-con-la-caja-rural-donovan-vicino-alla-visma-la-picnic-verso-la-conferma-di-due-stagisti\\\/#primaryimage\"},\"thumbnailUrl\":\"https:\\\/\\\/cyclingpro.net\\\/spaziociclismo\\\/wp-content\\\/uploads\\\/2026\\\/09\\\/Mark-Donovan-Giro-dItalia-2026.jpg\",\"datePublished\":\"2026-09-02T14:50:58+00:00\",\"dateModified\":\"2026-09-02T14:59:39+00:00\",\"breadcrumb\":{\"@id\":\"https:\\\/\\\/cyclingpro.net\\\/spaziociclismo\\\/ciclomercato\\\/ciclomercato-2027-molenaar-rinnova-con-la-caja-rural-donovan-vicino-alla-visma-la-picnic-verso-la-conferma-di-due-stagisti\\\/#breadcrumb\"},\"inLanguage\":\"it-IT\",\"potentialAction\":[{\"@type\":\"ReadAction\",\"target\":[\"https:\\\/\\\/cyclingpro.net\\\/spaziociclismo\\\/ciclomercato\\\/ciclomercato-2027-molenaar-rinnova-con-la-caja-rural-donovan-vicino-alla-visma-la-picnic-verso-la-conferma-di-due-stagisti\\\/\"]}]},{\"@type\":\"ImageObject\",\"inLanguage\":\"it-IT\",\"@id\":\"https:\\\/\\\/cyclingpro.net\\\/spaziociclismo\\\/ciclomercato\\\/ciclomercato-2027-molenaar-rinnova-con-la-caja-rural-donovan-vicino-alla-visma-la-picnic-verso-la-conferma-di-due-stagisti\\\/#primaryimage\",\"url\":\"https:\\\/\\\/cyclingpro.net\\\/spaziociclismo\\\/wp-content\\\/uploads\\\/2026\\\/09\\\/Mark-Donovan-Giro-dItalia-2026.jpg\",\"contentUrl\":\"https:\\\/\\\/cyclingpro.net\\\/spaziociclismo\\\/wp-content\\\/uploads\\\/2026\\\/09\\\/Mark-Donovan-Giro-dItalia-2026.jpg\",\"width\":1200,\"height\":800,\"caption\":\"\u00a9 Sirotti\"},{\"@type\":\"BreadcrumbList\",\"@id\":\"https:\\\/\\\/cyclingpro.net\\\/spaziociclismo\\\/ciclomercato\\\/ciclomercato-2027-molenaar-rinnova-con-la-caja-rural-donovan-vicino-alla-visma-la-picnic-verso-la-conferma-di-due-stagisti\\\/#breadcrumb\",\"itemListElement\":[{\"@type\":\"ListItem\",\"position\":1,\"name\":\"Home\",\"item\":\"https:\\\/\\\/cyclingpro.net\\\/spaziociclismo\\\/\"},{\"@type\":\"ListItem\",\"position\":2,\"name\":\"CicloMercato 2027: Molenaar rinnova con la Caja Rural, Donovan vicino alla Visma, la Picnic verso la conferma di due stagisti\"}]},{\"@type\":\"WebSite\",\"@id\":\"https:\\\/\\\/cyclingpro.net\\\/spaziociclismo\\\/#website\",\"url\":\"https:\\\/\\\/cyclingpro.net\\\/spaziociclismo\\\/\",\"name\":\"SpazioCiclismo\",\"description\":\"Tutto il ciclismo minuto per minuto\",\"publisher\":{\"@id\":\"https:\\\/\\\/cyclingpro.net\\\/spaziociclismo\\\/#organization\"},\"potentialAction\":[{\"@type\":\"SearchAction\",\"target\":{\"@type\":\"EntryPoint\",\"urlTemplate\":\"https:\\\/\\\/cyclingpro.net\\\/spaziociclismo\\\/?s={search_term_string}\"},\"query-input\":{\"@type\":\"PropertyValueSpecification\",\"valueRequired\":true,\"valueName\":\"search_term_string\"}}],\"inLanguage\":\"it-IT\"},{\"@type\":\"Organization\",\"@id\":\"https:\\\/\\\/cyclingpro.net\\\/spaziociclismo\\\/#organization\",\"name\":\"SpazioCiclismo\",\"url\":\"https:\\\/\\\/cyclingpro.net\\\/spaziociclismo\\\/\",\"logo\":{\"@type\":\"ImageObject\",\"inLanguage\":\"it-IT\",\"@id\":\"https:\\\/\\\/cyclingpro.net\\\/spaziociclismo\\\/#\\\/schema\\\/logo\\\/image\\\/\",\"url\":\"https:\\\/\\\/cyclingpro.net\\\/spaziociclismo\\\/wp-content\\\/uploads\\\/2017\\\/02\\\/SpazioCiclismo-Logo-Quadrato.png\",\"contentUrl\":\"https:\\\/\\\/cyclingpro.net\\\/spaziociclismo\\\/wp-content\\\/uploads\\\/2017\\\/02\\\/SpazioCiclismo-Logo-Quadrato.png\",\"width\":450,\"height\":450,\"caption\":\"SpazioCiclismo\"},\"image\":{\"@id\":\"https:\\\/\\\/cyclingpro.net\\\/spaziociclismo\\\/#\\\/schema\\\/logo\\\/image\\\/\"},\"sameAs\":[\"https:\\\/\\\/www.facebook.com\\\/SpazioCiclismo\\\/\",\"https:\\\/\\\/x.com\\\/spaziociclismo\",\"https:\\\/\\\/www.instagram.com\\\/spaziociclismo\\\/\"]},{\"@type\":\"Person\",\"@id\":\"https:\\\/\\\/cyclingpro.net\\\/spaziociclismo\\\/#\\\/schema\\\/person\\\/5b11f525424bc937dcd939655cae5de3\",\"name\":\"Davide Filippi\",\"image\":{\"@type\":\"ImageObject\",\"inLanguage\":\"it-IT\",\"@id\":\"https:\\\/\\\/secure.gravatar.com\\\/avatar\\\/acf38569376402ef43c46c36ea62f8a431f13c39fac703a2ed157f3bbfa5c1ab?s=96&d=mm&r=g\",\"url\":\"https:\\\/\\\/secure.gravatar.com\\\/avatar\\\/acf38569376402ef43c46c36ea62f8a431f13c39fac703a2ed157f3bbfa5c1ab?s=96&d=mm&r=g\",\"contentUrl\":\"https:\\\/\\\/secure.gravatar.com\\\/avatar\\\/acf38569376402ef43c46c36ea62f8a431f13c39fac703a2ed157f3bbfa5c1ab?s=96&d=mm&r=g\",\"caption\":\"Davide Filippi\"},\"url\":\"https:\\\/\\\/cyclingpro.net\\\/spaziociclismo\\\/author\\\/dfilippi\\\/\"}]}<\/script>\n<!-- \/ Yoast SEO plugin. -->","yoast_head_json":{"title":"CicloMercato 2027: Molenaar rinnova con la Caja Rural, Donovan vicino alla Visma, la Picnic verso la conferma di due stagisti - SpazioCiclismo","robots":{"index":"index","follow":"follow","max-snippet":"max-snippet:-1","max-image-preview":"max-image-preview:large","max-video-preview":"max-video-preview:-1"},"canonical":"https:\/\/cyclingpro.net\/spaziociclismo\/ciclomercato\/ciclomercato-2027-molenaar-rinnova-con-la-caja-rural-donovan-vicino-alla-visma-la-picnic-verso-la-conferma-di-due-stagisti\/","og_locale":"it_IT","og_type":"article","og_title":"CicloMercato 2027: Molenaar rinnova con la Caja Rural, Donovan vicino alla Visma, la Picnic verso la conferma di due stagisti - SpazioCiclismo","og_description":"Proseguono le manovre di #CicloMercato in vista della stagione 2027","og_url":"https:\/\/cyclingpro.net\/spaziociclismo\/ciclomercato\/ciclomercato-2027-molenaar-rinnova-con-la-caja-rural-donovan-vicino-alla-visma-la-picnic-verso-la-conferma-di-due-stagisti\/","og_site_name":"SpazioCiclismo","article_publisher":"https:\/\/www.facebook.com\/SpazioCiclismo\/","article_published_time":"2026-09-02T14:50:58+00:00","article_modified_time":"2026-09-02T14:59:39+00:00","og_image":[{"width":1200,"height":800,"url":"https:\/\/cyclingpro.net\/spaziociclismo\/wp-content\/uploads\/2026\/09\/Mark-Donovan-Giro-dItalia-2026.jpg","type":"image\/jpeg"}],"author":"Davide Filippi","twitter_card":"summary_large_image","twitter_creator":"@spaziociclismo","twitter_site":"@spaziociclismo","twitter_misc":{"Scritto da":"Davide Filippi","Tempo di lettura stimato":"2 minuti"},"schema":{"@context":"https:\/\/schema.org","@graph":[{"@type":"Article","@id":"https:\/\/cyclingpro.net\/spaziociclismo\/ciclomercato\/ciclomercato-2027-molenaar-rinnova-con-la-caja-rural-donovan-vicino-alla-visma-la-picnic-verso-la-conferma-di-due-stagisti\/#article","isPartOf":{"@id":"https:\/\/cyclingpro.net\/spaziociclismo\/ciclomercato\/ciclomercato-2027-molenaar-rinnova-con-la-caja-rural-donovan-vicino-alla-visma-la-picnic-verso-la-conferma-di-due-stagisti\/"},"author":{"name":"Davide Filippi","@id":"https:\/\/cyclingpro.net\/spaziociclismo\/#\/schema\/person\/5b11f525424bc937dcd939655cae5de3"},"headline":"CicloMercato 2027: Molenaar rinnova con la Caja Rural, Donovan vicino alla Visma, la Picnic verso la conferma di due stagisti","datePublished":"2026-09-02T14:50:58+00:00","dateModified":"2026-09-02T14:59:39+00:00","mainEntityOfPage":{"@id":"https:\/\/cyclingpro.net\/spaziociclismo\/ciclomercato\/ciclomercato-2027-molenaar-rinnova-con-la-caja-rural-donovan-vicino-alla-visma-la-picnic-verso-la-conferma-di-due-stagisti\/"},"wordCount":334,"commentCount":0,"publisher":{"@id":"https:\/\/cyclingpro.net\/spaziociclismo\/#organization"},"image":{"@id":"https:\/\/cyclingpro.net\/spaziociclismo\/ciclomercato\/ciclomercato-2027-molenaar-rinnova-con-la-caja-rural-donovan-vicino-alla-visma-la-picnic-verso-la-conferma-di-due-stagisti\/#primaryimage"},"thumbnailUrl":"https:\/\/cyclingpro.net\/spaziociclismo\/wp-content\/uploads\/2026\/09\/Mark-Donovan-Giro-dItalia-2026.jpg","keywords":["Alex Molenaar","CicloMercato 2027","Mark Donovan","Team Picnic PostNL 2026"],"articleSection":["CicloMercato"],"inLanguage":"it-IT","potentialAction":[{"@type":"CommentAction","name":"Comment","target":["https:\/\/cyclingpro.net\/spaziociclismo\/ciclomercato\/ciclomercato-2027-molenaar-rinnova-con-la-caja-rural-donovan-vicino-alla-visma-la-picnic-verso-la-conferma-di-due-stagisti\/#respond"]}]},{"@type":"WebPage","@id":"https:\/\/cyclingpro.net\/spaziociclismo\/ciclomercato\/ciclomercato-2027-molenaar-rinnova-con-la-caja-rural-donovan-vicino-alla-visma-la-picnic-verso-la-conferma-di-due-stagisti\/","url":"https:\/\/cyclingpro.net\/spaziociclismo\/ciclomercato\/ciclomercato-2027-molenaar-rinnova-con-la-caja-rural-donovan-vicino-alla-visma-la-picnic-verso-la-conferma-di-due-stagisti\/","name":"CicloMercato 2027: Molenaar rinnova con la Caja Rural, Donovan vicino alla Visma, la Picnic verso la conferma di due stagisti - SpazioCiclismo","isPartOf":{"@id":"https:\/\/cyclingpro.net\/spaziociclismo\/#website"},"primaryImageOfPage":{"@id":"https:\/\/cyclingpro.net\/spaziociclismo\/ciclomercato\/ciclomercato-2027-molenaar-rinnova-con-la-caja-rural-donovan-vicino-alla-visma-la-picnic-verso-la-conferma-di-due-stagisti\/#primaryimage"},"image":{"@id":"https:\/\/cyclingpro.net\/spaziociclismo\/ciclomercato\/ciclomercato-2027-molenaar-rinnova-con-la-caja-rural-donovan-vicino-alla-visma-la-picnic-verso-la-conferma-di-due-stagisti\/#primaryimage"},"thumbnailUrl":"https:\/\/cyclingpro.net\/spaziociclismo\/wp-content\/uploads\/2026\/09\/Mark-Donovan-Giro-dItalia-2026.jpg","datePublished":"2026-09-02T14:50:58+00:00","dateModified":"2026-09-02T14:59:39+00:00","breadcrumb":{"@id":"https:\/\/cyclingpro.net\/spaziociclismo\/ciclomercato\/ciclomercato-2027-molenaar-rinnova-con-la-caja-rural-donovan-vicino-alla-visma-la-picnic-verso-la-conferma-di-due-stagisti\/#breadcrumb"},"inLanguage":"it-IT","potentialAction":[{"@type":"ReadAction","target":["https:\/\/cyclingpro.net\/spaziociclismo\/ciclomercato\/ciclomercato-2027-molenaar-rinnova-con-la-caja-rural-donovan-vicino-alla-visma-la-picnic-verso-la-conferma-di-due-stagisti\/"]}]},{"@type":"ImageObject","inLanguage":"it-IT","@id":"https:\/\/cyclingpro.net\/spaziociclismo\/ciclomercato\/ciclomercato-2027-molenaar-rinnova-con-la-caja-rural-donovan-vicino-alla-visma-la-picnic-verso-la-conferma-di-due-stagisti\/#primaryimage","url":"https:\/\/cyclingpro.net\/spaziociclismo\/wp-content\/uploads\/2026\/09\/Mark-Donovan-Giro-dItalia-2026.jpg","contentUrl":"https:\/\/cyclingpro.net\/spaziociclismo\/wp-content\/uploads\/2026\/09\/Mark-Donovan-Giro-dItalia-2026.jpg","width":1200,"height":800,"caption":"\u00a9 Sirotti"},{"@type":"BreadcrumbList","@id":"https:\/\/cyclingpro.net\/spaziociclismo\/ciclomercato\/ciclomercato-2027-molenaar-rinnova-con-la-caja-rural-donovan-vicino-alla-visma-la-picnic-verso-la-conferma-di-due-stagisti\/#breadcrumb","itemListElement":[{"@type":"ListItem","position":1,"name":"Home","item":"https:\/\/cyclingpro.net\/spaziociclismo\/"},{"@type":"ListItem","position":2,"name":"CicloMercato 2027: Molenaar rinnova con la Caja Rural, Donovan vicino alla Visma, la Picnic verso la conferma di due stagisti"}]},{"@type":"WebSite","@id":"https:\/\/cyclingpro.net\/spaziociclismo\/#website","url":"https:\/\/cyclingpro.net\/spaziociclismo\/","name":"SpazioCiclismo","description":"Tutto il ciclismo minuto per minuto","publisher":{"@id":"https:\/\/cyclingpro.net\/spaziociclismo\/#organization"},"potentialAction":[{"@type":"SearchAction","target":{"@type":"EntryPoint","urlTemplate":"https:\/\/cyclingpro.net\/spaziociclismo\/?s={search_term_string}"},"query-input":{"@type":"PropertyValueSpecification","valueRequired":true,"valueName":"search_term_string"}}],"inLanguage":"it-IT"},{"@type":"Organization","@id":"https:\/\/cyclingpro.net\/spaziociclismo\/#organization","name":"SpazioCiclismo","url":"https:\/\/cyclingpro.net\/spaziociclismo\/","logo":{"@type":"ImageObject","inLanguage":"it-IT","@id":"https:\/\/cyclingpro.net\/spaziociclismo\/#\/schema\/logo\/image\/","url":"https:\/\/cyclingpro.net\/spaziociclismo\/wp-content\/uploads\/2017\/02\/SpazioCiclismo-Logo-Quadrato.png","contentUrl":"https:\/\/cyclingpro.net\/spaziociclismo\/wp-content\/uploads\/2017\/02\/SpazioCiclismo-Logo-Quadrato.png","width":450,"height":450,"caption":"SpazioCiclismo"},"image":{"@id":"https:\/\/cyclingpro.net\/spaziociclismo\/#\/schema\/logo\/image\/"},"sameAs":["https:\/\/www.facebook.com\/SpazioCiclismo\/","https:\/\/x.com\/spaziociclismo","https:\/\/www.instagram.com\/spaziociclismo\/"]},{"@type":"Person","@id":"https:\/\/cyclingpro.net\/spaziociclismo\/#\/schema\/person\/5b11f525424bc937dcd939655cae5de3","name":"Davide Filippi","image":{"@type":"ImageObject","inLanguage":"it-IT","@id":"https:\/\/secure.gravatar.com\/avatar\/acf38569376402ef43c46c36ea62f8a431f13c39fac703a2ed157f3bbfa5c1ab?s=96&d=mm&r=g","url":"https:\/\/secure.gravatar.com\/avatar\/acf38569376402ef43c46c36ea62f8a431f13c39fac703a2ed157f3bbfa5c1ab?s=96&d=mm&r=g","contentUrl":"https:\/\/secure.gravatar.com\/avatar\/acf38569376402ef43c46c36ea62f8a431f13c39fac703a2ed157f3bbfa5c1ab?s=96&d=mm&r=g","caption":"Davide Filippi"},"url":"https:\/\/cyclingpro.net\/spaziociclismo\/author\/dfilippi\/"}]}},"_links":{"self":[{"href":"https:\/\/cyclingpro.net\/spaziociclismo\/wp-json\/wp\/v2\/posts\/393337","targetHints":{"allow":["GET"]}}],"collection":[{"href":"https:\/\/cyclingpro.net\/spaziociclismo\/wp-json\/wp\/v2\/posts"}],"about":[{"href":"https:\/\/cyclingpro.net\/spaziociclismo\/wp-json\/wp\/v2\/types\/post"}],"author":[{"embeddable":true,"href":"https:\/\/cyclingpro.net\/spaziociclismo\/wp-json\/wp\/v2\/users\/27"}],"replies":[{"embeddable":true,"href":"https:\/\/cyclingpro.net\/spaziociclismo\/wp-json\/wp\/v2\/comments?post=393337"}],"version-history":[{"count":1,"href":"https:\/\/cyclingpro.net\/spaziociclismo\/wp-json\/wp\/v2\/posts\/393337\/revisions"}],"predecessor-version":[{"id":393350,"href":"https:\/\/cyclingpro.net\/spaziociclismo\/wp-json\/wp\/v2\/posts\/393337\/revisions\/393350"}],"wp:featuredmedia":[{"embeddable":true,"href":"https:\/\/cyclingpro.net\/spaziociclismo\/wp-json\/wp\/v2\/media\/393341"}],"wp:attachment":[{"href":"https:\/\/cyclingpro.net\/spaziociclismo\/wp-json\/wp\/v2\/media?parent=393337"}],"wp:term":[{"taxonomy":"category","embeddable":true,"href":"https:\/\/cyclingpro.net\/spaziociclismo\/wp-json\/wp\/v2\/categories?post=393337"},{"taxonomy":"post_tag","embeddable":true,"href":"https:\/\/cyclingpro.net\/spaziociclismo\/wp-json\/wp\/v2\/tags?post=393337"}],"curies":[{"name":"wp","href":"https:\/\/api.w.org\/{rel}","templated":true}]}}