{"id":393327,"date":"2026-09-02T16:20:04","date_gmt":"2026-09-02T14:20:04","guid":{"rendered":"https:\/\/cyclingpro.net\/spaziociclismo\/?p=393327"},"modified":"2026-09-02T16:18:08","modified_gmt":"2026-09-02T14:18:08","slug":"tour-of-istanbul-2026-la-startlist","status":"publish","type":"post","link":"https:\/\/cyclingpro.net\/spaziociclismo\/startlist\/tour-of-istanbul-2026-la-startlist\/","title":{"rendered":"Tour of Istanbul 2026, la startlist provvisoria"},"content":{"rendered":"<p>16 squadre al via del <strong>Tour of Istanbul 2026<\/strong>. In programma <strong>dal 3 al 6 settembre<\/strong>, la breve corsa a tappe turca di categoria UCI 2.1 vede crescere la qualit\u00e0 della sua startlist per questa quarta edizione, dato che, diversamente dal 2025, potr\u00e0 contare anche sulla presenza di una formazione WorldTour. Si tratta della Lotto Intermarch\u00e9, che lo scorso anno, quando ancora non faceva parte della massima divisione, colse il successo finale con il giovane Mauro Cuylits. Al team belga si affiancheranno cinque compagini Professional, comprese le italiane Solution Tech Nippo Rali e Polti VisitMalta e l&#8217;italo-ungherese MBH Bank CSB Telecom Fort, e dieci Continental, tra cui la squadra di sviluppo della XDS Astana.<\/p>\n<h2>Startlist Provvisoria Tour of Istanbul 2026<\/h2>\n<p><strong>LOTTO INTERMARCH\u00c9<\/strong><\/p>\n<p><strong>MBH BANK CSB TELECOM FORT \u2713<\/strong><br \/>\nBAGATIN Christian<br \/>\nBUDZI\u0143SKI Marcin<br \/>\nBURATTI Nicol\u00f2<br \/>\nCHESINI Cesare<br \/>\nDINA M\u00e1rton<br \/>\nNESPOLI Lorenzo<br \/>\nPE\u00c1K Barnab\u00e1s<\/p>\n<p><strong>SOLUTION TECH NIPPO RALI<\/strong><\/p>\n<p><strong>TEAM POLTI VISITMALTA \u2713<\/strong><br \/>\nBENITO Adri\u00e1n<br \/>\nBUTTIGIEG Aidan<br \/>\nLONARDI Giovanni<br \/>\nMAESTRI Mirco<br \/>\nPE\u00d1ALVER Manuel<br \/>\nPIETROBON Andrea<br \/>\nSERRANO Javier<\/p>\n<p><strong>TEAM NOVO NORDISK \u2713<\/strong><br \/>\nBRAND Sam<br \/>\nCLEMENTS Oliver<br \/>\nDAUGE Lucas<br \/>\nGRITTNER Marco<br \/>\nPOSNIC Louis-Marie<br \/>\nSTEVENS Hayden<br \/>\nTERRIER Lucas<\/p>\n<p><strong>TOTALENERGIES<\/strong><\/p>\n<p><strong>7 SABER UZBEKISTAN CYCLING TEAM<\/strong><\/p>\n<p><strong>ALMATY CONTINENTAL TEAM<\/strong><\/p>\n<p><strong>ISTANBUL TEAM<\/strong><\/p>\n<p><strong>KONYA B\u00dcY\u00dcK\u015eEHIR BELEDIYE SPOR<\/strong><\/p>\n<p><strong>MU\u011eLA B\u00dcY\u00dcK\u015eEHIR BELEDIYESI SPOR KUL\u00dcB\u00dc \u2713<\/strong><br \/>\nBULUT Samet<br \/>\nDO\u011eAN Halil<br \/>\nKANAT Mehmet<br \/>\nMACLEOD Callum<br \/>\nOZTOPRAK Timur<br \/>\nPALASHEV Borislav<br \/>\nREMKHI Rudolf<\/p>\n<p><strong>SPOR TOTO CYCLING TEAM<\/strong><\/p>\n<p><strong>PROJECT ECHELON RACING<\/strong><\/p>\n<p><strong>TEAM VINO-NORTH QAZAQSTAN REGION<\/strong><\/p>\n<p><strong>TSHENOLO PRO CYCLING TEAM \u2713<\/strong><br \/>\nBASSON Gustav<br \/>\nDE VILLIERS Johan<br \/>\nERASMUS Xander<br \/>\nMAHLANGU Thokozani<br \/>\nMATTHEWS Daniyal<br \/>\nROLLER Gustav<br \/>\nVAN NIEKERK Emile<\/p>\n<p><strong>XDS ASTANA DEVELOPMENT TEAM \u2713<\/strong><br \/>\nFOFONOV Artem<br \/>\nGALBUSERA Pietro<br \/>\nNEGRENTE Mattia<br \/>\nRYSBAY Dias<br \/>\nWANG Gustav<br \/>\nYELYUBAYEV Ruslan<\/p>\n","protected":false},"excerpt":{"rendered":"<p>Da domani a domenica si corre anche il #TourofIstanbul 2026, questi i nomi dei corridori al via<\/p>\n","protected":false},"author":27,"featured_media":288546,"comment_status":"open","ping_status":"closed","sticky":false,"template":"","format":"standard","meta":{"footnotes":"","_members_access_role":[],"_members_access_error":""},"categories":[6,18],"tags":[7221],"class_list":["post-393327","post","type-post","status-publish","format-standard","has-post-thumbnail","hentry","category-continental","category-startlist","tag-tour-of-istanbul-2026"],"yoast_head":"<!-- This site is optimized with the Yoast SEO plugin v28.3 - https:\/\/yoast.com\/product\/yoast-seo-wordpress\/ -->\n<title>Tour of Istanbul 2026, la startlist provvisoria - SpazioCiclismo<\/title>\n<meta name=\"robots\" content=\"index, follow, max-snippet:-1, max-image-preview:large, max-video-preview:-1\" \/>\n<link rel=\"canonical\" href=\"https:\/\/cyclingpro.net\/spaziociclismo\/startlist\/tour-of-istanbul-2026-la-startlist\/\" \/>\n<meta property=\"og:locale\" content=\"it_IT\" \/>\n<meta property=\"og:type\" content=\"article\" \/>\n<meta property=\"og:title\" content=\"Tour of Istanbul 2026, la startlist provvisoria - SpazioCiclismo\" \/>\n<meta property=\"og:description\" content=\"Da domani a domenica si corre anche il #TourofIstanbul 2026, questi i nomi dei corridori al via\" \/>\n<meta property=\"og:url\" content=\"https:\/\/cyclingpro.net\/spaziociclismo\/startlist\/tour-of-istanbul-2026-la-startlist\/\" \/>\n<meta property=\"og:site_name\" content=\"SpazioCiclismo\" \/>\n<meta property=\"article:publisher\" content=\"https:\/\/www.facebook.com\/SpazioCiclismo\/\" \/>\n<meta property=\"article:published_time\" content=\"2026-09-02T14:20:04+00:00\" \/>\n<meta property=\"og:image\" content=\"https:\/\/cyclingpro.net\/spaziociclismo\/wp-content\/uploads\/2024\/04\/Gruppo-Tappa-8-Giro-di-Turchia-2023.jpg\" \/>\n\t<meta property=\"og:image:width\" content=\"1200\" \/>\n\t<meta property=\"og:image:height\" content=\"800\" \/>\n\t<meta property=\"og:image:type\" content=\"image\/jpeg\" \/>\n<meta name=\"author\" content=\"Davide Filippi\" \/>\n<meta name=\"twitter:card\" content=\"summary_large_image\" \/>\n<meta name=\"twitter:creator\" content=\"@spaziociclismo\" \/>\n<meta name=\"twitter:site\" content=\"@spaziociclismo\" \/>\n<meta name=\"twitter:label1\" content=\"Scritto da\" \/>\n\t<meta name=\"twitter:data1\" content=\"Davide Filippi\" \/>\n\t<meta name=\"twitter:label2\" content=\"Tempo di lettura stimato\" \/>\n\t<meta name=\"twitter:data2\" content=\"2 minuti\" \/>\n<script type=\"application\/ld+json\" class=\"yoast-schema-graph\">{\"@context\":\"https:\\\/\\\/schema.org\",\"@graph\":[{\"@type\":\"Article\",\"@id\":\"https:\\\/\\\/cyclingpro.net\\\/spaziociclismo\\\/startlist\\\/tour-of-istanbul-2026-la-startlist\\\/#article\",\"isPartOf\":{\"@id\":\"https:\\\/\\\/cyclingpro.net\\\/spaziociclismo\\\/startlist\\\/tour-of-istanbul-2026-la-startlist\\\/\"},\"author\":{\"name\":\"Davide Filippi\",\"@id\":\"https:\\\/\\\/cyclingpro.net\\\/spaziociclismo\\\/#\\\/schema\\\/person\\\/5b11f525424bc937dcd939655cae5de3\"},\"headline\":\"Tour of Istanbul 2026, la startlist provvisoria\",\"datePublished\":\"2026-09-02T14:20:04+00:00\",\"mainEntityOfPage\":{\"@id\":\"https:\\\/\\\/cyclingpro.net\\\/spaziociclismo\\\/startlist\\\/tour-of-istanbul-2026-la-startlist\\\/\"},\"wordCount\":274,\"commentCount\":0,\"publisher\":{\"@id\":\"https:\\\/\\\/cyclingpro.net\\\/spaziociclismo\\\/#organization\"},\"image\":{\"@id\":\"https:\\\/\\\/cyclingpro.net\\\/spaziociclismo\\\/startlist\\\/tour-of-istanbul-2026-la-startlist\\\/#primaryimage\"},\"thumbnailUrl\":\"https:\\\/\\\/cyclingpro.net\\\/spaziociclismo\\\/wp-content\\\/uploads\\\/2024\\\/04\\\/Gruppo-Tappa-8-Giro-di-Turchia-2023.jpg\",\"keywords\":[\"Tour of Istanbul 2026\"],\"articleSection\":[\"Continental\",\"Startlist\"],\"inLanguage\":\"it-IT\",\"potentialAction\":[{\"@type\":\"CommentAction\",\"name\":\"Comment\",\"target\":[\"https:\\\/\\\/cyclingpro.net\\\/spaziociclismo\\\/startlist\\\/tour-of-istanbul-2026-la-startlist\\\/#respond\"]}]},{\"@type\":\"WebPage\",\"@id\":\"https:\\\/\\\/cyclingpro.net\\\/spaziociclismo\\\/startlist\\\/tour-of-istanbul-2026-la-startlist\\\/\",\"url\":\"https:\\\/\\\/cyclingpro.net\\\/spaziociclismo\\\/startlist\\\/tour-of-istanbul-2026-la-startlist\\\/\",\"name\":\"Tour of Istanbul 2026, la startlist provvisoria - SpazioCiclismo\",\"isPartOf\":{\"@id\":\"https:\\\/\\\/cyclingpro.net\\\/spaziociclismo\\\/#website\"},\"primaryImageOfPage\":{\"@id\":\"https:\\\/\\\/cyclingpro.net\\\/spaziociclismo\\\/startlist\\\/tour-of-istanbul-2026-la-startlist\\\/#primaryimage\"},\"image\":{\"@id\":\"https:\\\/\\\/cyclingpro.net\\\/spaziociclismo\\\/startlist\\\/tour-of-istanbul-2026-la-startlist\\\/#primaryimage\"},\"thumbnailUrl\":\"https:\\\/\\\/cyclingpro.net\\\/spaziociclismo\\\/wp-content\\\/uploads\\\/2024\\\/04\\\/Gruppo-Tappa-8-Giro-di-Turchia-2023.jpg\",\"datePublished\":\"2026-09-02T14:20:04+00:00\",\"breadcrumb\":{\"@id\":\"https:\\\/\\\/cyclingpro.net\\\/spaziociclismo\\\/startlist\\\/tour-of-istanbul-2026-la-startlist\\\/#breadcrumb\"},\"inLanguage\":\"it-IT\",\"potentialAction\":[{\"@type\":\"ReadAction\",\"target\":[\"https:\\\/\\\/cyclingpro.net\\\/spaziociclismo\\\/startlist\\\/tour-of-istanbul-2026-la-startlist\\\/\"]}]},{\"@type\":\"ImageObject\",\"inLanguage\":\"it-IT\",\"@id\":\"https:\\\/\\\/cyclingpro.net\\\/spaziociclismo\\\/startlist\\\/tour-of-istanbul-2026-la-startlist\\\/#primaryimage\",\"url\":\"https:\\\/\\\/cyclingpro.net\\\/spaziociclismo\\\/wp-content\\\/uploads\\\/2024\\\/04\\\/Gruppo-Tappa-8-Giro-di-Turchia-2023.jpg\",\"contentUrl\":\"https:\\\/\\\/cyclingpro.net\\\/spaziociclismo\\\/wp-content\\\/uploads\\\/2024\\\/04\\\/Gruppo-Tappa-8-Giro-di-Turchia-2023.jpg\",\"width\":1200,\"height\":800,\"caption\":\"\u00a9 Tour of T\u00fcrkiye\"},{\"@type\":\"BreadcrumbList\",\"@id\":\"https:\\\/\\\/cyclingpro.net\\\/spaziociclismo\\\/startlist\\\/tour-of-istanbul-2026-la-startlist\\\/#breadcrumb\",\"itemListElement\":[{\"@type\":\"ListItem\",\"position\":1,\"name\":\"Home\",\"item\":\"https:\\\/\\\/cyclingpro.net\\\/spaziociclismo\\\/\"},{\"@type\":\"ListItem\",\"position\":2,\"name\":\"Tour of Istanbul 2026, la startlist provvisoria\"}]},{\"@type\":\"WebSite\",\"@id\":\"https:\\\/\\\/cyclingpro.net\\\/spaziociclismo\\\/#website\",\"url\":\"https:\\\/\\\/cyclingpro.net\\\/spaziociclismo\\\/\",\"name\":\"SpazioCiclismo\",\"description\":\"Tutto il ciclismo minuto per minuto\",\"publisher\":{\"@id\":\"https:\\\/\\\/cyclingpro.net\\\/spaziociclismo\\\/#organization\"},\"potentialAction\":[{\"@type\":\"SearchAction\",\"target\":{\"@type\":\"EntryPoint\",\"urlTemplate\":\"https:\\\/\\\/cyclingpro.net\\\/spaziociclismo\\\/?s={search_term_string}\"},\"query-input\":{\"@type\":\"PropertyValueSpecification\",\"valueRequired\":true,\"valueName\":\"search_term_string\"}}],\"inLanguage\":\"it-IT\"},{\"@type\":\"Organization\",\"@id\":\"https:\\\/\\\/cyclingpro.net\\\/spaziociclismo\\\/#organization\",\"name\":\"SpazioCiclismo\",\"url\":\"https:\\\/\\\/cyclingpro.net\\\/spaziociclismo\\\/\",\"logo\":{\"@type\":\"ImageObject\",\"inLanguage\":\"it-IT\",\"@id\":\"https:\\\/\\\/cyclingpro.net\\\/spaziociclismo\\\/#\\\/schema\\\/logo\\\/image\\\/\",\"url\":\"https:\\\/\\\/cyclingpro.net\\\/spaziociclismo\\\/wp-content\\\/uploads\\\/2017\\\/02\\\/SpazioCiclismo-Logo-Quadrato.png\",\"contentUrl\":\"https:\\\/\\\/cyclingpro.net\\\/spaziociclismo\\\/wp-content\\\/uploads\\\/2017\\\/02\\\/SpazioCiclismo-Logo-Quadrato.png\",\"width\":450,\"height\":450,\"caption\":\"SpazioCiclismo\"},\"image\":{\"@id\":\"https:\\\/\\\/cyclingpro.net\\\/spaziociclismo\\\/#\\\/schema\\\/logo\\\/image\\\/\"},\"sameAs\":[\"https:\\\/\\\/www.facebook.com\\\/SpazioCiclismo\\\/\",\"https:\\\/\\\/x.com\\\/spaziociclismo\",\"https:\\\/\\\/www.instagram.com\\\/spaziociclismo\\\/\"]},{\"@type\":\"Person\",\"@id\":\"https:\\\/\\\/cyclingpro.net\\\/spaziociclismo\\\/#\\\/schema\\\/person\\\/5b11f525424bc937dcd939655cae5de3\",\"name\":\"Davide Filippi\",\"image\":{\"@type\":\"ImageObject\",\"inLanguage\":\"it-IT\",\"@id\":\"https:\\\/\\\/secure.gravatar.com\\\/avatar\\\/acf38569376402ef43c46c36ea62f8a431f13c39fac703a2ed157f3bbfa5c1ab?s=96&d=mm&r=g\",\"url\":\"https:\\\/\\\/secure.gravatar.com\\\/avatar\\\/acf38569376402ef43c46c36ea62f8a431f13c39fac703a2ed157f3bbfa5c1ab?s=96&d=mm&r=g\",\"contentUrl\":\"https:\\\/\\\/secure.gravatar.com\\\/avatar\\\/acf38569376402ef43c46c36ea62f8a431f13c39fac703a2ed157f3bbfa5c1ab?s=96&d=mm&r=g\",\"caption\":\"Davide Filippi\"},\"url\":\"https:\\\/\\\/cyclingpro.net\\\/spaziociclismo\\\/author\\\/dfilippi\\\/\"}]}<\/script>\n<!-- \/ Yoast SEO plugin. -->","yoast_head_json":{"title":"Tour of Istanbul 2026, la startlist provvisoria - SpazioCiclismo","robots":{"index":"index","follow":"follow","max-snippet":"max-snippet:-1","max-image-preview":"max-image-preview:large","max-video-preview":"max-video-preview:-1"},"canonical":"https:\/\/cyclingpro.net\/spaziociclismo\/startlist\/tour-of-istanbul-2026-la-startlist\/","og_locale":"it_IT","og_type":"article","og_title":"Tour of Istanbul 2026, la startlist provvisoria - SpazioCiclismo","og_description":"Da domani a domenica si corre anche il #TourofIstanbul 2026, questi i nomi dei corridori al via","og_url":"https:\/\/cyclingpro.net\/spaziociclismo\/startlist\/tour-of-istanbul-2026-la-startlist\/","og_site_name":"SpazioCiclismo","article_publisher":"https:\/\/www.facebook.com\/SpazioCiclismo\/","article_published_time":"2026-09-02T14:20:04+00:00","og_image":[{"width":1200,"height":800,"url":"https:\/\/cyclingpro.net\/spaziociclismo\/wp-content\/uploads\/2024\/04\/Gruppo-Tappa-8-Giro-di-Turchia-2023.jpg","type":"image\/jpeg"}],"author":"Davide Filippi","twitter_card":"summary_large_image","twitter_creator":"@spaziociclismo","twitter_site":"@spaziociclismo","twitter_misc":{"Scritto da":"Davide Filippi","Tempo di lettura stimato":"2 minuti"},"schema":{"@context":"https:\/\/schema.org","@graph":[{"@type":"Article","@id":"https:\/\/cyclingpro.net\/spaziociclismo\/startlist\/tour-of-istanbul-2026-la-startlist\/#article","isPartOf":{"@id":"https:\/\/cyclingpro.net\/spaziociclismo\/startlist\/tour-of-istanbul-2026-la-startlist\/"},"author":{"name":"Davide Filippi","@id":"https:\/\/cyclingpro.net\/spaziociclismo\/#\/schema\/person\/5b11f525424bc937dcd939655cae5de3"},"headline":"Tour of Istanbul 2026, la startlist provvisoria","datePublished":"2026-09-02T14:20:04+00:00","mainEntityOfPage":{"@id":"https:\/\/cyclingpro.net\/spaziociclismo\/startlist\/tour-of-istanbul-2026-la-startlist\/"},"wordCount":274,"commentCount":0,"publisher":{"@id":"https:\/\/cyclingpro.net\/spaziociclismo\/#organization"},"image":{"@id":"https:\/\/cyclingpro.net\/spaziociclismo\/startlist\/tour-of-istanbul-2026-la-startlist\/#primaryimage"},"thumbnailUrl":"https:\/\/cyclingpro.net\/spaziociclismo\/wp-content\/uploads\/2024\/04\/Gruppo-Tappa-8-Giro-di-Turchia-2023.jpg","keywords":["Tour of Istanbul 2026"],"articleSection":["Continental","Startlist"],"inLanguage":"it-IT","potentialAction":[{"@type":"CommentAction","name":"Comment","target":["https:\/\/cyclingpro.net\/spaziociclismo\/startlist\/tour-of-istanbul-2026-la-startlist\/#respond"]}]},{"@type":"WebPage","@id":"https:\/\/cyclingpro.net\/spaziociclismo\/startlist\/tour-of-istanbul-2026-la-startlist\/","url":"https:\/\/cyclingpro.net\/spaziociclismo\/startlist\/tour-of-istanbul-2026-la-startlist\/","name":"Tour of Istanbul 2026, la startlist provvisoria - SpazioCiclismo","isPartOf":{"@id":"https:\/\/cyclingpro.net\/spaziociclismo\/#website"},"primaryImageOfPage":{"@id":"https:\/\/cyclingpro.net\/spaziociclismo\/startlist\/tour-of-istanbul-2026-la-startlist\/#primaryimage"},"image":{"@id":"https:\/\/cyclingpro.net\/spaziociclismo\/startlist\/tour-of-istanbul-2026-la-startlist\/#primaryimage"},"thumbnailUrl":"https:\/\/cyclingpro.net\/spaziociclismo\/wp-content\/uploads\/2024\/04\/Gruppo-Tappa-8-Giro-di-Turchia-2023.jpg","datePublished":"2026-09-02T14:20:04+00:00","breadcrumb":{"@id":"https:\/\/cyclingpro.net\/spaziociclismo\/startlist\/tour-of-istanbul-2026-la-startlist\/#breadcrumb"},"inLanguage":"it-IT","potentialAction":[{"@type":"ReadAction","target":["https:\/\/cyclingpro.net\/spaziociclismo\/startlist\/tour-of-istanbul-2026-la-startlist\/"]}]},{"@type":"ImageObject","inLanguage":"it-IT","@id":"https:\/\/cyclingpro.net\/spaziociclismo\/startlist\/tour-of-istanbul-2026-la-startlist\/#primaryimage","url":"https:\/\/cyclingpro.net\/spaziociclismo\/wp-content\/uploads\/2024\/04\/Gruppo-Tappa-8-Giro-di-Turchia-2023.jpg","contentUrl":"https:\/\/cyclingpro.net\/spaziociclismo\/wp-content\/uploads\/2024\/04\/Gruppo-Tappa-8-Giro-di-Turchia-2023.jpg","width":1200,"height":800,"caption":"\u00a9 Tour of T\u00fcrkiye"},{"@type":"BreadcrumbList","@id":"https:\/\/cyclingpro.net\/spaziociclismo\/startlist\/tour-of-istanbul-2026-la-startlist\/#breadcrumb","itemListElement":[{"@type":"ListItem","position":1,"name":"Home","item":"https:\/\/cyclingpro.net\/spaziociclismo\/"},{"@type":"ListItem","position":2,"name":"Tour of Istanbul 2026, la startlist provvisoria"}]},{"@type":"WebSite","@id":"https:\/\/cyclingpro.net\/spaziociclismo\/#website","url":"https:\/\/cyclingpro.net\/spaziociclismo\/","name":"SpazioCiclismo","description":"Tutto il ciclismo minuto per minuto","publisher":{"@id":"https:\/\/cyclingpro.net\/spaziociclismo\/#organization"},"potentialAction":[{"@type":"SearchAction","target":{"@type":"EntryPoint","urlTemplate":"https:\/\/cyclingpro.net\/spaziociclismo\/?s={search_term_string}"},"query-input":{"@type":"PropertyValueSpecification","valueRequired":true,"valueName":"search_term_string"}}],"inLanguage":"it-IT"},{"@type":"Organization","@id":"https:\/\/cyclingpro.net\/spaziociclismo\/#organization","name":"SpazioCiclismo","url":"https:\/\/cyclingpro.net\/spaziociclismo\/","logo":{"@type":"ImageObject","inLanguage":"it-IT","@id":"https:\/\/cyclingpro.net\/spaziociclismo\/#\/schema\/logo\/image\/","url":"https:\/\/cyclingpro.net\/spaziociclismo\/wp-content\/uploads\/2017\/02\/SpazioCiclismo-Logo-Quadrato.png","contentUrl":"https:\/\/cyclingpro.net\/spaziociclismo\/wp-content\/uploads\/2017\/02\/SpazioCiclismo-Logo-Quadrato.png","width":450,"height":450,"caption":"SpazioCiclismo"},"image":{"@id":"https:\/\/cyclingpro.net\/spaziociclismo\/#\/schema\/logo\/image\/"},"sameAs":["https:\/\/www.facebook.com\/SpazioCiclismo\/","https:\/\/x.com\/spaziociclismo","https:\/\/www.instagram.com\/spaziociclismo\/"]},{"@type":"Person","@id":"https:\/\/cyclingpro.net\/spaziociclismo\/#\/schema\/person\/5b11f525424bc937dcd939655cae5de3","name":"Davide Filippi","image":{"@type":"ImageObject","inLanguage":"it-IT","@id":"https:\/\/secure.gravatar.com\/avatar\/acf38569376402ef43c46c36ea62f8a431f13c39fac703a2ed157f3bbfa5c1ab?s=96&d=mm&r=g","url":"https:\/\/secure.gravatar.com\/avatar\/acf38569376402ef43c46c36ea62f8a431f13c39fac703a2ed157f3bbfa5c1ab?s=96&d=mm&r=g","contentUrl":"https:\/\/secure.gravatar.com\/avatar\/acf38569376402ef43c46c36ea62f8a431f13c39fac703a2ed157f3bbfa5c1ab?s=96&d=mm&r=g","caption":"Davide Filippi"},"url":"https:\/\/cyclingpro.net\/spaziociclismo\/author\/dfilippi\/"}]}},"_links":{"self":[{"href":"https:\/\/cyclingpro.net\/spaziociclismo\/wp-json\/wp\/v2\/posts\/393327","targetHints":{"allow":["GET"]}}],"collection":[{"href":"https:\/\/cyclingpro.net\/spaziociclismo\/wp-json\/wp\/v2\/posts"}],"about":[{"href":"https:\/\/cyclingpro.net\/spaziociclismo\/wp-json\/wp\/v2\/types\/post"}],"author":[{"embeddable":true,"href":"https:\/\/cyclingpro.net\/spaziociclismo\/wp-json\/wp\/v2\/users\/27"}],"replies":[{"embeddable":true,"href":"https:\/\/cyclingpro.net\/spaziociclismo\/wp-json\/wp\/v2\/comments?post=393327"}],"version-history":[{"count":2,"href":"https:\/\/cyclingpro.net\/spaziociclismo\/wp-json\/wp\/v2\/posts\/393327\/revisions"}],"predecessor-version":[{"id":393336,"href":"https:\/\/cyclingpro.net\/spaziociclismo\/wp-json\/wp\/v2\/posts\/393327\/revisions\/393336"}],"wp:featuredmedia":[{"embeddable":true,"href":"https:\/\/cyclingpro.net\/spaziociclismo\/wp-json\/wp\/v2\/media\/288546"}],"wp:attachment":[{"href":"https:\/\/cyclingpro.net\/spaziociclismo\/wp-json\/wp\/v2\/media?parent=393327"}],"wp:term":[{"taxonomy":"category","embeddable":true,"href":"https:\/\/cyclingpro.net\/spaziociclismo\/wp-json\/wp\/v2\/categories?post=393327"},{"taxonomy":"post_tag","embeddable":true,"href":"https:\/\/cyclingpro.net\/spaziociclismo\/wp-json\/wp\/v2\/tags?post=393327"}],"curies":[{"name":"wp","href":"https:\/\/api.w.org\/{rel}","templated":true}]}}