{"id":393326,"date":"2026-09-02T16:12:48","date_gmt":"2026-09-02T14:12:48","guid":{"rendered":"https:\/\/cyclingpro.net\/spaziociclismo\/?p=393326"},"modified":"2026-09-02T16:12:48","modified_gmt":"2026-09-02T14:12:48","slug":"uae-team-emirates-xrg-tadej-pogacar-lascera-oggi-lospedale-di-barcellona-dopo-loperazione-alla-spalla","status":"publish","type":"post","link":"https:\/\/cyclingpro.net\/spaziociclismo\/worldtour\/uae-team-emirates-xrg-tadej-pogacar-lascera-oggi-lospedale-di-barcellona-dopo-loperazione-alla-spalla\/","title":{"rendered":"UAE Team Emirates &#8211; XRG, Tadej Poga\u010dar lascer\u00e0 oggi l&#8217;ospedale di Barcellona dopo l&#8217;operazione alla spalla"},"content":{"rendered":"<p><a href=\"https:\/\/cyclingpro.net\/spaziociclismo\/worldtour\/uae-team-emirates-xrg-tadej-pogacar-operato-con-successo-alla-clavicola-sinistra\/\" target=\"_blank\" rel=\"noopener\"><strong>Tadej Poga\u010dar<\/strong><\/a> torna a casa in Slovenia. Luned\u00ec il fenomeno della <strong>UAE Team Emirates &#8211; XRG\u00a0<\/strong>\u00e8 stato operato alla clavicola a Barcellona, dove si trovava dopo la terribile caduta alla <strong>Vuelta a Espa\u00f1a 2026<\/strong>, e ha passato altre due notti nella citt\u00e0 catalana. Per diversi giorni, lo staff della squadra e l&#8217;\u00e9quipe medica ha ripetuto che la sua permanenza presso la struttura sarebbe dipesa completamente da come avrebbe risposto il corpo dopo l&#8217;operazione. Ebbene, come riporta il giornalista de <em>La Gazzetta dello Sport\u00a0<\/em><strong>Ciro Scognamiglio<\/strong>, il vincitore di cinque Tour de France si starebbe gi\u00e0 recando a casa in Slovenia per un po&#8217; di meritato riposo, prima di procedere con la riabilitazione.\u00a0&#8220;Come confermato da alcune fonti, <strong>Tadej Pogacar lascia l&#8217;Ospedale Dexeus di Barcellona e torner\u00e0 a casa<\/strong> dopo l&#8217;intervento chirurgico che si \u00e8 tenuto lo scorso luned\u00ec&#8221; ha scritto il giornalista sul suo account X.<\/p>\n<p>La tempistica lascerebbe ben sperare: l&#8217;operazione alla clavicola fratturata non dovrebbe aver avuto controindicazioni. Adesso bisogner\u00e0 capire le tempistiche del recupero, che dovrebbero essere lunghe. Tanto la squadra quanto il corridore hanno lasciato intendere che non forzeranno in alcun modo il rientro alle corse, nonostante l&#8217;appuntamento con il\u00a0<strong>Mondiale Montr\u00e9al 2026<\/strong> sia tra meno di un mese, il 27 settembre. C&#8217;\u00e8 forse qualche flebile speranza in pi\u00f9 di rivedere lo sloveno agli\u00a0<strong>Europei 2026<\/strong> in casa o pi\u00f9 tardi a\u00a0<strong>Il Lombardia 2026<\/strong>, sabato 10 ottobre. L&#8217;ipotesi pi\u00f9 probabile, per\u00f2, \u00e8 che il 2026 ciclistico di <a href=\"https:\/\/cyclingpro.net\/spaziociclismo\/worldtour\/uae-team-emirates-xrg-mauro-gianetti-aggiorna-sulle-condizioni-di-tadej-pogacar-domani-lo-operano-e-presto-per-capire-se-correra-il-finale-di-stagione\/\" target=\"_blank\" rel=\"noopener\"><strong>Tadej Poga\u010dar<\/strong><\/a> sia gi\u00e0 finito, a meno di un recupero lampo. Il rischio di correre prima che la spalla sia tornata completamente a regime, infatti, sarebbe troppo alto. Ma chiss\u00e0 che il grande campione sloveno non riesca a sorprendere di nuovo.<\/p>\n<blockquote class=\"twitter-tweet\">\n<p dir=\"ltr\" lang=\"en\">Info <a href=\"https:\/\/x.com\/Gazzetta_it?ref_src=twsrc%5Etfw\">@Gazzetta_it<\/a> &#8211; Today <a href=\"https:\/\/x.com\/TamauPogi?ref_src=twsrc%5Etfw\">@TamauPogi<\/a> leaves Hospital Dexeus in Barcelona and will be back home, sources confirmed us, after surgery held on monday <a href=\"https:\/\/x.com\/cycling_podcast?ref_src=twsrc%5Etfw\">@cycling_podcast<\/a><\/p>\n<p>\u2014 Ciro Scognamiglio (@cirogazzetta) <a href=\"https:\/\/x.com\/cirogazzetta\/status\/2095129557682573602?ref_src=twsrc%5Etfw\">September 2, 2026<\/a><\/p><\/blockquote>\n<p><script async src=\"https:\/\/platform.x.com\/widgets.js\" charset=\"utf-8\"><\/script><\/p>\n","protected":false},"excerpt":{"rendered":"<p>Tadej #Pogacar torner\u00e0 a casa in Slovenia due giorni dopo l&#8217;operazione alla clavicola sinistra nell&#8217;ospedale di Barcellona #LaVuelta26<\/p>\n","protected":false},"author":15,"featured_media":391660,"comment_status":"open","ping_status":"closed","sticky":false,"template":"","format":"standard","meta":{"footnotes":"","_members_access_role":[],"_members_access_error":""},"categories":[25],"tags":[2166],"class_list":["post-393326","post","type-post","status-publish","format-standard","has-post-thumbnail","hentry","category-worldtour","tag-tadej-pogacar"],"yoast_head":"<!-- This site is optimized with the Yoast SEO plugin v28.3 - https:\/\/yoast.com\/product\/yoast-seo-wordpress\/ -->\n<title>UAE Team Emirates - XRG, Tadej Poga\u010dar lascer\u00e0 oggi l&#039;ospedale di Barcellona dopo l&#039;operazione alla spalla - SpazioCiclismo<\/title>\n<meta name=\"robots\" content=\"index, follow, max-snippet:-1, max-image-preview:large, max-video-preview:-1\" \/>\n<link rel=\"canonical\" href=\"https:\/\/cyclingpro.net\/spaziociclismo\/worldtour\/uae-team-emirates-xrg-tadej-pogacar-lascera-oggi-lospedale-di-barcellona-dopo-loperazione-alla-spalla\/\" \/>\n<meta property=\"og:locale\" content=\"it_IT\" \/>\n<meta property=\"og:type\" content=\"article\" \/>\n<meta property=\"og:title\" content=\"UAE Team Emirates - XRG, Tadej Poga\u010dar lascer\u00e0 oggi l&#039;ospedale di Barcellona dopo l&#039;operazione alla spalla - SpazioCiclismo\" \/>\n<meta property=\"og:description\" content=\"Tadej #Pogacar torner\u00e0 a casa in Slovenia due giorni dopo l&#039;operazione alla clavicola sinistra nell&#039;ospedale di Barcellona #LaVuelta26\" \/>\n<meta property=\"og:url\" content=\"https:\/\/cyclingpro.net\/spaziociclismo\/worldtour\/uae-team-emirates-xrg-tadej-pogacar-lascera-oggi-lospedale-di-barcellona-dopo-loperazione-alla-spalla\/\" \/>\n<meta property=\"og:site_name\" content=\"SpazioCiclismo\" \/>\n<meta property=\"article:publisher\" content=\"https:\/\/www.facebook.com\/SpazioCiclismo\/\" \/>\n<meta property=\"article:published_time\" content=\"2026-09-02T14:12:48+00:00\" \/>\n<meta property=\"og:image\" content=\"https:\/\/cyclingpro.net\/spaziociclismo\/wp-content\/uploads\/2026\/08\/1287254613.jpg\" \/>\n\t<meta property=\"og:image:width\" content=\"1200\" \/>\n\t<meta property=\"og:image:height\" content=\"800\" \/>\n\t<meta property=\"og:image:type\" content=\"image\/jpeg\" \/>\n<meta name=\"author\" content=\"Davide Terraneo\" \/>\n<meta name=\"twitter:card\" content=\"summary_large_image\" \/>\n<meta name=\"twitter:creator\" content=\"@spaziociclismo\" \/>\n<meta name=\"twitter:site\" content=\"@spaziociclismo\" \/>\n<meta name=\"twitter:label1\" content=\"Scritto da\" \/>\n\t<meta name=\"twitter:data1\" content=\"Davide Terraneo\" \/>\n\t<meta name=\"twitter:label2\" content=\"Tempo di lettura stimato\" \/>\n\t<meta name=\"twitter:data2\" content=\"2 minuti\" \/>\n<script type=\"application\/ld+json\" class=\"yoast-schema-graph\">{\"@context\":\"https:\\\/\\\/schema.org\",\"@graph\":[{\"@type\":\"Article\",\"@id\":\"https:\\\/\\\/cyclingpro.net\\\/spaziociclismo\\\/worldtour\\\/uae-team-emirates-xrg-tadej-pogacar-lascera-oggi-lospedale-di-barcellona-dopo-loperazione-alla-spalla\\\/#article\",\"isPartOf\":{\"@id\":\"https:\\\/\\\/cyclingpro.net\\\/spaziociclismo\\\/worldtour\\\/uae-team-emirates-xrg-tadej-pogacar-lascera-oggi-lospedale-di-barcellona-dopo-loperazione-alla-spalla\\\/\"},\"author\":{\"name\":\"Davide Terraneo\",\"@id\":\"https:\\\/\\\/cyclingpro.net\\\/spaziociclismo\\\/#\\\/schema\\\/person\\\/7e1a937a7dba4e684209b697ab87796a\"},\"headline\":\"UAE Team Emirates &#8211; XRG, Tadej Poga\u010dar lascer\u00e0 oggi l&#8217;ospedale di Barcellona dopo l&#8217;operazione alla spalla\",\"datePublished\":\"2026-09-02T14:12:48+00:00\",\"mainEntityOfPage\":{\"@id\":\"https:\\\/\\\/cyclingpro.net\\\/spaziociclismo\\\/worldtour\\\/uae-team-emirates-xrg-tadej-pogacar-lascera-oggi-lospedale-di-barcellona-dopo-loperazione-alla-spalla\\\/\"},\"wordCount\":334,\"commentCount\":0,\"publisher\":{\"@id\":\"https:\\\/\\\/cyclingpro.net\\\/spaziociclismo\\\/#organization\"},\"image\":{\"@id\":\"https:\\\/\\\/cyclingpro.net\\\/spaziociclismo\\\/worldtour\\\/uae-team-emirates-xrg-tadej-pogacar-lascera-oggi-lospedale-di-barcellona-dopo-loperazione-alla-spalla\\\/#primaryimage\"},\"thumbnailUrl\":\"https:\\\/\\\/cyclingpro.net\\\/spaziociclismo\\\/wp-content\\\/uploads\\\/2026\\\/08\\\/1287254613.jpg\",\"keywords\":[\"Tadej Poga\u010dar\"],\"articleSection\":[\"WorldTour\"],\"inLanguage\":\"it-IT\",\"potentialAction\":[{\"@type\":\"CommentAction\",\"name\":\"Comment\",\"target\":[\"https:\\\/\\\/cyclingpro.net\\\/spaziociclismo\\\/worldtour\\\/uae-team-emirates-xrg-tadej-pogacar-lascera-oggi-lospedale-di-barcellona-dopo-loperazione-alla-spalla\\\/#respond\"]}]},{\"@type\":\"WebPage\",\"@id\":\"https:\\\/\\\/cyclingpro.net\\\/spaziociclismo\\\/worldtour\\\/uae-team-emirates-xrg-tadej-pogacar-lascera-oggi-lospedale-di-barcellona-dopo-loperazione-alla-spalla\\\/\",\"url\":\"https:\\\/\\\/cyclingpro.net\\\/spaziociclismo\\\/worldtour\\\/uae-team-emirates-xrg-tadej-pogacar-lascera-oggi-lospedale-di-barcellona-dopo-loperazione-alla-spalla\\\/\",\"name\":\"UAE Team Emirates - XRG, Tadej Poga\u010dar lascer\u00e0 oggi l'ospedale di Barcellona dopo l'operazione alla spalla - SpazioCiclismo\",\"isPartOf\":{\"@id\":\"https:\\\/\\\/cyclingpro.net\\\/spaziociclismo\\\/#website\"},\"primaryImageOfPage\":{\"@id\":\"https:\\\/\\\/cyclingpro.net\\\/spaziociclismo\\\/worldtour\\\/uae-team-emirates-xrg-tadej-pogacar-lascera-oggi-lospedale-di-barcellona-dopo-loperazione-alla-spalla\\\/#primaryimage\"},\"image\":{\"@id\":\"https:\\\/\\\/cyclingpro.net\\\/spaziociclismo\\\/worldtour\\\/uae-team-emirates-xrg-tadej-pogacar-lascera-oggi-lospedale-di-barcellona-dopo-loperazione-alla-spalla\\\/#primaryimage\"},\"thumbnailUrl\":\"https:\\\/\\\/cyclingpro.net\\\/spaziociclismo\\\/wp-content\\\/uploads\\\/2026\\\/08\\\/1287254613.jpg\",\"datePublished\":\"2026-09-02T14:12:48+00:00\",\"breadcrumb\":{\"@id\":\"https:\\\/\\\/cyclingpro.net\\\/spaziociclismo\\\/worldtour\\\/uae-team-emirates-xrg-tadej-pogacar-lascera-oggi-lospedale-di-barcellona-dopo-loperazione-alla-spalla\\\/#breadcrumb\"},\"inLanguage\":\"it-IT\",\"potentialAction\":[{\"@type\":\"ReadAction\",\"target\":[\"https:\\\/\\\/cyclingpro.net\\\/spaziociclismo\\\/worldtour\\\/uae-team-emirates-xrg-tadej-pogacar-lascera-oggi-lospedale-di-barcellona-dopo-loperazione-alla-spalla\\\/\"]}]},{\"@type\":\"ImageObject\",\"inLanguage\":\"it-IT\",\"@id\":\"https:\\\/\\\/cyclingpro.net\\\/spaziociclismo\\\/worldtour\\\/uae-team-emirates-xrg-tadej-pogacar-lascera-oggi-lospedale-di-barcellona-dopo-loperazione-alla-spalla\\\/#primaryimage\",\"url\":\"https:\\\/\\\/cyclingpro.net\\\/spaziociclismo\\\/wp-content\\\/uploads\\\/2026\\\/08\\\/1287254613.jpg\",\"contentUrl\":\"https:\\\/\\\/cyclingpro.net\\\/spaziociclismo\\\/wp-content\\\/uploads\\\/2026\\\/08\\\/1287254613.jpg\",\"width\":1200,\"height\":800,\"caption\":\"\u00a9 Sirotti\"},{\"@type\":\"BreadcrumbList\",\"@id\":\"https:\\\/\\\/cyclingpro.net\\\/spaziociclismo\\\/worldtour\\\/uae-team-emirates-xrg-tadej-pogacar-lascera-oggi-lospedale-di-barcellona-dopo-loperazione-alla-spalla\\\/#breadcrumb\",\"itemListElement\":[{\"@type\":\"ListItem\",\"position\":1,\"name\":\"Home\",\"item\":\"https:\\\/\\\/cyclingpro.net\\\/spaziociclismo\\\/\"},{\"@type\":\"ListItem\",\"position\":2,\"name\":\"UAE Team Emirates &#8211; XRG, Tadej Poga\u010dar lascer\u00e0 oggi l&#8217;ospedale di Barcellona dopo l&#8217;operazione alla spalla\"}]},{\"@type\":\"WebSite\",\"@id\":\"https:\\\/\\\/cyclingpro.net\\\/spaziociclismo\\\/#website\",\"url\":\"https:\\\/\\\/cyclingpro.net\\\/spaziociclismo\\\/\",\"name\":\"SpazioCiclismo\",\"description\":\"Tutto il ciclismo minuto per minuto\",\"publisher\":{\"@id\":\"https:\\\/\\\/cyclingpro.net\\\/spaziociclismo\\\/#organization\"},\"potentialAction\":[{\"@type\":\"SearchAction\",\"target\":{\"@type\":\"EntryPoint\",\"urlTemplate\":\"https:\\\/\\\/cyclingpro.net\\\/spaziociclismo\\\/?s={search_term_string}\"},\"query-input\":{\"@type\":\"PropertyValueSpecification\",\"valueRequired\":true,\"valueName\":\"search_term_string\"}}],\"inLanguage\":\"it-IT\"},{\"@type\":\"Organization\",\"@id\":\"https:\\\/\\\/cyclingpro.net\\\/spaziociclismo\\\/#organization\",\"name\":\"SpazioCiclismo\",\"url\":\"https:\\\/\\\/cyclingpro.net\\\/spaziociclismo\\\/\",\"logo\":{\"@type\":\"ImageObject\",\"inLanguage\":\"it-IT\",\"@id\":\"https:\\\/\\\/cyclingpro.net\\\/spaziociclismo\\\/#\\\/schema\\\/logo\\\/image\\\/\",\"url\":\"https:\\\/\\\/cyclingpro.net\\\/spaziociclismo\\\/wp-content\\\/uploads\\\/2017\\\/02\\\/SpazioCiclismo-Logo-Quadrato.png\",\"contentUrl\":\"https:\\\/\\\/cyclingpro.net\\\/spaziociclismo\\\/wp-content\\\/uploads\\\/2017\\\/02\\\/SpazioCiclismo-Logo-Quadrato.png\",\"width\":450,\"height\":450,\"caption\":\"SpazioCiclismo\"},\"image\":{\"@id\":\"https:\\\/\\\/cyclingpro.net\\\/spaziociclismo\\\/#\\\/schema\\\/logo\\\/image\\\/\"},\"sameAs\":[\"https:\\\/\\\/www.facebook.com\\\/SpazioCiclismo\\\/\",\"https:\\\/\\\/x.com\\\/spaziociclismo\",\"https:\\\/\\\/www.instagram.com\\\/spaziociclismo\\\/\"]},{\"@type\":\"Person\",\"@id\":\"https:\\\/\\\/cyclingpro.net\\\/spaziociclismo\\\/#\\\/schema\\\/person\\\/7e1a937a7dba4e684209b697ab87796a\",\"name\":\"Davide Terraneo\",\"image\":{\"@type\":\"ImageObject\",\"inLanguage\":\"it-IT\",\"@id\":\"https:\\\/\\\/secure.gravatar.com\\\/avatar\\\/ff8491b63094864b9d94b44d6465d0050c0872ad4112e51a3cee77d0500a47c5?s=96&d=mm&r=g\",\"url\":\"https:\\\/\\\/secure.gravatar.com\\\/avatar\\\/ff8491b63094864b9d94b44d6465d0050c0872ad4112e51a3cee77d0500a47c5?s=96&d=mm&r=g\",\"contentUrl\":\"https:\\\/\\\/secure.gravatar.com\\\/avatar\\\/ff8491b63094864b9d94b44d6465d0050c0872ad4112e51a3cee77d0500a47c5?s=96&d=mm&r=g\",\"caption\":\"Davide Terraneo\"},\"url\":\"https:\\\/\\\/cyclingpro.net\\\/spaziociclismo\\\/author\\\/dterraneo\\\/\"}]}<\/script>\n<!-- \/ Yoast SEO plugin. -->","yoast_head_json":{"title":"UAE Team Emirates - XRG, Tadej Poga\u010dar lascer\u00e0 oggi l'ospedale di Barcellona dopo l'operazione alla spalla - SpazioCiclismo","robots":{"index":"index","follow":"follow","max-snippet":"max-snippet:-1","max-image-preview":"max-image-preview:large","max-video-preview":"max-video-preview:-1"},"canonical":"https:\/\/cyclingpro.net\/spaziociclismo\/worldtour\/uae-team-emirates-xrg-tadej-pogacar-lascera-oggi-lospedale-di-barcellona-dopo-loperazione-alla-spalla\/","og_locale":"it_IT","og_type":"article","og_title":"UAE Team Emirates - XRG, Tadej Poga\u010dar lascer\u00e0 oggi l'ospedale di Barcellona dopo l'operazione alla spalla - SpazioCiclismo","og_description":"Tadej #Pogacar torner\u00e0 a casa in Slovenia due giorni dopo l'operazione alla clavicola sinistra nell'ospedale di Barcellona #LaVuelta26","og_url":"https:\/\/cyclingpro.net\/spaziociclismo\/worldtour\/uae-team-emirates-xrg-tadej-pogacar-lascera-oggi-lospedale-di-barcellona-dopo-loperazione-alla-spalla\/","og_site_name":"SpazioCiclismo","article_publisher":"https:\/\/www.facebook.com\/SpazioCiclismo\/","article_published_time":"2026-09-02T14:12:48+00:00","og_image":[{"width":1200,"height":800,"url":"https:\/\/cyclingpro.net\/spaziociclismo\/wp-content\/uploads\/2026\/08\/1287254613.jpg","type":"image\/jpeg"}],"author":"Davide Terraneo","twitter_card":"summary_large_image","twitter_creator":"@spaziociclismo","twitter_site":"@spaziociclismo","twitter_misc":{"Scritto da":"Davide Terraneo","Tempo di lettura stimato":"2 minuti"},"schema":{"@context":"https:\/\/schema.org","@graph":[{"@type":"Article","@id":"https:\/\/cyclingpro.net\/spaziociclismo\/worldtour\/uae-team-emirates-xrg-tadej-pogacar-lascera-oggi-lospedale-di-barcellona-dopo-loperazione-alla-spalla\/#article","isPartOf":{"@id":"https:\/\/cyclingpro.net\/spaziociclismo\/worldtour\/uae-team-emirates-xrg-tadej-pogacar-lascera-oggi-lospedale-di-barcellona-dopo-loperazione-alla-spalla\/"},"author":{"name":"Davide Terraneo","@id":"https:\/\/cyclingpro.net\/spaziociclismo\/#\/schema\/person\/7e1a937a7dba4e684209b697ab87796a"},"headline":"UAE Team Emirates &#8211; XRG, Tadej Poga\u010dar lascer\u00e0 oggi l&#8217;ospedale di Barcellona dopo l&#8217;operazione alla spalla","datePublished":"2026-09-02T14:12:48+00:00","mainEntityOfPage":{"@id":"https:\/\/cyclingpro.net\/spaziociclismo\/worldtour\/uae-team-emirates-xrg-tadej-pogacar-lascera-oggi-lospedale-di-barcellona-dopo-loperazione-alla-spalla\/"},"wordCount":334,"commentCount":0,"publisher":{"@id":"https:\/\/cyclingpro.net\/spaziociclismo\/#organization"},"image":{"@id":"https:\/\/cyclingpro.net\/spaziociclismo\/worldtour\/uae-team-emirates-xrg-tadej-pogacar-lascera-oggi-lospedale-di-barcellona-dopo-loperazione-alla-spalla\/#primaryimage"},"thumbnailUrl":"https:\/\/cyclingpro.net\/spaziociclismo\/wp-content\/uploads\/2026\/08\/1287254613.jpg","keywords":["Tadej Poga\u010dar"],"articleSection":["WorldTour"],"inLanguage":"it-IT","potentialAction":[{"@type":"CommentAction","name":"Comment","target":["https:\/\/cyclingpro.net\/spaziociclismo\/worldtour\/uae-team-emirates-xrg-tadej-pogacar-lascera-oggi-lospedale-di-barcellona-dopo-loperazione-alla-spalla\/#respond"]}]},{"@type":"WebPage","@id":"https:\/\/cyclingpro.net\/spaziociclismo\/worldtour\/uae-team-emirates-xrg-tadej-pogacar-lascera-oggi-lospedale-di-barcellona-dopo-loperazione-alla-spalla\/","url":"https:\/\/cyclingpro.net\/spaziociclismo\/worldtour\/uae-team-emirates-xrg-tadej-pogacar-lascera-oggi-lospedale-di-barcellona-dopo-loperazione-alla-spalla\/","name":"UAE Team Emirates - XRG, Tadej Poga\u010dar lascer\u00e0 oggi l'ospedale di Barcellona dopo l'operazione alla spalla - SpazioCiclismo","isPartOf":{"@id":"https:\/\/cyclingpro.net\/spaziociclismo\/#website"},"primaryImageOfPage":{"@id":"https:\/\/cyclingpro.net\/spaziociclismo\/worldtour\/uae-team-emirates-xrg-tadej-pogacar-lascera-oggi-lospedale-di-barcellona-dopo-loperazione-alla-spalla\/#primaryimage"},"image":{"@id":"https:\/\/cyclingpro.net\/spaziociclismo\/worldtour\/uae-team-emirates-xrg-tadej-pogacar-lascera-oggi-lospedale-di-barcellona-dopo-loperazione-alla-spalla\/#primaryimage"},"thumbnailUrl":"https:\/\/cyclingpro.net\/spaziociclismo\/wp-content\/uploads\/2026\/08\/1287254613.jpg","datePublished":"2026-09-02T14:12:48+00:00","breadcrumb":{"@id":"https:\/\/cyclingpro.net\/spaziociclismo\/worldtour\/uae-team-emirates-xrg-tadej-pogacar-lascera-oggi-lospedale-di-barcellona-dopo-loperazione-alla-spalla\/#breadcrumb"},"inLanguage":"it-IT","potentialAction":[{"@type":"ReadAction","target":["https:\/\/cyclingpro.net\/spaziociclismo\/worldtour\/uae-team-emirates-xrg-tadej-pogacar-lascera-oggi-lospedale-di-barcellona-dopo-loperazione-alla-spalla\/"]}]},{"@type":"ImageObject","inLanguage":"it-IT","@id":"https:\/\/cyclingpro.net\/spaziociclismo\/worldtour\/uae-team-emirates-xrg-tadej-pogacar-lascera-oggi-lospedale-di-barcellona-dopo-loperazione-alla-spalla\/#primaryimage","url":"https:\/\/cyclingpro.net\/spaziociclismo\/wp-content\/uploads\/2026\/08\/1287254613.jpg","contentUrl":"https:\/\/cyclingpro.net\/spaziociclismo\/wp-content\/uploads\/2026\/08\/1287254613.jpg","width":1200,"height":800,"caption":"\u00a9 Sirotti"},{"@type":"BreadcrumbList","@id":"https:\/\/cyclingpro.net\/spaziociclismo\/worldtour\/uae-team-emirates-xrg-tadej-pogacar-lascera-oggi-lospedale-di-barcellona-dopo-loperazione-alla-spalla\/#breadcrumb","itemListElement":[{"@type":"ListItem","position":1,"name":"Home","item":"https:\/\/cyclingpro.net\/spaziociclismo\/"},{"@type":"ListItem","position":2,"name":"UAE Team Emirates &#8211; XRG, Tadej Poga\u010dar lascer\u00e0 oggi l&#8217;ospedale di Barcellona dopo l&#8217;operazione alla spalla"}]},{"@type":"WebSite","@id":"https:\/\/cyclingpro.net\/spaziociclismo\/#website","url":"https:\/\/cyclingpro.net\/spaziociclismo\/","name":"SpazioCiclismo","description":"Tutto il ciclismo minuto per minuto","publisher":{"@id":"https:\/\/cyclingpro.net\/spaziociclismo\/#organization"},"potentialAction":[{"@type":"SearchAction","target":{"@type":"EntryPoint","urlTemplate":"https:\/\/cyclingpro.net\/spaziociclismo\/?s={search_term_string}"},"query-input":{"@type":"PropertyValueSpecification","valueRequired":true,"valueName":"search_term_string"}}],"inLanguage":"it-IT"},{"@type":"Organization","@id":"https:\/\/cyclingpro.net\/spaziociclismo\/#organization","name":"SpazioCiclismo","url":"https:\/\/cyclingpro.net\/spaziociclismo\/","logo":{"@type":"ImageObject","inLanguage":"it-IT","@id":"https:\/\/cyclingpro.net\/spaziociclismo\/#\/schema\/logo\/image\/","url":"https:\/\/cyclingpro.net\/spaziociclismo\/wp-content\/uploads\/2017\/02\/SpazioCiclismo-Logo-Quadrato.png","contentUrl":"https:\/\/cyclingpro.net\/spaziociclismo\/wp-content\/uploads\/2017\/02\/SpazioCiclismo-Logo-Quadrato.png","width":450,"height":450,"caption":"SpazioCiclismo"},"image":{"@id":"https:\/\/cyclingpro.net\/spaziociclismo\/#\/schema\/logo\/image\/"},"sameAs":["https:\/\/www.facebook.com\/SpazioCiclismo\/","https:\/\/x.com\/spaziociclismo","https:\/\/www.instagram.com\/spaziociclismo\/"]},{"@type":"Person","@id":"https:\/\/cyclingpro.net\/spaziociclismo\/#\/schema\/person\/7e1a937a7dba4e684209b697ab87796a","name":"Davide Terraneo","image":{"@type":"ImageObject","inLanguage":"it-IT","@id":"https:\/\/secure.gravatar.com\/avatar\/ff8491b63094864b9d94b44d6465d0050c0872ad4112e51a3cee77d0500a47c5?s=96&d=mm&r=g","url":"https:\/\/secure.gravatar.com\/avatar\/ff8491b63094864b9d94b44d6465d0050c0872ad4112e51a3cee77d0500a47c5?s=96&d=mm&r=g","contentUrl":"https:\/\/secure.gravatar.com\/avatar\/ff8491b63094864b9d94b44d6465d0050c0872ad4112e51a3cee77d0500a47c5?s=96&d=mm&r=g","caption":"Davide Terraneo"},"url":"https:\/\/cyclingpro.net\/spaziociclismo\/author\/dterraneo\/"}]}},"_links":{"self":[{"href":"https:\/\/cyclingpro.net\/spaziociclismo\/wp-json\/wp\/v2\/posts\/393326","targetHints":{"allow":["GET"]}}],"collection":[{"href":"https:\/\/cyclingpro.net\/spaziociclismo\/wp-json\/wp\/v2\/posts"}],"about":[{"href":"https:\/\/cyclingpro.net\/spaziociclismo\/wp-json\/wp\/v2\/types\/post"}],"author":[{"embeddable":true,"href":"https:\/\/cyclingpro.net\/spaziociclismo\/wp-json\/wp\/v2\/users\/15"}],"replies":[{"embeddable":true,"href":"https:\/\/cyclingpro.net\/spaziociclismo\/wp-json\/wp\/v2\/comments?post=393326"}],"version-history":[{"count":2,"href":"https:\/\/cyclingpro.net\/spaziociclismo\/wp-json\/wp\/v2\/posts\/393326\/revisions"}],"predecessor-version":[{"id":393335,"href":"https:\/\/cyclingpro.net\/spaziociclismo\/wp-json\/wp\/v2\/posts\/393326\/revisions\/393335"}],"wp:featuredmedia":[{"embeddable":true,"href":"https:\/\/cyclingpro.net\/spaziociclismo\/wp-json\/wp\/v2\/media\/391660"}],"wp:attachment":[{"href":"https:\/\/cyclingpro.net\/spaziociclismo\/wp-json\/wp\/v2\/media?parent=393326"}],"wp:term":[{"taxonomy":"category","embeddable":true,"href":"https:\/\/cyclingpro.net\/spaziociclismo\/wp-json\/wp\/v2\/categories?post=393326"},{"taxonomy":"post_tag","embeddable":true,"href":"https:\/\/cyclingpro.net\/spaziociclismo\/wp-json\/wp\/v2\/tags?post=393326"}],"curies":[{"name":"wp","href":"https:\/\/api.w.org\/{rel}","templated":true}]}}