{"id":393311,"date":"2026-09-02T15:28:38","date_gmt":"2026-09-02T13:28:38","guid":{"rendered":"https:\/\/cyclingpro.net\/spaziociclismo\/?p=393311"},"modified":"2026-09-02T15:28:38","modified_gmt":"2026-09-02T13:28:38","slug":"vuelta-a-espana-2026-alberto-dainese-oggi-tappa-interessante-con-vento-alle-spalle-sara-un-finale-caotico","status":"publish","type":"post","link":"https:\/\/cyclingpro.net\/spaziociclismo\/vuelta-2026\/vuelta-a-espana-2026-alberto-dainese-oggi-tappa-interessante-con-vento-alle-spalle-sara-un-finale-caotico\/","title":{"rendered":"Vuelta a Espa\u00f1a 2026, Alberto Dainese: &#8220;Oggi tappa interessante con vento alle spalle. Sar\u00e0 un finale caotico&#8221;"},"content":{"rendered":"<p><strong>Alberto Dainese\u00a0<\/strong>trova un&#8217;opportunit\u00e0 importante per mettersi in mostra nella <a href=\"https:\/\/cyclingpro.net\/spaziociclismo\/presentazione-corse\/vuelta-a-espana-2026-presentazione-percorso-e-favoriti-undicesima-tappa-cartagena-lorca-1538-km\/\" target=\"_blank\" rel=\"noopener\">tappa di oggi della <strong>Vuelta a Espa\u00f1a 2026<\/strong><\/a>. Il velocista della\u00a0<strong>Soudal Quick-Step\u00a0<\/strong>ha gi\u00e0 ottenuto un piazzamento in top ten in quest&#8217;edizione, chiudendo settimo nella volata di Roquetes. Terres de l&#8217;Ebre. In un&#8217;edizione con poche chance per le ruote veloci, la frazione odierna pu\u00f2 rappresentare una delle ultime giornate adatte alle sue caratteristiche, dato che l&#8217;arrivo di Lorca presenta gli ultimi 30 km in sostanziale discesa, dopo aver affrontato l&#8217;unico GPM di giornata, un terza categoria non particolarmente impegnativo. Per &#8220;Daino&#8221;, quindi, oggi pu\u00f2 essere il giorno giusto.<\/p>\n<p>Intervistato ai nostri microfoni alla partenza, il velocista italiano ha spiegato: &#8220;<strong>Oggi \u00e8 una tappa interessante, con anche del vento alle spalle che lo pu\u00f2 rendere anche pi\u00f9 veloce<\/strong>. Quella salita a 30 chilometri dall&#8217;arrivo la rende anche interessante, poi nel finale ci sono molte rotonde. L&#8217;ultima curva a 400 metri \u00e8 insidiosa e richiede di essere in posizione piuttosto presto. <strong>Spero che riusciremo ad essere in buona posizione, magari nei primi cinque, per poterci giocare un bel risultato<\/strong>&#8220;.<\/p>\n<p>&#8220;<strong>Penso che sar\u00e0 un finale caotico<\/strong> &#8211; ha poi proseguito <a href=\"https:\/\/cyclingpro.net\/spaziociclismo\/vuelta-2026\/vuelta-a-espana-2026-le-scelte-della-soudal-quick-step-mikel-landa-per-congedarsi-bene-alberto-dainese-gianmarco-garofoli-e-filippo-zana-per-lasciare-il-segno\/\" target=\"_blank\" rel=\"noopener\"><strong>Alberto Dainese <\/strong><\/a>&#8211; anche se alcuni si sono ritirati ci sono i loro compagni che vorranno provarci quindi avremo comunque molti treni. Non \u00e8 bello perdere corridori in corsa, ma purtroppo \u00e8 cos\u00ec in ogni grande giro. <strong>Le volate dopo la prima settimana son sempre pi\u00f9 complicate perch\u00e9 ci sono meno squadre che possono essere interessate<\/strong>, dando anche pi\u00f9 possibilit\u00e0 alle fughe&#8221;. Naturalmente, la sua\u00a0<strong>Soudal Quick-Step\u00a0<\/strong>potrebbe essere una delle formazioni interessate a provare a tenere chiusa la corsa, proprio per dargli una possibilit\u00e0 di giocarsi le sue carte allo sprint. Con un avversario forte come\u00a0<strong>Matthew Brennan\u00a0<\/strong>(Visma | Lease a Bike), tuttavia, non \u00e8 da escludere che anche la squadra belga prover\u00e0 a lanciarsi all&#8217;attacco.<\/p>\n","protected":false},"excerpt":{"rendered":"<p>L&#8217;italiano alla partenza della tappa di oggi de #LaVuelta26: &#8220;Le volate dopo la prima settimana son sempre pi\u00f9 complicate perch\u00e9 ci sono meno squadre che possono essere interessate&#8221;<\/p>\n","protected":false},"author":15,"featured_media":393314,"comment_status":"open","ping_status":"closed","sticky":false,"template":"","format":"standard","meta":{"footnotes":"","_members_access_role":[],"_members_access_error":""},"categories":[6589],"tags":[2185,6669,5752],"class_list":["post-393311","post","type-post","status-publish","format-standard","has-post-thumbnail","hentry","category-vuelta-2026","tag-alberto-dainese","tag-soudal-quick-step-2026","tag-vuelta-a-espana-2026"],"yoast_head":"<!-- This site is optimized with the Yoast SEO plugin v28.3 - https:\/\/yoast.com\/product\/yoast-seo-wordpress\/ -->\n<title>Vuelta a Espa\u00f1a 2026, Alberto Dainese: &quot;Oggi tappa interessante con vento alle spalle. Sar\u00e0 un finale caotico&quot; - SpazioCiclismo<\/title>\n<meta name=\"robots\" content=\"index, follow, max-snippet:-1, max-image-preview:large, max-video-preview:-1\" \/>\n<link rel=\"canonical\" href=\"https:\/\/cyclingpro.net\/spaziociclismo\/vuelta-2026\/vuelta-a-espana-2026-alberto-dainese-oggi-tappa-interessante-con-vento-alle-spalle-sara-un-finale-caotico\/\" \/>\n<meta property=\"og:locale\" content=\"it_IT\" \/>\n<meta property=\"og:type\" content=\"article\" \/>\n<meta property=\"og:title\" content=\"Vuelta a Espa\u00f1a 2026, Alberto Dainese: &quot;Oggi tappa interessante con vento alle spalle. Sar\u00e0 un finale caotico&quot; - SpazioCiclismo\" \/>\n<meta property=\"og:description\" content=\"L&#039;italiano alla partenza della tappa di oggi de #LaVuelta26: &quot;Le volate dopo la prima settimana son sempre pi\u00f9 complicate perch\u00e9 ci sono meno squadre che possono essere interessate&quot;\" \/>\n<meta property=\"og:url\" content=\"https:\/\/cyclingpro.net\/spaziociclismo\/vuelta-2026\/vuelta-a-espana-2026-alberto-dainese-oggi-tappa-interessante-con-vento-alle-spalle-sara-un-finale-caotico\/\" \/>\n<meta property=\"og:site_name\" content=\"SpazioCiclismo\" \/>\n<meta property=\"article:publisher\" content=\"https:\/\/www.facebook.com\/SpazioCiclismo\/\" \/>\n<meta property=\"article:published_time\" content=\"2026-09-02T13:28:38+00:00\" \/>\n<meta property=\"og:image\" content=\"https:\/\/cyclingpro.net\/spaziociclismo\/wp-content\/uploads\/2026\/09\/Alberto-Dainese-scaled.jpg\" \/>\n\t<meta property=\"og:image:width\" content=\"2560\" \/>\n\t<meta property=\"og:image:height\" content=\"1707\" \/>\n\t<meta property=\"og:image:type\" content=\"image\/jpeg\" \/>\n<meta name=\"author\" content=\"Davide Terraneo\" \/>\n<meta name=\"twitter:card\" content=\"summary_large_image\" \/>\n<meta name=\"twitter:creator\" content=\"@spaziociclismo\" \/>\n<meta name=\"twitter:site\" content=\"@spaziociclismo\" \/>\n<meta name=\"twitter:label1\" content=\"Scritto da\" \/>\n\t<meta name=\"twitter:data1\" content=\"Davide Terraneo\" \/>\n\t<meta name=\"twitter:label2\" content=\"Tempo di lettura stimato\" \/>\n\t<meta name=\"twitter:data2\" content=\"2 minuti\" \/>\n<script type=\"application\/ld+json\" class=\"yoast-schema-graph\">{\"@context\":\"https:\\\/\\\/schema.org\",\"@graph\":[{\"@type\":\"Article\",\"@id\":\"https:\\\/\\\/cyclingpro.net\\\/spaziociclismo\\\/vuelta-2026\\\/vuelta-a-espana-2026-alberto-dainese-oggi-tappa-interessante-con-vento-alle-spalle-sara-un-finale-caotico\\\/#article\",\"isPartOf\":{\"@id\":\"https:\\\/\\\/cyclingpro.net\\\/spaziociclismo\\\/vuelta-2026\\\/vuelta-a-espana-2026-alberto-dainese-oggi-tappa-interessante-con-vento-alle-spalle-sara-un-finale-caotico\\\/\"},\"author\":{\"name\":\"Davide Terraneo\",\"@id\":\"https:\\\/\\\/cyclingpro.net\\\/spaziociclismo\\\/#\\\/schema\\\/person\\\/7e1a937a7dba4e684209b697ab87796a\"},\"headline\":\"Vuelta a Espa\u00f1a 2026, Alberto Dainese: &#8220;Oggi tappa interessante con vento alle spalle. Sar\u00e0 un finale caotico&#8221;\",\"datePublished\":\"2026-09-02T13:28:38+00:00\",\"mainEntityOfPage\":{\"@id\":\"https:\\\/\\\/cyclingpro.net\\\/spaziociclismo\\\/vuelta-2026\\\/vuelta-a-espana-2026-alberto-dainese-oggi-tappa-interessante-con-vento-alle-spalle-sara-un-finale-caotico\\\/\"},\"wordCount\":323,\"commentCount\":0,\"publisher\":{\"@id\":\"https:\\\/\\\/cyclingpro.net\\\/spaziociclismo\\\/#organization\"},\"image\":{\"@id\":\"https:\\\/\\\/cyclingpro.net\\\/spaziociclismo\\\/vuelta-2026\\\/vuelta-a-espana-2026-alberto-dainese-oggi-tappa-interessante-con-vento-alle-spalle-sara-un-finale-caotico\\\/#primaryimage\"},\"thumbnailUrl\":\"https:\\\/\\\/cyclingpro.net\\\/spaziociclismo\\\/wp-content\\\/uploads\\\/2026\\\/09\\\/Alberto-Dainese-scaled.jpg\",\"keywords\":[\"Alberto Dainese\",\"Soudal Quick-Step 2026\",\"Vuelta a Espa\u00f1a 2026\"],\"articleSection\":[\"Vuelta 2026\"],\"inLanguage\":\"it-IT\",\"potentialAction\":[{\"@type\":\"CommentAction\",\"name\":\"Comment\",\"target\":[\"https:\\\/\\\/cyclingpro.net\\\/spaziociclismo\\\/vuelta-2026\\\/vuelta-a-espana-2026-alberto-dainese-oggi-tappa-interessante-con-vento-alle-spalle-sara-un-finale-caotico\\\/#respond\"]}]},{\"@type\":\"WebPage\",\"@id\":\"https:\\\/\\\/cyclingpro.net\\\/spaziociclismo\\\/vuelta-2026\\\/vuelta-a-espana-2026-alberto-dainese-oggi-tappa-interessante-con-vento-alle-spalle-sara-un-finale-caotico\\\/\",\"url\":\"https:\\\/\\\/cyclingpro.net\\\/spaziociclismo\\\/vuelta-2026\\\/vuelta-a-espana-2026-alberto-dainese-oggi-tappa-interessante-con-vento-alle-spalle-sara-un-finale-caotico\\\/\",\"name\":\"Vuelta a Espa\u00f1a 2026, Alberto Dainese: \\\"Oggi tappa interessante con vento alle spalle. Sar\u00e0 un finale caotico\\\" - SpazioCiclismo\",\"isPartOf\":{\"@id\":\"https:\\\/\\\/cyclingpro.net\\\/spaziociclismo\\\/#website\"},\"primaryImageOfPage\":{\"@id\":\"https:\\\/\\\/cyclingpro.net\\\/spaziociclismo\\\/vuelta-2026\\\/vuelta-a-espana-2026-alberto-dainese-oggi-tappa-interessante-con-vento-alle-spalle-sara-un-finale-caotico\\\/#primaryimage\"},\"image\":{\"@id\":\"https:\\\/\\\/cyclingpro.net\\\/spaziociclismo\\\/vuelta-2026\\\/vuelta-a-espana-2026-alberto-dainese-oggi-tappa-interessante-con-vento-alle-spalle-sara-un-finale-caotico\\\/#primaryimage\"},\"thumbnailUrl\":\"https:\\\/\\\/cyclingpro.net\\\/spaziociclismo\\\/wp-content\\\/uploads\\\/2026\\\/09\\\/Alberto-Dainese-scaled.jpg\",\"datePublished\":\"2026-09-02T13:28:38+00:00\",\"breadcrumb\":{\"@id\":\"https:\\\/\\\/cyclingpro.net\\\/spaziociclismo\\\/vuelta-2026\\\/vuelta-a-espana-2026-alberto-dainese-oggi-tappa-interessante-con-vento-alle-spalle-sara-un-finale-caotico\\\/#breadcrumb\"},\"inLanguage\":\"it-IT\",\"potentialAction\":[{\"@type\":\"ReadAction\",\"target\":[\"https:\\\/\\\/cyclingpro.net\\\/spaziociclismo\\\/vuelta-2026\\\/vuelta-a-espana-2026-alberto-dainese-oggi-tappa-interessante-con-vento-alle-spalle-sara-un-finale-caotico\\\/\"]}]},{\"@type\":\"ImageObject\",\"inLanguage\":\"it-IT\",\"@id\":\"https:\\\/\\\/cyclingpro.net\\\/spaziociclismo\\\/vuelta-2026\\\/vuelta-a-espana-2026-alberto-dainese-oggi-tappa-interessante-con-vento-alle-spalle-sara-un-finale-caotico\\\/#primaryimage\",\"url\":\"https:\\\/\\\/cyclingpro.net\\\/spaziociclismo\\\/wp-content\\\/uploads\\\/2026\\\/09\\\/Alberto-Dainese-scaled.jpg\",\"contentUrl\":\"https:\\\/\\\/cyclingpro.net\\\/spaziociclismo\\\/wp-content\\\/uploads\\\/2026\\\/09\\\/Alberto-Dainese-scaled.jpg\",\"width\":2560,\"height\":1707,\"caption\":\"\u00a9 Sirotti\"},{\"@type\":\"BreadcrumbList\",\"@id\":\"https:\\\/\\\/cyclingpro.net\\\/spaziociclismo\\\/vuelta-2026\\\/vuelta-a-espana-2026-alberto-dainese-oggi-tappa-interessante-con-vento-alle-spalle-sara-un-finale-caotico\\\/#breadcrumb\",\"itemListElement\":[{\"@type\":\"ListItem\",\"position\":1,\"name\":\"Home\",\"item\":\"https:\\\/\\\/cyclingpro.net\\\/spaziociclismo\\\/\"},{\"@type\":\"ListItem\",\"position\":2,\"name\":\"Vuelta a Espa\u00f1a 2026, Alberto Dainese: &#8220;Oggi tappa interessante con vento alle spalle. Sar\u00e0 un finale caotico&#8221;\"}]},{\"@type\":\"WebSite\",\"@id\":\"https:\\\/\\\/cyclingpro.net\\\/spaziociclismo\\\/#website\",\"url\":\"https:\\\/\\\/cyclingpro.net\\\/spaziociclismo\\\/\",\"name\":\"SpazioCiclismo\",\"description\":\"Tutto il ciclismo minuto per minuto\",\"publisher\":{\"@id\":\"https:\\\/\\\/cyclingpro.net\\\/spaziociclismo\\\/#organization\"},\"potentialAction\":[{\"@type\":\"SearchAction\",\"target\":{\"@type\":\"EntryPoint\",\"urlTemplate\":\"https:\\\/\\\/cyclingpro.net\\\/spaziociclismo\\\/?s={search_term_string}\"},\"query-input\":{\"@type\":\"PropertyValueSpecification\",\"valueRequired\":true,\"valueName\":\"search_term_string\"}}],\"inLanguage\":\"it-IT\"},{\"@type\":\"Organization\",\"@id\":\"https:\\\/\\\/cyclingpro.net\\\/spaziociclismo\\\/#organization\",\"name\":\"SpazioCiclismo\",\"url\":\"https:\\\/\\\/cyclingpro.net\\\/spaziociclismo\\\/\",\"logo\":{\"@type\":\"ImageObject\",\"inLanguage\":\"it-IT\",\"@id\":\"https:\\\/\\\/cyclingpro.net\\\/spaziociclismo\\\/#\\\/schema\\\/logo\\\/image\\\/\",\"url\":\"https:\\\/\\\/cyclingpro.net\\\/spaziociclismo\\\/wp-content\\\/uploads\\\/2017\\\/02\\\/SpazioCiclismo-Logo-Quadrato.png\",\"contentUrl\":\"https:\\\/\\\/cyclingpro.net\\\/spaziociclismo\\\/wp-content\\\/uploads\\\/2017\\\/02\\\/SpazioCiclismo-Logo-Quadrato.png\",\"width\":450,\"height\":450,\"caption\":\"SpazioCiclismo\"},\"image\":{\"@id\":\"https:\\\/\\\/cyclingpro.net\\\/spaziociclismo\\\/#\\\/schema\\\/logo\\\/image\\\/\"},\"sameAs\":[\"https:\\\/\\\/www.facebook.com\\\/SpazioCiclismo\\\/\",\"https:\\\/\\\/x.com\\\/spaziociclismo\",\"https:\\\/\\\/www.instagram.com\\\/spaziociclismo\\\/\"]},{\"@type\":\"Person\",\"@id\":\"https:\\\/\\\/cyclingpro.net\\\/spaziociclismo\\\/#\\\/schema\\\/person\\\/7e1a937a7dba4e684209b697ab87796a\",\"name\":\"Davide Terraneo\",\"image\":{\"@type\":\"ImageObject\",\"inLanguage\":\"it-IT\",\"@id\":\"https:\\\/\\\/secure.gravatar.com\\\/avatar\\\/ff8491b63094864b9d94b44d6465d0050c0872ad4112e51a3cee77d0500a47c5?s=96&d=mm&r=g\",\"url\":\"https:\\\/\\\/secure.gravatar.com\\\/avatar\\\/ff8491b63094864b9d94b44d6465d0050c0872ad4112e51a3cee77d0500a47c5?s=96&d=mm&r=g\",\"contentUrl\":\"https:\\\/\\\/secure.gravatar.com\\\/avatar\\\/ff8491b63094864b9d94b44d6465d0050c0872ad4112e51a3cee77d0500a47c5?s=96&d=mm&r=g\",\"caption\":\"Davide Terraneo\"},\"url\":\"https:\\\/\\\/cyclingpro.net\\\/spaziociclismo\\\/author\\\/dterraneo\\\/\"}]}<\/script>\n<!-- \/ Yoast SEO plugin. -->","yoast_head_json":{"title":"Vuelta a Espa\u00f1a 2026, Alberto Dainese: \"Oggi tappa interessante con vento alle spalle. Sar\u00e0 un finale caotico\" - SpazioCiclismo","robots":{"index":"index","follow":"follow","max-snippet":"max-snippet:-1","max-image-preview":"max-image-preview:large","max-video-preview":"max-video-preview:-1"},"canonical":"https:\/\/cyclingpro.net\/spaziociclismo\/vuelta-2026\/vuelta-a-espana-2026-alberto-dainese-oggi-tappa-interessante-con-vento-alle-spalle-sara-un-finale-caotico\/","og_locale":"it_IT","og_type":"article","og_title":"Vuelta a Espa\u00f1a 2026, Alberto Dainese: \"Oggi tappa interessante con vento alle spalle. Sar\u00e0 un finale caotico\" - SpazioCiclismo","og_description":"L'italiano alla partenza della tappa di oggi de #LaVuelta26: \"Le volate dopo la prima settimana son sempre pi\u00f9 complicate perch\u00e9 ci sono meno squadre che possono essere interessate\"","og_url":"https:\/\/cyclingpro.net\/spaziociclismo\/vuelta-2026\/vuelta-a-espana-2026-alberto-dainese-oggi-tappa-interessante-con-vento-alle-spalle-sara-un-finale-caotico\/","og_site_name":"SpazioCiclismo","article_publisher":"https:\/\/www.facebook.com\/SpazioCiclismo\/","article_published_time":"2026-09-02T13:28:38+00:00","og_image":[{"width":2560,"height":1707,"url":"https:\/\/cyclingpro.net\/spaziociclismo\/wp-content\/uploads\/2026\/09\/Alberto-Dainese-scaled.jpg","type":"image\/jpeg"}],"author":"Davide Terraneo","twitter_card":"summary_large_image","twitter_creator":"@spaziociclismo","twitter_site":"@spaziociclismo","twitter_misc":{"Scritto da":"Davide Terraneo","Tempo di lettura stimato":"2 minuti"},"schema":{"@context":"https:\/\/schema.org","@graph":[{"@type":"Article","@id":"https:\/\/cyclingpro.net\/spaziociclismo\/vuelta-2026\/vuelta-a-espana-2026-alberto-dainese-oggi-tappa-interessante-con-vento-alle-spalle-sara-un-finale-caotico\/#article","isPartOf":{"@id":"https:\/\/cyclingpro.net\/spaziociclismo\/vuelta-2026\/vuelta-a-espana-2026-alberto-dainese-oggi-tappa-interessante-con-vento-alle-spalle-sara-un-finale-caotico\/"},"author":{"name":"Davide Terraneo","@id":"https:\/\/cyclingpro.net\/spaziociclismo\/#\/schema\/person\/7e1a937a7dba4e684209b697ab87796a"},"headline":"Vuelta a Espa\u00f1a 2026, Alberto Dainese: &#8220;Oggi tappa interessante con vento alle spalle. Sar\u00e0 un finale caotico&#8221;","datePublished":"2026-09-02T13:28:38+00:00","mainEntityOfPage":{"@id":"https:\/\/cyclingpro.net\/spaziociclismo\/vuelta-2026\/vuelta-a-espana-2026-alberto-dainese-oggi-tappa-interessante-con-vento-alle-spalle-sara-un-finale-caotico\/"},"wordCount":323,"commentCount":0,"publisher":{"@id":"https:\/\/cyclingpro.net\/spaziociclismo\/#organization"},"image":{"@id":"https:\/\/cyclingpro.net\/spaziociclismo\/vuelta-2026\/vuelta-a-espana-2026-alberto-dainese-oggi-tappa-interessante-con-vento-alle-spalle-sara-un-finale-caotico\/#primaryimage"},"thumbnailUrl":"https:\/\/cyclingpro.net\/spaziociclismo\/wp-content\/uploads\/2026\/09\/Alberto-Dainese-scaled.jpg","keywords":["Alberto Dainese","Soudal Quick-Step 2026","Vuelta a Espa\u00f1a 2026"],"articleSection":["Vuelta 2026"],"inLanguage":"it-IT","potentialAction":[{"@type":"CommentAction","name":"Comment","target":["https:\/\/cyclingpro.net\/spaziociclismo\/vuelta-2026\/vuelta-a-espana-2026-alberto-dainese-oggi-tappa-interessante-con-vento-alle-spalle-sara-un-finale-caotico\/#respond"]}]},{"@type":"WebPage","@id":"https:\/\/cyclingpro.net\/spaziociclismo\/vuelta-2026\/vuelta-a-espana-2026-alberto-dainese-oggi-tappa-interessante-con-vento-alle-spalle-sara-un-finale-caotico\/","url":"https:\/\/cyclingpro.net\/spaziociclismo\/vuelta-2026\/vuelta-a-espana-2026-alberto-dainese-oggi-tappa-interessante-con-vento-alle-spalle-sara-un-finale-caotico\/","name":"Vuelta a Espa\u00f1a 2026, Alberto Dainese: \"Oggi tappa interessante con vento alle spalle. Sar\u00e0 un finale caotico\" - SpazioCiclismo","isPartOf":{"@id":"https:\/\/cyclingpro.net\/spaziociclismo\/#website"},"primaryImageOfPage":{"@id":"https:\/\/cyclingpro.net\/spaziociclismo\/vuelta-2026\/vuelta-a-espana-2026-alberto-dainese-oggi-tappa-interessante-con-vento-alle-spalle-sara-un-finale-caotico\/#primaryimage"},"image":{"@id":"https:\/\/cyclingpro.net\/spaziociclismo\/vuelta-2026\/vuelta-a-espana-2026-alberto-dainese-oggi-tappa-interessante-con-vento-alle-spalle-sara-un-finale-caotico\/#primaryimage"},"thumbnailUrl":"https:\/\/cyclingpro.net\/spaziociclismo\/wp-content\/uploads\/2026\/09\/Alberto-Dainese-scaled.jpg","datePublished":"2026-09-02T13:28:38+00:00","breadcrumb":{"@id":"https:\/\/cyclingpro.net\/spaziociclismo\/vuelta-2026\/vuelta-a-espana-2026-alberto-dainese-oggi-tappa-interessante-con-vento-alle-spalle-sara-un-finale-caotico\/#breadcrumb"},"inLanguage":"it-IT","potentialAction":[{"@type":"ReadAction","target":["https:\/\/cyclingpro.net\/spaziociclismo\/vuelta-2026\/vuelta-a-espana-2026-alberto-dainese-oggi-tappa-interessante-con-vento-alle-spalle-sara-un-finale-caotico\/"]}]},{"@type":"ImageObject","inLanguage":"it-IT","@id":"https:\/\/cyclingpro.net\/spaziociclismo\/vuelta-2026\/vuelta-a-espana-2026-alberto-dainese-oggi-tappa-interessante-con-vento-alle-spalle-sara-un-finale-caotico\/#primaryimage","url":"https:\/\/cyclingpro.net\/spaziociclismo\/wp-content\/uploads\/2026\/09\/Alberto-Dainese-scaled.jpg","contentUrl":"https:\/\/cyclingpro.net\/spaziociclismo\/wp-content\/uploads\/2026\/09\/Alberto-Dainese-scaled.jpg","width":2560,"height":1707,"caption":"\u00a9 Sirotti"},{"@type":"BreadcrumbList","@id":"https:\/\/cyclingpro.net\/spaziociclismo\/vuelta-2026\/vuelta-a-espana-2026-alberto-dainese-oggi-tappa-interessante-con-vento-alle-spalle-sara-un-finale-caotico\/#breadcrumb","itemListElement":[{"@type":"ListItem","position":1,"name":"Home","item":"https:\/\/cyclingpro.net\/spaziociclismo\/"},{"@type":"ListItem","position":2,"name":"Vuelta a Espa\u00f1a 2026, Alberto Dainese: &#8220;Oggi tappa interessante con vento alle spalle. Sar\u00e0 un finale caotico&#8221;"}]},{"@type":"WebSite","@id":"https:\/\/cyclingpro.net\/spaziociclismo\/#website","url":"https:\/\/cyclingpro.net\/spaziociclismo\/","name":"SpazioCiclismo","description":"Tutto il ciclismo minuto per minuto","publisher":{"@id":"https:\/\/cyclingpro.net\/spaziociclismo\/#organization"},"potentialAction":[{"@type":"SearchAction","target":{"@type":"EntryPoint","urlTemplate":"https:\/\/cyclingpro.net\/spaziociclismo\/?s={search_term_string}"},"query-input":{"@type":"PropertyValueSpecification","valueRequired":true,"valueName":"search_term_string"}}],"inLanguage":"it-IT"},{"@type":"Organization","@id":"https:\/\/cyclingpro.net\/spaziociclismo\/#organization","name":"SpazioCiclismo","url":"https:\/\/cyclingpro.net\/spaziociclismo\/","logo":{"@type":"ImageObject","inLanguage":"it-IT","@id":"https:\/\/cyclingpro.net\/spaziociclismo\/#\/schema\/logo\/image\/","url":"https:\/\/cyclingpro.net\/spaziociclismo\/wp-content\/uploads\/2017\/02\/SpazioCiclismo-Logo-Quadrato.png","contentUrl":"https:\/\/cyclingpro.net\/spaziociclismo\/wp-content\/uploads\/2017\/02\/SpazioCiclismo-Logo-Quadrato.png","width":450,"height":450,"caption":"SpazioCiclismo"},"image":{"@id":"https:\/\/cyclingpro.net\/spaziociclismo\/#\/schema\/logo\/image\/"},"sameAs":["https:\/\/www.facebook.com\/SpazioCiclismo\/","https:\/\/x.com\/spaziociclismo","https:\/\/www.instagram.com\/spaziociclismo\/"]},{"@type":"Person","@id":"https:\/\/cyclingpro.net\/spaziociclismo\/#\/schema\/person\/7e1a937a7dba4e684209b697ab87796a","name":"Davide Terraneo","image":{"@type":"ImageObject","inLanguage":"it-IT","@id":"https:\/\/secure.gravatar.com\/avatar\/ff8491b63094864b9d94b44d6465d0050c0872ad4112e51a3cee77d0500a47c5?s=96&d=mm&r=g","url":"https:\/\/secure.gravatar.com\/avatar\/ff8491b63094864b9d94b44d6465d0050c0872ad4112e51a3cee77d0500a47c5?s=96&d=mm&r=g","contentUrl":"https:\/\/secure.gravatar.com\/avatar\/ff8491b63094864b9d94b44d6465d0050c0872ad4112e51a3cee77d0500a47c5?s=96&d=mm&r=g","caption":"Davide Terraneo"},"url":"https:\/\/cyclingpro.net\/spaziociclismo\/author\/dterraneo\/"}]}},"_links":{"self":[{"href":"https:\/\/cyclingpro.net\/spaziociclismo\/wp-json\/wp\/v2\/posts\/393311","targetHints":{"allow":["GET"]}}],"collection":[{"href":"https:\/\/cyclingpro.net\/spaziociclismo\/wp-json\/wp\/v2\/posts"}],"about":[{"href":"https:\/\/cyclingpro.net\/spaziociclismo\/wp-json\/wp\/v2\/types\/post"}],"author":[{"embeddable":true,"href":"https:\/\/cyclingpro.net\/spaziociclismo\/wp-json\/wp\/v2\/users\/15"}],"replies":[{"embeddable":true,"href":"https:\/\/cyclingpro.net\/spaziociclismo\/wp-json\/wp\/v2\/comments?post=393311"}],"version-history":[{"count":2,"href":"https:\/\/cyclingpro.net\/spaziociclismo\/wp-json\/wp\/v2\/posts\/393311\/revisions"}],"predecessor-version":[{"id":393315,"href":"https:\/\/cyclingpro.net\/spaziociclismo\/wp-json\/wp\/v2\/posts\/393311\/revisions\/393315"}],"wp:featuredmedia":[{"embeddable":true,"href":"https:\/\/cyclingpro.net\/spaziociclismo\/wp-json\/wp\/v2\/media\/393314"}],"wp:attachment":[{"href":"https:\/\/cyclingpro.net\/spaziociclismo\/wp-json\/wp\/v2\/media?parent=393311"}],"wp:term":[{"taxonomy":"category","embeddable":true,"href":"https:\/\/cyclingpro.net\/spaziociclismo\/wp-json\/wp\/v2\/categories?post=393311"},{"taxonomy":"post_tag","embeddable":true,"href":"https:\/\/cyclingpro.net\/spaziociclismo\/wp-json\/wp\/v2\/tags?post=393311"}],"curies":[{"name":"wp","href":"https:\/\/api.w.org\/{rel}","templated":true}]}}