{"id":393300,"date":"2026-09-02T13:55:21","date_gmt":"2026-09-02T11:55:21","guid":{"rendered":"https:\/\/cyclingpro.net\/spaziociclismo\/?p=393300"},"modified":"2026-09-02T14:01:16","modified_gmt":"2026-09-02T12:01:16","slug":"zlm-tour-2026-orario-e-ordine-di-partenza-della-cronometro","status":"publish","type":"post","link":"https:\/\/cyclingpro.net\/spaziociclismo\/continental\/zlm-tour-2026-orario-e-ordine-di-partenza-della-cronometro\/","title":{"rendered":"ZLM Tour 2026, orario e ordine di partenza della cronometro"},"content":{"rendered":"<p>Lo <strong>ZLM Tour 2026<\/strong> prende il via con una cronometro individuale. Tornata a disputarsi a pi\u00f9 di due anni dall&#8217;ultima volta, la corsa neerlandese si apre nel tardo pomeriggio di <strong>mercoled\u00ec 2 settembre<\/strong> con una prova contro il tempo di 21,1 chilometri che si svolger\u00e0 sulle strade di <strong>Kapelle<\/strong> e che, molto probabilmente, svolger\u00e0 gi\u00e0 un ruolo decisivo in chiave successo finale. Primo corridore a scendere dalla pedana di partenza sar\u00e0 <strong>Carl Emil Pedersen<\/strong> (Hagens Berman Jayco), che scatter\u00e0 alle <strong>17:21<\/strong>, mentre l&#8217;ultimo sar\u00e0 <strong>Michiel Mouris<\/strong> (Red Bull-Bora-hansgrohe), al via alle <strong>19:12<\/strong>, con le partenze di ciascun partecipante che avverranno ogni 60 secondi.<\/p>\n<h2>Orario e Ordine di partenza Cronometro ZLM Tour 2026<\/h2>\n<table style=\"width: 100%;\" width=\"100%\">\n<tbody>\n<tr>\n<td style=\"width: 7.15746%;\" width=\"77\"><strong>#<\/strong><\/td>\n<td style=\"width: 11.3497%;\" width=\"78\"><strong>DORSALE<\/strong><\/td>\n<td style=\"width: 26.3804%;\" width=\"198\"><strong>CORRIDORE<\/strong><\/td>\n<td style=\"width: 31.6973%;\" width=\"225\"><strong>SQUADRA<\/strong><\/td>\n<td style=\"width: 11.5543%;\" width=\"122\"><strong>NAZ<\/strong><\/td>\n<td style=\"width: 11.5542%;\" width=\"93\"><strong>ORARIO<\/strong><\/td>\n<\/tr>\n<tr>\n<td style=\"width: 7.15746%;\">1<\/td>\n<td style=\"width: 11.3497%;\">103<\/td>\n<td style=\"width: 26.3804%;\">Carl Emil PEDERSEN<\/td>\n<td style=\"width: 31.6973%;\">HAGENS BERMAN JAYCO<\/td>\n<td style=\"width: 11.5543%;\">DEN<\/td>\n<td style=\"width: 11.5542%;\">17:21:00<\/td>\n<\/tr>\n<tr>\n<td style=\"width: 7.15746%;\">2<\/td>\n<td style=\"width: 11.3497%;\">141<\/td>\n<td style=\"width: 26.3804%;\">Mathis AVONDTS<\/td>\n<td style=\"width: 31.6973%;\">AZERION \/ VILLA VALKENBURG<\/td>\n<td style=\"width: 11.5543%;\">BEL<\/td>\n<td style=\"width: 11.5542%;\">17:22:00<\/td>\n<\/tr>\n<tr>\n<td style=\"width: 7.15746%;\">3<\/td>\n<td style=\"width: 11.3497%;\">151<\/td>\n<td style=\"width: 26.3804%;\">Kasper ANDERSEN<\/td>\n<td style=\"width: 31.6973%;\">SWATT CLUB<\/td>\n<td style=\"width: 11.5543%;\">DEN<\/td>\n<td style=\"width: 11.5542%;\">17:23:00<\/td>\n<\/tr>\n<tr>\n<td style=\"width: 7.15746%;\">4<\/td>\n<td style=\"width: 11.3497%;\">111<\/td>\n<td style=\"width: 26.3804%;\">Karst HAYMA<\/td>\n<td style=\"width: 31.6973%;\">METEC &#8211; SOLARWATT P\/B MANTEL<\/td>\n<td style=\"width: 11.5543%;\">NED<\/td>\n<td style=\"width: 11.5542%;\">17:24:00<\/td>\n<\/tr>\n<tr>\n<td style=\"width: 7.15746%;\">5<\/td>\n<td style=\"width: 11.3497%;\">121<\/td>\n<td style=\"width: 26.3804%;\">Yoeri HAVIK<\/td>\n<td style=\"width: 31.6973%;\">EEW-VDK CYCLINGTEAM<\/td>\n<td style=\"width: 11.5543%;\">NED<\/td>\n<td style=\"width: 11.5542%;\">17:25:00<\/td>\n<\/tr>\n<tr>\n<td style=\"width: 7.15746%;\">6<\/td>\n<td style=\"width: 11.3497%;\">134<\/td>\n<td style=\"width: 26.3804%;\">Tijmen EISING<\/td>\n<td style=\"width: 31.6973%;\">BEAT CC P\/B SAXO<\/td>\n<td style=\"width: 11.5543%;\">NED<\/td>\n<td style=\"width: 11.5542%;\">17:26:00<\/td>\n<\/tr>\n<tr>\n<td style=\"width: 7.15746%;\">7<\/td>\n<td style=\"width: 11.3497%;\">73<\/td>\n<td style=\"width: 26.3804%;\">Artuur TORNEY<\/td>\n<td style=\"width: 31.6973%;\">TEAM FLANDERS &#8211; BALOISE<\/td>\n<td style=\"width: 11.5543%;\">BEL<\/td>\n<td style=\"width: 11.5542%;\">17:27:00<\/td>\n<\/tr>\n<tr>\n<td style=\"width: 7.15746%;\">8<\/td>\n<td style=\"width: 11.3497%;\">81<\/td>\n<td style=\"width: 26.3804%;\">Unai AZNAR VIJUESCA<\/td>\n<td style=\"width: 31.6973%;\">EUSKALTEL-EUSKADI<\/td>\n<td style=\"width: 11.5543%;\">ESP<\/td>\n<td style=\"width: 11.5542%;\">17:28:00<\/td>\n<\/tr>\n<tr>\n<td style=\"width: 7.15746%;\">9<\/td>\n<td style=\"width: 11.3497%;\">61<\/td>\n<td style=\"width: 26.3804%;\">Anthony TURGIS<\/td>\n<td style=\"width: 31.6973%;\">TOTALENERGIES<\/td>\n<td style=\"width: 11.5543%;\">FRA<\/td>\n<td style=\"width: 11.5542%;\">17:30:00<\/td>\n<\/tr>\n<tr>\n<td style=\"width: 7.15746%;\">10<\/td>\n<td style=\"width: 11.3497%;\">93<\/td>\n<td style=\"width: 26.3804%;\">Owen GELEIJN<\/td>\n<td style=\"width: 31.6973%;\">UNIBET ROSE ROCKETS<\/td>\n<td style=\"width: 11.5543%;\">NED<\/td>\n<td style=\"width: 11.5542%;\">17:31:00<\/td>\n<\/tr>\n<tr>\n<td style=\"width: 7.15746%;\">11<\/td>\n<td style=\"width: 11.3497%;\">41<\/td>\n<td style=\"width: 26.3804%;\">Jasper DE BUYST<\/td>\n<td style=\"width: 31.6973%;\">LOTTO INTERMARCH\u00c9<\/td>\n<td style=\"width: 11.5543%;\">BEL<\/td>\n<td style=\"width: 11.5542%;\">17:32:00<\/td>\n<\/tr>\n<tr>\n<td style=\"width: 7.15746%;\">12<\/td>\n<td style=\"width: 11.3497%;\">22<\/td>\n<td style=\"width: 26.3804%;\">Timo BEHRENS<\/td>\n<td style=\"width: 31.6973%;\">ALPECIN-PREMIER TECH<\/td>\n<td style=\"width: 11.5543%;\">GER<\/td>\n<td style=\"width: 11.5542%;\">17:33:00<\/td>\n<\/tr>\n<tr>\n<td style=\"width: 7.15746%;\">13<\/td>\n<td style=\"width: 11.3497%;\">15<\/td>\n<td style=\"width: 26.3804%;\">Thor MICHIELSEN<\/td>\n<td style=\"width: 31.6973%;\">LIDL-TREK<\/td>\n<td style=\"width: 11.5543%;\">BEL<\/td>\n<td style=\"width: 11.5542%;\">17:34:00<\/td>\n<\/tr>\n<tr>\n<td style=\"width: 7.15746%;\">14<\/td>\n<td style=\"width: 11.3497%;\">52<\/td>\n<td style=\"width: 26.3804%;\">Mick VAN DIJKE<\/td>\n<td style=\"width: 31.6973%;\">RED BULL &#8211; BORA &#8211; HANSGROHE<\/td>\n<td style=\"width: 11.5543%;\">NED<\/td>\n<td style=\"width: 11.5542%;\">17:36:00<\/td>\n<\/tr>\n<tr>\n<td style=\"width: 7.15746%;\">15<\/td>\n<td style=\"width: 11.3497%;\">104<\/td>\n<td style=\"width: 26.3804%;\">Mattia SAMBINELLO<\/td>\n<td style=\"width: 31.6973%;\">HAGENS BERMAN JAYCO<\/td>\n<td style=\"width: 11.5543%;\">ITA<\/td>\n<td style=\"width: 11.5542%;\">17:37:00<\/td>\n<\/tr>\n<tr>\n<td style=\"width: 7.15746%;\">16<\/td>\n<td style=\"width: 11.3497%;\">144<\/td>\n<td style=\"width: 26.3804%;\">Vincent HOPPEZAK<\/td>\n<td style=\"width: 31.6973%;\">AZERION \/ VILLA VALKENBURG<\/td>\n<td style=\"width: 11.5543%;\">NED<\/td>\n<td style=\"width: 11.5542%;\">17:38:00<\/td>\n<\/tr>\n<tr>\n<td style=\"width: 7.15746%;\">17<\/td>\n<td style=\"width: 11.3497%;\">152<\/td>\n<td style=\"width: 26.3804%;\">Mads ANDERSEN<\/td>\n<td style=\"width: 31.6973%;\">SWATT CLUB<\/td>\n<td style=\"width: 11.5543%;\">DEN<\/td>\n<td style=\"width: 11.5542%;\">17:39:00<\/td>\n<\/tr>\n<tr>\n<td style=\"width: 7.15746%;\">18<\/td>\n<td style=\"width: 11.3497%;\">112<\/td>\n<td style=\"width: 26.3804%;\">Victor BROEX<\/td>\n<td style=\"width: 31.6973%;\">METEC &#8211; SOLARWATT P\/B MANTEL<\/td>\n<td style=\"width: 11.5543%;\">NED<\/td>\n<td style=\"width: 11.5542%;\">17:40:00<\/td>\n<\/tr>\n<tr>\n<td style=\"width: 7.15746%;\">19<\/td>\n<td style=\"width: 11.3497%;\">122<\/td>\n<td style=\"width: 26.3804%;\">Mees HENDRIKX<\/td>\n<td style=\"width: 31.6973%;\">EEW-VDK CYCLINGTEAM<\/td>\n<td style=\"width: 11.5543%;\">NED<\/td>\n<td style=\"width: 11.5542%;\">17:41:00<\/td>\n<\/tr>\n<tr>\n<td style=\"width: 7.15746%;\">20<\/td>\n<td style=\"width: 11.3497%;\">131<\/td>\n<td style=\"width: 26.3804%;\">David DEKKER<\/td>\n<td style=\"width: 31.6973%;\">BEAT CC P\/B SAXO<\/td>\n<td style=\"width: 11.5543%;\">NED<\/td>\n<td style=\"width: 11.5542%;\">17:42:00<\/td>\n<\/tr>\n<tr>\n<td style=\"width: 7.15746%;\">21<\/td>\n<td style=\"width: 11.3497%;\">77<\/td>\n<td style=\"width: 26.3804%;\">Victor VERCOUILLIE<\/td>\n<td style=\"width: 31.6973%;\">TEAM FLANDERS &#8211; BALOISE<\/td>\n<td style=\"width: 11.5543%;\">BEL<\/td>\n<td style=\"width: 11.5542%;\">17:43:00<\/td>\n<\/tr>\n<tr>\n<td style=\"width: 7.15746%;\">22<\/td>\n<td style=\"width: 11.3497%;\">82<\/td>\n<td style=\"width: 26.3804%;\">Kepa ORMAZABAL GALDOS<\/td>\n<td style=\"width: 31.6973%;\">EUSKALTEL-EUSKADI<\/td>\n<td style=\"width: 11.5543%;\">ESP<\/td>\n<td style=\"width: 11.5542%;\">17:44:00<\/td>\n<\/tr>\n<tr>\n<td style=\"width: 7.15746%;\">23<\/td>\n<td style=\"width: 11.3497%;\">32<\/td>\n<td style=\"width: 26.3804%;\">Mees VLOT<\/td>\n<td style=\"width: 31.6973%;\">TEAM PICNIC POSTNL<\/td>\n<td style=\"width: 11.5543%;\">NED<\/td>\n<td style=\"width: 11.5542%;\">17:45:00<\/td>\n<\/tr>\n<tr>\n<td style=\"width: 7.15746%;\">24<\/td>\n<td style=\"width: 11.3497%;\">66<\/td>\n<td style=\"width: 26.3804%;\">Lorrenzo MANZIN<\/td>\n<td style=\"width: 31.6973%;\">TOTALENERGIES<\/td>\n<td style=\"width: 11.5543%;\">FRA<\/td>\n<td style=\"width: 11.5542%;\">17:46:00<\/td>\n<\/tr>\n<tr>\n<td style=\"width: 7.15746%;\">25<\/td>\n<td style=\"width: 11.3497%;\">92<\/td>\n<td style=\"width: 26.3804%;\">Karsten Larsen FELDMANN<\/td>\n<td style=\"width: 31.6973%;\">UNIBET ROSE ROCKETS<\/td>\n<td style=\"width: 11.5543%;\">NOR<\/td>\n<td style=\"width: 11.5542%;\">17:47:00<\/td>\n<\/tr>\n<tr>\n<td style=\"width: 7.15746%;\">26<\/td>\n<td style=\"width: 11.3497%;\">42<\/td>\n<td style=\"width: 26.3804%;\">S\u00e9bastien GRIGNARD<\/td>\n<td style=\"width: 31.6973%;\">LOTTO INTERMARCH\u00c9<\/td>\n<td style=\"width: 11.5543%;\">BEL<\/td>\n<td style=\"width: 11.5542%;\">17:48:00<\/td>\n<\/tr>\n<tr>\n<td style=\"width: 7.15746%;\">27<\/td>\n<td style=\"width: 11.3497%;\">25<\/td>\n<td style=\"width: 26.3804%;\">Jonas RICKAERT<\/td>\n<td style=\"width: 31.6973%;\">ALPECIN-PREMIER TECH<\/td>\n<td style=\"width: 11.5543%;\">BEL<\/td>\n<td style=\"width: 11.5542%;\">17:49:00<\/td>\n<\/tr>\n<tr>\n<td style=\"width: 7.15746%;\">28<\/td>\n<td style=\"width: 11.3497%;\">16<\/td>\n<td style=\"width: 26.3804%;\">Otto VERGAERDE<\/td>\n<td style=\"width: 31.6973%;\">LIDL-TREK<\/td>\n<td style=\"width: 11.5543%;\">BEL<\/td>\n<td style=\"width: 11.5542%;\">17:50:00<\/td>\n<\/tr>\n<tr>\n<td style=\"width: 7.15746%;\">29<\/td>\n<td style=\"width: 11.3497%;\">5<\/td>\n<td style=\"width: 26.3804%;\">Mikal Grimstad UGLEHUS<\/td>\n<td style=\"width: 31.6973%;\">TEAM VISMA | LEASE A BIKE<\/td>\n<td style=\"width: 11.5543%;\">NOR<\/td>\n<td style=\"width: 11.5542%;\">\u00a017:51:00<\/td>\n<\/tr>\n<tr>\n<td style=\"width: 7.15746%;\">30<\/td>\n<td style=\"width: 11.3497%;\">57<\/td>\n<td style=\"width: 26.3804%;\">Alessio MAGAGNOTTI<\/td>\n<td style=\"width: 31.6973%;\">RED BULL &#8211; BORA &#8211; HANSGROHE<\/td>\n<td style=\"width: 11.5543%;\">ITA<\/td>\n<td style=\"width: 11.5542%;\">17:52:00<\/td>\n<\/tr>\n<tr>\n<td style=\"width: 7.15746%;\">31<\/td>\n<td style=\"width: 11.3497%;\">101<\/td>\n<td style=\"width: 26.3804%;\">Riccardo COLOMBO<\/td>\n<td style=\"width: 31.6973%;\">HAGENS BERMAN JAYCO<\/td>\n<td style=\"width: 11.5543%;\">ITA<\/td>\n<td style=\"width: 11.5542%;\">17:53:00<\/td>\n<\/tr>\n<tr>\n<td style=\"width: 7.15746%;\">32<\/td>\n<td style=\"width: 11.3497%;\">142<\/td>\n<td style=\"width: 26.3804%;\">Nino DE JONG<\/td>\n<td style=\"width: 31.6973%;\">AZERION \/ VILLA VALKENBURG<\/td>\n<td style=\"width: 11.5543%;\">NED<\/td>\n<td style=\"width: 11.5542%;\">17:54:00<\/td>\n<\/tr>\n<tr>\n<td style=\"width: 7.15746%;\">33<\/td>\n<td style=\"width: 11.3497%;\">153<\/td>\n<td style=\"width: 26.3804%;\">Francesco CAROLLO<\/td>\n<td style=\"width: 31.6973%;\">SWATT CLUB<\/td>\n<td style=\"width: 11.5543%;\">ITA<\/td>\n<td style=\"width: 11.5542%;\">17:55:00<\/td>\n<\/tr>\n<tr>\n<td style=\"width: 7.15746%;\">34<\/td>\n<td style=\"width: 11.3497%;\">116<\/td>\n<td style=\"width: 26.3804%;\">Julian VERGOUW<\/td>\n<td style=\"width: 31.6973%;\">METEC &#8211; SOLARWATT P\/B MANTEL<\/td>\n<td style=\"width: 11.5543%;\">NED<\/td>\n<td style=\"width: 11.5542%;\">17:56:00<\/td>\n<\/tr>\n<tr>\n<td style=\"width: 7.15746%;\">35<\/td>\n<td style=\"width: 11.3497%;\">123<\/td>\n<td style=\"width: 26.3804%;\">Ryan KAMP<\/td>\n<td style=\"width: 31.6973%;\">EEW-VDK CYCLINGTEAM<\/td>\n<td style=\"width: 11.5543%;\">NED<\/td>\n<td style=\"width: 11.5542%;\">17:57:00<\/td>\n<\/tr>\n<tr>\n<td style=\"width: 7.15746%;\">36<\/td>\n<td style=\"width: 11.3497%;\">132<\/td>\n<td style=\"width: 26.3804%;\">Michiel COPPENS<\/td>\n<td style=\"width: 31.6973%;\">BEAT CC P\/B SAXO<\/td>\n<td style=\"width: 11.5543%;\">BEL<\/td>\n<td style=\"width: 11.5542%;\">17:58:00<\/td>\n<\/tr>\n<tr>\n<td style=\"width: 7.15746%;\">37<\/td>\n<td style=\"width: 11.3497%;\">75<\/td>\n<td style=\"width: 26.3804%;\">Leander VAN HAUTEGEM<\/td>\n<td style=\"width: 31.6973%;\">TEAM FLANDERS &#8211; BALOISE<\/td>\n<td style=\"width: 11.5543%;\">BEL<\/td>\n<td style=\"width: 11.5542%;\">17:59:00<\/td>\n<\/tr>\n<tr>\n<td style=\"width: 7.15746%;\">38<\/td>\n<td style=\"width: 11.3497%;\">83<\/td>\n<td style=\"width: 26.3804%;\">Ander OTEGI ARIZTIMU\u00d1O<\/td>\n<td style=\"width: 31.6973%;\">EUSKALTEL-EUSKADI<\/td>\n<td style=\"width: 11.5543%;\">ESP<\/td>\n<td style=\"width: 11.5542%;\">18:00:00<\/td>\n<\/tr>\n<tr>\n<td style=\"width: 7.15746%;\">39<\/td>\n<td style=\"width: 11.3497%;\">36<\/td>\n<td style=\"width: 26.3804%;\">Rick VERSLOOT<\/td>\n<td style=\"width: 31.6973%;\">TEAM PICNIC POSTNL<\/td>\n<td style=\"width: 11.5543%;\">NED<\/td>\n<td style=\"width: 11.5542%;\">18:01:00<\/td>\n<\/tr>\n<tr>\n<td style=\"width: 7.15746%;\">40<\/td>\n<td style=\"width: 11.3497%;\">67<\/td>\n<td style=\"width: 26.3804%;\">Jason TESSON<\/td>\n<td style=\"width: 31.6973%;\">TOTALENERGIES<\/td>\n<td style=\"width: 11.5543%;\">FRA<\/td>\n<td style=\"width: 11.5542%;\">18:02:00<\/td>\n<\/tr>\n<tr>\n<td style=\"width: 7.15746%;\">41<\/td>\n<td style=\"width: 11.3497%;\">97<\/td>\n<td style=\"width: 26.3804%;\">Martijn RASENBERG<\/td>\n<td style=\"width: 31.6973%;\">UNIBET ROSE ROCKETS<\/td>\n<td style=\"width: 11.5543%;\">NED<\/td>\n<td style=\"width: 11.5542%;\">18:03:00<\/td>\n<\/tr>\n<tr>\n<td style=\"width: 7.15746%;\">42<\/td>\n<td style=\"width: 11.3497%;\">43<\/td>\n<td style=\"width: 26.3804%;\">Shunsuke IMAMURA<\/td>\n<td style=\"width: 31.6973%;\">LOTTO INTERMARCH\u00c9<\/td>\n<td style=\"width: 11.5543%;\">JPN<\/td>\n<td style=\"width: 11.5542%;\">18:04:00<\/td>\n<\/tr>\n<tr>\n<td style=\"width: 7.15746%;\">43<\/td>\n<td style=\"width: 11.3497%;\">21<\/td>\n<td style=\"width: 26.3804%;\">Oscar RIESEBEEK<\/td>\n<td style=\"width: 31.6973%;\">ALPECIN-PREMIER TECH<\/td>\n<td style=\"width: 11.5543%;\">NED<\/td>\n<td style=\"width: 11.5542%;\">18:05:00<\/td>\n<\/tr>\n<tr>\n<td style=\"width: 7.15746%;\">44<\/td>\n<td style=\"width: 11.3497%;\">14<\/td>\n<td style=\"width: 26.3804%;\">Edward THEUNS<\/td>\n<td style=\"width: 31.6973%;\">LIDL-TREK<\/td>\n<td style=\"width: 11.5543%;\">BEL<\/td>\n<td style=\"width: 11.5542%;\">18:06:00<\/td>\n<\/tr>\n<tr>\n<td style=\"width: 7.15746%;\">45<\/td>\n<td style=\"width: 11.3497%;\">4<\/td>\n<td style=\"width: 26.3804%;\">Pietro MATTIO<\/td>\n<td style=\"width: 31.6973%;\">TEAM VISMA | LEASE A BIKE<\/td>\n<td style=\"width: 11.5543%;\">ITA<\/td>\n<td style=\"width: 11.5542%;\">18:07:00<\/td>\n<\/tr>\n<tr>\n<td style=\"width: 7.15746%;\">46<\/td>\n<td style=\"width: 11.3497%;\">53<\/td>\n<td style=\"width: 26.3804%;\">Danny VAN POPPEL<\/td>\n<td style=\"width: 31.6973%;\">RED BULL &#8211; BORA &#8211; HANSGROHE<\/td>\n<td style=\"width: 11.5543%;\">NED<\/td>\n<td style=\"width: 11.5542%;\">18:08:00<\/td>\n<\/tr>\n<tr>\n<td style=\"width: 7.15746%;\">47<\/td>\n<td style=\"width: 11.3497%;\">106<\/td>\n<td style=\"width: 26.3804%;\">Jasper VERBRUGGE<\/td>\n<td style=\"width: 31.6973%;\">HAGENS BERMAN JAYCO<\/td>\n<td style=\"width: 11.5543%;\">BEL<\/td>\n<td style=\"width: 11.5542%;\">18:09:00<\/td>\n<\/tr>\n<tr>\n<td style=\"width: 7.15746%;\">48<\/td>\n<td style=\"width: 11.3497%;\">147<\/td>\n<td style=\"width: 26.3804%;\">Luke VERBURG<\/td>\n<td style=\"width: 31.6973%;\">AZERION \/ VILLA VALKENBURG<\/td>\n<td style=\"width: 11.5543%;\">NED<\/td>\n<td style=\"width: 11.5542%;\">18:10:00<\/td>\n<\/tr>\n<tr>\n<td style=\"width: 7.15746%;\">49<\/td>\n<td style=\"width: 11.3497%;\">154<\/td>\n<td style=\"width: 26.3804%;\">Oliver KNUDSEN<\/td>\n<td style=\"width: 31.6973%;\">SWATT CLUB<\/td>\n<td style=\"width: 11.5543%;\">DEN<\/td>\n<td style=\"width: 11.5542%;\">18:11:00<\/td>\n<\/tr>\n<tr>\n<td style=\"width: 7.15746%;\">50<\/td>\n<td style=\"width: 11.3497%;\">113<\/td>\n<td style=\"width: 26.3804%;\">Johan DORUSSEN<\/td>\n<td style=\"width: 31.6973%;\">METEC &#8211; SOLARWATT P\/B MANTEL<\/td>\n<td style=\"width: 11.5543%;\">NED<\/td>\n<td style=\"width: 11.5542%;\">18:12:00<\/td>\n<\/tr>\n<tr>\n<td style=\"width: 7.15746%;\">51<\/td>\n<td style=\"width: 11.3497%;\">126<\/td>\n<td style=\"width: 26.3804%;\">Lars ROUFFAER<\/td>\n<td style=\"width: 31.6973%;\">EEW-VDK CYCLINGTEAM<\/td>\n<td style=\"width: 11.5543%;\">NED<\/td>\n<td style=\"width: 11.5542%;\">18:13:00<\/td>\n<\/tr>\n<tr>\n<td style=\"width: 7.15746%;\">52<\/td>\n<td style=\"width: 11.3497%;\">136<\/td>\n<td style=\"width: 26.3804%;\">Max KROONEN<\/td>\n<td style=\"width: 31.6973%;\">BEAT CC P\/B SAXO<\/td>\n<td style=\"width: 11.5543%;\">NED<\/td>\n<td style=\"width: 11.5542%;\">18:14:00<\/td>\n<\/tr>\n<tr>\n<td style=\"width: 7.15746%;\">53<\/td>\n<td style=\"width: 11.3497%;\">74<\/td>\n<td style=\"width: 26.3804%;\">Milan VAN DEN HAUTE<\/td>\n<td style=\"width: 31.6973%;\">TEAM FLANDERS &#8211; BALOISE<\/td>\n<td style=\"width: 11.5543%;\">BEL<\/td>\n<td style=\"width: 11.5542%;\">18:15:00<\/td>\n<\/tr>\n<tr>\n<td style=\"width: 7.15746%;\">54<\/td>\n<td style=\"width: 11.3497%;\">84<\/td>\n<td style=\"width: 26.3804%;\">Alain SUAREZ FERNANDEZ<\/td>\n<td style=\"width: 31.6973%;\">EUSKALTEL-EUSKADI<\/td>\n<td style=\"width: 11.5543%;\">ESP<\/td>\n<td style=\"width: 11.5542%;\">18:16:00<\/td>\n<\/tr>\n<tr>\n<td style=\"width: 7.15746%;\">55<\/td>\n<td style=\"width: 11.3497%;\">35<\/td>\n<td style=\"width: 26.3804%;\">Roy HOOGENDOORN<\/td>\n<td style=\"width: 31.6973%;\">TEAM PICNIC POSTNL<\/td>\n<td style=\"width: 11.5543%;\">NED<\/td>\n<td style=\"width: 11.5542%;\">18:17:00<\/td>\n<\/tr>\n<tr>\n<td style=\"width: 7.15746%;\">56<\/td>\n<td style=\"width: 11.3497%;\">64<\/td>\n<td style=\"width: 26.3804%;\">Thibault GUERNALEC<\/td>\n<td style=\"width: 31.6973%;\">TOTALENERGIES<\/td>\n<td style=\"width: 11.5543%;\">FRA<\/td>\n<td style=\"width: 11.5542%;\">18:18:00<\/td>\n<\/tr>\n<tr>\n<td style=\"width: 7.15746%;\">57<\/td>\n<td style=\"width: 11.3497%;\">91<\/td>\n<td style=\"width: 26.3804%;\">Joren BLOEM<\/td>\n<td style=\"width: 31.6973%;\">UNIBET ROSE ROCKETS<\/td>\n<td style=\"width: 11.5543%;\">NED<\/td>\n<td style=\"width: 11.5542%;\">18:19:00<\/td>\n<\/tr>\n<tr>\n<td style=\"width: 7.15746%;\">58<\/td>\n<td style=\"width: 11.3497%;\">45<\/td>\n<td style=\"width: 26.3804%;\">Tars POELVOORDE<\/td>\n<td style=\"width: 31.6973%;\">LOTTO INTERMARCH\u00c9<\/td>\n<td style=\"width: 11.5543%;\">BEL<\/td>\n<td style=\"width: 11.5542%;\">18:20:00<\/td>\n<\/tr>\n<tr>\n<td style=\"width: 7.15746%;\">59<\/td>\n<td style=\"width: 11.3497%;\">26<\/td>\n<td style=\"width: 26.3804%;\">Laurens SWEECK<\/td>\n<td style=\"width: 31.6973%;\">ALPECIN-PREMIER TECH<\/td>\n<td style=\"width: 11.5543%;\">BEL<\/td>\n<td style=\"width: 11.5542%;\">18:21:00<\/td>\n<\/tr>\n<tr>\n<td style=\"width: 7.15746%;\">60<\/td>\n<td style=\"width: 11.3497%;\">12<\/td>\n<td style=\"width: 26.3804%;\">Hector ALVAREZ MARTINEZ<\/td>\n<td style=\"width: 31.6973%;\">LIDL-TREK<\/td>\n<td style=\"width: 11.5543%;\">ESP<\/td>\n<td style=\"width: 11.5542%;\">18:22:00<\/td>\n<\/tr>\n<tr>\n<td style=\"width: 7.15746%;\">61<\/td>\n<td style=\"width: 11.3497%;\">6<\/td>\n<td style=\"width: 26.3804%;\">Loe VAN BELLE<\/td>\n<td style=\"width: 31.6973%;\">TEAM VISMA | LEASE A BIKE<\/td>\n<td style=\"width: 11.5543%;\">NED<\/td>\n<td style=\"width: 11.5542%;\">18:23:00<\/td>\n<\/tr>\n<tr>\n<td style=\"width: 7.15746%;\">62<\/td>\n<td style=\"width: 11.3497%;\">51<\/td>\n<td style=\"width: 26.3804%;\">Tim VAN DIJKE<\/td>\n<td style=\"width: 31.6973%;\">RED BULL &#8211; BORA &#8211; HANSGROHE<\/td>\n<td style=\"width: 11.5543%;\">NED<\/td>\n<td style=\"width: 11.5542%;\">18:24:00<\/td>\n<\/tr>\n<tr>\n<td style=\"width: 7.15746%;\">63<\/td>\n<td style=\"width: 11.3497%;\">105<\/td>\n<td style=\"width: 26.3804%;\">Jed SMITHSON<\/td>\n<td style=\"width: 31.6973%;\">HAGENS BERMAN JAYCO<\/td>\n<td style=\"width: 11.5543%;\">GBR<\/td>\n<td style=\"width: 11.5542%;\">18:25:00<\/td>\n<\/tr>\n<tr>\n<td style=\"width: 7.15746%;\">64<\/td>\n<td style=\"width: 11.3497%;\">143<\/td>\n<td style=\"width: 26.3804%;\">Yanne DORENBOS<\/td>\n<td style=\"width: 31.6973%;\">AZERION \/ VILLA VALKENBURG<\/td>\n<td style=\"width: 11.5543%;\">NED<\/td>\n<td style=\"width: 11.5542%;\">18:26:00<\/td>\n<\/tr>\n<tr>\n<td style=\"width: 7.15746%;\">65<\/td>\n<td style=\"width: 11.3497%;\">155<\/td>\n<td style=\"width: 26.3804%;\">Matias MALMBERG<\/td>\n<td style=\"width: 31.6973%;\">SWATT CLUB<\/td>\n<td style=\"width: 11.5543%;\">DEN<\/td>\n<td style=\"width: 11.5542%;\">18:27:00<\/td>\n<\/tr>\n<tr>\n<td style=\"width: 7.15746%;\">66<\/td>\n<td style=\"width: 11.3497%;\">115<\/td>\n<td style=\"width: 26.3804%;\">Steyn VAN DER VEEN<\/td>\n<td style=\"width: 31.6973%;\">METEC &#8211; SOLARWATT P\/B MANTEL<\/td>\n<td style=\"width: 11.5543%;\">NED<\/td>\n<td style=\"width: 11.5542%;\">18:28:00<\/td>\n<\/tr>\n<tr>\n<td style=\"width: 7.15746%;\">67<\/td>\n<td style=\"width: 11.3497%;\">125<\/td>\n<td style=\"width: 26.3804%;\">Marvin PETERS<\/td>\n<td style=\"width: 31.6973%;\">EEW-VDK CYCLINGTEAM<\/td>\n<td style=\"width: 11.5543%;\">NED<\/td>\n<td style=\"width: 11.5542%;\">18:29:00<\/td>\n<\/tr>\n<tr>\n<td style=\"width: 7.15746%;\">68<\/td>\n<td style=\"width: 11.3497%;\">133<\/td>\n<td style=\"width: 26.3804%;\">Bram DISSEL<\/td>\n<td style=\"width: 31.6973%;\">BEAT CC P\/B SAXO<\/td>\n<td style=\"width: 11.5543%;\">NED<\/td>\n<td style=\"width: 11.5542%;\">18:30:00<\/td>\n<\/tr>\n<tr>\n<td style=\"width: 7.15746%;\">69<\/td>\n<td style=\"width: 11.3497%;\">71<\/td>\n<td style=\"width: 26.3804%;\">Michiel LAMBRECHT<\/td>\n<td style=\"width: 31.6973%;\">TEAM FLANDERS &#8211; BALOISE<\/td>\n<td style=\"width: 11.5543%;\">BEL<\/td>\n<td style=\"width: 11.5542%;\">18:31:00<\/td>\n<\/tr>\n<tr>\n<td style=\"width: 7.15746%;\">70<\/td>\n<td style=\"width: 11.3497%;\">85<\/td>\n<td style=\"width: 26.3804%;\">Gari UGARTE LARREA<\/td>\n<td style=\"width: 31.6973%;\">EUSKALTEL-EUSKADI<\/td>\n<td style=\"width: 11.5543%;\">ESP<\/td>\n<td style=\"width: 11.5542%;\">18:32:00<\/td>\n<\/tr>\n<tr>\n<td style=\"width: 7.15746%;\">71<\/td>\n<td style=\"width: 11.3497%;\">33<\/td>\n<td style=\"width: 26.3804%;\">Nils EEKHOFF<\/td>\n<td style=\"width: 31.6973%;\">TEAM PICNIC POSTNL<\/td>\n<td style=\"width: 11.5543%;\">NED<\/td>\n<td style=\"width: 11.5542%;\">18:33:00<\/td>\n<\/tr>\n<tr>\n<td style=\"width: 7.15746%;\">72<\/td>\n<td style=\"width: 11.3497%;\">63<\/td>\n<td style=\"width: 26.3804%;\">Alexys BRUNEL<\/td>\n<td style=\"width: 31.6973%;\">TOTALENERGIES<\/td>\n<td style=\"width: 11.5543%;\">FRA<\/td>\n<td style=\"width: 11.5542%;\">18:34:00<\/td>\n<\/tr>\n<tr>\n<td style=\"width: 7.15746%;\">73<\/td>\n<td style=\"width: 11.3497%;\">96<\/td>\n<td style=\"width: 26.3804%;\">Tobias M\u00dcLLER<\/td>\n<td style=\"width: 31.6973%;\">UNIBET ROSE ROCKETS<\/td>\n<td style=\"width: 11.5543%;\">GER<\/td>\n<td style=\"width: 11.5542%;\">18:35:00<\/td>\n<\/tr>\n<tr>\n<td style=\"width: 7.15746%;\">74<\/td>\n<td style=\"width: 11.3497%;\">46<\/td>\n<td style=\"width: 26.3804%;\">Lionel TAMINIAUX<\/td>\n<td style=\"width: 31.6973%;\">LOTTO INTERMARCH\u00c9<\/td>\n<td style=\"width: 11.5543%;\">BEL<\/td>\n<td style=\"width: 11.5542%;\">18:36:00<\/td>\n<\/tr>\n<tr>\n<td style=\"width: 7.15746%;\">75<\/td>\n<td style=\"width: 11.3497%;\">23<\/td>\n<td style=\"width: 26.3804%;\">Simon DEHAIRS<\/td>\n<td style=\"width: 31.6973%;\">ALPECIN-PREMIER TECH<\/td>\n<td style=\"width: 11.5543%;\">BEL<\/td>\n<td style=\"width: 11.5542%;\">18:37:00<\/td>\n<\/tr>\n<tr>\n<td style=\"width: 7.15746%;\">76<\/td>\n<td style=\"width: 11.3497%;\">17<\/td>\n<td style=\"width: 26.3804%;\">Maximilian Richard WALSCHEID<\/td>\n<td style=\"width: 31.6973%;\">LIDL-TREK<\/td>\n<td style=\"width: 11.5543%;\">GER<\/td>\n<td style=\"width: 11.5542%;\">18:38:00<\/td>\n<\/tr>\n<tr>\n<td style=\"width: 7.15746%;\">77<\/td>\n<td style=\"width: 11.3497%;\">2<\/td>\n<td style=\"width: 26.3804%;\">Owain DOULL<\/td>\n<td style=\"width: 31.6973%;\">TEAM VISMA | LEASE A BIKE<\/td>\n<td style=\"width: 11.5543%;\">GBR<\/td>\n<td style=\"width: 11.5542%;\">18:39:00<\/td>\n<\/tr>\n<tr>\n<td style=\"width: 7.15746%;\">78<\/td>\n<td style=\"width: 11.3497%;\">54<\/td>\n<td style=\"width: 26.3804%;\">Jarrad Eriks DRIZNERS<\/td>\n<td style=\"width: 31.6973%;\">RED BULL &#8211; BORA &#8211; HANSGROHE<\/td>\n<td style=\"width: 11.5543%;\">AUS<\/td>\n<td style=\"width: 11.5542%;\">18:40:00<\/td>\n<\/tr>\n<tr>\n<td style=\"width: 7.15746%;\">79<\/td>\n<td style=\"width: 11.3497%;\">107<\/td>\n<td style=\"width: 26.3804%;\">Vinnie MANION<\/td>\n<td style=\"width: 31.6973%;\">HAGENS BERMAN JAYCO<\/td>\n<td style=\"width: 11.5543%;\">AUS<\/td>\n<td style=\"width: 11.5542%;\">18:41:00<\/td>\n<\/tr>\n<tr>\n<td style=\"width: 7.15746%;\">80<\/td>\n<td style=\"width: 11.3497%;\">146<\/td>\n<td style=\"width: 26.3804%;\">Teun VEELERS<\/td>\n<td style=\"width: 31.6973%;\">AZERION \/ VILLA VALKENBURG<\/td>\n<td style=\"width: 11.5543%;\">NED<\/td>\n<td style=\"width: 11.5542%;\">18:42:00<\/td>\n<\/tr>\n<tr>\n<td style=\"width: 7.15746%;\">81<\/td>\n<td style=\"width: 11.3497%;\">156<\/td>\n<td style=\"width: 26.3804%;\">Jack ROOTKIN-GRAY<\/td>\n<td style=\"width: 31.6973%;\">SWATT CLUB<\/td>\n<td style=\"width: 11.5543%;\">GBR<\/td>\n<td style=\"width: 11.5542%;\">18:43:00<\/td>\n<\/tr>\n<tr>\n<td style=\"width: 7.15746%;\">82<\/td>\n<td style=\"width: 11.3497%;\">117<\/td>\n<td style=\"width: 26.3804%;\">Collin WESTBROEK<\/td>\n<td style=\"width: 31.6973%;\">METEC &#8211; SOLARWATT P\/B MANTEL<\/td>\n<td style=\"width: 11.5543%;\">NED<\/td>\n<td style=\"width: 11.5542%;\">18:44:00<\/td>\n<\/tr>\n<tr>\n<td style=\"width: 7.15746%;\">83<\/td>\n<td style=\"width: 11.3497%;\">124<\/td>\n<td style=\"width: 26.3804%;\">Rick OTTEMA<\/td>\n<td style=\"width: 31.6973%;\">EEW-VDK CYCLINGTEAM<\/td>\n<td style=\"width: 11.5543%;\">NED<\/td>\n<td style=\"width: 11.5542%;\">18:45:00<\/td>\n<\/tr>\n<tr>\n<td style=\"width: 7.15746%;\">84<\/td>\n<td style=\"width: 11.3497%;\">137<\/td>\n<td style=\"width: 26.3804%;\">Joost NAT<\/td>\n<td style=\"width: 31.6973%;\">BEAT CC P\/B SAXO<\/td>\n<td style=\"width: 11.5543%;\">NED<\/td>\n<td style=\"width: 11.5542%;\">18:46:00<\/td>\n<\/tr>\n<tr>\n<td style=\"width: 7.15746%;\">85<\/td>\n<td style=\"width: 11.3497%;\">76<\/td>\n<td style=\"width: 26.3804%;\">Noah VANDENBRANDEN<\/td>\n<td style=\"width: 31.6973%;\">TEAM FLANDERS &#8211; BALOISE<\/td>\n<td style=\"width: 11.5543%;\">BEL<\/td>\n<td style=\"width: 11.5542%;\">18:47:00<\/td>\n<\/tr>\n<tr>\n<td style=\"width: 7.15746%;\">86<\/td>\n<td style=\"width: 11.3497%;\">86<\/td>\n<td style=\"width: 26.3804%;\">Danny VAN DER TUUK<\/td>\n<td style=\"width: 31.6973%;\">EUSKALTEL-EUSKADI<\/td>\n<td style=\"width: 11.5543%;\">POL<\/td>\n<td style=\"width: 11.5542%;\">18:48:00<\/td>\n<\/tr>\n<tr>\n<td style=\"width: 7.15746%;\">87<\/td>\n<td style=\"width: 11.3497%;\">34<\/td>\n<td style=\"width: 26.3804%;\">Sean FLYNN<\/td>\n<td style=\"width: 31.6973%;\">TEAM PICNIC POSTNL<\/td>\n<td style=\"width: 11.5543%;\">GBR<\/td>\n<td style=\"width: 11.5542%;\">18:49:00<\/td>\n<\/tr>\n<tr>\n<td style=\"width: 7.15746%;\">88<\/td>\n<td style=\"width: 11.3497%;\">62<\/td>\n<td style=\"width: 26.3804%;\">Rayan BOULAHOITE<\/td>\n<td style=\"width: 31.6973%;\">TOTALENERGIES<\/td>\n<td style=\"width: 11.5543%;\">FRA<\/td>\n<td style=\"width: 11.5542%;\">18:50:00<\/td>\n<\/tr>\n<tr>\n<td style=\"width: 7.15746%;\">89<\/td>\n<td style=\"width: 11.3497%;\">95<\/td>\n<td style=\"width: 26.3804%;\">Wessel MOURIS<\/td>\n<td style=\"width: 31.6973%;\">UNIBET ROSE ROCKETS<\/td>\n<td style=\"width: 11.5543%;\">NED<\/td>\n<td style=\"width: 11.5542%;\">18:51:00<\/td>\n<\/tr>\n<tr>\n<td style=\"width: 7.15746%;\">90<\/td>\n<td style=\"width: 11.3497%;\">47<\/td>\n<td style=\"width: 26.3804%;\">Lorenz VAN DE WYNKELE<\/td>\n<td style=\"width: 31.6973%;\">LOTTO INTERMARCH\u00c9<\/td>\n<td style=\"width: 11.5543%;\">BEL<\/td>\n<td style=\"width: 11.5542%;\">18:52:00<\/td>\n<\/tr>\n<tr>\n<td style=\"width: 7.15746%;\">91<\/td>\n<td style=\"width: 11.3497%;\">24<\/td>\n<td style=\"width: 26.3804%;\">Florian SENECHAL<\/td>\n<td style=\"width: 31.6973%;\">ALPECIN-PREMIER TECH<\/td>\n<td style=\"width: 11.5543%;\">FRA<\/td>\n<td style=\"width: 11.5542%;\">18:53:00<\/td>\n<\/tr>\n<tr>\n<td style=\"width: 7.15746%;\">92<\/td>\n<td style=\"width: 11.3497%;\">13<\/td>\n<td style=\"width: 26.3804%;\">Jakob S\u00d6DERQVIST<\/td>\n<td style=\"width: 31.6973%;\">LIDL-TREK<\/td>\n<td style=\"width: 11.5543%;\">SWE<\/td>\n<td style=\"width: 11.5542%;\">18:54:00<\/td>\n<\/tr>\n<tr>\n<td style=\"width: 7.15746%;\">93<\/td>\n<td style=\"width: 11.3497%;\">3<\/td>\n<td style=\"width: 26.3804%;\">Henry HOBBS<\/td>\n<td style=\"width: 31.6973%;\">TEAM VISMA | LEASE A BIKE<\/td>\n<td style=\"width: 11.5543%;\">GBR<\/td>\n<td style=\"width: 11.5542%;\">18:55:00<\/td>\n<\/tr>\n<tr>\n<td style=\"width: 7.15746%;\">94<\/td>\n<td style=\"width: 11.3497%;\">55<\/td>\n<td style=\"width: 26.3804%;\">Arne MARIT<\/td>\n<td style=\"width: 31.6973%;\">RED BULL &#8211; BORA &#8211; HANSGROHE<\/td>\n<td style=\"width: 11.5543%;\">BEL<\/td>\n<td style=\"width: 11.5542%;\">18:56:00<\/td>\n<\/tr>\n<tr>\n<td style=\"width: 7.15746%;\">95<\/td>\n<td style=\"width: 11.3497%;\">102<\/td>\n<td style=\"width: 26.3804%;\">William HOLMES<\/td>\n<td style=\"width: 31.6973%;\">HAGENS BERMAN JAYCO<\/td>\n<td style=\"width: 11.5543%;\">AUS<\/td>\n<td style=\"width: 11.5542%;\">18:57:00<\/td>\n<\/tr>\n<tr>\n<td style=\"width: 7.15746%;\">96<\/td>\n<td style=\"width: 11.3497%;\">145<\/td>\n<td style=\"width: 26.3804%;\">Steijn OOSTERVELD<\/td>\n<td style=\"width: 31.6973%;\">AZERION \/ VILLA VALKENBURG<\/td>\n<td style=\"width: 11.5543%;\">NED<\/td>\n<td style=\"width: 11.5542%;\">18:58:00<\/td>\n<\/tr>\n<tr>\n<td style=\"width: 7.15746%;\">97<\/td>\n<td style=\"width: 11.3497%;\">157<\/td>\n<td style=\"width: 26.3804%;\">Thomas RIGAMONTI<\/td>\n<td style=\"width: 31.6973%;\">SWATT CLUB<\/td>\n<td style=\"width: 11.5543%;\">ITA<\/td>\n<td style=\"width: 11.5542%;\">18:59:00<\/td>\n<\/tr>\n<tr>\n<td style=\"width: 7.15746%;\">98<\/td>\n<td style=\"width: 11.3497%;\">114<\/td>\n<td style=\"width: 26.3804%;\">Roan KONINGS<\/td>\n<td style=\"width: 31.6973%;\">METEC &#8211; SOLARWATT P\/B MANTEL<\/td>\n<td style=\"width: 11.5543%;\">NED<\/td>\n<td style=\"width: 11.5542%;\">19:00:00<\/td>\n<\/tr>\n<tr>\n<td style=\"width: 7.15746%;\">99<\/td>\n<td style=\"width: 11.3497%;\">127<\/td>\n<td style=\"width: 26.3804%;\">Rik VAN DER WAL<\/td>\n<td style=\"width: 31.6973%;\">EEW-VDK CYCLINGTEAM<\/td>\n<td style=\"width: 11.5543%;\">NED<\/td>\n<td style=\"width: 11.5542%;\">19:01:00<\/td>\n<\/tr>\n<tr>\n<td style=\"width: 7.15746%;\">100<\/td>\n<td style=\"width: 11.3497%;\">135<\/td>\n<td style=\"width: 26.3804%;\">Jesse KRAMER<\/td>\n<td style=\"width: 31.6973%;\">BEAT CC P\/B SAXO<\/td>\n<td style=\"width: 11.5543%;\">NED<\/td>\n<td style=\"width: 11.5542%;\">19:02:00<\/td>\n<\/tr>\n<tr>\n<td style=\"width: 7.15746%;\">101<\/td>\n<td style=\"width: 11.3497%;\">72<\/td>\n<td style=\"width: 26.3804%;\">Nolan HUYSMANS<\/td>\n<td style=\"width: 31.6973%;\">TEAM FLANDERS &#8211; BALOISE<\/td>\n<td style=\"width: 11.5543%;\">BEL<\/td>\n<td style=\"width: 11.5542%;\">19:03:00<\/td>\n<\/tr>\n<tr>\n<td style=\"width: 7.15746%;\">102<\/td>\n<td style=\"width: 11.3497%;\">87<\/td>\n<td style=\"width: 26.3804%;\">Axel VAN DER TUUK<\/td>\n<td style=\"width: 31.6973%;\">EUSKALTEL-EUSKADI<\/td>\n<td style=\"width: 11.5543%;\">NED<\/td>\n<td style=\"width: 11.5542%;\">19:04:00<\/td>\n<\/tr>\n<tr>\n<td style=\"width: 7.15746%;\">103<\/td>\n<td style=\"width: 11.3497%;\">31<\/td>\n<td style=\"width: 26.3804%;\">Frits BIESTERBOS<\/td>\n<td style=\"width: 31.6973%;\">TEAM PICNIC POSTNL<\/td>\n<td style=\"width: 11.5543%;\">NED<\/td>\n<td style=\"width: 11.5542%;\">19:05:00<\/td>\n<\/tr>\n<tr>\n<td style=\"width: 7.15746%;\">104<\/td>\n<td style=\"width: 11.3497%;\">65<\/td>\n<td style=\"width: 26.3804%;\">Samuel LEROUX<\/td>\n<td style=\"width: 31.6973%;\">TOTALENERGIES<\/td>\n<td style=\"width: 11.5543%;\">FRA<\/td>\n<td style=\"width: 11.5542%;\">19:06:00<\/td>\n<\/tr>\n<tr>\n<td style=\"width: 7.15746%;\">105<\/td>\n<td style=\"width: 11.3497%;\">94<\/td>\n<td style=\"width: 26.3804%;\">Niklas LARSEN<\/td>\n<td style=\"width: 31.6973%;\">UNIBET ROSE ROCKETS<\/td>\n<td style=\"width: 11.5543%;\">DEN<\/td>\n<td style=\"width: 11.5542%;\">19:07:00<\/td>\n<\/tr>\n<tr>\n<td style=\"width: 7.15746%;\">106<\/td>\n<td style=\"width: 11.3497%;\">44<\/td>\n<td style=\"width: 26.3804%;\">Mathieu KOCKELMANN<\/td>\n<td style=\"width: 31.6973%;\">LOTTO INTERMARCH\u00c9<\/td>\n<td style=\"width: 11.5543%;\">LUX<\/td>\n<td style=\"width: 11.5542%;\">19:08:00<\/td>\n<\/tr>\n<tr>\n<td style=\"width: 7.15746%;\">107<\/td>\n<td style=\"width: 11.3497%;\">27<\/td>\n<td style=\"width: 26.3804%;\">Gerben THIJSSEN<\/td>\n<td style=\"width: 31.6973%;\">ALPECIN-PREMIER TECH<\/td>\n<td style=\"width: 11.5543%;\">BEL<\/td>\n<td style=\"width: 11.5542%;\">19:09:00<\/td>\n<\/tr>\n<tr>\n<td style=\"width: 7.15746%;\">108<\/td>\n<td style=\"width: 11.3497%;\">11<\/td>\n<td style=\"width: 26.3804%;\">Mathias VACEK<\/td>\n<td style=\"width: 31.6973%;\">LIDL-TREK<\/td>\n<td style=\"width: 11.5543%;\">CZE<\/td>\n<td style=\"width: 11.5542%;\">19:10:00<\/td>\n<\/tr>\n<tr>\n<td style=\"width: 7.15746%;\">109<\/td>\n<td style=\"width: 11.3497%;\">1<\/td>\n<td style=\"width: 26.3804%;\">Niklas BEHRENS<\/td>\n<td style=\"width: 31.6973%;\">TEAM VISMA | LEASE A BIKE<\/td>\n<td style=\"width: 11.5543%;\">GER<\/td>\n<td style=\"width: 11.5542%;\">19:11:00<\/td>\n<\/tr>\n<tr>\n<td style=\"width: 7.15746%;\">110<\/td>\n<td style=\"width: 11.3497%;\">56<\/td>\n<td style=\"width: 26.3804%;\">Michiel MOURIS<\/td>\n<td style=\"width: 31.6973%;\">RED BULL &#8211; BORA &#8211; HANSGROHE<\/td>\n<td style=\"width: 11.5543%;\">NED<\/td>\n<td style=\"width: 11.5542%;\">19:12:00<\/td>\n<\/tr>\n<\/tbody>\n<\/table>\n","protected":false},"excerpt":{"rendered":"<p>Lo #ZLMTour 2026 prende il via quest&#8217;oggi, nel tardo pomeriggio, con una cronometro individuale<\/p>\n","protected":false},"author":27,"featured_media":296451,"comment_status":"open","ping_status":"closed","sticky":false,"template":"","format":"standard","meta":{"footnotes":"","_members_access_role":[],"_members_access_error":""},"categories":[6],"tags":[7215],"class_list":["post-393300","post","type-post","status-publish","format-standard","has-post-thumbnail","hentry","category-continental","tag-zlm-tour-2026"],"yoast_head":"<!-- This site is optimized with the Yoast SEO plugin v28.3 - https:\/\/yoast.com\/product\/yoast-seo-wordpress\/ -->\n<title>ZLM Tour 2026, orario e ordine di partenza della cronometro - SpazioCiclismo<\/title>\n<meta name=\"robots\" content=\"index, follow, max-snippet:-1, max-image-preview:large, max-video-preview:-1\" \/>\n<link rel=\"canonical\" href=\"https:\/\/cyclingpro.net\/spaziociclismo\/continental\/zlm-tour-2026-orario-e-ordine-di-partenza-della-cronometro\/\" \/>\n<meta property=\"og:locale\" content=\"it_IT\" \/>\n<meta property=\"og:type\" content=\"article\" \/>\n<meta property=\"og:title\" content=\"ZLM Tour 2026, orario e ordine di partenza della cronometro - SpazioCiclismo\" \/>\n<meta property=\"og:description\" content=\"Lo #ZLMTour 2026 prende il via quest&#039;oggi, nel tardo pomeriggio, con una cronometro individuale\" \/>\n<meta property=\"og:url\" content=\"https:\/\/cyclingpro.net\/spaziociclismo\/continental\/zlm-tour-2026-orario-e-ordine-di-partenza-della-cronometro\/\" \/>\n<meta property=\"og:site_name\" content=\"SpazioCiclismo\" \/>\n<meta property=\"article:publisher\" content=\"https:\/\/www.facebook.com\/SpazioCiclismo\/\" \/>\n<meta property=\"article:published_time\" content=\"2026-09-02T11:55:21+00:00\" \/>\n<meta property=\"article:modified_time\" content=\"2026-09-02T12:01:16+00:00\" \/>\n<meta property=\"og:image\" content=\"https:\/\/cyclingpro.net\/spaziociclismo\/wp-content\/uploads\/2024\/06\/Rune-Herregodts-Tappa-1-ZLM-Tour-2024.jpg\" \/>\n\t<meta property=\"og:image:width\" content=\"1200\" \/>\n\t<meta property=\"og:image:height\" content=\"800\" \/>\n\t<meta property=\"og:image:type\" content=\"image\/jpeg\" \/>\n<meta name=\"author\" content=\"Davide Filippi\" \/>\n<meta name=\"twitter:card\" content=\"summary_large_image\" \/>\n<meta name=\"twitter:creator\" content=\"@spaziociclismo\" \/>\n<meta name=\"twitter:site\" content=\"@spaziociclismo\" \/>\n<meta name=\"twitter:label1\" content=\"Scritto da\" \/>\n\t<meta name=\"twitter:data1\" content=\"Davide Filippi\" \/>\n\t<meta name=\"twitter:label2\" content=\"Tempo di lettura stimato\" \/>\n\t<meta name=\"twitter:data2\" content=\"7 minuti\" \/>\n<script type=\"application\/ld+json\" class=\"yoast-schema-graph\">{\"@context\":\"https:\\\/\\\/schema.org\",\"@graph\":[{\"@type\":\"Article\",\"@id\":\"https:\\\/\\\/cyclingpro.net\\\/spaziociclismo\\\/continental\\\/zlm-tour-2026-orario-e-ordine-di-partenza-della-cronometro\\\/#article\",\"isPartOf\":{\"@id\":\"https:\\\/\\\/cyclingpro.net\\\/spaziociclismo\\\/continental\\\/zlm-tour-2026-orario-e-ordine-di-partenza-della-cronometro\\\/\"},\"author\":{\"name\":\"Davide Filippi\",\"@id\":\"https:\\\/\\\/cyclingpro.net\\\/spaziociclismo\\\/#\\\/schema\\\/person\\\/5b11f525424bc937dcd939655cae5de3\"},\"headline\":\"ZLM Tour 2026, orario e ordine di partenza della cronometro\",\"datePublished\":\"2026-09-02T11:55:21+00:00\",\"dateModified\":\"2026-09-02T12:01:16+00:00\",\"mainEntityOfPage\":{\"@id\":\"https:\\\/\\\/cyclingpro.net\\\/spaziociclismo\\\/continental\\\/zlm-tour-2026-orario-e-ordine-di-partenza-della-cronometro\\\/\"},\"wordCount\":820,\"commentCount\":0,\"publisher\":{\"@id\":\"https:\\\/\\\/cyclingpro.net\\\/spaziociclismo\\\/#organization\"},\"image\":{\"@id\":\"https:\\\/\\\/cyclingpro.net\\\/spaziociclismo\\\/continental\\\/zlm-tour-2026-orario-e-ordine-di-partenza-della-cronometro\\\/#primaryimage\"},\"thumbnailUrl\":\"https:\\\/\\\/cyclingpro.net\\\/spaziociclismo\\\/wp-content\\\/uploads\\\/2024\\\/06\\\/Rune-Herregodts-Tappa-1-ZLM-Tour-2024.jpg\",\"keywords\":[\"ZLM Tour 2026\"],\"articleSection\":[\"Continental\"],\"inLanguage\":\"it-IT\",\"potentialAction\":[{\"@type\":\"CommentAction\",\"name\":\"Comment\",\"target\":[\"https:\\\/\\\/cyclingpro.net\\\/spaziociclismo\\\/continental\\\/zlm-tour-2026-orario-e-ordine-di-partenza-della-cronometro\\\/#respond\"]}]},{\"@type\":\"WebPage\",\"@id\":\"https:\\\/\\\/cyclingpro.net\\\/spaziociclismo\\\/continental\\\/zlm-tour-2026-orario-e-ordine-di-partenza-della-cronometro\\\/\",\"url\":\"https:\\\/\\\/cyclingpro.net\\\/spaziociclismo\\\/continental\\\/zlm-tour-2026-orario-e-ordine-di-partenza-della-cronometro\\\/\",\"name\":\"ZLM Tour 2026, orario e ordine di partenza della cronometro - SpazioCiclismo\",\"isPartOf\":{\"@id\":\"https:\\\/\\\/cyclingpro.net\\\/spaziociclismo\\\/#website\"},\"primaryImageOfPage\":{\"@id\":\"https:\\\/\\\/cyclingpro.net\\\/spaziociclismo\\\/continental\\\/zlm-tour-2026-orario-e-ordine-di-partenza-della-cronometro\\\/#primaryimage\"},\"image\":{\"@id\":\"https:\\\/\\\/cyclingpro.net\\\/spaziociclismo\\\/continental\\\/zlm-tour-2026-orario-e-ordine-di-partenza-della-cronometro\\\/#primaryimage\"},\"thumbnailUrl\":\"https:\\\/\\\/cyclingpro.net\\\/spaziociclismo\\\/wp-content\\\/uploads\\\/2024\\\/06\\\/Rune-Herregodts-Tappa-1-ZLM-Tour-2024.jpg\",\"datePublished\":\"2026-09-02T11:55:21+00:00\",\"dateModified\":\"2026-09-02T12:01:16+00:00\",\"breadcrumb\":{\"@id\":\"https:\\\/\\\/cyclingpro.net\\\/spaziociclismo\\\/continental\\\/zlm-tour-2026-orario-e-ordine-di-partenza-della-cronometro\\\/#breadcrumb\"},\"inLanguage\":\"it-IT\",\"potentialAction\":[{\"@type\":\"ReadAction\",\"target\":[\"https:\\\/\\\/cyclingpro.net\\\/spaziociclismo\\\/continental\\\/zlm-tour-2026-orario-e-ordine-di-partenza-della-cronometro\\\/\"]}]},{\"@type\":\"ImageObject\",\"inLanguage\":\"it-IT\",\"@id\":\"https:\\\/\\\/cyclingpro.net\\\/spaziociclismo\\\/continental\\\/zlm-tour-2026-orario-e-ordine-di-partenza-della-cronometro\\\/#primaryimage\",\"url\":\"https:\\\/\\\/cyclingpro.net\\\/spaziociclismo\\\/wp-content\\\/uploads\\\/2024\\\/06\\\/Rune-Herregodts-Tappa-1-ZLM-Tour-2024.jpg\",\"contentUrl\":\"https:\\\/\\\/cyclingpro.net\\\/spaziociclismo\\\/wp-content\\\/uploads\\\/2024\\\/06\\\/Rune-Herregodts-Tappa-1-ZLM-Tour-2024.jpg\",\"width\":1200,\"height\":800,\"caption\":\"\u00a9 Dion Kerckhoffs \\\/ Cor Vos\"},{\"@type\":\"BreadcrumbList\",\"@id\":\"https:\\\/\\\/cyclingpro.net\\\/spaziociclismo\\\/continental\\\/zlm-tour-2026-orario-e-ordine-di-partenza-della-cronometro\\\/#breadcrumb\",\"itemListElement\":[{\"@type\":\"ListItem\",\"position\":1,\"name\":\"Home\",\"item\":\"https:\\\/\\\/cyclingpro.net\\\/spaziociclismo\\\/\"},{\"@type\":\"ListItem\",\"position\":2,\"name\":\"ZLM Tour 2026, orario e ordine di partenza della cronometro\"}]},{\"@type\":\"WebSite\",\"@id\":\"https:\\\/\\\/cyclingpro.net\\\/spaziociclismo\\\/#website\",\"url\":\"https:\\\/\\\/cyclingpro.net\\\/spaziociclismo\\\/\",\"name\":\"SpazioCiclismo\",\"description\":\"Tutto il ciclismo minuto per minuto\",\"publisher\":{\"@id\":\"https:\\\/\\\/cyclingpro.net\\\/spaziociclismo\\\/#organization\"},\"potentialAction\":[{\"@type\":\"SearchAction\",\"target\":{\"@type\":\"EntryPoint\",\"urlTemplate\":\"https:\\\/\\\/cyclingpro.net\\\/spaziociclismo\\\/?s={search_term_string}\"},\"query-input\":{\"@type\":\"PropertyValueSpecification\",\"valueRequired\":true,\"valueName\":\"search_term_string\"}}],\"inLanguage\":\"it-IT\"},{\"@type\":\"Organization\",\"@id\":\"https:\\\/\\\/cyclingpro.net\\\/spaziociclismo\\\/#organization\",\"name\":\"SpazioCiclismo\",\"url\":\"https:\\\/\\\/cyclingpro.net\\\/spaziociclismo\\\/\",\"logo\":{\"@type\":\"ImageObject\",\"inLanguage\":\"it-IT\",\"@id\":\"https:\\\/\\\/cyclingpro.net\\\/spaziociclismo\\\/#\\\/schema\\\/logo\\\/image\\\/\",\"url\":\"https:\\\/\\\/cyclingpro.net\\\/spaziociclismo\\\/wp-content\\\/uploads\\\/2017\\\/02\\\/SpazioCiclismo-Logo-Quadrato.png\",\"contentUrl\":\"https:\\\/\\\/cyclingpro.net\\\/spaziociclismo\\\/wp-content\\\/uploads\\\/2017\\\/02\\\/SpazioCiclismo-Logo-Quadrato.png\",\"width\":450,\"height\":450,\"caption\":\"SpazioCiclismo\"},\"image\":{\"@id\":\"https:\\\/\\\/cyclingpro.net\\\/spaziociclismo\\\/#\\\/schema\\\/logo\\\/image\\\/\"},\"sameAs\":[\"https:\\\/\\\/www.facebook.com\\\/SpazioCiclismo\\\/\",\"https:\\\/\\\/x.com\\\/spaziociclismo\",\"https:\\\/\\\/www.instagram.com\\\/spaziociclismo\\\/\"]},{\"@type\":\"Person\",\"@id\":\"https:\\\/\\\/cyclingpro.net\\\/spaziociclismo\\\/#\\\/schema\\\/person\\\/5b11f525424bc937dcd939655cae5de3\",\"name\":\"Davide Filippi\",\"image\":{\"@type\":\"ImageObject\",\"inLanguage\":\"it-IT\",\"@id\":\"https:\\\/\\\/secure.gravatar.com\\\/avatar\\\/acf38569376402ef43c46c36ea62f8a431f13c39fac703a2ed157f3bbfa5c1ab?s=96&d=mm&r=g\",\"url\":\"https:\\\/\\\/secure.gravatar.com\\\/avatar\\\/acf38569376402ef43c46c36ea62f8a431f13c39fac703a2ed157f3bbfa5c1ab?s=96&d=mm&r=g\",\"contentUrl\":\"https:\\\/\\\/secure.gravatar.com\\\/avatar\\\/acf38569376402ef43c46c36ea62f8a431f13c39fac703a2ed157f3bbfa5c1ab?s=96&d=mm&r=g\",\"caption\":\"Davide Filippi\"},\"url\":\"https:\\\/\\\/cyclingpro.net\\\/spaziociclismo\\\/author\\\/dfilippi\\\/\"}]}<\/script>\n<!-- \/ Yoast SEO plugin. -->","yoast_head_json":{"title":"ZLM Tour 2026, orario e ordine di partenza della cronometro - SpazioCiclismo","robots":{"index":"index","follow":"follow","max-snippet":"max-snippet:-1","max-image-preview":"max-image-preview:large","max-video-preview":"max-video-preview:-1"},"canonical":"https:\/\/cyclingpro.net\/spaziociclismo\/continental\/zlm-tour-2026-orario-e-ordine-di-partenza-della-cronometro\/","og_locale":"it_IT","og_type":"article","og_title":"ZLM Tour 2026, orario e ordine di partenza della cronometro - SpazioCiclismo","og_description":"Lo #ZLMTour 2026 prende il via quest'oggi, nel tardo pomeriggio, con una cronometro individuale","og_url":"https:\/\/cyclingpro.net\/spaziociclismo\/continental\/zlm-tour-2026-orario-e-ordine-di-partenza-della-cronometro\/","og_site_name":"SpazioCiclismo","article_publisher":"https:\/\/www.facebook.com\/SpazioCiclismo\/","article_published_time":"2026-09-02T11:55:21+00:00","article_modified_time":"2026-09-02T12:01:16+00:00","og_image":[{"width":1200,"height":800,"url":"https:\/\/cyclingpro.net\/spaziociclismo\/wp-content\/uploads\/2024\/06\/Rune-Herregodts-Tappa-1-ZLM-Tour-2024.jpg","type":"image\/jpeg"}],"author":"Davide Filippi","twitter_card":"summary_large_image","twitter_creator":"@spaziociclismo","twitter_site":"@spaziociclismo","twitter_misc":{"Scritto da":"Davide Filippi","Tempo di lettura stimato":"7 minuti"},"schema":{"@context":"https:\/\/schema.org","@graph":[{"@type":"Article","@id":"https:\/\/cyclingpro.net\/spaziociclismo\/continental\/zlm-tour-2026-orario-e-ordine-di-partenza-della-cronometro\/#article","isPartOf":{"@id":"https:\/\/cyclingpro.net\/spaziociclismo\/continental\/zlm-tour-2026-orario-e-ordine-di-partenza-della-cronometro\/"},"author":{"name":"Davide Filippi","@id":"https:\/\/cyclingpro.net\/spaziociclismo\/#\/schema\/person\/5b11f525424bc937dcd939655cae5de3"},"headline":"ZLM Tour 2026, orario e ordine di partenza della cronometro","datePublished":"2026-09-02T11:55:21+00:00","dateModified":"2026-09-02T12:01:16+00:00","mainEntityOfPage":{"@id":"https:\/\/cyclingpro.net\/spaziociclismo\/continental\/zlm-tour-2026-orario-e-ordine-di-partenza-della-cronometro\/"},"wordCount":820,"commentCount":0,"publisher":{"@id":"https:\/\/cyclingpro.net\/spaziociclismo\/#organization"},"image":{"@id":"https:\/\/cyclingpro.net\/spaziociclismo\/continental\/zlm-tour-2026-orario-e-ordine-di-partenza-della-cronometro\/#primaryimage"},"thumbnailUrl":"https:\/\/cyclingpro.net\/spaziociclismo\/wp-content\/uploads\/2024\/06\/Rune-Herregodts-Tappa-1-ZLM-Tour-2024.jpg","keywords":["ZLM Tour 2026"],"articleSection":["Continental"],"inLanguage":"it-IT","potentialAction":[{"@type":"CommentAction","name":"Comment","target":["https:\/\/cyclingpro.net\/spaziociclismo\/continental\/zlm-tour-2026-orario-e-ordine-di-partenza-della-cronometro\/#respond"]}]},{"@type":"WebPage","@id":"https:\/\/cyclingpro.net\/spaziociclismo\/continental\/zlm-tour-2026-orario-e-ordine-di-partenza-della-cronometro\/","url":"https:\/\/cyclingpro.net\/spaziociclismo\/continental\/zlm-tour-2026-orario-e-ordine-di-partenza-della-cronometro\/","name":"ZLM Tour 2026, orario e ordine di partenza della cronometro - SpazioCiclismo","isPartOf":{"@id":"https:\/\/cyclingpro.net\/spaziociclismo\/#website"},"primaryImageOfPage":{"@id":"https:\/\/cyclingpro.net\/spaziociclismo\/continental\/zlm-tour-2026-orario-e-ordine-di-partenza-della-cronometro\/#primaryimage"},"image":{"@id":"https:\/\/cyclingpro.net\/spaziociclismo\/continental\/zlm-tour-2026-orario-e-ordine-di-partenza-della-cronometro\/#primaryimage"},"thumbnailUrl":"https:\/\/cyclingpro.net\/spaziociclismo\/wp-content\/uploads\/2024\/06\/Rune-Herregodts-Tappa-1-ZLM-Tour-2024.jpg","datePublished":"2026-09-02T11:55:21+00:00","dateModified":"2026-09-02T12:01:16+00:00","breadcrumb":{"@id":"https:\/\/cyclingpro.net\/spaziociclismo\/continental\/zlm-tour-2026-orario-e-ordine-di-partenza-della-cronometro\/#breadcrumb"},"inLanguage":"it-IT","potentialAction":[{"@type":"ReadAction","target":["https:\/\/cyclingpro.net\/spaziociclismo\/continental\/zlm-tour-2026-orario-e-ordine-di-partenza-della-cronometro\/"]}]},{"@type":"ImageObject","inLanguage":"it-IT","@id":"https:\/\/cyclingpro.net\/spaziociclismo\/continental\/zlm-tour-2026-orario-e-ordine-di-partenza-della-cronometro\/#primaryimage","url":"https:\/\/cyclingpro.net\/spaziociclismo\/wp-content\/uploads\/2024\/06\/Rune-Herregodts-Tappa-1-ZLM-Tour-2024.jpg","contentUrl":"https:\/\/cyclingpro.net\/spaziociclismo\/wp-content\/uploads\/2024\/06\/Rune-Herregodts-Tappa-1-ZLM-Tour-2024.jpg","width":1200,"height":800,"caption":"\u00a9 Dion Kerckhoffs \/ Cor Vos"},{"@type":"BreadcrumbList","@id":"https:\/\/cyclingpro.net\/spaziociclismo\/continental\/zlm-tour-2026-orario-e-ordine-di-partenza-della-cronometro\/#breadcrumb","itemListElement":[{"@type":"ListItem","position":1,"name":"Home","item":"https:\/\/cyclingpro.net\/spaziociclismo\/"},{"@type":"ListItem","position":2,"name":"ZLM Tour 2026, orario e ordine di partenza della cronometro"}]},{"@type":"WebSite","@id":"https:\/\/cyclingpro.net\/spaziociclismo\/#website","url":"https:\/\/cyclingpro.net\/spaziociclismo\/","name":"SpazioCiclismo","description":"Tutto il ciclismo minuto per minuto","publisher":{"@id":"https:\/\/cyclingpro.net\/spaziociclismo\/#organization"},"potentialAction":[{"@type":"SearchAction","target":{"@type":"EntryPoint","urlTemplate":"https:\/\/cyclingpro.net\/spaziociclismo\/?s={search_term_string}"},"query-input":{"@type":"PropertyValueSpecification","valueRequired":true,"valueName":"search_term_string"}}],"inLanguage":"it-IT"},{"@type":"Organization","@id":"https:\/\/cyclingpro.net\/spaziociclismo\/#organization","name":"SpazioCiclismo","url":"https:\/\/cyclingpro.net\/spaziociclismo\/","logo":{"@type":"ImageObject","inLanguage":"it-IT","@id":"https:\/\/cyclingpro.net\/spaziociclismo\/#\/schema\/logo\/image\/","url":"https:\/\/cyclingpro.net\/spaziociclismo\/wp-content\/uploads\/2017\/02\/SpazioCiclismo-Logo-Quadrato.png","contentUrl":"https:\/\/cyclingpro.net\/spaziociclismo\/wp-content\/uploads\/2017\/02\/SpazioCiclismo-Logo-Quadrato.png","width":450,"height":450,"caption":"SpazioCiclismo"},"image":{"@id":"https:\/\/cyclingpro.net\/spaziociclismo\/#\/schema\/logo\/image\/"},"sameAs":["https:\/\/www.facebook.com\/SpazioCiclismo\/","https:\/\/x.com\/spaziociclismo","https:\/\/www.instagram.com\/spaziociclismo\/"]},{"@type":"Person","@id":"https:\/\/cyclingpro.net\/spaziociclismo\/#\/schema\/person\/5b11f525424bc937dcd939655cae5de3","name":"Davide Filippi","image":{"@type":"ImageObject","inLanguage":"it-IT","@id":"https:\/\/secure.gravatar.com\/avatar\/acf38569376402ef43c46c36ea62f8a431f13c39fac703a2ed157f3bbfa5c1ab?s=96&d=mm&r=g","url":"https:\/\/secure.gravatar.com\/avatar\/acf38569376402ef43c46c36ea62f8a431f13c39fac703a2ed157f3bbfa5c1ab?s=96&d=mm&r=g","contentUrl":"https:\/\/secure.gravatar.com\/avatar\/acf38569376402ef43c46c36ea62f8a431f13c39fac703a2ed157f3bbfa5c1ab?s=96&d=mm&r=g","caption":"Davide Filippi"},"url":"https:\/\/cyclingpro.net\/spaziociclismo\/author\/dfilippi\/"}]}},"_links":{"self":[{"href":"https:\/\/cyclingpro.net\/spaziociclismo\/wp-json\/wp\/v2\/posts\/393300","targetHints":{"allow":["GET"]}}],"collection":[{"href":"https:\/\/cyclingpro.net\/spaziociclismo\/wp-json\/wp\/v2\/posts"}],"about":[{"href":"https:\/\/cyclingpro.net\/spaziociclismo\/wp-json\/wp\/v2\/types\/post"}],"author":[{"embeddable":true,"href":"https:\/\/cyclingpro.net\/spaziociclismo\/wp-json\/wp\/v2\/users\/27"}],"replies":[{"embeddable":true,"href":"https:\/\/cyclingpro.net\/spaziociclismo\/wp-json\/wp\/v2\/comments?post=393300"}],"version-history":[{"count":1,"href":"https:\/\/cyclingpro.net\/spaziociclismo\/wp-json\/wp\/v2\/posts\/393300\/revisions"}],"predecessor-version":[{"id":393302,"href":"https:\/\/cyclingpro.net\/spaziociclismo\/wp-json\/wp\/v2\/posts\/393300\/revisions\/393302"}],"wp:featuredmedia":[{"embeddable":true,"href":"https:\/\/cyclingpro.net\/spaziociclismo\/wp-json\/wp\/v2\/media\/296451"}],"wp:attachment":[{"href":"https:\/\/cyclingpro.net\/spaziociclismo\/wp-json\/wp\/v2\/media?parent=393300"}],"wp:term":[{"taxonomy":"category","embeddable":true,"href":"https:\/\/cyclingpro.net\/spaziociclismo\/wp-json\/wp\/v2\/categories?post=393300"},{"taxonomy":"post_tag","embeddable":true,"href":"https:\/\/cyclingpro.net\/spaziociclismo\/wp-json\/wp\/v2\/tags?post=393300"}],"curies":[{"name":"wp","href":"https:\/\/api.w.org\/{rel}","templated":true}]}}