{"id":393291,"date":"2026-09-02T12:57:36","date_gmt":"2026-09-02T10:57:36","guid":{"rendered":"https:\/\/cyclingpro.net\/spaziociclismo\/?p=393291"},"modified":"2026-09-02T12:57:36","modified_gmt":"2026-09-02T10:57:36","slug":"mondiali-montreal-2026-il-messico-si-affida-a-isaac-del-toro","status":"publish","type":"post","link":"https:\/\/cyclingpro.net\/spaziociclismo\/montreal-2026\/mondiali-montreal-2026-il-messico-si-affida-a-isaac-del-toro\/","title":{"rendered":"Mondiali Montr\u00e9al 2026, il Messico si affida a Isaac Del Toro"},"content":{"rendered":"<p><strong>Isaac del Toro<\/strong> guider\u00e0 la squadra messicana al <strong>Mondiale di Montr\u00e9al 2026<\/strong>. Sono stati annunciati i nomi dei corridori che rappresenteranno il Messico nella rassegna iridata, in programma dal<strong> 20 al 27 settembr<\/strong>e in Canada. Il presidente della Federazione Ciclistica Messicana, <em>Bernardo de la Garza<\/em>, ha pubblicato sui <em>social<\/em>\u00a0 un elenco preliminare dei ciclisti che vestiranno i colori del Messico. Tra gli Elite uomini figurano sette nomi, nonostante i posti a disposizione siano soltanto sei. Resta quindi da capire quale sar\u00e0 il ruolo di ciascuno di loro. Oltre al corridore della <strong>UAE Team Emirates-XRG<\/strong>, che sar\u00e0 la punta di diamante della selezione e sul quale si concentrano le maggiori aspettative per ottenere un risultato di prestigio, ci sono anche <strong>Edgar Cadena<\/strong>, <strong>Eder Frayre<\/strong>, <strong>Carlos Garcia<\/strong>, <strong>Jos\u00e9 Escarcega<\/strong>, <strong>Tom\u00e1s Aguirre<\/strong> e <strong>Ulises Castillo<\/strong>.<\/p>\n","protected":false},"excerpt":{"rendered":"<p>Isaac del Toro guider\u00e0 la squadra messicana a #Montr\u00e9al2026. <\/p>\n","protected":false},"author":46,"featured_media":390950,"comment_status":"open","ping_status":"closed","sticky":false,"template":"","format":"standard","meta":{"footnotes":"","_members_access_role":[],"_members_access_error":""},"categories":[5356],"tags":[7124],"class_list":["post-393291","post","type-post","status-publish","format-standard","has-post-thumbnail","hentry","category-montreal-2026","tag-gp-de-montreal-2026"],"yoast_head":"<!-- This site is optimized with the Yoast SEO plugin v28.3 - https:\/\/yoast.com\/product\/yoast-seo-wordpress\/ -->\n<title>Mondiali Montr\u00e9al 2026, il Messico si affida a Isaac Del Toro - SpazioCiclismo<\/title>\n<meta name=\"robots\" content=\"index, follow, max-snippet:-1, max-image-preview:large, max-video-preview:-1\" \/>\n<link rel=\"canonical\" href=\"https:\/\/cyclingpro.net\/spaziociclismo\/montreal-2026\/mondiali-montreal-2026-il-messico-si-affida-a-isaac-del-toro\/\" \/>\n<meta property=\"og:locale\" content=\"it_IT\" \/>\n<meta property=\"og:type\" content=\"article\" \/>\n<meta property=\"og:title\" content=\"Mondiali Montr\u00e9al 2026, il Messico si affida a Isaac Del Toro - SpazioCiclismo\" \/>\n<meta property=\"og:description\" content=\"Isaac del Toro guider\u00e0 la squadra messicana a #Montr\u00e9al2026.\" \/>\n<meta property=\"og:url\" content=\"https:\/\/cyclingpro.net\/spaziociclismo\/montreal-2026\/mondiali-montreal-2026-il-messico-si-affida-a-isaac-del-toro\/\" \/>\n<meta property=\"og:site_name\" content=\"SpazioCiclismo\" \/>\n<meta property=\"article:publisher\" content=\"https:\/\/www.facebook.com\/SpazioCiclismo\/\" \/>\n<meta property=\"article:published_time\" content=\"2026-09-02T10:57:36+00:00\" \/>\n<meta property=\"og:image\" content=\"https:\/\/cyclingpro.net\/spaziociclismo\/wp-content\/uploads\/2026\/08\/Isaac-Del-Toro-Prologo-Giro-di-Germania-2026.jpeg\" \/>\n\t<meta property=\"og:image:width\" content=\"1200\" \/>\n\t<meta property=\"og:image:height\" content=\"800\" \/>\n\t<meta property=\"og:image:type\" content=\"image\/jpeg\" \/>\n<meta name=\"author\" content=\"Michela Guarguaglini\" \/>\n<meta name=\"twitter:card\" content=\"summary_large_image\" \/>\n<meta name=\"twitter:creator\" content=\"@spaziociclismo\" \/>\n<meta name=\"twitter:site\" content=\"@spaziociclismo\" \/>\n<meta name=\"twitter:label1\" content=\"Scritto da\" \/>\n\t<meta name=\"twitter:data1\" content=\"Michela Guarguaglini\" \/>\n\t<meta name=\"twitter:label2\" content=\"Tempo di lettura stimato\" \/>\n\t<meta name=\"twitter:data2\" content=\"1 minuto\" \/>\n<script type=\"application\/ld+json\" class=\"yoast-schema-graph\">{\"@context\":\"https:\\\/\\\/schema.org\",\"@graph\":[{\"@type\":\"Article\",\"@id\":\"https:\\\/\\\/cyclingpro.net\\\/spaziociclismo\\\/montreal-2026\\\/mondiali-montreal-2026-il-messico-si-affida-a-isaac-del-toro\\\/#article\",\"isPartOf\":{\"@id\":\"https:\\\/\\\/cyclingpro.net\\\/spaziociclismo\\\/montreal-2026\\\/mondiali-montreal-2026-il-messico-si-affida-a-isaac-del-toro\\\/\"},\"author\":{\"name\":\"Michela Guarguaglini\",\"@id\":\"https:\\\/\\\/cyclingpro.net\\\/spaziociclismo\\\/#\\\/schema\\\/person\\\/dd749f54075861d6da7622fa9f4ca58d\"},\"headline\":\"Mondiali Montr\u00e9al 2026, il Messico si affida a Isaac Del Toro\",\"datePublished\":\"2026-09-02T10:57:36+00:00\",\"mainEntityOfPage\":{\"@id\":\"https:\\\/\\\/cyclingpro.net\\\/spaziociclismo\\\/montreal-2026\\\/mondiali-montreal-2026-il-messico-si-affida-a-isaac-del-toro\\\/\"},\"wordCount\":142,\"commentCount\":0,\"publisher\":{\"@id\":\"https:\\\/\\\/cyclingpro.net\\\/spaziociclismo\\\/#organization\"},\"image\":{\"@id\":\"https:\\\/\\\/cyclingpro.net\\\/spaziociclismo\\\/montreal-2026\\\/mondiali-montreal-2026-il-messico-si-affida-a-isaac-del-toro\\\/#primaryimage\"},\"thumbnailUrl\":\"https:\\\/\\\/cyclingpro.net\\\/spaziociclismo\\\/wp-content\\\/uploads\\\/2026\\\/08\\\/Isaac-Del-Toro-Prologo-Giro-di-Germania-2026.jpeg\",\"keywords\":[\"GP de Montr\u00e9al 2026\"],\"articleSection\":[\"Montr\u00e9al 2026\"],\"inLanguage\":\"it-IT\",\"potentialAction\":[{\"@type\":\"CommentAction\",\"name\":\"Comment\",\"target\":[\"https:\\\/\\\/cyclingpro.net\\\/spaziociclismo\\\/montreal-2026\\\/mondiali-montreal-2026-il-messico-si-affida-a-isaac-del-toro\\\/#respond\"]}]},{\"@type\":\"WebPage\",\"@id\":\"https:\\\/\\\/cyclingpro.net\\\/spaziociclismo\\\/montreal-2026\\\/mondiali-montreal-2026-il-messico-si-affida-a-isaac-del-toro\\\/\",\"url\":\"https:\\\/\\\/cyclingpro.net\\\/spaziociclismo\\\/montreal-2026\\\/mondiali-montreal-2026-il-messico-si-affida-a-isaac-del-toro\\\/\",\"name\":\"Mondiali Montr\u00e9al 2026, il Messico si affida a Isaac Del Toro - SpazioCiclismo\",\"isPartOf\":{\"@id\":\"https:\\\/\\\/cyclingpro.net\\\/spaziociclismo\\\/#website\"},\"primaryImageOfPage\":{\"@id\":\"https:\\\/\\\/cyclingpro.net\\\/spaziociclismo\\\/montreal-2026\\\/mondiali-montreal-2026-il-messico-si-affida-a-isaac-del-toro\\\/#primaryimage\"},\"image\":{\"@id\":\"https:\\\/\\\/cyclingpro.net\\\/spaziociclismo\\\/montreal-2026\\\/mondiali-montreal-2026-il-messico-si-affida-a-isaac-del-toro\\\/#primaryimage\"},\"thumbnailUrl\":\"https:\\\/\\\/cyclingpro.net\\\/spaziociclismo\\\/wp-content\\\/uploads\\\/2026\\\/08\\\/Isaac-Del-Toro-Prologo-Giro-di-Germania-2026.jpeg\",\"datePublished\":\"2026-09-02T10:57:36+00:00\",\"breadcrumb\":{\"@id\":\"https:\\\/\\\/cyclingpro.net\\\/spaziociclismo\\\/montreal-2026\\\/mondiali-montreal-2026-il-messico-si-affida-a-isaac-del-toro\\\/#breadcrumb\"},\"inLanguage\":\"it-IT\",\"potentialAction\":[{\"@type\":\"ReadAction\",\"target\":[\"https:\\\/\\\/cyclingpro.net\\\/spaziociclismo\\\/montreal-2026\\\/mondiali-montreal-2026-il-messico-si-affida-a-isaac-del-toro\\\/\"]}]},{\"@type\":\"ImageObject\",\"inLanguage\":\"it-IT\",\"@id\":\"https:\\\/\\\/cyclingpro.net\\\/spaziociclismo\\\/montreal-2026\\\/mondiali-montreal-2026-il-messico-si-affida-a-isaac-del-toro\\\/#primaryimage\",\"url\":\"https:\\\/\\\/cyclingpro.net\\\/spaziociclismo\\\/wp-content\\\/uploads\\\/2026\\\/08\\\/Isaac-Del-Toro-Prologo-Giro-di-Germania-2026.jpeg\",\"contentUrl\":\"https:\\\/\\\/cyclingpro.net\\\/spaziociclismo\\\/wp-content\\\/uploads\\\/2026\\\/08\\\/Isaac-Del-Toro-Prologo-Giro-di-Germania-2026.jpeg\",\"width\":1200,\"height\":800},{\"@type\":\"BreadcrumbList\",\"@id\":\"https:\\\/\\\/cyclingpro.net\\\/spaziociclismo\\\/montreal-2026\\\/mondiali-montreal-2026-il-messico-si-affida-a-isaac-del-toro\\\/#breadcrumb\",\"itemListElement\":[{\"@type\":\"ListItem\",\"position\":1,\"name\":\"Home\",\"item\":\"https:\\\/\\\/cyclingpro.net\\\/spaziociclismo\\\/\"},{\"@type\":\"ListItem\",\"position\":2,\"name\":\"Mondiali Montr\u00e9al 2026, il Messico si affida a Isaac Del Toro\"}]},{\"@type\":\"WebSite\",\"@id\":\"https:\\\/\\\/cyclingpro.net\\\/spaziociclismo\\\/#website\",\"url\":\"https:\\\/\\\/cyclingpro.net\\\/spaziociclismo\\\/\",\"name\":\"SpazioCiclismo\",\"description\":\"Tutto il ciclismo minuto per minuto\",\"publisher\":{\"@id\":\"https:\\\/\\\/cyclingpro.net\\\/spaziociclismo\\\/#organization\"},\"potentialAction\":[{\"@type\":\"SearchAction\",\"target\":{\"@type\":\"EntryPoint\",\"urlTemplate\":\"https:\\\/\\\/cyclingpro.net\\\/spaziociclismo\\\/?s={search_term_string}\"},\"query-input\":{\"@type\":\"PropertyValueSpecification\",\"valueRequired\":true,\"valueName\":\"search_term_string\"}}],\"inLanguage\":\"it-IT\"},{\"@type\":\"Organization\",\"@id\":\"https:\\\/\\\/cyclingpro.net\\\/spaziociclismo\\\/#organization\",\"name\":\"SpazioCiclismo\",\"url\":\"https:\\\/\\\/cyclingpro.net\\\/spaziociclismo\\\/\",\"logo\":{\"@type\":\"ImageObject\",\"inLanguage\":\"it-IT\",\"@id\":\"https:\\\/\\\/cyclingpro.net\\\/spaziociclismo\\\/#\\\/schema\\\/logo\\\/image\\\/\",\"url\":\"https:\\\/\\\/cyclingpro.net\\\/spaziociclismo\\\/wp-content\\\/uploads\\\/2017\\\/02\\\/SpazioCiclismo-Logo-Quadrato.png\",\"contentUrl\":\"https:\\\/\\\/cyclingpro.net\\\/spaziociclismo\\\/wp-content\\\/uploads\\\/2017\\\/02\\\/SpazioCiclismo-Logo-Quadrato.png\",\"width\":450,\"height\":450,\"caption\":\"SpazioCiclismo\"},\"image\":{\"@id\":\"https:\\\/\\\/cyclingpro.net\\\/spaziociclismo\\\/#\\\/schema\\\/logo\\\/image\\\/\"},\"sameAs\":[\"https:\\\/\\\/www.facebook.com\\\/SpazioCiclismo\\\/\",\"https:\\\/\\\/x.com\\\/spaziociclismo\",\"https:\\\/\\\/www.instagram.com\\\/spaziociclismo\\\/\"]},{\"@type\":\"Person\",\"@id\":\"https:\\\/\\\/cyclingpro.net\\\/spaziociclismo\\\/#\\\/schema\\\/person\\\/dd749f54075861d6da7622fa9f4ca58d\",\"name\":\"Michela Guarguaglini\",\"image\":{\"@type\":\"ImageObject\",\"inLanguage\":\"it-IT\",\"@id\":\"https:\\\/\\\/secure.gravatar.com\\\/avatar\\\/7c861ceff251a282d2b1cc9b3503d3893a703cfd410d29b7869304cd92a0c7c2?s=96&d=mm&r=g\",\"url\":\"https:\\\/\\\/secure.gravatar.com\\\/avatar\\\/7c861ceff251a282d2b1cc9b3503d3893a703cfd410d29b7869304cd92a0c7c2?s=96&d=mm&r=g\",\"contentUrl\":\"https:\\\/\\\/secure.gravatar.com\\\/avatar\\\/7c861ceff251a282d2b1cc9b3503d3893a703cfd410d29b7869304cd92a0c7c2?s=96&d=mm&r=g\",\"caption\":\"Michela Guarguaglini\"},\"url\":\"https:\\\/\\\/cyclingpro.net\\\/spaziociclismo\\\/author\\\/mguarguaglini\\\/\"}]}<\/script>\n<!-- \/ Yoast SEO plugin. -->","yoast_head_json":{"title":"Mondiali Montr\u00e9al 2026, il Messico si affida a Isaac Del Toro - SpazioCiclismo","robots":{"index":"index","follow":"follow","max-snippet":"max-snippet:-1","max-image-preview":"max-image-preview:large","max-video-preview":"max-video-preview:-1"},"canonical":"https:\/\/cyclingpro.net\/spaziociclismo\/montreal-2026\/mondiali-montreal-2026-il-messico-si-affida-a-isaac-del-toro\/","og_locale":"it_IT","og_type":"article","og_title":"Mondiali Montr\u00e9al 2026, il Messico si affida a Isaac Del Toro - SpazioCiclismo","og_description":"Isaac del Toro guider\u00e0 la squadra messicana a #Montr\u00e9al2026.","og_url":"https:\/\/cyclingpro.net\/spaziociclismo\/montreal-2026\/mondiali-montreal-2026-il-messico-si-affida-a-isaac-del-toro\/","og_site_name":"SpazioCiclismo","article_publisher":"https:\/\/www.facebook.com\/SpazioCiclismo\/","article_published_time":"2026-09-02T10:57:36+00:00","og_image":[{"width":1200,"height":800,"url":"https:\/\/cyclingpro.net\/spaziociclismo\/wp-content\/uploads\/2026\/08\/Isaac-Del-Toro-Prologo-Giro-di-Germania-2026.jpeg","type":"image\/jpeg"}],"author":"Michela Guarguaglini","twitter_card":"summary_large_image","twitter_creator":"@spaziociclismo","twitter_site":"@spaziociclismo","twitter_misc":{"Scritto da":"Michela Guarguaglini","Tempo di lettura stimato":"1 minuto"},"schema":{"@context":"https:\/\/schema.org","@graph":[{"@type":"Article","@id":"https:\/\/cyclingpro.net\/spaziociclismo\/montreal-2026\/mondiali-montreal-2026-il-messico-si-affida-a-isaac-del-toro\/#article","isPartOf":{"@id":"https:\/\/cyclingpro.net\/spaziociclismo\/montreal-2026\/mondiali-montreal-2026-il-messico-si-affida-a-isaac-del-toro\/"},"author":{"name":"Michela Guarguaglini","@id":"https:\/\/cyclingpro.net\/spaziociclismo\/#\/schema\/person\/dd749f54075861d6da7622fa9f4ca58d"},"headline":"Mondiali Montr\u00e9al 2026, il Messico si affida a Isaac Del Toro","datePublished":"2026-09-02T10:57:36+00:00","mainEntityOfPage":{"@id":"https:\/\/cyclingpro.net\/spaziociclismo\/montreal-2026\/mondiali-montreal-2026-il-messico-si-affida-a-isaac-del-toro\/"},"wordCount":142,"commentCount":0,"publisher":{"@id":"https:\/\/cyclingpro.net\/spaziociclismo\/#organization"},"image":{"@id":"https:\/\/cyclingpro.net\/spaziociclismo\/montreal-2026\/mondiali-montreal-2026-il-messico-si-affida-a-isaac-del-toro\/#primaryimage"},"thumbnailUrl":"https:\/\/cyclingpro.net\/spaziociclismo\/wp-content\/uploads\/2026\/08\/Isaac-Del-Toro-Prologo-Giro-di-Germania-2026.jpeg","keywords":["GP de Montr\u00e9al 2026"],"articleSection":["Montr\u00e9al 2026"],"inLanguage":"it-IT","potentialAction":[{"@type":"CommentAction","name":"Comment","target":["https:\/\/cyclingpro.net\/spaziociclismo\/montreal-2026\/mondiali-montreal-2026-il-messico-si-affida-a-isaac-del-toro\/#respond"]}]},{"@type":"WebPage","@id":"https:\/\/cyclingpro.net\/spaziociclismo\/montreal-2026\/mondiali-montreal-2026-il-messico-si-affida-a-isaac-del-toro\/","url":"https:\/\/cyclingpro.net\/spaziociclismo\/montreal-2026\/mondiali-montreal-2026-il-messico-si-affida-a-isaac-del-toro\/","name":"Mondiali Montr\u00e9al 2026, il Messico si affida a Isaac Del Toro - SpazioCiclismo","isPartOf":{"@id":"https:\/\/cyclingpro.net\/spaziociclismo\/#website"},"primaryImageOfPage":{"@id":"https:\/\/cyclingpro.net\/spaziociclismo\/montreal-2026\/mondiali-montreal-2026-il-messico-si-affida-a-isaac-del-toro\/#primaryimage"},"image":{"@id":"https:\/\/cyclingpro.net\/spaziociclismo\/montreal-2026\/mondiali-montreal-2026-il-messico-si-affida-a-isaac-del-toro\/#primaryimage"},"thumbnailUrl":"https:\/\/cyclingpro.net\/spaziociclismo\/wp-content\/uploads\/2026\/08\/Isaac-Del-Toro-Prologo-Giro-di-Germania-2026.jpeg","datePublished":"2026-09-02T10:57:36+00:00","breadcrumb":{"@id":"https:\/\/cyclingpro.net\/spaziociclismo\/montreal-2026\/mondiali-montreal-2026-il-messico-si-affida-a-isaac-del-toro\/#breadcrumb"},"inLanguage":"it-IT","potentialAction":[{"@type":"ReadAction","target":["https:\/\/cyclingpro.net\/spaziociclismo\/montreal-2026\/mondiali-montreal-2026-il-messico-si-affida-a-isaac-del-toro\/"]}]},{"@type":"ImageObject","inLanguage":"it-IT","@id":"https:\/\/cyclingpro.net\/spaziociclismo\/montreal-2026\/mondiali-montreal-2026-il-messico-si-affida-a-isaac-del-toro\/#primaryimage","url":"https:\/\/cyclingpro.net\/spaziociclismo\/wp-content\/uploads\/2026\/08\/Isaac-Del-Toro-Prologo-Giro-di-Germania-2026.jpeg","contentUrl":"https:\/\/cyclingpro.net\/spaziociclismo\/wp-content\/uploads\/2026\/08\/Isaac-Del-Toro-Prologo-Giro-di-Germania-2026.jpeg","width":1200,"height":800},{"@type":"BreadcrumbList","@id":"https:\/\/cyclingpro.net\/spaziociclismo\/montreal-2026\/mondiali-montreal-2026-il-messico-si-affida-a-isaac-del-toro\/#breadcrumb","itemListElement":[{"@type":"ListItem","position":1,"name":"Home","item":"https:\/\/cyclingpro.net\/spaziociclismo\/"},{"@type":"ListItem","position":2,"name":"Mondiali Montr\u00e9al 2026, il Messico si affida a Isaac Del Toro"}]},{"@type":"WebSite","@id":"https:\/\/cyclingpro.net\/spaziociclismo\/#website","url":"https:\/\/cyclingpro.net\/spaziociclismo\/","name":"SpazioCiclismo","description":"Tutto il ciclismo minuto per minuto","publisher":{"@id":"https:\/\/cyclingpro.net\/spaziociclismo\/#organization"},"potentialAction":[{"@type":"SearchAction","target":{"@type":"EntryPoint","urlTemplate":"https:\/\/cyclingpro.net\/spaziociclismo\/?s={search_term_string}"},"query-input":{"@type":"PropertyValueSpecification","valueRequired":true,"valueName":"search_term_string"}}],"inLanguage":"it-IT"},{"@type":"Organization","@id":"https:\/\/cyclingpro.net\/spaziociclismo\/#organization","name":"SpazioCiclismo","url":"https:\/\/cyclingpro.net\/spaziociclismo\/","logo":{"@type":"ImageObject","inLanguage":"it-IT","@id":"https:\/\/cyclingpro.net\/spaziociclismo\/#\/schema\/logo\/image\/","url":"https:\/\/cyclingpro.net\/spaziociclismo\/wp-content\/uploads\/2017\/02\/SpazioCiclismo-Logo-Quadrato.png","contentUrl":"https:\/\/cyclingpro.net\/spaziociclismo\/wp-content\/uploads\/2017\/02\/SpazioCiclismo-Logo-Quadrato.png","width":450,"height":450,"caption":"SpazioCiclismo"},"image":{"@id":"https:\/\/cyclingpro.net\/spaziociclismo\/#\/schema\/logo\/image\/"},"sameAs":["https:\/\/www.facebook.com\/SpazioCiclismo\/","https:\/\/x.com\/spaziociclismo","https:\/\/www.instagram.com\/spaziociclismo\/"]},{"@type":"Person","@id":"https:\/\/cyclingpro.net\/spaziociclismo\/#\/schema\/person\/dd749f54075861d6da7622fa9f4ca58d","name":"Michela Guarguaglini","image":{"@type":"ImageObject","inLanguage":"it-IT","@id":"https:\/\/secure.gravatar.com\/avatar\/7c861ceff251a282d2b1cc9b3503d3893a703cfd410d29b7869304cd92a0c7c2?s=96&d=mm&r=g","url":"https:\/\/secure.gravatar.com\/avatar\/7c861ceff251a282d2b1cc9b3503d3893a703cfd410d29b7869304cd92a0c7c2?s=96&d=mm&r=g","contentUrl":"https:\/\/secure.gravatar.com\/avatar\/7c861ceff251a282d2b1cc9b3503d3893a703cfd410d29b7869304cd92a0c7c2?s=96&d=mm&r=g","caption":"Michela Guarguaglini"},"url":"https:\/\/cyclingpro.net\/spaziociclismo\/author\/mguarguaglini\/"}]}},"_links":{"self":[{"href":"https:\/\/cyclingpro.net\/spaziociclismo\/wp-json\/wp\/v2\/posts\/393291","targetHints":{"allow":["GET"]}}],"collection":[{"href":"https:\/\/cyclingpro.net\/spaziociclismo\/wp-json\/wp\/v2\/posts"}],"about":[{"href":"https:\/\/cyclingpro.net\/spaziociclismo\/wp-json\/wp\/v2\/types\/post"}],"author":[{"embeddable":true,"href":"https:\/\/cyclingpro.net\/spaziociclismo\/wp-json\/wp\/v2\/users\/46"}],"replies":[{"embeddable":true,"href":"https:\/\/cyclingpro.net\/spaziociclismo\/wp-json\/wp\/v2\/comments?post=393291"}],"version-history":[{"count":1,"href":"https:\/\/cyclingpro.net\/spaziociclismo\/wp-json\/wp\/v2\/posts\/393291\/revisions"}],"predecessor-version":[{"id":393293,"href":"https:\/\/cyclingpro.net\/spaziociclismo\/wp-json\/wp\/v2\/posts\/393291\/revisions\/393293"}],"wp:featuredmedia":[{"embeddable":true,"href":"https:\/\/cyclingpro.net\/spaziociclismo\/wp-json\/wp\/v2\/media\/390950"}],"wp:attachment":[{"href":"https:\/\/cyclingpro.net\/spaziociclismo\/wp-json\/wp\/v2\/media?parent=393291"}],"wp:term":[{"taxonomy":"category","embeddable":true,"href":"https:\/\/cyclingpro.net\/spaziociclismo\/wp-json\/wp\/v2\/categories?post=393291"},{"taxonomy":"post_tag","embeddable":true,"href":"https:\/\/cyclingpro.net\/spaziociclismo\/wp-json\/wp\/v2\/tags?post=393291"}],"curies":[{"name":"wp","href":"https:\/\/api.w.org\/{rel}","templated":true}]}}