{"id":393270,"date":"2026-09-02T11:04:39","date_gmt":"2026-09-02T09:04:39","guid":{"rendered":"https:\/\/cyclingpro.net\/spaziociclismo\/?p=393270"},"modified":"2026-09-02T11:07:46","modified_gmt":"2026-09-02T09:07:46","slug":"vuelta-a-espana-2026-mads-pedersen-si-ritira","status":"publish","type":"post","link":"https:\/\/cyclingpro.net\/spaziociclismo\/vuelta-2026\/vuelta-a-espana-2026-mads-pedersen-si-ritira\/","title":{"rendered":"Vuelta a Espa\u00f1a 2026, Mads Pedersen si ritira!"},"content":{"rendered":"<p><strong>Mads Pedersen<\/strong> lascia la <strong>Vuelta a Espa\u00f1a 2026<\/strong>. Il corridore danese non sar\u00e0 al via della tappa numero 11 del Grande Giro spagnolo, in programma per oggi &#8211; mercoled\u00ec 2 settembre. A dare notizia del ritiro del campione del mondo di Harrogate 2019 \u00e8 la sua squadra, la <strong>Lidl-Trek<\/strong>. Pedersen, che arrivava da un Tour de France 2026 corso alla grandissima, non era riuscito a esprimersi ai suoi soliti livelli nell&#8217;arco della Vuelta, anche se aveva raccolto un secondo posto di tappa finora. Secondo quel che riporta la formazione tedesca, il danese ha dovuto affrontare uno stato di salute non perfetto in questi giorni.<\/p>\n<p>&#8220;Ora Mads potr\u00e0 concentrarsi sul suo completo recupero, prima di iniziare a spostare la sua attenzione sui rimanenti obiettivi di questa stagione&#8221;, il testo della nota diffusa dalla squadra. Fra questi dovrebbe esserci la prova in linea del <strong>Mondiale di Montr\u00e9al 2026<\/strong> (<a href=\"https:\/\/cyclingpro.net\/spaziociclismo\/montreal-2026\/mondiali-montreal-2026-la-danimarca-schiera-mads-pedersen-e-mattias-skjelmose\/\" target=\"_blank\" rel=\"noopener\">Pedersen \u00e8 gi\u00e0 stato ufficialmente convocato dalla Danimarca<\/a>), ma lo stesso corridore ha espresso, nei giorni scorsi, <a href=\"https:\/\/cyclingpro.net\/spaziociclismo\/vuelta-2026\/vuelta-a-espana-2026-mads-pedersen-pessimista-in-vista-dei-mondiali-non-sono-al-mio-livello-vedremo-se-continuare-la-corsa-penso-che-ci-siano-convocati-migliori-di-me\/\" target=\"_blank\" rel=\"noopener\">qualche dubbio sulla sua effettiva presenza.\u00a0<\/a><\/p>\n","protected":false},"excerpt":{"rendered":"<p>#LaVuelta26 perde un protagonista importante. <\/p>\n","protected":false},"author":25,"featured_media":347084,"comment_status":"open","ping_status":"closed","sticky":false,"template":"","format":"standard","meta":{"footnotes":"","_members_access_role":[],"_members_access_error":""},"categories":[6589],"tags":[937,5752],"class_list":["post-393270","post","type-post","status-publish","format-standard","has-post-thumbnail","hentry","category-vuelta-2026","tag-mads-pedersen","tag-vuelta-a-espana-2026"],"yoast_head":"<!-- This site is optimized with the Yoast SEO plugin v28.3 - https:\/\/yoast.com\/product\/yoast-seo-wordpress\/ -->\n<title>Vuelta a Espa\u00f1a 2026, Mads Pedersen si ritira! - SpazioCiclismo<\/title>\n<meta name=\"robots\" content=\"index, follow, max-snippet:-1, max-image-preview:large, max-video-preview:-1\" \/>\n<link rel=\"canonical\" href=\"https:\/\/cyclingpro.net\/spaziociclismo\/vuelta-2026\/vuelta-a-espana-2026-mads-pedersen-si-ritira\/\" \/>\n<meta property=\"og:locale\" content=\"it_IT\" \/>\n<meta property=\"og:type\" content=\"article\" \/>\n<meta property=\"og:title\" content=\"Vuelta a Espa\u00f1a 2026, Mads Pedersen si ritira! - SpazioCiclismo\" \/>\n<meta property=\"og:description\" content=\"#LaVuelta26 perde un protagonista importante.\" \/>\n<meta property=\"og:url\" content=\"https:\/\/cyclingpro.net\/spaziociclismo\/vuelta-2026\/vuelta-a-espana-2026-mads-pedersen-si-ritira\/\" \/>\n<meta property=\"og:site_name\" content=\"SpazioCiclismo\" \/>\n<meta property=\"article:publisher\" content=\"https:\/\/www.facebook.com\/SpazioCiclismo\/\" \/>\n<meta property=\"article:published_time\" content=\"2026-09-02T09:04:39+00:00\" \/>\n<meta property=\"article:modified_time\" content=\"2026-09-02T09:07:46+00:00\" \/>\n<meta property=\"og:image\" content=\"https:\/\/cyclingpro.net\/spaziociclismo\/wp-content\/uploads\/2025\/09\/1236876472-scaled.jpg\" \/>\n\t<meta property=\"og:image:width\" content=\"2560\" \/>\n\t<meta property=\"og:image:height\" content=\"1707\" \/>\n\t<meta property=\"og:image:type\" content=\"image\/jpeg\" \/>\n<meta name=\"author\" content=\"Francesco Mitola\" \/>\n<meta name=\"twitter:card\" content=\"summary_large_image\" \/>\n<meta name=\"twitter:creator\" content=\"@spaziociclismo\" \/>\n<meta name=\"twitter:site\" content=\"@spaziociclismo\" \/>\n<meta name=\"twitter:label1\" content=\"Scritto da\" \/>\n\t<meta name=\"twitter:data1\" content=\"Francesco Mitola\" \/>\n\t<meta name=\"twitter:label2\" content=\"Tempo di lettura stimato\" \/>\n\t<meta name=\"twitter:data2\" content=\"2 minuti\" \/>\n<script type=\"application\/ld+json\" class=\"yoast-schema-graph\">{\"@context\":\"https:\\\/\\\/schema.org\",\"@graph\":[{\"@type\":\"Article\",\"@id\":\"https:\\\/\\\/cyclingpro.net\\\/spaziociclismo\\\/vuelta-2026\\\/vuelta-a-espana-2026-mads-pedersen-si-ritira\\\/#article\",\"isPartOf\":{\"@id\":\"https:\\\/\\\/cyclingpro.net\\\/spaziociclismo\\\/vuelta-2026\\\/vuelta-a-espana-2026-mads-pedersen-si-ritira\\\/\"},\"author\":{\"name\":\"Francesco Mitola\",\"@id\":\"https:\\\/\\\/cyclingpro.net\\\/spaziociclismo\\\/#\\\/schema\\\/person\\\/627dbc08c9712c25304b059bbb765de8\"},\"headline\":\"Vuelta a Espa\u00f1a 2026, Mads Pedersen si ritira!\",\"datePublished\":\"2026-09-02T09:04:39+00:00\",\"dateModified\":\"2026-09-02T09:07:46+00:00\",\"mainEntityOfPage\":{\"@id\":\"https:\\\/\\\/cyclingpro.net\\\/spaziociclismo\\\/vuelta-2026\\\/vuelta-a-espana-2026-mads-pedersen-si-ritira\\\/\"},\"wordCount\":172,\"commentCount\":0,\"publisher\":{\"@id\":\"https:\\\/\\\/cyclingpro.net\\\/spaziociclismo\\\/#organization\"},\"image\":{\"@id\":\"https:\\\/\\\/cyclingpro.net\\\/spaziociclismo\\\/vuelta-2026\\\/vuelta-a-espana-2026-mads-pedersen-si-ritira\\\/#primaryimage\"},\"thumbnailUrl\":\"https:\\\/\\\/cyclingpro.net\\\/spaziociclismo\\\/wp-content\\\/uploads\\\/2025\\\/09\\\/1236876472-scaled.jpg\",\"keywords\":[\"Mads Pedersen\",\"Vuelta a Espa\u00f1a 2026\"],\"articleSection\":[\"Vuelta 2026\"],\"inLanguage\":\"it-IT\",\"potentialAction\":[{\"@type\":\"CommentAction\",\"name\":\"Comment\",\"target\":[\"https:\\\/\\\/cyclingpro.net\\\/spaziociclismo\\\/vuelta-2026\\\/vuelta-a-espana-2026-mads-pedersen-si-ritira\\\/#respond\"]}]},{\"@type\":\"WebPage\",\"@id\":\"https:\\\/\\\/cyclingpro.net\\\/spaziociclismo\\\/vuelta-2026\\\/vuelta-a-espana-2026-mads-pedersen-si-ritira\\\/\",\"url\":\"https:\\\/\\\/cyclingpro.net\\\/spaziociclismo\\\/vuelta-2026\\\/vuelta-a-espana-2026-mads-pedersen-si-ritira\\\/\",\"name\":\"Vuelta a Espa\u00f1a 2026, Mads Pedersen si ritira! - SpazioCiclismo\",\"isPartOf\":{\"@id\":\"https:\\\/\\\/cyclingpro.net\\\/spaziociclismo\\\/#website\"},\"primaryImageOfPage\":{\"@id\":\"https:\\\/\\\/cyclingpro.net\\\/spaziociclismo\\\/vuelta-2026\\\/vuelta-a-espana-2026-mads-pedersen-si-ritira\\\/#primaryimage\"},\"image\":{\"@id\":\"https:\\\/\\\/cyclingpro.net\\\/spaziociclismo\\\/vuelta-2026\\\/vuelta-a-espana-2026-mads-pedersen-si-ritira\\\/#primaryimage\"},\"thumbnailUrl\":\"https:\\\/\\\/cyclingpro.net\\\/spaziociclismo\\\/wp-content\\\/uploads\\\/2025\\\/09\\\/1236876472-scaled.jpg\",\"datePublished\":\"2026-09-02T09:04:39+00:00\",\"dateModified\":\"2026-09-02T09:07:46+00:00\",\"breadcrumb\":{\"@id\":\"https:\\\/\\\/cyclingpro.net\\\/spaziociclismo\\\/vuelta-2026\\\/vuelta-a-espana-2026-mads-pedersen-si-ritira\\\/#breadcrumb\"},\"inLanguage\":\"it-IT\",\"potentialAction\":[{\"@type\":\"ReadAction\",\"target\":[\"https:\\\/\\\/cyclingpro.net\\\/spaziociclismo\\\/vuelta-2026\\\/vuelta-a-espana-2026-mads-pedersen-si-ritira\\\/\"]}]},{\"@type\":\"ImageObject\",\"inLanguage\":\"it-IT\",\"@id\":\"https:\\\/\\\/cyclingpro.net\\\/spaziociclismo\\\/vuelta-2026\\\/vuelta-a-espana-2026-mads-pedersen-si-ritira\\\/#primaryimage\",\"url\":\"https:\\\/\\\/cyclingpro.net\\\/spaziociclismo\\\/wp-content\\\/uploads\\\/2025\\\/09\\\/1236876472-scaled.jpg\",\"contentUrl\":\"https:\\\/\\\/cyclingpro.net\\\/spaziociclismo\\\/wp-content\\\/uploads\\\/2025\\\/09\\\/1236876472-scaled.jpg\",\"width\":2560,\"height\":1707,\"caption\":\"\u00a9 Sirotti\"},{\"@type\":\"BreadcrumbList\",\"@id\":\"https:\\\/\\\/cyclingpro.net\\\/spaziociclismo\\\/vuelta-2026\\\/vuelta-a-espana-2026-mads-pedersen-si-ritira\\\/#breadcrumb\",\"itemListElement\":[{\"@type\":\"ListItem\",\"position\":1,\"name\":\"Home\",\"item\":\"https:\\\/\\\/cyclingpro.net\\\/spaziociclismo\\\/\"},{\"@type\":\"ListItem\",\"position\":2,\"name\":\"Vuelta a Espa\u00f1a 2026, Mads Pedersen si ritira!\"}]},{\"@type\":\"WebSite\",\"@id\":\"https:\\\/\\\/cyclingpro.net\\\/spaziociclismo\\\/#website\",\"url\":\"https:\\\/\\\/cyclingpro.net\\\/spaziociclismo\\\/\",\"name\":\"SpazioCiclismo\",\"description\":\"Tutto il ciclismo minuto per minuto\",\"publisher\":{\"@id\":\"https:\\\/\\\/cyclingpro.net\\\/spaziociclismo\\\/#organization\"},\"potentialAction\":[{\"@type\":\"SearchAction\",\"target\":{\"@type\":\"EntryPoint\",\"urlTemplate\":\"https:\\\/\\\/cyclingpro.net\\\/spaziociclismo\\\/?s={search_term_string}\"},\"query-input\":{\"@type\":\"PropertyValueSpecification\",\"valueRequired\":true,\"valueName\":\"search_term_string\"}}],\"inLanguage\":\"it-IT\"},{\"@type\":\"Organization\",\"@id\":\"https:\\\/\\\/cyclingpro.net\\\/spaziociclismo\\\/#organization\",\"name\":\"SpazioCiclismo\",\"url\":\"https:\\\/\\\/cyclingpro.net\\\/spaziociclismo\\\/\",\"logo\":{\"@type\":\"ImageObject\",\"inLanguage\":\"it-IT\",\"@id\":\"https:\\\/\\\/cyclingpro.net\\\/spaziociclismo\\\/#\\\/schema\\\/logo\\\/image\\\/\",\"url\":\"https:\\\/\\\/cyclingpro.net\\\/spaziociclismo\\\/wp-content\\\/uploads\\\/2017\\\/02\\\/SpazioCiclismo-Logo-Quadrato.png\",\"contentUrl\":\"https:\\\/\\\/cyclingpro.net\\\/spaziociclismo\\\/wp-content\\\/uploads\\\/2017\\\/02\\\/SpazioCiclismo-Logo-Quadrato.png\",\"width\":450,\"height\":450,\"caption\":\"SpazioCiclismo\"},\"image\":{\"@id\":\"https:\\\/\\\/cyclingpro.net\\\/spaziociclismo\\\/#\\\/schema\\\/logo\\\/image\\\/\"},\"sameAs\":[\"https:\\\/\\\/www.facebook.com\\\/SpazioCiclismo\\\/\",\"https:\\\/\\\/x.com\\\/spaziociclismo\",\"https:\\\/\\\/www.instagram.com\\\/spaziociclismo\\\/\"]},{\"@type\":\"Person\",\"@id\":\"https:\\\/\\\/cyclingpro.net\\\/spaziociclismo\\\/#\\\/schema\\\/person\\\/627dbc08c9712c25304b059bbb765de8\",\"name\":\"Francesco Mitola\",\"image\":{\"@type\":\"ImageObject\",\"inLanguage\":\"it-IT\",\"@id\":\"https:\\\/\\\/secure.gravatar.com\\\/avatar\\\/dc58a640368550cd17129d2ff185eec5cb2821b7c3403fc06dcaca847ae762d3?s=96&d=mm&r=g\",\"url\":\"https:\\\/\\\/secure.gravatar.com\\\/avatar\\\/dc58a640368550cd17129d2ff185eec5cb2821b7c3403fc06dcaca847ae762d3?s=96&d=mm&r=g\",\"contentUrl\":\"https:\\\/\\\/secure.gravatar.com\\\/avatar\\\/dc58a640368550cd17129d2ff185eec5cb2821b7c3403fc06dcaca847ae762d3?s=96&d=mm&r=g\",\"caption\":\"Francesco Mitola\"},\"url\":\"https:\\\/\\\/cyclingpro.net\\\/spaziociclismo\\\/author\\\/fmitola\\\/\"}]}<\/script>\n<!-- \/ Yoast SEO plugin. -->","yoast_head_json":{"title":"Vuelta a Espa\u00f1a 2026, Mads Pedersen si ritira! - SpazioCiclismo","robots":{"index":"index","follow":"follow","max-snippet":"max-snippet:-1","max-image-preview":"max-image-preview:large","max-video-preview":"max-video-preview:-1"},"canonical":"https:\/\/cyclingpro.net\/spaziociclismo\/vuelta-2026\/vuelta-a-espana-2026-mads-pedersen-si-ritira\/","og_locale":"it_IT","og_type":"article","og_title":"Vuelta a Espa\u00f1a 2026, Mads Pedersen si ritira! - SpazioCiclismo","og_description":"#LaVuelta26 perde un protagonista importante.","og_url":"https:\/\/cyclingpro.net\/spaziociclismo\/vuelta-2026\/vuelta-a-espana-2026-mads-pedersen-si-ritira\/","og_site_name":"SpazioCiclismo","article_publisher":"https:\/\/www.facebook.com\/SpazioCiclismo\/","article_published_time":"2026-09-02T09:04:39+00:00","article_modified_time":"2026-09-02T09:07:46+00:00","og_image":[{"width":2560,"height":1707,"url":"https:\/\/cyclingpro.net\/spaziociclismo\/wp-content\/uploads\/2025\/09\/1236876472-scaled.jpg","type":"image\/jpeg"}],"author":"Francesco Mitola","twitter_card":"summary_large_image","twitter_creator":"@spaziociclismo","twitter_site":"@spaziociclismo","twitter_misc":{"Scritto da":"Francesco Mitola","Tempo di lettura stimato":"2 minuti"},"schema":{"@context":"https:\/\/schema.org","@graph":[{"@type":"Article","@id":"https:\/\/cyclingpro.net\/spaziociclismo\/vuelta-2026\/vuelta-a-espana-2026-mads-pedersen-si-ritira\/#article","isPartOf":{"@id":"https:\/\/cyclingpro.net\/spaziociclismo\/vuelta-2026\/vuelta-a-espana-2026-mads-pedersen-si-ritira\/"},"author":{"name":"Francesco Mitola","@id":"https:\/\/cyclingpro.net\/spaziociclismo\/#\/schema\/person\/627dbc08c9712c25304b059bbb765de8"},"headline":"Vuelta a Espa\u00f1a 2026, Mads Pedersen si ritira!","datePublished":"2026-09-02T09:04:39+00:00","dateModified":"2026-09-02T09:07:46+00:00","mainEntityOfPage":{"@id":"https:\/\/cyclingpro.net\/spaziociclismo\/vuelta-2026\/vuelta-a-espana-2026-mads-pedersen-si-ritira\/"},"wordCount":172,"commentCount":0,"publisher":{"@id":"https:\/\/cyclingpro.net\/spaziociclismo\/#organization"},"image":{"@id":"https:\/\/cyclingpro.net\/spaziociclismo\/vuelta-2026\/vuelta-a-espana-2026-mads-pedersen-si-ritira\/#primaryimage"},"thumbnailUrl":"https:\/\/cyclingpro.net\/spaziociclismo\/wp-content\/uploads\/2025\/09\/1236876472-scaled.jpg","keywords":["Mads Pedersen","Vuelta a Espa\u00f1a 2026"],"articleSection":["Vuelta 2026"],"inLanguage":"it-IT","potentialAction":[{"@type":"CommentAction","name":"Comment","target":["https:\/\/cyclingpro.net\/spaziociclismo\/vuelta-2026\/vuelta-a-espana-2026-mads-pedersen-si-ritira\/#respond"]}]},{"@type":"WebPage","@id":"https:\/\/cyclingpro.net\/spaziociclismo\/vuelta-2026\/vuelta-a-espana-2026-mads-pedersen-si-ritira\/","url":"https:\/\/cyclingpro.net\/spaziociclismo\/vuelta-2026\/vuelta-a-espana-2026-mads-pedersen-si-ritira\/","name":"Vuelta a Espa\u00f1a 2026, Mads Pedersen si ritira! - SpazioCiclismo","isPartOf":{"@id":"https:\/\/cyclingpro.net\/spaziociclismo\/#website"},"primaryImageOfPage":{"@id":"https:\/\/cyclingpro.net\/spaziociclismo\/vuelta-2026\/vuelta-a-espana-2026-mads-pedersen-si-ritira\/#primaryimage"},"image":{"@id":"https:\/\/cyclingpro.net\/spaziociclismo\/vuelta-2026\/vuelta-a-espana-2026-mads-pedersen-si-ritira\/#primaryimage"},"thumbnailUrl":"https:\/\/cyclingpro.net\/spaziociclismo\/wp-content\/uploads\/2025\/09\/1236876472-scaled.jpg","datePublished":"2026-09-02T09:04:39+00:00","dateModified":"2026-09-02T09:07:46+00:00","breadcrumb":{"@id":"https:\/\/cyclingpro.net\/spaziociclismo\/vuelta-2026\/vuelta-a-espana-2026-mads-pedersen-si-ritira\/#breadcrumb"},"inLanguage":"it-IT","potentialAction":[{"@type":"ReadAction","target":["https:\/\/cyclingpro.net\/spaziociclismo\/vuelta-2026\/vuelta-a-espana-2026-mads-pedersen-si-ritira\/"]}]},{"@type":"ImageObject","inLanguage":"it-IT","@id":"https:\/\/cyclingpro.net\/spaziociclismo\/vuelta-2026\/vuelta-a-espana-2026-mads-pedersen-si-ritira\/#primaryimage","url":"https:\/\/cyclingpro.net\/spaziociclismo\/wp-content\/uploads\/2025\/09\/1236876472-scaled.jpg","contentUrl":"https:\/\/cyclingpro.net\/spaziociclismo\/wp-content\/uploads\/2025\/09\/1236876472-scaled.jpg","width":2560,"height":1707,"caption":"\u00a9 Sirotti"},{"@type":"BreadcrumbList","@id":"https:\/\/cyclingpro.net\/spaziociclismo\/vuelta-2026\/vuelta-a-espana-2026-mads-pedersen-si-ritira\/#breadcrumb","itemListElement":[{"@type":"ListItem","position":1,"name":"Home","item":"https:\/\/cyclingpro.net\/spaziociclismo\/"},{"@type":"ListItem","position":2,"name":"Vuelta a Espa\u00f1a 2026, Mads Pedersen si ritira!"}]},{"@type":"WebSite","@id":"https:\/\/cyclingpro.net\/spaziociclismo\/#website","url":"https:\/\/cyclingpro.net\/spaziociclismo\/","name":"SpazioCiclismo","description":"Tutto il ciclismo minuto per minuto","publisher":{"@id":"https:\/\/cyclingpro.net\/spaziociclismo\/#organization"},"potentialAction":[{"@type":"SearchAction","target":{"@type":"EntryPoint","urlTemplate":"https:\/\/cyclingpro.net\/spaziociclismo\/?s={search_term_string}"},"query-input":{"@type":"PropertyValueSpecification","valueRequired":true,"valueName":"search_term_string"}}],"inLanguage":"it-IT"},{"@type":"Organization","@id":"https:\/\/cyclingpro.net\/spaziociclismo\/#organization","name":"SpazioCiclismo","url":"https:\/\/cyclingpro.net\/spaziociclismo\/","logo":{"@type":"ImageObject","inLanguage":"it-IT","@id":"https:\/\/cyclingpro.net\/spaziociclismo\/#\/schema\/logo\/image\/","url":"https:\/\/cyclingpro.net\/spaziociclismo\/wp-content\/uploads\/2017\/02\/SpazioCiclismo-Logo-Quadrato.png","contentUrl":"https:\/\/cyclingpro.net\/spaziociclismo\/wp-content\/uploads\/2017\/02\/SpazioCiclismo-Logo-Quadrato.png","width":450,"height":450,"caption":"SpazioCiclismo"},"image":{"@id":"https:\/\/cyclingpro.net\/spaziociclismo\/#\/schema\/logo\/image\/"},"sameAs":["https:\/\/www.facebook.com\/SpazioCiclismo\/","https:\/\/x.com\/spaziociclismo","https:\/\/www.instagram.com\/spaziociclismo\/"]},{"@type":"Person","@id":"https:\/\/cyclingpro.net\/spaziociclismo\/#\/schema\/person\/627dbc08c9712c25304b059bbb765de8","name":"Francesco Mitola","image":{"@type":"ImageObject","inLanguage":"it-IT","@id":"https:\/\/secure.gravatar.com\/avatar\/dc58a640368550cd17129d2ff185eec5cb2821b7c3403fc06dcaca847ae762d3?s=96&d=mm&r=g","url":"https:\/\/secure.gravatar.com\/avatar\/dc58a640368550cd17129d2ff185eec5cb2821b7c3403fc06dcaca847ae762d3?s=96&d=mm&r=g","contentUrl":"https:\/\/secure.gravatar.com\/avatar\/dc58a640368550cd17129d2ff185eec5cb2821b7c3403fc06dcaca847ae762d3?s=96&d=mm&r=g","caption":"Francesco Mitola"},"url":"https:\/\/cyclingpro.net\/spaziociclismo\/author\/fmitola\/"}]}},"_links":{"self":[{"href":"https:\/\/cyclingpro.net\/spaziociclismo\/wp-json\/wp\/v2\/posts\/393270","targetHints":{"allow":["GET"]}}],"collection":[{"href":"https:\/\/cyclingpro.net\/spaziociclismo\/wp-json\/wp\/v2\/posts"}],"about":[{"href":"https:\/\/cyclingpro.net\/spaziociclismo\/wp-json\/wp\/v2\/types\/post"}],"author":[{"embeddable":true,"href":"https:\/\/cyclingpro.net\/spaziociclismo\/wp-json\/wp\/v2\/users\/25"}],"replies":[{"embeddable":true,"href":"https:\/\/cyclingpro.net\/spaziociclismo\/wp-json\/wp\/v2\/comments?post=393270"}],"version-history":[{"count":3,"href":"https:\/\/cyclingpro.net\/spaziociclismo\/wp-json\/wp\/v2\/posts\/393270\/revisions"}],"predecessor-version":[{"id":393274,"href":"https:\/\/cyclingpro.net\/spaziociclismo\/wp-json\/wp\/v2\/posts\/393270\/revisions\/393274"}],"wp:featuredmedia":[{"embeddable":true,"href":"https:\/\/cyclingpro.net\/spaziociclismo\/wp-json\/wp\/v2\/media\/347084"}],"wp:attachment":[{"href":"https:\/\/cyclingpro.net\/spaziociclismo\/wp-json\/wp\/v2\/media?parent=393270"}],"wp:term":[{"taxonomy":"category","embeddable":true,"href":"https:\/\/cyclingpro.net\/spaziociclismo\/wp-json\/wp\/v2\/categories?post=393270"},{"taxonomy":"post_tag","embeddable":true,"href":"https:\/\/cyclingpro.net\/spaziociclismo\/wp-json\/wp\/v2\/tags?post=393270"}],"curies":[{"name":"wp","href":"https:\/\/api.w.org\/{rel}","templated":true}]}}