{"id":393262,"date":"2026-09-02T10:32:32","date_gmt":"2026-09-02T08:32:32","guid":{"rendered":"https:\/\/cyclingpro.net\/spaziociclismo\/?p=393262"},"modified":"2026-09-02T10:48:15","modified_gmt":"2026-09-02T08:48:15","slug":"red-bull-bora-hansgrohe-a-7-settimane-dallinfortunio-al-tour-florian-lipowitz-tornera-in-gara-al-giro-della-toscana-se-staro-bene-il-mondiale-sara-un-obiettivo","status":"publish","type":"post","link":"https:\/\/cyclingpro.net\/spaziociclismo\/worldtour\/red-bull-bora-hansgrohe-a-7-settimane-dallinfortunio-al-tour-florian-lipowitz-tornera-in-gara-al-giro-della-toscana-se-staro-bene-il-mondiale-sara-un-obiettivo\/","title":{"rendered":"Red Bull-Bora-hansgrohe, a 7 settimane dall&#8217;infortunio al Tour Florian Lipowitz torner\u00e0 in gara al Giro della Toscana: &#8220;Se star\u00f2 bene, il Mondiale sar\u00e0 un obiettivo&#8221;"},"content":{"rendered":"<p><strong>Florian Lipowitz<\/strong> non corre da pi\u00f9 di un mese. Il tedesco era stato infatti costretto al ritiro dal Tour de France 2026 dopo una caduta avvenuta durante la cronometro valida come 16esima tappa, quando si trovava quinto in classifica generale. <a href=\"https:\/\/cyclingpro.net\/spaziociclismo\/tour-2026\/tour-de-france-2026-frattura-della-clavicola-per-florian-lipowitz-dopo-la-caduta-nella-crono\/\" target=\"_blank\" rel=\"noopener\">Il corridore della <strong>Red Bull-Bora-hansgrohe<\/strong> riport\u00f2 in quell&#8217;occasione la frattura di una clavicola,<\/a> infortunio che ora \u00e8 superato, dato che Lipowitz \u00e8 pronto per tornare in gara: lo far\u00e0 mercoled\u00ec 9 settembre, prendendo il via del <strong>Giro della Toscana 2026<\/strong>, classica italiana che verr\u00e0 utilizzata dal corridore e dalla sua squadra per fare le prime valutazioni sulle sue condizioni.<\/p>\n<p>&#8220;Voglio vedere come reagisce il mio corpo agli stimoli della gara &#8211; le parole di Lipowitz in vista del suo ritorno agonistico &#8211; Non posso esattamente sapere a che punto mi trovo ed \u00e8 proprio per questo che sar\u00f2 al via del Giro della Toscana ed eventualmente delle corse successive. <strong>Queste prime gare per me non avranno importanza dal punto di vista del risultato, ma mi serviranno per ritrovare il ritmo e per capire, insieme alla squadra, cosa sar\u00e0 ancora possibile fare in questa stagione<\/strong>&#8220;.<\/p>\n<p>In successione, dopo il Toscana, il calendario italiano propone la <strong>Coppa Sabatini 2026<\/strong> (gioved\u00ec 10), il <strong>Memorial Pantani 2026<\/strong> (sabato 12) e il <strong>Trofeo Matteotti 2026<\/strong> (domenica 13). Lipowitz potrebbe anche affrontarle tutte, ma le relative decisioni verranno prese di volta in volta, in base alle sensazioni del corridore e alle valutazioni dei suoi allenatori.<\/p>\n<p>Sullo sfondo c&#8217;\u00e8 il <strong>Mondiale di Montr\u00e9al 2026,<\/strong> la cui prova in linea \u00e8 in calendario per domenica 27 settembre: &#8220;Sicuramente, quella gara mi interessa molto &#8211; il commento di Lipowitz &#8211; Ma ho anche ben chiaro in mente che se non sar\u00f2 al meglio non vorr\u00f2 certo togliere il posto a un altro corridore. Abbiamo tanti corridori tedeschi che possono far bene su quel percorso. Quindi, \u00e8 per questo che voglio vedere come andranno le mie prime gare e vedere a che punto.<strong> Poi, se la forma sar\u00e0 quella giusta, mi piacerebbe molto essere al Mondiale.<\/strong> Per\u00f2, non voglio mettermi alcuna pressione addosso&#8221;.<\/p>\n","protected":false},"excerpt":{"rendered":"<p>Il tedesco si ruppe una clavicola (come avvenuto pochi giorni fa a Tadej Poga\u010dar) al #tourdefrance e torner\u00e0 in gara a distanza di 6 settimane dall&#8217;incidente. #GirodellaToscana<\/p>\n","protected":false},"author":25,"featured_media":376066,"comment_status":"open","ping_status":"closed","sticky":false,"template":"","format":"standard","meta":{"footnotes":"","_members_access_role":[],"_members_access_error":""},"categories":[25],"tags":[5291,6514],"class_list":["post-393262","post","type-post","status-publish","format-standard","has-post-thumbnail","hentry","category-worldtour","tag-florian-lipowitz","tag-red-bull-bora-hansgrohe-2026"],"yoast_head":"<!-- This site is optimized with the Yoast SEO plugin v28.3 - https:\/\/yoast.com\/product\/yoast-seo-wordpress\/ -->\n<title>Red Bull-Bora-hansgrohe, a 7 settimane dall&#039;infortunio al Tour Florian Lipowitz torner\u00e0 in gara al Giro della Toscana: &quot;Se star\u00f2 bene, il Mondiale sar\u00e0 un obiettivo&quot; - SpazioCiclismo<\/title>\n<meta name=\"robots\" content=\"index, follow, max-snippet:-1, max-image-preview:large, max-video-preview:-1\" \/>\n<link rel=\"canonical\" href=\"https:\/\/cyclingpro.net\/spaziociclismo\/worldtour\/red-bull-bora-hansgrohe-a-7-settimane-dallinfortunio-al-tour-florian-lipowitz-tornera-in-gara-al-giro-della-toscana-se-staro-bene-il-mondiale-sara-un-obiettivo\/\" \/>\n<meta property=\"og:locale\" content=\"it_IT\" \/>\n<meta property=\"og:type\" content=\"article\" \/>\n<meta property=\"og:title\" content=\"Red Bull-Bora-hansgrohe, a 7 settimane dall&#039;infortunio al Tour Florian Lipowitz torner\u00e0 in gara al Giro della Toscana: &quot;Se star\u00f2 bene, il Mondiale sar\u00e0 un obiettivo&quot; - SpazioCiclismo\" \/>\n<meta property=\"og:description\" content=\"Il tedesco si ruppe una clavicola (come avvenuto pochi giorni fa a Tadej Poga\u010dar) al #tourdefrance e torner\u00e0 in gara a distanza di 6 settimane dall&#039;incidente. #GirodellaToscana\" \/>\n<meta property=\"og:url\" content=\"https:\/\/cyclingpro.net\/spaziociclismo\/worldtour\/red-bull-bora-hansgrohe-a-7-settimane-dallinfortunio-al-tour-florian-lipowitz-tornera-in-gara-al-giro-della-toscana-se-staro-bene-il-mondiale-sara-un-obiettivo\/\" \/>\n<meta property=\"og:site_name\" content=\"SpazioCiclismo\" \/>\n<meta property=\"article:publisher\" content=\"https:\/\/www.facebook.com\/SpazioCiclismo\/\" \/>\n<meta property=\"article:published_time\" content=\"2026-09-02T08:32:32+00:00\" \/>\n<meta property=\"article:modified_time\" content=\"2026-09-02T08:48:15+00:00\" \/>\n<meta property=\"og:image\" content=\"https:\/\/cyclingpro.net\/spaziociclismo\/wp-content\/uploads\/2026\/05\/1268901007.webp\" \/>\n\t<meta property=\"og:image:width\" content=\"1200\" \/>\n\t<meta property=\"og:image:height\" content=\"800\" \/>\n\t<meta property=\"og:image:type\" content=\"image\/webp\" \/>\n<meta name=\"author\" content=\"Francesco Mitola\" \/>\n<meta name=\"twitter:card\" content=\"summary_large_image\" \/>\n<meta name=\"twitter:creator\" content=\"@spaziociclismo\" \/>\n<meta name=\"twitter:site\" content=\"@spaziociclismo\" \/>\n<meta name=\"twitter:label1\" content=\"Scritto da\" \/>\n\t<meta name=\"twitter:data1\" content=\"Francesco Mitola\" \/>\n\t<meta name=\"twitter:label2\" content=\"Tempo di lettura stimato\" \/>\n\t<meta name=\"twitter:data2\" content=\"3 minuti\" \/>\n<script type=\"application\/ld+json\" class=\"yoast-schema-graph\">{\"@context\":\"https:\\\/\\\/schema.org\",\"@graph\":[{\"@type\":\"Article\",\"@id\":\"https:\\\/\\\/cyclingpro.net\\\/spaziociclismo\\\/worldtour\\\/red-bull-bora-hansgrohe-a-7-settimane-dallinfortunio-al-tour-florian-lipowitz-tornera-in-gara-al-giro-della-toscana-se-staro-bene-il-mondiale-sara-un-obiettivo\\\/#article\",\"isPartOf\":{\"@id\":\"https:\\\/\\\/cyclingpro.net\\\/spaziociclismo\\\/worldtour\\\/red-bull-bora-hansgrohe-a-7-settimane-dallinfortunio-al-tour-florian-lipowitz-tornera-in-gara-al-giro-della-toscana-se-staro-bene-il-mondiale-sara-un-obiettivo\\\/\"},\"author\":{\"name\":\"Francesco Mitola\",\"@id\":\"https:\\\/\\\/cyclingpro.net\\\/spaziociclismo\\\/#\\\/schema\\\/person\\\/627dbc08c9712c25304b059bbb765de8\"},\"headline\":\"Red Bull-Bora-hansgrohe, a 7 settimane dall&#8217;infortunio al Tour Florian Lipowitz torner\u00e0 in gara al Giro della Toscana: &#8220;Se star\u00f2 bene, il Mondiale sar\u00e0 un obiettivo&#8221;\",\"datePublished\":\"2026-09-02T08:32:32+00:00\",\"dateModified\":\"2026-09-02T08:48:15+00:00\",\"mainEntityOfPage\":{\"@id\":\"https:\\\/\\\/cyclingpro.net\\\/spaziociclismo\\\/worldtour\\\/red-bull-bora-hansgrohe-a-7-settimane-dallinfortunio-al-tour-florian-lipowitz-tornera-in-gara-al-giro-della-toscana-se-staro-bene-il-mondiale-sara-un-obiettivo\\\/\"},\"wordCount\":354,\"commentCount\":0,\"publisher\":{\"@id\":\"https:\\\/\\\/cyclingpro.net\\\/spaziociclismo\\\/#organization\"},\"image\":{\"@id\":\"https:\\\/\\\/cyclingpro.net\\\/spaziociclismo\\\/worldtour\\\/red-bull-bora-hansgrohe-a-7-settimane-dallinfortunio-al-tour-florian-lipowitz-tornera-in-gara-al-giro-della-toscana-se-staro-bene-il-mondiale-sara-un-obiettivo\\\/#primaryimage\"},\"thumbnailUrl\":\"https:\\\/\\\/cyclingpro.net\\\/spaziociclismo\\\/wp-content\\\/uploads\\\/2026\\\/05\\\/1268901007.webp\",\"keywords\":[\"Florian Lipowitz\",\"Red Bull - Bora - hansgrohe 2026\"],\"articleSection\":[\"WorldTour\"],\"inLanguage\":\"it-IT\",\"potentialAction\":[{\"@type\":\"CommentAction\",\"name\":\"Comment\",\"target\":[\"https:\\\/\\\/cyclingpro.net\\\/spaziociclismo\\\/worldtour\\\/red-bull-bora-hansgrohe-a-7-settimane-dallinfortunio-al-tour-florian-lipowitz-tornera-in-gara-al-giro-della-toscana-se-staro-bene-il-mondiale-sara-un-obiettivo\\\/#respond\"]}]},{\"@type\":\"WebPage\",\"@id\":\"https:\\\/\\\/cyclingpro.net\\\/spaziociclismo\\\/worldtour\\\/red-bull-bora-hansgrohe-a-7-settimane-dallinfortunio-al-tour-florian-lipowitz-tornera-in-gara-al-giro-della-toscana-se-staro-bene-il-mondiale-sara-un-obiettivo\\\/\",\"url\":\"https:\\\/\\\/cyclingpro.net\\\/spaziociclismo\\\/worldtour\\\/red-bull-bora-hansgrohe-a-7-settimane-dallinfortunio-al-tour-florian-lipowitz-tornera-in-gara-al-giro-della-toscana-se-staro-bene-il-mondiale-sara-un-obiettivo\\\/\",\"name\":\"Red Bull-Bora-hansgrohe, a 7 settimane dall'infortunio al Tour Florian Lipowitz torner\u00e0 in gara al Giro della Toscana: \\\"Se star\u00f2 bene, il Mondiale sar\u00e0 un obiettivo\\\" - SpazioCiclismo\",\"isPartOf\":{\"@id\":\"https:\\\/\\\/cyclingpro.net\\\/spaziociclismo\\\/#website\"},\"primaryImageOfPage\":{\"@id\":\"https:\\\/\\\/cyclingpro.net\\\/spaziociclismo\\\/worldtour\\\/red-bull-bora-hansgrohe-a-7-settimane-dallinfortunio-al-tour-florian-lipowitz-tornera-in-gara-al-giro-della-toscana-se-staro-bene-il-mondiale-sara-un-obiettivo\\\/#primaryimage\"},\"image\":{\"@id\":\"https:\\\/\\\/cyclingpro.net\\\/spaziociclismo\\\/worldtour\\\/red-bull-bora-hansgrohe-a-7-settimane-dallinfortunio-al-tour-florian-lipowitz-tornera-in-gara-al-giro-della-toscana-se-staro-bene-il-mondiale-sara-un-obiettivo\\\/#primaryimage\"},\"thumbnailUrl\":\"https:\\\/\\\/cyclingpro.net\\\/spaziociclismo\\\/wp-content\\\/uploads\\\/2026\\\/05\\\/1268901007.webp\",\"datePublished\":\"2026-09-02T08:32:32+00:00\",\"dateModified\":\"2026-09-02T08:48:15+00:00\",\"breadcrumb\":{\"@id\":\"https:\\\/\\\/cyclingpro.net\\\/spaziociclismo\\\/worldtour\\\/red-bull-bora-hansgrohe-a-7-settimane-dallinfortunio-al-tour-florian-lipowitz-tornera-in-gara-al-giro-della-toscana-se-staro-bene-il-mondiale-sara-un-obiettivo\\\/#breadcrumb\"},\"inLanguage\":\"it-IT\",\"potentialAction\":[{\"@type\":\"ReadAction\",\"target\":[\"https:\\\/\\\/cyclingpro.net\\\/spaziociclismo\\\/worldtour\\\/red-bull-bora-hansgrohe-a-7-settimane-dallinfortunio-al-tour-florian-lipowitz-tornera-in-gara-al-giro-della-toscana-se-staro-bene-il-mondiale-sara-un-obiettivo\\\/\"]}]},{\"@type\":\"ImageObject\",\"inLanguage\":\"it-IT\",\"@id\":\"https:\\\/\\\/cyclingpro.net\\\/spaziociclismo\\\/worldtour\\\/red-bull-bora-hansgrohe-a-7-settimane-dallinfortunio-al-tour-florian-lipowitz-tornera-in-gara-al-giro-della-toscana-se-staro-bene-il-mondiale-sara-un-obiettivo\\\/#primaryimage\",\"url\":\"https:\\\/\\\/cyclingpro.net\\\/spaziociclismo\\\/wp-content\\\/uploads\\\/2026\\\/05\\\/1268901007.webp\",\"contentUrl\":\"https:\\\/\\\/cyclingpro.net\\\/spaziociclismo\\\/wp-content\\\/uploads\\\/2026\\\/05\\\/1268901007.webp\",\"width\":1200,\"height\":800,\"caption\":\"\u00a9 Sirotti\"},{\"@type\":\"BreadcrumbList\",\"@id\":\"https:\\\/\\\/cyclingpro.net\\\/spaziociclismo\\\/worldtour\\\/red-bull-bora-hansgrohe-a-7-settimane-dallinfortunio-al-tour-florian-lipowitz-tornera-in-gara-al-giro-della-toscana-se-staro-bene-il-mondiale-sara-un-obiettivo\\\/#breadcrumb\",\"itemListElement\":[{\"@type\":\"ListItem\",\"position\":1,\"name\":\"Home\",\"item\":\"https:\\\/\\\/cyclingpro.net\\\/spaziociclismo\\\/\"},{\"@type\":\"ListItem\",\"position\":2,\"name\":\"Red Bull-Bora-hansgrohe, a 7 settimane dall&#8217;infortunio al Tour Florian Lipowitz torner\u00e0 in gara al Giro della Toscana: &#8220;Se star\u00f2 bene, il Mondiale sar\u00e0 un obiettivo&#8221;\"}]},{\"@type\":\"WebSite\",\"@id\":\"https:\\\/\\\/cyclingpro.net\\\/spaziociclismo\\\/#website\",\"url\":\"https:\\\/\\\/cyclingpro.net\\\/spaziociclismo\\\/\",\"name\":\"SpazioCiclismo\",\"description\":\"Tutto il ciclismo minuto per minuto\",\"publisher\":{\"@id\":\"https:\\\/\\\/cyclingpro.net\\\/spaziociclismo\\\/#organization\"},\"potentialAction\":[{\"@type\":\"SearchAction\",\"target\":{\"@type\":\"EntryPoint\",\"urlTemplate\":\"https:\\\/\\\/cyclingpro.net\\\/spaziociclismo\\\/?s={search_term_string}\"},\"query-input\":{\"@type\":\"PropertyValueSpecification\",\"valueRequired\":true,\"valueName\":\"search_term_string\"}}],\"inLanguage\":\"it-IT\"},{\"@type\":\"Organization\",\"@id\":\"https:\\\/\\\/cyclingpro.net\\\/spaziociclismo\\\/#organization\",\"name\":\"SpazioCiclismo\",\"url\":\"https:\\\/\\\/cyclingpro.net\\\/spaziociclismo\\\/\",\"logo\":{\"@type\":\"ImageObject\",\"inLanguage\":\"it-IT\",\"@id\":\"https:\\\/\\\/cyclingpro.net\\\/spaziociclismo\\\/#\\\/schema\\\/logo\\\/image\\\/\",\"url\":\"https:\\\/\\\/cyclingpro.net\\\/spaziociclismo\\\/wp-content\\\/uploads\\\/2017\\\/02\\\/SpazioCiclismo-Logo-Quadrato.png\",\"contentUrl\":\"https:\\\/\\\/cyclingpro.net\\\/spaziociclismo\\\/wp-content\\\/uploads\\\/2017\\\/02\\\/SpazioCiclismo-Logo-Quadrato.png\",\"width\":450,\"height\":450,\"caption\":\"SpazioCiclismo\"},\"image\":{\"@id\":\"https:\\\/\\\/cyclingpro.net\\\/spaziociclismo\\\/#\\\/schema\\\/logo\\\/image\\\/\"},\"sameAs\":[\"https:\\\/\\\/www.facebook.com\\\/SpazioCiclismo\\\/\",\"https:\\\/\\\/x.com\\\/spaziociclismo\",\"https:\\\/\\\/www.instagram.com\\\/spaziociclismo\\\/\"]},{\"@type\":\"Person\",\"@id\":\"https:\\\/\\\/cyclingpro.net\\\/spaziociclismo\\\/#\\\/schema\\\/person\\\/627dbc08c9712c25304b059bbb765de8\",\"name\":\"Francesco Mitola\",\"image\":{\"@type\":\"ImageObject\",\"inLanguage\":\"it-IT\",\"@id\":\"https:\\\/\\\/secure.gravatar.com\\\/avatar\\\/dc58a640368550cd17129d2ff185eec5cb2821b7c3403fc06dcaca847ae762d3?s=96&d=mm&r=g\",\"url\":\"https:\\\/\\\/secure.gravatar.com\\\/avatar\\\/dc58a640368550cd17129d2ff185eec5cb2821b7c3403fc06dcaca847ae762d3?s=96&d=mm&r=g\",\"contentUrl\":\"https:\\\/\\\/secure.gravatar.com\\\/avatar\\\/dc58a640368550cd17129d2ff185eec5cb2821b7c3403fc06dcaca847ae762d3?s=96&d=mm&r=g\",\"caption\":\"Francesco Mitola\"},\"url\":\"https:\\\/\\\/cyclingpro.net\\\/spaziociclismo\\\/author\\\/fmitola\\\/\"}]}<\/script>\n<!-- \/ Yoast SEO plugin. -->","yoast_head_json":{"title":"Red Bull-Bora-hansgrohe, a 7 settimane dall'infortunio al Tour Florian Lipowitz torner\u00e0 in gara al Giro della Toscana: \"Se star\u00f2 bene, il Mondiale sar\u00e0 un obiettivo\" - SpazioCiclismo","robots":{"index":"index","follow":"follow","max-snippet":"max-snippet:-1","max-image-preview":"max-image-preview:large","max-video-preview":"max-video-preview:-1"},"canonical":"https:\/\/cyclingpro.net\/spaziociclismo\/worldtour\/red-bull-bora-hansgrohe-a-7-settimane-dallinfortunio-al-tour-florian-lipowitz-tornera-in-gara-al-giro-della-toscana-se-staro-bene-il-mondiale-sara-un-obiettivo\/","og_locale":"it_IT","og_type":"article","og_title":"Red Bull-Bora-hansgrohe, a 7 settimane dall'infortunio al Tour Florian Lipowitz torner\u00e0 in gara al Giro della Toscana: \"Se star\u00f2 bene, il Mondiale sar\u00e0 un obiettivo\" - SpazioCiclismo","og_description":"Il tedesco si ruppe una clavicola (come avvenuto pochi giorni fa a Tadej Poga\u010dar) al #tourdefrance e torner\u00e0 in gara a distanza di 6 settimane dall'incidente. #GirodellaToscana","og_url":"https:\/\/cyclingpro.net\/spaziociclismo\/worldtour\/red-bull-bora-hansgrohe-a-7-settimane-dallinfortunio-al-tour-florian-lipowitz-tornera-in-gara-al-giro-della-toscana-se-staro-bene-il-mondiale-sara-un-obiettivo\/","og_site_name":"SpazioCiclismo","article_publisher":"https:\/\/www.facebook.com\/SpazioCiclismo\/","article_published_time":"2026-09-02T08:32:32+00:00","article_modified_time":"2026-09-02T08:48:15+00:00","og_image":[{"width":1200,"height":800,"url":"https:\/\/cyclingpro.net\/spaziociclismo\/wp-content\/uploads\/2026\/05\/1268901007.webp","type":"image\/webp"}],"author":"Francesco Mitola","twitter_card":"summary_large_image","twitter_creator":"@spaziociclismo","twitter_site":"@spaziociclismo","twitter_misc":{"Scritto da":"Francesco Mitola","Tempo di lettura stimato":"3 minuti"},"schema":{"@context":"https:\/\/schema.org","@graph":[{"@type":"Article","@id":"https:\/\/cyclingpro.net\/spaziociclismo\/worldtour\/red-bull-bora-hansgrohe-a-7-settimane-dallinfortunio-al-tour-florian-lipowitz-tornera-in-gara-al-giro-della-toscana-se-staro-bene-il-mondiale-sara-un-obiettivo\/#article","isPartOf":{"@id":"https:\/\/cyclingpro.net\/spaziociclismo\/worldtour\/red-bull-bora-hansgrohe-a-7-settimane-dallinfortunio-al-tour-florian-lipowitz-tornera-in-gara-al-giro-della-toscana-se-staro-bene-il-mondiale-sara-un-obiettivo\/"},"author":{"name":"Francesco Mitola","@id":"https:\/\/cyclingpro.net\/spaziociclismo\/#\/schema\/person\/627dbc08c9712c25304b059bbb765de8"},"headline":"Red Bull-Bora-hansgrohe, a 7 settimane dall&#8217;infortunio al Tour Florian Lipowitz torner\u00e0 in gara al Giro della Toscana: &#8220;Se star\u00f2 bene, il Mondiale sar\u00e0 un obiettivo&#8221;","datePublished":"2026-09-02T08:32:32+00:00","dateModified":"2026-09-02T08:48:15+00:00","mainEntityOfPage":{"@id":"https:\/\/cyclingpro.net\/spaziociclismo\/worldtour\/red-bull-bora-hansgrohe-a-7-settimane-dallinfortunio-al-tour-florian-lipowitz-tornera-in-gara-al-giro-della-toscana-se-staro-bene-il-mondiale-sara-un-obiettivo\/"},"wordCount":354,"commentCount":0,"publisher":{"@id":"https:\/\/cyclingpro.net\/spaziociclismo\/#organization"},"image":{"@id":"https:\/\/cyclingpro.net\/spaziociclismo\/worldtour\/red-bull-bora-hansgrohe-a-7-settimane-dallinfortunio-al-tour-florian-lipowitz-tornera-in-gara-al-giro-della-toscana-se-staro-bene-il-mondiale-sara-un-obiettivo\/#primaryimage"},"thumbnailUrl":"https:\/\/cyclingpro.net\/spaziociclismo\/wp-content\/uploads\/2026\/05\/1268901007.webp","keywords":["Florian Lipowitz","Red Bull - Bora - hansgrohe 2026"],"articleSection":["WorldTour"],"inLanguage":"it-IT","potentialAction":[{"@type":"CommentAction","name":"Comment","target":["https:\/\/cyclingpro.net\/spaziociclismo\/worldtour\/red-bull-bora-hansgrohe-a-7-settimane-dallinfortunio-al-tour-florian-lipowitz-tornera-in-gara-al-giro-della-toscana-se-staro-bene-il-mondiale-sara-un-obiettivo\/#respond"]}]},{"@type":"WebPage","@id":"https:\/\/cyclingpro.net\/spaziociclismo\/worldtour\/red-bull-bora-hansgrohe-a-7-settimane-dallinfortunio-al-tour-florian-lipowitz-tornera-in-gara-al-giro-della-toscana-se-staro-bene-il-mondiale-sara-un-obiettivo\/","url":"https:\/\/cyclingpro.net\/spaziociclismo\/worldtour\/red-bull-bora-hansgrohe-a-7-settimane-dallinfortunio-al-tour-florian-lipowitz-tornera-in-gara-al-giro-della-toscana-se-staro-bene-il-mondiale-sara-un-obiettivo\/","name":"Red Bull-Bora-hansgrohe, a 7 settimane dall'infortunio al Tour Florian Lipowitz torner\u00e0 in gara al Giro della Toscana: \"Se star\u00f2 bene, il Mondiale sar\u00e0 un obiettivo\" - SpazioCiclismo","isPartOf":{"@id":"https:\/\/cyclingpro.net\/spaziociclismo\/#website"},"primaryImageOfPage":{"@id":"https:\/\/cyclingpro.net\/spaziociclismo\/worldtour\/red-bull-bora-hansgrohe-a-7-settimane-dallinfortunio-al-tour-florian-lipowitz-tornera-in-gara-al-giro-della-toscana-se-staro-bene-il-mondiale-sara-un-obiettivo\/#primaryimage"},"image":{"@id":"https:\/\/cyclingpro.net\/spaziociclismo\/worldtour\/red-bull-bora-hansgrohe-a-7-settimane-dallinfortunio-al-tour-florian-lipowitz-tornera-in-gara-al-giro-della-toscana-se-staro-bene-il-mondiale-sara-un-obiettivo\/#primaryimage"},"thumbnailUrl":"https:\/\/cyclingpro.net\/spaziociclismo\/wp-content\/uploads\/2026\/05\/1268901007.webp","datePublished":"2026-09-02T08:32:32+00:00","dateModified":"2026-09-02T08:48:15+00:00","breadcrumb":{"@id":"https:\/\/cyclingpro.net\/spaziociclismo\/worldtour\/red-bull-bora-hansgrohe-a-7-settimane-dallinfortunio-al-tour-florian-lipowitz-tornera-in-gara-al-giro-della-toscana-se-staro-bene-il-mondiale-sara-un-obiettivo\/#breadcrumb"},"inLanguage":"it-IT","potentialAction":[{"@type":"ReadAction","target":["https:\/\/cyclingpro.net\/spaziociclismo\/worldtour\/red-bull-bora-hansgrohe-a-7-settimane-dallinfortunio-al-tour-florian-lipowitz-tornera-in-gara-al-giro-della-toscana-se-staro-bene-il-mondiale-sara-un-obiettivo\/"]}]},{"@type":"ImageObject","inLanguage":"it-IT","@id":"https:\/\/cyclingpro.net\/spaziociclismo\/worldtour\/red-bull-bora-hansgrohe-a-7-settimane-dallinfortunio-al-tour-florian-lipowitz-tornera-in-gara-al-giro-della-toscana-se-staro-bene-il-mondiale-sara-un-obiettivo\/#primaryimage","url":"https:\/\/cyclingpro.net\/spaziociclismo\/wp-content\/uploads\/2026\/05\/1268901007.webp","contentUrl":"https:\/\/cyclingpro.net\/spaziociclismo\/wp-content\/uploads\/2026\/05\/1268901007.webp","width":1200,"height":800,"caption":"\u00a9 Sirotti"},{"@type":"BreadcrumbList","@id":"https:\/\/cyclingpro.net\/spaziociclismo\/worldtour\/red-bull-bora-hansgrohe-a-7-settimane-dallinfortunio-al-tour-florian-lipowitz-tornera-in-gara-al-giro-della-toscana-se-staro-bene-il-mondiale-sara-un-obiettivo\/#breadcrumb","itemListElement":[{"@type":"ListItem","position":1,"name":"Home","item":"https:\/\/cyclingpro.net\/spaziociclismo\/"},{"@type":"ListItem","position":2,"name":"Red Bull-Bora-hansgrohe, a 7 settimane dall&#8217;infortunio al Tour Florian Lipowitz torner\u00e0 in gara al Giro della Toscana: &#8220;Se star\u00f2 bene, il Mondiale sar\u00e0 un obiettivo&#8221;"}]},{"@type":"WebSite","@id":"https:\/\/cyclingpro.net\/spaziociclismo\/#website","url":"https:\/\/cyclingpro.net\/spaziociclismo\/","name":"SpazioCiclismo","description":"Tutto il ciclismo minuto per minuto","publisher":{"@id":"https:\/\/cyclingpro.net\/spaziociclismo\/#organization"},"potentialAction":[{"@type":"SearchAction","target":{"@type":"EntryPoint","urlTemplate":"https:\/\/cyclingpro.net\/spaziociclismo\/?s={search_term_string}"},"query-input":{"@type":"PropertyValueSpecification","valueRequired":true,"valueName":"search_term_string"}}],"inLanguage":"it-IT"},{"@type":"Organization","@id":"https:\/\/cyclingpro.net\/spaziociclismo\/#organization","name":"SpazioCiclismo","url":"https:\/\/cyclingpro.net\/spaziociclismo\/","logo":{"@type":"ImageObject","inLanguage":"it-IT","@id":"https:\/\/cyclingpro.net\/spaziociclismo\/#\/schema\/logo\/image\/","url":"https:\/\/cyclingpro.net\/spaziociclismo\/wp-content\/uploads\/2017\/02\/SpazioCiclismo-Logo-Quadrato.png","contentUrl":"https:\/\/cyclingpro.net\/spaziociclismo\/wp-content\/uploads\/2017\/02\/SpazioCiclismo-Logo-Quadrato.png","width":450,"height":450,"caption":"SpazioCiclismo"},"image":{"@id":"https:\/\/cyclingpro.net\/spaziociclismo\/#\/schema\/logo\/image\/"},"sameAs":["https:\/\/www.facebook.com\/SpazioCiclismo\/","https:\/\/x.com\/spaziociclismo","https:\/\/www.instagram.com\/spaziociclismo\/"]},{"@type":"Person","@id":"https:\/\/cyclingpro.net\/spaziociclismo\/#\/schema\/person\/627dbc08c9712c25304b059bbb765de8","name":"Francesco Mitola","image":{"@type":"ImageObject","inLanguage":"it-IT","@id":"https:\/\/secure.gravatar.com\/avatar\/dc58a640368550cd17129d2ff185eec5cb2821b7c3403fc06dcaca847ae762d3?s=96&d=mm&r=g","url":"https:\/\/secure.gravatar.com\/avatar\/dc58a640368550cd17129d2ff185eec5cb2821b7c3403fc06dcaca847ae762d3?s=96&d=mm&r=g","contentUrl":"https:\/\/secure.gravatar.com\/avatar\/dc58a640368550cd17129d2ff185eec5cb2821b7c3403fc06dcaca847ae762d3?s=96&d=mm&r=g","caption":"Francesco Mitola"},"url":"https:\/\/cyclingpro.net\/spaziociclismo\/author\/fmitola\/"}]}},"_links":{"self":[{"href":"https:\/\/cyclingpro.net\/spaziociclismo\/wp-json\/wp\/v2\/posts\/393262","targetHints":{"allow":["GET"]}}],"collection":[{"href":"https:\/\/cyclingpro.net\/spaziociclismo\/wp-json\/wp\/v2\/posts"}],"about":[{"href":"https:\/\/cyclingpro.net\/spaziociclismo\/wp-json\/wp\/v2\/types\/post"}],"author":[{"embeddable":true,"href":"https:\/\/cyclingpro.net\/spaziociclismo\/wp-json\/wp\/v2\/users\/25"}],"replies":[{"embeddable":true,"href":"https:\/\/cyclingpro.net\/spaziociclismo\/wp-json\/wp\/v2\/comments?post=393262"}],"version-history":[{"count":4,"href":"https:\/\/cyclingpro.net\/spaziociclismo\/wp-json\/wp\/v2\/posts\/393262\/revisions"}],"predecessor-version":[{"id":393264,"href":"https:\/\/cyclingpro.net\/spaziociclismo\/wp-json\/wp\/v2\/posts\/393262\/revisions\/393264"}],"wp:featuredmedia":[{"embeddable":true,"href":"https:\/\/cyclingpro.net\/spaziociclismo\/wp-json\/wp\/v2\/media\/376066"}],"wp:attachment":[{"href":"https:\/\/cyclingpro.net\/spaziociclismo\/wp-json\/wp\/v2\/media?parent=393262"}],"wp:term":[{"taxonomy":"category","embeddable":true,"href":"https:\/\/cyclingpro.net\/spaziociclismo\/wp-json\/wp\/v2\/categories?post=393262"},{"taxonomy":"post_tag","embeddable":true,"href":"https:\/\/cyclingpro.net\/spaziociclismo\/wp-json\/wp\/v2\/tags?post=393262"}],"curies":[{"name":"wp","href":"https:\/\/api.w.org\/{rel}","templated":true}]}}