{"id":393255,"date":"2026-09-02T10:19:13","date_gmt":"2026-09-02T08:19:13","guid":{"rendered":"https:\/\/cyclingpro.net\/spaziociclismo\/?p=393255"},"modified":"2026-09-02T10:19:13","modified_gmt":"2026-09-02T08:19:13","slug":"mtb-chiara-teocchi-ha-rischiato-la-vita-dopo-una-caduta-in-gara-arresto-cardiaco-in-ospedale-ora-sto-bene-ma-ho-davanti-un-lungo-viaggio","status":"publish","type":"post","link":"https:\/\/cyclingpro.net\/spaziociclismo\/altro\/mtb\/mtb-chiara-teocchi-ha-rischiato-la-vita-dopo-una-caduta-in-gara-arresto-cardiaco-in-ospedale-ora-sto-bene-ma-ho-davanti-un-lungo-viaggio\/","title":{"rendered":"MTB, Chiara Teocchi ha rischiato la vita dopo una caduta in gara: &#8220;Arresto cardiaco in ospedale &#8211; Ora sto bene ma ho davanti un lungo viaggio&#8221;"},"content":{"rendered":"<p><strong>Chiara Teocchi<\/strong> ha rischiato la vita dopo una caduta avvenuta durante una gara di Mountain Bike. L&#8217;atleta bergamasca, 29 anni, \u00e8 finita a terra nel corso della prova di <strong>Coppa del Mondo di La Thuile<\/strong> dello scorso 5 luglio. Da allora Teocchi ha vissuto momenti difficilissimi, che ora sono fortunatamente alle spalle, anche se tutto quel che \u00e8 accaduto a seguito di quell&#8217;incidente ha portato a delle conseguenze sulla vita di tutti i giorni. \u00c8 stata proprio lei a raccontare tutto quello che le \u00e8 successo in questo periodo ed a rendere note quelle che sono le sue attuali condizioni fisiche.<\/p>\n<p>In seguito alla caduta, Teocchi era stata ricoverata prima all&#8217;ospedale di Aosta e poi spostata in quello di Bergamo, dove le era stata riscontrata una lesione midollare alla schiena. &#8220;Abbiamo deciso di fare l&#8217;operazione &#8211; racconta l&#8217;atleta &#8211; Purtroppo, durante l&#8217;operazione, <strong>ho avuto una reazione allergica a un anestetico e ho avuto un arresto cardiaco, che \u00e8 durato quasi un&#8217;ora<\/strong>. \u00c8 stato un momento veramente difficile, ma grazie allo staff della Chirurgia Cardiaca dell&#8217;ospedale di Bergamo sono qua. Ho vinto la mia gara pi\u00f9 importante&#8221;.<\/p>\n<p>Teocchi, <a href=\"https:\/\/cyclingpro.net\/spaziociclismo\/sintesi-gare\/parigi-2024-pauline-ferrand-prevot-trionfa-nel-cross-country-donne\/\" target=\"_blank\" rel=\"noopener\">che in carriera ha partecipato alla prova di MTB dei <strong>Giochi olimpici di Parigi 2024<\/strong><\/a> (undicesima all&#8217;arrivo) e che, fra le altre cose, \u00e8 stata bronzo ai <strong>Mondiali di Gravel 2022<\/strong>, aggiunge: &#8220;Ora sto bene, sto meglio e ho una &#8216;nuova amica&#8217;. Sono su una sedia a rotelle. Non si sa per quanto, ma ce la sto mettendo tutta per recuperare. Sar\u00e0 un lungo periodo e un lungo viaggio, ma ce la metter\u00f2 tutta per tornare in piedi e magari in sella&#8221;.<\/p>\n<p>\u00c8 stata aperta una raccolta fondi per sostenere Teocchi nel suo percorso di riabilitazione. I dettagli dell&#8217;iniziativa e le modalit\u00e0 <a href=\"https:\/\/gofund.me\/7465d6bc0\" target=\"_blank\" rel=\"noopener\">per parteciparvi sono consultabili a questo indirizzo:\u00a0<\/a><a href=\"https:\/\/gofund.me\/7465d6bc0\" target=\"_blank\" rel=\"noopener\">https:\/\/gofund.me\/7465d6bc0<\/a>.<\/p>\n","protected":false},"excerpt":{"rendered":"<p>L&#8217;atleta bergamasca era caduta durante la prova di #UCIMTBWorldCup a La Thuile lo scorso 5 luglio. <\/p>\n","protected":false},"author":25,"featured_media":393256,"comment_status":"open","ping_status":"closed","sticky":false,"template":"","format":"standard","meta":{"footnotes":"","_members_access_role":[],"_members_access_error":""},"categories":[5474],"tags":[1595],"class_list":["post-393255","post","type-post","status-publish","format-standard","has-post-thumbnail","hentry","category-mtb","tag-chiara-teocchi"],"yoast_head":"<!-- This site is optimized with the Yoast SEO plugin v28.3 - https:\/\/yoast.com\/product\/yoast-seo-wordpress\/ -->\n<title>MTB, Chiara Teocchi ha rischiato la vita dopo una caduta in gara: &quot;Arresto cardiaco in ospedale - Ora sto bene ma ho davanti un lungo viaggio&quot; - SpazioCiclismo<\/title>\n<meta name=\"robots\" content=\"index, follow, max-snippet:-1, max-image-preview:large, max-video-preview:-1\" \/>\n<link rel=\"canonical\" href=\"https:\/\/cyclingpro.net\/spaziociclismo\/altro\/mtb\/mtb-chiara-teocchi-ha-rischiato-la-vita-dopo-una-caduta-in-gara-arresto-cardiaco-in-ospedale-ora-sto-bene-ma-ho-davanti-un-lungo-viaggio\/\" \/>\n<meta property=\"og:locale\" content=\"it_IT\" \/>\n<meta property=\"og:type\" content=\"article\" \/>\n<meta property=\"og:title\" content=\"MTB, Chiara Teocchi ha rischiato la vita dopo una caduta in gara: &quot;Arresto cardiaco in ospedale - Ora sto bene ma ho davanti un lungo viaggio&quot; - SpazioCiclismo\" \/>\n<meta property=\"og:description\" content=\"L&#039;atleta bergamasca era caduta durante la prova di #UCIMTBWorldCup a La Thuile lo scorso 5 luglio.\" \/>\n<meta property=\"og:url\" content=\"https:\/\/cyclingpro.net\/spaziociclismo\/altro\/mtb\/mtb-chiara-teocchi-ha-rischiato-la-vita-dopo-una-caduta-in-gara-arresto-cardiaco-in-ospedale-ora-sto-bene-ma-ho-davanti-un-lungo-viaggio\/\" \/>\n<meta property=\"og:site_name\" content=\"SpazioCiclismo\" \/>\n<meta property=\"article:publisher\" content=\"https:\/\/www.facebook.com\/SpazioCiclismo\/\" \/>\n<meta property=\"article:published_time\" content=\"2026-09-02T08:19:13+00:00\" \/>\n<meta property=\"og:image\" content=\"https:\/\/cyclingpro.net\/spaziociclismo\/wp-content\/uploads\/2026\/09\/chiara-teocchi-mtb.jpg\" \/>\n\t<meta property=\"og:image:width\" content=\"677\" \/>\n\t<meta property=\"og:image:height\" content=\"463\" \/>\n\t<meta property=\"og:image:type\" content=\"image\/jpeg\" \/>\n<meta name=\"author\" content=\"Francesco Mitola\" \/>\n<meta name=\"twitter:card\" content=\"summary_large_image\" \/>\n<meta name=\"twitter:creator\" content=\"@spaziociclismo\" \/>\n<meta name=\"twitter:site\" content=\"@spaziociclismo\" \/>\n<meta name=\"twitter:label1\" content=\"Scritto da\" \/>\n\t<meta name=\"twitter:data1\" content=\"Francesco Mitola\" \/>\n\t<meta name=\"twitter:label2\" content=\"Tempo di lettura stimato\" \/>\n\t<meta name=\"twitter:data2\" content=\"2 minuti\" \/>\n<script type=\"application\/ld+json\" class=\"yoast-schema-graph\">{\"@context\":\"https:\\\/\\\/schema.org\",\"@graph\":[{\"@type\":\"Article\",\"@id\":\"https:\\\/\\\/cyclingpro.net\\\/spaziociclismo\\\/altro\\\/mtb\\\/mtb-chiara-teocchi-ha-rischiato-la-vita-dopo-una-caduta-in-gara-arresto-cardiaco-in-ospedale-ora-sto-bene-ma-ho-davanti-un-lungo-viaggio\\\/#article\",\"isPartOf\":{\"@id\":\"https:\\\/\\\/cyclingpro.net\\\/spaziociclismo\\\/altro\\\/mtb\\\/mtb-chiara-teocchi-ha-rischiato-la-vita-dopo-una-caduta-in-gara-arresto-cardiaco-in-ospedale-ora-sto-bene-ma-ho-davanti-un-lungo-viaggio\\\/\"},\"author\":{\"name\":\"Francesco Mitola\",\"@id\":\"https:\\\/\\\/cyclingpro.net\\\/spaziociclismo\\\/#\\\/schema\\\/person\\\/627dbc08c9712c25304b059bbb765de8\"},\"headline\":\"MTB, Chiara Teocchi ha rischiato la vita dopo una caduta in gara: &#8220;Arresto cardiaco in ospedale &#8211; Ora sto bene ma ho davanti un lungo viaggio&#8221;\",\"datePublished\":\"2026-09-02T08:19:13+00:00\",\"mainEntityOfPage\":{\"@id\":\"https:\\\/\\\/cyclingpro.net\\\/spaziociclismo\\\/altro\\\/mtb\\\/mtb-chiara-teocchi-ha-rischiato-la-vita-dopo-una-caduta-in-gara-arresto-cardiaco-in-ospedale-ora-sto-bene-ma-ho-davanti-un-lungo-viaggio\\\/\"},\"wordCount\":325,\"commentCount\":0,\"publisher\":{\"@id\":\"https:\\\/\\\/cyclingpro.net\\\/spaziociclismo\\\/#organization\"},\"image\":{\"@id\":\"https:\\\/\\\/cyclingpro.net\\\/spaziociclismo\\\/altro\\\/mtb\\\/mtb-chiara-teocchi-ha-rischiato-la-vita-dopo-una-caduta-in-gara-arresto-cardiaco-in-ospedale-ora-sto-bene-ma-ho-davanti-un-lungo-viaggio\\\/#primaryimage\"},\"thumbnailUrl\":\"https:\\\/\\\/cyclingpro.net\\\/spaziociclismo\\\/wp-content\\\/uploads\\\/2026\\\/09\\\/chiara-teocchi-mtb.jpg\",\"keywords\":[\"Chiara Teocchi\"],\"articleSection\":[\"MTB\"],\"inLanguage\":\"it-IT\",\"potentialAction\":[{\"@type\":\"CommentAction\",\"name\":\"Comment\",\"target\":[\"https:\\\/\\\/cyclingpro.net\\\/spaziociclismo\\\/altro\\\/mtb\\\/mtb-chiara-teocchi-ha-rischiato-la-vita-dopo-una-caduta-in-gara-arresto-cardiaco-in-ospedale-ora-sto-bene-ma-ho-davanti-un-lungo-viaggio\\\/#respond\"]}]},{\"@type\":\"WebPage\",\"@id\":\"https:\\\/\\\/cyclingpro.net\\\/spaziociclismo\\\/altro\\\/mtb\\\/mtb-chiara-teocchi-ha-rischiato-la-vita-dopo-una-caduta-in-gara-arresto-cardiaco-in-ospedale-ora-sto-bene-ma-ho-davanti-un-lungo-viaggio\\\/\",\"url\":\"https:\\\/\\\/cyclingpro.net\\\/spaziociclismo\\\/altro\\\/mtb\\\/mtb-chiara-teocchi-ha-rischiato-la-vita-dopo-una-caduta-in-gara-arresto-cardiaco-in-ospedale-ora-sto-bene-ma-ho-davanti-un-lungo-viaggio\\\/\",\"name\":\"MTB, Chiara Teocchi ha rischiato la vita dopo una caduta in gara: \\\"Arresto cardiaco in ospedale - Ora sto bene ma ho davanti un lungo viaggio\\\" - SpazioCiclismo\",\"isPartOf\":{\"@id\":\"https:\\\/\\\/cyclingpro.net\\\/spaziociclismo\\\/#website\"},\"primaryImageOfPage\":{\"@id\":\"https:\\\/\\\/cyclingpro.net\\\/spaziociclismo\\\/altro\\\/mtb\\\/mtb-chiara-teocchi-ha-rischiato-la-vita-dopo-una-caduta-in-gara-arresto-cardiaco-in-ospedale-ora-sto-bene-ma-ho-davanti-un-lungo-viaggio\\\/#primaryimage\"},\"image\":{\"@id\":\"https:\\\/\\\/cyclingpro.net\\\/spaziociclismo\\\/altro\\\/mtb\\\/mtb-chiara-teocchi-ha-rischiato-la-vita-dopo-una-caduta-in-gara-arresto-cardiaco-in-ospedale-ora-sto-bene-ma-ho-davanti-un-lungo-viaggio\\\/#primaryimage\"},\"thumbnailUrl\":\"https:\\\/\\\/cyclingpro.net\\\/spaziociclismo\\\/wp-content\\\/uploads\\\/2026\\\/09\\\/chiara-teocchi-mtb.jpg\",\"datePublished\":\"2026-09-02T08:19:13+00:00\",\"breadcrumb\":{\"@id\":\"https:\\\/\\\/cyclingpro.net\\\/spaziociclismo\\\/altro\\\/mtb\\\/mtb-chiara-teocchi-ha-rischiato-la-vita-dopo-una-caduta-in-gara-arresto-cardiaco-in-ospedale-ora-sto-bene-ma-ho-davanti-un-lungo-viaggio\\\/#breadcrumb\"},\"inLanguage\":\"it-IT\",\"potentialAction\":[{\"@type\":\"ReadAction\",\"target\":[\"https:\\\/\\\/cyclingpro.net\\\/spaziociclismo\\\/altro\\\/mtb\\\/mtb-chiara-teocchi-ha-rischiato-la-vita-dopo-una-caduta-in-gara-arresto-cardiaco-in-ospedale-ora-sto-bene-ma-ho-davanti-un-lungo-viaggio\\\/\"]}]},{\"@type\":\"ImageObject\",\"inLanguage\":\"it-IT\",\"@id\":\"https:\\\/\\\/cyclingpro.net\\\/spaziociclismo\\\/altro\\\/mtb\\\/mtb-chiara-teocchi-ha-rischiato-la-vita-dopo-una-caduta-in-gara-arresto-cardiaco-in-ospedale-ora-sto-bene-ma-ho-davanti-un-lungo-viaggio\\\/#primaryimage\",\"url\":\"https:\\\/\\\/cyclingpro.net\\\/spaziociclismo\\\/wp-content\\\/uploads\\\/2026\\\/09\\\/chiara-teocchi-mtb.jpg\",\"contentUrl\":\"https:\\\/\\\/cyclingpro.net\\\/spaziociclismo\\\/wp-content\\\/uploads\\\/2026\\\/09\\\/chiara-teocchi-mtb.jpg\",\"width\":677,\"height\":463},{\"@type\":\"BreadcrumbList\",\"@id\":\"https:\\\/\\\/cyclingpro.net\\\/spaziociclismo\\\/altro\\\/mtb\\\/mtb-chiara-teocchi-ha-rischiato-la-vita-dopo-una-caduta-in-gara-arresto-cardiaco-in-ospedale-ora-sto-bene-ma-ho-davanti-un-lungo-viaggio\\\/#breadcrumb\",\"itemListElement\":[{\"@type\":\"ListItem\",\"position\":1,\"name\":\"Home\",\"item\":\"https:\\\/\\\/cyclingpro.net\\\/spaziociclismo\\\/\"},{\"@type\":\"ListItem\",\"position\":2,\"name\":\"MTB, Chiara Teocchi ha rischiato la vita dopo una caduta in gara: &#8220;Arresto cardiaco in ospedale &#8211; Ora sto bene ma ho davanti un lungo viaggio&#8221;\"}]},{\"@type\":\"WebSite\",\"@id\":\"https:\\\/\\\/cyclingpro.net\\\/spaziociclismo\\\/#website\",\"url\":\"https:\\\/\\\/cyclingpro.net\\\/spaziociclismo\\\/\",\"name\":\"SpazioCiclismo\",\"description\":\"Tutto il ciclismo minuto per minuto\",\"publisher\":{\"@id\":\"https:\\\/\\\/cyclingpro.net\\\/spaziociclismo\\\/#organization\"},\"potentialAction\":[{\"@type\":\"SearchAction\",\"target\":{\"@type\":\"EntryPoint\",\"urlTemplate\":\"https:\\\/\\\/cyclingpro.net\\\/spaziociclismo\\\/?s={search_term_string}\"},\"query-input\":{\"@type\":\"PropertyValueSpecification\",\"valueRequired\":true,\"valueName\":\"search_term_string\"}}],\"inLanguage\":\"it-IT\"},{\"@type\":\"Organization\",\"@id\":\"https:\\\/\\\/cyclingpro.net\\\/spaziociclismo\\\/#organization\",\"name\":\"SpazioCiclismo\",\"url\":\"https:\\\/\\\/cyclingpro.net\\\/spaziociclismo\\\/\",\"logo\":{\"@type\":\"ImageObject\",\"inLanguage\":\"it-IT\",\"@id\":\"https:\\\/\\\/cyclingpro.net\\\/spaziociclismo\\\/#\\\/schema\\\/logo\\\/image\\\/\",\"url\":\"https:\\\/\\\/cyclingpro.net\\\/spaziociclismo\\\/wp-content\\\/uploads\\\/2017\\\/02\\\/SpazioCiclismo-Logo-Quadrato.png\",\"contentUrl\":\"https:\\\/\\\/cyclingpro.net\\\/spaziociclismo\\\/wp-content\\\/uploads\\\/2017\\\/02\\\/SpazioCiclismo-Logo-Quadrato.png\",\"width\":450,\"height\":450,\"caption\":\"SpazioCiclismo\"},\"image\":{\"@id\":\"https:\\\/\\\/cyclingpro.net\\\/spaziociclismo\\\/#\\\/schema\\\/logo\\\/image\\\/\"},\"sameAs\":[\"https:\\\/\\\/www.facebook.com\\\/SpazioCiclismo\\\/\",\"https:\\\/\\\/x.com\\\/spaziociclismo\",\"https:\\\/\\\/www.instagram.com\\\/spaziociclismo\\\/\"]},{\"@type\":\"Person\",\"@id\":\"https:\\\/\\\/cyclingpro.net\\\/spaziociclismo\\\/#\\\/schema\\\/person\\\/627dbc08c9712c25304b059bbb765de8\",\"name\":\"Francesco Mitola\",\"image\":{\"@type\":\"ImageObject\",\"inLanguage\":\"it-IT\",\"@id\":\"https:\\\/\\\/secure.gravatar.com\\\/avatar\\\/dc58a640368550cd17129d2ff185eec5cb2821b7c3403fc06dcaca847ae762d3?s=96&d=mm&r=g\",\"url\":\"https:\\\/\\\/secure.gravatar.com\\\/avatar\\\/dc58a640368550cd17129d2ff185eec5cb2821b7c3403fc06dcaca847ae762d3?s=96&d=mm&r=g\",\"contentUrl\":\"https:\\\/\\\/secure.gravatar.com\\\/avatar\\\/dc58a640368550cd17129d2ff185eec5cb2821b7c3403fc06dcaca847ae762d3?s=96&d=mm&r=g\",\"caption\":\"Francesco Mitola\"},\"url\":\"https:\\\/\\\/cyclingpro.net\\\/spaziociclismo\\\/author\\\/fmitola\\\/\"}]}<\/script>\n<!-- \/ Yoast SEO plugin. -->","yoast_head_json":{"title":"MTB, Chiara Teocchi ha rischiato la vita dopo una caduta in gara: \"Arresto cardiaco in ospedale - Ora sto bene ma ho davanti un lungo viaggio\" - SpazioCiclismo","robots":{"index":"index","follow":"follow","max-snippet":"max-snippet:-1","max-image-preview":"max-image-preview:large","max-video-preview":"max-video-preview:-1"},"canonical":"https:\/\/cyclingpro.net\/spaziociclismo\/altro\/mtb\/mtb-chiara-teocchi-ha-rischiato-la-vita-dopo-una-caduta-in-gara-arresto-cardiaco-in-ospedale-ora-sto-bene-ma-ho-davanti-un-lungo-viaggio\/","og_locale":"it_IT","og_type":"article","og_title":"MTB, Chiara Teocchi ha rischiato la vita dopo una caduta in gara: \"Arresto cardiaco in ospedale - Ora sto bene ma ho davanti un lungo viaggio\" - SpazioCiclismo","og_description":"L'atleta bergamasca era caduta durante la prova di #UCIMTBWorldCup a La Thuile lo scorso 5 luglio.","og_url":"https:\/\/cyclingpro.net\/spaziociclismo\/altro\/mtb\/mtb-chiara-teocchi-ha-rischiato-la-vita-dopo-una-caduta-in-gara-arresto-cardiaco-in-ospedale-ora-sto-bene-ma-ho-davanti-un-lungo-viaggio\/","og_site_name":"SpazioCiclismo","article_publisher":"https:\/\/www.facebook.com\/SpazioCiclismo\/","article_published_time":"2026-09-02T08:19:13+00:00","og_image":[{"width":677,"height":463,"url":"https:\/\/cyclingpro.net\/spaziociclismo\/wp-content\/uploads\/2026\/09\/chiara-teocchi-mtb.jpg","type":"image\/jpeg"}],"author":"Francesco Mitola","twitter_card":"summary_large_image","twitter_creator":"@spaziociclismo","twitter_site":"@spaziociclismo","twitter_misc":{"Scritto da":"Francesco Mitola","Tempo di lettura stimato":"2 minuti"},"schema":{"@context":"https:\/\/schema.org","@graph":[{"@type":"Article","@id":"https:\/\/cyclingpro.net\/spaziociclismo\/altro\/mtb\/mtb-chiara-teocchi-ha-rischiato-la-vita-dopo-una-caduta-in-gara-arresto-cardiaco-in-ospedale-ora-sto-bene-ma-ho-davanti-un-lungo-viaggio\/#article","isPartOf":{"@id":"https:\/\/cyclingpro.net\/spaziociclismo\/altro\/mtb\/mtb-chiara-teocchi-ha-rischiato-la-vita-dopo-una-caduta-in-gara-arresto-cardiaco-in-ospedale-ora-sto-bene-ma-ho-davanti-un-lungo-viaggio\/"},"author":{"name":"Francesco Mitola","@id":"https:\/\/cyclingpro.net\/spaziociclismo\/#\/schema\/person\/627dbc08c9712c25304b059bbb765de8"},"headline":"MTB, Chiara Teocchi ha rischiato la vita dopo una caduta in gara: &#8220;Arresto cardiaco in ospedale &#8211; Ora sto bene ma ho davanti un lungo viaggio&#8221;","datePublished":"2026-09-02T08:19:13+00:00","mainEntityOfPage":{"@id":"https:\/\/cyclingpro.net\/spaziociclismo\/altro\/mtb\/mtb-chiara-teocchi-ha-rischiato-la-vita-dopo-una-caduta-in-gara-arresto-cardiaco-in-ospedale-ora-sto-bene-ma-ho-davanti-un-lungo-viaggio\/"},"wordCount":325,"commentCount":0,"publisher":{"@id":"https:\/\/cyclingpro.net\/spaziociclismo\/#organization"},"image":{"@id":"https:\/\/cyclingpro.net\/spaziociclismo\/altro\/mtb\/mtb-chiara-teocchi-ha-rischiato-la-vita-dopo-una-caduta-in-gara-arresto-cardiaco-in-ospedale-ora-sto-bene-ma-ho-davanti-un-lungo-viaggio\/#primaryimage"},"thumbnailUrl":"https:\/\/cyclingpro.net\/spaziociclismo\/wp-content\/uploads\/2026\/09\/chiara-teocchi-mtb.jpg","keywords":["Chiara Teocchi"],"articleSection":["MTB"],"inLanguage":"it-IT","potentialAction":[{"@type":"CommentAction","name":"Comment","target":["https:\/\/cyclingpro.net\/spaziociclismo\/altro\/mtb\/mtb-chiara-teocchi-ha-rischiato-la-vita-dopo-una-caduta-in-gara-arresto-cardiaco-in-ospedale-ora-sto-bene-ma-ho-davanti-un-lungo-viaggio\/#respond"]}]},{"@type":"WebPage","@id":"https:\/\/cyclingpro.net\/spaziociclismo\/altro\/mtb\/mtb-chiara-teocchi-ha-rischiato-la-vita-dopo-una-caduta-in-gara-arresto-cardiaco-in-ospedale-ora-sto-bene-ma-ho-davanti-un-lungo-viaggio\/","url":"https:\/\/cyclingpro.net\/spaziociclismo\/altro\/mtb\/mtb-chiara-teocchi-ha-rischiato-la-vita-dopo-una-caduta-in-gara-arresto-cardiaco-in-ospedale-ora-sto-bene-ma-ho-davanti-un-lungo-viaggio\/","name":"MTB, Chiara Teocchi ha rischiato la vita dopo una caduta in gara: \"Arresto cardiaco in ospedale - Ora sto bene ma ho davanti un lungo viaggio\" - SpazioCiclismo","isPartOf":{"@id":"https:\/\/cyclingpro.net\/spaziociclismo\/#website"},"primaryImageOfPage":{"@id":"https:\/\/cyclingpro.net\/spaziociclismo\/altro\/mtb\/mtb-chiara-teocchi-ha-rischiato-la-vita-dopo-una-caduta-in-gara-arresto-cardiaco-in-ospedale-ora-sto-bene-ma-ho-davanti-un-lungo-viaggio\/#primaryimage"},"image":{"@id":"https:\/\/cyclingpro.net\/spaziociclismo\/altro\/mtb\/mtb-chiara-teocchi-ha-rischiato-la-vita-dopo-una-caduta-in-gara-arresto-cardiaco-in-ospedale-ora-sto-bene-ma-ho-davanti-un-lungo-viaggio\/#primaryimage"},"thumbnailUrl":"https:\/\/cyclingpro.net\/spaziociclismo\/wp-content\/uploads\/2026\/09\/chiara-teocchi-mtb.jpg","datePublished":"2026-09-02T08:19:13+00:00","breadcrumb":{"@id":"https:\/\/cyclingpro.net\/spaziociclismo\/altro\/mtb\/mtb-chiara-teocchi-ha-rischiato-la-vita-dopo-una-caduta-in-gara-arresto-cardiaco-in-ospedale-ora-sto-bene-ma-ho-davanti-un-lungo-viaggio\/#breadcrumb"},"inLanguage":"it-IT","potentialAction":[{"@type":"ReadAction","target":["https:\/\/cyclingpro.net\/spaziociclismo\/altro\/mtb\/mtb-chiara-teocchi-ha-rischiato-la-vita-dopo-una-caduta-in-gara-arresto-cardiaco-in-ospedale-ora-sto-bene-ma-ho-davanti-un-lungo-viaggio\/"]}]},{"@type":"ImageObject","inLanguage":"it-IT","@id":"https:\/\/cyclingpro.net\/spaziociclismo\/altro\/mtb\/mtb-chiara-teocchi-ha-rischiato-la-vita-dopo-una-caduta-in-gara-arresto-cardiaco-in-ospedale-ora-sto-bene-ma-ho-davanti-un-lungo-viaggio\/#primaryimage","url":"https:\/\/cyclingpro.net\/spaziociclismo\/wp-content\/uploads\/2026\/09\/chiara-teocchi-mtb.jpg","contentUrl":"https:\/\/cyclingpro.net\/spaziociclismo\/wp-content\/uploads\/2026\/09\/chiara-teocchi-mtb.jpg","width":677,"height":463},{"@type":"BreadcrumbList","@id":"https:\/\/cyclingpro.net\/spaziociclismo\/altro\/mtb\/mtb-chiara-teocchi-ha-rischiato-la-vita-dopo-una-caduta-in-gara-arresto-cardiaco-in-ospedale-ora-sto-bene-ma-ho-davanti-un-lungo-viaggio\/#breadcrumb","itemListElement":[{"@type":"ListItem","position":1,"name":"Home","item":"https:\/\/cyclingpro.net\/spaziociclismo\/"},{"@type":"ListItem","position":2,"name":"MTB, Chiara Teocchi ha rischiato la vita dopo una caduta in gara: &#8220;Arresto cardiaco in ospedale &#8211; Ora sto bene ma ho davanti un lungo viaggio&#8221;"}]},{"@type":"WebSite","@id":"https:\/\/cyclingpro.net\/spaziociclismo\/#website","url":"https:\/\/cyclingpro.net\/spaziociclismo\/","name":"SpazioCiclismo","description":"Tutto il ciclismo minuto per minuto","publisher":{"@id":"https:\/\/cyclingpro.net\/spaziociclismo\/#organization"},"potentialAction":[{"@type":"SearchAction","target":{"@type":"EntryPoint","urlTemplate":"https:\/\/cyclingpro.net\/spaziociclismo\/?s={search_term_string}"},"query-input":{"@type":"PropertyValueSpecification","valueRequired":true,"valueName":"search_term_string"}}],"inLanguage":"it-IT"},{"@type":"Organization","@id":"https:\/\/cyclingpro.net\/spaziociclismo\/#organization","name":"SpazioCiclismo","url":"https:\/\/cyclingpro.net\/spaziociclismo\/","logo":{"@type":"ImageObject","inLanguage":"it-IT","@id":"https:\/\/cyclingpro.net\/spaziociclismo\/#\/schema\/logo\/image\/","url":"https:\/\/cyclingpro.net\/spaziociclismo\/wp-content\/uploads\/2017\/02\/SpazioCiclismo-Logo-Quadrato.png","contentUrl":"https:\/\/cyclingpro.net\/spaziociclismo\/wp-content\/uploads\/2017\/02\/SpazioCiclismo-Logo-Quadrato.png","width":450,"height":450,"caption":"SpazioCiclismo"},"image":{"@id":"https:\/\/cyclingpro.net\/spaziociclismo\/#\/schema\/logo\/image\/"},"sameAs":["https:\/\/www.facebook.com\/SpazioCiclismo\/","https:\/\/x.com\/spaziociclismo","https:\/\/www.instagram.com\/spaziociclismo\/"]},{"@type":"Person","@id":"https:\/\/cyclingpro.net\/spaziociclismo\/#\/schema\/person\/627dbc08c9712c25304b059bbb765de8","name":"Francesco Mitola","image":{"@type":"ImageObject","inLanguage":"it-IT","@id":"https:\/\/secure.gravatar.com\/avatar\/dc58a640368550cd17129d2ff185eec5cb2821b7c3403fc06dcaca847ae762d3?s=96&d=mm&r=g","url":"https:\/\/secure.gravatar.com\/avatar\/dc58a640368550cd17129d2ff185eec5cb2821b7c3403fc06dcaca847ae762d3?s=96&d=mm&r=g","contentUrl":"https:\/\/secure.gravatar.com\/avatar\/dc58a640368550cd17129d2ff185eec5cb2821b7c3403fc06dcaca847ae762d3?s=96&d=mm&r=g","caption":"Francesco Mitola"},"url":"https:\/\/cyclingpro.net\/spaziociclismo\/author\/fmitola\/"}]}},"_links":{"self":[{"href":"https:\/\/cyclingpro.net\/spaziociclismo\/wp-json\/wp\/v2\/posts\/393255","targetHints":{"allow":["GET"]}}],"collection":[{"href":"https:\/\/cyclingpro.net\/spaziociclismo\/wp-json\/wp\/v2\/posts"}],"about":[{"href":"https:\/\/cyclingpro.net\/spaziociclismo\/wp-json\/wp\/v2\/types\/post"}],"author":[{"embeddable":true,"href":"https:\/\/cyclingpro.net\/spaziociclismo\/wp-json\/wp\/v2\/users\/25"}],"replies":[{"embeddable":true,"href":"https:\/\/cyclingpro.net\/spaziociclismo\/wp-json\/wp\/v2\/comments?post=393255"}],"version-history":[{"count":1,"href":"https:\/\/cyclingpro.net\/spaziociclismo\/wp-json\/wp\/v2\/posts\/393255\/revisions"}],"predecessor-version":[{"id":393261,"href":"https:\/\/cyclingpro.net\/spaziociclismo\/wp-json\/wp\/v2\/posts\/393255\/revisions\/393261"}],"wp:featuredmedia":[{"embeddable":true,"href":"https:\/\/cyclingpro.net\/spaziociclismo\/wp-json\/wp\/v2\/media\/393256"}],"wp:attachment":[{"href":"https:\/\/cyclingpro.net\/spaziociclismo\/wp-json\/wp\/v2\/media?parent=393255"}],"wp:term":[{"taxonomy":"category","embeddable":true,"href":"https:\/\/cyclingpro.net\/spaziociclismo\/wp-json\/wp\/v2\/categories?post=393255"},{"taxonomy":"post_tag","embeddable":true,"href":"https:\/\/cyclingpro.net\/spaziociclismo\/wp-json\/wp\/v2\/tags?post=393255"}],"curies":[{"name":"wp","href":"https:\/\/api.w.org\/{rel}","templated":true}]}}