{"id":393245,"date":"2026-09-02T09:12:36","date_gmt":"2026-09-02T07:12:36","guid":{"rendered":"https:\/\/cyclingpro.net\/spaziociclismo\/?p=393245"},"modified":"2026-09-02T09:16:13","modified_gmt":"2026-09-02T07:16:13","slug":"mondiali-montreal-2026-gli-stati-uniti-ci-credono-con-matteo-jorgenson-brandon-mcnulty-e-quinn-simmons","status":"publish","type":"post","link":"https:\/\/cyclingpro.net\/spaziociclismo\/montreal-2026\/mondiali-montreal-2026-gli-stati-uniti-ci-credono-con-matteo-jorgenson-brandon-mcnulty-e-quinn-simmons\/","title":{"rendered":"Mondiali Montr\u00e9al 2026, gli Stati Uniti ci credono con Matteo Jorgenson, Brandon McNulty e Quinn Simmons"},"content":{"rendered":"<p>Gli <strong>Stati Uniti<\/strong> guardano al <strong>Mondiale di Montr\u00e9al 2026<\/strong> con ambizioni tutt&#8217;altro che trascurabili. Per la prova in linea \u00e9lite maschile, la Nazionale a stelle e strisce potr\u00e0 schierare 8 corridori e, sulla carta, riuscir\u00e0 a comporre una squadra di altissimo livello. Ci sono almeno tre corridori che potranno dire la loro nei momenti caldi della gara, ovvero <strong>Matteo Jorgenson\u00a0<\/strong>(Visma | Lease A Bike), <strong>Brandon McNulty\u00a0<\/strong>(UAE Emirates-XRG) e Quinn Simmons (Lidl-Trek), che, a loro modo, hanno caratteristiche che ben si sposano con il percorso previsto dall&#8217;appuntamento iridato in programma domenica 27 settembre.<\/p>\n<p>Non mancano, inoltre, altre frecce nella faretra degli USA. Fra i selezionati ci sono infatti <strong>Neilson Powless<\/strong> (EF Education-EasyPost) ) e <strong>Kevin Vermaerke<\/strong> (UAE Emirates-XRG), oltre al giovanissimo <strong>Artem Shmidt<\/strong> (Netcompany Ineos) ed ai pi\u00f9 esperti <strong>Sean Quinn<\/strong> (Ef Education-EasyPost) e <strong>Larry Warbasse<\/strong> (Tudor). Nella cronometro saranno in gara Shmidt e McNulty, con quest&#8217;ultimo che pu\u00f2 avere ambizioni da podio.<\/p>\n<p>Per quel che riguarda il settore femminile, nella prova in linea saranno in azione la campionessa olimpica in carica <strong>Kristen Faulkner<\/strong> (EF-Oatly-Cannondale),\u00a0<strong>Grace Arlandson<\/strong> (Aegis X Leaders of Enchantment),\u00a0<strong>Kate Courtney\u00a0<\/strong>(FDJ United-Suez), <strong>Alexis Magner<\/strong> (EF-Oatly-Cannondale), <strong>Natalie Quinn<\/strong> (Mayenne Pro Cycling) e <strong>Lauren Stephens\u00a0<\/strong>(Aegis X Leaders of Enchantment). Faulkner doppier\u00e0 l&#8217;impegno correndo anche la cronometro, gara in cui ci sar\u00e0 <strong>Taylor Knibb<\/strong> (senza squadra).<\/p>\n<section class=\"text-block\">\n<div class=\"wysiwyg-container\"><\/div>\n<\/section>\n","protected":false},"excerpt":{"rendered":"<p>Selezione di alto livello per gli USA in vista di #Montr\u00e9al2026. <\/p>\n","protected":false},"author":25,"featured_media":381746,"comment_status":"open","ping_status":"closed","sticky":false,"template":"","format":"standard","meta":{"footnotes":"","_members_access_role":[],"_members_access_error":""},"categories":[5356],"tags":[4770],"class_list":["post-393245","post","type-post","status-publish","format-standard","has-post-thumbnail","hentry","category-montreal-2026","tag-mondiali-montreal-2026"],"yoast_head":"<!-- This site is optimized with the Yoast SEO plugin v28.3 - https:\/\/yoast.com\/product\/yoast-seo-wordpress\/ -->\n<title>Mondiali Montr\u00e9al 2026, gli Stati Uniti ci credono con Matteo Jorgenson, Brandon McNulty e Quinn Simmons - SpazioCiclismo<\/title>\n<meta name=\"robots\" content=\"index, follow, max-snippet:-1, max-image-preview:large, max-video-preview:-1\" \/>\n<link rel=\"canonical\" href=\"https:\/\/cyclingpro.net\/spaziociclismo\/montreal-2026\/mondiali-montreal-2026-gli-stati-uniti-ci-credono-con-matteo-jorgenson-brandon-mcnulty-e-quinn-simmons\/\" \/>\n<meta property=\"og:locale\" content=\"it_IT\" \/>\n<meta property=\"og:type\" content=\"article\" \/>\n<meta property=\"og:title\" content=\"Mondiali Montr\u00e9al 2026, gli Stati Uniti ci credono con Matteo Jorgenson, Brandon McNulty e Quinn Simmons - SpazioCiclismo\" \/>\n<meta property=\"og:description\" content=\"Selezione di alto livello per gli USA in vista di #Montr\u00e9al2026.\" \/>\n<meta property=\"og:url\" content=\"https:\/\/cyclingpro.net\/spaziociclismo\/montreal-2026\/mondiali-montreal-2026-gli-stati-uniti-ci-credono-con-matteo-jorgenson-brandon-mcnulty-e-quinn-simmons\/\" \/>\n<meta property=\"og:site_name\" content=\"SpazioCiclismo\" \/>\n<meta property=\"article:publisher\" content=\"https:\/\/www.facebook.com\/SpazioCiclismo\/\" \/>\n<meta property=\"article:published_time\" content=\"2026-09-02T07:12:36+00:00\" \/>\n<meta property=\"article:modified_time\" content=\"2026-09-02T07:16:13+00:00\" \/>\n<meta property=\"og:image\" content=\"https:\/\/cyclingpro.net\/spaziociclismo\/wp-content\/uploads\/2026\/06\/Quinn-Simmons-Tappa-4-Tour-Auvergne-Rhone-Alpes-2026.jpeg\" \/>\n\t<meta property=\"og:image:width\" content=\"1200\" \/>\n\t<meta property=\"og:image:height\" content=\"825\" \/>\n\t<meta property=\"og:image:type\" content=\"image\/jpeg\" \/>\n<meta name=\"author\" content=\"Francesco Mitola\" \/>\n<meta name=\"twitter:card\" content=\"summary_large_image\" \/>\n<meta name=\"twitter:creator\" content=\"@spaziociclismo\" \/>\n<meta name=\"twitter:site\" content=\"@spaziociclismo\" \/>\n<meta name=\"twitter:label1\" content=\"Scritto da\" \/>\n\t<meta name=\"twitter:data1\" content=\"Francesco Mitola\" \/>\n\t<meta name=\"twitter:label2\" content=\"Tempo di lettura stimato\" \/>\n\t<meta name=\"twitter:data2\" content=\"2 minuti\" \/>\n<script type=\"application\/ld+json\" class=\"yoast-schema-graph\">{\"@context\":\"https:\\\/\\\/schema.org\",\"@graph\":[{\"@type\":\"Article\",\"@id\":\"https:\\\/\\\/cyclingpro.net\\\/spaziociclismo\\\/montreal-2026\\\/mondiali-montreal-2026-gli-stati-uniti-ci-credono-con-matteo-jorgenson-brandon-mcnulty-e-quinn-simmons\\\/#article\",\"isPartOf\":{\"@id\":\"https:\\\/\\\/cyclingpro.net\\\/spaziociclismo\\\/montreal-2026\\\/mondiali-montreal-2026-gli-stati-uniti-ci-credono-con-matteo-jorgenson-brandon-mcnulty-e-quinn-simmons\\\/\"},\"author\":{\"name\":\"Francesco Mitola\",\"@id\":\"https:\\\/\\\/cyclingpro.net\\\/spaziociclismo\\\/#\\\/schema\\\/person\\\/627dbc08c9712c25304b059bbb765de8\"},\"headline\":\"Mondiali Montr\u00e9al 2026, gli Stati Uniti ci credono con Matteo Jorgenson, Brandon McNulty e Quinn Simmons\",\"datePublished\":\"2026-09-02T07:12:36+00:00\",\"dateModified\":\"2026-09-02T07:16:13+00:00\",\"mainEntityOfPage\":{\"@id\":\"https:\\\/\\\/cyclingpro.net\\\/spaziociclismo\\\/montreal-2026\\\/mondiali-montreal-2026-gli-stati-uniti-ci-credono-con-matteo-jorgenson-brandon-mcnulty-e-quinn-simmons\\\/\"},\"wordCount\":235,\"commentCount\":0,\"publisher\":{\"@id\":\"https:\\\/\\\/cyclingpro.net\\\/spaziociclismo\\\/#organization\"},\"image\":{\"@id\":\"https:\\\/\\\/cyclingpro.net\\\/spaziociclismo\\\/montreal-2026\\\/mondiali-montreal-2026-gli-stati-uniti-ci-credono-con-matteo-jorgenson-brandon-mcnulty-e-quinn-simmons\\\/#primaryimage\"},\"thumbnailUrl\":\"https:\\\/\\\/cyclingpro.net\\\/spaziociclismo\\\/wp-content\\\/uploads\\\/2026\\\/06\\\/Quinn-Simmons-Tappa-4-Tour-Auvergne-Rhone-Alpes-2026.jpeg\",\"keywords\":[\"Mondiali Montr\u00e9al 2026\"],\"articleSection\":[\"Montr\u00e9al 2026\"],\"inLanguage\":\"it-IT\",\"potentialAction\":[{\"@type\":\"CommentAction\",\"name\":\"Comment\",\"target\":[\"https:\\\/\\\/cyclingpro.net\\\/spaziociclismo\\\/montreal-2026\\\/mondiali-montreal-2026-gli-stati-uniti-ci-credono-con-matteo-jorgenson-brandon-mcnulty-e-quinn-simmons\\\/#respond\"]}]},{\"@type\":\"WebPage\",\"@id\":\"https:\\\/\\\/cyclingpro.net\\\/spaziociclismo\\\/montreal-2026\\\/mondiali-montreal-2026-gli-stati-uniti-ci-credono-con-matteo-jorgenson-brandon-mcnulty-e-quinn-simmons\\\/\",\"url\":\"https:\\\/\\\/cyclingpro.net\\\/spaziociclismo\\\/montreal-2026\\\/mondiali-montreal-2026-gli-stati-uniti-ci-credono-con-matteo-jorgenson-brandon-mcnulty-e-quinn-simmons\\\/\",\"name\":\"Mondiali Montr\u00e9al 2026, gli Stati Uniti ci credono con Matteo Jorgenson, Brandon McNulty e Quinn Simmons - SpazioCiclismo\",\"isPartOf\":{\"@id\":\"https:\\\/\\\/cyclingpro.net\\\/spaziociclismo\\\/#website\"},\"primaryImageOfPage\":{\"@id\":\"https:\\\/\\\/cyclingpro.net\\\/spaziociclismo\\\/montreal-2026\\\/mondiali-montreal-2026-gli-stati-uniti-ci-credono-con-matteo-jorgenson-brandon-mcnulty-e-quinn-simmons\\\/#primaryimage\"},\"image\":{\"@id\":\"https:\\\/\\\/cyclingpro.net\\\/spaziociclismo\\\/montreal-2026\\\/mondiali-montreal-2026-gli-stati-uniti-ci-credono-con-matteo-jorgenson-brandon-mcnulty-e-quinn-simmons\\\/#primaryimage\"},\"thumbnailUrl\":\"https:\\\/\\\/cyclingpro.net\\\/spaziociclismo\\\/wp-content\\\/uploads\\\/2026\\\/06\\\/Quinn-Simmons-Tappa-4-Tour-Auvergne-Rhone-Alpes-2026.jpeg\",\"datePublished\":\"2026-09-02T07:12:36+00:00\",\"dateModified\":\"2026-09-02T07:16:13+00:00\",\"breadcrumb\":{\"@id\":\"https:\\\/\\\/cyclingpro.net\\\/spaziociclismo\\\/montreal-2026\\\/mondiali-montreal-2026-gli-stati-uniti-ci-credono-con-matteo-jorgenson-brandon-mcnulty-e-quinn-simmons\\\/#breadcrumb\"},\"inLanguage\":\"it-IT\",\"potentialAction\":[{\"@type\":\"ReadAction\",\"target\":[\"https:\\\/\\\/cyclingpro.net\\\/spaziociclismo\\\/montreal-2026\\\/mondiali-montreal-2026-gli-stati-uniti-ci-credono-con-matteo-jorgenson-brandon-mcnulty-e-quinn-simmons\\\/\"]}]},{\"@type\":\"ImageObject\",\"inLanguage\":\"it-IT\",\"@id\":\"https:\\\/\\\/cyclingpro.net\\\/spaziociclismo\\\/montreal-2026\\\/mondiali-montreal-2026-gli-stati-uniti-ci-credono-con-matteo-jorgenson-brandon-mcnulty-e-quinn-simmons\\\/#primaryimage\",\"url\":\"https:\\\/\\\/cyclingpro.net\\\/spaziociclismo\\\/wp-content\\\/uploads\\\/2026\\\/06\\\/Quinn-Simmons-Tappa-4-Tour-Auvergne-Rhone-Alpes-2026.jpeg\",\"contentUrl\":\"https:\\\/\\\/cyclingpro.net\\\/spaziociclismo\\\/wp-content\\\/uploads\\\/2026\\\/06\\\/Quinn-Simmons-Tappa-4-Tour-Auvergne-Rhone-Alpes-2026.jpeg\",\"width\":1200,\"height\":825,\"caption\":\"\u00a9 ASO \\\/ Gaetan Flamme\"},{\"@type\":\"BreadcrumbList\",\"@id\":\"https:\\\/\\\/cyclingpro.net\\\/spaziociclismo\\\/montreal-2026\\\/mondiali-montreal-2026-gli-stati-uniti-ci-credono-con-matteo-jorgenson-brandon-mcnulty-e-quinn-simmons\\\/#breadcrumb\",\"itemListElement\":[{\"@type\":\"ListItem\",\"position\":1,\"name\":\"Home\",\"item\":\"https:\\\/\\\/cyclingpro.net\\\/spaziociclismo\\\/\"},{\"@type\":\"ListItem\",\"position\":2,\"name\":\"Mondiali Montr\u00e9al 2026, gli Stati Uniti ci credono con Matteo Jorgenson, Brandon McNulty e Quinn Simmons\"}]},{\"@type\":\"WebSite\",\"@id\":\"https:\\\/\\\/cyclingpro.net\\\/spaziociclismo\\\/#website\",\"url\":\"https:\\\/\\\/cyclingpro.net\\\/spaziociclismo\\\/\",\"name\":\"SpazioCiclismo\",\"description\":\"Tutto il ciclismo minuto per minuto\",\"publisher\":{\"@id\":\"https:\\\/\\\/cyclingpro.net\\\/spaziociclismo\\\/#organization\"},\"potentialAction\":[{\"@type\":\"SearchAction\",\"target\":{\"@type\":\"EntryPoint\",\"urlTemplate\":\"https:\\\/\\\/cyclingpro.net\\\/spaziociclismo\\\/?s={search_term_string}\"},\"query-input\":{\"@type\":\"PropertyValueSpecification\",\"valueRequired\":true,\"valueName\":\"search_term_string\"}}],\"inLanguage\":\"it-IT\"},{\"@type\":\"Organization\",\"@id\":\"https:\\\/\\\/cyclingpro.net\\\/spaziociclismo\\\/#organization\",\"name\":\"SpazioCiclismo\",\"url\":\"https:\\\/\\\/cyclingpro.net\\\/spaziociclismo\\\/\",\"logo\":{\"@type\":\"ImageObject\",\"inLanguage\":\"it-IT\",\"@id\":\"https:\\\/\\\/cyclingpro.net\\\/spaziociclismo\\\/#\\\/schema\\\/logo\\\/image\\\/\",\"url\":\"https:\\\/\\\/cyclingpro.net\\\/spaziociclismo\\\/wp-content\\\/uploads\\\/2017\\\/02\\\/SpazioCiclismo-Logo-Quadrato.png\",\"contentUrl\":\"https:\\\/\\\/cyclingpro.net\\\/spaziociclismo\\\/wp-content\\\/uploads\\\/2017\\\/02\\\/SpazioCiclismo-Logo-Quadrato.png\",\"width\":450,\"height\":450,\"caption\":\"SpazioCiclismo\"},\"image\":{\"@id\":\"https:\\\/\\\/cyclingpro.net\\\/spaziociclismo\\\/#\\\/schema\\\/logo\\\/image\\\/\"},\"sameAs\":[\"https:\\\/\\\/www.facebook.com\\\/SpazioCiclismo\\\/\",\"https:\\\/\\\/x.com\\\/spaziociclismo\",\"https:\\\/\\\/www.instagram.com\\\/spaziociclismo\\\/\"]},{\"@type\":\"Person\",\"@id\":\"https:\\\/\\\/cyclingpro.net\\\/spaziociclismo\\\/#\\\/schema\\\/person\\\/627dbc08c9712c25304b059bbb765de8\",\"name\":\"Francesco Mitola\",\"image\":{\"@type\":\"ImageObject\",\"inLanguage\":\"it-IT\",\"@id\":\"https:\\\/\\\/secure.gravatar.com\\\/avatar\\\/dc58a640368550cd17129d2ff185eec5cb2821b7c3403fc06dcaca847ae762d3?s=96&d=mm&r=g\",\"url\":\"https:\\\/\\\/secure.gravatar.com\\\/avatar\\\/dc58a640368550cd17129d2ff185eec5cb2821b7c3403fc06dcaca847ae762d3?s=96&d=mm&r=g\",\"contentUrl\":\"https:\\\/\\\/secure.gravatar.com\\\/avatar\\\/dc58a640368550cd17129d2ff185eec5cb2821b7c3403fc06dcaca847ae762d3?s=96&d=mm&r=g\",\"caption\":\"Francesco Mitola\"},\"url\":\"https:\\\/\\\/cyclingpro.net\\\/spaziociclismo\\\/author\\\/fmitola\\\/\"}]}<\/script>\n<!-- \/ Yoast SEO plugin. -->","yoast_head_json":{"title":"Mondiali Montr\u00e9al 2026, gli Stati Uniti ci credono con Matteo Jorgenson, Brandon McNulty e Quinn Simmons - SpazioCiclismo","robots":{"index":"index","follow":"follow","max-snippet":"max-snippet:-1","max-image-preview":"max-image-preview:large","max-video-preview":"max-video-preview:-1"},"canonical":"https:\/\/cyclingpro.net\/spaziociclismo\/montreal-2026\/mondiali-montreal-2026-gli-stati-uniti-ci-credono-con-matteo-jorgenson-brandon-mcnulty-e-quinn-simmons\/","og_locale":"it_IT","og_type":"article","og_title":"Mondiali Montr\u00e9al 2026, gli Stati Uniti ci credono con Matteo Jorgenson, Brandon McNulty e Quinn Simmons - SpazioCiclismo","og_description":"Selezione di alto livello per gli USA in vista di #Montr\u00e9al2026.","og_url":"https:\/\/cyclingpro.net\/spaziociclismo\/montreal-2026\/mondiali-montreal-2026-gli-stati-uniti-ci-credono-con-matteo-jorgenson-brandon-mcnulty-e-quinn-simmons\/","og_site_name":"SpazioCiclismo","article_publisher":"https:\/\/www.facebook.com\/SpazioCiclismo\/","article_published_time":"2026-09-02T07:12:36+00:00","article_modified_time":"2026-09-02T07:16:13+00:00","og_image":[{"width":1200,"height":825,"url":"https:\/\/cyclingpro.net\/spaziociclismo\/wp-content\/uploads\/2026\/06\/Quinn-Simmons-Tappa-4-Tour-Auvergne-Rhone-Alpes-2026.jpeg","type":"image\/jpeg"}],"author":"Francesco Mitola","twitter_card":"summary_large_image","twitter_creator":"@spaziociclismo","twitter_site":"@spaziociclismo","twitter_misc":{"Scritto da":"Francesco Mitola","Tempo di lettura stimato":"2 minuti"},"schema":{"@context":"https:\/\/schema.org","@graph":[{"@type":"Article","@id":"https:\/\/cyclingpro.net\/spaziociclismo\/montreal-2026\/mondiali-montreal-2026-gli-stati-uniti-ci-credono-con-matteo-jorgenson-brandon-mcnulty-e-quinn-simmons\/#article","isPartOf":{"@id":"https:\/\/cyclingpro.net\/spaziociclismo\/montreal-2026\/mondiali-montreal-2026-gli-stati-uniti-ci-credono-con-matteo-jorgenson-brandon-mcnulty-e-quinn-simmons\/"},"author":{"name":"Francesco Mitola","@id":"https:\/\/cyclingpro.net\/spaziociclismo\/#\/schema\/person\/627dbc08c9712c25304b059bbb765de8"},"headline":"Mondiali Montr\u00e9al 2026, gli Stati Uniti ci credono con Matteo Jorgenson, Brandon McNulty e Quinn Simmons","datePublished":"2026-09-02T07:12:36+00:00","dateModified":"2026-09-02T07:16:13+00:00","mainEntityOfPage":{"@id":"https:\/\/cyclingpro.net\/spaziociclismo\/montreal-2026\/mondiali-montreal-2026-gli-stati-uniti-ci-credono-con-matteo-jorgenson-brandon-mcnulty-e-quinn-simmons\/"},"wordCount":235,"commentCount":0,"publisher":{"@id":"https:\/\/cyclingpro.net\/spaziociclismo\/#organization"},"image":{"@id":"https:\/\/cyclingpro.net\/spaziociclismo\/montreal-2026\/mondiali-montreal-2026-gli-stati-uniti-ci-credono-con-matteo-jorgenson-brandon-mcnulty-e-quinn-simmons\/#primaryimage"},"thumbnailUrl":"https:\/\/cyclingpro.net\/spaziociclismo\/wp-content\/uploads\/2026\/06\/Quinn-Simmons-Tappa-4-Tour-Auvergne-Rhone-Alpes-2026.jpeg","keywords":["Mondiali Montr\u00e9al 2026"],"articleSection":["Montr\u00e9al 2026"],"inLanguage":"it-IT","potentialAction":[{"@type":"CommentAction","name":"Comment","target":["https:\/\/cyclingpro.net\/spaziociclismo\/montreal-2026\/mondiali-montreal-2026-gli-stati-uniti-ci-credono-con-matteo-jorgenson-brandon-mcnulty-e-quinn-simmons\/#respond"]}]},{"@type":"WebPage","@id":"https:\/\/cyclingpro.net\/spaziociclismo\/montreal-2026\/mondiali-montreal-2026-gli-stati-uniti-ci-credono-con-matteo-jorgenson-brandon-mcnulty-e-quinn-simmons\/","url":"https:\/\/cyclingpro.net\/spaziociclismo\/montreal-2026\/mondiali-montreal-2026-gli-stati-uniti-ci-credono-con-matteo-jorgenson-brandon-mcnulty-e-quinn-simmons\/","name":"Mondiali Montr\u00e9al 2026, gli Stati Uniti ci credono con Matteo Jorgenson, Brandon McNulty e Quinn Simmons - SpazioCiclismo","isPartOf":{"@id":"https:\/\/cyclingpro.net\/spaziociclismo\/#website"},"primaryImageOfPage":{"@id":"https:\/\/cyclingpro.net\/spaziociclismo\/montreal-2026\/mondiali-montreal-2026-gli-stati-uniti-ci-credono-con-matteo-jorgenson-brandon-mcnulty-e-quinn-simmons\/#primaryimage"},"image":{"@id":"https:\/\/cyclingpro.net\/spaziociclismo\/montreal-2026\/mondiali-montreal-2026-gli-stati-uniti-ci-credono-con-matteo-jorgenson-brandon-mcnulty-e-quinn-simmons\/#primaryimage"},"thumbnailUrl":"https:\/\/cyclingpro.net\/spaziociclismo\/wp-content\/uploads\/2026\/06\/Quinn-Simmons-Tappa-4-Tour-Auvergne-Rhone-Alpes-2026.jpeg","datePublished":"2026-09-02T07:12:36+00:00","dateModified":"2026-09-02T07:16:13+00:00","breadcrumb":{"@id":"https:\/\/cyclingpro.net\/spaziociclismo\/montreal-2026\/mondiali-montreal-2026-gli-stati-uniti-ci-credono-con-matteo-jorgenson-brandon-mcnulty-e-quinn-simmons\/#breadcrumb"},"inLanguage":"it-IT","potentialAction":[{"@type":"ReadAction","target":["https:\/\/cyclingpro.net\/spaziociclismo\/montreal-2026\/mondiali-montreal-2026-gli-stati-uniti-ci-credono-con-matteo-jorgenson-brandon-mcnulty-e-quinn-simmons\/"]}]},{"@type":"ImageObject","inLanguage":"it-IT","@id":"https:\/\/cyclingpro.net\/spaziociclismo\/montreal-2026\/mondiali-montreal-2026-gli-stati-uniti-ci-credono-con-matteo-jorgenson-brandon-mcnulty-e-quinn-simmons\/#primaryimage","url":"https:\/\/cyclingpro.net\/spaziociclismo\/wp-content\/uploads\/2026\/06\/Quinn-Simmons-Tappa-4-Tour-Auvergne-Rhone-Alpes-2026.jpeg","contentUrl":"https:\/\/cyclingpro.net\/spaziociclismo\/wp-content\/uploads\/2026\/06\/Quinn-Simmons-Tappa-4-Tour-Auvergne-Rhone-Alpes-2026.jpeg","width":1200,"height":825,"caption":"\u00a9 ASO \/ Gaetan Flamme"},{"@type":"BreadcrumbList","@id":"https:\/\/cyclingpro.net\/spaziociclismo\/montreal-2026\/mondiali-montreal-2026-gli-stati-uniti-ci-credono-con-matteo-jorgenson-brandon-mcnulty-e-quinn-simmons\/#breadcrumb","itemListElement":[{"@type":"ListItem","position":1,"name":"Home","item":"https:\/\/cyclingpro.net\/spaziociclismo\/"},{"@type":"ListItem","position":2,"name":"Mondiali Montr\u00e9al 2026, gli Stati Uniti ci credono con Matteo Jorgenson, Brandon McNulty e Quinn Simmons"}]},{"@type":"WebSite","@id":"https:\/\/cyclingpro.net\/spaziociclismo\/#website","url":"https:\/\/cyclingpro.net\/spaziociclismo\/","name":"SpazioCiclismo","description":"Tutto il ciclismo minuto per minuto","publisher":{"@id":"https:\/\/cyclingpro.net\/spaziociclismo\/#organization"},"potentialAction":[{"@type":"SearchAction","target":{"@type":"EntryPoint","urlTemplate":"https:\/\/cyclingpro.net\/spaziociclismo\/?s={search_term_string}"},"query-input":{"@type":"PropertyValueSpecification","valueRequired":true,"valueName":"search_term_string"}}],"inLanguage":"it-IT"},{"@type":"Organization","@id":"https:\/\/cyclingpro.net\/spaziociclismo\/#organization","name":"SpazioCiclismo","url":"https:\/\/cyclingpro.net\/spaziociclismo\/","logo":{"@type":"ImageObject","inLanguage":"it-IT","@id":"https:\/\/cyclingpro.net\/spaziociclismo\/#\/schema\/logo\/image\/","url":"https:\/\/cyclingpro.net\/spaziociclismo\/wp-content\/uploads\/2017\/02\/SpazioCiclismo-Logo-Quadrato.png","contentUrl":"https:\/\/cyclingpro.net\/spaziociclismo\/wp-content\/uploads\/2017\/02\/SpazioCiclismo-Logo-Quadrato.png","width":450,"height":450,"caption":"SpazioCiclismo"},"image":{"@id":"https:\/\/cyclingpro.net\/spaziociclismo\/#\/schema\/logo\/image\/"},"sameAs":["https:\/\/www.facebook.com\/SpazioCiclismo\/","https:\/\/x.com\/spaziociclismo","https:\/\/www.instagram.com\/spaziociclismo\/"]},{"@type":"Person","@id":"https:\/\/cyclingpro.net\/spaziociclismo\/#\/schema\/person\/627dbc08c9712c25304b059bbb765de8","name":"Francesco Mitola","image":{"@type":"ImageObject","inLanguage":"it-IT","@id":"https:\/\/secure.gravatar.com\/avatar\/dc58a640368550cd17129d2ff185eec5cb2821b7c3403fc06dcaca847ae762d3?s=96&d=mm&r=g","url":"https:\/\/secure.gravatar.com\/avatar\/dc58a640368550cd17129d2ff185eec5cb2821b7c3403fc06dcaca847ae762d3?s=96&d=mm&r=g","contentUrl":"https:\/\/secure.gravatar.com\/avatar\/dc58a640368550cd17129d2ff185eec5cb2821b7c3403fc06dcaca847ae762d3?s=96&d=mm&r=g","caption":"Francesco Mitola"},"url":"https:\/\/cyclingpro.net\/spaziociclismo\/author\/fmitola\/"}]}},"_links":{"self":[{"href":"https:\/\/cyclingpro.net\/spaziociclismo\/wp-json\/wp\/v2\/posts\/393245","targetHints":{"allow":["GET"]}}],"collection":[{"href":"https:\/\/cyclingpro.net\/spaziociclismo\/wp-json\/wp\/v2\/posts"}],"about":[{"href":"https:\/\/cyclingpro.net\/spaziociclismo\/wp-json\/wp\/v2\/types\/post"}],"author":[{"embeddable":true,"href":"https:\/\/cyclingpro.net\/spaziociclismo\/wp-json\/wp\/v2\/users\/25"}],"replies":[{"embeddable":true,"href":"https:\/\/cyclingpro.net\/spaziociclismo\/wp-json\/wp\/v2\/comments?post=393245"}],"version-history":[{"count":4,"href":"https:\/\/cyclingpro.net\/spaziociclismo\/wp-json\/wp\/v2\/posts\/393245\/revisions"}],"predecessor-version":[{"id":393251,"href":"https:\/\/cyclingpro.net\/spaziociclismo\/wp-json\/wp\/v2\/posts\/393245\/revisions\/393251"}],"wp:featuredmedia":[{"embeddable":true,"href":"https:\/\/cyclingpro.net\/spaziociclismo\/wp-json\/wp\/v2\/media\/381746"}],"wp:attachment":[{"href":"https:\/\/cyclingpro.net\/spaziociclismo\/wp-json\/wp\/v2\/media?parent=393245"}],"wp:term":[{"taxonomy":"category","embeddable":true,"href":"https:\/\/cyclingpro.net\/spaziociclismo\/wp-json\/wp\/v2\/categories?post=393245"},{"taxonomy":"post_tag","embeddable":true,"href":"https:\/\/cyclingpro.net\/spaziociclismo\/wp-json\/wp\/v2\/tags?post=393245"}],"curies":[{"name":"wp","href":"https:\/\/api.w.org\/{rel}","templated":true}]}}