{"id":393241,"date":"2026-09-02T08:54:24","date_gmt":"2026-09-02T06:54:24","guid":{"rendered":"https:\/\/cyclingpro.net\/spaziociclismo\/?p=393241"},"modified":"2026-09-02T08:54:24","modified_gmt":"2026-09-02T06:54:24","slug":"mondiali-montreal-2026-una-norvegia-dattacco-con-andreas-leknessund-e-tobias-halland-johannessen","status":"publish","type":"post","link":"https:\/\/cyclingpro.net\/spaziociclismo\/montreal-2026\/mondiali-montreal-2026-una-norvegia-dattacco-con-andreas-leknessund-e-tobias-halland-johannessen\/","title":{"rendered":"Mondiali Montr\u00e9al 2026, una Norvegia d&#8217;attacco con Andreas Leknessund e Tobias Halland Johannessen"},"content":{"rendered":"<p>La <strong>Norvegia<\/strong> sar\u00e0 una Nazionale da seguire ai <strong>Mondiali di Montr\u00e9al 2026<\/strong>. La selezione nordica non ha stelle di primaria grandezza, ma, per quel che riguarda la prova in linea \u00e9lite maschile, schierer\u00e0 un sestetto di sicuro valore. La strategia di base sar\u00e0 evidentemente quella di provare a entrare negli attacchi giusti per andare a caccia di un risultato importante, sognando poi qualcosa di grande. Per farlo, le carte pi\u00f9 rilevanti messe sul tavolo saranno quelle rappresentate da <strong>Andreas Leknessund<\/strong> e da <strong>Tobias Halland Johannessen<\/strong>, entrambi attualmente in gara alla Vuelta a Espa\u00f1a 2026, dove Leknessund giusto qualche giorno fa ha vinto una tappa in maglia Uno-X Mobility.<\/p>\n<p>In azione ci sar\u00e0 anche il duo della Netcompany Ineos formato da <strong>Tobias Foss<\/strong> e da <strong>Embret Svestad-B\u00e5rdseng<\/strong>, oltre al &#8220;regista&#8221; <strong>Anders Skaarseth<\/strong> (Uno-X Mobility) e allo scalatore <strong>J\u00f8rgen Nordhagen<\/strong> (Visma|Lease a Bike), anche lui attualmente in gara in Spagna.\u00a0Leknessund e Foss saranno in gara anche nella cronometro individuale, con il secondo citato che in passato ha gi\u00e0 saputo vincere una prova contro il tempo iridata, a Wollongong 2022.<\/p>\n<p>In campo femminile, la Norvegia ha a disposizione quattro posti, assegnati a <strong>Katrine Aalerud, Mie Bj\u00f8rndal Ottestad, Sigrid Ytterhus Haugset<\/strong>, tutte della Uno-X Mobility, ed a <strong>Tiril J\u00f8rgensen<\/strong> (Laboral Kutxa). Aalerud e Ottestad saranno in gara anche nella cronometro individuale.<\/p>\n","protected":false},"excerpt":{"rendered":"<p>Non ci sono nomi di primissima grandezza, ma la Norvegia sar\u00e0 una Nazionale da tenere d&#8217;occhio a #Montr\u00e9al2026. <\/p>\n","protected":false},"author":25,"featured_media":392591,"comment_status":"open","ping_status":"closed","sticky":false,"template":"","format":"standard","meta":{"footnotes":"","_members_access_role":[],"_members_access_error":""},"categories":[5356],"tags":[4770],"class_list":["post-393241","post","type-post","status-publish","format-standard","has-post-thumbnail","hentry","category-montreal-2026","tag-mondiali-montreal-2026"],"yoast_head":"<!-- This site is optimized with the Yoast SEO plugin v28.3 - https:\/\/yoast.com\/product\/yoast-seo-wordpress\/ -->\n<title>Mondiali Montr\u00e9al 2026, una Norvegia d&#039;attacco con Andreas Leknessund e Tobias Halland Johannessen - SpazioCiclismo<\/title>\n<meta name=\"robots\" content=\"index, follow, max-snippet:-1, max-image-preview:large, max-video-preview:-1\" \/>\n<link rel=\"canonical\" href=\"https:\/\/cyclingpro.net\/spaziociclismo\/montreal-2026\/mondiali-montreal-2026-una-norvegia-dattacco-con-andreas-leknessund-e-tobias-halland-johannessen\/\" \/>\n<meta property=\"og:locale\" content=\"it_IT\" \/>\n<meta property=\"og:type\" content=\"article\" \/>\n<meta property=\"og:title\" content=\"Mondiali Montr\u00e9al 2026, una Norvegia d&#039;attacco con Andreas Leknessund e Tobias Halland Johannessen - SpazioCiclismo\" \/>\n<meta property=\"og:description\" content=\"Non ci sono nomi di primissima grandezza, ma la Norvegia sar\u00e0 una Nazionale da tenere d&#039;occhio a #Montr\u00e9al2026.\" \/>\n<meta property=\"og:url\" content=\"https:\/\/cyclingpro.net\/spaziociclismo\/montreal-2026\/mondiali-montreal-2026-una-norvegia-dattacco-con-andreas-leknessund-e-tobias-halland-johannessen\/\" \/>\n<meta property=\"og:site_name\" content=\"SpazioCiclismo\" \/>\n<meta property=\"article:publisher\" content=\"https:\/\/www.facebook.com\/SpazioCiclismo\/\" \/>\n<meta property=\"article:published_time\" content=\"2026-09-02T06:54:24+00:00\" \/>\n<meta property=\"og:image\" content=\"https:\/\/cyclingpro.net\/spaziociclismo\/wp-content\/uploads\/2026\/08\/Andreas-Leknessund-Tappa-7-Vuelta-a-Espana-2026.jpg\" \/>\n\t<meta property=\"og:image:width\" content=\"1200\" \/>\n\t<meta property=\"og:image:height\" content=\"800\" \/>\n\t<meta property=\"og:image:type\" content=\"image\/jpeg\" \/>\n<meta name=\"author\" content=\"Francesco Mitola\" \/>\n<meta name=\"twitter:card\" content=\"summary_large_image\" \/>\n<meta name=\"twitter:creator\" content=\"@spaziociclismo\" \/>\n<meta name=\"twitter:site\" content=\"@spaziociclismo\" \/>\n<meta name=\"twitter:label1\" content=\"Scritto da\" \/>\n\t<meta name=\"twitter:data1\" content=\"Francesco Mitola\" \/>\n\t<meta name=\"twitter:label2\" content=\"Tempo di lettura stimato\" \/>\n\t<meta name=\"twitter:data2\" content=\"2 minuti\" \/>\n<script type=\"application\/ld+json\" class=\"yoast-schema-graph\">{\"@context\":\"https:\\\/\\\/schema.org\",\"@graph\":[{\"@type\":\"Article\",\"@id\":\"https:\\\/\\\/cyclingpro.net\\\/spaziociclismo\\\/montreal-2026\\\/mondiali-montreal-2026-una-norvegia-dattacco-con-andreas-leknessund-e-tobias-halland-johannessen\\\/#article\",\"isPartOf\":{\"@id\":\"https:\\\/\\\/cyclingpro.net\\\/spaziociclismo\\\/montreal-2026\\\/mondiali-montreal-2026-una-norvegia-dattacco-con-andreas-leknessund-e-tobias-halland-johannessen\\\/\"},\"author\":{\"name\":\"Francesco Mitola\",\"@id\":\"https:\\\/\\\/cyclingpro.net\\\/spaziociclismo\\\/#\\\/schema\\\/person\\\/627dbc08c9712c25304b059bbb765de8\"},\"headline\":\"Mondiali Montr\u00e9al 2026, una Norvegia d&#8217;attacco con Andreas Leknessund e Tobias Halland Johannessen\",\"datePublished\":\"2026-09-02T06:54:24+00:00\",\"mainEntityOfPage\":{\"@id\":\"https:\\\/\\\/cyclingpro.net\\\/spaziociclismo\\\/montreal-2026\\\/mondiali-montreal-2026-una-norvegia-dattacco-con-andreas-leknessund-e-tobias-halland-johannessen\\\/\"},\"wordCount\":236,\"commentCount\":0,\"publisher\":{\"@id\":\"https:\\\/\\\/cyclingpro.net\\\/spaziociclismo\\\/#organization\"},\"image\":{\"@id\":\"https:\\\/\\\/cyclingpro.net\\\/spaziociclismo\\\/montreal-2026\\\/mondiali-montreal-2026-una-norvegia-dattacco-con-andreas-leknessund-e-tobias-halland-johannessen\\\/#primaryimage\"},\"thumbnailUrl\":\"https:\\\/\\\/cyclingpro.net\\\/spaziociclismo\\\/wp-content\\\/uploads\\\/2026\\\/08\\\/Andreas-Leknessund-Tappa-7-Vuelta-a-Espana-2026.jpg\",\"keywords\":[\"Mondiali Montr\u00e9al 2026\"],\"articleSection\":[\"Montr\u00e9al 2026\"],\"inLanguage\":\"it-IT\",\"potentialAction\":[{\"@type\":\"CommentAction\",\"name\":\"Comment\",\"target\":[\"https:\\\/\\\/cyclingpro.net\\\/spaziociclismo\\\/montreal-2026\\\/mondiali-montreal-2026-una-norvegia-dattacco-con-andreas-leknessund-e-tobias-halland-johannessen\\\/#respond\"]}]},{\"@type\":\"WebPage\",\"@id\":\"https:\\\/\\\/cyclingpro.net\\\/spaziociclismo\\\/montreal-2026\\\/mondiali-montreal-2026-una-norvegia-dattacco-con-andreas-leknessund-e-tobias-halland-johannessen\\\/\",\"url\":\"https:\\\/\\\/cyclingpro.net\\\/spaziociclismo\\\/montreal-2026\\\/mondiali-montreal-2026-una-norvegia-dattacco-con-andreas-leknessund-e-tobias-halland-johannessen\\\/\",\"name\":\"Mondiali Montr\u00e9al 2026, una Norvegia d'attacco con Andreas Leknessund e Tobias Halland Johannessen - SpazioCiclismo\",\"isPartOf\":{\"@id\":\"https:\\\/\\\/cyclingpro.net\\\/spaziociclismo\\\/#website\"},\"primaryImageOfPage\":{\"@id\":\"https:\\\/\\\/cyclingpro.net\\\/spaziociclismo\\\/montreal-2026\\\/mondiali-montreal-2026-una-norvegia-dattacco-con-andreas-leknessund-e-tobias-halland-johannessen\\\/#primaryimage\"},\"image\":{\"@id\":\"https:\\\/\\\/cyclingpro.net\\\/spaziociclismo\\\/montreal-2026\\\/mondiali-montreal-2026-una-norvegia-dattacco-con-andreas-leknessund-e-tobias-halland-johannessen\\\/#primaryimage\"},\"thumbnailUrl\":\"https:\\\/\\\/cyclingpro.net\\\/spaziociclismo\\\/wp-content\\\/uploads\\\/2026\\\/08\\\/Andreas-Leknessund-Tappa-7-Vuelta-a-Espana-2026.jpg\",\"datePublished\":\"2026-09-02T06:54:24+00:00\",\"breadcrumb\":{\"@id\":\"https:\\\/\\\/cyclingpro.net\\\/spaziociclismo\\\/montreal-2026\\\/mondiali-montreal-2026-una-norvegia-dattacco-con-andreas-leknessund-e-tobias-halland-johannessen\\\/#breadcrumb\"},\"inLanguage\":\"it-IT\",\"potentialAction\":[{\"@type\":\"ReadAction\",\"target\":[\"https:\\\/\\\/cyclingpro.net\\\/spaziociclismo\\\/montreal-2026\\\/mondiali-montreal-2026-una-norvegia-dattacco-con-andreas-leknessund-e-tobias-halland-johannessen\\\/\"]}]},{\"@type\":\"ImageObject\",\"inLanguage\":\"it-IT\",\"@id\":\"https:\\\/\\\/cyclingpro.net\\\/spaziociclismo\\\/montreal-2026\\\/mondiali-montreal-2026-una-norvegia-dattacco-con-andreas-leknessund-e-tobias-halland-johannessen\\\/#primaryimage\",\"url\":\"https:\\\/\\\/cyclingpro.net\\\/spaziociclismo\\\/wp-content\\\/uploads\\\/2026\\\/08\\\/Andreas-Leknessund-Tappa-7-Vuelta-a-Espana-2026.jpg\",\"contentUrl\":\"https:\\\/\\\/cyclingpro.net\\\/spaziociclismo\\\/wp-content\\\/uploads\\\/2026\\\/08\\\/Andreas-Leknessund-Tappa-7-Vuelta-a-Espana-2026.jpg\",\"width\":1200,\"height\":800,\"caption\":\"\u00a9 Cxcling\"},{\"@type\":\"BreadcrumbList\",\"@id\":\"https:\\\/\\\/cyclingpro.net\\\/spaziociclismo\\\/montreal-2026\\\/mondiali-montreal-2026-una-norvegia-dattacco-con-andreas-leknessund-e-tobias-halland-johannessen\\\/#breadcrumb\",\"itemListElement\":[{\"@type\":\"ListItem\",\"position\":1,\"name\":\"Home\",\"item\":\"https:\\\/\\\/cyclingpro.net\\\/spaziociclismo\\\/\"},{\"@type\":\"ListItem\",\"position\":2,\"name\":\"Mondiali Montr\u00e9al 2026, una Norvegia d&#8217;attacco con Andreas Leknessund e Tobias Halland Johannessen\"}]},{\"@type\":\"WebSite\",\"@id\":\"https:\\\/\\\/cyclingpro.net\\\/spaziociclismo\\\/#website\",\"url\":\"https:\\\/\\\/cyclingpro.net\\\/spaziociclismo\\\/\",\"name\":\"SpazioCiclismo\",\"description\":\"Tutto il ciclismo minuto per minuto\",\"publisher\":{\"@id\":\"https:\\\/\\\/cyclingpro.net\\\/spaziociclismo\\\/#organization\"},\"potentialAction\":[{\"@type\":\"SearchAction\",\"target\":{\"@type\":\"EntryPoint\",\"urlTemplate\":\"https:\\\/\\\/cyclingpro.net\\\/spaziociclismo\\\/?s={search_term_string}\"},\"query-input\":{\"@type\":\"PropertyValueSpecification\",\"valueRequired\":true,\"valueName\":\"search_term_string\"}}],\"inLanguage\":\"it-IT\"},{\"@type\":\"Organization\",\"@id\":\"https:\\\/\\\/cyclingpro.net\\\/spaziociclismo\\\/#organization\",\"name\":\"SpazioCiclismo\",\"url\":\"https:\\\/\\\/cyclingpro.net\\\/spaziociclismo\\\/\",\"logo\":{\"@type\":\"ImageObject\",\"inLanguage\":\"it-IT\",\"@id\":\"https:\\\/\\\/cyclingpro.net\\\/spaziociclismo\\\/#\\\/schema\\\/logo\\\/image\\\/\",\"url\":\"https:\\\/\\\/cyclingpro.net\\\/spaziociclismo\\\/wp-content\\\/uploads\\\/2017\\\/02\\\/SpazioCiclismo-Logo-Quadrato.png\",\"contentUrl\":\"https:\\\/\\\/cyclingpro.net\\\/spaziociclismo\\\/wp-content\\\/uploads\\\/2017\\\/02\\\/SpazioCiclismo-Logo-Quadrato.png\",\"width\":450,\"height\":450,\"caption\":\"SpazioCiclismo\"},\"image\":{\"@id\":\"https:\\\/\\\/cyclingpro.net\\\/spaziociclismo\\\/#\\\/schema\\\/logo\\\/image\\\/\"},\"sameAs\":[\"https:\\\/\\\/www.facebook.com\\\/SpazioCiclismo\\\/\",\"https:\\\/\\\/x.com\\\/spaziociclismo\",\"https:\\\/\\\/www.instagram.com\\\/spaziociclismo\\\/\"]},{\"@type\":\"Person\",\"@id\":\"https:\\\/\\\/cyclingpro.net\\\/spaziociclismo\\\/#\\\/schema\\\/person\\\/627dbc08c9712c25304b059bbb765de8\",\"name\":\"Francesco Mitola\",\"image\":{\"@type\":\"ImageObject\",\"inLanguage\":\"it-IT\",\"@id\":\"https:\\\/\\\/secure.gravatar.com\\\/avatar\\\/dc58a640368550cd17129d2ff185eec5cb2821b7c3403fc06dcaca847ae762d3?s=96&d=mm&r=g\",\"url\":\"https:\\\/\\\/secure.gravatar.com\\\/avatar\\\/dc58a640368550cd17129d2ff185eec5cb2821b7c3403fc06dcaca847ae762d3?s=96&d=mm&r=g\",\"contentUrl\":\"https:\\\/\\\/secure.gravatar.com\\\/avatar\\\/dc58a640368550cd17129d2ff185eec5cb2821b7c3403fc06dcaca847ae762d3?s=96&d=mm&r=g\",\"caption\":\"Francesco Mitola\"},\"url\":\"https:\\\/\\\/cyclingpro.net\\\/spaziociclismo\\\/author\\\/fmitola\\\/\"}]}<\/script>\n<!-- \/ Yoast SEO plugin. -->","yoast_head_json":{"title":"Mondiali Montr\u00e9al 2026, una Norvegia d'attacco con Andreas Leknessund e Tobias Halland Johannessen - SpazioCiclismo","robots":{"index":"index","follow":"follow","max-snippet":"max-snippet:-1","max-image-preview":"max-image-preview:large","max-video-preview":"max-video-preview:-1"},"canonical":"https:\/\/cyclingpro.net\/spaziociclismo\/montreal-2026\/mondiali-montreal-2026-una-norvegia-dattacco-con-andreas-leknessund-e-tobias-halland-johannessen\/","og_locale":"it_IT","og_type":"article","og_title":"Mondiali Montr\u00e9al 2026, una Norvegia d'attacco con Andreas Leknessund e Tobias Halland Johannessen - SpazioCiclismo","og_description":"Non ci sono nomi di primissima grandezza, ma la Norvegia sar\u00e0 una Nazionale da tenere d'occhio a #Montr\u00e9al2026.","og_url":"https:\/\/cyclingpro.net\/spaziociclismo\/montreal-2026\/mondiali-montreal-2026-una-norvegia-dattacco-con-andreas-leknessund-e-tobias-halland-johannessen\/","og_site_name":"SpazioCiclismo","article_publisher":"https:\/\/www.facebook.com\/SpazioCiclismo\/","article_published_time":"2026-09-02T06:54:24+00:00","og_image":[{"width":1200,"height":800,"url":"https:\/\/cyclingpro.net\/spaziociclismo\/wp-content\/uploads\/2026\/08\/Andreas-Leknessund-Tappa-7-Vuelta-a-Espana-2026.jpg","type":"image\/jpeg"}],"author":"Francesco Mitola","twitter_card":"summary_large_image","twitter_creator":"@spaziociclismo","twitter_site":"@spaziociclismo","twitter_misc":{"Scritto da":"Francesco Mitola","Tempo di lettura stimato":"2 minuti"},"schema":{"@context":"https:\/\/schema.org","@graph":[{"@type":"Article","@id":"https:\/\/cyclingpro.net\/spaziociclismo\/montreal-2026\/mondiali-montreal-2026-una-norvegia-dattacco-con-andreas-leknessund-e-tobias-halland-johannessen\/#article","isPartOf":{"@id":"https:\/\/cyclingpro.net\/spaziociclismo\/montreal-2026\/mondiali-montreal-2026-una-norvegia-dattacco-con-andreas-leknessund-e-tobias-halland-johannessen\/"},"author":{"name":"Francesco Mitola","@id":"https:\/\/cyclingpro.net\/spaziociclismo\/#\/schema\/person\/627dbc08c9712c25304b059bbb765de8"},"headline":"Mondiali Montr\u00e9al 2026, una Norvegia d&#8217;attacco con Andreas Leknessund e Tobias Halland Johannessen","datePublished":"2026-09-02T06:54:24+00:00","mainEntityOfPage":{"@id":"https:\/\/cyclingpro.net\/spaziociclismo\/montreal-2026\/mondiali-montreal-2026-una-norvegia-dattacco-con-andreas-leknessund-e-tobias-halland-johannessen\/"},"wordCount":236,"commentCount":0,"publisher":{"@id":"https:\/\/cyclingpro.net\/spaziociclismo\/#organization"},"image":{"@id":"https:\/\/cyclingpro.net\/spaziociclismo\/montreal-2026\/mondiali-montreal-2026-una-norvegia-dattacco-con-andreas-leknessund-e-tobias-halland-johannessen\/#primaryimage"},"thumbnailUrl":"https:\/\/cyclingpro.net\/spaziociclismo\/wp-content\/uploads\/2026\/08\/Andreas-Leknessund-Tappa-7-Vuelta-a-Espana-2026.jpg","keywords":["Mondiali Montr\u00e9al 2026"],"articleSection":["Montr\u00e9al 2026"],"inLanguage":"it-IT","potentialAction":[{"@type":"CommentAction","name":"Comment","target":["https:\/\/cyclingpro.net\/spaziociclismo\/montreal-2026\/mondiali-montreal-2026-una-norvegia-dattacco-con-andreas-leknessund-e-tobias-halland-johannessen\/#respond"]}]},{"@type":"WebPage","@id":"https:\/\/cyclingpro.net\/spaziociclismo\/montreal-2026\/mondiali-montreal-2026-una-norvegia-dattacco-con-andreas-leknessund-e-tobias-halland-johannessen\/","url":"https:\/\/cyclingpro.net\/spaziociclismo\/montreal-2026\/mondiali-montreal-2026-una-norvegia-dattacco-con-andreas-leknessund-e-tobias-halland-johannessen\/","name":"Mondiali Montr\u00e9al 2026, una Norvegia d'attacco con Andreas Leknessund e Tobias Halland Johannessen - SpazioCiclismo","isPartOf":{"@id":"https:\/\/cyclingpro.net\/spaziociclismo\/#website"},"primaryImageOfPage":{"@id":"https:\/\/cyclingpro.net\/spaziociclismo\/montreal-2026\/mondiali-montreal-2026-una-norvegia-dattacco-con-andreas-leknessund-e-tobias-halland-johannessen\/#primaryimage"},"image":{"@id":"https:\/\/cyclingpro.net\/spaziociclismo\/montreal-2026\/mondiali-montreal-2026-una-norvegia-dattacco-con-andreas-leknessund-e-tobias-halland-johannessen\/#primaryimage"},"thumbnailUrl":"https:\/\/cyclingpro.net\/spaziociclismo\/wp-content\/uploads\/2026\/08\/Andreas-Leknessund-Tappa-7-Vuelta-a-Espana-2026.jpg","datePublished":"2026-09-02T06:54:24+00:00","breadcrumb":{"@id":"https:\/\/cyclingpro.net\/spaziociclismo\/montreal-2026\/mondiali-montreal-2026-una-norvegia-dattacco-con-andreas-leknessund-e-tobias-halland-johannessen\/#breadcrumb"},"inLanguage":"it-IT","potentialAction":[{"@type":"ReadAction","target":["https:\/\/cyclingpro.net\/spaziociclismo\/montreal-2026\/mondiali-montreal-2026-una-norvegia-dattacco-con-andreas-leknessund-e-tobias-halland-johannessen\/"]}]},{"@type":"ImageObject","inLanguage":"it-IT","@id":"https:\/\/cyclingpro.net\/spaziociclismo\/montreal-2026\/mondiali-montreal-2026-una-norvegia-dattacco-con-andreas-leknessund-e-tobias-halland-johannessen\/#primaryimage","url":"https:\/\/cyclingpro.net\/spaziociclismo\/wp-content\/uploads\/2026\/08\/Andreas-Leknessund-Tappa-7-Vuelta-a-Espana-2026.jpg","contentUrl":"https:\/\/cyclingpro.net\/spaziociclismo\/wp-content\/uploads\/2026\/08\/Andreas-Leknessund-Tappa-7-Vuelta-a-Espana-2026.jpg","width":1200,"height":800,"caption":"\u00a9 Cxcling"},{"@type":"BreadcrumbList","@id":"https:\/\/cyclingpro.net\/spaziociclismo\/montreal-2026\/mondiali-montreal-2026-una-norvegia-dattacco-con-andreas-leknessund-e-tobias-halland-johannessen\/#breadcrumb","itemListElement":[{"@type":"ListItem","position":1,"name":"Home","item":"https:\/\/cyclingpro.net\/spaziociclismo\/"},{"@type":"ListItem","position":2,"name":"Mondiali Montr\u00e9al 2026, una Norvegia d&#8217;attacco con Andreas Leknessund e Tobias Halland Johannessen"}]},{"@type":"WebSite","@id":"https:\/\/cyclingpro.net\/spaziociclismo\/#website","url":"https:\/\/cyclingpro.net\/spaziociclismo\/","name":"SpazioCiclismo","description":"Tutto il ciclismo minuto per minuto","publisher":{"@id":"https:\/\/cyclingpro.net\/spaziociclismo\/#organization"},"potentialAction":[{"@type":"SearchAction","target":{"@type":"EntryPoint","urlTemplate":"https:\/\/cyclingpro.net\/spaziociclismo\/?s={search_term_string}"},"query-input":{"@type":"PropertyValueSpecification","valueRequired":true,"valueName":"search_term_string"}}],"inLanguage":"it-IT"},{"@type":"Organization","@id":"https:\/\/cyclingpro.net\/spaziociclismo\/#organization","name":"SpazioCiclismo","url":"https:\/\/cyclingpro.net\/spaziociclismo\/","logo":{"@type":"ImageObject","inLanguage":"it-IT","@id":"https:\/\/cyclingpro.net\/spaziociclismo\/#\/schema\/logo\/image\/","url":"https:\/\/cyclingpro.net\/spaziociclismo\/wp-content\/uploads\/2017\/02\/SpazioCiclismo-Logo-Quadrato.png","contentUrl":"https:\/\/cyclingpro.net\/spaziociclismo\/wp-content\/uploads\/2017\/02\/SpazioCiclismo-Logo-Quadrato.png","width":450,"height":450,"caption":"SpazioCiclismo"},"image":{"@id":"https:\/\/cyclingpro.net\/spaziociclismo\/#\/schema\/logo\/image\/"},"sameAs":["https:\/\/www.facebook.com\/SpazioCiclismo\/","https:\/\/x.com\/spaziociclismo","https:\/\/www.instagram.com\/spaziociclismo\/"]},{"@type":"Person","@id":"https:\/\/cyclingpro.net\/spaziociclismo\/#\/schema\/person\/627dbc08c9712c25304b059bbb765de8","name":"Francesco Mitola","image":{"@type":"ImageObject","inLanguage":"it-IT","@id":"https:\/\/secure.gravatar.com\/avatar\/dc58a640368550cd17129d2ff185eec5cb2821b7c3403fc06dcaca847ae762d3?s=96&d=mm&r=g","url":"https:\/\/secure.gravatar.com\/avatar\/dc58a640368550cd17129d2ff185eec5cb2821b7c3403fc06dcaca847ae762d3?s=96&d=mm&r=g","contentUrl":"https:\/\/secure.gravatar.com\/avatar\/dc58a640368550cd17129d2ff185eec5cb2821b7c3403fc06dcaca847ae762d3?s=96&d=mm&r=g","caption":"Francesco Mitola"},"url":"https:\/\/cyclingpro.net\/spaziociclismo\/author\/fmitola\/"}]}},"_links":{"self":[{"href":"https:\/\/cyclingpro.net\/spaziociclismo\/wp-json\/wp\/v2\/posts\/393241","targetHints":{"allow":["GET"]}}],"collection":[{"href":"https:\/\/cyclingpro.net\/spaziociclismo\/wp-json\/wp\/v2\/posts"}],"about":[{"href":"https:\/\/cyclingpro.net\/spaziociclismo\/wp-json\/wp\/v2\/types\/post"}],"author":[{"embeddable":true,"href":"https:\/\/cyclingpro.net\/spaziociclismo\/wp-json\/wp\/v2\/users\/25"}],"replies":[{"embeddable":true,"href":"https:\/\/cyclingpro.net\/spaziociclismo\/wp-json\/wp\/v2\/comments?post=393241"}],"version-history":[{"count":1,"href":"https:\/\/cyclingpro.net\/spaziociclismo\/wp-json\/wp\/v2\/posts\/393241\/revisions"}],"predecessor-version":[{"id":393242,"href":"https:\/\/cyclingpro.net\/spaziociclismo\/wp-json\/wp\/v2\/posts\/393241\/revisions\/393242"}],"wp:featuredmedia":[{"embeddable":true,"href":"https:\/\/cyclingpro.net\/spaziociclismo\/wp-json\/wp\/v2\/media\/392591"}],"wp:attachment":[{"href":"https:\/\/cyclingpro.net\/spaziociclismo\/wp-json\/wp\/v2\/media?parent=393241"}],"wp:term":[{"taxonomy":"category","embeddable":true,"href":"https:\/\/cyclingpro.net\/spaziociclismo\/wp-json\/wp\/v2\/categories?post=393241"},{"taxonomy":"post_tag","embeddable":true,"href":"https:\/\/cyclingpro.net\/spaziociclismo\/wp-json\/wp\/v2\/tags?post=393241"}],"curies":[{"name":"wp","href":"https:\/\/api.w.org\/{rel}","templated":true}]}}