{"id":393239,"date":"2026-09-02T08:46:03","date_gmt":"2026-09-02T06:46:03","guid":{"rendered":"https:\/\/cyclingpro.net\/spaziociclismo\/?p=393239"},"modified":"2026-09-02T08:59:10","modified_gmt":"2026-09-02T06:59:10","slug":"spazio-agenda-il-programma-di-mercoledi-2-settembre-giornata-ricca-con-la-vuelta-il-duello-kooij-merlier-in-gran-bretagna-e-una-crono-di-21-chilometri-allo-zlm-tour","status":"publish","type":"post","link":"https:\/\/cyclingpro.net\/spaziociclismo\/calendario\/spazio-agenda-il-programma-di-mercoledi-2-settembre-giornata-ricca-con-la-vuelta-il-duello-kooij-merlier-in-gran-bretagna-e-una-crono-di-21-chilometri-allo-zlm-tour\/","title":{"rendered":"Spazio Agenda, il programma di mercoled\u00ec 2 settembre: giornata ricca con la Vuelta, il duello Kooij-Merlier in Gran Bretagna e una crono di 21 chilometri allo ZLM Tour"},"content":{"rendered":"<p>La settimana ciclistica entra nel vivo e <strong>mercoled\u00ec 2 settembre<\/strong> propone diversi appuntamenti che stuzzicano l&#8217;interesse di appassionati e sportivi. Prosegue la <strong>Vuelta a Espa\u00f1a 2026,\u00a0<\/strong>che propone un percorso abbastanza tranquillo prima delle grandi sfide che attendono i corridori nei prossimi giorni, e iniziano altre due brevi corse a tappe, che animeranno poi la settimana fino alla sua conclusione. In Gran Bretagna si corre infatti la versione maschile del <strong>Tour of Britain 2026<\/strong>, mentre le strade dei Paesi Bassi tornano a ospitare, dopo un anno di mancata organizzazione, lo <strong>ZLM Tour 2026<\/strong>.<\/p>\n<p><a href=\"https:\/\/cyclingpro.net\/spaziociclismo\/calendario\/calendario-e-orario-corse-della-settimana-31-agosto-6-settembre-2\/\" target=\"_blank\" rel=\"noopener\">Qui gli orari delle corse\u00a0<\/a><br \/>\n<a href=\"https:\/\/cyclingpro.net\/spaziociclismo\/calendario\/ciclismo-in-tv-e-streaming-gli-orari-della-settimana-31-agosto-6-settembre\/\" target=\"_blank\" rel=\"noopener\">Qui la programmazione TV \/ Streaming<\/a><\/p>\n<h3>Vuelta a Espa\u00f1a 2026<\/h3>\n<p><a href=\"https:\/\/cyclingpro.net\/spaziociclismo\/startlist\/startlist-vuelta-a-espana-2026-elenco-partecipanti\/\" target=\"_blank\" rel=\"noopener\">Qui la<\/a> <a href=\"https:\/\/cyclingpro.net\/spaziociclismo\/startlist\/startlist-vuelta-a-espana-2026-elenco-partecipanti\/\" target=\"_blank\" rel=\"noopener\">Startlist<\/a>\u00a0\\ <a href=\"https:\/\/cyclingpro.net\/spaziociclismo\/vuelta-2026\/percorso-vuelta-a-espana-2026-tutte-le-tappe-altimetrie-e-planimetrie\/\" target=\"_blank\" rel=\"noopener\">Qui Altimetria e Planimetria <\/a>\\ <a href=\"https:\/\/cyclingpro.net\/spaziociclismo\/sintesi-gare\/vuelta-a-espana-2026-bastien-tronchon-fa-il-colpo-a-elche-de-la-sierra-4-wout-van-aert-5-alessandro-romele\/\" target=\"_blank\" rel=\"noopener\">Qui l&#8217;esito della Tappa 10<\/a><br \/>\n<strong>Tappa 11: Cartagena &#8211; Lorca (153,8 km &#8211; mossa)<br \/>\n<\/strong>Dopo la volata abbastanza atipica con cui si \u00e8 aperta la seconda settimana del Grande Giro spagnolo, anche la giornata odierna offre ai velocisti ancora in gara la possibilit\u00e0 di lasciare il loro marchio sulla corsa. Il tracciato si presta per\u00f2 anche a qualche attacco, soprattutto in corrispondenza della prima e unica salita vera di giornata, che potrebbe agitare le acque e rendere la corsa ingovernabile per chi vorr\u00e0 invece provare a controllarla. Sul piano della classifica generale, dovrebbe invece essere una giornata di &#8220;trasferimento&#8221;, anche se <strong>Enric Mas<\/strong> (Movistar), il corridore che detiene la Maglia Roja, e i suoi rivali diretti non potranno permettersi di abbassare la guardia.<\/p>\n<h3>Tour of Britain 2026<\/h3>\n<p><a href=\"https:\/\/cyclingpro.net\/spaziociclismo\/startlist\/tour-of-britain-2026-la-startlist\/\" target=\"_blank\" rel=\"noopener\">Qui la Startlist<\/a>\u00a0\\ <a href=\"https:\/\/cyclingpro.net\/spaziociclismo\/percorsi\/tour-of-britain-2026-il-percorso\/\" target=\"_blank\" rel=\"noopener\">Qui Altimetria e Planimetria\u00a0<\/a><br \/>\n<strong>Tappa 1: Lincoln &#8211; Lincoln (182,5 km &#8211; pianeggiante)<br \/>\n<\/strong>La corsa britannica, inserita nel calendario UCI 2.Pro, inizia il suo cammino proponendo una frazione con partenza e arrivo a Lincoln, nella parte centro-orientale dell&#8217;isola. La tappa prevede una parte in linea e una conclusione sul circuito disegnato nei dintorni della citt\u00e0, da percorrere per cinque volte e caratterizzato da un finale, quello di Michaelgate, che tender\u00e0 all&#8217;ins\u00f9, con una pendenza che arriver\u00e0 a toccare il 10 per cento, con strada in pav\u00e9. Saranno in gara velocisti di primissimo ordine come <strong>Olav Kooij<\/strong> (Decathlon CMA CGM) e <strong>Tim Merlier<\/strong> (Soudal Quick-Step) che puntano a muovere il loro contatore di vittorie, ma che oggi dovranno evidentemente sudarsela. Torna inoltre in azione <strong>Filippo Ganna<\/strong> (Netcompany Ineos), c&#8217;\u00e8 <strong>Matteo Trentin<\/strong> (Tudor) e c&#8217;\u00e8 anche il ciclista-biatleta <strong>\u00c9milien Jacquelin<\/strong> (Decathlon CMA CGM), che continua la sua progressione nell&#8217;ambiente delle biciclette.<\/p>\n<h3>ZLM Tour 2026<\/h3>\n<p><a href=\"https:\/\/cyclingpro.net\/spaziociclismo\/startlist\/zlm-tour-2026-la-startlist\/\" target=\"_blank\" rel=\"noopener\">Qui la Startlist<\/a>\u00a0\\ <a href=\"https:\/\/cyclingpro.net\/spaziociclismo\/presentazione-corse\/presentazione-percorso-e-borsino-favoriti-zlm-tour-2026\/\" target=\"_blank\" rel=\"noopener\">Qui Altimetria e Planimetria\u00a0<\/a><br \/>\n<strong>Tappa 1: Kapelle &#8211; Kapelle (21,1 km &#8211; cronometro individuale)<br \/>\n<\/strong>Lo ZLM Tour torna nel calendario internazionale\u00a0 dopo un anno di pausa dovuto a questioni organizzative e lo fa con la qualifica di appuntamento UCI 2.1. La gara neerlandese comincia mettendo in scena una cronometro individuale di oltre 20 chilometri, prova abbastanza insolita per una competizione di questo tipo, quantomeno per la lunghezza. A ringraziare saranno i corridori pi\u00f9 redditizi in questa specialit\u00e0, che potranno mettere mattoni importanti nella costruzione della loro classifica generale. In gara diversi giovani italiani: <strong>Pietro Mattio<\/strong> (Visma|Lease a Bike), <strong>Riccardo Colombo<\/strong> ed <strong>Enea Sambinello<\/strong> (Hagens Berman Axeon) e <strong>Alessio Magagnotti<\/strong> (Red Bull-Bora-hansgrohe), che giusto qualche giorno fa ha rotto il ghiaccio, in termini di vittorie, fra i professionisti.<\/p>\n","protected":false},"excerpt":{"rendered":"<p>Oggi #LaVuelta26 arriva a met\u00e0 percorso, inizia il #TourofBritain e torna a disputarsi lo #ZLMTour.<\/p>\n","protected":false},"author":25,"featured_media":343230,"comment_status":"open","ping_status":"closed","sticky":false,"template":"","format":"standard","meta":{"footnotes":"","_members_access_role":[],"_members_access_error":""},"categories":[2044],"tags":[7110,5752,7215],"class_list":["post-393239","post","type-post","status-publish","format-standard","has-post-thumbnail","hentry","category-calendario","tag-tour-of-britain-2026","tag-vuelta-a-espana-2026","tag-zlm-tour-2026"],"yoast_head":"<!-- This site is optimized with the Yoast SEO plugin v28.3 - https:\/\/yoast.com\/product\/yoast-seo-wordpress\/ -->\n<title>Spazio Agenda, il programma di mercoled\u00ec 2 settembre: giornata ricca con la Vuelta, il duello Kooij-Merlier in Gran Bretagna e una crono di 21 chilometri allo ZLM Tour - SpazioCiclismo<\/title>\n<meta name=\"robots\" content=\"index, follow, max-snippet:-1, max-image-preview:large, max-video-preview:-1\" \/>\n<link rel=\"canonical\" href=\"https:\/\/cyclingpro.net\/spaziociclismo\/calendario\/spazio-agenda-il-programma-di-mercoledi-2-settembre-giornata-ricca-con-la-vuelta-il-duello-kooij-merlier-in-gran-bretagna-e-una-crono-di-21-chilometri-allo-zlm-tour\/\" \/>\n<meta property=\"og:locale\" content=\"it_IT\" \/>\n<meta property=\"og:type\" content=\"article\" \/>\n<meta property=\"og:title\" content=\"Spazio Agenda, il programma di mercoled\u00ec 2 settembre: giornata ricca con la Vuelta, il duello Kooij-Merlier in Gran Bretagna e una crono di 21 chilometri allo ZLM Tour - SpazioCiclismo\" \/>\n<meta property=\"og:description\" content=\"Oggi #LaVuelta26 arriva a met\u00e0 percorso, inizia il #TourofBritain e torna a disputarsi lo #ZLMTour.\" \/>\n<meta property=\"og:url\" content=\"https:\/\/cyclingpro.net\/spaziociclismo\/calendario\/spazio-agenda-il-programma-di-mercoledi-2-settembre-giornata-ricca-con-la-vuelta-il-duello-kooij-merlier-in-gran-bretagna-e-una-crono-di-21-chilometri-allo-zlm-tour\/\" \/>\n<meta property=\"og:site_name\" content=\"SpazioCiclismo\" \/>\n<meta property=\"article:publisher\" content=\"https:\/\/www.facebook.com\/SpazioCiclismo\/\" \/>\n<meta property=\"article:published_time\" content=\"2026-09-02T06:46:03+00:00\" \/>\n<meta property=\"article:modified_time\" content=\"2026-09-02T06:59:10+00:00\" \/>\n<meta property=\"og:image\" content=\"https:\/\/cyclingpro.net\/spaziociclismo\/wp-content\/uploads\/2025\/08\/Tour-of-Britain-2024-Gruppo.jpg\" \/>\n\t<meta property=\"og:image:width\" content=\"1200\" \/>\n\t<meta property=\"og:image:height\" content=\"674\" \/>\n\t<meta property=\"og:image:type\" content=\"image\/jpeg\" \/>\n<meta name=\"author\" content=\"Francesco Mitola\" \/>\n<meta name=\"twitter:card\" content=\"summary_large_image\" \/>\n<meta name=\"twitter:creator\" content=\"@spaziociclismo\" \/>\n<meta name=\"twitter:site\" content=\"@spaziociclismo\" \/>\n<meta name=\"twitter:label1\" content=\"Scritto da\" \/>\n\t<meta name=\"twitter:data1\" content=\"Francesco Mitola\" \/>\n\t<meta name=\"twitter:label2\" content=\"Tempo di lettura stimato\" \/>\n\t<meta name=\"twitter:data2\" content=\"3 minuti\" \/>\n<script type=\"application\/ld+json\" class=\"yoast-schema-graph\">{\"@context\":\"https:\\\/\\\/schema.org\",\"@graph\":[{\"@type\":\"Article\",\"@id\":\"https:\\\/\\\/cyclingpro.net\\\/spaziociclismo\\\/calendario\\\/spazio-agenda-il-programma-di-mercoledi-2-settembre-giornata-ricca-con-la-vuelta-il-duello-kooij-merlier-in-gran-bretagna-e-una-crono-di-21-chilometri-allo-zlm-tour\\\/#article\",\"isPartOf\":{\"@id\":\"https:\\\/\\\/cyclingpro.net\\\/spaziociclismo\\\/calendario\\\/spazio-agenda-il-programma-di-mercoledi-2-settembre-giornata-ricca-con-la-vuelta-il-duello-kooij-merlier-in-gran-bretagna-e-una-crono-di-21-chilometri-allo-zlm-tour\\\/\"},\"author\":{\"name\":\"Francesco Mitola\",\"@id\":\"https:\\\/\\\/cyclingpro.net\\\/spaziociclismo\\\/#\\\/schema\\\/person\\\/627dbc08c9712c25304b059bbb765de8\"},\"headline\":\"Spazio Agenda, il programma di mercoled\u00ec 2 settembre: giornata ricca con la Vuelta, il duello Kooij-Merlier in Gran Bretagna e una crono di 21 chilometri allo ZLM Tour\",\"datePublished\":\"2026-09-02T06:46:03+00:00\",\"dateModified\":\"2026-09-02T06:59:10+00:00\",\"mainEntityOfPage\":{\"@id\":\"https:\\\/\\\/cyclingpro.net\\\/spaziociclismo\\\/calendario\\\/spazio-agenda-il-programma-di-mercoledi-2-settembre-giornata-ricca-con-la-vuelta-il-duello-kooij-merlier-in-gran-bretagna-e-una-crono-di-21-chilometri-allo-zlm-tour\\\/\"},\"wordCount\":542,\"commentCount\":0,\"publisher\":{\"@id\":\"https:\\\/\\\/cyclingpro.net\\\/spaziociclismo\\\/#organization\"},\"image\":{\"@id\":\"https:\\\/\\\/cyclingpro.net\\\/spaziociclismo\\\/calendario\\\/spazio-agenda-il-programma-di-mercoledi-2-settembre-giornata-ricca-con-la-vuelta-il-duello-kooij-merlier-in-gran-bretagna-e-una-crono-di-21-chilometri-allo-zlm-tour\\\/#primaryimage\"},\"thumbnailUrl\":\"https:\\\/\\\/cyclingpro.net\\\/spaziociclismo\\\/wp-content\\\/uploads\\\/2025\\\/08\\\/Tour-of-Britain-2024-Gruppo.jpg\",\"keywords\":[\"Tour of Britain 2026\",\"Vuelta a Espa\u00f1a 2026\",\"ZLM Tour 2026\"],\"articleSection\":[\"Calendario\"],\"inLanguage\":\"it-IT\",\"potentialAction\":[{\"@type\":\"CommentAction\",\"name\":\"Comment\",\"target\":[\"https:\\\/\\\/cyclingpro.net\\\/spaziociclismo\\\/calendario\\\/spazio-agenda-il-programma-di-mercoledi-2-settembre-giornata-ricca-con-la-vuelta-il-duello-kooij-merlier-in-gran-bretagna-e-una-crono-di-21-chilometri-allo-zlm-tour\\\/#respond\"]}]},{\"@type\":\"WebPage\",\"@id\":\"https:\\\/\\\/cyclingpro.net\\\/spaziociclismo\\\/calendario\\\/spazio-agenda-il-programma-di-mercoledi-2-settembre-giornata-ricca-con-la-vuelta-il-duello-kooij-merlier-in-gran-bretagna-e-una-crono-di-21-chilometri-allo-zlm-tour\\\/\",\"url\":\"https:\\\/\\\/cyclingpro.net\\\/spaziociclismo\\\/calendario\\\/spazio-agenda-il-programma-di-mercoledi-2-settembre-giornata-ricca-con-la-vuelta-il-duello-kooij-merlier-in-gran-bretagna-e-una-crono-di-21-chilometri-allo-zlm-tour\\\/\",\"name\":\"Spazio Agenda, il programma di mercoled\u00ec 2 settembre: giornata ricca con la Vuelta, il duello Kooij-Merlier in Gran Bretagna e una crono di 21 chilometri allo ZLM Tour - SpazioCiclismo\",\"isPartOf\":{\"@id\":\"https:\\\/\\\/cyclingpro.net\\\/spaziociclismo\\\/#website\"},\"primaryImageOfPage\":{\"@id\":\"https:\\\/\\\/cyclingpro.net\\\/spaziociclismo\\\/calendario\\\/spazio-agenda-il-programma-di-mercoledi-2-settembre-giornata-ricca-con-la-vuelta-il-duello-kooij-merlier-in-gran-bretagna-e-una-crono-di-21-chilometri-allo-zlm-tour\\\/#primaryimage\"},\"image\":{\"@id\":\"https:\\\/\\\/cyclingpro.net\\\/spaziociclismo\\\/calendario\\\/spazio-agenda-il-programma-di-mercoledi-2-settembre-giornata-ricca-con-la-vuelta-il-duello-kooij-merlier-in-gran-bretagna-e-una-crono-di-21-chilometri-allo-zlm-tour\\\/#primaryimage\"},\"thumbnailUrl\":\"https:\\\/\\\/cyclingpro.net\\\/spaziociclismo\\\/wp-content\\\/uploads\\\/2025\\\/08\\\/Tour-of-Britain-2024-Gruppo.jpg\",\"datePublished\":\"2026-09-02T06:46:03+00:00\",\"dateModified\":\"2026-09-02T06:59:10+00:00\",\"breadcrumb\":{\"@id\":\"https:\\\/\\\/cyclingpro.net\\\/spaziociclismo\\\/calendario\\\/spazio-agenda-il-programma-di-mercoledi-2-settembre-giornata-ricca-con-la-vuelta-il-duello-kooij-merlier-in-gran-bretagna-e-una-crono-di-21-chilometri-allo-zlm-tour\\\/#breadcrumb\"},\"inLanguage\":\"it-IT\",\"potentialAction\":[{\"@type\":\"ReadAction\",\"target\":[\"https:\\\/\\\/cyclingpro.net\\\/spaziociclismo\\\/calendario\\\/spazio-agenda-il-programma-di-mercoledi-2-settembre-giornata-ricca-con-la-vuelta-il-duello-kooij-merlier-in-gran-bretagna-e-una-crono-di-21-chilometri-allo-zlm-tour\\\/\"]}]},{\"@type\":\"ImageObject\",\"inLanguage\":\"it-IT\",\"@id\":\"https:\\\/\\\/cyclingpro.net\\\/spaziociclismo\\\/calendario\\\/spazio-agenda-il-programma-di-mercoledi-2-settembre-giornata-ricca-con-la-vuelta-il-duello-kooij-merlier-in-gran-bretagna-e-una-crono-di-21-chilometri-allo-zlm-tour\\\/#primaryimage\",\"url\":\"https:\\\/\\\/cyclingpro.net\\\/spaziociclismo\\\/wp-content\\\/uploads\\\/2025\\\/08\\\/Tour-of-Britain-2024-Gruppo.jpg\",\"contentUrl\":\"https:\\\/\\\/cyclingpro.net\\\/spaziociclismo\\\/wp-content\\\/uploads\\\/2025\\\/08\\\/Tour-of-Britain-2024-Gruppo.jpg\",\"width\":1200,\"height\":674,\"caption\":\"\u00a9 SWpix\"},{\"@type\":\"BreadcrumbList\",\"@id\":\"https:\\\/\\\/cyclingpro.net\\\/spaziociclismo\\\/calendario\\\/spazio-agenda-il-programma-di-mercoledi-2-settembre-giornata-ricca-con-la-vuelta-il-duello-kooij-merlier-in-gran-bretagna-e-una-crono-di-21-chilometri-allo-zlm-tour\\\/#breadcrumb\",\"itemListElement\":[{\"@type\":\"ListItem\",\"position\":1,\"name\":\"Home\",\"item\":\"https:\\\/\\\/cyclingpro.net\\\/spaziociclismo\\\/\"},{\"@type\":\"ListItem\",\"position\":2,\"name\":\"Spazio Agenda, il programma di mercoled\u00ec 2 settembre: giornata ricca con la Vuelta, il duello Kooij-Merlier in Gran Bretagna e una crono di 21 chilometri allo ZLM Tour\"}]},{\"@type\":\"WebSite\",\"@id\":\"https:\\\/\\\/cyclingpro.net\\\/spaziociclismo\\\/#website\",\"url\":\"https:\\\/\\\/cyclingpro.net\\\/spaziociclismo\\\/\",\"name\":\"SpazioCiclismo\",\"description\":\"Tutto il ciclismo minuto per minuto\",\"publisher\":{\"@id\":\"https:\\\/\\\/cyclingpro.net\\\/spaziociclismo\\\/#organization\"},\"potentialAction\":[{\"@type\":\"SearchAction\",\"target\":{\"@type\":\"EntryPoint\",\"urlTemplate\":\"https:\\\/\\\/cyclingpro.net\\\/spaziociclismo\\\/?s={search_term_string}\"},\"query-input\":{\"@type\":\"PropertyValueSpecification\",\"valueRequired\":true,\"valueName\":\"search_term_string\"}}],\"inLanguage\":\"it-IT\"},{\"@type\":\"Organization\",\"@id\":\"https:\\\/\\\/cyclingpro.net\\\/spaziociclismo\\\/#organization\",\"name\":\"SpazioCiclismo\",\"url\":\"https:\\\/\\\/cyclingpro.net\\\/spaziociclismo\\\/\",\"logo\":{\"@type\":\"ImageObject\",\"inLanguage\":\"it-IT\",\"@id\":\"https:\\\/\\\/cyclingpro.net\\\/spaziociclismo\\\/#\\\/schema\\\/logo\\\/image\\\/\",\"url\":\"https:\\\/\\\/cyclingpro.net\\\/spaziociclismo\\\/wp-content\\\/uploads\\\/2017\\\/02\\\/SpazioCiclismo-Logo-Quadrato.png\",\"contentUrl\":\"https:\\\/\\\/cyclingpro.net\\\/spaziociclismo\\\/wp-content\\\/uploads\\\/2017\\\/02\\\/SpazioCiclismo-Logo-Quadrato.png\",\"width\":450,\"height\":450,\"caption\":\"SpazioCiclismo\"},\"image\":{\"@id\":\"https:\\\/\\\/cyclingpro.net\\\/spaziociclismo\\\/#\\\/schema\\\/logo\\\/image\\\/\"},\"sameAs\":[\"https:\\\/\\\/www.facebook.com\\\/SpazioCiclismo\\\/\",\"https:\\\/\\\/x.com\\\/spaziociclismo\",\"https:\\\/\\\/www.instagram.com\\\/spaziociclismo\\\/\"]},{\"@type\":\"Person\",\"@id\":\"https:\\\/\\\/cyclingpro.net\\\/spaziociclismo\\\/#\\\/schema\\\/person\\\/627dbc08c9712c25304b059bbb765de8\",\"name\":\"Francesco Mitola\",\"image\":{\"@type\":\"ImageObject\",\"inLanguage\":\"it-IT\",\"@id\":\"https:\\\/\\\/secure.gravatar.com\\\/avatar\\\/dc58a640368550cd17129d2ff185eec5cb2821b7c3403fc06dcaca847ae762d3?s=96&d=mm&r=g\",\"url\":\"https:\\\/\\\/secure.gravatar.com\\\/avatar\\\/dc58a640368550cd17129d2ff185eec5cb2821b7c3403fc06dcaca847ae762d3?s=96&d=mm&r=g\",\"contentUrl\":\"https:\\\/\\\/secure.gravatar.com\\\/avatar\\\/dc58a640368550cd17129d2ff185eec5cb2821b7c3403fc06dcaca847ae762d3?s=96&d=mm&r=g\",\"caption\":\"Francesco Mitola\"},\"url\":\"https:\\\/\\\/cyclingpro.net\\\/spaziociclismo\\\/author\\\/fmitola\\\/\"}]}<\/script>\n<!-- \/ Yoast SEO plugin. -->","yoast_head_json":{"title":"Spazio Agenda, il programma di mercoled\u00ec 2 settembre: giornata ricca con la Vuelta, il duello Kooij-Merlier in Gran Bretagna e una crono di 21 chilometri allo ZLM Tour - SpazioCiclismo","robots":{"index":"index","follow":"follow","max-snippet":"max-snippet:-1","max-image-preview":"max-image-preview:large","max-video-preview":"max-video-preview:-1"},"canonical":"https:\/\/cyclingpro.net\/spaziociclismo\/calendario\/spazio-agenda-il-programma-di-mercoledi-2-settembre-giornata-ricca-con-la-vuelta-il-duello-kooij-merlier-in-gran-bretagna-e-una-crono-di-21-chilometri-allo-zlm-tour\/","og_locale":"it_IT","og_type":"article","og_title":"Spazio Agenda, il programma di mercoled\u00ec 2 settembre: giornata ricca con la Vuelta, il duello Kooij-Merlier in Gran Bretagna e una crono di 21 chilometri allo ZLM Tour - SpazioCiclismo","og_description":"Oggi #LaVuelta26 arriva a met\u00e0 percorso, inizia il #TourofBritain e torna a disputarsi lo #ZLMTour.","og_url":"https:\/\/cyclingpro.net\/spaziociclismo\/calendario\/spazio-agenda-il-programma-di-mercoledi-2-settembre-giornata-ricca-con-la-vuelta-il-duello-kooij-merlier-in-gran-bretagna-e-una-crono-di-21-chilometri-allo-zlm-tour\/","og_site_name":"SpazioCiclismo","article_publisher":"https:\/\/www.facebook.com\/SpazioCiclismo\/","article_published_time":"2026-09-02T06:46:03+00:00","article_modified_time":"2026-09-02T06:59:10+00:00","og_image":[{"width":1200,"height":674,"url":"https:\/\/cyclingpro.net\/spaziociclismo\/wp-content\/uploads\/2025\/08\/Tour-of-Britain-2024-Gruppo.jpg","type":"image\/jpeg"}],"author":"Francesco Mitola","twitter_card":"summary_large_image","twitter_creator":"@spaziociclismo","twitter_site":"@spaziociclismo","twitter_misc":{"Scritto da":"Francesco Mitola","Tempo di lettura stimato":"3 minuti"},"schema":{"@context":"https:\/\/schema.org","@graph":[{"@type":"Article","@id":"https:\/\/cyclingpro.net\/spaziociclismo\/calendario\/spazio-agenda-il-programma-di-mercoledi-2-settembre-giornata-ricca-con-la-vuelta-il-duello-kooij-merlier-in-gran-bretagna-e-una-crono-di-21-chilometri-allo-zlm-tour\/#article","isPartOf":{"@id":"https:\/\/cyclingpro.net\/spaziociclismo\/calendario\/spazio-agenda-il-programma-di-mercoledi-2-settembre-giornata-ricca-con-la-vuelta-il-duello-kooij-merlier-in-gran-bretagna-e-una-crono-di-21-chilometri-allo-zlm-tour\/"},"author":{"name":"Francesco Mitola","@id":"https:\/\/cyclingpro.net\/spaziociclismo\/#\/schema\/person\/627dbc08c9712c25304b059bbb765de8"},"headline":"Spazio Agenda, il programma di mercoled\u00ec 2 settembre: giornata ricca con la Vuelta, il duello Kooij-Merlier in Gran Bretagna e una crono di 21 chilometri allo ZLM Tour","datePublished":"2026-09-02T06:46:03+00:00","dateModified":"2026-09-02T06:59:10+00:00","mainEntityOfPage":{"@id":"https:\/\/cyclingpro.net\/spaziociclismo\/calendario\/spazio-agenda-il-programma-di-mercoledi-2-settembre-giornata-ricca-con-la-vuelta-il-duello-kooij-merlier-in-gran-bretagna-e-una-crono-di-21-chilometri-allo-zlm-tour\/"},"wordCount":542,"commentCount":0,"publisher":{"@id":"https:\/\/cyclingpro.net\/spaziociclismo\/#organization"},"image":{"@id":"https:\/\/cyclingpro.net\/spaziociclismo\/calendario\/spazio-agenda-il-programma-di-mercoledi-2-settembre-giornata-ricca-con-la-vuelta-il-duello-kooij-merlier-in-gran-bretagna-e-una-crono-di-21-chilometri-allo-zlm-tour\/#primaryimage"},"thumbnailUrl":"https:\/\/cyclingpro.net\/spaziociclismo\/wp-content\/uploads\/2025\/08\/Tour-of-Britain-2024-Gruppo.jpg","keywords":["Tour of Britain 2026","Vuelta a Espa\u00f1a 2026","ZLM Tour 2026"],"articleSection":["Calendario"],"inLanguage":"it-IT","potentialAction":[{"@type":"CommentAction","name":"Comment","target":["https:\/\/cyclingpro.net\/spaziociclismo\/calendario\/spazio-agenda-il-programma-di-mercoledi-2-settembre-giornata-ricca-con-la-vuelta-il-duello-kooij-merlier-in-gran-bretagna-e-una-crono-di-21-chilometri-allo-zlm-tour\/#respond"]}]},{"@type":"WebPage","@id":"https:\/\/cyclingpro.net\/spaziociclismo\/calendario\/spazio-agenda-il-programma-di-mercoledi-2-settembre-giornata-ricca-con-la-vuelta-il-duello-kooij-merlier-in-gran-bretagna-e-una-crono-di-21-chilometri-allo-zlm-tour\/","url":"https:\/\/cyclingpro.net\/spaziociclismo\/calendario\/spazio-agenda-il-programma-di-mercoledi-2-settembre-giornata-ricca-con-la-vuelta-il-duello-kooij-merlier-in-gran-bretagna-e-una-crono-di-21-chilometri-allo-zlm-tour\/","name":"Spazio Agenda, il programma di mercoled\u00ec 2 settembre: giornata ricca con la Vuelta, il duello Kooij-Merlier in Gran Bretagna e una crono di 21 chilometri allo ZLM Tour - SpazioCiclismo","isPartOf":{"@id":"https:\/\/cyclingpro.net\/spaziociclismo\/#website"},"primaryImageOfPage":{"@id":"https:\/\/cyclingpro.net\/spaziociclismo\/calendario\/spazio-agenda-il-programma-di-mercoledi-2-settembre-giornata-ricca-con-la-vuelta-il-duello-kooij-merlier-in-gran-bretagna-e-una-crono-di-21-chilometri-allo-zlm-tour\/#primaryimage"},"image":{"@id":"https:\/\/cyclingpro.net\/spaziociclismo\/calendario\/spazio-agenda-il-programma-di-mercoledi-2-settembre-giornata-ricca-con-la-vuelta-il-duello-kooij-merlier-in-gran-bretagna-e-una-crono-di-21-chilometri-allo-zlm-tour\/#primaryimage"},"thumbnailUrl":"https:\/\/cyclingpro.net\/spaziociclismo\/wp-content\/uploads\/2025\/08\/Tour-of-Britain-2024-Gruppo.jpg","datePublished":"2026-09-02T06:46:03+00:00","dateModified":"2026-09-02T06:59:10+00:00","breadcrumb":{"@id":"https:\/\/cyclingpro.net\/spaziociclismo\/calendario\/spazio-agenda-il-programma-di-mercoledi-2-settembre-giornata-ricca-con-la-vuelta-il-duello-kooij-merlier-in-gran-bretagna-e-una-crono-di-21-chilometri-allo-zlm-tour\/#breadcrumb"},"inLanguage":"it-IT","potentialAction":[{"@type":"ReadAction","target":["https:\/\/cyclingpro.net\/spaziociclismo\/calendario\/spazio-agenda-il-programma-di-mercoledi-2-settembre-giornata-ricca-con-la-vuelta-il-duello-kooij-merlier-in-gran-bretagna-e-una-crono-di-21-chilometri-allo-zlm-tour\/"]}]},{"@type":"ImageObject","inLanguage":"it-IT","@id":"https:\/\/cyclingpro.net\/spaziociclismo\/calendario\/spazio-agenda-il-programma-di-mercoledi-2-settembre-giornata-ricca-con-la-vuelta-il-duello-kooij-merlier-in-gran-bretagna-e-una-crono-di-21-chilometri-allo-zlm-tour\/#primaryimage","url":"https:\/\/cyclingpro.net\/spaziociclismo\/wp-content\/uploads\/2025\/08\/Tour-of-Britain-2024-Gruppo.jpg","contentUrl":"https:\/\/cyclingpro.net\/spaziociclismo\/wp-content\/uploads\/2025\/08\/Tour-of-Britain-2024-Gruppo.jpg","width":1200,"height":674,"caption":"\u00a9 SWpix"},{"@type":"BreadcrumbList","@id":"https:\/\/cyclingpro.net\/spaziociclismo\/calendario\/spazio-agenda-il-programma-di-mercoledi-2-settembre-giornata-ricca-con-la-vuelta-il-duello-kooij-merlier-in-gran-bretagna-e-una-crono-di-21-chilometri-allo-zlm-tour\/#breadcrumb","itemListElement":[{"@type":"ListItem","position":1,"name":"Home","item":"https:\/\/cyclingpro.net\/spaziociclismo\/"},{"@type":"ListItem","position":2,"name":"Spazio Agenda, il programma di mercoled\u00ec 2 settembre: giornata ricca con la Vuelta, il duello Kooij-Merlier in Gran Bretagna e una crono di 21 chilometri allo ZLM Tour"}]},{"@type":"WebSite","@id":"https:\/\/cyclingpro.net\/spaziociclismo\/#website","url":"https:\/\/cyclingpro.net\/spaziociclismo\/","name":"SpazioCiclismo","description":"Tutto il ciclismo minuto per minuto","publisher":{"@id":"https:\/\/cyclingpro.net\/spaziociclismo\/#organization"},"potentialAction":[{"@type":"SearchAction","target":{"@type":"EntryPoint","urlTemplate":"https:\/\/cyclingpro.net\/spaziociclismo\/?s={search_term_string}"},"query-input":{"@type":"PropertyValueSpecification","valueRequired":true,"valueName":"search_term_string"}}],"inLanguage":"it-IT"},{"@type":"Organization","@id":"https:\/\/cyclingpro.net\/spaziociclismo\/#organization","name":"SpazioCiclismo","url":"https:\/\/cyclingpro.net\/spaziociclismo\/","logo":{"@type":"ImageObject","inLanguage":"it-IT","@id":"https:\/\/cyclingpro.net\/spaziociclismo\/#\/schema\/logo\/image\/","url":"https:\/\/cyclingpro.net\/spaziociclismo\/wp-content\/uploads\/2017\/02\/SpazioCiclismo-Logo-Quadrato.png","contentUrl":"https:\/\/cyclingpro.net\/spaziociclismo\/wp-content\/uploads\/2017\/02\/SpazioCiclismo-Logo-Quadrato.png","width":450,"height":450,"caption":"SpazioCiclismo"},"image":{"@id":"https:\/\/cyclingpro.net\/spaziociclismo\/#\/schema\/logo\/image\/"},"sameAs":["https:\/\/www.facebook.com\/SpazioCiclismo\/","https:\/\/x.com\/spaziociclismo","https:\/\/www.instagram.com\/spaziociclismo\/"]},{"@type":"Person","@id":"https:\/\/cyclingpro.net\/spaziociclismo\/#\/schema\/person\/627dbc08c9712c25304b059bbb765de8","name":"Francesco Mitola","image":{"@type":"ImageObject","inLanguage":"it-IT","@id":"https:\/\/secure.gravatar.com\/avatar\/dc58a640368550cd17129d2ff185eec5cb2821b7c3403fc06dcaca847ae762d3?s=96&d=mm&r=g","url":"https:\/\/secure.gravatar.com\/avatar\/dc58a640368550cd17129d2ff185eec5cb2821b7c3403fc06dcaca847ae762d3?s=96&d=mm&r=g","contentUrl":"https:\/\/secure.gravatar.com\/avatar\/dc58a640368550cd17129d2ff185eec5cb2821b7c3403fc06dcaca847ae762d3?s=96&d=mm&r=g","caption":"Francesco Mitola"},"url":"https:\/\/cyclingpro.net\/spaziociclismo\/author\/fmitola\/"}]}},"_links":{"self":[{"href":"https:\/\/cyclingpro.net\/spaziociclismo\/wp-json\/wp\/v2\/posts\/393239","targetHints":{"allow":["GET"]}}],"collection":[{"href":"https:\/\/cyclingpro.net\/spaziociclismo\/wp-json\/wp\/v2\/posts"}],"about":[{"href":"https:\/\/cyclingpro.net\/spaziociclismo\/wp-json\/wp\/v2\/types\/post"}],"author":[{"embeddable":true,"href":"https:\/\/cyclingpro.net\/spaziociclismo\/wp-json\/wp\/v2\/users\/25"}],"replies":[{"embeddable":true,"href":"https:\/\/cyclingpro.net\/spaziociclismo\/wp-json\/wp\/v2\/comments?post=393239"}],"version-history":[{"count":3,"href":"https:\/\/cyclingpro.net\/spaziociclismo\/wp-json\/wp\/v2\/posts\/393239\/revisions"}],"predecessor-version":[{"id":393244,"href":"https:\/\/cyclingpro.net\/spaziociclismo\/wp-json\/wp\/v2\/posts\/393239\/revisions\/393244"}],"wp:featuredmedia":[{"embeddable":true,"href":"https:\/\/cyclingpro.net\/spaziociclismo\/wp-json\/wp\/v2\/media\/343230"}],"wp:attachment":[{"href":"https:\/\/cyclingpro.net\/spaziociclismo\/wp-json\/wp\/v2\/media?parent=393239"}],"wp:term":[{"taxonomy":"category","embeddable":true,"href":"https:\/\/cyclingpro.net\/spaziociclismo\/wp-json\/wp\/v2\/categories?post=393239"},{"taxonomy":"post_tag","embeddable":true,"href":"https:\/\/cyclingpro.net\/spaziociclismo\/wp-json\/wp\/v2\/tags?post=393239"}],"curies":[{"name":"wp","href":"https:\/\/api.w.org\/{rel}","templated":true}]}}