{"id":393197,"date":"2026-09-01T19:00:58","date_gmt":"2026-09-01T17:00:58","guid":{"rendered":"https:\/\/cyclingpro.net\/spaziociclismo\/?p=393197"},"modified":"2026-09-01T19:00:58","modified_gmt":"2026-09-01T17:00:58","slug":"vuelta-a-espana-2026-mads-pedersen-pessimista-in-vista-dei-mondiali-non-sono-al-mio-livello-vedremo-se-continuare-la-corsa-penso-che-ci-siano-convocati-migliori-di-me","status":"publish","type":"post","link":"https:\/\/cyclingpro.net\/spaziociclismo\/vuelta-2026\/vuelta-a-espana-2026-mads-pedersen-pessimista-in-vista-dei-mondiali-non-sono-al-mio-livello-vedremo-se-continuare-la-corsa-penso-che-ci-siano-convocati-migliori-di-me\/","title":{"rendered":"Vuelta a Espa\u00f1a 2026, Mads Pedersen pessimista in vista dei Mondiali: \u201cNon sono al mio livello. Vedremo se continuare la corsa. Penso che ci siano convocati migliori di me\u201d"},"content":{"rendered":"<p>Momento difficile per <strong>Mads Pedersen<\/strong> alla <strong>Vuelta a Espa\u00f1a 2026<\/strong>. Il corridore della <strong>Lidl-Trek<\/strong> nella tappa odierna ha chiuso nelle ultime posizioni, ad oltre 12 minuti dal vincitore, non riuscendo quindi a restare con i migliori per giocarsi la vittoria di tappa, in cui invece ci ha provato il compagno Thibau Nys, arrivato terzo. In questa corsa il danese \u00e8 ancora a secco e pur avendo ottenuto un quarto e un secondo posto, non ritiene di essere al suo abituale livello. Per questo motivo il 30enne ha messo anche in discussione il suo ruolo all\u2019interno della selezione della Danimarca per i <strong>Mondiali di Montr\u00e9al<\/strong>, oltre che valutare un ritiro anticipato da questa Vuelta.<\/p>\n<p>&#8220;<strong>Non sono al mio livello in questo momento, la forma \u00e8 sufficiente, ma qualcosa chiaramente non va<\/strong> &#8211; il commento di Pedersen ai microfoni di Eurosport &#8211; Ora \u00e8 il momento di valutare la situazione. Torniamo al lavoro e vedremo qual \u00e8 il piano migliore per la prossima parte della corsa. Ci sono pi\u00f9 persone che dovranno prendere questa decisione. Alla fine vedremo. Ovviamente mi piacerebbe continuare la corsa, ma la scelta deve avere un senso&#8221;.<\/p>\n<p>Se non torner\u00e0 al top, Pedersen potrebbe anche scegliere di rinunciare alla convocazione iridata: \u201cC&#8217;\u00e8 ancora molta strada da fare fino a Granada, ma credo che rimanere qui e continuare sia la cosa migliore da fare in vista dei Mondiali, anche se <strong>al momento sembra che ci siano dei candidati pi\u00f9 forti per prendere il mio posto<\/strong>\u201d. Il riferimento probabilmente \u00e8 a <strong>Magnus Cort<\/strong>, rimasto escluso dalla selezione danese, e arrivato secondo nell\u2019arrivo odierno.<\/p>\n","protected":false},"excerpt":{"rendered":"<p>Momento difficile per Mads Pedersen a #LaVuelta26 ed \u00e8 pessimista per i Mondiali <\/p>\n","protected":false},"author":52,"featured_media":372982,"comment_status":"open","ping_status":"closed","sticky":false,"template":"","format":"standard","meta":{"footnotes":"","_members_access_role":[],"_members_access_error":""},"categories":[6589],"tags":[937,5752],"class_list":["post-393197","post","type-post","status-publish","format-standard","has-post-thumbnail","hentry","category-vuelta-2026","tag-mads-pedersen","tag-vuelta-a-espana-2026"],"yoast_head":"<!-- This site is optimized with the Yoast SEO plugin v28.3 - https:\/\/yoast.com\/product\/yoast-seo-wordpress\/ -->\n<title>Vuelta a Espa\u00f1a 2026, Mads Pedersen pessimista in vista dei Mondiali: \u201cNon sono al mio livello. Vedremo se continuare la corsa. Penso che ci siano convocati migliori di me\u201d - SpazioCiclismo<\/title>\n<meta name=\"robots\" content=\"index, follow, max-snippet:-1, max-image-preview:large, max-video-preview:-1\" \/>\n<link rel=\"canonical\" href=\"https:\/\/cyclingpro.net\/spaziociclismo\/vuelta-2026\/vuelta-a-espana-2026-mads-pedersen-pessimista-in-vista-dei-mondiali-non-sono-al-mio-livello-vedremo-se-continuare-la-corsa-penso-che-ci-siano-convocati-migliori-di-me\/\" \/>\n<meta property=\"og:locale\" content=\"it_IT\" \/>\n<meta property=\"og:type\" content=\"article\" \/>\n<meta property=\"og:title\" content=\"Vuelta a Espa\u00f1a 2026, Mads Pedersen pessimista in vista dei Mondiali: \u201cNon sono al mio livello. Vedremo se continuare la corsa. Penso che ci siano convocati migliori di me\u201d - SpazioCiclismo\" \/>\n<meta property=\"og:description\" content=\"Momento difficile per Mads Pedersen a #LaVuelta26 ed \u00e8 pessimista per i Mondiali\" \/>\n<meta property=\"og:url\" content=\"https:\/\/cyclingpro.net\/spaziociclismo\/vuelta-2026\/vuelta-a-espana-2026-mads-pedersen-pessimista-in-vista-dei-mondiali-non-sono-al-mio-livello-vedremo-se-continuare-la-corsa-penso-che-ci-siano-convocati-migliori-di-me\/\" \/>\n<meta property=\"og:site_name\" content=\"SpazioCiclismo\" \/>\n<meta property=\"article:publisher\" content=\"https:\/\/www.facebook.com\/SpazioCiclismo\/\" \/>\n<meta property=\"article:published_time\" content=\"2026-09-01T17:00:58+00:00\" \/>\n<meta property=\"og:image\" content=\"https:\/\/cyclingpro.net\/spaziociclismo\/wp-content\/uploads\/2026\/04\/1262136820-scaled.jpg\" \/>\n\t<meta property=\"og:image:width\" content=\"2560\" \/>\n\t<meta property=\"og:image:height\" content=\"1707\" \/>\n\t<meta property=\"og:image:type\" content=\"image\/jpeg\" \/>\n<meta name=\"author\" content=\"Alessandro Farina\" \/>\n<meta name=\"twitter:card\" content=\"summary_large_image\" \/>\n<meta name=\"twitter:creator\" content=\"@spaziociclismo\" \/>\n<meta name=\"twitter:site\" content=\"@spaziociclismo\" \/>\n<meta name=\"twitter:label1\" content=\"Scritto da\" \/>\n\t<meta name=\"twitter:data1\" content=\"Alessandro Farina\" \/>\n\t<meta name=\"twitter:label2\" content=\"Tempo di lettura stimato\" \/>\n\t<meta name=\"twitter:data2\" content=\"2 minuti\" \/>\n<script type=\"application\/ld+json\" class=\"yoast-schema-graph\">{\"@context\":\"https:\\\/\\\/schema.org\",\"@graph\":[{\"@type\":\"Article\",\"@id\":\"https:\\\/\\\/cyclingpro.net\\\/spaziociclismo\\\/vuelta-2026\\\/vuelta-a-espana-2026-mads-pedersen-pessimista-in-vista-dei-mondiali-non-sono-al-mio-livello-vedremo-se-continuare-la-corsa-penso-che-ci-siano-convocati-migliori-di-me\\\/#article\",\"isPartOf\":{\"@id\":\"https:\\\/\\\/cyclingpro.net\\\/spaziociclismo\\\/vuelta-2026\\\/vuelta-a-espana-2026-mads-pedersen-pessimista-in-vista-dei-mondiali-non-sono-al-mio-livello-vedremo-se-continuare-la-corsa-penso-che-ci-siano-convocati-migliori-di-me\\\/\"},\"author\":{\"name\":\"Alessandro Farina\",\"@id\":\"https:\\\/\\\/cyclingpro.net\\\/spaziociclismo\\\/#\\\/schema\\\/person\\\/fda4d079a95104c2764f9c3ffa3fc26f\"},\"headline\":\"Vuelta a Espa\u00f1a 2026, Mads Pedersen pessimista in vista dei Mondiali: \u201cNon sono al mio livello. Vedremo se continuare la corsa. Penso che ci siano convocati migliori di me\u201d\",\"datePublished\":\"2026-09-01T17:00:58+00:00\",\"mainEntityOfPage\":{\"@id\":\"https:\\\/\\\/cyclingpro.net\\\/spaziociclismo\\\/vuelta-2026\\\/vuelta-a-espana-2026-mads-pedersen-pessimista-in-vista-dei-mondiali-non-sono-al-mio-livello-vedremo-se-continuare-la-corsa-penso-che-ci-siano-convocati-migliori-di-me\\\/\"},\"wordCount\":289,\"commentCount\":0,\"publisher\":{\"@id\":\"https:\\\/\\\/cyclingpro.net\\\/spaziociclismo\\\/#organization\"},\"image\":{\"@id\":\"https:\\\/\\\/cyclingpro.net\\\/spaziociclismo\\\/vuelta-2026\\\/vuelta-a-espana-2026-mads-pedersen-pessimista-in-vista-dei-mondiali-non-sono-al-mio-livello-vedremo-se-continuare-la-corsa-penso-che-ci-siano-convocati-migliori-di-me\\\/#primaryimage\"},\"thumbnailUrl\":\"https:\\\/\\\/cyclingpro.net\\\/spaziociclismo\\\/wp-content\\\/uploads\\\/2026\\\/04\\\/1262136820-scaled.jpg\",\"keywords\":[\"Mads Pedersen\",\"Vuelta a Espa\u00f1a 2026\"],\"articleSection\":[\"Vuelta 2026\"],\"inLanguage\":\"it-IT\",\"potentialAction\":[{\"@type\":\"CommentAction\",\"name\":\"Comment\",\"target\":[\"https:\\\/\\\/cyclingpro.net\\\/spaziociclismo\\\/vuelta-2026\\\/vuelta-a-espana-2026-mads-pedersen-pessimista-in-vista-dei-mondiali-non-sono-al-mio-livello-vedremo-se-continuare-la-corsa-penso-che-ci-siano-convocati-migliori-di-me\\\/#respond\"]}]},{\"@type\":\"WebPage\",\"@id\":\"https:\\\/\\\/cyclingpro.net\\\/spaziociclismo\\\/vuelta-2026\\\/vuelta-a-espana-2026-mads-pedersen-pessimista-in-vista-dei-mondiali-non-sono-al-mio-livello-vedremo-se-continuare-la-corsa-penso-che-ci-siano-convocati-migliori-di-me\\\/\",\"url\":\"https:\\\/\\\/cyclingpro.net\\\/spaziociclismo\\\/vuelta-2026\\\/vuelta-a-espana-2026-mads-pedersen-pessimista-in-vista-dei-mondiali-non-sono-al-mio-livello-vedremo-se-continuare-la-corsa-penso-che-ci-siano-convocati-migliori-di-me\\\/\",\"name\":\"Vuelta a Espa\u00f1a 2026, Mads Pedersen pessimista in vista dei Mondiali: \u201cNon sono al mio livello. Vedremo se continuare la corsa. Penso che ci siano convocati migliori di me\u201d - SpazioCiclismo\",\"isPartOf\":{\"@id\":\"https:\\\/\\\/cyclingpro.net\\\/spaziociclismo\\\/#website\"},\"primaryImageOfPage\":{\"@id\":\"https:\\\/\\\/cyclingpro.net\\\/spaziociclismo\\\/vuelta-2026\\\/vuelta-a-espana-2026-mads-pedersen-pessimista-in-vista-dei-mondiali-non-sono-al-mio-livello-vedremo-se-continuare-la-corsa-penso-che-ci-siano-convocati-migliori-di-me\\\/#primaryimage\"},\"image\":{\"@id\":\"https:\\\/\\\/cyclingpro.net\\\/spaziociclismo\\\/vuelta-2026\\\/vuelta-a-espana-2026-mads-pedersen-pessimista-in-vista-dei-mondiali-non-sono-al-mio-livello-vedremo-se-continuare-la-corsa-penso-che-ci-siano-convocati-migliori-di-me\\\/#primaryimage\"},\"thumbnailUrl\":\"https:\\\/\\\/cyclingpro.net\\\/spaziociclismo\\\/wp-content\\\/uploads\\\/2026\\\/04\\\/1262136820-scaled.jpg\",\"datePublished\":\"2026-09-01T17:00:58+00:00\",\"breadcrumb\":{\"@id\":\"https:\\\/\\\/cyclingpro.net\\\/spaziociclismo\\\/vuelta-2026\\\/vuelta-a-espana-2026-mads-pedersen-pessimista-in-vista-dei-mondiali-non-sono-al-mio-livello-vedremo-se-continuare-la-corsa-penso-che-ci-siano-convocati-migliori-di-me\\\/#breadcrumb\"},\"inLanguage\":\"it-IT\",\"potentialAction\":[{\"@type\":\"ReadAction\",\"target\":[\"https:\\\/\\\/cyclingpro.net\\\/spaziociclismo\\\/vuelta-2026\\\/vuelta-a-espana-2026-mads-pedersen-pessimista-in-vista-dei-mondiali-non-sono-al-mio-livello-vedremo-se-continuare-la-corsa-penso-che-ci-siano-convocati-migliori-di-me\\\/\"]}]},{\"@type\":\"ImageObject\",\"inLanguage\":\"it-IT\",\"@id\":\"https:\\\/\\\/cyclingpro.net\\\/spaziociclismo\\\/vuelta-2026\\\/vuelta-a-espana-2026-mads-pedersen-pessimista-in-vista-dei-mondiali-non-sono-al-mio-livello-vedremo-se-continuare-la-corsa-penso-che-ci-siano-convocati-migliori-di-me\\\/#primaryimage\",\"url\":\"https:\\\/\\\/cyclingpro.net\\\/spaziociclismo\\\/wp-content\\\/uploads\\\/2026\\\/04\\\/1262136820-scaled.jpg\",\"contentUrl\":\"https:\\\/\\\/cyclingpro.net\\\/spaziociclismo\\\/wp-content\\\/uploads\\\/2026\\\/04\\\/1262136820-scaled.jpg\",\"width\":2560,\"height\":1707,\"caption\":\"\u00a9 Sirotti\"},{\"@type\":\"BreadcrumbList\",\"@id\":\"https:\\\/\\\/cyclingpro.net\\\/spaziociclismo\\\/vuelta-2026\\\/vuelta-a-espana-2026-mads-pedersen-pessimista-in-vista-dei-mondiali-non-sono-al-mio-livello-vedremo-se-continuare-la-corsa-penso-che-ci-siano-convocati-migliori-di-me\\\/#breadcrumb\",\"itemListElement\":[{\"@type\":\"ListItem\",\"position\":1,\"name\":\"Home\",\"item\":\"https:\\\/\\\/cyclingpro.net\\\/spaziociclismo\\\/\"},{\"@type\":\"ListItem\",\"position\":2,\"name\":\"Vuelta a Espa\u00f1a 2026, Mads Pedersen pessimista in vista dei Mondiali: \u201cNon sono al mio livello. Vedremo se continuare la corsa. Penso che ci siano convocati migliori di me\u201d\"}]},{\"@type\":\"WebSite\",\"@id\":\"https:\\\/\\\/cyclingpro.net\\\/spaziociclismo\\\/#website\",\"url\":\"https:\\\/\\\/cyclingpro.net\\\/spaziociclismo\\\/\",\"name\":\"SpazioCiclismo\",\"description\":\"Tutto il ciclismo minuto per minuto\",\"publisher\":{\"@id\":\"https:\\\/\\\/cyclingpro.net\\\/spaziociclismo\\\/#organization\"},\"potentialAction\":[{\"@type\":\"SearchAction\",\"target\":{\"@type\":\"EntryPoint\",\"urlTemplate\":\"https:\\\/\\\/cyclingpro.net\\\/spaziociclismo\\\/?s={search_term_string}\"},\"query-input\":{\"@type\":\"PropertyValueSpecification\",\"valueRequired\":true,\"valueName\":\"search_term_string\"}}],\"inLanguage\":\"it-IT\"},{\"@type\":\"Organization\",\"@id\":\"https:\\\/\\\/cyclingpro.net\\\/spaziociclismo\\\/#organization\",\"name\":\"SpazioCiclismo\",\"url\":\"https:\\\/\\\/cyclingpro.net\\\/spaziociclismo\\\/\",\"logo\":{\"@type\":\"ImageObject\",\"inLanguage\":\"it-IT\",\"@id\":\"https:\\\/\\\/cyclingpro.net\\\/spaziociclismo\\\/#\\\/schema\\\/logo\\\/image\\\/\",\"url\":\"https:\\\/\\\/cyclingpro.net\\\/spaziociclismo\\\/wp-content\\\/uploads\\\/2017\\\/02\\\/SpazioCiclismo-Logo-Quadrato.png\",\"contentUrl\":\"https:\\\/\\\/cyclingpro.net\\\/spaziociclismo\\\/wp-content\\\/uploads\\\/2017\\\/02\\\/SpazioCiclismo-Logo-Quadrato.png\",\"width\":450,\"height\":450,\"caption\":\"SpazioCiclismo\"},\"image\":{\"@id\":\"https:\\\/\\\/cyclingpro.net\\\/spaziociclismo\\\/#\\\/schema\\\/logo\\\/image\\\/\"},\"sameAs\":[\"https:\\\/\\\/www.facebook.com\\\/SpazioCiclismo\\\/\",\"https:\\\/\\\/x.com\\\/spaziociclismo\",\"https:\\\/\\\/www.instagram.com\\\/spaziociclismo\\\/\"]},{\"@type\":\"Person\",\"@id\":\"https:\\\/\\\/cyclingpro.net\\\/spaziociclismo\\\/#\\\/schema\\\/person\\\/fda4d079a95104c2764f9c3ffa3fc26f\",\"name\":\"Alessandro Farina\",\"image\":{\"@type\":\"ImageObject\",\"inLanguage\":\"it-IT\",\"@id\":\"https:\\\/\\\/secure.gravatar.com\\\/avatar\\\/a15b660280727ff1737611bc5349040155e2609201d613ef2611905cdc7a122a?s=96&d=mm&r=g\",\"url\":\"https:\\\/\\\/secure.gravatar.com\\\/avatar\\\/a15b660280727ff1737611bc5349040155e2609201d613ef2611905cdc7a122a?s=96&d=mm&r=g\",\"contentUrl\":\"https:\\\/\\\/secure.gravatar.com\\\/avatar\\\/a15b660280727ff1737611bc5349040155e2609201d613ef2611905cdc7a122a?s=96&d=mm&r=g\",\"caption\":\"Alessandro Farina\"},\"url\":\"https:\\\/\\\/cyclingpro.net\\\/spaziociclismo\\\/author\\\/afarina\\\/\"}]}<\/script>\n<!-- \/ Yoast SEO plugin. -->","yoast_head_json":{"title":"Vuelta a Espa\u00f1a 2026, Mads Pedersen pessimista in vista dei Mondiali: \u201cNon sono al mio livello. Vedremo se continuare la corsa. Penso che ci siano convocati migliori di me\u201d - SpazioCiclismo","robots":{"index":"index","follow":"follow","max-snippet":"max-snippet:-1","max-image-preview":"max-image-preview:large","max-video-preview":"max-video-preview:-1"},"canonical":"https:\/\/cyclingpro.net\/spaziociclismo\/vuelta-2026\/vuelta-a-espana-2026-mads-pedersen-pessimista-in-vista-dei-mondiali-non-sono-al-mio-livello-vedremo-se-continuare-la-corsa-penso-che-ci-siano-convocati-migliori-di-me\/","og_locale":"it_IT","og_type":"article","og_title":"Vuelta a Espa\u00f1a 2026, Mads Pedersen pessimista in vista dei Mondiali: \u201cNon sono al mio livello. Vedremo se continuare la corsa. Penso che ci siano convocati migliori di me\u201d - SpazioCiclismo","og_description":"Momento difficile per Mads Pedersen a #LaVuelta26 ed \u00e8 pessimista per i Mondiali","og_url":"https:\/\/cyclingpro.net\/spaziociclismo\/vuelta-2026\/vuelta-a-espana-2026-mads-pedersen-pessimista-in-vista-dei-mondiali-non-sono-al-mio-livello-vedremo-se-continuare-la-corsa-penso-che-ci-siano-convocati-migliori-di-me\/","og_site_name":"SpazioCiclismo","article_publisher":"https:\/\/www.facebook.com\/SpazioCiclismo\/","article_published_time":"2026-09-01T17:00:58+00:00","og_image":[{"width":2560,"height":1707,"url":"https:\/\/cyclingpro.net\/spaziociclismo\/wp-content\/uploads\/2026\/04\/1262136820-scaled.jpg","type":"image\/jpeg"}],"author":"Alessandro Farina","twitter_card":"summary_large_image","twitter_creator":"@spaziociclismo","twitter_site":"@spaziociclismo","twitter_misc":{"Scritto da":"Alessandro Farina","Tempo di lettura stimato":"2 minuti"},"schema":{"@context":"https:\/\/schema.org","@graph":[{"@type":"Article","@id":"https:\/\/cyclingpro.net\/spaziociclismo\/vuelta-2026\/vuelta-a-espana-2026-mads-pedersen-pessimista-in-vista-dei-mondiali-non-sono-al-mio-livello-vedremo-se-continuare-la-corsa-penso-che-ci-siano-convocati-migliori-di-me\/#article","isPartOf":{"@id":"https:\/\/cyclingpro.net\/spaziociclismo\/vuelta-2026\/vuelta-a-espana-2026-mads-pedersen-pessimista-in-vista-dei-mondiali-non-sono-al-mio-livello-vedremo-se-continuare-la-corsa-penso-che-ci-siano-convocati-migliori-di-me\/"},"author":{"name":"Alessandro Farina","@id":"https:\/\/cyclingpro.net\/spaziociclismo\/#\/schema\/person\/fda4d079a95104c2764f9c3ffa3fc26f"},"headline":"Vuelta a Espa\u00f1a 2026, Mads Pedersen pessimista in vista dei Mondiali: \u201cNon sono al mio livello. Vedremo se continuare la corsa. Penso che ci siano convocati migliori di me\u201d","datePublished":"2026-09-01T17:00:58+00:00","mainEntityOfPage":{"@id":"https:\/\/cyclingpro.net\/spaziociclismo\/vuelta-2026\/vuelta-a-espana-2026-mads-pedersen-pessimista-in-vista-dei-mondiali-non-sono-al-mio-livello-vedremo-se-continuare-la-corsa-penso-che-ci-siano-convocati-migliori-di-me\/"},"wordCount":289,"commentCount":0,"publisher":{"@id":"https:\/\/cyclingpro.net\/spaziociclismo\/#organization"},"image":{"@id":"https:\/\/cyclingpro.net\/spaziociclismo\/vuelta-2026\/vuelta-a-espana-2026-mads-pedersen-pessimista-in-vista-dei-mondiali-non-sono-al-mio-livello-vedremo-se-continuare-la-corsa-penso-che-ci-siano-convocati-migliori-di-me\/#primaryimage"},"thumbnailUrl":"https:\/\/cyclingpro.net\/spaziociclismo\/wp-content\/uploads\/2026\/04\/1262136820-scaled.jpg","keywords":["Mads Pedersen","Vuelta a Espa\u00f1a 2026"],"articleSection":["Vuelta 2026"],"inLanguage":"it-IT","potentialAction":[{"@type":"CommentAction","name":"Comment","target":["https:\/\/cyclingpro.net\/spaziociclismo\/vuelta-2026\/vuelta-a-espana-2026-mads-pedersen-pessimista-in-vista-dei-mondiali-non-sono-al-mio-livello-vedremo-se-continuare-la-corsa-penso-che-ci-siano-convocati-migliori-di-me\/#respond"]}]},{"@type":"WebPage","@id":"https:\/\/cyclingpro.net\/spaziociclismo\/vuelta-2026\/vuelta-a-espana-2026-mads-pedersen-pessimista-in-vista-dei-mondiali-non-sono-al-mio-livello-vedremo-se-continuare-la-corsa-penso-che-ci-siano-convocati-migliori-di-me\/","url":"https:\/\/cyclingpro.net\/spaziociclismo\/vuelta-2026\/vuelta-a-espana-2026-mads-pedersen-pessimista-in-vista-dei-mondiali-non-sono-al-mio-livello-vedremo-se-continuare-la-corsa-penso-che-ci-siano-convocati-migliori-di-me\/","name":"Vuelta a Espa\u00f1a 2026, Mads Pedersen pessimista in vista dei Mondiali: \u201cNon sono al mio livello. Vedremo se continuare la corsa. Penso che ci siano convocati migliori di me\u201d - SpazioCiclismo","isPartOf":{"@id":"https:\/\/cyclingpro.net\/spaziociclismo\/#website"},"primaryImageOfPage":{"@id":"https:\/\/cyclingpro.net\/spaziociclismo\/vuelta-2026\/vuelta-a-espana-2026-mads-pedersen-pessimista-in-vista-dei-mondiali-non-sono-al-mio-livello-vedremo-se-continuare-la-corsa-penso-che-ci-siano-convocati-migliori-di-me\/#primaryimage"},"image":{"@id":"https:\/\/cyclingpro.net\/spaziociclismo\/vuelta-2026\/vuelta-a-espana-2026-mads-pedersen-pessimista-in-vista-dei-mondiali-non-sono-al-mio-livello-vedremo-se-continuare-la-corsa-penso-che-ci-siano-convocati-migliori-di-me\/#primaryimage"},"thumbnailUrl":"https:\/\/cyclingpro.net\/spaziociclismo\/wp-content\/uploads\/2026\/04\/1262136820-scaled.jpg","datePublished":"2026-09-01T17:00:58+00:00","breadcrumb":{"@id":"https:\/\/cyclingpro.net\/spaziociclismo\/vuelta-2026\/vuelta-a-espana-2026-mads-pedersen-pessimista-in-vista-dei-mondiali-non-sono-al-mio-livello-vedremo-se-continuare-la-corsa-penso-che-ci-siano-convocati-migliori-di-me\/#breadcrumb"},"inLanguage":"it-IT","potentialAction":[{"@type":"ReadAction","target":["https:\/\/cyclingpro.net\/spaziociclismo\/vuelta-2026\/vuelta-a-espana-2026-mads-pedersen-pessimista-in-vista-dei-mondiali-non-sono-al-mio-livello-vedremo-se-continuare-la-corsa-penso-che-ci-siano-convocati-migliori-di-me\/"]}]},{"@type":"ImageObject","inLanguage":"it-IT","@id":"https:\/\/cyclingpro.net\/spaziociclismo\/vuelta-2026\/vuelta-a-espana-2026-mads-pedersen-pessimista-in-vista-dei-mondiali-non-sono-al-mio-livello-vedremo-se-continuare-la-corsa-penso-che-ci-siano-convocati-migliori-di-me\/#primaryimage","url":"https:\/\/cyclingpro.net\/spaziociclismo\/wp-content\/uploads\/2026\/04\/1262136820-scaled.jpg","contentUrl":"https:\/\/cyclingpro.net\/spaziociclismo\/wp-content\/uploads\/2026\/04\/1262136820-scaled.jpg","width":2560,"height":1707,"caption":"\u00a9 Sirotti"},{"@type":"BreadcrumbList","@id":"https:\/\/cyclingpro.net\/spaziociclismo\/vuelta-2026\/vuelta-a-espana-2026-mads-pedersen-pessimista-in-vista-dei-mondiali-non-sono-al-mio-livello-vedremo-se-continuare-la-corsa-penso-che-ci-siano-convocati-migliori-di-me\/#breadcrumb","itemListElement":[{"@type":"ListItem","position":1,"name":"Home","item":"https:\/\/cyclingpro.net\/spaziociclismo\/"},{"@type":"ListItem","position":2,"name":"Vuelta a Espa\u00f1a 2026, Mads Pedersen pessimista in vista dei Mondiali: \u201cNon sono al mio livello. Vedremo se continuare la corsa. Penso che ci siano convocati migliori di me\u201d"}]},{"@type":"WebSite","@id":"https:\/\/cyclingpro.net\/spaziociclismo\/#website","url":"https:\/\/cyclingpro.net\/spaziociclismo\/","name":"SpazioCiclismo","description":"Tutto il ciclismo minuto per minuto","publisher":{"@id":"https:\/\/cyclingpro.net\/spaziociclismo\/#organization"},"potentialAction":[{"@type":"SearchAction","target":{"@type":"EntryPoint","urlTemplate":"https:\/\/cyclingpro.net\/spaziociclismo\/?s={search_term_string}"},"query-input":{"@type":"PropertyValueSpecification","valueRequired":true,"valueName":"search_term_string"}}],"inLanguage":"it-IT"},{"@type":"Organization","@id":"https:\/\/cyclingpro.net\/spaziociclismo\/#organization","name":"SpazioCiclismo","url":"https:\/\/cyclingpro.net\/spaziociclismo\/","logo":{"@type":"ImageObject","inLanguage":"it-IT","@id":"https:\/\/cyclingpro.net\/spaziociclismo\/#\/schema\/logo\/image\/","url":"https:\/\/cyclingpro.net\/spaziociclismo\/wp-content\/uploads\/2017\/02\/SpazioCiclismo-Logo-Quadrato.png","contentUrl":"https:\/\/cyclingpro.net\/spaziociclismo\/wp-content\/uploads\/2017\/02\/SpazioCiclismo-Logo-Quadrato.png","width":450,"height":450,"caption":"SpazioCiclismo"},"image":{"@id":"https:\/\/cyclingpro.net\/spaziociclismo\/#\/schema\/logo\/image\/"},"sameAs":["https:\/\/www.facebook.com\/SpazioCiclismo\/","https:\/\/x.com\/spaziociclismo","https:\/\/www.instagram.com\/spaziociclismo\/"]},{"@type":"Person","@id":"https:\/\/cyclingpro.net\/spaziociclismo\/#\/schema\/person\/fda4d079a95104c2764f9c3ffa3fc26f","name":"Alessandro Farina","image":{"@type":"ImageObject","inLanguage":"it-IT","@id":"https:\/\/secure.gravatar.com\/avatar\/a15b660280727ff1737611bc5349040155e2609201d613ef2611905cdc7a122a?s=96&d=mm&r=g","url":"https:\/\/secure.gravatar.com\/avatar\/a15b660280727ff1737611bc5349040155e2609201d613ef2611905cdc7a122a?s=96&d=mm&r=g","contentUrl":"https:\/\/secure.gravatar.com\/avatar\/a15b660280727ff1737611bc5349040155e2609201d613ef2611905cdc7a122a?s=96&d=mm&r=g","caption":"Alessandro Farina"},"url":"https:\/\/cyclingpro.net\/spaziociclismo\/author\/afarina\/"}]}},"_links":{"self":[{"href":"https:\/\/cyclingpro.net\/spaziociclismo\/wp-json\/wp\/v2\/posts\/393197","targetHints":{"allow":["GET"]}}],"collection":[{"href":"https:\/\/cyclingpro.net\/spaziociclismo\/wp-json\/wp\/v2\/posts"}],"about":[{"href":"https:\/\/cyclingpro.net\/spaziociclismo\/wp-json\/wp\/v2\/types\/post"}],"author":[{"embeddable":true,"href":"https:\/\/cyclingpro.net\/spaziociclismo\/wp-json\/wp\/v2\/users\/52"}],"replies":[{"embeddable":true,"href":"https:\/\/cyclingpro.net\/spaziociclismo\/wp-json\/wp\/v2\/comments?post=393197"}],"version-history":[{"count":2,"href":"https:\/\/cyclingpro.net\/spaziociclismo\/wp-json\/wp\/v2\/posts\/393197\/revisions"}],"predecessor-version":[{"id":393203,"href":"https:\/\/cyclingpro.net\/spaziociclismo\/wp-json\/wp\/v2\/posts\/393197\/revisions\/393203"}],"wp:featuredmedia":[{"embeddable":true,"href":"https:\/\/cyclingpro.net\/spaziociclismo\/wp-json\/wp\/v2\/media\/372982"}],"wp:attachment":[{"href":"https:\/\/cyclingpro.net\/spaziociclismo\/wp-json\/wp\/v2\/media?parent=393197"}],"wp:term":[{"taxonomy":"category","embeddable":true,"href":"https:\/\/cyclingpro.net\/spaziociclismo\/wp-json\/wp\/v2\/categories?post=393197"},{"taxonomy":"post_tag","embeddable":true,"href":"https:\/\/cyclingpro.net\/spaziociclismo\/wp-json\/wp\/v2\/tags?post=393197"}],"curies":[{"name":"wp","href":"https:\/\/api.w.org\/{rel}","templated":true}]}}