{"id":393186,"date":"2026-09-01T18:27:14","date_gmt":"2026-09-01T16:27:14","guid":{"rendered":"https:\/\/cyclingpro.net\/spaziociclismo\/?p=393186"},"modified":"2026-09-01T18:29:01","modified_gmt":"2026-09-01T16:29:01","slug":"vuelta-a-espana-2026-occasione-persa-per-wout-van-aert-abbiamo-dovuto-impiegare-tutta-la-squadra-e-sono-rimasto-solo-purtroppo-non-mi-era-rimasto-molto-nelle-gambe","status":"publish","type":"post","link":"https:\/\/cyclingpro.net\/spaziociclismo\/vuelta-2026\/vuelta-a-espana-2026-occasione-persa-per-wout-van-aert-abbiamo-dovuto-impiegare-tutta-la-squadra-e-sono-rimasto-solo-purtroppo-non-mi-era-rimasto-molto-nelle-gambe\/","title":{"rendered":"Vuelta a Espa\u00f1a 2026, occasione persa per Wout van Aert: \u201cAbbiamo dovuto usare tutta la squadra e sono rimasto solo. Purtroppo non mi era rimasto molto nelle gambe\u201d"},"content":{"rendered":"<p>L\u2019obiettivo vittoria sfuma per <strong>Wout van Aert<\/strong> nella decima tappa della <strong>Vuelta a Espa\u00f1a 2026<\/strong>. Sull\u2019arrivo in leggera salita di Elche de la Sierra, il belga non \u00e8 riuscito a trovare lo spunto vincente allo sprint, dovendosi accontentare di un quarto posto. Un risultato sotto le aspettative, visto che la <strong>Visma | Lease a Bike<\/strong> aveva puntato forte su questa tappa, scegliendo di controllare tutta la corsa per arrivare in volata con Van Aert. Nel finale infatti lo stesso <strong>Matthew Brennan<\/strong>, gi\u00e0 vincitore di due tappe, si \u00e8 sacrificato per il compagno. In questo modo per\u00f2 il team ha consumato tutti gli uomini e il belga da solo non ha avuto la forza per finalizzare il lavoro.<\/p>\n<p>\u201cGli ultimi 30 chilometri sono stati caotici e anche molto duri &#8211; il commento di Van Aert ai nostri microfoni dopo l\u2019arrivo &#8211; Sembrava una salita senza fine, con la strada in continua ascesa. Oggi avevamo il piano di provarci e controllare la corsa. Alla fine ci siamo riusciti, ma <strong>abbiamo dovuto usare tutta la squadra per arrivare a uno sprint di gruppo<\/strong>. Per questo sono davvero orgoglioso che ce l\u2019abbiamo fatta, ma d\u2019altra parte mi sono ritrovato da solo nell\u2019ultimo chilometro ed \u00e8 stato complicato trovare una buona posizione. <strong>Purtroppo negli ultimi 300 metri non mi era rimasto molto nelle gambe<\/strong>\u201d.<\/p>\n<p>Il belga conferma come oggi fosse lui il capitano designato per questa tappa, ma che avr\u00e0 altre occasioni per rifarsi e centrare il successo: \u201c<strong>Il piano A era sicuramente quello di sprintare con me<\/strong>. \u00c8 stata una giornata molto dura con molti tratti in salita, che mi si addicono bene. Era una buona opportunit\u00e0 per me, quindi quello era il piano A. Ma onestamente, se non mi sento bene, \u00e8 un vero lusso poter cambiare i ruoli e anche Matty Brennan ha buone possibilit\u00e0 in uno sprint come questo. Speriamo di continuare cos\u00ec e, visto come sta andando la squadra, <strong>avremo successo anche questa settimana<\/strong>\u201d.<\/p>\n","protected":false},"excerpt":{"rendered":"<p>L\u2019obiettivo vittoria sfuma per Wout van Aert nella decima tappa #LaVuelta26<\/p>\n","protected":false},"author":52,"featured_media":392935,"comment_status":"open","ping_status":"closed","sticky":false,"template":"","format":"standard","meta":{"footnotes":"","_members_access_role":[],"_members_access_error":""},"categories":[6589],"tags":[5752,431],"class_list":["post-393186","post","type-post","status-publish","format-standard","has-post-thumbnail","hentry","category-vuelta-2026","tag-vuelta-a-espana-2026","tag-wout-van-aert"],"yoast_head":"<!-- This site is optimized with the Yoast SEO plugin v28.3 - https:\/\/yoast.com\/product\/yoast-seo-wordpress\/ -->\n<title>Vuelta a Espa\u00f1a 2026, occasione persa per Wout van Aert: \u201cAbbiamo dovuto usare tutta la squadra e sono rimasto solo. Purtroppo non mi era rimasto molto nelle gambe\u201d - SpazioCiclismo<\/title>\n<meta name=\"robots\" content=\"index, follow, max-snippet:-1, max-image-preview:large, max-video-preview:-1\" \/>\n<link rel=\"canonical\" href=\"https:\/\/cyclingpro.net\/spaziociclismo\/vuelta-2026\/vuelta-a-espana-2026-occasione-persa-per-wout-van-aert-abbiamo-dovuto-impiegare-tutta-la-squadra-e-sono-rimasto-solo-purtroppo-non-mi-era-rimasto-molto-nelle-gambe\/\" \/>\n<meta property=\"og:locale\" content=\"it_IT\" \/>\n<meta property=\"og:type\" content=\"article\" \/>\n<meta property=\"og:title\" content=\"Vuelta a Espa\u00f1a 2026, occasione persa per Wout van Aert: \u201cAbbiamo dovuto usare tutta la squadra e sono rimasto solo. Purtroppo non mi era rimasto molto nelle gambe\u201d - SpazioCiclismo\" \/>\n<meta property=\"og:description\" content=\"L\u2019obiettivo vittoria sfuma per Wout van Aert nella decima tappa #LaVuelta26\" \/>\n<meta property=\"og:url\" content=\"https:\/\/cyclingpro.net\/spaziociclismo\/vuelta-2026\/vuelta-a-espana-2026-occasione-persa-per-wout-van-aert-abbiamo-dovuto-impiegare-tutta-la-squadra-e-sono-rimasto-solo-purtroppo-non-mi-era-rimasto-molto-nelle-gambe\/\" \/>\n<meta property=\"og:site_name\" content=\"SpazioCiclismo\" \/>\n<meta property=\"article:publisher\" content=\"https:\/\/www.facebook.com\/SpazioCiclismo\/\" \/>\n<meta property=\"article:published_time\" content=\"2026-09-01T16:27:14+00:00\" \/>\n<meta property=\"article:modified_time\" content=\"2026-09-01T16:29:01+00:00\" \/>\n<meta property=\"og:image\" content=\"https:\/\/cyclingpro.net\/spaziociclismo\/wp-content\/uploads\/2026\/08\/1289650130-scaled.jpg\" \/>\n\t<meta property=\"og:image:width\" content=\"2560\" \/>\n\t<meta property=\"og:image:height\" content=\"1707\" \/>\n\t<meta property=\"og:image:type\" content=\"image\/jpeg\" \/>\n<meta name=\"author\" content=\"Alessandro Farina\" \/>\n<meta name=\"twitter:card\" content=\"summary_large_image\" \/>\n<meta name=\"twitter:creator\" content=\"@spaziociclismo\" \/>\n<meta name=\"twitter:site\" content=\"@spaziociclismo\" \/>\n<meta name=\"twitter:label1\" content=\"Scritto da\" \/>\n\t<meta name=\"twitter:data1\" content=\"Alessandro Farina\" \/>\n\t<meta name=\"twitter:label2\" content=\"Tempo di lettura stimato\" \/>\n\t<meta name=\"twitter:data2\" content=\"2 minuti\" \/>\n<script type=\"application\/ld+json\" class=\"yoast-schema-graph\">{\"@context\":\"https:\\\/\\\/schema.org\",\"@graph\":[{\"@type\":\"Article\",\"@id\":\"https:\\\/\\\/cyclingpro.net\\\/spaziociclismo\\\/vuelta-2026\\\/vuelta-a-espana-2026-occasione-persa-per-wout-van-aert-abbiamo-dovuto-impiegare-tutta-la-squadra-e-sono-rimasto-solo-purtroppo-non-mi-era-rimasto-molto-nelle-gambe\\\/#article\",\"isPartOf\":{\"@id\":\"https:\\\/\\\/cyclingpro.net\\\/spaziociclismo\\\/vuelta-2026\\\/vuelta-a-espana-2026-occasione-persa-per-wout-van-aert-abbiamo-dovuto-impiegare-tutta-la-squadra-e-sono-rimasto-solo-purtroppo-non-mi-era-rimasto-molto-nelle-gambe\\\/\"},\"author\":{\"name\":\"Alessandro Farina\",\"@id\":\"https:\\\/\\\/cyclingpro.net\\\/spaziociclismo\\\/#\\\/schema\\\/person\\\/fda4d079a95104c2764f9c3ffa3fc26f\"},\"headline\":\"Vuelta a Espa\u00f1a 2026, occasione persa per Wout van Aert: \u201cAbbiamo dovuto usare tutta la squadra e sono rimasto solo. Purtroppo non mi era rimasto molto nelle gambe\u201d\",\"datePublished\":\"2026-09-01T16:27:14+00:00\",\"dateModified\":\"2026-09-01T16:29:01+00:00\",\"mainEntityOfPage\":{\"@id\":\"https:\\\/\\\/cyclingpro.net\\\/spaziociclismo\\\/vuelta-2026\\\/vuelta-a-espana-2026-occasione-persa-per-wout-van-aert-abbiamo-dovuto-impiegare-tutta-la-squadra-e-sono-rimasto-solo-purtroppo-non-mi-era-rimasto-molto-nelle-gambe\\\/\"},\"wordCount\":350,\"commentCount\":0,\"publisher\":{\"@id\":\"https:\\\/\\\/cyclingpro.net\\\/spaziociclismo\\\/#organization\"},\"image\":{\"@id\":\"https:\\\/\\\/cyclingpro.net\\\/spaziociclismo\\\/vuelta-2026\\\/vuelta-a-espana-2026-occasione-persa-per-wout-van-aert-abbiamo-dovuto-impiegare-tutta-la-squadra-e-sono-rimasto-solo-purtroppo-non-mi-era-rimasto-molto-nelle-gambe\\\/#primaryimage\"},\"thumbnailUrl\":\"https:\\\/\\\/cyclingpro.net\\\/spaziociclismo\\\/wp-content\\\/uploads\\\/2026\\\/08\\\/1289650130-scaled.jpg\",\"keywords\":[\"Vuelta a Espa\u00f1a 2026\",\"Wout van Aert\"],\"articleSection\":[\"Vuelta 2026\"],\"inLanguage\":\"it-IT\",\"potentialAction\":[{\"@type\":\"CommentAction\",\"name\":\"Comment\",\"target\":[\"https:\\\/\\\/cyclingpro.net\\\/spaziociclismo\\\/vuelta-2026\\\/vuelta-a-espana-2026-occasione-persa-per-wout-van-aert-abbiamo-dovuto-impiegare-tutta-la-squadra-e-sono-rimasto-solo-purtroppo-non-mi-era-rimasto-molto-nelle-gambe\\\/#respond\"]}]},{\"@type\":\"WebPage\",\"@id\":\"https:\\\/\\\/cyclingpro.net\\\/spaziociclismo\\\/vuelta-2026\\\/vuelta-a-espana-2026-occasione-persa-per-wout-van-aert-abbiamo-dovuto-impiegare-tutta-la-squadra-e-sono-rimasto-solo-purtroppo-non-mi-era-rimasto-molto-nelle-gambe\\\/\",\"url\":\"https:\\\/\\\/cyclingpro.net\\\/spaziociclismo\\\/vuelta-2026\\\/vuelta-a-espana-2026-occasione-persa-per-wout-van-aert-abbiamo-dovuto-impiegare-tutta-la-squadra-e-sono-rimasto-solo-purtroppo-non-mi-era-rimasto-molto-nelle-gambe\\\/\",\"name\":\"Vuelta a Espa\u00f1a 2026, occasione persa per Wout van Aert: \u201cAbbiamo dovuto usare tutta la squadra e sono rimasto solo. Purtroppo non mi era rimasto molto nelle gambe\u201d - SpazioCiclismo\",\"isPartOf\":{\"@id\":\"https:\\\/\\\/cyclingpro.net\\\/spaziociclismo\\\/#website\"},\"primaryImageOfPage\":{\"@id\":\"https:\\\/\\\/cyclingpro.net\\\/spaziociclismo\\\/vuelta-2026\\\/vuelta-a-espana-2026-occasione-persa-per-wout-van-aert-abbiamo-dovuto-impiegare-tutta-la-squadra-e-sono-rimasto-solo-purtroppo-non-mi-era-rimasto-molto-nelle-gambe\\\/#primaryimage\"},\"image\":{\"@id\":\"https:\\\/\\\/cyclingpro.net\\\/spaziociclismo\\\/vuelta-2026\\\/vuelta-a-espana-2026-occasione-persa-per-wout-van-aert-abbiamo-dovuto-impiegare-tutta-la-squadra-e-sono-rimasto-solo-purtroppo-non-mi-era-rimasto-molto-nelle-gambe\\\/#primaryimage\"},\"thumbnailUrl\":\"https:\\\/\\\/cyclingpro.net\\\/spaziociclismo\\\/wp-content\\\/uploads\\\/2026\\\/08\\\/1289650130-scaled.jpg\",\"datePublished\":\"2026-09-01T16:27:14+00:00\",\"dateModified\":\"2026-09-01T16:29:01+00:00\",\"breadcrumb\":{\"@id\":\"https:\\\/\\\/cyclingpro.net\\\/spaziociclismo\\\/vuelta-2026\\\/vuelta-a-espana-2026-occasione-persa-per-wout-van-aert-abbiamo-dovuto-impiegare-tutta-la-squadra-e-sono-rimasto-solo-purtroppo-non-mi-era-rimasto-molto-nelle-gambe\\\/#breadcrumb\"},\"inLanguage\":\"it-IT\",\"potentialAction\":[{\"@type\":\"ReadAction\",\"target\":[\"https:\\\/\\\/cyclingpro.net\\\/spaziociclismo\\\/vuelta-2026\\\/vuelta-a-espana-2026-occasione-persa-per-wout-van-aert-abbiamo-dovuto-impiegare-tutta-la-squadra-e-sono-rimasto-solo-purtroppo-non-mi-era-rimasto-molto-nelle-gambe\\\/\"]}]},{\"@type\":\"ImageObject\",\"inLanguage\":\"it-IT\",\"@id\":\"https:\\\/\\\/cyclingpro.net\\\/spaziociclismo\\\/vuelta-2026\\\/vuelta-a-espana-2026-occasione-persa-per-wout-van-aert-abbiamo-dovuto-impiegare-tutta-la-squadra-e-sono-rimasto-solo-purtroppo-non-mi-era-rimasto-molto-nelle-gambe\\\/#primaryimage\",\"url\":\"https:\\\/\\\/cyclingpro.net\\\/spaziociclismo\\\/wp-content\\\/uploads\\\/2026\\\/08\\\/1289650130-scaled.jpg\",\"contentUrl\":\"https:\\\/\\\/cyclingpro.net\\\/spaziociclismo\\\/wp-content\\\/uploads\\\/2026\\\/08\\\/1289650130-scaled.jpg\",\"width\":2560,\"height\":1707,\"caption\":\"\u00a9 Sirotti\"},{\"@type\":\"BreadcrumbList\",\"@id\":\"https:\\\/\\\/cyclingpro.net\\\/spaziociclismo\\\/vuelta-2026\\\/vuelta-a-espana-2026-occasione-persa-per-wout-van-aert-abbiamo-dovuto-impiegare-tutta-la-squadra-e-sono-rimasto-solo-purtroppo-non-mi-era-rimasto-molto-nelle-gambe\\\/#breadcrumb\",\"itemListElement\":[{\"@type\":\"ListItem\",\"position\":1,\"name\":\"Home\",\"item\":\"https:\\\/\\\/cyclingpro.net\\\/spaziociclismo\\\/\"},{\"@type\":\"ListItem\",\"position\":2,\"name\":\"Vuelta a Espa\u00f1a 2026, occasione persa per Wout van Aert: \u201cAbbiamo dovuto usare tutta la squadra e sono rimasto solo. Purtroppo non mi era rimasto molto nelle gambe\u201d\"}]},{\"@type\":\"WebSite\",\"@id\":\"https:\\\/\\\/cyclingpro.net\\\/spaziociclismo\\\/#website\",\"url\":\"https:\\\/\\\/cyclingpro.net\\\/spaziociclismo\\\/\",\"name\":\"SpazioCiclismo\",\"description\":\"Tutto il ciclismo minuto per minuto\",\"publisher\":{\"@id\":\"https:\\\/\\\/cyclingpro.net\\\/spaziociclismo\\\/#organization\"},\"potentialAction\":[{\"@type\":\"SearchAction\",\"target\":{\"@type\":\"EntryPoint\",\"urlTemplate\":\"https:\\\/\\\/cyclingpro.net\\\/spaziociclismo\\\/?s={search_term_string}\"},\"query-input\":{\"@type\":\"PropertyValueSpecification\",\"valueRequired\":true,\"valueName\":\"search_term_string\"}}],\"inLanguage\":\"it-IT\"},{\"@type\":\"Organization\",\"@id\":\"https:\\\/\\\/cyclingpro.net\\\/spaziociclismo\\\/#organization\",\"name\":\"SpazioCiclismo\",\"url\":\"https:\\\/\\\/cyclingpro.net\\\/spaziociclismo\\\/\",\"logo\":{\"@type\":\"ImageObject\",\"inLanguage\":\"it-IT\",\"@id\":\"https:\\\/\\\/cyclingpro.net\\\/spaziociclismo\\\/#\\\/schema\\\/logo\\\/image\\\/\",\"url\":\"https:\\\/\\\/cyclingpro.net\\\/spaziociclismo\\\/wp-content\\\/uploads\\\/2017\\\/02\\\/SpazioCiclismo-Logo-Quadrato.png\",\"contentUrl\":\"https:\\\/\\\/cyclingpro.net\\\/spaziociclismo\\\/wp-content\\\/uploads\\\/2017\\\/02\\\/SpazioCiclismo-Logo-Quadrato.png\",\"width\":450,\"height\":450,\"caption\":\"SpazioCiclismo\"},\"image\":{\"@id\":\"https:\\\/\\\/cyclingpro.net\\\/spaziociclismo\\\/#\\\/schema\\\/logo\\\/image\\\/\"},\"sameAs\":[\"https:\\\/\\\/www.facebook.com\\\/SpazioCiclismo\\\/\",\"https:\\\/\\\/x.com\\\/spaziociclismo\",\"https:\\\/\\\/www.instagram.com\\\/spaziociclismo\\\/\"]},{\"@type\":\"Person\",\"@id\":\"https:\\\/\\\/cyclingpro.net\\\/spaziociclismo\\\/#\\\/schema\\\/person\\\/fda4d079a95104c2764f9c3ffa3fc26f\",\"name\":\"Alessandro Farina\",\"image\":{\"@type\":\"ImageObject\",\"inLanguage\":\"it-IT\",\"@id\":\"https:\\\/\\\/secure.gravatar.com\\\/avatar\\\/a15b660280727ff1737611bc5349040155e2609201d613ef2611905cdc7a122a?s=96&d=mm&r=g\",\"url\":\"https:\\\/\\\/secure.gravatar.com\\\/avatar\\\/a15b660280727ff1737611bc5349040155e2609201d613ef2611905cdc7a122a?s=96&d=mm&r=g\",\"contentUrl\":\"https:\\\/\\\/secure.gravatar.com\\\/avatar\\\/a15b660280727ff1737611bc5349040155e2609201d613ef2611905cdc7a122a?s=96&d=mm&r=g\",\"caption\":\"Alessandro Farina\"},\"url\":\"https:\\\/\\\/cyclingpro.net\\\/spaziociclismo\\\/author\\\/afarina\\\/\"}]}<\/script>\n<!-- \/ Yoast SEO plugin. -->","yoast_head_json":{"title":"Vuelta a Espa\u00f1a 2026, occasione persa per Wout van Aert: \u201cAbbiamo dovuto usare tutta la squadra e sono rimasto solo. Purtroppo non mi era rimasto molto nelle gambe\u201d - SpazioCiclismo","robots":{"index":"index","follow":"follow","max-snippet":"max-snippet:-1","max-image-preview":"max-image-preview:large","max-video-preview":"max-video-preview:-1"},"canonical":"https:\/\/cyclingpro.net\/spaziociclismo\/vuelta-2026\/vuelta-a-espana-2026-occasione-persa-per-wout-van-aert-abbiamo-dovuto-impiegare-tutta-la-squadra-e-sono-rimasto-solo-purtroppo-non-mi-era-rimasto-molto-nelle-gambe\/","og_locale":"it_IT","og_type":"article","og_title":"Vuelta a Espa\u00f1a 2026, occasione persa per Wout van Aert: \u201cAbbiamo dovuto usare tutta la squadra e sono rimasto solo. Purtroppo non mi era rimasto molto nelle gambe\u201d - SpazioCiclismo","og_description":"L\u2019obiettivo vittoria sfuma per Wout van Aert nella decima tappa #LaVuelta26","og_url":"https:\/\/cyclingpro.net\/spaziociclismo\/vuelta-2026\/vuelta-a-espana-2026-occasione-persa-per-wout-van-aert-abbiamo-dovuto-impiegare-tutta-la-squadra-e-sono-rimasto-solo-purtroppo-non-mi-era-rimasto-molto-nelle-gambe\/","og_site_name":"SpazioCiclismo","article_publisher":"https:\/\/www.facebook.com\/SpazioCiclismo\/","article_published_time":"2026-09-01T16:27:14+00:00","article_modified_time":"2026-09-01T16:29:01+00:00","og_image":[{"width":2560,"height":1707,"url":"https:\/\/cyclingpro.net\/spaziociclismo\/wp-content\/uploads\/2026\/08\/1289650130-scaled.jpg","type":"image\/jpeg"}],"author":"Alessandro Farina","twitter_card":"summary_large_image","twitter_creator":"@spaziociclismo","twitter_site":"@spaziociclismo","twitter_misc":{"Scritto da":"Alessandro Farina","Tempo di lettura stimato":"2 minuti"},"schema":{"@context":"https:\/\/schema.org","@graph":[{"@type":"Article","@id":"https:\/\/cyclingpro.net\/spaziociclismo\/vuelta-2026\/vuelta-a-espana-2026-occasione-persa-per-wout-van-aert-abbiamo-dovuto-impiegare-tutta-la-squadra-e-sono-rimasto-solo-purtroppo-non-mi-era-rimasto-molto-nelle-gambe\/#article","isPartOf":{"@id":"https:\/\/cyclingpro.net\/spaziociclismo\/vuelta-2026\/vuelta-a-espana-2026-occasione-persa-per-wout-van-aert-abbiamo-dovuto-impiegare-tutta-la-squadra-e-sono-rimasto-solo-purtroppo-non-mi-era-rimasto-molto-nelle-gambe\/"},"author":{"name":"Alessandro Farina","@id":"https:\/\/cyclingpro.net\/spaziociclismo\/#\/schema\/person\/fda4d079a95104c2764f9c3ffa3fc26f"},"headline":"Vuelta a Espa\u00f1a 2026, occasione persa per Wout van Aert: \u201cAbbiamo dovuto usare tutta la squadra e sono rimasto solo. Purtroppo non mi era rimasto molto nelle gambe\u201d","datePublished":"2026-09-01T16:27:14+00:00","dateModified":"2026-09-01T16:29:01+00:00","mainEntityOfPage":{"@id":"https:\/\/cyclingpro.net\/spaziociclismo\/vuelta-2026\/vuelta-a-espana-2026-occasione-persa-per-wout-van-aert-abbiamo-dovuto-impiegare-tutta-la-squadra-e-sono-rimasto-solo-purtroppo-non-mi-era-rimasto-molto-nelle-gambe\/"},"wordCount":350,"commentCount":0,"publisher":{"@id":"https:\/\/cyclingpro.net\/spaziociclismo\/#organization"},"image":{"@id":"https:\/\/cyclingpro.net\/spaziociclismo\/vuelta-2026\/vuelta-a-espana-2026-occasione-persa-per-wout-van-aert-abbiamo-dovuto-impiegare-tutta-la-squadra-e-sono-rimasto-solo-purtroppo-non-mi-era-rimasto-molto-nelle-gambe\/#primaryimage"},"thumbnailUrl":"https:\/\/cyclingpro.net\/spaziociclismo\/wp-content\/uploads\/2026\/08\/1289650130-scaled.jpg","keywords":["Vuelta a Espa\u00f1a 2026","Wout van Aert"],"articleSection":["Vuelta 2026"],"inLanguage":"it-IT","potentialAction":[{"@type":"CommentAction","name":"Comment","target":["https:\/\/cyclingpro.net\/spaziociclismo\/vuelta-2026\/vuelta-a-espana-2026-occasione-persa-per-wout-van-aert-abbiamo-dovuto-impiegare-tutta-la-squadra-e-sono-rimasto-solo-purtroppo-non-mi-era-rimasto-molto-nelle-gambe\/#respond"]}]},{"@type":"WebPage","@id":"https:\/\/cyclingpro.net\/spaziociclismo\/vuelta-2026\/vuelta-a-espana-2026-occasione-persa-per-wout-van-aert-abbiamo-dovuto-impiegare-tutta-la-squadra-e-sono-rimasto-solo-purtroppo-non-mi-era-rimasto-molto-nelle-gambe\/","url":"https:\/\/cyclingpro.net\/spaziociclismo\/vuelta-2026\/vuelta-a-espana-2026-occasione-persa-per-wout-van-aert-abbiamo-dovuto-impiegare-tutta-la-squadra-e-sono-rimasto-solo-purtroppo-non-mi-era-rimasto-molto-nelle-gambe\/","name":"Vuelta a Espa\u00f1a 2026, occasione persa per Wout van Aert: \u201cAbbiamo dovuto usare tutta la squadra e sono rimasto solo. Purtroppo non mi era rimasto molto nelle gambe\u201d - SpazioCiclismo","isPartOf":{"@id":"https:\/\/cyclingpro.net\/spaziociclismo\/#website"},"primaryImageOfPage":{"@id":"https:\/\/cyclingpro.net\/spaziociclismo\/vuelta-2026\/vuelta-a-espana-2026-occasione-persa-per-wout-van-aert-abbiamo-dovuto-impiegare-tutta-la-squadra-e-sono-rimasto-solo-purtroppo-non-mi-era-rimasto-molto-nelle-gambe\/#primaryimage"},"image":{"@id":"https:\/\/cyclingpro.net\/spaziociclismo\/vuelta-2026\/vuelta-a-espana-2026-occasione-persa-per-wout-van-aert-abbiamo-dovuto-impiegare-tutta-la-squadra-e-sono-rimasto-solo-purtroppo-non-mi-era-rimasto-molto-nelle-gambe\/#primaryimage"},"thumbnailUrl":"https:\/\/cyclingpro.net\/spaziociclismo\/wp-content\/uploads\/2026\/08\/1289650130-scaled.jpg","datePublished":"2026-09-01T16:27:14+00:00","dateModified":"2026-09-01T16:29:01+00:00","breadcrumb":{"@id":"https:\/\/cyclingpro.net\/spaziociclismo\/vuelta-2026\/vuelta-a-espana-2026-occasione-persa-per-wout-van-aert-abbiamo-dovuto-impiegare-tutta-la-squadra-e-sono-rimasto-solo-purtroppo-non-mi-era-rimasto-molto-nelle-gambe\/#breadcrumb"},"inLanguage":"it-IT","potentialAction":[{"@type":"ReadAction","target":["https:\/\/cyclingpro.net\/spaziociclismo\/vuelta-2026\/vuelta-a-espana-2026-occasione-persa-per-wout-van-aert-abbiamo-dovuto-impiegare-tutta-la-squadra-e-sono-rimasto-solo-purtroppo-non-mi-era-rimasto-molto-nelle-gambe\/"]}]},{"@type":"ImageObject","inLanguage":"it-IT","@id":"https:\/\/cyclingpro.net\/spaziociclismo\/vuelta-2026\/vuelta-a-espana-2026-occasione-persa-per-wout-van-aert-abbiamo-dovuto-impiegare-tutta-la-squadra-e-sono-rimasto-solo-purtroppo-non-mi-era-rimasto-molto-nelle-gambe\/#primaryimage","url":"https:\/\/cyclingpro.net\/spaziociclismo\/wp-content\/uploads\/2026\/08\/1289650130-scaled.jpg","contentUrl":"https:\/\/cyclingpro.net\/spaziociclismo\/wp-content\/uploads\/2026\/08\/1289650130-scaled.jpg","width":2560,"height":1707,"caption":"\u00a9 Sirotti"},{"@type":"BreadcrumbList","@id":"https:\/\/cyclingpro.net\/spaziociclismo\/vuelta-2026\/vuelta-a-espana-2026-occasione-persa-per-wout-van-aert-abbiamo-dovuto-impiegare-tutta-la-squadra-e-sono-rimasto-solo-purtroppo-non-mi-era-rimasto-molto-nelle-gambe\/#breadcrumb","itemListElement":[{"@type":"ListItem","position":1,"name":"Home","item":"https:\/\/cyclingpro.net\/spaziociclismo\/"},{"@type":"ListItem","position":2,"name":"Vuelta a Espa\u00f1a 2026, occasione persa per Wout van Aert: \u201cAbbiamo dovuto usare tutta la squadra e sono rimasto solo. Purtroppo non mi era rimasto molto nelle gambe\u201d"}]},{"@type":"WebSite","@id":"https:\/\/cyclingpro.net\/spaziociclismo\/#website","url":"https:\/\/cyclingpro.net\/spaziociclismo\/","name":"SpazioCiclismo","description":"Tutto il ciclismo minuto per minuto","publisher":{"@id":"https:\/\/cyclingpro.net\/spaziociclismo\/#organization"},"potentialAction":[{"@type":"SearchAction","target":{"@type":"EntryPoint","urlTemplate":"https:\/\/cyclingpro.net\/spaziociclismo\/?s={search_term_string}"},"query-input":{"@type":"PropertyValueSpecification","valueRequired":true,"valueName":"search_term_string"}}],"inLanguage":"it-IT"},{"@type":"Organization","@id":"https:\/\/cyclingpro.net\/spaziociclismo\/#organization","name":"SpazioCiclismo","url":"https:\/\/cyclingpro.net\/spaziociclismo\/","logo":{"@type":"ImageObject","inLanguage":"it-IT","@id":"https:\/\/cyclingpro.net\/spaziociclismo\/#\/schema\/logo\/image\/","url":"https:\/\/cyclingpro.net\/spaziociclismo\/wp-content\/uploads\/2017\/02\/SpazioCiclismo-Logo-Quadrato.png","contentUrl":"https:\/\/cyclingpro.net\/spaziociclismo\/wp-content\/uploads\/2017\/02\/SpazioCiclismo-Logo-Quadrato.png","width":450,"height":450,"caption":"SpazioCiclismo"},"image":{"@id":"https:\/\/cyclingpro.net\/spaziociclismo\/#\/schema\/logo\/image\/"},"sameAs":["https:\/\/www.facebook.com\/SpazioCiclismo\/","https:\/\/x.com\/spaziociclismo","https:\/\/www.instagram.com\/spaziociclismo\/"]},{"@type":"Person","@id":"https:\/\/cyclingpro.net\/spaziociclismo\/#\/schema\/person\/fda4d079a95104c2764f9c3ffa3fc26f","name":"Alessandro Farina","image":{"@type":"ImageObject","inLanguage":"it-IT","@id":"https:\/\/secure.gravatar.com\/avatar\/a15b660280727ff1737611bc5349040155e2609201d613ef2611905cdc7a122a?s=96&d=mm&r=g","url":"https:\/\/secure.gravatar.com\/avatar\/a15b660280727ff1737611bc5349040155e2609201d613ef2611905cdc7a122a?s=96&d=mm&r=g","contentUrl":"https:\/\/secure.gravatar.com\/avatar\/a15b660280727ff1737611bc5349040155e2609201d613ef2611905cdc7a122a?s=96&d=mm&r=g","caption":"Alessandro Farina"},"url":"https:\/\/cyclingpro.net\/spaziociclismo\/author\/afarina\/"}]}},"_links":{"self":[{"href":"https:\/\/cyclingpro.net\/spaziociclismo\/wp-json\/wp\/v2\/posts\/393186","targetHints":{"allow":["GET"]}}],"collection":[{"href":"https:\/\/cyclingpro.net\/spaziociclismo\/wp-json\/wp\/v2\/posts"}],"about":[{"href":"https:\/\/cyclingpro.net\/spaziociclismo\/wp-json\/wp\/v2\/types\/post"}],"author":[{"embeddable":true,"href":"https:\/\/cyclingpro.net\/spaziociclismo\/wp-json\/wp\/v2\/users\/52"}],"replies":[{"embeddable":true,"href":"https:\/\/cyclingpro.net\/spaziociclismo\/wp-json\/wp\/v2\/comments?post=393186"}],"version-history":[{"count":3,"href":"https:\/\/cyclingpro.net\/spaziociclismo\/wp-json\/wp\/v2\/posts\/393186\/revisions"}],"predecessor-version":[{"id":393194,"href":"https:\/\/cyclingpro.net\/spaziociclismo\/wp-json\/wp\/v2\/posts\/393186\/revisions\/393194"}],"wp:featuredmedia":[{"embeddable":true,"href":"https:\/\/cyclingpro.net\/spaziociclismo\/wp-json\/wp\/v2\/media\/392935"}],"wp:attachment":[{"href":"https:\/\/cyclingpro.net\/spaziociclismo\/wp-json\/wp\/v2\/media?parent=393186"}],"wp:term":[{"taxonomy":"category","embeddable":true,"href":"https:\/\/cyclingpro.net\/spaziociclismo\/wp-json\/wp\/v2\/categories?post=393186"},{"taxonomy":"post_tag","embeddable":true,"href":"https:\/\/cyclingpro.net\/spaziociclismo\/wp-json\/wp\/v2\/tags?post=393186"}],"curies":[{"name":"wp","href":"https:\/\/api.w.org\/{rel}","templated":true}]}}