{"id":393169,"date":"2026-09-01T17:49:24","date_gmt":"2026-09-01T15:49:24","guid":{"rendered":"https:\/\/cyclingpro.net\/spaziociclismo\/?p=393169"},"modified":"2026-09-01T17:49:24","modified_gmt":"2026-09-01T15:49:24","slug":"vuelta-a-espana-2026-bastien-tronchon-incredulo-della-vittoria-e-pazzesco-non-pensavo-di-poter-ottenere-un-risultato-del-genere","status":"publish","type":"post","link":"https:\/\/cyclingpro.net\/spaziociclismo\/vuelta-2026\/vuelta-a-espana-2026-bastien-tronchon-incredulo-della-vittoria-e-pazzesco-non-pensavo-di-poter-ottenere-un-risultato-del-genere\/","title":{"rendered":"Vuelta a Espa\u00f1a 2026, Bastien Tronchon incredulo della vittoria: \u201c\u00c8 pazzesco, non pensavo di poter ottenere un risultato del genere\u201d"},"content":{"rendered":"<p>Una vittoria inaspettata, che diventa la pi\u00f9 importante della carriera, per <strong>Bastien Tronchon<\/strong> alla <strong>Vuelta a Espa\u00f1a 2026<\/strong>. Il corridore della <strong>Groupama &#8211; FDJ United<\/strong> si \u00e8 subito messo le mani sul casco a segno di incredulit\u00e0 dopo il traguardo, perch\u00e9 \u00e8 riuscito in un\u2019impresa. Il 24enne francese non era infatti tra i favoriti per la volata odierna e invece ha sfruttato alla perfezione la situazione disordinata sull\u2019arrivo di Elche de la Sierra per far valere il suo spunto veloce. Prima di oggi le uniche due vittorie erano state alla Vuelta a Burgos 2022 e alla Tro-Bro L\u00e9on dello scorso anno, quindi il risultato odierno rappresenta indubbiamente la pi\u00f9 grande affermazione da quando \u00e8 professionista.<\/p>\n<p>&#8220;Non so come ci sia riuscito &#8211; sottolinea nell\u2019intervista dopo il traguardo &#8211; Ho lanciato lo sprint e non ero sicuro se ci fossero ancora dei corridori davanti a me o meno. Non ho alzato le braccia al cielo\u2026 \u00c8 pazzesco. Non riesco a crederci. Gli ultimi giorni sono stati davvero duri per me e oggi mi sentivo bene. Ho detto a Guillaume Martin: \u2018Vai a tutto gas fino alla fine\u2019. E ho conquistato la vittoria. \u00c8 incredibile. <strong>Non pensavo di poter ottenere un risultato del genere alla Vuelta<\/strong>\u201d.<\/p>\n<p>Le sensazioni negli ultimi giorni non erano quindi buone e questa vittoria \u00e8 arrivata quindi con la forza di volont\u00e0 di continuare a provarci: \u201cLa preparazione quest\u2019anno non \u00e8 stata proprio ottimale; la settimana scorsa non mi sentivo bene. \u00c8 stato un po\u2019 strano, diverso dagli altri anni. Ho scelto di fidarmi del percorso e vedere. Sono partito sapendo che il lavoro era gi\u00e0 fatto, e poi si trattava solo di correre come piace a me e puntare alla vittoria. Ho passato la giornata a dire: \u201cQueste strade sono fantastiche, \u00e8 tutto cos\u00ec bello, \u00e8 davvero piacevole\u201d. <strong>Mi \u00e8 piaciuta tantissimo questa giornata e alla fine ho vinto<\/strong>\u201d<\/p>\n","protected":false},"excerpt":{"rendered":"<p>Una vittoria inaspettata per Bastien Tronchon a #LaVuelta26<\/p>\n","protected":false},"author":52,"featured_media":393155,"comment_status":"open","ping_status":"closed","sticky":false,"template":"","format":"standard","meta":{"footnotes":"","_members_access_role":[],"_members_access_error":""},"categories":[6589],"tags":[4686,5752],"class_list":["post-393169","post","type-post","status-publish","format-standard","has-post-thumbnail","hentry","category-vuelta-2026","tag-bastien-tronchon","tag-vuelta-a-espana-2026"],"yoast_head":"<!-- This site is optimized with the Yoast SEO plugin v28.3 - https:\/\/yoast.com\/product\/yoast-seo-wordpress\/ -->\n<title>Vuelta a Espa\u00f1a 2026, Bastien Tronchon incredulo della vittoria: \u201c\u00c8 pazzesco, non pensavo di poter ottenere un risultato del genere\u201d - SpazioCiclismo<\/title>\n<meta name=\"robots\" content=\"index, follow, max-snippet:-1, max-image-preview:large, max-video-preview:-1\" \/>\n<link rel=\"canonical\" href=\"https:\/\/cyclingpro.net\/spaziociclismo\/vuelta-2026\/vuelta-a-espana-2026-bastien-tronchon-incredulo-della-vittoria-e-pazzesco-non-pensavo-di-poter-ottenere-un-risultato-del-genere\/\" \/>\n<meta property=\"og:locale\" content=\"it_IT\" \/>\n<meta property=\"og:type\" content=\"article\" \/>\n<meta property=\"og:title\" content=\"Vuelta a Espa\u00f1a 2026, Bastien Tronchon incredulo della vittoria: \u201c\u00c8 pazzesco, non pensavo di poter ottenere un risultato del genere\u201d - SpazioCiclismo\" \/>\n<meta property=\"og:description\" content=\"Una vittoria inaspettata per Bastien Tronchon a #LaVuelta26\" \/>\n<meta property=\"og:url\" content=\"https:\/\/cyclingpro.net\/spaziociclismo\/vuelta-2026\/vuelta-a-espana-2026-bastien-tronchon-incredulo-della-vittoria-e-pazzesco-non-pensavo-di-poter-ottenere-un-risultato-del-genere\/\" \/>\n<meta property=\"og:site_name\" content=\"SpazioCiclismo\" \/>\n<meta property=\"article:publisher\" content=\"https:\/\/www.facebook.com\/SpazioCiclismo\/\" \/>\n<meta property=\"article:published_time\" content=\"2026-09-01T15:49:24+00:00\" \/>\n<meta property=\"og:image\" content=\"https:\/\/cyclingpro.net\/spaziociclismo\/wp-content\/uploads\/2026\/09\/Bastien-Tronchon-Vuelta-a-Espana-2026.webp\" \/>\n\t<meta property=\"og:image:width\" content=\"1200\" \/>\n\t<meta property=\"og:image:height\" content=\"800\" \/>\n\t<meta property=\"og:image:type\" content=\"image\/webp\" \/>\n<meta name=\"author\" content=\"Alessandro Farina\" \/>\n<meta name=\"twitter:card\" content=\"summary_large_image\" \/>\n<meta name=\"twitter:creator\" content=\"@spaziociclismo\" \/>\n<meta name=\"twitter:site\" content=\"@spaziociclismo\" \/>\n<meta name=\"twitter:label1\" content=\"Scritto da\" \/>\n\t<meta name=\"twitter:data1\" content=\"Alessandro Farina\" \/>\n\t<meta name=\"twitter:label2\" content=\"Tempo di lettura stimato\" \/>\n\t<meta name=\"twitter:data2\" content=\"2 minuti\" \/>\n<script type=\"application\/ld+json\" class=\"yoast-schema-graph\">{\"@context\":\"https:\\\/\\\/schema.org\",\"@graph\":[{\"@type\":\"Article\",\"@id\":\"https:\\\/\\\/cyclingpro.net\\\/spaziociclismo\\\/vuelta-2026\\\/vuelta-a-espana-2026-bastien-tronchon-incredulo-della-vittoria-e-pazzesco-non-pensavo-di-poter-ottenere-un-risultato-del-genere\\\/#article\",\"isPartOf\":{\"@id\":\"https:\\\/\\\/cyclingpro.net\\\/spaziociclismo\\\/vuelta-2026\\\/vuelta-a-espana-2026-bastien-tronchon-incredulo-della-vittoria-e-pazzesco-non-pensavo-di-poter-ottenere-un-risultato-del-genere\\\/\"},\"author\":{\"name\":\"Alessandro Farina\",\"@id\":\"https:\\\/\\\/cyclingpro.net\\\/spaziociclismo\\\/#\\\/schema\\\/person\\\/fda4d079a95104c2764f9c3ffa3fc26f\"},\"headline\":\"Vuelta a Espa\u00f1a 2026, Bastien Tronchon incredulo della vittoria: \u201c\u00c8 pazzesco, non pensavo di poter ottenere un risultato del genere\u201d\",\"datePublished\":\"2026-09-01T15:49:24+00:00\",\"mainEntityOfPage\":{\"@id\":\"https:\\\/\\\/cyclingpro.net\\\/spaziociclismo\\\/vuelta-2026\\\/vuelta-a-espana-2026-bastien-tronchon-incredulo-della-vittoria-e-pazzesco-non-pensavo-di-poter-ottenere-un-risultato-del-genere\\\/\"},\"wordCount\":324,\"commentCount\":0,\"publisher\":{\"@id\":\"https:\\\/\\\/cyclingpro.net\\\/spaziociclismo\\\/#organization\"},\"image\":{\"@id\":\"https:\\\/\\\/cyclingpro.net\\\/spaziociclismo\\\/vuelta-2026\\\/vuelta-a-espana-2026-bastien-tronchon-incredulo-della-vittoria-e-pazzesco-non-pensavo-di-poter-ottenere-un-risultato-del-genere\\\/#primaryimage\"},\"thumbnailUrl\":\"https:\\\/\\\/cyclingpro.net\\\/spaziociclismo\\\/wp-content\\\/uploads\\\/2026\\\/09\\\/Bastien-Tronchon-Vuelta-a-Espana-2026.webp\",\"keywords\":[\"Bastien Tronchon\",\"Vuelta a Espa\u00f1a 2026\"],\"articleSection\":[\"Vuelta 2026\"],\"inLanguage\":\"it-IT\",\"potentialAction\":[{\"@type\":\"CommentAction\",\"name\":\"Comment\",\"target\":[\"https:\\\/\\\/cyclingpro.net\\\/spaziociclismo\\\/vuelta-2026\\\/vuelta-a-espana-2026-bastien-tronchon-incredulo-della-vittoria-e-pazzesco-non-pensavo-di-poter-ottenere-un-risultato-del-genere\\\/#respond\"]}]},{\"@type\":\"WebPage\",\"@id\":\"https:\\\/\\\/cyclingpro.net\\\/spaziociclismo\\\/vuelta-2026\\\/vuelta-a-espana-2026-bastien-tronchon-incredulo-della-vittoria-e-pazzesco-non-pensavo-di-poter-ottenere-un-risultato-del-genere\\\/\",\"url\":\"https:\\\/\\\/cyclingpro.net\\\/spaziociclismo\\\/vuelta-2026\\\/vuelta-a-espana-2026-bastien-tronchon-incredulo-della-vittoria-e-pazzesco-non-pensavo-di-poter-ottenere-un-risultato-del-genere\\\/\",\"name\":\"Vuelta a Espa\u00f1a 2026, Bastien Tronchon incredulo della vittoria: \u201c\u00c8 pazzesco, non pensavo di poter ottenere un risultato del genere\u201d - SpazioCiclismo\",\"isPartOf\":{\"@id\":\"https:\\\/\\\/cyclingpro.net\\\/spaziociclismo\\\/#website\"},\"primaryImageOfPage\":{\"@id\":\"https:\\\/\\\/cyclingpro.net\\\/spaziociclismo\\\/vuelta-2026\\\/vuelta-a-espana-2026-bastien-tronchon-incredulo-della-vittoria-e-pazzesco-non-pensavo-di-poter-ottenere-un-risultato-del-genere\\\/#primaryimage\"},\"image\":{\"@id\":\"https:\\\/\\\/cyclingpro.net\\\/spaziociclismo\\\/vuelta-2026\\\/vuelta-a-espana-2026-bastien-tronchon-incredulo-della-vittoria-e-pazzesco-non-pensavo-di-poter-ottenere-un-risultato-del-genere\\\/#primaryimage\"},\"thumbnailUrl\":\"https:\\\/\\\/cyclingpro.net\\\/spaziociclismo\\\/wp-content\\\/uploads\\\/2026\\\/09\\\/Bastien-Tronchon-Vuelta-a-Espana-2026.webp\",\"datePublished\":\"2026-09-01T15:49:24+00:00\",\"breadcrumb\":{\"@id\":\"https:\\\/\\\/cyclingpro.net\\\/spaziociclismo\\\/vuelta-2026\\\/vuelta-a-espana-2026-bastien-tronchon-incredulo-della-vittoria-e-pazzesco-non-pensavo-di-poter-ottenere-un-risultato-del-genere\\\/#breadcrumb\"},\"inLanguage\":\"it-IT\",\"potentialAction\":[{\"@type\":\"ReadAction\",\"target\":[\"https:\\\/\\\/cyclingpro.net\\\/spaziociclismo\\\/vuelta-2026\\\/vuelta-a-espana-2026-bastien-tronchon-incredulo-della-vittoria-e-pazzesco-non-pensavo-di-poter-ottenere-un-risultato-del-genere\\\/\"]}]},{\"@type\":\"ImageObject\",\"inLanguage\":\"it-IT\",\"@id\":\"https:\\\/\\\/cyclingpro.net\\\/spaziociclismo\\\/vuelta-2026\\\/vuelta-a-espana-2026-bastien-tronchon-incredulo-della-vittoria-e-pazzesco-non-pensavo-di-poter-ottenere-un-risultato-del-genere\\\/#primaryimage\",\"url\":\"https:\\\/\\\/cyclingpro.net\\\/spaziociclismo\\\/wp-content\\\/uploads\\\/2026\\\/09\\\/Bastien-Tronchon-Vuelta-a-Espana-2026.webp\",\"contentUrl\":\"https:\\\/\\\/cyclingpro.net\\\/spaziociclismo\\\/wp-content\\\/uploads\\\/2026\\\/09\\\/Bastien-Tronchon-Vuelta-a-Espana-2026.webp\",\"width\":1200,\"height\":800,\"caption\":\"\u00a9 Unipublic \\\/ CxCycling\"},{\"@type\":\"BreadcrumbList\",\"@id\":\"https:\\\/\\\/cyclingpro.net\\\/spaziociclismo\\\/vuelta-2026\\\/vuelta-a-espana-2026-bastien-tronchon-incredulo-della-vittoria-e-pazzesco-non-pensavo-di-poter-ottenere-un-risultato-del-genere\\\/#breadcrumb\",\"itemListElement\":[{\"@type\":\"ListItem\",\"position\":1,\"name\":\"Home\",\"item\":\"https:\\\/\\\/cyclingpro.net\\\/spaziociclismo\\\/\"},{\"@type\":\"ListItem\",\"position\":2,\"name\":\"Vuelta a Espa\u00f1a 2026, Bastien Tronchon incredulo della vittoria: \u201c\u00c8 pazzesco, non pensavo di poter ottenere un risultato del genere\u201d\"}]},{\"@type\":\"WebSite\",\"@id\":\"https:\\\/\\\/cyclingpro.net\\\/spaziociclismo\\\/#website\",\"url\":\"https:\\\/\\\/cyclingpro.net\\\/spaziociclismo\\\/\",\"name\":\"SpazioCiclismo\",\"description\":\"Tutto il ciclismo minuto per minuto\",\"publisher\":{\"@id\":\"https:\\\/\\\/cyclingpro.net\\\/spaziociclismo\\\/#organization\"},\"potentialAction\":[{\"@type\":\"SearchAction\",\"target\":{\"@type\":\"EntryPoint\",\"urlTemplate\":\"https:\\\/\\\/cyclingpro.net\\\/spaziociclismo\\\/?s={search_term_string}\"},\"query-input\":{\"@type\":\"PropertyValueSpecification\",\"valueRequired\":true,\"valueName\":\"search_term_string\"}}],\"inLanguage\":\"it-IT\"},{\"@type\":\"Organization\",\"@id\":\"https:\\\/\\\/cyclingpro.net\\\/spaziociclismo\\\/#organization\",\"name\":\"SpazioCiclismo\",\"url\":\"https:\\\/\\\/cyclingpro.net\\\/spaziociclismo\\\/\",\"logo\":{\"@type\":\"ImageObject\",\"inLanguage\":\"it-IT\",\"@id\":\"https:\\\/\\\/cyclingpro.net\\\/spaziociclismo\\\/#\\\/schema\\\/logo\\\/image\\\/\",\"url\":\"https:\\\/\\\/cyclingpro.net\\\/spaziociclismo\\\/wp-content\\\/uploads\\\/2017\\\/02\\\/SpazioCiclismo-Logo-Quadrato.png\",\"contentUrl\":\"https:\\\/\\\/cyclingpro.net\\\/spaziociclismo\\\/wp-content\\\/uploads\\\/2017\\\/02\\\/SpazioCiclismo-Logo-Quadrato.png\",\"width\":450,\"height\":450,\"caption\":\"SpazioCiclismo\"},\"image\":{\"@id\":\"https:\\\/\\\/cyclingpro.net\\\/spaziociclismo\\\/#\\\/schema\\\/logo\\\/image\\\/\"},\"sameAs\":[\"https:\\\/\\\/www.facebook.com\\\/SpazioCiclismo\\\/\",\"https:\\\/\\\/x.com\\\/spaziociclismo\",\"https:\\\/\\\/www.instagram.com\\\/spaziociclismo\\\/\"]},{\"@type\":\"Person\",\"@id\":\"https:\\\/\\\/cyclingpro.net\\\/spaziociclismo\\\/#\\\/schema\\\/person\\\/fda4d079a95104c2764f9c3ffa3fc26f\",\"name\":\"Alessandro Farina\",\"image\":{\"@type\":\"ImageObject\",\"inLanguage\":\"it-IT\",\"@id\":\"https:\\\/\\\/secure.gravatar.com\\\/avatar\\\/a15b660280727ff1737611bc5349040155e2609201d613ef2611905cdc7a122a?s=96&d=mm&r=g\",\"url\":\"https:\\\/\\\/secure.gravatar.com\\\/avatar\\\/a15b660280727ff1737611bc5349040155e2609201d613ef2611905cdc7a122a?s=96&d=mm&r=g\",\"contentUrl\":\"https:\\\/\\\/secure.gravatar.com\\\/avatar\\\/a15b660280727ff1737611bc5349040155e2609201d613ef2611905cdc7a122a?s=96&d=mm&r=g\",\"caption\":\"Alessandro Farina\"},\"url\":\"https:\\\/\\\/cyclingpro.net\\\/spaziociclismo\\\/author\\\/afarina\\\/\"}]}<\/script>\n<!-- \/ Yoast SEO plugin. -->","yoast_head_json":{"title":"Vuelta a Espa\u00f1a 2026, Bastien Tronchon incredulo della vittoria: \u201c\u00c8 pazzesco, non pensavo di poter ottenere un risultato del genere\u201d - SpazioCiclismo","robots":{"index":"index","follow":"follow","max-snippet":"max-snippet:-1","max-image-preview":"max-image-preview:large","max-video-preview":"max-video-preview:-1"},"canonical":"https:\/\/cyclingpro.net\/spaziociclismo\/vuelta-2026\/vuelta-a-espana-2026-bastien-tronchon-incredulo-della-vittoria-e-pazzesco-non-pensavo-di-poter-ottenere-un-risultato-del-genere\/","og_locale":"it_IT","og_type":"article","og_title":"Vuelta a Espa\u00f1a 2026, Bastien Tronchon incredulo della vittoria: \u201c\u00c8 pazzesco, non pensavo di poter ottenere un risultato del genere\u201d - SpazioCiclismo","og_description":"Una vittoria inaspettata per Bastien Tronchon a #LaVuelta26","og_url":"https:\/\/cyclingpro.net\/spaziociclismo\/vuelta-2026\/vuelta-a-espana-2026-bastien-tronchon-incredulo-della-vittoria-e-pazzesco-non-pensavo-di-poter-ottenere-un-risultato-del-genere\/","og_site_name":"SpazioCiclismo","article_publisher":"https:\/\/www.facebook.com\/SpazioCiclismo\/","article_published_time":"2026-09-01T15:49:24+00:00","og_image":[{"width":1200,"height":800,"url":"https:\/\/cyclingpro.net\/spaziociclismo\/wp-content\/uploads\/2026\/09\/Bastien-Tronchon-Vuelta-a-Espana-2026.webp","type":"image\/webp"}],"author":"Alessandro Farina","twitter_card":"summary_large_image","twitter_creator":"@spaziociclismo","twitter_site":"@spaziociclismo","twitter_misc":{"Scritto da":"Alessandro Farina","Tempo di lettura stimato":"2 minuti"},"schema":{"@context":"https:\/\/schema.org","@graph":[{"@type":"Article","@id":"https:\/\/cyclingpro.net\/spaziociclismo\/vuelta-2026\/vuelta-a-espana-2026-bastien-tronchon-incredulo-della-vittoria-e-pazzesco-non-pensavo-di-poter-ottenere-un-risultato-del-genere\/#article","isPartOf":{"@id":"https:\/\/cyclingpro.net\/spaziociclismo\/vuelta-2026\/vuelta-a-espana-2026-bastien-tronchon-incredulo-della-vittoria-e-pazzesco-non-pensavo-di-poter-ottenere-un-risultato-del-genere\/"},"author":{"name":"Alessandro Farina","@id":"https:\/\/cyclingpro.net\/spaziociclismo\/#\/schema\/person\/fda4d079a95104c2764f9c3ffa3fc26f"},"headline":"Vuelta a Espa\u00f1a 2026, Bastien Tronchon incredulo della vittoria: \u201c\u00c8 pazzesco, non pensavo di poter ottenere un risultato del genere\u201d","datePublished":"2026-09-01T15:49:24+00:00","mainEntityOfPage":{"@id":"https:\/\/cyclingpro.net\/spaziociclismo\/vuelta-2026\/vuelta-a-espana-2026-bastien-tronchon-incredulo-della-vittoria-e-pazzesco-non-pensavo-di-poter-ottenere-un-risultato-del-genere\/"},"wordCount":324,"commentCount":0,"publisher":{"@id":"https:\/\/cyclingpro.net\/spaziociclismo\/#organization"},"image":{"@id":"https:\/\/cyclingpro.net\/spaziociclismo\/vuelta-2026\/vuelta-a-espana-2026-bastien-tronchon-incredulo-della-vittoria-e-pazzesco-non-pensavo-di-poter-ottenere-un-risultato-del-genere\/#primaryimage"},"thumbnailUrl":"https:\/\/cyclingpro.net\/spaziociclismo\/wp-content\/uploads\/2026\/09\/Bastien-Tronchon-Vuelta-a-Espana-2026.webp","keywords":["Bastien Tronchon","Vuelta a Espa\u00f1a 2026"],"articleSection":["Vuelta 2026"],"inLanguage":"it-IT","potentialAction":[{"@type":"CommentAction","name":"Comment","target":["https:\/\/cyclingpro.net\/spaziociclismo\/vuelta-2026\/vuelta-a-espana-2026-bastien-tronchon-incredulo-della-vittoria-e-pazzesco-non-pensavo-di-poter-ottenere-un-risultato-del-genere\/#respond"]}]},{"@type":"WebPage","@id":"https:\/\/cyclingpro.net\/spaziociclismo\/vuelta-2026\/vuelta-a-espana-2026-bastien-tronchon-incredulo-della-vittoria-e-pazzesco-non-pensavo-di-poter-ottenere-un-risultato-del-genere\/","url":"https:\/\/cyclingpro.net\/spaziociclismo\/vuelta-2026\/vuelta-a-espana-2026-bastien-tronchon-incredulo-della-vittoria-e-pazzesco-non-pensavo-di-poter-ottenere-un-risultato-del-genere\/","name":"Vuelta a Espa\u00f1a 2026, Bastien Tronchon incredulo della vittoria: \u201c\u00c8 pazzesco, non pensavo di poter ottenere un risultato del genere\u201d - SpazioCiclismo","isPartOf":{"@id":"https:\/\/cyclingpro.net\/spaziociclismo\/#website"},"primaryImageOfPage":{"@id":"https:\/\/cyclingpro.net\/spaziociclismo\/vuelta-2026\/vuelta-a-espana-2026-bastien-tronchon-incredulo-della-vittoria-e-pazzesco-non-pensavo-di-poter-ottenere-un-risultato-del-genere\/#primaryimage"},"image":{"@id":"https:\/\/cyclingpro.net\/spaziociclismo\/vuelta-2026\/vuelta-a-espana-2026-bastien-tronchon-incredulo-della-vittoria-e-pazzesco-non-pensavo-di-poter-ottenere-un-risultato-del-genere\/#primaryimage"},"thumbnailUrl":"https:\/\/cyclingpro.net\/spaziociclismo\/wp-content\/uploads\/2026\/09\/Bastien-Tronchon-Vuelta-a-Espana-2026.webp","datePublished":"2026-09-01T15:49:24+00:00","breadcrumb":{"@id":"https:\/\/cyclingpro.net\/spaziociclismo\/vuelta-2026\/vuelta-a-espana-2026-bastien-tronchon-incredulo-della-vittoria-e-pazzesco-non-pensavo-di-poter-ottenere-un-risultato-del-genere\/#breadcrumb"},"inLanguage":"it-IT","potentialAction":[{"@type":"ReadAction","target":["https:\/\/cyclingpro.net\/spaziociclismo\/vuelta-2026\/vuelta-a-espana-2026-bastien-tronchon-incredulo-della-vittoria-e-pazzesco-non-pensavo-di-poter-ottenere-un-risultato-del-genere\/"]}]},{"@type":"ImageObject","inLanguage":"it-IT","@id":"https:\/\/cyclingpro.net\/spaziociclismo\/vuelta-2026\/vuelta-a-espana-2026-bastien-tronchon-incredulo-della-vittoria-e-pazzesco-non-pensavo-di-poter-ottenere-un-risultato-del-genere\/#primaryimage","url":"https:\/\/cyclingpro.net\/spaziociclismo\/wp-content\/uploads\/2026\/09\/Bastien-Tronchon-Vuelta-a-Espana-2026.webp","contentUrl":"https:\/\/cyclingpro.net\/spaziociclismo\/wp-content\/uploads\/2026\/09\/Bastien-Tronchon-Vuelta-a-Espana-2026.webp","width":1200,"height":800,"caption":"\u00a9 Unipublic \/ CxCycling"},{"@type":"BreadcrumbList","@id":"https:\/\/cyclingpro.net\/spaziociclismo\/vuelta-2026\/vuelta-a-espana-2026-bastien-tronchon-incredulo-della-vittoria-e-pazzesco-non-pensavo-di-poter-ottenere-un-risultato-del-genere\/#breadcrumb","itemListElement":[{"@type":"ListItem","position":1,"name":"Home","item":"https:\/\/cyclingpro.net\/spaziociclismo\/"},{"@type":"ListItem","position":2,"name":"Vuelta a Espa\u00f1a 2026, Bastien Tronchon incredulo della vittoria: \u201c\u00c8 pazzesco, non pensavo di poter ottenere un risultato del genere\u201d"}]},{"@type":"WebSite","@id":"https:\/\/cyclingpro.net\/spaziociclismo\/#website","url":"https:\/\/cyclingpro.net\/spaziociclismo\/","name":"SpazioCiclismo","description":"Tutto il ciclismo minuto per minuto","publisher":{"@id":"https:\/\/cyclingpro.net\/spaziociclismo\/#organization"},"potentialAction":[{"@type":"SearchAction","target":{"@type":"EntryPoint","urlTemplate":"https:\/\/cyclingpro.net\/spaziociclismo\/?s={search_term_string}"},"query-input":{"@type":"PropertyValueSpecification","valueRequired":true,"valueName":"search_term_string"}}],"inLanguage":"it-IT"},{"@type":"Organization","@id":"https:\/\/cyclingpro.net\/spaziociclismo\/#organization","name":"SpazioCiclismo","url":"https:\/\/cyclingpro.net\/spaziociclismo\/","logo":{"@type":"ImageObject","inLanguage":"it-IT","@id":"https:\/\/cyclingpro.net\/spaziociclismo\/#\/schema\/logo\/image\/","url":"https:\/\/cyclingpro.net\/spaziociclismo\/wp-content\/uploads\/2017\/02\/SpazioCiclismo-Logo-Quadrato.png","contentUrl":"https:\/\/cyclingpro.net\/spaziociclismo\/wp-content\/uploads\/2017\/02\/SpazioCiclismo-Logo-Quadrato.png","width":450,"height":450,"caption":"SpazioCiclismo"},"image":{"@id":"https:\/\/cyclingpro.net\/spaziociclismo\/#\/schema\/logo\/image\/"},"sameAs":["https:\/\/www.facebook.com\/SpazioCiclismo\/","https:\/\/x.com\/spaziociclismo","https:\/\/www.instagram.com\/spaziociclismo\/"]},{"@type":"Person","@id":"https:\/\/cyclingpro.net\/spaziociclismo\/#\/schema\/person\/fda4d079a95104c2764f9c3ffa3fc26f","name":"Alessandro Farina","image":{"@type":"ImageObject","inLanguage":"it-IT","@id":"https:\/\/secure.gravatar.com\/avatar\/a15b660280727ff1737611bc5349040155e2609201d613ef2611905cdc7a122a?s=96&d=mm&r=g","url":"https:\/\/secure.gravatar.com\/avatar\/a15b660280727ff1737611bc5349040155e2609201d613ef2611905cdc7a122a?s=96&d=mm&r=g","contentUrl":"https:\/\/secure.gravatar.com\/avatar\/a15b660280727ff1737611bc5349040155e2609201d613ef2611905cdc7a122a?s=96&d=mm&r=g","caption":"Alessandro Farina"},"url":"https:\/\/cyclingpro.net\/spaziociclismo\/author\/afarina\/"}]}},"_links":{"self":[{"href":"https:\/\/cyclingpro.net\/spaziociclismo\/wp-json\/wp\/v2\/posts\/393169","targetHints":{"allow":["GET"]}}],"collection":[{"href":"https:\/\/cyclingpro.net\/spaziociclismo\/wp-json\/wp\/v2\/posts"}],"about":[{"href":"https:\/\/cyclingpro.net\/spaziociclismo\/wp-json\/wp\/v2\/types\/post"}],"author":[{"embeddable":true,"href":"https:\/\/cyclingpro.net\/spaziociclismo\/wp-json\/wp\/v2\/users\/52"}],"replies":[{"embeddable":true,"href":"https:\/\/cyclingpro.net\/spaziociclismo\/wp-json\/wp\/v2\/comments?post=393169"}],"version-history":[{"count":1,"href":"https:\/\/cyclingpro.net\/spaziociclismo\/wp-json\/wp\/v2\/posts\/393169\/revisions"}],"predecessor-version":[{"id":393172,"href":"https:\/\/cyclingpro.net\/spaziociclismo\/wp-json\/wp\/v2\/posts\/393169\/revisions\/393172"}],"wp:featuredmedia":[{"embeddable":true,"href":"https:\/\/cyclingpro.net\/spaziociclismo\/wp-json\/wp\/v2\/media\/393155"}],"wp:attachment":[{"href":"https:\/\/cyclingpro.net\/spaziociclismo\/wp-json\/wp\/v2\/media?parent=393169"}],"wp:term":[{"taxonomy":"category","embeddable":true,"href":"https:\/\/cyclingpro.net\/spaziociclismo\/wp-json\/wp\/v2\/categories?post=393169"},{"taxonomy":"post_tag","embeddable":true,"href":"https:\/\/cyclingpro.net\/spaziociclismo\/wp-json\/wp\/v2\/tags?post=393169"}],"curies":[{"name":"wp","href":"https:\/\/api.w.org\/{rel}","templated":true}]}}