{"id":393142,"date":"2026-09-01T20:30:22","date_gmt":"2026-09-01T18:30:22","guid":{"rendered":"https:\/\/cyclingpro.net\/spaziociclismo\/?p=393142"},"modified":"2026-09-01T20:18:03","modified_gmt":"2026-09-01T18:18:03","slug":"presentazione-percorso-e-favoriti-tour-of-britain-2026","status":"publish","type":"post","link":"https:\/\/cyclingpro.net\/spaziociclismo\/presentazione-corse\/presentazione-percorso-e-favoriti-tour-of-britain-2026\/","title":{"rendered":"Presentazione Percorso e Favoriti Tour of Britain 2026"},"content":{"rendered":"<p>Dal 2 al 6 settembre andr\u00e0 in scena il <strong>Tour of Britain 2026<\/strong>. Uno degli appuntamenti classici della tarda estate del grande ciclismo, un passaggio cruciale per quei corridori che vogliono affinare la condizione in vista delle grandi sfide di fine anno. Come da tradizione questo appuntamento, che vede la presenza di corridori illustri nel proprio albo d&#8217;oro, chiama a raccolta alcune delle migliori squadre del panorama internazionale. Per questa stagione sono cinque le formazioni <strong>WorldTour<\/strong> in gara, quattro in meno rispetto al 2025, con quattro compagini Professional, la selezione nazionale britannica e otto squadre Continental. Lo scorso anno a trionfare fu <strong>Romain Gregoire<\/strong>.<\/p>\n<p><strong>HASHTAG UFFICIALE:<\/strong> #TourofBritain #ToB<\/p>\n<h2>Albo d&#8217;oro recente Tour of Britain<\/h2>\n<p><a href=\"https:\/\/cyclingpro.net\/spaziociclismo\/sintesi-gare\/tour-of-britain-2025-olav-kooij-si-prende-anche-lultima-tappa-4-edoardo-zambanini-romain-gregoire-vince-la-corsa\/\">2025 GREGOIRE Romain<\/a><a href=\"https:\/\/cyclingpro.net\/spaziociclismo\/sintesi-gare\/tour-of-britain-2024-sprint-vincente-di-matevz-govekar-nellultima-tappa-stephen-williams-conquista-la-corsa\/\"><br \/>\n2024 WILLIAMS Stephen<\/a><br \/>\n<a href=\"https:\/\/cyclingpro.net\/spaziociclismo\/sintesi-gare\/tour-of-britain-2023-lultima-tappa-va-a-carlos-rodriguez-wout-van-aert-vince-la-classifica-generale\/\">2023 VAN AERT Wout<\/a><br \/>\n<a href=\"https:\/\/cyclingpro.net\/spaziociclismo\/continental\/tour-of-britain-2022-la-morte-della-regina-elisabetta-ferma-la-corsa\/\" target=\"_blank\" rel=\"noopener\">2022 SERRANO Gonzalo<\/a><br \/>\n<a href=\"https:\/\/cyclingpro.net\/spaziociclismo\/continental\/tour-of-britain-2021-poker-e-vittoria-finale-per-wout-van-aert\/\" target=\"_blank\" rel=\"noopener\">2021 VAN AERT Wout<\/a><br \/>\n<a href=\"https:\/\/cyclingpro.net\/spaziociclismo\/continental\/tour-of-britain-2020-tutto-rinviato-al-2021\/\">2020 Non disputato a causa della pandemia di Covid-19<\/a><br \/>\n<a href=\"https:\/\/cyclingpro.net\/spaziociclismo\/continental\/tour-of-britain-2019-colpo-doppio-per-un-imbattibile-mathieu-van-der-poel\/\">2019 VAN DER POEL Mathieu<\/a><br \/>\n<a href=\"https:\/\/cyclingpro.net\/spaziociclismo\/sintesi-gare\/tour-of-britain-2018-ewan-si-prende-lultima-tappa-alaphilippe-conquista-la-generale\/\">2018 ALAPHILIPPE Julian<\/a><br \/>\n<a href=\"https:\/\/cyclingpro.net\/spaziociclismo\/sintesi-gare\/tour-of-britain-2017-boasson-hagen-si-prende-lultima-generale-boom\/\">2017 BOOM Lars<\/a><br \/>\n2016 CUMMINGS Steve<br \/>\n2015 BOASSON HAGEN Edvald<\/p>\n<h2>Percorso Tour of Britain 2026<\/h2>\n<p>La citt\u00e0 di <strong>Lincoln<\/strong> sar\u00e0 protagonista della prima parte di corsa. La frazione inaugurale, che ha sede di partenza e arrivo nella medesima citt\u00e0, rappresenter\u00e0 subito un passaggio cruciale per la classifica generale. Il tracciato \u00e8 mosso e la parte finale \u00e8 molto ostica con un circuito da affrontare cinque volte con lo strappo in pav\u00e9 di <strong>Michaelgate<\/strong> che presenta punte anche al 18% e si concluder\u00e0 a pochi metri dal traguardo finale. C&#8217;\u00e8 subito margine per fare un po&#8217; di differenza. Il giorno seguente, la <strong>Boston &#8211; Skegness<\/strong> strizza l&#8217;occhio ai velocisti, con un percorso quasi interamente pianeggiante. Attenzione solamente ad alcuni tratti costieri, esposti al vento. Stesso epilogo anche il giorno seguente, con l&#8217;arrivo di <strong>Beverley<\/strong> che tira leggermente verso l&#8217;alto, ma non creer\u00e0 problemi alle ruote veloci.<\/p>\n<p>Si presta a imboscate la quarta tappa. Tracciato nervoso da <strong>Helmsley<\/strong> a <strong>Leyburn<\/strong>, con tre GPM, due dei quali di prima categoria a met\u00e0 percorso. L&#8217;ultimo, verso <strong>Redmire<\/strong>, si concluder\u00e0 a 40 chilometri dalla conclusione. Da l\u00ec un continuo mangia e bevi fino al traguardo, con gli ultimi due chilometri che sono in salita, con punte anche al 7%. Sar\u00e0 la giornata in cui si decider\u00e0 verosimilmente la corsa, prima dello show conclusivo dei velocisti a <strong>Earlston<\/strong>.<\/p>\n<h2>Tappe Tour of Britain 2026<\/h2>\n<p>Tappa 1 (02\/09): Lincoln \u2013 Lincoln (182,5 km)<br \/>\nTappa 2 (03\/09): Boston \u2013 Skegness (180,2 km)<br \/>\nTappa 3 (04\/09): Hull \u2013 Beverley (194,1 km)<br \/>\nTappa 4 (05\/09): Helmsley \u2013 Leyburn (165,8 km)<br \/>\nTappa 5 (06\/09): Earlston \u2013 Earlston (156,1 km)<\/p>\n<h2>Favoriti Tour of Britain 2026<\/h2>\n<p>Percorso alla mano, i favoriti del Tour of Britain 2026 non possono che essere i puncheur in grado di fare la differenza sugli strappi pi\u00f9 duri. Risponde perfettamente a queste caratteristiche\u00a0<strong>Tim Wellens\u00a0<\/strong>(UAE Team Emirates &#8211; XRG), che si presenta al via dopo un Tour de France eroico al fianco di Pogacar. Il belga ha sicuramente le qualit\u00e0 per far saltare il banco sugli arrivi di Skegness e Leyburn, che sulla carta decideranno la classifica generale. Al suo fianco potr\u00e0 contare anche su <strong>Benoit Cosnefroy\u00a0<\/strong>(UAE Team Emirates &#8211; XRG), altro nome davvero interessante per la settimana britannica. Il francese finora ha sfruttato molto bene le poche occasioni avute a sua disposizione in questa stagione, nella quale ha gi\u00e0 raccolto quattro successi.<\/p>\n<p>A proposito di scattisti in salita, anche la Tudor Pro Cycling schiera al via due punte di alto livello come\u00a0<strong>Yannis Voisard\u00a0<\/strong>e\u00a0<strong>Rick Pluimers<\/strong>. Lo svizzero si \u00e8 messo in mostra in avvio di stagione con un bel successo di tappa all&#8217;AlUla Tour, mettendo in fila la concorrenza sulla Bir Jaydah Mountain Wirkah: forse predilige salite pi\u00f9 lunghe di quelle che trover\u00e0 in Gran Bretagna, ma di certo \u00e8 uno dei pochi che pu\u00f2 davvero pensare di creare dei distacchi nelle giornate pi\u00f9 difficili. Discorso opposto per il neerlandese, in gran spolvero alla Bretagne Classic di recente ma forse pi\u00f9 velocista puro che corridore da strappi. Insieme, comunque, i due possono costituire due punte molto interessanti per il successo finale.<\/p>\n<p>Per quanto il finale di un paio di tappe si adatti a un puncheur, non \u00e8 da escludere che un corridore da classiche un po&#8217; pi\u00f9 veloci possa riuscire a tenere duro, sfruttando le sue doti su strappi brevi. In questo caso, corridori come\u00a0<strong>Jasper Stuyven\u00a0<\/strong>(Soudal Quick-Step),\u00a0<strong>Florian Vermeersch <\/strong>(UAE Team Emirates &#8211; XRG), <strong>Matteo Trentin <\/strong>(Tudor Pro Cycling) e\u00a0<strong>Dylan Van Baarle\u00a0<\/strong>(Soudal Quick-Step) potrebbero riuscire a essere protagonisti, magari avvantaggiandosi anche nelle giornate sulla carta un pochino pi\u00f9 semplici.<\/p>\n<p>Per questo motivo resta difficile, ma non impossibile che anche qualche velocista o passista in grado di tenere su strappi brevi possa fare il colpaccio. In questa categoria possono rientrare uomini del calibro di\u00a0<strong>Cees Bol <\/strong>(Decathlon CMA CGM),\u00a0<strong>Lewis Askey\u00a0<\/strong>(NSN Cycling Team) e\u00a0<strong>Nils Politt\u00a0<\/strong>(UAE Team Emirates &#8211; XRG), che potrebbero fare davvero bene negli arrivi pianeggianti. \u00c8 un gradino questi corridori\u00a0<strong>Filippo Ganna\u00a0<\/strong>(Netcompany INEOS), una locomotiva in grado di fare una differenza importante quando guadagna qualche secondo sul gruppo. Il piemontese pu\u00f2 tenere anche nelle giornate pi\u00f9 impegnative? Non \u00e8 detto, ma se dovesse essere ancora davanti nel finale potrebbe sognare in grande.<\/p>\n<p>Attenzione infine ai corridori da classiche collinari, che hanno il potenziale per fare il colpaccio nelle tappe difficili. In questa lista devono entrare sicuramente\u00a0<strong>Ilan Van Wilder\u00a0<\/strong>(Soudal Quick-Step),\u00a0<strong>Mark Donovan <\/strong>(Pinarello Q36,5 Pro Cycling), il suo compagno di squadra <strong>Fabio Christen <\/strong>(Pinarello Q36,5 Pro Cycling), <strong>Alessandro Pinarello\u00a0<\/strong>(NSN Cycling Team) e\u00a0<strong>Felix Grosschartner\u00a0<\/strong>(UAE Team Emirates &#8211; XRG). L&#8217;italiano, in particolare, dovrebbe godere di una certa libert\u00e0 nella sua squadra: con la condizione mostrata in questa stagione, pu\u00f2 fare davvero bene. Il belga dal canto suo pu\u00f2 essere il puncheur giusto in una squadra di uomini da classiche e passisti, mentre l&#8217;austriaco pu\u00f2 sognare solo nel caso in cui non dovesse essere sacrificato alla causa di qualche compagno. Infine, tra gli outsider citiamo\u00a0<strong>Xandro Meurisse\u00a0<\/strong>(Pinarello Q36,5 Pro Cycling Team),\u00a0<strong>Ian Lopez\u00a0<\/strong>(Modern Adventure Pro Cycling) e il giovane\u00a0<strong>Elliot Rowe\u00a0<\/strong>(Gran Bretagna).<\/p>\n<h3>Borsino dei Favoriti Tour of Britain 2026<\/h3>\n<p><a href=\"https:\/\/cyclingpro.net\/spaziociclismo\/startlist\/tour-of-britain-2026-la-startlist\/\" target=\"_blank\" rel=\"noopener\">Clicca qui per la startlist<\/a><\/p>\n<p>***** Tim Wellens<br \/>\n**** Yannis Voisard, Jasper Stuyven<br \/>\n*** Benoit Cosnefroy, Filippo Ganna, Mark Donovan<br \/>\n** Ilan Van Wilder, Alessandro Pinarello, Rick Pluimers, Fabio Christen<br \/>\n* Felix Grosschartner, Florian Vermeersch, Matteo Trentin, Lewis Askey, Dylan Van Baarle<\/p>\n<h2>Cacciatori di Tappe Tour of Britain 2026<\/h2>\n<p>Ovviamente, molti dei corridori citati come favoriti per la classifica generale possono essere a buon diritto essere considerati anche tra i cacciatori di tappe per la corsa britannica. Nelle diverse volate in programma, la sfida sar\u00e0 probabilmente tra\u00a0<strong>Tim Merlier\u00a0<\/strong>(Soudal Quick-Step) e\u00a0<strong>Olav Kooij\u00a0<\/strong>(Decathlon CMA CGM), senza dubbio i due velocisti di punta di questa edizione. Proveranno a inserirsi a sorpresa\u00a0<strong>Sam Bennett\u00a0<\/strong>(Pinarello Q36,5 Pro Cycling Team), <strong>Ethan Vernon\u00a0<\/strong>(NSN Cycling Team),\u00a0<strong>Riley Pickrell\u00a0<\/strong>(Modern Adventure Pro Cycling) e\u00a0<strong>Sam Welsford\u00a0<\/strong>(Netcompany INEOS), tutti in grado di giocarsi un successo allo sprint.<\/p>\n<p>Come altri corridori a caccia di successi parziali citiamo giusto\u00a0<strong>Daan Hoole\u00a0<\/strong>(Decathlon CMA CGM),\u00a0<strong>Artem Schmidt\u00a0<\/strong>(Netcompany INEOS),\u00a0<strong>Samuel Florez\u00a0<\/strong>(Modern Adventure Pro Cycling),\u00a0<strong>Timothy Dupont\u00a0<\/strong>(Tartelletto &#8211; Isorex) e\u00a0<strong>Matthew Walls\u00a0<\/strong>(Team Storck &#8211; MRW Bau), che partono un po&#8217; pi\u00f9 sottotraccia ma possono provare a sorprendere se si presentasse un&#8217;occasione giusta per le loro rispettive caratteristiche.<\/p>\n<h2>Punti UCI Tour of Britain 2026<\/h2>\n<div class=\"table-is-responsive\">\n<div class=\"table-is-responsive\">\n<div class=\"table-is-responsive\">\n<div class=\"table-is-responsive\">\n<div class=\"table-is-responsive\">\n<div class=\"table-is-responsive\">\n<table style=\"width: 100%;\">\n<tbody>\n<tr>\n<td style=\"width: 33.5378%;\"><strong>POSIZIONE CLASSIFICA FINALE\u00a0<\/strong><\/td>\n<td style=\"width: 18.3027%;\"><strong>PUNTI UCI<\/strong><\/td>\n<td style=\"width: 28.8343%;\"><strong>POSIZIONE TAPPA SINGOLA<\/strong><\/td>\n<td style=\"width: 19.0184%;\"><strong>PUNTI UCI<\/strong><\/td>\n<\/tr>\n<tr>\n<td style=\"width: 33.5378%;\">1<\/td>\n<td style=\"width: 18.3027%;\">200<\/td>\n<td style=\"width: 28.8343%;\">1<\/td>\n<td style=\"width: 19.0184%;\">20<\/td>\n<\/tr>\n<tr>\n<td style=\"width: 33.5378%;\">2<\/td>\n<td style=\"width: 18.3027%;\">150<\/td>\n<td style=\"width: 28.8343%;\">2<\/td>\n<td style=\"width: 19.0184%;\">15<\/td>\n<\/tr>\n<tr>\n<td style=\"width: 33.5378%;\">3<\/td>\n<td style=\"width: 18.3027%;\">125<\/td>\n<td style=\"width: 28.8343%;\">3<\/td>\n<td style=\"width: 19.0184%;\">10<\/td>\n<\/tr>\n<tr>\n<td style=\"width: 33.5378%;\">4<\/td>\n<td style=\"width: 18.3027%;\">100<\/td>\n<td style=\"width: 28.8343%;\">4<\/td>\n<td style=\"width: 19.0184%;\">5<\/td>\n<\/tr>\n<tr>\n<td style=\"width: 33.5378%;\">5<\/td>\n<td style=\"width: 18.3027%;\">85<\/td>\n<td style=\"width: 28.8343%;\">5<\/td>\n<td style=\"width: 19.0184%;\">3<\/td>\n<\/tr>\n<tr>\n<td style=\"width: 33.5378%;\">6<\/td>\n<td style=\"width: 18.3027%;\">70<\/td>\n<td style=\"width: 28.8343%;\"><\/td>\n<td style=\"width: 19.0184%;\"><\/td>\n<\/tr>\n<tr>\n<td style=\"width: 33.5378%;\">7<\/td>\n<td style=\"width: 18.3027%;\">60<\/td>\n<td style=\"width: 28.8343%;\"><\/td>\n<td style=\"width: 19.0184%;\"><\/td>\n<\/tr>\n<tr>\n<td style=\"width: 33.5378%;\">8<\/td>\n<td style=\"width: 18.3027%;\">60<\/td>\n<td style=\"width: 28.8343%;\"><\/td>\n<td style=\"width: 19.0184%;\"><\/td>\n<\/tr>\n<tr>\n<td style=\"width: 33.5378%;\">9<\/td>\n<td style=\"width: 18.3027%;\">40<\/td>\n<td style=\"width: 28.8343%;\"><\/td>\n<td style=\"width: 19.0184%;\"><\/td>\n<\/tr>\n<tr>\n<td style=\"width: 33.5378%;\">10<\/td>\n<td style=\"width: 18.3027%;\">35<\/td>\n<td style=\"width: 28.8343%;\"><\/td>\n<td style=\"width: 19.0184%;\"><\/td>\n<\/tr>\n<tr>\n<td style=\"width: 33.5378%;\">11<\/td>\n<td style=\"width: 18.3027%;\">30<\/td>\n<td style=\"width: 28.8343%;\"><\/td>\n<td style=\"width: 19.0184%;\"><\/td>\n<\/tr>\n<tr>\n<td style=\"width: 33.5378%;\">12<\/td>\n<td style=\"width: 18.3027%;\">25<\/td>\n<td style=\"width: 28.8343%;\"><\/td>\n<td style=\"width: 19.0184%;\"><\/td>\n<\/tr>\n<tr>\n<td style=\"width: 33.5378%;\">13<\/td>\n<td style=\"width: 18.3027%;\">20<\/td>\n<td style=\"width: 28.8343%;\"><\/td>\n<td style=\"width: 19.0184%;\"><\/td>\n<\/tr>\n<tr>\n<td style=\"width: 33.5378%;\">14<\/td>\n<td style=\"width: 18.3027%;\">15<\/td>\n<td style=\"width: 28.8343%;\"><\/td>\n<td style=\"width: 19.0184%;\"><\/td>\n<\/tr>\n<tr>\n<td style=\"width: 33.5378%;\">15<\/td>\n<td style=\"width: 18.3027%;\">10<\/td>\n<td style=\"width: 28.8343%;\"><\/td>\n<td style=\"width: 19.0184%;\"><\/td>\n<\/tr>\n<tr>\n<td style=\"width: 33.5378%;\">16-30<\/td>\n<td style=\"width: 18.3027%;\">5<\/td>\n<td style=\"width: 28.8343%;\"><\/td>\n<td style=\"width: 19.0184%;\"><\/td>\n<\/tr>\n<tr>\n<td style=\"width: 33.5378%;\">31-40<\/td>\n<td style=\"width: 18.3027%;\">3<\/td>\n<td style=\"width: 28.8343%;\"><\/td>\n<td style=\"width: 19.0184%;\"><\/td>\n<\/tr>\n<\/tbody>\n<\/table>\n<\/div>\n<\/div>\n<\/div>\n<\/div>\n<\/div>\n<\/div>\n<h2>Altimetrie e Planimetrie Tour of Britain 2026<\/h2>\n<div id='gallery-1' class='gallery galleryid-393142 gallery-columns-5 gallery-size-full'><figure class='gallery-item'>\n\t\t\t<div class='gallery-icon landscape'>\n\t\t\t\t<a href='https:\/\/cyclingpro.net\/spaziociclismo\/wp-content\/uploads\/2026\/06\/Tour-of-Britain-2026-Tappa-1-Altimetria.jpg'><img loading=\"lazy\" decoding=\"async\" width=\"1600\" height=\"650\" src=\"https:\/\/cyclingpro.net\/spaziociclismo\/wp-content\/uploads\/2026\/06\/Tour-of-Britain-2026-Tappa-1-Altimetria.jpg\" class=\"attachment-full size-full\" alt=\"\" srcset=\"https:\/\/cyclingpro.net\/spaziociclismo\/wp-content\/uploads\/2026\/06\/Tour-of-Britain-2026-Tappa-1-Altimetria.jpg 1600w, https:\/\/cyclingpro.net\/spaziociclismo\/wp-content\/uploads\/2026\/06\/Tour-of-Britain-2026-Tappa-1-Altimetria-300x122.jpg 300w, https:\/\/cyclingpro.net\/spaziociclismo\/wp-content\/uploads\/2026\/06\/Tour-of-Britain-2026-Tappa-1-Altimetria-1024x416.jpg 1024w, https:\/\/cyclingpro.net\/spaziociclismo\/wp-content\/uploads\/2026\/06\/Tour-of-Britain-2026-Tappa-1-Altimetria-150x61.jpg 150w, https:\/\/cyclingpro.net\/spaziociclismo\/wp-content\/uploads\/2026\/06\/Tour-of-Britain-2026-Tappa-1-Altimetria-768x312.jpg 768w, https:\/\/cyclingpro.net\/spaziociclismo\/wp-content\/uploads\/2026\/06\/Tour-of-Britain-2026-Tappa-1-Altimetria-1536x624.jpg 1536w, https:\/\/cyclingpro.net\/spaziociclismo\/wp-content\/uploads\/2026\/06\/Tour-of-Britain-2026-Tappa-1-Altimetria-1320x536.jpg 1320w\" sizes=\"auto, (max-width: 1600px) 100vw, 1600px\" \/><\/a>\n\t\t\t<\/div><\/figure><figure class='gallery-item'>\n\t\t\t<div class='gallery-icon landscape'>\n\t\t\t\t<a href='https:\/\/cyclingpro.net\/spaziociclismo\/wp-content\/uploads\/2026\/06\/Tour-of-Britain-2026-Tappa-2-Altimetria.jpg'><img loading=\"lazy\" decoding=\"async\" width=\"1600\" height=\"650\" src=\"https:\/\/cyclingpro.net\/spaziociclismo\/wp-content\/uploads\/2026\/06\/Tour-of-Britain-2026-Tappa-2-Altimetria.jpg\" class=\"attachment-full size-full\" alt=\"\" srcset=\"https:\/\/cyclingpro.net\/spaziociclismo\/wp-content\/uploads\/2026\/06\/Tour-of-Britain-2026-Tappa-2-Altimetria.jpg 1600w, https:\/\/cyclingpro.net\/spaziociclismo\/wp-content\/uploads\/2026\/06\/Tour-of-Britain-2026-Tappa-2-Altimetria-300x122.jpg 300w, https:\/\/cyclingpro.net\/spaziociclismo\/wp-content\/uploads\/2026\/06\/Tour-of-Britain-2026-Tappa-2-Altimetria-1024x416.jpg 1024w, https:\/\/cyclingpro.net\/spaziociclismo\/wp-content\/uploads\/2026\/06\/Tour-of-Britain-2026-Tappa-2-Altimetria-150x61.jpg 150w, https:\/\/cyclingpro.net\/spaziociclismo\/wp-content\/uploads\/2026\/06\/Tour-of-Britain-2026-Tappa-2-Altimetria-768x312.jpg 768w, https:\/\/cyclingpro.net\/spaziociclismo\/wp-content\/uploads\/2026\/06\/Tour-of-Britain-2026-Tappa-2-Altimetria-1536x624.jpg 1536w, https:\/\/cyclingpro.net\/spaziociclismo\/wp-content\/uploads\/2026\/06\/Tour-of-Britain-2026-Tappa-2-Altimetria-1320x536.jpg 1320w\" sizes=\"auto, (max-width: 1600px) 100vw, 1600px\" \/><\/a>\n\t\t\t<\/div><\/figure><figure class='gallery-item'>\n\t\t\t<div class='gallery-icon landscape'>\n\t\t\t\t<a href='https:\/\/cyclingpro.net\/spaziociclismo\/wp-content\/uploads\/2026\/06\/Tour-of-Britain-2026-Tappa-3-Altimetria.jpg'><img loading=\"lazy\" decoding=\"async\" width=\"1600\" height=\"650\" src=\"https:\/\/cyclingpro.net\/spaziociclismo\/wp-content\/uploads\/2026\/06\/Tour-of-Britain-2026-Tappa-3-Altimetria.jpg\" class=\"attachment-full size-full\" alt=\"\" srcset=\"https:\/\/cyclingpro.net\/spaziociclismo\/wp-content\/uploads\/2026\/06\/Tour-of-Britain-2026-Tappa-3-Altimetria.jpg 1600w, https:\/\/cyclingpro.net\/spaziociclismo\/wp-content\/uploads\/2026\/06\/Tour-of-Britain-2026-Tappa-3-Altimetria-300x122.jpg 300w, https:\/\/cyclingpro.net\/spaziociclismo\/wp-content\/uploads\/2026\/06\/Tour-of-Britain-2026-Tappa-3-Altimetria-1024x416.jpg 1024w, https:\/\/cyclingpro.net\/spaziociclismo\/wp-content\/uploads\/2026\/06\/Tour-of-Britain-2026-Tappa-3-Altimetria-150x61.jpg 150w, https:\/\/cyclingpro.net\/spaziociclismo\/wp-content\/uploads\/2026\/06\/Tour-of-Britain-2026-Tappa-3-Altimetria-768x312.jpg 768w, https:\/\/cyclingpro.net\/spaziociclismo\/wp-content\/uploads\/2026\/06\/Tour-of-Britain-2026-Tappa-3-Altimetria-1536x624.jpg 1536w, https:\/\/cyclingpro.net\/spaziociclismo\/wp-content\/uploads\/2026\/06\/Tour-of-Britain-2026-Tappa-3-Altimetria-1320x536.jpg 1320w\" sizes=\"auto, (max-width: 1600px) 100vw, 1600px\" \/><\/a>\n\t\t\t<\/div><\/figure><figure class='gallery-item'>\n\t\t\t<div class='gallery-icon landscape'>\n\t\t\t\t<a href='https:\/\/cyclingpro.net\/spaziociclismo\/wp-content\/uploads\/2026\/06\/Tour-of-Britain-2026-Tappa-4-Altimetria.jpg'><img loading=\"lazy\" decoding=\"async\" width=\"1600\" height=\"700\" src=\"https:\/\/cyclingpro.net\/spaziociclismo\/wp-content\/uploads\/2026\/06\/Tour-of-Britain-2026-Tappa-4-Altimetria.jpg\" class=\"attachment-full size-full\" alt=\"\" srcset=\"https:\/\/cyclingpro.net\/spaziociclismo\/wp-content\/uploads\/2026\/06\/Tour-of-Britain-2026-Tappa-4-Altimetria.jpg 1600w, https:\/\/cyclingpro.net\/spaziociclismo\/wp-content\/uploads\/2026\/06\/Tour-of-Britain-2026-Tappa-4-Altimetria-300x131.jpg 300w, https:\/\/cyclingpro.net\/spaziociclismo\/wp-content\/uploads\/2026\/06\/Tour-of-Britain-2026-Tappa-4-Altimetria-1024x448.jpg 1024w, https:\/\/cyclingpro.net\/spaziociclismo\/wp-content\/uploads\/2026\/06\/Tour-of-Britain-2026-Tappa-4-Altimetria-150x66.jpg 150w, https:\/\/cyclingpro.net\/spaziociclismo\/wp-content\/uploads\/2026\/06\/Tour-of-Britain-2026-Tappa-4-Altimetria-768x336.jpg 768w, https:\/\/cyclingpro.net\/spaziociclismo\/wp-content\/uploads\/2026\/06\/Tour-of-Britain-2026-Tappa-4-Altimetria-1536x672.jpg 1536w, https:\/\/cyclingpro.net\/spaziociclismo\/wp-content\/uploads\/2026\/06\/Tour-of-Britain-2026-Tappa-4-Altimetria-1320x578.jpg 1320w\" sizes=\"auto, (max-width: 1600px) 100vw, 1600px\" \/><\/a>\n\t\t\t<\/div><\/figure><figure class='gallery-item'>\n\t\t\t<div class='gallery-icon landscape'>\n\t\t\t\t<a href='https:\/\/cyclingpro.net\/spaziociclismo\/wp-content\/uploads\/2026\/06\/Tour-of-Britain-2026-Tappa-5-Altimetria.jpg'><img loading=\"lazy\" decoding=\"async\" width=\"1600\" height=\"700\" src=\"https:\/\/cyclingpro.net\/spaziociclismo\/wp-content\/uploads\/2026\/06\/Tour-of-Britain-2026-Tappa-5-Altimetria.jpg\" class=\"attachment-full size-full\" alt=\"\" srcset=\"https:\/\/cyclingpro.net\/spaziociclismo\/wp-content\/uploads\/2026\/06\/Tour-of-Britain-2026-Tappa-5-Altimetria.jpg 1600w, https:\/\/cyclingpro.net\/spaziociclismo\/wp-content\/uploads\/2026\/06\/Tour-of-Britain-2026-Tappa-5-Altimetria-300x131.jpg 300w, https:\/\/cyclingpro.net\/spaziociclismo\/wp-content\/uploads\/2026\/06\/Tour-of-Britain-2026-Tappa-5-Altimetria-1024x448.jpg 1024w, https:\/\/cyclingpro.net\/spaziociclismo\/wp-content\/uploads\/2026\/06\/Tour-of-Britain-2026-Tappa-5-Altimetria-150x66.jpg 150w, https:\/\/cyclingpro.net\/spaziociclismo\/wp-content\/uploads\/2026\/06\/Tour-of-Britain-2026-Tappa-5-Altimetria-768x336.jpg 768w, https:\/\/cyclingpro.net\/spaziociclismo\/wp-content\/uploads\/2026\/06\/Tour-of-Britain-2026-Tappa-5-Altimetria-1536x672.jpg 1536w, https:\/\/cyclingpro.net\/spaziociclismo\/wp-content\/uploads\/2026\/06\/Tour-of-Britain-2026-Tappa-5-Altimetria-1320x578.jpg 1320w\" sizes=\"auto, (max-width: 1600px) 100vw, 1600px\" \/><\/a>\n\t\t\t<\/div><\/figure><figure class='gallery-item'>\n\t\t\t<div class='gallery-icon landscape'>\n\t\t\t\t<a href='https:\/\/cyclingpro.net\/spaziociclismo\/wp-content\/uploads\/2026\/06\/Tour-of-Britain-2026-Tappa-1-Planimetria.jpg'><img loading=\"lazy\" decoding=\"async\" width=\"1600\" height=\"1054\" src=\"https:\/\/cyclingpro.net\/spaziociclismo\/wp-content\/uploads\/2026\/06\/Tour-of-Britain-2026-Tappa-1-Planimetria.jpg\" class=\"attachment-full size-full\" alt=\"\" srcset=\"https:\/\/cyclingpro.net\/spaziociclismo\/wp-content\/uploads\/2026\/06\/Tour-of-Britain-2026-Tappa-1-Planimetria.jpg 1600w, https:\/\/cyclingpro.net\/spaziociclismo\/wp-content\/uploads\/2026\/06\/Tour-of-Britain-2026-Tappa-1-Planimetria-300x198.jpg 300w, https:\/\/cyclingpro.net\/spaziociclismo\/wp-content\/uploads\/2026\/06\/Tour-of-Britain-2026-Tappa-1-Planimetria-1024x675.jpg 1024w, https:\/\/cyclingpro.net\/spaziociclismo\/wp-content\/uploads\/2026\/06\/Tour-of-Britain-2026-Tappa-1-Planimetria-150x99.jpg 150w, https:\/\/cyclingpro.net\/spaziociclismo\/wp-content\/uploads\/2026\/06\/Tour-of-Britain-2026-Tappa-1-Planimetria-768x506.jpg 768w, https:\/\/cyclingpro.net\/spaziociclismo\/wp-content\/uploads\/2026\/06\/Tour-of-Britain-2026-Tappa-1-Planimetria-1536x1012.jpg 1536w, https:\/\/cyclingpro.net\/spaziociclismo\/wp-content\/uploads\/2026\/06\/Tour-of-Britain-2026-Tappa-1-Planimetria-1320x870.jpg 1320w\" sizes=\"auto, (max-width: 1600px) 100vw, 1600px\" \/><\/a>\n\t\t\t<\/div><\/figure><figure class='gallery-item'>\n\t\t\t<div class='gallery-icon landscape'>\n\t\t\t\t<a href='https:\/\/cyclingpro.net\/spaziociclismo\/wp-content\/uploads\/2026\/06\/Tour-of-Britain-2026-Tappa-2-Planimetria.jpg'><img loading=\"lazy\" decoding=\"async\" width=\"1600\" height=\"1072\" src=\"https:\/\/cyclingpro.net\/spaziociclismo\/wp-content\/uploads\/2026\/06\/Tour-of-Britain-2026-Tappa-2-Planimetria.jpg\" class=\"attachment-full size-full\" alt=\"\" srcset=\"https:\/\/cyclingpro.net\/spaziociclismo\/wp-content\/uploads\/2026\/06\/Tour-of-Britain-2026-Tappa-2-Planimetria.jpg 1600w, https:\/\/cyclingpro.net\/spaziociclismo\/wp-content\/uploads\/2026\/06\/Tour-of-Britain-2026-Tappa-2-Planimetria-300x201.jpg 300w, https:\/\/cyclingpro.net\/spaziociclismo\/wp-content\/uploads\/2026\/06\/Tour-of-Britain-2026-Tappa-2-Planimetria-1024x686.jpg 1024w, https:\/\/cyclingpro.net\/spaziociclismo\/wp-content\/uploads\/2026\/06\/Tour-of-Britain-2026-Tappa-2-Planimetria-150x101.jpg 150w, https:\/\/cyclingpro.net\/spaziociclismo\/wp-content\/uploads\/2026\/06\/Tour-of-Britain-2026-Tappa-2-Planimetria-768x515.jpg 768w, https:\/\/cyclingpro.net\/spaziociclismo\/wp-content\/uploads\/2026\/06\/Tour-of-Britain-2026-Tappa-2-Planimetria-1536x1029.jpg 1536w, https:\/\/cyclingpro.net\/spaziociclismo\/wp-content\/uploads\/2026\/06\/Tour-of-Britain-2026-Tappa-2-Planimetria-1320x884.jpg 1320w\" sizes=\"auto, (max-width: 1600px) 100vw, 1600px\" \/><\/a>\n\t\t\t<\/div><\/figure><figure class='gallery-item'>\n\t\t\t<div class='gallery-icon landscape'>\n\t\t\t\t<a href='https:\/\/cyclingpro.net\/spaziociclismo\/wp-content\/uploads\/2026\/06\/Tour-of-Britain-2026-Tappa-3-Planimetria.jpg'><img loading=\"lazy\" decoding=\"async\" width=\"1600\" height=\"1064\" src=\"https:\/\/cyclingpro.net\/spaziociclismo\/wp-content\/uploads\/2026\/06\/Tour-of-Britain-2026-Tappa-3-Planimetria.jpg\" class=\"attachment-full size-full\" alt=\"\" srcset=\"https:\/\/cyclingpro.net\/spaziociclismo\/wp-content\/uploads\/2026\/06\/Tour-of-Britain-2026-Tappa-3-Planimetria.jpg 1600w, https:\/\/cyclingpro.net\/spaziociclismo\/wp-content\/uploads\/2026\/06\/Tour-of-Britain-2026-Tappa-3-Planimetria-300x200.jpg 300w, https:\/\/cyclingpro.net\/spaziociclismo\/wp-content\/uploads\/2026\/06\/Tour-of-Britain-2026-Tappa-3-Planimetria-1024x681.jpg 1024w, https:\/\/cyclingpro.net\/spaziociclismo\/wp-content\/uploads\/2026\/06\/Tour-of-Britain-2026-Tappa-3-Planimetria-150x100.jpg 150w, https:\/\/cyclingpro.net\/spaziociclismo\/wp-content\/uploads\/2026\/06\/Tour-of-Britain-2026-Tappa-3-Planimetria-768x511.jpg 768w, https:\/\/cyclingpro.net\/spaziociclismo\/wp-content\/uploads\/2026\/06\/Tour-of-Britain-2026-Tappa-3-Planimetria-1536x1021.jpg 1536w, https:\/\/cyclingpro.net\/spaziociclismo\/wp-content\/uploads\/2026\/06\/Tour-of-Britain-2026-Tappa-3-Planimetria-1320x878.jpg 1320w\" sizes=\"auto, (max-width: 1600px) 100vw, 1600px\" \/><\/a>\n\t\t\t<\/div><\/figure><figure class='gallery-item'>\n\t\t\t<div class='gallery-icon landscape'>\n\t\t\t\t<a href='https:\/\/cyclingpro.net\/spaziociclismo\/wp-content\/uploads\/2026\/06\/Tour-of-Britain-2026-Tappa-4-Planimetria.jpg'><img loading=\"lazy\" decoding=\"async\" width=\"1600\" height=\"1040\" src=\"https:\/\/cyclingpro.net\/spaziociclismo\/wp-content\/uploads\/2026\/06\/Tour-of-Britain-2026-Tappa-4-Planimetria.jpg\" class=\"attachment-full size-full\" alt=\"\" srcset=\"https:\/\/cyclingpro.net\/spaziociclismo\/wp-content\/uploads\/2026\/06\/Tour-of-Britain-2026-Tappa-4-Planimetria.jpg 1600w, https:\/\/cyclingpro.net\/spaziociclismo\/wp-content\/uploads\/2026\/06\/Tour-of-Britain-2026-Tappa-4-Planimetria-300x195.jpg 300w, https:\/\/cyclingpro.net\/spaziociclismo\/wp-content\/uploads\/2026\/06\/Tour-of-Britain-2026-Tappa-4-Planimetria-1024x666.jpg 1024w, https:\/\/cyclingpro.net\/spaziociclismo\/wp-content\/uploads\/2026\/06\/Tour-of-Britain-2026-Tappa-4-Planimetria-150x98.jpg 150w, https:\/\/cyclingpro.net\/spaziociclismo\/wp-content\/uploads\/2026\/06\/Tour-of-Britain-2026-Tappa-4-Planimetria-768x499.jpg 768w, https:\/\/cyclingpro.net\/spaziociclismo\/wp-content\/uploads\/2026\/06\/Tour-of-Britain-2026-Tappa-4-Planimetria-1536x998.jpg 1536w, https:\/\/cyclingpro.net\/spaziociclismo\/wp-content\/uploads\/2026\/06\/Tour-of-Britain-2026-Tappa-4-Planimetria-1320x858.jpg 1320w\" sizes=\"auto, (max-width: 1600px) 100vw, 1600px\" \/><\/a>\n\t\t\t<\/div><\/figure><figure class='gallery-item'>\n\t\t\t<div class='gallery-icon landscape'>\n\t\t\t\t<a href='https:\/\/cyclingpro.net\/spaziociclismo\/wp-content\/uploads\/2026\/06\/Tour-of-Britain-2026-Tappa-5-Planimetria.jpg'><img loading=\"lazy\" decoding=\"async\" width=\"1600\" height=\"1064\" src=\"https:\/\/cyclingpro.net\/spaziociclismo\/wp-content\/uploads\/2026\/06\/Tour-of-Britain-2026-Tappa-5-Planimetria.jpg\" class=\"attachment-full size-full\" alt=\"\" srcset=\"https:\/\/cyclingpro.net\/spaziociclismo\/wp-content\/uploads\/2026\/06\/Tour-of-Britain-2026-Tappa-5-Planimetria.jpg 1600w, https:\/\/cyclingpro.net\/spaziociclismo\/wp-content\/uploads\/2026\/06\/Tour-of-Britain-2026-Tappa-5-Planimetria-300x200.jpg 300w, https:\/\/cyclingpro.net\/spaziociclismo\/wp-content\/uploads\/2026\/06\/Tour-of-Britain-2026-Tappa-5-Planimetria-1024x681.jpg 1024w, https:\/\/cyclingpro.net\/spaziociclismo\/wp-content\/uploads\/2026\/06\/Tour-of-Britain-2026-Tappa-5-Planimetria-150x100.jpg 150w, https:\/\/cyclingpro.net\/spaziociclismo\/wp-content\/uploads\/2026\/06\/Tour-of-Britain-2026-Tappa-5-Planimetria-768x511.jpg 768w, https:\/\/cyclingpro.net\/spaziociclismo\/wp-content\/uploads\/2026\/06\/Tour-of-Britain-2026-Tappa-5-Planimetria-1536x1021.jpg 1536w, https:\/\/cyclingpro.net\/spaziociclismo\/wp-content\/uploads\/2026\/06\/Tour-of-Britain-2026-Tappa-5-Planimetria-1320x878.jpg 1320w\" sizes=\"auto, (max-width: 1600px) 100vw, 1600px\" \/><\/a>\n\t\t\t<\/div><\/figure>\n\t\t<\/div>\n\n","protected":false},"excerpt":{"rendered":"<p>Domani scatta il #TourofBritain: scopriamo insieme il percorso e i favoriti<\/p>\n","protected":false},"author":4,"featured_media":346978,"comment_status":"open","ping_status":"closed","sticky":false,"template":"","format":"standard","meta":{"footnotes":"","_members_access_role":[],"_members_access_error":""},"categories":[6,14,21],"tags":[7110],"class_list":["post-393142","post","type-post","status-publish","format-standard","has-post-thumbnail","hentry","category-continental","category-presentazione-corse","category-vetrina","tag-tour-of-britain-2026"],"yoast_head":"<!-- This site is optimized with the Yoast SEO plugin v28.3 - https:\/\/yoast.com\/product\/yoast-seo-wordpress\/ -->\n<title>Presentazione Percorso e Favoriti Tour of Britain 2026 - SpazioCiclismo<\/title>\n<meta name=\"robots\" content=\"index, follow, max-snippet:-1, max-image-preview:large, max-video-preview:-1\" \/>\n<link rel=\"canonical\" href=\"https:\/\/cyclingpro.net\/spaziociclismo\/presentazione-corse\/presentazione-percorso-e-favoriti-tour-of-britain-2026\/\" \/>\n<meta property=\"og:locale\" content=\"it_IT\" \/>\n<meta property=\"og:type\" content=\"article\" \/>\n<meta property=\"og:title\" content=\"Presentazione Percorso e Favoriti Tour of Britain 2026 - SpazioCiclismo\" \/>\n<meta property=\"og:description\" content=\"Domani scatta il #TourofBritain: scopriamo insieme il percorso e i favoriti\" \/>\n<meta property=\"og:url\" content=\"https:\/\/cyclingpro.net\/spaziociclismo\/presentazione-corse\/presentazione-percorso-e-favoriti-tour-of-britain-2026\/\" \/>\n<meta property=\"og:site_name\" content=\"SpazioCiclismo\" \/>\n<meta property=\"article:publisher\" content=\"https:\/\/www.facebook.com\/SpazioCiclismo\/\" \/>\n<meta property=\"article:published_time\" content=\"2026-09-01T18:30:22+00:00\" \/>\n<meta property=\"og:image\" content=\"https:\/\/cyclingpro.net\/spaziociclismo\/wp-content\/uploads\/2025\/09\/Remco-Evenepoel-Tour-of-Britain-2025.webp\" \/>\n\t<meta property=\"og:image:width\" content=\"1200\" \/>\n\t<meta property=\"og:image:height\" content=\"679\" \/>\n\t<meta property=\"og:image:type\" content=\"image\/webp\" \/>\n<meta name=\"author\" content=\"Luca Pellegrini\" \/>\n<meta name=\"twitter:card\" content=\"summary_large_image\" \/>\n<meta name=\"twitter:creator\" content=\"@spaziociclismo\" \/>\n<meta name=\"twitter:site\" content=\"@spaziociclismo\" \/>\n<meta name=\"twitter:label1\" content=\"Scritto da\" \/>\n\t<meta name=\"twitter:data1\" content=\"Luca Pellegrini\" \/>\n\t<meta name=\"twitter:label2\" content=\"Tempo di lettura stimato\" \/>\n\t<meta name=\"twitter:data2\" content=\"7 minuti\" \/>\n<script type=\"application\/ld+json\" class=\"yoast-schema-graph\">{\"@context\":\"https:\\\/\\\/schema.org\",\"@graph\":[{\"@type\":\"Article\",\"@id\":\"https:\\\/\\\/cyclingpro.net\\\/spaziociclismo\\\/presentazione-corse\\\/presentazione-percorso-e-favoriti-tour-of-britain-2026\\\/#article\",\"isPartOf\":{\"@id\":\"https:\\\/\\\/cyclingpro.net\\\/spaziociclismo\\\/presentazione-corse\\\/presentazione-percorso-e-favoriti-tour-of-britain-2026\\\/\"},\"author\":{\"name\":\"Luca Pellegrini\",\"@id\":\"https:\\\/\\\/cyclingpro.net\\\/spaziociclismo\\\/#\\\/schema\\\/person\\\/dba3a57e86bb6baefba5acbf905f8801\"},\"headline\":\"Presentazione Percorso e Favoriti Tour of Britain 2026\",\"datePublished\":\"2026-09-01T18:30:22+00:00\",\"mainEntityOfPage\":{\"@id\":\"https:\\\/\\\/cyclingpro.net\\\/spaziociclismo\\\/presentazione-corse\\\/presentazione-percorso-e-favoriti-tour-of-britain-2026\\\/\"},\"wordCount\":1199,\"commentCount\":0,\"publisher\":{\"@id\":\"https:\\\/\\\/cyclingpro.net\\\/spaziociclismo\\\/#organization\"},\"image\":{\"@id\":\"https:\\\/\\\/cyclingpro.net\\\/spaziociclismo\\\/presentazione-corse\\\/presentazione-percorso-e-favoriti-tour-of-britain-2026\\\/#primaryimage\"},\"thumbnailUrl\":\"https:\\\/\\\/cyclingpro.net\\\/spaziociclismo\\\/wp-content\\\/uploads\\\/2025\\\/09\\\/Remco-Evenepoel-Tour-of-Britain-2025.webp\",\"keywords\":[\"Tour of Britain 2026\"],\"articleSection\":[\"Continental\",\"Presentazione Corse\",\"Vetrina\"],\"inLanguage\":\"it-IT\",\"potentialAction\":[{\"@type\":\"CommentAction\",\"name\":\"Comment\",\"target\":[\"https:\\\/\\\/cyclingpro.net\\\/spaziociclismo\\\/presentazione-corse\\\/presentazione-percorso-e-favoriti-tour-of-britain-2026\\\/#respond\"]}]},{\"@type\":\"WebPage\",\"@id\":\"https:\\\/\\\/cyclingpro.net\\\/spaziociclismo\\\/presentazione-corse\\\/presentazione-percorso-e-favoriti-tour-of-britain-2026\\\/\",\"url\":\"https:\\\/\\\/cyclingpro.net\\\/spaziociclismo\\\/presentazione-corse\\\/presentazione-percorso-e-favoriti-tour-of-britain-2026\\\/\",\"name\":\"Presentazione Percorso e Favoriti Tour of Britain 2026 - SpazioCiclismo\",\"isPartOf\":{\"@id\":\"https:\\\/\\\/cyclingpro.net\\\/spaziociclismo\\\/#website\"},\"primaryImageOfPage\":{\"@id\":\"https:\\\/\\\/cyclingpro.net\\\/spaziociclismo\\\/presentazione-corse\\\/presentazione-percorso-e-favoriti-tour-of-britain-2026\\\/#primaryimage\"},\"image\":{\"@id\":\"https:\\\/\\\/cyclingpro.net\\\/spaziociclismo\\\/presentazione-corse\\\/presentazione-percorso-e-favoriti-tour-of-britain-2026\\\/#primaryimage\"},\"thumbnailUrl\":\"https:\\\/\\\/cyclingpro.net\\\/spaziociclismo\\\/wp-content\\\/uploads\\\/2025\\\/09\\\/Remco-Evenepoel-Tour-of-Britain-2025.webp\",\"datePublished\":\"2026-09-01T18:30:22+00:00\",\"breadcrumb\":{\"@id\":\"https:\\\/\\\/cyclingpro.net\\\/spaziociclismo\\\/presentazione-corse\\\/presentazione-percorso-e-favoriti-tour-of-britain-2026\\\/#breadcrumb\"},\"inLanguage\":\"it-IT\",\"potentialAction\":[{\"@type\":\"ReadAction\",\"target\":[\"https:\\\/\\\/cyclingpro.net\\\/spaziociclismo\\\/presentazione-corse\\\/presentazione-percorso-e-favoriti-tour-of-britain-2026\\\/\"]}]},{\"@type\":\"ImageObject\",\"inLanguage\":\"it-IT\",\"@id\":\"https:\\\/\\\/cyclingpro.net\\\/spaziociclismo\\\/presentazione-corse\\\/presentazione-percorso-e-favoriti-tour-of-britain-2026\\\/#primaryimage\",\"url\":\"https:\\\/\\\/cyclingpro.net\\\/spaziociclismo\\\/wp-content\\\/uploads\\\/2025\\\/09\\\/Remco-Evenepoel-Tour-of-Britain-2025.webp\",\"contentUrl\":\"https:\\\/\\\/cyclingpro.net\\\/spaziociclismo\\\/wp-content\\\/uploads\\\/2025\\\/09\\\/Remco-Evenepoel-Tour-of-Britain-2025.webp\",\"width\":1200,\"height\":679,\"caption\":\"\u00a9 Getty Sport\"},{\"@type\":\"BreadcrumbList\",\"@id\":\"https:\\\/\\\/cyclingpro.net\\\/spaziociclismo\\\/presentazione-corse\\\/presentazione-percorso-e-favoriti-tour-of-britain-2026\\\/#breadcrumb\",\"itemListElement\":[{\"@type\":\"ListItem\",\"position\":1,\"name\":\"Home\",\"item\":\"https:\\\/\\\/cyclingpro.net\\\/spaziociclismo\\\/\"},{\"@type\":\"ListItem\",\"position\":2,\"name\":\"Presentazione Percorso e Favoriti Tour of Britain 2026\"}]},{\"@type\":\"WebSite\",\"@id\":\"https:\\\/\\\/cyclingpro.net\\\/spaziociclismo\\\/#website\",\"url\":\"https:\\\/\\\/cyclingpro.net\\\/spaziociclismo\\\/\",\"name\":\"SpazioCiclismo\",\"description\":\"Tutto il ciclismo minuto per minuto\",\"publisher\":{\"@id\":\"https:\\\/\\\/cyclingpro.net\\\/spaziociclismo\\\/#organization\"},\"potentialAction\":[{\"@type\":\"SearchAction\",\"target\":{\"@type\":\"EntryPoint\",\"urlTemplate\":\"https:\\\/\\\/cyclingpro.net\\\/spaziociclismo\\\/?s={search_term_string}\"},\"query-input\":{\"@type\":\"PropertyValueSpecification\",\"valueRequired\":true,\"valueName\":\"search_term_string\"}}],\"inLanguage\":\"it-IT\"},{\"@type\":\"Organization\",\"@id\":\"https:\\\/\\\/cyclingpro.net\\\/spaziociclismo\\\/#organization\",\"name\":\"SpazioCiclismo\",\"url\":\"https:\\\/\\\/cyclingpro.net\\\/spaziociclismo\\\/\",\"logo\":{\"@type\":\"ImageObject\",\"inLanguage\":\"it-IT\",\"@id\":\"https:\\\/\\\/cyclingpro.net\\\/spaziociclismo\\\/#\\\/schema\\\/logo\\\/image\\\/\",\"url\":\"https:\\\/\\\/cyclingpro.net\\\/spaziociclismo\\\/wp-content\\\/uploads\\\/2017\\\/02\\\/SpazioCiclismo-Logo-Quadrato.png\",\"contentUrl\":\"https:\\\/\\\/cyclingpro.net\\\/spaziociclismo\\\/wp-content\\\/uploads\\\/2017\\\/02\\\/SpazioCiclismo-Logo-Quadrato.png\",\"width\":450,\"height\":450,\"caption\":\"SpazioCiclismo\"},\"image\":{\"@id\":\"https:\\\/\\\/cyclingpro.net\\\/spaziociclismo\\\/#\\\/schema\\\/logo\\\/image\\\/\"},\"sameAs\":[\"https:\\\/\\\/www.facebook.com\\\/SpazioCiclismo\\\/\",\"https:\\\/\\\/x.com\\\/spaziociclismo\",\"https:\\\/\\\/www.instagram.com\\\/spaziociclismo\\\/\"]},{\"@type\":\"Person\",\"@id\":\"https:\\\/\\\/cyclingpro.net\\\/spaziociclismo\\\/#\\\/schema\\\/person\\\/dba3a57e86bb6baefba5acbf905f8801\",\"name\":\"Luca Pellegrini\",\"image\":{\"@type\":\"ImageObject\",\"inLanguage\":\"it-IT\",\"@id\":\"https:\\\/\\\/secure.gravatar.com\\\/avatar\\\/e233a6b2a31aba774a86fc0121b1a3bd7f6e7d1a4d2162cde93df050675351b8?s=96&d=mm&r=g\",\"url\":\"https:\\\/\\\/secure.gravatar.com\\\/avatar\\\/e233a6b2a31aba774a86fc0121b1a3bd7f6e7d1a4d2162cde93df050675351b8?s=96&d=mm&r=g\",\"contentUrl\":\"https:\\\/\\\/secure.gravatar.com\\\/avatar\\\/e233a6b2a31aba774a86fc0121b1a3bd7f6e7d1a4d2162cde93df050675351b8?s=96&d=mm&r=g\",\"caption\":\"Luca Pellegrini\"},\"url\":\"https:\\\/\\\/cyclingpro.net\\\/spaziociclismo\\\/author\\\/lpellegrini\\\/\"}]}<\/script>\n<!-- \/ Yoast SEO plugin. -->","yoast_head_json":{"title":"Presentazione Percorso e Favoriti Tour of Britain 2026 - SpazioCiclismo","robots":{"index":"index","follow":"follow","max-snippet":"max-snippet:-1","max-image-preview":"max-image-preview:large","max-video-preview":"max-video-preview:-1"},"canonical":"https:\/\/cyclingpro.net\/spaziociclismo\/presentazione-corse\/presentazione-percorso-e-favoriti-tour-of-britain-2026\/","og_locale":"it_IT","og_type":"article","og_title":"Presentazione Percorso e Favoriti Tour of Britain 2026 - SpazioCiclismo","og_description":"Domani scatta il #TourofBritain: scopriamo insieme il percorso e i favoriti","og_url":"https:\/\/cyclingpro.net\/spaziociclismo\/presentazione-corse\/presentazione-percorso-e-favoriti-tour-of-britain-2026\/","og_site_name":"SpazioCiclismo","article_publisher":"https:\/\/www.facebook.com\/SpazioCiclismo\/","article_published_time":"2026-09-01T18:30:22+00:00","og_image":[{"width":1200,"height":679,"url":"https:\/\/cyclingpro.net\/spaziociclismo\/wp-content\/uploads\/2025\/09\/Remco-Evenepoel-Tour-of-Britain-2025.webp","type":"image\/webp"}],"author":"Luca Pellegrini","twitter_card":"summary_large_image","twitter_creator":"@spaziociclismo","twitter_site":"@spaziociclismo","twitter_misc":{"Scritto da":"Luca Pellegrini","Tempo di lettura stimato":"7 minuti"},"schema":{"@context":"https:\/\/schema.org","@graph":[{"@type":"Article","@id":"https:\/\/cyclingpro.net\/spaziociclismo\/presentazione-corse\/presentazione-percorso-e-favoriti-tour-of-britain-2026\/#article","isPartOf":{"@id":"https:\/\/cyclingpro.net\/spaziociclismo\/presentazione-corse\/presentazione-percorso-e-favoriti-tour-of-britain-2026\/"},"author":{"name":"Luca Pellegrini","@id":"https:\/\/cyclingpro.net\/spaziociclismo\/#\/schema\/person\/dba3a57e86bb6baefba5acbf905f8801"},"headline":"Presentazione Percorso e Favoriti Tour of Britain 2026","datePublished":"2026-09-01T18:30:22+00:00","mainEntityOfPage":{"@id":"https:\/\/cyclingpro.net\/spaziociclismo\/presentazione-corse\/presentazione-percorso-e-favoriti-tour-of-britain-2026\/"},"wordCount":1199,"commentCount":0,"publisher":{"@id":"https:\/\/cyclingpro.net\/spaziociclismo\/#organization"},"image":{"@id":"https:\/\/cyclingpro.net\/spaziociclismo\/presentazione-corse\/presentazione-percorso-e-favoriti-tour-of-britain-2026\/#primaryimage"},"thumbnailUrl":"https:\/\/cyclingpro.net\/spaziociclismo\/wp-content\/uploads\/2025\/09\/Remco-Evenepoel-Tour-of-Britain-2025.webp","keywords":["Tour of Britain 2026"],"articleSection":["Continental","Presentazione Corse","Vetrina"],"inLanguage":"it-IT","potentialAction":[{"@type":"CommentAction","name":"Comment","target":["https:\/\/cyclingpro.net\/spaziociclismo\/presentazione-corse\/presentazione-percorso-e-favoriti-tour-of-britain-2026\/#respond"]}]},{"@type":"WebPage","@id":"https:\/\/cyclingpro.net\/spaziociclismo\/presentazione-corse\/presentazione-percorso-e-favoriti-tour-of-britain-2026\/","url":"https:\/\/cyclingpro.net\/spaziociclismo\/presentazione-corse\/presentazione-percorso-e-favoriti-tour-of-britain-2026\/","name":"Presentazione Percorso e Favoriti Tour of Britain 2026 - SpazioCiclismo","isPartOf":{"@id":"https:\/\/cyclingpro.net\/spaziociclismo\/#website"},"primaryImageOfPage":{"@id":"https:\/\/cyclingpro.net\/spaziociclismo\/presentazione-corse\/presentazione-percorso-e-favoriti-tour-of-britain-2026\/#primaryimage"},"image":{"@id":"https:\/\/cyclingpro.net\/spaziociclismo\/presentazione-corse\/presentazione-percorso-e-favoriti-tour-of-britain-2026\/#primaryimage"},"thumbnailUrl":"https:\/\/cyclingpro.net\/spaziociclismo\/wp-content\/uploads\/2025\/09\/Remco-Evenepoel-Tour-of-Britain-2025.webp","datePublished":"2026-09-01T18:30:22+00:00","breadcrumb":{"@id":"https:\/\/cyclingpro.net\/spaziociclismo\/presentazione-corse\/presentazione-percorso-e-favoriti-tour-of-britain-2026\/#breadcrumb"},"inLanguage":"it-IT","potentialAction":[{"@type":"ReadAction","target":["https:\/\/cyclingpro.net\/spaziociclismo\/presentazione-corse\/presentazione-percorso-e-favoriti-tour-of-britain-2026\/"]}]},{"@type":"ImageObject","inLanguage":"it-IT","@id":"https:\/\/cyclingpro.net\/spaziociclismo\/presentazione-corse\/presentazione-percorso-e-favoriti-tour-of-britain-2026\/#primaryimage","url":"https:\/\/cyclingpro.net\/spaziociclismo\/wp-content\/uploads\/2025\/09\/Remco-Evenepoel-Tour-of-Britain-2025.webp","contentUrl":"https:\/\/cyclingpro.net\/spaziociclismo\/wp-content\/uploads\/2025\/09\/Remco-Evenepoel-Tour-of-Britain-2025.webp","width":1200,"height":679,"caption":"\u00a9 Getty Sport"},{"@type":"BreadcrumbList","@id":"https:\/\/cyclingpro.net\/spaziociclismo\/presentazione-corse\/presentazione-percorso-e-favoriti-tour-of-britain-2026\/#breadcrumb","itemListElement":[{"@type":"ListItem","position":1,"name":"Home","item":"https:\/\/cyclingpro.net\/spaziociclismo\/"},{"@type":"ListItem","position":2,"name":"Presentazione Percorso e Favoriti Tour of Britain 2026"}]},{"@type":"WebSite","@id":"https:\/\/cyclingpro.net\/spaziociclismo\/#website","url":"https:\/\/cyclingpro.net\/spaziociclismo\/","name":"SpazioCiclismo","description":"Tutto il ciclismo minuto per minuto","publisher":{"@id":"https:\/\/cyclingpro.net\/spaziociclismo\/#organization"},"potentialAction":[{"@type":"SearchAction","target":{"@type":"EntryPoint","urlTemplate":"https:\/\/cyclingpro.net\/spaziociclismo\/?s={search_term_string}"},"query-input":{"@type":"PropertyValueSpecification","valueRequired":true,"valueName":"search_term_string"}}],"inLanguage":"it-IT"},{"@type":"Organization","@id":"https:\/\/cyclingpro.net\/spaziociclismo\/#organization","name":"SpazioCiclismo","url":"https:\/\/cyclingpro.net\/spaziociclismo\/","logo":{"@type":"ImageObject","inLanguage":"it-IT","@id":"https:\/\/cyclingpro.net\/spaziociclismo\/#\/schema\/logo\/image\/","url":"https:\/\/cyclingpro.net\/spaziociclismo\/wp-content\/uploads\/2017\/02\/SpazioCiclismo-Logo-Quadrato.png","contentUrl":"https:\/\/cyclingpro.net\/spaziociclismo\/wp-content\/uploads\/2017\/02\/SpazioCiclismo-Logo-Quadrato.png","width":450,"height":450,"caption":"SpazioCiclismo"},"image":{"@id":"https:\/\/cyclingpro.net\/spaziociclismo\/#\/schema\/logo\/image\/"},"sameAs":["https:\/\/www.facebook.com\/SpazioCiclismo\/","https:\/\/x.com\/spaziociclismo","https:\/\/www.instagram.com\/spaziociclismo\/"]},{"@type":"Person","@id":"https:\/\/cyclingpro.net\/spaziociclismo\/#\/schema\/person\/dba3a57e86bb6baefba5acbf905f8801","name":"Luca Pellegrini","image":{"@type":"ImageObject","inLanguage":"it-IT","@id":"https:\/\/secure.gravatar.com\/avatar\/e233a6b2a31aba774a86fc0121b1a3bd7f6e7d1a4d2162cde93df050675351b8?s=96&d=mm&r=g","url":"https:\/\/secure.gravatar.com\/avatar\/e233a6b2a31aba774a86fc0121b1a3bd7f6e7d1a4d2162cde93df050675351b8?s=96&d=mm&r=g","contentUrl":"https:\/\/secure.gravatar.com\/avatar\/e233a6b2a31aba774a86fc0121b1a3bd7f6e7d1a4d2162cde93df050675351b8?s=96&d=mm&r=g","caption":"Luca Pellegrini"},"url":"https:\/\/cyclingpro.net\/spaziociclismo\/author\/lpellegrini\/"}]}},"_links":{"self":[{"href":"https:\/\/cyclingpro.net\/spaziociclismo\/wp-json\/wp\/v2\/posts\/393142","targetHints":{"allow":["GET"]}}],"collection":[{"href":"https:\/\/cyclingpro.net\/spaziociclismo\/wp-json\/wp\/v2\/posts"}],"about":[{"href":"https:\/\/cyclingpro.net\/spaziociclismo\/wp-json\/wp\/v2\/types\/post"}],"author":[{"embeddable":true,"href":"https:\/\/cyclingpro.net\/spaziociclismo\/wp-json\/wp\/v2\/users\/4"}],"replies":[{"embeddable":true,"href":"https:\/\/cyclingpro.net\/spaziociclismo\/wp-json\/wp\/v2\/comments?post=393142"}],"version-history":[{"count":11,"href":"https:\/\/cyclingpro.net\/spaziociclismo\/wp-json\/wp\/v2\/posts\/393142\/revisions"}],"predecessor-version":[{"id":393214,"href":"https:\/\/cyclingpro.net\/spaziociclismo\/wp-json\/wp\/v2\/posts\/393142\/revisions\/393214"}],"wp:featuredmedia":[{"embeddable":true,"href":"https:\/\/cyclingpro.net\/spaziociclismo\/wp-json\/wp\/v2\/media\/346978"}],"wp:attachment":[{"href":"https:\/\/cyclingpro.net\/spaziociclismo\/wp-json\/wp\/v2\/media?parent=393142"}],"wp:term":[{"taxonomy":"category","embeddable":true,"href":"https:\/\/cyclingpro.net\/spaziociclismo\/wp-json\/wp\/v2\/categories?post=393142"},{"taxonomy":"post_tag","embeddable":true,"href":"https:\/\/cyclingpro.net\/spaziociclismo\/wp-json\/wp\/v2\/tags?post=393142"}],"curies":[{"name":"wp","href":"https:\/\/api.w.org\/{rel}","templated":true}]}}