{"id":393130,"date":"2026-09-01T12:14:10","date_gmt":"2026-09-01T10:14:10","guid":{"rendered":"https:\/\/cyclingpro.net\/spaziociclismo\/?p=393130"},"modified":"2026-09-01T12:14:10","modified_gmt":"2026-09-01T10:14:10","slug":"ciclomercato-2027-tre-squadre-sulle-tracce-di-richard-carapaz","status":"publish","type":"post","link":"https:\/\/cyclingpro.net\/spaziociclismo\/ciclomercato\/ciclomercato-2027-tre-squadre-sulle-tracce-di-richard-carapaz\/","title":{"rendered":"CicloMercato 2027, tre squadre sulle tracce di Richard Carapaz"},"content":{"rendered":"<p>Il nome di <strong>Richard Carapaz<\/strong> potrebbe entrare prepotentemente nei discorsi di Ciclomercato. Gi\u00e0 da qualche settimana, malgrado l&#8217;ecuadoriano abbia un contratto fino al 2027 con la <strong>EF Education &#8211; Easy Post<\/strong>, <a href=\"https:\/\/cyclingpro.net\/spaziociclismo\/ciclomercato\/ciclomercato-la-bomba-di-johan-bruyneel-richard-carapaz-potrebbe-lasciare-la-ef\/\">si parla di un possibile cambio di casacca<\/a> a fine stagione. Una voce che ha fatto drizzare le orecchie a parecchi addetti ai lavori, considerando che il fronte si \u00e8 aperto subito dopo il suo ottimo Tour de France, nel quale \u00e8 stato protagonista assoluto con vittorie di tappa e la Maglia a Poist. Carapaz in queste ore \u00e8 impegnato sulle strade della Vuelta a Espa\u00f1a, dove prover\u00e0 a giocarsi le sue carte per il podio. Tuttavia sullo sfondo si delineano molte trame.<\/p>\n<p>Secondo quanto riporta\u00a0<a href=\"https:\/\/www.indeleiderstrui.nl\/wielrennen\/vuelta-pretendenten-skjelmose-en-carapaz-op-weg-naar-uitgang-bij-lidl-trek-en-ef-education\"><em>In De Leiderstrui<\/em><\/a>, ci sarebbero tre squadre sulle tracce dello scalatore sudamericano. Tra le pi\u00f9 attive c&#8217;\u00e8 la <strong>Pinarello Q36.5 Pro Cycling<\/strong>, che in questa sessione di mercato ha gi\u00e0 messo a segno parecchi colpi. La squadra svizzera potrebbe garantire a Carapaz un ruolo da capitano nei Grandi Giri, ma occhio anche al fronte <strong>NSN Cycling Team<\/strong>, compagine WorldTour che sta lavorando per rafforzare il reparto gare a tappe. Infine, il terzo nome, \u00e8 quello della <strong>Netcompany INEOS<\/strong> per un ritorno di fiamma dopo l&#8217;esperienza tra il 2020 e il 2022.<\/p>\n","protected":false},"excerpt":{"rendered":"<p>#CicloMercato Tre squadre sarebbero sulle tracce di Richard Carapaz, qualora dovesse chiudere in anticipo il rapporto con la EF<\/p>\n","protected":false},"author":4,"featured_media":387530,"comment_status":"open","ping_status":"closed","sticky":false,"template":"","format":"standard","meta":{"footnotes":"","_members_access_role":[],"_members_access_error":""},"categories":[5],"tags":[6769,6701,7023,6753,6728,672],"class_list":["post-393130","post","type-post","status-publish","format-standard","has-post-thumbnail","hentry","category-ciclomercato","tag-ciclomercato-2027","tag-ef-education-easypost-2026","tag-netcompany-ineos-cycling-team-2026","tag-nsn-cycling-team-2026","tag-pinarello-q36-5-pro-cycling-team-2026","tag-richard-carapaz"],"yoast_head":"<!-- This site is optimized with the Yoast SEO plugin v28.3 - https:\/\/yoast.com\/product\/yoast-seo-wordpress\/ -->\n<title>CicloMercato 2027, tre squadre sulle tracce di Richard Carapaz - SpazioCiclismo<\/title>\n<meta name=\"robots\" content=\"index, follow, max-snippet:-1, max-image-preview:large, max-video-preview:-1\" \/>\n<link rel=\"canonical\" href=\"https:\/\/cyclingpro.net\/spaziociclismo\/ciclomercato\/ciclomercato-2027-tre-squadre-sulle-tracce-di-richard-carapaz\/\" \/>\n<meta property=\"og:locale\" content=\"it_IT\" \/>\n<meta property=\"og:type\" content=\"article\" \/>\n<meta property=\"og:title\" content=\"CicloMercato 2027, tre squadre sulle tracce di Richard Carapaz - SpazioCiclismo\" \/>\n<meta property=\"og:description\" content=\"#CicloMercato Tre squadre sarebbero sulle tracce di Richard Carapaz, qualora dovesse chiudere in anticipo il rapporto con la EF\" \/>\n<meta property=\"og:url\" content=\"https:\/\/cyclingpro.net\/spaziociclismo\/ciclomercato\/ciclomercato-2027-tre-squadre-sulle-tracce-di-richard-carapaz\/\" \/>\n<meta property=\"og:site_name\" content=\"SpazioCiclismo\" \/>\n<meta property=\"article:publisher\" content=\"https:\/\/www.facebook.com\/SpazioCiclismo\/\" \/>\n<meta property=\"article:published_time\" content=\"2026-09-01T10:14:10+00:00\" \/>\n<meta property=\"og:image\" content=\"https:\/\/cyclingpro.net\/spaziociclismo\/wp-content\/uploads\/2026\/07\/Richard-Carapaz-Orcieres-Merlette-Tour-de-France-2026.webp\" \/>\n\t<meta property=\"og:image:width\" content=\"1200\" \/>\n\t<meta property=\"og:image:height\" content=\"801\" \/>\n\t<meta property=\"og:image:type\" content=\"image\/webp\" \/>\n<meta name=\"author\" content=\"Luca Pellegrini\" \/>\n<meta name=\"twitter:card\" content=\"summary_large_image\" \/>\n<meta name=\"twitter:creator\" content=\"@spaziociclismo\" \/>\n<meta name=\"twitter:site\" content=\"@spaziociclismo\" \/>\n<meta name=\"twitter:label1\" content=\"Scritto da\" \/>\n\t<meta name=\"twitter:data1\" content=\"Luca Pellegrini\" \/>\n\t<meta name=\"twitter:label2\" content=\"Tempo di lettura stimato\" \/>\n\t<meta name=\"twitter:data2\" content=\"2 minuti\" \/>\n<script type=\"application\/ld+json\" class=\"yoast-schema-graph\">{\"@context\":\"https:\\\/\\\/schema.org\",\"@graph\":[{\"@type\":\"Article\",\"@id\":\"https:\\\/\\\/cyclingpro.net\\\/spaziociclismo\\\/ciclomercato\\\/ciclomercato-2027-tre-squadre-sulle-tracce-di-richard-carapaz\\\/#article\",\"isPartOf\":{\"@id\":\"https:\\\/\\\/cyclingpro.net\\\/spaziociclismo\\\/ciclomercato\\\/ciclomercato-2027-tre-squadre-sulle-tracce-di-richard-carapaz\\\/\"},\"author\":{\"name\":\"Luca Pellegrini\",\"@id\":\"https:\\\/\\\/cyclingpro.net\\\/spaziociclismo\\\/#\\\/schema\\\/person\\\/dba3a57e86bb6baefba5acbf905f8801\"},\"headline\":\"CicloMercato 2027, tre squadre sulle tracce di Richard Carapaz\",\"datePublished\":\"2026-09-01T10:14:10+00:00\",\"mainEntityOfPage\":{\"@id\":\"https:\\\/\\\/cyclingpro.net\\\/spaziociclismo\\\/ciclomercato\\\/ciclomercato-2027-tre-squadre-sulle-tracce-di-richard-carapaz\\\/\"},\"wordCount\":212,\"commentCount\":0,\"publisher\":{\"@id\":\"https:\\\/\\\/cyclingpro.net\\\/spaziociclismo\\\/#organization\"},\"image\":{\"@id\":\"https:\\\/\\\/cyclingpro.net\\\/spaziociclismo\\\/ciclomercato\\\/ciclomercato-2027-tre-squadre-sulle-tracce-di-richard-carapaz\\\/#primaryimage\"},\"thumbnailUrl\":\"https:\\\/\\\/cyclingpro.net\\\/spaziociclismo\\\/wp-content\\\/uploads\\\/2026\\\/07\\\/Richard-Carapaz-Orcieres-Merlette-Tour-de-France-2026.webp\",\"keywords\":[\"CicloMercato 2027\",\"EF Education - EasyPost 2026\",\"Netcompany INEOS Cycling Team 2026\",\"NSN Cycling Team 2026\",\"Pinarello - Q36.5 Pro Cycling Team 2026\",\"Richard Carapaz\"],\"articleSection\":[\"CicloMercato\"],\"inLanguage\":\"it-IT\",\"potentialAction\":[{\"@type\":\"CommentAction\",\"name\":\"Comment\",\"target\":[\"https:\\\/\\\/cyclingpro.net\\\/spaziociclismo\\\/ciclomercato\\\/ciclomercato-2027-tre-squadre-sulle-tracce-di-richard-carapaz\\\/#respond\"]}]},{\"@type\":\"WebPage\",\"@id\":\"https:\\\/\\\/cyclingpro.net\\\/spaziociclismo\\\/ciclomercato\\\/ciclomercato-2027-tre-squadre-sulle-tracce-di-richard-carapaz\\\/\",\"url\":\"https:\\\/\\\/cyclingpro.net\\\/spaziociclismo\\\/ciclomercato\\\/ciclomercato-2027-tre-squadre-sulle-tracce-di-richard-carapaz\\\/\",\"name\":\"CicloMercato 2027, tre squadre sulle tracce di Richard Carapaz - SpazioCiclismo\",\"isPartOf\":{\"@id\":\"https:\\\/\\\/cyclingpro.net\\\/spaziociclismo\\\/#website\"},\"primaryImageOfPage\":{\"@id\":\"https:\\\/\\\/cyclingpro.net\\\/spaziociclismo\\\/ciclomercato\\\/ciclomercato-2027-tre-squadre-sulle-tracce-di-richard-carapaz\\\/#primaryimage\"},\"image\":{\"@id\":\"https:\\\/\\\/cyclingpro.net\\\/spaziociclismo\\\/ciclomercato\\\/ciclomercato-2027-tre-squadre-sulle-tracce-di-richard-carapaz\\\/#primaryimage\"},\"thumbnailUrl\":\"https:\\\/\\\/cyclingpro.net\\\/spaziociclismo\\\/wp-content\\\/uploads\\\/2026\\\/07\\\/Richard-Carapaz-Orcieres-Merlette-Tour-de-France-2026.webp\",\"datePublished\":\"2026-09-01T10:14:10+00:00\",\"breadcrumb\":{\"@id\":\"https:\\\/\\\/cyclingpro.net\\\/spaziociclismo\\\/ciclomercato\\\/ciclomercato-2027-tre-squadre-sulle-tracce-di-richard-carapaz\\\/#breadcrumb\"},\"inLanguage\":\"it-IT\",\"potentialAction\":[{\"@type\":\"ReadAction\",\"target\":[\"https:\\\/\\\/cyclingpro.net\\\/spaziociclismo\\\/ciclomercato\\\/ciclomercato-2027-tre-squadre-sulle-tracce-di-richard-carapaz\\\/\"]}]},{\"@type\":\"ImageObject\",\"inLanguage\":\"it-IT\",\"@id\":\"https:\\\/\\\/cyclingpro.net\\\/spaziociclismo\\\/ciclomercato\\\/ciclomercato-2027-tre-squadre-sulle-tracce-di-richard-carapaz\\\/#primaryimage\",\"url\":\"https:\\\/\\\/cyclingpro.net\\\/spaziociclismo\\\/wp-content\\\/uploads\\\/2026\\\/07\\\/Richard-Carapaz-Orcieres-Merlette-Tour-de-France-2026.webp\",\"contentUrl\":\"https:\\\/\\\/cyclingpro.net\\\/spaziociclismo\\\/wp-content\\\/uploads\\\/2026\\\/07\\\/Richard-Carapaz-Orcieres-Merlette-Tour-de-France-2026.webp\",\"width\":1200,\"height\":801,\"caption\":\"\u00a9 ASO \\\/ Charly Lopez\"},{\"@type\":\"BreadcrumbList\",\"@id\":\"https:\\\/\\\/cyclingpro.net\\\/spaziociclismo\\\/ciclomercato\\\/ciclomercato-2027-tre-squadre-sulle-tracce-di-richard-carapaz\\\/#breadcrumb\",\"itemListElement\":[{\"@type\":\"ListItem\",\"position\":1,\"name\":\"Home\",\"item\":\"https:\\\/\\\/cyclingpro.net\\\/spaziociclismo\\\/\"},{\"@type\":\"ListItem\",\"position\":2,\"name\":\"CicloMercato 2027, tre squadre sulle tracce di Richard Carapaz\"}]},{\"@type\":\"WebSite\",\"@id\":\"https:\\\/\\\/cyclingpro.net\\\/spaziociclismo\\\/#website\",\"url\":\"https:\\\/\\\/cyclingpro.net\\\/spaziociclismo\\\/\",\"name\":\"SpazioCiclismo\",\"description\":\"Tutto il ciclismo minuto per minuto\",\"publisher\":{\"@id\":\"https:\\\/\\\/cyclingpro.net\\\/spaziociclismo\\\/#organization\"},\"potentialAction\":[{\"@type\":\"SearchAction\",\"target\":{\"@type\":\"EntryPoint\",\"urlTemplate\":\"https:\\\/\\\/cyclingpro.net\\\/spaziociclismo\\\/?s={search_term_string}\"},\"query-input\":{\"@type\":\"PropertyValueSpecification\",\"valueRequired\":true,\"valueName\":\"search_term_string\"}}],\"inLanguage\":\"it-IT\"},{\"@type\":\"Organization\",\"@id\":\"https:\\\/\\\/cyclingpro.net\\\/spaziociclismo\\\/#organization\",\"name\":\"SpazioCiclismo\",\"url\":\"https:\\\/\\\/cyclingpro.net\\\/spaziociclismo\\\/\",\"logo\":{\"@type\":\"ImageObject\",\"inLanguage\":\"it-IT\",\"@id\":\"https:\\\/\\\/cyclingpro.net\\\/spaziociclismo\\\/#\\\/schema\\\/logo\\\/image\\\/\",\"url\":\"https:\\\/\\\/cyclingpro.net\\\/spaziociclismo\\\/wp-content\\\/uploads\\\/2017\\\/02\\\/SpazioCiclismo-Logo-Quadrato.png\",\"contentUrl\":\"https:\\\/\\\/cyclingpro.net\\\/spaziociclismo\\\/wp-content\\\/uploads\\\/2017\\\/02\\\/SpazioCiclismo-Logo-Quadrato.png\",\"width\":450,\"height\":450,\"caption\":\"SpazioCiclismo\"},\"image\":{\"@id\":\"https:\\\/\\\/cyclingpro.net\\\/spaziociclismo\\\/#\\\/schema\\\/logo\\\/image\\\/\"},\"sameAs\":[\"https:\\\/\\\/www.facebook.com\\\/SpazioCiclismo\\\/\",\"https:\\\/\\\/x.com\\\/spaziociclismo\",\"https:\\\/\\\/www.instagram.com\\\/spaziociclismo\\\/\"]},{\"@type\":\"Person\",\"@id\":\"https:\\\/\\\/cyclingpro.net\\\/spaziociclismo\\\/#\\\/schema\\\/person\\\/dba3a57e86bb6baefba5acbf905f8801\",\"name\":\"Luca Pellegrini\",\"image\":{\"@type\":\"ImageObject\",\"inLanguage\":\"it-IT\",\"@id\":\"https:\\\/\\\/secure.gravatar.com\\\/avatar\\\/e233a6b2a31aba774a86fc0121b1a3bd7f6e7d1a4d2162cde93df050675351b8?s=96&d=mm&r=g\",\"url\":\"https:\\\/\\\/secure.gravatar.com\\\/avatar\\\/e233a6b2a31aba774a86fc0121b1a3bd7f6e7d1a4d2162cde93df050675351b8?s=96&d=mm&r=g\",\"contentUrl\":\"https:\\\/\\\/secure.gravatar.com\\\/avatar\\\/e233a6b2a31aba774a86fc0121b1a3bd7f6e7d1a4d2162cde93df050675351b8?s=96&d=mm&r=g\",\"caption\":\"Luca Pellegrini\"},\"url\":\"https:\\\/\\\/cyclingpro.net\\\/spaziociclismo\\\/author\\\/lpellegrini\\\/\"}]}<\/script>\n<!-- \/ Yoast SEO plugin. -->","yoast_head_json":{"title":"CicloMercato 2027, tre squadre sulle tracce di Richard Carapaz - SpazioCiclismo","robots":{"index":"index","follow":"follow","max-snippet":"max-snippet:-1","max-image-preview":"max-image-preview:large","max-video-preview":"max-video-preview:-1"},"canonical":"https:\/\/cyclingpro.net\/spaziociclismo\/ciclomercato\/ciclomercato-2027-tre-squadre-sulle-tracce-di-richard-carapaz\/","og_locale":"it_IT","og_type":"article","og_title":"CicloMercato 2027, tre squadre sulle tracce di Richard Carapaz - SpazioCiclismo","og_description":"#CicloMercato Tre squadre sarebbero sulle tracce di Richard Carapaz, qualora dovesse chiudere in anticipo il rapporto con la EF","og_url":"https:\/\/cyclingpro.net\/spaziociclismo\/ciclomercato\/ciclomercato-2027-tre-squadre-sulle-tracce-di-richard-carapaz\/","og_site_name":"SpazioCiclismo","article_publisher":"https:\/\/www.facebook.com\/SpazioCiclismo\/","article_published_time":"2026-09-01T10:14:10+00:00","og_image":[{"width":1200,"height":801,"url":"https:\/\/cyclingpro.net\/spaziociclismo\/wp-content\/uploads\/2026\/07\/Richard-Carapaz-Orcieres-Merlette-Tour-de-France-2026.webp","type":"image\/webp"}],"author":"Luca Pellegrini","twitter_card":"summary_large_image","twitter_creator":"@spaziociclismo","twitter_site":"@spaziociclismo","twitter_misc":{"Scritto da":"Luca Pellegrini","Tempo di lettura stimato":"2 minuti"},"schema":{"@context":"https:\/\/schema.org","@graph":[{"@type":"Article","@id":"https:\/\/cyclingpro.net\/spaziociclismo\/ciclomercato\/ciclomercato-2027-tre-squadre-sulle-tracce-di-richard-carapaz\/#article","isPartOf":{"@id":"https:\/\/cyclingpro.net\/spaziociclismo\/ciclomercato\/ciclomercato-2027-tre-squadre-sulle-tracce-di-richard-carapaz\/"},"author":{"name":"Luca Pellegrini","@id":"https:\/\/cyclingpro.net\/spaziociclismo\/#\/schema\/person\/dba3a57e86bb6baefba5acbf905f8801"},"headline":"CicloMercato 2027, tre squadre sulle tracce di Richard Carapaz","datePublished":"2026-09-01T10:14:10+00:00","mainEntityOfPage":{"@id":"https:\/\/cyclingpro.net\/spaziociclismo\/ciclomercato\/ciclomercato-2027-tre-squadre-sulle-tracce-di-richard-carapaz\/"},"wordCount":212,"commentCount":0,"publisher":{"@id":"https:\/\/cyclingpro.net\/spaziociclismo\/#organization"},"image":{"@id":"https:\/\/cyclingpro.net\/spaziociclismo\/ciclomercato\/ciclomercato-2027-tre-squadre-sulle-tracce-di-richard-carapaz\/#primaryimage"},"thumbnailUrl":"https:\/\/cyclingpro.net\/spaziociclismo\/wp-content\/uploads\/2026\/07\/Richard-Carapaz-Orcieres-Merlette-Tour-de-France-2026.webp","keywords":["CicloMercato 2027","EF Education - EasyPost 2026","Netcompany INEOS Cycling Team 2026","NSN Cycling Team 2026","Pinarello - Q36.5 Pro Cycling Team 2026","Richard Carapaz"],"articleSection":["CicloMercato"],"inLanguage":"it-IT","potentialAction":[{"@type":"CommentAction","name":"Comment","target":["https:\/\/cyclingpro.net\/spaziociclismo\/ciclomercato\/ciclomercato-2027-tre-squadre-sulle-tracce-di-richard-carapaz\/#respond"]}]},{"@type":"WebPage","@id":"https:\/\/cyclingpro.net\/spaziociclismo\/ciclomercato\/ciclomercato-2027-tre-squadre-sulle-tracce-di-richard-carapaz\/","url":"https:\/\/cyclingpro.net\/spaziociclismo\/ciclomercato\/ciclomercato-2027-tre-squadre-sulle-tracce-di-richard-carapaz\/","name":"CicloMercato 2027, tre squadre sulle tracce di Richard Carapaz - SpazioCiclismo","isPartOf":{"@id":"https:\/\/cyclingpro.net\/spaziociclismo\/#website"},"primaryImageOfPage":{"@id":"https:\/\/cyclingpro.net\/spaziociclismo\/ciclomercato\/ciclomercato-2027-tre-squadre-sulle-tracce-di-richard-carapaz\/#primaryimage"},"image":{"@id":"https:\/\/cyclingpro.net\/spaziociclismo\/ciclomercato\/ciclomercato-2027-tre-squadre-sulle-tracce-di-richard-carapaz\/#primaryimage"},"thumbnailUrl":"https:\/\/cyclingpro.net\/spaziociclismo\/wp-content\/uploads\/2026\/07\/Richard-Carapaz-Orcieres-Merlette-Tour-de-France-2026.webp","datePublished":"2026-09-01T10:14:10+00:00","breadcrumb":{"@id":"https:\/\/cyclingpro.net\/spaziociclismo\/ciclomercato\/ciclomercato-2027-tre-squadre-sulle-tracce-di-richard-carapaz\/#breadcrumb"},"inLanguage":"it-IT","potentialAction":[{"@type":"ReadAction","target":["https:\/\/cyclingpro.net\/spaziociclismo\/ciclomercato\/ciclomercato-2027-tre-squadre-sulle-tracce-di-richard-carapaz\/"]}]},{"@type":"ImageObject","inLanguage":"it-IT","@id":"https:\/\/cyclingpro.net\/spaziociclismo\/ciclomercato\/ciclomercato-2027-tre-squadre-sulle-tracce-di-richard-carapaz\/#primaryimage","url":"https:\/\/cyclingpro.net\/spaziociclismo\/wp-content\/uploads\/2026\/07\/Richard-Carapaz-Orcieres-Merlette-Tour-de-France-2026.webp","contentUrl":"https:\/\/cyclingpro.net\/spaziociclismo\/wp-content\/uploads\/2026\/07\/Richard-Carapaz-Orcieres-Merlette-Tour-de-France-2026.webp","width":1200,"height":801,"caption":"\u00a9 ASO \/ Charly Lopez"},{"@type":"BreadcrumbList","@id":"https:\/\/cyclingpro.net\/spaziociclismo\/ciclomercato\/ciclomercato-2027-tre-squadre-sulle-tracce-di-richard-carapaz\/#breadcrumb","itemListElement":[{"@type":"ListItem","position":1,"name":"Home","item":"https:\/\/cyclingpro.net\/spaziociclismo\/"},{"@type":"ListItem","position":2,"name":"CicloMercato 2027, tre squadre sulle tracce di Richard Carapaz"}]},{"@type":"WebSite","@id":"https:\/\/cyclingpro.net\/spaziociclismo\/#website","url":"https:\/\/cyclingpro.net\/spaziociclismo\/","name":"SpazioCiclismo","description":"Tutto il ciclismo minuto per minuto","publisher":{"@id":"https:\/\/cyclingpro.net\/spaziociclismo\/#organization"},"potentialAction":[{"@type":"SearchAction","target":{"@type":"EntryPoint","urlTemplate":"https:\/\/cyclingpro.net\/spaziociclismo\/?s={search_term_string}"},"query-input":{"@type":"PropertyValueSpecification","valueRequired":true,"valueName":"search_term_string"}}],"inLanguage":"it-IT"},{"@type":"Organization","@id":"https:\/\/cyclingpro.net\/spaziociclismo\/#organization","name":"SpazioCiclismo","url":"https:\/\/cyclingpro.net\/spaziociclismo\/","logo":{"@type":"ImageObject","inLanguage":"it-IT","@id":"https:\/\/cyclingpro.net\/spaziociclismo\/#\/schema\/logo\/image\/","url":"https:\/\/cyclingpro.net\/spaziociclismo\/wp-content\/uploads\/2017\/02\/SpazioCiclismo-Logo-Quadrato.png","contentUrl":"https:\/\/cyclingpro.net\/spaziociclismo\/wp-content\/uploads\/2017\/02\/SpazioCiclismo-Logo-Quadrato.png","width":450,"height":450,"caption":"SpazioCiclismo"},"image":{"@id":"https:\/\/cyclingpro.net\/spaziociclismo\/#\/schema\/logo\/image\/"},"sameAs":["https:\/\/www.facebook.com\/SpazioCiclismo\/","https:\/\/x.com\/spaziociclismo","https:\/\/www.instagram.com\/spaziociclismo\/"]},{"@type":"Person","@id":"https:\/\/cyclingpro.net\/spaziociclismo\/#\/schema\/person\/dba3a57e86bb6baefba5acbf905f8801","name":"Luca Pellegrini","image":{"@type":"ImageObject","inLanguage":"it-IT","@id":"https:\/\/secure.gravatar.com\/avatar\/e233a6b2a31aba774a86fc0121b1a3bd7f6e7d1a4d2162cde93df050675351b8?s=96&d=mm&r=g","url":"https:\/\/secure.gravatar.com\/avatar\/e233a6b2a31aba774a86fc0121b1a3bd7f6e7d1a4d2162cde93df050675351b8?s=96&d=mm&r=g","contentUrl":"https:\/\/secure.gravatar.com\/avatar\/e233a6b2a31aba774a86fc0121b1a3bd7f6e7d1a4d2162cde93df050675351b8?s=96&d=mm&r=g","caption":"Luca Pellegrini"},"url":"https:\/\/cyclingpro.net\/spaziociclismo\/author\/lpellegrini\/"}]}},"_links":{"self":[{"href":"https:\/\/cyclingpro.net\/spaziociclismo\/wp-json\/wp\/v2\/posts\/393130","targetHints":{"allow":["GET"]}}],"collection":[{"href":"https:\/\/cyclingpro.net\/spaziociclismo\/wp-json\/wp\/v2\/posts"}],"about":[{"href":"https:\/\/cyclingpro.net\/spaziociclismo\/wp-json\/wp\/v2\/types\/post"}],"author":[{"embeddable":true,"href":"https:\/\/cyclingpro.net\/spaziociclismo\/wp-json\/wp\/v2\/users\/4"}],"replies":[{"embeddable":true,"href":"https:\/\/cyclingpro.net\/spaziociclismo\/wp-json\/wp\/v2\/comments?post=393130"}],"version-history":[{"count":1,"href":"https:\/\/cyclingpro.net\/spaziociclismo\/wp-json\/wp\/v2\/posts\/393130\/revisions"}],"predecessor-version":[{"id":393131,"href":"https:\/\/cyclingpro.net\/spaziociclismo\/wp-json\/wp\/v2\/posts\/393130\/revisions\/393131"}],"wp:featuredmedia":[{"embeddable":true,"href":"https:\/\/cyclingpro.net\/spaziociclismo\/wp-json\/wp\/v2\/media\/387530"}],"wp:attachment":[{"href":"https:\/\/cyclingpro.net\/spaziociclismo\/wp-json\/wp\/v2\/media?parent=393130"}],"wp:term":[{"taxonomy":"category","embeddable":true,"href":"https:\/\/cyclingpro.net\/spaziociclismo\/wp-json\/wp\/v2\/categories?post=393130"},{"taxonomy":"post_tag","embeddable":true,"href":"https:\/\/cyclingpro.net\/spaziociclismo\/wp-json\/wp\/v2\/tags?post=393130"}],"curies":[{"name":"wp","href":"https:\/\/api.w.org\/{rel}","templated":true}]}}