{"id":393126,"date":"2026-09-01T12:06:16","date_gmt":"2026-09-01T10:06:16","guid":{"rendered":"https:\/\/cyclingpro.net\/spaziociclismo\/?p=393126"},"modified":"2026-09-01T12:06:16","modified_gmt":"2026-09-01T10:06:16","slug":"memorial-pantani-2026-presentato-il-percorso-da-riccione-a-cesenatico-altimetria","status":"publish","type":"post","link":"https:\/\/cyclingpro.net\/spaziociclismo\/continental\/memorial-pantani-2026-presentato-il-percorso-da-riccione-a-cesenatico-altimetria\/","title":{"rendered":"Memorial Pantani 2026, presentato il percorso da Riccione a Cesenatico (altimetria)"},"content":{"rendered":"<p>Si avvicina il <strong>Memorial Pantani 2026<\/strong>, in programma <strong>sabato 12 settembre<\/strong>. La semi-classica romagnola, giunta alla 23esima edizione, \u00e8 ormai un appuntamento immancabile del calendario italiano, nel ricordo del Pirata e questa mattina sono stati svelati tutti i dettagli. Anche quest&#8217;anno l&#8217;organizzazione \u00e8 stata curata dal <strong>GS Emilia<\/strong> e si preannuncia una gara tutt&#8217;altro che scontata con un <a href=\"https:\/\/cyclingpro.net\/spaziociclismo\/continental\/memorial-pantani-2026-annunciate-le-squadre-al-via-ci-sono-ben-10-worldtour\/\">buon numero di squadre WorldTour al via<\/a> e un percorso che si presta a molteplici interpretazioni. Si parte da Riccione e si arriva a Cesenatico dopo aver affrontato 192,5 chilometri, con un tratto in linea e due circuiti.<\/p>\n<p>Dopo il via da <strong>Riccione<\/strong>, nota localit\u00e0 di villeggiatura, si va verso l&#8217;entroterra passando per Verucchio e Secchiano, con le prime salite che inizieranno dopo appena undici chilometri dal via ufficiale. Il primo GPM tuttavia sar\u00e0 il <strong>Passo delle Siepi<\/strong>, seguito da quello di <strong>Gorolo<\/strong> che proietter\u00e0 la corsa verso il primo circuito, nel quale si entrer\u00e0 al chilometro 90, affrontando per la prima volta il <strong>muro di Via Felloniche<\/strong>, 1600 metri al 9,5% con i primi 500 metri durissimi con punte al 18%. Una volta superato lo strappo si entrer\u00e0 ufficialmente nel circuito che prevede la salita di <strong>Roncofreddo<\/strong>, 2,6 km al 7,1%, seguito dal Muro di Via Felloniche. Le asperit\u00e0 andranno affrontate in successione per tre volte e sar\u00e0 il tratto decisivo della corsa. Una volta terminato, si far\u00e0 rotta verso Cesenatico con la strada totalmente pianeggiante per gli ultimi 20 chilometri. Passaggio davanti casa di Marco Pantani e circuito finale che andr\u00e0 a incoronare l&#8217;erede di <strong>Michael Storer<\/strong>, dominatore dell&#8217;ultima edizione.<\/p>\n<p><img loading=\"lazy\" decoding=\"async\" class=\"aligncenter wp-image-393127 size-large\" src=\"https:\/\/cyclingpro.net\/spaziociclismo\/wp-content\/uploads\/2026\/09\/Screenshot-2026-09-01-alle-11.56.31-1024x576.png\" alt=\"\" width=\"1024\" height=\"576\" srcset=\"https:\/\/cyclingpro.net\/spaziociclismo\/wp-content\/uploads\/2026\/09\/Screenshot-2026-09-01-alle-11.56.31-1024x576.png 1024w, https:\/\/cyclingpro.net\/spaziociclismo\/wp-content\/uploads\/2026\/09\/Screenshot-2026-09-01-alle-11.56.31-300x169.png 300w, https:\/\/cyclingpro.net\/spaziociclismo\/wp-content\/uploads\/2026\/09\/Screenshot-2026-09-01-alle-11.56.31-150x84.png 150w, https:\/\/cyclingpro.net\/spaziociclismo\/wp-content\/uploads\/2026\/09\/Screenshot-2026-09-01-alle-11.56.31-768x432.png 768w, https:\/\/cyclingpro.net\/spaziociclismo\/wp-content\/uploads\/2026\/09\/Screenshot-2026-09-01-alle-11.56.31-1536x864.png 1536w, https:\/\/cyclingpro.net\/spaziociclismo\/wp-content\/uploads\/2026\/09\/Screenshot-2026-09-01-alle-11.56.31-2048x1152.png 2048w, https:\/\/cyclingpro.net\/spaziociclismo\/wp-content\/uploads\/2026\/09\/Screenshot-2026-09-01-alle-11.56.31-390x220.png 390w, https:\/\/cyclingpro.net\/spaziociclismo\/wp-content\/uploads\/2026\/09\/Screenshot-2026-09-01-alle-11.56.31-1320x743.png 1320w\" sizes=\"auto, (max-width: 1024px) 100vw, 1024px\" \/><\/p>\n","protected":false},"excerpt":{"rendered":"<p>Presentato il percorso del #MemorialPantani<\/p>\n","protected":false},"author":4,"featured_media":393128,"comment_status":"open","ping_status":"closed","sticky":false,"template":"","format":"standard","meta":{"footnotes":"","_members_access_role":[],"_members_access_error":""},"categories":[6],"tags":[1842],"class_list":["post-393126","post","type-post","status-publish","format-standard","has-post-thumbnail","hentry","category-continental","tag-memorial-pantani-2018"],"yoast_head":"<!-- This site is optimized with the Yoast SEO plugin v28.3 - https:\/\/yoast.com\/product\/yoast-seo-wordpress\/ -->\n<title>Memorial Pantani 2026, presentato il percorso da Riccione a Cesenatico (altimetria) - SpazioCiclismo<\/title>\n<meta name=\"robots\" content=\"index, follow, max-snippet:-1, max-image-preview:large, max-video-preview:-1\" \/>\n<link rel=\"canonical\" href=\"https:\/\/cyclingpro.net\/spaziociclismo\/continental\/memorial-pantani-2026-presentato-il-percorso-da-riccione-a-cesenatico-altimetria\/\" \/>\n<meta property=\"og:locale\" content=\"it_IT\" \/>\n<meta property=\"og:type\" content=\"article\" \/>\n<meta property=\"og:title\" content=\"Memorial Pantani 2026, presentato il percorso da Riccione a Cesenatico (altimetria) - SpazioCiclismo\" \/>\n<meta property=\"og:description\" content=\"Presentato il percorso del #MemorialPantani\" \/>\n<meta property=\"og:url\" content=\"https:\/\/cyclingpro.net\/spaziociclismo\/continental\/memorial-pantani-2026-presentato-il-percorso-da-riccione-a-cesenatico-altimetria\/\" \/>\n<meta property=\"og:site_name\" content=\"SpazioCiclismo\" \/>\n<meta property=\"article:publisher\" content=\"https:\/\/www.facebook.com\/SpazioCiclismo\/\" \/>\n<meta property=\"article:published_time\" content=\"2026-09-01T10:06:16+00:00\" \/>\n<meta property=\"og:image\" content=\"https:\/\/cyclingpro.net\/spaziociclismo\/wp-content\/uploads\/2026\/09\/Screenshot-2026-09-01-alle-11.48.05.png\" \/>\n\t<meta property=\"og:image:width\" content=\"2088\" \/>\n\t<meta property=\"og:image:height\" content=\"1174\" \/>\n\t<meta property=\"og:image:type\" content=\"image\/png\" \/>\n<meta name=\"author\" content=\"Luca Pellegrini\" \/>\n<meta name=\"twitter:card\" content=\"summary_large_image\" \/>\n<meta name=\"twitter:creator\" content=\"@spaziociclismo\" \/>\n<meta name=\"twitter:site\" content=\"@spaziociclismo\" \/>\n<meta name=\"twitter:label1\" content=\"Scritto da\" \/>\n\t<meta name=\"twitter:data1\" content=\"Luca Pellegrini\" \/>\n\t<meta name=\"twitter:label2\" content=\"Tempo di lettura stimato\" \/>\n\t<meta name=\"twitter:data2\" content=\"2 minuti\" \/>\n<script type=\"application\/ld+json\" class=\"yoast-schema-graph\">{\"@context\":\"https:\\\/\\\/schema.org\",\"@graph\":[{\"@type\":\"Article\",\"@id\":\"https:\\\/\\\/cyclingpro.net\\\/spaziociclismo\\\/continental\\\/memorial-pantani-2026-presentato-il-percorso-da-riccione-a-cesenatico-altimetria\\\/#article\",\"isPartOf\":{\"@id\":\"https:\\\/\\\/cyclingpro.net\\\/spaziociclismo\\\/continental\\\/memorial-pantani-2026-presentato-il-percorso-da-riccione-a-cesenatico-altimetria\\\/\"},\"author\":{\"name\":\"Luca Pellegrini\",\"@id\":\"https:\\\/\\\/cyclingpro.net\\\/spaziociclismo\\\/#\\\/schema\\\/person\\\/dba3a57e86bb6baefba5acbf905f8801\"},\"headline\":\"Memorial Pantani 2026, presentato il percorso da Riccione a Cesenatico (altimetria)\",\"datePublished\":\"2026-09-01T10:06:16+00:00\",\"mainEntityOfPage\":{\"@id\":\"https:\\\/\\\/cyclingpro.net\\\/spaziociclismo\\\/continental\\\/memorial-pantani-2026-presentato-il-percorso-da-riccione-a-cesenatico-altimetria\\\/\"},\"wordCount\":263,\"commentCount\":0,\"publisher\":{\"@id\":\"https:\\\/\\\/cyclingpro.net\\\/spaziociclismo\\\/#organization\"},\"image\":{\"@id\":\"https:\\\/\\\/cyclingpro.net\\\/spaziociclismo\\\/continental\\\/memorial-pantani-2026-presentato-il-percorso-da-riccione-a-cesenatico-altimetria\\\/#primaryimage\"},\"thumbnailUrl\":\"https:\\\/\\\/cyclingpro.net\\\/spaziociclismo\\\/wp-content\\\/uploads\\\/2026\\\/09\\\/Screenshot-2026-09-01-alle-11.48.05.png\",\"keywords\":[\"Memorial Pantani 2018\"],\"articleSection\":[\"Continental\"],\"inLanguage\":\"it-IT\",\"potentialAction\":[{\"@type\":\"CommentAction\",\"name\":\"Comment\",\"target\":[\"https:\\\/\\\/cyclingpro.net\\\/spaziociclismo\\\/continental\\\/memorial-pantani-2026-presentato-il-percorso-da-riccione-a-cesenatico-altimetria\\\/#respond\"]}]},{\"@type\":\"WebPage\",\"@id\":\"https:\\\/\\\/cyclingpro.net\\\/spaziociclismo\\\/continental\\\/memorial-pantani-2026-presentato-il-percorso-da-riccione-a-cesenatico-altimetria\\\/\",\"url\":\"https:\\\/\\\/cyclingpro.net\\\/spaziociclismo\\\/continental\\\/memorial-pantani-2026-presentato-il-percorso-da-riccione-a-cesenatico-altimetria\\\/\",\"name\":\"Memorial Pantani 2026, presentato il percorso da Riccione a Cesenatico (altimetria) - SpazioCiclismo\",\"isPartOf\":{\"@id\":\"https:\\\/\\\/cyclingpro.net\\\/spaziociclismo\\\/#website\"},\"primaryImageOfPage\":{\"@id\":\"https:\\\/\\\/cyclingpro.net\\\/spaziociclismo\\\/continental\\\/memorial-pantani-2026-presentato-il-percorso-da-riccione-a-cesenatico-altimetria\\\/#primaryimage\"},\"image\":{\"@id\":\"https:\\\/\\\/cyclingpro.net\\\/spaziociclismo\\\/continental\\\/memorial-pantani-2026-presentato-il-percorso-da-riccione-a-cesenatico-altimetria\\\/#primaryimage\"},\"thumbnailUrl\":\"https:\\\/\\\/cyclingpro.net\\\/spaziociclismo\\\/wp-content\\\/uploads\\\/2026\\\/09\\\/Screenshot-2026-09-01-alle-11.48.05.png\",\"datePublished\":\"2026-09-01T10:06:16+00:00\",\"breadcrumb\":{\"@id\":\"https:\\\/\\\/cyclingpro.net\\\/spaziociclismo\\\/continental\\\/memorial-pantani-2026-presentato-il-percorso-da-riccione-a-cesenatico-altimetria\\\/#breadcrumb\"},\"inLanguage\":\"it-IT\",\"potentialAction\":[{\"@type\":\"ReadAction\",\"target\":[\"https:\\\/\\\/cyclingpro.net\\\/spaziociclismo\\\/continental\\\/memorial-pantani-2026-presentato-il-percorso-da-riccione-a-cesenatico-altimetria\\\/\"]}]},{\"@type\":\"ImageObject\",\"inLanguage\":\"it-IT\",\"@id\":\"https:\\\/\\\/cyclingpro.net\\\/spaziociclismo\\\/continental\\\/memorial-pantani-2026-presentato-il-percorso-da-riccione-a-cesenatico-altimetria\\\/#primaryimage\",\"url\":\"https:\\\/\\\/cyclingpro.net\\\/spaziociclismo\\\/wp-content\\\/uploads\\\/2026\\\/09\\\/Screenshot-2026-09-01-alle-11.48.05.png\",\"contentUrl\":\"https:\\\/\\\/cyclingpro.net\\\/spaziociclismo\\\/wp-content\\\/uploads\\\/2026\\\/09\\\/Screenshot-2026-09-01-alle-11.48.05.png\",\"width\":2088,\"height\":1174},{\"@type\":\"BreadcrumbList\",\"@id\":\"https:\\\/\\\/cyclingpro.net\\\/spaziociclismo\\\/continental\\\/memorial-pantani-2026-presentato-il-percorso-da-riccione-a-cesenatico-altimetria\\\/#breadcrumb\",\"itemListElement\":[{\"@type\":\"ListItem\",\"position\":1,\"name\":\"Home\",\"item\":\"https:\\\/\\\/cyclingpro.net\\\/spaziociclismo\\\/\"},{\"@type\":\"ListItem\",\"position\":2,\"name\":\"Memorial Pantani 2026, presentato il percorso da Riccione a Cesenatico (altimetria)\"}]},{\"@type\":\"WebSite\",\"@id\":\"https:\\\/\\\/cyclingpro.net\\\/spaziociclismo\\\/#website\",\"url\":\"https:\\\/\\\/cyclingpro.net\\\/spaziociclismo\\\/\",\"name\":\"SpazioCiclismo\",\"description\":\"Tutto il ciclismo minuto per minuto\",\"publisher\":{\"@id\":\"https:\\\/\\\/cyclingpro.net\\\/spaziociclismo\\\/#organization\"},\"potentialAction\":[{\"@type\":\"SearchAction\",\"target\":{\"@type\":\"EntryPoint\",\"urlTemplate\":\"https:\\\/\\\/cyclingpro.net\\\/spaziociclismo\\\/?s={search_term_string}\"},\"query-input\":{\"@type\":\"PropertyValueSpecification\",\"valueRequired\":true,\"valueName\":\"search_term_string\"}}],\"inLanguage\":\"it-IT\"},{\"@type\":\"Organization\",\"@id\":\"https:\\\/\\\/cyclingpro.net\\\/spaziociclismo\\\/#organization\",\"name\":\"SpazioCiclismo\",\"url\":\"https:\\\/\\\/cyclingpro.net\\\/spaziociclismo\\\/\",\"logo\":{\"@type\":\"ImageObject\",\"inLanguage\":\"it-IT\",\"@id\":\"https:\\\/\\\/cyclingpro.net\\\/spaziociclismo\\\/#\\\/schema\\\/logo\\\/image\\\/\",\"url\":\"https:\\\/\\\/cyclingpro.net\\\/spaziociclismo\\\/wp-content\\\/uploads\\\/2017\\\/02\\\/SpazioCiclismo-Logo-Quadrato.png\",\"contentUrl\":\"https:\\\/\\\/cyclingpro.net\\\/spaziociclismo\\\/wp-content\\\/uploads\\\/2017\\\/02\\\/SpazioCiclismo-Logo-Quadrato.png\",\"width\":450,\"height\":450,\"caption\":\"SpazioCiclismo\"},\"image\":{\"@id\":\"https:\\\/\\\/cyclingpro.net\\\/spaziociclismo\\\/#\\\/schema\\\/logo\\\/image\\\/\"},\"sameAs\":[\"https:\\\/\\\/www.facebook.com\\\/SpazioCiclismo\\\/\",\"https:\\\/\\\/x.com\\\/spaziociclismo\",\"https:\\\/\\\/www.instagram.com\\\/spaziociclismo\\\/\"]},{\"@type\":\"Person\",\"@id\":\"https:\\\/\\\/cyclingpro.net\\\/spaziociclismo\\\/#\\\/schema\\\/person\\\/dba3a57e86bb6baefba5acbf905f8801\",\"name\":\"Luca Pellegrini\",\"image\":{\"@type\":\"ImageObject\",\"inLanguage\":\"it-IT\",\"@id\":\"https:\\\/\\\/secure.gravatar.com\\\/avatar\\\/e233a6b2a31aba774a86fc0121b1a3bd7f6e7d1a4d2162cde93df050675351b8?s=96&d=mm&r=g\",\"url\":\"https:\\\/\\\/secure.gravatar.com\\\/avatar\\\/e233a6b2a31aba774a86fc0121b1a3bd7f6e7d1a4d2162cde93df050675351b8?s=96&d=mm&r=g\",\"contentUrl\":\"https:\\\/\\\/secure.gravatar.com\\\/avatar\\\/e233a6b2a31aba774a86fc0121b1a3bd7f6e7d1a4d2162cde93df050675351b8?s=96&d=mm&r=g\",\"caption\":\"Luca Pellegrini\"},\"url\":\"https:\\\/\\\/cyclingpro.net\\\/spaziociclismo\\\/author\\\/lpellegrini\\\/\"}]}<\/script>\n<!-- \/ Yoast SEO plugin. -->","yoast_head_json":{"title":"Memorial Pantani 2026, presentato il percorso da Riccione a Cesenatico (altimetria) - SpazioCiclismo","robots":{"index":"index","follow":"follow","max-snippet":"max-snippet:-1","max-image-preview":"max-image-preview:large","max-video-preview":"max-video-preview:-1"},"canonical":"https:\/\/cyclingpro.net\/spaziociclismo\/continental\/memorial-pantani-2026-presentato-il-percorso-da-riccione-a-cesenatico-altimetria\/","og_locale":"it_IT","og_type":"article","og_title":"Memorial Pantani 2026, presentato il percorso da Riccione a Cesenatico (altimetria) - SpazioCiclismo","og_description":"Presentato il percorso del #MemorialPantani","og_url":"https:\/\/cyclingpro.net\/spaziociclismo\/continental\/memorial-pantani-2026-presentato-il-percorso-da-riccione-a-cesenatico-altimetria\/","og_site_name":"SpazioCiclismo","article_publisher":"https:\/\/www.facebook.com\/SpazioCiclismo\/","article_published_time":"2026-09-01T10:06:16+00:00","og_image":[{"width":2088,"height":1174,"url":"https:\/\/cyclingpro.net\/spaziociclismo\/wp-content\/uploads\/2026\/09\/Screenshot-2026-09-01-alle-11.48.05.png","type":"image\/png"}],"author":"Luca Pellegrini","twitter_card":"summary_large_image","twitter_creator":"@spaziociclismo","twitter_site":"@spaziociclismo","twitter_misc":{"Scritto da":"Luca Pellegrini","Tempo di lettura stimato":"2 minuti"},"schema":{"@context":"https:\/\/schema.org","@graph":[{"@type":"Article","@id":"https:\/\/cyclingpro.net\/spaziociclismo\/continental\/memorial-pantani-2026-presentato-il-percorso-da-riccione-a-cesenatico-altimetria\/#article","isPartOf":{"@id":"https:\/\/cyclingpro.net\/spaziociclismo\/continental\/memorial-pantani-2026-presentato-il-percorso-da-riccione-a-cesenatico-altimetria\/"},"author":{"name":"Luca Pellegrini","@id":"https:\/\/cyclingpro.net\/spaziociclismo\/#\/schema\/person\/dba3a57e86bb6baefba5acbf905f8801"},"headline":"Memorial Pantani 2026, presentato il percorso da Riccione a Cesenatico (altimetria)","datePublished":"2026-09-01T10:06:16+00:00","mainEntityOfPage":{"@id":"https:\/\/cyclingpro.net\/spaziociclismo\/continental\/memorial-pantani-2026-presentato-il-percorso-da-riccione-a-cesenatico-altimetria\/"},"wordCount":263,"commentCount":0,"publisher":{"@id":"https:\/\/cyclingpro.net\/spaziociclismo\/#organization"},"image":{"@id":"https:\/\/cyclingpro.net\/spaziociclismo\/continental\/memorial-pantani-2026-presentato-il-percorso-da-riccione-a-cesenatico-altimetria\/#primaryimage"},"thumbnailUrl":"https:\/\/cyclingpro.net\/spaziociclismo\/wp-content\/uploads\/2026\/09\/Screenshot-2026-09-01-alle-11.48.05.png","keywords":["Memorial Pantani 2018"],"articleSection":["Continental"],"inLanguage":"it-IT","potentialAction":[{"@type":"CommentAction","name":"Comment","target":["https:\/\/cyclingpro.net\/spaziociclismo\/continental\/memorial-pantani-2026-presentato-il-percorso-da-riccione-a-cesenatico-altimetria\/#respond"]}]},{"@type":"WebPage","@id":"https:\/\/cyclingpro.net\/spaziociclismo\/continental\/memorial-pantani-2026-presentato-il-percorso-da-riccione-a-cesenatico-altimetria\/","url":"https:\/\/cyclingpro.net\/spaziociclismo\/continental\/memorial-pantani-2026-presentato-il-percorso-da-riccione-a-cesenatico-altimetria\/","name":"Memorial Pantani 2026, presentato il percorso da Riccione a Cesenatico (altimetria) - SpazioCiclismo","isPartOf":{"@id":"https:\/\/cyclingpro.net\/spaziociclismo\/#website"},"primaryImageOfPage":{"@id":"https:\/\/cyclingpro.net\/spaziociclismo\/continental\/memorial-pantani-2026-presentato-il-percorso-da-riccione-a-cesenatico-altimetria\/#primaryimage"},"image":{"@id":"https:\/\/cyclingpro.net\/spaziociclismo\/continental\/memorial-pantani-2026-presentato-il-percorso-da-riccione-a-cesenatico-altimetria\/#primaryimage"},"thumbnailUrl":"https:\/\/cyclingpro.net\/spaziociclismo\/wp-content\/uploads\/2026\/09\/Screenshot-2026-09-01-alle-11.48.05.png","datePublished":"2026-09-01T10:06:16+00:00","breadcrumb":{"@id":"https:\/\/cyclingpro.net\/spaziociclismo\/continental\/memorial-pantani-2026-presentato-il-percorso-da-riccione-a-cesenatico-altimetria\/#breadcrumb"},"inLanguage":"it-IT","potentialAction":[{"@type":"ReadAction","target":["https:\/\/cyclingpro.net\/spaziociclismo\/continental\/memorial-pantani-2026-presentato-il-percorso-da-riccione-a-cesenatico-altimetria\/"]}]},{"@type":"ImageObject","inLanguage":"it-IT","@id":"https:\/\/cyclingpro.net\/spaziociclismo\/continental\/memorial-pantani-2026-presentato-il-percorso-da-riccione-a-cesenatico-altimetria\/#primaryimage","url":"https:\/\/cyclingpro.net\/spaziociclismo\/wp-content\/uploads\/2026\/09\/Screenshot-2026-09-01-alle-11.48.05.png","contentUrl":"https:\/\/cyclingpro.net\/spaziociclismo\/wp-content\/uploads\/2026\/09\/Screenshot-2026-09-01-alle-11.48.05.png","width":2088,"height":1174},{"@type":"BreadcrumbList","@id":"https:\/\/cyclingpro.net\/spaziociclismo\/continental\/memorial-pantani-2026-presentato-il-percorso-da-riccione-a-cesenatico-altimetria\/#breadcrumb","itemListElement":[{"@type":"ListItem","position":1,"name":"Home","item":"https:\/\/cyclingpro.net\/spaziociclismo\/"},{"@type":"ListItem","position":2,"name":"Memorial Pantani 2026, presentato il percorso da Riccione a Cesenatico (altimetria)"}]},{"@type":"WebSite","@id":"https:\/\/cyclingpro.net\/spaziociclismo\/#website","url":"https:\/\/cyclingpro.net\/spaziociclismo\/","name":"SpazioCiclismo","description":"Tutto il ciclismo minuto per minuto","publisher":{"@id":"https:\/\/cyclingpro.net\/spaziociclismo\/#organization"},"potentialAction":[{"@type":"SearchAction","target":{"@type":"EntryPoint","urlTemplate":"https:\/\/cyclingpro.net\/spaziociclismo\/?s={search_term_string}"},"query-input":{"@type":"PropertyValueSpecification","valueRequired":true,"valueName":"search_term_string"}}],"inLanguage":"it-IT"},{"@type":"Organization","@id":"https:\/\/cyclingpro.net\/spaziociclismo\/#organization","name":"SpazioCiclismo","url":"https:\/\/cyclingpro.net\/spaziociclismo\/","logo":{"@type":"ImageObject","inLanguage":"it-IT","@id":"https:\/\/cyclingpro.net\/spaziociclismo\/#\/schema\/logo\/image\/","url":"https:\/\/cyclingpro.net\/spaziociclismo\/wp-content\/uploads\/2017\/02\/SpazioCiclismo-Logo-Quadrato.png","contentUrl":"https:\/\/cyclingpro.net\/spaziociclismo\/wp-content\/uploads\/2017\/02\/SpazioCiclismo-Logo-Quadrato.png","width":450,"height":450,"caption":"SpazioCiclismo"},"image":{"@id":"https:\/\/cyclingpro.net\/spaziociclismo\/#\/schema\/logo\/image\/"},"sameAs":["https:\/\/www.facebook.com\/SpazioCiclismo\/","https:\/\/x.com\/spaziociclismo","https:\/\/www.instagram.com\/spaziociclismo\/"]},{"@type":"Person","@id":"https:\/\/cyclingpro.net\/spaziociclismo\/#\/schema\/person\/dba3a57e86bb6baefba5acbf905f8801","name":"Luca Pellegrini","image":{"@type":"ImageObject","inLanguage":"it-IT","@id":"https:\/\/secure.gravatar.com\/avatar\/e233a6b2a31aba774a86fc0121b1a3bd7f6e7d1a4d2162cde93df050675351b8?s=96&d=mm&r=g","url":"https:\/\/secure.gravatar.com\/avatar\/e233a6b2a31aba774a86fc0121b1a3bd7f6e7d1a4d2162cde93df050675351b8?s=96&d=mm&r=g","contentUrl":"https:\/\/secure.gravatar.com\/avatar\/e233a6b2a31aba774a86fc0121b1a3bd7f6e7d1a4d2162cde93df050675351b8?s=96&d=mm&r=g","caption":"Luca Pellegrini"},"url":"https:\/\/cyclingpro.net\/spaziociclismo\/author\/lpellegrini\/"}]}},"_links":{"self":[{"href":"https:\/\/cyclingpro.net\/spaziociclismo\/wp-json\/wp\/v2\/posts\/393126","targetHints":{"allow":["GET"]}}],"collection":[{"href":"https:\/\/cyclingpro.net\/spaziociclismo\/wp-json\/wp\/v2\/posts"}],"about":[{"href":"https:\/\/cyclingpro.net\/spaziociclismo\/wp-json\/wp\/v2\/types\/post"}],"author":[{"embeddable":true,"href":"https:\/\/cyclingpro.net\/spaziociclismo\/wp-json\/wp\/v2\/users\/4"}],"replies":[{"embeddable":true,"href":"https:\/\/cyclingpro.net\/spaziociclismo\/wp-json\/wp\/v2\/comments?post=393126"}],"version-history":[{"count":1,"href":"https:\/\/cyclingpro.net\/spaziociclismo\/wp-json\/wp\/v2\/posts\/393126\/revisions"}],"predecessor-version":[{"id":393129,"href":"https:\/\/cyclingpro.net\/spaziociclismo\/wp-json\/wp\/v2\/posts\/393126\/revisions\/393129"}],"wp:featuredmedia":[{"embeddable":true,"href":"https:\/\/cyclingpro.net\/spaziociclismo\/wp-json\/wp\/v2\/media\/393128"}],"wp:attachment":[{"href":"https:\/\/cyclingpro.net\/spaziociclismo\/wp-json\/wp\/v2\/media?parent=393126"}],"wp:term":[{"taxonomy":"category","embeddable":true,"href":"https:\/\/cyclingpro.net\/spaziociclismo\/wp-json\/wp\/v2\/categories?post=393126"},{"taxonomy":"post_tag","embeddable":true,"href":"https:\/\/cyclingpro.net\/spaziociclismo\/wp-json\/wp\/v2\/tags?post=393126"}],"curies":[{"name":"wp","href":"https:\/\/api.w.org\/{rel}","templated":true}]}}