{"id":393122,"date":"2026-09-01T11:22:09","date_gmt":"2026-09-01T09:22:09","guid":{"rendered":"https:\/\/cyclingpro.net\/spaziociclismo\/?p=393122"},"modified":"2026-09-01T11:22:09","modified_gmt":"2026-09-01T09:22:09","slug":"decathlon-cma-cgm-team-emilien-jacquelin-sara-al-via-del-tour-of-britain","status":"publish","type":"post","link":"https:\/\/cyclingpro.net\/spaziociclismo\/worldtour\/decathlon-cma-cgm-team-emilien-jacquelin-sara-al-via-del-tour-of-britain\/","title":{"rendered":"Decathlon CMA CGM Team, \u00c9milien Jacquelin sar\u00e0 al via del Tour of Britain"},"content":{"rendered":"<p>Prosegue l&#8217;avventura di <strong>\u00c8milien Jacquelin<\/strong> nel ciclismo che conta. Il plurimedagliato di Biathlon, correr\u00e0 il <strong>Tour of Britain 2026<\/strong> in un contesto di alto livello, <a href=\"https:\/\/cyclingpro.net\/spaziociclismo\/ciclomercato\/ciclomercato-2027-emilien-jacquelin-lascia-da-parte-il-biathlon-ed-e-in-cerca-di-un-contratto-pro-per-continuare-la-carriera-in-bicicletta\/\">confermando la volont\u00e0 di volersi testare nel mondo delle due ruote<\/a>. Stagista con la <strong>Decathlon CMA CGM Team<\/strong>, il 31enne far\u00e0 parte del gruppo che prender\u00e0 parte alla breve corsa a tappe del calendario Professional, la cui partenza \u00e8 fissata per domani, mercoled\u00ec 2 settembre. Un bel test che lo vedr\u00e0 far parte di un gruppo che punta a vincere in pi\u00f9 occasioni con <strong>Olav Kooij<\/strong>. Lo sprinter neerlandese, in buone condizioni, sar\u00e0 il capitano e potr\u00e0 contare su un treno di qualit\u00e0 con <strong>Cees Bol<\/strong>, <strong>Stan<\/strong> <strong>Dewulf<\/strong>, <strong>Robbe Ghys<\/strong> e <strong>Daan Hoole<\/strong>.<\/p>\n<p>Jacquelin ha esordito da professionista alla Polynormande, per poi partecipare al Tour du Limousin e alla prova in linea dei Giochi del Mediterraneo. Non sono arrivati risultati di spicco, tuttavia ha avuto modo di mettere chilometri nelle gambe. E chiss\u00e0 se il Tour of Britain non possa rappresentare il trampolino di lancio per lui che cerca un contratto per il 2027.<\/p>\n","protected":false},"excerpt":{"rendered":"<p>Emilien Jacquelin prosegue la sua avventura nel ciclismo professionistico e correr\u00e0 il #TourofBritain<\/p>\n","protected":false},"author":4,"featured_media":371610,"comment_status":"open","ping_status":"closed","sticky":false,"template":"","format":"standard","meta":{"footnotes":"","_members_access_role":[],"_members_access_error":""},"categories":[25],"tags":[6566,6975,7110],"class_list":["post-393122","post","type-post","status-publish","format-standard","has-post-thumbnail","hentry","category-worldtour","tag-decathlon-cma-cgm-team-2026","tag-emilien-jacquelin","tag-tour-of-britain-2026"],"yoast_head":"<!-- This site is optimized with the Yoast SEO plugin v28.3 - https:\/\/yoast.com\/product\/yoast-seo-wordpress\/ -->\n<title>Decathlon CMA CGM Team, \u00c9milien Jacquelin sar\u00e0 al via del Tour of Britain - SpazioCiclismo<\/title>\n<meta name=\"robots\" content=\"index, follow, max-snippet:-1, max-image-preview:large, max-video-preview:-1\" \/>\n<link rel=\"canonical\" href=\"https:\/\/cyclingpro.net\/spaziociclismo\/worldtour\/decathlon-cma-cgm-team-emilien-jacquelin-sara-al-via-del-tour-of-britain\/\" \/>\n<meta property=\"og:locale\" content=\"it_IT\" \/>\n<meta property=\"og:type\" content=\"article\" \/>\n<meta property=\"og:title\" content=\"Decathlon CMA CGM Team, \u00c9milien Jacquelin sar\u00e0 al via del Tour of Britain - SpazioCiclismo\" \/>\n<meta property=\"og:description\" content=\"Emilien Jacquelin prosegue la sua avventura nel ciclismo professionistico e correr\u00e0 il #TourofBritain\" \/>\n<meta property=\"og:url\" content=\"https:\/\/cyclingpro.net\/spaziociclismo\/worldtour\/decathlon-cma-cgm-team-emilien-jacquelin-sara-al-via-del-tour-of-britain\/\" \/>\n<meta property=\"og:site_name\" content=\"SpazioCiclismo\" \/>\n<meta property=\"article:publisher\" content=\"https:\/\/www.facebook.com\/SpazioCiclismo\/\" \/>\n<meta property=\"article:published_time\" content=\"2026-09-01T09:22:09+00:00\" \/>\n<meta property=\"og:image\" content=\"https:\/\/cyclingpro.net\/spaziociclismo\/wp-content\/uploads\/2026\/03\/jacquelin-decathlon.jpg\" \/>\n\t<meta property=\"og:image:width\" content=\"1200\" \/>\n\t<meta property=\"og:image:height\" content=\"764\" \/>\n\t<meta property=\"og:image:type\" content=\"image\/jpeg\" \/>\n<meta name=\"author\" content=\"Luca Pellegrini\" \/>\n<meta name=\"twitter:card\" content=\"summary_large_image\" \/>\n<meta name=\"twitter:creator\" content=\"@spaziociclismo\" \/>\n<meta name=\"twitter:site\" content=\"@spaziociclismo\" \/>\n<meta name=\"twitter:label1\" content=\"Scritto da\" \/>\n\t<meta name=\"twitter:data1\" content=\"Luca Pellegrini\" \/>\n\t<meta name=\"twitter:label2\" content=\"Tempo di lettura stimato\" \/>\n\t<meta name=\"twitter:data2\" content=\"2 minuti\" \/>\n<script type=\"application\/ld+json\" class=\"yoast-schema-graph\">{\"@context\":\"https:\\\/\\\/schema.org\",\"@graph\":[{\"@type\":\"Article\",\"@id\":\"https:\\\/\\\/cyclingpro.net\\\/spaziociclismo\\\/worldtour\\\/decathlon-cma-cgm-team-emilien-jacquelin-sara-al-via-del-tour-of-britain\\\/#article\",\"isPartOf\":{\"@id\":\"https:\\\/\\\/cyclingpro.net\\\/spaziociclismo\\\/worldtour\\\/decathlon-cma-cgm-team-emilien-jacquelin-sara-al-via-del-tour-of-britain\\\/\"},\"author\":{\"name\":\"Luca Pellegrini\",\"@id\":\"https:\\\/\\\/cyclingpro.net\\\/spaziociclismo\\\/#\\\/schema\\\/person\\\/dba3a57e86bb6baefba5acbf905f8801\"},\"headline\":\"Decathlon CMA CGM Team, \u00c9milien Jacquelin sar\u00e0 al via del Tour of Britain\",\"datePublished\":\"2026-09-01T09:22:09+00:00\",\"mainEntityOfPage\":{\"@id\":\"https:\\\/\\\/cyclingpro.net\\\/spaziociclismo\\\/worldtour\\\/decathlon-cma-cgm-team-emilien-jacquelin-sara-al-via-del-tour-of-britain\\\/\"},\"wordCount\":189,\"commentCount\":0,\"publisher\":{\"@id\":\"https:\\\/\\\/cyclingpro.net\\\/spaziociclismo\\\/#organization\"},\"image\":{\"@id\":\"https:\\\/\\\/cyclingpro.net\\\/spaziociclismo\\\/worldtour\\\/decathlon-cma-cgm-team-emilien-jacquelin-sara-al-via-del-tour-of-britain\\\/#primaryimage\"},\"thumbnailUrl\":\"https:\\\/\\\/cyclingpro.net\\\/spaziociclismo\\\/wp-content\\\/uploads\\\/2026\\\/03\\\/jacquelin-decathlon.jpg\",\"keywords\":[\"Decathlon CMA CGM Team 2026\",\"Emilien Jacquelin\",\"Tour of Britain 2026\"],\"articleSection\":[\"WorldTour\"],\"inLanguage\":\"it-IT\",\"potentialAction\":[{\"@type\":\"CommentAction\",\"name\":\"Comment\",\"target\":[\"https:\\\/\\\/cyclingpro.net\\\/spaziociclismo\\\/worldtour\\\/decathlon-cma-cgm-team-emilien-jacquelin-sara-al-via-del-tour-of-britain\\\/#respond\"]}]},{\"@type\":\"WebPage\",\"@id\":\"https:\\\/\\\/cyclingpro.net\\\/spaziociclismo\\\/worldtour\\\/decathlon-cma-cgm-team-emilien-jacquelin-sara-al-via-del-tour-of-britain\\\/\",\"url\":\"https:\\\/\\\/cyclingpro.net\\\/spaziociclismo\\\/worldtour\\\/decathlon-cma-cgm-team-emilien-jacquelin-sara-al-via-del-tour-of-britain\\\/\",\"name\":\"Decathlon CMA CGM Team, \u00c9milien Jacquelin sar\u00e0 al via del Tour of Britain - SpazioCiclismo\",\"isPartOf\":{\"@id\":\"https:\\\/\\\/cyclingpro.net\\\/spaziociclismo\\\/#website\"},\"primaryImageOfPage\":{\"@id\":\"https:\\\/\\\/cyclingpro.net\\\/spaziociclismo\\\/worldtour\\\/decathlon-cma-cgm-team-emilien-jacquelin-sara-al-via-del-tour-of-britain\\\/#primaryimage\"},\"image\":{\"@id\":\"https:\\\/\\\/cyclingpro.net\\\/spaziociclismo\\\/worldtour\\\/decathlon-cma-cgm-team-emilien-jacquelin-sara-al-via-del-tour-of-britain\\\/#primaryimage\"},\"thumbnailUrl\":\"https:\\\/\\\/cyclingpro.net\\\/spaziociclismo\\\/wp-content\\\/uploads\\\/2026\\\/03\\\/jacquelin-decathlon.jpg\",\"datePublished\":\"2026-09-01T09:22:09+00:00\",\"breadcrumb\":{\"@id\":\"https:\\\/\\\/cyclingpro.net\\\/spaziociclismo\\\/worldtour\\\/decathlon-cma-cgm-team-emilien-jacquelin-sara-al-via-del-tour-of-britain\\\/#breadcrumb\"},\"inLanguage\":\"it-IT\",\"potentialAction\":[{\"@type\":\"ReadAction\",\"target\":[\"https:\\\/\\\/cyclingpro.net\\\/spaziociclismo\\\/worldtour\\\/decathlon-cma-cgm-team-emilien-jacquelin-sara-al-via-del-tour-of-britain\\\/\"]}]},{\"@type\":\"ImageObject\",\"inLanguage\":\"it-IT\",\"@id\":\"https:\\\/\\\/cyclingpro.net\\\/spaziociclismo\\\/worldtour\\\/decathlon-cma-cgm-team-emilien-jacquelin-sara-al-via-del-tour-of-britain\\\/#primaryimage\",\"url\":\"https:\\\/\\\/cyclingpro.net\\\/spaziociclismo\\\/wp-content\\\/uploads\\\/2026\\\/03\\\/jacquelin-decathlon.jpg\",\"contentUrl\":\"https:\\\/\\\/cyclingpro.net\\\/spaziociclismo\\\/wp-content\\\/uploads\\\/2026\\\/03\\\/jacquelin-decathlon.jpg\",\"width\":1200,\"height\":764},{\"@type\":\"BreadcrumbList\",\"@id\":\"https:\\\/\\\/cyclingpro.net\\\/spaziociclismo\\\/worldtour\\\/decathlon-cma-cgm-team-emilien-jacquelin-sara-al-via-del-tour-of-britain\\\/#breadcrumb\",\"itemListElement\":[{\"@type\":\"ListItem\",\"position\":1,\"name\":\"Home\",\"item\":\"https:\\\/\\\/cyclingpro.net\\\/spaziociclismo\\\/\"},{\"@type\":\"ListItem\",\"position\":2,\"name\":\"Decathlon CMA CGM Team, \u00c9milien Jacquelin sar\u00e0 al via del Tour of Britain\"}]},{\"@type\":\"WebSite\",\"@id\":\"https:\\\/\\\/cyclingpro.net\\\/spaziociclismo\\\/#website\",\"url\":\"https:\\\/\\\/cyclingpro.net\\\/spaziociclismo\\\/\",\"name\":\"SpazioCiclismo\",\"description\":\"Tutto il ciclismo minuto per minuto\",\"publisher\":{\"@id\":\"https:\\\/\\\/cyclingpro.net\\\/spaziociclismo\\\/#organization\"},\"potentialAction\":[{\"@type\":\"SearchAction\",\"target\":{\"@type\":\"EntryPoint\",\"urlTemplate\":\"https:\\\/\\\/cyclingpro.net\\\/spaziociclismo\\\/?s={search_term_string}\"},\"query-input\":{\"@type\":\"PropertyValueSpecification\",\"valueRequired\":true,\"valueName\":\"search_term_string\"}}],\"inLanguage\":\"it-IT\"},{\"@type\":\"Organization\",\"@id\":\"https:\\\/\\\/cyclingpro.net\\\/spaziociclismo\\\/#organization\",\"name\":\"SpazioCiclismo\",\"url\":\"https:\\\/\\\/cyclingpro.net\\\/spaziociclismo\\\/\",\"logo\":{\"@type\":\"ImageObject\",\"inLanguage\":\"it-IT\",\"@id\":\"https:\\\/\\\/cyclingpro.net\\\/spaziociclismo\\\/#\\\/schema\\\/logo\\\/image\\\/\",\"url\":\"https:\\\/\\\/cyclingpro.net\\\/spaziociclismo\\\/wp-content\\\/uploads\\\/2017\\\/02\\\/SpazioCiclismo-Logo-Quadrato.png\",\"contentUrl\":\"https:\\\/\\\/cyclingpro.net\\\/spaziociclismo\\\/wp-content\\\/uploads\\\/2017\\\/02\\\/SpazioCiclismo-Logo-Quadrato.png\",\"width\":450,\"height\":450,\"caption\":\"SpazioCiclismo\"},\"image\":{\"@id\":\"https:\\\/\\\/cyclingpro.net\\\/spaziociclismo\\\/#\\\/schema\\\/logo\\\/image\\\/\"},\"sameAs\":[\"https:\\\/\\\/www.facebook.com\\\/SpazioCiclismo\\\/\",\"https:\\\/\\\/x.com\\\/spaziociclismo\",\"https:\\\/\\\/www.instagram.com\\\/spaziociclismo\\\/\"]},{\"@type\":\"Person\",\"@id\":\"https:\\\/\\\/cyclingpro.net\\\/spaziociclismo\\\/#\\\/schema\\\/person\\\/dba3a57e86bb6baefba5acbf905f8801\",\"name\":\"Luca Pellegrini\",\"image\":{\"@type\":\"ImageObject\",\"inLanguage\":\"it-IT\",\"@id\":\"https:\\\/\\\/secure.gravatar.com\\\/avatar\\\/e233a6b2a31aba774a86fc0121b1a3bd7f6e7d1a4d2162cde93df050675351b8?s=96&d=mm&r=g\",\"url\":\"https:\\\/\\\/secure.gravatar.com\\\/avatar\\\/e233a6b2a31aba774a86fc0121b1a3bd7f6e7d1a4d2162cde93df050675351b8?s=96&d=mm&r=g\",\"contentUrl\":\"https:\\\/\\\/secure.gravatar.com\\\/avatar\\\/e233a6b2a31aba774a86fc0121b1a3bd7f6e7d1a4d2162cde93df050675351b8?s=96&d=mm&r=g\",\"caption\":\"Luca Pellegrini\"},\"url\":\"https:\\\/\\\/cyclingpro.net\\\/spaziociclismo\\\/author\\\/lpellegrini\\\/\"}]}<\/script>\n<!-- \/ Yoast SEO plugin. -->","yoast_head_json":{"title":"Decathlon CMA CGM Team, \u00c9milien Jacquelin sar\u00e0 al via del Tour of Britain - SpazioCiclismo","robots":{"index":"index","follow":"follow","max-snippet":"max-snippet:-1","max-image-preview":"max-image-preview:large","max-video-preview":"max-video-preview:-1"},"canonical":"https:\/\/cyclingpro.net\/spaziociclismo\/worldtour\/decathlon-cma-cgm-team-emilien-jacquelin-sara-al-via-del-tour-of-britain\/","og_locale":"it_IT","og_type":"article","og_title":"Decathlon CMA CGM Team, \u00c9milien Jacquelin sar\u00e0 al via del Tour of Britain - SpazioCiclismo","og_description":"Emilien Jacquelin prosegue la sua avventura nel ciclismo professionistico e correr\u00e0 il #TourofBritain","og_url":"https:\/\/cyclingpro.net\/spaziociclismo\/worldtour\/decathlon-cma-cgm-team-emilien-jacquelin-sara-al-via-del-tour-of-britain\/","og_site_name":"SpazioCiclismo","article_publisher":"https:\/\/www.facebook.com\/SpazioCiclismo\/","article_published_time":"2026-09-01T09:22:09+00:00","og_image":[{"width":1200,"height":764,"url":"https:\/\/cyclingpro.net\/spaziociclismo\/wp-content\/uploads\/2026\/03\/jacquelin-decathlon.jpg","type":"image\/jpeg"}],"author":"Luca Pellegrini","twitter_card":"summary_large_image","twitter_creator":"@spaziociclismo","twitter_site":"@spaziociclismo","twitter_misc":{"Scritto da":"Luca Pellegrini","Tempo di lettura stimato":"2 minuti"},"schema":{"@context":"https:\/\/schema.org","@graph":[{"@type":"Article","@id":"https:\/\/cyclingpro.net\/spaziociclismo\/worldtour\/decathlon-cma-cgm-team-emilien-jacquelin-sara-al-via-del-tour-of-britain\/#article","isPartOf":{"@id":"https:\/\/cyclingpro.net\/spaziociclismo\/worldtour\/decathlon-cma-cgm-team-emilien-jacquelin-sara-al-via-del-tour-of-britain\/"},"author":{"name":"Luca Pellegrini","@id":"https:\/\/cyclingpro.net\/spaziociclismo\/#\/schema\/person\/dba3a57e86bb6baefba5acbf905f8801"},"headline":"Decathlon CMA CGM Team, \u00c9milien Jacquelin sar\u00e0 al via del Tour of Britain","datePublished":"2026-09-01T09:22:09+00:00","mainEntityOfPage":{"@id":"https:\/\/cyclingpro.net\/spaziociclismo\/worldtour\/decathlon-cma-cgm-team-emilien-jacquelin-sara-al-via-del-tour-of-britain\/"},"wordCount":189,"commentCount":0,"publisher":{"@id":"https:\/\/cyclingpro.net\/spaziociclismo\/#organization"},"image":{"@id":"https:\/\/cyclingpro.net\/spaziociclismo\/worldtour\/decathlon-cma-cgm-team-emilien-jacquelin-sara-al-via-del-tour-of-britain\/#primaryimage"},"thumbnailUrl":"https:\/\/cyclingpro.net\/spaziociclismo\/wp-content\/uploads\/2026\/03\/jacquelin-decathlon.jpg","keywords":["Decathlon CMA CGM Team 2026","Emilien Jacquelin","Tour of Britain 2026"],"articleSection":["WorldTour"],"inLanguage":"it-IT","potentialAction":[{"@type":"CommentAction","name":"Comment","target":["https:\/\/cyclingpro.net\/spaziociclismo\/worldtour\/decathlon-cma-cgm-team-emilien-jacquelin-sara-al-via-del-tour-of-britain\/#respond"]}]},{"@type":"WebPage","@id":"https:\/\/cyclingpro.net\/spaziociclismo\/worldtour\/decathlon-cma-cgm-team-emilien-jacquelin-sara-al-via-del-tour-of-britain\/","url":"https:\/\/cyclingpro.net\/spaziociclismo\/worldtour\/decathlon-cma-cgm-team-emilien-jacquelin-sara-al-via-del-tour-of-britain\/","name":"Decathlon CMA CGM Team, \u00c9milien Jacquelin sar\u00e0 al via del Tour of Britain - SpazioCiclismo","isPartOf":{"@id":"https:\/\/cyclingpro.net\/spaziociclismo\/#website"},"primaryImageOfPage":{"@id":"https:\/\/cyclingpro.net\/spaziociclismo\/worldtour\/decathlon-cma-cgm-team-emilien-jacquelin-sara-al-via-del-tour-of-britain\/#primaryimage"},"image":{"@id":"https:\/\/cyclingpro.net\/spaziociclismo\/worldtour\/decathlon-cma-cgm-team-emilien-jacquelin-sara-al-via-del-tour-of-britain\/#primaryimage"},"thumbnailUrl":"https:\/\/cyclingpro.net\/spaziociclismo\/wp-content\/uploads\/2026\/03\/jacquelin-decathlon.jpg","datePublished":"2026-09-01T09:22:09+00:00","breadcrumb":{"@id":"https:\/\/cyclingpro.net\/spaziociclismo\/worldtour\/decathlon-cma-cgm-team-emilien-jacquelin-sara-al-via-del-tour-of-britain\/#breadcrumb"},"inLanguage":"it-IT","potentialAction":[{"@type":"ReadAction","target":["https:\/\/cyclingpro.net\/spaziociclismo\/worldtour\/decathlon-cma-cgm-team-emilien-jacquelin-sara-al-via-del-tour-of-britain\/"]}]},{"@type":"ImageObject","inLanguage":"it-IT","@id":"https:\/\/cyclingpro.net\/spaziociclismo\/worldtour\/decathlon-cma-cgm-team-emilien-jacquelin-sara-al-via-del-tour-of-britain\/#primaryimage","url":"https:\/\/cyclingpro.net\/spaziociclismo\/wp-content\/uploads\/2026\/03\/jacquelin-decathlon.jpg","contentUrl":"https:\/\/cyclingpro.net\/spaziociclismo\/wp-content\/uploads\/2026\/03\/jacquelin-decathlon.jpg","width":1200,"height":764},{"@type":"BreadcrumbList","@id":"https:\/\/cyclingpro.net\/spaziociclismo\/worldtour\/decathlon-cma-cgm-team-emilien-jacquelin-sara-al-via-del-tour-of-britain\/#breadcrumb","itemListElement":[{"@type":"ListItem","position":1,"name":"Home","item":"https:\/\/cyclingpro.net\/spaziociclismo\/"},{"@type":"ListItem","position":2,"name":"Decathlon CMA CGM Team, \u00c9milien Jacquelin sar\u00e0 al via del Tour of Britain"}]},{"@type":"WebSite","@id":"https:\/\/cyclingpro.net\/spaziociclismo\/#website","url":"https:\/\/cyclingpro.net\/spaziociclismo\/","name":"SpazioCiclismo","description":"Tutto il ciclismo minuto per minuto","publisher":{"@id":"https:\/\/cyclingpro.net\/spaziociclismo\/#organization"},"potentialAction":[{"@type":"SearchAction","target":{"@type":"EntryPoint","urlTemplate":"https:\/\/cyclingpro.net\/spaziociclismo\/?s={search_term_string}"},"query-input":{"@type":"PropertyValueSpecification","valueRequired":true,"valueName":"search_term_string"}}],"inLanguage":"it-IT"},{"@type":"Organization","@id":"https:\/\/cyclingpro.net\/spaziociclismo\/#organization","name":"SpazioCiclismo","url":"https:\/\/cyclingpro.net\/spaziociclismo\/","logo":{"@type":"ImageObject","inLanguage":"it-IT","@id":"https:\/\/cyclingpro.net\/spaziociclismo\/#\/schema\/logo\/image\/","url":"https:\/\/cyclingpro.net\/spaziociclismo\/wp-content\/uploads\/2017\/02\/SpazioCiclismo-Logo-Quadrato.png","contentUrl":"https:\/\/cyclingpro.net\/spaziociclismo\/wp-content\/uploads\/2017\/02\/SpazioCiclismo-Logo-Quadrato.png","width":450,"height":450,"caption":"SpazioCiclismo"},"image":{"@id":"https:\/\/cyclingpro.net\/spaziociclismo\/#\/schema\/logo\/image\/"},"sameAs":["https:\/\/www.facebook.com\/SpazioCiclismo\/","https:\/\/x.com\/spaziociclismo","https:\/\/www.instagram.com\/spaziociclismo\/"]},{"@type":"Person","@id":"https:\/\/cyclingpro.net\/spaziociclismo\/#\/schema\/person\/dba3a57e86bb6baefba5acbf905f8801","name":"Luca Pellegrini","image":{"@type":"ImageObject","inLanguage":"it-IT","@id":"https:\/\/secure.gravatar.com\/avatar\/e233a6b2a31aba774a86fc0121b1a3bd7f6e7d1a4d2162cde93df050675351b8?s=96&d=mm&r=g","url":"https:\/\/secure.gravatar.com\/avatar\/e233a6b2a31aba774a86fc0121b1a3bd7f6e7d1a4d2162cde93df050675351b8?s=96&d=mm&r=g","contentUrl":"https:\/\/secure.gravatar.com\/avatar\/e233a6b2a31aba774a86fc0121b1a3bd7f6e7d1a4d2162cde93df050675351b8?s=96&d=mm&r=g","caption":"Luca Pellegrini"},"url":"https:\/\/cyclingpro.net\/spaziociclismo\/author\/lpellegrini\/"}]}},"_links":{"self":[{"href":"https:\/\/cyclingpro.net\/spaziociclismo\/wp-json\/wp\/v2\/posts\/393122","targetHints":{"allow":["GET"]}}],"collection":[{"href":"https:\/\/cyclingpro.net\/spaziociclismo\/wp-json\/wp\/v2\/posts"}],"about":[{"href":"https:\/\/cyclingpro.net\/spaziociclismo\/wp-json\/wp\/v2\/types\/post"}],"author":[{"embeddable":true,"href":"https:\/\/cyclingpro.net\/spaziociclismo\/wp-json\/wp\/v2\/users\/4"}],"replies":[{"embeddable":true,"href":"https:\/\/cyclingpro.net\/spaziociclismo\/wp-json\/wp\/v2\/comments?post=393122"}],"version-history":[{"count":1,"href":"https:\/\/cyclingpro.net\/spaziociclismo\/wp-json\/wp\/v2\/posts\/393122\/revisions"}],"predecessor-version":[{"id":393123,"href":"https:\/\/cyclingpro.net\/spaziociclismo\/wp-json\/wp\/v2\/posts\/393122\/revisions\/393123"}],"wp:featuredmedia":[{"embeddable":true,"href":"https:\/\/cyclingpro.net\/spaziociclismo\/wp-json\/wp\/v2\/media\/371610"}],"wp:attachment":[{"href":"https:\/\/cyclingpro.net\/spaziociclismo\/wp-json\/wp\/v2\/media?parent=393122"}],"wp:term":[{"taxonomy":"category","embeddable":true,"href":"https:\/\/cyclingpro.net\/spaziociclismo\/wp-json\/wp\/v2\/categories?post=393122"},{"taxonomy":"post_tag","embeddable":true,"href":"https:\/\/cyclingpro.net\/spaziociclismo\/wp-json\/wp\/v2\/tags?post=393122"}],"curies":[{"name":"wp","href":"https:\/\/api.w.org\/{rel}","templated":true}]}}